    {"id":17350,"date":"2019-07-05T22:18:53","date_gmt":"2019-07-06T01:18:53","guid":{"rendered":"https:\/\/gersonguelmann.com.br\/blog\/?p=17350"},"modified":"2019-07-05T22:18:53","modified_gmt":"2019-07-06T01:18:53","slug":"e-se-moro-e-dallagnol-tivessem-conversado-assim","status":"publish","type":"post","link":"https:\/\/gersonguelmann.com.br\/blog\/e-se-moro-e-dallagnol-tivessem-conversado-assim\/","title":{"rendered":"E Se Moro e Dallagnol Tivessem Conversado Assim?"},"content":{"rendered":"<div dir=\"auto\"><span style=\"color: #000000; font-family: georgia, palatino, serif; font-size: 18pt;\">Desde ontem est\u00e1 circulando um texto muito engra\u00e7ado, mostrando como seria o di\u00e1logo entre o ex-Juiz Federal Sergio Moro e o Procurador Deltan Dallagnol se eles conversassem entre si usando o linguajar t\u00edpico dos paranaenses.<\/span><\/div>\n<div dir=\"auto\"><\/div>\n<div dir=\"auto\"><span style=\"color: #000000; font-family: georgia, palatino, serif; font-size: 18pt;\">O texto diz o seguinte:<\/span><\/div>\n<div dir=\"auto\"><\/div>\n<div dir=\"auto\"><span style=\"color: #000000; font-size: 18pt;\">Se Moro e Dallagnol tivessem conversado em g\u00edria paranaense, Greenwald, que \u00e9 gringo,\u00a0 n\u00e3o teria conseguido interpretar nada, e ficaria tudo de boa:<\/span><\/div>\n<div dir=\"auto\">\n<div dir=\"auto\"><\/div>\n<div dir=\"auto\"><span style=\"color: #000000; font-size: 18pt;\">Dallagnol: Bom dia pi\u00e1 pan\u00e7udo.<\/span><\/div>\n<div dir=\"auto\"><span style=\"color: #000000; font-size: 18pt;\">Moro: Bom dia seu lazarento.<\/span><\/div>\n<div dir=\"auto\"><span style=\"color: #000000; font-size: 18pt;\">Dallagnol: Temos que trelar as prosas para os jaguaras verem o sol nascer quadrado.<\/span><\/div>\n<div dir=\"auto\"><span style=\"color: #000000; font-size: 18pt;\">Moro: Mas s\u00f3 se for no galeto.<\/span><\/div>\n<div dir=\"auto\"><span style=\"color: #000000; font-size: 18pt;\">Dallagnol: Ser\u00e1 que conseguimos para hoje?<\/span><\/div>\n<div dir=\"auto\"><span style=\"color: #000000; font-size: 18pt;\">Moro: \u00c9 capaz.<\/span><\/div>\n<div dir=\"auto\"><span style=\"color: #000000; font-size: 18pt;\">Dallagnol: Mas os tongo\u00a0 do MBL v\u00e3o amolar.<\/span><\/div>\n<div dir=\"auto\"><span style=\"color: #000000; font-size: 18pt;\">Moro: Capaz!<\/span><\/div>\n<div dir=\"auto\"><span style=\"color: #000000; font-size: 18pt;\">Dallagnol: E a PGR vai rati\u00e1.<\/span><\/div>\n<div dir=\"auto\"><span style=\"color: #000000; font-size: 18pt;\">Moro: Capaz, pi\u00e1?!?<\/span><\/div>\n<div dir=\"auto\"><span style=\"color: #000000; font-size: 18pt;\">Dallagnol: E o STF vai virar no djanho.<\/span><\/div>\n<div dir=\"auto\"><span style=\"color: #000000; font-size: 18pt;\">Moro: Capaz?! Tudo pi\u00e1 de pr\u00e9dio!<\/span><\/div>\n<div dir=\"auto\"><span style=\"color: #000000; font-size: 18pt;\">Dallagnol: Vamos fazer a tilangada posar sem japona na friaca do xadrez.<\/span><\/div>\n<div dir=\"auto\"><span style=\"color: #000000; font-size: 18pt;\">Moro: V\u00e3o se esgualepar comendo vina de lata e levando cama\u00e7ada de pau nas paleta.<\/span><\/div>\n<div dir=\"auto\"><span style=\"color: #000000; font-size: 18pt;\">Dallagnol: Fica assim ent\u00e3o, pi\u00e1 pan\u00e7udo.<\/span><\/div>\n<div dir=\"auto\"><span style=\"color: #000000; font-size: 18pt;\">Moro: Pi\u00e1 pan\u00e7udo, teu fiote!<\/span><\/div>\n<\/div>\n<div dir=\"auto\"><\/div>\n<div dir=\"auto\"><span style=\"color: #000000; font-family: georgia, palatino, serif; font-size: 18pt;\">N\u00e3o entendeu alguma coisa? Comente e tentarei ajudar!<\/span><\/div>\n<div dir=\"auto\"><\/div>\n<div dir=\"auto\" style=\"text-align: center;\"><img data-recalc-dims=\"1\" fetchpriority=\"high\" decoding=\"async\" data-attachment-id=\"17352\" data-permalink=\"https:\/\/gersonguelmann.com.br\/blog\/e-se-moro-e-dallagnol-tivessem-conversado-assim\/deltan-dallagnol-sergio-moro-1\/\" data-orig-file=\"https:\/\/i0.wp.com\/gersonguelmann.com.br\/blog\/wp-content\/uploads\/2019\/07\/deltan-dallagnol-sergio-moro-1.jpg?fit=3000%2C2000&amp;ssl=1\" data-orig-size=\"3000,2000\" data-comments-opened=\"1\" data-image-meta=\"{&quot;aperture&quot;:&quot;0&quot;,&quot;credit&quot;:&quot;&quot;,&quot;camera&quot;:&quot;&quot;,&quot;caption&quot;:&quot;&quot;,&quot;created_timestamp&quot;:&quot;0&quot;,&quot;copyright&quot;:&quot;&quot;,&quot;focal_length&quot;:&quot;0&quot;,&quot;iso&quot;:&quot;0&quot;,&quot;shutter_speed&quot;:&quot;0&quot;,&quot;title&quot;:&quot;&quot;,&quot;orientation&quot;:&quot;1&quot;}\" data-image-title=\"deltan-dallagnol-sergio-moro-1\" data-image-description=\"\" data-image-caption=\"\" data-medium-file=\"https:\/\/i0.wp.com\/gersonguelmann.com.br\/blog\/wp-content\/uploads\/2019\/07\/deltan-dallagnol-sergio-moro-1.jpg?fit=300%2C200&amp;ssl=1\" data-large-file=\"https:\/\/i0.wp.com\/gersonguelmann.com.br\/blog\/wp-content\/uploads\/2019\/07\/deltan-dallagnol-sergio-moro-1.jpg?fit=640%2C427&amp;ssl=1\" class=\"alignnone size-medium wp-image-17352\" src=\"https:\/\/i0.wp.com\/gersonguelmann.com.br\/blog\/wp-content\/uploads\/2019\/07\/deltan-dallagnol-sergio-moro-1.jpg?resize=300%2C200&#038;ssl=1\" alt=\"\" width=\"300\" height=\"200\" srcset=\"https:\/\/i0.wp.com\/gersonguelmann.com.br\/blog\/wp-content\/uploads\/2019\/07\/deltan-dallagnol-sergio-moro-1.jpg?resize=300%2C200&amp;ssl=1 300w, https:\/\/i0.wp.com\/gersonguelmann.com.br\/blog\/wp-content\/uploads\/2019\/07\/deltan-dallagnol-sergio-moro-1.jpg?resize=768%2C512&amp;ssl=1 768w, https:\/\/i0.wp.com\/gersonguelmann.com.br\/blog\/wp-content\/uploads\/2019\/07\/deltan-dallagnol-sergio-moro-1.jpg?resize=1024%2C683&amp;ssl=1 1024w, https:\/\/i0.wp.com\/gersonguelmann.com.br\/blog\/wp-content\/uploads\/2019\/07\/deltan-dallagnol-sergio-moro-1.jpg?resize=750%2C500&amp;ssl=1 750w, https:\/\/i0.wp.com\/gersonguelmann.com.br\/blog\/wp-content\/uploads\/2019\/07\/deltan-dallagnol-sergio-moro-1.jpg?w=1280&amp;ssl=1 1280w, https:\/\/i0.wp.com\/gersonguelmann.com.br\/blog\/wp-content\/uploads\/2019\/07\/deltan-dallagnol-sergio-moro-1.jpg?w=1920&amp;ssl=1 1920w\" sizes=\"(max-width: 300px) 100vw, 300px\" \/><\/div>\n<div dir=\"auto\"><\/div>\n<div dir=\"auto\" style=\"text-align: center;\"><\/div>\n","protected":false},"excerpt":{"rendered":"<p>Desde ontem est\u00e1 circulando um texto muito engra\u00e7ado, mostrando como seria o di\u00e1logo entre o ex-Juiz Federal Sergio Moro e o Procurador Deltan Dallagnol se eles conversassem entre si usando o linguajar t\u00edpico dos paranaenses. O texto diz o seguinte: Se Moro e Dallagnol tivessem conversado em g\u00edria paranaense, Greenwald, que \u00e9 gringo,\u00a0 n\u00e3o teria [&hellip;]<\/p>\n","protected":false},"author":5,"featured_media":17352,"comment_status":"open","ping_status":"open","sticky":false,"template":"","format":"standard","meta":{"_acf_changed":false,"jetpack_post_was_ever_published":false,"_jetpack_newsletter_access":"","_jetpack_dont_email_post_to_subs":false,"_jetpack_newsletter_tier_id":0,"_jetpack_memberships_contains_paywalled_content":false,"_jetpack_memberships_contains_paid_content":false,"footnotes":"","jetpack_publicize_message":"","jetpack_publicize_feature_enabled":true,"jetpack_social_post_already_shared":true,"jetpack_social_options":{"image_generator_settings":{"template":"highway","default_image_id":0,"font":"","enabled":false},"version":2}},"categories":[1],"tags":[],"class_list":["post-17350","post","type-post","status-publish","format-standard","has-post-thumbnail","hentry","category-sem-categoria"],"acf":[],"yoast_head":"<!-- This site is optimized with the Yoast SEO plugin v27.3 - https:\/\/yoast.com\/product\/yoast-seo-wordpress\/ -->\n<title>E Se Moro e Dallagnol Tivessem Conversado Assim? | Blog do Guelmann<\/title>\n<meta name=\"robots\" content=\"index, follow, max-snippet:-1, max-image-preview:large, max-video-preview:-1\" \/>\n<link rel=\"canonical\" href=\"https:\/\/gersonguelmann.com.br\/blog\/e-se-moro-e-dallagnol-tivessem-conversado-assim\/\" \/>\n<meta property=\"og:locale\" content=\"pt_BR\" \/>\n<meta property=\"og:type\" content=\"article\" \/>\n<meta property=\"og:title\" content=\"E Se Moro e Dallagnol Tivessem Conversado Assim? | Blog do Guelmann\" \/>\n<meta property=\"og:description\" content=\"Desde ontem est\u00e1 circulando um texto muito engra\u00e7ado, mostrando como seria o di\u00e1logo entre o ex-Juiz Federal Sergio Moro e o Procurador Deltan Dallagnol se eles conversassem entre si usando o linguajar t\u00edpico dos paranaenses. O texto diz o seguinte: Se Moro e Dallagnol tivessem conversado em g\u00edria paranaense, Greenwald, que \u00e9 gringo,\u00a0 n\u00e3o teria [&hellip;]\" \/>\n<meta property=\"og:url\" content=\"https:\/\/gersonguelmann.com.br\/blog\/e-se-moro-e-dallagnol-tivessem-conversado-assim\/\" \/>\n<meta property=\"og:site_name\" content=\"Blog do Guelmann\" \/>\n<meta property=\"article:published_time\" content=\"2019-07-06T01:18:53+00:00\" \/>\n<meta property=\"og:image\" content=\"https:\/\/i0.wp.com\/gersonguelmann.com.br\/blog\/wp-content\/uploads\/2019\/07\/deltan-dallagnol-sergio-moro-1.jpg?fit=3000%2C2000&ssl=1\" \/>\n\t<meta property=\"og:image:width\" content=\"3000\" \/>\n\t<meta property=\"og:image:height\" content=\"2000\" \/>\n\t<meta property=\"og:image:type\" content=\"image\/jpeg\" \/>\n<meta name=\"author\" content=\"Gerson Guelmann\" \/>\n<meta name=\"twitter:card\" content=\"summary_large_image\" \/>\n<meta name=\"twitter:label1\" content=\"Escrito por\" \/>\n\t<meta name=\"twitter:data1\" content=\"Gerson Guelmann\" \/>\n\t<meta name=\"twitter:label2\" content=\"Est. tempo de leitura\" \/>\n\t<meta name=\"twitter:data2\" content=\"1 minuto\" \/>\n<script type=\"application\/ld+json\" class=\"yoast-schema-graph\">{\"@context\":\"https:\\\/\\\/schema.org\",\"@graph\":[{\"@type\":\"Article\",\"@id\":\"https:\\\/\\\/gersonguelmann.com.br\\\/blog\\\/e-se-moro-e-dallagnol-tivessem-conversado-assim\\\/#article\",\"isPartOf\":{\"@id\":\"https:\\\/\\\/gersonguelmann.com.br\\\/blog\\\/e-se-moro-e-dallagnol-tivessem-conversado-assim\\\/\"},\"author\":{\"name\":\"Gerson Guelmann\",\"@id\":\"https:\\\/\\\/gersonguelmann.com.br\\\/blog\\\/#\\\/schema\\\/person\\\/87e70e2a786888082f941a482c90569e\"},\"headline\":\"E Se Moro e Dallagnol Tivessem Conversado Assim?\",\"datePublished\":\"2019-07-06T01:18:53+00:00\",\"mainEntityOfPage\":{\"@id\":\"https:\\\/\\\/gersonguelmann.com.br\\\/blog\\\/e-se-moro-e-dallagnol-tivessem-conversado-assim\\\/\"},\"wordCount\":202,\"commentCount\":0,\"image\":{\"@id\":\"https:\\\/\\\/gersonguelmann.com.br\\\/blog\\\/e-se-moro-e-dallagnol-tivessem-conversado-assim\\\/#primaryimage\"},\"thumbnailUrl\":\"https:\\\/\\\/i0.wp.com\\\/gersonguelmann.com.br\\\/blog\\\/wp-content\\\/uploads\\\/2019\\\/07\\\/deltan-dallagnol-sergio-moro-1.jpg?fit=3000%2C2000&ssl=1\",\"inLanguage\":\"pt-BR\",\"potentialAction\":[{\"@type\":\"CommentAction\",\"name\":\"Comment\",\"target\":[\"https:\\\/\\\/gersonguelmann.com.br\\\/blog\\\/e-se-moro-e-dallagnol-tivessem-conversado-assim\\\/#respond\"]}]},{\"@type\":\"WebPage\",\"@id\":\"https:\\\/\\\/gersonguelmann.com.br\\\/blog\\\/e-se-moro-e-dallagnol-tivessem-conversado-assim\\\/\",\"url\":\"https:\\\/\\\/gersonguelmann.com.br\\\/blog\\\/e-se-moro-e-dallagnol-tivessem-conversado-assim\\\/\",\"name\":\"E Se Moro e Dallagnol Tivessem Conversado Assim? | Blog do Guelmann\",\"isPartOf\":{\"@id\":\"https:\\\/\\\/gersonguelmann.com.br\\\/blog\\\/#website\"},\"primaryImageOfPage\":{\"@id\":\"https:\\\/\\\/gersonguelmann.com.br\\\/blog\\\/e-se-moro-e-dallagnol-tivessem-conversado-assim\\\/#primaryimage\"},\"image\":{\"@id\":\"https:\\\/\\\/gersonguelmann.com.br\\\/blog\\\/e-se-moro-e-dallagnol-tivessem-conversado-assim\\\/#primaryimage\"},\"thumbnailUrl\":\"https:\\\/\\\/i0.wp.com\\\/gersonguelmann.com.br\\\/blog\\\/wp-content\\\/uploads\\\/2019\\\/07\\\/deltan-dallagnol-sergio-moro-1.jpg?fit=3000%2C2000&ssl=1\",\"datePublished\":\"2019-07-06T01:18:53+00:00\",\"author\":{\"@id\":\"https:\\\/\\\/gersonguelmann.com.br\\\/blog\\\/#\\\/schema\\\/person\\\/87e70e2a786888082f941a482c90569e\"},\"inLanguage\":\"pt-BR\",\"potentialAction\":[{\"@type\":\"ReadAction\",\"target\":[\"https:\\\/\\\/gersonguelmann.com.br\\\/blog\\\/e-se-moro-e-dallagnol-tivessem-conversado-assim\\\/\"]}]},{\"@type\":\"ImageObject\",\"inLanguage\":\"pt-BR\",\"@id\":\"https:\\\/\\\/gersonguelmann.com.br\\\/blog\\\/e-se-moro-e-dallagnol-tivessem-conversado-assim\\\/#primaryimage\",\"url\":\"https:\\\/\\\/i0.wp.com\\\/gersonguelmann.com.br\\\/blog\\\/wp-content\\\/uploads\\\/2019\\\/07\\\/deltan-dallagnol-sergio-moro-1.jpg?fit=3000%2C2000&ssl=1\",\"contentUrl\":\"https:\\\/\\\/i0.wp.com\\\/gersonguelmann.com.br\\\/blog\\\/wp-content\\\/uploads\\\/2019\\\/07\\\/deltan-dallagnol-sergio-moro-1.jpg?fit=3000%2C2000&ssl=1\",\"width\":3000,\"height\":2000},{\"@type\":\"WebSite\",\"@id\":\"https:\\\/\\\/gersonguelmann.com.br\\\/blog\\\/#website\",\"url\":\"https:\\\/\\\/gersonguelmann.com.br\\\/blog\\\/\",\"name\":\"Blog do Guelmann\",\"description\":\"Pitadas da sabedoria e do humor judaicos, assuntos do momento e um pouco das hist\u00f3rias que vivi e testemunhei.\",\"potentialAction\":[{\"@type\":\"SearchAction\",\"target\":{\"@type\":\"EntryPoint\",\"urlTemplate\":\"https:\\\/\\\/gersonguelmann.com.br\\\/blog\\\/?s={search_term_string}\"},\"query-input\":{\"@type\":\"PropertyValueSpecification\",\"valueRequired\":true,\"valueName\":\"search_term_string\"}}],\"inLanguage\":\"pt-BR\"},{\"@type\":\"Person\",\"@id\":\"https:\\\/\\\/gersonguelmann.com.br\\\/blog\\\/#\\\/schema\\\/person\\\/87e70e2a786888082f941a482c90569e\",\"name\":\"Gerson Guelmann\",\"image\":{\"@type\":\"ImageObject\",\"inLanguage\":\"pt-BR\",\"@id\":\"https:\\\/\\\/i0.wp.com\\\/gersonguelmann.com.br\\\/blog\\\/wp-content\\\/uploads\\\/2021\\\/08\\\/BLOG.jpeg?fit=96%2C96&ssl=1\",\"url\":\"https:\\\/\\\/i0.wp.com\\\/gersonguelmann.com.br\\\/blog\\\/wp-content\\\/uploads\\\/2021\\\/08\\\/BLOG.jpeg?fit=96%2C96&ssl=1\",\"contentUrl\":\"https:\\\/\\\/i0.wp.com\\\/gersonguelmann.com.br\\\/blog\\\/wp-content\\\/uploads\\\/2021\\\/08\\\/BLOG.jpeg?fit=96%2C96&ssl=1\",\"caption\":\"Gerson Guelmann\"},\"description\":\"Pitadas da sabedoria e do humor judaicos, assuntos do momento e um pouco das hist\u00f3rias que vivi e testemunhei.\"}]}<\/script>\n<!-- \/ Yoast SEO plugin. -->","yoast_head_json":{"title":"E Se Moro e Dallagnol Tivessem Conversado Assim? | Blog do Guelmann","robots":{"index":"index","follow":"follow","max-snippet":"max-snippet:-1","max-image-preview":"max-image-preview:large","max-video-preview":"max-video-preview:-1"},"canonical":"https:\/\/gersonguelmann.com.br\/blog\/e-se-moro-e-dallagnol-tivessem-conversado-assim\/","og_locale":"pt_BR","og_type":"article","og_title":"E Se Moro e Dallagnol Tivessem Conversado Assim? | Blog do Guelmann","og_description":"Desde ontem est\u00e1 circulando um texto muito engra\u00e7ado, mostrando como seria o di\u00e1logo entre o ex-Juiz Federal Sergio Moro e o Procurador Deltan Dallagnol se eles conversassem entre si usando o linguajar t\u00edpico dos paranaenses. O texto diz o seguinte: Se Moro e Dallagnol tivessem conversado em g\u00edria paranaense, Greenwald, que \u00e9 gringo,\u00a0 n\u00e3o teria [&hellip;]","og_url":"https:\/\/gersonguelmann.com.br\/blog\/e-se-moro-e-dallagnol-tivessem-conversado-assim\/","og_site_name":"Blog do Guelmann","article_published_time":"2019-07-06T01:18:53+00:00","og_image":[{"width":3000,"height":2000,"url":"https:\/\/i0.wp.com\/gersonguelmann.com.br\/blog\/wp-content\/uploads\/2019\/07\/deltan-dallagnol-sergio-moro-1.jpg?fit=3000%2C2000&ssl=1","type":"image\/jpeg"}],"author":"Gerson Guelmann","twitter_card":"summary_large_image","twitter_misc":{"Escrito por":"Gerson Guelmann","Est. tempo de leitura":"1 minuto"},"schema":{"@context":"https:\/\/schema.org","@graph":[{"@type":"Article","@id":"https:\/\/gersonguelmann.com.br\/blog\/e-se-moro-e-dallagnol-tivessem-conversado-assim\/#article","isPartOf":{"@id":"https:\/\/gersonguelmann.com.br\/blog\/e-se-moro-e-dallagnol-tivessem-conversado-assim\/"},"author":{"name":"Gerson Guelmann","@id":"https:\/\/gersonguelmann.com.br\/blog\/#\/schema\/person\/87e70e2a786888082f941a482c90569e"},"headline":"E Se Moro e Dallagnol Tivessem Conversado Assim?","datePublished":"2019-07-06T01:18:53+00:00","mainEntityOfPage":{"@id":"https:\/\/gersonguelmann.com.br\/blog\/e-se-moro-e-dallagnol-tivessem-conversado-assim\/"},"wordCount":202,"commentCount":0,"image":{"@id":"https:\/\/gersonguelmann.com.br\/blog\/e-se-moro-e-dallagnol-tivessem-conversado-assim\/#primaryimage"},"thumbnailUrl":"https:\/\/i0.wp.com\/gersonguelmann.com.br\/blog\/wp-content\/uploads\/2019\/07\/deltan-dallagnol-sergio-moro-1.jpg?fit=3000%2C2000&ssl=1","inLanguage":"pt-BR","potentialAction":[{"@type":"CommentAction","name":"Comment","target":["https:\/\/gersonguelmann.com.br\/blog\/e-se-moro-e-dallagnol-tivessem-conversado-assim\/#respond"]}]},{"@type":"WebPage","@id":"https:\/\/gersonguelmann.com.br\/blog\/e-se-moro-e-dallagnol-tivessem-conversado-assim\/","url":"https:\/\/gersonguelmann.com.br\/blog\/e-se-moro-e-dallagnol-tivessem-conversado-assim\/","name":"E Se Moro e Dallagnol Tivessem Conversado Assim? | Blog do Guelmann","isPartOf":{"@id":"https:\/\/gersonguelmann.com.br\/blog\/#website"},"primaryImageOfPage":{"@id":"https:\/\/gersonguelmann.com.br\/blog\/e-se-moro-e-dallagnol-tivessem-conversado-assim\/#primaryimage"},"image":{"@id":"https:\/\/gersonguelmann.com.br\/blog\/e-se-moro-e-dallagnol-tivessem-conversado-assim\/#primaryimage"},"thumbnailUrl":"https:\/\/i0.wp.com\/gersonguelmann.com.br\/blog\/wp-content\/uploads\/2019\/07\/deltan-dallagnol-sergio-moro-1.jpg?fit=3000%2C2000&ssl=1","datePublished":"2019-07-06T01:18:53+00:00","author":{"@id":"https:\/\/gersonguelmann.com.br\/blog\/#\/schema\/person\/87e70e2a786888082f941a482c90569e"},"inLanguage":"pt-BR","potentialAction":[{"@type":"ReadAction","target":["https:\/\/gersonguelmann.com.br\/blog\/e-se-moro-e-dallagnol-tivessem-conversado-assim\/"]}]},{"@type":"ImageObject","inLanguage":"pt-BR","@id":"https:\/\/gersonguelmann.com.br\/blog\/e-se-moro-e-dallagnol-tivessem-conversado-assim\/#primaryimage","url":"https:\/\/i0.wp.com\/gersonguelmann.com.br\/blog\/wp-content\/uploads\/2019\/07\/deltan-dallagnol-sergio-moro-1.jpg?fit=3000%2C2000&ssl=1","contentUrl":"https:\/\/i0.wp.com\/gersonguelmann.com.br\/blog\/wp-content\/uploads\/2019\/07\/deltan-dallagnol-sergio-moro-1.jpg?fit=3000%2C2000&ssl=1","width":3000,"height":2000},{"@type":"WebSite","@id":"https:\/\/gersonguelmann.com.br\/blog\/#website","url":"https:\/\/gersonguelmann.com.br\/blog\/","name":"Blog do Guelmann","description":"Pitadas da sabedoria e do humor judaicos, assuntos do momento e um pouco das hist\u00f3rias que vivi e testemunhei.","potentialAction":[{"@type":"SearchAction","target":{"@type":"EntryPoint","urlTemplate":"https:\/\/gersonguelmann.com.br\/blog\/?s={search_term_string}"},"query-input":{"@type":"PropertyValueSpecification","valueRequired":true,"valueName":"search_term_string"}}],"inLanguage":"pt-BR"},{"@type":"Person","@id":"https:\/\/gersonguelmann.com.br\/blog\/#\/schema\/person\/87e70e2a786888082f941a482c90569e","name":"Gerson Guelmann","image":{"@type":"ImageObject","inLanguage":"pt-BR","@id":"https:\/\/i0.wp.com\/gersonguelmann.com.br\/blog\/wp-content\/uploads\/2021\/08\/BLOG.jpeg?fit=96%2C96&ssl=1","url":"https:\/\/i0.wp.com\/gersonguelmann.com.br\/blog\/wp-content\/uploads\/2021\/08\/BLOG.jpeg?fit=96%2C96&ssl=1","contentUrl":"https:\/\/i0.wp.com\/gersonguelmann.com.br\/blog\/wp-content\/uploads\/2021\/08\/BLOG.jpeg?fit=96%2C96&ssl=1","caption":"Gerson Guelmann"},"description":"Pitadas da sabedoria e do humor judaicos, assuntos do momento e um pouco das hist\u00f3rias que vivi e testemunhei."}]}},"views":60,"jetpack_publicize_connections":[],"jetpack_featured_media_url":"https:\/\/i0.wp.com\/gersonguelmann.com.br\/blog\/wp-content\/uploads\/2019\/07\/deltan-dallagnol-sergio-moro-1.jpg?fit=3000%2C2000&ssl=1","jetpack_shortlink":"https:\/\/wp.me\/p96e7O-4vQ","jetpack-related-posts":[{"id":13973,"url":"https:\/\/gersonguelmann.com.br\/blog\/depois-de-pegar-no-pe-de-sergio-moro-folha-de-sao-paulo-recebe-resposta\/","url_meta":{"origin":17350,"position":0},"title":"Depois de Pegar no P\u00e9 de Sergio Moro, Folha de S\u00e3o Paulo Recebe Resposta","author":"Gerson Guelmann","date":"14 de junho de 2018","format":false,"excerpt":"Na segunda-feira passada, dia 11, a Folha de S\u00e3o Paulo publicou mat\u00e9ria com o t\u00edtulo \"Moro passa afastado em m\u00e9dia 2 dias por m\u00eas para viajar dentro e fora do pa\u00eds\". A extensa reportagem da jornalista\u00a0Ana Luiza\u00a0 Albuquerque \u00e9 em tom de cobran\u00e7a em raz\u00e3o das frequentes licen\u00e7as solicitadas pelo\u2026","rel":"","context":"Em &quot;Sem categoria&quot;","block_context":{"text":"Sem categoria","link":"https:\/\/gersonguelmann.com.br\/blog\/category\/sem-categoria\/"},"img":{"alt_text":"","src":"https:\/\/i0.wp.com\/gersonguelmann.com.br\/blog\/wp-content\/uploads\/2018\/06\/SM.jpg?resize=350%2C200&ssl=1","width":350,"height":200},"classes":[]},{"id":22298,"url":"https:\/\/gersonguelmann.com.br\/blog\/sergio-moro-pode-ser-a-3a-via\/","url_meta":{"origin":17350,"position":1},"title":"Sergio Moro Pode Ser a 3\u00aa Via?","author":"Gerson Guelmann","date":"19 de junho de 2021","format":false,"excerpt":"Compartilho mat\u00e9ria que a revista Veja publicou ontem e cujo conte\u00fado, sendo confirmado, pode alterar o quadro eleitoral de 2022, pelo menos no que diz respeito \u00e0 polariza\u00e7\u00e3o hoje existente: Pol\u00edtica Moro admite a apoiadores que pode disputar a Presid\u00eancia em 2022 O ex-juiz, no entanto, diz que a decis\u00e3o\u2026","rel":"","context":"Em &quot;Sem categoria&quot;","block_context":{"text":"Sem categoria","link":"https:\/\/gersonguelmann.com.br\/blog\/category\/sem-categoria\/"},"img":{"alt_text":"","src":"https:\/\/i0.wp.com\/gersonguelmann.com.br\/blog\/wp-content\/uploads\/2021\/06\/SM2-1.jpg?fit=750%2C500&ssl=1&resize=350%2C200","width":350,"height":200,"srcset":"https:\/\/i0.wp.com\/gersonguelmann.com.br\/blog\/wp-content\/uploads\/2021\/06\/SM2-1.jpg?fit=750%2C500&ssl=1&resize=350%2C200 1x, https:\/\/i0.wp.com\/gersonguelmann.com.br\/blog\/wp-content\/uploads\/2021\/06\/SM2-1.jpg?fit=750%2C500&ssl=1&resize=525%2C300 1.5x, https:\/\/i0.wp.com\/gersonguelmann.com.br\/blog\/wp-content\/uploads\/2021\/06\/SM2-1.jpg?fit=750%2C500&ssl=1&resize=700%2C400 2x"},"classes":[]},{"id":13869,"url":"https:\/\/gersonguelmann.com.br\/blog\/testemunha-de-lula-levou-um-pito-de-moro\/","url_meta":{"origin":17350,"position":2},"title":"Testemunha de Lula Levou Um Pito de Moro","author":"Gerson Guelmann","date":"11 de junho de 2018","format":false,"excerpt":"Foto: veja.abril.com.br Arrolado como testemunha de defesa de Lula, Fernando Morais, bi\u00f3grafo do ex-presidente, foi ouvido hoje pelo juiz federal Sergio Moro. A certa altura do depoimento o juiz interrompeu a fala do escritor por considerar que ele estava fazendo propaganda de Lula. Leia mat\u00e9ria publicada no G1 Paran\u00e1: 'O\u2026","rel":"","context":"Em &quot;Sem categoria&quot;","block_context":{"text":"Sem categoria","link":"https:\/\/gersonguelmann.com.br\/blog\/category\/sem-categoria\/"},"img":{"alt_text":"","src":"https:\/\/i0.wp.com\/gersonguelmann.com.br\/blog\/wp-content\/uploads\/2018\/06\/lula-fernando-morais-300x224.jpg?resize=350%2C200&ssl=1","width":350,"height":200},"classes":[]},{"id":17709,"url":"https:\/\/gersonguelmann.com.br\/blog\/veja-como-foi-a-invasao-do-celular-de-sergio-moro\/","url_meta":{"origin":17350,"position":3},"title":"Veja Como Foi a Invas\u00e3o do Celular de Sergio Moro","author":"Gerson Guelmann","date":"26 de julho de 2019","format":false,"excerpt":"Fonte: Cristiano Mariz\/VEJA O site TecMundo especializado em Tecnologia publicou ontem mat\u00e9ria revelando detalhes da opera\u00e7\u00e3o que permitiu o ataque ao celular do Ministro Sergio Moro: V\u00eddeo mostra como aconteceu ataque ao Telegram de Sergio Moro 25\/07\/2019 \u00e0s 16:42 - 1 min\u00a0de leitura A Pol\u00edcia Federal\u00a0prendeu na quarta-feira\u00a0(23) quatro suspeitos\u2026","rel":"","context":"Em &quot;Sem categoria&quot;","block_context":{"text":"Sem categoria","link":"https:\/\/gersonguelmann.com.br\/blog\/category\/sem-categoria\/"},"img":{"alt_text":"","src":"https:\/\/i0.wp.com\/gersonguelmann.com.br\/blog\/wp-content\/uploads\/2019\/07\/SM.jpg?fit=1120%2C420&ssl=1&resize=350%2C200","width":350,"height":200,"srcset":"https:\/\/i0.wp.com\/gersonguelmann.com.br\/blog\/wp-content\/uploads\/2019\/07\/SM.jpg?fit=1120%2C420&ssl=1&resize=350%2C200 1x, https:\/\/i0.wp.com\/gersonguelmann.com.br\/blog\/wp-content\/uploads\/2019\/07\/SM.jpg?fit=1120%2C420&ssl=1&resize=525%2C300 1.5x, https:\/\/i0.wp.com\/gersonguelmann.com.br\/blog\/wp-content\/uploads\/2019\/07\/SM.jpg?fit=1120%2C420&ssl=1&resize=700%2C400 2x, https:\/\/i0.wp.com\/gersonguelmann.com.br\/blog\/wp-content\/uploads\/2019\/07\/SM.jpg?fit=1120%2C420&ssl=1&resize=1050%2C600 3x"},"classes":[]},{"id":15250,"url":"https:\/\/gersonguelmann.com.br\/blog\/para-conhecer-gabriela-hardt-a-substituta-de-sergio-moro\/","url_meta":{"origin":17350,"position":4},"title":"Para Conhecer Gabriela Hardt, a Substituta de S\u00e9rgio Moro","author":"Gerson Guelmann","date":"22 de novembro de 2018","format":false,"excerpt":"Em janeiro de 2017, da mesma forma como j\u00e1 havia feito outras vezes, a Ju\u00edza Gabriela Hardt substituiu o colega S\u00e9rgio Moro em suas f\u00e9rias. Nessa ocasi\u00e3o a revista Piau\u00ed publicou mat\u00e9ria assinada pela jornalista Julia Duailibi, tra\u00e7ando um perfil da Ju\u00edza que recentemente ganhou notoriedade por conduzir o interrogat\u00f3rio\u2026","rel":"","context":"Em &quot;Sem categoria&quot;","block_context":{"text":"Sem categoria","link":"https:\/\/gersonguelmann.com.br\/blog\/category\/sem-categoria\/"},"img":{"alt_text":"","src":"https:\/\/i0.wp.com\/gersonguelmann.com.br\/blog\/wp-content\/uploads\/2018\/11\/Gabriela-Hardt-300x162.jpg?resize=350%2C200&ssl=1","width":350,"height":200},"classes":[]},{"id":14243,"url":"https:\/\/gersonguelmann.com.br\/blog\/sergio-moro-na-cnn-nao-ha-vergonha-na-aplicacao-da-lei\/","url_meta":{"origin":17350,"position":5},"title":"S\u00e9rgio Moro, na CNN: &#8216;N\u00e3o H\u00e1 Vergonha Na Aplica\u00e7\u00e3o Da Lei&#8217;","author":"Gerson Guelmann","date":"22 de junho de 2018","format":false,"excerpt":"Mat\u00e9ria publicada pelo jornal O Dia: BRASIL 'N\u00e3o h\u00e1 vergonha na aplica\u00e7\u00e3o da lei', diz Moro \u00e0 CNN sobre Lava Jato A emissora publicou uma mat\u00e9ria de mais de cinco minutos sobre a maior a\u00e7\u00e3o contra corrup\u00e7\u00e3o j\u00e1 deflagrada no Brasil Por ESTAD\u00c3O CONTE\u00daDO Publicado \u00e0s 18h09 de 22\/06\/2018\u00a0- Atualizado\u2026","rel":"","context":"Em &quot;Sem categoria&quot;","block_context":{"text":"Sem categoria","link":"https:\/\/gersonguelmann.com.br\/blog\/category\/sem-categoria\/"},"img":{"alt_text":"","src":"https:\/\/i0.wp.com\/gersonguelmann.com.br\/blog\/wp-content\/uploads\/2018\/06\/CNN-300x144.png?resize=350%2C200&ssl=1","width":350,"height":200},"classes":[]}],"jetpack_sharing_enabled":true,"post_mailing_queue_ids":[],"_links":{"self":[{"href":"https:\/\/gersonguelmann.com.br\/blog\/wp-json\/wp\/v2\/posts\/17350","targetHints":{"allow":["GET"]}}],"collection":[{"href":"https:\/\/gersonguelmann.com.br\/blog\/wp-json\/wp\/v2\/posts"}],"about":[{"href":"https:\/\/gersonguelmann.com.br\/blog\/wp-json\/wp\/v2\/types\/post"}],"author":[{"embeddable":true,"href":"https:\/\/gersonguelmann.com.br\/blog\/wp-json\/wp\/v2\/users\/5"}],"replies":[{"embeddable":true,"href":"https:\/\/gersonguelmann.com.br\/blog\/wp-json\/wp\/v2\/comments?post=17350"}],"version-history":[{"count":0,"href":"https:\/\/gersonguelmann.com.br\/blog\/wp-json\/wp\/v2\/posts\/17350\/revisions"}],"wp:featuredmedia":[{"embeddable":true,"href":"https:\/\/gersonguelmann.com.br\/blog\/wp-json\/wp\/v2\/media\/17352"}],"wp:attachment":[{"href":"https:\/\/gersonguelmann.com.br\/blog\/wp-json\/wp\/v2\/media?parent=17350"}],"wp:term":[{"taxonomy":"category","embeddable":true,"href":"https:\/\/gersonguelmann.com.br\/blog\/wp-json\/wp\/v2\/categories?post=17350"},{"taxonomy":"post_tag","embeddable":true,"href":"https:\/\/gersonguelmann.com.br\/blog\/wp-json\/wp\/v2\/tags?post=17350"}],"curies":[{"name":"wp","href":"https:\/\/api.w.org\/{rel}","templated":true}]}}