    {"id":17354,"date":"2019-07-06T17:59:57","date_gmt":"2019-07-06T20:59:57","guid":{"rendered":"https:\/\/gersonguelmann.com.br\/blog\/?p=17354"},"modified":"2019-07-06T18:06:45","modified_gmt":"2019-07-06T21:06:45","slug":"joao-gilberto-e-tom-jobim-festa-no-ceu","status":"publish","type":"post","link":"https:\/\/gersonguelmann.com.br\/blog\/joao-gilberto-e-tom-jobim-festa-no-ceu\/","title":{"rendered":"Jo\u00e3o Gilberto e Tom Jobim, Festa no C\u00e9u"},"content":{"rendered":"<p style=\"text-align: center;\"><img data-recalc-dims=\"1\" fetchpriority=\"high\" decoding=\"async\" data-attachment-id=\"17355\" data-permalink=\"https:\/\/gersonguelmann.com.br\/blog\/joao-gilberto-e-tom-jobim-festa-no-ceu\/jg-3\/\" data-orig-file=\"https:\/\/i0.wp.com\/gersonguelmann.com.br\/blog\/wp-content\/uploads\/2019\/07\/JG.jpg?fit=960%2C1280&amp;ssl=1\" data-orig-size=\"960,1280\" data-comments-opened=\"1\" data-image-meta=\"{&quot;aperture&quot;:&quot;0&quot;,&quot;credit&quot;:&quot;&quot;,&quot;camera&quot;:&quot;&quot;,&quot;caption&quot;:&quot;&quot;,&quot;created_timestamp&quot;:&quot;0&quot;,&quot;copyright&quot;:&quot;&quot;,&quot;focal_length&quot;:&quot;0&quot;,&quot;iso&quot;:&quot;0&quot;,&quot;shutter_speed&quot;:&quot;0&quot;,&quot;title&quot;:&quot;&quot;,&quot;orientation&quot;:&quot;0&quot;}\" data-image-title=\"JG\" data-image-description=\"\" data-image-caption=\"\" data-medium-file=\"https:\/\/i0.wp.com\/gersonguelmann.com.br\/blog\/wp-content\/uploads\/2019\/07\/JG.jpg?fit=225%2C300&amp;ssl=1\" data-large-file=\"https:\/\/i0.wp.com\/gersonguelmann.com.br\/blog\/wp-content\/uploads\/2019\/07\/JG.jpg?fit=640%2C853&amp;ssl=1\" class=\"alignnone size-medium wp-image-17355\" src=\"https:\/\/i0.wp.com\/gersonguelmann.com.br\/blog\/wp-content\/uploads\/2019\/07\/JG.jpg?resize=225%2C300&#038;ssl=1\" alt=\"\" width=\"225\" height=\"300\" srcset=\"https:\/\/i0.wp.com\/gersonguelmann.com.br\/blog\/wp-content\/uploads\/2019\/07\/JG.jpg?resize=225%2C300&amp;ssl=1 225w, https:\/\/i0.wp.com\/gersonguelmann.com.br\/blog\/wp-content\/uploads\/2019\/07\/JG.jpg?resize=768%2C1024&amp;ssl=1 768w, https:\/\/i0.wp.com\/gersonguelmann.com.br\/blog\/wp-content\/uploads\/2019\/07\/JG.jpg?w=960&amp;ssl=1 960w\" sizes=\"(max-width: 225px) 100vw, 225px\" \/><br \/>\n<span style=\"font-size: 10pt; color: #808080;\"><em><strong><span style=\"font-family: georgia, palatino, serif;\">Jo\u00e3o Gilberto Pereira de Oliveira<br \/>\nJuazeiro (BA), 10 de junho\u00a0de\u00a01931\u00a0&#8211;\u00a0Rio de Janeiro (RJ),\u00a06 de julho\u00a0de\u00a02019<\/span><\/strong><\/em><\/span><\/p>\n<p><span style=\"color: #000000; font-family: georgia, palatino, serif; font-size: 18pt;\">Hoje tem show no c\u00e9u.<\/span><\/p>\n<p><span style=\"color: #000000; font-family: georgia, palatino, serif; font-size: 18pt;\">No sarau que come\u00e7ar\u00e1 logo mais, o genial Jo\u00e3o Gilberto, que acaba de nos deixar, interpretar\u00e1 Chega de Saudade, tendo ao piano outra figura inesquec\u00edvel de nossa m\u00fasica, Tom Jobim.<\/span><\/p>\n<p><span style=\"color: #000000; font-family: georgia, palatino, serif; font-size: 18pt;\">Jo\u00e3o Gilberto Prado Pereira de Oliveira, cujos \u00faltimos anos de vida foram muito atribulados, descansou, enfim.<\/span><\/p>\n<p><span class=\"embed-youtube\" style=\"text-align:center; display: block;\"><iframe class=\"youtube-player\" width=\"640\" height=\"360\" src=\"https:\/\/www.youtube.com\/embed\/guMek3_D6ls?version=3&#038;rel=1&#038;showsearch=0&#038;showinfo=1&#038;iv_load_policy=1&#038;fs=1&#038;hl=pt-BR&#038;autohide=2&#038;wmode=transparent\" allowfullscreen=\"true\" style=\"border:0;\" sandbox=\"allow-scripts allow-same-origin allow-popups allow-presentation allow-popups-to-escape-sandbox\"><\/iframe><\/span><\/p>\n","protected":false},"excerpt":{"rendered":"<p>Jo\u00e3o Gilberto Pereira de Oliveira Juazeiro (BA), 10 de junho\u00a0de\u00a01931\u00a0&#8211;\u00a0Rio de Janeiro (RJ),\u00a06 de julho\u00a0de\u00a02019 Hoje tem show no c\u00e9u. No sarau que come\u00e7ar\u00e1 logo mais, o genial Jo\u00e3o Gilberto, que acaba de nos deixar, interpretar\u00e1 Chega de Saudade, tendo ao piano outra figura inesquec\u00edvel de nossa m\u00fasica, Tom Jobim. Jo\u00e3o Gilberto Prado Pereira de [&hellip;]<\/p>\n","protected":false},"author":5,"featured_media":17355,"comment_status":"open","ping_status":"open","sticky":false,"template":"","format":"standard","meta":{"_acf_changed":false,"jetpack_post_was_ever_published":false,"_jetpack_newsletter_access":"","_jetpack_dont_email_post_to_subs":false,"_jetpack_newsletter_tier_id":0,"_jetpack_memberships_contains_paywalled_content":false,"_jetpack_memberships_contains_paid_content":false,"footnotes":"","jetpack_publicize_message":"","jetpack_publicize_feature_enabled":true,"jetpack_social_post_already_shared":true,"jetpack_social_options":{"image_generator_settings":{"template":"highway","default_image_id":0,"font":"","enabled":false},"version":2}},"categories":[1],"tags":[],"class_list":["post-17354","post","type-post","status-publish","format-standard","has-post-thumbnail","hentry","category-sem-categoria"],"acf":[],"yoast_head":"<!-- This site is optimized with the Yoast SEO plugin v27.3 - https:\/\/yoast.com\/product\/yoast-seo-wordpress\/ -->\n<title>Jo\u00e3o Gilberto e Tom Jobim, Festa no C\u00e9u | Blog do Guelmann<\/title>\n<meta name=\"robots\" content=\"index, follow, max-snippet:-1, max-image-preview:large, max-video-preview:-1\" \/>\n<link rel=\"canonical\" href=\"https:\/\/gersonguelmann.com.br\/blog\/joao-gilberto-e-tom-jobim-festa-no-ceu\/\" \/>\n<meta property=\"og:locale\" content=\"pt_BR\" \/>\n<meta property=\"og:type\" content=\"article\" \/>\n<meta property=\"og:title\" content=\"Jo\u00e3o Gilberto e Tom Jobim, Festa no C\u00e9u | Blog do Guelmann\" \/>\n<meta property=\"og:description\" content=\"Jo\u00e3o Gilberto Pereira de Oliveira Juazeiro (BA), 10 de junho\u00a0de\u00a01931\u00a0&#8211;\u00a0Rio de Janeiro (RJ),\u00a06 de julho\u00a0de\u00a02019 Hoje tem show no c\u00e9u. No sarau que come\u00e7ar\u00e1 logo mais, o genial Jo\u00e3o Gilberto, que acaba de nos deixar, interpretar\u00e1 Chega de Saudade, tendo ao piano outra figura inesquec\u00edvel de nossa m\u00fasica, Tom Jobim. Jo\u00e3o Gilberto Prado Pereira de [&hellip;]\" \/>\n<meta property=\"og:url\" content=\"https:\/\/gersonguelmann.com.br\/blog\/joao-gilberto-e-tom-jobim-festa-no-ceu\/\" \/>\n<meta property=\"og:site_name\" content=\"Blog do Guelmann\" \/>\n<meta property=\"article:published_time\" content=\"2019-07-06T20:59:57+00:00\" \/>\n<meta property=\"article:modified_time\" content=\"2019-07-06T21:06:45+00:00\" \/>\n<meta property=\"og:image\" content=\"https:\/\/i0.wp.com\/gersonguelmann.com.br\/blog\/wp-content\/uploads\/2019\/07\/JG.jpg?fit=960%2C1280&ssl=1\" \/>\n\t<meta property=\"og:image:width\" content=\"960\" \/>\n\t<meta property=\"og:image:height\" content=\"1280\" \/>\n\t<meta property=\"og:image:type\" content=\"image\/jpeg\" \/>\n<meta name=\"author\" content=\"Gerson Guelmann\" \/>\n<meta name=\"twitter:card\" content=\"summary_large_image\" \/>\n<meta name=\"twitter:label1\" content=\"Escrito por\" \/>\n\t<meta name=\"twitter:data1\" content=\"Gerson Guelmann\" \/>\n<script type=\"application\/ld+json\" class=\"yoast-schema-graph\">{\"@context\":\"https:\\\/\\\/schema.org\",\"@graph\":[{\"@type\":\"Article\",\"@id\":\"https:\\\/\\\/gersonguelmann.com.br\\\/blog\\\/joao-gilberto-e-tom-jobim-festa-no-ceu\\\/#article\",\"isPartOf\":{\"@id\":\"https:\\\/\\\/gersonguelmann.com.br\\\/blog\\\/joao-gilberto-e-tom-jobim-festa-no-ceu\\\/\"},\"author\":{\"name\":\"Gerson Guelmann\",\"@id\":\"https:\\\/\\\/gersonguelmann.com.br\\\/blog\\\/#\\\/schema\\\/person\\\/87e70e2a786888082f941a482c90569e\"},\"headline\":\"Jo\u00e3o Gilberto e Tom Jobim, Festa no C\u00e9u\",\"datePublished\":\"2019-07-06T20:59:57+00:00\",\"dateModified\":\"2019-07-06T21:06:45+00:00\",\"mainEntityOfPage\":{\"@id\":\"https:\\\/\\\/gersonguelmann.com.br\\\/blog\\\/joao-gilberto-e-tom-jobim-festa-no-ceu\\\/\"},\"wordCount\":95,\"commentCount\":0,\"image\":{\"@id\":\"https:\\\/\\\/gersonguelmann.com.br\\\/blog\\\/joao-gilberto-e-tom-jobim-festa-no-ceu\\\/#primaryimage\"},\"thumbnailUrl\":\"https:\\\/\\\/i0.wp.com\\\/gersonguelmann.com.br\\\/blog\\\/wp-content\\\/uploads\\\/2019\\\/07\\\/JG.jpg?fit=960%2C1280&ssl=1\",\"inLanguage\":\"pt-BR\",\"potentialAction\":[{\"@type\":\"CommentAction\",\"name\":\"Comment\",\"target\":[\"https:\\\/\\\/gersonguelmann.com.br\\\/blog\\\/joao-gilberto-e-tom-jobim-festa-no-ceu\\\/#respond\"]}]},{\"@type\":\"WebPage\",\"@id\":\"https:\\\/\\\/gersonguelmann.com.br\\\/blog\\\/joao-gilberto-e-tom-jobim-festa-no-ceu\\\/\",\"url\":\"https:\\\/\\\/gersonguelmann.com.br\\\/blog\\\/joao-gilberto-e-tom-jobim-festa-no-ceu\\\/\",\"name\":\"Jo\u00e3o Gilberto e Tom Jobim, Festa no C\u00e9u | Blog do Guelmann\",\"isPartOf\":{\"@id\":\"https:\\\/\\\/gersonguelmann.com.br\\\/blog\\\/#website\"},\"primaryImageOfPage\":{\"@id\":\"https:\\\/\\\/gersonguelmann.com.br\\\/blog\\\/joao-gilberto-e-tom-jobim-festa-no-ceu\\\/#primaryimage\"},\"image\":{\"@id\":\"https:\\\/\\\/gersonguelmann.com.br\\\/blog\\\/joao-gilberto-e-tom-jobim-festa-no-ceu\\\/#primaryimage\"},\"thumbnailUrl\":\"https:\\\/\\\/i0.wp.com\\\/gersonguelmann.com.br\\\/blog\\\/wp-content\\\/uploads\\\/2019\\\/07\\\/JG.jpg?fit=960%2C1280&ssl=1\",\"datePublished\":\"2019-07-06T20:59:57+00:00\",\"dateModified\":\"2019-07-06T21:06:45+00:00\",\"author\":{\"@id\":\"https:\\\/\\\/gersonguelmann.com.br\\\/blog\\\/#\\\/schema\\\/person\\\/87e70e2a786888082f941a482c90569e\"},\"inLanguage\":\"pt-BR\",\"potentialAction\":[{\"@type\":\"ReadAction\",\"target\":[\"https:\\\/\\\/gersonguelmann.com.br\\\/blog\\\/joao-gilberto-e-tom-jobim-festa-no-ceu\\\/\"]}]},{\"@type\":\"ImageObject\",\"inLanguage\":\"pt-BR\",\"@id\":\"https:\\\/\\\/gersonguelmann.com.br\\\/blog\\\/joao-gilberto-e-tom-jobim-festa-no-ceu\\\/#primaryimage\",\"url\":\"https:\\\/\\\/i0.wp.com\\\/gersonguelmann.com.br\\\/blog\\\/wp-content\\\/uploads\\\/2019\\\/07\\\/JG.jpg?fit=960%2C1280&ssl=1\",\"contentUrl\":\"https:\\\/\\\/i0.wp.com\\\/gersonguelmann.com.br\\\/blog\\\/wp-content\\\/uploads\\\/2019\\\/07\\\/JG.jpg?fit=960%2C1280&ssl=1\",\"width\":960,\"height\":1280},{\"@type\":\"WebSite\",\"@id\":\"https:\\\/\\\/gersonguelmann.com.br\\\/blog\\\/#website\",\"url\":\"https:\\\/\\\/gersonguelmann.com.br\\\/blog\\\/\",\"name\":\"Blog do Guelmann\",\"description\":\"Pitadas da sabedoria e do humor judaicos, assuntos do momento e um pouco das hist\u00f3rias que vivi e testemunhei.\",\"potentialAction\":[{\"@type\":\"SearchAction\",\"target\":{\"@type\":\"EntryPoint\",\"urlTemplate\":\"https:\\\/\\\/gersonguelmann.com.br\\\/blog\\\/?s={search_term_string}\"},\"query-input\":{\"@type\":\"PropertyValueSpecification\",\"valueRequired\":true,\"valueName\":\"search_term_string\"}}],\"inLanguage\":\"pt-BR\"},{\"@type\":\"Person\",\"@id\":\"https:\\\/\\\/gersonguelmann.com.br\\\/blog\\\/#\\\/schema\\\/person\\\/87e70e2a786888082f941a482c90569e\",\"name\":\"Gerson Guelmann\",\"image\":{\"@type\":\"ImageObject\",\"inLanguage\":\"pt-BR\",\"@id\":\"https:\\\/\\\/i0.wp.com\\\/gersonguelmann.com.br\\\/blog\\\/wp-content\\\/uploads\\\/2021\\\/08\\\/BLOG.jpeg?fit=96%2C96&ssl=1\",\"url\":\"https:\\\/\\\/i0.wp.com\\\/gersonguelmann.com.br\\\/blog\\\/wp-content\\\/uploads\\\/2021\\\/08\\\/BLOG.jpeg?fit=96%2C96&ssl=1\",\"contentUrl\":\"https:\\\/\\\/i0.wp.com\\\/gersonguelmann.com.br\\\/blog\\\/wp-content\\\/uploads\\\/2021\\\/08\\\/BLOG.jpeg?fit=96%2C96&ssl=1\",\"caption\":\"Gerson Guelmann\"},\"description\":\"Pitadas da sabedoria e do humor judaicos, assuntos do momento e um pouco das hist\u00f3rias que vivi e testemunhei.\"}]}<\/script>\n<!-- \/ Yoast SEO plugin. -->","yoast_head_json":{"title":"Jo\u00e3o Gilberto e Tom Jobim, Festa no C\u00e9u | Blog do Guelmann","robots":{"index":"index","follow":"follow","max-snippet":"max-snippet:-1","max-image-preview":"max-image-preview:large","max-video-preview":"max-video-preview:-1"},"canonical":"https:\/\/gersonguelmann.com.br\/blog\/joao-gilberto-e-tom-jobim-festa-no-ceu\/","og_locale":"pt_BR","og_type":"article","og_title":"Jo\u00e3o Gilberto e Tom Jobim, Festa no C\u00e9u | Blog do Guelmann","og_description":"Jo\u00e3o Gilberto Pereira de Oliveira Juazeiro (BA), 10 de junho\u00a0de\u00a01931\u00a0&#8211;\u00a0Rio de Janeiro (RJ),\u00a06 de julho\u00a0de\u00a02019 Hoje tem show no c\u00e9u. No sarau que come\u00e7ar\u00e1 logo mais, o genial Jo\u00e3o Gilberto, que acaba de nos deixar, interpretar\u00e1 Chega de Saudade, tendo ao piano outra figura inesquec\u00edvel de nossa m\u00fasica, Tom Jobim. Jo\u00e3o Gilberto Prado Pereira de [&hellip;]","og_url":"https:\/\/gersonguelmann.com.br\/blog\/joao-gilberto-e-tom-jobim-festa-no-ceu\/","og_site_name":"Blog do Guelmann","article_published_time":"2019-07-06T20:59:57+00:00","article_modified_time":"2019-07-06T21:06:45+00:00","og_image":[{"width":960,"height":1280,"url":"https:\/\/i0.wp.com\/gersonguelmann.com.br\/blog\/wp-content\/uploads\/2019\/07\/JG.jpg?fit=960%2C1280&ssl=1","type":"image\/jpeg"}],"author":"Gerson Guelmann","twitter_card":"summary_large_image","twitter_misc":{"Escrito por":"Gerson Guelmann"},"schema":{"@context":"https:\/\/schema.org","@graph":[{"@type":"Article","@id":"https:\/\/gersonguelmann.com.br\/blog\/joao-gilberto-e-tom-jobim-festa-no-ceu\/#article","isPartOf":{"@id":"https:\/\/gersonguelmann.com.br\/blog\/joao-gilberto-e-tom-jobim-festa-no-ceu\/"},"author":{"name":"Gerson Guelmann","@id":"https:\/\/gersonguelmann.com.br\/blog\/#\/schema\/person\/87e70e2a786888082f941a482c90569e"},"headline":"Jo\u00e3o Gilberto e Tom Jobim, Festa no C\u00e9u","datePublished":"2019-07-06T20:59:57+00:00","dateModified":"2019-07-06T21:06:45+00:00","mainEntityOfPage":{"@id":"https:\/\/gersonguelmann.com.br\/blog\/joao-gilberto-e-tom-jobim-festa-no-ceu\/"},"wordCount":95,"commentCount":0,"image":{"@id":"https:\/\/gersonguelmann.com.br\/blog\/joao-gilberto-e-tom-jobim-festa-no-ceu\/#primaryimage"},"thumbnailUrl":"https:\/\/i0.wp.com\/gersonguelmann.com.br\/blog\/wp-content\/uploads\/2019\/07\/JG.jpg?fit=960%2C1280&ssl=1","inLanguage":"pt-BR","potentialAction":[{"@type":"CommentAction","name":"Comment","target":["https:\/\/gersonguelmann.com.br\/blog\/joao-gilberto-e-tom-jobim-festa-no-ceu\/#respond"]}]},{"@type":"WebPage","@id":"https:\/\/gersonguelmann.com.br\/blog\/joao-gilberto-e-tom-jobim-festa-no-ceu\/","url":"https:\/\/gersonguelmann.com.br\/blog\/joao-gilberto-e-tom-jobim-festa-no-ceu\/","name":"Jo\u00e3o Gilberto e Tom Jobim, Festa no C\u00e9u | Blog do Guelmann","isPartOf":{"@id":"https:\/\/gersonguelmann.com.br\/blog\/#website"},"primaryImageOfPage":{"@id":"https:\/\/gersonguelmann.com.br\/blog\/joao-gilberto-e-tom-jobim-festa-no-ceu\/#primaryimage"},"image":{"@id":"https:\/\/gersonguelmann.com.br\/blog\/joao-gilberto-e-tom-jobim-festa-no-ceu\/#primaryimage"},"thumbnailUrl":"https:\/\/i0.wp.com\/gersonguelmann.com.br\/blog\/wp-content\/uploads\/2019\/07\/JG.jpg?fit=960%2C1280&ssl=1","datePublished":"2019-07-06T20:59:57+00:00","dateModified":"2019-07-06T21:06:45+00:00","author":{"@id":"https:\/\/gersonguelmann.com.br\/blog\/#\/schema\/person\/87e70e2a786888082f941a482c90569e"},"inLanguage":"pt-BR","potentialAction":[{"@type":"ReadAction","target":["https:\/\/gersonguelmann.com.br\/blog\/joao-gilberto-e-tom-jobim-festa-no-ceu\/"]}]},{"@type":"ImageObject","inLanguage":"pt-BR","@id":"https:\/\/gersonguelmann.com.br\/blog\/joao-gilberto-e-tom-jobim-festa-no-ceu\/#primaryimage","url":"https:\/\/i0.wp.com\/gersonguelmann.com.br\/blog\/wp-content\/uploads\/2019\/07\/JG.jpg?fit=960%2C1280&ssl=1","contentUrl":"https:\/\/i0.wp.com\/gersonguelmann.com.br\/blog\/wp-content\/uploads\/2019\/07\/JG.jpg?fit=960%2C1280&ssl=1","width":960,"height":1280},{"@type":"WebSite","@id":"https:\/\/gersonguelmann.com.br\/blog\/#website","url":"https:\/\/gersonguelmann.com.br\/blog\/","name":"Blog do Guelmann","description":"Pitadas da sabedoria e do humor judaicos, assuntos do momento e um pouco das hist\u00f3rias que vivi e testemunhei.","potentialAction":[{"@type":"SearchAction","target":{"@type":"EntryPoint","urlTemplate":"https:\/\/gersonguelmann.com.br\/blog\/?s={search_term_string}"},"query-input":{"@type":"PropertyValueSpecification","valueRequired":true,"valueName":"search_term_string"}}],"inLanguage":"pt-BR"},{"@type":"Person","@id":"https:\/\/gersonguelmann.com.br\/blog\/#\/schema\/person\/87e70e2a786888082f941a482c90569e","name":"Gerson Guelmann","image":{"@type":"ImageObject","inLanguage":"pt-BR","@id":"https:\/\/i0.wp.com\/gersonguelmann.com.br\/blog\/wp-content\/uploads\/2021\/08\/BLOG.jpeg?fit=96%2C96&ssl=1","url":"https:\/\/i0.wp.com\/gersonguelmann.com.br\/blog\/wp-content\/uploads\/2021\/08\/BLOG.jpeg?fit=96%2C96&ssl=1","contentUrl":"https:\/\/i0.wp.com\/gersonguelmann.com.br\/blog\/wp-content\/uploads\/2021\/08\/BLOG.jpeg?fit=96%2C96&ssl=1","caption":"Gerson Guelmann"},"description":"Pitadas da sabedoria e do humor judaicos, assuntos do momento e um pouco das hist\u00f3rias que vivi e testemunhei."}]}},"views":63,"jetpack_publicize_connections":[],"jetpack_featured_media_url":"https:\/\/i0.wp.com\/gersonguelmann.com.br\/blog\/wp-content\/uploads\/2019\/07\/JG.jpg?fit=960%2C1280&ssl=1","jetpack_shortlink":"https:\/\/wp.me\/p96e7O-4vU","jetpack-related-posts":[{"id":11201,"url":"https:\/\/gersonguelmann.com.br\/blog\/tristeza-nao-tem-fim-apartamento-de-joao-gilberto-sera-arrombado\/","url_meta":{"origin":17354,"position":0},"title":"Tristeza N\u00e3o Tem Fim: Apartamento de Jo\u00e3o Gilberto Ser\u00e1 Arrombado","author":"Gerson Guelmann","date":"3 de abril de 2018","format":false,"excerpt":"Acabou de sair na Isto\u00c9 e em outros jornais: Justi\u00e7a autoriza arrombamento de porta de apartamento de Jo\u00e3o Gilberto O juiz Renato Lima Charnaux Sert\u00e3, da 5.\u00aa Vara de \u00d3rf\u00e3os e Sucess\u00f5es do Rio, autorizou o arrombamento do apartamento de Jo\u00e3o Gilberto, atendendo ao pedido da filha do m\u00fasico, a\u2026","rel":"","context":"Em &quot;Sem categoria&quot;","block_context":{"text":"Sem categoria","link":"https:\/\/gersonguelmann.com.br\/blog\/category\/sem-categoria\/"},"img":{"alt_text":"","src":"https:\/\/i0.wp.com\/gersonguelmann.com.br\/blog\/wp-content\/uploads\/2018\/04\/download-2.jpg?resize=350%2C200&ssl=1","width":350,"height":200},"classes":[]},{"id":11645,"url":"https:\/\/gersonguelmann.com.br\/blog\/filho-de-joao-gilberto-nao-pude-salva-lo-dele-mesmo\/","url_meta":{"origin":17354,"position":1},"title":"Filho de Jo\u00e3o Gilberto: &#8220;N\u00e3o Pude Salv\u00e1-lo Dele Mesmo&#8221;.","author":"Gerson Guelmann","date":"14 de abril de 2018","format":false,"excerpt":"Mat\u00e9ria da revista Isto\u00c9 sobre o not\u00e1vel Jo\u00e3o Gilberto: CULTURA \u2018N\u00e3o pude salv\u00e1-lo dele mesmo\u2019, lamenta filho de Jo\u00e3o Gilberto O filho mais velho de\u00a0Jo\u00e3o Gilberto, Jo\u00e3o Marcelo Gilberto, publicou um texto no Facebook nesta quinta-feira, 5, lamentando a presen\u00e7a de \u201cabutres\u201d em torno do cantor, uma alus\u00e3o \u00e0 ex-companheira\u2026","rel":"","context":"Em &quot;Sem categoria&quot;","block_context":{"text":"Sem categoria","link":"https:\/\/gersonguelmann.com.br\/blog\/category\/sem-categoria\/"},"img":{"alt_text":"","src":"https:\/\/i0.wp.com\/gersonguelmann.com.br\/blog\/wp-content\/uploads\/2018\/04\/JG.jpg?resize=350%2C200&ssl=1","width":350,"height":200},"classes":[]},{"id":6337,"url":"https:\/\/gersonguelmann.com.br\/blog\/dindi-de-tom-jobim-por-tom-jobim\/","url_meta":{"origin":17354,"position":2},"title":"Dindi de Tom Jobim por Tom Jobim","author":"Gerson Guelmann","date":"29 de dezembro de 2017","format":false,"excerpt":"Tom Jobim Antonio Carlos Brasileiro de Almeida Jobim Rio de Janeiro, 25\/1\/1927 - New York (USA), 8\/12\/1994 https:\/\/www.youtube.com\/watch?v=xz08O4mp0dE Tom Jobim & Aloysio de Oliveira \u00a0","rel":"","context":"Em &quot;Sem categoria&quot;","block_context":{"text":"Sem categoria","link":"https:\/\/gersonguelmann.com.br\/blog\/category\/sem-categoria\/"},"img":{"alt_text":"","src":"https:\/\/i0.wp.com\/gersonguelmann.com.br\/blog\/wp-content\/uploads\/2017\/12\/TJ.jpg?resize=350%2C200&ssl=1","width":350,"height":200},"classes":[]},{"id":3991,"url":"https:\/\/gersonguelmann.com.br\/blog\/boa-musica-de-hoje-78\/","url_meta":{"origin":17354,"position":3},"title":"A Boa M\u00fasica de Hoje","author":"Gerson Guelmann","date":"3 de novembro de 2017","format":false,"excerpt":"https:\/\/www.youtube.com\/watch?v=AENHhMLr9fo Sivuca e Chico Buarque Jo\u00e3o e Maria Severino Dias de Oliveira Itabaiana (PB), 26\/5\/1930 - Jo\u00e3o Pessoa (PB), 14\/12\/2006","rel":"","context":"Em &quot;Sem categoria&quot;","block_context":{"text":"Sem categoria","link":"https:\/\/gersonguelmann.com.br\/blog\/category\/sem-categoria\/"},"img":{"alt_text":"","src":"https:\/\/i0.wp.com\/gersonguelmann.com.br\/blog\/wp-content\/uploads\/2017\/11\/Sivuca-300x168.jpg?resize=350%2C200&ssl=1","width":350,"height":200},"classes":[]},{"id":7539,"url":"https:\/\/gersonguelmann.com.br\/blog\/dindi-por-luana-mascari\/","url_meta":{"origin":17354,"position":4},"title":"Dindi por Luana Mascari","author":"Gerson Guelmann","date":"3 de abril de 2021","format":false,"excerpt":"Luana Mascari Dindi Antonio Carlos Jobim \/ Aloysio De Oliveira C\u00e9u! T\u00e3o grande \u00e9 o c\u00e9u E bandos de nuvens que passam ligeiras Pra onde elas v\u00e3o? Ah! Eu n\u00e3o sei, n\u00e3o sei... E o vento que fala nas folhas contando as hist\u00f3rias Que s\u00e3o de ningu\u00e9m... Mas que s\u00e3o\u2026","rel":"","context":"Em &quot;Sem categoria&quot;","block_context":{"text":"Sem categoria","link":"https:\/\/gersonguelmann.com.br\/blog\/category\/sem-categoria\/"},"img":{"alt_text":"","src":"https:\/\/i0.wp.com\/gersonguelmann.com.br\/blog\/wp-content\/uploads\/2018\/01\/LM-1.jpg?fit=1200%2C675&ssl=1&resize=350%2C200","width":350,"height":200,"srcset":"https:\/\/i0.wp.com\/gersonguelmann.com.br\/blog\/wp-content\/uploads\/2018\/01\/LM-1.jpg?fit=1200%2C675&ssl=1&resize=350%2C200 1x, https:\/\/i0.wp.com\/gersonguelmann.com.br\/blog\/wp-content\/uploads\/2018\/01\/LM-1.jpg?fit=1200%2C675&ssl=1&resize=525%2C300 1.5x, https:\/\/i0.wp.com\/gersonguelmann.com.br\/blog\/wp-content\/uploads\/2018\/01\/LM-1.jpg?fit=1200%2C675&ssl=1&resize=700%2C400 2x, https:\/\/i0.wp.com\/gersonguelmann.com.br\/blog\/wp-content\/uploads\/2018\/01\/LM-1.jpg?fit=1200%2C675&ssl=1&resize=1050%2C600 3x"},"classes":[]},{"id":21325,"url":"https:\/\/gersonguelmann.com.br\/blog\/era-para-ser-um-domingo-qualquer\/","url_meta":{"origin":17354,"position":5},"title":"Era Para Ser Um Domingo Qualquer","author":"Gerson Guelmann","date":"7 de fevereiro de 2021","format":false,"excerpt":"Dia 7 de fevereiro de 1965, tamb\u00e9m um domingo, 56 anos passados. Meu pai, Isaac, estava com 41 anos. Completaria 42 naquele mesmo m\u00eas. Minha m\u00e3e, Selda, tinha 39 e em poucos dias faria 40. Gisele, uma de minhas irm\u00e3s, completaria 12 em mar\u00e7o. Gilce, a ca\u00e7ula dos 5 irm\u00e3os,\u2026","rel":"","context":"Em &quot;Sem categoria&quot;","block_context":{"text":"Sem categoria","link":"https:\/\/gersonguelmann.com.br\/blog\/category\/sem-categoria\/"},"img":{"alt_text":"","src":"https:\/\/i0.wp.com\/gersonguelmann.com.br\/blog\/wp-content\/uploads\/2021\/02\/FAMILIA.jpg?resize=350%2C200&ssl=1","width":350,"height":200},"classes":[]}],"jetpack_sharing_enabled":true,"post_mailing_queue_ids":[],"_links":{"self":[{"href":"https:\/\/gersonguelmann.com.br\/blog\/wp-json\/wp\/v2\/posts\/17354","targetHints":{"allow":["GET"]}}],"collection":[{"href":"https:\/\/gersonguelmann.com.br\/blog\/wp-json\/wp\/v2\/posts"}],"about":[{"href":"https:\/\/gersonguelmann.com.br\/blog\/wp-json\/wp\/v2\/types\/post"}],"author":[{"embeddable":true,"href":"https:\/\/gersonguelmann.com.br\/blog\/wp-json\/wp\/v2\/users\/5"}],"replies":[{"embeddable":true,"href":"https:\/\/gersonguelmann.com.br\/blog\/wp-json\/wp\/v2\/comments?post=17354"}],"version-history":[{"count":0,"href":"https:\/\/gersonguelmann.com.br\/blog\/wp-json\/wp\/v2\/posts\/17354\/revisions"}],"wp:featuredmedia":[{"embeddable":true,"href":"https:\/\/gersonguelmann.com.br\/blog\/wp-json\/wp\/v2\/media\/17355"}],"wp:attachment":[{"href":"https:\/\/gersonguelmann.com.br\/blog\/wp-json\/wp\/v2\/media?parent=17354"}],"wp:term":[{"taxonomy":"category","embeddable":true,"href":"https:\/\/gersonguelmann.com.br\/blog\/wp-json\/wp\/v2\/categories?post=17354"},{"taxonomy":"post_tag","embeddable":true,"href":"https:\/\/gersonguelmann.com.br\/blog\/wp-json\/wp\/v2\/tags?post=17354"}],"curies":[{"name":"wp","href":"https:\/\/api.w.org\/{rel}","templated":true}]}}