    {"id":17369,"date":"2019-07-06T22:31:43","date_gmt":"2019-07-07T01:31:43","guid":{"rendered":"https:\/\/gersonguelmann.com.br\/blog\/?p=17369"},"modified":"2019-07-06T22:31:43","modified_gmt":"2019-07-07T01:31:43","slug":"porque-alguns-filhos-nao-se-dao-com-os-pais","status":"publish","type":"post","link":"https:\/\/gersonguelmann.com.br\/blog\/porque-alguns-filhos-nao-se-dao-com-os-pais\/","title":{"rendered":"Porque Alguns Filhos N\u00e3o Se D\u00e3o Com Os Pais?"},"content":{"rendered":"<p><span style=\"color: #000000; font-family: georgia, palatino, serif; font-size: 18pt;\">Artigo publicado pelo site <em>A Mente \u00c9 Maravilhosa<\/em>, especializado em Psicologia:<\/span><\/p>\n<p class=\"single-title\"><span style=\"font-size: 24pt;\"><strong><span style=\"color: #000000;\">Quando os filhos rompem o relacionamento com os pais<\/span><\/strong><\/span><\/p>\n<div class=\"metas\"><span style=\"color: #000000;\"><span class=\"meta spacer\">\u00b7<\/span><strong>\u00a0<span class=\"meta date\"><i class=\"far fa-clock\"><\/i>\u00a0junho 5, 2019<\/span><\/strong><\/span><\/div>\n<div><\/div>\n<div class=\"metas\" style=\"text-align: center;\"><span style=\"font-size: 14pt;\"><strong><span style=\"color: #000000;\">Quando os filhos rompem o relacionamento com os seus pais, pode haver uma boa justificativa: uma hist\u00f3ria de abusos, antagonismo nos valores&#8230; No entanto, isso nem sempre \u00e9 verdade. Devemos aceitar que tamb\u00e9m existem filhos que agem de forma ego\u00edsta.<\/span><\/strong><\/span><\/div>\n<div><\/div>\n<div style=\"text-align: center;\"><img data-recalc-dims=\"1\" fetchpriority=\"high\" decoding=\"async\" data-attachment-id=\"17370\" data-permalink=\"https:\/\/gersonguelmann.com.br\/blog\/porque-alguns-filhos-nao-se-dao-com-os-pais\/1-56\/\" data-orig-file=\"https:\/\/i0.wp.com\/gersonguelmann.com.br\/blog\/wp-content\/uploads\/2019\/07\/1-1.jpg?fit=424%2C501&amp;ssl=1\" data-orig-size=\"424,501\" data-comments-opened=\"1\" data-image-meta=\"{&quot;aperture&quot;:&quot;0&quot;,&quot;credit&quot;:&quot;&quot;,&quot;camera&quot;:&quot;&quot;,&quot;caption&quot;:&quot;&quot;,&quot;created_timestamp&quot;:&quot;0&quot;,&quot;copyright&quot;:&quot;&quot;,&quot;focal_length&quot;:&quot;0&quot;,&quot;iso&quot;:&quot;0&quot;,&quot;shutter_speed&quot;:&quot;0&quot;,&quot;title&quot;:&quot;&quot;,&quot;orientation&quot;:&quot;0&quot;}\" data-image-title=\"1\" data-image-description=\"\" data-image-caption=\"\" data-medium-file=\"https:\/\/i0.wp.com\/gersonguelmann.com.br\/blog\/wp-content\/uploads\/2019\/07\/1-1.jpg?fit=254%2C300&amp;ssl=1\" data-large-file=\"https:\/\/i0.wp.com\/gersonguelmann.com.br\/blog\/wp-content\/uploads\/2019\/07\/1-1.jpg?fit=424%2C501&amp;ssl=1\" class=\"alignnone size-medium wp-image-17370\" src=\"https:\/\/i0.wp.com\/gersonguelmann.com.br\/blog\/wp-content\/uploads\/2019\/07\/1-1.jpg?resize=254%2C300&#038;ssl=1\" alt=\"\" width=\"254\" height=\"300\" srcset=\"https:\/\/i0.wp.com\/gersonguelmann.com.br\/blog\/wp-content\/uploads\/2019\/07\/1-1.jpg?resize=254%2C300&amp;ssl=1 254w, https:\/\/i0.wp.com\/gersonguelmann.com.br\/blog\/wp-content\/uploads\/2019\/07\/1-1.jpg?w=424&amp;ssl=1 424w\" sizes=\"(max-width: 254px) 100vw, 254px\" \/><\/div>\n<div><\/div>\n<div>\n<p><span style=\"color: #000000; font-size: 14pt;\"><strong>Quando os filhos rompem o relacionamento com os pais, estes nem sempre entendem o motivo.<\/strong>\u00a0\u00c9 claro que ningu\u00e9m \u00e9 perfeito. No entanto, h\u00e1 pais e m\u00e3es que, sem d\u00favida, n\u00e3o merecem o amor dos seus filhos.<\/span><\/p>\n<p><span style=\"color: #000000; font-size: 14pt;\">Al\u00e9m disso, h\u00e1 tamb\u00e9m filhos que, sem qualquer justificativa, optam por \u2018virar a p\u00e1gina\u2019, manter dist\u00e2ncia e deixar um doloroso sil\u00eancio diante de uma fam\u00edlia desnorteada e desolada.<\/span><\/p>\n<p><span style=\"color: #000000; font-size: 14pt;\">Este \u00e9, sem d\u00favida, um assunto complicado que apresenta diferentes abordagens. Embora ainda n\u00e3o tenhamos dados estat\u00edsticos sobre o n\u00famero de fam\u00edlias em que\u00a0<a style=\"color: #000000;\" href=\"https:\/\/amenteemaravilhosa.com.br\/5-erros-na-educacao-de-nossos-filhos\/\" target=\"_blank\" rel=\"noopener noreferrer\">pais e filhos<\/a>\u00a0est\u00e3o separados, deve-se notar que, na pr\u00e1tica cl\u00ednica, esse \u00e9 um dos problemas mais comuns.\u00a0<strong>Ser pai ou m\u00e3e \u00e9 dif\u00edcil; e ser filho tamb\u00e9m.<\/strong><\/span><\/p>\n<p><span style=\"color: #000000; font-size: 14pt;\">Por outro lado, h\u00e1 um fator que devemos destacar. Dentro da literatura mais popular,\u00a0<strong>\u00e9 comum encontrarmos a\u00a0imagem de m\u00e3es t\u00f3xicas, pais autorit\u00e1rios e fam\u00edlias disfuncionais<\/strong>\u00a0que d\u00e3o origem a crian\u00e7as claramente infelizes. \u00c9 uma realidade ineg\u00e1vel que ningu\u00e9m pode questionar.<\/span><\/p>\n<p><span style=\"color: #000000; font-size: 14pt;\">No entanto,\u00a0<strong>um aspecto do qual n\u00e3o se fala muito \u00e9 o dos filhos que, de um dia para o outro, deixam de ter contato com os pais.<\/strong>\u00a0Al\u00e9m disso, existem filhos adultos com comportamentos adversos e debilitantes para as suas fam\u00edlias.<\/span><\/p>\n<p><span style=\"color: #000000; font-size: 14pt;\">\u00c0s vezes, pode haver um dist\u00farbio psicol\u00f3gico por tr\u00e1s, \u00e9 claro, mas isso n\u00e3o acontece em 100% dos casos.\u00a0<strong>\u00c9 um problema que muitos pais enfrentam mesmo em idades muito avan\u00e7adas.<\/strong><\/span><\/p>\n<p style=\"text-align: center;\"><strong><span style=\"color: #000000; font-size: 14pt;\"><em>Um pai prudente \u00e9 aquele que conhece o seu filho\u201d.<br \/>\n<\/em><em>\u2013 William Shakespeare \u2013<\/em><\/span><\/strong><\/p>\n<\/div>\n<p style=\"text-align: center;\"><span style=\"color: #000000;\"><img data-recalc-dims=\"1\" decoding=\"async\" data-attachment-id=\"17371\" data-permalink=\"https:\/\/gersonguelmann.com.br\/blog\/porque-alguns-filhos-nao-se-dao-com-os-pais\/2-45\/\" data-orig-file=\"https:\/\/i0.wp.com\/gersonguelmann.com.br\/blog\/wp-content\/uploads\/2019\/07\/2.png?fit=800%2C440&amp;ssl=1\" data-orig-size=\"800,440\" data-comments-opened=\"1\" data-image-meta=\"{&quot;aperture&quot;:&quot;0&quot;,&quot;credit&quot;:&quot;&quot;,&quot;camera&quot;:&quot;&quot;,&quot;caption&quot;:&quot;&quot;,&quot;created_timestamp&quot;:&quot;0&quot;,&quot;copyright&quot;:&quot;&quot;,&quot;focal_length&quot;:&quot;0&quot;,&quot;iso&quot;:&quot;0&quot;,&quot;shutter_speed&quot;:&quot;0&quot;,&quot;title&quot;:&quot;&quot;,&quot;orientation&quot;:&quot;0&quot;}\" data-image-title=\"2\" data-image-description=\"\" data-image-caption=\"\" data-medium-file=\"https:\/\/i0.wp.com\/gersonguelmann.com.br\/blog\/wp-content\/uploads\/2019\/07\/2.png?fit=300%2C165&amp;ssl=1\" data-large-file=\"https:\/\/i0.wp.com\/gersonguelmann.com.br\/blog\/wp-content\/uploads\/2019\/07\/2.png?fit=640%2C352&amp;ssl=1\" class=\"alignnone size-medium wp-image-17371\" src=\"https:\/\/i0.wp.com\/gersonguelmann.com.br\/blog\/wp-content\/uploads\/2019\/07\/2.png?resize=300%2C165&#038;ssl=1\" alt=\"\" width=\"300\" height=\"165\" srcset=\"https:\/\/i0.wp.com\/gersonguelmann.com.br\/blog\/wp-content\/uploads\/2019\/07\/2.png?resize=300%2C165&amp;ssl=1 300w, https:\/\/i0.wp.com\/gersonguelmann.com.br\/blog\/wp-content\/uploads\/2019\/07\/2.png?resize=768%2C422&amp;ssl=1 768w, https:\/\/i0.wp.com\/gersonguelmann.com.br\/blog\/wp-content\/uploads\/2019\/07\/2.png?w=800&amp;ssl=1 800w\" sizes=\"(max-width: 300px) 100vw, 300px\" \/><\/span><\/p>\n<h2><span style=\"color: #000000; font-size: 14pt;\">Por que os filhos rompem o relacionamento com os pais?<\/span><\/h2>\n<p><span style=\"color: #000000; font-size: 14pt;\">Para explicar a raz\u00e3o pela qual os filhos rompem o relacionamento com os seus pais,\u00a0<strong>devemos considerar que isso costuma ser influenciado pelo contexto cultural e social.<\/strong><\/span><\/p>\n<p><span style=\"color: #000000; font-size: 14pt;\">Se compararmos o modelo anglo-sax\u00e3o com o japon\u00eas, por exemplo, veremos como os valores culturais das fam\u00edlias est\u00e3o distantes um do outro. Portanto, o contexto influencia, mas tamb\u00e9m a personalidade e as din\u00e2micas internas que ocorrem dentro de cada lar.<\/span><\/p>\n<p><span style=\"color: #000000; font-size: 14pt;\">Dessa forma,\u00a0estudos como o publicado em The Journals of Gerontology\u00a0pelos Drs. Glenn Deane e Glenna Spitz, nos mostram algo interessante. A raz\u00e3o pela qual os filhos rompem o relacionamento com os pais nem sempre responde a um \u00fanico fator.<\/span><\/p>\n<p><span style=\"color: #000000; font-size: 14pt;\">N\u00e3o h\u00e1 fatores conclusivos porque, \u00e0s vezes,\u00a0<strong>fatos como a rela\u00e7\u00e3o com os parceiros dos filhos ou at\u00e9 mesmo a\u00a0rela\u00e7\u00e3o entre irm\u00e3os\u00a0tamb\u00e9m influenciam.<\/strong><\/span><\/p>\n<p><span style=\"color: #000000; font-size: 14pt;\">No entanto,\u00a0<strong>podemos partir de dois fatos claros e \u00f3bvios.<\/strong>\u00a0O primeiro \u00e9 que a dist\u00e2ncia entre pais e filhos \u00e9 devida a um elo complexo entre um e outro. A segunda quest\u00e3o est\u00e1 relacionada \u00e0 personalidade dos filhos ou \u00e0s circunst\u00e2ncias que os cercam. Vejamos os dados abaixo.<\/span><\/p>\n<h3><span style=\"color: #000000; font-size: 14pt;\">O peso de uma educa\u00e7\u00e3o e um ambiente problem\u00e1tico<\/span><\/h3>\n<p><span style=\"color: #000000; font-size: 14pt;\">Quando pensamos no motivo pelo qual os filhos rompem o relacionamento com os pais, h\u00e1 indubitavelmente\u00a0<strong>o peso de um passado em que o desapego, a humilha\u00e7\u00e3o, a falta de apoio, a cr\u00edtica ou o autoritarismo estavam presentes.<\/strong>\u00a0Dessa forma, quando falamos com esses filhos adultos para entendermos o porqu\u00ea dessa dist\u00e2ncia e a necessidade de cortar esse v\u00ednculo, encontramos os seguintes motivos.<\/span><\/p>\n<ul>\n<li><span style=\"color: #000000; font-size: 14pt;\">Eles acreditam que os seus pais (ou um deles) n\u00e3o exerceram a paternidade ou maternidade corretamente.<\/span><\/li>\n<li><span style=\"color: #000000; font-size: 14pt;\"><strong>As feridas traum\u00e1ticas que carregam tornam a reconcilia\u00e7\u00e3o imposs\u00edvel.<\/strong>\u00a0Manter dist\u00e2ncia \u00e9, frequentemente, um exerc\u00edcio de sa\u00fade.<\/span><\/li>\n<li><span style=\"color: #000000; font-size: 14pt;\">Muitas vezes,\u00a0<strong>h\u00e1 uma dist\u00e2ncia clara entre os valores de um e outro.<\/strong>\u00a0Isso n\u00e3o seria uma raz\u00e3o por si s\u00f3 para estabelecer uma ruptura total no contato. No entanto, quando os pais n\u00e3o respeitam as ideias ou o modo de vida do filho e existem san\u00e7\u00f5es, cr\u00edticas e reprova\u00e7\u00f5es cont\u00ednuas, eles podem optar por um afastamento mais dr\u00e1stico.<\/span><\/li>\n<\/ul>\n<h3><span style=\"color: #000000; font-size: 14pt;\">Filhos que n\u00e3o amam os seus pais: o sil\u00eancio da incompreens\u00e3o<\/span><\/h3>\n<p><span style=\"color: #000000; font-size: 14pt;\">H\u00e1 filhos e filhas que, num dado momento, escolhem interromper o contato com os pais.\u00a0<strong>Esse sil\u00eancio causa ang\u00fastia e incompreens\u00e3o nos pais que n\u00e3o conseguem entender essa situa\u00e7\u00e3o.<\/strong>\u00a0No entanto, esta decis\u00e3o n\u00e3o surge de um dia para o outro. Muitas vezes, h\u00e1 uma longa hist\u00f3ria de problemas em que essa sa\u00edda ou essa escolha n\u00e3o \u00e9 nova. Vamos analisar abaixo quais raz\u00f5es podem estar por tr\u00e1s disso:<\/span><\/p>\n<ul>\n<li><span style=\"color: #000000; font-size: 14pt;\"><strong>Estilo de personalidade:\u00a0<\/strong>existem pessoas com comportamentos problem\u00e1ticos que escolhem cortar os la\u00e7os com os pais. No entanto, os dados nos dizem que essa dist\u00e2ncia geralmente n\u00e3o \u00e9 permanente.<\/span><\/li>\n<li><span style=\"color: #000000; font-size: 14pt;\"><strong>Problemas psicol\u00f3gicos ou v\u00edcios:\u00a0<\/strong>essas dimens\u00f5es s\u00e3o fatos de grande import\u00e2ncia que devem sempre ser levados em conta. \u00c0s vezes,\u00a0os filhos escolhem sair de casa\u00a0ou deixar de se comunicar com os pais por causa do consumo de certas subst\u00e2ncias e tamb\u00e9m de dist\u00farbios psicol\u00f3gicos.<\/span><\/li>\n<li><span style=\"color: #000000; font-size: 14pt;\"><strong>Ressentimentos n\u00e3o resolvidos:<\/strong>\u00a0podem ser outro fator que, \u00e0s vezes, marcam dist\u00e2ncias entre os membros de uma fam\u00edlia. Os problemas econ\u00f4micos, os problemas entre irm\u00e3os, as discuss\u00f5es, os mal-entendidos ou a sensa\u00e7\u00e3o de que em determinado momento o filho n\u00e3o recebeu o apoio que esperava dos seus pais podem marcar uma dist\u00e2ncia intranspon\u00edvel.<\/span><\/li>\n<li><span style=\"color: #000000; font-size: 14pt;\"><strong>Relacionamentos de casal:\u00a0<\/strong>este \u00e9, sem d\u00favida, outro fator que devemos considerar. \u00c0s vezes, os filhos come\u00e7am relacionamentos que criam um distanciamento em rela\u00e7\u00e3o \u00e0 fam\u00edlia. \u00c9 uma ocorr\u00eancia comum em relacionamentos dependentes onde um membro acaba controlando (e isolando) o outro para separ\u00e1-lo do seu apoio emocional.<\/span><\/li>\n<\/ul>\n<p style=\"text-align: center;\"><img data-recalc-dims=\"1\" decoding=\"async\" data-attachment-id=\"17372\" data-permalink=\"https:\/\/gersonguelmann.com.br\/blog\/porque-alguns-filhos-nao-se-dao-com-os-pais\/3-26\/\" data-orig-file=\"https:\/\/i0.wp.com\/gersonguelmann.com.br\/blog\/wp-content\/uploads\/2019\/07\/3.jpg?fit=750%2C500&amp;ssl=1\" data-orig-size=\"750,500\" data-comments-opened=\"1\" data-image-meta=\"{&quot;aperture&quot;:&quot;0&quot;,&quot;credit&quot;:&quot;&quot;,&quot;camera&quot;:&quot;&quot;,&quot;caption&quot;:&quot;&quot;,&quot;created_timestamp&quot;:&quot;0&quot;,&quot;copyright&quot;:&quot;&quot;,&quot;focal_length&quot;:&quot;0&quot;,&quot;iso&quot;:&quot;0&quot;,&quot;shutter_speed&quot;:&quot;0&quot;,&quot;title&quot;:&quot;&quot;,&quot;orientation&quot;:&quot;0&quot;}\" data-image-title=\"3\" data-image-description=\"\" data-image-caption=\"\" data-medium-file=\"https:\/\/i0.wp.com\/gersonguelmann.com.br\/blog\/wp-content\/uploads\/2019\/07\/3.jpg?fit=300%2C200&amp;ssl=1\" data-large-file=\"https:\/\/i0.wp.com\/gersonguelmann.com.br\/blog\/wp-content\/uploads\/2019\/07\/3.jpg?fit=640%2C427&amp;ssl=1\" class=\"alignnone size-medium wp-image-17372\" src=\"https:\/\/i0.wp.com\/gersonguelmann.com.br\/blog\/wp-content\/uploads\/2019\/07\/3.jpg?resize=300%2C200&#038;ssl=1\" alt=\"\" width=\"300\" height=\"200\" srcset=\"https:\/\/i0.wp.com\/gersonguelmann.com.br\/blog\/wp-content\/uploads\/2019\/07\/3.jpg?resize=300%2C200&amp;ssl=1 300w, https:\/\/i0.wp.com\/gersonguelmann.com.br\/blog\/wp-content\/uploads\/2019\/07\/3.jpg?w=750&amp;ssl=1 750w\" sizes=\"(max-width: 300px) 100vw, 300px\" \/><\/p>\n<p><strong><span style=\"color: #000000; font-size: 14pt;\">O que podemos fazer quando os filhos rompem o relacionamento com os pais?<\/span><\/strong><\/p>\n<p><span style=\"color: #000000; font-size: 14pt;\"><strong>As raz\u00f5es pelas quais os filhos rompem o relacionamento com os pais s\u00e3o, como vimos, muito variadas.<\/strong>\u00a0Cada realidade \u00e9 \u00fanica e\u00a0<a style=\"color: #000000;\" href=\"https:\/\/melhorcomsaude.com.br\/fortaleca-as-relacoes-familiares\/\" target=\"_blank\" rel=\"noopener noreferrer\">cada fam\u00edlia tem caracter\u00edsticas pr\u00f3prias<\/a>. Haver\u00e1 casos, sem d\u00favida, em que a dist\u00e2ncia \u00e9 prudente e at\u00e9 necess\u00e1ria para determinadas pessoas (especialmente se a coexist\u00eancia \u00e9 traum\u00e1tica e existe um passado de abusos).<\/span><\/p>\n<p><span style=\"color: #000000; font-size: 14pt;\">Agora,\u00a0<strong>algo que recomendamos em todos os casos \u00e9 a comunica\u00e7\u00e3o.<\/strong>\u00a0Se um filho precisa estabelecer dist\u00e2ncia do n\u00facleo familiar de origem, deve declarar as raz\u00f5es que o levaram a essa decis\u00e3o. Algo assim nos obriga a procurar solu\u00e7\u00f5es, a chegar a acordos para ambas as partes. Nestes casos, \u00e9 sempre aconselh\u00e1vel procurar a ajuda de profissionais especializados.<\/span><\/p>\n<p><span style=\"color: #000000; font-size: 14pt;\">Por outro lado, algo que tamb\u00e9m \u00e9 recomendado no caso de pais e m\u00e3es com filhos problem\u00e1ticos \u00e9 que sejam pacientes. Na maioria das vezes, os filhos voltam para retomar o contato.\u00a0<strong>S\u00e3o realidades muito dif\u00edceis que voc\u00ea precisa saber como entender individualmente, de perto e de forma compreensiva.<\/strong><\/span><\/p>\n<p><span style=\"color: #000000; font-family: georgia, palatino, serif; font-size: 18pt;\">Para ler a mat\u00e9ria no site, clique <span style=\"color: #0000ff;\"><a style=\"color: #0000ff;\" href=\"https:\/\/amenteemaravilhosa.com.br\/quando-filhos-rompem-relacionamento-com-os-pais\/\"><em><strong>aqui<\/strong><\/em><\/a><\/span>.<\/span><\/p>\n<div>\n<p>&nbsp;<\/p>\n<\/div>\n<p>&nbsp;<\/p>\n","protected":false},"excerpt":{"rendered":"<p>Artigo publicado pelo site A Mente \u00c9 Maravilhosa, especializado em Psicologia: Quando os filhos rompem o relacionamento com os pais \u00b7\u00a0\u00a0junho 5, 2019 Quando os filhos rompem o relacionamento com os seus pais, pode haver uma boa justificativa: uma hist\u00f3ria de abusos, antagonismo nos valores&#8230; No entanto, isso nem sempre \u00e9 verdade. Devemos aceitar que [&hellip;]<\/p>\n","protected":false},"author":5,"featured_media":17371,"comment_status":"open","ping_status":"open","sticky":false,"template":"","format":"standard","meta":{"_acf_changed":false,"jetpack_post_was_ever_published":false,"_jetpack_newsletter_access":"","_jetpack_dont_email_post_to_subs":false,"_jetpack_newsletter_tier_id":0,"_jetpack_memberships_contains_paywalled_content":false,"_jetpack_memberships_contains_paid_content":false,"footnotes":"","jetpack_publicize_message":"","jetpack_publicize_feature_enabled":true,"jetpack_social_post_already_shared":true,"jetpack_social_options":{"image_generator_settings":{"template":"highway","default_image_id":0,"font":"","enabled":false},"version":2}},"categories":[1],"tags":[],"class_list":["post-17369","post","type-post","status-publish","format-standard","has-post-thumbnail","hentry","category-sem-categoria"],"acf":[],"yoast_head":"<!-- This site is optimized with the Yoast SEO plugin v27.3 - https:\/\/yoast.com\/product\/yoast-seo-wordpress\/ -->\n<title>Porque Alguns Filhos N\u00e3o Se D\u00e3o Com Os Pais? | Blog do Guelmann<\/title>\n<meta name=\"robots\" content=\"index, follow, max-snippet:-1, max-image-preview:large, max-video-preview:-1\" \/>\n<link rel=\"canonical\" href=\"https:\/\/gersonguelmann.com.br\/blog\/porque-alguns-filhos-nao-se-dao-com-os-pais\/\" \/>\n<meta property=\"og:locale\" content=\"pt_BR\" \/>\n<meta property=\"og:type\" content=\"article\" \/>\n<meta property=\"og:title\" content=\"Porque Alguns Filhos N\u00e3o Se D\u00e3o Com Os Pais? | Blog do Guelmann\" \/>\n<meta property=\"og:description\" content=\"Artigo publicado pelo site A Mente \u00c9 Maravilhosa, especializado em Psicologia: Quando os filhos rompem o relacionamento com os pais \u00b7\u00a0\u00a0junho 5, 2019 Quando os filhos rompem o relacionamento com os seus pais, pode haver uma boa justificativa: uma hist\u00f3ria de abusos, antagonismo nos valores&#8230; No entanto, isso nem sempre \u00e9 verdade. Devemos aceitar que [&hellip;]\" \/>\n<meta property=\"og:url\" content=\"https:\/\/gersonguelmann.com.br\/blog\/porque-alguns-filhos-nao-se-dao-com-os-pais\/\" \/>\n<meta property=\"og:site_name\" content=\"Blog do Guelmann\" \/>\n<meta property=\"article:published_time\" content=\"2019-07-07T01:31:43+00:00\" \/>\n<meta property=\"og:image\" content=\"https:\/\/i0.wp.com\/gersonguelmann.com.br\/blog\/wp-content\/uploads\/2019\/07\/2.png?fit=800%2C440&ssl=1\" \/>\n\t<meta property=\"og:image:width\" content=\"800\" \/>\n\t<meta property=\"og:image:height\" content=\"440\" \/>\n\t<meta property=\"og:image:type\" content=\"image\/png\" \/>\n<meta name=\"author\" content=\"Gerson Guelmann\" \/>\n<meta name=\"twitter:card\" content=\"summary_large_image\" \/>\n<meta name=\"twitter:label1\" content=\"Escrito por\" \/>\n\t<meta name=\"twitter:data1\" content=\"Gerson Guelmann\" \/>\n\t<meta name=\"twitter:label2\" content=\"Est. tempo de leitura\" \/>\n\t<meta name=\"twitter:data2\" content=\"6 minutos\" \/>\n<script type=\"application\/ld+json\" class=\"yoast-schema-graph\">{\"@context\":\"https:\\\/\\\/schema.org\",\"@graph\":[{\"@type\":\"Article\",\"@id\":\"https:\\\/\\\/gersonguelmann.com.br\\\/blog\\\/porque-alguns-filhos-nao-se-dao-com-os-pais\\\/#article\",\"isPartOf\":{\"@id\":\"https:\\\/\\\/gersonguelmann.com.br\\\/blog\\\/porque-alguns-filhos-nao-se-dao-com-os-pais\\\/\"},\"author\":{\"name\":\"Gerson Guelmann\",\"@id\":\"https:\\\/\\\/gersonguelmann.com.br\\\/blog\\\/#\\\/schema\\\/person\\\/87e70e2a786888082f941a482c90569e\"},\"headline\":\"Porque Alguns Filhos N\u00e3o Se D\u00e3o Com Os Pais?\",\"datePublished\":\"2019-07-07T01:31:43+00:00\",\"mainEntityOfPage\":{\"@id\":\"https:\\\/\\\/gersonguelmann.com.br\\\/blog\\\/porque-alguns-filhos-nao-se-dao-com-os-pais\\\/\"},\"wordCount\":1228,\"commentCount\":0,\"image\":{\"@id\":\"https:\\\/\\\/gersonguelmann.com.br\\\/blog\\\/porque-alguns-filhos-nao-se-dao-com-os-pais\\\/#primaryimage\"},\"thumbnailUrl\":\"https:\\\/\\\/i0.wp.com\\\/gersonguelmann.com.br\\\/blog\\\/wp-content\\\/uploads\\\/2019\\\/07\\\/2.png?fit=800%2C440&ssl=1\",\"inLanguage\":\"pt-BR\",\"potentialAction\":[{\"@type\":\"CommentAction\",\"name\":\"Comment\",\"target\":[\"https:\\\/\\\/gersonguelmann.com.br\\\/blog\\\/porque-alguns-filhos-nao-se-dao-com-os-pais\\\/#respond\"]}]},{\"@type\":\"WebPage\",\"@id\":\"https:\\\/\\\/gersonguelmann.com.br\\\/blog\\\/porque-alguns-filhos-nao-se-dao-com-os-pais\\\/\",\"url\":\"https:\\\/\\\/gersonguelmann.com.br\\\/blog\\\/porque-alguns-filhos-nao-se-dao-com-os-pais\\\/\",\"name\":\"Porque Alguns Filhos N\u00e3o Se D\u00e3o Com Os Pais? | Blog do Guelmann\",\"isPartOf\":{\"@id\":\"https:\\\/\\\/gersonguelmann.com.br\\\/blog\\\/#website\"},\"primaryImageOfPage\":{\"@id\":\"https:\\\/\\\/gersonguelmann.com.br\\\/blog\\\/porque-alguns-filhos-nao-se-dao-com-os-pais\\\/#primaryimage\"},\"image\":{\"@id\":\"https:\\\/\\\/gersonguelmann.com.br\\\/blog\\\/porque-alguns-filhos-nao-se-dao-com-os-pais\\\/#primaryimage\"},\"thumbnailUrl\":\"https:\\\/\\\/i0.wp.com\\\/gersonguelmann.com.br\\\/blog\\\/wp-content\\\/uploads\\\/2019\\\/07\\\/2.png?fit=800%2C440&ssl=1\",\"datePublished\":\"2019-07-07T01:31:43+00:00\",\"author\":{\"@id\":\"https:\\\/\\\/gersonguelmann.com.br\\\/blog\\\/#\\\/schema\\\/person\\\/87e70e2a786888082f941a482c90569e\"},\"inLanguage\":\"pt-BR\",\"potentialAction\":[{\"@type\":\"ReadAction\",\"target\":[\"https:\\\/\\\/gersonguelmann.com.br\\\/blog\\\/porque-alguns-filhos-nao-se-dao-com-os-pais\\\/\"]}]},{\"@type\":\"ImageObject\",\"inLanguage\":\"pt-BR\",\"@id\":\"https:\\\/\\\/gersonguelmann.com.br\\\/blog\\\/porque-alguns-filhos-nao-se-dao-com-os-pais\\\/#primaryimage\",\"url\":\"https:\\\/\\\/i0.wp.com\\\/gersonguelmann.com.br\\\/blog\\\/wp-content\\\/uploads\\\/2019\\\/07\\\/2.png?fit=800%2C440&ssl=1\",\"contentUrl\":\"https:\\\/\\\/i0.wp.com\\\/gersonguelmann.com.br\\\/blog\\\/wp-content\\\/uploads\\\/2019\\\/07\\\/2.png?fit=800%2C440&ssl=1\",\"width\":800,\"height\":440},{\"@type\":\"WebSite\",\"@id\":\"https:\\\/\\\/gersonguelmann.com.br\\\/blog\\\/#website\",\"url\":\"https:\\\/\\\/gersonguelmann.com.br\\\/blog\\\/\",\"name\":\"Blog do Guelmann\",\"description\":\"Pitadas da sabedoria e do humor judaicos, assuntos do momento e um pouco das hist\u00f3rias que vivi e testemunhei.\",\"potentialAction\":[{\"@type\":\"SearchAction\",\"target\":{\"@type\":\"EntryPoint\",\"urlTemplate\":\"https:\\\/\\\/gersonguelmann.com.br\\\/blog\\\/?s={search_term_string}\"},\"query-input\":{\"@type\":\"PropertyValueSpecification\",\"valueRequired\":true,\"valueName\":\"search_term_string\"}}],\"inLanguage\":\"pt-BR\"},{\"@type\":\"Person\",\"@id\":\"https:\\\/\\\/gersonguelmann.com.br\\\/blog\\\/#\\\/schema\\\/person\\\/87e70e2a786888082f941a482c90569e\",\"name\":\"Gerson Guelmann\",\"image\":{\"@type\":\"ImageObject\",\"inLanguage\":\"pt-BR\",\"@id\":\"https:\\\/\\\/i0.wp.com\\\/gersonguelmann.com.br\\\/blog\\\/wp-content\\\/uploads\\\/2021\\\/08\\\/BLOG.jpeg?fit=96%2C96&ssl=1\",\"url\":\"https:\\\/\\\/i0.wp.com\\\/gersonguelmann.com.br\\\/blog\\\/wp-content\\\/uploads\\\/2021\\\/08\\\/BLOG.jpeg?fit=96%2C96&ssl=1\",\"contentUrl\":\"https:\\\/\\\/i0.wp.com\\\/gersonguelmann.com.br\\\/blog\\\/wp-content\\\/uploads\\\/2021\\\/08\\\/BLOG.jpeg?fit=96%2C96&ssl=1\",\"caption\":\"Gerson Guelmann\"},\"description\":\"Pitadas da sabedoria e do humor judaicos, assuntos do momento e um pouco das hist\u00f3rias que vivi e testemunhei.\"}]}<\/script>\n<!-- \/ Yoast SEO plugin. -->","yoast_head_json":{"title":"Porque Alguns Filhos N\u00e3o Se D\u00e3o Com Os Pais? | Blog do Guelmann","robots":{"index":"index","follow":"follow","max-snippet":"max-snippet:-1","max-image-preview":"max-image-preview:large","max-video-preview":"max-video-preview:-1"},"canonical":"https:\/\/gersonguelmann.com.br\/blog\/porque-alguns-filhos-nao-se-dao-com-os-pais\/","og_locale":"pt_BR","og_type":"article","og_title":"Porque Alguns Filhos N\u00e3o Se D\u00e3o Com Os Pais? | Blog do Guelmann","og_description":"Artigo publicado pelo site A Mente \u00c9 Maravilhosa, especializado em Psicologia: Quando os filhos rompem o relacionamento com os pais \u00b7\u00a0\u00a0junho 5, 2019 Quando os filhos rompem o relacionamento com os seus pais, pode haver uma boa justificativa: uma hist\u00f3ria de abusos, antagonismo nos valores&#8230; No entanto, isso nem sempre \u00e9 verdade. Devemos aceitar que [&hellip;]","og_url":"https:\/\/gersonguelmann.com.br\/blog\/porque-alguns-filhos-nao-se-dao-com-os-pais\/","og_site_name":"Blog do Guelmann","article_published_time":"2019-07-07T01:31:43+00:00","og_image":[{"width":800,"height":440,"url":"https:\/\/i0.wp.com\/gersonguelmann.com.br\/blog\/wp-content\/uploads\/2019\/07\/2.png?fit=800%2C440&ssl=1","type":"image\/png"}],"author":"Gerson Guelmann","twitter_card":"summary_large_image","twitter_misc":{"Escrito por":"Gerson Guelmann","Est. tempo de leitura":"6 minutos"},"schema":{"@context":"https:\/\/schema.org","@graph":[{"@type":"Article","@id":"https:\/\/gersonguelmann.com.br\/blog\/porque-alguns-filhos-nao-se-dao-com-os-pais\/#article","isPartOf":{"@id":"https:\/\/gersonguelmann.com.br\/blog\/porque-alguns-filhos-nao-se-dao-com-os-pais\/"},"author":{"name":"Gerson Guelmann","@id":"https:\/\/gersonguelmann.com.br\/blog\/#\/schema\/person\/87e70e2a786888082f941a482c90569e"},"headline":"Porque Alguns Filhos N\u00e3o Se D\u00e3o Com Os Pais?","datePublished":"2019-07-07T01:31:43+00:00","mainEntityOfPage":{"@id":"https:\/\/gersonguelmann.com.br\/blog\/porque-alguns-filhos-nao-se-dao-com-os-pais\/"},"wordCount":1228,"commentCount":0,"image":{"@id":"https:\/\/gersonguelmann.com.br\/blog\/porque-alguns-filhos-nao-se-dao-com-os-pais\/#primaryimage"},"thumbnailUrl":"https:\/\/i0.wp.com\/gersonguelmann.com.br\/blog\/wp-content\/uploads\/2019\/07\/2.png?fit=800%2C440&ssl=1","inLanguage":"pt-BR","potentialAction":[{"@type":"CommentAction","name":"Comment","target":["https:\/\/gersonguelmann.com.br\/blog\/porque-alguns-filhos-nao-se-dao-com-os-pais\/#respond"]}]},{"@type":"WebPage","@id":"https:\/\/gersonguelmann.com.br\/blog\/porque-alguns-filhos-nao-se-dao-com-os-pais\/","url":"https:\/\/gersonguelmann.com.br\/blog\/porque-alguns-filhos-nao-se-dao-com-os-pais\/","name":"Porque Alguns Filhos N\u00e3o Se D\u00e3o Com Os Pais? | Blog do Guelmann","isPartOf":{"@id":"https:\/\/gersonguelmann.com.br\/blog\/#website"},"primaryImageOfPage":{"@id":"https:\/\/gersonguelmann.com.br\/blog\/porque-alguns-filhos-nao-se-dao-com-os-pais\/#primaryimage"},"image":{"@id":"https:\/\/gersonguelmann.com.br\/blog\/porque-alguns-filhos-nao-se-dao-com-os-pais\/#primaryimage"},"thumbnailUrl":"https:\/\/i0.wp.com\/gersonguelmann.com.br\/blog\/wp-content\/uploads\/2019\/07\/2.png?fit=800%2C440&ssl=1","datePublished":"2019-07-07T01:31:43+00:00","author":{"@id":"https:\/\/gersonguelmann.com.br\/blog\/#\/schema\/person\/87e70e2a786888082f941a482c90569e"},"inLanguage":"pt-BR","potentialAction":[{"@type":"ReadAction","target":["https:\/\/gersonguelmann.com.br\/blog\/porque-alguns-filhos-nao-se-dao-com-os-pais\/"]}]},{"@type":"ImageObject","inLanguage":"pt-BR","@id":"https:\/\/gersonguelmann.com.br\/blog\/porque-alguns-filhos-nao-se-dao-com-os-pais\/#primaryimage","url":"https:\/\/i0.wp.com\/gersonguelmann.com.br\/blog\/wp-content\/uploads\/2019\/07\/2.png?fit=800%2C440&ssl=1","contentUrl":"https:\/\/i0.wp.com\/gersonguelmann.com.br\/blog\/wp-content\/uploads\/2019\/07\/2.png?fit=800%2C440&ssl=1","width":800,"height":440},{"@type":"WebSite","@id":"https:\/\/gersonguelmann.com.br\/blog\/#website","url":"https:\/\/gersonguelmann.com.br\/blog\/","name":"Blog do Guelmann","description":"Pitadas da sabedoria e do humor judaicos, assuntos do momento e um pouco das hist\u00f3rias que vivi e testemunhei.","potentialAction":[{"@type":"SearchAction","target":{"@type":"EntryPoint","urlTemplate":"https:\/\/gersonguelmann.com.br\/blog\/?s={search_term_string}"},"query-input":{"@type":"PropertyValueSpecification","valueRequired":true,"valueName":"search_term_string"}}],"inLanguage":"pt-BR"},{"@type":"Person","@id":"https:\/\/gersonguelmann.com.br\/blog\/#\/schema\/person\/87e70e2a786888082f941a482c90569e","name":"Gerson Guelmann","image":{"@type":"ImageObject","inLanguage":"pt-BR","@id":"https:\/\/i0.wp.com\/gersonguelmann.com.br\/blog\/wp-content\/uploads\/2021\/08\/BLOG.jpeg?fit=96%2C96&ssl=1","url":"https:\/\/i0.wp.com\/gersonguelmann.com.br\/blog\/wp-content\/uploads\/2021\/08\/BLOG.jpeg?fit=96%2C96&ssl=1","contentUrl":"https:\/\/i0.wp.com\/gersonguelmann.com.br\/blog\/wp-content\/uploads\/2021\/08\/BLOG.jpeg?fit=96%2C96&ssl=1","caption":"Gerson Guelmann"},"description":"Pitadas da sabedoria e do humor judaicos, assuntos do momento e um pouco das hist\u00f3rias que vivi e testemunhei."}]}},"views":132,"jetpack_publicize_connections":[],"jetpack_featured_media_url":"https:\/\/i0.wp.com\/gersonguelmann.com.br\/blog\/wp-content\/uploads\/2019\/07\/2.png?fit=800%2C440&ssl=1","jetpack_shortlink":"https:\/\/wp.me\/p96e7O-4w9","jetpack-related-posts":[{"id":17081,"url":"https:\/\/gersonguelmann.com.br\/blog\/e-quando-os-filhos-sao-arrogantes\/","url_meta":{"origin":17369,"position":0},"title":"E Quando os Filhos S\u00e3o Arrogantes?","author":"Gerson Guelmann","date":"18 de junho de 2019","format":false,"excerpt":"Rossandro Klinjey \u00e9 Psic\u00f3logo Cl\u00ednico e palestrante. Seus v\u00eddeos enfocam temas ligados principalmente ao relacionamento familiar e s\u00e3o muito divulgados nas redes. J\u00e1 publiquei aqui no Blog trecho de uma palestra dele e hoje compartilho outro, onde ele fala da arrog\u00e2ncia dos filhos ao menosprezar o trabalho e as conquistas\u2026","rel":"","context":"Em &quot;Sem categoria&quot;","block_context":{"text":"Sem categoria","link":"https:\/\/gersonguelmann.com.br\/blog\/category\/sem-categoria\/"},"img":{"alt_text":"","src":"https:\/\/i0.wp.com\/gersonguelmann.com.br\/blog\/wp-content\/uploads\/2019\/06\/son-arrogance.jpg?fit=960%2C540&ssl=1&resize=350%2C200","width":350,"height":200,"srcset":"https:\/\/i0.wp.com\/gersonguelmann.com.br\/blog\/wp-content\/uploads\/2019\/06\/son-arrogance.jpg?fit=960%2C540&ssl=1&resize=350%2C200 1x, https:\/\/i0.wp.com\/gersonguelmann.com.br\/blog\/wp-content\/uploads\/2019\/06\/son-arrogance.jpg?fit=960%2C540&ssl=1&resize=525%2C300 1.5x, https:\/\/i0.wp.com\/gersonguelmann.com.br\/blog\/wp-content\/uploads\/2019\/06\/son-arrogance.jpg?fit=960%2C540&ssl=1&resize=700%2C400 2x"},"classes":[]},{"id":7595,"url":"https:\/\/gersonguelmann.com.br\/blog\/os-pais-envelhecem-nao-voltam-mais\/","url_meta":{"origin":17369,"position":1},"title":"Os Pais Envelhecem e N\u00e3o Voltam Mais","author":"Gerson Guelmann","date":"25 de janeiro de 2018","format":false,"excerpt":"Foto: \u00a0Nina Hill - Unsplash Talvez a mais rica, forte e profunda experi\u00eancia da caminhada humana seja a de ter um filho. Plena de emo\u00e7\u00f5es, por vezes angustiante, ser pai ou m\u00e3e \u00e9 provar os limites que constituem o sal e o mel do ato de amar algu\u00e9m. \u00a0 Quando\u2026","rel":"","context":"Em &quot;Sem categoria&quot;","block_context":{"text":"Sem categoria","link":"https:\/\/gersonguelmann.com.br\/blog\/category\/sem-categoria\/"},"img":{"alt_text":"","src":"https:\/\/i0.wp.com\/gersonguelmann.com.br\/blog\/wp-content\/uploads\/2018\/01\/PAIS-1-scaled.jpg?fit=955%2C1200&ssl=1&resize=350%2C200","width":350,"height":200,"srcset":"https:\/\/i0.wp.com\/gersonguelmann.com.br\/blog\/wp-content\/uploads\/2018\/01\/PAIS-1-scaled.jpg?fit=955%2C1200&ssl=1&resize=350%2C200 1x, https:\/\/i0.wp.com\/gersonguelmann.com.br\/blog\/wp-content\/uploads\/2018\/01\/PAIS-1-scaled.jpg?fit=955%2C1200&ssl=1&resize=525%2C300 1.5x, https:\/\/i0.wp.com\/gersonguelmann.com.br\/blog\/wp-content\/uploads\/2018\/01\/PAIS-1-scaled.jpg?fit=955%2C1200&ssl=1&resize=700%2C400 2x"},"classes":[]},{"id":1658,"url":"https:\/\/gersonguelmann.com.br\/blog\/citacoes-e-proverbios-judaicos-1\/","url_meta":{"origin":17369,"position":2},"title":"Cita\u00e7\u00f5es e Prov\u00e9rbios Judaicos (1)","author":"Gerson Guelmann","date":"8 de dezembro de 2020","format":false,"excerpt":"- \u201c\u00c9 preciso continuar vivendo, nem que seja para satisfazer a curiosidade.\u201d - \u201cQuando os filhos s\u00e3o pequenos, seus pais falam de sua intelig\u00eancia; quando os pais s\u00e3o velhos, seus filhos falam de sua ignor\u00e2ncia.\u201d \u00a0- \u201cO que um tolo estraga, dez s\u00e1bios n\u00e3o conseguem consertar.\u201c - \u201cO orgulho \u00e9\u2026","rel":"","context":"Em &quot;Sem categoria&quot;","block_context":{"text":"Sem categoria","link":"https:\/\/gersonguelmann.com.br\/blog\/category\/sem-categoria\/"},"img":{"alt_text":"","src":"https:\/\/i0.wp.com\/gersonguelmann.com.br\/blog\/wp-content\/uploads\/2020\/12\/DINHEIRO-200x300.jpg?resize=350%2C200&ssl=1","width":350,"height":200},"classes":[]},{"id":21847,"url":"https:\/\/gersonguelmann.com.br\/blog\/os-maiores-arrependimentos-da-vida-13-e-14\/","url_meta":{"origin":17369,"position":3},"title":"Os Maiores Arrependimentos da Vida &#8211; 13 e 14","author":"Gerson Guelmann","date":"24 de mar\u00e7o de 2021","format":false,"excerpt":"Vamos l\u00e1? Ap\u00f3s a interrup\u00e7\u00e3o de ontem, mais dois t\u00f3picos da s\u00e9rie: 13. Ter ensinado meus filhos a fazer mais coisas. As crian\u00e7as amam seus pais e adoram fazer coisas com eles. E n\u00e3o precisa ser um per\u00edodo de f\u00e9rias no Four Seasons. Pode ser varrer as folhas, aprender a\u2026","rel":"","context":"Em &quot;Sem categoria&quot;","block_context":{"text":"Sem categoria","link":"https:\/\/gersonguelmann.com.br\/blog\/category\/sem-categoria\/"},"img":{"alt_text":"","src":"https:\/\/i0.wp.com\/gersonguelmann.com.br\/blog\/wp-content\/uploads\/2021\/03\/grave-15623_1920.jpg?fit=1200%2C805&ssl=1&resize=350%2C200","width":350,"height":200,"srcset":"https:\/\/i0.wp.com\/gersonguelmann.com.br\/blog\/wp-content\/uploads\/2021\/03\/grave-15623_1920.jpg?fit=1200%2C805&ssl=1&resize=350%2C200 1x, https:\/\/i0.wp.com\/gersonguelmann.com.br\/blog\/wp-content\/uploads\/2021\/03\/grave-15623_1920.jpg?fit=1200%2C805&ssl=1&resize=525%2C300 1.5x, https:\/\/i0.wp.com\/gersonguelmann.com.br\/blog\/wp-content\/uploads\/2021\/03\/grave-15623_1920.jpg?fit=1200%2C805&ssl=1&resize=700%2C400 2x, https:\/\/i0.wp.com\/gersonguelmann.com.br\/blog\/wp-content\/uploads\/2021\/03\/grave-15623_1920.jpg?fit=1200%2C805&ssl=1&resize=1050%2C600 3x"},"classes":[]},{"id":16824,"url":"https:\/\/gersonguelmann.com.br\/blog\/porque-maes-e-pais-confundem-os-nomes-dos-filhos\/","url_meta":{"origin":17369,"position":4},"title":"Porque M\u00e3es (e Pais) Confundem os Nomes dos Filhos?","author":"Gerson Guelmann","date":"17 de abril de 2023","format":false,"excerpt":"Conhece alguma fam\u00edlia onde NUNCA foi feita sequer UMA confus\u00e3o com o nome dos filhos? Dif\u00edcil, n\u00e9? Pois existem estudos mostrando que n\u00e3o h\u00e1 raz\u00e3o para que pais e m\u00e3es se preocupem com isso, pelo contr\u00e1rio. E mais: a primeira coisa descartada \u00e9 que a causa tenha a ver com\u2026","rel":"","context":"Em &quot;Sem categoria&quot;","block_context":{"text":"Sem categoria","link":"https:\/\/gersonguelmann.com.br\/blog\/category\/sem-categoria\/"},"img":{"alt_text":"","src":"https:\/\/i0.wp.com\/gersonguelmann.com.br\/blog\/wp-content\/uploads\/2019\/05\/HojePR-1-200x300.jpg?resize=350%2C200&ssl=1","width":350,"height":200},"classes":[]},{"id":16155,"url":"https:\/\/gersonguelmann.com.br\/blog\/os-filhos-perdidos-nos-quartos\/","url_meta":{"origin":17369,"position":5},"title":"Os Filhos Perdidos nos Quartos&#8230;","author":"Gerson Guelmann","date":"15 de mar\u00e7o de 2019","format":false,"excerpt":"Cassiana Tardivo \u00e9 uma Psicopedagoga paulista que atua h\u00e1 mais de 20 anos em Educa\u00e7\u00e3o, trabalhando especialmente em orienta\u00e7\u00e3o educacional \u00e0 crian\u00e7as, adolescentes e pais. Ela mant\u00e9m um Blog, onde em 2016 publicou um artigo que interessa a todos que t\u00eam filhos pequenos e adolescentes. O texto foi largamente difundido\u2026","rel":"","context":"Em &quot;Sem categoria&quot;","block_context":{"text":"Sem categoria","link":"https:\/\/gersonguelmann.com.br\/blog\/category\/sem-categoria\/"},"img":{"alt_text":"","src":"https:\/\/i0.wp.com\/gersonguelmann.com.br\/blog\/wp-content\/uploads\/2019\/03\/Child.jpg?fit=960%2C682&ssl=1&resize=350%2C200","width":350,"height":200,"srcset":"https:\/\/i0.wp.com\/gersonguelmann.com.br\/blog\/wp-content\/uploads\/2019\/03\/Child.jpg?fit=960%2C682&ssl=1&resize=350%2C200 1x, https:\/\/i0.wp.com\/gersonguelmann.com.br\/blog\/wp-content\/uploads\/2019\/03\/Child.jpg?fit=960%2C682&ssl=1&resize=525%2C300 1.5x, https:\/\/i0.wp.com\/gersonguelmann.com.br\/blog\/wp-content\/uploads\/2019\/03\/Child.jpg?fit=960%2C682&ssl=1&resize=700%2C400 2x"},"classes":[]}],"jetpack_sharing_enabled":true,"post_mailing_queue_ids":[],"_links":{"self":[{"href":"https:\/\/gersonguelmann.com.br\/blog\/wp-json\/wp\/v2\/posts\/17369","targetHints":{"allow":["GET"]}}],"collection":[{"href":"https:\/\/gersonguelmann.com.br\/blog\/wp-json\/wp\/v2\/posts"}],"about":[{"href":"https:\/\/gersonguelmann.com.br\/blog\/wp-json\/wp\/v2\/types\/post"}],"author":[{"embeddable":true,"href":"https:\/\/gersonguelmann.com.br\/blog\/wp-json\/wp\/v2\/users\/5"}],"replies":[{"embeddable":true,"href":"https:\/\/gersonguelmann.com.br\/blog\/wp-json\/wp\/v2\/comments?post=17369"}],"version-history":[{"count":0,"href":"https:\/\/gersonguelmann.com.br\/blog\/wp-json\/wp\/v2\/posts\/17369\/revisions"}],"wp:featuredmedia":[{"embeddable":true,"href":"https:\/\/gersonguelmann.com.br\/blog\/wp-json\/wp\/v2\/media\/17371"}],"wp:attachment":[{"href":"https:\/\/gersonguelmann.com.br\/blog\/wp-json\/wp\/v2\/media?parent=17369"}],"wp:term":[{"taxonomy":"category","embeddable":true,"href":"https:\/\/gersonguelmann.com.br\/blog\/wp-json\/wp\/v2\/categories?post=17369"},{"taxonomy":"post_tag","embeddable":true,"href":"https:\/\/gersonguelmann.com.br\/blog\/wp-json\/wp\/v2\/tags?post=17369"}],"curies":[{"name":"wp","href":"https:\/\/api.w.org\/{rel}","templated":true}]}}