    {"id":17407,"date":"2019-07-09T21:27:42","date_gmt":"2019-07-10T00:27:42","guid":{"rendered":"https:\/\/gersonguelmann.com.br\/blog\/?p=17407"},"modified":"2019-07-09T21:52:56","modified_gmt":"2019-07-10T00:52:56","slug":"a-mascara-de-oxigenio-do-aviao-e-o-egoismo","status":"publish","type":"post","link":"https:\/\/gersonguelmann.com.br\/blog\/a-mascara-de-oxigenio-do-aviao-e-o-egoismo\/","title":{"rendered":"A M\u00e1scara de Oxig\u00eanio do Avi\u00e3o e o Ego\u00edsmo"},"content":{"rendered":"<div style=\"text-align: center;\"><img data-recalc-dims=\"1\" fetchpriority=\"high\" decoding=\"async\" data-attachment-id=\"17409\" data-permalink=\"https:\/\/gersonguelmann.com.br\/blog\/a-mascara-de-oxigenio-do-aviao-e-o-egoismo\/oxygen-mask-plane-emergency\/\" data-orig-file=\"https:\/\/i0.wp.com\/gersonguelmann.com.br\/blog\/wp-content\/uploads\/2019\/07\/oxygen-mask-plane-emergency.jpeg?fit=750%2C422&amp;ssl=1\" data-orig-size=\"750,422\" data-comments-opened=\"1\" data-image-meta=\"{&quot;aperture&quot;:&quot;0&quot;,&quot;credit&quot;:&quot;&quot;,&quot;camera&quot;:&quot;&quot;,&quot;caption&quot;:&quot;&quot;,&quot;created_timestamp&quot;:&quot;0&quot;,&quot;copyright&quot;:&quot;&quot;,&quot;focal_length&quot;:&quot;0&quot;,&quot;iso&quot;:&quot;0&quot;,&quot;shutter_speed&quot;:&quot;0&quot;,&quot;title&quot;:&quot;&quot;,&quot;orientation&quot;:&quot;0&quot;}\" data-image-title=\"oxygen mask plane emergency\" data-image-description=\"\" data-image-caption=\"\" data-medium-file=\"https:\/\/i0.wp.com\/gersonguelmann.com.br\/blog\/wp-content\/uploads\/2019\/07\/oxygen-mask-plane-emergency.jpeg?fit=300%2C169&amp;ssl=1\" data-large-file=\"https:\/\/i0.wp.com\/gersonguelmann.com.br\/blog\/wp-content\/uploads\/2019\/07\/oxygen-mask-plane-emergency.jpeg?fit=640%2C360&amp;ssl=1\" class=\"alignnone size-medium wp-image-17409\" src=\"https:\/\/i0.wp.com\/gersonguelmann.com.br\/blog\/wp-content\/uploads\/2019\/07\/oxygen-mask-plane-emergency-300x169.jpeg?resize=300%2C169&#038;ssl=1\" alt=\"\" width=\"300\" height=\"169\" srcset=\"https:\/\/i0.wp.com\/gersonguelmann.com.br\/blog\/wp-content\/uploads\/2019\/07\/oxygen-mask-plane-emergency.jpeg?resize=300%2C169&amp;ssl=1 300w, https:\/\/i0.wp.com\/gersonguelmann.com.br\/blog\/wp-content\/uploads\/2019\/07\/oxygen-mask-plane-emergency.jpeg?w=750&amp;ssl=1 750w\" sizes=\"(max-width: 300px) 100vw, 300px\" \/><\/div>\n<div><\/div>\n<div id=\"kAz1tf\" class=\"g9WsWb\">\n<div id=\"tw-target-text-container\" class=\"tw-ta-container tw-nfl\"><span lang=\"pt\" style=\"font-family: georgia, palatino, serif; font-size: 18pt; color: #000000;\" tabindex=\"0\"><span lang=\"pt\" style=\"font-family: georgia, palatino, serif; font-size: 18pt; color: #000000;\" tabindex=\"0\">Todos os passageiros de avi\u00e3o j\u00e1 ouviram a recomenda\u00e7\u00e3o dos comiss\u00e1rios de bordo ao dar as instru\u00e7\u00f5es antes do in\u00edcio do voo:<br \/>\n<em>&#8211; no caso de despressuriza\u00e7\u00e3o da cabine e queda das m\u00e1scaras de oxig\u00eanio, primeiro fixe a tua pr\u00f3pria e s\u00f3 depois ajude o passageiro que estiver ao teu lado.<\/em><\/span><\/span>&nbsp;<\/p>\n<\/div>\n<div class=\"tw-ta-container tw-nfl\">\n<p><span style=\"font-family: georgia, palatino, serif; font-size: 18pt; color: #000000;\"><span lang=\"pt\" tabindex=\"0\">Claro que deve ser dif\u00edcil agir dessa forma se a pessoa na poltrona vizinha for um filho ou outra pessoa que voc\u00ea ame, mas \u00e9 <\/span><span lang=\"pt\" tabindex=\"0\">o que deve ser feito sob pena de ambos desfalecerem por falta de oxig\u00eanio.<\/span><\/span><\/p>\n<p>&nbsp;<\/p>\n<\/div>\n<div><\/div>\n<div class=\"tw-ta-container tw-nfl\">\n<p><span lang=\"pt\" style=\"font-family: georgia, palatino, serif; font-size: 18pt; color: #000000;\" tabindex=\"0\"> Essa orienta\u00e7\u00e3o deu margem \u00e0 formula\u00e7\u00e3o da chamada <em>Teoria da M\u00e1scara de Oxig\u00eanio &#8211; Uma Li\u00e7\u00e3o de Ego\u00edsmo<\/em>, usada para demonstrar que somente as pessoas que est\u00e3o bem podem ajudar as outras.<\/span><\/p>\n<p>&nbsp;<\/p>\n<\/div>\n<div><\/div>\n<div class=\"tw-ta-container tw-nfl\">\n<p><span lang=\"pt\" style=\"font-family: georgia, palatino, serif; font-size: 18pt; color: #000000;\" tabindex=\"0\">Faz sentido, n\u00e3o?<\/span><\/p>\n<p>&nbsp;<\/p>\n<\/div>\n<div><\/div>\n<div class=\"tw-ta-container tw-nfl\">\n<p><span style=\"font-family: georgia, palatino, serif; font-size: 18pt; color: #000000;\"><span lang=\"pt\" tabindex=\"0\">Um artigo que li a respeito diz que o cen\u00e1rio da emerg\u00eancia no avi\u00e3o mostra que essa \u00e9 mais uma quest\u00e3o de <em><strong>dar<\/strong><\/em> do que <em><strong>receber<\/strong><\/em>, ou seja, <\/span>ao ajudar a si mesmo voc\u00ea estar\u00e1 se habilitando a ajudar os outros.<\/span><\/p>\n<p>&nbsp;<\/p>\n<\/div>\n<\/div>\n<div><\/div>\n<div>\n<p><span style=\"font-family: georgia, palatino, serif; font-size: 18pt; color: #000000;\">O v\u00eddeo abaixo fala sobre isso.<\/span><\/p>\n<p>&nbsp;<\/p>\n<\/div>\n<div><\/div>\n<div><span style=\"font-family: georgia, palatino, serif; font-size: 18pt; color: #000000;\">Ele est\u00e1 em ingl\u00eas, com legendas no mesmo idioma, o que facilita a compreens\u00e3o.<\/span><\/div>\n<p>&nbsp;<\/p>\n<p><span class=\"embed-youtube\" style=\"text-align:center; display: block;\"><iframe class=\"youtube-player\" width=\"640\" height=\"360\" src=\"https:\/\/www.youtube.com\/embed\/FV6MlZmOvT0?version=3&#038;rel=1&#038;showsearch=0&#038;showinfo=1&#038;iv_load_policy=1&#038;fs=1&#038;hl=pt-BR&#038;autohide=2&#038;wmode=transparent\" allowfullscreen=\"true\" style=\"border:0;\" sandbox=\"allow-scripts allow-same-origin allow-popups allow-presentation allow-popups-to-escape-sandbox\"><\/iframe><\/span><\/p>\n","protected":false},"excerpt":{"rendered":"<p>Todos os passageiros de avi\u00e3o j\u00e1 ouviram a recomenda\u00e7\u00e3o dos comiss\u00e1rios de bordo ao dar as instru\u00e7\u00f5es antes do in\u00edcio do voo: &#8211; no caso de despressuriza\u00e7\u00e3o da cabine e queda das m\u00e1scaras de oxig\u00eanio, primeiro fixe a tua pr\u00f3pria e s\u00f3 depois ajude o passageiro que estiver ao teu lado.&nbsp; Claro que deve ser [&hellip;]<\/p>\n","protected":false},"author":5,"featured_media":17409,"comment_status":"open","ping_status":"open","sticky":false,"template":"","format":"standard","meta":{"_acf_changed":false,"jetpack_post_was_ever_published":false,"_jetpack_newsletter_access":"","_jetpack_dont_email_post_to_subs":false,"_jetpack_newsletter_tier_id":0,"_jetpack_memberships_contains_paywalled_content":false,"_jetpack_memberships_contains_paid_content":false,"footnotes":"","jetpack_publicize_message":"","jetpack_publicize_feature_enabled":true,"jetpack_social_post_already_shared":true,"jetpack_social_options":{"image_generator_settings":{"template":"highway","default_image_id":0,"font":"","enabled":false},"version":2}},"categories":[1],"tags":[],"class_list":["post-17407","post","type-post","status-publish","format-standard","has-post-thumbnail","hentry","category-sem-categoria"],"acf":[],"yoast_head":"<!-- This site is optimized with the Yoast SEO plugin v27.3 - https:\/\/yoast.com\/product\/yoast-seo-wordpress\/ -->\n<title>A M\u00e1scara de Oxig\u00eanio do Avi\u00e3o e o Ego\u00edsmo | Blog do Guelmann<\/title>\n<meta name=\"robots\" content=\"index, follow, max-snippet:-1, max-image-preview:large, max-video-preview:-1\" \/>\n<link rel=\"canonical\" href=\"https:\/\/gersonguelmann.com.br\/blog\/a-mascara-de-oxigenio-do-aviao-e-o-egoismo\/\" \/>\n<meta property=\"og:locale\" content=\"pt_BR\" \/>\n<meta property=\"og:type\" content=\"article\" \/>\n<meta property=\"og:title\" content=\"A M\u00e1scara de Oxig\u00eanio do Avi\u00e3o e o Ego\u00edsmo | Blog do Guelmann\" \/>\n<meta property=\"og:description\" content=\"Todos os passageiros de avi\u00e3o j\u00e1 ouviram a recomenda\u00e7\u00e3o dos comiss\u00e1rios de bordo ao dar as instru\u00e7\u00f5es antes do in\u00edcio do voo: &#8211; no caso de despressuriza\u00e7\u00e3o da cabine e queda das m\u00e1scaras de oxig\u00eanio, primeiro fixe a tua pr\u00f3pria e s\u00f3 depois ajude o passageiro que estiver ao teu lado.&nbsp; Claro que deve ser [&hellip;]\" \/>\n<meta property=\"og:url\" content=\"https:\/\/gersonguelmann.com.br\/blog\/a-mascara-de-oxigenio-do-aviao-e-o-egoismo\/\" \/>\n<meta property=\"og:site_name\" content=\"Blog do Guelmann\" \/>\n<meta property=\"article:published_time\" content=\"2019-07-10T00:27:42+00:00\" \/>\n<meta property=\"article:modified_time\" content=\"2019-07-10T00:52:56+00:00\" \/>\n<meta property=\"og:image\" content=\"https:\/\/i0.wp.com\/gersonguelmann.com.br\/blog\/wp-content\/uploads\/2019\/07\/oxygen-mask-plane-emergency.jpeg?fit=750%2C422&ssl=1\" \/>\n\t<meta property=\"og:image:width\" content=\"750\" \/>\n\t<meta property=\"og:image:height\" content=\"422\" \/>\n\t<meta property=\"og:image:type\" content=\"image\/jpeg\" \/>\n<meta name=\"author\" content=\"Gerson Guelmann\" \/>\n<meta name=\"twitter:card\" content=\"summary_large_image\" \/>\n<meta name=\"twitter:label1\" content=\"Escrito por\" \/>\n\t<meta name=\"twitter:data1\" content=\"Gerson Guelmann\" \/>\n\t<meta name=\"twitter:label2\" content=\"Est. tempo de leitura\" \/>\n\t<meta name=\"twitter:data2\" content=\"1 minuto\" \/>\n<script type=\"application\/ld+json\" class=\"yoast-schema-graph\">{\"@context\":\"https:\\\/\\\/schema.org\",\"@graph\":[{\"@type\":\"Article\",\"@id\":\"https:\\\/\\\/gersonguelmann.com.br\\\/blog\\\/a-mascara-de-oxigenio-do-aviao-e-o-egoismo\\\/#article\",\"isPartOf\":{\"@id\":\"https:\\\/\\\/gersonguelmann.com.br\\\/blog\\\/a-mascara-de-oxigenio-do-aviao-e-o-egoismo\\\/\"},\"author\":{\"name\":\"Gerson Guelmann\",\"@id\":\"https:\\\/\\\/gersonguelmann.com.br\\\/blog\\\/#\\\/schema\\\/person\\\/87e70e2a786888082f941a482c90569e\"},\"headline\":\"A M\u00e1scara de Oxig\u00eanio do Avi\u00e3o e o Ego\u00edsmo\",\"datePublished\":\"2019-07-10T00:27:42+00:00\",\"dateModified\":\"2019-07-10T00:52:56+00:00\",\"mainEntityOfPage\":{\"@id\":\"https:\\\/\\\/gersonguelmann.com.br\\\/blog\\\/a-mascara-de-oxigenio-do-aviao-e-o-egoismo\\\/\"},\"wordCount\":237,\"commentCount\":0,\"image\":{\"@id\":\"https:\\\/\\\/gersonguelmann.com.br\\\/blog\\\/a-mascara-de-oxigenio-do-aviao-e-o-egoismo\\\/#primaryimage\"},\"thumbnailUrl\":\"https:\\\/\\\/i0.wp.com\\\/gersonguelmann.com.br\\\/blog\\\/wp-content\\\/uploads\\\/2019\\\/07\\\/oxygen-mask-plane-emergency.jpeg?fit=750%2C422&ssl=1\",\"inLanguage\":\"pt-BR\",\"potentialAction\":[{\"@type\":\"CommentAction\",\"name\":\"Comment\",\"target\":[\"https:\\\/\\\/gersonguelmann.com.br\\\/blog\\\/a-mascara-de-oxigenio-do-aviao-e-o-egoismo\\\/#respond\"]}]},{\"@type\":\"WebPage\",\"@id\":\"https:\\\/\\\/gersonguelmann.com.br\\\/blog\\\/a-mascara-de-oxigenio-do-aviao-e-o-egoismo\\\/\",\"url\":\"https:\\\/\\\/gersonguelmann.com.br\\\/blog\\\/a-mascara-de-oxigenio-do-aviao-e-o-egoismo\\\/\",\"name\":\"A M\u00e1scara de Oxig\u00eanio do Avi\u00e3o e o Ego\u00edsmo | Blog do Guelmann\",\"isPartOf\":{\"@id\":\"https:\\\/\\\/gersonguelmann.com.br\\\/blog\\\/#website\"},\"primaryImageOfPage\":{\"@id\":\"https:\\\/\\\/gersonguelmann.com.br\\\/blog\\\/a-mascara-de-oxigenio-do-aviao-e-o-egoismo\\\/#primaryimage\"},\"image\":{\"@id\":\"https:\\\/\\\/gersonguelmann.com.br\\\/blog\\\/a-mascara-de-oxigenio-do-aviao-e-o-egoismo\\\/#primaryimage\"},\"thumbnailUrl\":\"https:\\\/\\\/i0.wp.com\\\/gersonguelmann.com.br\\\/blog\\\/wp-content\\\/uploads\\\/2019\\\/07\\\/oxygen-mask-plane-emergency.jpeg?fit=750%2C422&ssl=1\",\"datePublished\":\"2019-07-10T00:27:42+00:00\",\"dateModified\":\"2019-07-10T00:52:56+00:00\",\"author\":{\"@id\":\"https:\\\/\\\/gersonguelmann.com.br\\\/blog\\\/#\\\/schema\\\/person\\\/87e70e2a786888082f941a482c90569e\"},\"inLanguage\":\"pt-BR\",\"potentialAction\":[{\"@type\":\"ReadAction\",\"target\":[\"https:\\\/\\\/gersonguelmann.com.br\\\/blog\\\/a-mascara-de-oxigenio-do-aviao-e-o-egoismo\\\/\"]}]},{\"@type\":\"ImageObject\",\"inLanguage\":\"pt-BR\",\"@id\":\"https:\\\/\\\/gersonguelmann.com.br\\\/blog\\\/a-mascara-de-oxigenio-do-aviao-e-o-egoismo\\\/#primaryimage\",\"url\":\"https:\\\/\\\/i0.wp.com\\\/gersonguelmann.com.br\\\/blog\\\/wp-content\\\/uploads\\\/2019\\\/07\\\/oxygen-mask-plane-emergency.jpeg?fit=750%2C422&ssl=1\",\"contentUrl\":\"https:\\\/\\\/i0.wp.com\\\/gersonguelmann.com.br\\\/blog\\\/wp-content\\\/uploads\\\/2019\\\/07\\\/oxygen-mask-plane-emergency.jpeg?fit=750%2C422&ssl=1\",\"width\":750,\"height\":422},{\"@type\":\"WebSite\",\"@id\":\"https:\\\/\\\/gersonguelmann.com.br\\\/blog\\\/#website\",\"url\":\"https:\\\/\\\/gersonguelmann.com.br\\\/blog\\\/\",\"name\":\"Blog do Guelmann\",\"description\":\"Pitadas da sabedoria e do humor judaicos, assuntos do momento e um pouco das hist\u00f3rias que vivi e testemunhei.\",\"potentialAction\":[{\"@type\":\"SearchAction\",\"target\":{\"@type\":\"EntryPoint\",\"urlTemplate\":\"https:\\\/\\\/gersonguelmann.com.br\\\/blog\\\/?s={search_term_string}\"},\"query-input\":{\"@type\":\"PropertyValueSpecification\",\"valueRequired\":true,\"valueName\":\"search_term_string\"}}],\"inLanguage\":\"pt-BR\"},{\"@type\":\"Person\",\"@id\":\"https:\\\/\\\/gersonguelmann.com.br\\\/blog\\\/#\\\/schema\\\/person\\\/87e70e2a786888082f941a482c90569e\",\"name\":\"Gerson Guelmann\",\"image\":{\"@type\":\"ImageObject\",\"inLanguage\":\"pt-BR\",\"@id\":\"https:\\\/\\\/i0.wp.com\\\/gersonguelmann.com.br\\\/blog\\\/wp-content\\\/uploads\\\/2021\\\/08\\\/BLOG.jpeg?fit=96%2C96&ssl=1\",\"url\":\"https:\\\/\\\/i0.wp.com\\\/gersonguelmann.com.br\\\/blog\\\/wp-content\\\/uploads\\\/2021\\\/08\\\/BLOG.jpeg?fit=96%2C96&ssl=1\",\"contentUrl\":\"https:\\\/\\\/i0.wp.com\\\/gersonguelmann.com.br\\\/blog\\\/wp-content\\\/uploads\\\/2021\\\/08\\\/BLOG.jpeg?fit=96%2C96&ssl=1\",\"caption\":\"Gerson Guelmann\"},\"description\":\"Pitadas da sabedoria e do humor judaicos, assuntos do momento e um pouco das hist\u00f3rias que vivi e testemunhei.\"}]}<\/script>\n<!-- \/ Yoast SEO plugin. -->","yoast_head_json":{"title":"A M\u00e1scara de Oxig\u00eanio do Avi\u00e3o e o Ego\u00edsmo | Blog do Guelmann","robots":{"index":"index","follow":"follow","max-snippet":"max-snippet:-1","max-image-preview":"max-image-preview:large","max-video-preview":"max-video-preview:-1"},"canonical":"https:\/\/gersonguelmann.com.br\/blog\/a-mascara-de-oxigenio-do-aviao-e-o-egoismo\/","og_locale":"pt_BR","og_type":"article","og_title":"A M\u00e1scara de Oxig\u00eanio do Avi\u00e3o e o Ego\u00edsmo | Blog do Guelmann","og_description":"Todos os passageiros de avi\u00e3o j\u00e1 ouviram a recomenda\u00e7\u00e3o dos comiss\u00e1rios de bordo ao dar as instru\u00e7\u00f5es antes do in\u00edcio do voo: &#8211; no caso de despressuriza\u00e7\u00e3o da cabine e queda das m\u00e1scaras de oxig\u00eanio, primeiro fixe a tua pr\u00f3pria e s\u00f3 depois ajude o passageiro que estiver ao teu lado.&nbsp; Claro que deve ser [&hellip;]","og_url":"https:\/\/gersonguelmann.com.br\/blog\/a-mascara-de-oxigenio-do-aviao-e-o-egoismo\/","og_site_name":"Blog do Guelmann","article_published_time":"2019-07-10T00:27:42+00:00","article_modified_time":"2019-07-10T00:52:56+00:00","og_image":[{"width":750,"height":422,"url":"https:\/\/i0.wp.com\/gersonguelmann.com.br\/blog\/wp-content\/uploads\/2019\/07\/oxygen-mask-plane-emergency.jpeg?fit=750%2C422&ssl=1","type":"image\/jpeg"}],"author":"Gerson Guelmann","twitter_card":"summary_large_image","twitter_misc":{"Escrito por":"Gerson Guelmann","Est. tempo de leitura":"1 minuto"},"schema":{"@context":"https:\/\/schema.org","@graph":[{"@type":"Article","@id":"https:\/\/gersonguelmann.com.br\/blog\/a-mascara-de-oxigenio-do-aviao-e-o-egoismo\/#article","isPartOf":{"@id":"https:\/\/gersonguelmann.com.br\/blog\/a-mascara-de-oxigenio-do-aviao-e-o-egoismo\/"},"author":{"name":"Gerson Guelmann","@id":"https:\/\/gersonguelmann.com.br\/blog\/#\/schema\/person\/87e70e2a786888082f941a482c90569e"},"headline":"A M\u00e1scara de Oxig\u00eanio do Avi\u00e3o e o Ego\u00edsmo","datePublished":"2019-07-10T00:27:42+00:00","dateModified":"2019-07-10T00:52:56+00:00","mainEntityOfPage":{"@id":"https:\/\/gersonguelmann.com.br\/blog\/a-mascara-de-oxigenio-do-aviao-e-o-egoismo\/"},"wordCount":237,"commentCount":0,"image":{"@id":"https:\/\/gersonguelmann.com.br\/blog\/a-mascara-de-oxigenio-do-aviao-e-o-egoismo\/#primaryimage"},"thumbnailUrl":"https:\/\/i0.wp.com\/gersonguelmann.com.br\/blog\/wp-content\/uploads\/2019\/07\/oxygen-mask-plane-emergency.jpeg?fit=750%2C422&ssl=1","inLanguage":"pt-BR","potentialAction":[{"@type":"CommentAction","name":"Comment","target":["https:\/\/gersonguelmann.com.br\/blog\/a-mascara-de-oxigenio-do-aviao-e-o-egoismo\/#respond"]}]},{"@type":"WebPage","@id":"https:\/\/gersonguelmann.com.br\/blog\/a-mascara-de-oxigenio-do-aviao-e-o-egoismo\/","url":"https:\/\/gersonguelmann.com.br\/blog\/a-mascara-de-oxigenio-do-aviao-e-o-egoismo\/","name":"A M\u00e1scara de Oxig\u00eanio do Avi\u00e3o e o Ego\u00edsmo | Blog do Guelmann","isPartOf":{"@id":"https:\/\/gersonguelmann.com.br\/blog\/#website"},"primaryImageOfPage":{"@id":"https:\/\/gersonguelmann.com.br\/blog\/a-mascara-de-oxigenio-do-aviao-e-o-egoismo\/#primaryimage"},"image":{"@id":"https:\/\/gersonguelmann.com.br\/blog\/a-mascara-de-oxigenio-do-aviao-e-o-egoismo\/#primaryimage"},"thumbnailUrl":"https:\/\/i0.wp.com\/gersonguelmann.com.br\/blog\/wp-content\/uploads\/2019\/07\/oxygen-mask-plane-emergency.jpeg?fit=750%2C422&ssl=1","datePublished":"2019-07-10T00:27:42+00:00","dateModified":"2019-07-10T00:52:56+00:00","author":{"@id":"https:\/\/gersonguelmann.com.br\/blog\/#\/schema\/person\/87e70e2a786888082f941a482c90569e"},"inLanguage":"pt-BR","potentialAction":[{"@type":"ReadAction","target":["https:\/\/gersonguelmann.com.br\/blog\/a-mascara-de-oxigenio-do-aviao-e-o-egoismo\/"]}]},{"@type":"ImageObject","inLanguage":"pt-BR","@id":"https:\/\/gersonguelmann.com.br\/blog\/a-mascara-de-oxigenio-do-aviao-e-o-egoismo\/#primaryimage","url":"https:\/\/i0.wp.com\/gersonguelmann.com.br\/blog\/wp-content\/uploads\/2019\/07\/oxygen-mask-plane-emergency.jpeg?fit=750%2C422&ssl=1","contentUrl":"https:\/\/i0.wp.com\/gersonguelmann.com.br\/blog\/wp-content\/uploads\/2019\/07\/oxygen-mask-plane-emergency.jpeg?fit=750%2C422&ssl=1","width":750,"height":422},{"@type":"WebSite","@id":"https:\/\/gersonguelmann.com.br\/blog\/#website","url":"https:\/\/gersonguelmann.com.br\/blog\/","name":"Blog do Guelmann","description":"Pitadas da sabedoria e do humor judaicos, assuntos do momento e um pouco das hist\u00f3rias que vivi e testemunhei.","potentialAction":[{"@type":"SearchAction","target":{"@type":"EntryPoint","urlTemplate":"https:\/\/gersonguelmann.com.br\/blog\/?s={search_term_string}"},"query-input":{"@type":"PropertyValueSpecification","valueRequired":true,"valueName":"search_term_string"}}],"inLanguage":"pt-BR"},{"@type":"Person","@id":"https:\/\/gersonguelmann.com.br\/blog\/#\/schema\/person\/87e70e2a786888082f941a482c90569e","name":"Gerson Guelmann","image":{"@type":"ImageObject","inLanguage":"pt-BR","@id":"https:\/\/i0.wp.com\/gersonguelmann.com.br\/blog\/wp-content\/uploads\/2021\/08\/BLOG.jpeg?fit=96%2C96&ssl=1","url":"https:\/\/i0.wp.com\/gersonguelmann.com.br\/blog\/wp-content\/uploads\/2021\/08\/BLOG.jpeg?fit=96%2C96&ssl=1","contentUrl":"https:\/\/i0.wp.com\/gersonguelmann.com.br\/blog\/wp-content\/uploads\/2021\/08\/BLOG.jpeg?fit=96%2C96&ssl=1","caption":"Gerson Guelmann"},"description":"Pitadas da sabedoria e do humor judaicos, assuntos do momento e um pouco das hist\u00f3rias que vivi e testemunhei."}]}},"views":166,"jetpack_publicize_connections":[],"jetpack_featured_media_url":"https:\/\/i0.wp.com\/gersonguelmann.com.br\/blog\/wp-content\/uploads\/2019\/07\/oxygen-mask-plane-emergency.jpeg?fit=750%2C422&ssl=1","jetpack_shortlink":"https:\/\/wp.me\/p96e7O-4wL","jetpack-related-posts":[{"id":14622,"url":"https:\/\/gersonguelmann.com.br\/blog\/na-china-ao-fumar-na-cabine-piloto-fez-o-aviao-descer-6-mil-metros\/","url_meta":{"origin":17407,"position":0},"title":"Na China, Ao Fumar Na Cabine, Piloto Fez o Avi\u00e3o Descer 6 Mil Metros","author":"Gerson Guelmann","date":"13 de julho de 2018","format":false,"excerpt":"Na \u00faltima ter\u00e7a-feira, enquanto voava de Honk Kong para a cidade de Dalian, um avi\u00e3o da Air China desceu 6 mil metros por conta de uma manobra equivocada do co-piloto. O co-piloto, que n\u00e3o teve o nome revelado, acendeu um cigarro eletr\u00f4nico, e para evitar que o vapor chegasse aos\u2026","rel":"","context":"Em &quot;Sem categoria&quot;","block_context":{"text":"Sem categoria","link":"https:\/\/gersonguelmann.com.br\/blog\/category\/sem-categoria\/"},"img":{"alt_text":"","src":"https:\/\/i0.wp.com\/gersonguelmann.com.br\/blog\/wp-content\/uploads\/2018\/07\/180712134304-air-china-smoking-01-exlarge-169.jpg?fit=780%2C438&ssl=1&resize=350%2C200","width":350,"height":200,"srcset":"https:\/\/i0.wp.com\/gersonguelmann.com.br\/blog\/wp-content\/uploads\/2018\/07\/180712134304-air-china-smoking-01-exlarge-169.jpg?fit=780%2C438&ssl=1&resize=350%2C200 1x, https:\/\/i0.wp.com\/gersonguelmann.com.br\/blog\/wp-content\/uploads\/2018\/07\/180712134304-air-china-smoking-01-exlarge-169.jpg?fit=780%2C438&ssl=1&resize=525%2C300 1.5x, https:\/\/i0.wp.com\/gersonguelmann.com.br\/blog\/wp-content\/uploads\/2018\/07\/180712134304-air-china-smoking-01-exlarge-169.jpg?fit=780%2C438&ssl=1&resize=700%2C400 2x"},"classes":[]},{"id":10692,"url":"https:\/\/gersonguelmann.com.br\/blog\/onde-ha-fumaca-nem-sempre-ha-fogo\/","url_meta":{"origin":17407,"position":1},"title":"Onde H\u00e1 Fuma\u00e7a Nem Sempre H\u00e1 Fogo","author":"Gerson Guelmann","date":"23 de mar\u00e7o de 2018","format":false,"excerpt":"Hoje \u00e9 o dia das postagens, digamos, diferenciadas. Depois do artigo sobre o homem que trocou potes de pudim por milhas a\u00e9reas em 2013, agora recebi e compartilho relato de um pouso de emerg\u00eancia que aconteceu em 2008. O voo de um cargueiro MD-11 da Alitalia que seguia de Mil\u00e3o\u2026","rel":"","context":"Em &quot;Sem categoria&quot;","block_context":{"text":"Sem categoria","link":"https:\/\/gersonguelmann.com.br\/blog\/category\/sem-categoria\/"},"img":{"alt_text":"","src":"https:\/\/i0.wp.com\/gersonguelmann.com.br\/blog\/wp-content\/uploads\/2018\/03\/Cebolas.jpeg?fit=1200%2C800&ssl=1&resize=350%2C200","width":350,"height":200,"srcset":"https:\/\/i0.wp.com\/gersonguelmann.com.br\/blog\/wp-content\/uploads\/2018\/03\/Cebolas.jpeg?fit=1200%2C800&ssl=1&resize=350%2C200 1x, https:\/\/i0.wp.com\/gersonguelmann.com.br\/blog\/wp-content\/uploads\/2018\/03\/Cebolas.jpeg?fit=1200%2C800&ssl=1&resize=525%2C300 1.5x, https:\/\/i0.wp.com\/gersonguelmann.com.br\/blog\/wp-content\/uploads\/2018\/03\/Cebolas.jpeg?fit=1200%2C800&ssl=1&resize=700%2C400 2x, https:\/\/i0.wp.com\/gersonguelmann.com.br\/blog\/wp-content\/uploads\/2018\/03\/Cebolas.jpeg?fit=1200%2C800&ssl=1&resize=1050%2C600 3x"},"classes":[]},{"id":20888,"url":"https:\/\/gersonguelmann.com.br\/blog\/quando-a-gente-morre-um-pouco-a-cada-dia\/","url_meta":{"origin":17407,"position":2},"title":"Quando a Gente Morre Um Pouco a Cada Dia","author":"Gerson Guelmann","date":"14 de janeiro de 2021","format":false,"excerpt":"Escrevo sob emo\u00e7\u00e3o muito grande. N\u00e3o h\u00e1 um Brasileiro que possa estar alheio ao drama que est\u00e1 transcorrendo em Manaus. PACIENTES EST\u00c3O MORRENDO SUFOCADOS POR FALTA DE OXIG\u00caNIO! O destaque \u00e9 para dar a medida da minha tristeza. N\u00e3o \u00e9 poss\u00edvel que 10 meses ap\u00f3s o in\u00edcio da pandemia as\u2026","rel":"","context":"Em &quot;Sem categoria&quot;","block_context":{"text":"Sem categoria","link":"https:\/\/gersonguelmann.com.br\/blog\/category\/sem-categoria\/"},"img":{"alt_text":"","src":"https:\/\/i0.wp.com\/gersonguelmann.com.br\/blog\/wp-content\/uploads\/2021\/01\/DESESPERO.jpg?fit=960%2C637&ssl=1&resize=350%2C200","width":350,"height":200,"srcset":"https:\/\/i0.wp.com\/gersonguelmann.com.br\/blog\/wp-content\/uploads\/2021\/01\/DESESPERO.jpg?fit=960%2C637&ssl=1&resize=350%2C200 1x, https:\/\/i0.wp.com\/gersonguelmann.com.br\/blog\/wp-content\/uploads\/2021\/01\/DESESPERO.jpg?fit=960%2C637&ssl=1&resize=525%2C300 1.5x, https:\/\/i0.wp.com\/gersonguelmann.com.br\/blog\/wp-content\/uploads\/2021\/01\/DESESPERO.jpg?fit=960%2C637&ssl=1&resize=700%2C400 2x"},"classes":[]},{"id":15353,"url":"https:\/\/gersonguelmann.com.br\/blog\/embraer-aviao-com-visual-de-tubarao-faz-sucesso-em-todo-mundo\/","url_meta":{"origin":17407,"position":3},"title":"Embraer: Avi\u00e3o Com Visual de Tubar\u00e3o Faz Sucesso em Todo Mundo","author":"Gerson Guelmann","date":"2 de dezembro de 2018","format":false,"excerpt":"Publica\u00e7\u00e3o do site Brasil Econ\u00f4mico relata o sucesso que um novo jato de passageiros da Embraer est\u00e1 fazendo, n\u00e3o apenas em raz\u00e3o das especifica\u00e7\u00f5es t\u00e9cnicas como tamb\u00e9m pela inusitada pintura feita por um colaborador da empresa: Avi\u00e3o tubar\u00e3o da Embraer faz sucesso e causa fasc\u00ednio em turn\u00ea ao redor do\u2026","rel":"","context":"Em &quot;Sem categoria&quot;","block_context":{"text":"Sem categoria","link":"https:\/\/gersonguelmann.com.br\/blog\/category\/sem-categoria\/"},"img":{"alt_text":"","src":"https:\/\/i0.wp.com\/gersonguelmann.com.br\/blog\/wp-content\/uploads\/2018\/12\/Embraer-1.jpg?fit=652%2C408&ssl=1&resize=350%2C200","width":350,"height":200,"srcset":"https:\/\/i0.wp.com\/gersonguelmann.com.br\/blog\/wp-content\/uploads\/2018\/12\/Embraer-1.jpg?fit=652%2C408&ssl=1&resize=350%2C200 1x, https:\/\/i0.wp.com\/gersonguelmann.com.br\/blog\/wp-content\/uploads\/2018\/12\/Embraer-1.jpg?fit=652%2C408&ssl=1&resize=525%2C300 1.5x"},"classes":[]},{"id":15378,"url":"https:\/\/gersonguelmann.com.br\/blog\/irritado-em-aviao-ministro-lewandowski-pede-prisao-de-passageiro\/","url_meta":{"origin":17407,"position":4},"title":"Irritado em Avi\u00e3o, Ministro Lewandowski Pede Pris\u00e3o de Passageiro","author":"Gerson Guelmann","date":"4 de dezembro de 2018","format":false,"excerpt":"Coisas do nosso Brasil varonil, mostradas pelo site Di\u00e1rio do Poder em publica\u00e7\u00e3o feita h\u00e1 pouco: 'VOC\u00ca QUER SER PRESO?' Ministro Lewandowski pede a PF em avi\u00e3o ap\u00f3s ouvir que o \u2018STF \u00e9 uma vergonha\u2019 Ministro chama Pol\u00edcia Federal ap\u00f3s ouvir cr\u00edticas de um cidad\u00e3o sobre o STF Tiago Vasconcelos\u2026","rel":"","context":"Em &quot;Sem categoria&quot;","block_context":{"text":"Sem categoria","link":"https:\/\/gersonguelmann.com.br\/blog\/category\/sem-categoria\/"},"img":{"alt_text":"","src":"https:\/\/i0.wp.com\/gersonguelmann.com.br\/blog\/wp-content\/uploads\/2018\/12\/Thumbmnail-Lewandowski.png?fit=946%2C594&ssl=1&resize=350%2C200","width":350,"height":200,"srcset":"https:\/\/i0.wp.com\/gersonguelmann.com.br\/blog\/wp-content\/uploads\/2018\/12\/Thumbmnail-Lewandowski.png?fit=946%2C594&ssl=1&resize=350%2C200 1x, https:\/\/i0.wp.com\/gersonguelmann.com.br\/blog\/wp-content\/uploads\/2018\/12\/Thumbmnail-Lewandowski.png?fit=946%2C594&ssl=1&resize=525%2C300 1.5x, https:\/\/i0.wp.com\/gersonguelmann.com.br\/blog\/wp-content\/uploads\/2018\/12\/Thumbmnail-Lewandowski.png?fit=946%2C594&ssl=1&resize=700%2C400 2x"},"classes":[]},{"id":16344,"url":"https:\/\/gersonguelmann.com.br\/blog\/no-enterro-do-piloto-do-aviao-de-entebbe-o-hino-nacional-de-israel\/","url_meta":{"origin":17407,"position":5},"title":"No Enterro do Piloto do Avi\u00e3o de Entebbe, o Hino Nacional de Israel","author":"Gerson Guelmann","date":"10 de abril de 2019","format":false,"excerpt":"Faleceu h\u00e1 poucos dias em Nice, na Fran\u00e7a, Michel Bacos, aos 95 anos.\u00a0 Em 27 de junho de 1976 esse homem not\u00e1vel comandava um voo da Air France na rota Tel Aviv - Paris, com escala em Atenas. Apenas 8 minutos ap\u00f3s a decolagem da capital grega, terroristas da FPLP\u2026","rel":"","context":"Em &quot;Sem categoria&quot;","block_context":{"text":"Sem categoria","link":"https:\/\/gersonguelmann.com.br\/blog\/category\/sem-categoria\/"},"img":{"alt_text":"","src":"https:\/\/i0.wp.com\/gersonguelmann.com.br\/blog\/wp-content\/uploads\/2019\/04\/Entebbe.jpg?fit=500%2C281&ssl=1&resize=350%2C200","width":350,"height":200},"classes":[]}],"jetpack_sharing_enabled":true,"post_mailing_queue_ids":[],"_links":{"self":[{"href":"https:\/\/gersonguelmann.com.br\/blog\/wp-json\/wp\/v2\/posts\/17407","targetHints":{"allow":["GET"]}}],"collection":[{"href":"https:\/\/gersonguelmann.com.br\/blog\/wp-json\/wp\/v2\/posts"}],"about":[{"href":"https:\/\/gersonguelmann.com.br\/blog\/wp-json\/wp\/v2\/types\/post"}],"author":[{"embeddable":true,"href":"https:\/\/gersonguelmann.com.br\/blog\/wp-json\/wp\/v2\/users\/5"}],"replies":[{"embeddable":true,"href":"https:\/\/gersonguelmann.com.br\/blog\/wp-json\/wp\/v2\/comments?post=17407"}],"version-history":[{"count":0,"href":"https:\/\/gersonguelmann.com.br\/blog\/wp-json\/wp\/v2\/posts\/17407\/revisions"}],"wp:featuredmedia":[{"embeddable":true,"href":"https:\/\/gersonguelmann.com.br\/blog\/wp-json\/wp\/v2\/media\/17409"}],"wp:attachment":[{"href":"https:\/\/gersonguelmann.com.br\/blog\/wp-json\/wp\/v2\/media?parent=17407"}],"wp:term":[{"taxonomy":"category","embeddable":true,"href":"https:\/\/gersonguelmann.com.br\/blog\/wp-json\/wp\/v2\/categories?post=17407"},{"taxonomy":"post_tag","embeddable":true,"href":"https:\/\/gersonguelmann.com.br\/blog\/wp-json\/wp\/v2\/tags?post=17407"}],"curies":[{"name":"wp","href":"https:\/\/api.w.org\/{rel}","templated":true}]}}