    {"id":18362,"date":"2019-09-09T22:38:42","date_gmt":"2019-09-10T01:38:42","guid":{"rendered":"https:\/\/gersonguelmann.com.br\/blog\/?p=18362"},"modified":"2019-09-09T22:40:56","modified_gmt":"2019-09-10T01:40:56","slug":"responda-qual-faz-menos-mal-coca-cola-zero-ou-normal","status":"publish","type":"post","link":"https:\/\/gersonguelmann.com.br\/blog\/responda-qual-faz-menos-mal-coca-cola-zero-ou-normal\/","title":{"rendered":"Responda: Qual Faz Menos Mal, Coca-Cola Zero ou Normal?"},"content":{"rendered":"<p><span style=\"color: #000000; font-family: georgia, palatino, serif; font-size: 18pt;\">Ent\u00e3o: consegue responder de bate-pronto ou n\u00e3o sabe dizer?<\/span><\/p>\n<p><span style=\"color: #000000; font-family: georgia, palatino, serif; font-size: 18pt;\">Veja o que diz mat\u00e9ria publicada hoje pelo HuffPost:<\/span><\/p>\n<p><strong><span style=\"color: #000000;\">COMIDA<\/span><\/strong><\/p>\n<div class=\"timestamp\"><strong><span style=\"color: #000000;\"><span class=\"timestamp__date timestamp__date--published\">09\/09\/2019 10:57 -03\u00a0<\/span><span class=\"timestamp__separator\">|<\/span>\u00a0<span class=\"timestamp__date timestamp__date--modified\">Atualizado\u00a0H\u00e1 4 horas<\/span><\/span><\/strong><\/div>\n<div class=\"headline\">\n<p class=\"headline__title\"><span style=\"font-size: 24pt;\"><strong><span style=\"color: #000000;\">Coca-Cola Zero \u00e9 realmente melhor para a sa\u00fade do que Coca normal?<\/span><\/strong><\/span><\/p>\n<p class=\"headline__subtitle\"><span style=\"font-size: 18pt;\"><strong><span style=\"color: #000000;\">Primeiramente, este refrigerante \u00e9 &#8220;zero&#8221; em qu\u00ea?<\/span><\/strong><\/span><\/p>\n<p class=\"headline__subtitle\"><span class=\"author-card__details__name\" style=\"color: #000000;\"><strong>By Luiza Belloni<\/strong><\/span><\/p>\n<p><span style=\"color: #000000; font-size: 14pt;\">Apesar de pesquisas relacionarem o\u00a0consumo de refrigerantes ao aumento do risco de morte precoce, muitas pessoas ainda continuam bebendo uma ou mais latinhas da bebida gaseificada por dia. Um dos preferidos \u00e9 a\u00a0<strong>Coca-Cola<\/strong>.\u00a0<\/span><\/p>\n<p><span style=\"color: #000000; font-size: 14pt;\">Na busca por tornar este h\u00e1bito mais saud\u00e1vel, consumidores escolhem a vers\u00e3o \u201cZero\u201d, que tem poucas calorias e zero adi\u00e7\u00e3o de a\u00e7\u00facar. Mas ser\u00e1 mesmo que \u00e9 uma op\u00e7\u00e3o melhor?\u00a0<\/span><\/p>\n<p><span style=\"color: #000000; font-size: 14pt;\">Primeiro, \u00e9 preciso entender do que este refrigerante \u201d\u00e9 zero\u201d. Ela pode ser zero de a\u00e7\u00facar, mas tamb\u00e9m \u00e9\u00a0<strong>zero em valor nutricional<\/strong>\u00a0\u2015 o que significa que seu corpo n\u00e3o vai ter nenhum benef\u00edcio consumindo essa bebida. Al\u00e9m disso, para manter o sabor, \u00e9 preciso acrescentar diversos\u00a0<strong>ado\u00e7antes artificiais<\/strong>, o que pode ter efeitos adversos \u00e0 sa\u00fade.\u00a0<\/span><\/p>\n<p><span style=\"color: #000000; font-size: 14pt;\">\u201cQuanto sua efic\u00e1cia na perda de peso, estudos recentes divergem: alguns mostram que ajudam a perder peso, enquanto outros afirmam que o consumo da bebida pode ser nocivo\u201d, informou o\u00a0site MedicalDaily. \u201cO mesmo pode ser dito para o risco de diabetes, e mais pesquisas s\u00e3o necess\u00e1rias para confirmar os reais riscos.\u201d<\/span><\/p>\n<p><span style=\"color: #000000; font-size: 14pt;\">O que est\u00e1 comprovado at\u00e9 agora, enfatiza o site americano, \u00e9 que os ado\u00e7antes artificiais e os demais ingredientes do refrigerante podem gerar outros problemas de sa\u00fade, mesmo ele sendo \u201cZero\u201d.\u00a0<\/span><\/p>\n<p><span style=\"color: #000000; font-size: 14pt;\">Um destes efeitos adversos \u00e9 a\u00a0<strong>eros\u00e3o dos dentes<\/strong>.\u00a0Estudos\u00a0mostram que refrigerantes, mesmos os zeros, s\u00e3o muito \u00e1cidos. Com o tempo, eles geram desgaste no esmalte do dente e isso pode agravar a sensibilidade.<\/span><\/p>\n<p><span style=\"color: #000000; font-size: 14pt;\">Outro risco que pode ser ampliado com o consumo de refrigerantes \u00e9 a de\u00a0<strong>doen\u00e7as renais<\/strong>. Problemas no rins est\u00e3o relacionados ao refrigerante gra\u00e7as ao seu alto teor de f\u00f3sforo.<\/span><\/p>\n<p><span style=\"color: #000000; font-size: 14pt;\">Um outro estudo observacional tamb\u00e9m relaciona o consumo de ado\u00e7antes ao\u00a0risco de doen\u00e7as cardiovasculares e at\u00e9 morte precoce, principalmente em mulheres.\u00a0<\/span><\/p>\n<p><span style=\"color: #000000; font-size: 14pt;\">Por fim, outros\u00a0estudos revelaram\u00a0que o uso de ado\u00e7antes artificiais pode afetar a flora intestinal, acabar com as bact\u00e9rias \u201cboas\u201d do nosso intestino e, assim, afetar os n\u00edveis de a\u00e7\u00facar no sangue.\u00a0<\/span><\/p>\n<p><span style=\"color: #000000; font-size: 14pt;\">Coca-Cola Zero pode ser uma op\u00e7\u00e3o menos cal\u00f3rica do que a Coca normal, mas \u00e9 pobre em nutrientes, \u00e9 um alimento ultraprocessado e, portanto, est\u00e1 longe de ser considerada uma bebida saud\u00e1vel, segundo nutricionistas.<\/span><\/p>\n<p><span style=\"color: #000000; font-size: 14pt;\">Em vez de trocar as vers\u00f5es de refrigerantes, invista em sucos naturais de frutas, ch\u00e1s sem a\u00e7\u00facar ou ado\u00e7ante ou \u00e1gua com g\u00e1s e lim\u00e3o, que pode \u201cdisfar\u00e7ar\u201d a vontade de beber refrigerante.<\/span><\/p>\n<p><span style=\"color: #000000; font-size: 14pt;\">Por fim, a \u00e1gua natural continua sendo a melhor op\u00e7\u00e3o para se manter hidratado durante o dia.\u00a0<\/span><\/p>\n<h3><span style=\"color: #000000; font-size: 14pt;\">Outro lado<\/span><\/h3>\n<p><span style=\"color: #000000; font-size: 14pt;\">A Associa\u00e7\u00e3o Brasileira das Ind\u00fastrias de Refrigerantes e de Bebidas N\u00e3o Alco\u00f3licas (ABIR) procurou o HuffPost Brasil para dar seu posicionamento sobre o assunto. A associa\u00e7\u00e3o argumenta que pesquisas citadas na reportagem \u201cn\u00e3o t\u00eam car\u00e1ter conclusivo\u201d.\u00a0<\/span><\/p>\n<p><span style=\"color: #000000; font-size: 14pt;\">\u201cCabe ainda destacar que os refrigerantes e sucos vendidos no Brasil, bem como todas as outras bebidas n\u00e3o alco\u00f3licas, possuem suas f\u00f3rmulas autorizadas pelo Minist\u00e9rio da Agricultura e regulamenta\u00e7\u00e3o de ingredientes definida pela ANVISA. Os produtos s\u00e3o ainda fiscalizados pelos \u00f3rg\u00e3os competentes por meio de diferentes a\u00e7\u00f5es como inclusive a verifica\u00e7\u00e3o de lotes j\u00e1 distribu\u00eddos em mercados\u201d, informou a associa\u00e7\u00e3o.\u00a0<\/span><\/p>\n<p><span style=\"color: #000000; font-family: georgia, palatino, serif; font-size: 18pt;\">Quer ler a mat\u00e9ria no site do HuffPost? Clique <span style=\"color: #0000ff;\"><a style=\"color: #0000ff;\" href=\"https:\/\/www.huffpostbrasil.com\/entry\/coca-cola-zero-melhor-coca-normal_br_5d76456ae4b0752102300ed9\"><em><strong>aqui<\/strong><\/em><\/a><\/span>.<\/span><\/p>\n<p style=\"text-align: center;\"><img data-recalc-dims=\"1\" fetchpriority=\"high\" decoding=\"async\" data-attachment-id=\"18363\" data-permalink=\"https:\/\/gersonguelmann.com.br\/blog\/responda-qual-faz-menos-mal-coca-cola-zero-ou-normal\/coca-2\/\" data-orig-file=\"https:\/\/i0.wp.com\/gersonguelmann.com.br\/blog\/wp-content\/uploads\/2019\/09\/Coca.jpg?fit=334%2C501&amp;ssl=1\" data-orig-size=\"334,501\" data-comments-opened=\"1\" data-image-meta=\"{&quot;aperture&quot;:&quot;0&quot;,&quot;credit&quot;:&quot;&quot;,&quot;camera&quot;:&quot;&quot;,&quot;caption&quot;:&quot;&quot;,&quot;created_timestamp&quot;:&quot;0&quot;,&quot;copyright&quot;:&quot;&quot;,&quot;focal_length&quot;:&quot;0&quot;,&quot;iso&quot;:&quot;0&quot;,&quot;shutter_speed&quot;:&quot;0&quot;,&quot;title&quot;:&quot;&quot;,&quot;orientation&quot;:&quot;0&quot;}\" data-image-title=\"Coca\" data-image-description=\"\" data-image-caption=\"\" data-medium-file=\"https:\/\/i0.wp.com\/gersonguelmann.com.br\/blog\/wp-content\/uploads\/2019\/09\/Coca.jpg?fit=200%2C300&amp;ssl=1\" data-large-file=\"https:\/\/i0.wp.com\/gersonguelmann.com.br\/blog\/wp-content\/uploads\/2019\/09\/Coca.jpg?fit=334%2C501&amp;ssl=1\" class=\"alignnone size-medium wp-image-18363\" src=\"https:\/\/i0.wp.com\/gersonguelmann.com.br\/blog\/wp-content\/uploads\/2019\/09\/Coca.jpg?resize=200%2C300&#038;ssl=1\" alt=\"\" width=\"200\" height=\"300\" srcset=\"https:\/\/i0.wp.com\/gersonguelmann.com.br\/blog\/wp-content\/uploads\/2019\/09\/Coca.jpg?resize=200%2C300&amp;ssl=1 200w, https:\/\/i0.wp.com\/gersonguelmann.com.br\/blog\/wp-content\/uploads\/2019\/09\/Coca.jpg?w=334&amp;ssl=1 334w\" sizes=\"(max-width: 200px) 100vw, 200px\" \/><\/p>\n<p>&nbsp;<\/p>\n<\/div>\n","protected":false},"excerpt":{"rendered":"<p>Ent\u00e3o: consegue responder de bate-pronto ou n\u00e3o sabe dizer? Veja o que diz mat\u00e9ria publicada hoje pelo HuffPost: COMIDA 09\/09\/2019 10:57 -03\u00a0|\u00a0Atualizado\u00a0H\u00e1 4 horas Coca-Cola Zero \u00e9 realmente melhor para a sa\u00fade do que Coca normal? Primeiramente, este refrigerante \u00e9 &#8220;zero&#8221; em qu\u00ea? By Luiza Belloni Apesar de pesquisas relacionarem o\u00a0consumo de refrigerantes ao aumento [&hellip;]<\/p>\n","protected":false},"author":5,"featured_media":18363,"comment_status":"open","ping_status":"open","sticky":false,"template":"","format":"standard","meta":{"_acf_changed":false,"jetpack_post_was_ever_published":false,"_jetpack_newsletter_access":"","_jetpack_dont_email_post_to_subs":false,"_jetpack_newsletter_tier_id":0,"_jetpack_memberships_contains_paywalled_content":false,"_jetpack_memberships_contains_paid_content":false,"footnotes":"","jetpack_publicize_message":"","jetpack_publicize_feature_enabled":true,"jetpack_social_post_already_shared":true,"jetpack_social_options":{"image_generator_settings":{"template":"highway","default_image_id":0,"font":"","enabled":false},"version":2}},"categories":[1],"tags":[],"class_list":["post-18362","post","type-post","status-publish","format-standard","has-post-thumbnail","hentry","category-sem-categoria"],"acf":[],"yoast_head":"<!-- This site is optimized with the Yoast SEO plugin v27.3 - https:\/\/yoast.com\/product\/yoast-seo-wordpress\/ -->\n<title>Responda: Qual Faz Menos Mal, Coca-Cola Zero ou Normal? | Blog do Guelmann<\/title>\n<meta name=\"robots\" content=\"index, follow, max-snippet:-1, max-image-preview:large, max-video-preview:-1\" \/>\n<link rel=\"canonical\" href=\"https:\/\/gersonguelmann.com.br\/blog\/responda-qual-faz-menos-mal-coca-cola-zero-ou-normal\/\" \/>\n<meta property=\"og:locale\" content=\"pt_BR\" \/>\n<meta property=\"og:type\" content=\"article\" \/>\n<meta property=\"og:title\" content=\"Responda: Qual Faz Menos Mal, Coca-Cola Zero ou Normal? | Blog do Guelmann\" \/>\n<meta property=\"og:description\" content=\"Ent\u00e3o: consegue responder de bate-pronto ou n\u00e3o sabe dizer? Veja o que diz mat\u00e9ria publicada hoje pelo HuffPost: COMIDA 09\/09\/2019 10:57 -03\u00a0|\u00a0Atualizado\u00a0H\u00e1 4 horas Coca-Cola Zero \u00e9 realmente melhor para a sa\u00fade do que Coca normal? Primeiramente, este refrigerante \u00e9 &#8220;zero&#8221; em qu\u00ea? By Luiza Belloni Apesar de pesquisas relacionarem o\u00a0consumo de refrigerantes ao aumento [&hellip;]\" \/>\n<meta property=\"og:url\" content=\"https:\/\/gersonguelmann.com.br\/blog\/responda-qual-faz-menos-mal-coca-cola-zero-ou-normal\/\" \/>\n<meta property=\"og:site_name\" content=\"Blog do Guelmann\" \/>\n<meta property=\"article:published_time\" content=\"2019-09-10T01:38:42+00:00\" \/>\n<meta property=\"article:modified_time\" content=\"2019-09-10T01:40:56+00:00\" \/>\n<meta property=\"og:image\" content=\"https:\/\/i0.wp.com\/gersonguelmann.com.br\/blog\/wp-content\/uploads\/2019\/09\/Coca.jpg?fit=334%2C501&ssl=1\" \/>\n\t<meta property=\"og:image:width\" content=\"334\" \/>\n\t<meta property=\"og:image:height\" content=\"501\" \/>\n\t<meta property=\"og:image:type\" content=\"image\/jpeg\" \/>\n<meta name=\"author\" content=\"Gerson Guelmann\" \/>\n<meta name=\"twitter:card\" content=\"summary_large_image\" \/>\n<meta name=\"twitter:label1\" content=\"Escrito por\" \/>\n\t<meta name=\"twitter:data1\" content=\"Gerson Guelmann\" \/>\n\t<meta name=\"twitter:label2\" content=\"Est. tempo de leitura\" \/>\n\t<meta name=\"twitter:data2\" content=\"3 minutos\" \/>\n<script type=\"application\/ld+json\" class=\"yoast-schema-graph\">{\"@context\":\"https:\\\/\\\/schema.org\",\"@graph\":[{\"@type\":\"Article\",\"@id\":\"https:\\\/\\\/gersonguelmann.com.br\\\/blog\\\/responda-qual-faz-menos-mal-coca-cola-zero-ou-normal\\\/#article\",\"isPartOf\":{\"@id\":\"https:\\\/\\\/gersonguelmann.com.br\\\/blog\\\/responda-qual-faz-menos-mal-coca-cola-zero-ou-normal\\\/\"},\"author\":{\"name\":\"Gerson Guelmann\",\"@id\":\"https:\\\/\\\/gersonguelmann.com.br\\\/blog\\\/#\\\/schema\\\/person\\\/87e70e2a786888082f941a482c90569e\"},\"headline\":\"Responda: Qual Faz Menos Mal, Coca-Cola Zero ou Normal?\",\"datePublished\":\"2019-09-10T01:38:42+00:00\",\"dateModified\":\"2019-09-10T01:40:56+00:00\",\"mainEntityOfPage\":{\"@id\":\"https:\\\/\\\/gersonguelmann.com.br\\\/blog\\\/responda-qual-faz-menos-mal-coca-cola-zero-ou-normal\\\/\"},\"wordCount\":624,\"commentCount\":0,\"image\":{\"@id\":\"https:\\\/\\\/gersonguelmann.com.br\\\/blog\\\/responda-qual-faz-menos-mal-coca-cola-zero-ou-normal\\\/#primaryimage\"},\"thumbnailUrl\":\"https:\\\/\\\/i0.wp.com\\\/gersonguelmann.com.br\\\/blog\\\/wp-content\\\/uploads\\\/2019\\\/09\\\/Coca.jpg?fit=334%2C501&ssl=1\",\"inLanguage\":\"pt-BR\",\"potentialAction\":[{\"@type\":\"CommentAction\",\"name\":\"Comment\",\"target\":[\"https:\\\/\\\/gersonguelmann.com.br\\\/blog\\\/responda-qual-faz-menos-mal-coca-cola-zero-ou-normal\\\/#respond\"]}]},{\"@type\":\"WebPage\",\"@id\":\"https:\\\/\\\/gersonguelmann.com.br\\\/blog\\\/responda-qual-faz-menos-mal-coca-cola-zero-ou-normal\\\/\",\"url\":\"https:\\\/\\\/gersonguelmann.com.br\\\/blog\\\/responda-qual-faz-menos-mal-coca-cola-zero-ou-normal\\\/\",\"name\":\"Responda: Qual Faz Menos Mal, Coca-Cola Zero ou Normal? | Blog do Guelmann\",\"isPartOf\":{\"@id\":\"https:\\\/\\\/gersonguelmann.com.br\\\/blog\\\/#website\"},\"primaryImageOfPage\":{\"@id\":\"https:\\\/\\\/gersonguelmann.com.br\\\/blog\\\/responda-qual-faz-menos-mal-coca-cola-zero-ou-normal\\\/#primaryimage\"},\"image\":{\"@id\":\"https:\\\/\\\/gersonguelmann.com.br\\\/blog\\\/responda-qual-faz-menos-mal-coca-cola-zero-ou-normal\\\/#primaryimage\"},\"thumbnailUrl\":\"https:\\\/\\\/i0.wp.com\\\/gersonguelmann.com.br\\\/blog\\\/wp-content\\\/uploads\\\/2019\\\/09\\\/Coca.jpg?fit=334%2C501&ssl=1\",\"datePublished\":\"2019-09-10T01:38:42+00:00\",\"dateModified\":\"2019-09-10T01:40:56+00:00\",\"author\":{\"@id\":\"https:\\\/\\\/gersonguelmann.com.br\\\/blog\\\/#\\\/schema\\\/person\\\/87e70e2a786888082f941a482c90569e\"},\"inLanguage\":\"pt-BR\",\"potentialAction\":[{\"@type\":\"ReadAction\",\"target\":[\"https:\\\/\\\/gersonguelmann.com.br\\\/blog\\\/responda-qual-faz-menos-mal-coca-cola-zero-ou-normal\\\/\"]}]},{\"@type\":\"ImageObject\",\"inLanguage\":\"pt-BR\",\"@id\":\"https:\\\/\\\/gersonguelmann.com.br\\\/blog\\\/responda-qual-faz-menos-mal-coca-cola-zero-ou-normal\\\/#primaryimage\",\"url\":\"https:\\\/\\\/i0.wp.com\\\/gersonguelmann.com.br\\\/blog\\\/wp-content\\\/uploads\\\/2019\\\/09\\\/Coca.jpg?fit=334%2C501&ssl=1\",\"contentUrl\":\"https:\\\/\\\/i0.wp.com\\\/gersonguelmann.com.br\\\/blog\\\/wp-content\\\/uploads\\\/2019\\\/09\\\/Coca.jpg?fit=334%2C501&ssl=1\",\"width\":334,\"height\":501},{\"@type\":\"WebSite\",\"@id\":\"https:\\\/\\\/gersonguelmann.com.br\\\/blog\\\/#website\",\"url\":\"https:\\\/\\\/gersonguelmann.com.br\\\/blog\\\/\",\"name\":\"Blog do Guelmann\",\"description\":\"Pitadas da sabedoria e do humor judaicos, assuntos do momento e um pouco das hist\u00f3rias que vivi e testemunhei.\",\"potentialAction\":[{\"@type\":\"SearchAction\",\"target\":{\"@type\":\"EntryPoint\",\"urlTemplate\":\"https:\\\/\\\/gersonguelmann.com.br\\\/blog\\\/?s={search_term_string}\"},\"query-input\":{\"@type\":\"PropertyValueSpecification\",\"valueRequired\":true,\"valueName\":\"search_term_string\"}}],\"inLanguage\":\"pt-BR\"},{\"@type\":\"Person\",\"@id\":\"https:\\\/\\\/gersonguelmann.com.br\\\/blog\\\/#\\\/schema\\\/person\\\/87e70e2a786888082f941a482c90569e\",\"name\":\"Gerson Guelmann\",\"image\":{\"@type\":\"ImageObject\",\"inLanguage\":\"pt-BR\",\"@id\":\"https:\\\/\\\/i0.wp.com\\\/gersonguelmann.com.br\\\/blog\\\/wp-content\\\/uploads\\\/2021\\\/08\\\/BLOG.jpeg?fit=96%2C96&ssl=1\",\"url\":\"https:\\\/\\\/i0.wp.com\\\/gersonguelmann.com.br\\\/blog\\\/wp-content\\\/uploads\\\/2021\\\/08\\\/BLOG.jpeg?fit=96%2C96&ssl=1\",\"contentUrl\":\"https:\\\/\\\/i0.wp.com\\\/gersonguelmann.com.br\\\/blog\\\/wp-content\\\/uploads\\\/2021\\\/08\\\/BLOG.jpeg?fit=96%2C96&ssl=1\",\"caption\":\"Gerson Guelmann\"},\"description\":\"Pitadas da sabedoria e do humor judaicos, assuntos do momento e um pouco das hist\u00f3rias que vivi e testemunhei.\"}]}<\/script>\n<!-- \/ Yoast SEO plugin. -->","yoast_head_json":{"title":"Responda: Qual Faz Menos Mal, Coca-Cola Zero ou Normal? | Blog do Guelmann","robots":{"index":"index","follow":"follow","max-snippet":"max-snippet:-1","max-image-preview":"max-image-preview:large","max-video-preview":"max-video-preview:-1"},"canonical":"https:\/\/gersonguelmann.com.br\/blog\/responda-qual-faz-menos-mal-coca-cola-zero-ou-normal\/","og_locale":"pt_BR","og_type":"article","og_title":"Responda: Qual Faz Menos Mal, Coca-Cola Zero ou Normal? | Blog do Guelmann","og_description":"Ent\u00e3o: consegue responder de bate-pronto ou n\u00e3o sabe dizer? Veja o que diz mat\u00e9ria publicada hoje pelo HuffPost: COMIDA 09\/09\/2019 10:57 -03\u00a0|\u00a0Atualizado\u00a0H\u00e1 4 horas Coca-Cola Zero \u00e9 realmente melhor para a sa\u00fade do que Coca normal? Primeiramente, este refrigerante \u00e9 &#8220;zero&#8221; em qu\u00ea? By Luiza Belloni Apesar de pesquisas relacionarem o\u00a0consumo de refrigerantes ao aumento [&hellip;]","og_url":"https:\/\/gersonguelmann.com.br\/blog\/responda-qual-faz-menos-mal-coca-cola-zero-ou-normal\/","og_site_name":"Blog do Guelmann","article_published_time":"2019-09-10T01:38:42+00:00","article_modified_time":"2019-09-10T01:40:56+00:00","og_image":[{"width":334,"height":501,"url":"https:\/\/i0.wp.com\/gersonguelmann.com.br\/blog\/wp-content\/uploads\/2019\/09\/Coca.jpg?fit=334%2C501&ssl=1","type":"image\/jpeg"}],"author":"Gerson Guelmann","twitter_card":"summary_large_image","twitter_misc":{"Escrito por":"Gerson Guelmann","Est. tempo de leitura":"3 minutos"},"schema":{"@context":"https:\/\/schema.org","@graph":[{"@type":"Article","@id":"https:\/\/gersonguelmann.com.br\/blog\/responda-qual-faz-menos-mal-coca-cola-zero-ou-normal\/#article","isPartOf":{"@id":"https:\/\/gersonguelmann.com.br\/blog\/responda-qual-faz-menos-mal-coca-cola-zero-ou-normal\/"},"author":{"name":"Gerson Guelmann","@id":"https:\/\/gersonguelmann.com.br\/blog\/#\/schema\/person\/87e70e2a786888082f941a482c90569e"},"headline":"Responda: Qual Faz Menos Mal, Coca-Cola Zero ou Normal?","datePublished":"2019-09-10T01:38:42+00:00","dateModified":"2019-09-10T01:40:56+00:00","mainEntityOfPage":{"@id":"https:\/\/gersonguelmann.com.br\/blog\/responda-qual-faz-menos-mal-coca-cola-zero-ou-normal\/"},"wordCount":624,"commentCount":0,"image":{"@id":"https:\/\/gersonguelmann.com.br\/blog\/responda-qual-faz-menos-mal-coca-cola-zero-ou-normal\/#primaryimage"},"thumbnailUrl":"https:\/\/i0.wp.com\/gersonguelmann.com.br\/blog\/wp-content\/uploads\/2019\/09\/Coca.jpg?fit=334%2C501&ssl=1","inLanguage":"pt-BR","potentialAction":[{"@type":"CommentAction","name":"Comment","target":["https:\/\/gersonguelmann.com.br\/blog\/responda-qual-faz-menos-mal-coca-cola-zero-ou-normal\/#respond"]}]},{"@type":"WebPage","@id":"https:\/\/gersonguelmann.com.br\/blog\/responda-qual-faz-menos-mal-coca-cola-zero-ou-normal\/","url":"https:\/\/gersonguelmann.com.br\/blog\/responda-qual-faz-menos-mal-coca-cola-zero-ou-normal\/","name":"Responda: Qual Faz Menos Mal, Coca-Cola Zero ou Normal? | Blog do Guelmann","isPartOf":{"@id":"https:\/\/gersonguelmann.com.br\/blog\/#website"},"primaryImageOfPage":{"@id":"https:\/\/gersonguelmann.com.br\/blog\/responda-qual-faz-menos-mal-coca-cola-zero-ou-normal\/#primaryimage"},"image":{"@id":"https:\/\/gersonguelmann.com.br\/blog\/responda-qual-faz-menos-mal-coca-cola-zero-ou-normal\/#primaryimage"},"thumbnailUrl":"https:\/\/i0.wp.com\/gersonguelmann.com.br\/blog\/wp-content\/uploads\/2019\/09\/Coca.jpg?fit=334%2C501&ssl=1","datePublished":"2019-09-10T01:38:42+00:00","dateModified":"2019-09-10T01:40:56+00:00","author":{"@id":"https:\/\/gersonguelmann.com.br\/blog\/#\/schema\/person\/87e70e2a786888082f941a482c90569e"},"inLanguage":"pt-BR","potentialAction":[{"@type":"ReadAction","target":["https:\/\/gersonguelmann.com.br\/blog\/responda-qual-faz-menos-mal-coca-cola-zero-ou-normal\/"]}]},{"@type":"ImageObject","inLanguage":"pt-BR","@id":"https:\/\/gersonguelmann.com.br\/blog\/responda-qual-faz-menos-mal-coca-cola-zero-ou-normal\/#primaryimage","url":"https:\/\/i0.wp.com\/gersonguelmann.com.br\/blog\/wp-content\/uploads\/2019\/09\/Coca.jpg?fit=334%2C501&ssl=1","contentUrl":"https:\/\/i0.wp.com\/gersonguelmann.com.br\/blog\/wp-content\/uploads\/2019\/09\/Coca.jpg?fit=334%2C501&ssl=1","width":334,"height":501},{"@type":"WebSite","@id":"https:\/\/gersonguelmann.com.br\/blog\/#website","url":"https:\/\/gersonguelmann.com.br\/blog\/","name":"Blog do Guelmann","description":"Pitadas da sabedoria e do humor judaicos, assuntos do momento e um pouco das hist\u00f3rias que vivi e testemunhei.","potentialAction":[{"@type":"SearchAction","target":{"@type":"EntryPoint","urlTemplate":"https:\/\/gersonguelmann.com.br\/blog\/?s={search_term_string}"},"query-input":{"@type":"PropertyValueSpecification","valueRequired":true,"valueName":"search_term_string"}}],"inLanguage":"pt-BR"},{"@type":"Person","@id":"https:\/\/gersonguelmann.com.br\/blog\/#\/schema\/person\/87e70e2a786888082f941a482c90569e","name":"Gerson Guelmann","image":{"@type":"ImageObject","inLanguage":"pt-BR","@id":"https:\/\/i0.wp.com\/gersonguelmann.com.br\/blog\/wp-content\/uploads\/2021\/08\/BLOG.jpeg?fit=96%2C96&ssl=1","url":"https:\/\/i0.wp.com\/gersonguelmann.com.br\/blog\/wp-content\/uploads\/2021\/08\/BLOG.jpeg?fit=96%2C96&ssl=1","contentUrl":"https:\/\/i0.wp.com\/gersonguelmann.com.br\/blog\/wp-content\/uploads\/2021\/08\/BLOG.jpeg?fit=96%2C96&ssl=1","caption":"Gerson Guelmann"},"description":"Pitadas da sabedoria e do humor judaicos, assuntos do momento e um pouco das hist\u00f3rias que vivi e testemunhei."}]}},"views":532,"jetpack_publicize_connections":[],"jetpack_featured_media_url":"https:\/\/i0.wp.com\/gersonguelmann.com.br\/blog\/wp-content\/uploads\/2019\/09\/Coca.jpg?fit=334%2C501&ssl=1","jetpack_shortlink":"https:\/\/wp.me\/p96e7O-4Ma","jetpack-related-posts":[{"id":13903,"url":"https:\/\/gersonguelmann.com.br\/blog\/coca-cola-transparente-lancada-ontem-no-japao\/","url_meta":{"origin":18362,"position":0},"title":"Coca-Cola Transparente, Lan\u00e7ada Ontem, no Jap\u00e3o","author":"Gerson Guelmann","date":"12 de junho de 2018","format":false,"excerpt":"\u00c9 isso mesmo. Provavelmente ningu\u00e9m imaginaria que um dia a Coca-Cola perderia a cor, mas isso acaba de acontecer. Desde ontem est\u00e1 sendo vendida no Jap\u00e3o a Coca-Cola Clear, transparente. Segundo dizem as mat\u00e9rias, o sabor \u00e9 o mesmo. Por ora o Jap\u00e3o \u00e9 o \u00fanico lugar onde o produto\u2026","rel":"","context":"Em &quot;Sem categoria&quot;","block_context":{"text":"Sem categoria","link":"https:\/\/gersonguelmann.com.br\/blog\/category\/sem-categoria\/"},"img":{"alt_text":"","src":"https:\/\/i0.wp.com\/gersonguelmann.com.br\/blog\/wp-content\/uploads\/2018\/06\/Coca.jpg?fit=1200%2C746&ssl=1&resize=350%2C200","width":350,"height":200,"srcset":"https:\/\/i0.wp.com\/gersonguelmann.com.br\/blog\/wp-content\/uploads\/2018\/06\/Coca.jpg?fit=1200%2C746&ssl=1&resize=350%2C200 1x, https:\/\/i0.wp.com\/gersonguelmann.com.br\/blog\/wp-content\/uploads\/2018\/06\/Coca.jpg?fit=1200%2C746&ssl=1&resize=525%2C300 1.5x, https:\/\/i0.wp.com\/gersonguelmann.com.br\/blog\/wp-content\/uploads\/2018\/06\/Coca.jpg?fit=1200%2C746&ssl=1&resize=700%2C400 2x, https:\/\/i0.wp.com\/gersonguelmann.com.br\/blog\/wp-content\/uploads\/2018\/06\/Coca.jpg?fit=1200%2C746&ssl=1&resize=1050%2C600 3x"},"classes":[]},{"id":20834,"url":"https:\/\/gersonguelmann.com.br\/blog\/para-burlar-a-pandemia-copo-pintado-de-preto-e-coca-cola-que-ninguem-toma\/","url_meta":{"origin":18362,"position":1},"title":"Para Burlar a Pandemia, Copo Pintado de Preto e Coca-Cola Que Ningu\u00e9m Toma","author":"Gerson Guelmann","date":"11 de janeiro de 2021","format":false,"excerpt":"Foto: Reddit Voc\u00ea j\u00e1 recebeu uma daquelas imagens que mostram porque o brasileiro precisa ser analisado pela Nasa?\u00a0 Pois \u00e9. Aqui no Brasil acontecem coisas que realmente merecem destaque.\u00a0 \u00c9 o caso, p.ex., do que est\u00e1 acontecendo em Belo Horizonte (MG) depois que a Prefeitura proibiu a venda de cerveja\u2026","rel":"","context":"Em &quot;Sem categoria&quot;","block_context":{"text":"Sem categoria","link":"https:\/\/gersonguelmann.com.br\/blog\/category\/sem-categoria\/"},"img":{"alt_text":"","src":"https:\/\/i0.wp.com\/gersonguelmann.com.br\/blog\/wp-content\/uploads\/2021\/01\/BH.png?fit=640%2C1138&ssl=1&resize=350%2C200","width":350,"height":200,"srcset":"https:\/\/i0.wp.com\/gersonguelmann.com.br\/blog\/wp-content\/uploads\/2021\/01\/BH.png?fit=640%2C1138&ssl=1&resize=350%2C200 1x, https:\/\/i0.wp.com\/gersonguelmann.com.br\/blog\/wp-content\/uploads\/2021\/01\/BH.png?fit=640%2C1138&ssl=1&resize=525%2C300 1.5x"},"classes":[]},{"id":10767,"url":"https:\/\/gersonguelmann.com.br\/blog\/coca-cola-no-jogo-argentina-x-brasil\/","url_meta":{"origin":18362,"position":2},"title":"Coca-Cola no Jogo Argentina X Brasil","author":"Gerson Guelmann","date":"25 de mar\u00e7o de 2018","format":false,"excerpt":"Comercial da Coca-Cola feito em 2011 explorando a rivalidade futebol\u00edstica entre Argentina e Brasil. https:\/\/www.youtube.com\/watch?v=Icm1L_RbcWM \u00a0","rel":"","context":"Em &quot;Sem categoria&quot;","block_context":{"text":"Sem categoria","link":"https:\/\/gersonguelmann.com.br\/blog\/category\/sem-categoria\/"},"img":{"alt_text":"","src":"https:\/\/i0.wp.com\/gersonguelmann.com.br\/blog\/wp-content\/uploads\/2018\/03\/Brasil-X-Argentina.jpeg?fit=780%2C490&ssl=1&resize=350%2C200","width":350,"height":200,"srcset":"https:\/\/i0.wp.com\/gersonguelmann.com.br\/blog\/wp-content\/uploads\/2018\/03\/Brasil-X-Argentina.jpeg?fit=780%2C490&ssl=1&resize=350%2C200 1x, https:\/\/i0.wp.com\/gersonguelmann.com.br\/blog\/wp-content\/uploads\/2018\/03\/Brasil-X-Argentina.jpeg?fit=780%2C490&ssl=1&resize=525%2C300 1.5x, https:\/\/i0.wp.com\/gersonguelmann.com.br\/blog\/wp-content\/uploads\/2018\/03\/Brasil-X-Argentina.jpeg?fit=780%2C490&ssl=1&resize=700%2C400 2x"},"classes":[]},{"id":5960,"url":"https:\/\/gersonguelmann.com.br\/blog\/suspiro-betania-do-piaui-um-natal-inesquecivel-e-as-emendas-pix\/","url_meta":{"origin":18362,"position":3},"title":"Suspiro, Bet\u00e2nia do Piau\u00ed, Um Natal Inesquec\u00edvel e as Emendas Pix","author":"Gerson Guelmann","date":"23 de dezembro de 2024","format":false,"excerpt":"A Coca-Cola tinha a tradi\u00e7\u00e3o de fazer memor\u00e1veis campanhas de Natal. N\u00e3o lembro de t\u00ea-las visto nos \u00faltimos anos, mas algumas, como a de 2012, marcaram \u00e9poca. Ela foi feita em uma comunidade rural chamada Suspiro, distante 15 quil\u00f4metros da zona urbana do munic\u00edpio de Bet\u00e2nia do Piau\u00ed, cuja popula\u00e7\u00e3o\u2026","rel":"","context":"Em &quot;Sem categoria&quot;","block_context":{"text":"Sem categoria","link":"https:\/\/gersonguelmann.com.br\/blog\/category\/sem-categoria\/"},"img":{"alt_text":"","src":"https:\/\/i0.wp.com\/gersonguelmann.com.br\/blog\/wp-content\/uploads\/2017\/12\/Natal-1.jpeg?fit=1200%2C900&ssl=1&resize=350%2C200","width":350,"height":200,"srcset":"https:\/\/i0.wp.com\/gersonguelmann.com.br\/blog\/wp-content\/uploads\/2017\/12\/Natal-1.jpeg?fit=1200%2C900&ssl=1&resize=350%2C200 1x, https:\/\/i0.wp.com\/gersonguelmann.com.br\/blog\/wp-content\/uploads\/2017\/12\/Natal-1.jpeg?fit=1200%2C900&ssl=1&resize=525%2C300 1.5x, https:\/\/i0.wp.com\/gersonguelmann.com.br\/blog\/wp-content\/uploads\/2017\/12\/Natal-1.jpeg?fit=1200%2C900&ssl=1&resize=700%2C400 2x, https:\/\/i0.wp.com\/gersonguelmann.com.br\/blog\/wp-content\/uploads\/2017\/12\/Natal-1.jpeg?fit=1200%2C900&ssl=1&resize=1050%2C600 3x"},"classes":[]},{"id":21278,"url":"https:\/\/gersonguelmann.com.br\/blog\/cervejeiroa-sabe-quanto-acucar-ha-na-tua-preferida\/","url_meta":{"origin":18362,"position":4},"title":"Cervejeiro(a), Sabe Quanto A\u00e7\u00facar H\u00e1 na Tua Preferida?","author":"Gerson Guelmann","date":"4 de fevereiro de 2021","format":false,"excerpt":"Foto: Proriat Hospitality -\u00a0Unsplash \"Se non \u00e8 vero, \u00e8 ben trovato\". Um teste bem simples com diversas cervejas mede a concentra\u00e7\u00e3o de a\u00e7\u00facar em cada uma delas e, ao final, compara-as com uma Coca-Cola. N\u00e3o h\u00e1 rigor cient\u00edfico, claro, mas \u00e9 interessante. https:\/\/www.youtube.com\/watch?v=Vc3BEjJonWY \u00a0","rel":"","context":"Em &quot;Sem categoria&quot;","block_context":{"text":"Sem categoria","link":"https:\/\/gersonguelmann.com.br\/blog\/category\/sem-categoria\/"},"img":{"alt_text":"","src":"https:\/\/i0.wp.com\/gersonguelmann.com.br\/blog\/wp-content\/uploads\/2021\/02\/proriat-hospitality-flENqflm6xU-unsplash-scaled.jpg?fit=800%2C1200&ssl=1&resize=350%2C200","width":350,"height":200,"srcset":"https:\/\/i0.wp.com\/gersonguelmann.com.br\/blog\/wp-content\/uploads\/2021\/02\/proriat-hospitality-flENqflm6xU-unsplash-scaled.jpg?fit=800%2C1200&ssl=1&resize=350%2C200 1x, https:\/\/i0.wp.com\/gersonguelmann.com.br\/blog\/wp-content\/uploads\/2021\/02\/proriat-hospitality-flENqflm6xU-unsplash-scaled.jpg?fit=800%2C1200&ssl=1&resize=525%2C300 1.5x, https:\/\/i0.wp.com\/gersonguelmann.com.br\/blog\/wp-content\/uploads\/2021\/02\/proriat-hospitality-flENqflm6xU-unsplash-scaled.jpg?fit=800%2C1200&ssl=1&resize=700%2C400 2x"},"classes":[]},{"id":11057,"url":"https:\/\/gersonguelmann.com.br\/blog\/isso-parece-um-desenho-pois-nao-e-e-o-incrivel-trabalho-com-um-material-inusitado\/","url_meta":{"origin":18362,"position":5},"title":"Isso Parece Um Desenho? Pois N\u00e3o \u00e9. \u00c9 o Incr\u00edvel Trabalho Com Um Material Inusitado","author":"Gerson Guelmann","date":"29 de mar\u00e7o de 2018","format":false,"excerpt":"Acredito que voc\u00ea n\u00e3o tenha identificado o material da imagem. Olhe mais uma vez. Conseguiu descobrir? \u00c9 tecido. Por tr\u00e1s deste rosto est\u00e1 Benjamin Shine, um artista brit\u00e2nico de 41 anos.\u00a0 Nascido em uma fam\u00edlia que trabalha na ind\u00fastria t\u00eaxtil h\u00e1 gera\u00e7\u00f5es, ele se formou em moda e em design.\u2026","rel":"","context":"Em &quot;Sem categoria&quot;","block_context":{"text":"Sem categoria","link":"https:\/\/gersonguelmann.com.br\/blog\/category\/sem-categoria\/"},"img":{"alt_text":"","src":"https:\/\/i0.wp.com\/gersonguelmann.com.br\/blog\/wp-content\/uploads\/2018\/03\/BS.jpg?fit=1111%2C831&ssl=1&resize=350%2C200","width":350,"height":200,"srcset":"https:\/\/i0.wp.com\/gersonguelmann.com.br\/blog\/wp-content\/uploads\/2018\/03\/BS.jpg?fit=1111%2C831&ssl=1&resize=350%2C200 1x, https:\/\/i0.wp.com\/gersonguelmann.com.br\/blog\/wp-content\/uploads\/2018\/03\/BS.jpg?fit=1111%2C831&ssl=1&resize=525%2C300 1.5x, https:\/\/i0.wp.com\/gersonguelmann.com.br\/blog\/wp-content\/uploads\/2018\/03\/BS.jpg?fit=1111%2C831&ssl=1&resize=700%2C400 2x, https:\/\/i0.wp.com\/gersonguelmann.com.br\/blog\/wp-content\/uploads\/2018\/03\/BS.jpg?fit=1111%2C831&ssl=1&resize=1050%2C600 3x"},"classes":[]}],"jetpack_sharing_enabled":true,"post_mailing_queue_ids":[],"_links":{"self":[{"href":"https:\/\/gersonguelmann.com.br\/blog\/wp-json\/wp\/v2\/posts\/18362","targetHints":{"allow":["GET"]}}],"collection":[{"href":"https:\/\/gersonguelmann.com.br\/blog\/wp-json\/wp\/v2\/posts"}],"about":[{"href":"https:\/\/gersonguelmann.com.br\/blog\/wp-json\/wp\/v2\/types\/post"}],"author":[{"embeddable":true,"href":"https:\/\/gersonguelmann.com.br\/blog\/wp-json\/wp\/v2\/users\/5"}],"replies":[{"embeddable":true,"href":"https:\/\/gersonguelmann.com.br\/blog\/wp-json\/wp\/v2\/comments?post=18362"}],"version-history":[{"count":0,"href":"https:\/\/gersonguelmann.com.br\/blog\/wp-json\/wp\/v2\/posts\/18362\/revisions"}],"wp:featuredmedia":[{"embeddable":true,"href":"https:\/\/gersonguelmann.com.br\/blog\/wp-json\/wp\/v2\/media\/18363"}],"wp:attachment":[{"href":"https:\/\/gersonguelmann.com.br\/blog\/wp-json\/wp\/v2\/media?parent=18362"}],"wp:term":[{"taxonomy":"category","embeddable":true,"href":"https:\/\/gersonguelmann.com.br\/blog\/wp-json\/wp\/v2\/categories?post=18362"},{"taxonomy":"post_tag","embeddable":true,"href":"https:\/\/gersonguelmann.com.br\/blog\/wp-json\/wp\/v2\/tags?post=18362"}],"curies":[{"name":"wp","href":"https:\/\/api.w.org\/{rel}","templated":true}]}}