    {"id":20315,"date":"2024-03-18T06:52:04","date_gmt":"2024-03-18T09:52:04","guid":{"rendered":"https:\/\/gersonguelmann.com.br\/blog\/?p=20315"},"modified":"2024-04-07T12:02:33","modified_gmt":"2024-04-07T15:02:33","slug":"voce-sabe-de-onde-vem-o-teu-sobrenome","status":"publish","type":"post","link":"https:\/\/gersonguelmann.com.br\/blog\/voce-sabe-de-onde-vem-o-teu-sobrenome\/","title":{"rendered":"Voc\u00ea Sabe de Onde Vem o Teu Sobrenome?"},"content":{"rendered":"<p><span style=\"font-family: tahoma, arial, helvetica, sans-serif; font-size: 18pt;\"><span style=\"color: #000000;\">Voc\u00ea j\u00e1 se perguntou sobre a origem do teu sobrenome? Quer saber de onde seus ancestrais vieram e como chegaram at\u00e9 voc\u00ea? O <em>&#8220;FamilySearch&#8221;<\/em> \u00e9 uma plataforma que pode ajudar a desvendar parte dessa curiosidade; tempos atr\u00e1s ela se tornou viral nas redes sociais por fornecer informa\u00e7\u00f5es sobre as principais origens dos sobrenomes brasileiros. O si<\/span><span style=\"color: #000000;\">te \u00e9 gratuito e sem fins lucrativos e pode te ajudar a desvendar esses mist\u00e9rios e mergulhar na hist\u00f3ria da tua fam\u00edlia, al\u00e9m de eventualmente te ajudar a encontrar parentes em outros lugares.<\/span><\/span><\/p>\n<div class=\"tec--timestamp__item\">\n<p><span style=\"color: #000000; font-family: tahoma, arial, helvetica, sans-serif; font-size: 18pt;\">Para descobrir a origem do sobrenome e de onde vieram seus parentes mais distantes, basta inseri-lo no campo de pesquisa do site. A pesquisa \u00e9 r\u00e1pida, gratuita e fornece informa\u00e7\u00f5es precisas sobre a frequ\u00eancia com que seu sobrenome aparece em diferentes pa\u00edses ao redor do mundo.<\/span><\/p>\n<p><span style=\"font-family: tahoma, arial, helvetica, sans-serif; font-size: 18pt; color: #000000;\">Al\u00e9m disso, o site possibilita realizar pesquisas detalhadas sobre antepassados espec\u00edficos. Logo abaixo dos resultados da consulta de sobrenome, voc\u00ea encontrar\u00e1 a op\u00e7\u00e3o de pesquisar por indiv\u00edduos. Nesse caso, \u00e9 necess\u00e1rio fornecer mais informa\u00e7\u00f5es, como nome completo, local e ano de nascimento, al\u00e9m de informa\u00e7\u00f5es sobre o falecimento.<\/span><\/p>\n<p><span style=\"color: #000000; font-family: tahoma, arial, helvetica, sans-serif; font-size: 18pt;\">As informa\u00e7\u00f5es dispon\u00edveis no FamilySearch s\u00e3o provenientes de um extenso banco de dados mantido por volunt\u00e1rios. Aqueles que desejam contribuir com sua pr\u00f3pria \u00e1rvore geneal\u00f3gica podem se tornar volunt\u00e1rios, indexando registros hist\u00f3ricos familiares ou atuando como <em>&#8220;Mission\u00e1rios de Hist\u00f3ria da Fam\u00edlia&#8221;<\/em>, compartilhando informa\u00e7\u00f5es do site com mais pessoas.<\/span><\/p>\n<p><span style=\"color: #000000; font-family: tahoma, arial, helvetica, sans-serif; font-size: 18pt;\">O site \u00e9 colaborativo e aceita doa\u00e7\u00f5es para manter suas opera\u00e7\u00f5es online por mais tempo, al\u00e9m de oferecer oportunidade para programadores contribu\u00edrem com o desenvolvimento do pr\u00f3prio site e do banco de dados, atrav\u00e9s da se\u00e7\u00e3o <em>&#8220;Fa\u00e7a doa\u00e7\u00f5es para o FamilySearch&#8221;<\/em> e <em>&#8220;Doe habilidades de programa\u00e7\u00e3o&#8221;<\/em>.<\/span><\/p>\n<p><span style=\"color: #000000; font-family: tahoma, arial, helvetica, sans-serif; font-size: 18pt;\">O FamilySearch \u00e9 uma organiza\u00e7\u00e3o internacional sem fins lucrativos, mantida pela Igreja M\u00f3rmon, oficialmente conhecida como <em>&#8220;A Igreja de Jesus Cristo dos Santos dos \u00daltimos Dias&#8221;<\/em>. A plataforma e conta com parceiros que atuam na mesma \u00e1rea.<\/span><\/p>\n<\/div>\n<p><span style=\"color: #000000; font-family: tahoma, arial, helvetica, sans-serif; font-size: 18pt;\">Para acessar o site da FamilySearch <span style=\"color: #0000ff;\"><strong><a style=\"color: #0000ff;\" href=\"https:\/\/www.familysearch.org\/pt\/surname\"><em>clique aqui.<\/em><\/a><\/strong><\/span><\/span><\/p>\n<p style=\"text-align: center;\"><img data-recalc-dims=\"1\" fetchpriority=\"high\" decoding=\"async\" data-attachment-id=\"23376\" data-permalink=\"https:\/\/gersonguelmann.com.br\/blog\/voce-sabe-de-onde-vem-o-teu-sobrenome\/hojepr-112\/\" data-orig-file=\"https:\/\/i0.wp.com\/gersonguelmann.com.br\/blog\/wp-content\/uploads\/2024\/03\/HojePR-3.jpg?fit=1280%2C909&amp;ssl=1\" data-orig-size=\"1280,909\" data-comments-opened=\"1\" data-image-meta=\"{&quot;aperture&quot;:&quot;0&quot;,&quot;credit&quot;:&quot;&quot;,&quot;camera&quot;:&quot;&quot;,&quot;caption&quot;:&quot;&quot;,&quot;created_timestamp&quot;:&quot;0&quot;,&quot;copyright&quot;:&quot;&quot;,&quot;focal_length&quot;:&quot;0&quot;,&quot;iso&quot;:&quot;0&quot;,&quot;shutter_speed&quot;:&quot;0&quot;,&quot;title&quot;:&quot;&quot;,&quot;orientation&quot;:&quot;0&quot;}\" data-image-title=\"HojePR\" data-image-description=\"\" data-image-caption=\"\" data-medium-file=\"https:\/\/i0.wp.com\/gersonguelmann.com.br\/blog\/wp-content\/uploads\/2024\/03\/HojePR-3.jpg?fit=300%2C213&amp;ssl=1\" data-large-file=\"https:\/\/i0.wp.com\/gersonguelmann.com.br\/blog\/wp-content\/uploads\/2024\/03\/HojePR-3.jpg?fit=640%2C454&amp;ssl=1\" class=\"alignnone size-medium wp-image-23376\" src=\"https:\/\/i0.wp.com\/gersonguelmann.com.br\/blog\/wp-content\/uploads\/2024\/03\/HojePR-3.jpg?resize=300%2C213&#038;ssl=1\" alt=\"\" width=\"300\" height=\"213\" srcset=\"https:\/\/i0.wp.com\/gersonguelmann.com.br\/blog\/wp-content\/uploads\/2024\/03\/HojePR-3.jpg?resize=300%2C213&amp;ssl=1 300w, https:\/\/i0.wp.com\/gersonguelmann.com.br\/blog\/wp-content\/uploads\/2024\/03\/HojePR-3.jpg?resize=1024%2C727&amp;ssl=1 1024w, https:\/\/i0.wp.com\/gersonguelmann.com.br\/blog\/wp-content\/uploads\/2024\/03\/HojePR-3.jpg?resize=768%2C545&amp;ssl=1 768w, https:\/\/i0.wp.com\/gersonguelmann.com.br\/blog\/wp-content\/uploads\/2024\/03\/HojePR-3.jpg?w=1280&amp;ssl=1 1280w\" sizes=\"(max-width: 300px) 100vw, 300px\" \/><br \/>\n<a href=\"https:\/\/pixabay.com\/photos\/genealogy-family-tree-lineage-5210251\/\"><em><span style=\"font-size: 10pt;\"><strong><span style=\"color: #0000ff;\">Foto: Pixabay<\/span><\/strong><\/span><\/em><\/a><\/p>\n<p>&nbsp;<\/p>\n<div class=\"tec--timestamp__item\">\n<p>&nbsp;<\/p>\n<\/div>\n","protected":false},"excerpt":{"rendered":"<p>Voc\u00ea j\u00e1 se perguntou sobre a origem do teu sobrenome? Quer saber de onde seus ancestrais vieram e como chegaram at\u00e9 voc\u00ea? O &#8220;FamilySearch&#8221; \u00e9 uma plataforma que pode ajudar a desvendar parte dessa curiosidade; tempos atr\u00e1s ela se tornou viral nas redes sociais por fornecer informa\u00e7\u00f5es sobre as principais origens dos sobrenomes brasileiros. O [&hellip;]<\/p>\n","protected":false},"author":5,"featured_media":23376,"comment_status":"open","ping_status":"open","sticky":false,"template":"","format":"standard","meta":{"_acf_changed":false,"jetpack_post_was_ever_published":false,"_jetpack_newsletter_access":"","_jetpack_dont_email_post_to_subs":false,"_jetpack_newsletter_tier_id":0,"_jetpack_memberships_contains_paywalled_content":false,"_jetpack_memberships_contains_paid_content":false,"footnotes":"","jetpack_publicize_message":"","jetpack_publicize_feature_enabled":true,"jetpack_social_post_already_shared":true,"jetpack_social_options":{"image_generator_settings":{"template":"highway","default_image_id":0,"font":"","enabled":false},"version":2}},"categories":[1],"tags":[],"class_list":["post-20315","post","type-post","status-publish","format-standard","has-post-thumbnail","hentry","category-sem-categoria"],"acf":[],"yoast_head":"<!-- This site is optimized with the Yoast SEO plugin v27.3 - https:\/\/yoast.com\/product\/yoast-seo-wordpress\/ -->\n<title>Voc\u00ea Sabe de Onde Vem o Teu Sobrenome? | Blog do Guelmann<\/title>\n<meta name=\"robots\" content=\"index, follow, max-snippet:-1, max-image-preview:large, max-video-preview:-1\" \/>\n<link rel=\"canonical\" href=\"https:\/\/gersonguelmann.com.br\/blog\/voce-sabe-de-onde-vem-o-teu-sobrenome\/\" \/>\n<meta property=\"og:locale\" content=\"pt_BR\" \/>\n<meta property=\"og:type\" content=\"article\" \/>\n<meta property=\"og:title\" content=\"Voc\u00ea Sabe de Onde Vem o Teu Sobrenome? | Blog do Guelmann\" \/>\n<meta property=\"og:description\" content=\"Voc\u00ea j\u00e1 se perguntou sobre a origem do teu sobrenome? Quer saber de onde seus ancestrais vieram e como chegaram at\u00e9 voc\u00ea? O &#8220;FamilySearch&#8221; \u00e9 uma plataforma que pode ajudar a desvendar parte dessa curiosidade; tempos atr\u00e1s ela se tornou viral nas redes sociais por fornecer informa\u00e7\u00f5es sobre as principais origens dos sobrenomes brasileiros. O [&hellip;]\" \/>\n<meta property=\"og:url\" content=\"https:\/\/gersonguelmann.com.br\/blog\/voce-sabe-de-onde-vem-o-teu-sobrenome\/\" \/>\n<meta property=\"og:site_name\" content=\"Blog do Guelmann\" \/>\n<meta property=\"article:published_time\" content=\"2024-03-18T09:52:04+00:00\" \/>\n<meta property=\"article:modified_time\" content=\"2024-04-07T15:02:33+00:00\" \/>\n<meta property=\"og:image\" content=\"https:\/\/gersonguelmann.com.br\/blog\/wp-content\/uploads\/2024\/03\/HojePR-3.jpg\" \/>\n\t<meta property=\"og:image:width\" content=\"1280\" \/>\n\t<meta property=\"og:image:height\" content=\"909\" \/>\n\t<meta property=\"og:image:type\" content=\"image\/jpeg\" \/>\n<meta name=\"author\" content=\"Gerson Guelmann\" \/>\n<meta name=\"twitter:card\" content=\"summary_large_image\" \/>\n<meta name=\"twitter:label1\" content=\"Escrito por\" \/>\n\t<meta name=\"twitter:data1\" content=\"Gerson Guelmann\" \/>\n\t<meta name=\"twitter:label2\" content=\"Est. tempo de leitura\" \/>\n\t<meta name=\"twitter:data2\" content=\"3 minutos\" \/>\n<script type=\"application\/ld+json\" class=\"yoast-schema-graph\">{\"@context\":\"https:\\\/\\\/schema.org\",\"@graph\":[{\"@type\":\"Article\",\"@id\":\"https:\\\/\\\/gersonguelmann.com.br\\\/blog\\\/voce-sabe-de-onde-vem-o-teu-sobrenome\\\/#article\",\"isPartOf\":{\"@id\":\"https:\\\/\\\/gersonguelmann.com.br\\\/blog\\\/voce-sabe-de-onde-vem-o-teu-sobrenome\\\/\"},\"author\":{\"name\":\"Gerson Guelmann\",\"@id\":\"https:\\\/\\\/gersonguelmann.com.br\\\/blog\\\/#\\\/schema\\\/person\\\/87e70e2a786888082f941a482c90569e\"},\"headline\":\"Voc\u00ea Sabe de Onde Vem o Teu Sobrenome?\",\"datePublished\":\"2024-03-18T09:52:04+00:00\",\"dateModified\":\"2024-04-07T15:02:33+00:00\",\"mainEntityOfPage\":{\"@id\":\"https:\\\/\\\/gersonguelmann.com.br\\\/blog\\\/voce-sabe-de-onde-vem-o-teu-sobrenome\\\/\"},\"wordCount\":370,\"commentCount\":0,\"image\":{\"@id\":\"https:\\\/\\\/gersonguelmann.com.br\\\/blog\\\/voce-sabe-de-onde-vem-o-teu-sobrenome\\\/#primaryimage\"},\"thumbnailUrl\":\"https:\\\/\\\/i0.wp.com\\\/gersonguelmann.com.br\\\/blog\\\/wp-content\\\/uploads\\\/2024\\\/03\\\/HojePR-3.jpg?fit=1280%2C909&ssl=1\",\"inLanguage\":\"pt-BR\",\"potentialAction\":[{\"@type\":\"CommentAction\",\"name\":\"Comment\",\"target\":[\"https:\\\/\\\/gersonguelmann.com.br\\\/blog\\\/voce-sabe-de-onde-vem-o-teu-sobrenome\\\/#respond\"]}]},{\"@type\":\"WebPage\",\"@id\":\"https:\\\/\\\/gersonguelmann.com.br\\\/blog\\\/voce-sabe-de-onde-vem-o-teu-sobrenome\\\/\",\"url\":\"https:\\\/\\\/gersonguelmann.com.br\\\/blog\\\/voce-sabe-de-onde-vem-o-teu-sobrenome\\\/\",\"name\":\"Voc\u00ea Sabe de Onde Vem o Teu Sobrenome? | Blog do Guelmann\",\"isPartOf\":{\"@id\":\"https:\\\/\\\/gersonguelmann.com.br\\\/blog\\\/#website\"},\"primaryImageOfPage\":{\"@id\":\"https:\\\/\\\/gersonguelmann.com.br\\\/blog\\\/voce-sabe-de-onde-vem-o-teu-sobrenome\\\/#primaryimage\"},\"image\":{\"@id\":\"https:\\\/\\\/gersonguelmann.com.br\\\/blog\\\/voce-sabe-de-onde-vem-o-teu-sobrenome\\\/#primaryimage\"},\"thumbnailUrl\":\"https:\\\/\\\/i0.wp.com\\\/gersonguelmann.com.br\\\/blog\\\/wp-content\\\/uploads\\\/2024\\\/03\\\/HojePR-3.jpg?fit=1280%2C909&ssl=1\",\"datePublished\":\"2024-03-18T09:52:04+00:00\",\"dateModified\":\"2024-04-07T15:02:33+00:00\",\"author\":{\"@id\":\"https:\\\/\\\/gersonguelmann.com.br\\\/blog\\\/#\\\/schema\\\/person\\\/87e70e2a786888082f941a482c90569e\"},\"inLanguage\":\"pt-BR\",\"potentialAction\":[{\"@type\":\"ReadAction\",\"target\":[\"https:\\\/\\\/gersonguelmann.com.br\\\/blog\\\/voce-sabe-de-onde-vem-o-teu-sobrenome\\\/\"]}]},{\"@type\":\"ImageObject\",\"inLanguage\":\"pt-BR\",\"@id\":\"https:\\\/\\\/gersonguelmann.com.br\\\/blog\\\/voce-sabe-de-onde-vem-o-teu-sobrenome\\\/#primaryimage\",\"url\":\"https:\\\/\\\/i0.wp.com\\\/gersonguelmann.com.br\\\/blog\\\/wp-content\\\/uploads\\\/2024\\\/03\\\/HojePR-3.jpg?fit=1280%2C909&ssl=1\",\"contentUrl\":\"https:\\\/\\\/i0.wp.com\\\/gersonguelmann.com.br\\\/blog\\\/wp-content\\\/uploads\\\/2024\\\/03\\\/HojePR-3.jpg?fit=1280%2C909&ssl=1\",\"width\":1280,\"height\":909},{\"@type\":\"WebSite\",\"@id\":\"https:\\\/\\\/gersonguelmann.com.br\\\/blog\\\/#website\",\"url\":\"https:\\\/\\\/gersonguelmann.com.br\\\/blog\\\/\",\"name\":\"Blog do Guelmann\",\"description\":\"Pitadas da sabedoria e do humor judaicos, assuntos do momento e um pouco das hist\u00f3rias que vivi e testemunhei.\",\"potentialAction\":[{\"@type\":\"SearchAction\",\"target\":{\"@type\":\"EntryPoint\",\"urlTemplate\":\"https:\\\/\\\/gersonguelmann.com.br\\\/blog\\\/?s={search_term_string}\"},\"query-input\":{\"@type\":\"PropertyValueSpecification\",\"valueRequired\":true,\"valueName\":\"search_term_string\"}}],\"inLanguage\":\"pt-BR\"},{\"@type\":\"Person\",\"@id\":\"https:\\\/\\\/gersonguelmann.com.br\\\/blog\\\/#\\\/schema\\\/person\\\/87e70e2a786888082f941a482c90569e\",\"name\":\"Gerson Guelmann\",\"image\":{\"@type\":\"ImageObject\",\"inLanguage\":\"pt-BR\",\"@id\":\"https:\\\/\\\/i0.wp.com\\\/gersonguelmann.com.br\\\/blog\\\/wp-content\\\/uploads\\\/2021\\\/08\\\/BLOG.jpeg?fit=96%2C96&ssl=1\",\"url\":\"https:\\\/\\\/i0.wp.com\\\/gersonguelmann.com.br\\\/blog\\\/wp-content\\\/uploads\\\/2021\\\/08\\\/BLOG.jpeg?fit=96%2C96&ssl=1\",\"contentUrl\":\"https:\\\/\\\/i0.wp.com\\\/gersonguelmann.com.br\\\/blog\\\/wp-content\\\/uploads\\\/2021\\\/08\\\/BLOG.jpeg?fit=96%2C96&ssl=1\",\"caption\":\"Gerson Guelmann\"},\"description\":\"Pitadas da sabedoria e do humor judaicos, assuntos do momento e um pouco das hist\u00f3rias que vivi e testemunhei.\"}]}<\/script>\n<!-- \/ Yoast SEO plugin. -->","yoast_head_json":{"title":"Voc\u00ea Sabe de Onde Vem o Teu Sobrenome? | Blog do Guelmann","robots":{"index":"index","follow":"follow","max-snippet":"max-snippet:-1","max-image-preview":"max-image-preview:large","max-video-preview":"max-video-preview:-1"},"canonical":"https:\/\/gersonguelmann.com.br\/blog\/voce-sabe-de-onde-vem-o-teu-sobrenome\/","og_locale":"pt_BR","og_type":"article","og_title":"Voc\u00ea Sabe de Onde Vem o Teu Sobrenome? | Blog do Guelmann","og_description":"Voc\u00ea j\u00e1 se perguntou sobre a origem do teu sobrenome? Quer saber de onde seus ancestrais vieram e como chegaram at\u00e9 voc\u00ea? O &#8220;FamilySearch&#8221; \u00e9 uma plataforma que pode ajudar a desvendar parte dessa curiosidade; tempos atr\u00e1s ela se tornou viral nas redes sociais por fornecer informa\u00e7\u00f5es sobre as principais origens dos sobrenomes brasileiros. O [&hellip;]","og_url":"https:\/\/gersonguelmann.com.br\/blog\/voce-sabe-de-onde-vem-o-teu-sobrenome\/","og_site_name":"Blog do Guelmann","article_published_time":"2024-03-18T09:52:04+00:00","article_modified_time":"2024-04-07T15:02:33+00:00","og_image":[{"width":1280,"height":909,"url":"https:\/\/gersonguelmann.com.br\/blog\/wp-content\/uploads\/2024\/03\/HojePR-3.jpg","type":"image\/jpeg"}],"author":"Gerson Guelmann","twitter_card":"summary_large_image","twitter_misc":{"Escrito por":"Gerson Guelmann","Est. tempo de leitura":"3 minutos"},"schema":{"@context":"https:\/\/schema.org","@graph":[{"@type":"Article","@id":"https:\/\/gersonguelmann.com.br\/blog\/voce-sabe-de-onde-vem-o-teu-sobrenome\/#article","isPartOf":{"@id":"https:\/\/gersonguelmann.com.br\/blog\/voce-sabe-de-onde-vem-o-teu-sobrenome\/"},"author":{"name":"Gerson Guelmann","@id":"https:\/\/gersonguelmann.com.br\/blog\/#\/schema\/person\/87e70e2a786888082f941a482c90569e"},"headline":"Voc\u00ea Sabe de Onde Vem o Teu Sobrenome?","datePublished":"2024-03-18T09:52:04+00:00","dateModified":"2024-04-07T15:02:33+00:00","mainEntityOfPage":{"@id":"https:\/\/gersonguelmann.com.br\/blog\/voce-sabe-de-onde-vem-o-teu-sobrenome\/"},"wordCount":370,"commentCount":0,"image":{"@id":"https:\/\/gersonguelmann.com.br\/blog\/voce-sabe-de-onde-vem-o-teu-sobrenome\/#primaryimage"},"thumbnailUrl":"https:\/\/i0.wp.com\/gersonguelmann.com.br\/blog\/wp-content\/uploads\/2024\/03\/HojePR-3.jpg?fit=1280%2C909&ssl=1","inLanguage":"pt-BR","potentialAction":[{"@type":"CommentAction","name":"Comment","target":["https:\/\/gersonguelmann.com.br\/blog\/voce-sabe-de-onde-vem-o-teu-sobrenome\/#respond"]}]},{"@type":"WebPage","@id":"https:\/\/gersonguelmann.com.br\/blog\/voce-sabe-de-onde-vem-o-teu-sobrenome\/","url":"https:\/\/gersonguelmann.com.br\/blog\/voce-sabe-de-onde-vem-o-teu-sobrenome\/","name":"Voc\u00ea Sabe de Onde Vem o Teu Sobrenome? | Blog do Guelmann","isPartOf":{"@id":"https:\/\/gersonguelmann.com.br\/blog\/#website"},"primaryImageOfPage":{"@id":"https:\/\/gersonguelmann.com.br\/blog\/voce-sabe-de-onde-vem-o-teu-sobrenome\/#primaryimage"},"image":{"@id":"https:\/\/gersonguelmann.com.br\/blog\/voce-sabe-de-onde-vem-o-teu-sobrenome\/#primaryimage"},"thumbnailUrl":"https:\/\/i0.wp.com\/gersonguelmann.com.br\/blog\/wp-content\/uploads\/2024\/03\/HojePR-3.jpg?fit=1280%2C909&ssl=1","datePublished":"2024-03-18T09:52:04+00:00","dateModified":"2024-04-07T15:02:33+00:00","author":{"@id":"https:\/\/gersonguelmann.com.br\/blog\/#\/schema\/person\/87e70e2a786888082f941a482c90569e"},"inLanguage":"pt-BR","potentialAction":[{"@type":"ReadAction","target":["https:\/\/gersonguelmann.com.br\/blog\/voce-sabe-de-onde-vem-o-teu-sobrenome\/"]}]},{"@type":"ImageObject","inLanguage":"pt-BR","@id":"https:\/\/gersonguelmann.com.br\/blog\/voce-sabe-de-onde-vem-o-teu-sobrenome\/#primaryimage","url":"https:\/\/i0.wp.com\/gersonguelmann.com.br\/blog\/wp-content\/uploads\/2024\/03\/HojePR-3.jpg?fit=1280%2C909&ssl=1","contentUrl":"https:\/\/i0.wp.com\/gersonguelmann.com.br\/blog\/wp-content\/uploads\/2024\/03\/HojePR-3.jpg?fit=1280%2C909&ssl=1","width":1280,"height":909},{"@type":"WebSite","@id":"https:\/\/gersonguelmann.com.br\/blog\/#website","url":"https:\/\/gersonguelmann.com.br\/blog\/","name":"Blog do Guelmann","description":"Pitadas da sabedoria e do humor judaicos, assuntos do momento e um pouco das hist\u00f3rias que vivi e testemunhei.","potentialAction":[{"@type":"SearchAction","target":{"@type":"EntryPoint","urlTemplate":"https:\/\/gersonguelmann.com.br\/blog\/?s={search_term_string}"},"query-input":{"@type":"PropertyValueSpecification","valueRequired":true,"valueName":"search_term_string"}}],"inLanguage":"pt-BR"},{"@type":"Person","@id":"https:\/\/gersonguelmann.com.br\/blog\/#\/schema\/person\/87e70e2a786888082f941a482c90569e","name":"Gerson Guelmann","image":{"@type":"ImageObject","inLanguage":"pt-BR","@id":"https:\/\/i0.wp.com\/gersonguelmann.com.br\/blog\/wp-content\/uploads\/2021\/08\/BLOG.jpeg?fit=96%2C96&ssl=1","url":"https:\/\/i0.wp.com\/gersonguelmann.com.br\/blog\/wp-content\/uploads\/2021\/08\/BLOG.jpeg?fit=96%2C96&ssl=1","contentUrl":"https:\/\/i0.wp.com\/gersonguelmann.com.br\/blog\/wp-content\/uploads\/2021\/08\/BLOG.jpeg?fit=96%2C96&ssl=1","caption":"Gerson Guelmann"},"description":"Pitadas da sabedoria e do humor judaicos, assuntos do momento e um pouco das hist\u00f3rias que vivi e testemunhei."}]}},"views":1092,"jetpack_publicize_connections":[],"jetpack_featured_media_url":"https:\/\/i0.wp.com\/gersonguelmann.com.br\/blog\/wp-content\/uploads\/2024\/03\/HojePR-3.jpg?fit=1280%2C909&ssl=1","jetpack_shortlink":"https:\/\/wp.me\/p96e7O-5hF","jetpack-related-posts":[{"id":22844,"url":"https:\/\/gersonguelmann.com.br\/blog\/como-as-criancas-judias-enxergam-suas-maes\/","url_meta":{"origin":20315,"position":0},"title":"Como as Crian\u00e7as Judias Enxergam Suas M\u00e3es","author":"Gerson Guelmann","date":"8 de maio de 2022","format":false,"excerpt":"As crian\u00e7as do 2\u00ba ano do ensino b\u00e1sico de uma escola judaica foram convidadas a responder \u00e0 algumas quest\u00f5es sobre as m\u00e3es. As melhores respostas foram selecionadas: 1. Porque D'us fez as m\u00e3es? A - Ela \u00e9 a \u00fanica que sabe onde est\u00e1 a fita adesiva; B - Principalmente para\u2026","rel":"","context":"Em &quot;Sem categoria&quot;","block_context":{"text":"Sem categoria","link":"https:\/\/gersonguelmann.com.br\/blog\/category\/sem-categoria\/"},"img":{"alt_text":"","src":"https:\/\/i0.wp.com\/gersonguelmann.com.br\/blog\/wp-content\/uploads\/2022\/05\/ESCOLA.jpg?fit=1200%2C900&ssl=1&resize=350%2C200","width":350,"height":200,"srcset":"https:\/\/i0.wp.com\/gersonguelmann.com.br\/blog\/wp-content\/uploads\/2022\/05\/ESCOLA.jpg?fit=1200%2C900&ssl=1&resize=350%2C200 1x, https:\/\/i0.wp.com\/gersonguelmann.com.br\/blog\/wp-content\/uploads\/2022\/05\/ESCOLA.jpg?fit=1200%2C900&ssl=1&resize=525%2C300 1.5x, https:\/\/i0.wp.com\/gersonguelmann.com.br\/blog\/wp-content\/uploads\/2022\/05\/ESCOLA.jpg?fit=1200%2C900&ssl=1&resize=700%2C400 2x, https:\/\/i0.wp.com\/gersonguelmann.com.br\/blog\/wp-content\/uploads\/2022\/05\/ESCOLA.jpg?fit=1200%2C900&ssl=1&resize=1050%2C600 3x"},"classes":[]},{"id":8043,"url":"https:\/\/gersonguelmann.com.br\/blog\/a-importancia-do-sobrenome-judeu\/","url_meta":{"origin":20315,"position":1},"title":"A Import\u00e2ncia do Sobrenome Judeu","author":"Gerson Guelmann","date":"15 de janeiro de 2021","format":false,"excerpt":"Samuel, um jovem judeu, apaixonou-se por uma mo\u00e7a que tinha acabado de conhecer. Quando deu a not\u00edcia em casa, a primeira coisa que o pai quis saber era o sobrenome da fam\u00edlia. Samuel respondeu: - \u201c\u00c9 Callaghan\".\u00a0 O pai, extremamente conservador, disse: - \u201cCallaghan n\u00e3o \u00e9 um sobrenome judeu. Trate\u2026","rel":"","context":"Em &quot;Sem categoria&quot;","block_context":{"text":"Sem categoria","link":"https:\/\/gersonguelmann.com.br\/blog\/category\/sem-categoria\/"},"img":{"alt_text":"","src":"https:\/\/i0.wp.com\/gersonguelmann.com.br\/blog\/wp-content\/uploads\/2018\/02\/Nome-1.jpg?fit=940%2C638&ssl=1&resize=350%2C200","width":350,"height":200,"srcset":"https:\/\/i0.wp.com\/gersonguelmann.com.br\/blog\/wp-content\/uploads\/2018\/02\/Nome-1.jpg?fit=940%2C638&ssl=1&resize=350%2C200 1x, https:\/\/i0.wp.com\/gersonguelmann.com.br\/blog\/wp-content\/uploads\/2018\/02\/Nome-1.jpg?fit=940%2C638&ssl=1&resize=525%2C300 1.5x, https:\/\/i0.wp.com\/gersonguelmann.com.br\/blog\/wp-content\/uploads\/2018\/02\/Nome-1.jpg?fit=940%2C638&ssl=1&resize=700%2C400 2x"},"classes":[]},{"id":14957,"url":"https:\/\/gersonguelmann.com.br\/blog\/porque-israel-prospera-por-luiz-felipe-ponde\/","url_meta":{"origin":20315,"position":2},"title":"Porque Israel Prospera? Por Luiz Felipe Pond\u00e9","author":"Gerson Guelmann","date":"31 de outubro de 2018","format":false,"excerpt":"Luiz Felipe\u00a0de Cerqueira e Silva\u00a0Pond\u00e9, mais conhecido pelo \u00faltimo sobrenome, \u00e9 um Fil\u00f3sofo,\u00a0Escritor e Ensa\u00edsta. O que pouca gente sabe \u00e9 que ele possui p\u00f3s-doutorado pela Universidade de Tel Aviv e conhece em profundidade a estrutura da sociedade israelense. Curiosidade: Pond\u00e9 \u00e9 casado com a paulistana de origem israelense\u00a0Danit Falbel\u2026","rel":"","context":"Em &quot;Sem categoria&quot;","block_context":{"text":"Sem categoria","link":"https:\/\/gersonguelmann.com.br\/blog\/category\/sem-categoria\/"},"img":{"alt_text":"","src":"https:\/\/i0.wp.com\/gersonguelmann.com.br\/blog\/wp-content\/uploads\/2018\/10\/76482b66-fb7d-4c37-b24d-d9b726369fab.jpg?fit=848%2C565&ssl=1&resize=350%2C200","width":350,"height":200,"srcset":"https:\/\/i0.wp.com\/gersonguelmann.com.br\/blog\/wp-content\/uploads\/2018\/10\/76482b66-fb7d-4c37-b24d-d9b726369fab.jpg?fit=848%2C565&ssl=1&resize=350%2C200 1x, https:\/\/i0.wp.com\/gersonguelmann.com.br\/blog\/wp-content\/uploads\/2018\/10\/76482b66-fb7d-4c37-b24d-d9b726369fab.jpg?fit=848%2C565&ssl=1&resize=525%2C300 1.5x, https:\/\/i0.wp.com\/gersonguelmann.com.br\/blog\/wp-content\/uploads\/2018\/10\/76482b66-fb7d-4c37-b24d-d9b726369fab.jpg?fit=848%2C565&ssl=1&resize=700%2C400 2x"},"classes":[]},{"id":2833,"url":"https:\/\/gersonguelmann.com.br\/blog\/quer-saber-de-onde-voce-veio\/","url_meta":{"origin":20315,"position":3},"title":"Quer Saber de Onde Voc\u00ea Veio?","author":"Gerson Guelmann","date":"13 de outubro de 2017","format":false,"excerpt":"Continuo a s\u00e9rie que comecei recentemente para divulgar os avan\u00e7os tecnol\u00f3gicos israelenses, principalmente aqueles que fazem parte de nosso dia a dia e podem ser acionados atrav\u00e9s dos smartphones. A boa dica de hoje \u00e9 conhecer o trabalho da start-up\u00a0MyHeritage, que \u00e9 um servi\u00e7o que permite descobrir e compartilhar a\u2026","rel":"","context":"Em &quot;Sem categoria&quot;","block_context":{"text":"Sem categoria","link":"https:\/\/gersonguelmann.com.br\/blog\/category\/sem-categoria\/"},"img":{"alt_text":"","src":"https:\/\/i0.wp.com\/gersonguelmann.com.br\/blog\/wp-content\/uploads\/2017\/10\/AG2.jpg?fit=960%2C640&ssl=1&resize=350%2C200","width":350,"height":200,"srcset":"https:\/\/i0.wp.com\/gersonguelmann.com.br\/blog\/wp-content\/uploads\/2017\/10\/AG2.jpg?fit=960%2C640&ssl=1&resize=350%2C200 1x, https:\/\/i0.wp.com\/gersonguelmann.com.br\/blog\/wp-content\/uploads\/2017\/10\/AG2.jpg?fit=960%2C640&ssl=1&resize=525%2C300 1.5x, https:\/\/i0.wp.com\/gersonguelmann.com.br\/blog\/wp-content\/uploads\/2017\/10\/AG2.jpg?fit=960%2C640&ssl=1&resize=700%2C400 2x"},"classes":[]},{"id":18780,"url":"https:\/\/gersonguelmann.com.br\/blog\/voce-gostaria-que-teus-dados-pessoais-fossem-leiloados\/","url_meta":{"origin":20315,"position":4},"title":"Voc\u00ea Gostaria Que Teus Dados Pessoais Fossem Leiloados?","author":"Gerson Guelmann","date":"9 de outubro de 2019","format":false,"excerpt":"Coisas dos tempos atuais: o site Olhar Digital revela que os dados pessoais de 92 milh\u00f5es de brasileiros est\u00e3o sendo leiloados. Acompanhe a mat\u00e9ria publicada h\u00e1 2 dias: Hacker est\u00e1 leiloando dados de 92 milh\u00f5es de brasileiros Luiz Nogueira, editado por Matheus Luque\u00a007\/10\/2019\u00a009h24 S\u00e3o 16 GB de dados que cont\u00eam\u2026","rel":"","context":"Em &quot;Sem categoria&quot;","block_context":{"text":"Sem categoria","link":"https:\/\/gersonguelmann.com.br\/blog\/category\/sem-categoria\/"},"img":{"alt_text":"","src":"https:\/\/i0.wp.com\/gersonguelmann.com.br\/blog\/wp-content\/uploads\/2019\/10\/Hacker.jpg?fit=960%2C627&ssl=1&resize=350%2C200","width":350,"height":200,"srcset":"https:\/\/i0.wp.com\/gersonguelmann.com.br\/blog\/wp-content\/uploads\/2019\/10\/Hacker.jpg?fit=960%2C627&ssl=1&resize=350%2C200 1x, https:\/\/i0.wp.com\/gersonguelmann.com.br\/blog\/wp-content\/uploads\/2019\/10\/Hacker.jpg?fit=960%2C627&ssl=1&resize=525%2C300 1.5x, https:\/\/i0.wp.com\/gersonguelmann.com.br\/blog\/wp-content\/uploads\/2019\/10\/Hacker.jpg?fit=960%2C627&ssl=1&resize=700%2C400 2x"},"classes":[]},{"id":23199,"url":"https:\/\/gersonguelmann.com.br\/blog\/sexta-do-humor-e-da-cultura-judaica-a-pequena-leah-e-a-origem-da-humanidade\/","url_meta":{"origin":20315,"position":5},"title":"Sexta do Humor e da Cultura Judaica &#8211; A Pequena Leah e a Origem da Humanidade","author":"Gerson Guelmann","date":"4 de agosto de 2023","format":false,"excerpt":"A Pequena Leah e a Origem da Humanidade Um dia Leah, de oito anos, disse para a m\u00e3e: - \"M\u00e3e, estava pensando sobre n\u00f3s, os humanos, e estou um pouco confusa. Quando apareceram os primeiros humanos na Terra?\" - \"Essa \u00e9 uma pergunta muito boa, querida\" - disse a m\u00e3e\u2026","rel":"","context":"Em &quot;Sem categoria&quot;","block_context":{"text":"Sem categoria","link":"https:\/\/gersonguelmann.com.br\/blog\/category\/sem-categoria\/"},"img":{"alt_text":"","src":"https:\/\/i0.wp.com\/gersonguelmann.com.br\/blog\/wp-content\/uploads\/2023\/08\/HojePR.jpg?fit=1125%2C750&ssl=1&resize=350%2C200","width":350,"height":200,"srcset":"https:\/\/i0.wp.com\/gersonguelmann.com.br\/blog\/wp-content\/uploads\/2023\/08\/HojePR.jpg?fit=1125%2C750&ssl=1&resize=350%2C200 1x, https:\/\/i0.wp.com\/gersonguelmann.com.br\/blog\/wp-content\/uploads\/2023\/08\/HojePR.jpg?fit=1125%2C750&ssl=1&resize=525%2C300 1.5x, https:\/\/i0.wp.com\/gersonguelmann.com.br\/blog\/wp-content\/uploads\/2023\/08\/HojePR.jpg?fit=1125%2C750&ssl=1&resize=700%2C400 2x, https:\/\/i0.wp.com\/gersonguelmann.com.br\/blog\/wp-content\/uploads\/2023\/08\/HojePR.jpg?fit=1125%2C750&ssl=1&resize=1050%2C600 3x"},"classes":[]}],"jetpack_sharing_enabled":true,"post_mailing_queue_ids":[],"_links":{"self":[{"href":"https:\/\/gersonguelmann.com.br\/blog\/wp-json\/wp\/v2\/posts\/20315","targetHints":{"allow":["GET"]}}],"collection":[{"href":"https:\/\/gersonguelmann.com.br\/blog\/wp-json\/wp\/v2\/posts"}],"about":[{"href":"https:\/\/gersonguelmann.com.br\/blog\/wp-json\/wp\/v2\/types\/post"}],"author":[{"embeddable":true,"href":"https:\/\/gersonguelmann.com.br\/blog\/wp-json\/wp\/v2\/users\/5"}],"replies":[{"embeddable":true,"href":"https:\/\/gersonguelmann.com.br\/blog\/wp-json\/wp\/v2\/comments?post=20315"}],"version-history":[{"count":0,"href":"https:\/\/gersonguelmann.com.br\/blog\/wp-json\/wp\/v2\/posts\/20315\/revisions"}],"wp:featuredmedia":[{"embeddable":true,"href":"https:\/\/gersonguelmann.com.br\/blog\/wp-json\/wp\/v2\/media\/23376"}],"wp:attachment":[{"href":"https:\/\/gersonguelmann.com.br\/blog\/wp-json\/wp\/v2\/media?parent=20315"}],"wp:term":[{"taxonomy":"category","embeddable":true,"href":"https:\/\/gersonguelmann.com.br\/blog\/wp-json\/wp\/v2\/categories?post=20315"},{"taxonomy":"post_tag","embeddable":true,"href":"https:\/\/gersonguelmann.com.br\/blog\/wp-json\/wp\/v2\/tags?post=20315"}],"curies":[{"name":"wp","href":"https:\/\/api.w.org\/{rel}","templated":true}]}}