    {"id":23656,"date":"2024-11-01T12:57:48","date_gmt":"2024-11-01T15:57:48","guid":{"rendered":"https:\/\/gersonguelmann.com.br\/blog\/?p=23656"},"modified":"2024-11-01T15:48:58","modified_gmt":"2024-11-01T18:48:58","slug":"sexta-do-humor-e-da-cultura-judaica-no-texas-e-assim","status":"publish","type":"post","link":"https:\/\/gersonguelmann.com.br\/blog\/sexta-do-humor-e-da-cultura-judaica-no-texas-e-assim\/","title":{"rendered":"Sexta do Humor e da Cultura Judaica &#8211; No Texas \u00e9 Assim"},"content":{"rendered":"<p><span style=\"font-size: 18pt; color: #000000; font-family: tahoma, arial, helvetica, sans-serif;\"><span lang=\"pt-BR\"><em><strong>No Texas \u00e9 Assim<\/strong><\/em><br \/>\nUm judeu te<\/span><span lang=\"pt-BR\">xano, <\/span><span lang=\"pt-BR\">de passagem por outro estado, entrou em <\/span><span lang=\"pt-BR\">um bar, feliz da vi<\/span><span lang=\"pt-BR\">da, e di<\/span><span lang=\"pt-BR\">sse<\/span><span lang=\"pt-BR\"> ao Barman que <\/span><span lang=\"pt-BR\">ia <\/span><span lang=\"pt-BR\">pagar uma rodada de bebidas para todos os presentes.<br \/>\n<\/span><\/span><span style=\"color: #000000; font-family: tahoma, arial, helvetica, sans-serif; font-size: 18pt;\"><span lang=\"pt-BR\">Ele agradeceu, gritou para dar a boa not\u00edcia aos demais clientes, agradece<\/span><span lang=\"pt-BR\">u<\/span><span lang=\"pt-BR\"> e pergunt<\/span><span lang=\"pt-BR\">ou<\/span><span lang=\"pt-BR\"> o que ele est<\/span><span lang=\"pt-BR\">ava <\/span><span lang=\"pt-BR\">comemo<\/span><span lang=\"pt-BR\">rando:<br \/>\n<\/span><span lang=\"pt-BR\">&#8211; \u201c<em>Nasceu meu primeiro filho, acabei de receber a not\u00edcia! Amanh\u00e3 estou indo para casa! Imagine que o guri pes<\/em><\/span><em><span lang=\"pt-BR\">ou<\/span><span lang=\"pt-BR\"> quase <\/span><span lang=\"pt-BR\">dez<\/span><\/em><span lang=\"pt-BR\"><em> quilos!<\/em>\u201d &#8211; <\/span><span lang=\"pt-BR\">falou <\/span><span lang=\"pt-BR\">o homem.<br \/>\n<\/span><\/span><span style=\"color: #000000; font-family: tahoma, arial, helvetica, sans-serif; font-size: 18pt;\"><span lang=\"pt-BR\">Obviamente o Barma<\/span><span lang=\"pt-BR\">n n<\/span><span lang=\"pt-BR\">\u00e3o acredit<\/span><span lang=\"pt-BR\">ou<\/span><span lang=\"pt-BR\"> e <\/span><span lang=\"pt-BR\">fez quest\u00e3o de <\/span><span lang=\"pt-BR\">di<\/span><span lang=\"pt-BR\">zer <\/span><span lang=\"pt-BR\">isso ao clien<\/span><span lang=\"pt-BR\">te, que <\/span><span lang=\"pt-BR\">respondeu<\/span><span lang=\"pt-BR\">:<br \/>\n<\/span><span lang=\"pt-BR\">&#8211; \u201c<em>Eu sou do Texas, e voc\u00ea sabe que no Texas<\/em><\/span><em><span lang=\"pt-BR\"> tu<\/span><\/em><span lang=\"pt-BR\"><em>do \u00e9 grande<\/em>\u201d &#8211; disse o pai, alegre.<br \/>\n<\/span><\/span><span style=\"color: #000000; font-family: tahoma, arial, helvetica, sans-serif; font-size: 18pt;\"><span lang=\"pt-BR\">Passados <\/span><span lang=\"pt-BR\">poucos <\/span><span lang=\"pt-BR\">dias o mesmo cliente voltou ao<\/span><span lang=\"pt-BR\"> bar e foi reconhecido pelo B<\/span><span lang=\"pt-BR\">arman, que perguntou:<br \/>\n<\/span><span lang=\"pt-BR\">&#8211; \u201c<em>E ent\u00e3o, como est\u00e1 o beb\u00ea? Deve ter engordado bastante, n\u00e3o?<\/em>\u201d<br \/>\n<\/span><span lang=\"pt-BR\">&#8211; \u201c<em>Q<\/em><\/span><em><span lang=\"pt-BR\">ue n<\/span><span lang=\"pt-BR\">ada, na re<\/span><span lang=\"pt-BR\">alidade per<\/span><span lang=\"pt-BR\">deu muito peso, agora est\u00e1 <\/span><span lang=\"pt-BR\">s\u00f3 com seis <\/span><\/em><span lang=\"pt-BR\"><em>quilos<\/em>\u201d <\/span><span lang=\"pt-BR\">&#8211; <\/span><span lang=\"pt-BR\">respondeu o homem.<br \/>\n<\/span><\/span><span style=\"color: #000000; font-family: tahoma, arial, helvetica, sans-serif; font-size: 18pt;\"><span lang=\"pt-BR\">O Barma<\/span><span lang=\"pt-BR\">n<\/span><span lang=\"pt-BR\">, ve<\/span><span lang=\"pt-BR\">ndo que o cl<\/span><span lang=\"pt-BR\">iente estava falando s\u00e9rio e imaginando que o beb\u00ea poderia ter adoecido, falou:<br \/>\n<\/span><span lang=\"pt-BR\">&#8211; \u201c<em>Puxa, lamento sa<\/em><\/span><em><span lang=\"pt-BR\">ber. O<\/span><span lang=\"pt-BR\"> qu<\/span><span lang=\"pt-BR\">e<\/span><\/em><span lang=\"pt-BR\"><em> aconteceu?<\/em>\u201d<br \/>\n<\/span><\/span><span style=\"color: #000000; font-family: tahoma, arial, helvetica, sans-serif; font-size: 18pt;\"><span lang=\"pt-BR\">E o pai respondeu, sem perder o estilo:<br \/>\n<\/span><span lang=\"pt-BR\">&#8211; \u201c<em>\u00c9 que fizemos a <\/em><\/span><em><span lang=\"pt-BR\">c<\/span><span lang=\"pt-BR\">i<\/span><span lang=\"pt-BR\">rcuncis\u00e3o<\/span><\/em><span lang=\"pt-BR\">.<\/span><span lang=\"pt-BR\">\u201d<\/span><\/span><\/p>\n<p><span style=\"font-family: tahoma, arial, helvetica, sans-serif; font-size: 18pt; color: #000000;\"><em><strong>Uma P\u00e9rola da Sabedoria Judaica<br \/>\n<\/strong>\u201cSe voc\u00ea tivesse acordado cedo n\u00e3o precisaria ir dormir t\u00e3o tarde.\u201d<\/em><\/span><\/p>\n<p><span style=\"color: #000000; font-family: tahoma, arial, helvetica, sans-serif; font-size: 18pt;\"><em><strong>Frases dos Melhores Humoristas Judeus<br \/>\n<\/strong><\/em><strong>Tom Lehrer <\/strong><em>(Thomas Andrew Lehrer\u00a0\u2013 Nova York, 9\/4\/1928)<strong><br \/>\n<\/strong>\u2013 \u201c\u00c9 confortador saber que quando Mozart tinha a minha idade ele j\u00e1 estava morto h\u00e1 dois anos.&#8221;<\/em><\/span><\/p>\n<p><span style=\"color: #000000; font-family: tahoma, arial, helvetica, sans-serif; font-size: 18pt;\"><em><strong>As Terr\u00edveis Pragas Judaicas<br \/>\n<\/strong>&#8220;Que n\u00e3o haja mais paz em tua casa.&#8221;<\/em><\/span><\/p>\n<p style=\"text-align: center;\"><img data-recalc-dims=\"1\" fetchpriority=\"high\" decoding=\"async\" data-attachment-id=\"23659\" data-permalink=\"https:\/\/gersonguelmann.com.br\/blog\/sexta-do-humor-e-da-cultura-judaica-no-texas-e-assim\/hojepr-206\/\" data-orig-file=\"https:\/\/i0.wp.com\/gersonguelmann.com.br\/blog\/wp-content\/uploads\/2024\/11\/HojePR-1.jpg?fit=550%2C366&amp;ssl=1\" data-orig-size=\"550,366\" data-comments-opened=\"1\" data-image-meta=\"{&quot;aperture&quot;:&quot;0&quot;,&quot;credit&quot;:&quot;&quot;,&quot;camera&quot;:&quot;&quot;,&quot;caption&quot;:&quot;&quot;,&quot;created_timestamp&quot;:&quot;0&quot;,&quot;copyright&quot;:&quot;&quot;,&quot;focal_length&quot;:&quot;0&quot;,&quot;iso&quot;:&quot;0&quot;,&quot;shutter_speed&quot;:&quot;0&quot;,&quot;title&quot;:&quot;&quot;,&quot;orientation&quot;:&quot;1&quot;}\" data-image-title=\"HojePR\" data-image-description=\"\" data-image-caption=\"\" data-medium-file=\"https:\/\/i0.wp.com\/gersonguelmann.com.br\/blog\/wp-content\/uploads\/2024\/11\/HojePR-1.jpg?fit=300%2C200&amp;ssl=1\" data-large-file=\"https:\/\/i0.wp.com\/gersonguelmann.com.br\/blog\/wp-content\/uploads\/2024\/11\/HojePR-1.jpg?fit=550%2C366&amp;ssl=1\" class=\"alignnone size-medium wp-image-23659\" src=\"https:\/\/i0.wp.com\/gersonguelmann.com.br\/blog\/wp-content\/uploads\/2024\/11\/HojePR-1.jpg?resize=300%2C200&#038;ssl=1\" alt=\"\" width=\"300\" height=\"200\" srcset=\"https:\/\/i0.wp.com\/gersonguelmann.com.br\/blog\/wp-content\/uploads\/2024\/11\/HojePR-1.jpg?resize=300%2C200&amp;ssl=1 300w, https:\/\/i0.wp.com\/gersonguelmann.com.br\/blog\/wp-content\/uploads\/2024\/11\/HojePR-1.jpg?w=550&amp;ssl=1 550w\" sizes=\"(max-width: 300px) 100vw, 300px\" \/><\/p>\n<p>&nbsp;<\/p>\n<p>&nbsp;<\/p>\n<p>&nbsp;<\/p>\n<p>&nbsp;<\/p>\n","protected":false},"excerpt":{"rendered":"<p>No Texas \u00e9 Assim Um judeu texano, de passagem por outro estado, entrou em um bar, feliz da vida, e disse ao Barman que ia pagar uma rodada de bebidas para todos os presentes. Ele agradeceu, gritou para dar a boa not\u00edcia aos demais clientes, agradeceu e perguntou o que ele estava comemorando: &#8211; \u201cNasceu [&hellip;]<\/p>\n","protected":false},"author":5,"featured_media":23659,"comment_status":"open","ping_status":"closed","sticky":false,"template":"","format":"standard","meta":{"_acf_changed":false,"jetpack_post_was_ever_published":false,"_jetpack_newsletter_access":"","_jetpack_dont_email_post_to_subs":false,"_jetpack_newsletter_tier_id":0,"_jetpack_memberships_contains_paywalled_content":false,"_jetpack_memberships_contains_paid_content":false,"footnotes":"","jetpack_publicize_message":"","jetpack_publicize_feature_enabled":true,"jetpack_social_post_already_shared":true,"jetpack_social_options":{"image_generator_settings":{"template":"highway","default_image_id":0,"font":"","enabled":false},"version":2}},"categories":[1],"tags":[],"class_list":["post-23656","post","type-post","status-publish","format-standard","has-post-thumbnail","hentry","category-sem-categoria"],"acf":[],"yoast_head":"<!-- This site is optimized with the Yoast SEO plugin v27.3 - https:\/\/yoast.com\/product\/yoast-seo-wordpress\/ -->\n<title>Sexta do Humor e da Cultura Judaica - No Texas \u00e9 Assim | Blog do Guelmann<\/title>\n<meta name=\"robots\" content=\"index, follow, max-snippet:-1, max-image-preview:large, max-video-preview:-1\" \/>\n<link rel=\"canonical\" href=\"https:\/\/gersonguelmann.com.br\/blog\/sexta-do-humor-e-da-cultura-judaica-no-texas-e-assim\/\" \/>\n<meta property=\"og:locale\" content=\"pt_BR\" \/>\n<meta property=\"og:type\" content=\"article\" \/>\n<meta property=\"og:title\" content=\"Sexta do Humor e da Cultura Judaica - No Texas \u00e9 Assim | Blog do Guelmann\" \/>\n<meta property=\"og:description\" content=\"No Texas \u00e9 Assim Um judeu texano, de passagem por outro estado, entrou em um bar, feliz da vida, e disse ao Barman que ia pagar uma rodada de bebidas para todos os presentes. Ele agradeceu, gritou para dar a boa not\u00edcia aos demais clientes, agradeceu e perguntou o que ele estava comemorando: &#8211; \u201cNasceu [&hellip;]\" \/>\n<meta property=\"og:url\" content=\"https:\/\/gersonguelmann.com.br\/blog\/sexta-do-humor-e-da-cultura-judaica-no-texas-e-assim\/\" \/>\n<meta property=\"og:site_name\" content=\"Blog do Guelmann\" \/>\n<meta property=\"article:published_time\" content=\"2024-11-01T15:57:48+00:00\" \/>\n<meta property=\"article:modified_time\" content=\"2024-11-01T18:48:58+00:00\" \/>\n<meta property=\"og:image\" content=\"https:\/\/gersonguelmann.com.br\/blog\/wp-content\/uploads\/2024\/11\/HojePR-1.jpg\" \/>\n\t<meta property=\"og:image:width\" content=\"550\" \/>\n\t<meta property=\"og:image:height\" content=\"366\" \/>\n\t<meta property=\"og:image:type\" content=\"image\/jpeg\" \/>\n<meta name=\"author\" content=\"Gerson Guelmann\" \/>\n<meta name=\"twitter:card\" content=\"summary_large_image\" \/>\n<meta name=\"twitter:label1\" content=\"Escrito por\" \/>\n\t<meta name=\"twitter:data1\" content=\"Gerson Guelmann\" \/>\n\t<meta name=\"twitter:label2\" content=\"Est. tempo de leitura\" \/>\n\t<meta name=\"twitter:data2\" content=\"2 minutos\" \/>\n<script type=\"application\/ld+json\" class=\"yoast-schema-graph\">{\"@context\":\"https:\\\/\\\/schema.org\",\"@graph\":[{\"@type\":\"Article\",\"@id\":\"https:\\\/\\\/gersonguelmann.com.br\\\/blog\\\/sexta-do-humor-e-da-cultura-judaica-no-texas-e-assim\\\/#article\",\"isPartOf\":{\"@id\":\"https:\\\/\\\/gersonguelmann.com.br\\\/blog\\\/sexta-do-humor-e-da-cultura-judaica-no-texas-e-assim\\\/\"},\"author\":{\"name\":\"Gerson Guelmann\",\"@id\":\"https:\\\/\\\/gersonguelmann.com.br\\\/blog\\\/#\\\/schema\\\/person\\\/87e70e2a786888082f941a482c90569e\"},\"headline\":\"Sexta do Humor e da Cultura Judaica &#8211; No Texas \u00e9 Assim\",\"datePublished\":\"2024-11-01T15:57:48+00:00\",\"dateModified\":\"2024-11-01T18:48:58+00:00\",\"mainEntityOfPage\":{\"@id\":\"https:\\\/\\\/gersonguelmann.com.br\\\/blog\\\/sexta-do-humor-e-da-cultura-judaica-no-texas-e-assim\\\/\"},\"wordCount\":305,\"commentCount\":0,\"image\":{\"@id\":\"https:\\\/\\\/gersonguelmann.com.br\\\/blog\\\/sexta-do-humor-e-da-cultura-judaica-no-texas-e-assim\\\/#primaryimage\"},\"thumbnailUrl\":\"https:\\\/\\\/i0.wp.com\\\/gersonguelmann.com.br\\\/blog\\\/wp-content\\\/uploads\\\/2024\\\/11\\\/HojePR-1.jpg?fit=550%2C366&ssl=1\",\"inLanguage\":\"pt-BR\",\"potentialAction\":[{\"@type\":\"CommentAction\",\"name\":\"Comment\",\"target\":[\"https:\\\/\\\/gersonguelmann.com.br\\\/blog\\\/sexta-do-humor-e-da-cultura-judaica-no-texas-e-assim\\\/#respond\"]}]},{\"@type\":\"WebPage\",\"@id\":\"https:\\\/\\\/gersonguelmann.com.br\\\/blog\\\/sexta-do-humor-e-da-cultura-judaica-no-texas-e-assim\\\/\",\"url\":\"https:\\\/\\\/gersonguelmann.com.br\\\/blog\\\/sexta-do-humor-e-da-cultura-judaica-no-texas-e-assim\\\/\",\"name\":\"Sexta do Humor e da Cultura Judaica - No Texas \u00e9 Assim | Blog do Guelmann\",\"isPartOf\":{\"@id\":\"https:\\\/\\\/gersonguelmann.com.br\\\/blog\\\/#website\"},\"primaryImageOfPage\":{\"@id\":\"https:\\\/\\\/gersonguelmann.com.br\\\/blog\\\/sexta-do-humor-e-da-cultura-judaica-no-texas-e-assim\\\/#primaryimage\"},\"image\":{\"@id\":\"https:\\\/\\\/gersonguelmann.com.br\\\/blog\\\/sexta-do-humor-e-da-cultura-judaica-no-texas-e-assim\\\/#primaryimage\"},\"thumbnailUrl\":\"https:\\\/\\\/i0.wp.com\\\/gersonguelmann.com.br\\\/blog\\\/wp-content\\\/uploads\\\/2024\\\/11\\\/HojePR-1.jpg?fit=550%2C366&ssl=1\",\"datePublished\":\"2024-11-01T15:57:48+00:00\",\"dateModified\":\"2024-11-01T18:48:58+00:00\",\"author\":{\"@id\":\"https:\\\/\\\/gersonguelmann.com.br\\\/blog\\\/#\\\/schema\\\/person\\\/87e70e2a786888082f941a482c90569e\"},\"inLanguage\":\"pt-BR\",\"potentialAction\":[{\"@type\":\"ReadAction\",\"target\":[\"https:\\\/\\\/gersonguelmann.com.br\\\/blog\\\/sexta-do-humor-e-da-cultura-judaica-no-texas-e-assim\\\/\"]}]},{\"@type\":\"ImageObject\",\"inLanguage\":\"pt-BR\",\"@id\":\"https:\\\/\\\/gersonguelmann.com.br\\\/blog\\\/sexta-do-humor-e-da-cultura-judaica-no-texas-e-assim\\\/#primaryimage\",\"url\":\"https:\\\/\\\/i0.wp.com\\\/gersonguelmann.com.br\\\/blog\\\/wp-content\\\/uploads\\\/2024\\\/11\\\/HojePR-1.jpg?fit=550%2C366&ssl=1\",\"contentUrl\":\"https:\\\/\\\/i0.wp.com\\\/gersonguelmann.com.br\\\/blog\\\/wp-content\\\/uploads\\\/2024\\\/11\\\/HojePR-1.jpg?fit=550%2C366&ssl=1\",\"width\":550,\"height\":366},{\"@type\":\"WebSite\",\"@id\":\"https:\\\/\\\/gersonguelmann.com.br\\\/blog\\\/#website\",\"url\":\"https:\\\/\\\/gersonguelmann.com.br\\\/blog\\\/\",\"name\":\"Blog do Guelmann\",\"description\":\"Pitadas da sabedoria e do humor judaicos, assuntos do momento e um pouco das hist\u00f3rias que vivi e testemunhei.\",\"potentialAction\":[{\"@type\":\"SearchAction\",\"target\":{\"@type\":\"EntryPoint\",\"urlTemplate\":\"https:\\\/\\\/gersonguelmann.com.br\\\/blog\\\/?s={search_term_string}\"},\"query-input\":{\"@type\":\"PropertyValueSpecification\",\"valueRequired\":true,\"valueName\":\"search_term_string\"}}],\"inLanguage\":\"pt-BR\"},{\"@type\":\"Person\",\"@id\":\"https:\\\/\\\/gersonguelmann.com.br\\\/blog\\\/#\\\/schema\\\/person\\\/87e70e2a786888082f941a482c90569e\",\"name\":\"Gerson Guelmann\",\"image\":{\"@type\":\"ImageObject\",\"inLanguage\":\"pt-BR\",\"@id\":\"https:\\\/\\\/i0.wp.com\\\/gersonguelmann.com.br\\\/blog\\\/wp-content\\\/uploads\\\/2021\\\/08\\\/BLOG.jpeg?fit=96%2C96&ssl=1\",\"url\":\"https:\\\/\\\/i0.wp.com\\\/gersonguelmann.com.br\\\/blog\\\/wp-content\\\/uploads\\\/2021\\\/08\\\/BLOG.jpeg?fit=96%2C96&ssl=1\",\"contentUrl\":\"https:\\\/\\\/i0.wp.com\\\/gersonguelmann.com.br\\\/blog\\\/wp-content\\\/uploads\\\/2021\\\/08\\\/BLOG.jpeg?fit=96%2C96&ssl=1\",\"caption\":\"Gerson Guelmann\"},\"description\":\"Pitadas da sabedoria e do humor judaicos, assuntos do momento e um pouco das hist\u00f3rias que vivi e testemunhei.\"}]}<\/script>\n<!-- \/ Yoast SEO plugin. -->","yoast_head_json":{"title":"Sexta do Humor e da Cultura Judaica - No Texas \u00e9 Assim | Blog do Guelmann","robots":{"index":"index","follow":"follow","max-snippet":"max-snippet:-1","max-image-preview":"max-image-preview:large","max-video-preview":"max-video-preview:-1"},"canonical":"https:\/\/gersonguelmann.com.br\/blog\/sexta-do-humor-e-da-cultura-judaica-no-texas-e-assim\/","og_locale":"pt_BR","og_type":"article","og_title":"Sexta do Humor e da Cultura Judaica - No Texas \u00e9 Assim | Blog do Guelmann","og_description":"No Texas \u00e9 Assim Um judeu texano, de passagem por outro estado, entrou em um bar, feliz da vida, e disse ao Barman que ia pagar uma rodada de bebidas para todos os presentes. Ele agradeceu, gritou para dar a boa not\u00edcia aos demais clientes, agradeceu e perguntou o que ele estava comemorando: &#8211; \u201cNasceu [&hellip;]","og_url":"https:\/\/gersonguelmann.com.br\/blog\/sexta-do-humor-e-da-cultura-judaica-no-texas-e-assim\/","og_site_name":"Blog do Guelmann","article_published_time":"2024-11-01T15:57:48+00:00","article_modified_time":"2024-11-01T18:48:58+00:00","og_image":[{"width":550,"height":366,"url":"https:\/\/gersonguelmann.com.br\/blog\/wp-content\/uploads\/2024\/11\/HojePR-1.jpg","type":"image\/jpeg"}],"author":"Gerson Guelmann","twitter_card":"summary_large_image","twitter_misc":{"Escrito por":"Gerson Guelmann","Est. tempo de leitura":"2 minutos"},"schema":{"@context":"https:\/\/schema.org","@graph":[{"@type":"Article","@id":"https:\/\/gersonguelmann.com.br\/blog\/sexta-do-humor-e-da-cultura-judaica-no-texas-e-assim\/#article","isPartOf":{"@id":"https:\/\/gersonguelmann.com.br\/blog\/sexta-do-humor-e-da-cultura-judaica-no-texas-e-assim\/"},"author":{"name":"Gerson Guelmann","@id":"https:\/\/gersonguelmann.com.br\/blog\/#\/schema\/person\/87e70e2a786888082f941a482c90569e"},"headline":"Sexta do Humor e da Cultura Judaica &#8211; No Texas \u00e9 Assim","datePublished":"2024-11-01T15:57:48+00:00","dateModified":"2024-11-01T18:48:58+00:00","mainEntityOfPage":{"@id":"https:\/\/gersonguelmann.com.br\/blog\/sexta-do-humor-e-da-cultura-judaica-no-texas-e-assim\/"},"wordCount":305,"commentCount":0,"image":{"@id":"https:\/\/gersonguelmann.com.br\/blog\/sexta-do-humor-e-da-cultura-judaica-no-texas-e-assim\/#primaryimage"},"thumbnailUrl":"https:\/\/i0.wp.com\/gersonguelmann.com.br\/blog\/wp-content\/uploads\/2024\/11\/HojePR-1.jpg?fit=550%2C366&ssl=1","inLanguage":"pt-BR","potentialAction":[{"@type":"CommentAction","name":"Comment","target":["https:\/\/gersonguelmann.com.br\/blog\/sexta-do-humor-e-da-cultura-judaica-no-texas-e-assim\/#respond"]}]},{"@type":"WebPage","@id":"https:\/\/gersonguelmann.com.br\/blog\/sexta-do-humor-e-da-cultura-judaica-no-texas-e-assim\/","url":"https:\/\/gersonguelmann.com.br\/blog\/sexta-do-humor-e-da-cultura-judaica-no-texas-e-assim\/","name":"Sexta do Humor e da Cultura Judaica - No Texas \u00e9 Assim | Blog do Guelmann","isPartOf":{"@id":"https:\/\/gersonguelmann.com.br\/blog\/#website"},"primaryImageOfPage":{"@id":"https:\/\/gersonguelmann.com.br\/blog\/sexta-do-humor-e-da-cultura-judaica-no-texas-e-assim\/#primaryimage"},"image":{"@id":"https:\/\/gersonguelmann.com.br\/blog\/sexta-do-humor-e-da-cultura-judaica-no-texas-e-assim\/#primaryimage"},"thumbnailUrl":"https:\/\/i0.wp.com\/gersonguelmann.com.br\/blog\/wp-content\/uploads\/2024\/11\/HojePR-1.jpg?fit=550%2C366&ssl=1","datePublished":"2024-11-01T15:57:48+00:00","dateModified":"2024-11-01T18:48:58+00:00","author":{"@id":"https:\/\/gersonguelmann.com.br\/blog\/#\/schema\/person\/87e70e2a786888082f941a482c90569e"},"inLanguage":"pt-BR","potentialAction":[{"@type":"ReadAction","target":["https:\/\/gersonguelmann.com.br\/blog\/sexta-do-humor-e-da-cultura-judaica-no-texas-e-assim\/"]}]},{"@type":"ImageObject","inLanguage":"pt-BR","@id":"https:\/\/gersonguelmann.com.br\/blog\/sexta-do-humor-e-da-cultura-judaica-no-texas-e-assim\/#primaryimage","url":"https:\/\/i0.wp.com\/gersonguelmann.com.br\/blog\/wp-content\/uploads\/2024\/11\/HojePR-1.jpg?fit=550%2C366&ssl=1","contentUrl":"https:\/\/i0.wp.com\/gersonguelmann.com.br\/blog\/wp-content\/uploads\/2024\/11\/HojePR-1.jpg?fit=550%2C366&ssl=1","width":550,"height":366},{"@type":"WebSite","@id":"https:\/\/gersonguelmann.com.br\/blog\/#website","url":"https:\/\/gersonguelmann.com.br\/blog\/","name":"Blog do Guelmann","description":"Pitadas da sabedoria e do humor judaicos, assuntos do momento e um pouco das hist\u00f3rias que vivi e testemunhei.","potentialAction":[{"@type":"SearchAction","target":{"@type":"EntryPoint","urlTemplate":"https:\/\/gersonguelmann.com.br\/blog\/?s={search_term_string}"},"query-input":{"@type":"PropertyValueSpecification","valueRequired":true,"valueName":"search_term_string"}}],"inLanguage":"pt-BR"},{"@type":"Person","@id":"https:\/\/gersonguelmann.com.br\/blog\/#\/schema\/person\/87e70e2a786888082f941a482c90569e","name":"Gerson Guelmann","image":{"@type":"ImageObject","inLanguage":"pt-BR","@id":"https:\/\/i0.wp.com\/gersonguelmann.com.br\/blog\/wp-content\/uploads\/2021\/08\/BLOG.jpeg?fit=96%2C96&ssl=1","url":"https:\/\/i0.wp.com\/gersonguelmann.com.br\/blog\/wp-content\/uploads\/2021\/08\/BLOG.jpeg?fit=96%2C96&ssl=1","contentUrl":"https:\/\/i0.wp.com\/gersonguelmann.com.br\/blog\/wp-content\/uploads\/2021\/08\/BLOG.jpeg?fit=96%2C96&ssl=1","caption":"Gerson Guelmann"},"description":"Pitadas da sabedoria e do humor judaicos, assuntos do momento e um pouco das hist\u00f3rias que vivi e testemunhei."}]}},"views":37,"jetpack_publicize_connections":[],"jetpack_featured_media_url":"https:\/\/i0.wp.com\/gersonguelmann.com.br\/blog\/wp-content\/uploads\/2024\/11\/HojePR-1.jpg?fit=550%2C366&ssl=1","jetpack_shortlink":"https:\/\/wp.me\/p96e7O-69y","jetpack-related-posts":[{"id":5747,"url":"https:\/\/gersonguelmann.com.br\/blog\/jaco-e-a-entrevista-de-emprego\/","url_meta":{"origin":23656,"position":0},"title":"Jac\u00f3 e a Entrevista de Emprego","author":"Gerson Guelmann","date":"19 de setembro de 2019","format":false,"excerpt":"Ap\u00f3s um rigoroso processo de sele\u00e7\u00e3o, quatro jovens rec\u00e9m formados estavam no est\u00e1gio final de entrevistas para ocupar um cargo muito importante em uma grande empresa. O primeiro era cat\u00f3lico, o segundo era budista, a terceira era uma mo\u00e7a, evang\u00e9lica. O quarto era o Jac\u00f3. O Presidente da empresa resolveu\u2026","rel":"","context":"Em &quot;Sem categoria&quot;","block_context":{"text":"Sem categoria","link":"https:\/\/gersonguelmann.com.br\/blog\/category\/sem-categoria\/"},"img":{"alt_text":"","src":"https:\/\/i0.wp.com\/gersonguelmann.com.br\/blog\/wp-content\/uploads\/2017\/12\/Privada.jpg?resize=350%2C200&ssl=1","width":350,"height":200},"classes":[]},{"id":2682,"url":"https:\/\/gersonguelmann.com.br\/blog\/samuel-e-o-horario-do-barbeiro\/","url_meta":{"origin":23656,"position":1},"title":"Samuel e o Hor\u00e1rio do Barbeiro","author":"Gerson Guelmann","date":"1 de mar\u00e7o de 2023","format":false,"excerpt":"Samuel entrou na barbearia do Abra\u00e3o e perguntou: - \"Quanto tempo at\u00e9 eu conseguir cortar o cabelo?\" Abra\u00e3o\u00a0olhou para ver quantos fregueses estavam esperando e respondeu: - \"Cerca de uma hora\". Samuel agradeceu e saiu.\u00a0 Alguns dias depois, entrou novamente na barbearia: - \"Quanto tempo at\u00e9 eu conseguir cortar o\u2026","rel":"","context":"Em &quot;Sem categoria&quot;","block_context":{"text":"Sem categoria","link":"https:\/\/gersonguelmann.com.br\/blog\/category\/sem-categoria\/"},"img":{"alt_text":"","src":"https:\/\/i0.wp.com\/gersonguelmann.com.br\/blog\/wp-content\/uploads\/2017\/10\/Barbeiro.jpg?fit=960%2C640&ssl=1&resize=350%2C200","width":350,"height":200,"srcset":"https:\/\/i0.wp.com\/gersonguelmann.com.br\/blog\/wp-content\/uploads\/2017\/10\/Barbeiro.jpg?fit=960%2C640&ssl=1&resize=350%2C200 1x, https:\/\/i0.wp.com\/gersonguelmann.com.br\/blog\/wp-content\/uploads\/2017\/10\/Barbeiro.jpg?fit=960%2C640&ssl=1&resize=525%2C300 1.5x, https:\/\/i0.wp.com\/gersonguelmann.com.br\/blog\/wp-content\/uploads\/2017\/10\/Barbeiro.jpg?fit=960%2C640&ssl=1&resize=700%2C400 2x"},"classes":[]},{"id":22448,"url":"https:\/\/gersonguelmann.com.br\/blog\/jacob-edelstein-e-o-azar-no-poquer\/","url_meta":{"origin":23656,"position":2},"title":"Jacob Edelstein e o Azar no P\u00f4quer","author":"Gerson Guelmann","date":"19 de junho de 2024","format":false,"excerpt":"Seis judeus aposentados da Fl\u00f3rida estavam jogando p\u00f4quer no clube do condom\u00ednio onde moravam quando Meyer, um dos amigos, perdeu U$ 1.000 em uma \u00fanica m\u00e3o. Os parceiros de jogo sabiam que Meyer vivia \u00e0s turras com a mulher, que n\u00e3o queria que ele jogasse pelo receio de que acabasse\u2026","rel":"","context":"Em &quot;Sem categoria&quot;","block_context":{"text":"Sem categoria","link":"https:\/\/gersonguelmann.com.br\/blog\/category\/sem-categoria\/"},"img":{"alt_text":"","src":"https:\/\/i0.wp.com\/gersonguelmann.com.br\/blog\/wp-content\/uploads\/2024\/06\/HojePR-9.jpg?fit=960%2C533&ssl=1&resize=350%2C200","width":350,"height":200,"srcset":"https:\/\/i0.wp.com\/gersonguelmann.com.br\/blog\/wp-content\/uploads\/2024\/06\/HojePR-9.jpg?fit=960%2C533&ssl=1&resize=350%2C200 1x, https:\/\/i0.wp.com\/gersonguelmann.com.br\/blog\/wp-content\/uploads\/2024\/06\/HojePR-9.jpg?fit=960%2C533&ssl=1&resize=525%2C300 1.5x, https:\/\/i0.wp.com\/gersonguelmann.com.br\/blog\/wp-content\/uploads\/2024\/06\/HojePR-9.jpg?fit=960%2C533&ssl=1&resize=700%2C400 2x"},"classes":[]},{"id":15868,"url":"https:\/\/gersonguelmann.com.br\/blog\/minha-experiencia-com-o-ricardo-boechat\/","url_meta":{"origin":23656,"position":3},"title":"Minha Experi\u00eancia Com o Ricardo Boechat","author":"Gerson Guelmann","date":"11 de fevereiro de 2019","format":false,"excerpt":"Assim como boa parte da popula\u00e7\u00e3o brasileira, estou muito chocado com a morte do jornalista Ricardo Boechat. N\u00e3o tenho o h\u00e1bito de ouvir e assistir as emissoras onde ele trabalhava, a n\u00e3o ser em situa\u00e7\u00f5es muito especiais, mas h\u00e1 muito o considerava como um dos melhores, se n\u00e3o o melhor\u2026","rel":"","context":"Em &quot;Sem categoria&quot;","block_context":{"text":"Sem categoria","link":"https:\/\/gersonguelmann.com.br\/blog\/category\/sem-categoria\/"},"img":{"alt_text":"","src":"https:\/\/i0.wp.com\/gersonguelmann.com.br\/blog\/wp-content\/uploads\/2019\/02\/RB.jpg?resize=350%2C200&ssl=1","width":350,"height":200},"classes":[]},{"id":26424,"url":"https:\/\/gersonguelmann.com.br\/blog\/tres-na-quarta-de-humor-judaico-61\/","url_meta":{"origin":23656,"position":4},"title":"Tr\u00eas na Quarta de Humor Judaico","author":"Gerson Guelmann","date":"5 de novembro de 2025","format":false,"excerpt":"O Rabino Mais Breve da Comunidade Um rabino rec\u00e9m-contratado havia terminado sua pr\u00e9dica na sinagoga quando o presidente da comunidade se aproximou e disse:- Obrigado pelos dois serm\u00f5es de hoje. - \u00a0Foi apenas um - respondeu ele. - N\u00e3o, foram dois - insistiu o homem. - Como assim? - quis\u2026","rel":"","context":"Em &quot;Sem categoria&quot;","block_context":{"text":"Sem categoria","link":"https:\/\/gersonguelmann.com.br\/blog\/category\/sem-categoria\/"},"img":{"alt_text":"","src":"https:\/\/i0.wp.com\/gersonguelmann.com.br\/blog\/wp-content\/uploads\/2025\/11\/HojePR-1.jpg?fit=600%2C400&ssl=1&resize=350%2C200","width":350,"height":200,"srcset":"https:\/\/i0.wp.com\/gersonguelmann.com.br\/blog\/wp-content\/uploads\/2025\/11\/HojePR-1.jpg?fit=600%2C400&ssl=1&resize=350%2C200 1x, https:\/\/i0.wp.com\/gersonguelmann.com.br\/blog\/wp-content\/uploads\/2025\/11\/HojePR-1.jpg?fit=600%2C400&ssl=1&resize=525%2C300 1.5x"},"classes":[]},{"id":3163,"url":"https:\/\/gersonguelmann.com.br\/blog\/os-bebados-no-taxi\/","url_meta":{"origin":23656,"position":5},"title":"Os B\u00eabados no T\u00e1xi","author":"Gerson Guelmann","date":"19 de outubro de 2017","format":false,"excerpt":"Tr\u00eas amigos sa\u00edram de um bar, j\u00e1 de madrugada, e entraram em um t\u00e1xi. Acostumado a atender clientes naquele lugar o motorista\u00a0percebeu que todos estavam completamente b\u00eabados, e achou que poderia ganhar um bom dinheiro e se divertir \u00e0 custa deles.\u00a0 Assim que os tr\u00eas entraram e disseram para onde\u2026","rel":"","context":"Em &quot;Sem categoria&quot;","block_context":{"text":"Sem categoria","link":"https:\/\/gersonguelmann.com.br\/blog\/category\/sem-categoria\/"},"img":{"alt_text":"","src":"https:\/\/i0.wp.com\/gersonguelmann.com.br\/blog\/wp-content\/uploads\/2017\/10\/Taxi.jpg?fit=960%2C640&ssl=1&resize=350%2C200","width":350,"height":200,"srcset":"https:\/\/i0.wp.com\/gersonguelmann.com.br\/blog\/wp-content\/uploads\/2017\/10\/Taxi.jpg?fit=960%2C640&ssl=1&resize=350%2C200 1x, https:\/\/i0.wp.com\/gersonguelmann.com.br\/blog\/wp-content\/uploads\/2017\/10\/Taxi.jpg?fit=960%2C640&ssl=1&resize=525%2C300 1.5x, https:\/\/i0.wp.com\/gersonguelmann.com.br\/blog\/wp-content\/uploads\/2017\/10\/Taxi.jpg?fit=960%2C640&ssl=1&resize=700%2C400 2x"},"classes":[]}],"jetpack_sharing_enabled":true,"post_mailing_queue_ids":[],"_links":{"self":[{"href":"https:\/\/gersonguelmann.com.br\/blog\/wp-json\/wp\/v2\/posts\/23656","targetHints":{"allow":["GET"]}}],"collection":[{"href":"https:\/\/gersonguelmann.com.br\/blog\/wp-json\/wp\/v2\/posts"}],"about":[{"href":"https:\/\/gersonguelmann.com.br\/blog\/wp-json\/wp\/v2\/types\/post"}],"author":[{"embeddable":true,"href":"https:\/\/gersonguelmann.com.br\/blog\/wp-json\/wp\/v2\/users\/5"}],"replies":[{"embeddable":true,"href":"https:\/\/gersonguelmann.com.br\/blog\/wp-json\/wp\/v2\/comments?post=23656"}],"version-history":[{"count":0,"href":"https:\/\/gersonguelmann.com.br\/blog\/wp-json\/wp\/v2\/posts\/23656\/revisions"}],"wp:featuredmedia":[{"embeddable":true,"href":"https:\/\/gersonguelmann.com.br\/blog\/wp-json\/wp\/v2\/media\/23659"}],"wp:attachment":[{"href":"https:\/\/gersonguelmann.com.br\/blog\/wp-json\/wp\/v2\/media?parent=23656"}],"wp:term":[{"taxonomy":"category","embeddable":true,"href":"https:\/\/gersonguelmann.com.br\/blog\/wp-json\/wp\/v2\/categories?post=23656"},{"taxonomy":"post_tag","embeddable":true,"href":"https:\/\/gersonguelmann.com.br\/blog\/wp-json\/wp\/v2\/tags?post=23656"}],"curies":[{"name":"wp","href":"https:\/\/api.w.org\/{rel}","templated":true}]}}