    {"id":2433,"date":"2017-10-04T21:00:19","date_gmt":"2017-10-05T00:00:19","guid":{"rendered":"https:\/\/gersonguelmann.com.br\/blog\/?p=2433"},"modified":"2017-10-04T21:45:20","modified_gmt":"2017-10-05T00:45:20","slug":"sao-francisco-gilson-marcia","status":"publish","type":"post","link":"https:\/\/gersonguelmann.com.br\/blog\/sao-francisco-gilson-marcia\/","title":{"rendered":"S\u00e3o Francisco, Gilson &#038; Marcia"},"content":{"rendered":"<p><span style=\"font-family: tahoma, arial, helvetica, sans-serif; font-size: 14pt; color: #000000;\">Hoje, 4 de outubro, \u00e9 o dia de S\u00e3o Francisco de\u00a0Assis.<\/span><\/p>\n<p><span style=\"font-family: tahoma, arial, helvetica, sans-serif; font-size: 14pt; color: #000000;\">A data me une a duas pessoas e c<\/span><span style=\"color: #000000; font-family: tahoma, arial, helvetica, sans-serif; font-size: 14pt;\">om uma delas os la\u00e7os s\u00e3o antigos: remontam a 1951, quando nasceu o Gilson, meu irm\u00e3o, que hoje completa 66 anos. Certamente n\u00e3o \u00e9 por coincid\u00eancia que ele gosta muito de bichos, dos quais o santo \u00e9 padroeiro. E tamb\u00e9m n\u00e3o \u00e9 por acaso que ele \u00e9 pai de duas Veterin\u00e1rias, a Gilian e a Gisah.\u00a0<\/span><\/p>\n<p><span style=\"font-size: 14pt;\"><span style=\"font-family: tahoma, arial, helvetica, sans-serif; color: #000000;\">Com a outra pessoa a liga\u00e7\u00e3o \u00e9 mais nova, coisa de 5 anos e meio, n\u00e9,\u00a0Marcia Oleskovicz Fruet? E aqui vai mais uma prova de que tudo estava escrito nas estrelas: ela \u00e9 mega-devota do &#8220;Fanquico&#8221; (como a gente se refere a ele), \u00e9 o ser mais alucinado por animais que conhe\u00e7o e dona de uma cole\u00e7\u00e3o de 350 S\u00e3o\u00a0Francisquinhos e Francisc\u00f5es: imagens, est\u00e1tuas de diferentes tamanhos e materiais, quadros, etc. Alguns ela trouxe de Assis, na It\u00e1lia, onde ele nasceu; a Rosane e eu tamb\u00e9m ganhamos um. E n\u00e3o \u00e9 a toa que S\u00e3o Francisco tamb\u00e9m \u00e9 conhecido como o Santo\u00a0dos pobres, aos quais a Marcia se dedicou com muito carinho e o cora\u00e7\u00e3o aberto, nos \u00faltimos 4 anos.<\/span><\/span><\/p>\n<p><span style=\"font-family: tahoma, arial, helvetica, sans-serif; font-size: 14pt; color: #000000;\">Ent\u00e3o, para homenagear essas duas pessoas t\u00e3o importantes para mim, deixo aqui um v\u00eddeo bel\u00edssimo, chamado <em>&#8220;Salvamento M\u00fatuo&#8221;<\/em>. \u00c9 a hist\u00f3ria da rela\u00e7\u00e3o de um homem chamado Eric com o seu cachorro, Peety.<\/span><\/p>\n<p><span style=\"font-family: tahoma, arial, helvetica, sans-serif; font-size: 14pt; color: #000000;\"><em><strong><a href=\"https:\/\/www.youtube.com\/watch?v=aWHiYwkQMv4\">Clique aqui ou no &#8220;Fanquico&#8221; abaixo para assistir. E desculpe fazer voc\u00ea chorar<\/a><\/strong><\/em>.\u00a0<\/span><\/p>\n<p style=\"text-align: center;\"><a href=\"https:\/\/www.youtube.com\/watch?v=aWHiYwkQMv4\"><img data-recalc-dims=\"1\" fetchpriority=\"high\" decoding=\"async\" data-attachment-id=\"2434\" data-permalink=\"https:\/\/gersonguelmann.com.br\/blog\/sao-francisco-gilson-marcia\/sf\/\" data-orig-file=\"https:\/\/i0.wp.com\/gersonguelmann.com.br\/blog\/wp-content\/uploads\/2017\/10\/SF.jpg?fit=960%2C640&amp;ssl=1\" data-orig-size=\"960,640\" data-comments-opened=\"1\" data-image-meta=\"{&quot;aperture&quot;:&quot;4.5&quot;,&quot;credit&quot;:&quot;&quot;,&quot;camera&quot;:&quot;Canon EOS 70D&quot;,&quot;caption&quot;:&quot;&quot;,&quot;created_timestamp&quot;:&quot;0&quot;,&quot;copyright&quot;:&quot;&quot;,&quot;focal_length&quot;:&quot;50&quot;,&quot;iso&quot;:&quot;125&quot;,&quot;shutter_speed&quot;:&quot;0.001&quot;,&quot;title&quot;:&quot;&quot;,&quot;orientation&quot;:&quot;0&quot;}\" data-image-title=\"SF\" data-image-description=\"\" data-image-caption=\"\" data-medium-file=\"https:\/\/i0.wp.com\/gersonguelmann.com.br\/blog\/wp-content\/uploads\/2017\/10\/SF.jpg?fit=300%2C200&amp;ssl=1\" data-large-file=\"https:\/\/i0.wp.com\/gersonguelmann.com.br\/blog\/wp-content\/uploads\/2017\/10\/SF.jpg?fit=640%2C427&amp;ssl=1\" class=\"alignnone size-medium wp-image-2434\" src=\"https:\/\/i0.wp.com\/gersonguelmann.com.br\/blog\/wp-content\/uploads\/2017\/10\/SF.jpg?resize=300%2C200&#038;ssl=1\" alt=\"\" width=\"300\" height=\"200\" srcset=\"https:\/\/i0.wp.com\/gersonguelmann.com.br\/blog\/wp-content\/uploads\/2017\/10\/SF.jpg?resize=300%2C200&amp;ssl=1 300w, https:\/\/i0.wp.com\/gersonguelmann.com.br\/blog\/wp-content\/uploads\/2017\/10\/SF.jpg?resize=768%2C512&amp;ssl=1 768w, https:\/\/i0.wp.com\/gersonguelmann.com.br\/blog\/wp-content\/uploads\/2017\/10\/SF.jpg?resize=750%2C500&amp;ssl=1 750w, https:\/\/i0.wp.com\/gersonguelmann.com.br\/blog\/wp-content\/uploads\/2017\/10\/SF.jpg?w=960&amp;ssl=1 960w\" sizes=\"(max-width: 300px) 100vw, 300px\" \/><\/a><\/p>\n","protected":false},"excerpt":{"rendered":"<p>Hoje, 4 de outubro, \u00e9 o dia de S\u00e3o Francisco de\u00a0Assis. A data me une a duas pessoas e com uma delas os la\u00e7os s\u00e3o antigos: remontam a 1951, quando nasceu o Gilson, meu irm\u00e3o, que hoje completa 66 anos. Certamente n\u00e3o \u00e9 por coincid\u00eancia que ele gosta muito de bichos, dos quais o santo [&hellip;]<\/p>\n","protected":false},"author":5,"featured_media":2434,"comment_status":"open","ping_status":"open","sticky":false,"template":"","format":"standard","meta":{"_acf_changed":false,"jetpack_post_was_ever_published":false,"_jetpack_newsletter_access":"","_jetpack_dont_email_post_to_subs":false,"_jetpack_newsletter_tier_id":0,"_jetpack_memberships_contains_paywalled_content":false,"_jetpack_memberships_contains_paid_content":false,"footnotes":"","jetpack_publicize_message":"","jetpack_publicize_feature_enabled":true,"jetpack_social_post_already_shared":true,"jetpack_social_options":{"image_generator_settings":{"template":"highway","default_image_id":0,"font":"","enabled":false},"version":2}},"categories":[1],"tags":[],"class_list":["post-2433","post","type-post","status-publish","format-standard","has-post-thumbnail","hentry","category-sem-categoria"],"acf":[],"yoast_head":"<!-- This site is optimized with the Yoast SEO plugin v27.3 - https:\/\/yoast.com\/product\/yoast-seo-wordpress\/ -->\n<title>S\u00e3o Francisco, Gilson &amp; Marcia | Blog do Guelmann<\/title>\n<meta name=\"robots\" content=\"index, follow, max-snippet:-1, max-image-preview:large, max-video-preview:-1\" \/>\n<link rel=\"canonical\" href=\"https:\/\/gersonguelmann.com.br\/blog\/sao-francisco-gilson-marcia\/\" \/>\n<meta property=\"og:locale\" content=\"pt_BR\" \/>\n<meta property=\"og:type\" content=\"article\" \/>\n<meta property=\"og:title\" content=\"S\u00e3o Francisco, Gilson &amp; Marcia | Blog do Guelmann\" \/>\n<meta property=\"og:description\" content=\"Hoje, 4 de outubro, \u00e9 o dia de S\u00e3o Francisco de\u00a0Assis. A data me une a duas pessoas e com uma delas os la\u00e7os s\u00e3o antigos: remontam a 1951, quando nasceu o Gilson, meu irm\u00e3o, que hoje completa 66 anos. Certamente n\u00e3o \u00e9 por coincid\u00eancia que ele gosta muito de bichos, dos quais o santo [&hellip;]\" \/>\n<meta property=\"og:url\" content=\"https:\/\/gersonguelmann.com.br\/blog\/sao-francisco-gilson-marcia\/\" \/>\n<meta property=\"og:site_name\" content=\"Blog do Guelmann\" \/>\n<meta property=\"article:published_time\" content=\"2017-10-05T00:00:19+00:00\" \/>\n<meta property=\"article:modified_time\" content=\"2017-10-05T00:45:20+00:00\" \/>\n<meta property=\"og:image\" content=\"https:\/\/i0.wp.com\/gersonguelmann.com.br\/blog\/wp-content\/uploads\/2017\/10\/SF.jpg?fit=960%2C640&ssl=1\" \/>\n\t<meta property=\"og:image:width\" content=\"960\" \/>\n\t<meta property=\"og:image:height\" content=\"640\" \/>\n\t<meta property=\"og:image:type\" content=\"image\/jpeg\" \/>\n<meta name=\"author\" content=\"Gerson Guelmann\" \/>\n<meta name=\"twitter:card\" content=\"summary_large_image\" \/>\n<meta name=\"twitter:label1\" content=\"Escrito por\" \/>\n\t<meta name=\"twitter:data1\" content=\"Gerson Guelmann\" \/>\n\t<meta name=\"twitter:label2\" content=\"Est. tempo de leitura\" \/>\n\t<meta name=\"twitter:data2\" content=\"1 minuto\" \/>\n<script type=\"application\/ld+json\" class=\"yoast-schema-graph\">{\"@context\":\"https:\\\/\\\/schema.org\",\"@graph\":[{\"@type\":\"Article\",\"@id\":\"https:\\\/\\\/gersonguelmann.com.br\\\/blog\\\/sao-francisco-gilson-marcia\\\/#article\",\"isPartOf\":{\"@id\":\"https:\\\/\\\/gersonguelmann.com.br\\\/blog\\\/sao-francisco-gilson-marcia\\\/\"},\"author\":{\"name\":\"Gerson Guelmann\",\"@id\":\"https:\\\/\\\/gersonguelmann.com.br\\\/blog\\\/#\\\/schema\\\/person\\\/87e70e2a786888082f941a482c90569e\"},\"headline\":\"S\u00e3o Francisco, Gilson &#038; Marcia\",\"datePublished\":\"2017-10-05T00:00:19+00:00\",\"dateModified\":\"2017-10-05T00:45:20+00:00\",\"mainEntityOfPage\":{\"@id\":\"https:\\\/\\\/gersonguelmann.com.br\\\/blog\\\/sao-francisco-gilson-marcia\\\/\"},\"wordCount\":262,\"commentCount\":2,\"image\":{\"@id\":\"https:\\\/\\\/gersonguelmann.com.br\\\/blog\\\/sao-francisco-gilson-marcia\\\/#primaryimage\"},\"thumbnailUrl\":\"https:\\\/\\\/i0.wp.com\\\/gersonguelmann.com.br\\\/blog\\\/wp-content\\\/uploads\\\/2017\\\/10\\\/SF.jpg?fit=960%2C640&ssl=1\",\"inLanguage\":\"pt-BR\",\"potentialAction\":[{\"@type\":\"CommentAction\",\"name\":\"Comment\",\"target\":[\"https:\\\/\\\/gersonguelmann.com.br\\\/blog\\\/sao-francisco-gilson-marcia\\\/#respond\"]}]},{\"@type\":\"WebPage\",\"@id\":\"https:\\\/\\\/gersonguelmann.com.br\\\/blog\\\/sao-francisco-gilson-marcia\\\/\",\"url\":\"https:\\\/\\\/gersonguelmann.com.br\\\/blog\\\/sao-francisco-gilson-marcia\\\/\",\"name\":\"S\u00e3o Francisco, Gilson & Marcia | Blog do Guelmann\",\"isPartOf\":{\"@id\":\"https:\\\/\\\/gersonguelmann.com.br\\\/blog\\\/#website\"},\"primaryImageOfPage\":{\"@id\":\"https:\\\/\\\/gersonguelmann.com.br\\\/blog\\\/sao-francisco-gilson-marcia\\\/#primaryimage\"},\"image\":{\"@id\":\"https:\\\/\\\/gersonguelmann.com.br\\\/blog\\\/sao-francisco-gilson-marcia\\\/#primaryimage\"},\"thumbnailUrl\":\"https:\\\/\\\/i0.wp.com\\\/gersonguelmann.com.br\\\/blog\\\/wp-content\\\/uploads\\\/2017\\\/10\\\/SF.jpg?fit=960%2C640&ssl=1\",\"datePublished\":\"2017-10-05T00:00:19+00:00\",\"dateModified\":\"2017-10-05T00:45:20+00:00\",\"author\":{\"@id\":\"https:\\\/\\\/gersonguelmann.com.br\\\/blog\\\/#\\\/schema\\\/person\\\/87e70e2a786888082f941a482c90569e\"},\"inLanguage\":\"pt-BR\",\"potentialAction\":[{\"@type\":\"ReadAction\",\"target\":[\"https:\\\/\\\/gersonguelmann.com.br\\\/blog\\\/sao-francisco-gilson-marcia\\\/\"]}]},{\"@type\":\"ImageObject\",\"inLanguage\":\"pt-BR\",\"@id\":\"https:\\\/\\\/gersonguelmann.com.br\\\/blog\\\/sao-francisco-gilson-marcia\\\/#primaryimage\",\"url\":\"https:\\\/\\\/i0.wp.com\\\/gersonguelmann.com.br\\\/blog\\\/wp-content\\\/uploads\\\/2017\\\/10\\\/SF.jpg?fit=960%2C640&ssl=1\",\"contentUrl\":\"https:\\\/\\\/i0.wp.com\\\/gersonguelmann.com.br\\\/blog\\\/wp-content\\\/uploads\\\/2017\\\/10\\\/SF.jpg?fit=960%2C640&ssl=1\",\"width\":960,\"height\":640},{\"@type\":\"WebSite\",\"@id\":\"https:\\\/\\\/gersonguelmann.com.br\\\/blog\\\/#website\",\"url\":\"https:\\\/\\\/gersonguelmann.com.br\\\/blog\\\/\",\"name\":\"Blog do Guelmann\",\"description\":\"Pitadas da sabedoria e do humor judaicos, assuntos do momento e um pouco das hist\u00f3rias que vivi e testemunhei.\",\"potentialAction\":[{\"@type\":\"SearchAction\",\"target\":{\"@type\":\"EntryPoint\",\"urlTemplate\":\"https:\\\/\\\/gersonguelmann.com.br\\\/blog\\\/?s={search_term_string}\"},\"query-input\":{\"@type\":\"PropertyValueSpecification\",\"valueRequired\":true,\"valueName\":\"search_term_string\"}}],\"inLanguage\":\"pt-BR\"},{\"@type\":\"Person\",\"@id\":\"https:\\\/\\\/gersonguelmann.com.br\\\/blog\\\/#\\\/schema\\\/person\\\/87e70e2a786888082f941a482c90569e\",\"name\":\"Gerson Guelmann\",\"image\":{\"@type\":\"ImageObject\",\"inLanguage\":\"pt-BR\",\"@id\":\"https:\\\/\\\/i0.wp.com\\\/gersonguelmann.com.br\\\/blog\\\/wp-content\\\/uploads\\\/2021\\\/08\\\/BLOG.jpeg?fit=96%2C96&ssl=1\",\"url\":\"https:\\\/\\\/i0.wp.com\\\/gersonguelmann.com.br\\\/blog\\\/wp-content\\\/uploads\\\/2021\\\/08\\\/BLOG.jpeg?fit=96%2C96&ssl=1\",\"contentUrl\":\"https:\\\/\\\/i0.wp.com\\\/gersonguelmann.com.br\\\/blog\\\/wp-content\\\/uploads\\\/2021\\\/08\\\/BLOG.jpeg?fit=96%2C96&ssl=1\",\"caption\":\"Gerson Guelmann\"},\"description\":\"Pitadas da sabedoria e do humor judaicos, assuntos do momento e um pouco das hist\u00f3rias que vivi e testemunhei.\"}]}<\/script>\n<!-- \/ Yoast SEO plugin. -->","yoast_head_json":{"title":"S\u00e3o Francisco, Gilson & Marcia | Blog do Guelmann","robots":{"index":"index","follow":"follow","max-snippet":"max-snippet:-1","max-image-preview":"max-image-preview:large","max-video-preview":"max-video-preview:-1"},"canonical":"https:\/\/gersonguelmann.com.br\/blog\/sao-francisco-gilson-marcia\/","og_locale":"pt_BR","og_type":"article","og_title":"S\u00e3o Francisco, Gilson & Marcia | Blog do Guelmann","og_description":"Hoje, 4 de outubro, \u00e9 o dia de S\u00e3o Francisco de\u00a0Assis. A data me une a duas pessoas e com uma delas os la\u00e7os s\u00e3o antigos: remontam a 1951, quando nasceu o Gilson, meu irm\u00e3o, que hoje completa 66 anos. Certamente n\u00e3o \u00e9 por coincid\u00eancia que ele gosta muito de bichos, dos quais o santo [&hellip;]","og_url":"https:\/\/gersonguelmann.com.br\/blog\/sao-francisco-gilson-marcia\/","og_site_name":"Blog do Guelmann","article_published_time":"2017-10-05T00:00:19+00:00","article_modified_time":"2017-10-05T00:45:20+00:00","og_image":[{"width":960,"height":640,"url":"https:\/\/i0.wp.com\/gersonguelmann.com.br\/blog\/wp-content\/uploads\/2017\/10\/SF.jpg?fit=960%2C640&ssl=1","type":"image\/jpeg"}],"author":"Gerson Guelmann","twitter_card":"summary_large_image","twitter_misc":{"Escrito por":"Gerson Guelmann","Est. tempo de leitura":"1 minuto"},"schema":{"@context":"https:\/\/schema.org","@graph":[{"@type":"Article","@id":"https:\/\/gersonguelmann.com.br\/blog\/sao-francisco-gilson-marcia\/#article","isPartOf":{"@id":"https:\/\/gersonguelmann.com.br\/blog\/sao-francisco-gilson-marcia\/"},"author":{"name":"Gerson Guelmann","@id":"https:\/\/gersonguelmann.com.br\/blog\/#\/schema\/person\/87e70e2a786888082f941a482c90569e"},"headline":"S\u00e3o Francisco, Gilson &#038; Marcia","datePublished":"2017-10-05T00:00:19+00:00","dateModified":"2017-10-05T00:45:20+00:00","mainEntityOfPage":{"@id":"https:\/\/gersonguelmann.com.br\/blog\/sao-francisco-gilson-marcia\/"},"wordCount":262,"commentCount":2,"image":{"@id":"https:\/\/gersonguelmann.com.br\/blog\/sao-francisco-gilson-marcia\/#primaryimage"},"thumbnailUrl":"https:\/\/i0.wp.com\/gersonguelmann.com.br\/blog\/wp-content\/uploads\/2017\/10\/SF.jpg?fit=960%2C640&ssl=1","inLanguage":"pt-BR","potentialAction":[{"@type":"CommentAction","name":"Comment","target":["https:\/\/gersonguelmann.com.br\/blog\/sao-francisco-gilson-marcia\/#respond"]}]},{"@type":"WebPage","@id":"https:\/\/gersonguelmann.com.br\/blog\/sao-francisco-gilson-marcia\/","url":"https:\/\/gersonguelmann.com.br\/blog\/sao-francisco-gilson-marcia\/","name":"S\u00e3o Francisco, Gilson & Marcia | Blog do Guelmann","isPartOf":{"@id":"https:\/\/gersonguelmann.com.br\/blog\/#website"},"primaryImageOfPage":{"@id":"https:\/\/gersonguelmann.com.br\/blog\/sao-francisco-gilson-marcia\/#primaryimage"},"image":{"@id":"https:\/\/gersonguelmann.com.br\/blog\/sao-francisco-gilson-marcia\/#primaryimage"},"thumbnailUrl":"https:\/\/i0.wp.com\/gersonguelmann.com.br\/blog\/wp-content\/uploads\/2017\/10\/SF.jpg?fit=960%2C640&ssl=1","datePublished":"2017-10-05T00:00:19+00:00","dateModified":"2017-10-05T00:45:20+00:00","author":{"@id":"https:\/\/gersonguelmann.com.br\/blog\/#\/schema\/person\/87e70e2a786888082f941a482c90569e"},"inLanguage":"pt-BR","potentialAction":[{"@type":"ReadAction","target":["https:\/\/gersonguelmann.com.br\/blog\/sao-francisco-gilson-marcia\/"]}]},{"@type":"ImageObject","inLanguage":"pt-BR","@id":"https:\/\/gersonguelmann.com.br\/blog\/sao-francisco-gilson-marcia\/#primaryimage","url":"https:\/\/i0.wp.com\/gersonguelmann.com.br\/blog\/wp-content\/uploads\/2017\/10\/SF.jpg?fit=960%2C640&ssl=1","contentUrl":"https:\/\/i0.wp.com\/gersonguelmann.com.br\/blog\/wp-content\/uploads\/2017\/10\/SF.jpg?fit=960%2C640&ssl=1","width":960,"height":640},{"@type":"WebSite","@id":"https:\/\/gersonguelmann.com.br\/blog\/#website","url":"https:\/\/gersonguelmann.com.br\/blog\/","name":"Blog do Guelmann","description":"Pitadas da sabedoria e do humor judaicos, assuntos do momento e um pouco das hist\u00f3rias que vivi e testemunhei.","potentialAction":[{"@type":"SearchAction","target":{"@type":"EntryPoint","urlTemplate":"https:\/\/gersonguelmann.com.br\/blog\/?s={search_term_string}"},"query-input":{"@type":"PropertyValueSpecification","valueRequired":true,"valueName":"search_term_string"}}],"inLanguage":"pt-BR"},{"@type":"Person","@id":"https:\/\/gersonguelmann.com.br\/blog\/#\/schema\/person\/87e70e2a786888082f941a482c90569e","name":"Gerson Guelmann","image":{"@type":"ImageObject","inLanguage":"pt-BR","@id":"https:\/\/i0.wp.com\/gersonguelmann.com.br\/blog\/wp-content\/uploads\/2021\/08\/BLOG.jpeg?fit=96%2C96&ssl=1","url":"https:\/\/i0.wp.com\/gersonguelmann.com.br\/blog\/wp-content\/uploads\/2021\/08\/BLOG.jpeg?fit=96%2C96&ssl=1","contentUrl":"https:\/\/i0.wp.com\/gersonguelmann.com.br\/blog\/wp-content\/uploads\/2021\/08\/BLOG.jpeg?fit=96%2C96&ssl=1","caption":"Gerson Guelmann"},"description":"Pitadas da sabedoria e do humor judaicos, assuntos do momento e um pouco das hist\u00f3rias que vivi e testemunhei."}]}},"views":63,"jetpack_publicize_connections":[],"jetpack_featured_media_url":"https:\/\/i0.wp.com\/gersonguelmann.com.br\/blog\/wp-content\/uploads\/2017\/10\/SF.jpg?fit=960%2C640&ssl=1","jetpack_shortlink":"https:\/\/wp.me\/p96e7O-Df","jetpack-related-posts":[{"id":25078,"url":"https:\/\/gersonguelmann.com.br\/blog\/uma-pausa-para-a-memoria-quando-o-humor-da-lugar-a-lembranca\/","url_meta":{"origin":2433,"position":0},"title":"Uma Pausa para a Mem\u00f3ria: Quando o Humor d\u00e1 Lugar \u00e0 Lembran\u00e7a","author":"Gerson Guelmann","date":"7 de fevereiro de 2025","format":false,"excerpt":"Todos sabem que o humor \u00e9 um grande aliado da vida, mas h\u00e1 ocasi\u00f5es em que ele se recolhe, respeitosamente, diante da mem\u00f3ria. Hoje, 7 de fevereiro, pe\u00e7o desculpas aos meus queridos leitores: n\u00e3o consigo publicar humor. Nesse dia, h\u00e1 exatamente 60 anos, em um domingo de 1965, perdi meus\u2026","rel":"","context":"Em &quot;Sem categoria&quot;","block_context":{"text":"Sem categoria","link":"https:\/\/gersonguelmann.com.br\/blog\/category\/sem-categoria\/"},"img":{"alt_text":"","src":"https:\/\/i0.wp.com\/gersonguelmann.com.br\/blog\/wp-content\/uploads\/2025\/02\/ULTMA-FOTO-1.png?fit=402%2C600&ssl=1&resize=350%2C200","width":350,"height":200},"classes":[]},{"id":612,"url":"https:\/\/gersonguelmann.com.br\/blog\/quando-o-fragil-se-fez-forte\/","url_meta":{"origin":2433,"position":1},"title":"Quando o fr\u00e1gil se fez forte","author":"Gerson Guelmann","date":"28 de julho de 2017","format":false,"excerpt":"O dia 7 de fevereiro de 1965 marcou minha vida e a de meus irm\u00e3os Gilberto e Gilson. O acidente que vitimou nossos pais e as 2 irm\u00e3s menores mudou o mundo para n\u00f3s 3. Das lembran\u00e7as impregnadas na retina e no cora\u00e7\u00e3o a mais v\u00edvida \u00e9 a do meu\u2026","rel":"","context":"Em &quot;Sem categoria&quot;","block_context":{"text":"Sem categoria","link":"https:\/\/gersonguelmann.com.br\/blog\/category\/sem-categoria\/"},"img":{"alt_text":"","src":"https:\/\/i0.wp.com\/gersonguelmann.com.br\/blog\/wp-content\/uploads\/2017\/07\/Gilson-240x300.jpg?resize=350%2C200&ssl=1","width":350,"height":200},"classes":[]},{"id":19013,"url":"https:\/\/gersonguelmann.com.br\/blog\/ze-beto-25-anos-no-controle-da-vida\/","url_meta":{"origin":2433,"position":2},"title":"Z\u00e9 Beto, 25 Anos no Controle da Vida","author":"Gerson Guelmann","date":"25 de outubro de 2019","format":false,"excerpt":"Ontem, 24 de outubro, o meu amigo Jos\u00e9 Roberto da Silva, mais conhecido como Z\u00e9 Beto, completou 25 anos de livramento das drogas. O Z\u00e9 \u00e9 titular de um Blog de enorme sucesso, onde diariamente brinda seus leitores com a an\u00e1lise criteriosa da cena pol\u00edtica, sem esquecer a cr\u00edtica feroz\u2026","rel":"","context":"Em &quot;Sem categoria&quot;","block_context":{"text":"Sem categoria","link":"https:\/\/gersonguelmann.com.br\/blog\/category\/sem-categoria\/"},"img":{"alt_text":"","src":"https:\/\/i0.wp.com\/gersonguelmann.com.br\/blog\/wp-content\/uploads\/2019\/10\/Z%C3%A9-Beto.jpg?fit=1200%2C800&ssl=1&resize=350%2C200","width":350,"height":200,"srcset":"https:\/\/i0.wp.com\/gersonguelmann.com.br\/blog\/wp-content\/uploads\/2019\/10\/Z%C3%A9-Beto.jpg?fit=1200%2C800&ssl=1&resize=350%2C200 1x, https:\/\/i0.wp.com\/gersonguelmann.com.br\/blog\/wp-content\/uploads\/2019\/10\/Z%C3%A9-Beto.jpg?fit=1200%2C800&ssl=1&resize=525%2C300 1.5x, https:\/\/i0.wp.com\/gersonguelmann.com.br\/blog\/wp-content\/uploads\/2019\/10\/Z%C3%A9-Beto.jpg?fit=1200%2C800&ssl=1&resize=700%2C400 2x, https:\/\/i0.wp.com\/gersonguelmann.com.br\/blog\/wp-content\/uploads\/2019\/10\/Z%C3%A9-Beto.jpg?fit=1200%2C800&ssl=1&resize=1050%2C600 3x"},"classes":[]},{"id":325,"url":"https:\/\/gersonguelmann.com.br\/blog\/um-dia-para-comemorar-outro-para-recordar\/","url_meta":{"origin":2433,"position":3},"title":"Um Dia Para Comemorar, Outro Para Recordar","author":"Gerson Guelmann","date":"6 de fevereiro de 2023","format":false,"excerpt":"O dia 6 de fevereiro me traz \u00f3timas lembran\u00e7as. Nesse dia, h\u00e1 exatamente um ano, publiquei minha 1\u00aa coluna no HojePR. J\u00e1 o 7 de fevereiro me traz lembran\u00e7as amargas; nessa data, em 1965, meus pais e minhas 2 irm\u00e3s faleceram em pavoroso acidente na ent\u00e3o BR-2, hoje BR-116, voltando\u2026","rel":"","context":"Em &quot;Sem categoria&quot;","block_context":{"text":"Sem categoria","link":"https:\/\/gersonguelmann.com.br\/blog\/category\/sem-categoria\/"},"img":{"alt_text":"","src":"https:\/\/i0.wp.com\/gersonguelmann.com.br\/blog\/wp-content\/uploads\/2017\/02\/1964.jpg?fit=686%2C1024&ssl=1&resize=350%2C200","width":350,"height":200,"srcset":"https:\/\/i0.wp.com\/gersonguelmann.com.br\/blog\/wp-content\/uploads\/2017\/02\/1964.jpg?fit=686%2C1024&ssl=1&resize=350%2C200 1x, https:\/\/i0.wp.com\/gersonguelmann.com.br\/blog\/wp-content\/uploads\/2017\/02\/1964.jpg?fit=686%2C1024&ssl=1&resize=525%2C300 1.5x"},"classes":[]},{"id":12706,"url":"https:\/\/gersonguelmann.com.br\/blog\/em-sc-padre-e-condenado-por-estupro-de-menor\/","url_meta":{"origin":2433,"position":4},"title":"Em SC, Padre \u00c9 Condenado Por Estupro de Menor","author":"Gerson Guelmann","date":"9 de maio de 2018","format":false,"excerpt":"Abusos sexuais contra crian\u00e7as acontecem todos os dias e em todos os lugares do mundo. Parece que as campanhas n\u00e3o d\u00e3o conta de conscientizar a popula\u00e7\u00e3o quanto as medidas de prote\u00e7\u00e3o e de observa\u00e7\u00e3o dos sintomas que podem ser a manifesta\u00e7\u00e3o de que os pequenos sofreram algum tipo de viol\u00eancia\u2026","rel":"","context":"Em &quot;Sem categoria&quot;","block_context":{"text":"Sem categoria","link":"https:\/\/gersonguelmann.com.br\/blog\/category\/sem-categoria\/"},"img":{"alt_text":"","src":"https:\/\/i0.wp.com\/gersonguelmann.com.br\/blog\/wp-content\/uploads\/2018\/05\/Abuso.jpeg?fit=1200%2C800&ssl=1&resize=350%2C200","width":350,"height":200,"srcset":"https:\/\/i0.wp.com\/gersonguelmann.com.br\/blog\/wp-content\/uploads\/2018\/05\/Abuso.jpeg?fit=1200%2C800&ssl=1&resize=350%2C200 1x, https:\/\/i0.wp.com\/gersonguelmann.com.br\/blog\/wp-content\/uploads\/2018\/05\/Abuso.jpeg?fit=1200%2C800&ssl=1&resize=525%2C300 1.5x, https:\/\/i0.wp.com\/gersonguelmann.com.br\/blog\/wp-content\/uploads\/2018\/05\/Abuso.jpeg?fit=1200%2C800&ssl=1&resize=700%2C400 2x, https:\/\/i0.wp.com\/gersonguelmann.com.br\/blog\/wp-content\/uploads\/2018\/05\/Abuso.jpeg?fit=1200%2C800&ssl=1&resize=1050%2C600 3x"},"classes":[]},{"id":10546,"url":"https:\/\/gersonguelmann.com.br\/blog\/diferencas-entre-homens-e-mulheres-judeus\/","url_meta":{"origin":2433,"position":5},"title":"Diferen\u00e7as Entre Homens e Mulheres Judeus","author":"Gerson Guelmann","date":"21 de mar\u00e7o de 2018","format":false,"excerpt":"\u2022 As mulheres t\u00eam mais imagina\u00e7\u00e3o que os homens. Elas precisam de muita imagina\u00e7\u00e3o para dizer aos homens como eles s\u00e3o maravilhosos. \u2022 As mulheres t\u00eam muitas falhas. Os homens t\u00eam apenas duas - tudo o que dizem e tudo o que fazem. \u2022 Um homem de sucesso \u00e9 aquele\u2026","rel":"","context":"Em &quot;Sem categoria&quot;","block_context":{"text":"Sem categoria","link":"https:\/\/gersonguelmann.com.br\/blog\/category\/sem-categoria\/"},"img":{"alt_text":"","src":"https:\/\/i0.wp.com\/gersonguelmann.com.br\/blog\/wp-content\/uploads\/2018\/03\/Diferen%C3%A7as.jpg?fit=656%2C370&ssl=1&resize=350%2C200","width":350,"height":200,"srcset":"https:\/\/i0.wp.com\/gersonguelmann.com.br\/blog\/wp-content\/uploads\/2018\/03\/Diferen%C3%A7as.jpg?fit=656%2C370&ssl=1&resize=350%2C200 1x, https:\/\/i0.wp.com\/gersonguelmann.com.br\/blog\/wp-content\/uploads\/2018\/03\/Diferen%C3%A7as.jpg?fit=656%2C370&ssl=1&resize=525%2C300 1.5x"},"classes":[]}],"jetpack_sharing_enabled":true,"post_mailing_queue_ids":[],"_links":{"self":[{"href":"https:\/\/gersonguelmann.com.br\/blog\/wp-json\/wp\/v2\/posts\/2433","targetHints":{"allow":["GET"]}}],"collection":[{"href":"https:\/\/gersonguelmann.com.br\/blog\/wp-json\/wp\/v2\/posts"}],"about":[{"href":"https:\/\/gersonguelmann.com.br\/blog\/wp-json\/wp\/v2\/types\/post"}],"author":[{"embeddable":true,"href":"https:\/\/gersonguelmann.com.br\/blog\/wp-json\/wp\/v2\/users\/5"}],"replies":[{"embeddable":true,"href":"https:\/\/gersonguelmann.com.br\/blog\/wp-json\/wp\/v2\/comments?post=2433"}],"version-history":[{"count":0,"href":"https:\/\/gersonguelmann.com.br\/blog\/wp-json\/wp\/v2\/posts\/2433\/revisions"}],"wp:featuredmedia":[{"embeddable":true,"href":"https:\/\/gersonguelmann.com.br\/blog\/wp-json\/wp\/v2\/media\/2434"}],"wp:attachment":[{"href":"https:\/\/gersonguelmann.com.br\/blog\/wp-json\/wp\/v2\/media?parent=2433"}],"wp:term":[{"taxonomy":"category","embeddable":true,"href":"https:\/\/gersonguelmann.com.br\/blog\/wp-json\/wp\/v2\/categories?post=2433"},{"taxonomy":"post_tag","embeddable":true,"href":"https:\/\/gersonguelmann.com.br\/blog\/wp-json\/wp\/v2\/tags?post=2433"}],"curies":[{"name":"wp","href":"https:\/\/api.w.org\/{rel}","templated":true}]}}