    {"id":2439,"date":"2017-10-05T00:37:47","date_gmt":"2017-10-05T03:37:47","guid":{"rendered":"https:\/\/gersonguelmann.com.br\/blog\/?p=2439"},"modified":"2017-10-05T00:38:52","modified_gmt":"2017-10-05T03:38:52","slug":"as-boas-musicas-de-hoje","status":"publish","type":"post","link":"https:\/\/gersonguelmann.com.br\/blog\/as-boas-musicas-de-hoje\/","title":{"rendered":"A(s) Boa(s) M\u00fasicas) de Hoje"},"content":{"rendered":"<div class=\"mod\" data-md=\"50\" data-hveid=\"152\" data-ved=\"0ahUKEwiE9KfDudjWAhVKlJAKHa6kCV4QkCkImAEoATAT\">\n<div class=\"_cgc kno-fb-ctx\" data-hveid=\"153\" data-ved=\"0ahUKEwiE9KfDudjWAhVKlJAKHa6kCV4QziAImQEoADAT\">\n<div class=\"r-iNmxQOohp_p4\">\n<div class=\"kno-rdesc r-ie4n9PNMwCFs\"><span style=\"font-family: tahoma, arial, helvetica, sans-serif; font-size: 14pt; color: #000000;\">Hoje vamos de dupla, para homenagear pai e filho.<\/p>\n<p><\/span><\/div>\n<div><\/div>\n<div class=\"kno-rdesc r-ie4n9PNMwCFs\"><span style=\"font-family: tahoma, arial, helvetica, sans-serif; font-size: 14pt; color: #000000;\">S\u00e9rgio Bittencourt, compositor e jornalista, era filho de Jacob Pick Bittencourt, conhecido como Jacob\u00a0 do Bandolim, por sua vez compositor e bandolinista de choro.<br \/>\n<\/span><\/div>\n<\/div>\n<div><\/div>\n<div class=\"r-iNmxQOohp_p4\">\n<div><span style=\"font-family: tahoma, arial, helvetica, sans-serif; font-size: 14pt; color: #000000;\">Jacob faleceu com pouco mais de 50 anos, ao chegar em casa ap\u00f3s ter visitado seu grande amigo Pixinguinha.<\/p>\n<p><\/span><\/div>\n<div><\/div>\n<div><span style=\"font-family: tahoma, arial, helvetica, sans-serif; font-size: 14pt; color: #000000;\">Sergio, que foi criado no ambiente das rodas de choro promovidas pelo pai, sentiu muito sua morte, e para lembr\u00e1-lo comp\u00f4s aquela que seria sua obra mais conhecida: &#8220;Naquela Mesa&#8221;.<\/p>\n<p><\/span><\/div>\n<div><\/div>\n<div><span style=\"font-family: tahoma, arial, helvetica, sans-serif; font-size: 14pt; color: #000000;\">Ele tamb\u00e9m morreu prematuramente, 10 anos depois de Jacob, com apenas 38 anos.\u00a0A homenagem ao pai virou um sucesso nas vozes de muitos interpretes, tendo sido gravada inclusive por Paul Mauriat.<\/p>\n<p><\/span><\/div>\n<div><\/div>\n<\/div>\n<div><span style=\"font-size: 14pt;\"><a href=\"https:\/\/www.youtube.com\/watch?v=KFSspIbbPT4&amp;feature=youtu.be\"><span style=\"font-family: tahoma, arial, helvetica, sans-serif; color: #000000;\"><em><strong><span style=\"color: #000080;\">De Jacob do Bandolim escolhi &#8220;Noites Cariocas&#8221;,\u00a0 que voc\u00ea pode ouvir clicando aqui.<\/span><\/strong><\/em><\/span><\/a><\/span><\/div>\n<\/div>\n<div><\/div>\n<div><span style=\"font-family: tahoma, arial, helvetica, sans-serif; font-size: 14pt; color: #000000;\"><em><strong><a href=\"https:\/\/www.youtube.com\/watch?v=MiV8GarcHHo&amp;feature=youtu.be\"><span style=\"color: #000080;\">Para ouvir &#8220;Naquela Mesa&#8221;de Sergio Bittencourt, clique aqui.<\/span><\/a><\/strong><\/em><\/span><\/div>\n<div class=\"_cgc kno-fb-ctx\" data-hveid=\"153\" data-ved=\"0ahUKEwiE9KfDudjWAhVKlJAKHa6kCV4QziAImQEoADAT\"><\/div>\n<\/div>\n<div class=\"mod\" data-md=\"1001\" data-hveid=\"160\" data-ved=\"0ahUKEwiE9KfDudjWAhVKlJAKHa6kCV4QkCkIoAEoBDAW\">\n<div style=\"text-align: center;\" data-attrid=\"kc:\/people\/deceased_person:died\" data-ved=\"0ahUKEwiE9KfDudjWAhVKlJAKHa6kCV4QyxMIoQEoADAW\"><img data-recalc-dims=\"1\" fetchpriority=\"high\" decoding=\"async\" data-attachment-id=\"2440\" data-permalink=\"https:\/\/gersonguelmann.com.br\/blog\/as-boas-musicas-de-hoje\/jb-2\/\" data-orig-file=\"https:\/\/i0.wp.com\/gersonguelmann.com.br\/blog\/wp-content\/uploads\/2017\/10\/JB.jpg?fit=300%2C168&amp;ssl=1\" data-orig-size=\"300,168\" data-comments-opened=\"1\" data-image-meta=\"{&quot;aperture&quot;:&quot;0&quot;,&quot;credit&quot;:&quot;&quot;,&quot;camera&quot;:&quot;&quot;,&quot;caption&quot;:&quot;&quot;,&quot;created_timestamp&quot;:&quot;0&quot;,&quot;copyright&quot;:&quot;&quot;,&quot;focal_length&quot;:&quot;0&quot;,&quot;iso&quot;:&quot;0&quot;,&quot;shutter_speed&quot;:&quot;0&quot;,&quot;title&quot;:&quot;&quot;,&quot;orientation&quot;:&quot;0&quot;}\" data-image-title=\"JB\" data-image-description=\"\" data-image-caption=\"\" data-medium-file=\"https:\/\/i0.wp.com\/gersonguelmann.com.br\/blog\/wp-content\/uploads\/2017\/10\/JB.jpg?fit=300%2C168&amp;ssl=1\" data-large-file=\"https:\/\/i0.wp.com\/gersonguelmann.com.br\/blog\/wp-content\/uploads\/2017\/10\/JB.jpg?fit=300%2C168&amp;ssl=1\" class=\"size-medium wp-image-2440 aligncenter\" src=\"https:\/\/i0.wp.com\/gersonguelmann.com.br\/blog\/wp-content\/uploads\/2017\/10\/JB.jpg?resize=300%2C168&#038;ssl=1\" alt=\"\" width=\"300\" height=\"168\" \/><span style=\"font-size: 14pt;\"><strong><em><span style=\"font-family: tahoma, arial, helvetica, sans-serif; color: #000000;\">Jacob do Bandolim &#8211; Rio de Janeiro, 14\/12\/1918 &#8211; Rio de Janeiro, 13\/8\/1969<\/span><\/em><\/strong><\/span><br \/>\n<span style=\"font-size: 14pt;\"><strong><em><span style=\"font-family: tahoma, arial, helvetica, sans-serif; color: #000000;\">Sergio Bittencourt &#8211; Rio de Janeiro, 3\/2\/1941 &#8211; Rio de Janeiro, 9\/7\/1979<\/span><\/em><\/strong><\/span><\/div>\n<\/div>\n","protected":false},"excerpt":{"rendered":"<p>Hoje vamos de dupla, para homenagear pai e filho. S\u00e9rgio Bittencourt, compositor e jornalista, era filho de Jacob Pick Bittencourt, conhecido como Jacob\u00a0 do Bandolim, por sua vez compositor e bandolinista de choro. Jacob faleceu com pouco mais de 50 anos, ao chegar em casa ap\u00f3s ter visitado seu grande amigo Pixinguinha. Sergio, que foi [&hellip;]<\/p>\n","protected":false},"author":5,"featured_media":2440,"comment_status":"open","ping_status":"open","sticky":false,"template":"","format":"standard","meta":{"_acf_changed":false,"jetpack_post_was_ever_published":false,"_jetpack_newsletter_access":"","_jetpack_dont_email_post_to_subs":false,"_jetpack_newsletter_tier_id":0,"_jetpack_memberships_contains_paywalled_content":false,"_jetpack_memberships_contains_paid_content":false,"footnotes":"","jetpack_publicize_message":"","jetpack_publicize_feature_enabled":true,"jetpack_social_post_already_shared":true,"jetpack_social_options":{"image_generator_settings":{"template":"highway","default_image_id":0,"font":"","enabled":false},"version":2}},"categories":[1],"tags":[],"class_list":["post-2439","post","type-post","status-publish","format-standard","has-post-thumbnail","hentry","category-sem-categoria"],"acf":[],"yoast_head":"<!-- This site is optimized with the Yoast SEO plugin v27.3 - https:\/\/yoast.com\/product\/yoast-seo-wordpress\/ -->\n<title>A(s) Boa(s) M\u00fasicas) de Hoje | Blog do Guelmann<\/title>\n<meta name=\"robots\" content=\"index, follow, max-snippet:-1, max-image-preview:large, max-video-preview:-1\" \/>\n<link rel=\"canonical\" href=\"https:\/\/gersonguelmann.com.br\/blog\/as-boas-musicas-de-hoje\/\" \/>\n<meta property=\"og:locale\" content=\"pt_BR\" \/>\n<meta property=\"og:type\" content=\"article\" \/>\n<meta property=\"og:title\" content=\"A(s) Boa(s) M\u00fasicas) de Hoje | Blog do Guelmann\" \/>\n<meta property=\"og:description\" content=\"Hoje vamos de dupla, para homenagear pai e filho. S\u00e9rgio Bittencourt, compositor e jornalista, era filho de Jacob Pick Bittencourt, conhecido como Jacob\u00a0 do Bandolim, por sua vez compositor e bandolinista de choro. Jacob faleceu com pouco mais de 50 anos, ao chegar em casa ap\u00f3s ter visitado seu grande amigo Pixinguinha. Sergio, que foi [&hellip;]\" \/>\n<meta property=\"og:url\" content=\"https:\/\/gersonguelmann.com.br\/blog\/as-boas-musicas-de-hoje\/\" \/>\n<meta property=\"og:site_name\" content=\"Blog do Guelmann\" \/>\n<meta property=\"article:published_time\" content=\"2017-10-05T03:37:47+00:00\" \/>\n<meta property=\"article:modified_time\" content=\"2017-10-05T03:38:52+00:00\" \/>\n<meta property=\"og:image\" content=\"https:\/\/i0.wp.com\/gersonguelmann.com.br\/blog\/wp-content\/uploads\/2017\/10\/JB.jpg?fit=300%2C168&ssl=1\" \/>\n\t<meta property=\"og:image:width\" content=\"300\" \/>\n\t<meta property=\"og:image:height\" content=\"168\" \/>\n\t<meta property=\"og:image:type\" content=\"image\/jpeg\" \/>\n<meta name=\"author\" content=\"Gerson Guelmann\" \/>\n<meta name=\"twitter:card\" content=\"summary_large_image\" \/>\n<meta name=\"twitter:label1\" content=\"Escrito por\" \/>\n\t<meta name=\"twitter:data1\" content=\"Gerson Guelmann\" \/>\n\t<meta name=\"twitter:label2\" content=\"Est. tempo de leitura\" \/>\n\t<meta name=\"twitter:data2\" content=\"1 minuto\" \/>\n<script type=\"application\/ld+json\" class=\"yoast-schema-graph\">{\"@context\":\"https:\\\/\\\/schema.org\",\"@graph\":[{\"@type\":\"Article\",\"@id\":\"https:\\\/\\\/gersonguelmann.com.br\\\/blog\\\/as-boas-musicas-de-hoje\\\/#article\",\"isPartOf\":{\"@id\":\"https:\\\/\\\/gersonguelmann.com.br\\\/blog\\\/as-boas-musicas-de-hoje\\\/\"},\"author\":{\"name\":\"Gerson Guelmann\",\"@id\":\"https:\\\/\\\/gersonguelmann.com.br\\\/blog\\\/#\\\/schema\\\/person\\\/87e70e2a786888082f941a482c90569e\"},\"headline\":\"A(s) Boa(s) M\u00fasicas) de Hoje\",\"datePublished\":\"2017-10-05T03:37:47+00:00\",\"dateModified\":\"2017-10-05T03:38:52+00:00\",\"mainEntityOfPage\":{\"@id\":\"https:\\\/\\\/gersonguelmann.com.br\\\/blog\\\/as-boas-musicas-de-hoje\\\/\"},\"wordCount\":167,\"commentCount\":0,\"image\":{\"@id\":\"https:\\\/\\\/gersonguelmann.com.br\\\/blog\\\/as-boas-musicas-de-hoje\\\/#primaryimage\"},\"thumbnailUrl\":\"https:\\\/\\\/i0.wp.com\\\/gersonguelmann.com.br\\\/blog\\\/wp-content\\\/uploads\\\/2017\\\/10\\\/JB.jpg?fit=300%2C168&ssl=1\",\"inLanguage\":\"pt-BR\",\"potentialAction\":[{\"@type\":\"CommentAction\",\"name\":\"Comment\",\"target\":[\"https:\\\/\\\/gersonguelmann.com.br\\\/blog\\\/as-boas-musicas-de-hoje\\\/#respond\"]}]},{\"@type\":\"WebPage\",\"@id\":\"https:\\\/\\\/gersonguelmann.com.br\\\/blog\\\/as-boas-musicas-de-hoje\\\/\",\"url\":\"https:\\\/\\\/gersonguelmann.com.br\\\/blog\\\/as-boas-musicas-de-hoje\\\/\",\"name\":\"A(s) Boa(s) M\u00fasicas) de Hoje | Blog do Guelmann\",\"isPartOf\":{\"@id\":\"https:\\\/\\\/gersonguelmann.com.br\\\/blog\\\/#website\"},\"primaryImageOfPage\":{\"@id\":\"https:\\\/\\\/gersonguelmann.com.br\\\/blog\\\/as-boas-musicas-de-hoje\\\/#primaryimage\"},\"image\":{\"@id\":\"https:\\\/\\\/gersonguelmann.com.br\\\/blog\\\/as-boas-musicas-de-hoje\\\/#primaryimage\"},\"thumbnailUrl\":\"https:\\\/\\\/i0.wp.com\\\/gersonguelmann.com.br\\\/blog\\\/wp-content\\\/uploads\\\/2017\\\/10\\\/JB.jpg?fit=300%2C168&ssl=1\",\"datePublished\":\"2017-10-05T03:37:47+00:00\",\"dateModified\":\"2017-10-05T03:38:52+00:00\",\"author\":{\"@id\":\"https:\\\/\\\/gersonguelmann.com.br\\\/blog\\\/#\\\/schema\\\/person\\\/87e70e2a786888082f941a482c90569e\"},\"inLanguage\":\"pt-BR\",\"potentialAction\":[{\"@type\":\"ReadAction\",\"target\":[\"https:\\\/\\\/gersonguelmann.com.br\\\/blog\\\/as-boas-musicas-de-hoje\\\/\"]}]},{\"@type\":\"ImageObject\",\"inLanguage\":\"pt-BR\",\"@id\":\"https:\\\/\\\/gersonguelmann.com.br\\\/blog\\\/as-boas-musicas-de-hoje\\\/#primaryimage\",\"url\":\"https:\\\/\\\/i0.wp.com\\\/gersonguelmann.com.br\\\/blog\\\/wp-content\\\/uploads\\\/2017\\\/10\\\/JB.jpg?fit=300%2C168&ssl=1\",\"contentUrl\":\"https:\\\/\\\/i0.wp.com\\\/gersonguelmann.com.br\\\/blog\\\/wp-content\\\/uploads\\\/2017\\\/10\\\/JB.jpg?fit=300%2C168&ssl=1\",\"width\":300,\"height\":168},{\"@type\":\"WebSite\",\"@id\":\"https:\\\/\\\/gersonguelmann.com.br\\\/blog\\\/#website\",\"url\":\"https:\\\/\\\/gersonguelmann.com.br\\\/blog\\\/\",\"name\":\"Blog do Guelmann\",\"description\":\"Pitadas da sabedoria e do humor judaicos, assuntos do momento e um pouco das hist\u00f3rias que vivi e testemunhei.\",\"potentialAction\":[{\"@type\":\"SearchAction\",\"target\":{\"@type\":\"EntryPoint\",\"urlTemplate\":\"https:\\\/\\\/gersonguelmann.com.br\\\/blog\\\/?s={search_term_string}\"},\"query-input\":{\"@type\":\"PropertyValueSpecification\",\"valueRequired\":true,\"valueName\":\"search_term_string\"}}],\"inLanguage\":\"pt-BR\"},{\"@type\":\"Person\",\"@id\":\"https:\\\/\\\/gersonguelmann.com.br\\\/blog\\\/#\\\/schema\\\/person\\\/87e70e2a786888082f941a482c90569e\",\"name\":\"Gerson Guelmann\",\"image\":{\"@type\":\"ImageObject\",\"inLanguage\":\"pt-BR\",\"@id\":\"https:\\\/\\\/i0.wp.com\\\/gersonguelmann.com.br\\\/blog\\\/wp-content\\\/uploads\\\/2021\\\/08\\\/BLOG.jpeg?fit=96%2C96&ssl=1\",\"url\":\"https:\\\/\\\/i0.wp.com\\\/gersonguelmann.com.br\\\/blog\\\/wp-content\\\/uploads\\\/2021\\\/08\\\/BLOG.jpeg?fit=96%2C96&ssl=1\",\"contentUrl\":\"https:\\\/\\\/i0.wp.com\\\/gersonguelmann.com.br\\\/blog\\\/wp-content\\\/uploads\\\/2021\\\/08\\\/BLOG.jpeg?fit=96%2C96&ssl=1\",\"caption\":\"Gerson Guelmann\"},\"description\":\"Pitadas da sabedoria e do humor judaicos, assuntos do momento e um pouco das hist\u00f3rias que vivi e testemunhei.\"}]}<\/script>\n<!-- \/ Yoast SEO plugin. -->","yoast_head_json":{"title":"A(s) Boa(s) M\u00fasicas) de Hoje | Blog do Guelmann","robots":{"index":"index","follow":"follow","max-snippet":"max-snippet:-1","max-image-preview":"max-image-preview:large","max-video-preview":"max-video-preview:-1"},"canonical":"https:\/\/gersonguelmann.com.br\/blog\/as-boas-musicas-de-hoje\/","og_locale":"pt_BR","og_type":"article","og_title":"A(s) Boa(s) M\u00fasicas) de Hoje | Blog do Guelmann","og_description":"Hoje vamos de dupla, para homenagear pai e filho. S\u00e9rgio Bittencourt, compositor e jornalista, era filho de Jacob Pick Bittencourt, conhecido como Jacob\u00a0 do Bandolim, por sua vez compositor e bandolinista de choro. Jacob faleceu com pouco mais de 50 anos, ao chegar em casa ap\u00f3s ter visitado seu grande amigo Pixinguinha. Sergio, que foi [&hellip;]","og_url":"https:\/\/gersonguelmann.com.br\/blog\/as-boas-musicas-de-hoje\/","og_site_name":"Blog do Guelmann","article_published_time":"2017-10-05T03:37:47+00:00","article_modified_time":"2017-10-05T03:38:52+00:00","og_image":[{"width":300,"height":168,"url":"https:\/\/i0.wp.com\/gersonguelmann.com.br\/blog\/wp-content\/uploads\/2017\/10\/JB.jpg?fit=300%2C168&ssl=1","type":"image\/jpeg"}],"author":"Gerson Guelmann","twitter_card":"summary_large_image","twitter_misc":{"Escrito por":"Gerson Guelmann","Est. tempo de leitura":"1 minuto"},"schema":{"@context":"https:\/\/schema.org","@graph":[{"@type":"Article","@id":"https:\/\/gersonguelmann.com.br\/blog\/as-boas-musicas-de-hoje\/#article","isPartOf":{"@id":"https:\/\/gersonguelmann.com.br\/blog\/as-boas-musicas-de-hoje\/"},"author":{"name":"Gerson Guelmann","@id":"https:\/\/gersonguelmann.com.br\/blog\/#\/schema\/person\/87e70e2a786888082f941a482c90569e"},"headline":"A(s) Boa(s) M\u00fasicas) de Hoje","datePublished":"2017-10-05T03:37:47+00:00","dateModified":"2017-10-05T03:38:52+00:00","mainEntityOfPage":{"@id":"https:\/\/gersonguelmann.com.br\/blog\/as-boas-musicas-de-hoje\/"},"wordCount":167,"commentCount":0,"image":{"@id":"https:\/\/gersonguelmann.com.br\/blog\/as-boas-musicas-de-hoje\/#primaryimage"},"thumbnailUrl":"https:\/\/i0.wp.com\/gersonguelmann.com.br\/blog\/wp-content\/uploads\/2017\/10\/JB.jpg?fit=300%2C168&ssl=1","inLanguage":"pt-BR","potentialAction":[{"@type":"CommentAction","name":"Comment","target":["https:\/\/gersonguelmann.com.br\/blog\/as-boas-musicas-de-hoje\/#respond"]}]},{"@type":"WebPage","@id":"https:\/\/gersonguelmann.com.br\/blog\/as-boas-musicas-de-hoje\/","url":"https:\/\/gersonguelmann.com.br\/blog\/as-boas-musicas-de-hoje\/","name":"A(s) Boa(s) M\u00fasicas) de Hoje | Blog do Guelmann","isPartOf":{"@id":"https:\/\/gersonguelmann.com.br\/blog\/#website"},"primaryImageOfPage":{"@id":"https:\/\/gersonguelmann.com.br\/blog\/as-boas-musicas-de-hoje\/#primaryimage"},"image":{"@id":"https:\/\/gersonguelmann.com.br\/blog\/as-boas-musicas-de-hoje\/#primaryimage"},"thumbnailUrl":"https:\/\/i0.wp.com\/gersonguelmann.com.br\/blog\/wp-content\/uploads\/2017\/10\/JB.jpg?fit=300%2C168&ssl=1","datePublished":"2017-10-05T03:37:47+00:00","dateModified":"2017-10-05T03:38:52+00:00","author":{"@id":"https:\/\/gersonguelmann.com.br\/blog\/#\/schema\/person\/87e70e2a786888082f941a482c90569e"},"inLanguage":"pt-BR","potentialAction":[{"@type":"ReadAction","target":["https:\/\/gersonguelmann.com.br\/blog\/as-boas-musicas-de-hoje\/"]}]},{"@type":"ImageObject","inLanguage":"pt-BR","@id":"https:\/\/gersonguelmann.com.br\/blog\/as-boas-musicas-de-hoje\/#primaryimage","url":"https:\/\/i0.wp.com\/gersonguelmann.com.br\/blog\/wp-content\/uploads\/2017\/10\/JB.jpg?fit=300%2C168&ssl=1","contentUrl":"https:\/\/i0.wp.com\/gersonguelmann.com.br\/blog\/wp-content\/uploads\/2017\/10\/JB.jpg?fit=300%2C168&ssl=1","width":300,"height":168},{"@type":"WebSite","@id":"https:\/\/gersonguelmann.com.br\/blog\/#website","url":"https:\/\/gersonguelmann.com.br\/blog\/","name":"Blog do Guelmann","description":"Pitadas da sabedoria e do humor judaicos, assuntos do momento e um pouco das hist\u00f3rias que vivi e testemunhei.","potentialAction":[{"@type":"SearchAction","target":{"@type":"EntryPoint","urlTemplate":"https:\/\/gersonguelmann.com.br\/blog\/?s={search_term_string}"},"query-input":{"@type":"PropertyValueSpecification","valueRequired":true,"valueName":"search_term_string"}}],"inLanguage":"pt-BR"},{"@type":"Person","@id":"https:\/\/gersonguelmann.com.br\/blog\/#\/schema\/person\/87e70e2a786888082f941a482c90569e","name":"Gerson Guelmann","image":{"@type":"ImageObject","inLanguage":"pt-BR","@id":"https:\/\/i0.wp.com\/gersonguelmann.com.br\/blog\/wp-content\/uploads\/2021\/08\/BLOG.jpeg?fit=96%2C96&ssl=1","url":"https:\/\/i0.wp.com\/gersonguelmann.com.br\/blog\/wp-content\/uploads\/2021\/08\/BLOG.jpeg?fit=96%2C96&ssl=1","contentUrl":"https:\/\/i0.wp.com\/gersonguelmann.com.br\/blog\/wp-content\/uploads\/2021\/08\/BLOG.jpeg?fit=96%2C96&ssl=1","caption":"Gerson Guelmann"},"description":"Pitadas da sabedoria e do humor judaicos, assuntos do momento e um pouco das hist\u00f3rias que vivi e testemunhei."}]}},"views":51,"jetpack_publicize_connections":[],"jetpack_featured_media_url":"https:\/\/i0.wp.com\/gersonguelmann.com.br\/blog\/wp-content\/uploads\/2017\/10\/JB.jpg?fit=300%2C168&ssl=1","jetpack_shortlink":"https:\/\/wp.me\/p96e7O-Dl","jetpack-related-posts":[{"id":8532,"url":"https:\/\/gersonguelmann.com.br\/blog\/o-centenario-do-judeu-jacob-do-bandolim\/","url_meta":{"origin":2439,"position":0},"title":"O Centen\u00e1rio do Judeu Jacob do Bandolim","author":"Gerson Guelmann","date":"14 de fevereiro de 2018","format":false,"excerpt":"Jacob do Bandolim Jacob Pick Bittencourt Rio de Janeiro (RJ), 14\/2\/1918 - 13\/8\/1969 O dia de hoje marca o centen\u00e1rio de nascimento de Jacob Pick Bittencourt, o famoso\u00a0Jacob do Bandolim, filho de Francisco Gomes Bittencourt, natural do Esp\u00edrito Santo, e da judia Raquel Pick, nascida na cidade de \u0141\u00f3d\u017a, na\u2026","rel":"","context":"Em &quot;Sem categoria&quot;","block_context":{"text":"Sem categoria","link":"https:\/\/gersonguelmann.com.br\/blog\/category\/sem-categoria\/"},"img":{"alt_text":"","src":"https:\/\/i0.wp.com\/gersonguelmann.com.br\/blog\/wp-content\/uploads\/2018\/02\/JB-300x168.jpg?resize=350%2C200&ssl=1","width":350,"height":200},"classes":[]},{"id":14915,"url":"https:\/\/gersonguelmann.com.br\/blog\/quem-sabe-de-carlos-gomes-por-duas-lendas\/","url_meta":{"origin":2439,"position":1},"title":"Quem Sabe, de Carlos Gomes, Por Duas Lendas","author":"Gerson Guelmann","date":"1 de mar\u00e7o de 2021","format":false,"excerpt":"Ant\u00f4nio Carlos Gomes \u00a0Campinas (SP), 11\/07\/1836 Bel\u00e9m (PA), 16\/09\/1896 Tempos atr\u00e1s recebi do meu fraterno amigo Carlinhos Brickmann uma grava\u00e7\u00e3o dessa maravilhosa can\u00e7\u00e3o de Carlos Gomes e\u00a0 Francisco Leite de Bittencourt Sampaio. A interpreta\u00e7\u00e3o \u00e9 de Francisco Petr\u00f4nio e Dilermando Reis, duas lendas. Essa m\u00fasica \u00e9 da chamada \"fase popular\"\u2026","rel":"","context":"Em &quot;Sem categoria&quot;","block_context":{"text":"Sem categoria","link":"https:\/\/gersonguelmann.com.br\/blog\/category\/sem-categoria\/"},"img":{"alt_text":"","src":"https:\/\/i0.wp.com\/gersonguelmann.com.br\/blog\/wp-content\/uploads\/2018\/10\/carlos-gomes.jpg?fit=886%2C1200&ssl=1&resize=350%2C200","width":350,"height":200,"srcset":"https:\/\/i0.wp.com\/gersonguelmann.com.br\/blog\/wp-content\/uploads\/2018\/10\/carlos-gomes.jpg?fit=886%2C1200&ssl=1&resize=350%2C200 1x, https:\/\/i0.wp.com\/gersonguelmann.com.br\/blog\/wp-content\/uploads\/2018\/10\/carlos-gomes.jpg?fit=886%2C1200&ssl=1&resize=525%2C300 1.5x, https:\/\/i0.wp.com\/gersonguelmann.com.br\/blog\/wp-content\/uploads\/2018\/10\/carlos-gomes.jpg?fit=886%2C1200&ssl=1&resize=700%2C400 2x"},"classes":[]},{"id":8384,"url":"https:\/\/gersonguelmann.com.br\/blog\/voce-sabe-como-comecou-o-piripaque\/","url_meta":{"origin":2439,"position":2},"title":"Voc\u00ea Sabe Como Come\u00e7ou o Piripaque?","author":"Gerson Guelmann","date":"10 de fevereiro de 2018","format":false,"excerpt":"Piripaque: A hist\u00f3ria de um neologismo (Publicado no Suplemento Cultural da Revista da Associa\u00e7\u00e3o Paulista de Medicina) Por\u00a0Jos\u00e9 de Souza Meirelles Filho, Professor de Medicina \"Aconteceu h\u00e1 cerca de 70 anos. Formei-me em 1946, CRM 310. Costumo dizer que Hip\u00f3crates foi meu colega de turma. Em 1947 j\u00e1 era residente\u2026","rel":"","context":"Em &quot;Sem categoria&quot;","block_context":{"text":"Sem categoria","link":"https:\/\/gersonguelmann.com.br\/blog\/category\/sem-categoria\/"},"img":{"alt_text":"","src":"https:\/\/i0.wp.com\/gersonguelmann.com.br\/blog\/wp-content\/uploads\/2018\/02\/piripaque.jpg?fit=800%2C450&ssl=1&resize=350%2C200","width":350,"height":200,"srcset":"https:\/\/i0.wp.com\/gersonguelmann.com.br\/blog\/wp-content\/uploads\/2018\/02\/piripaque.jpg?fit=800%2C450&ssl=1&resize=350%2C200 1x, https:\/\/i0.wp.com\/gersonguelmann.com.br\/blog\/wp-content\/uploads\/2018\/02\/piripaque.jpg?fit=800%2C450&ssl=1&resize=525%2C300 1.5x, https:\/\/i0.wp.com\/gersonguelmann.com.br\/blog\/wp-content\/uploads\/2018\/02\/piripaque.jpg?fit=800%2C450&ssl=1&resize=700%2C400 2x"},"classes":[]},{"id":16771,"url":"https:\/\/gersonguelmann.com.br\/blog\/adios-nonino-e-ate-amanha\/","url_meta":{"origin":2439,"position":3},"title":"Adios Nonino e At\u00e9 Amanh\u00e3!","author":"Gerson Guelmann","date":"27 de maio de 2019","format":false,"excerpt":"Meu boa noite \u00e9 com a bel\u00edssima composi\u00e7\u00e3o Adi\u00f3s Nonino de Astor Piazzolla, interpretada por Bob Zimmerman no casamento da ent\u00e3o plebeia, a argentina M\u00e1xima Zorreguieta, com o ent\u00e3o herdeiro da coroa da Holanda, pr\u00edncipe Willem-Alexander. Hoje eles formam o casal real, ou seja, ele \u00e9 o Rei e ela\u2026","rel":"","context":"Em &quot;Sem categoria&quot;","block_context":{"text":"Sem categoria","link":"https:\/\/gersonguelmann.com.br\/blog\/category\/sem-categoria\/"},"img":{"alt_text":"","src":"https:\/\/i0.wp.com\/gersonguelmann.com.br\/blog\/wp-content\/uploads\/2019\/05\/AP.jpg?resize=350%2C200&ssl=1","width":350,"height":200},"classes":[]},{"id":2603,"url":"https:\/\/gersonguelmann.com.br\/blog\/boa-musica-de-hoje-54\/","url_meta":{"origin":2439,"position":4},"title":"A Boa M\u00fasica de Hoje","author":"Gerson Guelmann","date":"7 de outubro de 2017","format":false,"excerpt":"A Boa M\u00fasica de Hoje \u00e9 especial. Escolhi para compartilhar com meus leitores uma composi\u00e7\u00e3o de Paulinho Nogueira, que tive o privil\u00e9gio de ouvir tocar em minha casa, em 1964, quando esteve em Curitiba para receber o trof\u00e9u \"Pinheiro de Ouro\" concedido pelo governo do Estado do Paran\u00e1. Paulinho Nogueira\u2026","rel":"","context":"Em &quot;Sem categoria&quot;","block_context":{"text":"Sem categoria","link":"https:\/\/gersonguelmann.com.br\/blog\/category\/sem-categoria\/"},"img":{"alt_text":"","src":"https:\/\/i0.wp.com\/gersonguelmann.com.br\/blog\/wp-content\/uploads\/2017\/10\/PN-300x168.jpg?resize=350%2C200&ssl=1","width":350,"height":200},"classes":[]},{"id":20530,"url":"https:\/\/gersonguelmann.com.br\/blog\/no-trem-a-idosa-a-moca-bonita-o-antissemita-e-jacob-o-judeu\/","url_meta":{"origin":2439,"position":5},"title":"No Trem: a Idosa, a Mo\u00e7a Bonita, o Antissemita e&#8230; Jacob, o Judeu!","author":"Gerson Guelmann","date":"23 de dezembro de 2020","format":false,"excerpt":"Um senhora idosa, uma mo\u00e7a bonita, um homem antissemita e Jacob, um judeu, estavam na mesma cabine de um trem, em uma viagem bastante longa. Jacob n\u00e3o escondia seu desconforto com o outro homem, que j\u00e1 na partida fez quest\u00e3o de dizer que n\u00e3o gostava dos judeus e deixava isso\u2026","rel":"","context":"Em &quot;Sem categoria&quot;","block_context":{"text":"Sem categoria","link":"https:\/\/gersonguelmann.com.br\/blog\/category\/sem-categoria\/"},"img":{"alt_text":"","src":"https:\/\/i0.wp.com\/gersonguelmann.com.br\/blog\/wp-content\/uploads\/2020\/12\/TREM-1.jpeg?fit=476%2C476&ssl=1&resize=350%2C200","width":350,"height":200},"classes":[]}],"jetpack_sharing_enabled":true,"post_mailing_queue_ids":[],"_links":{"self":[{"href":"https:\/\/gersonguelmann.com.br\/blog\/wp-json\/wp\/v2\/posts\/2439","targetHints":{"allow":["GET"]}}],"collection":[{"href":"https:\/\/gersonguelmann.com.br\/blog\/wp-json\/wp\/v2\/posts"}],"about":[{"href":"https:\/\/gersonguelmann.com.br\/blog\/wp-json\/wp\/v2\/types\/post"}],"author":[{"embeddable":true,"href":"https:\/\/gersonguelmann.com.br\/blog\/wp-json\/wp\/v2\/users\/5"}],"replies":[{"embeddable":true,"href":"https:\/\/gersonguelmann.com.br\/blog\/wp-json\/wp\/v2\/comments?post=2439"}],"version-history":[{"count":0,"href":"https:\/\/gersonguelmann.com.br\/blog\/wp-json\/wp\/v2\/posts\/2439\/revisions"}],"wp:featuredmedia":[{"embeddable":true,"href":"https:\/\/gersonguelmann.com.br\/blog\/wp-json\/wp\/v2\/media\/2440"}],"wp:attachment":[{"href":"https:\/\/gersonguelmann.com.br\/blog\/wp-json\/wp\/v2\/media?parent=2439"}],"wp:term":[{"taxonomy":"category","embeddable":true,"href":"https:\/\/gersonguelmann.com.br\/blog\/wp-json\/wp\/v2\/categories?post=2439"},{"taxonomy":"post_tag","embeddable":true,"href":"https:\/\/gersonguelmann.com.br\/blog\/wp-json\/wp\/v2\/tags?post=2439"}],"curies":[{"name":"wp","href":"https:\/\/api.w.org\/{rel}","templated":true}]}}