    {"id":250,"date":"2017-03-19T14:49:00","date_gmt":"2017-03-19T17:49:00","guid":{"rendered":"https:\/\/gersonguelmann.com.br\/blog\/jaime-lerner-sempre-atual\/"},"modified":"2017-03-19T14:49:00","modified_gmt":"2017-03-19T17:49:00","slug":"jaime-lerner-sempre-atual","status":"publish","type":"post","link":"https:\/\/gersonguelmann.com.br\/blog\/jaime-lerner-sempre-atual\/","title":{"rendered":"Jaime Lerner, sempre atual"},"content":{"rendered":"<p dir=\"ltr\">Entrevista concedida pelo Jaime Lerner &#224; BBC Brasil.<\/p>\n<p dir=\"ltr\">Os conceitos que nortearam a revolu&#231;&#227;o urbana de Curitiba continuam valendo:<\/p>\n<p dir=\"ltr\"><a href=\"http:\/\/www.bbc.com\/portuguese\/brasil-39238128?\">http:\/\/www.bbc.com\/portuguese\/brasil-39238128?<\/a><\/p>\n","protected":false},"excerpt":{"rendered":"<p>Entrevista concedida pelo Jaime Lerner &#224; BBC Brasil. Os conceitos que nortearam a revolu&#231;&#227;o urbana de Curitiba continuam valendo: http:\/\/www.bbc.com\/portuguese\/brasil-39238128?<\/p>\n","protected":false},"author":5,"featured_media":0,"comment_status":"open","ping_status":"open","sticky":false,"template":"","format":"standard","meta":{"_acf_changed":false,"jetpack_post_was_ever_published":false,"_jetpack_newsletter_access":"","_jetpack_dont_email_post_to_subs":false,"_jetpack_newsletter_tier_id":0,"_jetpack_memberships_contains_paywalled_content":false,"_jetpack_memberships_contains_paid_content":false,"footnotes":"","jetpack_publicize_message":"","jetpack_publicize_feature_enabled":true,"jetpack_social_post_already_shared":false,"jetpack_social_options":{"image_generator_settings":{"template":"highway","default_image_id":0,"font":"","enabled":false},"version":2}},"categories":[1],"tags":[],"class_list":["post-250","post","type-post","status-publish","format-standard","hentry","category-sem-categoria"],"acf":[],"yoast_head":"<!-- This site is optimized with the Yoast SEO plugin v27.3 - https:\/\/yoast.com\/product\/yoast-seo-wordpress\/ -->\n<title>Jaime Lerner, sempre atual | Blog do Guelmann<\/title>\n<meta name=\"robots\" content=\"index, follow, max-snippet:-1, max-image-preview:large, max-video-preview:-1\" \/>\n<link rel=\"canonical\" href=\"https:\/\/gersonguelmann.com.br\/blog\/jaime-lerner-sempre-atual\/\" \/>\n<meta property=\"og:locale\" content=\"pt_BR\" \/>\n<meta property=\"og:type\" content=\"article\" \/>\n<meta property=\"og:title\" content=\"Jaime Lerner, sempre atual | Blog do Guelmann\" \/>\n<meta property=\"og:description\" content=\"Entrevista concedida pelo Jaime Lerner &#224; BBC Brasil. Os conceitos que nortearam a revolu&#231;&#227;o urbana de Curitiba continuam valendo: http:\/\/www.bbc.com\/portuguese\/brasil-39238128?\" \/>\n<meta property=\"og:url\" content=\"https:\/\/gersonguelmann.com.br\/blog\/jaime-lerner-sempre-atual\/\" \/>\n<meta property=\"og:site_name\" content=\"Blog do Guelmann\" \/>\n<meta property=\"article:published_time\" content=\"2017-03-19T17:49:00+00:00\" \/>\n<meta property=\"og:image\" content=\"https:\/\/i0.wp.com\/gersonguelmann.com.br\/blog\/wp-content\/uploads\/2025\/11\/GersonGuelmannProfile.webp?fit=500%2C500&ssl=1\" \/>\n\t<meta property=\"og:image:width\" content=\"500\" \/>\n\t<meta property=\"og:image:height\" content=\"500\" \/>\n\t<meta property=\"og:image:type\" content=\"image\/webp\" \/>\n<meta name=\"author\" content=\"Gerson Guelmann\" \/>\n<meta name=\"twitter:card\" content=\"summary_large_image\" \/>\n<meta name=\"twitter:label1\" content=\"Escrito por\" \/>\n\t<meta name=\"twitter:data1\" content=\"Gerson Guelmann\" \/>\n<script type=\"application\/ld+json\" class=\"yoast-schema-graph\">{\"@context\":\"https:\\\/\\\/schema.org\",\"@graph\":[{\"@type\":\"Article\",\"@id\":\"https:\\\/\\\/gersonguelmann.com.br\\\/blog\\\/jaime-lerner-sempre-atual\\\/#article\",\"isPartOf\":{\"@id\":\"https:\\\/\\\/gersonguelmann.com.br\\\/blog\\\/jaime-lerner-sempre-atual\\\/\"},\"author\":{\"name\":\"Gerson Guelmann\",\"@id\":\"https:\\\/\\\/gersonguelmann.com.br\\\/blog\\\/#\\\/schema\\\/person\\\/87e70e2a786888082f941a482c90569e\"},\"headline\":\"Jaime Lerner, sempre atual\",\"datePublished\":\"2017-03-19T17:49:00+00:00\",\"mainEntityOfPage\":{\"@id\":\"https:\\\/\\\/gersonguelmann.com.br\\\/blog\\\/jaime-lerner-sempre-atual\\\/\"},\"wordCount\":29,\"commentCount\":1,\"inLanguage\":\"pt-BR\",\"potentialAction\":[{\"@type\":\"CommentAction\",\"name\":\"Comment\",\"target\":[\"https:\\\/\\\/gersonguelmann.com.br\\\/blog\\\/jaime-lerner-sempre-atual\\\/#respond\"]}]},{\"@type\":\"WebPage\",\"@id\":\"https:\\\/\\\/gersonguelmann.com.br\\\/blog\\\/jaime-lerner-sempre-atual\\\/\",\"url\":\"https:\\\/\\\/gersonguelmann.com.br\\\/blog\\\/jaime-lerner-sempre-atual\\\/\",\"name\":\"Jaime Lerner, sempre atual | Blog do Guelmann\",\"isPartOf\":{\"@id\":\"https:\\\/\\\/gersonguelmann.com.br\\\/blog\\\/#website\"},\"datePublished\":\"2017-03-19T17:49:00+00:00\",\"author\":{\"@id\":\"https:\\\/\\\/gersonguelmann.com.br\\\/blog\\\/#\\\/schema\\\/person\\\/87e70e2a786888082f941a482c90569e\"},\"inLanguage\":\"pt-BR\",\"potentialAction\":[{\"@type\":\"ReadAction\",\"target\":[\"https:\\\/\\\/gersonguelmann.com.br\\\/blog\\\/jaime-lerner-sempre-atual\\\/\"]}]},{\"@type\":\"WebSite\",\"@id\":\"https:\\\/\\\/gersonguelmann.com.br\\\/blog\\\/#website\",\"url\":\"https:\\\/\\\/gersonguelmann.com.br\\\/blog\\\/\",\"name\":\"Blog do Guelmann\",\"description\":\"Pitadas da sabedoria e do humor judaicos, assuntos do momento e um pouco das hist\u00f3rias que vivi e testemunhei.\",\"potentialAction\":[{\"@type\":\"SearchAction\",\"target\":{\"@type\":\"EntryPoint\",\"urlTemplate\":\"https:\\\/\\\/gersonguelmann.com.br\\\/blog\\\/?s={search_term_string}\"},\"query-input\":{\"@type\":\"PropertyValueSpecification\",\"valueRequired\":true,\"valueName\":\"search_term_string\"}}],\"inLanguage\":\"pt-BR\"},{\"@type\":\"Person\",\"@id\":\"https:\\\/\\\/gersonguelmann.com.br\\\/blog\\\/#\\\/schema\\\/person\\\/87e70e2a786888082f941a482c90569e\",\"name\":\"Gerson Guelmann\",\"image\":{\"@type\":\"ImageObject\",\"inLanguage\":\"pt-BR\",\"@id\":\"https:\\\/\\\/i0.wp.com\\\/gersonguelmann.com.br\\\/blog\\\/wp-content\\\/uploads\\\/2021\\\/08\\\/BLOG.jpeg?fit=96%2C96&ssl=1\",\"url\":\"https:\\\/\\\/i0.wp.com\\\/gersonguelmann.com.br\\\/blog\\\/wp-content\\\/uploads\\\/2021\\\/08\\\/BLOG.jpeg?fit=96%2C96&ssl=1\",\"contentUrl\":\"https:\\\/\\\/i0.wp.com\\\/gersonguelmann.com.br\\\/blog\\\/wp-content\\\/uploads\\\/2021\\\/08\\\/BLOG.jpeg?fit=96%2C96&ssl=1\",\"caption\":\"Gerson Guelmann\"},\"description\":\"Pitadas da sabedoria e do humor judaicos, assuntos do momento e um pouco das hist\u00f3rias que vivi e testemunhei.\"}]}<\/script>\n<!-- \/ Yoast SEO plugin. -->","yoast_head_json":{"title":"Jaime Lerner, sempre atual | Blog do Guelmann","robots":{"index":"index","follow":"follow","max-snippet":"max-snippet:-1","max-image-preview":"max-image-preview:large","max-video-preview":"max-video-preview:-1"},"canonical":"https:\/\/gersonguelmann.com.br\/blog\/jaime-lerner-sempre-atual\/","og_locale":"pt_BR","og_type":"article","og_title":"Jaime Lerner, sempre atual | Blog do Guelmann","og_description":"Entrevista concedida pelo Jaime Lerner &#224; BBC Brasil. Os conceitos que nortearam a revolu&#231;&#227;o urbana de Curitiba continuam valendo: http:\/\/www.bbc.com\/portuguese\/brasil-39238128?","og_url":"https:\/\/gersonguelmann.com.br\/blog\/jaime-lerner-sempre-atual\/","og_site_name":"Blog do Guelmann","article_published_time":"2017-03-19T17:49:00+00:00","og_image":[{"width":500,"height":500,"url":"https:\/\/i0.wp.com\/gersonguelmann.com.br\/blog\/wp-content\/uploads\/2025\/11\/GersonGuelmannProfile.webp?fit=500%2C500&ssl=1","type":"image\/webp"}],"author":"Gerson Guelmann","twitter_card":"summary_large_image","twitter_misc":{"Escrito por":"Gerson Guelmann"},"schema":{"@context":"https:\/\/schema.org","@graph":[{"@type":"Article","@id":"https:\/\/gersonguelmann.com.br\/blog\/jaime-lerner-sempre-atual\/#article","isPartOf":{"@id":"https:\/\/gersonguelmann.com.br\/blog\/jaime-lerner-sempre-atual\/"},"author":{"name":"Gerson Guelmann","@id":"https:\/\/gersonguelmann.com.br\/blog\/#\/schema\/person\/87e70e2a786888082f941a482c90569e"},"headline":"Jaime Lerner, sempre atual","datePublished":"2017-03-19T17:49:00+00:00","mainEntityOfPage":{"@id":"https:\/\/gersonguelmann.com.br\/blog\/jaime-lerner-sempre-atual\/"},"wordCount":29,"commentCount":1,"inLanguage":"pt-BR","potentialAction":[{"@type":"CommentAction","name":"Comment","target":["https:\/\/gersonguelmann.com.br\/blog\/jaime-lerner-sempre-atual\/#respond"]}]},{"@type":"WebPage","@id":"https:\/\/gersonguelmann.com.br\/blog\/jaime-lerner-sempre-atual\/","url":"https:\/\/gersonguelmann.com.br\/blog\/jaime-lerner-sempre-atual\/","name":"Jaime Lerner, sempre atual | Blog do Guelmann","isPartOf":{"@id":"https:\/\/gersonguelmann.com.br\/blog\/#website"},"datePublished":"2017-03-19T17:49:00+00:00","author":{"@id":"https:\/\/gersonguelmann.com.br\/blog\/#\/schema\/person\/87e70e2a786888082f941a482c90569e"},"inLanguage":"pt-BR","potentialAction":[{"@type":"ReadAction","target":["https:\/\/gersonguelmann.com.br\/blog\/jaime-lerner-sempre-atual\/"]}]},{"@type":"WebSite","@id":"https:\/\/gersonguelmann.com.br\/blog\/#website","url":"https:\/\/gersonguelmann.com.br\/blog\/","name":"Blog do Guelmann","description":"Pitadas da sabedoria e do humor judaicos, assuntos do momento e um pouco das hist\u00f3rias que vivi e testemunhei.","potentialAction":[{"@type":"SearchAction","target":{"@type":"EntryPoint","urlTemplate":"https:\/\/gersonguelmann.com.br\/blog\/?s={search_term_string}"},"query-input":{"@type":"PropertyValueSpecification","valueRequired":true,"valueName":"search_term_string"}}],"inLanguage":"pt-BR"},{"@type":"Person","@id":"https:\/\/gersonguelmann.com.br\/blog\/#\/schema\/person\/87e70e2a786888082f941a482c90569e","name":"Gerson Guelmann","image":{"@type":"ImageObject","inLanguage":"pt-BR","@id":"https:\/\/i0.wp.com\/gersonguelmann.com.br\/blog\/wp-content\/uploads\/2021\/08\/BLOG.jpeg?fit=96%2C96&ssl=1","url":"https:\/\/i0.wp.com\/gersonguelmann.com.br\/blog\/wp-content\/uploads\/2021\/08\/BLOG.jpeg?fit=96%2C96&ssl=1","contentUrl":"https:\/\/i0.wp.com\/gersonguelmann.com.br\/blog\/wp-content\/uploads\/2021\/08\/BLOG.jpeg?fit=96%2C96&ssl=1","caption":"Gerson Guelmann"},"description":"Pitadas da sabedoria e do humor judaicos, assuntos do momento e um pouco das hist\u00f3rias que vivi e testemunhei."}]}},"views":67,"jetpack_publicize_connections":[],"jetpack_featured_media_url":"","jetpack_shortlink":"https:\/\/wp.me\/p96e7O-42","jetpack-related-posts":[{"id":10006,"url":"https:\/\/gersonguelmann.com.br\/blog\/curitiba-325-anos-a-revolucao-de-jaime-lerner\/","url_meta":{"origin":250,"position":0},"title":"Curitiba 325 anos: A Revolu\u00e7\u00e3o de Jaime Lerner","author":"Gerson Guelmann","date":"12 de mar\u00e7o de 2018","format":false,"excerpt":"A r\u00e1dio CBN de Curitiba come\u00e7ou hoje o projeto \"Curitiba 325 Anos\" para marcar o anivers\u00e1rio da cidade a ser comemorado no pr\u00f3ximo dia 29. Para o 1\u00b0 dia o escolhido foi o ex-prefeito Jaime Lerner, \u00e0 quem a cidade tanto deve. Segundo a CBN, \"antes de Jaime Lerner, havia\u2026","rel":"","context":"Em &quot;Sem categoria&quot;","block_context":{"text":"Sem categoria","link":"https:\/\/gersonguelmann.com.br\/blog\/category\/sem-categoria\/"},"img":{"alt_text":"","src":"https:\/\/i0.wp.com\/gersonguelmann.com.br\/blog\/wp-content\/uploads\/2018\/03\/JL.jpg?fit=667%2C591&ssl=1&resize=350%2C200","width":350,"height":200,"srcset":"https:\/\/i0.wp.com\/gersonguelmann.com.br\/blog\/wp-content\/uploads\/2018\/03\/JL.jpg?fit=667%2C591&ssl=1&resize=350%2C200 1x, https:\/\/i0.wp.com\/gersonguelmann.com.br\/blog\/wp-content\/uploads\/2018\/03\/JL.jpg?fit=667%2C591&ssl=1&resize=525%2C300 1.5x"},"classes":[]},{"id":7985,"url":"https:\/\/gersonguelmann.com.br\/blog\/jaime-lerner-no-palanque-em-maringa\/","url_meta":{"origin":250,"position":1},"title":"Jaime Lerner no Palanque em Maring\u00e1","author":"Gerson Guelmann","date":"1 de fevereiro de 2018","format":false,"excerpt":"Quando era Governador, o Jaime Lerner foi participar de um evento em Maring\u00e1. N\u00e3o lembro se era com\u00edcio ou inaugura\u00e7\u00e3o. Como \u00e9 a praxe nesses casos ele foi o \u00faltimo a falar e, tamb\u00e9m como de costume, estava cercado pelos pol\u00edticos e autoridades locais, todos querendo aparecer nas imagens. De\u2026","rel":"","context":"Em &quot;Sem categoria&quot;","block_context":{"text":"Sem categoria","link":"https:\/\/gersonguelmann.com.br\/blog\/category\/sem-categoria\/"},"img":{"alt_text":"","src":"https:\/\/i0.wp.com\/gersonguelmann.com.br\/blog\/wp-content\/uploads\/2018\/02\/Palanque-300x150.jpg?resize=350%2C200&ssl=1","width":350,"height":200},"classes":[]},{"id":19430,"url":"https:\/\/gersonguelmann.com.br\/blog\/sempre-e-bom-festejar-o-jaime-lerner\/","url_meta":{"origin":250,"position":2},"title":"Sempre \u00e9 Bom Festejar o Jaime Lerner","author":"Gerson Guelmann","date":"17 de dezembro de 2019","format":false,"excerpt":"No final da tarde de hoje a Rosane e eu estivemos no escrit\u00f3rio do Jaime Lerner, para um encontro que se repete h\u00e1 muitos anos: a comemora\u00e7\u00e3o do anivers\u00e1rio dele e a festa de final de ano da Jaime Lerner Arquitetos Associados. O Jaime entrou nos 82 anos com a\u2026","rel":"","context":"Em &quot;Sem categoria&quot;","block_context":{"text":"Sem categoria","link":"https:\/\/gersonguelmann.com.br\/blog\/category\/sem-categoria\/"},"img":{"alt_text":"","src":"https:\/\/i0.wp.com\/gersonguelmann.com.br\/blog\/wp-content\/uploads\/2019\/12\/Jaime.jpg?fit=1200%2C900&ssl=1&resize=350%2C200","width":350,"height":200,"srcset":"https:\/\/i0.wp.com\/gersonguelmann.com.br\/blog\/wp-content\/uploads\/2019\/12\/Jaime.jpg?fit=1200%2C900&ssl=1&resize=350%2C200 1x, https:\/\/i0.wp.com\/gersonguelmann.com.br\/blog\/wp-content\/uploads\/2019\/12\/Jaime.jpg?fit=1200%2C900&ssl=1&resize=525%2C300 1.5x, https:\/\/i0.wp.com\/gersonguelmann.com.br\/blog\/wp-content\/uploads\/2019\/12\/Jaime.jpg?fit=1200%2C900&ssl=1&resize=700%2C400 2x, https:\/\/i0.wp.com\/gersonguelmann.com.br\/blog\/wp-content\/uploads\/2019\/12\/Jaime.jpg?fit=1200%2C900&ssl=1&resize=1050%2C600 3x"},"classes":[]},{"id":22237,"url":"https:\/\/gersonguelmann.com.br\/blog\/nao-jaime-lerner-carismatico-nao-um-cara-asmatico\/","url_meta":{"origin":250,"position":3},"title":"Jaime Lerner: Carism\u00e1tico, N\u00e3o um Cara Asm\u00e1tico","author":"Gerson Guelmann","date":"28 de maio de 2021","format":false,"excerpt":"\"Andar por Curitiba \u00e9 enxergar o Jaime Lerner vivo\" - (Felipe Guerra, Arquiteto e s\u00f3cio da Jaime Lerner Planejamento Urbano, em entrevista durante o vel\u00f3rio, ontem). Ontem nos despedimos do Jaime Lerner, num dos dias mais tristes da minha vida. Fosse outra a condi\u00e7\u00e3o, sem a terr\u00edvel pandemia, as \u00faltimas\u2026","rel":"","context":"Em &quot;Sem categoria&quot;","block_context":{"text":"Sem categoria","link":"https:\/\/gersonguelmann.com.br\/blog\/category\/sem-categoria\/"},"img":{"alt_text":"","src":"https:\/\/i0.wp.com\/gersonguelmann.com.br\/blog\/wp-content\/uploads\/2021\/05\/JL-IJL.jpg?fit=1008%2C825&ssl=1&resize=350%2C200","width":350,"height":200,"srcset":"https:\/\/i0.wp.com\/gersonguelmann.com.br\/blog\/wp-content\/uploads\/2021\/05\/JL-IJL.jpg?fit=1008%2C825&ssl=1&resize=350%2C200 1x, https:\/\/i0.wp.com\/gersonguelmann.com.br\/blog\/wp-content\/uploads\/2021\/05\/JL-IJL.jpg?fit=1008%2C825&ssl=1&resize=525%2C300 1.5x, https:\/\/i0.wp.com\/gersonguelmann.com.br\/blog\/wp-content\/uploads\/2021\/05\/JL-IJL.jpg?fit=1008%2C825&ssl=1&resize=700%2C400 2x"},"classes":[]},{"id":1638,"url":"https:\/\/gersonguelmann.com.br\/blog\/saudade-do-jaime-lerner-vote-nele\/","url_meta":{"origin":250,"position":4},"title":"Saudade do Jaime Lerner? Vote Nele!","author":"Gerson Guelmann","date":"13 de setembro de 2017","format":false,"excerpt":"Semanas atr\u00e1s a revista Planetizen fez uma enquete e listou os 200 Urbanistas mais influentes do mundo. O Jaime Lerner foi o \u00fanico brasileiro inclu\u00eddo na rela\u00e7\u00e3o e agora est\u00e1 aberta a vota\u00e7\u00e3o para ser estabelecido o \"ranking\", ou seja, para que os nominados sejam listados pela ordem de escolha.\u2026","rel":"","context":"Em &quot;Sem categoria&quot;","block_context":{"text":"Sem categoria","link":"https:\/\/gersonguelmann.com.br\/blog\/category\/sem-categoria\/"},"img":{"alt_text":"","src":"https:\/\/i0.wp.com\/gersonguelmann.com.br\/blog\/wp-content\/uploads\/2017\/09\/Jaime-Lerner.jpg?fit=1200%2C800&ssl=1&resize=350%2C200","width":350,"height":200,"srcset":"https:\/\/i0.wp.com\/gersonguelmann.com.br\/blog\/wp-content\/uploads\/2017\/09\/Jaime-Lerner.jpg?fit=1200%2C800&ssl=1&resize=350%2C200 1x, https:\/\/i0.wp.com\/gersonguelmann.com.br\/blog\/wp-content\/uploads\/2017\/09\/Jaime-Lerner.jpg?fit=1200%2C800&ssl=1&resize=525%2C300 1.5x, https:\/\/i0.wp.com\/gersonguelmann.com.br\/blog\/wp-content\/uploads\/2017\/09\/Jaime-Lerner.jpg?fit=1200%2C800&ssl=1&resize=700%2C400 2x, https:\/\/i0.wp.com\/gersonguelmann.com.br\/blog\/wp-content\/uploads\/2017\/09\/Jaime-Lerner.jpg?fit=1200%2C800&ssl=1&resize=1050%2C600 3x"},"classes":[]},{"id":22242,"url":"https:\/\/gersonguelmann.com.br\/blog\/a-camerata-de-curitiba-homenageia-seu-criador-jaime-lerner\/","url_meta":{"origin":250,"position":5},"title":"A Camerata de Curitiba Homenageia Seu Criador, Jaime Lerner","author":"Gerson Guelmann","date":"30 de maio de 2021","format":false,"excerpt":"Jaime Lerner idealizou e executou obras f\u00edsicas que transformaram Curitiba, o Paran\u00e1, e est\u00e3o presentes tamb\u00e9m em muitas outras cidades do mundo, mas deixou igualmente um acervo intang\u00edvel no campo cultural. Profundo conhecedor e amante das artes, amigo de personalidades de todas as \u00e1reas, o Jaime era respeitado pelos maiores\u2026","rel":"","context":"Em &quot;Sem categoria&quot;","block_context":{"text":"Sem categoria","link":"https:\/\/gersonguelmann.com.br\/blog\/category\/sem-categoria\/"},"img":{"alt_text":"","src":"https:\/\/i0.wp.com\/gersonguelmann.com.br\/blog\/wp-content\/uploads\/2021\/05\/JL-1.jpg?fit=800%2C500&ssl=1&resize=350%2C200","width":350,"height":200,"srcset":"https:\/\/i0.wp.com\/gersonguelmann.com.br\/blog\/wp-content\/uploads\/2021\/05\/JL-1.jpg?fit=800%2C500&ssl=1&resize=350%2C200 1x, https:\/\/i0.wp.com\/gersonguelmann.com.br\/blog\/wp-content\/uploads\/2021\/05\/JL-1.jpg?fit=800%2C500&ssl=1&resize=525%2C300 1.5x, https:\/\/i0.wp.com\/gersonguelmann.com.br\/blog\/wp-content\/uploads\/2021\/05\/JL-1.jpg?fit=800%2C500&ssl=1&resize=700%2C400 2x"},"classes":[]}],"jetpack_sharing_enabled":true,"post_mailing_queue_ids":[],"_links":{"self":[{"href":"https:\/\/gersonguelmann.com.br\/blog\/wp-json\/wp\/v2\/posts\/250","targetHints":{"allow":["GET"]}}],"collection":[{"href":"https:\/\/gersonguelmann.com.br\/blog\/wp-json\/wp\/v2\/posts"}],"about":[{"href":"https:\/\/gersonguelmann.com.br\/blog\/wp-json\/wp\/v2\/types\/post"}],"author":[{"embeddable":true,"href":"https:\/\/gersonguelmann.com.br\/blog\/wp-json\/wp\/v2\/users\/5"}],"replies":[{"embeddable":true,"href":"https:\/\/gersonguelmann.com.br\/blog\/wp-json\/wp\/v2\/comments?post=250"}],"version-history":[{"count":0,"href":"https:\/\/gersonguelmann.com.br\/blog\/wp-json\/wp\/v2\/posts\/250\/revisions"}],"wp:attachment":[{"href":"https:\/\/gersonguelmann.com.br\/blog\/wp-json\/wp\/v2\/media?parent=250"}],"wp:term":[{"taxonomy":"category","embeddable":true,"href":"https:\/\/gersonguelmann.com.br\/blog\/wp-json\/wp\/v2\/categories?post=250"},{"taxonomy":"post_tag","embeddable":true,"href":"https:\/\/gersonguelmann.com.br\/blog\/wp-json\/wp\/v2\/tags?post=250"}],"curies":[{"name":"wp","href":"https:\/\/api.w.org\/{rel}","templated":true}]}}