    {"id":25290,"date":"2025-05-14T18:51:24","date_gmt":"2025-05-14T21:51:24","guid":{"rendered":"https:\/\/gersonguelmann.com.br\/blog\/?p=25290"},"modified":"2025-05-16T18:53:05","modified_gmt":"2025-05-16T21:53:05","slug":"tres-na-quarta-de-humor-judaico-37","status":"publish","type":"post","link":"https:\/\/gersonguelmann.com.br\/blog\/tres-na-quarta-de-humor-judaico-37\/","title":{"rendered":"Tr\u00eas na Quarta de Humor Judaico"},"content":{"rendered":"<p data-start=\"250\" data-end=\"279\"><span style=\"color: #000000; font-family: tahoma, arial, helvetica, sans-serif; font-size: 18pt;\"><strong data-start=\"255\" data-end=\"279\"><em>R\u00e1pidos Como um Raio<\/em><br \/>\n<\/strong><\/span><span style=\"color: #000000; font-family: tahoma, arial, helvetica, sans-serif; font-size: 18pt;\">O bilion\u00e1rio Nathan Birnbaum tinha v\u00e1rios filhos e filhas, e tanto ele quanto a esposa h\u00e1 muito desejavam um neto.<\/span><\/p>\n<p data-start=\"399\" data-end=\"629\"><span style=\"color: #000000; font-family: tahoma, arial, helvetica, sans-serif; font-size: 18pt;\">Durante um jantar com toda a fam\u00edlia, ele olhou ao redor da mesa, mirou filhos, filhas, noras e genros e disse, sem esconder o des\u00e2nimo:<\/span><br data-start=\"535\" data-end=\"538\" \/><span style=\"color: #000000; font-family: tahoma, arial, helvetica, sans-serif; font-size: 18pt;\">\u2014 N\u00e3o posso me conformar&#8230; Um jantar de fam\u00edlia, todos voc\u00eas aqui \u2014 e nem um \u00fanico neto!<\/span><\/p>\n<p data-start=\"631\" data-end=\"813\"><span style=\"color: #000000; font-family: tahoma, arial, helvetica, sans-serif; font-size: 18pt;\">Ap\u00f3s suspirar longa e ruidosamente, continuou:<\/span><br data-start=\"677\" data-end=\"680\" \/><span style=\"color: #000000; font-family: tahoma, arial, helvetica, sans-serif; font-size: 18pt;\">\u2014 Darei um milh\u00e3o de d\u00f3lares ao primeiro filho ou filha que me der um neto ou neta. Quero, finalmente, um beb\u00ea pulando no meu joelho!<\/span><\/p>\n<p data-start=\"815\" data-end=\"1013\"><span style=\"color: #000000; font-family: tahoma, arial, helvetica, sans-serif; font-size: 18pt;\">Dito isso, abaixou a cabe\u00e7a para orar. Quando abriu os olhos, ele e a esposa eram os \u00fanicos ainda \u00e0 mesa \u2014 todos os outros haviam sa\u00eddo correndo em dire\u00e7\u00e3o aos quartos onde dormiam quando solteiros.<\/span><\/p>\n<hr data-start=\"1015\" data-end=\"1018\" \/>\n<p data-start=\"1020\" data-end=\"1067\"><em><span style=\"color: #000000; font-family: tahoma, arial, helvetica, sans-serif; font-size: 18pt;\"><strong data-start=\"1025\" data-end=\"1067\">Contentar uma M\u00e3e Judia N\u00e3o \u00e9 F\u00e1cil&#8230;<\/strong><\/span><\/em><\/p>\n<p data-start=\"1069\" data-end=\"1204\"><span style=\"color: #000000; font-family: tahoma, arial, helvetica, sans-serif; font-size: 18pt;\">Em uma mat\u00e9ria especial de maio de 1979, a revista <em data-start=\"1120\" data-end=\"1126\">Omni<\/em> designou o f\u00edsico Richard Feynman como \u201co homem mais inteligente do mundo\u201d.<\/span><\/p>\n<p data-start=\"1206\" data-end=\"1391\"><span style=\"color: #000000; font-family: tahoma, arial, helvetica, sans-serif; font-size: 18pt;\">O destaque foi merecido: em 1965, ele \u2014 juntamente com os f\u00edsicos Sin-Itiro Tomonaga e Julian Schwinger \u2014 recebeu o Pr\u00eamio Nobel de F\u00edsica por seu trabalho em eletrodin\u00e2mica qu\u00e2ntica.<\/span><\/p>\n<p data-start=\"1393\" data-end=\"1556\"><span style=\"color: #000000; font-family: tahoma, arial, helvetica, sans-serif; font-size: 18pt;\">Mas quando a reportagem foi publicada, a m\u00e3e dele, Lucille Feynman, respondeu sem titubear:<\/span><br data-start=\"1484\" data-end=\"1487\" \/><span style=\"color: #000000; font-family: tahoma, arial, helvetica, sans-serif; font-size: 18pt;\">\u2014 Nosso Richie? O homem mais inteligente do mundo? Deus nos ajude!&#8230;<\/span><\/p>\n<hr data-start=\"1558\" data-end=\"1561\" \/>\n<p data-start=\"1563\" data-end=\"1600\"><em><span style=\"color: #000000; font-family: tahoma, arial, helvetica, sans-serif; font-size: 18pt;\"><strong data-start=\"1568\" data-end=\"1600\">No Dentista: Canal ou Parto?<\/strong><\/span><\/em><\/p>\n<p data-start=\"1602\" data-end=\"1771\"><span style=\"color: #000000; font-family: tahoma, arial, helvetica, sans-serif; font-size: 18pt;\">Depois de examinar cuidadosamente os dentes da paciente, o Dr. Feinstein fez cara s\u00e9ria e anunciou:<\/span><br data-start=\"1701\" data-end=\"1704\" \/><span style=\"color: #000000; font-family: tahoma, arial, helvetica, sans-serif; font-size: 18pt;\">\u2014 Dona Fani, infelizmente vou ter que fazer um tratamento de canal.<\/span><\/p>\n<p data-start=\"1773\" data-end=\"1846\"><span style=\"color: #000000; font-family: tahoma, arial, helvetica, sans-serif; font-size: 18pt;\">Ela soltou um lamento t\u00edpico:<\/span><br data-start=\"1802\" data-end=\"1805\" \/><span style=\"color: #000000; font-family: tahoma, arial, helvetica, sans-serif; font-size: 18pt;\">\u2014 Ai, ai, ai&#8230; Eu preferia ter um filho!<\/span><\/p>\n<p data-start=\"1848\" data-end=\"1960\"><span style=\"color: #000000; font-family: tahoma, arial, helvetica, sans-serif; font-size: 18pt;\">E, sem nem piscar, ele falou:<\/span><br data-start=\"1877\" data-end=\"1880\" \/><span style=\"color: #000000; font-family: tahoma, arial, helvetica, sans-serif; font-size: 18pt;\">\u2014 Ent\u00e3o escolha logo&#8230; porque, de qualquer jeito, vou ter que baixar a cadeira!<\/span><\/p>\n<p style=\"text-align: center;\" data-start=\"1848\" data-end=\"1960\"><img data-recalc-dims=\"1\" decoding=\"async\" src=\"https:\/\/i0.wp.com\/gersonguelmann.com.br\/blog\/wp-content\/uploads\/2025\/05\/APAGAR-4.jpg?w=640&#038;ssl=1\" \/><br \/>\n<a href=\"http:\/\/Foto de &lt;a href=&quot;https:\/\/unsplash.com\/pt-br\/@notethanun?utm_content=creditCopyText&amp;utm_medium=referral&amp;utm_source=unsplash&quot;&gt;note thanun&lt;\/a&gt; na &lt;a href=&quot;https:\/\/unsplash.com\/pt-br\/fotografias\/uma-sala-odontologica-com-uma-cadeira-e-luzes-MCSmR0mw1CU?utm_content=creditCopyText&amp;utm_medium=referral&amp;utm_source=unsplash&quot;&gt;Unsplash&lt;\/a&gt;\"><span style=\"color: #0000ff; font-size: 14pt;\"><em><strong>Foto: Unsplash<\/strong><\/em><\/span><\/a><\/p>\n","protected":false},"excerpt":{"rendered":"<p>R\u00e1pidos Como um Raio O bilion\u00e1rio Nathan Birnbaum tinha v\u00e1rios filhos e filhas, e tanto ele quanto a esposa h\u00e1 muito desejavam um neto. Durante um jantar com toda a fam\u00edlia, ele olhou ao redor da mesa, mirou filhos, filhas, noras e genros e disse, sem esconder o des\u00e2nimo:\u2014 N\u00e3o posso me conformar&#8230; Um jantar [&hellip;]<\/p>\n","protected":false},"author":5,"featured_media":25992,"comment_status":"open","ping_status":"closed","sticky":false,"template":"","format":"standard","meta":{"_acf_changed":false,"jetpack_post_was_ever_published":false,"_jetpack_newsletter_access":"","_jetpack_dont_email_post_to_subs":false,"_jetpack_newsletter_tier_id":0,"_jetpack_memberships_contains_paywalled_content":false,"_jetpack_memberships_contains_paid_content":false,"footnotes":"","jetpack_publicize_message":"","jetpack_publicize_feature_enabled":true,"jetpack_social_post_already_shared":true,"jetpack_social_options":{"image_generator_settings":{"template":"highway","default_image_id":0,"font":"","enabled":false},"version":2}},"categories":[1],"tags":[],"class_list":["post-25290","post","type-post","status-publish","format-standard","has-post-thumbnail","hentry","category-sem-categoria"],"acf":[],"yoast_head":"<!-- This site is optimized with the Yoast SEO plugin v27.3 - https:\/\/yoast.com\/product\/yoast-seo-wordpress\/ -->\n<title>Tr\u00eas na Quarta de Humor Judaico | Blog do Guelmann<\/title>\n<meta name=\"robots\" content=\"index, follow, max-snippet:-1, max-image-preview:large, max-video-preview:-1\" \/>\n<link rel=\"canonical\" href=\"https:\/\/gersonguelmann.com.br\/blog\/tres-na-quarta-de-humor-judaico-37\/\" \/>\n<meta property=\"og:locale\" content=\"pt_BR\" \/>\n<meta property=\"og:type\" content=\"article\" \/>\n<meta property=\"og:title\" content=\"Tr\u00eas na Quarta de Humor Judaico | Blog do Guelmann\" \/>\n<meta property=\"og:description\" content=\"R\u00e1pidos Como um Raio O bilion\u00e1rio Nathan Birnbaum tinha v\u00e1rios filhos e filhas, e tanto ele quanto a esposa h\u00e1 muito desejavam um neto. Durante um jantar com toda a fam\u00edlia, ele olhou ao redor da mesa, mirou filhos, filhas, noras e genros e disse, sem esconder o des\u00e2nimo:\u2014 N\u00e3o posso me conformar&#8230; Um jantar [&hellip;]\" \/>\n<meta property=\"og:url\" content=\"https:\/\/gersonguelmann.com.br\/blog\/tres-na-quarta-de-humor-judaico-37\/\" \/>\n<meta property=\"og:site_name\" content=\"Blog do Guelmann\" \/>\n<meta property=\"article:published_time\" content=\"2025-05-14T21:51:24+00:00\" \/>\n<meta property=\"article:modified_time\" content=\"2025-05-16T21:53:05+00:00\" \/>\n<meta property=\"og:image\" content=\"https:\/\/gersonguelmann.com.br\/blog\/wp-content\/uploads\/2025\/05\/APAGAR-2.jpg\" \/>\n\t<meta property=\"og:image:width\" content=\"500\" \/>\n\t<meta property=\"og:image:height\" content=\"376\" \/>\n\t<meta property=\"og:image:type\" content=\"image\/jpeg\" \/>\n<meta name=\"author\" content=\"Gerson Guelmann\" \/>\n<meta name=\"twitter:card\" content=\"summary_large_image\" \/>\n<meta name=\"twitter:label1\" content=\"Escrito por\" \/>\n\t<meta name=\"twitter:data1\" content=\"Gerson Guelmann\" \/>\n\t<meta name=\"twitter:label2\" content=\"Est. tempo de leitura\" \/>\n\t<meta name=\"twitter:data2\" content=\"2 minutos\" \/>\n<script type=\"application\/ld+json\" class=\"yoast-schema-graph\">{\"@context\":\"https:\\\/\\\/schema.org\",\"@graph\":[{\"@type\":\"Article\",\"@id\":\"https:\\\/\\\/gersonguelmann.com.br\\\/blog\\\/tres-na-quarta-de-humor-judaico-37\\\/#article\",\"isPartOf\":{\"@id\":\"https:\\\/\\\/gersonguelmann.com.br\\\/blog\\\/tres-na-quarta-de-humor-judaico-37\\\/\"},\"author\":{\"name\":\"Gerson Guelmann\",\"@id\":\"https:\\\/\\\/gersonguelmann.com.br\\\/blog\\\/#\\\/schema\\\/person\\\/87e70e2a786888082f941a482c90569e\"},\"headline\":\"Tr\u00eas na Quarta de Humor Judaico\",\"datePublished\":\"2025-05-14T21:51:24+00:00\",\"dateModified\":\"2025-05-16T21:53:05+00:00\",\"mainEntityOfPage\":{\"@id\":\"https:\\\/\\\/gersonguelmann.com.br\\\/blog\\\/tres-na-quarta-de-humor-judaico-37\\\/\"},\"wordCount\":311,\"commentCount\":0,\"image\":{\"@id\":\"https:\\\/\\\/gersonguelmann.com.br\\\/blog\\\/tres-na-quarta-de-humor-judaico-37\\\/#primaryimage\"},\"thumbnailUrl\":\"https:\\\/\\\/i0.wp.com\\\/gersonguelmann.com.br\\\/blog\\\/wp-content\\\/uploads\\\/2025\\\/05\\\/APAGAR-2.jpg?fit=500%2C376&ssl=1\",\"inLanguage\":\"pt-BR\",\"potentialAction\":[{\"@type\":\"CommentAction\",\"name\":\"Comment\",\"target\":[\"https:\\\/\\\/gersonguelmann.com.br\\\/blog\\\/tres-na-quarta-de-humor-judaico-37\\\/#respond\"]}]},{\"@type\":\"WebPage\",\"@id\":\"https:\\\/\\\/gersonguelmann.com.br\\\/blog\\\/tres-na-quarta-de-humor-judaico-37\\\/\",\"url\":\"https:\\\/\\\/gersonguelmann.com.br\\\/blog\\\/tres-na-quarta-de-humor-judaico-37\\\/\",\"name\":\"Tr\u00eas na Quarta de Humor Judaico | Blog do Guelmann\",\"isPartOf\":{\"@id\":\"https:\\\/\\\/gersonguelmann.com.br\\\/blog\\\/#website\"},\"primaryImageOfPage\":{\"@id\":\"https:\\\/\\\/gersonguelmann.com.br\\\/blog\\\/tres-na-quarta-de-humor-judaico-37\\\/#primaryimage\"},\"image\":{\"@id\":\"https:\\\/\\\/gersonguelmann.com.br\\\/blog\\\/tres-na-quarta-de-humor-judaico-37\\\/#primaryimage\"},\"thumbnailUrl\":\"https:\\\/\\\/i0.wp.com\\\/gersonguelmann.com.br\\\/blog\\\/wp-content\\\/uploads\\\/2025\\\/05\\\/APAGAR-2.jpg?fit=500%2C376&ssl=1\",\"datePublished\":\"2025-05-14T21:51:24+00:00\",\"dateModified\":\"2025-05-16T21:53:05+00:00\",\"author\":{\"@id\":\"https:\\\/\\\/gersonguelmann.com.br\\\/blog\\\/#\\\/schema\\\/person\\\/87e70e2a786888082f941a482c90569e\"},\"inLanguage\":\"pt-BR\",\"potentialAction\":[{\"@type\":\"ReadAction\",\"target\":[\"https:\\\/\\\/gersonguelmann.com.br\\\/blog\\\/tres-na-quarta-de-humor-judaico-37\\\/\"]}]},{\"@type\":\"ImageObject\",\"inLanguage\":\"pt-BR\",\"@id\":\"https:\\\/\\\/gersonguelmann.com.br\\\/blog\\\/tres-na-quarta-de-humor-judaico-37\\\/#primaryimage\",\"url\":\"https:\\\/\\\/i0.wp.com\\\/gersonguelmann.com.br\\\/blog\\\/wp-content\\\/uploads\\\/2025\\\/05\\\/APAGAR-2.jpg?fit=500%2C376&ssl=1\",\"contentUrl\":\"https:\\\/\\\/i0.wp.com\\\/gersonguelmann.com.br\\\/blog\\\/wp-content\\\/uploads\\\/2025\\\/05\\\/APAGAR-2.jpg?fit=500%2C376&ssl=1\",\"width\":500,\"height\":376},{\"@type\":\"WebSite\",\"@id\":\"https:\\\/\\\/gersonguelmann.com.br\\\/blog\\\/#website\",\"url\":\"https:\\\/\\\/gersonguelmann.com.br\\\/blog\\\/\",\"name\":\"Blog do Guelmann\",\"description\":\"Pitadas da sabedoria e do humor judaicos, assuntos do momento e um pouco das hist\u00f3rias que vivi e testemunhei.\",\"potentialAction\":[{\"@type\":\"SearchAction\",\"target\":{\"@type\":\"EntryPoint\",\"urlTemplate\":\"https:\\\/\\\/gersonguelmann.com.br\\\/blog\\\/?s={search_term_string}\"},\"query-input\":{\"@type\":\"PropertyValueSpecification\",\"valueRequired\":true,\"valueName\":\"search_term_string\"}}],\"inLanguage\":\"pt-BR\"},{\"@type\":\"Person\",\"@id\":\"https:\\\/\\\/gersonguelmann.com.br\\\/blog\\\/#\\\/schema\\\/person\\\/87e70e2a786888082f941a482c90569e\",\"name\":\"Gerson Guelmann\",\"image\":{\"@type\":\"ImageObject\",\"inLanguage\":\"pt-BR\",\"@id\":\"https:\\\/\\\/i0.wp.com\\\/gersonguelmann.com.br\\\/blog\\\/wp-content\\\/uploads\\\/2021\\\/08\\\/BLOG.jpeg?fit=96%2C96&ssl=1\",\"url\":\"https:\\\/\\\/i0.wp.com\\\/gersonguelmann.com.br\\\/blog\\\/wp-content\\\/uploads\\\/2021\\\/08\\\/BLOG.jpeg?fit=96%2C96&ssl=1\",\"contentUrl\":\"https:\\\/\\\/i0.wp.com\\\/gersonguelmann.com.br\\\/blog\\\/wp-content\\\/uploads\\\/2021\\\/08\\\/BLOG.jpeg?fit=96%2C96&ssl=1\",\"caption\":\"Gerson Guelmann\"},\"description\":\"Pitadas da sabedoria e do humor judaicos, assuntos do momento e um pouco das hist\u00f3rias que vivi e testemunhei.\"}]}<\/script>\n<!-- \/ Yoast SEO plugin. -->","yoast_head_json":{"title":"Tr\u00eas na Quarta de Humor Judaico | Blog do Guelmann","robots":{"index":"index","follow":"follow","max-snippet":"max-snippet:-1","max-image-preview":"max-image-preview:large","max-video-preview":"max-video-preview:-1"},"canonical":"https:\/\/gersonguelmann.com.br\/blog\/tres-na-quarta-de-humor-judaico-37\/","og_locale":"pt_BR","og_type":"article","og_title":"Tr\u00eas na Quarta de Humor Judaico | Blog do Guelmann","og_description":"R\u00e1pidos Como um Raio O bilion\u00e1rio Nathan Birnbaum tinha v\u00e1rios filhos e filhas, e tanto ele quanto a esposa h\u00e1 muito desejavam um neto. Durante um jantar com toda a fam\u00edlia, ele olhou ao redor da mesa, mirou filhos, filhas, noras e genros e disse, sem esconder o des\u00e2nimo:\u2014 N\u00e3o posso me conformar&#8230; Um jantar [&hellip;]","og_url":"https:\/\/gersonguelmann.com.br\/blog\/tres-na-quarta-de-humor-judaico-37\/","og_site_name":"Blog do Guelmann","article_published_time":"2025-05-14T21:51:24+00:00","article_modified_time":"2025-05-16T21:53:05+00:00","og_image":[{"width":500,"height":376,"url":"https:\/\/gersonguelmann.com.br\/blog\/wp-content\/uploads\/2025\/05\/APAGAR-2.jpg","type":"image\/jpeg"}],"author":"Gerson Guelmann","twitter_card":"summary_large_image","twitter_misc":{"Escrito por":"Gerson Guelmann","Est. tempo de leitura":"2 minutos"},"schema":{"@context":"https:\/\/schema.org","@graph":[{"@type":"Article","@id":"https:\/\/gersonguelmann.com.br\/blog\/tres-na-quarta-de-humor-judaico-37\/#article","isPartOf":{"@id":"https:\/\/gersonguelmann.com.br\/blog\/tres-na-quarta-de-humor-judaico-37\/"},"author":{"name":"Gerson Guelmann","@id":"https:\/\/gersonguelmann.com.br\/blog\/#\/schema\/person\/87e70e2a786888082f941a482c90569e"},"headline":"Tr\u00eas na Quarta de Humor Judaico","datePublished":"2025-05-14T21:51:24+00:00","dateModified":"2025-05-16T21:53:05+00:00","mainEntityOfPage":{"@id":"https:\/\/gersonguelmann.com.br\/blog\/tres-na-quarta-de-humor-judaico-37\/"},"wordCount":311,"commentCount":0,"image":{"@id":"https:\/\/gersonguelmann.com.br\/blog\/tres-na-quarta-de-humor-judaico-37\/#primaryimage"},"thumbnailUrl":"https:\/\/i0.wp.com\/gersonguelmann.com.br\/blog\/wp-content\/uploads\/2025\/05\/APAGAR-2.jpg?fit=500%2C376&ssl=1","inLanguage":"pt-BR","potentialAction":[{"@type":"CommentAction","name":"Comment","target":["https:\/\/gersonguelmann.com.br\/blog\/tres-na-quarta-de-humor-judaico-37\/#respond"]}]},{"@type":"WebPage","@id":"https:\/\/gersonguelmann.com.br\/blog\/tres-na-quarta-de-humor-judaico-37\/","url":"https:\/\/gersonguelmann.com.br\/blog\/tres-na-quarta-de-humor-judaico-37\/","name":"Tr\u00eas na Quarta de Humor Judaico | Blog do Guelmann","isPartOf":{"@id":"https:\/\/gersonguelmann.com.br\/blog\/#website"},"primaryImageOfPage":{"@id":"https:\/\/gersonguelmann.com.br\/blog\/tres-na-quarta-de-humor-judaico-37\/#primaryimage"},"image":{"@id":"https:\/\/gersonguelmann.com.br\/blog\/tres-na-quarta-de-humor-judaico-37\/#primaryimage"},"thumbnailUrl":"https:\/\/i0.wp.com\/gersonguelmann.com.br\/blog\/wp-content\/uploads\/2025\/05\/APAGAR-2.jpg?fit=500%2C376&ssl=1","datePublished":"2025-05-14T21:51:24+00:00","dateModified":"2025-05-16T21:53:05+00:00","author":{"@id":"https:\/\/gersonguelmann.com.br\/blog\/#\/schema\/person\/87e70e2a786888082f941a482c90569e"},"inLanguage":"pt-BR","potentialAction":[{"@type":"ReadAction","target":["https:\/\/gersonguelmann.com.br\/blog\/tres-na-quarta-de-humor-judaico-37\/"]}]},{"@type":"ImageObject","inLanguage":"pt-BR","@id":"https:\/\/gersonguelmann.com.br\/blog\/tres-na-quarta-de-humor-judaico-37\/#primaryimage","url":"https:\/\/i0.wp.com\/gersonguelmann.com.br\/blog\/wp-content\/uploads\/2025\/05\/APAGAR-2.jpg?fit=500%2C376&ssl=1","contentUrl":"https:\/\/i0.wp.com\/gersonguelmann.com.br\/blog\/wp-content\/uploads\/2025\/05\/APAGAR-2.jpg?fit=500%2C376&ssl=1","width":500,"height":376},{"@type":"WebSite","@id":"https:\/\/gersonguelmann.com.br\/blog\/#website","url":"https:\/\/gersonguelmann.com.br\/blog\/","name":"Blog do Guelmann","description":"Pitadas da sabedoria e do humor judaicos, assuntos do momento e um pouco das hist\u00f3rias que vivi e testemunhei.","potentialAction":[{"@type":"SearchAction","target":{"@type":"EntryPoint","urlTemplate":"https:\/\/gersonguelmann.com.br\/blog\/?s={search_term_string}"},"query-input":{"@type":"PropertyValueSpecification","valueRequired":true,"valueName":"search_term_string"}}],"inLanguage":"pt-BR"},{"@type":"Person","@id":"https:\/\/gersonguelmann.com.br\/blog\/#\/schema\/person\/87e70e2a786888082f941a482c90569e","name":"Gerson Guelmann","image":{"@type":"ImageObject","inLanguage":"pt-BR","@id":"https:\/\/i0.wp.com\/gersonguelmann.com.br\/blog\/wp-content\/uploads\/2021\/08\/BLOG.jpeg?fit=96%2C96&ssl=1","url":"https:\/\/i0.wp.com\/gersonguelmann.com.br\/blog\/wp-content\/uploads\/2021\/08\/BLOG.jpeg?fit=96%2C96&ssl=1","contentUrl":"https:\/\/i0.wp.com\/gersonguelmann.com.br\/blog\/wp-content\/uploads\/2021\/08\/BLOG.jpeg?fit=96%2C96&ssl=1","caption":"Gerson Guelmann"},"description":"Pitadas da sabedoria e do humor judaicos, assuntos do momento e um pouco das hist\u00f3rias que vivi e testemunhei."}]}},"views":10,"jetpack_publicize_connections":[],"jetpack_featured_media_url":"https:\/\/i0.wp.com\/gersonguelmann.com.br\/blog\/wp-content\/uploads\/2025\/05\/APAGAR-2.jpg?fit=500%2C376&ssl=1","jetpack_shortlink":"https:\/\/wp.me\/p96e7O-6zU","jetpack-related-posts":[{"id":22377,"url":"https:\/\/gersonguelmann.com.br\/blog\/david-o-vovo-e-o-viagra\/","url_meta":{"origin":25290,"position":0},"title":"David, o Vov\u00f4 e o Viagra","author":"Gerson Guelmann","date":"5 de agosto de 2021","format":false,"excerpt":"David Schwartz convidou os av\u00f3s para o jantar de Shabat e para passar o final de semana com ele. Ap\u00f3s o jantar o av\u00f4 percebeu que havia esquecido de levar a pasta de dentes e foi procurar no arm\u00e1rio do banheiro do neto. Quando o abriu, viu um frasco de\u2026","rel":"","context":"Em &quot;Sem categoria&quot;","block_context":{"text":"Sem categoria","link":"https:\/\/gersonguelmann.com.br\/blog\/category\/sem-categoria\/"},"img":{"alt_text":"","src":"https:\/\/i0.wp.com\/gersonguelmann.com.br\/blog\/wp-content\/uploads\/2021\/08\/VIAGRA.jpg?fit=1008%2C1200&ssl=1&resize=350%2C200","width":350,"height":200,"srcset":"https:\/\/i0.wp.com\/gersonguelmann.com.br\/blog\/wp-content\/uploads\/2021\/08\/VIAGRA.jpg?fit=1008%2C1200&ssl=1&resize=350%2C200 1x, https:\/\/i0.wp.com\/gersonguelmann.com.br\/blog\/wp-content\/uploads\/2021\/08\/VIAGRA.jpg?fit=1008%2C1200&ssl=1&resize=525%2C300 1.5x, https:\/\/i0.wp.com\/gersonguelmann.com.br\/blog\/wp-content\/uploads\/2021\/08\/VIAGRA.jpg?fit=1008%2C1200&ssl=1&resize=700%2C400 2x"},"classes":[]},{"id":14156,"url":"https:\/\/gersonguelmann.com.br\/blog\/veja-reacao-de-apresentadora-de-tv-dos-eua-ao-ler-noticia-sobre-filhos-de-migrantes-separados-dos-pais\/","url_meta":{"origin":25290,"position":1},"title":"Veja Rea\u00e7\u00e3o de Apresentadora de TV dos EUA Ao Ler Not\u00edcia Sobre Filhos de Migrantes Separados dos Pais","author":"Gerson Guelmann","date":"20 de junho de 2018","format":false,"excerpt":"A revista F\u00f3rum publicou hoje: 20 DE JUNHO DE 2018 - 12H33 Apresentadora de TV dos EUA chora ao ler not\u00edcia sobre separa\u00e7\u00e3o de crian\u00e7as migrantes dos pais A apresentadora se desculpou por n\u00e3o conseguir ler a not\u00edcia at\u00e9 o final. Veja o v\u00eddeo A jornalista Rachel\u00a0Maddow, apresentadora da rede\u00a0MSNBC,\u00a0se\u2026","rel":"","context":"Em &quot;Sem categoria&quot;","block_context":{"text":"Sem categoria","link":"https:\/\/gersonguelmann.com.br\/blog\/category\/sem-categoria\/"},"img":{"alt_text":"","src":"https:\/\/i0.wp.com\/gersonguelmann.com.br\/blog\/wp-content\/uploads\/2018\/06\/img.jpg?fit=1200%2C675&ssl=1&resize=350%2C200","width":350,"height":200,"srcset":"https:\/\/i0.wp.com\/gersonguelmann.com.br\/blog\/wp-content\/uploads\/2018\/06\/img.jpg?fit=1200%2C675&ssl=1&resize=350%2C200 1x, https:\/\/i0.wp.com\/gersonguelmann.com.br\/blog\/wp-content\/uploads\/2018\/06\/img.jpg?fit=1200%2C675&ssl=1&resize=525%2C300 1.5x, https:\/\/i0.wp.com\/gersonguelmann.com.br\/blog\/wp-content\/uploads\/2018\/06\/img.jpg?fit=1200%2C675&ssl=1&resize=700%2C400 2x, https:\/\/i0.wp.com\/gersonguelmann.com.br\/blog\/wp-content\/uploads\/2018\/06\/img.jpg?fit=1200%2C675&ssl=1&resize=1050%2C600 3x"},"classes":[]},{"id":2017,"url":"https:\/\/gersonguelmann.com.br\/blog\/pelas-mulheres-maes-filhas-avos-netas\/","url_meta":{"origin":25290,"position":2},"title":"Pelas Mulheres, M\u00e3es, Filhas, Av\u00f3s, Netas","author":"Gerson Guelmann","date":"25 de setembro de 2017","format":false,"excerpt":"Vivemos tempos de inseguran\u00e7a generalizada. N\u00e3o importa onde estejamos, o perigo est\u00e1 \u00e0 espreita, e nesse quesito as mulheres s\u00e3o muito mais vulner\u00e1veis. Felizmente (ou menos mal) a tecnologia trabalha para nos oferecer\u00a0algumas alternativas. Uma delas \u00e9 o aplicativo chamado Malalai, em homenagem \u00e0 menina paquistanesa que ganhou o Nobel\u2026","rel":"","context":"Em &quot;Sem categoria&quot;","block_context":{"text":"Sem categoria","link":"https:\/\/gersonguelmann.com.br\/blog\/category\/sem-categoria\/"},"img":{"alt_text":"","src":"https:\/\/i0.wp.com\/gersonguelmann.com.br\/blog\/wp-content\/uploads\/2017\/09\/Mulher-1.jpg?resize=350%2C200&ssl=1","width":350,"height":200},"classes":[]},{"id":16824,"url":"https:\/\/gersonguelmann.com.br\/blog\/porque-maes-e-pais-confundem-os-nomes-dos-filhos\/","url_meta":{"origin":25290,"position":3},"title":"Porque M\u00e3es (e Pais) Confundem os Nomes dos Filhos?","author":"Gerson Guelmann","date":"17 de abril de 2023","format":false,"excerpt":"Conhece alguma fam\u00edlia onde NUNCA foi feita sequer UMA confus\u00e3o com o nome dos filhos? Dif\u00edcil, n\u00e9? Pois existem estudos mostrando que n\u00e3o h\u00e1 raz\u00e3o para que pais e m\u00e3es se preocupem com isso, pelo contr\u00e1rio. E mais: a primeira coisa descartada \u00e9 que a causa tenha a ver com\u2026","rel":"","context":"Em &quot;Sem categoria&quot;","block_context":{"text":"Sem categoria","link":"https:\/\/gersonguelmann.com.br\/blog\/category\/sem-categoria\/"},"img":{"alt_text":"","src":"https:\/\/i0.wp.com\/gersonguelmann.com.br\/blog\/wp-content\/uploads\/2019\/05\/HojePR-1-200x300.jpg?resize=350%2C200&ssl=1","width":350,"height":200},"classes":[]},{"id":25268,"url":"https:\/\/gersonguelmann.com.br\/blog\/tres-na-quarta-de-humor-judaico-36\/","url_meta":{"origin":25290,"position":4},"title":"Tr\u00eas na Quarta de Humor Judaico","author":"Gerson Guelmann","date":"7 de maio de 2025","format":false,"excerpt":"Querer n\u00e3o \u00e9 PoderUm cat\u00f3lico, um protestante, um mu\u00e7ulmano e um judeu conversavam animadamente durante um jantar. Cat\u00f3lico: \u2014 Tenho uma fortuna imensa... Estou pensando em comprar o Citibank!Protestante: \u2014 Eu sou riqu\u00edssimo e vou adquirir a General Motors! Mu\u00e7ulmano: \u2014 Sou um pr\u00edncipe fabulosamente rico... Pretendo comprar a Microsoft!\u2026","rel":"","context":"Em &quot;Sem categoria&quot;","block_context":{"text":"Sem categoria","link":"https:\/\/gersonguelmann.com.br\/blog\/category\/sem-categoria\/"},"img":{"alt_text":"","src":"https:\/\/i0.wp.com\/gersonguelmann.com.br\/blog\/wp-content\/uploads\/2025\/05\/HojePR-6.jpg?fit=600%2C399&ssl=1&resize=350%2C200","width":350,"height":200,"srcset":"https:\/\/i0.wp.com\/gersonguelmann.com.br\/blog\/wp-content\/uploads\/2025\/05\/HojePR-6.jpg?fit=600%2C399&ssl=1&resize=350%2C200 1x, https:\/\/i0.wp.com\/gersonguelmann.com.br\/blog\/wp-content\/uploads\/2025\/05\/HojePR-6.jpg?fit=600%2C399&ssl=1&resize=525%2C300 1.5x"},"classes":[]},{"id":21692,"url":"https:\/\/gersonguelmann.com.br\/blog\/carta-do-avo-ao-neto\/","url_meta":{"origin":25290,"position":5},"title":"Carta do Av\u00f4 ao Neto","author":"Gerson Guelmann","date":"9 de dezembro de 2024","format":false,"excerpt":"Sou um contumaz garimpador da internet, onde gra\u00e7as aos tais \"algoritmos\" de vez em quando encontro algumas pedras preciosas. Assim como aconteceu com Borba Gato e os outros Bandeirantes, para cada esmeralda extra\u00edda me deparo com centenas de turmalinas sem valor. Mas a pesquisa \u00e9 sempre fascinante e enriquecedora, especialmente\u2026","rel":"","context":"Em &quot;Sem categoria&quot;","block_context":{"text":"Sem categoria","link":"https:\/\/gersonguelmann.com.br\/blog\/category\/sem-categoria\/"},"img":{"alt_text":"","src":"https:\/\/i0.wp.com\/gersonguelmann.com.br\/blog\/wp-content\/uploads\/2024\/12\/AMPLIAR-2.jpg?fit=1200%2C800&ssl=1&resize=350%2C200","width":350,"height":200,"srcset":"https:\/\/i0.wp.com\/gersonguelmann.com.br\/blog\/wp-content\/uploads\/2024\/12\/AMPLIAR-2.jpg?fit=1200%2C800&ssl=1&resize=350%2C200 1x, https:\/\/i0.wp.com\/gersonguelmann.com.br\/blog\/wp-content\/uploads\/2024\/12\/AMPLIAR-2.jpg?fit=1200%2C800&ssl=1&resize=525%2C300 1.5x, https:\/\/i0.wp.com\/gersonguelmann.com.br\/blog\/wp-content\/uploads\/2024\/12\/AMPLIAR-2.jpg?fit=1200%2C800&ssl=1&resize=700%2C400 2x, https:\/\/i0.wp.com\/gersonguelmann.com.br\/blog\/wp-content\/uploads\/2024\/12\/AMPLIAR-2.jpg?fit=1200%2C800&ssl=1&resize=1050%2C600 3x"},"classes":[]}],"jetpack_sharing_enabled":true,"post_mailing_queue_ids":[],"_links":{"self":[{"href":"https:\/\/gersonguelmann.com.br\/blog\/wp-json\/wp\/v2\/posts\/25290","targetHints":{"allow":["GET"]}}],"collection":[{"href":"https:\/\/gersonguelmann.com.br\/blog\/wp-json\/wp\/v2\/posts"}],"about":[{"href":"https:\/\/gersonguelmann.com.br\/blog\/wp-json\/wp\/v2\/types\/post"}],"author":[{"embeddable":true,"href":"https:\/\/gersonguelmann.com.br\/blog\/wp-json\/wp\/v2\/users\/5"}],"replies":[{"embeddable":true,"href":"https:\/\/gersonguelmann.com.br\/blog\/wp-json\/wp\/v2\/comments?post=25290"}],"version-history":[{"count":0,"href":"https:\/\/gersonguelmann.com.br\/blog\/wp-json\/wp\/v2\/posts\/25290\/revisions"}],"wp:featuredmedia":[{"embeddable":true,"href":"https:\/\/gersonguelmann.com.br\/blog\/wp-json\/wp\/v2\/media\/25992"}],"wp:attachment":[{"href":"https:\/\/gersonguelmann.com.br\/blog\/wp-json\/wp\/v2\/media?parent=25290"}],"wp:term":[{"taxonomy":"category","embeddable":true,"href":"https:\/\/gersonguelmann.com.br\/blog\/wp-json\/wp\/v2\/categories?post=25290"},{"taxonomy":"post_tag","embeddable":true,"href":"https:\/\/gersonguelmann.com.br\/blog\/wp-json\/wp\/v2\/tags?post=25290"}],"curies":[{"name":"wp","href":"https:\/\/api.w.org\/{rel}","templated":true}]}}