    {"id":260,"date":"2017-03-14T22:30:00","date_gmt":"2017-03-15T01:30:00","guid":{"rendered":"https:\/\/gersonguelmann.com.br\/blog\/porque-o-rj-esta-do-jeito-que-esta\/"},"modified":"2017-03-14T22:30:00","modified_gmt":"2017-03-15T01:30:00","slug":"porque-o-rj-esta-do-jeito-que-esta","status":"publish","type":"post","link":"https:\/\/gersonguelmann.com.br\/blog\/porque-o-rj-esta-do-jeito-que-esta\/","title":{"rendered":"Porque o RJ est\u00e1 do jeito que est\u00e1?"},"content":{"rendered":"<p dir=\"ltr\">O cara &#233; Governador de um estado, n&#227;o estamos falando do gerente de uma espelunca qualquer. <br \/>A&#237; inventa uma Secretaria para abrigar pessoa condenada em segunda inst&#226;ncia por improbidade administrativa. <br \/>Um gestor desse tipo nos faz entender porque o RJ est&#225; do jeito que est&#225;. <\/p>\n<p dir=\"ltr\"><a href=\"https:\/\/noticias.uol.com.br\/politica\/ultimas-noticias\/2017\/03\/14\/pezao-cancela-nomeacao-de-aliada-de-cunha-que-e-re-na-lava-jato.htm\">https:\/\/noticias.uol.com.br\/politica\/ultimas-noticias\/2017\/03\/14\/pezao-cancela-nomeacao-de-aliada-de-cunha-que-e-re-na-lava-jato.htm<\/a><\/p>\n","protected":false},"excerpt":{"rendered":"<p>O cara &#233; Governador de um estado, n&#227;o estamos falando do gerente de uma espelunca qualquer. A&#237; inventa uma Secretaria para abrigar pessoa condenada em segunda inst&#226;ncia por improbidade administrativa. Um gestor desse tipo nos faz entender porque o RJ est&#225; do jeito que est&#225;. https:\/\/noticias.uol.com.br\/politica\/ultimas-noticias\/2017\/03\/14\/pezao-cancela-nomeacao-de-aliada-de-cunha-que-e-re-na-lava-jato.htm<\/p>\n","protected":false},"author":5,"featured_media":0,"comment_status":"open","ping_status":"open","sticky":false,"template":"","format":"standard","meta":{"_acf_changed":false,"jetpack_post_was_ever_published":false,"_jetpack_newsletter_access":"","_jetpack_dont_email_post_to_subs":false,"_jetpack_newsletter_tier_id":0,"_jetpack_memberships_contains_paywalled_content":false,"_jetpack_memberships_contains_paid_content":false,"footnotes":"","jetpack_publicize_message":"","jetpack_publicize_feature_enabled":true,"jetpack_social_post_already_shared":false,"jetpack_social_options":{"image_generator_settings":{"template":"highway","default_image_id":0,"font":"","enabled":false},"version":2}},"categories":[1],"tags":[],"class_list":["post-260","post","type-post","status-publish","format-standard","hentry","category-sem-categoria"],"acf":[],"yoast_head":"<!-- This site is optimized with the Yoast SEO plugin v27.3 - https:\/\/yoast.com\/product\/yoast-seo-wordpress\/ -->\n<title>Porque o RJ est\u00e1 do jeito que est\u00e1? | Blog do Guelmann<\/title>\n<meta name=\"robots\" content=\"index, follow, max-snippet:-1, max-image-preview:large, max-video-preview:-1\" \/>\n<link rel=\"canonical\" href=\"https:\/\/gersonguelmann.com.br\/blog\/porque-o-rj-esta-do-jeito-que-esta\/\" \/>\n<meta property=\"og:locale\" content=\"pt_BR\" \/>\n<meta property=\"og:type\" content=\"article\" \/>\n<meta property=\"og:title\" content=\"Porque o RJ est\u00e1 do jeito que est\u00e1? | Blog do Guelmann\" \/>\n<meta property=\"og:description\" content=\"O cara &#233; Governador de um estado, n&#227;o estamos falando do gerente de uma espelunca qualquer. A&#237; inventa uma Secretaria para abrigar pessoa condenada em segunda inst&#226;ncia por improbidade administrativa. Um gestor desse tipo nos faz entender porque o RJ est&#225; do jeito que est&#225;. https:\/\/noticias.uol.com.br\/politica\/ultimas-noticias\/2017\/03\/14\/pezao-cancela-nomeacao-de-aliada-de-cunha-que-e-re-na-lava-jato.htm\" \/>\n<meta property=\"og:url\" content=\"https:\/\/gersonguelmann.com.br\/blog\/porque-o-rj-esta-do-jeito-que-esta\/\" \/>\n<meta property=\"og:site_name\" content=\"Blog do Guelmann\" \/>\n<meta property=\"article:published_time\" content=\"2017-03-15T01:30:00+00:00\" \/>\n<meta property=\"og:image\" content=\"https:\/\/i0.wp.com\/gersonguelmann.com.br\/blog\/wp-content\/uploads\/2025\/11\/GersonGuelmannProfile.webp?fit=500%2C500&ssl=1\" \/>\n\t<meta property=\"og:image:width\" content=\"500\" \/>\n\t<meta property=\"og:image:height\" content=\"500\" \/>\n\t<meta property=\"og:image:type\" content=\"image\/webp\" \/>\n<meta name=\"author\" content=\"Gerson Guelmann\" \/>\n<meta name=\"twitter:card\" content=\"summary_large_image\" \/>\n<meta name=\"twitter:label1\" content=\"Escrito por\" \/>\n\t<meta name=\"twitter:data1\" content=\"Gerson Guelmann\" \/>\n<script type=\"application\/ld+json\" class=\"yoast-schema-graph\">{\"@context\":\"https:\\\/\\\/schema.org\",\"@graph\":[{\"@type\":\"Article\",\"@id\":\"https:\\\/\\\/gersonguelmann.com.br\\\/blog\\\/porque-o-rj-esta-do-jeito-que-esta\\\/#article\",\"isPartOf\":{\"@id\":\"https:\\\/\\\/gersonguelmann.com.br\\\/blog\\\/porque-o-rj-esta-do-jeito-que-esta\\\/\"},\"author\":{\"name\":\"Gerson Guelmann\",\"@id\":\"https:\\\/\\\/gersonguelmann.com.br\\\/blog\\\/#\\\/schema\\\/person\\\/87e70e2a786888082f941a482c90569e\"},\"headline\":\"Porque o RJ est\u00e1 do jeito que est\u00e1?\",\"datePublished\":\"2017-03-15T01:30:00+00:00\",\"mainEntityOfPage\":{\"@id\":\"https:\\\/\\\/gersonguelmann.com.br\\\/blog\\\/porque-o-rj-esta-do-jeito-que-esta\\\/\"},\"wordCount\":63,\"commentCount\":0,\"inLanguage\":\"pt-BR\",\"potentialAction\":[{\"@type\":\"CommentAction\",\"name\":\"Comment\",\"target\":[\"https:\\\/\\\/gersonguelmann.com.br\\\/blog\\\/porque-o-rj-esta-do-jeito-que-esta\\\/#respond\"]}]},{\"@type\":\"WebPage\",\"@id\":\"https:\\\/\\\/gersonguelmann.com.br\\\/blog\\\/porque-o-rj-esta-do-jeito-que-esta\\\/\",\"url\":\"https:\\\/\\\/gersonguelmann.com.br\\\/blog\\\/porque-o-rj-esta-do-jeito-que-esta\\\/\",\"name\":\"Porque o RJ est\u00e1 do jeito que est\u00e1? | Blog do Guelmann\",\"isPartOf\":{\"@id\":\"https:\\\/\\\/gersonguelmann.com.br\\\/blog\\\/#website\"},\"datePublished\":\"2017-03-15T01:30:00+00:00\",\"author\":{\"@id\":\"https:\\\/\\\/gersonguelmann.com.br\\\/blog\\\/#\\\/schema\\\/person\\\/87e70e2a786888082f941a482c90569e\"},\"inLanguage\":\"pt-BR\",\"potentialAction\":[{\"@type\":\"ReadAction\",\"target\":[\"https:\\\/\\\/gersonguelmann.com.br\\\/blog\\\/porque-o-rj-esta-do-jeito-que-esta\\\/\"]}]},{\"@type\":\"WebSite\",\"@id\":\"https:\\\/\\\/gersonguelmann.com.br\\\/blog\\\/#website\",\"url\":\"https:\\\/\\\/gersonguelmann.com.br\\\/blog\\\/\",\"name\":\"Blog do Guelmann\",\"description\":\"Pitadas da sabedoria e do humor judaicos, assuntos do momento e um pouco das hist\u00f3rias que vivi e testemunhei.\",\"potentialAction\":[{\"@type\":\"SearchAction\",\"target\":{\"@type\":\"EntryPoint\",\"urlTemplate\":\"https:\\\/\\\/gersonguelmann.com.br\\\/blog\\\/?s={search_term_string}\"},\"query-input\":{\"@type\":\"PropertyValueSpecification\",\"valueRequired\":true,\"valueName\":\"search_term_string\"}}],\"inLanguage\":\"pt-BR\"},{\"@type\":\"Person\",\"@id\":\"https:\\\/\\\/gersonguelmann.com.br\\\/blog\\\/#\\\/schema\\\/person\\\/87e70e2a786888082f941a482c90569e\",\"name\":\"Gerson Guelmann\",\"image\":{\"@type\":\"ImageObject\",\"inLanguage\":\"pt-BR\",\"@id\":\"https:\\\/\\\/i0.wp.com\\\/gersonguelmann.com.br\\\/blog\\\/wp-content\\\/uploads\\\/2021\\\/08\\\/BLOG.jpeg?fit=96%2C96&ssl=1\",\"url\":\"https:\\\/\\\/i0.wp.com\\\/gersonguelmann.com.br\\\/blog\\\/wp-content\\\/uploads\\\/2021\\\/08\\\/BLOG.jpeg?fit=96%2C96&ssl=1\",\"contentUrl\":\"https:\\\/\\\/i0.wp.com\\\/gersonguelmann.com.br\\\/blog\\\/wp-content\\\/uploads\\\/2021\\\/08\\\/BLOG.jpeg?fit=96%2C96&ssl=1\",\"caption\":\"Gerson Guelmann\"},\"description\":\"Pitadas da sabedoria e do humor judaicos, assuntos do momento e um pouco das hist\u00f3rias que vivi e testemunhei.\"}]}<\/script>\n<!-- \/ Yoast SEO plugin. -->","yoast_head_json":{"title":"Porque o RJ est\u00e1 do jeito que est\u00e1? | Blog do Guelmann","robots":{"index":"index","follow":"follow","max-snippet":"max-snippet:-1","max-image-preview":"max-image-preview:large","max-video-preview":"max-video-preview:-1"},"canonical":"https:\/\/gersonguelmann.com.br\/blog\/porque-o-rj-esta-do-jeito-que-esta\/","og_locale":"pt_BR","og_type":"article","og_title":"Porque o RJ est\u00e1 do jeito que est\u00e1? | Blog do Guelmann","og_description":"O cara &#233; Governador de um estado, n&#227;o estamos falando do gerente de uma espelunca qualquer. A&#237; inventa uma Secretaria para abrigar pessoa condenada em segunda inst&#226;ncia por improbidade administrativa. Um gestor desse tipo nos faz entender porque o RJ est&#225; do jeito que est&#225;. https:\/\/noticias.uol.com.br\/politica\/ultimas-noticias\/2017\/03\/14\/pezao-cancela-nomeacao-de-aliada-de-cunha-que-e-re-na-lava-jato.htm","og_url":"https:\/\/gersonguelmann.com.br\/blog\/porque-o-rj-esta-do-jeito-que-esta\/","og_site_name":"Blog do Guelmann","article_published_time":"2017-03-15T01:30:00+00:00","og_image":[{"width":500,"height":500,"url":"https:\/\/i0.wp.com\/gersonguelmann.com.br\/blog\/wp-content\/uploads\/2025\/11\/GersonGuelmannProfile.webp?fit=500%2C500&ssl=1","type":"image\/webp"}],"author":"Gerson Guelmann","twitter_card":"summary_large_image","twitter_misc":{"Escrito por":"Gerson Guelmann"},"schema":{"@context":"https:\/\/schema.org","@graph":[{"@type":"Article","@id":"https:\/\/gersonguelmann.com.br\/blog\/porque-o-rj-esta-do-jeito-que-esta\/#article","isPartOf":{"@id":"https:\/\/gersonguelmann.com.br\/blog\/porque-o-rj-esta-do-jeito-que-esta\/"},"author":{"name":"Gerson Guelmann","@id":"https:\/\/gersonguelmann.com.br\/blog\/#\/schema\/person\/87e70e2a786888082f941a482c90569e"},"headline":"Porque o RJ est\u00e1 do jeito que est\u00e1?","datePublished":"2017-03-15T01:30:00+00:00","mainEntityOfPage":{"@id":"https:\/\/gersonguelmann.com.br\/blog\/porque-o-rj-esta-do-jeito-que-esta\/"},"wordCount":63,"commentCount":0,"inLanguage":"pt-BR","potentialAction":[{"@type":"CommentAction","name":"Comment","target":["https:\/\/gersonguelmann.com.br\/blog\/porque-o-rj-esta-do-jeito-que-esta\/#respond"]}]},{"@type":"WebPage","@id":"https:\/\/gersonguelmann.com.br\/blog\/porque-o-rj-esta-do-jeito-que-esta\/","url":"https:\/\/gersonguelmann.com.br\/blog\/porque-o-rj-esta-do-jeito-que-esta\/","name":"Porque o RJ est\u00e1 do jeito que est\u00e1? | Blog do Guelmann","isPartOf":{"@id":"https:\/\/gersonguelmann.com.br\/blog\/#website"},"datePublished":"2017-03-15T01:30:00+00:00","author":{"@id":"https:\/\/gersonguelmann.com.br\/blog\/#\/schema\/person\/87e70e2a786888082f941a482c90569e"},"inLanguage":"pt-BR","potentialAction":[{"@type":"ReadAction","target":["https:\/\/gersonguelmann.com.br\/blog\/porque-o-rj-esta-do-jeito-que-esta\/"]}]},{"@type":"WebSite","@id":"https:\/\/gersonguelmann.com.br\/blog\/#website","url":"https:\/\/gersonguelmann.com.br\/blog\/","name":"Blog do Guelmann","description":"Pitadas da sabedoria e do humor judaicos, assuntos do momento e um pouco das hist\u00f3rias que vivi e testemunhei.","potentialAction":[{"@type":"SearchAction","target":{"@type":"EntryPoint","urlTemplate":"https:\/\/gersonguelmann.com.br\/blog\/?s={search_term_string}"},"query-input":{"@type":"PropertyValueSpecification","valueRequired":true,"valueName":"search_term_string"}}],"inLanguage":"pt-BR"},{"@type":"Person","@id":"https:\/\/gersonguelmann.com.br\/blog\/#\/schema\/person\/87e70e2a786888082f941a482c90569e","name":"Gerson Guelmann","image":{"@type":"ImageObject","inLanguage":"pt-BR","@id":"https:\/\/i0.wp.com\/gersonguelmann.com.br\/blog\/wp-content\/uploads\/2021\/08\/BLOG.jpeg?fit=96%2C96&ssl=1","url":"https:\/\/i0.wp.com\/gersonguelmann.com.br\/blog\/wp-content\/uploads\/2021\/08\/BLOG.jpeg?fit=96%2C96&ssl=1","contentUrl":"https:\/\/i0.wp.com\/gersonguelmann.com.br\/blog\/wp-content\/uploads\/2021\/08\/BLOG.jpeg?fit=96%2C96&ssl=1","caption":"Gerson Guelmann"},"description":"Pitadas da sabedoria e do humor judaicos, assuntos do momento e um pouco das hist\u00f3rias que vivi e testemunhei."}]}},"views":64,"jetpack_publicize_connections":[],"jetpack_featured_media_url":"","jetpack_shortlink":"https:\/\/wp.me\/p96e7O-4c","jetpack-related-posts":[{"id":682,"url":"https:\/\/gersonguelmann.com.br\/blog\/para-quem-acha-que-o-brasil-tem-jeito-e-nao-sabe-que-esta-enganado\/","url_meta":{"origin":260,"position":0},"title":"Para quem acha que o Brasil t\u00eam jeito e n\u00e3o sabe que est\u00e1 enganado","author":"Gerson Guelmann","date":"2 de agosto de 2017","format":false,"excerpt":"A tal For\u00e7a Nacional est\u00e1 atuando no Rio de Janeiro, como sabemos. O que a gente n\u00e3o sabia e os cariocas j\u00e1 perceberam, \u00e9 que os policiais \u201cbatem ponto\u201d, ou melhor, tem hor\u00e1rio de expediente, no melhor estilo brasileiro. Para exemplificar: na Linha Verde os roubos de carga aumentaram, porque\u2026","rel":"","context":"Em &quot;Sem categoria&quot;","block_context":{"text":"Sem categoria","link":"https:\/\/gersonguelmann.com.br\/blog\/category\/sem-categoria\/"},"img":{"alt_text":"","src":"https:\/\/i0.wp.com\/gersonguelmann.com.br\/blog\/wp-content\/uploads\/2017\/08\/For%C3%A7a-Nacional-201x300.jpg?resize=350%2C200&ssl=1","width":350,"height":200},"classes":[]},{"id":23506,"url":"https:\/\/gersonguelmann.com.br\/blog\/sexta-do-humor-e-da-cultura-judaica-izzy-chaskel-o-check-up-e-a-genealogia\/","url_meta":{"origin":260,"position":1},"title":"Sexta do Humor e da Cultura Judaica: Izzy Chaskel, o Check-Up e a Genealogia","author":"Gerson Guelmann","date":"2 de agosto de 2024","format":false,"excerpt":"Izzy Chaskel, o Check-Up e a Genealogia O m\u00e9dico que atendia Izzy Chaskel faleceu e quando chegou a \u00e9poca do check-up anual, ele procurou um novo cl\u00ednico. Terminado o exame, o m\u00e9dico lhe disse: - \u201cIzzy, voc\u00ea est\u00e1 em \u00f3tima forma para um homem de 60 anos. Vou requisitar exames\u2026","rel":"","context":"Em &quot;Sem categoria&quot;","block_context":{"text":"Sem categoria","link":"https:\/\/gersonguelmann.com.br\/blog\/category\/sem-categoria\/"},"img":{"alt_text":"","src":"https:\/\/i0.wp.com\/gersonguelmann.com.br\/blog\/wp-content\/uploads\/2024\/08\/HojePR.jpg?fit=1024%2C1024&ssl=1&resize=350%2C200","width":350,"height":200,"srcset":"https:\/\/i0.wp.com\/gersonguelmann.com.br\/blog\/wp-content\/uploads\/2024\/08\/HojePR.jpg?fit=1024%2C1024&ssl=1&resize=350%2C200 1x, https:\/\/i0.wp.com\/gersonguelmann.com.br\/blog\/wp-content\/uploads\/2024\/08\/HojePR.jpg?fit=1024%2C1024&ssl=1&resize=525%2C300 1.5x, https:\/\/i0.wp.com\/gersonguelmann.com.br\/blog\/wp-content\/uploads\/2024\/08\/HojePR.jpg?fit=1024%2C1024&ssl=1&resize=700%2C400 2x"},"classes":[]},{"id":12523,"url":"https:\/\/gersonguelmann.com.br\/blog\/os-sequilhos-de-goiaba-sao-bons-o-problema-e-comigo-mesmo\/","url_meta":{"origin":260,"position":2},"title":"Os Sequilhos de Goiabada S\u00e3o Bons, o Problema \u00e9 Comigo Mesmo","author":"Gerson Guelmann","date":"11 de mar\u00e7o de 2024","format":false,"excerpt":"Jonathan Ara\u00fajo, um Portugu\u00eas acerca de quem n\u00e3o consegui levantar mais informa\u00e7\u00f5es, escreveu nos idos de 2017 uma hist\u00f3ria excelente, que mostra como muitas vezes erramos ao tentar mudar as coisas e especialmente as pessoas, quando n\u00f3s mesmos \u00e9 que precisamos mudar, como ele pr\u00f3prio reconhece. Antes, uma explica\u00e7\u00e3o acerca\u2026","rel":"","context":"Em &quot;Sem categoria&quot;","block_context":{"text":"Sem categoria","link":"https:\/\/gersonguelmann.com.br\/blog\/category\/sem-categoria\/"},"img":{"alt_text":"","src":"https:\/\/i0.wp.com\/gersonguelmann.com.br\/blog\/wp-content\/uploads\/2018\/05\/Sequilhos.jpg?fit=1200%2C675&ssl=1&resize=350%2C200","width":350,"height":200,"srcset":"https:\/\/i0.wp.com\/gersonguelmann.com.br\/blog\/wp-content\/uploads\/2018\/05\/Sequilhos.jpg?fit=1200%2C675&ssl=1&resize=350%2C200 1x, https:\/\/i0.wp.com\/gersonguelmann.com.br\/blog\/wp-content\/uploads\/2018\/05\/Sequilhos.jpg?fit=1200%2C675&ssl=1&resize=525%2C300 1.5x, https:\/\/i0.wp.com\/gersonguelmann.com.br\/blog\/wp-content\/uploads\/2018\/05\/Sequilhos.jpg?fit=1200%2C675&ssl=1&resize=700%2C400 2x, https:\/\/i0.wp.com\/gersonguelmann.com.br\/blog\/wp-content\/uploads\/2018\/05\/Sequilhos.jpg?fit=1200%2C675&ssl=1&resize=1050%2C600 3x"},"classes":[]},{"id":19147,"url":"https:\/\/gersonguelmann.com.br\/blog\/pilulas-de-humor-judaico-19\/","url_meta":{"origin":260,"position":3},"title":"P\u00edlulas de Humor Judaico (19)","author":"Gerson Guelmann","date":"28 de abril de 2021","format":false,"excerpt":"\u00c9 Bom Estar Prevenido Schwartz estava sentado em seu quarto, usando apenas uma cartola, quando Steinberg, seu companheiro de apartamento, entrou:\u00a0 - \"Porque voc\u00ea est\u00e1 a\u00ed sentado, nu?\" - \"Qual \u00e9 o problema? Ningu\u00e9m vem nos visitar\" - respondeu Schwartz. E o amigo, sem entender, perguntou: - \"E para que\u2026","rel":"","context":"Em &quot;Sem categoria&quot;","block_context":{"text":"Sem categoria","link":"https:\/\/gersonguelmann.com.br\/blog\/category\/sem-categoria\/"},"img":{"alt_text":"","src":"https:\/\/i0.wp.com\/gersonguelmann.com.br\/blog\/wp-content\/uploads\/2019\/11\/Guarda-chuva.jpg?fit=800%2C1200&ssl=1&resize=350%2C200","width":350,"height":200,"srcset":"https:\/\/i0.wp.com\/gersonguelmann.com.br\/blog\/wp-content\/uploads\/2019\/11\/Guarda-chuva.jpg?fit=800%2C1200&ssl=1&resize=350%2C200 1x, https:\/\/i0.wp.com\/gersonguelmann.com.br\/blog\/wp-content\/uploads\/2019\/11\/Guarda-chuva.jpg?fit=800%2C1200&ssl=1&resize=525%2C300 1.5x, https:\/\/i0.wp.com\/gersonguelmann.com.br\/blog\/wp-content\/uploads\/2019\/11\/Guarda-chuva.jpg?fit=800%2C1200&ssl=1&resize=700%2C400 2x"},"classes":[]},{"id":7993,"url":"https:\/\/gersonguelmann.com.br\/blog\/mulher-do-rabino-viuvo\/","url_meta":{"origin":260,"position":4},"title":"A Mulher do Rabino Vi\u00favo","author":"Gerson Guelmann","date":"12 de janeiro de 2021","format":false,"excerpt":"Na sexta-feira, antes de come\u00e7ar o servi\u00e7o religioso da entrada do Shabat, Jac\u00f3 chegou perto de seu amigo Abra\u00e3o e disse: - \u201cVoc\u00ea pode me ajudar? Marquei um encontro com a mulher do Rabino e preciso que voc\u00ea d\u00ea um jeito de segurar ele aqui depois da cerimonia. Se conseguir\u2026","rel":"","context":"Em &quot;Sem categoria&quot;","block_context":{"text":"Sem categoria","link":"https:\/\/gersonguelmann.com.br\/blog\/category\/sem-categoria\/"},"img":{"alt_text":"","src":"https:\/\/i0.wp.com\/gersonguelmann.com.br\/blog\/wp-content\/uploads\/2018\/02\/Cemit%C3%A9rio.jpg?fit=960%2C622&ssl=1&resize=350%2C200","width":350,"height":200,"srcset":"https:\/\/i0.wp.com\/gersonguelmann.com.br\/blog\/wp-content\/uploads\/2018\/02\/Cemit%C3%A9rio.jpg?fit=960%2C622&ssl=1&resize=350%2C200 1x, https:\/\/i0.wp.com\/gersonguelmann.com.br\/blog\/wp-content\/uploads\/2018\/02\/Cemit%C3%A9rio.jpg?fit=960%2C622&ssl=1&resize=525%2C300 1.5x, https:\/\/i0.wp.com\/gersonguelmann.com.br\/blog\/wp-content\/uploads\/2018\/02\/Cemit%C3%A9rio.jpg?fit=960%2C622&ssl=1&resize=700%2C400 2x"},"classes":[]},{"id":9173,"url":"https:\/\/gersonguelmann.com.br\/blog\/amizade-inseparavel-vinicius-de-moraes-2\/","url_meta":{"origin":260,"position":5},"title":"Amizade Insepar\u00e1vel &#8211; Vinicius de Moraes","author":"Gerson Guelmann","date":"26 de fevereiro de 2018","format":false,"excerpt":"Amizade Insepar\u00e1vel Eu talvez n\u00e3o tenha muitos amigos. Mas os que eu tenho s\u00e3o os melhores que algu\u00e9m poderia ter. Al\u00e9m disso tenho sorte, porque os amigos que tenho t\u00eam muitos amigos e os dividem comigo. Assim o meu n\u00famero de amigos sempre aumenta, j\u00e1 que eu sempre ganho amigos\u2026","rel":"","context":"Em &quot;Sem categoria&quot;","block_context":{"text":"Sem categoria","link":"https:\/\/gersonguelmann.com.br\/blog\/category\/sem-categoria\/"},"img":{"alt_text":"","src":"https:\/\/i0.wp.com\/gersonguelmann.com.br\/blog\/wp-content\/uploads\/2018\/02\/VM-300x150.jpg?resize=350%2C200&ssl=1","width":350,"height":200},"classes":[]}],"jetpack_sharing_enabled":true,"post_mailing_queue_ids":[],"_links":{"self":[{"href":"https:\/\/gersonguelmann.com.br\/blog\/wp-json\/wp\/v2\/posts\/260","targetHints":{"allow":["GET"]}}],"collection":[{"href":"https:\/\/gersonguelmann.com.br\/blog\/wp-json\/wp\/v2\/posts"}],"about":[{"href":"https:\/\/gersonguelmann.com.br\/blog\/wp-json\/wp\/v2\/types\/post"}],"author":[{"embeddable":true,"href":"https:\/\/gersonguelmann.com.br\/blog\/wp-json\/wp\/v2\/users\/5"}],"replies":[{"embeddable":true,"href":"https:\/\/gersonguelmann.com.br\/blog\/wp-json\/wp\/v2\/comments?post=260"}],"version-history":[{"count":0,"href":"https:\/\/gersonguelmann.com.br\/blog\/wp-json\/wp\/v2\/posts\/260\/revisions"}],"wp:attachment":[{"href":"https:\/\/gersonguelmann.com.br\/blog\/wp-json\/wp\/v2\/media?parent=260"}],"wp:term":[{"taxonomy":"category","embeddable":true,"href":"https:\/\/gersonguelmann.com.br\/blog\/wp-json\/wp\/v2\/categories?post=260"},{"taxonomy":"post_tag","embeddable":true,"href":"https:\/\/gersonguelmann.com.br\/blog\/wp-json\/wp\/v2\/tags?post=260"}],"curies":[{"name":"wp","href":"https:\/\/api.w.org\/{rel}","templated":true}]}}