    {"id":263,"date":"2017-03-13T19:00:00","date_gmt":"2017-03-13T22:00:00","guid":{"rendered":"https:\/\/gersonguelmann.com.br\/blog\/nao-se-queixe\/"},"modified":"2017-03-13T19:00:00","modified_gmt":"2017-03-13T22:00:00","slug":"nao-se-queixe","status":"publish","type":"post","link":"https:\/\/gersonguelmann.com.br\/blog\/nao-se-queixe\/","title":{"rendered":"N\u00e3o se queixe!"},"content":{"rendered":"<p><span style=\"font-size: large;\">Se as coisas est\u00e3o dif\u00edceis para voc\u00ea, imagine para o marqueteiro do Boa Esporte&#8230;<\/span><br \/><span style=\"font-size: large;\"><br \/><\/span><a href=\"http:\/\/globoesporte.globo.com\/mg\/sul-de-minas\/futebol\/noticia\/2017\/03\/patrocinador-master-do-boa-esporte-e-3-retirar-patrocinio-ao-clube-de-mg.html\"><span style=\"font-size: large;\">http:\/\/globoesporte.globo.com\/mg\/sul-de-minas\/futebol\/noticia\/2017\/03\/patrocinador-master-do-boa-esporte-e-3-retirar-patrocinio-ao-clube-de-mg.html<\/span><\/a><\/p>\n","protected":false},"excerpt":{"rendered":"<p>Se as coisas est\u00e3o dif\u00edceis para voc\u00ea, imagine para o marqueteiro do Boa Esporte&#8230;http:\/\/globoesporte.globo.com\/mg\/sul-de-minas\/futebol\/noticia\/2017\/03\/patrocinador-master-do-boa-esporte-e-3-retirar-patrocinio-ao-clube-de-mg.html<\/p>\n","protected":false},"author":5,"featured_media":0,"comment_status":"open","ping_status":"open","sticky":false,"template":"","format":"standard","meta":{"_acf_changed":false,"jetpack_post_was_ever_published":false,"_jetpack_newsletter_access":"","_jetpack_dont_email_post_to_subs":false,"_jetpack_newsletter_tier_id":0,"_jetpack_memberships_contains_paywalled_content":false,"_jetpack_memberships_contains_paid_content":false,"footnotes":"","jetpack_publicize_message":"","jetpack_publicize_feature_enabled":true,"jetpack_social_post_already_shared":false,"jetpack_social_options":{"image_generator_settings":{"template":"highway","default_image_id":0,"font":"","enabled":false},"version":2}},"categories":[1],"tags":[],"class_list":["post-263","post","type-post","status-publish","format-standard","hentry","category-sem-categoria"],"acf":[],"yoast_head":"<!-- This site is optimized with the Yoast SEO plugin v27.3 - https:\/\/yoast.com\/product\/yoast-seo-wordpress\/ -->\n<title>N\u00e3o se queixe! | Blog do Guelmann<\/title>\n<meta name=\"robots\" content=\"index, follow, max-snippet:-1, max-image-preview:large, max-video-preview:-1\" \/>\n<link rel=\"canonical\" href=\"https:\/\/gersonguelmann.com.br\/blog\/nao-se-queixe\/\" \/>\n<meta property=\"og:locale\" content=\"pt_BR\" \/>\n<meta property=\"og:type\" content=\"article\" \/>\n<meta property=\"og:title\" content=\"N\u00e3o se queixe! | Blog do Guelmann\" \/>\n<meta property=\"og:description\" content=\"Se as coisas est\u00e3o dif\u00edceis para voc\u00ea, imagine para o marqueteiro do Boa Esporte&#8230;http:\/\/globoesporte.globo.com\/mg\/sul-de-minas\/futebol\/noticia\/2017\/03\/patrocinador-master-do-boa-esporte-e-3-retirar-patrocinio-ao-clube-de-mg.html\" \/>\n<meta property=\"og:url\" content=\"https:\/\/gersonguelmann.com.br\/blog\/nao-se-queixe\/\" \/>\n<meta property=\"og:site_name\" content=\"Blog do Guelmann\" \/>\n<meta property=\"article:published_time\" content=\"2017-03-13T22:00:00+00:00\" \/>\n<meta property=\"og:image\" content=\"https:\/\/i0.wp.com\/gersonguelmann.com.br\/blog\/wp-content\/uploads\/2025\/11\/GersonGuelmannProfile.webp?fit=500%2C500&ssl=1\" \/>\n\t<meta property=\"og:image:width\" content=\"500\" \/>\n\t<meta property=\"og:image:height\" content=\"500\" \/>\n\t<meta property=\"og:image:type\" content=\"image\/webp\" \/>\n<meta name=\"author\" content=\"Gerson Guelmann\" \/>\n<meta name=\"twitter:card\" content=\"summary_large_image\" \/>\n<meta name=\"twitter:label1\" content=\"Escrito por\" \/>\n\t<meta name=\"twitter:data1\" content=\"Gerson Guelmann\" \/>\n<script type=\"application\/ld+json\" class=\"yoast-schema-graph\">{\"@context\":\"https:\\\/\\\/schema.org\",\"@graph\":[{\"@type\":\"Article\",\"@id\":\"https:\\\/\\\/gersonguelmann.com.br\\\/blog\\\/nao-se-queixe\\\/#article\",\"isPartOf\":{\"@id\":\"https:\\\/\\\/gersonguelmann.com.br\\\/blog\\\/nao-se-queixe\\\/\"},\"author\":{\"name\":\"Gerson Guelmann\",\"@id\":\"https:\\\/\\\/gersonguelmann.com.br\\\/blog\\\/#\\\/schema\\\/person\\\/87e70e2a786888082f941a482c90569e\"},\"headline\":\"N\u00e3o se queixe!\",\"datePublished\":\"2017-03-13T22:00:00+00:00\",\"mainEntityOfPage\":{\"@id\":\"https:\\\/\\\/gersonguelmann.com.br\\\/blog\\\/nao-se-queixe\\\/\"},\"wordCount\":31,\"commentCount\":0,\"inLanguage\":\"pt-BR\",\"potentialAction\":[{\"@type\":\"CommentAction\",\"name\":\"Comment\",\"target\":[\"https:\\\/\\\/gersonguelmann.com.br\\\/blog\\\/nao-se-queixe\\\/#respond\"]}]},{\"@type\":\"WebPage\",\"@id\":\"https:\\\/\\\/gersonguelmann.com.br\\\/blog\\\/nao-se-queixe\\\/\",\"url\":\"https:\\\/\\\/gersonguelmann.com.br\\\/blog\\\/nao-se-queixe\\\/\",\"name\":\"N\u00e3o se queixe! | Blog do Guelmann\",\"isPartOf\":{\"@id\":\"https:\\\/\\\/gersonguelmann.com.br\\\/blog\\\/#website\"},\"datePublished\":\"2017-03-13T22:00:00+00:00\",\"author\":{\"@id\":\"https:\\\/\\\/gersonguelmann.com.br\\\/blog\\\/#\\\/schema\\\/person\\\/87e70e2a786888082f941a482c90569e\"},\"inLanguage\":\"pt-BR\",\"potentialAction\":[{\"@type\":\"ReadAction\",\"target\":[\"https:\\\/\\\/gersonguelmann.com.br\\\/blog\\\/nao-se-queixe\\\/\"]}]},{\"@type\":\"WebSite\",\"@id\":\"https:\\\/\\\/gersonguelmann.com.br\\\/blog\\\/#website\",\"url\":\"https:\\\/\\\/gersonguelmann.com.br\\\/blog\\\/\",\"name\":\"Blog do Guelmann\",\"description\":\"Pitadas da sabedoria e do humor judaicos, assuntos do momento e um pouco das hist\u00f3rias que vivi e testemunhei.\",\"potentialAction\":[{\"@type\":\"SearchAction\",\"target\":{\"@type\":\"EntryPoint\",\"urlTemplate\":\"https:\\\/\\\/gersonguelmann.com.br\\\/blog\\\/?s={search_term_string}\"},\"query-input\":{\"@type\":\"PropertyValueSpecification\",\"valueRequired\":true,\"valueName\":\"search_term_string\"}}],\"inLanguage\":\"pt-BR\"},{\"@type\":\"Person\",\"@id\":\"https:\\\/\\\/gersonguelmann.com.br\\\/blog\\\/#\\\/schema\\\/person\\\/87e70e2a786888082f941a482c90569e\",\"name\":\"Gerson Guelmann\",\"image\":{\"@type\":\"ImageObject\",\"inLanguage\":\"pt-BR\",\"@id\":\"https:\\\/\\\/i0.wp.com\\\/gersonguelmann.com.br\\\/blog\\\/wp-content\\\/uploads\\\/2021\\\/08\\\/BLOG.jpeg?fit=96%2C96&ssl=1\",\"url\":\"https:\\\/\\\/i0.wp.com\\\/gersonguelmann.com.br\\\/blog\\\/wp-content\\\/uploads\\\/2021\\\/08\\\/BLOG.jpeg?fit=96%2C96&ssl=1\",\"contentUrl\":\"https:\\\/\\\/i0.wp.com\\\/gersonguelmann.com.br\\\/blog\\\/wp-content\\\/uploads\\\/2021\\\/08\\\/BLOG.jpeg?fit=96%2C96&ssl=1\",\"caption\":\"Gerson Guelmann\"},\"description\":\"Pitadas da sabedoria e do humor judaicos, assuntos do momento e um pouco das hist\u00f3rias que vivi e testemunhei.\"}]}<\/script>\n<!-- \/ Yoast SEO plugin. -->","yoast_head_json":{"title":"N\u00e3o se queixe! | Blog do Guelmann","robots":{"index":"index","follow":"follow","max-snippet":"max-snippet:-1","max-image-preview":"max-image-preview:large","max-video-preview":"max-video-preview:-1"},"canonical":"https:\/\/gersonguelmann.com.br\/blog\/nao-se-queixe\/","og_locale":"pt_BR","og_type":"article","og_title":"N\u00e3o se queixe! | Blog do Guelmann","og_description":"Se as coisas est\u00e3o dif\u00edceis para voc\u00ea, imagine para o marqueteiro do Boa Esporte&#8230;http:\/\/globoesporte.globo.com\/mg\/sul-de-minas\/futebol\/noticia\/2017\/03\/patrocinador-master-do-boa-esporte-e-3-retirar-patrocinio-ao-clube-de-mg.html","og_url":"https:\/\/gersonguelmann.com.br\/blog\/nao-se-queixe\/","og_site_name":"Blog do Guelmann","article_published_time":"2017-03-13T22:00:00+00:00","og_image":[{"width":500,"height":500,"url":"https:\/\/i0.wp.com\/gersonguelmann.com.br\/blog\/wp-content\/uploads\/2025\/11\/GersonGuelmannProfile.webp?fit=500%2C500&ssl=1","type":"image\/webp"}],"author":"Gerson Guelmann","twitter_card":"summary_large_image","twitter_misc":{"Escrito por":"Gerson Guelmann"},"schema":{"@context":"https:\/\/schema.org","@graph":[{"@type":"Article","@id":"https:\/\/gersonguelmann.com.br\/blog\/nao-se-queixe\/#article","isPartOf":{"@id":"https:\/\/gersonguelmann.com.br\/blog\/nao-se-queixe\/"},"author":{"name":"Gerson Guelmann","@id":"https:\/\/gersonguelmann.com.br\/blog\/#\/schema\/person\/87e70e2a786888082f941a482c90569e"},"headline":"N\u00e3o se queixe!","datePublished":"2017-03-13T22:00:00+00:00","mainEntityOfPage":{"@id":"https:\/\/gersonguelmann.com.br\/blog\/nao-se-queixe\/"},"wordCount":31,"commentCount":0,"inLanguage":"pt-BR","potentialAction":[{"@type":"CommentAction","name":"Comment","target":["https:\/\/gersonguelmann.com.br\/blog\/nao-se-queixe\/#respond"]}]},{"@type":"WebPage","@id":"https:\/\/gersonguelmann.com.br\/blog\/nao-se-queixe\/","url":"https:\/\/gersonguelmann.com.br\/blog\/nao-se-queixe\/","name":"N\u00e3o se queixe! | Blog do Guelmann","isPartOf":{"@id":"https:\/\/gersonguelmann.com.br\/blog\/#website"},"datePublished":"2017-03-13T22:00:00+00:00","author":{"@id":"https:\/\/gersonguelmann.com.br\/blog\/#\/schema\/person\/87e70e2a786888082f941a482c90569e"},"inLanguage":"pt-BR","potentialAction":[{"@type":"ReadAction","target":["https:\/\/gersonguelmann.com.br\/blog\/nao-se-queixe\/"]}]},{"@type":"WebSite","@id":"https:\/\/gersonguelmann.com.br\/blog\/#website","url":"https:\/\/gersonguelmann.com.br\/blog\/","name":"Blog do Guelmann","description":"Pitadas da sabedoria e do humor judaicos, assuntos do momento e um pouco das hist\u00f3rias que vivi e testemunhei.","potentialAction":[{"@type":"SearchAction","target":{"@type":"EntryPoint","urlTemplate":"https:\/\/gersonguelmann.com.br\/blog\/?s={search_term_string}"},"query-input":{"@type":"PropertyValueSpecification","valueRequired":true,"valueName":"search_term_string"}}],"inLanguage":"pt-BR"},{"@type":"Person","@id":"https:\/\/gersonguelmann.com.br\/blog\/#\/schema\/person\/87e70e2a786888082f941a482c90569e","name":"Gerson Guelmann","image":{"@type":"ImageObject","inLanguage":"pt-BR","@id":"https:\/\/i0.wp.com\/gersonguelmann.com.br\/blog\/wp-content\/uploads\/2021\/08\/BLOG.jpeg?fit=96%2C96&ssl=1","url":"https:\/\/i0.wp.com\/gersonguelmann.com.br\/blog\/wp-content\/uploads\/2021\/08\/BLOG.jpeg?fit=96%2C96&ssl=1","contentUrl":"https:\/\/i0.wp.com\/gersonguelmann.com.br\/blog\/wp-content\/uploads\/2021\/08\/BLOG.jpeg?fit=96%2C96&ssl=1","caption":"Gerson Guelmann"},"description":"Pitadas da sabedoria e do humor judaicos, assuntos do momento e um pouco das hist\u00f3rias que vivi e testemunhei."}]}},"views":55,"jetpack_publicize_connections":[],"jetpack_featured_media_url":"","jetpack_shortlink":"https:\/\/wp.me\/p96e7O-4f","jetpack-related-posts":[{"id":1817,"url":"https:\/\/gersonguelmann.com.br\/blog\/mulheres-em-furia-no-futsal\/","url_meta":{"origin":263,"position":0},"title":"Mulheres Em F\u00faria no Futsal","author":"Gerson Guelmann","date":"19 de setembro de 2017","format":false,"excerpt":"Para quem acha que viol\u00eancia no esporte \u00e9 coisa s\u00f3 de homem, est\u00e1 rolando nas redes um v\u00eddeo que mostra que atletas mulheres tamb\u00e9m t\u00eam seus momentos de f\u00faria. Na disputa das semifinais do Campeonato Acreano de Futsal Feminino, dois anos atr\u00e1s, a jogadora Monique, do time do Montenegro, barbarizou,\u2026","rel":"","context":"Em &quot;Sem categoria&quot;","block_context":{"text":"Sem categoria","link":"https:\/\/gersonguelmann.com.br\/blog\/category\/sem-categoria\/"},"img":{"alt_text":"","src":"https:\/\/i0.wp.com\/gersonguelmann.com.br\/blog\/wp-content\/uploads\/2017\/09\/Futsal.jpg?fit=960%2C640&ssl=1&resize=350%2C200","width":350,"height":200,"srcset":"https:\/\/i0.wp.com\/gersonguelmann.com.br\/blog\/wp-content\/uploads\/2017\/09\/Futsal.jpg?fit=960%2C640&ssl=1&resize=350%2C200 1x, https:\/\/i0.wp.com\/gersonguelmann.com.br\/blog\/wp-content\/uploads\/2017\/09\/Futsal.jpg?fit=960%2C640&ssl=1&resize=525%2C300 1.5x, https:\/\/i0.wp.com\/gersonguelmann.com.br\/blog\/wp-content\/uploads\/2017\/09\/Futsal.jpg?fit=960%2C640&ssl=1&resize=700%2C400 2x"},"classes":[]},{"id":15303,"url":"https:\/\/gersonguelmann.com.br\/blog\/no-brasil-que-a-gente-nao-quer-dinheiro-para-corredor-de-formula-1\/","url_meta":{"origin":263,"position":1},"title":"No Brasil Que A Gente N\u00e3o Quer, Dinheiro Para Corredor de F\u00f3rmula 1","author":"Gerson Guelmann","date":"27 de novembro de 2018","format":false,"excerpt":"Caso voc\u00ea ainda n\u00e3o tenha tido nenhuma raz\u00e3o para se indignar, hoje, vou te dar um \u00f3timo motivo. \u00c9 mais uma dessas coisas abomin\u00e1veis que acontecem num pa\u00eds onde faltam escolas, hospitais, seguran\u00e7a, e, especialmente, vergonha na cara de alguns pol\u00edticos. \u00a0 Leia mat\u00e9ria publicada hoje no Blog Olhar Ol\u00edmpico:\u2026","rel":"","context":"Em &quot;Sem categoria&quot;","block_context":{"text":"Sem categoria","link":"https:\/\/gersonguelmann.com.br\/blog\/category\/sem-categoria\/"},"img":{"alt_text":"","src":"https:\/\/i0.wp.com\/gersonguelmann.com.br\/blog\/wp-content\/uploads\/2018\/11\/Copersucar-1.jpg?fit=800%2C600&ssl=1&resize=350%2C200","width":350,"height":200,"srcset":"https:\/\/i0.wp.com\/gersonguelmann.com.br\/blog\/wp-content\/uploads\/2018\/11\/Copersucar-1.jpg?fit=800%2C600&ssl=1&resize=350%2C200 1x, https:\/\/i0.wp.com\/gersonguelmann.com.br\/blog\/wp-content\/uploads\/2018\/11\/Copersucar-1.jpg?fit=800%2C600&ssl=1&resize=525%2C300 1.5x, https:\/\/i0.wp.com\/gersonguelmann.com.br\/blog\/wp-content\/uploads\/2018\/11\/Copersucar-1.jpg?fit=800%2C600&ssl=1&resize=700%2C400 2x"},"classes":[]},{"id":8181,"url":"https:\/\/gersonguelmann.com.br\/blog\/escalacao-de-time-de-varzea-segure-o-riso-se-conseguir\/","url_meta":{"origin":263,"position":2},"title":"Escala\u00e7\u00e3o de Time de V\u00e1rzea. Segure o Riso, Se Conseguir!","author":"Gerson Guelmann","date":"14 de agosto de 2023","format":false,"excerpt":"Foto: Pexels\u00a0 Para quem gosta de futebol (ou tem bom humor, mesmo que n\u00e3o aprecie o esporte), segue aqui uma escala\u00e7\u00e3o de time de futebol de v\u00e1rzea que faz sucesso h\u00e1 muitos anos. Detalhe: o T\u00e9cnico listou 12 jogadores, porque como todo mundo sabe nos jogos de v\u00e1rzea nem sempre\u2026","rel":"","context":"Em &quot;Sem categoria&quot;","block_context":{"text":"Sem categoria","link":"https:\/\/gersonguelmann.com.br\/blog\/category\/sem-categoria\/"},"img":{"alt_text":"","src":"https:\/\/i0.wp.com\/gersonguelmann.com.br\/blog\/wp-content\/uploads\/2023\/08\/HojePR-3-scaled.jpg?fit=800%2C1200&ssl=1&resize=350%2C200","width":350,"height":200,"srcset":"https:\/\/i0.wp.com\/gersonguelmann.com.br\/blog\/wp-content\/uploads\/2023\/08\/HojePR-3-scaled.jpg?fit=800%2C1200&ssl=1&resize=350%2C200 1x, https:\/\/i0.wp.com\/gersonguelmann.com.br\/blog\/wp-content\/uploads\/2023\/08\/HojePR-3-scaled.jpg?fit=800%2C1200&ssl=1&resize=525%2C300 1.5x, https:\/\/i0.wp.com\/gersonguelmann.com.br\/blog\/wp-content\/uploads\/2023\/08\/HojePR-3-scaled.jpg?fit=800%2C1200&ssl=1&resize=700%2C400 2x"},"classes":[]},{"id":11227,"url":"https:\/\/gersonguelmann.com.br\/blog\/momento-magico-do-futebol\/","url_meta":{"origin":263,"position":3},"title":"Momento M\u00e1gico do Futebol","author":"Gerson Guelmann","date":"4 de abril de 2018","format":false,"excerpt":"Ao assistir a repeti\u00e7\u00e3o do bel\u00edssimo gol do Cristiano Ronaldo, pensei na felicidade dos que estavam no est\u00e1dio ontem e puderam testemunhar a atua\u00e7\u00e3o, que passar\u00e1 para a hist\u00f3ria como um desses momentos m\u00e1gicos do futebol. Em tempos de instantaneidade e massifica\u00e7\u00e3o da informa\u00e7\u00e3o a gente chega a imaginar que\u2026","rel":"","context":"Em &quot;Sem categoria&quot;","block_context":{"text":"Sem categoria","link":"https:\/\/gersonguelmann.com.br\/blog\/category\/sem-categoria\/"},"img":{"alt_text":"","src":"https:\/\/i0.wp.com\/gersonguelmann.com.br\/blog\/wp-content\/uploads\/2018\/04\/CR-1-300x168.jpg?resize=350%2C200&ssl=1","width":350,"height":200},"classes":[]},{"id":2315,"url":"https:\/\/gersonguelmann.com.br\/blog\/moises-e-jesus-jogando-golfe\/","url_meta":{"origin":263,"position":4},"title":"Mois\u00e9s e Jesus Jogando Golfe","author":"Gerson Guelmann","date":"2 de outubro de 2017","format":false,"excerpt":"Mois\u00e9s, Jesus e um velhinho de barba est\u00e3o jogando golfe. Mois\u00e9s, o primeiro a jogar, pega o taco e bate na bola, que sobe alto e cai diretamente dentro do lago. Ele n\u00e3o se apavora: levanta calmamente o taco e as \u00e1guas se abrem, abrindo passagem para que d\u00ea uma\u2026","rel":"","context":"Em &quot;Sem categoria&quot;","block_context":{"text":"Sem categoria","link":"https:\/\/gersonguelmann.com.br\/blog\/category\/sem-categoria\/"},"img":{"alt_text":"","src":"https:\/\/i0.wp.com\/gersonguelmann.com.br\/blog\/wp-content\/uploads\/2017\/10\/Golf-1.jpg?fit=960%2C638&ssl=1&resize=350%2C200","width":350,"height":200,"srcset":"https:\/\/i0.wp.com\/gersonguelmann.com.br\/blog\/wp-content\/uploads\/2017\/10\/Golf-1.jpg?fit=960%2C638&ssl=1&resize=350%2C200 1x, https:\/\/i0.wp.com\/gersonguelmann.com.br\/blog\/wp-content\/uploads\/2017\/10\/Golf-1.jpg?fit=960%2C638&ssl=1&resize=525%2C300 1.5x, https:\/\/i0.wp.com\/gersonguelmann.com.br\/blog\/wp-content\/uploads\/2017\/10\/Golf-1.jpg?fit=960%2C638&ssl=1&resize=700%2C400 2x"},"classes":[]},{"id":16937,"url":"https:\/\/gersonguelmann.com.br\/blog\/ao-consolar-o-pai-derrotado-o-filho-emocionou-tambem-o-vencedor\/","url_meta":{"origin":263,"position":5},"title":"Ao Consolar o Pai Derrotado, o Filho Emocionou Tamb\u00e9m o Vencedor","author":"Gerson Guelmann","date":"30 de outubro de 2023","format":false,"excerpt":"Foto: Unsplash Dia 31\/05\/2019, em Roland Garros, o mundo do t\u00eanis foi brindado com uma cena que ficar\u00e1 gravada na mem\u00f3ria dos que amam o esporte e no cora\u00e7\u00e3o dos protagonistas. O franc\u00eas Nicolas Mahut, ent\u00e3o com 37 anos, 116\u00ba no ranking da ATP e que j\u00e1 tinha sido o\u2026","rel":"","context":"Em &quot;Sem categoria&quot;","block_context":{"text":"Sem categoria","link":"https:\/\/gersonguelmann.com.br\/blog\/category\/sem-categoria\/"},"img":{"alt_text":"","src":"https:\/\/i0.wp.com\/gersonguelmann.com.br\/blog\/wp-content\/uploads\/2019\/06\/HojePR-3-scaled.jpg?fit=1200%2C800&ssl=1&resize=350%2C200","width":350,"height":200,"srcset":"https:\/\/i0.wp.com\/gersonguelmann.com.br\/blog\/wp-content\/uploads\/2019\/06\/HojePR-3-scaled.jpg?fit=1200%2C800&ssl=1&resize=350%2C200 1x, https:\/\/i0.wp.com\/gersonguelmann.com.br\/blog\/wp-content\/uploads\/2019\/06\/HojePR-3-scaled.jpg?fit=1200%2C800&ssl=1&resize=525%2C300 1.5x, https:\/\/i0.wp.com\/gersonguelmann.com.br\/blog\/wp-content\/uploads\/2019\/06\/HojePR-3-scaled.jpg?fit=1200%2C800&ssl=1&resize=700%2C400 2x, https:\/\/i0.wp.com\/gersonguelmann.com.br\/blog\/wp-content\/uploads\/2019\/06\/HojePR-3-scaled.jpg?fit=1200%2C800&ssl=1&resize=1050%2C600 3x"},"classes":[]}],"jetpack_sharing_enabled":true,"post_mailing_queue_ids":[],"_links":{"self":[{"href":"https:\/\/gersonguelmann.com.br\/blog\/wp-json\/wp\/v2\/posts\/263","targetHints":{"allow":["GET"]}}],"collection":[{"href":"https:\/\/gersonguelmann.com.br\/blog\/wp-json\/wp\/v2\/posts"}],"about":[{"href":"https:\/\/gersonguelmann.com.br\/blog\/wp-json\/wp\/v2\/types\/post"}],"author":[{"embeddable":true,"href":"https:\/\/gersonguelmann.com.br\/blog\/wp-json\/wp\/v2\/users\/5"}],"replies":[{"embeddable":true,"href":"https:\/\/gersonguelmann.com.br\/blog\/wp-json\/wp\/v2\/comments?post=263"}],"version-history":[{"count":0,"href":"https:\/\/gersonguelmann.com.br\/blog\/wp-json\/wp\/v2\/posts\/263\/revisions"}],"wp:attachment":[{"href":"https:\/\/gersonguelmann.com.br\/blog\/wp-json\/wp\/v2\/media?parent=263"}],"wp:term":[{"taxonomy":"category","embeddable":true,"href":"https:\/\/gersonguelmann.com.br\/blog\/wp-json\/wp\/v2\/categories?post=263"},{"taxonomy":"post_tag","embeddable":true,"href":"https:\/\/gersonguelmann.com.br\/blog\/wp-json\/wp\/v2\/tags?post=263"}],"curies":[{"name":"wp","href":"https:\/\/api.w.org\/{rel}","templated":true}]}}