    {"id":2630,"date":"2017-10-08T20:58:56","date_gmt":"2017-10-08T23:58:56","guid":{"rendered":"https:\/\/gersonguelmann.com.br\/blog\/?p=2630"},"modified":"2017-10-08T20:58:56","modified_gmt":"2017-10-08T23:58:56","slug":"coloque-o-fred-tite","status":"publish","type":"post","link":"https:\/\/gersonguelmann.com.br\/blog\/coloque-o-fred-tite\/","title":{"rendered":"Coloque o Fred, Tite!"},"content":{"rendered":"<p><span style=\"font-family: tahoma, arial, helvetica, sans-serif; font-size: 14pt; color: #000000;\">Continuam as manifesta\u00e7\u00f5es da torcida brasileira em favor de uma nova escala\u00e7\u00e3o do time que enfrentar\u00e1 o Chile nesta 3a feira, pelas eliminat\u00f3rias da Copa do Mundo de 2018.<\/span><\/p>\n<p><span style=\"font-family: tahoma, arial, helvetica, sans-serif; font-size: 14pt; color: #000000;\">Como a Argentina s\u00f3 o se classificar\u00e1 para a Copa do Mundo na R\u00fassia se o Brasil ganhar do Chile,\u00a0<\/span><span style=\"font-family: tahoma, arial, helvetica, sans-serif; font-size: 14pt; color: #000000;\">os torcedores est\u00e3o se manifestando contra a &#8220;entrega&#8221;do jogo, mas d\u00e3o dicas ao t\u00e9cnico Tite acerca de quem deve jogar.<\/span><\/p>\n<p><span style=\"font-family: tahoma, arial, helvetica, sans-serif; font-size: 14pt; color: #000000;\">Este amigo, que se revela grande admirador de nossos irm\u00e3os argentinos, come\u00e7a\u00a0 dizendo &#8216;n\u00e3o&#8217; \u00e0 entrega. <\/span><\/p>\n<p><span style=\"font-family: tahoma, arial, helvetica, sans-serif; font-size: 14pt; color: #000000;\">Em seguida ele sugere que al\u00e9m do Muralha no gol, sejam aproveitados o Fred e alguns jogadores do Atl\u00e9tico Goianense, que o Dunga comande a sele\u00e7\u00e3o, que o time chileno jogue com a camisa do Corinthians e finalmente que o \u00e1rbitro seja um desses da CBF que costumam favorecer o time paulista.<\/span><\/p>\n<p><img data-recalc-dims=\"1\" fetchpriority=\"high\" decoding=\"async\" data-attachment-id=\"2632\" data-permalink=\"https:\/\/gersonguelmann.com.br\/blog\/coloque-o-fred-tite\/chile-2\/\" data-orig-file=\"https:\/\/i0.wp.com\/gersonguelmann.com.br\/blog\/wp-content\/uploads\/2017\/10\/Chile-1.jpg?fit=719%2C656&amp;ssl=1\" data-orig-size=\"719,656\" data-comments-opened=\"1\" data-image-meta=\"{&quot;aperture&quot;:&quot;0&quot;,&quot;credit&quot;:&quot;&quot;,&quot;camera&quot;:&quot;&quot;,&quot;caption&quot;:&quot;&quot;,&quot;created_timestamp&quot;:&quot;0&quot;,&quot;copyright&quot;:&quot;&quot;,&quot;focal_length&quot;:&quot;0&quot;,&quot;iso&quot;:&quot;0&quot;,&quot;shutter_speed&quot;:&quot;0&quot;,&quot;title&quot;:&quot;&quot;,&quot;orientation&quot;:&quot;0&quot;}\" data-image-title=\"Chile\" data-image-description=\"\" data-image-caption=\"\" data-medium-file=\"https:\/\/i0.wp.com\/gersonguelmann.com.br\/blog\/wp-content\/uploads\/2017\/10\/Chile-1.jpg?fit=300%2C274&amp;ssl=1\" data-large-file=\"https:\/\/i0.wp.com\/gersonguelmann.com.br\/blog\/wp-content\/uploads\/2017\/10\/Chile-1.jpg?fit=640%2C584&amp;ssl=1\" class=\"size-medium wp-image-2632 aligncenter\" src=\"https:\/\/i0.wp.com\/gersonguelmann.com.br\/blog\/wp-content\/uploads\/2017\/10\/Chile-1.jpg?resize=300%2C274&#038;ssl=1\" alt=\"\" width=\"300\" height=\"274\" srcset=\"https:\/\/i0.wp.com\/gersonguelmann.com.br\/blog\/wp-content\/uploads\/2017\/10\/Chile-1.jpg?resize=300%2C274&amp;ssl=1 300w, https:\/\/i0.wp.com\/gersonguelmann.com.br\/blog\/wp-content\/uploads\/2017\/10\/Chile-1.jpg?w=719&amp;ssl=1 719w\" sizes=\"(max-width: 300px) 100vw, 300px\" \/><\/p>\n","protected":false},"excerpt":{"rendered":"<p>Continuam as manifesta\u00e7\u00f5es da torcida brasileira em favor de uma nova escala\u00e7\u00e3o do time que enfrentar\u00e1 o Chile nesta 3a feira, pelas eliminat\u00f3rias da Copa do Mundo de 2018. Como a Argentina s\u00f3 o se classificar\u00e1 para a Copa do Mundo na R\u00fassia se o Brasil ganhar do Chile,\u00a0os torcedores est\u00e3o se manifestando contra a [&hellip;]<\/p>\n","protected":false},"author":5,"featured_media":2632,"comment_status":"open","ping_status":"open","sticky":false,"template":"","format":"standard","meta":{"_acf_changed":false,"jetpack_post_was_ever_published":false,"_jetpack_newsletter_access":"","_jetpack_dont_email_post_to_subs":false,"_jetpack_newsletter_tier_id":0,"_jetpack_memberships_contains_paywalled_content":false,"_jetpack_memberships_contains_paid_content":false,"footnotes":"","jetpack_publicize_message":"","jetpack_publicize_feature_enabled":true,"jetpack_social_post_already_shared":true,"jetpack_social_options":{"image_generator_settings":{"template":"highway","default_image_id":0,"font":"","enabled":false},"version":2}},"categories":[1],"tags":[],"class_list":["post-2630","post","type-post","status-publish","format-standard","has-post-thumbnail","hentry","category-sem-categoria"],"acf":[],"yoast_head":"<!-- This site is optimized with the Yoast SEO plugin v27.3 - https:\/\/yoast.com\/product\/yoast-seo-wordpress\/ -->\n<title>Coloque o Fred, Tite! | Blog do Guelmann<\/title>\n<meta name=\"robots\" content=\"index, follow, max-snippet:-1, max-image-preview:large, max-video-preview:-1\" \/>\n<link rel=\"canonical\" href=\"https:\/\/gersonguelmann.com.br\/blog\/coloque-o-fred-tite\/\" \/>\n<meta property=\"og:locale\" content=\"pt_BR\" \/>\n<meta property=\"og:type\" content=\"article\" \/>\n<meta property=\"og:title\" content=\"Coloque o Fred, Tite! | Blog do Guelmann\" \/>\n<meta property=\"og:description\" content=\"Continuam as manifesta\u00e7\u00f5es da torcida brasileira em favor de uma nova escala\u00e7\u00e3o do time que enfrentar\u00e1 o Chile nesta 3a feira, pelas eliminat\u00f3rias da Copa do Mundo de 2018. Como a Argentina s\u00f3 o se classificar\u00e1 para a Copa do Mundo na R\u00fassia se o Brasil ganhar do Chile,\u00a0os torcedores est\u00e3o se manifestando contra a [&hellip;]\" \/>\n<meta property=\"og:url\" content=\"https:\/\/gersonguelmann.com.br\/blog\/coloque-o-fred-tite\/\" \/>\n<meta property=\"og:site_name\" content=\"Blog do Guelmann\" \/>\n<meta property=\"article:published_time\" content=\"2017-10-08T23:58:56+00:00\" \/>\n<meta property=\"og:image\" content=\"https:\/\/i0.wp.com\/gersonguelmann.com.br\/blog\/wp-content\/uploads\/2017\/10\/Chile-1.jpg?fit=719%2C656&ssl=1\" \/>\n\t<meta property=\"og:image:width\" content=\"719\" \/>\n\t<meta property=\"og:image:height\" content=\"656\" \/>\n\t<meta property=\"og:image:type\" content=\"image\/jpeg\" \/>\n<meta name=\"author\" content=\"Gerson Guelmann\" \/>\n<meta name=\"twitter:card\" content=\"summary_large_image\" \/>\n<meta name=\"twitter:label1\" content=\"Escrito por\" \/>\n\t<meta name=\"twitter:data1\" content=\"Gerson Guelmann\" \/>\n\t<meta name=\"twitter:label2\" content=\"Est. tempo de leitura\" \/>\n\t<meta name=\"twitter:data2\" content=\"1 minuto\" \/>\n<script type=\"application\/ld+json\" class=\"yoast-schema-graph\">{\"@context\":\"https:\\\/\\\/schema.org\",\"@graph\":[{\"@type\":\"Article\",\"@id\":\"https:\\\/\\\/gersonguelmann.com.br\\\/blog\\\/coloque-o-fred-tite\\\/#article\",\"isPartOf\":{\"@id\":\"https:\\\/\\\/gersonguelmann.com.br\\\/blog\\\/coloque-o-fred-tite\\\/\"},\"author\":{\"name\":\"Gerson Guelmann\",\"@id\":\"https:\\\/\\\/gersonguelmann.com.br\\\/blog\\\/#\\\/schema\\\/person\\\/87e70e2a786888082f941a482c90569e\"},\"headline\":\"Coloque o Fred, Tite!\",\"datePublished\":\"2017-10-08T23:58:56+00:00\",\"mainEntityOfPage\":{\"@id\":\"https:\\\/\\\/gersonguelmann.com.br\\\/blog\\\/coloque-o-fred-tite\\\/\"},\"wordCount\":153,\"commentCount\":1,\"image\":{\"@id\":\"https:\\\/\\\/gersonguelmann.com.br\\\/blog\\\/coloque-o-fred-tite\\\/#primaryimage\"},\"thumbnailUrl\":\"https:\\\/\\\/i0.wp.com\\\/gersonguelmann.com.br\\\/blog\\\/wp-content\\\/uploads\\\/2017\\\/10\\\/Chile-1.jpg?fit=719%2C656&ssl=1\",\"inLanguage\":\"pt-BR\",\"potentialAction\":[{\"@type\":\"CommentAction\",\"name\":\"Comment\",\"target\":[\"https:\\\/\\\/gersonguelmann.com.br\\\/blog\\\/coloque-o-fred-tite\\\/#respond\"]}]},{\"@type\":\"WebPage\",\"@id\":\"https:\\\/\\\/gersonguelmann.com.br\\\/blog\\\/coloque-o-fred-tite\\\/\",\"url\":\"https:\\\/\\\/gersonguelmann.com.br\\\/blog\\\/coloque-o-fred-tite\\\/\",\"name\":\"Coloque o Fred, Tite! | Blog do Guelmann\",\"isPartOf\":{\"@id\":\"https:\\\/\\\/gersonguelmann.com.br\\\/blog\\\/#website\"},\"primaryImageOfPage\":{\"@id\":\"https:\\\/\\\/gersonguelmann.com.br\\\/blog\\\/coloque-o-fred-tite\\\/#primaryimage\"},\"image\":{\"@id\":\"https:\\\/\\\/gersonguelmann.com.br\\\/blog\\\/coloque-o-fred-tite\\\/#primaryimage\"},\"thumbnailUrl\":\"https:\\\/\\\/i0.wp.com\\\/gersonguelmann.com.br\\\/blog\\\/wp-content\\\/uploads\\\/2017\\\/10\\\/Chile-1.jpg?fit=719%2C656&ssl=1\",\"datePublished\":\"2017-10-08T23:58:56+00:00\",\"author\":{\"@id\":\"https:\\\/\\\/gersonguelmann.com.br\\\/blog\\\/#\\\/schema\\\/person\\\/87e70e2a786888082f941a482c90569e\"},\"inLanguage\":\"pt-BR\",\"potentialAction\":[{\"@type\":\"ReadAction\",\"target\":[\"https:\\\/\\\/gersonguelmann.com.br\\\/blog\\\/coloque-o-fred-tite\\\/\"]}]},{\"@type\":\"ImageObject\",\"inLanguage\":\"pt-BR\",\"@id\":\"https:\\\/\\\/gersonguelmann.com.br\\\/blog\\\/coloque-o-fred-tite\\\/#primaryimage\",\"url\":\"https:\\\/\\\/i0.wp.com\\\/gersonguelmann.com.br\\\/blog\\\/wp-content\\\/uploads\\\/2017\\\/10\\\/Chile-1.jpg?fit=719%2C656&ssl=1\",\"contentUrl\":\"https:\\\/\\\/i0.wp.com\\\/gersonguelmann.com.br\\\/blog\\\/wp-content\\\/uploads\\\/2017\\\/10\\\/Chile-1.jpg?fit=719%2C656&ssl=1\",\"width\":719,\"height\":656},{\"@type\":\"WebSite\",\"@id\":\"https:\\\/\\\/gersonguelmann.com.br\\\/blog\\\/#website\",\"url\":\"https:\\\/\\\/gersonguelmann.com.br\\\/blog\\\/\",\"name\":\"Blog do Guelmann\",\"description\":\"Pitadas da sabedoria e do humor judaicos, assuntos do momento e um pouco das hist\u00f3rias que vivi e testemunhei.\",\"potentialAction\":[{\"@type\":\"SearchAction\",\"target\":{\"@type\":\"EntryPoint\",\"urlTemplate\":\"https:\\\/\\\/gersonguelmann.com.br\\\/blog\\\/?s={search_term_string}\"},\"query-input\":{\"@type\":\"PropertyValueSpecification\",\"valueRequired\":true,\"valueName\":\"search_term_string\"}}],\"inLanguage\":\"pt-BR\"},{\"@type\":\"Person\",\"@id\":\"https:\\\/\\\/gersonguelmann.com.br\\\/blog\\\/#\\\/schema\\\/person\\\/87e70e2a786888082f941a482c90569e\",\"name\":\"Gerson Guelmann\",\"image\":{\"@type\":\"ImageObject\",\"inLanguage\":\"pt-BR\",\"@id\":\"https:\\\/\\\/i0.wp.com\\\/gersonguelmann.com.br\\\/blog\\\/wp-content\\\/uploads\\\/2021\\\/08\\\/BLOG.jpeg?fit=96%2C96&ssl=1\",\"url\":\"https:\\\/\\\/i0.wp.com\\\/gersonguelmann.com.br\\\/blog\\\/wp-content\\\/uploads\\\/2021\\\/08\\\/BLOG.jpeg?fit=96%2C96&ssl=1\",\"contentUrl\":\"https:\\\/\\\/i0.wp.com\\\/gersonguelmann.com.br\\\/blog\\\/wp-content\\\/uploads\\\/2021\\\/08\\\/BLOG.jpeg?fit=96%2C96&ssl=1\",\"caption\":\"Gerson Guelmann\"},\"description\":\"Pitadas da sabedoria e do humor judaicos, assuntos do momento e um pouco das hist\u00f3rias que vivi e testemunhei.\"}]}<\/script>\n<!-- \/ Yoast SEO plugin. -->","yoast_head_json":{"title":"Coloque o Fred, Tite! | Blog do Guelmann","robots":{"index":"index","follow":"follow","max-snippet":"max-snippet:-1","max-image-preview":"max-image-preview:large","max-video-preview":"max-video-preview:-1"},"canonical":"https:\/\/gersonguelmann.com.br\/blog\/coloque-o-fred-tite\/","og_locale":"pt_BR","og_type":"article","og_title":"Coloque o Fred, Tite! | Blog do Guelmann","og_description":"Continuam as manifesta\u00e7\u00f5es da torcida brasileira em favor de uma nova escala\u00e7\u00e3o do time que enfrentar\u00e1 o Chile nesta 3a feira, pelas eliminat\u00f3rias da Copa do Mundo de 2018. Como a Argentina s\u00f3 o se classificar\u00e1 para a Copa do Mundo na R\u00fassia se o Brasil ganhar do Chile,\u00a0os torcedores est\u00e3o se manifestando contra a [&hellip;]","og_url":"https:\/\/gersonguelmann.com.br\/blog\/coloque-o-fred-tite\/","og_site_name":"Blog do Guelmann","article_published_time":"2017-10-08T23:58:56+00:00","og_image":[{"width":719,"height":656,"url":"https:\/\/i0.wp.com\/gersonguelmann.com.br\/blog\/wp-content\/uploads\/2017\/10\/Chile-1.jpg?fit=719%2C656&ssl=1","type":"image\/jpeg"}],"author":"Gerson Guelmann","twitter_card":"summary_large_image","twitter_misc":{"Escrito por":"Gerson Guelmann","Est. tempo de leitura":"1 minuto"},"schema":{"@context":"https:\/\/schema.org","@graph":[{"@type":"Article","@id":"https:\/\/gersonguelmann.com.br\/blog\/coloque-o-fred-tite\/#article","isPartOf":{"@id":"https:\/\/gersonguelmann.com.br\/blog\/coloque-o-fred-tite\/"},"author":{"name":"Gerson Guelmann","@id":"https:\/\/gersonguelmann.com.br\/blog\/#\/schema\/person\/87e70e2a786888082f941a482c90569e"},"headline":"Coloque o Fred, Tite!","datePublished":"2017-10-08T23:58:56+00:00","mainEntityOfPage":{"@id":"https:\/\/gersonguelmann.com.br\/blog\/coloque-o-fred-tite\/"},"wordCount":153,"commentCount":1,"image":{"@id":"https:\/\/gersonguelmann.com.br\/blog\/coloque-o-fred-tite\/#primaryimage"},"thumbnailUrl":"https:\/\/i0.wp.com\/gersonguelmann.com.br\/blog\/wp-content\/uploads\/2017\/10\/Chile-1.jpg?fit=719%2C656&ssl=1","inLanguage":"pt-BR","potentialAction":[{"@type":"CommentAction","name":"Comment","target":["https:\/\/gersonguelmann.com.br\/blog\/coloque-o-fred-tite\/#respond"]}]},{"@type":"WebPage","@id":"https:\/\/gersonguelmann.com.br\/blog\/coloque-o-fred-tite\/","url":"https:\/\/gersonguelmann.com.br\/blog\/coloque-o-fred-tite\/","name":"Coloque o Fred, Tite! | Blog do Guelmann","isPartOf":{"@id":"https:\/\/gersonguelmann.com.br\/blog\/#website"},"primaryImageOfPage":{"@id":"https:\/\/gersonguelmann.com.br\/blog\/coloque-o-fred-tite\/#primaryimage"},"image":{"@id":"https:\/\/gersonguelmann.com.br\/blog\/coloque-o-fred-tite\/#primaryimage"},"thumbnailUrl":"https:\/\/i0.wp.com\/gersonguelmann.com.br\/blog\/wp-content\/uploads\/2017\/10\/Chile-1.jpg?fit=719%2C656&ssl=1","datePublished":"2017-10-08T23:58:56+00:00","author":{"@id":"https:\/\/gersonguelmann.com.br\/blog\/#\/schema\/person\/87e70e2a786888082f941a482c90569e"},"inLanguage":"pt-BR","potentialAction":[{"@type":"ReadAction","target":["https:\/\/gersonguelmann.com.br\/blog\/coloque-o-fred-tite\/"]}]},{"@type":"ImageObject","inLanguage":"pt-BR","@id":"https:\/\/gersonguelmann.com.br\/blog\/coloque-o-fred-tite\/#primaryimage","url":"https:\/\/i0.wp.com\/gersonguelmann.com.br\/blog\/wp-content\/uploads\/2017\/10\/Chile-1.jpg?fit=719%2C656&ssl=1","contentUrl":"https:\/\/i0.wp.com\/gersonguelmann.com.br\/blog\/wp-content\/uploads\/2017\/10\/Chile-1.jpg?fit=719%2C656&ssl=1","width":719,"height":656},{"@type":"WebSite","@id":"https:\/\/gersonguelmann.com.br\/blog\/#website","url":"https:\/\/gersonguelmann.com.br\/blog\/","name":"Blog do Guelmann","description":"Pitadas da sabedoria e do humor judaicos, assuntos do momento e um pouco das hist\u00f3rias que vivi e testemunhei.","potentialAction":[{"@type":"SearchAction","target":{"@type":"EntryPoint","urlTemplate":"https:\/\/gersonguelmann.com.br\/blog\/?s={search_term_string}"},"query-input":{"@type":"PropertyValueSpecification","valueRequired":true,"valueName":"search_term_string"}}],"inLanguage":"pt-BR"},{"@type":"Person","@id":"https:\/\/gersonguelmann.com.br\/blog\/#\/schema\/person\/87e70e2a786888082f941a482c90569e","name":"Gerson Guelmann","image":{"@type":"ImageObject","inLanguage":"pt-BR","@id":"https:\/\/i0.wp.com\/gersonguelmann.com.br\/blog\/wp-content\/uploads\/2021\/08\/BLOG.jpeg?fit=96%2C96&ssl=1","url":"https:\/\/i0.wp.com\/gersonguelmann.com.br\/blog\/wp-content\/uploads\/2021\/08\/BLOG.jpeg?fit=96%2C96&ssl=1","contentUrl":"https:\/\/i0.wp.com\/gersonguelmann.com.br\/blog\/wp-content\/uploads\/2021\/08\/BLOG.jpeg?fit=96%2C96&ssl=1","caption":"Gerson Guelmann"},"description":"Pitadas da sabedoria e do humor judaicos, assuntos do momento e um pouco das hist\u00f3rias que vivi e testemunhei."}]}},"views":23,"jetpack_publicize_connections":[],"jetpack_featured_media_url":"https:\/\/i0.wp.com\/gersonguelmann.com.br\/blog\/wp-content\/uploads\/2017\/10\/Chile-1.jpg?fit=719%2C656&ssl=1","jetpack_shortlink":"https:\/\/wp.me\/p96e7O-Gq","jetpack-related-posts":[{"id":2518,"url":"https:\/\/gersonguelmann.com.br\/blog\/da-uma-chance-ao-muralha-tite\/","url_meta":{"origin":2630,"position":0},"title":"D\u00e1 Uma Chance Pro Muralha, Tite!","author":"Gerson Guelmann","date":"6 de outubro de 2017","format":false,"excerpt":"Come\u00e7ou a circular nas redes uma campanha chamada \"D\u00e1 Uma Chance pro Muralha, Tite!\" com a seguinte justificativa: - \"Depois dos resultados de ontem pelas Eliminat\u00f3rias da Copa do Mundo, o Chile disputar\u00e1 uma vaga com a Argentina. O Brasil enfrentar\u00e1 o Chile ter\u00e7a feira. Entregar o jogo \u00e9 anti-esportivo,\u2026","rel":"","context":"Em &quot;Sem categoria&quot;","block_context":{"text":"Sem categoria","link":"https:\/\/gersonguelmann.com.br\/blog\/category\/sem-categoria\/"},"img":{"alt_text":"","src":"https:\/\/i0.wp.com\/gersonguelmann.com.br\/blog\/wp-content\/uploads\/2017\/10\/Muralha.jpg?resize=350%2C200&ssl=1","width":350,"height":200},"classes":[]},{"id":13882,"url":"https:\/\/gersonguelmann.com.br\/blog\/voce-torce-contra-a-selecao-saiba-que-nao-esta-sozinho\/","url_meta":{"origin":2630,"position":1},"title":"Voc\u00ea Torce Contra a Sele\u00e7\u00e3o? Saiba Que N\u00e3o Est\u00e1 Sozinho!","author":"Gerson Guelmann","date":"12 de junho de 2018","format":false,"excerpt":"Boa mat\u00e9ria do El Pa\u00eds, publicada ontem: COPA DO MUNDO R\u00daSSIA 2018 Por que tanta gente torce contra a sele\u00e7\u00e3o No pa\u00eds do futebol, um batalh\u00e3o promete secar o Brasil na Copa pelos mais diversos motivos, que nada t\u00eam a ver com antipatriotismo S\u00e3o Paulo\u00a012 JUN 2018 - 00:37 CEST\u2026","rel":"","context":"Em &quot;Sem categoria&quot;","block_context":{"text":"Sem categoria","link":"https:\/\/gersonguelmann.com.br\/blog\/category\/sem-categoria\/"},"img":{"alt_text":"","src":"https:\/\/i0.wp.com\/gersonguelmann.com.br\/blog\/wp-content\/uploads\/2018\/06\/Copa.jpg?fit=1200%2C747&ssl=1&resize=350%2C200","width":350,"height":200,"srcset":"https:\/\/i0.wp.com\/gersonguelmann.com.br\/blog\/wp-content\/uploads\/2018\/06\/Copa.jpg?fit=1200%2C747&ssl=1&resize=350%2C200 1x, https:\/\/i0.wp.com\/gersonguelmann.com.br\/blog\/wp-content\/uploads\/2018\/06\/Copa.jpg?fit=1200%2C747&ssl=1&resize=525%2C300 1.5x, https:\/\/i0.wp.com\/gersonguelmann.com.br\/blog\/wp-content\/uploads\/2018\/06\/Copa.jpg?fit=1200%2C747&ssl=1&resize=700%2C400 2x, https:\/\/i0.wp.com\/gersonguelmann.com.br\/blog\/wp-content\/uploads\/2018\/06\/Copa.jpg?fit=1200%2C747&ssl=1&resize=1050%2C600 3x"},"classes":[]},{"id":14115,"url":"https:\/\/gersonguelmann.com.br\/blog\/so-deixaremos-de-ser-um-fracasso-depois-das-eleicoes-e-nao-apos-a-copa\/","url_meta":{"origin":2630,"position":2},"title":"S\u00f3 Deixaremos de Ser um Fracasso Depois das Elei\u00e7\u00f5es, e N\u00e3o Ap\u00f3s a Copa","author":"Gerson Guelmann","date":"19 de junho de 2018","format":false,"excerpt":"A incr\u00edvel escritora Martha Medeiros publicou mais uma de suas cr\u00f4nicas na coluna que mant\u00e9m no site Donna, cuja s\u00edntese est\u00e1 j\u00e1 no t\u00edtulo: Martha Medeiros: \u201cS\u00f3 come\u00e7aremos a deixar de ser um fracasso a partir das elei\u00e7\u00f5es, e n\u00e3o pelo resultado da Copa\u201d Ilustra\u00e7\u00e3o: Gilmar Fraga \u00a0 Postado por\u00a0Martha\u2026","rel":"","context":"Em &quot;Sem categoria&quot;","block_context":{"text":"Sem categoria","link":"https:\/\/gersonguelmann.com.br\/blog\/category\/sem-categoria\/"},"img":{"alt_text":"","src":"https:\/\/i0.wp.com\/gersonguelmann.com.br\/blog\/wp-content\/uploads\/2018\/06\/mm.jpg?fit=1024%2C678&ssl=1&resize=350%2C200","width":350,"height":200,"srcset":"https:\/\/i0.wp.com\/gersonguelmann.com.br\/blog\/wp-content\/uploads\/2018\/06\/mm.jpg?fit=1024%2C678&ssl=1&resize=350%2C200 1x, https:\/\/i0.wp.com\/gersonguelmann.com.br\/blog\/wp-content\/uploads\/2018\/06\/mm.jpg?fit=1024%2C678&ssl=1&resize=525%2C300 1.5x, https:\/\/i0.wp.com\/gersonguelmann.com.br\/blog\/wp-content\/uploads\/2018\/06\/mm.jpg?fit=1024%2C678&ssl=1&resize=700%2C400 2x"},"classes":[]},{"id":14153,"url":"https:\/\/gersonguelmann.com.br\/blog\/o-patriotismo-que-se-revela-na-copa-do-mundo\/","url_meta":{"origin":2630,"position":3},"title":"O Patriotismo Que Se Revela na Copa do Mundo","author":"Gerson Guelmann","date":"20 de junho de 2018","format":false,"excerpt":"Ainda ontem comentava com a Rosane que este ano n\u00e3o se v\u00ea aquelas manifesta\u00e7\u00f5es comuns em outras Copas do Mundo e que chamo de \"patriotismo de chuteiras\".\u00a0 Claro que a \u00faltima, por ter sido aqui no Brasil, envolveu muito mais a popula\u00e7\u00e3o, at\u00e9 porque as cidades-sede tinham mais movimento, mas\u2026","rel":"","context":"Em &quot;Sem categoria&quot;","block_context":{"text":"Sem categoria","link":"https:\/\/gersonguelmann.com.br\/blog\/category\/sem-categoria\/"},"img":{"alt_text":"","src":"https:\/\/i0.wp.com\/gersonguelmann.com.br\/blog\/wp-content\/uploads\/2018\/06\/Brasil.jpg?fit=1200%2C1078&ssl=1&resize=350%2C200","width":350,"height":200,"srcset":"https:\/\/i0.wp.com\/gersonguelmann.com.br\/blog\/wp-content\/uploads\/2018\/06\/Brasil.jpg?fit=1200%2C1078&ssl=1&resize=350%2C200 1x, https:\/\/i0.wp.com\/gersonguelmann.com.br\/blog\/wp-content\/uploads\/2018\/06\/Brasil.jpg?fit=1200%2C1078&ssl=1&resize=525%2C300 1.5x, https:\/\/i0.wp.com\/gersonguelmann.com.br\/blog\/wp-content\/uploads\/2018\/06\/Brasil.jpg?fit=1200%2C1078&ssl=1&resize=700%2C400 2x, https:\/\/i0.wp.com\/gersonguelmann.com.br\/blog\/wp-content\/uploads\/2018\/06\/Brasil.jpg?fit=1200%2C1078&ssl=1&resize=1050%2C600 3x"},"classes":[]},{"id":14528,"url":"https:\/\/gersonguelmann.com.br\/blog\/os-mais-temiveis-adversarios-do-brasil-na-copa-do-mundo\/","url_meta":{"origin":2630,"position":4},"title":"Os Mais Tem\u00edveis Advers\u00e1rios do Brasil na Copa do Mundo","author":"Gerson Guelmann","date":"5 de julho de 2018","format":false,"excerpt":"Jo\u00e3o Mendon\u00e7a Falc\u00e3o (1918-1997) foi um pol\u00edtico paulista e\u00a0tamb\u00e9m presidente da Federa\u00e7\u00e3o Paulista de Futebol.\u00a0 De fam\u00edlia humilde e pouca instru\u00e7\u00e3o, foi motorneiro de bondes da antiga CMTC, a Companhia Municipal de Transportes Coletivos de S\u00e3o Paulo, e chegou a ser prefeito de Guarulhos, deputado estadual e federal. Na condi\u00e7\u00e3o\u2026","rel":"","context":"Em &quot;Sem categoria&quot;","block_context":{"text":"Sem categoria","link":"https:\/\/gersonguelmann.com.br\/blog\/category\/sem-categoria\/"},"img":{"alt_text":"","src":"https:\/\/i0.wp.com\/gersonguelmann.com.br\/blog\/wp-content\/uploads\/2018\/07\/2018-300x151.jpg?resize=350%2C200&ssl=1","width":350,"height":200},"classes":[]},{"id":14448,"url":"https:\/\/gersonguelmann.com.br\/blog\/de-pelotas-a-copa-do-mundo-de-fusca\/","url_meta":{"origin":2630,"position":5},"title":"De Pelotas \u00e0 Copa do Mundo de Fusca","author":"Gerson Guelmann","date":"3 de julho de 2018","format":false,"excerpt":"Olha s\u00f3 o que o esp\u00edrito aventureiro de um ga\u00facho de Pelotas o levou a fazer, como conta mat\u00e9ria d'O Estado de S\u00e3o Paulo: Brasileiros v\u00e3o \u00e0 R\u00fassia de Fusca para acompanhar a sele\u00e7\u00e3o Casal obteve por meio de financiamento coletivo dinheiro para aventura que surgiu ap\u00f3s o fracasso do\u2026","rel":"","context":"Em &quot;Sem categoria&quot;","block_context":{"text":"Sem categoria","link":"https:\/\/gersonguelmann.com.br\/blog\/category\/sem-categoria\/"},"img":{"alt_text":"","src":"https:\/\/i0.wp.com\/gersonguelmann.com.br\/blog\/wp-content\/uploads\/2018\/07\/HERMITAGE-2.jpg?fit=1200%2C900&ssl=1&resize=350%2C200","width":350,"height":200,"srcset":"https:\/\/i0.wp.com\/gersonguelmann.com.br\/blog\/wp-content\/uploads\/2018\/07\/HERMITAGE-2.jpg?fit=1200%2C900&ssl=1&resize=350%2C200 1x, https:\/\/i0.wp.com\/gersonguelmann.com.br\/blog\/wp-content\/uploads\/2018\/07\/HERMITAGE-2.jpg?fit=1200%2C900&ssl=1&resize=525%2C300 1.5x, https:\/\/i0.wp.com\/gersonguelmann.com.br\/blog\/wp-content\/uploads\/2018\/07\/HERMITAGE-2.jpg?fit=1200%2C900&ssl=1&resize=700%2C400 2x, https:\/\/i0.wp.com\/gersonguelmann.com.br\/blog\/wp-content\/uploads\/2018\/07\/HERMITAGE-2.jpg?fit=1200%2C900&ssl=1&resize=1050%2C600 3x"},"classes":[]}],"jetpack_sharing_enabled":true,"post_mailing_queue_ids":[],"_links":{"self":[{"href":"https:\/\/gersonguelmann.com.br\/blog\/wp-json\/wp\/v2\/posts\/2630","targetHints":{"allow":["GET"]}}],"collection":[{"href":"https:\/\/gersonguelmann.com.br\/blog\/wp-json\/wp\/v2\/posts"}],"about":[{"href":"https:\/\/gersonguelmann.com.br\/blog\/wp-json\/wp\/v2\/types\/post"}],"author":[{"embeddable":true,"href":"https:\/\/gersonguelmann.com.br\/blog\/wp-json\/wp\/v2\/users\/5"}],"replies":[{"embeddable":true,"href":"https:\/\/gersonguelmann.com.br\/blog\/wp-json\/wp\/v2\/comments?post=2630"}],"version-history":[{"count":0,"href":"https:\/\/gersonguelmann.com.br\/blog\/wp-json\/wp\/v2\/posts\/2630\/revisions"}],"wp:featuredmedia":[{"embeddable":true,"href":"https:\/\/gersonguelmann.com.br\/blog\/wp-json\/wp\/v2\/media\/2632"}],"wp:attachment":[{"href":"https:\/\/gersonguelmann.com.br\/blog\/wp-json\/wp\/v2\/media?parent=2630"}],"wp:term":[{"taxonomy":"category","embeddable":true,"href":"https:\/\/gersonguelmann.com.br\/blog\/wp-json\/wp\/v2\/categories?post=2630"},{"taxonomy":"post_tag","embeddable":true,"href":"https:\/\/gersonguelmann.com.br\/blog\/wp-json\/wp\/v2\/tags?post=2630"}],"curies":[{"name":"wp","href":"https:\/\/api.w.org\/{rel}","templated":true}]}}