    {"id":26596,"date":"2026-02-11T17:19:40","date_gmt":"2026-02-11T20:19:40","guid":{"rendered":"https:\/\/gersonguelmann.com.br\/blog\/?p=26596"},"modified":"2026-02-12T10:57:32","modified_gmt":"2026-02-12T13:57:32","slug":"tres-na-quarta-de-humor-judaico-76","status":"publish","type":"post","link":"https:\/\/gersonguelmann.com.br\/blog\/tres-na-quarta-de-humor-judaico-76\/","title":{"rendered":"Tr\u00eas na Quarta de Humor Judaico"},"content":{"rendered":"<p><span style=\"color: #000000; font-family: tahoma, arial, helvetica, sans-serif; font-size: 18pt;\"><em><strong>Resumo dos Feriados Judaicos<\/strong><\/em><\/span><br \/>\n<span style=\"color: #000000; font-family: tahoma, arial, helvetica, sans-serif; font-size: 18pt;\">De acordo com um profundo conhecedor dos costumes, os feriados da religi\u00e3o judaica podem ser definidos em uma \u00fanica frase:<br \/>\n&#8211; \u201cEles tentaram nos matar, n\u00f3s ganhamos, vamos comer.\u201d<\/span><\/p>\n<p><span style=\"color: #000000; font-family: tahoma, arial, helvetica, sans-serif; font-size: 18pt;\"><em><strong>Um Exemplo a Seguir<br \/>\n<\/strong><\/em>Na rua, um maltrapilho abordou uma mulher judia:<\/span><br \/>\n<span style=\"color: #000000; font-family: tahoma, arial, helvetica, sans-serif; font-size: 18pt;\">&#8211; Minha senhora, eu n\u00e3o como h\u00e1 tr\u00eas dias.<\/span><br \/>\n<span style=\"color: #000000; font-family: tahoma, arial, helvetica, sans-serif; font-size: 18pt;\">&#8211; Nossa, queria ter a tua for\u00e7a de vontade.<\/span><\/p>\n<p><span style=\"color: #000000; font-family: tahoma, arial, helvetica, sans-serif; font-size: 18pt;\"><em><strong>Aviso na Sinagoga<\/strong><\/em><\/span><br \/>\n<span style=\"color: #000000; font-family: tahoma, arial, helvetica, sans-serif; font-size: 18pt;\">No in\u00edcio do ano, ap\u00f3s a reuni\u00e3o para constitui\u00e7\u00e3o das diversas comiss\u00f5es tem\u00e1ticas, o Presidente do Conselho Gestor, demonstrando conhecer profundamento o comportamento dos frequentadores do templo, afixou o seguinte aviso:<br \/>\n&#8211; \u201cOs Comit\u00eas de Trabalho s\u00e3o compostos por tr\u00eas membros, dois dos quais estar\u00e3o ausentes em todas as reuni\u00f5es&#8221;.\u00a0<\/span><\/p>\n<p style=\"text-align: center;\"><img data-recalc-dims=\"1\" decoding=\"async\" class=\"attachment-266x266 size-266x266\" src=\"https:\/\/i0.wp.com\/gersonguelmann.com.br\/blog\/wp-content\/uploads\/2026\/02\/HojePR-3.png?resize=266%2C177&#038;ssl=1\" sizes=\"(max-width: 266px) 100vw, 266px\" srcset=\"https:\/\/i0.wp.com\/gersonguelmann.com.br\/blog\/wp-content\/uploads\/2026\/02\/HojePR-3.png?w=600&amp;ssl=1 600w, https:\/\/i0.wp.com\/gersonguelmann.com.br\/blog\/wp-content\/uploads\/2026\/02\/HojePR-3.png?resize=300%2C200&amp;ssl=1 300w\" alt=\"\" width=\"266\" height=\"177\" \/><br \/>\n<em><strong><span style=\"color: #0000ff; font-family: tahoma, arial, helvetica, sans-serif; font-size: 14pt;\">Imagem gerada por I.A.<\/span><\/strong><\/em><\/p>\n","protected":false},"excerpt":{"rendered":"<p>Resumo dos Feriados Judaicos De acordo com um profundo conhecedor dos costumes, os feriados da religi\u00e3o judaica podem ser definidos em uma \u00fanica frase: &#8211; \u201cEles tentaram nos matar, n\u00f3s ganhamos, vamos comer.\u201d Um Exemplo a Seguir Na rua, um maltrapilho abordou uma mulher judia: &#8211; Minha senhora, eu n\u00e3o como h\u00e1 tr\u00eas dias. &#8211; [&hellip;]<\/p>\n","protected":false},"author":5,"featured_media":26598,"comment_status":"open","ping_status":"closed","sticky":false,"template":"","format":"standard","meta":{"_acf_changed":false,"jetpack_post_was_ever_published":false,"_jetpack_newsletter_access":"","_jetpack_dont_email_post_to_subs":false,"_jetpack_newsletter_tier_id":0,"_jetpack_memberships_contains_paywalled_content":false,"_jetpack_memberships_contains_paid_content":false,"footnotes":"","jetpack_publicize_message":"","jetpack_publicize_feature_enabled":true,"jetpack_social_post_already_shared":true,"jetpack_social_options":{"image_generator_settings":{"template":"highway","default_image_id":0,"font":"","enabled":false},"version":2}},"categories":[1],"tags":[],"class_list":["post-26596","post","type-post","status-publish","format-standard","has-post-thumbnail","hentry","category-sem-categoria"],"acf":[],"yoast_head":"<!-- This site is optimized with the Yoast SEO plugin v27.3 - https:\/\/yoast.com\/product\/yoast-seo-wordpress\/ -->\n<title>Tr\u00eas na Quarta de Humor Judaico | Blog do Guelmann<\/title>\n<meta name=\"robots\" content=\"index, follow, max-snippet:-1, max-image-preview:large, max-video-preview:-1\" \/>\n<link rel=\"canonical\" href=\"https:\/\/gersonguelmann.com.br\/blog\/tres-na-quarta-de-humor-judaico-76\/\" \/>\n<meta property=\"og:locale\" content=\"pt_BR\" \/>\n<meta property=\"og:type\" content=\"article\" \/>\n<meta property=\"og:title\" content=\"Tr\u00eas na Quarta de Humor Judaico | Blog do Guelmann\" \/>\n<meta property=\"og:description\" content=\"Resumo dos Feriados Judaicos De acordo com um profundo conhecedor dos costumes, os feriados da religi\u00e3o judaica podem ser definidos em uma \u00fanica frase: &#8211; \u201cEles tentaram nos matar, n\u00f3s ganhamos, vamos comer.\u201d Um Exemplo a Seguir Na rua, um maltrapilho abordou uma mulher judia: &#8211; Minha senhora, eu n\u00e3o como h\u00e1 tr\u00eas dias. &#8211; [&hellip;]\" \/>\n<meta property=\"og:url\" content=\"https:\/\/gersonguelmann.com.br\/blog\/tres-na-quarta-de-humor-judaico-76\/\" \/>\n<meta property=\"og:site_name\" content=\"Blog do Guelmann\" \/>\n<meta property=\"article:published_time\" content=\"2026-02-11T20:19:40+00:00\" \/>\n<meta property=\"article:modified_time\" content=\"2026-02-12T13:57:32+00:00\" \/>\n<meta property=\"og:image\" content=\"https:\/\/gersonguelmann.com.br\/blog\/wp-content\/uploads\/2026\/02\/HojePR-3.png\" \/>\n\t<meta property=\"og:image:width\" content=\"600\" \/>\n\t<meta property=\"og:image:height\" content=\"400\" \/>\n\t<meta property=\"og:image:type\" content=\"image\/png\" \/>\n<meta name=\"author\" content=\"Gerson Guelmann\" \/>\n<meta name=\"twitter:card\" content=\"summary_large_image\" \/>\n<meta name=\"twitter:label1\" content=\"Escrito por\" \/>\n\t<meta name=\"twitter:data1\" content=\"Gerson Guelmann\" \/>\n\t<meta name=\"twitter:label2\" content=\"Est. tempo de leitura\" \/>\n\t<meta name=\"twitter:data2\" content=\"1 minuto\" \/>\n<script type=\"application\/ld+json\" class=\"yoast-schema-graph\">{\"@context\":\"https:\\\/\\\/schema.org\",\"@graph\":[{\"@type\":\"Article\",\"@id\":\"https:\\\/\\\/gersonguelmann.com.br\\\/blog\\\/tres-na-quarta-de-humor-judaico-76\\\/#article\",\"isPartOf\":{\"@id\":\"https:\\\/\\\/gersonguelmann.com.br\\\/blog\\\/tres-na-quarta-de-humor-judaico-76\\\/\"},\"author\":{\"name\":\"Gerson Guelmann\",\"@id\":\"https:\\\/\\\/gersonguelmann.com.br\\\/blog\\\/#\\\/schema\\\/person\\\/87e70e2a786888082f941a482c90569e\"},\"headline\":\"Tr\u00eas na Quarta de Humor Judaico\",\"datePublished\":\"2026-02-11T20:19:40+00:00\",\"dateModified\":\"2026-02-12T13:57:32+00:00\",\"mainEntityOfPage\":{\"@id\":\"https:\\\/\\\/gersonguelmann.com.br\\\/blog\\\/tres-na-quarta-de-humor-judaico-76\\\/\"},\"wordCount\":144,\"commentCount\":0,\"image\":{\"@id\":\"https:\\\/\\\/gersonguelmann.com.br\\\/blog\\\/tres-na-quarta-de-humor-judaico-76\\\/#primaryimage\"},\"thumbnailUrl\":\"https:\\\/\\\/i0.wp.com\\\/gersonguelmann.com.br\\\/blog\\\/wp-content\\\/uploads\\\/2026\\\/02\\\/HojePR-3.png?fit=600%2C400&ssl=1\",\"inLanguage\":\"pt-BR\",\"potentialAction\":[{\"@type\":\"CommentAction\",\"name\":\"Comment\",\"target\":[\"https:\\\/\\\/gersonguelmann.com.br\\\/blog\\\/tres-na-quarta-de-humor-judaico-76\\\/#respond\"]}]},{\"@type\":\"WebPage\",\"@id\":\"https:\\\/\\\/gersonguelmann.com.br\\\/blog\\\/tres-na-quarta-de-humor-judaico-76\\\/\",\"url\":\"https:\\\/\\\/gersonguelmann.com.br\\\/blog\\\/tres-na-quarta-de-humor-judaico-76\\\/\",\"name\":\"Tr\u00eas na Quarta de Humor Judaico | Blog do Guelmann\",\"isPartOf\":{\"@id\":\"https:\\\/\\\/gersonguelmann.com.br\\\/blog\\\/#website\"},\"primaryImageOfPage\":{\"@id\":\"https:\\\/\\\/gersonguelmann.com.br\\\/blog\\\/tres-na-quarta-de-humor-judaico-76\\\/#primaryimage\"},\"image\":{\"@id\":\"https:\\\/\\\/gersonguelmann.com.br\\\/blog\\\/tres-na-quarta-de-humor-judaico-76\\\/#primaryimage\"},\"thumbnailUrl\":\"https:\\\/\\\/i0.wp.com\\\/gersonguelmann.com.br\\\/blog\\\/wp-content\\\/uploads\\\/2026\\\/02\\\/HojePR-3.png?fit=600%2C400&ssl=1\",\"datePublished\":\"2026-02-11T20:19:40+00:00\",\"dateModified\":\"2026-02-12T13:57:32+00:00\",\"author\":{\"@id\":\"https:\\\/\\\/gersonguelmann.com.br\\\/blog\\\/#\\\/schema\\\/person\\\/87e70e2a786888082f941a482c90569e\"},\"inLanguage\":\"pt-BR\",\"potentialAction\":[{\"@type\":\"ReadAction\",\"target\":[\"https:\\\/\\\/gersonguelmann.com.br\\\/blog\\\/tres-na-quarta-de-humor-judaico-76\\\/\"]}]},{\"@type\":\"ImageObject\",\"inLanguage\":\"pt-BR\",\"@id\":\"https:\\\/\\\/gersonguelmann.com.br\\\/blog\\\/tres-na-quarta-de-humor-judaico-76\\\/#primaryimage\",\"url\":\"https:\\\/\\\/i0.wp.com\\\/gersonguelmann.com.br\\\/blog\\\/wp-content\\\/uploads\\\/2026\\\/02\\\/HojePR-3.png?fit=600%2C400&ssl=1\",\"contentUrl\":\"https:\\\/\\\/i0.wp.com\\\/gersonguelmann.com.br\\\/blog\\\/wp-content\\\/uploads\\\/2026\\\/02\\\/HojePR-3.png?fit=600%2C400&ssl=1\",\"width\":600,\"height\":400},{\"@type\":\"WebSite\",\"@id\":\"https:\\\/\\\/gersonguelmann.com.br\\\/blog\\\/#website\",\"url\":\"https:\\\/\\\/gersonguelmann.com.br\\\/blog\\\/\",\"name\":\"Blog do Guelmann\",\"description\":\"Pitadas da sabedoria e do humor judaicos, assuntos do momento e um pouco das hist\u00f3rias que vivi e testemunhei.\",\"potentialAction\":[{\"@type\":\"SearchAction\",\"target\":{\"@type\":\"EntryPoint\",\"urlTemplate\":\"https:\\\/\\\/gersonguelmann.com.br\\\/blog\\\/?s={search_term_string}\"},\"query-input\":{\"@type\":\"PropertyValueSpecification\",\"valueRequired\":true,\"valueName\":\"search_term_string\"}}],\"inLanguage\":\"pt-BR\"},{\"@type\":\"Person\",\"@id\":\"https:\\\/\\\/gersonguelmann.com.br\\\/blog\\\/#\\\/schema\\\/person\\\/87e70e2a786888082f941a482c90569e\",\"name\":\"Gerson Guelmann\",\"image\":{\"@type\":\"ImageObject\",\"inLanguage\":\"pt-BR\",\"@id\":\"https:\\\/\\\/i0.wp.com\\\/gersonguelmann.com.br\\\/blog\\\/wp-content\\\/uploads\\\/2021\\\/08\\\/BLOG.jpeg?fit=96%2C96&ssl=1\",\"url\":\"https:\\\/\\\/i0.wp.com\\\/gersonguelmann.com.br\\\/blog\\\/wp-content\\\/uploads\\\/2021\\\/08\\\/BLOG.jpeg?fit=96%2C96&ssl=1\",\"contentUrl\":\"https:\\\/\\\/i0.wp.com\\\/gersonguelmann.com.br\\\/blog\\\/wp-content\\\/uploads\\\/2021\\\/08\\\/BLOG.jpeg?fit=96%2C96&ssl=1\",\"caption\":\"Gerson Guelmann\"},\"description\":\"Pitadas da sabedoria e do humor judaicos, assuntos do momento e um pouco das hist\u00f3rias que vivi e testemunhei.\"}]}<\/script>\n<!-- \/ Yoast SEO plugin. -->","yoast_head_json":{"title":"Tr\u00eas na Quarta de Humor Judaico | Blog do Guelmann","robots":{"index":"index","follow":"follow","max-snippet":"max-snippet:-1","max-image-preview":"max-image-preview:large","max-video-preview":"max-video-preview:-1"},"canonical":"https:\/\/gersonguelmann.com.br\/blog\/tres-na-quarta-de-humor-judaico-76\/","og_locale":"pt_BR","og_type":"article","og_title":"Tr\u00eas na Quarta de Humor Judaico | Blog do Guelmann","og_description":"Resumo dos Feriados Judaicos De acordo com um profundo conhecedor dos costumes, os feriados da religi\u00e3o judaica podem ser definidos em uma \u00fanica frase: &#8211; \u201cEles tentaram nos matar, n\u00f3s ganhamos, vamos comer.\u201d Um Exemplo a Seguir Na rua, um maltrapilho abordou uma mulher judia: &#8211; Minha senhora, eu n\u00e3o como h\u00e1 tr\u00eas dias. &#8211; [&hellip;]","og_url":"https:\/\/gersonguelmann.com.br\/blog\/tres-na-quarta-de-humor-judaico-76\/","og_site_name":"Blog do Guelmann","article_published_time":"2026-02-11T20:19:40+00:00","article_modified_time":"2026-02-12T13:57:32+00:00","og_image":[{"width":600,"height":400,"url":"https:\/\/gersonguelmann.com.br\/blog\/wp-content\/uploads\/2026\/02\/HojePR-3.png","type":"image\/png"}],"author":"Gerson Guelmann","twitter_card":"summary_large_image","twitter_misc":{"Escrito por":"Gerson Guelmann","Est. tempo de leitura":"1 minuto"},"schema":{"@context":"https:\/\/schema.org","@graph":[{"@type":"Article","@id":"https:\/\/gersonguelmann.com.br\/blog\/tres-na-quarta-de-humor-judaico-76\/#article","isPartOf":{"@id":"https:\/\/gersonguelmann.com.br\/blog\/tres-na-quarta-de-humor-judaico-76\/"},"author":{"name":"Gerson Guelmann","@id":"https:\/\/gersonguelmann.com.br\/blog\/#\/schema\/person\/87e70e2a786888082f941a482c90569e"},"headline":"Tr\u00eas na Quarta de Humor Judaico","datePublished":"2026-02-11T20:19:40+00:00","dateModified":"2026-02-12T13:57:32+00:00","mainEntityOfPage":{"@id":"https:\/\/gersonguelmann.com.br\/blog\/tres-na-quarta-de-humor-judaico-76\/"},"wordCount":144,"commentCount":0,"image":{"@id":"https:\/\/gersonguelmann.com.br\/blog\/tres-na-quarta-de-humor-judaico-76\/#primaryimage"},"thumbnailUrl":"https:\/\/i0.wp.com\/gersonguelmann.com.br\/blog\/wp-content\/uploads\/2026\/02\/HojePR-3.png?fit=600%2C400&ssl=1","inLanguage":"pt-BR","potentialAction":[{"@type":"CommentAction","name":"Comment","target":["https:\/\/gersonguelmann.com.br\/blog\/tres-na-quarta-de-humor-judaico-76\/#respond"]}]},{"@type":"WebPage","@id":"https:\/\/gersonguelmann.com.br\/blog\/tres-na-quarta-de-humor-judaico-76\/","url":"https:\/\/gersonguelmann.com.br\/blog\/tres-na-quarta-de-humor-judaico-76\/","name":"Tr\u00eas na Quarta de Humor Judaico | Blog do Guelmann","isPartOf":{"@id":"https:\/\/gersonguelmann.com.br\/blog\/#website"},"primaryImageOfPage":{"@id":"https:\/\/gersonguelmann.com.br\/blog\/tres-na-quarta-de-humor-judaico-76\/#primaryimage"},"image":{"@id":"https:\/\/gersonguelmann.com.br\/blog\/tres-na-quarta-de-humor-judaico-76\/#primaryimage"},"thumbnailUrl":"https:\/\/i0.wp.com\/gersonguelmann.com.br\/blog\/wp-content\/uploads\/2026\/02\/HojePR-3.png?fit=600%2C400&ssl=1","datePublished":"2026-02-11T20:19:40+00:00","dateModified":"2026-02-12T13:57:32+00:00","author":{"@id":"https:\/\/gersonguelmann.com.br\/blog\/#\/schema\/person\/87e70e2a786888082f941a482c90569e"},"inLanguage":"pt-BR","potentialAction":[{"@type":"ReadAction","target":["https:\/\/gersonguelmann.com.br\/blog\/tres-na-quarta-de-humor-judaico-76\/"]}]},{"@type":"ImageObject","inLanguage":"pt-BR","@id":"https:\/\/gersonguelmann.com.br\/blog\/tres-na-quarta-de-humor-judaico-76\/#primaryimage","url":"https:\/\/i0.wp.com\/gersonguelmann.com.br\/blog\/wp-content\/uploads\/2026\/02\/HojePR-3.png?fit=600%2C400&ssl=1","contentUrl":"https:\/\/i0.wp.com\/gersonguelmann.com.br\/blog\/wp-content\/uploads\/2026\/02\/HojePR-3.png?fit=600%2C400&ssl=1","width":600,"height":400},{"@type":"WebSite","@id":"https:\/\/gersonguelmann.com.br\/blog\/#website","url":"https:\/\/gersonguelmann.com.br\/blog\/","name":"Blog do Guelmann","description":"Pitadas da sabedoria e do humor judaicos, assuntos do momento e um pouco das hist\u00f3rias que vivi e testemunhei.","potentialAction":[{"@type":"SearchAction","target":{"@type":"EntryPoint","urlTemplate":"https:\/\/gersonguelmann.com.br\/blog\/?s={search_term_string}"},"query-input":{"@type":"PropertyValueSpecification","valueRequired":true,"valueName":"search_term_string"}}],"inLanguage":"pt-BR"},{"@type":"Person","@id":"https:\/\/gersonguelmann.com.br\/blog\/#\/schema\/person\/87e70e2a786888082f941a482c90569e","name":"Gerson Guelmann","image":{"@type":"ImageObject","inLanguage":"pt-BR","@id":"https:\/\/i0.wp.com\/gersonguelmann.com.br\/blog\/wp-content\/uploads\/2021\/08\/BLOG.jpeg?fit=96%2C96&ssl=1","url":"https:\/\/i0.wp.com\/gersonguelmann.com.br\/blog\/wp-content\/uploads\/2021\/08\/BLOG.jpeg?fit=96%2C96&ssl=1","contentUrl":"https:\/\/i0.wp.com\/gersonguelmann.com.br\/blog\/wp-content\/uploads\/2021\/08\/BLOG.jpeg?fit=96%2C96&ssl=1","caption":"Gerson Guelmann"},"description":"Pitadas da sabedoria e do humor judaicos, assuntos do momento e um pouco das hist\u00f3rias que vivi e testemunhei."}]}},"views":11,"jetpack_publicize_connections":[],"jetpack_featured_media_url":"https:\/\/i0.wp.com\/gersonguelmann.com.br\/blog\/wp-content\/uploads\/2026\/02\/HojePR-3.png?fit=600%2C400&ssl=1","jetpack_shortlink":"https:\/\/wp.me\/p96e7O-6UY","jetpack-related-posts":[{"id":3283,"url":"https:\/\/gersonguelmann.com.br\/blog\/pilulas-de-humor-judaico-6\/","url_meta":{"origin":26596,"position":0},"title":"P\u00edlulas de Humor Judaico (6)","author":"Gerson Guelmann","date":"20 de janeiro de 2021","format":false,"excerpt":"Resumo dos Feriados Judaicos \"Eles tentaram nos matar, n\u00f3s ganhamos, vamos comer.\" O morador de rua conversando com a mulher judia: - \"Minha senhora, eu n\u00e3o como h\u00e1 tr\u00eas dias.\" - \"Nossa, queria ter a tua for\u00e7a de vontade.\" Aviso na Sinagoga \"Os Comit\u00eas de Trabalho dever\u00e3o ser compostos por\u2026","rel":"","context":"Em &quot;Sem categoria&quot;","block_context":{"text":"Sem categoria","link":"https:\/\/gersonguelmann.com.br\/blog\/category\/sem-categoria\/"},"img":{"alt_text":"","src":"https:\/\/i0.wp.com\/gersonguelmann.com.br\/blog\/wp-content\/uploads\/2019\/07\/AVISOS.jpeg?fit=500%2C750&ssl=1&resize=350%2C200","width":350,"height":200},"classes":[]},{"id":1078,"url":"https:\/\/gersonguelmann.com.br\/blog\/tres-na-quarta-de-humor-judaico-39\/","url_meta":{"origin":26596,"position":1},"title":"Tr\u00eas na Quarta de Humor Judaico","author":"Gerson Guelmann","date":"28 de maio de 2025","format":false,"excerpt":"Uma Sinagoga Como Nenhuma Outra Certa sinagoga em Nova York era famosa por sua exclusividade, especialmente porque todos os frequentadores eram altos executivos, banqueiros, etc. Um judeu em situa\u00e7\u00e3o de rua entrou, querendo rezar, e pediu ao rabino para se tornar membro. Sem saber como recusar, o rabino sugeriu: \u2014\u2026","rel":"","context":"Em &quot;Sem categoria&quot;","block_context":{"text":"Sem categoria","link":"https:\/\/gersonguelmann.com.br\/blog\/category\/sem-categoria\/"},"img":{"alt_text":"","src":"https:\/\/i0.wp.com\/gersonguelmann.com.br\/blog\/wp-content\/uploads\/2025\/05\/2805-1.jpg?fit=500%2C356&ssl=1&resize=350%2C200","width":350,"height":200},"classes":[]},{"id":166,"url":"https:\/\/gersonguelmann.com.br\/blog\/como-lidar-com-filhos-adultos-nos-feriados-judaicos\/","url_meta":{"origin":26596,"position":2},"title":"Como Lidar Com Filhos Adultos Nos Feriados Judaicos","author":"Gerson Guelmann","date":"6 de setembro de 2021","format":false,"excerpt":"Morris e Clara, j\u00e1 aposentados, foram morar na Fl\u00f3rida para fugir do frio. Um dia ele ligou para o filho em Nova York e disse: - \u201cBernardo, eu tenho uma coisa para dizer, mas antes vou deixar claro que n\u00e3o vamos discutir isso. S\u00f3 vou te comunicar porque voc\u00ea \u00e9\u2026","rel":"","context":"Em &quot;Sem categoria&quot;","block_context":{"text":"Sem categoria","link":"https:\/\/gersonguelmann.com.br\/blog\/category\/sem-categoria\/"},"img":{"alt_text":"","src":"https:\/\/i0.wp.com\/gersonguelmann.com.br\/blog\/wp-content\/uploads\/2017\/05\/images.jpg?resize=350%2C200&ssl=1","width":350,"height":200},"classes":[]},{"id":23491,"url":"https:\/\/gersonguelmann.com.br\/blog\/sexta-do-humor-e-da-cultura-judaica-voce-sabe-que-foi-criadoa-em-uma-familia-judia-quando-8\/","url_meta":{"origin":26596,"position":3},"title":"Sexta do Humor e da Cultura Judaica: Voc\u00ea Sabe Que Foi Criado(a) em Uma Fam\u00edlia Judia Quando\u2026 (8)","author":"Gerson Guelmann","date":"12 de julho de 2024","format":false,"excerpt":"Voc\u00ea Sabe Que Foi Criado(a) em Uma Fam\u00edlia Judia Quando\u2026 (8) Terminando a s\u00e9rie... Voc\u00ea sabe que foi criado(a) em uma fam\u00edlia judia quando\u2026 22. Voc\u00ea acha que comer meio vidro de picles com endro \u00e9 um lanche saud\u00e1vel; e 23) Voc\u00ea pode encarar um prato de Gefilte Fish (\u2217)\u2026","rel":"","context":"Em &quot;Sem categoria&quot;","block_context":{"text":"Sem categoria","link":"https:\/\/gersonguelmann.com.br\/blog\/category\/sem-categoria\/"},"img":{"alt_text":"","src":"https:\/\/i0.wp.com\/gersonguelmann.com.br\/blog\/wp-content\/uploads\/2024\/07\/HojePR-8-scaled.jpg?fit=1200%2C780&ssl=1&resize=350%2C200","width":350,"height":200,"srcset":"https:\/\/i0.wp.com\/gersonguelmann.com.br\/blog\/wp-content\/uploads\/2024\/07\/HojePR-8-scaled.jpg?fit=1200%2C780&ssl=1&resize=350%2C200 1x, https:\/\/i0.wp.com\/gersonguelmann.com.br\/blog\/wp-content\/uploads\/2024\/07\/HojePR-8-scaled.jpg?fit=1200%2C780&ssl=1&resize=525%2C300 1.5x, https:\/\/i0.wp.com\/gersonguelmann.com.br\/blog\/wp-content\/uploads\/2024\/07\/HojePR-8-scaled.jpg?fit=1200%2C780&ssl=1&resize=700%2C400 2x, https:\/\/i0.wp.com\/gersonguelmann.com.br\/blog\/wp-content\/uploads\/2024\/07\/HojePR-8-scaled.jpg?fit=1200%2C780&ssl=1&resize=1050%2C600 3x"},"classes":[]},{"id":8395,"url":"https:\/\/gersonguelmann.com.br\/blog\/tentando-entrar-na-sinagoga-sem-pagar\/","url_meta":{"origin":26596,"position":4},"title":"Tentando Entrar na Sinagoga Sem Pagar (*)","author":"Gerson Guelmann","date":"24 de janeiro de 2021","format":false,"excerpt":"(*) Em algumas congrega\u00e7\u00f5es judaicas existe o costume da venda de ingressos para as chamadas \u201cgrandes festas\u201d, o Ano Novo (\u201cRosh Hashan\u00e1\u201d) e o Dia do Perd\u00e3o (\u201cYom Kipur\u201d), que s\u00e3o os feriados mais importantes do juda\u00edsmo. A\u00a0pr\u00e1tica decorre do fato de que muitas pessoas n\u00e3o participam das atividades religiosas\u2026","rel":"","context":"Em &quot;Sem categoria&quot;","block_context":{"text":"Sem categoria","link":"https:\/\/gersonguelmann.com.br\/blog\/category\/sem-categoria\/"},"img":{"alt_text":"","src":"https:\/\/i0.wp.com\/gersonguelmann.com.br\/blog\/wp-content\/uploads\/2018\/02\/SINAGOGA-2.jpg?fit=1200%2C800&ssl=1&resize=350%2C200","width":350,"height":200,"srcset":"https:\/\/i0.wp.com\/gersonguelmann.com.br\/blog\/wp-content\/uploads\/2018\/02\/SINAGOGA-2.jpg?fit=1200%2C800&ssl=1&resize=350%2C200 1x, https:\/\/i0.wp.com\/gersonguelmann.com.br\/blog\/wp-content\/uploads\/2018\/02\/SINAGOGA-2.jpg?fit=1200%2C800&ssl=1&resize=525%2C300 1.5x, https:\/\/i0.wp.com\/gersonguelmann.com.br\/blog\/wp-content\/uploads\/2018\/02\/SINAGOGA-2.jpg?fit=1200%2C800&ssl=1&resize=700%2C400 2x, https:\/\/i0.wp.com\/gersonguelmann.com.br\/blog\/wp-content\/uploads\/2018\/02\/SINAGOGA-2.jpg?fit=1200%2C800&ssl=1&resize=1050%2C600 3x"},"classes":[]},{"id":21821,"url":"https:\/\/gersonguelmann.com.br\/blog\/ilana-lerner-batizada-no-rio-belem-filha-de-peixe-peixinha-e\/","url_meta":{"origin":26596,"position":5},"title":"Ilana Lerner: Batizada no Rio Bel\u00e9m, Filha de Peixe, Peixinha \u00c9","author":"Gerson Guelmann","date":"21 de mar\u00e7o de 2021","format":false,"excerpt":"A Gazeta do Povo publicou ontem um artigo que a Ilana Lerner escreveu em seu Blog em 2014. \u00c9 um texto delicioso onde ela mostra que muito mais do que ter nascido aqui (muitos outros tiveram esse infort\u00fanio... rsrsrs) ela tem uma alma genuinamente Curitibana. Ent\u00e3o, mesmo sendo de 3\u00aa\u2026","rel":"","context":"Em &quot;Sem categoria&quot;","block_context":{"text":"Sem categoria","link":"https:\/\/gersonguelmann.com.br\/blog\/category\/sem-categoria\/"},"img":{"alt_text":"","src":"https:\/\/i0.wp.com\/gersonguelmann.com.br\/blog\/wp-content\/uploads\/2021\/03\/JL-2-300x249.jpg?resize=350%2C200&ssl=1","width":350,"height":200},"classes":[]}],"jetpack_sharing_enabled":true,"post_mailing_queue_ids":[],"_links":{"self":[{"href":"https:\/\/gersonguelmann.com.br\/blog\/wp-json\/wp\/v2\/posts\/26596","targetHints":{"allow":["GET"]}}],"collection":[{"href":"https:\/\/gersonguelmann.com.br\/blog\/wp-json\/wp\/v2\/posts"}],"about":[{"href":"https:\/\/gersonguelmann.com.br\/blog\/wp-json\/wp\/v2\/types\/post"}],"author":[{"embeddable":true,"href":"https:\/\/gersonguelmann.com.br\/blog\/wp-json\/wp\/v2\/users\/5"}],"replies":[{"embeddable":true,"href":"https:\/\/gersonguelmann.com.br\/blog\/wp-json\/wp\/v2\/comments?post=26596"}],"version-history":[{"count":0,"href":"https:\/\/gersonguelmann.com.br\/blog\/wp-json\/wp\/v2\/posts\/26596\/revisions"}],"wp:featuredmedia":[{"embeddable":true,"href":"https:\/\/gersonguelmann.com.br\/blog\/wp-json\/wp\/v2\/media\/26598"}],"wp:attachment":[{"href":"https:\/\/gersonguelmann.com.br\/blog\/wp-json\/wp\/v2\/media?parent=26596"}],"wp:term":[{"taxonomy":"category","embeddable":true,"href":"https:\/\/gersonguelmann.com.br\/blog\/wp-json\/wp\/v2\/categories?post=26596"},{"taxonomy":"post_tag","embeddable":true,"href":"https:\/\/gersonguelmann.com.br\/blog\/wp-json\/wp\/v2\/tags?post=26596"}],"curies":[{"name":"wp","href":"https:\/\/api.w.org\/{rel}","templated":true}]}}