    {"id":2833,"date":"2017-10-13T17:00:50","date_gmt":"2017-10-13T20:00:50","guid":{"rendered":"https:\/\/gersonguelmann.com.br\/blog\/?p=2833"},"modified":"2017-10-13T17:02:18","modified_gmt":"2017-10-13T20:02:18","slug":"quer-saber-de-onde-voce-veio","status":"publish","type":"post","link":"https:\/\/gersonguelmann.com.br\/blog\/quer-saber-de-onde-voce-veio\/","title":{"rendered":"Quer Saber de Onde Voc\u00ea Veio?"},"content":{"rendered":"<p><span style=\"font-family: tahoma, arial, helvetica, sans-serif; font-size: 14pt; color: #000000;\">Continuo a s\u00e9rie que comecei recentemente para divulgar os avan\u00e7os tecnol\u00f3gicos israelenses, principalmente aqueles que fazem parte de nosso dia a dia e podem ser acionados atrav\u00e9s dos smartphones.<\/span><\/p>\n<p><span style=\"font-family: tahoma, arial, helvetica, sans-serif; font-size: 14pt; color: #000000;\">A boa dica de hoje \u00e9 conhecer o trabalho da start-up\u00a0MyHeritage, que \u00e9 um servi\u00e7o que permite descobrir e compartilhar a hist\u00f3ria familiar, proporcionando acesso a modernas\u00a0<span lang=\"pt\">tecnologias de busca.\u00a0<\/span><\/span><\/p>\n<p><span lang=\"pt\" style=\"font-family: tahoma, arial, helvetica, sans-serif; font-size: 14pt; color: #000000;\">Ao criar a conta, voc\u00ea poder\u00e1 pesquisar em uma biblioteca de registros hist\u00f3ricos e em uma enorme base de \u00e1rvores geneal\u00f3gicas. <\/span><\/p>\n<p><span lang=\"pt\" style=\"font-family: tahoma, arial, helvetica, sans-serif; font-size: 14pt; color: #000000;\">A MyHeritage j\u00e1 tem cerca de 90 milh\u00f5es de usu\u00e1rios e desde o ano passado disponibiliza tamb\u00e9m um teste de DNA para ajudar a conhecer a origem \u00e9tnica das pessoas e eventualmente conect\u00e1-las com parentes desconhecidos.<\/span><\/p>\n<p><span style=\"font-family: tahoma, arial, helvetica, sans-serif; font-size: 14pt; color: #000000;\">O aplicativo est\u00e1 dispon\u00edvel para todas as plataformas de celulares e tem site em portugu\u00eas.<\/span><\/p>\n<p><span style=\"font-family: tahoma, arial, helvetica, sans-serif; font-size: 14pt; color: #000000;\"><em><strong><a href=\"https:\/\/www.myheritage.com.br\">Para conhecer o MyHeritage, clique aqui<\/a><\/strong><\/em>.<\/span><\/p>\n<p><a href=\"https:\/\/www.myheritage.com.br\"><img data-recalc-dims=\"1\" fetchpriority=\"high\" decoding=\"async\" data-attachment-id=\"2835\" data-permalink=\"https:\/\/gersonguelmann.com.br\/blog\/quer-saber-de-onde-voce-veio\/ag2\/\" data-orig-file=\"https:\/\/i0.wp.com\/gersonguelmann.com.br\/blog\/wp-content\/uploads\/2017\/10\/AG2.jpg?fit=960%2C640&amp;ssl=1\" data-orig-size=\"960,640\" data-comments-opened=\"1\" data-image-meta=\"{&quot;aperture&quot;:&quot;2.8&quot;,&quot;credit&quot;:&quot;&quot;,&quot;camera&quot;:&quot;DMC-LX15&quot;,&quot;caption&quot;:&quot;&quot;,&quot;created_timestamp&quot;:&quot;0&quot;,&quot;copyright&quot;:&quot;&quot;,&quot;focal_length&quot;:&quot;8.8&quot;,&quot;iso&quot;:&quot;125&quot;,&quot;shutter_speed&quot;:&quot;0.00625&quot;,&quot;title&quot;:&quot;&quot;,&quot;orientation&quot;:&quot;0&quot;}\" data-image-title=\"AG2\" data-image-description=\"\" data-image-caption=\"\" data-medium-file=\"https:\/\/i0.wp.com\/gersonguelmann.com.br\/blog\/wp-content\/uploads\/2017\/10\/AG2.jpg?fit=300%2C200&amp;ssl=1\" data-large-file=\"https:\/\/i0.wp.com\/gersonguelmann.com.br\/blog\/wp-content\/uploads\/2017\/10\/AG2.jpg?fit=640%2C427&amp;ssl=1\" class=\"size-medium wp-image-2835 aligncenter\" src=\"https:\/\/i0.wp.com\/gersonguelmann.com.br\/blog\/wp-content\/uploads\/2017\/10\/AG2.jpg?resize=300%2C200&#038;ssl=1\" alt=\"\" width=\"300\" height=\"200\" srcset=\"https:\/\/i0.wp.com\/gersonguelmann.com.br\/blog\/wp-content\/uploads\/2017\/10\/AG2.jpg?resize=300%2C200&amp;ssl=1 300w, https:\/\/i0.wp.com\/gersonguelmann.com.br\/blog\/wp-content\/uploads\/2017\/10\/AG2.jpg?resize=768%2C512&amp;ssl=1 768w, https:\/\/i0.wp.com\/gersonguelmann.com.br\/blog\/wp-content\/uploads\/2017\/10\/AG2.jpg?resize=750%2C500&amp;ssl=1 750w, https:\/\/i0.wp.com\/gersonguelmann.com.br\/blog\/wp-content\/uploads\/2017\/10\/AG2.jpg?w=960&amp;ssl=1 960w\" sizes=\"(max-width: 300px) 100vw, 300px\" \/><\/a><\/p>\n<p>&nbsp;<\/p>\n<p>&nbsp;<\/p>\n","protected":false},"excerpt":{"rendered":"<p>Continuo a s\u00e9rie que comecei recentemente para divulgar os avan\u00e7os tecnol\u00f3gicos israelenses, principalmente aqueles que fazem parte de nosso dia a dia e podem ser acionados atrav\u00e9s dos smartphones. A boa dica de hoje \u00e9 conhecer o trabalho da start-up\u00a0MyHeritage, que \u00e9 um servi\u00e7o que permite descobrir e compartilhar a hist\u00f3ria familiar, proporcionando acesso a [&hellip;]<\/p>\n","protected":false},"author":5,"featured_media":2835,"comment_status":"open","ping_status":"open","sticky":false,"template":"","format":"standard","meta":{"_acf_changed":false,"jetpack_post_was_ever_published":false,"_jetpack_newsletter_access":"","_jetpack_dont_email_post_to_subs":false,"_jetpack_newsletter_tier_id":0,"_jetpack_memberships_contains_paywalled_content":false,"_jetpack_memberships_contains_paid_content":false,"footnotes":"","jetpack_publicize_message":"","jetpack_publicize_feature_enabled":true,"jetpack_social_post_already_shared":true,"jetpack_social_options":{"image_generator_settings":{"template":"highway","default_image_id":0,"font":"","enabled":false},"version":2}},"categories":[1],"tags":[],"class_list":["post-2833","post","type-post","status-publish","format-standard","has-post-thumbnail","hentry","category-sem-categoria"],"acf":[],"yoast_head":"<!-- This site is optimized with the Yoast SEO plugin v27.3 - https:\/\/yoast.com\/product\/yoast-seo-wordpress\/ -->\n<title>Quer Saber de Onde Voc\u00ea Veio? | Blog do Guelmann<\/title>\n<meta name=\"robots\" content=\"index, follow, max-snippet:-1, max-image-preview:large, max-video-preview:-1\" \/>\n<link rel=\"canonical\" href=\"https:\/\/gersonguelmann.com.br\/blog\/quer-saber-de-onde-voce-veio\/\" \/>\n<meta property=\"og:locale\" content=\"pt_BR\" \/>\n<meta property=\"og:type\" content=\"article\" \/>\n<meta property=\"og:title\" content=\"Quer Saber de Onde Voc\u00ea Veio? | Blog do Guelmann\" \/>\n<meta property=\"og:description\" content=\"Continuo a s\u00e9rie que comecei recentemente para divulgar os avan\u00e7os tecnol\u00f3gicos israelenses, principalmente aqueles que fazem parte de nosso dia a dia e podem ser acionados atrav\u00e9s dos smartphones. A boa dica de hoje \u00e9 conhecer o trabalho da start-up\u00a0MyHeritage, que \u00e9 um servi\u00e7o que permite descobrir e compartilhar a hist\u00f3ria familiar, proporcionando acesso a [&hellip;]\" \/>\n<meta property=\"og:url\" content=\"https:\/\/gersonguelmann.com.br\/blog\/quer-saber-de-onde-voce-veio\/\" \/>\n<meta property=\"og:site_name\" content=\"Blog do Guelmann\" \/>\n<meta property=\"article:published_time\" content=\"2017-10-13T20:00:50+00:00\" \/>\n<meta property=\"article:modified_time\" content=\"2017-10-13T20:02:18+00:00\" \/>\n<meta property=\"og:image\" content=\"https:\/\/i0.wp.com\/gersonguelmann.com.br\/blog\/wp-content\/uploads\/2017\/10\/AG2.jpg?fit=960%2C640&ssl=1\" \/>\n\t<meta property=\"og:image:width\" content=\"960\" \/>\n\t<meta property=\"og:image:height\" content=\"640\" \/>\n\t<meta property=\"og:image:type\" content=\"image\/jpeg\" \/>\n<meta name=\"author\" content=\"Gerson Guelmann\" \/>\n<meta name=\"twitter:card\" content=\"summary_large_image\" \/>\n<meta name=\"twitter:label1\" content=\"Escrito por\" \/>\n\t<meta name=\"twitter:data1\" content=\"Gerson Guelmann\" \/>\n\t<meta name=\"twitter:label2\" content=\"Est. tempo de leitura\" \/>\n\t<meta name=\"twitter:data2\" content=\"1 minuto\" \/>\n<script type=\"application\/ld+json\" class=\"yoast-schema-graph\">{\"@context\":\"https:\\\/\\\/schema.org\",\"@graph\":[{\"@type\":\"Article\",\"@id\":\"https:\\\/\\\/gersonguelmann.com.br\\\/blog\\\/quer-saber-de-onde-voce-veio\\\/#article\",\"isPartOf\":{\"@id\":\"https:\\\/\\\/gersonguelmann.com.br\\\/blog\\\/quer-saber-de-onde-voce-veio\\\/\"},\"author\":{\"name\":\"Gerson Guelmann\",\"@id\":\"https:\\\/\\\/gersonguelmann.com.br\\\/blog\\\/#\\\/schema\\\/person\\\/87e70e2a786888082f941a482c90569e\"},\"headline\":\"Quer Saber de Onde Voc\u00ea Veio?\",\"datePublished\":\"2017-10-13T20:00:50+00:00\",\"dateModified\":\"2017-10-13T20:02:18+00:00\",\"mainEntityOfPage\":{\"@id\":\"https:\\\/\\\/gersonguelmann.com.br\\\/blog\\\/quer-saber-de-onde-voce-veio\\\/\"},\"wordCount\":157,\"commentCount\":1,\"image\":{\"@id\":\"https:\\\/\\\/gersonguelmann.com.br\\\/blog\\\/quer-saber-de-onde-voce-veio\\\/#primaryimage\"},\"thumbnailUrl\":\"https:\\\/\\\/i0.wp.com\\\/gersonguelmann.com.br\\\/blog\\\/wp-content\\\/uploads\\\/2017\\\/10\\\/AG2.jpg?fit=960%2C640&ssl=1\",\"inLanguage\":\"pt-BR\",\"potentialAction\":[{\"@type\":\"CommentAction\",\"name\":\"Comment\",\"target\":[\"https:\\\/\\\/gersonguelmann.com.br\\\/blog\\\/quer-saber-de-onde-voce-veio\\\/#respond\"]}]},{\"@type\":\"WebPage\",\"@id\":\"https:\\\/\\\/gersonguelmann.com.br\\\/blog\\\/quer-saber-de-onde-voce-veio\\\/\",\"url\":\"https:\\\/\\\/gersonguelmann.com.br\\\/blog\\\/quer-saber-de-onde-voce-veio\\\/\",\"name\":\"Quer Saber de Onde Voc\u00ea Veio? | Blog do Guelmann\",\"isPartOf\":{\"@id\":\"https:\\\/\\\/gersonguelmann.com.br\\\/blog\\\/#website\"},\"primaryImageOfPage\":{\"@id\":\"https:\\\/\\\/gersonguelmann.com.br\\\/blog\\\/quer-saber-de-onde-voce-veio\\\/#primaryimage\"},\"image\":{\"@id\":\"https:\\\/\\\/gersonguelmann.com.br\\\/blog\\\/quer-saber-de-onde-voce-veio\\\/#primaryimage\"},\"thumbnailUrl\":\"https:\\\/\\\/i0.wp.com\\\/gersonguelmann.com.br\\\/blog\\\/wp-content\\\/uploads\\\/2017\\\/10\\\/AG2.jpg?fit=960%2C640&ssl=1\",\"datePublished\":\"2017-10-13T20:00:50+00:00\",\"dateModified\":\"2017-10-13T20:02:18+00:00\",\"author\":{\"@id\":\"https:\\\/\\\/gersonguelmann.com.br\\\/blog\\\/#\\\/schema\\\/person\\\/87e70e2a786888082f941a482c90569e\"},\"inLanguage\":\"pt-BR\",\"potentialAction\":[{\"@type\":\"ReadAction\",\"target\":[\"https:\\\/\\\/gersonguelmann.com.br\\\/blog\\\/quer-saber-de-onde-voce-veio\\\/\"]}]},{\"@type\":\"ImageObject\",\"inLanguage\":\"pt-BR\",\"@id\":\"https:\\\/\\\/gersonguelmann.com.br\\\/blog\\\/quer-saber-de-onde-voce-veio\\\/#primaryimage\",\"url\":\"https:\\\/\\\/i0.wp.com\\\/gersonguelmann.com.br\\\/blog\\\/wp-content\\\/uploads\\\/2017\\\/10\\\/AG2.jpg?fit=960%2C640&ssl=1\",\"contentUrl\":\"https:\\\/\\\/i0.wp.com\\\/gersonguelmann.com.br\\\/blog\\\/wp-content\\\/uploads\\\/2017\\\/10\\\/AG2.jpg?fit=960%2C640&ssl=1\",\"width\":960,\"height\":640},{\"@type\":\"WebSite\",\"@id\":\"https:\\\/\\\/gersonguelmann.com.br\\\/blog\\\/#website\",\"url\":\"https:\\\/\\\/gersonguelmann.com.br\\\/blog\\\/\",\"name\":\"Blog do Guelmann\",\"description\":\"Pitadas da sabedoria e do humor judaicos, assuntos do momento e um pouco das hist\u00f3rias que vivi e testemunhei.\",\"potentialAction\":[{\"@type\":\"SearchAction\",\"target\":{\"@type\":\"EntryPoint\",\"urlTemplate\":\"https:\\\/\\\/gersonguelmann.com.br\\\/blog\\\/?s={search_term_string}\"},\"query-input\":{\"@type\":\"PropertyValueSpecification\",\"valueRequired\":true,\"valueName\":\"search_term_string\"}}],\"inLanguage\":\"pt-BR\"},{\"@type\":\"Person\",\"@id\":\"https:\\\/\\\/gersonguelmann.com.br\\\/blog\\\/#\\\/schema\\\/person\\\/87e70e2a786888082f941a482c90569e\",\"name\":\"Gerson Guelmann\",\"image\":{\"@type\":\"ImageObject\",\"inLanguage\":\"pt-BR\",\"@id\":\"https:\\\/\\\/i0.wp.com\\\/gersonguelmann.com.br\\\/blog\\\/wp-content\\\/uploads\\\/2021\\\/08\\\/BLOG.jpeg?fit=96%2C96&ssl=1\",\"url\":\"https:\\\/\\\/i0.wp.com\\\/gersonguelmann.com.br\\\/blog\\\/wp-content\\\/uploads\\\/2021\\\/08\\\/BLOG.jpeg?fit=96%2C96&ssl=1\",\"contentUrl\":\"https:\\\/\\\/i0.wp.com\\\/gersonguelmann.com.br\\\/blog\\\/wp-content\\\/uploads\\\/2021\\\/08\\\/BLOG.jpeg?fit=96%2C96&ssl=1\",\"caption\":\"Gerson Guelmann\"},\"description\":\"Pitadas da sabedoria e do humor judaicos, assuntos do momento e um pouco das hist\u00f3rias que vivi e testemunhei.\"}]}<\/script>\n<!-- \/ Yoast SEO plugin. -->","yoast_head_json":{"title":"Quer Saber de Onde Voc\u00ea Veio? | Blog do Guelmann","robots":{"index":"index","follow":"follow","max-snippet":"max-snippet:-1","max-image-preview":"max-image-preview:large","max-video-preview":"max-video-preview:-1"},"canonical":"https:\/\/gersonguelmann.com.br\/blog\/quer-saber-de-onde-voce-veio\/","og_locale":"pt_BR","og_type":"article","og_title":"Quer Saber de Onde Voc\u00ea Veio? | Blog do Guelmann","og_description":"Continuo a s\u00e9rie que comecei recentemente para divulgar os avan\u00e7os tecnol\u00f3gicos israelenses, principalmente aqueles que fazem parte de nosso dia a dia e podem ser acionados atrav\u00e9s dos smartphones. A boa dica de hoje \u00e9 conhecer o trabalho da start-up\u00a0MyHeritage, que \u00e9 um servi\u00e7o que permite descobrir e compartilhar a hist\u00f3ria familiar, proporcionando acesso a [&hellip;]","og_url":"https:\/\/gersonguelmann.com.br\/blog\/quer-saber-de-onde-voce-veio\/","og_site_name":"Blog do Guelmann","article_published_time":"2017-10-13T20:00:50+00:00","article_modified_time":"2017-10-13T20:02:18+00:00","og_image":[{"width":960,"height":640,"url":"https:\/\/i0.wp.com\/gersonguelmann.com.br\/blog\/wp-content\/uploads\/2017\/10\/AG2.jpg?fit=960%2C640&ssl=1","type":"image\/jpeg"}],"author":"Gerson Guelmann","twitter_card":"summary_large_image","twitter_misc":{"Escrito por":"Gerson Guelmann","Est. tempo de leitura":"1 minuto"},"schema":{"@context":"https:\/\/schema.org","@graph":[{"@type":"Article","@id":"https:\/\/gersonguelmann.com.br\/blog\/quer-saber-de-onde-voce-veio\/#article","isPartOf":{"@id":"https:\/\/gersonguelmann.com.br\/blog\/quer-saber-de-onde-voce-veio\/"},"author":{"name":"Gerson Guelmann","@id":"https:\/\/gersonguelmann.com.br\/blog\/#\/schema\/person\/87e70e2a786888082f941a482c90569e"},"headline":"Quer Saber de Onde Voc\u00ea Veio?","datePublished":"2017-10-13T20:00:50+00:00","dateModified":"2017-10-13T20:02:18+00:00","mainEntityOfPage":{"@id":"https:\/\/gersonguelmann.com.br\/blog\/quer-saber-de-onde-voce-veio\/"},"wordCount":157,"commentCount":1,"image":{"@id":"https:\/\/gersonguelmann.com.br\/blog\/quer-saber-de-onde-voce-veio\/#primaryimage"},"thumbnailUrl":"https:\/\/i0.wp.com\/gersonguelmann.com.br\/blog\/wp-content\/uploads\/2017\/10\/AG2.jpg?fit=960%2C640&ssl=1","inLanguage":"pt-BR","potentialAction":[{"@type":"CommentAction","name":"Comment","target":["https:\/\/gersonguelmann.com.br\/blog\/quer-saber-de-onde-voce-veio\/#respond"]}]},{"@type":"WebPage","@id":"https:\/\/gersonguelmann.com.br\/blog\/quer-saber-de-onde-voce-veio\/","url":"https:\/\/gersonguelmann.com.br\/blog\/quer-saber-de-onde-voce-veio\/","name":"Quer Saber de Onde Voc\u00ea Veio? | Blog do Guelmann","isPartOf":{"@id":"https:\/\/gersonguelmann.com.br\/blog\/#website"},"primaryImageOfPage":{"@id":"https:\/\/gersonguelmann.com.br\/blog\/quer-saber-de-onde-voce-veio\/#primaryimage"},"image":{"@id":"https:\/\/gersonguelmann.com.br\/blog\/quer-saber-de-onde-voce-veio\/#primaryimage"},"thumbnailUrl":"https:\/\/i0.wp.com\/gersonguelmann.com.br\/blog\/wp-content\/uploads\/2017\/10\/AG2.jpg?fit=960%2C640&ssl=1","datePublished":"2017-10-13T20:00:50+00:00","dateModified":"2017-10-13T20:02:18+00:00","author":{"@id":"https:\/\/gersonguelmann.com.br\/blog\/#\/schema\/person\/87e70e2a786888082f941a482c90569e"},"inLanguage":"pt-BR","potentialAction":[{"@type":"ReadAction","target":["https:\/\/gersonguelmann.com.br\/blog\/quer-saber-de-onde-voce-veio\/"]}]},{"@type":"ImageObject","inLanguage":"pt-BR","@id":"https:\/\/gersonguelmann.com.br\/blog\/quer-saber-de-onde-voce-veio\/#primaryimage","url":"https:\/\/i0.wp.com\/gersonguelmann.com.br\/blog\/wp-content\/uploads\/2017\/10\/AG2.jpg?fit=960%2C640&ssl=1","contentUrl":"https:\/\/i0.wp.com\/gersonguelmann.com.br\/blog\/wp-content\/uploads\/2017\/10\/AG2.jpg?fit=960%2C640&ssl=1","width":960,"height":640},{"@type":"WebSite","@id":"https:\/\/gersonguelmann.com.br\/blog\/#website","url":"https:\/\/gersonguelmann.com.br\/blog\/","name":"Blog do Guelmann","description":"Pitadas da sabedoria e do humor judaicos, assuntos do momento e um pouco das hist\u00f3rias que vivi e testemunhei.","potentialAction":[{"@type":"SearchAction","target":{"@type":"EntryPoint","urlTemplate":"https:\/\/gersonguelmann.com.br\/blog\/?s={search_term_string}"},"query-input":{"@type":"PropertyValueSpecification","valueRequired":true,"valueName":"search_term_string"}}],"inLanguage":"pt-BR"},{"@type":"Person","@id":"https:\/\/gersonguelmann.com.br\/blog\/#\/schema\/person\/87e70e2a786888082f941a482c90569e","name":"Gerson Guelmann","image":{"@type":"ImageObject","inLanguage":"pt-BR","@id":"https:\/\/i0.wp.com\/gersonguelmann.com.br\/blog\/wp-content\/uploads\/2021\/08\/BLOG.jpeg?fit=96%2C96&ssl=1","url":"https:\/\/i0.wp.com\/gersonguelmann.com.br\/blog\/wp-content\/uploads\/2021\/08\/BLOG.jpeg?fit=96%2C96&ssl=1","contentUrl":"https:\/\/i0.wp.com\/gersonguelmann.com.br\/blog\/wp-content\/uploads\/2021\/08\/BLOG.jpeg?fit=96%2C96&ssl=1","caption":"Gerson Guelmann"},"description":"Pitadas da sabedoria e do humor judaicos, assuntos do momento e um pouco das hist\u00f3rias que vivi e testemunhei."}]}},"views":43,"jetpack_publicize_connections":[],"jetpack_featured_media_url":"https:\/\/i0.wp.com\/gersonguelmann.com.br\/blog\/wp-content\/uploads\/2017\/10\/AG2.jpg?fit=960%2C640&ssl=1","jetpack_shortlink":"https:\/\/wp.me\/p96e7O-JH","jetpack-related-posts":[{"id":14989,"url":"https:\/\/gersonguelmann.com.br\/blog\/este-nao-e-apenas-mais-um-dia-em-tua-vida\/","url_meta":{"origin":2833,"position":0},"title":"Este N\u00e3o \u00e9 Apenas Mais um Dia Em Tua Vida","author":"Gerson Guelmann","date":"8 de novembro de 2022","format":false,"excerpt":"Hoje completo meu 75\u00ba anivers\u00e1rio. \u00c9 uma idade que convida \u00e0 contempla\u00e7\u00e3o, e me pareceu apropriado compartilhar com meus Amigos um v\u00eddeo onde belas paisagens s\u00e3o acompanhadas de texto, de autoria do cineasta Louie Schwartzberg. S\u00e3o palavras bem apropriadas para quem chega \u00e0 essa idade e percebe que tem muito\u2026","rel":"","context":"Em &quot;Sem categoria&quot;","block_context":{"text":"Sem categoria","link":"https:\/\/gersonguelmann.com.br\/blog\/category\/sem-categoria\/"},"img":{"alt_text":"","src":"https:\/\/i0.wp.com\/gersonguelmann.com.br\/blog\/wp-content\/uploads\/2018\/11\/another-day-life-1.jpg?resize=350%2C200&ssl=1","width":350,"height":200},"classes":[]},{"id":23034,"url":"https:\/\/gersonguelmann.com.br\/blog\/pilulas-de-humor-judaico\/","url_meta":{"origin":2833,"position":1},"title":"P\u00edlulas de Humor Judaico","author":"Gerson Guelmann","date":"10 de fevereiro de 2023","format":false,"excerpt":"D\u00aa Sara e a Senha Banc\u00e1ria D\u00aa Sara, j\u00e1 passando dos 75, conversava com a amiga Judith, da mesma idade, sobre os problemas causados pela perda de mem\u00f3ria. A certa altura, disse: \u2013 \u201cOlha, uma coisa que est\u00e1 me matando \u00e9 esse neg\u00f3cio de esquecer a senha do banco. Sempre\u2026","rel":"","context":"Em &quot;Sem categoria&quot;","block_context":{"text":"Sem categoria","link":"https:\/\/gersonguelmann.com.br\/blog\/category\/sem-categoria\/"},"img":{"alt_text":"","src":"https:\/\/i0.wp.com\/gersonguelmann.com.br\/blog\/wp-content\/uploads\/2023\/02\/HojePR-1.jpg?fit=960%2C678&ssl=1&resize=350%2C200","width":350,"height":200,"srcset":"https:\/\/i0.wp.com\/gersonguelmann.com.br\/blog\/wp-content\/uploads\/2023\/02\/HojePR-1.jpg?fit=960%2C678&ssl=1&resize=350%2C200 1x, https:\/\/i0.wp.com\/gersonguelmann.com.br\/blog\/wp-content\/uploads\/2023\/02\/HojePR-1.jpg?fit=960%2C678&ssl=1&resize=525%2C300 1.5x, https:\/\/i0.wp.com\/gersonguelmann.com.br\/blog\/wp-content\/uploads\/2023\/02\/HojePR-1.jpg?fit=960%2C678&ssl=1&resize=700%2C400 2x"},"classes":[]},{"id":23120,"url":"https:\/\/gersonguelmann.com.br\/blog\/sexta-do-humor-e-da-cultura-judaica-samuel-e-a-forca-de-vontade\/","url_meta":{"origin":2833,"position":2},"title":"Sexta do Humor e da Cultura Judaica \u2013 Samuel e a For\u00e7a de Vontade","author":"Gerson Guelmann","date":"26 de maio de 2023","format":false,"excerpt":"Samuel e a For\u00e7a de Vontade Samuel chegou do trabalho e assim que colocou os p\u00e9s em casa, Sara, a esposa, o encarou com uma express\u00e3o de desd\u00e9m e falou: - \"Teu amigo Moishe Bloom finalmente parou de fumar\". Samuel deu de ombros, sem demonstrar interesse, e ela continuou: -\u2026","rel":"","context":"Em &quot;Sem categoria&quot;","block_context":{"text":"Sem categoria","link":"https:\/\/gersonguelmann.com.br\/blog\/category\/sem-categoria\/"},"img":{"alt_text":"","src":"https:\/\/i0.wp.com\/gersonguelmann.com.br\/blog\/wp-content\/uploads\/2023\/05\/HojePR-5-scaled.jpg?fit=1200%2C795&ssl=1&resize=350%2C200","width":350,"height":200,"srcset":"https:\/\/i0.wp.com\/gersonguelmann.com.br\/blog\/wp-content\/uploads\/2023\/05\/HojePR-5-scaled.jpg?fit=1200%2C795&ssl=1&resize=350%2C200 1x, https:\/\/i0.wp.com\/gersonguelmann.com.br\/blog\/wp-content\/uploads\/2023\/05\/HojePR-5-scaled.jpg?fit=1200%2C795&ssl=1&resize=525%2C300 1.5x, https:\/\/i0.wp.com\/gersonguelmann.com.br\/blog\/wp-content\/uploads\/2023\/05\/HojePR-5-scaled.jpg?fit=1200%2C795&ssl=1&resize=700%2C400 2x, https:\/\/i0.wp.com\/gersonguelmann.com.br\/blog\/wp-content\/uploads\/2023\/05\/HojePR-5-scaled.jpg?fit=1200%2C795&ssl=1&resize=1050%2C600 3x"},"classes":[]},{"id":15070,"url":"https:\/\/gersonguelmann.com.br\/blog\/o-50o-aniversario-de-casamento-de-eliezer-e-esther\/","url_meta":{"origin":2833,"position":3},"title":"O 50\u00ba Anivers\u00e1rio de Casamento de Eliezer e Esther","author":"Gerson Guelmann","date":"6 de novembro de 2018","format":false,"excerpt":"No 50\u00ba anivers\u00e1rio de seu casamento com Esther, Eliezer passou o dia todo olhando para a esposa e lembrando silenciosamente como foi a vida do casal nesse meio s\u00e9culo de vida. Depois de algum tempo ele disse para ela: - \"Esther, querida, quando nos casamos h\u00e1 50 anos, tudo o\u2026","rel":"","context":"Em &quot;Sem categoria&quot;","block_context":{"text":"Sem categoria","link":"https:\/\/gersonguelmann.com.br\/blog\/category\/sem-categoria\/"},"img":{"alt_text":"","src":"https:\/\/i0.wp.com\/gersonguelmann.com.br\/blog\/wp-content\/uploads\/2018\/11\/images-1.jpg?fit=800%2C1200&ssl=1&resize=350%2C200","width":350,"height":200,"srcset":"https:\/\/i0.wp.com\/gersonguelmann.com.br\/blog\/wp-content\/uploads\/2018\/11\/images-1.jpg?fit=800%2C1200&ssl=1&resize=350%2C200 1x, https:\/\/i0.wp.com\/gersonguelmann.com.br\/blog\/wp-content\/uploads\/2018\/11\/images-1.jpg?fit=800%2C1200&ssl=1&resize=525%2C300 1.5x, https:\/\/i0.wp.com\/gersonguelmann.com.br\/blog\/wp-content\/uploads\/2018\/11\/images-1.jpg?fit=800%2C1200&ssl=1&resize=700%2C400 2x"},"classes":[]},{"id":23537,"url":"https:\/\/gersonguelmann.com.br\/blog\/sexta-do-humor-e-da-cultura-judaica-sure-abelman-e-o-carteiro-de-dus\/","url_meta":{"origin":2833,"position":4},"title":"Sexta do Humor e da Cultura Judaica: Sure Abelman e o Carteiro de D&#8217;us","author":"Gerson Guelmann","date":"30 de agosto de 2024","format":false,"excerpt":"Sure Abelman e o Carteiro de D'us Nathan Benowitz trabalhava para os Correios, e seu trabalho era processar correspond\u00eancias enviadas com endere\u00e7os incompletos ou ileg\u00edveis, pesquisando e fazendo com que chegassem aos destinat\u00e1rios. Um dia ele se deparou com uma carta endere\u00e7ada a D'us, escrita com uma caligrafia tr\u00eamula, sem\u2026","rel":"","context":"Em &quot;Sem categoria&quot;","block_context":{"text":"Sem categoria","link":"https:\/\/gersonguelmann.com.br\/blog\/category\/sem-categoria\/"},"img":{"alt_text":"","src":"https:\/\/i0.wp.com\/gersonguelmann.com.br\/blog\/wp-content\/uploads\/2024\/08\/HojePR-13.jpg?fit=1200%2C800&ssl=1&resize=350%2C200","width":350,"height":200,"srcset":"https:\/\/i0.wp.com\/gersonguelmann.com.br\/blog\/wp-content\/uploads\/2024\/08\/HojePR-13.jpg?fit=1200%2C800&ssl=1&resize=350%2C200 1x, https:\/\/i0.wp.com\/gersonguelmann.com.br\/blog\/wp-content\/uploads\/2024\/08\/HojePR-13.jpg?fit=1200%2C800&ssl=1&resize=525%2C300 1.5x, https:\/\/i0.wp.com\/gersonguelmann.com.br\/blog\/wp-content\/uploads\/2024\/08\/HojePR-13.jpg?fit=1200%2C800&ssl=1&resize=700%2C400 2x, https:\/\/i0.wp.com\/gersonguelmann.com.br\/blog\/wp-content\/uploads\/2024\/08\/HojePR-13.jpg?fit=1200%2C800&ssl=1&resize=1050%2C600 3x"},"classes":[]},{"id":3290,"url":"https:\/\/gersonguelmann.com.br\/blog\/o-que-aconteceu-em-goiania-e-o-bullying\/","url_meta":{"origin":2833,"position":5},"title":"O Que Aconteceu em Goi\u00e2nia e o Bullying","author":"Gerson Guelmann","date":"22 de outubro de 2017","format":false,"excerpt":"https:\/\/www.youtube.com\/watch?v=mnKPEsbTo9s A trag\u00e9dia de Goi\u00e2nia nos atingiu com o impacto de um tapa na cara ao mostrar a realidade mais perversa do bullying. Essa express\u00e3o j\u00e1 entrou em nosso l\u00e9xico e mesmo n\u00e3o havendo uma palavra \u00fanica para descrever o que ela esconde,\u00a0sabemos que sempre existiu, faz parte do dia\u2026","rel":"","context":"Em &quot;Sem categoria&quot;","block_context":{"text":"Sem categoria","link":"https:\/\/gersonguelmann.com.br\/blog\/category\/sem-categoria\/"},"img":{"alt_text":"","src":"https:\/\/i0.wp.com\/gersonguelmann.com.br\/blog\/wp-content\/uploads\/2017\/10\/Bullying.jpg?fit=960%2C635&ssl=1&resize=350%2C200","width":350,"height":200,"srcset":"https:\/\/i0.wp.com\/gersonguelmann.com.br\/blog\/wp-content\/uploads\/2017\/10\/Bullying.jpg?fit=960%2C635&ssl=1&resize=350%2C200 1x, https:\/\/i0.wp.com\/gersonguelmann.com.br\/blog\/wp-content\/uploads\/2017\/10\/Bullying.jpg?fit=960%2C635&ssl=1&resize=525%2C300 1.5x, https:\/\/i0.wp.com\/gersonguelmann.com.br\/blog\/wp-content\/uploads\/2017\/10\/Bullying.jpg?fit=960%2C635&ssl=1&resize=700%2C400 2x"},"classes":[]}],"jetpack_sharing_enabled":true,"post_mailing_queue_ids":[],"_links":{"self":[{"href":"https:\/\/gersonguelmann.com.br\/blog\/wp-json\/wp\/v2\/posts\/2833","targetHints":{"allow":["GET"]}}],"collection":[{"href":"https:\/\/gersonguelmann.com.br\/blog\/wp-json\/wp\/v2\/posts"}],"about":[{"href":"https:\/\/gersonguelmann.com.br\/blog\/wp-json\/wp\/v2\/types\/post"}],"author":[{"embeddable":true,"href":"https:\/\/gersonguelmann.com.br\/blog\/wp-json\/wp\/v2\/users\/5"}],"replies":[{"embeddable":true,"href":"https:\/\/gersonguelmann.com.br\/blog\/wp-json\/wp\/v2\/comments?post=2833"}],"version-history":[{"count":0,"href":"https:\/\/gersonguelmann.com.br\/blog\/wp-json\/wp\/v2\/posts\/2833\/revisions"}],"wp:featuredmedia":[{"embeddable":true,"href":"https:\/\/gersonguelmann.com.br\/blog\/wp-json\/wp\/v2\/media\/2835"}],"wp:attachment":[{"href":"https:\/\/gersonguelmann.com.br\/blog\/wp-json\/wp\/v2\/media?parent=2833"}],"wp:term":[{"taxonomy":"category","embeddable":true,"href":"https:\/\/gersonguelmann.com.br\/blog\/wp-json\/wp\/v2\/categories?post=2833"},{"taxonomy":"post_tag","embeddable":true,"href":"https:\/\/gersonguelmann.com.br\/blog\/wp-json\/wp\/v2\/tags?post=2833"}],"curies":[{"name":"wp","href":"https:\/\/api.w.org\/{rel}","templated":true}]}}