    {"id":2847,"date":"2017-10-13T21:00:01","date_gmt":"2017-10-14T00:00:01","guid":{"rendered":"https:\/\/gersonguelmann.com.br\/blog\/?p=2847"},"modified":"2017-10-13T20:29:17","modified_gmt":"2017-10-13T23:29:17","slug":"recolhido-das-redes","status":"publish","type":"post","link":"https:\/\/gersonguelmann.com.br\/blog\/recolhido-das-redes\/","title":{"rendered":"Recolhido das Redes"},"content":{"rendered":"<p><span style=\"font-family: tahoma, arial, helvetica, sans-serif; font-size: 14pt; color: #000000;\">Com meu pedido antecipado de perd\u00e3o por alguns conceitos que s\u00e3o, digamos, politicamente incorretos, de mau gosto, mal educados ou tudo isso junto:<\/span><\/p>\n<p><span style=\"font-family: tahoma, arial, helvetica, sans-serif; font-size: 14pt; color: #000000;\">LEIS DA ATRA\u00c7\u00c3O, OU\u00a0<\/span><span style=\"font-family: tahoma, arial, helvetica, sans-serif; font-size: 14pt; color: #000000;\">COISAS QUE SE ATRAEM SEM ESFOR\u00c7O NENHUM\u00a0<\/span><\/p>\n<p><span style=\"font-family: tahoma, arial, helvetica, sans-serif; font-size: 14pt; color: #000000;\">Olhos e bunda<\/span><br \/>\n<span style=\"font-family: tahoma, arial, helvetica, sans-serif; font-size: 14pt; color: #000000;\">Pobre e funk<\/span><br \/>\n<span style=\"font-family: tahoma, arial, helvetica, sans-serif; font-size: 14pt; color: #000000;\">Mulher e vitrines<\/span><br \/>\n<span style=\"font-family: tahoma, arial, helvetica, sans-serif; font-size: 14pt; color: #000000;\">Homem e cerveja<\/span><br \/>\n<span style=\"font-family: tahoma, arial, helvetica, sans-serif; font-size: 14pt; color: #000000;\">Chifre e dupla sertaneja<\/span><br \/>\n<span style=\"font-family: tahoma, arial, helvetica, sans-serif; font-size: 14pt; color: #000000;\">Carro de b\u00eabado e poste<\/span><br \/>\n<span style=\"font-family: tahoma, arial, helvetica, sans-serif; font-size: 14pt; color: #000000;\">Tampa de caneta Bic e orelha<\/span><br \/>\n<span style=\"font-family: tahoma, arial, helvetica, sans-serif; font-size: 14pt; color: #000000;\">Moeda e carteira de pobre<\/span><br \/>\n<span style=\"font-family: tahoma, arial, helvetica, sans-serif; font-size: 14pt; color: #000000;\">Tornozelo e pedal de bicicleta<\/span><br \/>\n<span style=\"font-family: tahoma, arial, helvetica, sans-serif; font-size: 14pt; color: #000000;\">Leite fervendo e fog\u00e3o limpinho<\/span><br \/>\n<span style=\"font-family: tahoma, arial, helvetica, sans-serif; font-size: 14pt; color: #000000;\">Pol\u00edtico e dinheiro p\u00fablico<\/span><br \/>\n<span style=\"font-family: tahoma, arial, helvetica, sans-serif; font-size: 14pt; color: #000000;\">Dedinho do p\u00e9 e ponta de m\u00f3veis<\/span><br \/>\n<span style=\"font-family: tahoma, arial, helvetica, sans-serif; font-size: 14pt; color: #000000;\">Camisa branca e molho de tomate<\/span><br \/>\n<span style=\"font-family: tahoma, arial, helvetica, sans-serif; font-size: 14pt; color: #000000;\">Tampa de creme dental e ralo de pia<\/span><br \/>\n<span style=\"font-family: tahoma, arial, helvetica, sans-serif; font-size: 14pt; color: #000000;\">Caf\u00e9 preto e toalha branca na mesa<\/span><br \/>\n<span style=\"font-family: tahoma, arial, helvetica, sans-serif; font-size: 14pt; color: #000000;\">Dezembro na Globo e Roberto Carlos<\/span><br \/>\n<span style=\"font-family: tahoma, arial, helvetica, sans-serif; font-size: 14pt; color: #000000;\">Segundas-feiras e sono<\/span><br \/>\n<span style=\"font-family: tahoma, arial, helvetica, sans-serif; font-size: 14pt; color: #000000;\">Ter\u00e7as-feiras e sono<\/span><br \/>\n<span style=\"font-family: tahoma, arial, helvetica, sans-serif; font-size: 14pt; color: #000000;\">Quartas-feiras e sono<\/span><br \/>\n<span style=\"font-family: tahoma, arial, helvetica, sans-serif; font-size: 14pt; color: #000000;\">Quintas-feiras e sono<\/span><br \/>\n<span style=\"font-family: tahoma, arial, helvetica, sans-serif; font-size: 14pt; color: #000000;\">Sextas-feiras e cervejaaaaaaaaaaaaaaaaa<\/span><br \/>\n<span style=\"font-family: tahoma, arial, helvetica, sans-serif; font-size: 14pt; color: #000000;\">Chuva e carro trancado com a chave dentro<\/span><br \/>\n<span style=\"font-family: tahoma, arial, helvetica, sans-serif; font-size: 14pt; color: #000000;\">Bebedeira e mulher feia<\/span><br \/>\n<span style=\"font-family: tahoma, arial, helvetica, sans-serif; font-size: 14pt; color: #000000;\">Dor de barriga e final de rolo de papel higi\u00eanico<\/span><\/p>\n<p><img data-recalc-dims=\"1\" fetchpriority=\"high\" decoding=\"async\" data-attachment-id=\"2848\" data-permalink=\"https:\/\/gersonguelmann.com.br\/blog\/recolhido-das-redes\/ph\/\" data-orig-file=\"https:\/\/i0.wp.com\/gersonguelmann.com.br\/blog\/wp-content\/uploads\/2017\/10\/PH.jpg?fit=871%2C720&amp;ssl=1\" data-orig-size=\"871,720\" data-comments-opened=\"1\" data-image-meta=\"{&quot;aperture&quot;:&quot;11&quot;,&quot;credit&quot;:&quot;&quot;,&quot;camera&quot;:&quot;Canon EOS 30D&quot;,&quot;caption&quot;:&quot;&quot;,&quot;created_timestamp&quot;:&quot;0&quot;,&quot;copyright&quot;:&quot;&quot;,&quot;focal_length&quot;:&quot;35&quot;,&quot;iso&quot;:&quot;100&quot;,&quot;shutter_speed&quot;:&quot;0.004&quot;,&quot;title&quot;:&quot;&quot;,&quot;orientation&quot;:&quot;0&quot;}\" data-image-title=\"PH\" data-image-description=\"\" data-image-caption=\"\" data-medium-file=\"https:\/\/i0.wp.com\/gersonguelmann.com.br\/blog\/wp-content\/uploads\/2017\/10\/PH.jpg?fit=300%2C248&amp;ssl=1\" data-large-file=\"https:\/\/i0.wp.com\/gersonguelmann.com.br\/blog\/wp-content\/uploads\/2017\/10\/PH.jpg?fit=640%2C529&amp;ssl=1\" class=\"alignnone size-medium wp-image-2848\" src=\"https:\/\/i0.wp.com\/gersonguelmann.com.br\/blog\/wp-content\/uploads\/2017\/10\/PH.jpg?resize=300%2C248&#038;ssl=1\" alt=\"\" width=\"300\" height=\"248\" srcset=\"https:\/\/i0.wp.com\/gersonguelmann.com.br\/blog\/wp-content\/uploads\/2017\/10\/PH.jpg?resize=300%2C248&amp;ssl=1 300w, https:\/\/i0.wp.com\/gersonguelmann.com.br\/blog\/wp-content\/uploads\/2017\/10\/PH.jpg?resize=768%2C635&amp;ssl=1 768w, https:\/\/i0.wp.com\/gersonguelmann.com.br\/blog\/wp-content\/uploads\/2017\/10\/PH.jpg?w=871&amp;ssl=1 871w\" sizes=\"(max-width: 300px) 100vw, 300px\" \/><\/p>\n","protected":false},"excerpt":{"rendered":"<p>Com meu pedido antecipado de perd\u00e3o por alguns conceitos que s\u00e3o, digamos, politicamente incorretos, de mau gosto, mal educados ou tudo isso junto: LEIS DA ATRA\u00c7\u00c3O, OU\u00a0COISAS QUE SE ATRAEM SEM ESFOR\u00c7O NENHUM\u00a0 Olhos e bunda Pobre e funk Mulher e vitrines Homem e cerveja Chifre e dupla sertaneja Carro de b\u00eabado e poste Tampa [&hellip;]<\/p>\n","protected":false},"author":5,"featured_media":2848,"comment_status":"open","ping_status":"open","sticky":false,"template":"","format":"standard","meta":{"_acf_changed":false,"jetpack_post_was_ever_published":false,"_jetpack_newsletter_access":"","_jetpack_dont_email_post_to_subs":false,"_jetpack_newsletter_tier_id":0,"_jetpack_memberships_contains_paywalled_content":false,"_jetpack_memberships_contains_paid_content":false,"footnotes":"","jetpack_publicize_message":"","jetpack_publicize_feature_enabled":true,"jetpack_social_post_already_shared":true,"jetpack_social_options":{"image_generator_settings":{"template":"highway","default_image_id":0,"font":"","enabled":false},"version":2}},"categories":[1],"tags":[],"class_list":["post-2847","post","type-post","status-publish","format-standard","has-post-thumbnail","hentry","category-sem-categoria"],"acf":[],"yoast_head":"<!-- This site is optimized with the Yoast SEO plugin v27.3 - https:\/\/yoast.com\/product\/yoast-seo-wordpress\/ -->\n<title>Recolhido das Redes | Blog do Guelmann<\/title>\n<meta name=\"robots\" content=\"index, follow, max-snippet:-1, max-image-preview:large, max-video-preview:-1\" \/>\n<link rel=\"canonical\" href=\"https:\/\/gersonguelmann.com.br\/blog\/recolhido-das-redes\/\" \/>\n<meta property=\"og:locale\" content=\"pt_BR\" \/>\n<meta property=\"og:type\" content=\"article\" \/>\n<meta property=\"og:title\" content=\"Recolhido das Redes | Blog do Guelmann\" \/>\n<meta property=\"og:description\" content=\"Com meu pedido antecipado de perd\u00e3o por alguns conceitos que s\u00e3o, digamos, politicamente incorretos, de mau gosto, mal educados ou tudo isso junto: LEIS DA ATRA\u00c7\u00c3O, OU\u00a0COISAS QUE SE ATRAEM SEM ESFOR\u00c7O NENHUM\u00a0 Olhos e bunda Pobre e funk Mulher e vitrines Homem e cerveja Chifre e dupla sertaneja Carro de b\u00eabado e poste Tampa [&hellip;]\" \/>\n<meta property=\"og:url\" content=\"https:\/\/gersonguelmann.com.br\/blog\/recolhido-das-redes\/\" \/>\n<meta property=\"og:site_name\" content=\"Blog do Guelmann\" \/>\n<meta property=\"article:published_time\" content=\"2017-10-14T00:00:01+00:00\" \/>\n<meta property=\"og:image\" content=\"https:\/\/i0.wp.com\/gersonguelmann.com.br\/blog\/wp-content\/uploads\/2017\/10\/PH.jpg?fit=871%2C720&ssl=1\" \/>\n\t<meta property=\"og:image:width\" content=\"871\" \/>\n\t<meta property=\"og:image:height\" content=\"720\" \/>\n\t<meta property=\"og:image:type\" content=\"image\/jpeg\" \/>\n<meta name=\"author\" content=\"Gerson Guelmann\" \/>\n<meta name=\"twitter:card\" content=\"summary_large_image\" \/>\n<meta name=\"twitter:label1\" content=\"Escrito por\" \/>\n\t<meta name=\"twitter:data1\" content=\"Gerson Guelmann\" \/>\n\t<meta name=\"twitter:label2\" content=\"Est. tempo de leitura\" \/>\n\t<meta name=\"twitter:data2\" content=\"1 minuto\" \/>\n<script type=\"application\/ld+json\" class=\"yoast-schema-graph\">{\"@context\":\"https:\\\/\\\/schema.org\",\"@graph\":[{\"@type\":\"Article\",\"@id\":\"https:\\\/\\\/gersonguelmann.com.br\\\/blog\\\/recolhido-das-redes\\\/#article\",\"isPartOf\":{\"@id\":\"https:\\\/\\\/gersonguelmann.com.br\\\/blog\\\/recolhido-das-redes\\\/\"},\"author\":{\"name\":\"Gerson Guelmann\",\"@id\":\"https:\\\/\\\/gersonguelmann.com.br\\\/blog\\\/#\\\/schema\\\/person\\\/87e70e2a786888082f941a482c90569e\"},\"headline\":\"Recolhido das Redes\",\"datePublished\":\"2017-10-14T00:00:01+00:00\",\"mainEntityOfPage\":{\"@id\":\"https:\\\/\\\/gersonguelmann.com.br\\\/blog\\\/recolhido-das-redes\\\/\"},\"wordCount\":165,\"commentCount\":1,\"image\":{\"@id\":\"https:\\\/\\\/gersonguelmann.com.br\\\/blog\\\/recolhido-das-redes\\\/#primaryimage\"},\"thumbnailUrl\":\"https:\\\/\\\/i0.wp.com\\\/gersonguelmann.com.br\\\/blog\\\/wp-content\\\/uploads\\\/2017\\\/10\\\/PH.jpg?fit=871%2C720&ssl=1\",\"inLanguage\":\"pt-BR\",\"potentialAction\":[{\"@type\":\"CommentAction\",\"name\":\"Comment\",\"target\":[\"https:\\\/\\\/gersonguelmann.com.br\\\/blog\\\/recolhido-das-redes\\\/#respond\"]}]},{\"@type\":\"WebPage\",\"@id\":\"https:\\\/\\\/gersonguelmann.com.br\\\/blog\\\/recolhido-das-redes\\\/\",\"url\":\"https:\\\/\\\/gersonguelmann.com.br\\\/blog\\\/recolhido-das-redes\\\/\",\"name\":\"Recolhido das Redes | Blog do Guelmann\",\"isPartOf\":{\"@id\":\"https:\\\/\\\/gersonguelmann.com.br\\\/blog\\\/#website\"},\"primaryImageOfPage\":{\"@id\":\"https:\\\/\\\/gersonguelmann.com.br\\\/blog\\\/recolhido-das-redes\\\/#primaryimage\"},\"image\":{\"@id\":\"https:\\\/\\\/gersonguelmann.com.br\\\/blog\\\/recolhido-das-redes\\\/#primaryimage\"},\"thumbnailUrl\":\"https:\\\/\\\/i0.wp.com\\\/gersonguelmann.com.br\\\/blog\\\/wp-content\\\/uploads\\\/2017\\\/10\\\/PH.jpg?fit=871%2C720&ssl=1\",\"datePublished\":\"2017-10-14T00:00:01+00:00\",\"author\":{\"@id\":\"https:\\\/\\\/gersonguelmann.com.br\\\/blog\\\/#\\\/schema\\\/person\\\/87e70e2a786888082f941a482c90569e\"},\"inLanguage\":\"pt-BR\",\"potentialAction\":[{\"@type\":\"ReadAction\",\"target\":[\"https:\\\/\\\/gersonguelmann.com.br\\\/blog\\\/recolhido-das-redes\\\/\"]}]},{\"@type\":\"ImageObject\",\"inLanguage\":\"pt-BR\",\"@id\":\"https:\\\/\\\/gersonguelmann.com.br\\\/blog\\\/recolhido-das-redes\\\/#primaryimage\",\"url\":\"https:\\\/\\\/i0.wp.com\\\/gersonguelmann.com.br\\\/blog\\\/wp-content\\\/uploads\\\/2017\\\/10\\\/PH.jpg?fit=871%2C720&ssl=1\",\"contentUrl\":\"https:\\\/\\\/i0.wp.com\\\/gersonguelmann.com.br\\\/blog\\\/wp-content\\\/uploads\\\/2017\\\/10\\\/PH.jpg?fit=871%2C720&ssl=1\",\"width\":871,\"height\":720},{\"@type\":\"WebSite\",\"@id\":\"https:\\\/\\\/gersonguelmann.com.br\\\/blog\\\/#website\",\"url\":\"https:\\\/\\\/gersonguelmann.com.br\\\/blog\\\/\",\"name\":\"Blog do Guelmann\",\"description\":\"Pitadas da sabedoria e do humor judaicos, assuntos do momento e um pouco das hist\u00f3rias que vivi e testemunhei.\",\"potentialAction\":[{\"@type\":\"SearchAction\",\"target\":{\"@type\":\"EntryPoint\",\"urlTemplate\":\"https:\\\/\\\/gersonguelmann.com.br\\\/blog\\\/?s={search_term_string}\"},\"query-input\":{\"@type\":\"PropertyValueSpecification\",\"valueRequired\":true,\"valueName\":\"search_term_string\"}}],\"inLanguage\":\"pt-BR\"},{\"@type\":\"Person\",\"@id\":\"https:\\\/\\\/gersonguelmann.com.br\\\/blog\\\/#\\\/schema\\\/person\\\/87e70e2a786888082f941a482c90569e\",\"name\":\"Gerson Guelmann\",\"image\":{\"@type\":\"ImageObject\",\"inLanguage\":\"pt-BR\",\"@id\":\"https:\\\/\\\/i0.wp.com\\\/gersonguelmann.com.br\\\/blog\\\/wp-content\\\/uploads\\\/2021\\\/08\\\/BLOG.jpeg?fit=96%2C96&ssl=1\",\"url\":\"https:\\\/\\\/i0.wp.com\\\/gersonguelmann.com.br\\\/blog\\\/wp-content\\\/uploads\\\/2021\\\/08\\\/BLOG.jpeg?fit=96%2C96&ssl=1\",\"contentUrl\":\"https:\\\/\\\/i0.wp.com\\\/gersonguelmann.com.br\\\/blog\\\/wp-content\\\/uploads\\\/2021\\\/08\\\/BLOG.jpeg?fit=96%2C96&ssl=1\",\"caption\":\"Gerson Guelmann\"},\"description\":\"Pitadas da sabedoria e do humor judaicos, assuntos do momento e um pouco das hist\u00f3rias que vivi e testemunhei.\"}]}<\/script>\n<!-- \/ Yoast SEO plugin. -->","yoast_head_json":{"title":"Recolhido das Redes | Blog do Guelmann","robots":{"index":"index","follow":"follow","max-snippet":"max-snippet:-1","max-image-preview":"max-image-preview:large","max-video-preview":"max-video-preview:-1"},"canonical":"https:\/\/gersonguelmann.com.br\/blog\/recolhido-das-redes\/","og_locale":"pt_BR","og_type":"article","og_title":"Recolhido das Redes | Blog do Guelmann","og_description":"Com meu pedido antecipado de perd\u00e3o por alguns conceitos que s\u00e3o, digamos, politicamente incorretos, de mau gosto, mal educados ou tudo isso junto: LEIS DA ATRA\u00c7\u00c3O, OU\u00a0COISAS QUE SE ATRAEM SEM ESFOR\u00c7O NENHUM\u00a0 Olhos e bunda Pobre e funk Mulher e vitrines Homem e cerveja Chifre e dupla sertaneja Carro de b\u00eabado e poste Tampa [&hellip;]","og_url":"https:\/\/gersonguelmann.com.br\/blog\/recolhido-das-redes\/","og_site_name":"Blog do Guelmann","article_published_time":"2017-10-14T00:00:01+00:00","og_image":[{"width":871,"height":720,"url":"https:\/\/i0.wp.com\/gersonguelmann.com.br\/blog\/wp-content\/uploads\/2017\/10\/PH.jpg?fit=871%2C720&ssl=1","type":"image\/jpeg"}],"author":"Gerson Guelmann","twitter_card":"summary_large_image","twitter_misc":{"Escrito por":"Gerson Guelmann","Est. tempo de leitura":"1 minuto"},"schema":{"@context":"https:\/\/schema.org","@graph":[{"@type":"Article","@id":"https:\/\/gersonguelmann.com.br\/blog\/recolhido-das-redes\/#article","isPartOf":{"@id":"https:\/\/gersonguelmann.com.br\/blog\/recolhido-das-redes\/"},"author":{"name":"Gerson Guelmann","@id":"https:\/\/gersonguelmann.com.br\/blog\/#\/schema\/person\/87e70e2a786888082f941a482c90569e"},"headline":"Recolhido das Redes","datePublished":"2017-10-14T00:00:01+00:00","mainEntityOfPage":{"@id":"https:\/\/gersonguelmann.com.br\/blog\/recolhido-das-redes\/"},"wordCount":165,"commentCount":1,"image":{"@id":"https:\/\/gersonguelmann.com.br\/blog\/recolhido-das-redes\/#primaryimage"},"thumbnailUrl":"https:\/\/i0.wp.com\/gersonguelmann.com.br\/blog\/wp-content\/uploads\/2017\/10\/PH.jpg?fit=871%2C720&ssl=1","inLanguage":"pt-BR","potentialAction":[{"@type":"CommentAction","name":"Comment","target":["https:\/\/gersonguelmann.com.br\/blog\/recolhido-das-redes\/#respond"]}]},{"@type":"WebPage","@id":"https:\/\/gersonguelmann.com.br\/blog\/recolhido-das-redes\/","url":"https:\/\/gersonguelmann.com.br\/blog\/recolhido-das-redes\/","name":"Recolhido das Redes | Blog do Guelmann","isPartOf":{"@id":"https:\/\/gersonguelmann.com.br\/blog\/#website"},"primaryImageOfPage":{"@id":"https:\/\/gersonguelmann.com.br\/blog\/recolhido-das-redes\/#primaryimage"},"image":{"@id":"https:\/\/gersonguelmann.com.br\/blog\/recolhido-das-redes\/#primaryimage"},"thumbnailUrl":"https:\/\/i0.wp.com\/gersonguelmann.com.br\/blog\/wp-content\/uploads\/2017\/10\/PH.jpg?fit=871%2C720&ssl=1","datePublished":"2017-10-14T00:00:01+00:00","author":{"@id":"https:\/\/gersonguelmann.com.br\/blog\/#\/schema\/person\/87e70e2a786888082f941a482c90569e"},"inLanguage":"pt-BR","potentialAction":[{"@type":"ReadAction","target":["https:\/\/gersonguelmann.com.br\/blog\/recolhido-das-redes\/"]}]},{"@type":"ImageObject","inLanguage":"pt-BR","@id":"https:\/\/gersonguelmann.com.br\/blog\/recolhido-das-redes\/#primaryimage","url":"https:\/\/i0.wp.com\/gersonguelmann.com.br\/blog\/wp-content\/uploads\/2017\/10\/PH.jpg?fit=871%2C720&ssl=1","contentUrl":"https:\/\/i0.wp.com\/gersonguelmann.com.br\/blog\/wp-content\/uploads\/2017\/10\/PH.jpg?fit=871%2C720&ssl=1","width":871,"height":720},{"@type":"WebSite","@id":"https:\/\/gersonguelmann.com.br\/blog\/#website","url":"https:\/\/gersonguelmann.com.br\/blog\/","name":"Blog do Guelmann","description":"Pitadas da sabedoria e do humor judaicos, assuntos do momento e um pouco das hist\u00f3rias que vivi e testemunhei.","potentialAction":[{"@type":"SearchAction","target":{"@type":"EntryPoint","urlTemplate":"https:\/\/gersonguelmann.com.br\/blog\/?s={search_term_string}"},"query-input":{"@type":"PropertyValueSpecification","valueRequired":true,"valueName":"search_term_string"}}],"inLanguage":"pt-BR"},{"@type":"Person","@id":"https:\/\/gersonguelmann.com.br\/blog\/#\/schema\/person\/87e70e2a786888082f941a482c90569e","name":"Gerson Guelmann","image":{"@type":"ImageObject","inLanguage":"pt-BR","@id":"https:\/\/i0.wp.com\/gersonguelmann.com.br\/blog\/wp-content\/uploads\/2021\/08\/BLOG.jpeg?fit=96%2C96&ssl=1","url":"https:\/\/i0.wp.com\/gersonguelmann.com.br\/blog\/wp-content\/uploads\/2021\/08\/BLOG.jpeg?fit=96%2C96&ssl=1","contentUrl":"https:\/\/i0.wp.com\/gersonguelmann.com.br\/blog\/wp-content\/uploads\/2021\/08\/BLOG.jpeg?fit=96%2C96&ssl=1","caption":"Gerson Guelmann"},"description":"Pitadas da sabedoria e do humor judaicos, assuntos do momento e um pouco das hist\u00f3rias que vivi e testemunhei."}]}},"views":78,"jetpack_publicize_connections":[],"jetpack_featured_media_url":"https:\/\/i0.wp.com\/gersonguelmann.com.br\/blog\/wp-content\/uploads\/2017\/10\/PH.jpg?fit=871%2C720&ssl=1","jetpack_shortlink":"https:\/\/wp.me\/p96e7O-JV","jetpack-related-posts":[{"id":16736,"url":"https:\/\/gersonguelmann.com.br\/blog\/curitibanes-para-estrangeiros\/","url_meta":{"origin":2847,"position":0},"title":"Curitiban\u00eas Para Estrangeiros","author":"Gerson Guelmann","date":"24 de maio de 2019","format":false,"excerpt":"Est\u00e1 circulando na Internet o engra\u00e7ad\u00edssimo Manual da G\u00edria Curitibana, uma compila\u00e7\u00e3o de palavras e express\u00f5es que n\u00f3s \"nativos\" costumamos usar.\u00a0 Verifiquei que foi postado na coluna do Alborghetti Neto no site XVCuritiba, mas est\u00e1 assinado pelo Solan Valente, de quem j\u00e1 publiquei outro texto anteriormente.\u00a0 ADEVOGADO: pessoa formada em\u2026","rel":"","context":"Em &quot;Sem categoria&quot;","block_context":{"text":"Sem categoria","link":"https:\/\/gersonguelmann.com.br\/blog\/category\/sem-categoria\/"},"img":{"alt_text":"","src":"https:\/\/i0.wp.com\/gersonguelmann.com.br\/blog\/wp-content\/uploads\/2019\/05\/Curitiba.jpg?fit=960%2C720&ssl=1&resize=350%2C200","width":350,"height":200,"srcset":"https:\/\/i0.wp.com\/gersonguelmann.com.br\/blog\/wp-content\/uploads\/2019\/05\/Curitiba.jpg?fit=960%2C720&ssl=1&resize=350%2C200 1x, https:\/\/i0.wp.com\/gersonguelmann.com.br\/blog\/wp-content\/uploads\/2019\/05\/Curitiba.jpg?fit=960%2C720&ssl=1&resize=525%2C300 1.5x, https:\/\/i0.wp.com\/gersonguelmann.com.br\/blog\/wp-content\/uploads\/2019\/05\/Curitiba.jpg?fit=960%2C720&ssl=1&resize=700%2C400 2x"},"classes":[]},{"id":6879,"url":"https:\/\/gersonguelmann.com.br\/blog\/isaias-e-samuel-no-lar-de-idosos-ou-pretensao-pouca-e-bobagem\/","url_meta":{"origin":2847,"position":1},"title":"Isa\u00edas e Samuel no Lar de Idosos (ou Pretens\u00e3o Pouca \u00e9 Bobagem)","author":"Gerson Guelmann","date":"4 de novembro de 2019","format":false,"excerpt":"Isa\u00edas, com 97 anos, e Samuel, com 89, moravam num Lar de Idosos, onde j\u00e1 h\u00e1 alguns anos dividiam o mesmo apartamento. O acolhimento tinha uma excelente estrutura e ali eles recebiam todos os cuidados do pessoal de enfermagem. Um dia Isa\u00edas come\u00e7ou a conversar com o companheiro de quarto:\u2026","rel":"","context":"Em &quot;Sem categoria&quot;","block_context":{"text":"Sem categoria","link":"https:\/\/gersonguelmann.com.br\/blog\/category\/sem-categoria\/"},"img":{"alt_text":"","src":"https:\/\/i0.wp.com\/gersonguelmann.com.br\/blog\/wp-content\/uploads\/2018\/01\/Idosos.jpg?resize=350%2C200&ssl=1","width":350,"height":200},"classes":[]},{"id":26021,"url":"https:\/\/gersonguelmann.com.br\/blog\/o-jaba-nosso-de-cada-dia\/","url_meta":{"origin":2847,"position":2},"title":"O Jab\u00e1 Nosso de Cada Dia","author":"Gerson Guelmann","date":"2 de junho de 2025","format":false,"excerpt":"jab\u00e1 substantivo masculino [Brasil] Carne de vaca seca com muito sal e ressecada ao sol ou em estufa. = carne-seca, charque [Brasil] Dinheiro ou bem oferecido a algu\u00e9m em troca de favor ou neg\u00f3cio lucrativo, geralmente il\u00edcito. = suborno [Brasil] Quantia em dinheiro dada como recompensa al\u00e9m do pagamento habitual.\u2026","rel":"","context":"Em &quot;Sem categoria&quot;","block_context":{"text":"Sem categoria","link":"https:\/\/gersonguelmann.com.br\/blog\/category\/sem-categoria\/"},"img":{"alt_text":"","src":"https:\/\/i0.wp.com\/gersonguelmann.com.br\/blog\/wp-content\/uploads\/2025\/06\/0206-4.jpg?fit=400%2C600&ssl=1&resize=350%2C200","width":350,"height":200},"classes":[]},{"id":6169,"url":"https:\/\/gersonguelmann.com.br\/blog\/nao-va-ficar-sem-whatsapp\/","url_meta":{"origin":2847,"position":3},"title":"N\u00e3o V\u00e1 Ficar sem WhatsApp&#8230;","author":"Gerson Guelmann","date":"26 de dezembro de 2017","format":false,"excerpt":"Se o teu celular \u00e9 mais antigo voc\u00ea pode ficar sem WhatsApp a qualquer momento. Se ele for um modelo com Windows Phone ou BlackBerry o aplicativo deixar\u00e1 de receber suporte em algumas vers\u00f5es desses sistemas no pr\u00f3ximo dia 31. Isso significa que o desenvolvedor do WhatsApp n\u00e3o fornecer\u00e1 mais\u2026","rel":"","context":"Em &quot;Sem categoria&quot;","block_context":{"text":"Sem categoria","link":"https:\/\/gersonguelmann.com.br\/blog\/category\/sem-categoria\/"},"img":{"alt_text":"","src":"https:\/\/i0.wp.com\/gersonguelmann.com.br\/blog\/wp-content\/uploads\/2017\/12\/WA-1.jpg?fit=960%2C576&ssl=1&resize=350%2C200","width":350,"height":200,"srcset":"https:\/\/i0.wp.com\/gersonguelmann.com.br\/blog\/wp-content\/uploads\/2017\/12\/WA-1.jpg?fit=960%2C576&ssl=1&resize=350%2C200 1x, https:\/\/i0.wp.com\/gersonguelmann.com.br\/blog\/wp-content\/uploads\/2017\/12\/WA-1.jpg?fit=960%2C576&ssl=1&resize=525%2C300 1.5x, https:\/\/i0.wp.com\/gersonguelmann.com.br\/blog\/wp-content\/uploads\/2017\/12\/WA-1.jpg?fit=960%2C576&ssl=1&resize=700%2C400 2x"},"classes":[]},{"id":11148,"url":"https:\/\/gersonguelmann.com.br\/blog\/whatsfake-ou-fakeapp\/","url_meta":{"origin":2847,"position":4},"title":"WhatsFake ou FakeApp?","author":"Gerson Guelmann","date":"2 de abril de 2018","format":false,"excerpt":"N\u00e3o sei quantos s\u00e3o os usu\u00e1rios do WhatsApp no mundo. H\u00e1 dois anos j\u00e1 eram mais de 1 bilh\u00e3o. N\u00e3o h\u00e1 como fugir dele. Para o bem e para o mal, ele veio para ficar. Pode ser uma arma a favor ou contra, depende de como queremos usar. Como qualquer\u2026","rel":"","context":"Em &quot;Sem categoria&quot;","block_context":{"text":"Sem categoria","link":"https:\/\/gersonguelmann.com.br\/blog\/category\/sem-categoria\/"},"img":{"alt_text":"","src":"https:\/\/i0.wp.com\/gersonguelmann.com.br\/blog\/wp-content\/uploads\/2018\/04\/Fake.png?resize=350%2C200&ssl=1","width":350,"height":200},"classes":[]},{"id":2593,"url":"https:\/\/gersonguelmann.com.br\/blog\/picanha-ou-jacare\/","url_meta":{"origin":2847,"position":5},"title":"Picanha ou Jacar\u00e9?","author":"Gerson Guelmann","date":"7 de outubro de 2017","format":false,"excerpt":"Voc\u00ea j\u00e1 comeu carne de jacar\u00e9? Eu comi uma \u00fanica vez, no Restaurante Tavares em Belo Horizonte, que ainda existe e \u00e9 especializado nas chamadas \"carnes de ca\u00e7a.\"\u00a0Lembro de ter gostado, mas como foi a \u00fanica vez, \u00e9 dif\u00edcil dizer com certeza. Parece que agora todos vamos poder comer com\u2026","rel":"","context":"Em &quot;Sem categoria&quot;","block_context":{"text":"Sem categoria","link":"https:\/\/gersonguelmann.com.br\/blog\/category\/sem-categoria\/"},"img":{"alt_text":"","src":"https:\/\/i0.wp.com\/gersonguelmann.com.br\/blog\/wp-content\/uploads\/2017\/10\/Jacar%C3%A9-1.jpg?fit=960%2C638&ssl=1&resize=350%2C200","width":350,"height":200,"srcset":"https:\/\/i0.wp.com\/gersonguelmann.com.br\/blog\/wp-content\/uploads\/2017\/10\/Jacar%C3%A9-1.jpg?fit=960%2C638&ssl=1&resize=350%2C200 1x, https:\/\/i0.wp.com\/gersonguelmann.com.br\/blog\/wp-content\/uploads\/2017\/10\/Jacar%C3%A9-1.jpg?fit=960%2C638&ssl=1&resize=525%2C300 1.5x, https:\/\/i0.wp.com\/gersonguelmann.com.br\/blog\/wp-content\/uploads\/2017\/10\/Jacar%C3%A9-1.jpg?fit=960%2C638&ssl=1&resize=700%2C400 2x"},"classes":[]}],"jetpack_sharing_enabled":true,"post_mailing_queue_ids":[],"_links":{"self":[{"href":"https:\/\/gersonguelmann.com.br\/blog\/wp-json\/wp\/v2\/posts\/2847","targetHints":{"allow":["GET"]}}],"collection":[{"href":"https:\/\/gersonguelmann.com.br\/blog\/wp-json\/wp\/v2\/posts"}],"about":[{"href":"https:\/\/gersonguelmann.com.br\/blog\/wp-json\/wp\/v2\/types\/post"}],"author":[{"embeddable":true,"href":"https:\/\/gersonguelmann.com.br\/blog\/wp-json\/wp\/v2\/users\/5"}],"replies":[{"embeddable":true,"href":"https:\/\/gersonguelmann.com.br\/blog\/wp-json\/wp\/v2\/comments?post=2847"}],"version-history":[{"count":0,"href":"https:\/\/gersonguelmann.com.br\/blog\/wp-json\/wp\/v2\/posts\/2847\/revisions"}],"wp:featuredmedia":[{"embeddable":true,"href":"https:\/\/gersonguelmann.com.br\/blog\/wp-json\/wp\/v2\/media\/2848"}],"wp:attachment":[{"href":"https:\/\/gersonguelmann.com.br\/blog\/wp-json\/wp\/v2\/media?parent=2847"}],"wp:term":[{"taxonomy":"category","embeddable":true,"href":"https:\/\/gersonguelmann.com.br\/blog\/wp-json\/wp\/v2\/categories?post=2847"},{"taxonomy":"post_tag","embeddable":true,"href":"https:\/\/gersonguelmann.com.br\/blog\/wp-json\/wp\/v2\/tags?post=2847"}],"curies":[{"name":"wp","href":"https:\/\/api.w.org\/{rel}","templated":true}]}}