    {"id":3235,"date":"2017-10-20T21:04:52","date_gmt":"2017-10-20T23:04:52","guid":{"rendered":"https:\/\/gersonguelmann.com.br\/blog\/?p=3235"},"modified":"2017-10-20T21:04:52","modified_gmt":"2017-10-20T23:04:52","slug":"se-existisse-isso-epoca-andraus-joelma","status":"publish","type":"post","link":"https:\/\/gersonguelmann.com.br\/blog\/se-existisse-isso-epoca-andraus-joelma\/","title":{"rendered":"E Se Existisse Isso na \u00c9poca do Andraus e do Joelma?"},"content":{"rendered":"<p><span class=\"embed-youtube\" style=\"text-align:center; display: block;\"><iframe class=\"youtube-player\" width=\"640\" height=\"360\" src=\"https:\/\/www.youtube.com\/embed\/f5tpFTR4IjU?version=3&#038;rel=1&#038;showsearch=0&#038;showinfo=1&#038;iv_load_policy=1&#038;fs=1&#038;hl=pt-BR&#038;autohide=2&#038;wmode=transparent\" allowfullscreen=\"true\" style=\"border:0;\" sandbox=\"allow-scripts allow-same-origin allow-popups allow-presentation allow-popups-to-escape-sandbox\"><\/iframe><\/span><\/p>\n<p>&nbsp;<\/p>\n<p><span style=\"font-family: tahoma, arial, helvetica, sans-serif; font-size: 14pt; color: #000000;\">Recebi o v\u00eddeo desse equipamento criado por uma empresa israelense e lembrei de duas trag\u00e9dias que aconteceram em S\u00e3o Paulo h\u00e1 muito tempo.\u00a0<\/span><\/p>\n<p><span style=\"font-family: tahoma, arial, helvetica, sans-serif; font-size: 14pt; color: #000000;\">Dois edif\u00edcios incendiaram no espa\u00e7o de dois anos: o\u00a0Andraus em 24\/2\/1972, onde\u00a016 pessoas morreram e 330 ficaram feridas, e o\u00a0Joelma em 1\/2\/1974, que deixou 191 mortos e tamb\u00e9m mais de 300 feridos.<\/span><\/p>\n<p><span style=\"font-family: tahoma, arial, helvetica, sans-serif; font-size: 14pt; color: #000000;\">Ambos os pr\u00e9dios era novos e os inc\u00eandios fizeram com que as medidas de preven\u00e7\u00e3o exigidas pela Prefeitura de S\u00e3o Paulo fossem revistas.<\/span><\/p>\n<p><span style=\"font-family: tahoma, arial, helvetica, sans-serif; font-size: 14pt; color: #000000;\">Tomara que o dispositivo se mostre vi\u00e1vel e seja implantado no maior n\u00famero poss\u00edvel de pr\u00e9dios.<\/span><\/p>\n<p><img data-recalc-dims=\"1\" fetchpriority=\"high\" decoding=\"async\" data-attachment-id=\"3236\" data-permalink=\"https:\/\/gersonguelmann.com.br\/blog\/se-existisse-isso-epoca-andraus-joelma\/joelma\/\" data-orig-file=\"https:\/\/i0.wp.com\/gersonguelmann.com.br\/blog\/wp-content\/uploads\/2017\/10\/Joelma.jpg?fit=1024%2C768&amp;ssl=1\" data-orig-size=\"1024,768\" data-comments-opened=\"1\" data-image-meta=\"{&quot;aperture&quot;:&quot;0&quot;,&quot;credit&quot;:&quot;&quot;,&quot;camera&quot;:&quot;&quot;,&quot;caption&quot;:&quot;&quot;,&quot;created_timestamp&quot;:&quot;0&quot;,&quot;copyright&quot;:&quot;&quot;,&quot;focal_length&quot;:&quot;0&quot;,&quot;iso&quot;:&quot;0&quot;,&quot;shutter_speed&quot;:&quot;0&quot;,&quot;title&quot;:&quot;&quot;,&quot;orientation&quot;:&quot;0&quot;}\" data-image-title=\"Joelma\" data-image-description=\"\" data-image-caption=\"\" data-medium-file=\"https:\/\/i0.wp.com\/gersonguelmann.com.br\/blog\/wp-content\/uploads\/2017\/10\/Joelma.jpg?fit=300%2C225&amp;ssl=1\" data-large-file=\"https:\/\/i0.wp.com\/gersonguelmann.com.br\/blog\/wp-content\/uploads\/2017\/10\/Joelma.jpg?fit=640%2C480&amp;ssl=1\" class=\"size-medium wp-image-3236 aligncenter\" src=\"https:\/\/i0.wp.com\/gersonguelmann.com.br\/blog\/wp-content\/uploads\/2017\/10\/Joelma.jpg?resize=300%2C225&#038;ssl=1\" alt=\"\" width=\"300\" height=\"225\" srcset=\"https:\/\/i0.wp.com\/gersonguelmann.com.br\/blog\/wp-content\/uploads\/2017\/10\/Joelma.jpg?resize=300%2C225&amp;ssl=1 300w, https:\/\/i0.wp.com\/gersonguelmann.com.br\/blog\/wp-content\/uploads\/2017\/10\/Joelma.jpg?resize=768%2C576&amp;ssl=1 768w, https:\/\/i0.wp.com\/gersonguelmann.com.br\/blog\/wp-content\/uploads\/2017\/10\/Joelma.jpg?w=1024&amp;ssl=1 1024w\" sizes=\"(max-width: 300px) 100vw, 300px\" \/><\/p>\n","protected":false},"excerpt":{"rendered":"<p>&nbsp; Recebi o v\u00eddeo desse equipamento criado por uma empresa israelense e lembrei de duas trag\u00e9dias que aconteceram em S\u00e3o Paulo h\u00e1 muito tempo.\u00a0 Dois edif\u00edcios incendiaram no espa\u00e7o de dois anos: o\u00a0Andraus em 24\/2\/1972, onde\u00a016 pessoas morreram e 330 ficaram feridas, e o\u00a0Joelma em 1\/2\/1974, que deixou 191 mortos e tamb\u00e9m mais de 300 [&hellip;]<\/p>\n","protected":false},"author":5,"featured_media":3236,"comment_status":"open","ping_status":"open","sticky":false,"template":"","format":"standard","meta":{"_acf_changed":false,"jetpack_post_was_ever_published":false,"_jetpack_newsletter_access":"","_jetpack_dont_email_post_to_subs":false,"_jetpack_newsletter_tier_id":0,"_jetpack_memberships_contains_paywalled_content":false,"_jetpack_memberships_contains_paid_content":false,"footnotes":"","jetpack_publicize_message":"","jetpack_publicize_feature_enabled":true,"jetpack_social_post_already_shared":true,"jetpack_social_options":{"image_generator_settings":{"template":"highway","default_image_id":0,"font":"","enabled":false},"version":2}},"categories":[1],"tags":[],"class_list":["post-3235","post","type-post","status-publish","format-standard","has-post-thumbnail","hentry","category-sem-categoria"],"acf":[],"yoast_head":"<!-- This site is optimized with the Yoast SEO plugin v27.3 - https:\/\/yoast.com\/product\/yoast-seo-wordpress\/ -->\n<title>E Se Existisse Isso na \u00c9poca do Andraus e do Joelma? | Blog do Guelmann<\/title>\n<meta name=\"robots\" content=\"index, follow, max-snippet:-1, max-image-preview:large, max-video-preview:-1\" \/>\n<link rel=\"canonical\" href=\"https:\/\/gersonguelmann.com.br\/blog\/se-existisse-isso-epoca-andraus-joelma\/\" \/>\n<meta property=\"og:locale\" content=\"pt_BR\" \/>\n<meta property=\"og:type\" content=\"article\" \/>\n<meta property=\"og:title\" content=\"E Se Existisse Isso na \u00c9poca do Andraus e do Joelma? | Blog do Guelmann\" \/>\n<meta property=\"og:description\" content=\"&nbsp; Recebi o v\u00eddeo desse equipamento criado por uma empresa israelense e lembrei de duas trag\u00e9dias que aconteceram em S\u00e3o Paulo h\u00e1 muito tempo.\u00a0 Dois edif\u00edcios incendiaram no espa\u00e7o de dois anos: o\u00a0Andraus em 24\/2\/1972, onde\u00a016 pessoas morreram e 330 ficaram feridas, e o\u00a0Joelma em 1\/2\/1974, que deixou 191 mortos e tamb\u00e9m mais de 300 [&hellip;]\" \/>\n<meta property=\"og:url\" content=\"https:\/\/gersonguelmann.com.br\/blog\/se-existisse-isso-epoca-andraus-joelma\/\" \/>\n<meta property=\"og:site_name\" content=\"Blog do Guelmann\" \/>\n<meta property=\"article:published_time\" content=\"2017-10-20T23:04:52+00:00\" \/>\n<meta property=\"og:image\" content=\"https:\/\/i0.wp.com\/gersonguelmann.com.br\/blog\/wp-content\/uploads\/2017\/10\/Joelma.jpg?fit=1024%2C768&ssl=1\" \/>\n\t<meta property=\"og:image:width\" content=\"1024\" \/>\n\t<meta property=\"og:image:height\" content=\"768\" \/>\n\t<meta property=\"og:image:type\" content=\"image\/jpeg\" \/>\n<meta name=\"author\" content=\"Gerson Guelmann\" \/>\n<meta name=\"twitter:card\" content=\"summary_large_image\" \/>\n<meta name=\"twitter:label1\" content=\"Escrito por\" \/>\n\t<meta name=\"twitter:data1\" content=\"Gerson Guelmann\" \/>\n\t<meta name=\"twitter:label2\" content=\"Est. tempo de leitura\" \/>\n\t<meta name=\"twitter:data2\" content=\"1 minuto\" \/>\n<script type=\"application\/ld+json\" class=\"yoast-schema-graph\">{\"@context\":\"https:\\\/\\\/schema.org\",\"@graph\":[{\"@type\":\"Article\",\"@id\":\"https:\\\/\\\/gersonguelmann.com.br\\\/blog\\\/se-existisse-isso-epoca-andraus-joelma\\\/#article\",\"isPartOf\":{\"@id\":\"https:\\\/\\\/gersonguelmann.com.br\\\/blog\\\/se-existisse-isso-epoca-andraus-joelma\\\/\"},\"author\":{\"name\":\"Gerson Guelmann\",\"@id\":\"https:\\\/\\\/gersonguelmann.com.br\\\/blog\\\/#\\\/schema\\\/person\\\/87e70e2a786888082f941a482c90569e\"},\"headline\":\"E Se Existisse Isso na \u00c9poca do Andraus e do Joelma?\",\"datePublished\":\"2017-10-20T23:04:52+00:00\",\"mainEntityOfPage\":{\"@id\":\"https:\\\/\\\/gersonguelmann.com.br\\\/blog\\\/se-existisse-isso-epoca-andraus-joelma\\\/\"},\"wordCount\":130,\"commentCount\":0,\"image\":{\"@id\":\"https:\\\/\\\/gersonguelmann.com.br\\\/blog\\\/se-existisse-isso-epoca-andraus-joelma\\\/#primaryimage\"},\"thumbnailUrl\":\"https:\\\/\\\/i0.wp.com\\\/gersonguelmann.com.br\\\/blog\\\/wp-content\\\/uploads\\\/2017\\\/10\\\/Joelma.jpg?fit=1024%2C768&ssl=1\",\"inLanguage\":\"pt-BR\",\"potentialAction\":[{\"@type\":\"CommentAction\",\"name\":\"Comment\",\"target\":[\"https:\\\/\\\/gersonguelmann.com.br\\\/blog\\\/se-existisse-isso-epoca-andraus-joelma\\\/#respond\"]}]},{\"@type\":\"WebPage\",\"@id\":\"https:\\\/\\\/gersonguelmann.com.br\\\/blog\\\/se-existisse-isso-epoca-andraus-joelma\\\/\",\"url\":\"https:\\\/\\\/gersonguelmann.com.br\\\/blog\\\/se-existisse-isso-epoca-andraus-joelma\\\/\",\"name\":\"E Se Existisse Isso na \u00c9poca do Andraus e do Joelma? | Blog do Guelmann\",\"isPartOf\":{\"@id\":\"https:\\\/\\\/gersonguelmann.com.br\\\/blog\\\/#website\"},\"primaryImageOfPage\":{\"@id\":\"https:\\\/\\\/gersonguelmann.com.br\\\/blog\\\/se-existisse-isso-epoca-andraus-joelma\\\/#primaryimage\"},\"image\":{\"@id\":\"https:\\\/\\\/gersonguelmann.com.br\\\/blog\\\/se-existisse-isso-epoca-andraus-joelma\\\/#primaryimage\"},\"thumbnailUrl\":\"https:\\\/\\\/i0.wp.com\\\/gersonguelmann.com.br\\\/blog\\\/wp-content\\\/uploads\\\/2017\\\/10\\\/Joelma.jpg?fit=1024%2C768&ssl=1\",\"datePublished\":\"2017-10-20T23:04:52+00:00\",\"author\":{\"@id\":\"https:\\\/\\\/gersonguelmann.com.br\\\/blog\\\/#\\\/schema\\\/person\\\/87e70e2a786888082f941a482c90569e\"},\"inLanguage\":\"pt-BR\",\"potentialAction\":[{\"@type\":\"ReadAction\",\"target\":[\"https:\\\/\\\/gersonguelmann.com.br\\\/blog\\\/se-existisse-isso-epoca-andraus-joelma\\\/\"]}]},{\"@type\":\"ImageObject\",\"inLanguage\":\"pt-BR\",\"@id\":\"https:\\\/\\\/gersonguelmann.com.br\\\/blog\\\/se-existisse-isso-epoca-andraus-joelma\\\/#primaryimage\",\"url\":\"https:\\\/\\\/i0.wp.com\\\/gersonguelmann.com.br\\\/blog\\\/wp-content\\\/uploads\\\/2017\\\/10\\\/Joelma.jpg?fit=1024%2C768&ssl=1\",\"contentUrl\":\"https:\\\/\\\/i0.wp.com\\\/gersonguelmann.com.br\\\/blog\\\/wp-content\\\/uploads\\\/2017\\\/10\\\/Joelma.jpg?fit=1024%2C768&ssl=1\",\"width\":1024,\"height\":768},{\"@type\":\"WebSite\",\"@id\":\"https:\\\/\\\/gersonguelmann.com.br\\\/blog\\\/#website\",\"url\":\"https:\\\/\\\/gersonguelmann.com.br\\\/blog\\\/\",\"name\":\"Blog do Guelmann\",\"description\":\"Pitadas da sabedoria e do humor judaicos, assuntos do momento e um pouco das hist\u00f3rias que vivi e testemunhei.\",\"potentialAction\":[{\"@type\":\"SearchAction\",\"target\":{\"@type\":\"EntryPoint\",\"urlTemplate\":\"https:\\\/\\\/gersonguelmann.com.br\\\/blog\\\/?s={search_term_string}\"},\"query-input\":{\"@type\":\"PropertyValueSpecification\",\"valueRequired\":true,\"valueName\":\"search_term_string\"}}],\"inLanguage\":\"pt-BR\"},{\"@type\":\"Person\",\"@id\":\"https:\\\/\\\/gersonguelmann.com.br\\\/blog\\\/#\\\/schema\\\/person\\\/87e70e2a786888082f941a482c90569e\",\"name\":\"Gerson Guelmann\",\"image\":{\"@type\":\"ImageObject\",\"inLanguage\":\"pt-BR\",\"@id\":\"https:\\\/\\\/i0.wp.com\\\/gersonguelmann.com.br\\\/blog\\\/wp-content\\\/uploads\\\/2021\\\/08\\\/BLOG.jpeg?fit=96%2C96&ssl=1\",\"url\":\"https:\\\/\\\/i0.wp.com\\\/gersonguelmann.com.br\\\/blog\\\/wp-content\\\/uploads\\\/2021\\\/08\\\/BLOG.jpeg?fit=96%2C96&ssl=1\",\"contentUrl\":\"https:\\\/\\\/i0.wp.com\\\/gersonguelmann.com.br\\\/blog\\\/wp-content\\\/uploads\\\/2021\\\/08\\\/BLOG.jpeg?fit=96%2C96&ssl=1\",\"caption\":\"Gerson Guelmann\"},\"description\":\"Pitadas da sabedoria e do humor judaicos, assuntos do momento e um pouco das hist\u00f3rias que vivi e testemunhei.\"}]}<\/script>\n<!-- \/ Yoast SEO plugin. -->","yoast_head_json":{"title":"E Se Existisse Isso na \u00c9poca do Andraus e do Joelma? | Blog do Guelmann","robots":{"index":"index","follow":"follow","max-snippet":"max-snippet:-1","max-image-preview":"max-image-preview:large","max-video-preview":"max-video-preview:-1"},"canonical":"https:\/\/gersonguelmann.com.br\/blog\/se-existisse-isso-epoca-andraus-joelma\/","og_locale":"pt_BR","og_type":"article","og_title":"E Se Existisse Isso na \u00c9poca do Andraus e do Joelma? | Blog do Guelmann","og_description":"&nbsp; Recebi o v\u00eddeo desse equipamento criado por uma empresa israelense e lembrei de duas trag\u00e9dias que aconteceram em S\u00e3o Paulo h\u00e1 muito tempo.\u00a0 Dois edif\u00edcios incendiaram no espa\u00e7o de dois anos: o\u00a0Andraus em 24\/2\/1972, onde\u00a016 pessoas morreram e 330 ficaram feridas, e o\u00a0Joelma em 1\/2\/1974, que deixou 191 mortos e tamb\u00e9m mais de 300 [&hellip;]","og_url":"https:\/\/gersonguelmann.com.br\/blog\/se-existisse-isso-epoca-andraus-joelma\/","og_site_name":"Blog do Guelmann","article_published_time":"2017-10-20T23:04:52+00:00","og_image":[{"width":1024,"height":768,"url":"https:\/\/i0.wp.com\/gersonguelmann.com.br\/blog\/wp-content\/uploads\/2017\/10\/Joelma.jpg?fit=1024%2C768&ssl=1","type":"image\/jpeg"}],"author":"Gerson Guelmann","twitter_card":"summary_large_image","twitter_misc":{"Escrito por":"Gerson Guelmann","Est. tempo de leitura":"1 minuto"},"schema":{"@context":"https:\/\/schema.org","@graph":[{"@type":"Article","@id":"https:\/\/gersonguelmann.com.br\/blog\/se-existisse-isso-epoca-andraus-joelma\/#article","isPartOf":{"@id":"https:\/\/gersonguelmann.com.br\/blog\/se-existisse-isso-epoca-andraus-joelma\/"},"author":{"name":"Gerson Guelmann","@id":"https:\/\/gersonguelmann.com.br\/blog\/#\/schema\/person\/87e70e2a786888082f941a482c90569e"},"headline":"E Se Existisse Isso na \u00c9poca do Andraus e do Joelma?","datePublished":"2017-10-20T23:04:52+00:00","mainEntityOfPage":{"@id":"https:\/\/gersonguelmann.com.br\/blog\/se-existisse-isso-epoca-andraus-joelma\/"},"wordCount":130,"commentCount":0,"image":{"@id":"https:\/\/gersonguelmann.com.br\/blog\/se-existisse-isso-epoca-andraus-joelma\/#primaryimage"},"thumbnailUrl":"https:\/\/i0.wp.com\/gersonguelmann.com.br\/blog\/wp-content\/uploads\/2017\/10\/Joelma.jpg?fit=1024%2C768&ssl=1","inLanguage":"pt-BR","potentialAction":[{"@type":"CommentAction","name":"Comment","target":["https:\/\/gersonguelmann.com.br\/blog\/se-existisse-isso-epoca-andraus-joelma\/#respond"]}]},{"@type":"WebPage","@id":"https:\/\/gersonguelmann.com.br\/blog\/se-existisse-isso-epoca-andraus-joelma\/","url":"https:\/\/gersonguelmann.com.br\/blog\/se-existisse-isso-epoca-andraus-joelma\/","name":"E Se Existisse Isso na \u00c9poca do Andraus e do Joelma? | Blog do Guelmann","isPartOf":{"@id":"https:\/\/gersonguelmann.com.br\/blog\/#website"},"primaryImageOfPage":{"@id":"https:\/\/gersonguelmann.com.br\/blog\/se-existisse-isso-epoca-andraus-joelma\/#primaryimage"},"image":{"@id":"https:\/\/gersonguelmann.com.br\/blog\/se-existisse-isso-epoca-andraus-joelma\/#primaryimage"},"thumbnailUrl":"https:\/\/i0.wp.com\/gersonguelmann.com.br\/blog\/wp-content\/uploads\/2017\/10\/Joelma.jpg?fit=1024%2C768&ssl=1","datePublished":"2017-10-20T23:04:52+00:00","author":{"@id":"https:\/\/gersonguelmann.com.br\/blog\/#\/schema\/person\/87e70e2a786888082f941a482c90569e"},"inLanguage":"pt-BR","potentialAction":[{"@type":"ReadAction","target":["https:\/\/gersonguelmann.com.br\/blog\/se-existisse-isso-epoca-andraus-joelma\/"]}]},{"@type":"ImageObject","inLanguage":"pt-BR","@id":"https:\/\/gersonguelmann.com.br\/blog\/se-existisse-isso-epoca-andraus-joelma\/#primaryimage","url":"https:\/\/i0.wp.com\/gersonguelmann.com.br\/blog\/wp-content\/uploads\/2017\/10\/Joelma.jpg?fit=1024%2C768&ssl=1","contentUrl":"https:\/\/i0.wp.com\/gersonguelmann.com.br\/blog\/wp-content\/uploads\/2017\/10\/Joelma.jpg?fit=1024%2C768&ssl=1","width":1024,"height":768},{"@type":"WebSite","@id":"https:\/\/gersonguelmann.com.br\/blog\/#website","url":"https:\/\/gersonguelmann.com.br\/blog\/","name":"Blog do Guelmann","description":"Pitadas da sabedoria e do humor judaicos, assuntos do momento e um pouco das hist\u00f3rias que vivi e testemunhei.","potentialAction":[{"@type":"SearchAction","target":{"@type":"EntryPoint","urlTemplate":"https:\/\/gersonguelmann.com.br\/blog\/?s={search_term_string}"},"query-input":{"@type":"PropertyValueSpecification","valueRequired":true,"valueName":"search_term_string"}}],"inLanguage":"pt-BR"},{"@type":"Person","@id":"https:\/\/gersonguelmann.com.br\/blog\/#\/schema\/person\/87e70e2a786888082f941a482c90569e","name":"Gerson Guelmann","image":{"@type":"ImageObject","inLanguage":"pt-BR","@id":"https:\/\/i0.wp.com\/gersonguelmann.com.br\/blog\/wp-content\/uploads\/2021\/08\/BLOG.jpeg?fit=96%2C96&ssl=1","url":"https:\/\/i0.wp.com\/gersonguelmann.com.br\/blog\/wp-content\/uploads\/2021\/08\/BLOG.jpeg?fit=96%2C96&ssl=1","contentUrl":"https:\/\/i0.wp.com\/gersonguelmann.com.br\/blog\/wp-content\/uploads\/2021\/08\/BLOG.jpeg?fit=96%2C96&ssl=1","caption":"Gerson Guelmann"},"description":"Pitadas da sabedoria e do humor judaicos, assuntos do momento e um pouco das hist\u00f3rias que vivi e testemunhei."}]}},"views":33,"jetpack_publicize_connections":[],"jetpack_featured_media_url":"https:\/\/i0.wp.com\/gersonguelmann.com.br\/blog\/wp-content\/uploads\/2017\/10\/Joelma.jpg?fit=1024%2C768&ssl=1","jetpack_shortlink":"https:\/\/wp.me\/p96e7O-Qb","jetpack-related-posts":[{"id":12711,"url":"https:\/\/gersonguelmann.com.br\/blog\/lula-e-a-cozinha-do-sitio\/","url_meta":{"origin":3235,"position":0},"title":"Lula e a Cozinha do S\u00edtio","author":"Gerson Guelmann","date":"9 de maio de 2018","format":false,"excerpt":"Os principais Blogs de Pol\u00edtica est\u00e3o repercutindo hoje as declara\u00e7\u00f5es dadas por\u00a0Gilberto Carvalho em depoimento ao juiz S\u00e9rgio Moro da 13\u00aa Vara da Justi\u00e7a Federal, em Curitiba, na condi\u00e7\u00e3o de testemunha de defesa do ex-presidente Lula. O ex-ministro mencionou o desejo manifestado por Lula de um dia adquirir o s\u00edtio\u2026","rel":"","context":"Em &quot;Sem categoria&quot;","block_context":{"text":"Sem categoria","link":"https:\/\/gersonguelmann.com.br\/blog\/category\/sem-categoria\/"},"img":{"alt_text":"","src":"https:\/\/i0.wp.com\/gersonguelmann.com.br\/blog\/wp-content\/uploads\/2018\/05\/AGE20160205118-1545-k3oC-U102476757017IeF-1024x576%40GP-Web.jpg?fit=1024%2C576&ssl=1&resize=350%2C200","width":350,"height":200,"srcset":"https:\/\/i0.wp.com\/gersonguelmann.com.br\/blog\/wp-content\/uploads\/2018\/05\/AGE20160205118-1545-k3oC-U102476757017IeF-1024x576%40GP-Web.jpg?fit=1024%2C576&ssl=1&resize=350%2C200 1x, https:\/\/i0.wp.com\/gersonguelmann.com.br\/blog\/wp-content\/uploads\/2018\/05\/AGE20160205118-1545-k3oC-U102476757017IeF-1024x576%40GP-Web.jpg?fit=1024%2C576&ssl=1&resize=525%2C300 1.5x, https:\/\/i0.wp.com\/gersonguelmann.com.br\/blog\/wp-content\/uploads\/2018\/05\/AGE20160205118-1545-k3oC-U102476757017IeF-1024x576%40GP-Web.jpg?fit=1024%2C576&ssl=1&resize=700%2C400 2x"},"classes":[]},{"id":14522,"url":"https:\/\/gersonguelmann.com.br\/blog\/oitentao-jaime-lerner-fala-de-curitiba\/","url_meta":{"origin":3235,"position":1},"title":"Oitent\u00e3o, Jaime Lerner Fala de Curitiba","author":"Gerson Guelmann","date":"5 de julho de 2018","format":false,"excerpt":"A revista TopView acaba de publicar uma extensa e excelente mat\u00e9ria sobre o Jaime Lerner: HOME \/ PERSONALIDADES Jaime Lerner: o maior desafio de Curitiba \u00e9 voltar a ser Curitiba Aos 80 anos, o arquiteto e urbanista que tornou a capital cidade-modelo recebeu a TOPVIEW para uma entrevista exclusiva (e\u2026","rel":"","context":"Em &quot;Sem categoria&quot;","block_context":{"text":"Sem categoria","link":"https:\/\/gersonguelmann.com.br\/blog\/category\/sem-categoria\/"},"img":{"alt_text":"","src":"https:\/\/i0.wp.com\/gersonguelmann.com.br\/blog\/wp-content\/uploads\/2018\/07\/jaime-lerner-para-topview-6-1.jpg?fit=401%2C600&ssl=1&resize=350%2C200","width":350,"height":200},"classes":[]},{"id":19719,"url":"https:\/\/gersonguelmann.com.br\/blog\/brasileiros-presos-no-peru-sabe-porque-defecaram-onde-nao-deviam\/","url_meta":{"origin":3235,"position":2},"title":"Brasileiros presos no Peru. Sabe porque? Defecaram onde n\u00e3o deviam.","author":"Gerson Guelmann","date":"15 de janeiro de 2020","format":false,"excerpt":"Imagine, apenas imagine, se um estrangeiro em visita ao Brasil resolvesse defecar nas ruas de Ouro Preto, em Minas Gerais ou, quem sabe, no v\u00e3o livre do MASP em S\u00e3o Paulo. E que tal se arrancasse uma pedra do Pelourinho de Salvador para levar como recorda\u00e7\u00e3o? Poderia ser tamb\u00e9m um\u2026","rel":"","context":"Em &quot;Sem categoria&quot;","block_context":{"text":"Sem categoria","link":"https:\/\/gersonguelmann.com.br\/blog\/category\/sem-categoria\/"},"img":{"alt_text":"","src":"https:\/\/i0.wp.com\/gersonguelmann.com.br\/blog\/wp-content\/uploads\/2020\/01\/Machu-Picchu.jpg?fit=1200%2C900&ssl=1&resize=350%2C200","width":350,"height":200,"srcset":"https:\/\/i0.wp.com\/gersonguelmann.com.br\/blog\/wp-content\/uploads\/2020\/01\/Machu-Picchu.jpg?fit=1200%2C900&ssl=1&resize=350%2C200 1x, https:\/\/i0.wp.com\/gersonguelmann.com.br\/blog\/wp-content\/uploads\/2020\/01\/Machu-Picchu.jpg?fit=1200%2C900&ssl=1&resize=525%2C300 1.5x, https:\/\/i0.wp.com\/gersonguelmann.com.br\/blog\/wp-content\/uploads\/2020\/01\/Machu-Picchu.jpg?fit=1200%2C900&ssl=1&resize=700%2C400 2x, https:\/\/i0.wp.com\/gersonguelmann.com.br\/blog\/wp-content\/uploads\/2020\/01\/Machu-Picchu.jpg?fit=1200%2C900&ssl=1&resize=1050%2C600 3x"},"classes":[]},{"id":26409,"url":"https:\/\/gersonguelmann.com.br\/blog\/sexta-do-humor-e-da-cultura-judaica-a-heranca-do-senhor-schwartz\/","url_meta":{"origin":3235,"position":3},"title":"Sexta do Humor e da Cultura Judaica &#8211; a heran\u00e7a do senhor Schwartz","author":"Gerson Guelmann","date":"24 de outubro de 2025","format":false,"excerpt":"A Heran\u00e7a do Senhor Schwartz Morris Schwartz estava em seu leito de morte, prestes a exalar o \u00faltimo suspiro. Ao seu redor, a enfermeira, a esposa, a filha e os dois filhos. Todos sabiam que o fim estava pr\u00f3ximo. Reunindo suas \u00faltimas for\u00e7as, Morris disse:- Bernie, quero que voc\u00ea fique\u2026","rel":"","context":"Em &quot;Sem categoria&quot;","block_context":{"text":"Sem categoria","link":"https:\/\/gersonguelmann.com.br\/blog\/category\/sem-categoria\/"},"img":{"alt_text":"","src":"https:\/\/i0.wp.com\/gersonguelmann.com.br\/blog\/wp-content\/uploads\/2025\/10\/HojePR-13.jpg?fit=600%2C400&ssl=1&resize=350%2C200","width":350,"height":200,"srcset":"https:\/\/i0.wp.com\/gersonguelmann.com.br\/blog\/wp-content\/uploads\/2025\/10\/HojePR-13.jpg?fit=600%2C400&ssl=1&resize=350%2C200 1x, https:\/\/i0.wp.com\/gersonguelmann.com.br\/blog\/wp-content\/uploads\/2025\/10\/HojePR-13.jpg?fit=600%2C400&ssl=1&resize=525%2C300 1.5x"},"classes":[]},{"id":7638,"url":"https:\/\/gersonguelmann.com.br\/blog\/janio-quadros-meu-pai-e-o-mergulho-na-piscina\/","url_meta":{"origin":3235,"position":4},"title":"J\u00e2nio Quadros, Meu Pai e o Mergulho na Piscina","author":"Gerson Guelmann","date":"13 de outubro de 2025","format":false,"excerpt":"Meu pai tinha um primo em S\u00e3o Paulo, chamado Salom\u00e3o Guelman Sobrinho (ele assinava com um \u201cn\u201d s\u00f3). O \u201cSioma\u201d, como o cham\u00e1vamos, nasceu na Europa e veio para c\u00e1 com apenas dois meses de idade. Meu av\u00f4, o Salom\u00e3o \u201coriginal\u201d, chegou ao Brasil em 1913 e, apenas dez anos\u2026","rel":"","context":"Em &quot;Sem categoria&quot;","block_context":{"text":"Sem categoria","link":"https:\/\/gersonguelmann.com.br\/blog\/category\/sem-categoria\/"},"img":{"alt_text":"","src":"https:\/\/i0.wp.com\/gersonguelmann.com.br\/blog\/wp-content\/uploads\/2025\/10\/HojePR-4.jpg?fit=625%2C400&ssl=1&resize=350%2C200","width":350,"height":200,"srcset":"https:\/\/i0.wp.com\/gersonguelmann.com.br\/blog\/wp-content\/uploads\/2025\/10\/HojePR-4.jpg?fit=625%2C400&ssl=1&resize=350%2C200 1x, https:\/\/i0.wp.com\/gersonguelmann.com.br\/blog\/wp-content\/uploads\/2025\/10\/HojePR-4.jpg?fit=625%2C400&ssl=1&resize=525%2C300 1.5x"},"classes":[]},{"id":11963,"url":"https:\/\/gersonguelmann.com.br\/blog\/a-lava-jato-so-podia-acontecer-em-curitiba\/","url_meta":{"origin":3235,"position":5},"title":"A Lava-Jato S\u00f3 Podia Acontecer Em Curitiba?","author":"Gerson Guelmann","date":"23 de abril de 2018","format":false,"excerpt":"Pelo menos para David Coimbra, colunista da Zero Hora, sim. Leia o que ele disse na coluna publicada ontem: BRASIL Por que em Curitiba? A Lava-Jato s\u00f3 tinha um lugar para se desenvolver 22\/04\/2018 - 21h33min Atualizada em\u00a022\/04\/2018 - 21h33min A\u00a0Lava-Jato\u00a0s\u00f3 seria poss\u00edvel em Curitiba. Em S\u00e3o Paulo, ama-se muito\u2026","rel":"","context":"Em &quot;Sem categoria&quot;","block_context":{"text":"Sem categoria","link":"https:\/\/gersonguelmann.com.br\/blog\/category\/sem-categoria\/"},"img":{"alt_text":"","src":"https:\/\/i0.wp.com\/gersonguelmann.com.br\/blog\/wp-content\/uploads\/2018\/04\/JF.jpg?fit=1024%2C683&ssl=1&resize=350%2C200","width":350,"height":200,"srcset":"https:\/\/i0.wp.com\/gersonguelmann.com.br\/blog\/wp-content\/uploads\/2018\/04\/JF.jpg?fit=1024%2C683&ssl=1&resize=350%2C200 1x, https:\/\/i0.wp.com\/gersonguelmann.com.br\/blog\/wp-content\/uploads\/2018\/04\/JF.jpg?fit=1024%2C683&ssl=1&resize=525%2C300 1.5x, https:\/\/i0.wp.com\/gersonguelmann.com.br\/blog\/wp-content\/uploads\/2018\/04\/JF.jpg?fit=1024%2C683&ssl=1&resize=700%2C400 2x"},"classes":[]}],"jetpack_sharing_enabled":true,"post_mailing_queue_ids":[],"_links":{"self":[{"href":"https:\/\/gersonguelmann.com.br\/blog\/wp-json\/wp\/v2\/posts\/3235","targetHints":{"allow":["GET"]}}],"collection":[{"href":"https:\/\/gersonguelmann.com.br\/blog\/wp-json\/wp\/v2\/posts"}],"about":[{"href":"https:\/\/gersonguelmann.com.br\/blog\/wp-json\/wp\/v2\/types\/post"}],"author":[{"embeddable":true,"href":"https:\/\/gersonguelmann.com.br\/blog\/wp-json\/wp\/v2\/users\/5"}],"replies":[{"embeddable":true,"href":"https:\/\/gersonguelmann.com.br\/blog\/wp-json\/wp\/v2\/comments?post=3235"}],"version-history":[{"count":0,"href":"https:\/\/gersonguelmann.com.br\/blog\/wp-json\/wp\/v2\/posts\/3235\/revisions"}],"wp:featuredmedia":[{"embeddable":true,"href":"https:\/\/gersonguelmann.com.br\/blog\/wp-json\/wp\/v2\/media\/3236"}],"wp:attachment":[{"href":"https:\/\/gersonguelmann.com.br\/blog\/wp-json\/wp\/v2\/media?parent=3235"}],"wp:term":[{"taxonomy":"category","embeddable":true,"href":"https:\/\/gersonguelmann.com.br\/blog\/wp-json\/wp\/v2\/categories?post=3235"},{"taxonomy":"post_tag","embeddable":true,"href":"https:\/\/gersonguelmann.com.br\/blog\/wp-json\/wp\/v2\/tags?post=3235"}],"curies":[{"name":"wp","href":"https:\/\/api.w.org\/{rel}","templated":true}]}}