    {"id":3396,"date":"2019-07-11T17:17:04","date_gmt":"2019-07-11T20:17:04","guid":{"rendered":"https:\/\/gersonguelmann.com.br\/blog\/?p=3396"},"modified":"2019-07-11T17:20:04","modified_gmt":"2019-07-11T20:20:04","slug":"frida-boris-e-o-cafe-da-manha","status":"publish","type":"post","link":"https:\/\/gersonguelmann.com.br\/blog\/frida-boris-e-o-cafe-da-manha\/","title":{"rendered":"Frida, B\u00f3ris e o Caf\u00e9 da Manh\u00e3"},"content":{"rendered":"<p><span style=\"font-family: georgia, palatino, serif; font-size: 18pt; color: #000000;\">Numa manh\u00e3 de domingo, B\u00f3ris acordou e ainda de pijama foi at\u00e9 a cozinha, onde Frida, a esposa, estava preparando o caf\u00e9 da manh\u00e3. <\/span><\/p>\n<p><span style=\"font-family: georgia, palatino, serif; font-size: 18pt; color: #000000;\">Ele entrou e perguntou, em tom amoroso:<\/span><br \/>\n<span style=\"font-family: georgia, palatino, serif; font-size: 18pt; color: #000000;\"> &#8211; <em>&#8220;O que voc\u00ea est\u00e1 preparando, meu amor?&#8221;<\/em><\/span><\/p>\n<p><span style=\"font-family: georgia, palatino, serif; font-size: 18pt; color: #000000;\">Virando-se, ela disse:<\/span><br \/>\n<span style=\"font-family: georgia, palatino, serif; font-size: 18pt; color: #000000;\">&#8211; <em>&#8220;Antes de responder voc\u00ea tem que ir comigo para o quarto. Vamos transar, agora mesmo.&#8221;<\/em><\/span><\/p>\n<p><span style=\"font-family: georgia, palatino, serif; font-size: 18pt; color: #000000;\">Estranhando o convite e a disposi\u00e7\u00e3o dela, B\u00f3ris acompanhou a mulher at\u00e9 o quarto, onde fizeram amor. <\/span><\/p>\n<p><span style=\"font-family: georgia, palatino, serif; font-size: 18pt; color: #000000;\">Terminando, ele falou:<\/span><br \/>\n<span style=\"font-family: georgia, palatino, serif; font-size: 18pt; color: #000000;\">&#8211; <em>&#8220;Nossa, querida, porque voc\u00ea queria fazer sexo justamente agora? Voc\u00ea nunca est\u00e1 disposta a essa hora!&#8221;<\/em><\/span><\/p>\n<p><span style=\"font-family: georgia, palatino, serif; font-size: 18pt; color: #000000;\"> E ela\u00a0respondeu:<\/span><br \/>\n<span style=\"font-family: georgia, palatino, serif; font-size: 18pt; color: #000000;\">&#8211; <em>&#8220;\u00c9 que estou cozinhando ovos e o timer est\u00e1 quebrado.&#8221;<\/em><\/span><\/p>\n<div style=\"text-align: left;\" align=\"center\"><img data-recalc-dims=\"1\" fetchpriority=\"high\" decoding=\"async\" data-attachment-id=\"3397\" data-permalink=\"https:\/\/gersonguelmann.com.br\/blog\/frida-boris-e-o-cafe-da-manha\/ovo\/\" data-orig-file=\"https:\/\/i0.wp.com\/gersonguelmann.com.br\/blog\/wp-content\/uploads\/2017\/10\/Ovo.png?fit=552%2C720&amp;ssl=1\" data-orig-size=\"552,720\" data-comments-opened=\"1\" data-image-meta=\"{&quot;aperture&quot;:&quot;0&quot;,&quot;credit&quot;:&quot;&quot;,&quot;camera&quot;:&quot;&quot;,&quot;caption&quot;:&quot;&quot;,&quot;created_timestamp&quot;:&quot;0&quot;,&quot;copyright&quot;:&quot;&quot;,&quot;focal_length&quot;:&quot;0&quot;,&quot;iso&quot;:&quot;0&quot;,&quot;shutter_speed&quot;:&quot;0&quot;,&quot;title&quot;:&quot;&quot;,&quot;orientation&quot;:&quot;0&quot;}\" data-image-title=\"Ovo\" data-image-description=\"\" data-image-caption=\"\" data-medium-file=\"https:\/\/i0.wp.com\/gersonguelmann.com.br\/blog\/wp-content\/uploads\/2017\/10\/Ovo.png?fit=230%2C300&amp;ssl=1\" data-large-file=\"https:\/\/i0.wp.com\/gersonguelmann.com.br\/blog\/wp-content\/uploads\/2017\/10\/Ovo.png?fit=552%2C720&amp;ssl=1\" class=\"size-medium wp-image-3397 aligncenter\" src=\"https:\/\/i0.wp.com\/gersonguelmann.com.br\/blog\/wp-content\/uploads\/2017\/10\/Ovo.png?resize=230%2C300&#038;ssl=1\" alt=\"\" width=\"230\" height=\"300\" srcset=\"https:\/\/i0.wp.com\/gersonguelmann.com.br\/blog\/wp-content\/uploads\/2017\/10\/Ovo.png?resize=230%2C300&amp;ssl=1 230w, https:\/\/i0.wp.com\/gersonguelmann.com.br\/blog\/wp-content\/uploads\/2017\/10\/Ovo.png?w=552&amp;ssl=1 552w\" sizes=\"(max-width: 230px) 100vw, 230px\" \/><\/div>\n","protected":false},"excerpt":{"rendered":"<p>Numa manh\u00e3 de domingo, B\u00f3ris acordou e ainda de pijama foi at\u00e9 a cozinha, onde Frida, a esposa, estava preparando o caf\u00e9 da manh\u00e3. Ele entrou e perguntou, em tom amoroso: &#8211; &#8220;O que voc\u00ea est\u00e1 preparando, meu amor?&#8221; Virando-se, ela disse: &#8211; &#8220;Antes de responder voc\u00ea tem que ir comigo para o quarto. Vamos [&hellip;]<\/p>\n","protected":false},"author":5,"featured_media":3397,"comment_status":"open","ping_status":"open","sticky":false,"template":"","format":"standard","meta":{"_acf_changed":false,"jetpack_post_was_ever_published":false,"_jetpack_newsletter_access":"","_jetpack_dont_email_post_to_subs":false,"_jetpack_newsletter_tier_id":0,"_jetpack_memberships_contains_paywalled_content":false,"_jetpack_memberships_contains_paid_content":false,"footnotes":"","jetpack_publicize_message":"","jetpack_publicize_feature_enabled":true,"jetpack_social_post_already_shared":true,"jetpack_social_options":{"image_generator_settings":{"template":"highway","default_image_id":0,"font":"","enabled":false},"version":2}},"categories":[1],"tags":[],"class_list":["post-3396","post","type-post","status-publish","format-standard","has-post-thumbnail","hentry","category-sem-categoria"],"acf":[],"yoast_head":"<!-- This site is optimized with the Yoast SEO plugin v27.3 - https:\/\/yoast.com\/product\/yoast-seo-wordpress\/ -->\n<title>Frida, B\u00f3ris e o Caf\u00e9 da Manh\u00e3 | Blog do Guelmann<\/title>\n<meta name=\"robots\" content=\"index, follow, max-snippet:-1, max-image-preview:large, max-video-preview:-1\" \/>\n<link rel=\"canonical\" href=\"https:\/\/gersonguelmann.com.br\/blog\/frida-boris-e-o-cafe-da-manha\/\" \/>\n<meta property=\"og:locale\" content=\"pt_BR\" \/>\n<meta property=\"og:type\" content=\"article\" \/>\n<meta property=\"og:title\" content=\"Frida, B\u00f3ris e o Caf\u00e9 da Manh\u00e3 | Blog do Guelmann\" \/>\n<meta property=\"og:description\" content=\"Numa manh\u00e3 de domingo, B\u00f3ris acordou e ainda de pijama foi at\u00e9 a cozinha, onde Frida, a esposa, estava preparando o caf\u00e9 da manh\u00e3. Ele entrou e perguntou, em tom amoroso: &#8211; &#8220;O que voc\u00ea est\u00e1 preparando, meu amor?&#8221; Virando-se, ela disse: &#8211; &#8220;Antes de responder voc\u00ea tem que ir comigo para o quarto. Vamos [&hellip;]\" \/>\n<meta property=\"og:url\" content=\"https:\/\/gersonguelmann.com.br\/blog\/frida-boris-e-o-cafe-da-manha\/\" \/>\n<meta property=\"og:site_name\" content=\"Blog do Guelmann\" \/>\n<meta property=\"article:published_time\" content=\"2019-07-11T20:17:04+00:00\" \/>\n<meta property=\"article:modified_time\" content=\"2019-07-11T20:20:04+00:00\" \/>\n<meta property=\"og:image\" content=\"https:\/\/i0.wp.com\/gersonguelmann.com.br\/blog\/wp-content\/uploads\/2017\/10\/Ovo.png?fit=552%2C720&ssl=1\" \/>\n\t<meta property=\"og:image:width\" content=\"552\" \/>\n\t<meta property=\"og:image:height\" content=\"720\" \/>\n\t<meta property=\"og:image:type\" content=\"image\/png\" \/>\n<meta name=\"author\" content=\"Gerson Guelmann\" \/>\n<meta name=\"twitter:card\" content=\"summary_large_image\" \/>\n<meta name=\"twitter:label1\" content=\"Escrito por\" \/>\n\t<meta name=\"twitter:data1\" content=\"Gerson Guelmann\" \/>\n\t<meta name=\"twitter:label2\" content=\"Est. tempo de leitura\" \/>\n\t<meta name=\"twitter:data2\" content=\"1 minuto\" \/>\n<script type=\"application\/ld+json\" class=\"yoast-schema-graph\">{\"@context\":\"https:\\\/\\\/schema.org\",\"@graph\":[{\"@type\":\"Article\",\"@id\":\"https:\\\/\\\/gersonguelmann.com.br\\\/blog\\\/frida-boris-e-o-cafe-da-manha\\\/#article\",\"isPartOf\":{\"@id\":\"https:\\\/\\\/gersonguelmann.com.br\\\/blog\\\/frida-boris-e-o-cafe-da-manha\\\/\"},\"author\":{\"name\":\"Gerson Guelmann\",\"@id\":\"https:\\\/\\\/gersonguelmann.com.br\\\/blog\\\/#\\\/schema\\\/person\\\/87e70e2a786888082f941a482c90569e\"},\"headline\":\"Frida, B\u00f3ris e o Caf\u00e9 da Manh\u00e3\",\"datePublished\":\"2019-07-11T20:17:04+00:00\",\"dateModified\":\"2019-07-11T20:20:04+00:00\",\"mainEntityOfPage\":{\"@id\":\"https:\\\/\\\/gersonguelmann.com.br\\\/blog\\\/frida-boris-e-o-cafe-da-manha\\\/\"},\"wordCount\":119,\"commentCount\":0,\"image\":{\"@id\":\"https:\\\/\\\/gersonguelmann.com.br\\\/blog\\\/frida-boris-e-o-cafe-da-manha\\\/#primaryimage\"},\"thumbnailUrl\":\"https:\\\/\\\/i0.wp.com\\\/gersonguelmann.com.br\\\/blog\\\/wp-content\\\/uploads\\\/2017\\\/10\\\/Ovo.png?fit=552%2C720&ssl=1\",\"inLanguage\":\"pt-BR\",\"potentialAction\":[{\"@type\":\"CommentAction\",\"name\":\"Comment\",\"target\":[\"https:\\\/\\\/gersonguelmann.com.br\\\/blog\\\/frida-boris-e-o-cafe-da-manha\\\/#respond\"]}]},{\"@type\":\"WebPage\",\"@id\":\"https:\\\/\\\/gersonguelmann.com.br\\\/blog\\\/frida-boris-e-o-cafe-da-manha\\\/\",\"url\":\"https:\\\/\\\/gersonguelmann.com.br\\\/blog\\\/frida-boris-e-o-cafe-da-manha\\\/\",\"name\":\"Frida, B\u00f3ris e o Caf\u00e9 da Manh\u00e3 | Blog do Guelmann\",\"isPartOf\":{\"@id\":\"https:\\\/\\\/gersonguelmann.com.br\\\/blog\\\/#website\"},\"primaryImageOfPage\":{\"@id\":\"https:\\\/\\\/gersonguelmann.com.br\\\/blog\\\/frida-boris-e-o-cafe-da-manha\\\/#primaryimage\"},\"image\":{\"@id\":\"https:\\\/\\\/gersonguelmann.com.br\\\/blog\\\/frida-boris-e-o-cafe-da-manha\\\/#primaryimage\"},\"thumbnailUrl\":\"https:\\\/\\\/i0.wp.com\\\/gersonguelmann.com.br\\\/blog\\\/wp-content\\\/uploads\\\/2017\\\/10\\\/Ovo.png?fit=552%2C720&ssl=1\",\"datePublished\":\"2019-07-11T20:17:04+00:00\",\"dateModified\":\"2019-07-11T20:20:04+00:00\",\"author\":{\"@id\":\"https:\\\/\\\/gersonguelmann.com.br\\\/blog\\\/#\\\/schema\\\/person\\\/87e70e2a786888082f941a482c90569e\"},\"inLanguage\":\"pt-BR\",\"potentialAction\":[{\"@type\":\"ReadAction\",\"target\":[\"https:\\\/\\\/gersonguelmann.com.br\\\/blog\\\/frida-boris-e-o-cafe-da-manha\\\/\"]}]},{\"@type\":\"ImageObject\",\"inLanguage\":\"pt-BR\",\"@id\":\"https:\\\/\\\/gersonguelmann.com.br\\\/blog\\\/frida-boris-e-o-cafe-da-manha\\\/#primaryimage\",\"url\":\"https:\\\/\\\/i0.wp.com\\\/gersonguelmann.com.br\\\/blog\\\/wp-content\\\/uploads\\\/2017\\\/10\\\/Ovo.png?fit=552%2C720&ssl=1\",\"contentUrl\":\"https:\\\/\\\/i0.wp.com\\\/gersonguelmann.com.br\\\/blog\\\/wp-content\\\/uploads\\\/2017\\\/10\\\/Ovo.png?fit=552%2C720&ssl=1\",\"width\":552,\"height\":720},{\"@type\":\"WebSite\",\"@id\":\"https:\\\/\\\/gersonguelmann.com.br\\\/blog\\\/#website\",\"url\":\"https:\\\/\\\/gersonguelmann.com.br\\\/blog\\\/\",\"name\":\"Blog do Guelmann\",\"description\":\"Pitadas da sabedoria e do humor judaicos, assuntos do momento e um pouco das hist\u00f3rias que vivi e testemunhei.\",\"potentialAction\":[{\"@type\":\"SearchAction\",\"target\":{\"@type\":\"EntryPoint\",\"urlTemplate\":\"https:\\\/\\\/gersonguelmann.com.br\\\/blog\\\/?s={search_term_string}\"},\"query-input\":{\"@type\":\"PropertyValueSpecification\",\"valueRequired\":true,\"valueName\":\"search_term_string\"}}],\"inLanguage\":\"pt-BR\"},{\"@type\":\"Person\",\"@id\":\"https:\\\/\\\/gersonguelmann.com.br\\\/blog\\\/#\\\/schema\\\/person\\\/87e70e2a786888082f941a482c90569e\",\"name\":\"Gerson Guelmann\",\"image\":{\"@type\":\"ImageObject\",\"inLanguage\":\"pt-BR\",\"@id\":\"https:\\\/\\\/i0.wp.com\\\/gersonguelmann.com.br\\\/blog\\\/wp-content\\\/uploads\\\/2021\\\/08\\\/BLOG.jpeg?fit=96%2C96&ssl=1\",\"url\":\"https:\\\/\\\/i0.wp.com\\\/gersonguelmann.com.br\\\/blog\\\/wp-content\\\/uploads\\\/2021\\\/08\\\/BLOG.jpeg?fit=96%2C96&ssl=1\",\"contentUrl\":\"https:\\\/\\\/i0.wp.com\\\/gersonguelmann.com.br\\\/blog\\\/wp-content\\\/uploads\\\/2021\\\/08\\\/BLOG.jpeg?fit=96%2C96&ssl=1\",\"caption\":\"Gerson Guelmann\"},\"description\":\"Pitadas da sabedoria e do humor judaicos, assuntos do momento e um pouco das hist\u00f3rias que vivi e testemunhei.\"}]}<\/script>\n<!-- \/ Yoast SEO plugin. -->","yoast_head_json":{"title":"Frida, B\u00f3ris e o Caf\u00e9 da Manh\u00e3 | Blog do Guelmann","robots":{"index":"index","follow":"follow","max-snippet":"max-snippet:-1","max-image-preview":"max-image-preview:large","max-video-preview":"max-video-preview:-1"},"canonical":"https:\/\/gersonguelmann.com.br\/blog\/frida-boris-e-o-cafe-da-manha\/","og_locale":"pt_BR","og_type":"article","og_title":"Frida, B\u00f3ris e o Caf\u00e9 da Manh\u00e3 | Blog do Guelmann","og_description":"Numa manh\u00e3 de domingo, B\u00f3ris acordou e ainda de pijama foi at\u00e9 a cozinha, onde Frida, a esposa, estava preparando o caf\u00e9 da manh\u00e3. Ele entrou e perguntou, em tom amoroso: &#8211; &#8220;O que voc\u00ea est\u00e1 preparando, meu amor?&#8221; Virando-se, ela disse: &#8211; &#8220;Antes de responder voc\u00ea tem que ir comigo para o quarto. Vamos [&hellip;]","og_url":"https:\/\/gersonguelmann.com.br\/blog\/frida-boris-e-o-cafe-da-manha\/","og_site_name":"Blog do Guelmann","article_published_time":"2019-07-11T20:17:04+00:00","article_modified_time":"2019-07-11T20:20:04+00:00","og_image":[{"width":552,"height":720,"url":"https:\/\/i0.wp.com\/gersonguelmann.com.br\/blog\/wp-content\/uploads\/2017\/10\/Ovo.png?fit=552%2C720&ssl=1","type":"image\/png"}],"author":"Gerson Guelmann","twitter_card":"summary_large_image","twitter_misc":{"Escrito por":"Gerson Guelmann","Est. tempo de leitura":"1 minuto"},"schema":{"@context":"https:\/\/schema.org","@graph":[{"@type":"Article","@id":"https:\/\/gersonguelmann.com.br\/blog\/frida-boris-e-o-cafe-da-manha\/#article","isPartOf":{"@id":"https:\/\/gersonguelmann.com.br\/blog\/frida-boris-e-o-cafe-da-manha\/"},"author":{"name":"Gerson Guelmann","@id":"https:\/\/gersonguelmann.com.br\/blog\/#\/schema\/person\/87e70e2a786888082f941a482c90569e"},"headline":"Frida, B\u00f3ris e o Caf\u00e9 da Manh\u00e3","datePublished":"2019-07-11T20:17:04+00:00","dateModified":"2019-07-11T20:20:04+00:00","mainEntityOfPage":{"@id":"https:\/\/gersonguelmann.com.br\/blog\/frida-boris-e-o-cafe-da-manha\/"},"wordCount":119,"commentCount":0,"image":{"@id":"https:\/\/gersonguelmann.com.br\/blog\/frida-boris-e-o-cafe-da-manha\/#primaryimage"},"thumbnailUrl":"https:\/\/i0.wp.com\/gersonguelmann.com.br\/blog\/wp-content\/uploads\/2017\/10\/Ovo.png?fit=552%2C720&ssl=1","inLanguage":"pt-BR","potentialAction":[{"@type":"CommentAction","name":"Comment","target":["https:\/\/gersonguelmann.com.br\/blog\/frida-boris-e-o-cafe-da-manha\/#respond"]}]},{"@type":"WebPage","@id":"https:\/\/gersonguelmann.com.br\/blog\/frida-boris-e-o-cafe-da-manha\/","url":"https:\/\/gersonguelmann.com.br\/blog\/frida-boris-e-o-cafe-da-manha\/","name":"Frida, B\u00f3ris e o Caf\u00e9 da Manh\u00e3 | Blog do Guelmann","isPartOf":{"@id":"https:\/\/gersonguelmann.com.br\/blog\/#website"},"primaryImageOfPage":{"@id":"https:\/\/gersonguelmann.com.br\/blog\/frida-boris-e-o-cafe-da-manha\/#primaryimage"},"image":{"@id":"https:\/\/gersonguelmann.com.br\/blog\/frida-boris-e-o-cafe-da-manha\/#primaryimage"},"thumbnailUrl":"https:\/\/i0.wp.com\/gersonguelmann.com.br\/blog\/wp-content\/uploads\/2017\/10\/Ovo.png?fit=552%2C720&ssl=1","datePublished":"2019-07-11T20:17:04+00:00","dateModified":"2019-07-11T20:20:04+00:00","author":{"@id":"https:\/\/gersonguelmann.com.br\/blog\/#\/schema\/person\/87e70e2a786888082f941a482c90569e"},"inLanguage":"pt-BR","potentialAction":[{"@type":"ReadAction","target":["https:\/\/gersonguelmann.com.br\/blog\/frida-boris-e-o-cafe-da-manha\/"]}]},{"@type":"ImageObject","inLanguage":"pt-BR","@id":"https:\/\/gersonguelmann.com.br\/blog\/frida-boris-e-o-cafe-da-manha\/#primaryimage","url":"https:\/\/i0.wp.com\/gersonguelmann.com.br\/blog\/wp-content\/uploads\/2017\/10\/Ovo.png?fit=552%2C720&ssl=1","contentUrl":"https:\/\/i0.wp.com\/gersonguelmann.com.br\/blog\/wp-content\/uploads\/2017\/10\/Ovo.png?fit=552%2C720&ssl=1","width":552,"height":720},{"@type":"WebSite","@id":"https:\/\/gersonguelmann.com.br\/blog\/#website","url":"https:\/\/gersonguelmann.com.br\/blog\/","name":"Blog do Guelmann","description":"Pitadas da sabedoria e do humor judaicos, assuntos do momento e um pouco das hist\u00f3rias que vivi e testemunhei.","potentialAction":[{"@type":"SearchAction","target":{"@type":"EntryPoint","urlTemplate":"https:\/\/gersonguelmann.com.br\/blog\/?s={search_term_string}"},"query-input":{"@type":"PropertyValueSpecification","valueRequired":true,"valueName":"search_term_string"}}],"inLanguage":"pt-BR"},{"@type":"Person","@id":"https:\/\/gersonguelmann.com.br\/blog\/#\/schema\/person\/87e70e2a786888082f941a482c90569e","name":"Gerson Guelmann","image":{"@type":"ImageObject","inLanguage":"pt-BR","@id":"https:\/\/i0.wp.com\/gersonguelmann.com.br\/blog\/wp-content\/uploads\/2021\/08\/BLOG.jpeg?fit=96%2C96&ssl=1","url":"https:\/\/i0.wp.com\/gersonguelmann.com.br\/blog\/wp-content\/uploads\/2021\/08\/BLOG.jpeg?fit=96%2C96&ssl=1","contentUrl":"https:\/\/i0.wp.com\/gersonguelmann.com.br\/blog\/wp-content\/uploads\/2021\/08\/BLOG.jpeg?fit=96%2C96&ssl=1","caption":"Gerson Guelmann"},"description":"Pitadas da sabedoria e do humor judaicos, assuntos do momento e um pouco das hist\u00f3rias que vivi e testemunhei."}]}},"views":48,"jetpack_publicize_connections":[],"jetpack_featured_media_url":"https:\/\/i0.wp.com\/gersonguelmann.com.br\/blog\/wp-content\/uploads\/2017\/10\/Ovo.png?fit=552%2C720&ssl=1","jetpack_shortlink":"https:\/\/wp.me\/p96e7O-SM","jetpack-related-posts":[{"id":26521,"url":"https:\/\/gersonguelmann.com.br\/blog\/tres-na-quarta-de-humor-judaico-70\/","url_meta":{"origin":3396,"position":0},"title":"Tr\u00eas na Quarta de Humor Judaico","author":"Gerson Guelmann","date":"7 de janeiro de 2026","format":false,"excerpt":"O Namorado Religioso Sarah convidou o novo namorado para o jantar de Shabbat na casa de seus pais. Como era seu anivers\u00e1rio, disse que, depois do jantar, gostaria de sair com ele e, finalmente, fazer amor pela primeira vez. Isaac ficou em \u00eaxtase, mas tamb\u00e9m preocupado, pois nunca havia estado\u2026","rel":"","context":"Em &quot;Sem categoria&quot;","block_context":{"text":"Sem categoria","link":"https:\/\/gersonguelmann.com.br\/blog\/category\/sem-categoria\/"},"img":{"alt_text":"","src":"https:\/\/i0.wp.com\/gersonguelmann.com.br\/blog\/wp-content\/uploads\/2026\/01\/HojePR-2.png?fit=1200%2C655&ssl=1&resize=350%2C200","width":350,"height":200,"srcset":"https:\/\/i0.wp.com\/gersonguelmann.com.br\/blog\/wp-content\/uploads\/2026\/01\/HojePR-2.png?fit=1200%2C655&ssl=1&resize=350%2C200 1x, https:\/\/i0.wp.com\/gersonguelmann.com.br\/blog\/wp-content\/uploads\/2026\/01\/HojePR-2.png?fit=1200%2C655&ssl=1&resize=525%2C300 1.5x, https:\/\/i0.wp.com\/gersonguelmann.com.br\/blog\/wp-content\/uploads\/2026\/01\/HojePR-2.png?fit=1200%2C655&ssl=1&resize=700%2C400 2x, https:\/\/i0.wp.com\/gersonguelmann.com.br\/blog\/wp-content\/uploads\/2026\/01\/HojePR-2.png?fit=1200%2C655&ssl=1&resize=1050%2C600 3x"},"classes":[]},{"id":22741,"url":"https:\/\/gersonguelmann.com.br\/blog\/boris-adelson-o-judeu-atrapalhado\/","url_meta":{"origin":3396,"position":1},"title":"Boris Adelson, O Judeu Atrapalhado","author":"Gerson Guelmann","date":"12 de mar\u00e7o de 2022","format":false,"excerpt":"Boris Adelson, um Vendedor conhecido em sua aldeia por n\u00e3o ter uma mente muito brilhante, estava trabalhando longe de casa, e precisando seguir para Petrogrado, n\u00e3o conseguiu continuar a viagem por causa de uma forte nevasca. O chefe da esta\u00e7\u00e3o disse que provavelmente os trens voltariam a circular \u00e0s seis\u2026","rel":"","context":"Em &quot;Sem categoria&quot;","block_context":{"text":"Sem categoria","link":"https:\/\/gersonguelmann.com.br\/blog\/category\/sem-categoria\/"},"img":{"alt_text":"","src":"https:\/\/i0.wp.com\/gersonguelmann.com.br\/blog\/wp-content\/uploads\/2022\/03\/TREM-scaled.jpg?fit=1200%2C800&ssl=1&resize=350%2C200","width":350,"height":200,"srcset":"https:\/\/i0.wp.com\/gersonguelmann.com.br\/blog\/wp-content\/uploads\/2022\/03\/TREM-scaled.jpg?fit=1200%2C800&ssl=1&resize=350%2C200 1x, https:\/\/i0.wp.com\/gersonguelmann.com.br\/blog\/wp-content\/uploads\/2022\/03\/TREM-scaled.jpg?fit=1200%2C800&ssl=1&resize=525%2C300 1.5x, https:\/\/i0.wp.com\/gersonguelmann.com.br\/blog\/wp-content\/uploads\/2022\/03\/TREM-scaled.jpg?fit=1200%2C800&ssl=1&resize=700%2C400 2x, https:\/\/i0.wp.com\/gersonguelmann.com.br\/blog\/wp-content\/uploads\/2022\/03\/TREM-scaled.jpg?fit=1200%2C800&ssl=1&resize=1050%2C600 3x"},"classes":[]},{"id":3859,"url":"https:\/\/gersonguelmann.com.br\/blog\/ja-ouviu-falar-em-amor-de-mae\/","url_meta":{"origin":3396,"position":2},"title":"J\u00e1 Ouviu Falar em Amor de M\u00e3e?","author":"Gerson Guelmann","date":"1 de novembro de 2017","format":false,"excerpt":"https:\/\/www.youtube.com\/watch?v=xbxb4Uzqbkk O jornal Liverpool Echo publicou no \u00faltimo dia 29 a hist\u00f3ria da Senhora Ada Keating, de 98 anos, que mudou para um acolhimento de idosos para cuidar do filho Tom, de 80. Eles sempre moraram juntos e Tom nunca casou. Um ano atr\u00e1s ele mudou para o Moss View\u2026","rel":"","context":"Em &quot;Sem categoria&quot;","block_context":{"text":"Sem categoria","link":"https:\/\/gersonguelmann.com.br\/blog\/category\/sem-categoria\/"},"img":{"alt_text":"","src":"https:\/\/i0.wp.com\/gersonguelmann.com.br\/blog\/wp-content\/uploads\/2017\/11\/M%C3%A3e-Filho.jpg?fit=1200%2C900&ssl=1&resize=350%2C200","width":350,"height":200,"srcset":"https:\/\/i0.wp.com\/gersonguelmann.com.br\/blog\/wp-content\/uploads\/2017\/11\/M%C3%A3e-Filho.jpg?fit=1200%2C900&ssl=1&resize=350%2C200 1x, https:\/\/i0.wp.com\/gersonguelmann.com.br\/blog\/wp-content\/uploads\/2017\/11\/M%C3%A3e-Filho.jpg?fit=1200%2C900&ssl=1&resize=525%2C300 1.5x, https:\/\/i0.wp.com\/gersonguelmann.com.br\/blog\/wp-content\/uploads\/2017\/11\/M%C3%A3e-Filho.jpg?fit=1200%2C900&ssl=1&resize=700%2C400 2x, https:\/\/i0.wp.com\/gersonguelmann.com.br\/blog\/wp-content\/uploads\/2017\/11\/M%C3%A3e-Filho.jpg?fit=1200%2C900&ssl=1&resize=1050%2C600 3x"},"classes":[]},{"id":4440,"url":"https:\/\/gersonguelmann.com.br\/blog\/amor-respeito-educacao-chame-como-quiser\/","url_meta":{"origin":3396,"position":3},"title":"Amor, Respeito, Educa\u00e7\u00e3o: Chame Como Quiser.","author":"Gerson Guelmann","date":"21 de dezembro de 2020","format":false,"excerpt":"Esse v\u00eddeo circula h\u00e1 algum tempo. N\u00e3o estou seguro com rela\u00e7\u00e3o \u00e0 data em que foi gravado.\u00a0 Foi gravado na cidade de Santa Gertrudes (SP), onde moram o Sr. Jo\u00e3o Meneguelli e seu neto Enzo Meneguelli Pereira. A informa\u00e7\u00e3o mais recente mostra que o v\u00eddeo teve mais de 9 milh\u00f5es\u2026","rel":"","context":"Em &quot;Sem categoria&quot;","block_context":{"text":"Sem categoria","link":"https:\/\/gersonguelmann.com.br\/blog\/category\/sem-categoria\/"},"img":{"alt_text":"","src":"https:\/\/i0.wp.com\/gersonguelmann.com.br\/blog\/wp-content\/uploads\/2017\/11\/AMOR.jpg?fit=922%2C720&ssl=1&resize=350%2C200","width":350,"height":200,"srcset":"https:\/\/i0.wp.com\/gersonguelmann.com.br\/blog\/wp-content\/uploads\/2017\/11\/AMOR.jpg?fit=922%2C720&ssl=1&resize=350%2C200 1x, https:\/\/i0.wp.com\/gersonguelmann.com.br\/blog\/wp-content\/uploads\/2017\/11\/AMOR.jpg?fit=922%2C720&ssl=1&resize=525%2C300 1.5x, https:\/\/i0.wp.com\/gersonguelmann.com.br\/blog\/wp-content\/uploads\/2017\/11\/AMOR.jpg?fit=922%2C720&ssl=1&resize=700%2C400 2x"},"classes":[]},{"id":10439,"url":"https:\/\/gersonguelmann.com.br\/blog\/sexta-do-humor-e-da-cultura-judaica-a-bebedeira-de-benny-cohen\/","url_meta":{"origin":3396,"position":4},"title":"Sexta do Humor e da Cultura Judaica &#8211; A Bebedeira de Benny Cohen","author":"Gerson Guelmann","date":"18 de outubro de 2024","format":false,"excerpt":"A Bebedeira de Benny Cohen Benny Cohen estava bebendo no bar que costumava frequentar. O tempo foi passando, j\u00e1 era madrugada e finalmente o barman disse que o bar estava fechando. Benny levantou para sair e caiu no ch\u00e3o. Tentou ficar em p\u00e9 mais uma vez, com o mesmo resultado.\u2026","rel":"","context":"Em &quot;Sem categoria&quot;","block_context":{"text":"Sem categoria","link":"https:\/\/gersonguelmann.com.br\/blog\/category\/sem-categoria\/"},"img":{"alt_text":"","src":"https:\/\/i0.wp.com\/gersonguelmann.com.br\/blog\/wp-content\/uploads\/2018\/03\/burcin-ergunt-3u7E7n5Vb5Q-unsplash-scaled.jpg?fit=800%2C1200&ssl=1&resize=350%2C200","width":350,"height":200,"srcset":"https:\/\/i0.wp.com\/gersonguelmann.com.br\/blog\/wp-content\/uploads\/2018\/03\/burcin-ergunt-3u7E7n5Vb5Q-unsplash-scaled.jpg?fit=800%2C1200&ssl=1&resize=350%2C200 1x, https:\/\/i0.wp.com\/gersonguelmann.com.br\/blog\/wp-content\/uploads\/2018\/03\/burcin-ergunt-3u7E7n5Vb5Q-unsplash-scaled.jpg?fit=800%2C1200&ssl=1&resize=525%2C300 1.5x, https:\/\/i0.wp.com\/gersonguelmann.com.br\/blog\/wp-content\/uploads\/2018\/03\/burcin-ergunt-3u7E7n5Vb5Q-unsplash-scaled.jpg?fit=800%2C1200&ssl=1&resize=700%2C400 2x"},"classes":[]},{"id":15311,"url":"https:\/\/gersonguelmann.com.br\/blog\/o-porre-de-manny-shloser\/","url_meta":{"origin":3396,"position":5},"title":"O Porre de Manny Shloser","author":"Gerson Guelmann","date":"27 de novembro de 2018","format":false,"excerpt":"Manny\u00a0Shloser avisou a mulher Ruth que depois do trabalho ia sair com os colegas. Conhecendo o pr\u00f3prio marido e os amigos dele, Ruth pediu para que n\u00e3o exagerasse na bebida e voltasse cedo. Mas, como aconteceu em todas as outras vezes, ele fez exatamente ao contr\u00e1rio. Manny chegou em casa\u2026","rel":"","context":"Em &quot;Sem categoria&quot;","block_context":{"text":"Sem categoria","link":"https:\/\/gersonguelmann.com.br\/blog\/category\/sem-categoria\/"},"img":{"alt_text":"","src":"https:\/\/i0.wp.com\/gersonguelmann.com.br\/blog\/wp-content\/uploads\/2018\/11\/band-aid.jpg?fit=1200%2C911&ssl=1&resize=350%2C200","width":350,"height":200,"srcset":"https:\/\/i0.wp.com\/gersonguelmann.com.br\/blog\/wp-content\/uploads\/2018\/11\/band-aid.jpg?fit=1200%2C911&ssl=1&resize=350%2C200 1x, https:\/\/i0.wp.com\/gersonguelmann.com.br\/blog\/wp-content\/uploads\/2018\/11\/band-aid.jpg?fit=1200%2C911&ssl=1&resize=525%2C300 1.5x, https:\/\/i0.wp.com\/gersonguelmann.com.br\/blog\/wp-content\/uploads\/2018\/11\/band-aid.jpg?fit=1200%2C911&ssl=1&resize=700%2C400 2x, https:\/\/i0.wp.com\/gersonguelmann.com.br\/blog\/wp-content\/uploads\/2018\/11\/band-aid.jpg?fit=1200%2C911&ssl=1&resize=1050%2C600 3x"},"classes":[]}],"jetpack_sharing_enabled":true,"post_mailing_queue_ids":[],"_links":{"self":[{"href":"https:\/\/gersonguelmann.com.br\/blog\/wp-json\/wp\/v2\/posts\/3396","targetHints":{"allow":["GET"]}}],"collection":[{"href":"https:\/\/gersonguelmann.com.br\/blog\/wp-json\/wp\/v2\/posts"}],"about":[{"href":"https:\/\/gersonguelmann.com.br\/blog\/wp-json\/wp\/v2\/types\/post"}],"author":[{"embeddable":true,"href":"https:\/\/gersonguelmann.com.br\/blog\/wp-json\/wp\/v2\/users\/5"}],"replies":[{"embeddable":true,"href":"https:\/\/gersonguelmann.com.br\/blog\/wp-json\/wp\/v2\/comments?post=3396"}],"version-history":[{"count":0,"href":"https:\/\/gersonguelmann.com.br\/blog\/wp-json\/wp\/v2\/posts\/3396\/revisions"}],"wp:featuredmedia":[{"embeddable":true,"href":"https:\/\/gersonguelmann.com.br\/blog\/wp-json\/wp\/v2\/media\/3397"}],"wp:attachment":[{"href":"https:\/\/gersonguelmann.com.br\/blog\/wp-json\/wp\/v2\/media?parent=3396"}],"wp:term":[{"taxonomy":"category","embeddable":true,"href":"https:\/\/gersonguelmann.com.br\/blog\/wp-json\/wp\/v2\/categories?post=3396"},{"taxonomy":"post_tag","embeddable":true,"href":"https:\/\/gersonguelmann.com.br\/blog\/wp-json\/wp\/v2\/tags?post=3396"}],"curies":[{"name":"wp","href":"https:\/\/api.w.org\/{rel}","templated":true}]}}