    {"id":3467,"date":"2019-07-11T23:15:21","date_gmt":"2019-07-12T02:15:21","guid":{"rendered":"https:\/\/gersonguelmann.com.br\/blog\/?p=3467"},"modified":"2019-07-11T23:30:42","modified_gmt":"2019-07-12T02:30:42","slug":"luar-de-debussy-maravilhoso","status":"publish","type":"post","link":"https:\/\/gersonguelmann.com.br\/blog\/luar-de-debussy-maravilhoso\/","title":{"rendered":"Luar, de Debussy, Maravilhoso"},"content":{"rendered":"<p style=\"text-align: center;\"><img data-recalc-dims=\"1\" fetchpriority=\"high\" decoding=\"async\" data-attachment-id=\"17433\" data-permalink=\"https:\/\/gersonguelmann.com.br\/blog\/luar-de-debussy-maravilhoso\/luar\/\" data-orig-file=\"https:\/\/i0.wp.com\/gersonguelmann.com.br\/blog\/wp-content\/uploads\/2017\/10\/Luar.jpg?fit=348%2C501&amp;ssl=1\" data-orig-size=\"348,501\" data-comments-opened=\"1\" data-image-meta=\"{&quot;aperture&quot;:&quot;0&quot;,&quot;credit&quot;:&quot;&quot;,&quot;camera&quot;:&quot;&quot;,&quot;caption&quot;:&quot;&quot;,&quot;created_timestamp&quot;:&quot;0&quot;,&quot;copyright&quot;:&quot;&quot;,&quot;focal_length&quot;:&quot;0&quot;,&quot;iso&quot;:&quot;0&quot;,&quot;shutter_speed&quot;:&quot;0&quot;,&quot;title&quot;:&quot;&quot;,&quot;orientation&quot;:&quot;0&quot;}\" data-image-title=\"Luar\" data-image-description=\"\" data-image-caption=\"\" data-medium-file=\"https:\/\/i0.wp.com\/gersonguelmann.com.br\/blog\/wp-content\/uploads\/2017\/10\/Luar.jpg?fit=208%2C300&amp;ssl=1\" data-large-file=\"https:\/\/i0.wp.com\/gersonguelmann.com.br\/blog\/wp-content\/uploads\/2017\/10\/Luar.jpg?fit=348%2C501&amp;ssl=1\" class=\"alignnone size-medium wp-image-17433\" src=\"https:\/\/i0.wp.com\/gersonguelmann.com.br\/blog\/wp-content\/uploads\/2017\/10\/Luar.jpg?resize=208%2C300&#038;ssl=1\" alt=\"\" width=\"208\" height=\"300\" srcset=\"https:\/\/i0.wp.com\/gersonguelmann.com.br\/blog\/wp-content\/uploads\/2017\/10\/Luar.jpg?resize=208%2C300&amp;ssl=1 208w, https:\/\/i0.wp.com\/gersonguelmann.com.br\/blog\/wp-content\/uploads\/2017\/10\/Luar.jpg?w=348&amp;ssl=1 348w\" sizes=\"(max-width: 208px) 100vw, 208px\" \/><\/p>\n<p>&nbsp;<\/p>\n<p><span style=\"font-family: georgia, palatino, serif; font-size: 18pt;\">Para mim, uma das mais belas pe\u00e7as cl\u00e1ssicas.\u00a0<\/span><\/p>\n<p><span style=\"font-family: georgia, palatino, serif; font-size: 18pt;\"><span style=\"color: #000000;\">Clair de Lune (&#8220;Luar&#8221;) de Debussy (<\/span><span style=\"color: #000000;\">Claude-Achille Debussy), que nasceu em Saint-Germain-en-Laye (Fran\u00e7a) em 22\/8\/1862 e morreu em Paris (Fran\u00e7a)<wbr \/>, em 25\/3\/1918.<\/span><\/span><\/p>\n<p><span style=\"font-family: georgia, palatino, serif; font-size: 18pt;\"><span style=\"color: #000000;\">A interpreta\u00e7\u00e3o \u00e9 da London Symphony Orchestra, conduzida por Stanley Black.<\/span><\/span><\/p>\n<p><span class=\"embed-youtube\" style=\"text-align:center; display: block;\"><iframe class=\"youtube-player\" width=\"640\" height=\"360\" src=\"https:\/\/www.youtube.com\/embed\/-ziJ6T3H8-I?version=3&#038;rel=1&#038;showsearch=0&#038;showinfo=1&#038;iv_load_policy=1&#038;fs=1&#038;hl=pt-BR&#038;autohide=2&#038;wmode=transparent\" allowfullscreen=\"true\" style=\"border:0;\" sandbox=\"allow-scripts allow-same-origin allow-popups allow-presentation allow-popups-to-escape-sandbox\"><\/iframe><\/span><\/p>\n<p>&nbsp;<\/p>\n","protected":false},"excerpt":{"rendered":"<p>&nbsp; Para mim, uma das mais belas pe\u00e7as cl\u00e1ssicas.\u00a0 Clair de Lune (&#8220;Luar&#8221;) de Debussy (Claude-Achille Debussy), que nasceu em Saint-Germain-en-Laye (Fran\u00e7a) em 22\/8\/1862 e morreu em Paris (Fran\u00e7a), em 25\/3\/1918. A interpreta\u00e7\u00e3o \u00e9 da London Symphony Orchestra, conduzida por Stanley Black. &nbsp;<\/p>\n","protected":false},"author":5,"featured_media":17433,"comment_status":"open","ping_status":"open","sticky":false,"template":"","format":"standard","meta":{"_acf_changed":false,"jetpack_post_was_ever_published":false,"_jetpack_newsletter_access":"","_jetpack_dont_email_post_to_subs":false,"_jetpack_newsletter_tier_id":0,"_jetpack_memberships_contains_paywalled_content":false,"_jetpack_memberships_contains_paid_content":false,"footnotes":"","jetpack_publicize_message":"","jetpack_publicize_feature_enabled":true,"jetpack_social_post_already_shared":true,"jetpack_social_options":{"image_generator_settings":{"template":"highway","default_image_id":0,"font":"","enabled":false},"version":2}},"categories":[1],"tags":[],"class_list":["post-3467","post","type-post","status-publish","format-standard","has-post-thumbnail","hentry","category-sem-categoria"],"acf":[],"yoast_head":"<!-- This site is optimized with the Yoast SEO plugin v27.3 - https:\/\/yoast.com\/product\/yoast-seo-wordpress\/ -->\n<title>Luar, de Debussy, Maravilhoso | Blog do Guelmann<\/title>\n<meta name=\"robots\" content=\"index, follow, max-snippet:-1, max-image-preview:large, max-video-preview:-1\" \/>\n<link rel=\"canonical\" href=\"https:\/\/gersonguelmann.com.br\/blog\/luar-de-debussy-maravilhoso\/\" \/>\n<meta property=\"og:locale\" content=\"pt_BR\" \/>\n<meta property=\"og:type\" content=\"article\" \/>\n<meta property=\"og:title\" content=\"Luar, de Debussy, Maravilhoso | Blog do Guelmann\" \/>\n<meta property=\"og:description\" content=\"&nbsp; Para mim, uma das mais belas pe\u00e7as cl\u00e1ssicas.\u00a0 Clair de Lune (&#8220;Luar&#8221;) de Debussy (Claude-Achille Debussy), que nasceu em Saint-Germain-en-Laye (Fran\u00e7a) em 22\/8\/1862 e morreu em Paris (Fran\u00e7a), em 25\/3\/1918. A interpreta\u00e7\u00e3o \u00e9 da London Symphony Orchestra, conduzida por Stanley Black. &nbsp;\" \/>\n<meta property=\"og:url\" content=\"https:\/\/gersonguelmann.com.br\/blog\/luar-de-debussy-maravilhoso\/\" \/>\n<meta property=\"og:site_name\" content=\"Blog do Guelmann\" \/>\n<meta property=\"article:published_time\" content=\"2019-07-12T02:15:21+00:00\" \/>\n<meta property=\"article:modified_time\" content=\"2019-07-12T02:30:42+00:00\" \/>\n<meta property=\"og:image\" content=\"https:\/\/i0.wp.com\/gersonguelmann.com.br\/blog\/wp-content\/uploads\/2017\/10\/Luar.jpg?fit=348%2C501&ssl=1\" \/>\n\t<meta property=\"og:image:width\" content=\"348\" \/>\n\t<meta property=\"og:image:height\" content=\"501\" \/>\n\t<meta property=\"og:image:type\" content=\"image\/jpeg\" \/>\n<meta name=\"author\" content=\"Gerson Guelmann\" \/>\n<meta name=\"twitter:card\" content=\"summary_large_image\" \/>\n<meta name=\"twitter:label1\" content=\"Escrito por\" \/>\n\t<meta name=\"twitter:data1\" content=\"Gerson Guelmann\" \/>\n<script type=\"application\/ld+json\" class=\"yoast-schema-graph\">{\"@context\":\"https:\\\/\\\/schema.org\",\"@graph\":[{\"@type\":\"Article\",\"@id\":\"https:\\\/\\\/gersonguelmann.com.br\\\/blog\\\/luar-de-debussy-maravilhoso\\\/#article\",\"isPartOf\":{\"@id\":\"https:\\\/\\\/gersonguelmann.com.br\\\/blog\\\/luar-de-debussy-maravilhoso\\\/\"},\"author\":{\"name\":\"Gerson Guelmann\",\"@id\":\"https:\\\/\\\/gersonguelmann.com.br\\\/blog\\\/#\\\/schema\\\/person\\\/87e70e2a786888082f941a482c90569e\"},\"headline\":\"Luar, de Debussy, Maravilhoso\",\"datePublished\":\"2019-07-12T02:15:21+00:00\",\"dateModified\":\"2019-07-12T02:30:42+00:00\",\"mainEntityOfPage\":{\"@id\":\"https:\\\/\\\/gersonguelmann.com.br\\\/blog\\\/luar-de-debussy-maravilhoso\\\/\"},\"wordCount\":59,\"commentCount\":0,\"image\":{\"@id\":\"https:\\\/\\\/gersonguelmann.com.br\\\/blog\\\/luar-de-debussy-maravilhoso\\\/#primaryimage\"},\"thumbnailUrl\":\"https:\\\/\\\/i0.wp.com\\\/gersonguelmann.com.br\\\/blog\\\/wp-content\\\/uploads\\\/2017\\\/10\\\/Luar.jpg?fit=348%2C501&ssl=1\",\"inLanguage\":\"pt-BR\",\"potentialAction\":[{\"@type\":\"CommentAction\",\"name\":\"Comment\",\"target\":[\"https:\\\/\\\/gersonguelmann.com.br\\\/blog\\\/luar-de-debussy-maravilhoso\\\/#respond\"]}]},{\"@type\":\"WebPage\",\"@id\":\"https:\\\/\\\/gersonguelmann.com.br\\\/blog\\\/luar-de-debussy-maravilhoso\\\/\",\"url\":\"https:\\\/\\\/gersonguelmann.com.br\\\/blog\\\/luar-de-debussy-maravilhoso\\\/\",\"name\":\"Luar, de Debussy, Maravilhoso | Blog do Guelmann\",\"isPartOf\":{\"@id\":\"https:\\\/\\\/gersonguelmann.com.br\\\/blog\\\/#website\"},\"primaryImageOfPage\":{\"@id\":\"https:\\\/\\\/gersonguelmann.com.br\\\/blog\\\/luar-de-debussy-maravilhoso\\\/#primaryimage\"},\"image\":{\"@id\":\"https:\\\/\\\/gersonguelmann.com.br\\\/blog\\\/luar-de-debussy-maravilhoso\\\/#primaryimage\"},\"thumbnailUrl\":\"https:\\\/\\\/i0.wp.com\\\/gersonguelmann.com.br\\\/blog\\\/wp-content\\\/uploads\\\/2017\\\/10\\\/Luar.jpg?fit=348%2C501&ssl=1\",\"datePublished\":\"2019-07-12T02:15:21+00:00\",\"dateModified\":\"2019-07-12T02:30:42+00:00\",\"author\":{\"@id\":\"https:\\\/\\\/gersonguelmann.com.br\\\/blog\\\/#\\\/schema\\\/person\\\/87e70e2a786888082f941a482c90569e\"},\"inLanguage\":\"pt-BR\",\"potentialAction\":[{\"@type\":\"ReadAction\",\"target\":[\"https:\\\/\\\/gersonguelmann.com.br\\\/blog\\\/luar-de-debussy-maravilhoso\\\/\"]}]},{\"@type\":\"ImageObject\",\"inLanguage\":\"pt-BR\",\"@id\":\"https:\\\/\\\/gersonguelmann.com.br\\\/blog\\\/luar-de-debussy-maravilhoso\\\/#primaryimage\",\"url\":\"https:\\\/\\\/i0.wp.com\\\/gersonguelmann.com.br\\\/blog\\\/wp-content\\\/uploads\\\/2017\\\/10\\\/Luar.jpg?fit=348%2C501&ssl=1\",\"contentUrl\":\"https:\\\/\\\/i0.wp.com\\\/gersonguelmann.com.br\\\/blog\\\/wp-content\\\/uploads\\\/2017\\\/10\\\/Luar.jpg?fit=348%2C501&ssl=1\",\"width\":348,\"height\":501},{\"@type\":\"WebSite\",\"@id\":\"https:\\\/\\\/gersonguelmann.com.br\\\/blog\\\/#website\",\"url\":\"https:\\\/\\\/gersonguelmann.com.br\\\/blog\\\/\",\"name\":\"Blog do Guelmann\",\"description\":\"Pitadas da sabedoria e do humor judaicos, assuntos do momento e um pouco das hist\u00f3rias que vivi e testemunhei.\",\"potentialAction\":[{\"@type\":\"SearchAction\",\"target\":{\"@type\":\"EntryPoint\",\"urlTemplate\":\"https:\\\/\\\/gersonguelmann.com.br\\\/blog\\\/?s={search_term_string}\"},\"query-input\":{\"@type\":\"PropertyValueSpecification\",\"valueRequired\":true,\"valueName\":\"search_term_string\"}}],\"inLanguage\":\"pt-BR\"},{\"@type\":\"Person\",\"@id\":\"https:\\\/\\\/gersonguelmann.com.br\\\/blog\\\/#\\\/schema\\\/person\\\/87e70e2a786888082f941a482c90569e\",\"name\":\"Gerson Guelmann\",\"image\":{\"@type\":\"ImageObject\",\"inLanguage\":\"pt-BR\",\"@id\":\"https:\\\/\\\/i0.wp.com\\\/gersonguelmann.com.br\\\/blog\\\/wp-content\\\/uploads\\\/2021\\\/08\\\/BLOG.jpeg?fit=96%2C96&ssl=1\",\"url\":\"https:\\\/\\\/i0.wp.com\\\/gersonguelmann.com.br\\\/blog\\\/wp-content\\\/uploads\\\/2021\\\/08\\\/BLOG.jpeg?fit=96%2C96&ssl=1\",\"contentUrl\":\"https:\\\/\\\/i0.wp.com\\\/gersonguelmann.com.br\\\/blog\\\/wp-content\\\/uploads\\\/2021\\\/08\\\/BLOG.jpeg?fit=96%2C96&ssl=1\",\"caption\":\"Gerson Guelmann\"},\"description\":\"Pitadas da sabedoria e do humor judaicos, assuntos do momento e um pouco das hist\u00f3rias que vivi e testemunhei.\"}]}<\/script>\n<!-- \/ Yoast SEO plugin. -->","yoast_head_json":{"title":"Luar, de Debussy, Maravilhoso | Blog do Guelmann","robots":{"index":"index","follow":"follow","max-snippet":"max-snippet:-1","max-image-preview":"max-image-preview:large","max-video-preview":"max-video-preview:-1"},"canonical":"https:\/\/gersonguelmann.com.br\/blog\/luar-de-debussy-maravilhoso\/","og_locale":"pt_BR","og_type":"article","og_title":"Luar, de Debussy, Maravilhoso | Blog do Guelmann","og_description":"&nbsp; Para mim, uma das mais belas pe\u00e7as cl\u00e1ssicas.\u00a0 Clair de Lune (&#8220;Luar&#8221;) de Debussy (Claude-Achille Debussy), que nasceu em Saint-Germain-en-Laye (Fran\u00e7a) em 22\/8\/1862 e morreu em Paris (Fran\u00e7a), em 25\/3\/1918. A interpreta\u00e7\u00e3o \u00e9 da London Symphony Orchestra, conduzida por Stanley Black. &nbsp;","og_url":"https:\/\/gersonguelmann.com.br\/blog\/luar-de-debussy-maravilhoso\/","og_site_name":"Blog do Guelmann","article_published_time":"2019-07-12T02:15:21+00:00","article_modified_time":"2019-07-12T02:30:42+00:00","og_image":[{"width":348,"height":501,"url":"https:\/\/i0.wp.com\/gersonguelmann.com.br\/blog\/wp-content\/uploads\/2017\/10\/Luar.jpg?fit=348%2C501&ssl=1","type":"image\/jpeg"}],"author":"Gerson Guelmann","twitter_card":"summary_large_image","twitter_misc":{"Escrito por":"Gerson Guelmann"},"schema":{"@context":"https:\/\/schema.org","@graph":[{"@type":"Article","@id":"https:\/\/gersonguelmann.com.br\/blog\/luar-de-debussy-maravilhoso\/#article","isPartOf":{"@id":"https:\/\/gersonguelmann.com.br\/blog\/luar-de-debussy-maravilhoso\/"},"author":{"name":"Gerson Guelmann","@id":"https:\/\/gersonguelmann.com.br\/blog\/#\/schema\/person\/87e70e2a786888082f941a482c90569e"},"headline":"Luar, de Debussy, Maravilhoso","datePublished":"2019-07-12T02:15:21+00:00","dateModified":"2019-07-12T02:30:42+00:00","mainEntityOfPage":{"@id":"https:\/\/gersonguelmann.com.br\/blog\/luar-de-debussy-maravilhoso\/"},"wordCount":59,"commentCount":0,"image":{"@id":"https:\/\/gersonguelmann.com.br\/blog\/luar-de-debussy-maravilhoso\/#primaryimage"},"thumbnailUrl":"https:\/\/i0.wp.com\/gersonguelmann.com.br\/blog\/wp-content\/uploads\/2017\/10\/Luar.jpg?fit=348%2C501&ssl=1","inLanguage":"pt-BR","potentialAction":[{"@type":"CommentAction","name":"Comment","target":["https:\/\/gersonguelmann.com.br\/blog\/luar-de-debussy-maravilhoso\/#respond"]}]},{"@type":"WebPage","@id":"https:\/\/gersonguelmann.com.br\/blog\/luar-de-debussy-maravilhoso\/","url":"https:\/\/gersonguelmann.com.br\/blog\/luar-de-debussy-maravilhoso\/","name":"Luar, de Debussy, Maravilhoso | Blog do Guelmann","isPartOf":{"@id":"https:\/\/gersonguelmann.com.br\/blog\/#website"},"primaryImageOfPage":{"@id":"https:\/\/gersonguelmann.com.br\/blog\/luar-de-debussy-maravilhoso\/#primaryimage"},"image":{"@id":"https:\/\/gersonguelmann.com.br\/blog\/luar-de-debussy-maravilhoso\/#primaryimage"},"thumbnailUrl":"https:\/\/i0.wp.com\/gersonguelmann.com.br\/blog\/wp-content\/uploads\/2017\/10\/Luar.jpg?fit=348%2C501&ssl=1","datePublished":"2019-07-12T02:15:21+00:00","dateModified":"2019-07-12T02:30:42+00:00","author":{"@id":"https:\/\/gersonguelmann.com.br\/blog\/#\/schema\/person\/87e70e2a786888082f941a482c90569e"},"inLanguage":"pt-BR","potentialAction":[{"@type":"ReadAction","target":["https:\/\/gersonguelmann.com.br\/blog\/luar-de-debussy-maravilhoso\/"]}]},{"@type":"ImageObject","inLanguage":"pt-BR","@id":"https:\/\/gersonguelmann.com.br\/blog\/luar-de-debussy-maravilhoso\/#primaryimage","url":"https:\/\/i0.wp.com\/gersonguelmann.com.br\/blog\/wp-content\/uploads\/2017\/10\/Luar.jpg?fit=348%2C501&ssl=1","contentUrl":"https:\/\/i0.wp.com\/gersonguelmann.com.br\/blog\/wp-content\/uploads\/2017\/10\/Luar.jpg?fit=348%2C501&ssl=1","width":348,"height":501},{"@type":"WebSite","@id":"https:\/\/gersonguelmann.com.br\/blog\/#website","url":"https:\/\/gersonguelmann.com.br\/blog\/","name":"Blog do Guelmann","description":"Pitadas da sabedoria e do humor judaicos, assuntos do momento e um pouco das hist\u00f3rias que vivi e testemunhei.","potentialAction":[{"@type":"SearchAction","target":{"@type":"EntryPoint","urlTemplate":"https:\/\/gersonguelmann.com.br\/blog\/?s={search_term_string}"},"query-input":{"@type":"PropertyValueSpecification","valueRequired":true,"valueName":"search_term_string"}}],"inLanguage":"pt-BR"},{"@type":"Person","@id":"https:\/\/gersonguelmann.com.br\/blog\/#\/schema\/person\/87e70e2a786888082f941a482c90569e","name":"Gerson Guelmann","image":{"@type":"ImageObject","inLanguage":"pt-BR","@id":"https:\/\/i0.wp.com\/gersonguelmann.com.br\/blog\/wp-content\/uploads\/2021\/08\/BLOG.jpeg?fit=96%2C96&ssl=1","url":"https:\/\/i0.wp.com\/gersonguelmann.com.br\/blog\/wp-content\/uploads\/2021\/08\/BLOG.jpeg?fit=96%2C96&ssl=1","contentUrl":"https:\/\/i0.wp.com\/gersonguelmann.com.br\/blog\/wp-content\/uploads\/2021\/08\/BLOG.jpeg?fit=96%2C96&ssl=1","caption":"Gerson Guelmann"},"description":"Pitadas da sabedoria e do humor judaicos, assuntos do momento e um pouco das hist\u00f3rias que vivi e testemunhei."}]}},"views":97,"jetpack_publicize_connections":[],"jetpack_featured_media_url":"https:\/\/i0.wp.com\/gersonguelmann.com.br\/blog\/wp-content\/uploads\/2017\/10\/Luar.jpg?fit=348%2C501&ssl=1","jetpack_shortlink":"https:\/\/wp.me\/p96e7O-TV","jetpack-related-posts":[{"id":11850,"url":"https:\/\/gersonguelmann.com.br\/blog\/mesmo-que-nao-haja-luar-escute\/","url_meta":{"origin":3467,"position":0},"title":"Mesmo Que N\u00e3o Haja Luar, Escute","author":"Gerson Guelmann","date":"26 de janeiro de 2021","format":false,"excerpt":"Sobre Clair de Lune, a Wikip\u00e9dia diz: - \"Clair de Lune \u00e9 o terceiro movimento da Suite Bergamasque, sendo composta em 1905 por Claude Debussy, tornando-se um dos maiores \u00edcones da m\u00fasica erudita de todos os tempos.\" E sobre ela, modestamente digo que \u00e9 uma das m\u00fasicas mais lindas que\u2026","rel":"","context":"Em &quot;Sem categoria&quot;","block_context":{"text":"Sem categoria","link":"https:\/\/gersonguelmann.com.br\/blog\/category\/sem-categoria\/"},"img":{"alt_text":"","src":"https:\/\/i0.wp.com\/gersonguelmann.com.br\/blog\/wp-content\/uploads\/2018\/04\/moon-5175691_1920.jpg?fit=1200%2C800&ssl=1&resize=350%2C200","width":350,"height":200,"srcset":"https:\/\/i0.wp.com\/gersonguelmann.com.br\/blog\/wp-content\/uploads\/2018\/04\/moon-5175691_1920.jpg?fit=1200%2C800&ssl=1&resize=350%2C200 1x, https:\/\/i0.wp.com\/gersonguelmann.com.br\/blog\/wp-content\/uploads\/2018\/04\/moon-5175691_1920.jpg?fit=1200%2C800&ssl=1&resize=525%2C300 1.5x, https:\/\/i0.wp.com\/gersonguelmann.com.br\/blog\/wp-content\/uploads\/2018\/04\/moon-5175691_1920.jpg?fit=1200%2C800&ssl=1&resize=700%2C400 2x, https:\/\/i0.wp.com\/gersonguelmann.com.br\/blog\/wp-content\/uploads\/2018\/04\/moon-5175691_1920.jpg?fit=1200%2C800&ssl=1&resize=1050%2C600 3x"},"classes":[]},{"id":17045,"url":"https:\/\/gersonguelmann.com.br\/blog\/com-apenas-5-anos-ja-tocava-piano-melhor-do-que-voce-aos-50\/","url_meta":{"origin":3467,"position":1},"title":"Com Apenas 5 Anos, J\u00e1 Tocava Piano Melhor do Que Voc\u00ea Aos 50","author":"Gerson Guelmann","date":"14 de junho de 2019","format":false,"excerpt":"Bom, talvez o t\u00edtulo n\u00e3o seja justo para quem tenha 50 anos e seja de fato um(a) pianista. Mas falando por mim mesmo, n\u00e3o adiantaria nem ter 500. O v\u00eddeo abaixo mostra uma menina chinesa chamada Anke Chen. Quando foi gravado ela tinha apenas 5 anos (agora tem 8). Dizer\u2026","rel":"","context":"Em &quot;Sem categoria&quot;","block_context":{"text":"Sem categoria","link":"https:\/\/gersonguelmann.com.br\/blog\/category\/sem-categoria\/"},"img":{"alt_text":"","src":"https:\/\/i0.wp.com\/gersonguelmann.com.br\/blog\/wp-content\/uploads\/2019\/06\/Anke-Chen.jpg?fit=1200%2C675&ssl=1&resize=350%2C200","width":350,"height":200,"srcset":"https:\/\/i0.wp.com\/gersonguelmann.com.br\/blog\/wp-content\/uploads\/2019\/06\/Anke-Chen.jpg?fit=1200%2C675&ssl=1&resize=350%2C200 1x, https:\/\/i0.wp.com\/gersonguelmann.com.br\/blog\/wp-content\/uploads\/2019\/06\/Anke-Chen.jpg?fit=1200%2C675&ssl=1&resize=525%2C300 1.5x, https:\/\/i0.wp.com\/gersonguelmann.com.br\/blog\/wp-content\/uploads\/2019\/06\/Anke-Chen.jpg?fit=1200%2C675&ssl=1&resize=700%2C400 2x, https:\/\/i0.wp.com\/gersonguelmann.com.br\/blog\/wp-content\/uploads\/2019\/06\/Anke-Chen.jpg?fit=1200%2C675&ssl=1&resize=1050%2C600 3x"},"classes":[]},{"id":12461,"url":"https:\/\/gersonguelmann.com.br\/blog\/11-vinhos-e-espumantes-brasileiros-premiados-na-franca\/","url_meta":{"origin":3467,"position":2},"title":"11 Vinhos e Espumantes Brasileiros Premiados na Fran\u00e7a","author":"Gerson Guelmann","date":"4 de maio de 2018","format":false,"excerpt":"A Ga\u00fachaZH publicou mat\u00e9ria sobre a presen\u00e7a de vinhos e espumantes brasileiros em competi\u00e7\u00e3o realizada em Bordeaux, na Fran\u00e7a. Foram premiados 11 r\u00f3tulos, sendo 10 ga\u00fachos e um paranaense. Transcrevo a mat\u00e9ria: MERECEM BRINDE 10 vinhos e espumantes do RS ganham medalhas na Fran\u00e7a; saiba quais s\u00e3o Dos 11 r\u00f3tulos\u2026","rel":"","context":"Em &quot;Sem categoria&quot;","block_context":{"text":"Sem categoria","link":"https:\/\/gersonguelmann.com.br\/blog\/category\/sem-categoria\/"},"img":{"alt_text":"","src":"https:\/\/i0.wp.com\/gersonguelmann.com.br\/blog\/wp-content\/uploads\/2018\/05\/Espumantes-degustados1.jpg?fit=1200%2C797&ssl=1&resize=350%2C200","width":350,"height":200,"srcset":"https:\/\/i0.wp.com\/gersonguelmann.com.br\/blog\/wp-content\/uploads\/2018\/05\/Espumantes-degustados1.jpg?fit=1200%2C797&ssl=1&resize=350%2C200 1x, https:\/\/i0.wp.com\/gersonguelmann.com.br\/blog\/wp-content\/uploads\/2018\/05\/Espumantes-degustados1.jpg?fit=1200%2C797&ssl=1&resize=525%2C300 1.5x, https:\/\/i0.wp.com\/gersonguelmann.com.br\/blog\/wp-content\/uploads\/2018\/05\/Espumantes-degustados1.jpg?fit=1200%2C797&ssl=1&resize=700%2C400 2x, https:\/\/i0.wp.com\/gersonguelmann.com.br\/blog\/wp-content\/uploads\/2018\/05\/Espumantes-degustados1.jpg?fit=1200%2C797&ssl=1&resize=1050%2C600 3x"},"classes":[]},{"id":6965,"url":"https:\/\/gersonguelmann.com.br\/blog\/atualizacao-em-paris-afastada-da-filha-curitibana-aguarda-justica\/","url_meta":{"origin":3467,"position":3},"title":"Atualiza\u00e7\u00e3o: Em Paris, Afastada da Filha, Curitibana Aguarda Justi\u00e7a","author":"Gerson Guelmann","date":"13 de janeiro de 2018","format":false,"excerpt":"(Atualiza\u00e7\u00e3o: ao final do texto voc\u00ea encontrar\u00e1 o link para o v\u00eddeo da mat\u00e9ria) \u00a0 A RPC, afiliada a Rede Globo, apresentar\u00e1 no Paran\u00e1 TV 2\u00aa edi\u00e7\u00e3o, logo mais, nova mat\u00e9ria sobre o drama que a Curitibana Val\u00e9ria Ghisi est\u00e1 vivendo desde que foi obrigada a separar-se da filha, na\u2026","rel":"","context":"Em &quot;Sem categoria&quot;","block_context":{"text":"Sem categoria","link":"https:\/\/gersonguelmann.com.br\/blog\/category\/sem-categoria\/"},"img":{"alt_text":"","src":"https:\/\/i0.wp.com\/gersonguelmann.com.br\/blog\/wp-content\/uploads\/2018\/01\/M%C3%A3e.jpeg?fit=940%2C626&ssl=1&resize=350%2C200","width":350,"height":200,"srcset":"https:\/\/i0.wp.com\/gersonguelmann.com.br\/blog\/wp-content\/uploads\/2018\/01\/M%C3%A3e.jpeg?fit=940%2C626&ssl=1&resize=350%2C200 1x, https:\/\/i0.wp.com\/gersonguelmann.com.br\/blog\/wp-content\/uploads\/2018\/01\/M%C3%A3e.jpeg?fit=940%2C626&ssl=1&resize=525%2C300 1.5x, https:\/\/i0.wp.com\/gersonguelmann.com.br\/blog\/wp-content\/uploads\/2018\/01\/M%C3%A3e.jpeg?fit=940%2C626&ssl=1&resize=700%2C400 2x"},"classes":[]},{"id":7837,"url":"https:\/\/gersonguelmann.com.br\/blog\/classicos-do-meio-dia-112\/","url_meta":{"origin":3467,"position":4},"title":"Cl\u00e1ssicos do Meio-Dia","author":"Gerson Guelmann","date":"30 de janeiro de 2018","format":false,"excerpt":"Willi Burger Mil\u00e3o (It\u00e1lia), 1934 https:\/\/www.youtube.com\/watch?v=MDX2R02N8Tc Clair de Lune Debussy","rel":"","context":"Em &quot;Sem categoria&quot;","block_context":{"text":"Sem categoria","link":"https:\/\/gersonguelmann.com.br\/blog\/category\/sem-categoria\/"},"img":{"alt_text":"","src":"https:\/\/i0.wp.com\/gersonguelmann.com.br\/blog\/wp-content\/uploads\/2018\/01\/WB-1-300x168.jpg?resize=350%2C200&ssl=1","width":350,"height":200},"classes":[]},{"id":17740,"url":"https:\/\/gersonguelmann.com.br\/blog\/na-noite-de-natal-voce-faria-esse-teste-com-tua-familia\/","url_meta":{"origin":3467,"position":5},"title":"Na Noite de Natal, Voc\u00ea Faria Esse Teste com Tua Fam\u00edlia?","author":"Gerson Guelmann","date":"16 de dezembro de 2024","format":false,"excerpt":"Foto: Pexels Gosto muito dos 'Experimentos Sociais' e frequentemente escrevo sobre eles. Ao contr\u00e1rio do que alguns imaginam, eles n\u00e3o apareceram com o advento das redes sociais, que s\u00f3 ampliaram a divulga\u00e7\u00e3o. Eles existem desde o s\u00e9culo XIX, ainda que tenham se tornado mais comuns no s\u00e9culo XX, sempre com\u2026","rel":"","context":"Em &quot;Sem categoria&quot;","block_context":{"text":"Sem categoria","link":"https:\/\/gersonguelmann.com.br\/blog\/category\/sem-categoria\/"},"img":{"alt_text":"","src":"https:\/\/i0.wp.com\/gersonguelmann.com.br\/blog\/wp-content\/uploads\/2024\/12\/AMPLIAR-2.png?fit=1200%2C800&ssl=1&resize=350%2C200","width":350,"height":200,"srcset":"https:\/\/i0.wp.com\/gersonguelmann.com.br\/blog\/wp-content\/uploads\/2024\/12\/AMPLIAR-2.png?fit=1200%2C800&ssl=1&resize=350%2C200 1x, https:\/\/i0.wp.com\/gersonguelmann.com.br\/blog\/wp-content\/uploads\/2024\/12\/AMPLIAR-2.png?fit=1200%2C800&ssl=1&resize=525%2C300 1.5x, https:\/\/i0.wp.com\/gersonguelmann.com.br\/blog\/wp-content\/uploads\/2024\/12\/AMPLIAR-2.png?fit=1200%2C800&ssl=1&resize=700%2C400 2x, https:\/\/i0.wp.com\/gersonguelmann.com.br\/blog\/wp-content\/uploads\/2024\/12\/AMPLIAR-2.png?fit=1200%2C800&ssl=1&resize=1050%2C600 3x"},"classes":[]}],"jetpack_sharing_enabled":true,"post_mailing_queue_ids":[],"_links":{"self":[{"href":"https:\/\/gersonguelmann.com.br\/blog\/wp-json\/wp\/v2\/posts\/3467","targetHints":{"allow":["GET"]}}],"collection":[{"href":"https:\/\/gersonguelmann.com.br\/blog\/wp-json\/wp\/v2\/posts"}],"about":[{"href":"https:\/\/gersonguelmann.com.br\/blog\/wp-json\/wp\/v2\/types\/post"}],"author":[{"embeddable":true,"href":"https:\/\/gersonguelmann.com.br\/blog\/wp-json\/wp\/v2\/users\/5"}],"replies":[{"embeddable":true,"href":"https:\/\/gersonguelmann.com.br\/blog\/wp-json\/wp\/v2\/comments?post=3467"}],"version-history":[{"count":0,"href":"https:\/\/gersonguelmann.com.br\/blog\/wp-json\/wp\/v2\/posts\/3467\/revisions"}],"wp:featuredmedia":[{"embeddable":true,"href":"https:\/\/gersonguelmann.com.br\/blog\/wp-json\/wp\/v2\/media\/17433"}],"wp:attachment":[{"href":"https:\/\/gersonguelmann.com.br\/blog\/wp-json\/wp\/v2\/media?parent=3467"}],"wp:term":[{"taxonomy":"category","embeddable":true,"href":"https:\/\/gersonguelmann.com.br\/blog\/wp-json\/wp\/v2\/categories?post=3467"},{"taxonomy":"post_tag","embeddable":true,"href":"https:\/\/gersonguelmann.com.br\/blog\/wp-json\/wp\/v2\/tags?post=3467"}],"curies":[{"name":"wp","href":"https:\/\/api.w.org\/{rel}","templated":true}]}}