    {"id":423,"date":"2016-12-13T20:28:00","date_gmt":"2016-12-13T22:28:00","guid":{"rendered":"https:\/\/gersonguelmann.com.br\/blog\/como-evitar-o-avc\/"},"modified":"2016-12-13T20:28:00","modified_gmt":"2016-12-13T22:28:00","slug":"como-evitar-o-avc","status":"publish","type":"post","link":"https:\/\/gersonguelmann.com.br\/blog\/como-evitar-o-avc\/","title":{"rendered":"Como evitar o AVC?"},"content":{"rendered":"<p dir=\"ltr\">Pe&#231;o a D-us que me livre da apoplexia que sinto aproximar-se, cada vez que vejo o tal do Renan na tela da TV.<\/p>\n","protected":false},"excerpt":{"rendered":"<p>Pe&#231;o a D-us que me livre da apoplexia que sinto aproximar-se, cada vez que vejo o tal do Renan na tela da TV.<\/p>\n","protected":false},"author":5,"featured_media":0,"comment_status":"open","ping_status":"open","sticky":false,"template":"","format":"standard","meta":{"_acf_changed":false,"jetpack_post_was_ever_published":false,"_jetpack_newsletter_access":"","_jetpack_dont_email_post_to_subs":false,"_jetpack_newsletter_tier_id":0,"_jetpack_memberships_contains_paywalled_content":false,"_jetpack_memberships_contains_paid_content":false,"footnotes":"","jetpack_publicize_message":"","jetpack_publicize_feature_enabled":true,"jetpack_social_post_already_shared":false,"jetpack_social_options":{"image_generator_settings":{"template":"highway","default_image_id":0,"font":"","enabled":false},"version":2}},"categories":[1],"tags":[],"class_list":["post-423","post","type-post","status-publish","format-standard","hentry","category-sem-categoria"],"acf":[],"yoast_head":"<!-- This site is optimized with the Yoast SEO plugin v27.3 - https:\/\/yoast.com\/product\/yoast-seo-wordpress\/ -->\n<title>Como evitar o AVC? | Blog do Guelmann<\/title>\n<meta name=\"robots\" content=\"index, follow, max-snippet:-1, max-image-preview:large, max-video-preview:-1\" \/>\n<link rel=\"canonical\" href=\"https:\/\/gersonguelmann.com.br\/blog\/como-evitar-o-avc\/\" \/>\n<meta property=\"og:locale\" content=\"pt_BR\" \/>\n<meta property=\"og:type\" content=\"article\" \/>\n<meta property=\"og:title\" content=\"Como evitar o AVC? | Blog do Guelmann\" \/>\n<meta property=\"og:description\" content=\"Pe&#231;o a D-us que me livre da apoplexia que sinto aproximar-se, cada vez que vejo o tal do Renan na tela da TV.\" \/>\n<meta property=\"og:url\" content=\"https:\/\/gersonguelmann.com.br\/blog\/como-evitar-o-avc\/\" \/>\n<meta property=\"og:site_name\" content=\"Blog do Guelmann\" \/>\n<meta property=\"article:published_time\" content=\"2016-12-13T22:28:00+00:00\" \/>\n<meta property=\"og:image\" content=\"https:\/\/i0.wp.com\/gersonguelmann.com.br\/blog\/wp-content\/uploads\/2025\/11\/GersonGuelmannProfile.webp?fit=500%2C500&ssl=1\" \/>\n\t<meta property=\"og:image:width\" content=\"500\" \/>\n\t<meta property=\"og:image:height\" content=\"500\" \/>\n\t<meta property=\"og:image:type\" content=\"image\/webp\" \/>\n<meta name=\"author\" content=\"Gerson Guelmann\" \/>\n<meta name=\"twitter:card\" content=\"summary_large_image\" \/>\n<meta name=\"twitter:label1\" content=\"Escrito por\" \/>\n\t<meta name=\"twitter:data1\" content=\"Gerson Guelmann\" \/>\n<script type=\"application\/ld+json\" class=\"yoast-schema-graph\">{\"@context\":\"https:\\\/\\\/schema.org\",\"@graph\":[{\"@type\":\"Article\",\"@id\":\"https:\\\/\\\/gersonguelmann.com.br\\\/blog\\\/como-evitar-o-avc\\\/#article\",\"isPartOf\":{\"@id\":\"https:\\\/\\\/gersonguelmann.com.br\\\/blog\\\/como-evitar-o-avc\\\/\"},\"author\":{\"name\":\"Gerson Guelmann\",\"@id\":\"https:\\\/\\\/gersonguelmann.com.br\\\/blog\\\/#\\\/schema\\\/person\\\/87e70e2a786888082f941a482c90569e\"},\"headline\":\"Como evitar o AVC?\",\"datePublished\":\"2016-12-13T22:28:00+00:00\",\"mainEntityOfPage\":{\"@id\":\"https:\\\/\\\/gersonguelmann.com.br\\\/blog\\\/como-evitar-o-avc\\\/\"},\"wordCount\":28,\"commentCount\":0,\"inLanguage\":\"pt-BR\",\"potentialAction\":[{\"@type\":\"CommentAction\",\"name\":\"Comment\",\"target\":[\"https:\\\/\\\/gersonguelmann.com.br\\\/blog\\\/como-evitar-o-avc\\\/#respond\"]}]},{\"@type\":\"WebPage\",\"@id\":\"https:\\\/\\\/gersonguelmann.com.br\\\/blog\\\/como-evitar-o-avc\\\/\",\"url\":\"https:\\\/\\\/gersonguelmann.com.br\\\/blog\\\/como-evitar-o-avc\\\/\",\"name\":\"Como evitar o AVC? | Blog do Guelmann\",\"isPartOf\":{\"@id\":\"https:\\\/\\\/gersonguelmann.com.br\\\/blog\\\/#website\"},\"datePublished\":\"2016-12-13T22:28:00+00:00\",\"author\":{\"@id\":\"https:\\\/\\\/gersonguelmann.com.br\\\/blog\\\/#\\\/schema\\\/person\\\/87e70e2a786888082f941a482c90569e\"},\"inLanguage\":\"pt-BR\",\"potentialAction\":[{\"@type\":\"ReadAction\",\"target\":[\"https:\\\/\\\/gersonguelmann.com.br\\\/blog\\\/como-evitar-o-avc\\\/\"]}]},{\"@type\":\"WebSite\",\"@id\":\"https:\\\/\\\/gersonguelmann.com.br\\\/blog\\\/#website\",\"url\":\"https:\\\/\\\/gersonguelmann.com.br\\\/blog\\\/\",\"name\":\"Blog do Guelmann\",\"description\":\"Pitadas da sabedoria e do humor judaicos, assuntos do momento e um pouco das hist\u00f3rias que vivi e testemunhei.\",\"potentialAction\":[{\"@type\":\"SearchAction\",\"target\":{\"@type\":\"EntryPoint\",\"urlTemplate\":\"https:\\\/\\\/gersonguelmann.com.br\\\/blog\\\/?s={search_term_string}\"},\"query-input\":{\"@type\":\"PropertyValueSpecification\",\"valueRequired\":true,\"valueName\":\"search_term_string\"}}],\"inLanguage\":\"pt-BR\"},{\"@type\":\"Person\",\"@id\":\"https:\\\/\\\/gersonguelmann.com.br\\\/blog\\\/#\\\/schema\\\/person\\\/87e70e2a786888082f941a482c90569e\",\"name\":\"Gerson Guelmann\",\"image\":{\"@type\":\"ImageObject\",\"inLanguage\":\"pt-BR\",\"@id\":\"https:\\\/\\\/i0.wp.com\\\/gersonguelmann.com.br\\\/blog\\\/wp-content\\\/uploads\\\/2021\\\/08\\\/BLOG.jpeg?fit=96%2C96&ssl=1\",\"url\":\"https:\\\/\\\/i0.wp.com\\\/gersonguelmann.com.br\\\/blog\\\/wp-content\\\/uploads\\\/2021\\\/08\\\/BLOG.jpeg?fit=96%2C96&ssl=1\",\"contentUrl\":\"https:\\\/\\\/i0.wp.com\\\/gersonguelmann.com.br\\\/blog\\\/wp-content\\\/uploads\\\/2021\\\/08\\\/BLOG.jpeg?fit=96%2C96&ssl=1\",\"caption\":\"Gerson Guelmann\"},\"description\":\"Pitadas da sabedoria e do humor judaicos, assuntos do momento e um pouco das hist\u00f3rias que vivi e testemunhei.\"}]}<\/script>\n<!-- \/ Yoast SEO plugin. -->","yoast_head_json":{"title":"Como evitar o AVC? | Blog do Guelmann","robots":{"index":"index","follow":"follow","max-snippet":"max-snippet:-1","max-image-preview":"max-image-preview:large","max-video-preview":"max-video-preview:-1"},"canonical":"https:\/\/gersonguelmann.com.br\/blog\/como-evitar-o-avc\/","og_locale":"pt_BR","og_type":"article","og_title":"Como evitar o AVC? | Blog do Guelmann","og_description":"Pe&#231;o a D-us que me livre da apoplexia que sinto aproximar-se, cada vez que vejo o tal do Renan na tela da TV.","og_url":"https:\/\/gersonguelmann.com.br\/blog\/como-evitar-o-avc\/","og_site_name":"Blog do Guelmann","article_published_time":"2016-12-13T22:28:00+00:00","og_image":[{"width":500,"height":500,"url":"https:\/\/i0.wp.com\/gersonguelmann.com.br\/blog\/wp-content\/uploads\/2025\/11\/GersonGuelmannProfile.webp?fit=500%2C500&ssl=1","type":"image\/webp"}],"author":"Gerson Guelmann","twitter_card":"summary_large_image","twitter_misc":{"Escrito por":"Gerson Guelmann"},"schema":{"@context":"https:\/\/schema.org","@graph":[{"@type":"Article","@id":"https:\/\/gersonguelmann.com.br\/blog\/como-evitar-o-avc\/#article","isPartOf":{"@id":"https:\/\/gersonguelmann.com.br\/blog\/como-evitar-o-avc\/"},"author":{"name":"Gerson Guelmann","@id":"https:\/\/gersonguelmann.com.br\/blog\/#\/schema\/person\/87e70e2a786888082f941a482c90569e"},"headline":"Como evitar o AVC?","datePublished":"2016-12-13T22:28:00+00:00","mainEntityOfPage":{"@id":"https:\/\/gersonguelmann.com.br\/blog\/como-evitar-o-avc\/"},"wordCount":28,"commentCount":0,"inLanguage":"pt-BR","potentialAction":[{"@type":"CommentAction","name":"Comment","target":["https:\/\/gersonguelmann.com.br\/blog\/como-evitar-o-avc\/#respond"]}]},{"@type":"WebPage","@id":"https:\/\/gersonguelmann.com.br\/blog\/como-evitar-o-avc\/","url":"https:\/\/gersonguelmann.com.br\/blog\/como-evitar-o-avc\/","name":"Como evitar o AVC? | Blog do Guelmann","isPartOf":{"@id":"https:\/\/gersonguelmann.com.br\/blog\/#website"},"datePublished":"2016-12-13T22:28:00+00:00","author":{"@id":"https:\/\/gersonguelmann.com.br\/blog\/#\/schema\/person\/87e70e2a786888082f941a482c90569e"},"inLanguage":"pt-BR","potentialAction":[{"@type":"ReadAction","target":["https:\/\/gersonguelmann.com.br\/blog\/como-evitar-o-avc\/"]}]},{"@type":"WebSite","@id":"https:\/\/gersonguelmann.com.br\/blog\/#website","url":"https:\/\/gersonguelmann.com.br\/blog\/","name":"Blog do Guelmann","description":"Pitadas da sabedoria e do humor judaicos, assuntos do momento e um pouco das hist\u00f3rias que vivi e testemunhei.","potentialAction":[{"@type":"SearchAction","target":{"@type":"EntryPoint","urlTemplate":"https:\/\/gersonguelmann.com.br\/blog\/?s={search_term_string}"},"query-input":{"@type":"PropertyValueSpecification","valueRequired":true,"valueName":"search_term_string"}}],"inLanguage":"pt-BR"},{"@type":"Person","@id":"https:\/\/gersonguelmann.com.br\/blog\/#\/schema\/person\/87e70e2a786888082f941a482c90569e","name":"Gerson Guelmann","image":{"@type":"ImageObject","inLanguage":"pt-BR","@id":"https:\/\/i0.wp.com\/gersonguelmann.com.br\/blog\/wp-content\/uploads\/2021\/08\/BLOG.jpeg?fit=96%2C96&ssl=1","url":"https:\/\/i0.wp.com\/gersonguelmann.com.br\/blog\/wp-content\/uploads\/2021\/08\/BLOG.jpeg?fit=96%2C96&ssl=1","contentUrl":"https:\/\/i0.wp.com\/gersonguelmann.com.br\/blog\/wp-content\/uploads\/2021\/08\/BLOG.jpeg?fit=96%2C96&ssl=1","caption":"Gerson Guelmann"},"description":"Pitadas da sabedoria e do humor judaicos, assuntos do momento e um pouco das hist\u00f3rias que vivi e testemunhei."}]}},"views":58,"jetpack_publicize_connections":[],"jetpack_featured_media_url":"","jetpack_shortlink":"https:\/\/wp.me\/p96e7O-6P","jetpack-related-posts":[{"id":11063,"url":"https:\/\/gersonguelmann.com.br\/blog\/sexta-do-humor-e-da-cultura-judaica-levi-aaronson-um-judeu-no-faroeste\/","url_meta":{"origin":423,"position":0},"title":"Sexta do Humor e da Cultura Judaica &#8211; Levi Aaronson, Um Judeu no Faroeste","author":"Gerson Guelmann","date":"12 de abril de 2024","format":false,"excerpt":"Levi Aaronson, Um Judeu no Faroeste Nos idos de 1800, Levi Aaronson, que morava na Am\u00e9rica do Norte, tinha que ir a Omaha. Ele foi at\u00e9 o escrit\u00f3rio da dilig\u00eancia e perguntou: - \"Quanto \u00e9 a passagem para Omaha?\" O funcion\u00e1rio respondeu: - \"Cinco d\u00f3lares\". - \"\u00c9 muito cara!\" -\u2026","rel":"","context":"Em &quot;Sem categoria&quot;","block_context":{"text":"Sem categoria","link":"https:\/\/gersonguelmann.com.br\/blog\/category\/sem-categoria\/"},"img":{"alt_text":"","src":"https:\/\/i0.wp.com\/gersonguelmann.com.br\/blog\/wp-content\/uploads\/2018\/03\/wells-fargo-wagon-1458689.jpg?fit=800%2C600&ssl=1&resize=350%2C200","width":350,"height":200,"srcset":"https:\/\/i0.wp.com\/gersonguelmann.com.br\/blog\/wp-content\/uploads\/2018\/03\/wells-fargo-wagon-1458689.jpg?fit=800%2C600&ssl=1&resize=350%2C200 1x, https:\/\/i0.wp.com\/gersonguelmann.com.br\/blog\/wp-content\/uploads\/2018\/03\/wells-fargo-wagon-1458689.jpg?fit=800%2C600&ssl=1&resize=525%2C300 1.5x, https:\/\/i0.wp.com\/gersonguelmann.com.br\/blog\/wp-content\/uploads\/2018\/03\/wells-fargo-wagon-1458689.jpg?fit=800%2C600&ssl=1&resize=700%2C400 2x"},"classes":[]},{"id":22895,"url":"https:\/\/gersonguelmann.com.br\/blog\/tres-na-quarta-o-ladrao-e-o-encontro-com-o-rei-david\/","url_meta":{"origin":423,"position":1},"title":"Tr\u00eas na Quarta de Humor Judaico","author":"Gerson Guelmann","date":"11 de setembro de 2024","format":false,"excerpt":"O Ladr\u00e3o e o Encontro com o Rei David Um ladr\u00e3o invadiu uma casa durante a noite. Depois de ter pulado a janela, apontou a lanterna ao redor, procurando objetos de valor, quando uma voz no escuro disse: - \"O Rei David sabe que voc\u00ea est\u00e1 aqui\". Apesar de acostumado\u2026","rel":"","context":"Em &quot;Sem categoria&quot;","block_context":{"text":"Sem categoria","link":"https:\/\/gersonguelmann.com.br\/blog\/category\/sem-categoria\/"},"img":{"alt_text":"","src":"https:\/\/i0.wp.com\/gersonguelmann.com.br\/blog\/wp-content\/uploads\/2022\/06\/LADRAO-scaled.jpg?fit=1200%2C800&ssl=1&resize=350%2C200","width":350,"height":200,"srcset":"https:\/\/i0.wp.com\/gersonguelmann.com.br\/blog\/wp-content\/uploads\/2022\/06\/LADRAO-scaled.jpg?fit=1200%2C800&ssl=1&resize=350%2C200 1x, https:\/\/i0.wp.com\/gersonguelmann.com.br\/blog\/wp-content\/uploads\/2022\/06\/LADRAO-scaled.jpg?fit=1200%2C800&ssl=1&resize=525%2C300 1.5x, https:\/\/i0.wp.com\/gersonguelmann.com.br\/blog\/wp-content\/uploads\/2022\/06\/LADRAO-scaled.jpg?fit=1200%2C800&ssl=1&resize=700%2C400 2x, https:\/\/i0.wp.com\/gersonguelmann.com.br\/blog\/wp-content\/uploads\/2022\/06\/LADRAO-scaled.jpg?fit=1200%2C800&ssl=1&resize=1050%2C600 3x"},"classes":[]},{"id":196,"url":"https:\/\/gersonguelmann.com.br\/blog\/o-jornalista-americano-e-o-muro-das-lamentacoes\/","url_meta":{"origin":423,"position":2},"title":"O Jornalista Americano e o Muro das Lamenta\u00e7\u00f5es","author":"Gerson Guelmann","date":"21 de fevereiro de 2021","format":false,"excerpt":"Um jornalista americano designado para assumir o escrit\u00f3rio de Jerusal\u00e9m da rede onde trabalhava, alugou um apartamento com vista para o Muro das Lamenta\u00e7\u00f5es. Todos os dias quando olhava para fora via um velho judeu orando com muita devo\u00e7\u00e3o. N\u00e3o importava se o tempo estivesse bom ou ruim, o idoso\u2026","rel":"","context":"Em &quot;Sem categoria&quot;","block_context":{"text":"Sem categoria","link":"https:\/\/gersonguelmann.com.br\/blog\/category\/sem-categoria\/"},"img":{"alt_text":"","src":"https:\/\/i0.wp.com\/gersonguelmann.com.br\/blog\/wp-content\/uploads\/2017\/05\/Muro.jpg?resize=350%2C200&ssl=1","width":350,"height":200},"classes":[]},{"id":4789,"url":"https:\/\/gersonguelmann.com.br\/blog\/pilulas-de-humor-judaico-38\/","url_meta":{"origin":423,"position":3},"title":"P\u00edlulas de Humor Judaico (38)","author":"Gerson Guelmann","date":"17 de novembro de 2021","format":false,"excerpt":"Sara, Jac\u00f3 e o Sexo na 3\u00aa Idade Sara e Jac\u00f3, ambos j\u00e1 com bastante idade, foram ao m\u00e9dico para uma consulta de rotina. Como fazia sempre nesses casos, o Doutor os atendeu separadamente. Ao terminar o exame do velhinho, o m\u00e9dico perguntou: - \"Sua sa\u00fade parece boa. O senhor\u2026","rel":"","context":"Em &quot;Sem categoria&quot;","block_context":{"text":"Sem categoria","link":"https:\/\/gersonguelmann.com.br\/blog\/category\/sem-categoria\/"},"img":{"alt_text":"","src":"https:\/\/i0.wp.com\/gersonguelmann.com.br\/blog\/wp-content\/uploads\/2017\/11\/4-Esta%C3%A7%C3%B5es.png?fit=662%2C720&ssl=1&resize=350%2C200","width":350,"height":200,"srcset":"https:\/\/i0.wp.com\/gersonguelmann.com.br\/blog\/wp-content\/uploads\/2017\/11\/4-Esta%C3%A7%C3%B5es.png?fit=662%2C720&ssl=1&resize=350%2C200 1x, https:\/\/i0.wp.com\/gersonguelmann.com.br\/blog\/wp-content\/uploads\/2017\/11\/4-Esta%C3%A7%C3%B5es.png?fit=662%2C720&ssl=1&resize=525%2C300 1.5x"},"classes":[]},{"id":26480,"url":"https:\/\/gersonguelmann.com.br\/blog\/sexta-do-humor-e-da-cultura-judaica-quando-o-implante-nao-da-certo\/","url_meta":{"origin":423,"position":4},"title":"Sexta do Humor e da Cultura Judaica &#8211; Quando o Implante N\u00e3o D\u00e1 Certo&#8230;","author":"Gerson Guelmann","date":"12 de dezembro de 2025","format":false,"excerpt":"Quando o Implante N\u00e3o D\u00e1 Certo... Lenny Mendelson estava sentado na Sinagoga num s\u00e1bado quando, de repente, entrou Irving Hecht, seu velho colega de faculdade, acompanhado de uma ruiva deslumbrante. Durante todo o servi\u00e7o religioso, os dois ficaram trocando car\u00edcias e se beijando. Lenny n\u00e3o acreditou no que viu! Irving\u2026","rel":"","context":"Em &quot;Sem categoria&quot;","block_context":{"text":"Sem categoria","link":"https:\/\/gersonguelmann.com.br\/blog\/category\/sem-categoria\/"},"img":{"alt_text":"","src":"https:\/\/i0.wp.com\/gersonguelmann.com.br\/blog\/wp-content\/uploads\/2025\/12\/HojePR-6.png?fit=1200%2C800&ssl=1&resize=350%2C200","width":350,"height":200,"srcset":"https:\/\/i0.wp.com\/gersonguelmann.com.br\/blog\/wp-content\/uploads\/2025\/12\/HojePR-6.png?fit=1200%2C800&ssl=1&resize=350%2C200 1x, https:\/\/i0.wp.com\/gersonguelmann.com.br\/blog\/wp-content\/uploads\/2025\/12\/HojePR-6.png?fit=1200%2C800&ssl=1&resize=525%2C300 1.5x, https:\/\/i0.wp.com\/gersonguelmann.com.br\/blog\/wp-content\/uploads\/2025\/12\/HojePR-6.png?fit=1200%2C800&ssl=1&resize=700%2C400 2x, https:\/\/i0.wp.com\/gersonguelmann.com.br\/blog\/wp-content\/uploads\/2025\/12\/HojePR-6.png?fit=1200%2C800&ssl=1&resize=1050%2C600 3x"},"classes":[]},{"id":3791,"url":"https:\/\/gersonguelmann.com.br\/blog\/o-d-us-de-albert-einstein-e-o-de-baruch-spinoza\/","url_meta":{"origin":423,"position":5},"title":"O D-us de Albert Einstein e de Baruch Spinoza","author":"Gerson Guelmann","date":"20 de junho de 2022","format":false,"excerpt":"Baruch \"Benedictus\" Spinoza Amsterdam (Holanda), 24\/11\/1632 Haia (Holanda), 21\/2\/1677 Uma vez perguntaram a Einstein se ele acreditava em D-us.\u00a0 A resposta que ele deu foi: - \"Creio no D-us de Spinoza que se revela por si mesmo na harmonia de tudo o que existe\".\u00a0 Baruch Spinoza nasceu em Amsterdam, filho\u2026","rel":"","context":"Em &quot;Sem categoria&quot;","block_context":{"text":"Sem categoria","link":"https:\/\/gersonguelmann.com.br\/blog\/category\/sem-categoria\/"},"img":{"alt_text":"","src":"https:\/\/i0.wp.com\/gersonguelmann.com.br\/blog\/wp-content\/uploads\/2017\/10\/HojePR.jpg?fit=350%2C418&ssl=1&resize=350%2C200","width":350,"height":200},"classes":[]}],"jetpack_sharing_enabled":true,"post_mailing_queue_ids":[],"_links":{"self":[{"href":"https:\/\/gersonguelmann.com.br\/blog\/wp-json\/wp\/v2\/posts\/423","targetHints":{"allow":["GET"]}}],"collection":[{"href":"https:\/\/gersonguelmann.com.br\/blog\/wp-json\/wp\/v2\/posts"}],"about":[{"href":"https:\/\/gersonguelmann.com.br\/blog\/wp-json\/wp\/v2\/types\/post"}],"author":[{"embeddable":true,"href":"https:\/\/gersonguelmann.com.br\/blog\/wp-json\/wp\/v2\/users\/5"}],"replies":[{"embeddable":true,"href":"https:\/\/gersonguelmann.com.br\/blog\/wp-json\/wp\/v2\/comments?post=423"}],"version-history":[{"count":0,"href":"https:\/\/gersonguelmann.com.br\/blog\/wp-json\/wp\/v2\/posts\/423\/revisions"}],"wp:attachment":[{"href":"https:\/\/gersonguelmann.com.br\/blog\/wp-json\/wp\/v2\/media?parent=423"}],"wp:term":[{"taxonomy":"category","embeddable":true,"href":"https:\/\/gersonguelmann.com.br\/blog\/wp-json\/wp\/v2\/categories?post=423"},{"taxonomy":"post_tag","embeddable":true,"href":"https:\/\/gersonguelmann.com.br\/blog\/wp-json\/wp\/v2\/tags?post=423"}],"curies":[{"name":"wp","href":"https:\/\/api.w.org\/{rel}","templated":true}]}}