    {"id":4333,"date":"2017-11-11T16:20:27","date_gmt":"2017-11-11T18:20:27","guid":{"rendered":"https:\/\/gersonguelmann.com.br\/blog\/?p=4333"},"modified":"2017-11-11T16:24:11","modified_gmt":"2017-11-11T18:24:11","slug":"felipe-massa-e-a-aposentadoria-silvio-caldas","status":"publish","type":"post","link":"https:\/\/gersonguelmann.com.br\/blog\/felipe-massa-e-a-aposentadoria-silvio-caldas\/","title":{"rendered":"Felipe Massa e a Aposentadoria do Silvio Caldas"},"content":{"rendered":"<p><span style=\"font-family: tahoma, arial, helvetica, sans-serif; font-size: 14pt; color: #000000;\">As gera\u00e7\u00f5es mais novas n\u00e3o conheceram o grande seresteiro S\u00edlvio Caldas que faleceu em 1988 e ficou famoso por anunciar a aposentadoria\u00a0diversas vezes.<\/span><\/p>\n<p><span style=\"font-family: tahoma, arial, helvetica, sans-serif; font-size: 14pt; color: #000000;\">Ali\u00e1s, S\u00edlvio Caldas tinha aqui em Curitiba um grande amigo, o Mauricio Fisbein.<\/span><\/p>\n<p><span style=\"font-family: tahoma, arial, helvetica, sans-serif; font-size: 14pt; color: #000000;\">Lembrei dele porque amanh\u00e3 teremos o GP de F\u00f3rmula 1 em Interlagos, e se n\u00e3o me engano foi l\u00e1 mesmo que na corrida do ano passado o corredor Felipe Massa anunciou a aposentadoria.<\/span><\/p>\n<p><span style=\"font-family: tahoma, arial, helvetica, sans-serif; font-size: 14pt; color: #000000;\">Assim como a aposentadoria do S\u00edlvio Caldas, a do Massa durou pouco, porque j\u00e1 em meados de janeiro deste ano ele disse que estava de volta \u00e0s pistas.\u00a0<\/span><\/p>\n<p><span style=\"font-family: tahoma, arial, helvetica, sans-serif; font-size: 14pt; color: #000000;\">Agora ele est\u00e1 anunciando que amanh\u00e3 ser\u00e1 (mais uma vez) a \u00faltima corrida dele no circuito brasileiro, porque ao final da temporada estar\u00e1 aposentado &#8220;de verdade&#8221;.\u00a0<\/span><\/p>\n<p><span style=\"font-family: tahoma, arial, helvetica, sans-serif; font-size: 14pt; color: #000000;\">Vamos aguardar.\u00a0<\/span><\/p>\n<p style=\"text-align: center;\"><img data-recalc-dims=\"1\" fetchpriority=\"high\" decoding=\"async\" data-attachment-id=\"4334\" data-permalink=\"https:\/\/gersonguelmann.com.br\/blog\/felipe-massa-e-a-aposentadoria-silvio-caldas\/sc-3\/\" data-orig-file=\"https:\/\/i0.wp.com\/gersonguelmann.com.br\/blog\/wp-content\/uploads\/2017\/11\/SC.jpg?fit=253%2C199&amp;ssl=1\" data-orig-size=\"253,199\" data-comments-opened=\"1\" data-image-meta=\"{&quot;aperture&quot;:&quot;0&quot;,&quot;credit&quot;:&quot;&quot;,&quot;camera&quot;:&quot;&quot;,&quot;caption&quot;:&quot;&quot;,&quot;created_timestamp&quot;:&quot;0&quot;,&quot;copyright&quot;:&quot;&quot;,&quot;focal_length&quot;:&quot;0&quot;,&quot;iso&quot;:&quot;0&quot;,&quot;shutter_speed&quot;:&quot;0&quot;,&quot;title&quot;:&quot;&quot;,&quot;orientation&quot;:&quot;0&quot;}\" data-image-title=\"SC\" data-image-description=\"\" data-image-caption=\"\" data-medium-file=\"https:\/\/i0.wp.com\/gersonguelmann.com.br\/blog\/wp-content\/uploads\/2017\/11\/SC.jpg?fit=253%2C199&amp;ssl=1\" data-large-file=\"https:\/\/i0.wp.com\/gersonguelmann.com.br\/blog\/wp-content\/uploads\/2017\/11\/SC.jpg?fit=253%2C199&amp;ssl=1\" class=\"size-full wp-image-4334 aligncenter\" src=\"https:\/\/i0.wp.com\/gersonguelmann.com.br\/blog\/wp-content\/uploads\/2017\/11\/SC.jpg?resize=253%2C199&#038;ssl=1\" alt=\"\" width=\"253\" height=\"199\" \/><span style=\"font-size: 14pt;\"><em><span style=\"font-family: tahoma, arial, helvetica, sans-serif; color: #000000;\"><b>S\u00edlvio Ant\u00f4nio Narciso de Figueiredo Caldas<br \/>\nRio de Janeiro (RJ), 23\/5\/1908 &#8211; Atibaia (SP), 3\/2\/1998<\/b><\/span><\/em><\/span><\/p>\n","protected":false},"excerpt":{"rendered":"<p>As gera\u00e7\u00f5es mais novas n\u00e3o conheceram o grande seresteiro S\u00edlvio Caldas que faleceu em 1988 e ficou famoso por anunciar a aposentadoria\u00a0diversas vezes. Ali\u00e1s, S\u00edlvio Caldas tinha aqui em Curitiba um grande amigo, o Mauricio Fisbein. Lembrei dele porque amanh\u00e3 teremos o GP de F\u00f3rmula 1 em Interlagos, e se n\u00e3o me engano foi l\u00e1 [&hellip;]<\/p>\n","protected":false},"author":5,"featured_media":4334,"comment_status":"open","ping_status":"open","sticky":false,"template":"","format":"standard","meta":{"_acf_changed":false,"jetpack_post_was_ever_published":false,"_jetpack_newsletter_access":"","_jetpack_dont_email_post_to_subs":false,"_jetpack_newsletter_tier_id":0,"_jetpack_memberships_contains_paywalled_content":false,"_jetpack_memberships_contains_paid_content":false,"footnotes":"","jetpack_publicize_message":"","jetpack_publicize_feature_enabled":true,"jetpack_social_post_already_shared":true,"jetpack_social_options":{"image_generator_settings":{"template":"highway","default_image_id":0,"font":"","enabled":false},"version":2}},"categories":[1],"tags":[],"class_list":["post-4333","post","type-post","status-publish","format-standard","has-post-thumbnail","hentry","category-sem-categoria"],"acf":[],"yoast_head":"<!-- This site is optimized with the Yoast SEO plugin v27.3 - https:\/\/yoast.com\/product\/yoast-seo-wordpress\/ -->\n<title>Felipe Massa e a Aposentadoria do Silvio Caldas | Blog do Guelmann<\/title>\n<meta name=\"robots\" content=\"index, follow, max-snippet:-1, max-image-preview:large, max-video-preview:-1\" \/>\n<link rel=\"canonical\" href=\"https:\/\/gersonguelmann.com.br\/blog\/felipe-massa-e-a-aposentadoria-silvio-caldas\/\" \/>\n<meta property=\"og:locale\" content=\"pt_BR\" \/>\n<meta property=\"og:type\" content=\"article\" \/>\n<meta property=\"og:title\" content=\"Felipe Massa e a Aposentadoria do Silvio Caldas | Blog do Guelmann\" \/>\n<meta property=\"og:description\" content=\"As gera\u00e7\u00f5es mais novas n\u00e3o conheceram o grande seresteiro S\u00edlvio Caldas que faleceu em 1988 e ficou famoso por anunciar a aposentadoria\u00a0diversas vezes. Ali\u00e1s, S\u00edlvio Caldas tinha aqui em Curitiba um grande amigo, o Mauricio Fisbein. Lembrei dele porque amanh\u00e3 teremos o GP de F\u00f3rmula 1 em Interlagos, e se n\u00e3o me engano foi l\u00e1 [&hellip;]\" \/>\n<meta property=\"og:url\" content=\"https:\/\/gersonguelmann.com.br\/blog\/felipe-massa-e-a-aposentadoria-silvio-caldas\/\" \/>\n<meta property=\"og:site_name\" content=\"Blog do Guelmann\" \/>\n<meta property=\"article:published_time\" content=\"2017-11-11T18:20:27+00:00\" \/>\n<meta property=\"article:modified_time\" content=\"2017-11-11T18:24:11+00:00\" \/>\n<meta property=\"og:image\" content=\"https:\/\/i0.wp.com\/gersonguelmann.com.br\/blog\/wp-content\/uploads\/2017\/11\/SC.jpg?fit=253%2C199&ssl=1\" \/>\n\t<meta property=\"og:image:width\" content=\"253\" \/>\n\t<meta property=\"og:image:height\" content=\"199\" \/>\n\t<meta property=\"og:image:type\" content=\"image\/jpeg\" \/>\n<meta name=\"author\" content=\"Gerson Guelmann\" \/>\n<meta name=\"twitter:card\" content=\"summary_large_image\" \/>\n<meta name=\"twitter:label1\" content=\"Escrito por\" \/>\n\t<meta name=\"twitter:data1\" content=\"Gerson Guelmann\" \/>\n\t<meta name=\"twitter:label2\" content=\"Est. tempo de leitura\" \/>\n\t<meta name=\"twitter:data2\" content=\"1 minuto\" \/>\n<script type=\"application\/ld+json\" class=\"yoast-schema-graph\">{\"@context\":\"https:\\\/\\\/schema.org\",\"@graph\":[{\"@type\":\"Article\",\"@id\":\"https:\\\/\\\/gersonguelmann.com.br\\\/blog\\\/felipe-massa-e-a-aposentadoria-silvio-caldas\\\/#article\",\"isPartOf\":{\"@id\":\"https:\\\/\\\/gersonguelmann.com.br\\\/blog\\\/felipe-massa-e-a-aposentadoria-silvio-caldas\\\/\"},\"author\":{\"name\":\"Gerson Guelmann\",\"@id\":\"https:\\\/\\\/gersonguelmann.com.br\\\/blog\\\/#\\\/schema\\\/person\\\/87e70e2a786888082f941a482c90569e\"},\"headline\":\"Felipe Massa e a Aposentadoria do Silvio Caldas\",\"datePublished\":\"2017-11-11T18:20:27+00:00\",\"dateModified\":\"2017-11-11T18:24:11+00:00\",\"mainEntityOfPage\":{\"@id\":\"https:\\\/\\\/gersonguelmann.com.br\\\/blog\\\/felipe-massa-e-a-aposentadoria-silvio-caldas\\\/\"},\"wordCount\":155,\"commentCount\":0,\"image\":{\"@id\":\"https:\\\/\\\/gersonguelmann.com.br\\\/blog\\\/felipe-massa-e-a-aposentadoria-silvio-caldas\\\/#primaryimage\"},\"thumbnailUrl\":\"https:\\\/\\\/i0.wp.com\\\/gersonguelmann.com.br\\\/blog\\\/wp-content\\\/uploads\\\/2017\\\/11\\\/SC.jpg?fit=253%2C199&ssl=1\",\"inLanguage\":\"pt-BR\",\"potentialAction\":[{\"@type\":\"CommentAction\",\"name\":\"Comment\",\"target\":[\"https:\\\/\\\/gersonguelmann.com.br\\\/blog\\\/felipe-massa-e-a-aposentadoria-silvio-caldas\\\/#respond\"]}]},{\"@type\":\"WebPage\",\"@id\":\"https:\\\/\\\/gersonguelmann.com.br\\\/blog\\\/felipe-massa-e-a-aposentadoria-silvio-caldas\\\/\",\"url\":\"https:\\\/\\\/gersonguelmann.com.br\\\/blog\\\/felipe-massa-e-a-aposentadoria-silvio-caldas\\\/\",\"name\":\"Felipe Massa e a Aposentadoria do Silvio Caldas | Blog do Guelmann\",\"isPartOf\":{\"@id\":\"https:\\\/\\\/gersonguelmann.com.br\\\/blog\\\/#website\"},\"primaryImageOfPage\":{\"@id\":\"https:\\\/\\\/gersonguelmann.com.br\\\/blog\\\/felipe-massa-e-a-aposentadoria-silvio-caldas\\\/#primaryimage\"},\"image\":{\"@id\":\"https:\\\/\\\/gersonguelmann.com.br\\\/blog\\\/felipe-massa-e-a-aposentadoria-silvio-caldas\\\/#primaryimage\"},\"thumbnailUrl\":\"https:\\\/\\\/i0.wp.com\\\/gersonguelmann.com.br\\\/blog\\\/wp-content\\\/uploads\\\/2017\\\/11\\\/SC.jpg?fit=253%2C199&ssl=1\",\"datePublished\":\"2017-11-11T18:20:27+00:00\",\"dateModified\":\"2017-11-11T18:24:11+00:00\",\"author\":{\"@id\":\"https:\\\/\\\/gersonguelmann.com.br\\\/blog\\\/#\\\/schema\\\/person\\\/87e70e2a786888082f941a482c90569e\"},\"inLanguage\":\"pt-BR\",\"potentialAction\":[{\"@type\":\"ReadAction\",\"target\":[\"https:\\\/\\\/gersonguelmann.com.br\\\/blog\\\/felipe-massa-e-a-aposentadoria-silvio-caldas\\\/\"]}]},{\"@type\":\"ImageObject\",\"inLanguage\":\"pt-BR\",\"@id\":\"https:\\\/\\\/gersonguelmann.com.br\\\/blog\\\/felipe-massa-e-a-aposentadoria-silvio-caldas\\\/#primaryimage\",\"url\":\"https:\\\/\\\/i0.wp.com\\\/gersonguelmann.com.br\\\/blog\\\/wp-content\\\/uploads\\\/2017\\\/11\\\/SC.jpg?fit=253%2C199&ssl=1\",\"contentUrl\":\"https:\\\/\\\/i0.wp.com\\\/gersonguelmann.com.br\\\/blog\\\/wp-content\\\/uploads\\\/2017\\\/11\\\/SC.jpg?fit=253%2C199&ssl=1\",\"width\":253,\"height\":199},{\"@type\":\"WebSite\",\"@id\":\"https:\\\/\\\/gersonguelmann.com.br\\\/blog\\\/#website\",\"url\":\"https:\\\/\\\/gersonguelmann.com.br\\\/blog\\\/\",\"name\":\"Blog do Guelmann\",\"description\":\"Pitadas da sabedoria e do humor judaicos, assuntos do momento e um pouco das hist\u00f3rias que vivi e testemunhei.\",\"potentialAction\":[{\"@type\":\"SearchAction\",\"target\":{\"@type\":\"EntryPoint\",\"urlTemplate\":\"https:\\\/\\\/gersonguelmann.com.br\\\/blog\\\/?s={search_term_string}\"},\"query-input\":{\"@type\":\"PropertyValueSpecification\",\"valueRequired\":true,\"valueName\":\"search_term_string\"}}],\"inLanguage\":\"pt-BR\"},{\"@type\":\"Person\",\"@id\":\"https:\\\/\\\/gersonguelmann.com.br\\\/blog\\\/#\\\/schema\\\/person\\\/87e70e2a786888082f941a482c90569e\",\"name\":\"Gerson Guelmann\",\"image\":{\"@type\":\"ImageObject\",\"inLanguage\":\"pt-BR\",\"@id\":\"https:\\\/\\\/i0.wp.com\\\/gersonguelmann.com.br\\\/blog\\\/wp-content\\\/uploads\\\/2021\\\/08\\\/BLOG.jpeg?fit=96%2C96&ssl=1\",\"url\":\"https:\\\/\\\/i0.wp.com\\\/gersonguelmann.com.br\\\/blog\\\/wp-content\\\/uploads\\\/2021\\\/08\\\/BLOG.jpeg?fit=96%2C96&ssl=1\",\"contentUrl\":\"https:\\\/\\\/i0.wp.com\\\/gersonguelmann.com.br\\\/blog\\\/wp-content\\\/uploads\\\/2021\\\/08\\\/BLOG.jpeg?fit=96%2C96&ssl=1\",\"caption\":\"Gerson Guelmann\"},\"description\":\"Pitadas da sabedoria e do humor judaicos, assuntos do momento e um pouco das hist\u00f3rias que vivi e testemunhei.\"}]}<\/script>\n<!-- \/ Yoast SEO plugin. -->","yoast_head_json":{"title":"Felipe Massa e a Aposentadoria do Silvio Caldas | Blog do Guelmann","robots":{"index":"index","follow":"follow","max-snippet":"max-snippet:-1","max-image-preview":"max-image-preview:large","max-video-preview":"max-video-preview:-1"},"canonical":"https:\/\/gersonguelmann.com.br\/blog\/felipe-massa-e-a-aposentadoria-silvio-caldas\/","og_locale":"pt_BR","og_type":"article","og_title":"Felipe Massa e a Aposentadoria do Silvio Caldas | Blog do Guelmann","og_description":"As gera\u00e7\u00f5es mais novas n\u00e3o conheceram o grande seresteiro S\u00edlvio Caldas que faleceu em 1988 e ficou famoso por anunciar a aposentadoria\u00a0diversas vezes. Ali\u00e1s, S\u00edlvio Caldas tinha aqui em Curitiba um grande amigo, o Mauricio Fisbein. Lembrei dele porque amanh\u00e3 teremos o GP de F\u00f3rmula 1 em Interlagos, e se n\u00e3o me engano foi l\u00e1 [&hellip;]","og_url":"https:\/\/gersonguelmann.com.br\/blog\/felipe-massa-e-a-aposentadoria-silvio-caldas\/","og_site_name":"Blog do Guelmann","article_published_time":"2017-11-11T18:20:27+00:00","article_modified_time":"2017-11-11T18:24:11+00:00","og_image":[{"width":253,"height":199,"url":"https:\/\/i0.wp.com\/gersonguelmann.com.br\/blog\/wp-content\/uploads\/2017\/11\/SC.jpg?fit=253%2C199&ssl=1","type":"image\/jpeg"}],"author":"Gerson Guelmann","twitter_card":"summary_large_image","twitter_misc":{"Escrito por":"Gerson Guelmann","Est. tempo de leitura":"1 minuto"},"schema":{"@context":"https:\/\/schema.org","@graph":[{"@type":"Article","@id":"https:\/\/gersonguelmann.com.br\/blog\/felipe-massa-e-a-aposentadoria-silvio-caldas\/#article","isPartOf":{"@id":"https:\/\/gersonguelmann.com.br\/blog\/felipe-massa-e-a-aposentadoria-silvio-caldas\/"},"author":{"name":"Gerson Guelmann","@id":"https:\/\/gersonguelmann.com.br\/blog\/#\/schema\/person\/87e70e2a786888082f941a482c90569e"},"headline":"Felipe Massa e a Aposentadoria do Silvio Caldas","datePublished":"2017-11-11T18:20:27+00:00","dateModified":"2017-11-11T18:24:11+00:00","mainEntityOfPage":{"@id":"https:\/\/gersonguelmann.com.br\/blog\/felipe-massa-e-a-aposentadoria-silvio-caldas\/"},"wordCount":155,"commentCount":0,"image":{"@id":"https:\/\/gersonguelmann.com.br\/blog\/felipe-massa-e-a-aposentadoria-silvio-caldas\/#primaryimage"},"thumbnailUrl":"https:\/\/i0.wp.com\/gersonguelmann.com.br\/blog\/wp-content\/uploads\/2017\/11\/SC.jpg?fit=253%2C199&ssl=1","inLanguage":"pt-BR","potentialAction":[{"@type":"CommentAction","name":"Comment","target":["https:\/\/gersonguelmann.com.br\/blog\/felipe-massa-e-a-aposentadoria-silvio-caldas\/#respond"]}]},{"@type":"WebPage","@id":"https:\/\/gersonguelmann.com.br\/blog\/felipe-massa-e-a-aposentadoria-silvio-caldas\/","url":"https:\/\/gersonguelmann.com.br\/blog\/felipe-massa-e-a-aposentadoria-silvio-caldas\/","name":"Felipe Massa e a Aposentadoria do Silvio Caldas | Blog do Guelmann","isPartOf":{"@id":"https:\/\/gersonguelmann.com.br\/blog\/#website"},"primaryImageOfPage":{"@id":"https:\/\/gersonguelmann.com.br\/blog\/felipe-massa-e-a-aposentadoria-silvio-caldas\/#primaryimage"},"image":{"@id":"https:\/\/gersonguelmann.com.br\/blog\/felipe-massa-e-a-aposentadoria-silvio-caldas\/#primaryimage"},"thumbnailUrl":"https:\/\/i0.wp.com\/gersonguelmann.com.br\/blog\/wp-content\/uploads\/2017\/11\/SC.jpg?fit=253%2C199&ssl=1","datePublished":"2017-11-11T18:20:27+00:00","dateModified":"2017-11-11T18:24:11+00:00","author":{"@id":"https:\/\/gersonguelmann.com.br\/blog\/#\/schema\/person\/87e70e2a786888082f941a482c90569e"},"inLanguage":"pt-BR","potentialAction":[{"@type":"ReadAction","target":["https:\/\/gersonguelmann.com.br\/blog\/felipe-massa-e-a-aposentadoria-silvio-caldas\/"]}]},{"@type":"ImageObject","inLanguage":"pt-BR","@id":"https:\/\/gersonguelmann.com.br\/blog\/felipe-massa-e-a-aposentadoria-silvio-caldas\/#primaryimage","url":"https:\/\/i0.wp.com\/gersonguelmann.com.br\/blog\/wp-content\/uploads\/2017\/11\/SC.jpg?fit=253%2C199&ssl=1","contentUrl":"https:\/\/i0.wp.com\/gersonguelmann.com.br\/blog\/wp-content\/uploads\/2017\/11\/SC.jpg?fit=253%2C199&ssl=1","width":253,"height":199},{"@type":"WebSite","@id":"https:\/\/gersonguelmann.com.br\/blog\/#website","url":"https:\/\/gersonguelmann.com.br\/blog\/","name":"Blog do Guelmann","description":"Pitadas da sabedoria e do humor judaicos, assuntos do momento e um pouco das hist\u00f3rias que vivi e testemunhei.","potentialAction":[{"@type":"SearchAction","target":{"@type":"EntryPoint","urlTemplate":"https:\/\/gersonguelmann.com.br\/blog\/?s={search_term_string}"},"query-input":{"@type":"PropertyValueSpecification","valueRequired":true,"valueName":"search_term_string"}}],"inLanguage":"pt-BR"},{"@type":"Person","@id":"https:\/\/gersonguelmann.com.br\/blog\/#\/schema\/person\/87e70e2a786888082f941a482c90569e","name":"Gerson Guelmann","image":{"@type":"ImageObject","inLanguage":"pt-BR","@id":"https:\/\/i0.wp.com\/gersonguelmann.com.br\/blog\/wp-content\/uploads\/2021\/08\/BLOG.jpeg?fit=96%2C96&ssl=1","url":"https:\/\/i0.wp.com\/gersonguelmann.com.br\/blog\/wp-content\/uploads\/2021\/08\/BLOG.jpeg?fit=96%2C96&ssl=1","contentUrl":"https:\/\/i0.wp.com\/gersonguelmann.com.br\/blog\/wp-content\/uploads\/2021\/08\/BLOG.jpeg?fit=96%2C96&ssl=1","caption":"Gerson Guelmann"},"description":"Pitadas da sabedoria e do humor judaicos, assuntos do momento e um pouco das hist\u00f3rias que vivi e testemunhei."}]}},"views":98,"jetpack_publicize_connections":[],"jetpack_featured_media_url":"https:\/\/i0.wp.com\/gersonguelmann.com.br\/blog\/wp-content\/uploads\/2017\/11\/SC.jpg?fit=253%2C199&ssl=1","jetpack_shortlink":"https:\/\/wp.me\/p96e7O-17T","jetpack-related-posts":[{"id":11046,"url":"https:\/\/gersonguelmann.com.br\/blog\/sim-ha-beleza-em-brasilia\/","url_meta":{"origin":4333,"position":0},"title":"Sim, H\u00e1 Beleza em Bras\u00edlia","author":"Gerson Guelmann","date":"29 de mar\u00e7o de 2018","format":false,"excerpt":"Brasilia, que muitas vezes nos manda m\u00e1s not\u00edcias, tamb\u00e9m nos encanta: \"Timelapse da lua cheia nascendo atr\u00e1s da Torre de TV Digital de Bras\u00edlia em 1\u00ba de mar\u00e7o Sobre o registro, o autor Leo Caldas escreveu: \"J\u00e1 registrei muita coisa que me deixou realizado, mas essa vis\u00e3o ao vivo incluo\u2026","rel":"","context":"Em &quot;Sem categoria&quot;","block_context":{"text":"Sem categoria","link":"https:\/\/gersonguelmann.com.br\/blog\/category\/sem-categoria\/"},"img":{"alt_text":"","src":"https:\/\/i0.wp.com\/gersonguelmann.com.br\/blog\/wp-content\/uploads\/2018\/03\/download-3.jpg?resize=350%2C200&ssl=1","width":350,"height":200},"classes":[]},{"id":12491,"url":"https:\/\/gersonguelmann.com.br\/blog\/aposentadoria-loteria-que-tal\/","url_meta":{"origin":4333,"position":1},"title":"Aposentadoria + Loteria: Que Tal?","author":"Gerson Guelmann","date":"4 de maio de 2018","format":false,"excerpt":"Sabe quando dizem que \"sorte \u00e9 para quem tem, n\u00e3o para quem quer\"? Pois \u00e9 assim. Veja esta hist\u00f3ria publicada h\u00e1 pouco pela Isto\u00c9: CULTURA Homem faz anivers\u00e1rio, se aposenta e ganha na loteria; tudo no mesmo dia Tem gente sortuda. E tem gente como o sino-canadense Ping Kuen Shum.\u2026","rel":"","context":"Em &quot;Sem categoria&quot;","block_context":{"text":"Sem categoria","link":"https:\/\/gersonguelmann.com.br\/blog\/category\/sem-categoria\/"},"img":{"alt_text":"","src":"https:\/\/i0.wp.com\/gersonguelmann.com.br\/blog\/wp-content\/uploads\/2018\/05\/Loteria.jpg?fit=418%2C235&ssl=1&resize=350%2C200","width":350,"height":200},"classes":[]},{"id":12179,"url":"https:\/\/gersonguelmann.com.br\/blog\/7-verdades-e-5-mentiras-que-contam-sobre-joaquim-barbosa\/","url_meta":{"origin":4333,"position":2},"title":"7 Verdades e 5 Mentiras Que Contam Sobre Joaquim Barbosa","author":"Gerson Guelmann","date":"28 de abril de 2018","format":false,"excerpt":"O site P\u00fablica - Ag\u00eancia de Jornalismo Investigativo traz a seguinte mat\u00e9ria: CHECAGEM 7 verdades e 5 mentiras\u00a0de correntes sobre Joaquim Barbosa \u00a0 Afirma\u00e7\u00f5es verificadas sobre o ex-ministro do STF nas redes sociais incluem ainda duas afirma\u00e7\u00f5es exageradas e uma imposs\u00edvel de se provar 27 de Abril de 2018 Ethel\u2026","rel":"","context":"Em &quot;Sem categoria&quot;","block_context":{"text":"Sem categoria","link":"https:\/\/gersonguelmann.com.br\/blog\/category\/sem-categoria\/"},"img":{"alt_text":"","src":"https:\/\/i0.wp.com\/gersonguelmann.com.br\/blog\/wp-content\/uploads\/2018\/04\/JB-1.jpg?resize=350%2C200&ssl=1","width":350,"height":200},"classes":[]},{"id":13859,"url":"https:\/\/gersonguelmann.com.br\/blog\/diogo-portugal-vai-de-silvio-santos-a-ejaculacao-precoce\/","url_meta":{"origin":4333,"position":3},"title":"Diogo Portugal Vai de Silvio Santos a Ejacula\u00e7\u00e3o Precoce","author":"Gerson Guelmann","date":"11 de junho de 2018","format":false,"excerpt":"No stand-up desta semana o nosso Diogo Portugal comenta sobre o Silvio Santos, que chamou Preta Gil de\u00a0 \"gorda\" e fala da mulher que esfaqueou o parceiro que ejaculou antes da hora. https:\/\/www.youtube.com\/watch?v=FuPnJxogLhs&feature=youtu.be","rel":"","context":"Em &quot;Sem categoria&quot;","block_context":{"text":"Sem categoria","link":"https:\/\/gersonguelmann.com.br\/blog\/category\/sem-categoria\/"},"img":{"alt_text":"","src":"https:\/\/i0.wp.com\/gersonguelmann.com.br\/blog\/wp-content\/uploads\/2018\/06\/SilvioSantos.jpg?fit=1200%2C675&ssl=1&resize=350%2C200","width":350,"height":200,"srcset":"https:\/\/i0.wp.com\/gersonguelmann.com.br\/blog\/wp-content\/uploads\/2018\/06\/SilvioSantos.jpg?fit=1200%2C675&ssl=1&resize=350%2C200 1x, https:\/\/i0.wp.com\/gersonguelmann.com.br\/blog\/wp-content\/uploads\/2018\/06\/SilvioSantos.jpg?fit=1200%2C675&ssl=1&resize=525%2C300 1.5x, https:\/\/i0.wp.com\/gersonguelmann.com.br\/blog\/wp-content\/uploads\/2018\/06\/SilvioSantos.jpg?fit=1200%2C675&ssl=1&resize=700%2C400 2x, https:\/\/i0.wp.com\/gersonguelmann.com.br\/blog\/wp-content\/uploads\/2018\/06\/SilvioSantos.jpg?fit=1200%2C675&ssl=1&resize=1050%2C600 3x"},"classes":[]},{"id":26326,"url":"https:\/\/gersonguelmann.com.br\/blog\/quando-o-jaime-lerner-mandou-pagar-o-enterro-do-leminski\/","url_meta":{"origin":4333,"position":4},"title":"Quando o Jaime Lerner Mandou Pagar o Enterro do Leminski","author":"Gerson Guelmann","date":"8 de setembro de 2025","format":false,"excerpt":"J\u00e1 escrevi sobre a conversa que tive com Jaime Lerner quando ele me convidou para integrar a equipe que assumiria a Prefeitura de Curitiba em 1\u00ba de janeiro de 1989. Quando pedi tempo para pensar, a resposta veio r\u00e1pida: \u201cquem havia pressionado para que ele concorresse n\u00e3o tinha direito de\u2026","rel":"","context":"Em &quot;Sem categoria&quot;","block_context":{"text":"Sem categoria","link":"https:\/\/gersonguelmann.com.br\/blog\/category\/sem-categoria\/"},"img":{"alt_text":"","src":"https:\/\/i0.wp.com\/gersonguelmann.com.br\/blog\/wp-content\/uploads\/2025\/09\/HojePR-4.jpg?fit=1080%2C1080&ssl=1&resize=350%2C200","width":350,"height":200,"srcset":"https:\/\/i0.wp.com\/gersonguelmann.com.br\/blog\/wp-content\/uploads\/2025\/09\/HojePR-4.jpg?fit=1080%2C1080&ssl=1&resize=350%2C200 1x, https:\/\/i0.wp.com\/gersonguelmann.com.br\/blog\/wp-content\/uploads\/2025\/09\/HojePR-4.jpg?fit=1080%2C1080&ssl=1&resize=525%2C300 1.5x, https:\/\/i0.wp.com\/gersonguelmann.com.br\/blog\/wp-content\/uploads\/2025\/09\/HojePR-4.jpg?fit=1080%2C1080&ssl=1&resize=700%2C400 2x, https:\/\/i0.wp.com\/gersonguelmann.com.br\/blog\/wp-content\/uploads\/2025\/09\/HojePR-4.jpg?fit=1080%2C1080&ssl=1&resize=1050%2C600 3x"},"classes":[]},{"id":5387,"url":"https:\/\/gersonguelmann.com.br\/blog\/herschel-o-teimoso-morto-vivo\/","url_meta":{"origin":4333,"position":5},"title":"Herschel, o Teimoso Morto-Vivo","author":"Gerson Guelmann","date":"10 de setembro de 2019","format":false,"excerpt":"Por um erro do diagramador, o jornal da comunidade judaica da cidade onde Herschel morava publicou o nome dele na se\u00e7\u00e3o do obitu\u00e1rio, em vez de colocar na coluna de aniversariantes do m\u00eas.\u00a0 Herschel j\u00e1 andava muito deprimido ap\u00f3s a aposentadoria e a viuvez, e isso o abateu ainda mais.\u2026","rel":"","context":"Em &quot;Sem categoria&quot;","block_context":{"text":"Sem categoria","link":"https:\/\/gersonguelmann.com.br\/blog\/category\/sem-categoria\/"},"img":{"alt_text":"","src":"https:\/\/i0.wp.com\/gersonguelmann.com.br\/blog\/wp-content\/uploads\/2017\/12\/Sangue.jpg?fit=1024%2C737&ssl=1&resize=350%2C200","width":350,"height":200,"srcset":"https:\/\/i0.wp.com\/gersonguelmann.com.br\/blog\/wp-content\/uploads\/2017\/12\/Sangue.jpg?fit=1024%2C737&ssl=1&resize=350%2C200 1x, https:\/\/i0.wp.com\/gersonguelmann.com.br\/blog\/wp-content\/uploads\/2017\/12\/Sangue.jpg?fit=1024%2C737&ssl=1&resize=525%2C300 1.5x, https:\/\/i0.wp.com\/gersonguelmann.com.br\/blog\/wp-content\/uploads\/2017\/12\/Sangue.jpg?fit=1024%2C737&ssl=1&resize=700%2C400 2x"},"classes":[]}],"jetpack_sharing_enabled":true,"post_mailing_queue_ids":[],"_links":{"self":[{"href":"https:\/\/gersonguelmann.com.br\/blog\/wp-json\/wp\/v2\/posts\/4333","targetHints":{"allow":["GET"]}}],"collection":[{"href":"https:\/\/gersonguelmann.com.br\/blog\/wp-json\/wp\/v2\/posts"}],"about":[{"href":"https:\/\/gersonguelmann.com.br\/blog\/wp-json\/wp\/v2\/types\/post"}],"author":[{"embeddable":true,"href":"https:\/\/gersonguelmann.com.br\/blog\/wp-json\/wp\/v2\/users\/5"}],"replies":[{"embeddable":true,"href":"https:\/\/gersonguelmann.com.br\/blog\/wp-json\/wp\/v2\/comments?post=4333"}],"version-history":[{"count":0,"href":"https:\/\/gersonguelmann.com.br\/blog\/wp-json\/wp\/v2\/posts\/4333\/revisions"}],"wp:featuredmedia":[{"embeddable":true,"href":"https:\/\/gersonguelmann.com.br\/blog\/wp-json\/wp\/v2\/media\/4334"}],"wp:attachment":[{"href":"https:\/\/gersonguelmann.com.br\/blog\/wp-json\/wp\/v2\/media?parent=4333"}],"wp:term":[{"taxonomy":"category","embeddable":true,"href":"https:\/\/gersonguelmann.com.br\/blog\/wp-json\/wp\/v2\/categories?post=4333"},{"taxonomy":"post_tag","embeddable":true,"href":"https:\/\/gersonguelmann.com.br\/blog\/wp-json\/wp\/v2\/tags?post=4333"}],"curies":[{"name":"wp","href":"https:\/\/api.w.org\/{rel}","templated":true}]}}