    {"id":4342,"date":"2017-11-11T18:30:14","date_gmt":"2017-11-11T20:30:14","guid":{"rendered":"https:\/\/gersonguelmann.com.br\/blog\/?p=4342"},"modified":"2017-11-11T17:40:47","modified_gmt":"2017-11-11T19:40:47","slug":"sinta-vibracao-do-teu-filho","status":"publish","type":"post","link":"https:\/\/gersonguelmann.com.br\/blog\/sinta-vibracao-do-teu-filho\/","title":{"rendered":"Sinta a Vibra\u00e7\u00e3o do Teu Filho"},"content":{"rendered":"<p><span style=\"font-family: tahoma, arial, helvetica, sans-serif; font-size: 14pt; color: #000000;\">\u201cConecte-se ao que importa\u201d \u00e9 uma campanha da Associa\u00e7\u00e3o de Amigos do Hospital de Cl\u00ednicas de Curitiba, com o prop\u00f3sito de conscientizar os pais para o distanciamento das crian\u00e7as por conta das redes sociais.<\/span><\/p>\n<p><span style=\"font-family: tahoma, arial, helvetica, sans-serif; font-size: 14pt; color: #000000;\">Todas as pe\u00e7as s\u00e3o de cria\u00e7\u00e3o da Ag\u00eancia TIF.\u00a0 <\/span>\u00a0\u00a0<img data-recalc-dims=\"1\" fetchpriority=\"high\" decoding=\"async\" data-attachment-id=\"4343\" data-permalink=\"https:\/\/gersonguelmann.com.br\/blog\/sinta-vibracao-do-teu-filho\/aahc-7\/\" data-orig-file=\"https:\/\/i0.wp.com\/gersonguelmann.com.br\/blog\/wp-content\/uploads\/2017\/11\/AAHC-5.jpg?fit=1263%2C988&amp;ssl=1\" data-orig-size=\"1263,988\" data-comments-opened=\"1\" data-image-meta=\"{&quot;aperture&quot;:&quot;0&quot;,&quot;credit&quot;:&quot;&quot;,&quot;camera&quot;:&quot;&quot;,&quot;caption&quot;:&quot;&quot;,&quot;created_timestamp&quot;:&quot;0&quot;,&quot;copyright&quot;:&quot;&quot;,&quot;focal_length&quot;:&quot;0&quot;,&quot;iso&quot;:&quot;0&quot;,&quot;shutter_speed&quot;:&quot;0&quot;,&quot;title&quot;:&quot;&quot;,&quot;orientation&quot;:&quot;0&quot;}\" data-image-title=\"AAHC\" data-image-description=\"\" data-image-caption=\"\" data-medium-file=\"https:\/\/i0.wp.com\/gersonguelmann.com.br\/blog\/wp-content\/uploads\/2017\/11\/AAHC-5.jpg?fit=300%2C235&amp;ssl=1\" data-large-file=\"https:\/\/i0.wp.com\/gersonguelmann.com.br\/blog\/wp-content\/uploads\/2017\/11\/AAHC-5.jpg?fit=640%2C501&amp;ssl=1\" class=\"size-medium wp-image-4343 aligncenter\" src=\"https:\/\/i0.wp.com\/gersonguelmann.com.br\/blog\/wp-content\/uploads\/2017\/11\/AAHC-5.jpg?resize=300%2C235&#038;ssl=1\" alt=\"\" width=\"300\" height=\"235\" srcset=\"https:\/\/i0.wp.com\/gersonguelmann.com.br\/blog\/wp-content\/uploads\/2017\/11\/AAHC-5.jpg?resize=300%2C235&amp;ssl=1 300w, https:\/\/i0.wp.com\/gersonguelmann.com.br\/blog\/wp-content\/uploads\/2017\/11\/AAHC-5.jpg?resize=768%2C601&amp;ssl=1 768w, https:\/\/i0.wp.com\/gersonguelmann.com.br\/blog\/wp-content\/uploads\/2017\/11\/AAHC-5.jpg?resize=1024%2C801&amp;ssl=1 1024w, https:\/\/i0.wp.com\/gersonguelmann.com.br\/blog\/wp-content\/uploads\/2017\/11\/AAHC-5.jpg?w=1263&amp;ssl=1 1263w\" sizes=\"(max-width: 300px) 100vw, 300px\" \/><\/p>\n","protected":false},"excerpt":{"rendered":"<p>\u201cConecte-se ao que importa\u201d \u00e9 uma campanha da Associa\u00e7\u00e3o de Amigos do Hospital de Cl\u00ednicas de Curitiba, com o prop\u00f3sito de conscientizar os pais para o distanciamento das crian\u00e7as por conta das redes sociais. Todas as pe\u00e7as s\u00e3o de cria\u00e7\u00e3o da Ag\u00eancia TIF.\u00a0 \u00a0\u00a0<\/p>\n","protected":false},"author":5,"featured_media":4343,"comment_status":"open","ping_status":"open","sticky":false,"template":"","format":"standard","meta":{"_acf_changed":false,"jetpack_post_was_ever_published":false,"_jetpack_newsletter_access":"","_jetpack_dont_email_post_to_subs":false,"_jetpack_newsletter_tier_id":0,"_jetpack_memberships_contains_paywalled_content":false,"_jetpack_memberships_contains_paid_content":false,"footnotes":"","jetpack_publicize_message":"","jetpack_publicize_feature_enabled":true,"jetpack_social_post_already_shared":true,"jetpack_social_options":{"image_generator_settings":{"template":"highway","default_image_id":0,"font":"","enabled":false},"version":2}},"categories":[1],"tags":[],"class_list":["post-4342","post","type-post","status-publish","format-standard","has-post-thumbnail","hentry","category-sem-categoria"],"acf":[],"yoast_head":"<!-- This site is optimized with the Yoast SEO plugin v27.3 - https:\/\/yoast.com\/product\/yoast-seo-wordpress\/ -->\n<title>Sinta a Vibra\u00e7\u00e3o do Teu Filho | Blog do Guelmann<\/title>\n<meta name=\"robots\" content=\"index, follow, max-snippet:-1, max-image-preview:large, max-video-preview:-1\" \/>\n<link rel=\"canonical\" href=\"https:\/\/gersonguelmann.com.br\/blog\/sinta-vibracao-do-teu-filho\/\" \/>\n<meta property=\"og:locale\" content=\"pt_BR\" \/>\n<meta property=\"og:type\" content=\"article\" \/>\n<meta property=\"og:title\" content=\"Sinta a Vibra\u00e7\u00e3o do Teu Filho | Blog do Guelmann\" \/>\n<meta property=\"og:description\" content=\"\u201cConecte-se ao que importa\u201d \u00e9 uma campanha da Associa\u00e7\u00e3o de Amigos do Hospital de Cl\u00ednicas de Curitiba, com o prop\u00f3sito de conscientizar os pais para o distanciamento das crian\u00e7as por conta das redes sociais. Todas as pe\u00e7as s\u00e3o de cria\u00e7\u00e3o da Ag\u00eancia TIF.\u00a0 \u00a0\u00a0\" \/>\n<meta property=\"og:url\" content=\"https:\/\/gersonguelmann.com.br\/blog\/sinta-vibracao-do-teu-filho\/\" \/>\n<meta property=\"og:site_name\" content=\"Blog do Guelmann\" \/>\n<meta property=\"article:published_time\" content=\"2017-11-11T20:30:14+00:00\" \/>\n<meta property=\"og:image\" content=\"https:\/\/i0.wp.com\/gersonguelmann.com.br\/blog\/wp-content\/uploads\/2017\/11\/AAHC-5.jpg?fit=1263%2C988&ssl=1\" \/>\n\t<meta property=\"og:image:width\" content=\"1263\" \/>\n\t<meta property=\"og:image:height\" content=\"988\" \/>\n\t<meta property=\"og:image:type\" content=\"image\/jpeg\" \/>\n<meta name=\"author\" content=\"Gerson Guelmann\" \/>\n<meta name=\"twitter:card\" content=\"summary_large_image\" \/>\n<meta name=\"twitter:label1\" content=\"Escrito por\" \/>\n\t<meta name=\"twitter:data1\" content=\"Gerson Guelmann\" \/>\n<script type=\"application\/ld+json\" class=\"yoast-schema-graph\">{\"@context\":\"https:\\\/\\\/schema.org\",\"@graph\":[{\"@type\":\"Article\",\"@id\":\"https:\\\/\\\/gersonguelmann.com.br\\\/blog\\\/sinta-vibracao-do-teu-filho\\\/#article\",\"isPartOf\":{\"@id\":\"https:\\\/\\\/gersonguelmann.com.br\\\/blog\\\/sinta-vibracao-do-teu-filho\\\/\"},\"author\":{\"name\":\"Gerson Guelmann\",\"@id\":\"https:\\\/\\\/gersonguelmann.com.br\\\/blog\\\/#\\\/schema\\\/person\\\/87e70e2a786888082f941a482c90569e\"},\"headline\":\"Sinta a Vibra\u00e7\u00e3o do Teu Filho\",\"datePublished\":\"2017-11-11T20:30:14+00:00\",\"mainEntityOfPage\":{\"@id\":\"https:\\\/\\\/gersonguelmann.com.br\\\/blog\\\/sinta-vibracao-do-teu-filho\\\/\"},\"wordCount\":57,\"commentCount\":0,\"image\":{\"@id\":\"https:\\\/\\\/gersonguelmann.com.br\\\/blog\\\/sinta-vibracao-do-teu-filho\\\/#primaryimage\"},\"thumbnailUrl\":\"https:\\\/\\\/i0.wp.com\\\/gersonguelmann.com.br\\\/blog\\\/wp-content\\\/uploads\\\/2017\\\/11\\\/AAHC-5.jpg?fit=1263%2C988&ssl=1\",\"inLanguage\":\"pt-BR\",\"potentialAction\":[{\"@type\":\"CommentAction\",\"name\":\"Comment\",\"target\":[\"https:\\\/\\\/gersonguelmann.com.br\\\/blog\\\/sinta-vibracao-do-teu-filho\\\/#respond\"]}]},{\"@type\":\"WebPage\",\"@id\":\"https:\\\/\\\/gersonguelmann.com.br\\\/blog\\\/sinta-vibracao-do-teu-filho\\\/\",\"url\":\"https:\\\/\\\/gersonguelmann.com.br\\\/blog\\\/sinta-vibracao-do-teu-filho\\\/\",\"name\":\"Sinta a Vibra\u00e7\u00e3o do Teu Filho | Blog do Guelmann\",\"isPartOf\":{\"@id\":\"https:\\\/\\\/gersonguelmann.com.br\\\/blog\\\/#website\"},\"primaryImageOfPage\":{\"@id\":\"https:\\\/\\\/gersonguelmann.com.br\\\/blog\\\/sinta-vibracao-do-teu-filho\\\/#primaryimage\"},\"image\":{\"@id\":\"https:\\\/\\\/gersonguelmann.com.br\\\/blog\\\/sinta-vibracao-do-teu-filho\\\/#primaryimage\"},\"thumbnailUrl\":\"https:\\\/\\\/i0.wp.com\\\/gersonguelmann.com.br\\\/blog\\\/wp-content\\\/uploads\\\/2017\\\/11\\\/AAHC-5.jpg?fit=1263%2C988&ssl=1\",\"datePublished\":\"2017-11-11T20:30:14+00:00\",\"author\":{\"@id\":\"https:\\\/\\\/gersonguelmann.com.br\\\/blog\\\/#\\\/schema\\\/person\\\/87e70e2a786888082f941a482c90569e\"},\"inLanguage\":\"pt-BR\",\"potentialAction\":[{\"@type\":\"ReadAction\",\"target\":[\"https:\\\/\\\/gersonguelmann.com.br\\\/blog\\\/sinta-vibracao-do-teu-filho\\\/\"]}]},{\"@type\":\"ImageObject\",\"inLanguage\":\"pt-BR\",\"@id\":\"https:\\\/\\\/gersonguelmann.com.br\\\/blog\\\/sinta-vibracao-do-teu-filho\\\/#primaryimage\",\"url\":\"https:\\\/\\\/i0.wp.com\\\/gersonguelmann.com.br\\\/blog\\\/wp-content\\\/uploads\\\/2017\\\/11\\\/AAHC-5.jpg?fit=1263%2C988&ssl=1\",\"contentUrl\":\"https:\\\/\\\/i0.wp.com\\\/gersonguelmann.com.br\\\/blog\\\/wp-content\\\/uploads\\\/2017\\\/11\\\/AAHC-5.jpg?fit=1263%2C988&ssl=1\",\"width\":1263,\"height\":988},{\"@type\":\"WebSite\",\"@id\":\"https:\\\/\\\/gersonguelmann.com.br\\\/blog\\\/#website\",\"url\":\"https:\\\/\\\/gersonguelmann.com.br\\\/blog\\\/\",\"name\":\"Blog do Guelmann\",\"description\":\"Pitadas da sabedoria e do humor judaicos, assuntos do momento e um pouco das hist\u00f3rias que vivi e testemunhei.\",\"potentialAction\":[{\"@type\":\"SearchAction\",\"target\":{\"@type\":\"EntryPoint\",\"urlTemplate\":\"https:\\\/\\\/gersonguelmann.com.br\\\/blog\\\/?s={search_term_string}\"},\"query-input\":{\"@type\":\"PropertyValueSpecification\",\"valueRequired\":true,\"valueName\":\"search_term_string\"}}],\"inLanguage\":\"pt-BR\"},{\"@type\":\"Person\",\"@id\":\"https:\\\/\\\/gersonguelmann.com.br\\\/blog\\\/#\\\/schema\\\/person\\\/87e70e2a786888082f941a482c90569e\",\"name\":\"Gerson Guelmann\",\"image\":{\"@type\":\"ImageObject\",\"inLanguage\":\"pt-BR\",\"@id\":\"https:\\\/\\\/i0.wp.com\\\/gersonguelmann.com.br\\\/blog\\\/wp-content\\\/uploads\\\/2021\\\/08\\\/BLOG.jpeg?fit=96%2C96&ssl=1\",\"url\":\"https:\\\/\\\/i0.wp.com\\\/gersonguelmann.com.br\\\/blog\\\/wp-content\\\/uploads\\\/2021\\\/08\\\/BLOG.jpeg?fit=96%2C96&ssl=1\",\"contentUrl\":\"https:\\\/\\\/i0.wp.com\\\/gersonguelmann.com.br\\\/blog\\\/wp-content\\\/uploads\\\/2021\\\/08\\\/BLOG.jpeg?fit=96%2C96&ssl=1\",\"caption\":\"Gerson Guelmann\"},\"description\":\"Pitadas da sabedoria e do humor judaicos, assuntos do momento e um pouco das hist\u00f3rias que vivi e testemunhei.\"}]}<\/script>\n<!-- \/ Yoast SEO plugin. -->","yoast_head_json":{"title":"Sinta a Vibra\u00e7\u00e3o do Teu Filho | Blog do Guelmann","robots":{"index":"index","follow":"follow","max-snippet":"max-snippet:-1","max-image-preview":"max-image-preview:large","max-video-preview":"max-video-preview:-1"},"canonical":"https:\/\/gersonguelmann.com.br\/blog\/sinta-vibracao-do-teu-filho\/","og_locale":"pt_BR","og_type":"article","og_title":"Sinta a Vibra\u00e7\u00e3o do Teu Filho | Blog do Guelmann","og_description":"\u201cConecte-se ao que importa\u201d \u00e9 uma campanha da Associa\u00e7\u00e3o de Amigos do Hospital de Cl\u00ednicas de Curitiba, com o prop\u00f3sito de conscientizar os pais para o distanciamento das crian\u00e7as por conta das redes sociais. Todas as pe\u00e7as s\u00e3o de cria\u00e7\u00e3o da Ag\u00eancia TIF.\u00a0 \u00a0\u00a0","og_url":"https:\/\/gersonguelmann.com.br\/blog\/sinta-vibracao-do-teu-filho\/","og_site_name":"Blog do Guelmann","article_published_time":"2017-11-11T20:30:14+00:00","og_image":[{"width":1263,"height":988,"url":"https:\/\/i0.wp.com\/gersonguelmann.com.br\/blog\/wp-content\/uploads\/2017\/11\/AAHC-5.jpg?fit=1263%2C988&ssl=1","type":"image\/jpeg"}],"author":"Gerson Guelmann","twitter_card":"summary_large_image","twitter_misc":{"Escrito por":"Gerson Guelmann"},"schema":{"@context":"https:\/\/schema.org","@graph":[{"@type":"Article","@id":"https:\/\/gersonguelmann.com.br\/blog\/sinta-vibracao-do-teu-filho\/#article","isPartOf":{"@id":"https:\/\/gersonguelmann.com.br\/blog\/sinta-vibracao-do-teu-filho\/"},"author":{"name":"Gerson Guelmann","@id":"https:\/\/gersonguelmann.com.br\/blog\/#\/schema\/person\/87e70e2a786888082f941a482c90569e"},"headline":"Sinta a Vibra\u00e7\u00e3o do Teu Filho","datePublished":"2017-11-11T20:30:14+00:00","mainEntityOfPage":{"@id":"https:\/\/gersonguelmann.com.br\/blog\/sinta-vibracao-do-teu-filho\/"},"wordCount":57,"commentCount":0,"image":{"@id":"https:\/\/gersonguelmann.com.br\/blog\/sinta-vibracao-do-teu-filho\/#primaryimage"},"thumbnailUrl":"https:\/\/i0.wp.com\/gersonguelmann.com.br\/blog\/wp-content\/uploads\/2017\/11\/AAHC-5.jpg?fit=1263%2C988&ssl=1","inLanguage":"pt-BR","potentialAction":[{"@type":"CommentAction","name":"Comment","target":["https:\/\/gersonguelmann.com.br\/blog\/sinta-vibracao-do-teu-filho\/#respond"]}]},{"@type":"WebPage","@id":"https:\/\/gersonguelmann.com.br\/blog\/sinta-vibracao-do-teu-filho\/","url":"https:\/\/gersonguelmann.com.br\/blog\/sinta-vibracao-do-teu-filho\/","name":"Sinta a Vibra\u00e7\u00e3o do Teu Filho | Blog do Guelmann","isPartOf":{"@id":"https:\/\/gersonguelmann.com.br\/blog\/#website"},"primaryImageOfPage":{"@id":"https:\/\/gersonguelmann.com.br\/blog\/sinta-vibracao-do-teu-filho\/#primaryimage"},"image":{"@id":"https:\/\/gersonguelmann.com.br\/blog\/sinta-vibracao-do-teu-filho\/#primaryimage"},"thumbnailUrl":"https:\/\/i0.wp.com\/gersonguelmann.com.br\/blog\/wp-content\/uploads\/2017\/11\/AAHC-5.jpg?fit=1263%2C988&ssl=1","datePublished":"2017-11-11T20:30:14+00:00","author":{"@id":"https:\/\/gersonguelmann.com.br\/blog\/#\/schema\/person\/87e70e2a786888082f941a482c90569e"},"inLanguage":"pt-BR","potentialAction":[{"@type":"ReadAction","target":["https:\/\/gersonguelmann.com.br\/blog\/sinta-vibracao-do-teu-filho\/"]}]},{"@type":"ImageObject","inLanguage":"pt-BR","@id":"https:\/\/gersonguelmann.com.br\/blog\/sinta-vibracao-do-teu-filho\/#primaryimage","url":"https:\/\/i0.wp.com\/gersonguelmann.com.br\/blog\/wp-content\/uploads\/2017\/11\/AAHC-5.jpg?fit=1263%2C988&ssl=1","contentUrl":"https:\/\/i0.wp.com\/gersonguelmann.com.br\/blog\/wp-content\/uploads\/2017\/11\/AAHC-5.jpg?fit=1263%2C988&ssl=1","width":1263,"height":988},{"@type":"WebSite","@id":"https:\/\/gersonguelmann.com.br\/blog\/#website","url":"https:\/\/gersonguelmann.com.br\/blog\/","name":"Blog do Guelmann","description":"Pitadas da sabedoria e do humor judaicos, assuntos do momento e um pouco das hist\u00f3rias que vivi e testemunhei.","potentialAction":[{"@type":"SearchAction","target":{"@type":"EntryPoint","urlTemplate":"https:\/\/gersonguelmann.com.br\/blog\/?s={search_term_string}"},"query-input":{"@type":"PropertyValueSpecification","valueRequired":true,"valueName":"search_term_string"}}],"inLanguage":"pt-BR"},{"@type":"Person","@id":"https:\/\/gersonguelmann.com.br\/blog\/#\/schema\/person\/87e70e2a786888082f941a482c90569e","name":"Gerson Guelmann","image":{"@type":"ImageObject","inLanguage":"pt-BR","@id":"https:\/\/i0.wp.com\/gersonguelmann.com.br\/blog\/wp-content\/uploads\/2021\/08\/BLOG.jpeg?fit=96%2C96&ssl=1","url":"https:\/\/i0.wp.com\/gersonguelmann.com.br\/blog\/wp-content\/uploads\/2021\/08\/BLOG.jpeg?fit=96%2C96&ssl=1","contentUrl":"https:\/\/i0.wp.com\/gersonguelmann.com.br\/blog\/wp-content\/uploads\/2021\/08\/BLOG.jpeg?fit=96%2C96&ssl=1","caption":"Gerson Guelmann"},"description":"Pitadas da sabedoria e do humor judaicos, assuntos do momento e um pouco das hist\u00f3rias que vivi e testemunhei."}]}},"views":38,"jetpack_publicize_connections":[],"jetpack_featured_media_url":"https:\/\/i0.wp.com\/gersonguelmann.com.br\/blog\/wp-content\/uploads\/2017\/11\/AAHC-5.jpg?fit=1263%2C988&ssl=1","jetpack_shortlink":"https:\/\/wp.me\/p96e7O-182","jetpack-related-posts":[{"id":19519,"url":"https:\/\/gersonguelmann.com.br\/blog\/do-bau-da-memoria-das-minhas-campanhas\/","url_meta":{"origin":4342,"position":0},"title":"Do Ba\u00fa da Mem\u00f3ria das Minhas Campanhas","author":"Gerson Guelmann","date":"25 de dezembro de 2019","format":false,"excerpt":"Encontrei hoje mais uma lembran\u00e7a das muitas campanhas das quais participei. \u00c9 uma foto de 1990. N\u00e3o tenho o registro da data exata, mas foi tirada antes de 3\/10, quando foi realizado o 1\u00ba turno. Naquele ano, al\u00e9m de escolher o Governador, os paranaenses votaram para eleger um Senador e\u2026","rel":"","context":"Em &quot;Sem categoria&quot;","block_context":{"text":"Sem categoria","link":"https:\/\/gersonguelmann.com.br\/blog\/category\/sem-categoria\/"},"img":{"alt_text":"","src":"https:\/\/i0.wp.com\/gersonguelmann.com.br\/blog\/wp-content\/uploads\/2019\/12\/Campanha-scaled.jpg?fit=848%2C1200&ssl=1&resize=350%2C200","width":350,"height":200,"srcset":"https:\/\/i0.wp.com\/gersonguelmann.com.br\/blog\/wp-content\/uploads\/2019\/12\/Campanha-scaled.jpg?fit=848%2C1200&ssl=1&resize=350%2C200 1x, https:\/\/i0.wp.com\/gersonguelmann.com.br\/blog\/wp-content\/uploads\/2019\/12\/Campanha-scaled.jpg?fit=848%2C1200&ssl=1&resize=525%2C300 1.5x, https:\/\/i0.wp.com\/gersonguelmann.com.br\/blog\/wp-content\/uploads\/2019\/12\/Campanha-scaled.jpg?fit=848%2C1200&ssl=1&resize=700%2C400 2x"},"classes":[]},{"id":13656,"url":"https:\/\/gersonguelmann.com.br\/blog\/mais-abelhas-mais-mel-mais-macas\/","url_meta":{"origin":4342,"position":1},"title":"Mais Abelhas, Mais Mel, Mais Ma\u00e7\u00e3s","author":"Gerson Guelmann","date":"5 de junho de 2018","format":false,"excerpt":"N\u00f3s, seres humanos e urbanos, n\u00e3o sabemos da import\u00e2ncia do papel das abelhas na produ\u00e7\u00e3o de alimentos. Desses bichinhos a gente s\u00f3 conhece o mel e eventuais picadas, mas o papel que eles exercem na poliniza\u00e7\u00e3o das plantas \u00e9 excepcional.\u00a0 \u00a0 O trabalho das abelhas tem grande impacto na quantidade\u2026","rel":"","context":"Em &quot;Sem categoria&quot;","block_context":{"text":"Sem categoria","link":"https:\/\/gersonguelmann.com.br\/blog\/category\/sem-categoria\/"},"img":{"alt_text":"","src":"https:\/\/i0.wp.com\/gersonguelmann.com.br\/blog\/wp-content\/uploads\/2018\/06\/Abelhas.jpeg?fit=1200%2C694&ssl=1&resize=350%2C200","width":350,"height":200,"srcset":"https:\/\/i0.wp.com\/gersonguelmann.com.br\/blog\/wp-content\/uploads\/2018\/06\/Abelhas.jpeg?fit=1200%2C694&ssl=1&resize=350%2C200 1x, https:\/\/i0.wp.com\/gersonguelmann.com.br\/blog\/wp-content\/uploads\/2018\/06\/Abelhas.jpeg?fit=1200%2C694&ssl=1&resize=525%2C300 1.5x, https:\/\/i0.wp.com\/gersonguelmann.com.br\/blog\/wp-content\/uploads\/2018\/06\/Abelhas.jpeg?fit=1200%2C694&ssl=1&resize=700%2C400 2x, https:\/\/i0.wp.com\/gersonguelmann.com.br\/blog\/wp-content\/uploads\/2018\/06\/Abelhas.jpeg?fit=1200%2C694&ssl=1&resize=1050%2C600 3x"},"classes":[]},{"id":13527,"url":"https:\/\/gersonguelmann.com.br\/blog\/aqui-esta-o-verdadeiro-dono-de-os-donos-de-curitiba\/","url_meta":{"origin":4342,"position":2},"title":"Aqui Est\u00e1 o Verdadeiro Dono de &#8220;Os Donos de Curitiba&#8221;","author":"Gerson Guelmann","date":"31 de maio de 2018","format":false,"excerpt":"Ao longo dos \u00faltimos dias recebi 17 mensagens de WhatsApp (contadas agora) com o texto \"Os Donos de Curitiba\". Todas elas s\u00e3o iguais e atribuem a autoria \u00e0 mesma pessoa, j\u00e1 falecida. O texto \u00e9 \u00f3timo e pensei em compartilh\u00e1-lo, mas n\u00e3o deu tempo. Quando fosse fazer isso iria pesquisar,\u2026","rel":"","context":"Em &quot;Sem categoria&quot;","block_context":{"text":"Sem categoria","link":"https:\/\/gersonguelmann.com.br\/blog\/category\/sem-categoria\/"},"img":{"alt_text":"","src":"https:\/\/i0.wp.com\/gersonguelmann.com.br\/blog\/wp-content\/uploads\/2018\/05\/dantem22.png?fit=1200%2C863&ssl=1&resize=350%2C200","width":350,"height":200,"srcset":"https:\/\/i0.wp.com\/gersonguelmann.com.br\/blog\/wp-content\/uploads\/2018\/05\/dantem22.png?fit=1200%2C863&ssl=1&resize=350%2C200 1x, https:\/\/i0.wp.com\/gersonguelmann.com.br\/blog\/wp-content\/uploads\/2018\/05\/dantem22.png?fit=1200%2C863&ssl=1&resize=525%2C300 1.5x, https:\/\/i0.wp.com\/gersonguelmann.com.br\/blog\/wp-content\/uploads\/2018\/05\/dantem22.png?fit=1200%2C863&ssl=1&resize=700%2C400 2x, https:\/\/i0.wp.com\/gersonguelmann.com.br\/blog\/wp-content\/uploads\/2018\/05\/dantem22.png?fit=1200%2C863&ssl=1&resize=1050%2C600 3x"},"classes":[]},{"id":16569,"url":"https:\/\/gersonguelmann.com.br\/blog\/piada-pronta-suzane-von-richthofen-saira-da-cadeia-no-dia-das-maes\/","url_meta":{"origin":4342,"position":3},"title":"Piada Pronta: Suzane von Richthofen Sair\u00e1 da Cadeia no Dia das M\u00e3es","author":"Gerson Guelmann","date":"8 de maio de 2019","format":false,"excerpt":"N\u00e3o h\u00e1 nenhuma d\u00favida de que certas coisas s\u00f3 acontecem aqui no Brasil Varonil. Mais uma vez a Suzane von Richthofen, condenada a 39 anos de pris\u00e3o por ter arquitetado o assassinato de seus pais, juntamente com o namorado e o irm\u00e3o, crime levado a cabo em 31 de outubro\u2026","rel":"","context":"Em &quot;Sem categoria&quot;","block_context":{"text":"Sem categoria","link":"https:\/\/gersonguelmann.com.br\/blog\/category\/sem-categoria\/"},"img":{"alt_text":"","src":"https:\/\/i0.wp.com\/gersonguelmann.com.br\/blog\/wp-content\/uploads\/2019\/05\/woman-jail.jpg?fit=750%2C500&ssl=1&resize=350%2C200","width":350,"height":200,"srcset":"https:\/\/i0.wp.com\/gersonguelmann.com.br\/blog\/wp-content\/uploads\/2019\/05\/woman-jail.jpg?fit=750%2C500&ssl=1&resize=350%2C200 1x, https:\/\/i0.wp.com\/gersonguelmann.com.br\/blog\/wp-content\/uploads\/2019\/05\/woman-jail.jpg?fit=750%2C500&ssl=1&resize=525%2C300 1.5x, https:\/\/i0.wp.com\/gersonguelmann.com.br\/blog\/wp-content\/uploads\/2019\/05\/woman-jail.jpg?fit=750%2C500&ssl=1&resize=700%2C400 2x"},"classes":[]},{"id":12163,"url":"https:\/\/gersonguelmann.com.br\/blog\/das-10-marcas-mais-valiosas-da-america-latina-5-sao-brasileiras\/","url_meta":{"origin":4342,"position":4},"title":"Das 10 Marcas Mais Valiosas da Am\u00e9rica Latina, 5 S\u00e3o Brasileiras","author":"Gerson Guelmann","date":"27 de abril de 2018","format":false,"excerpt":"Mat\u00e9ria publicada hoje no site Terra: ECONOMIA As 10 marcas mais valiosas da Am\u00e9rica Latina (5 s\u00e3o brasileiras) Cervejarias, bancos, supermercados e at\u00e9 um canal de TV est\u00e3o na lista das empresas com maior valor na Am\u00e9rica Latina, segundo o relat\u00f3rio Brandz. BBC BRASIL.com 27 ABR201815h09 atualizado \u00e0s 15h53 Quatro\u2026","rel":"","context":"Em &quot;Sem categoria&quot;","block_context":{"text":"Sem categoria","link":"https:\/\/gersonguelmann.com.br\/blog\/category\/sem-categoria\/"},"img":{"alt_text":"","src":"https:\/\/i0.wp.com\/gersonguelmann.com.br\/blog\/wp-content\/uploads\/2018\/04\/Relat%C3%B3rio-Brandz.jpg?resize=350%2C200&ssl=1","width":350,"height":200},"classes":[]},{"id":14938,"url":"https:\/\/gersonguelmann.com.br\/blog\/consequencias-da-eleicao-de-bolsonaro-o-bom-humor-das-redes\/","url_meta":{"origin":4342,"position":5},"title":"Consequ\u00eancias da Elei\u00e7\u00e3o de Bolsonaro (O Bom Humor das Redes)","author":"Gerson Guelmann","date":"30 de outubro de 2018","format":false,"excerpt":"Independentemente do voto de cada um, temos que admitir que todos temos dado boas risadas com os \"memes\" e piadas que inundaram as redes ap\u00f3s o encerramento das apura\u00e7\u00f5es na noite de domingo. O Facebook, WhatsApp e outras redes est\u00e3o cheios de exemplos, mostrando que o bom humor transcende as\u2026","rel":"","context":"Em &quot;Sem categoria&quot;","block_context":{"text":"Sem categoria","link":"https:\/\/gersonguelmann.com.br\/blog\/category\/sem-categoria\/"},"img":{"alt_text":"","src":"https:\/\/i0.wp.com\/gersonguelmann.com.br\/blog\/wp-content\/uploads\/2018\/10\/Bolsonaro.jpg?resize=350%2C200&ssl=1","width":350,"height":200},"classes":[]}],"jetpack_sharing_enabled":true,"post_mailing_queue_ids":[],"_links":{"self":[{"href":"https:\/\/gersonguelmann.com.br\/blog\/wp-json\/wp\/v2\/posts\/4342","targetHints":{"allow":["GET"]}}],"collection":[{"href":"https:\/\/gersonguelmann.com.br\/blog\/wp-json\/wp\/v2\/posts"}],"about":[{"href":"https:\/\/gersonguelmann.com.br\/blog\/wp-json\/wp\/v2\/types\/post"}],"author":[{"embeddable":true,"href":"https:\/\/gersonguelmann.com.br\/blog\/wp-json\/wp\/v2\/users\/5"}],"replies":[{"embeddable":true,"href":"https:\/\/gersonguelmann.com.br\/blog\/wp-json\/wp\/v2\/comments?post=4342"}],"version-history":[{"count":0,"href":"https:\/\/gersonguelmann.com.br\/blog\/wp-json\/wp\/v2\/posts\/4342\/revisions"}],"wp:featuredmedia":[{"embeddable":true,"href":"https:\/\/gersonguelmann.com.br\/blog\/wp-json\/wp\/v2\/media\/4343"}],"wp:attachment":[{"href":"https:\/\/gersonguelmann.com.br\/blog\/wp-json\/wp\/v2\/media?parent=4342"}],"wp:term":[{"taxonomy":"category","embeddable":true,"href":"https:\/\/gersonguelmann.com.br\/blog\/wp-json\/wp\/v2\/categories?post=4342"},{"taxonomy":"post_tag","embeddable":true,"href":"https:\/\/gersonguelmann.com.br\/blog\/wp-json\/wp\/v2\/tags?post=4342"}],"curies":[{"name":"wp","href":"https:\/\/api.w.org\/{rel}","templated":true}]}}