    {"id":4363,"date":"2017-11-13T12:00:49","date_gmt":"2017-11-13T14:00:49","guid":{"rendered":"https:\/\/gersonguelmann.com.br\/blog\/?p=4363"},"modified":"2017-11-12T18:31:56","modified_gmt":"2017-11-12T20:31:56","slug":"classicos-do-meio-dia-53","status":"publish","type":"post","link":"https:\/\/gersonguelmann.com.br\/blog\/classicos-do-meio-dia-53\/","title":{"rendered":"Cl\u00e1ssicos do Meio-Dia"},"content":{"rendered":"<p><span class=\"embed-youtube\" style=\"text-align:center; display: block;\"><iframe class=\"youtube-player\" width=\"640\" height=\"360\" src=\"https:\/\/www.youtube.com\/embed\/UYW7mrY8Dg0?version=3&#038;rel=1&#038;showsearch=0&#038;showinfo=1&#038;iv_load_policy=1&#038;fs=1&#038;hl=pt-BR&#038;autohide=2&#038;wmode=transparent&#038;listType=playlist&#038;list=PLzmd2MJZEDTtj3X81f29SdyLRODE3OiCD\" allowfullscreen=\"true\" style=\"border:0;\" sandbox=\"allow-scripts allow-same-origin allow-popups allow-presentation allow-popups-to-escape-sandbox\"><\/iframe><\/span><\/p>\n<p class=\"title style-scope ytd-video-primary-info-renderer\" style=\"text-align: center;\"><span style=\"font-size: 14pt;\"><em><strong><span style=\"font-family: tahoma, arial, helvetica, sans-serif; color: #000000;\">Antonio Vivaldi<br \/>\nThe Four Seasons Summer<br \/>\nSTORM III part B&amp;B project (bandura and button accordion)<\/span><\/strong><\/em><\/span><\/p>\n<p style=\"text-align: center;\"><img data-recalc-dims=\"1\" fetchpriority=\"high\" decoding=\"async\" data-attachment-id=\"4364\" data-permalink=\"https:\/\/gersonguelmann.com.br\/blog\/classicos-do-meio-dia-53\/bb-2\/\" data-orig-file=\"https:\/\/i0.wp.com\/gersonguelmann.com.br\/blog\/wp-content\/uploads\/2017\/11\/BB.jpg?fit=275%2C183&amp;ssl=1\" data-orig-size=\"275,183\" data-comments-opened=\"1\" data-image-meta=\"{&quot;aperture&quot;:&quot;0&quot;,&quot;credit&quot;:&quot;&quot;,&quot;camera&quot;:&quot;&quot;,&quot;caption&quot;:&quot;&quot;,&quot;created_timestamp&quot;:&quot;0&quot;,&quot;copyright&quot;:&quot;&quot;,&quot;focal_length&quot;:&quot;0&quot;,&quot;iso&quot;:&quot;0&quot;,&quot;shutter_speed&quot;:&quot;0&quot;,&quot;title&quot;:&quot;&quot;,&quot;orientation&quot;:&quot;0&quot;}\" data-image-title=\"B&amp;#038;B\" data-image-description=\"\" data-image-caption=\"\" data-medium-file=\"https:\/\/i0.wp.com\/gersonguelmann.com.br\/blog\/wp-content\/uploads\/2017\/11\/BB.jpg?fit=275%2C183&amp;ssl=1\" data-large-file=\"https:\/\/i0.wp.com\/gersonguelmann.com.br\/blog\/wp-content\/uploads\/2017\/11\/BB.jpg?fit=275%2C183&amp;ssl=1\" class=\"size-full wp-image-4364 aligncenter\" src=\"https:\/\/i0.wp.com\/gersonguelmann.com.br\/blog\/wp-content\/uploads\/2017\/11\/BB.jpg?resize=275%2C183&#038;ssl=1\" alt=\"\" width=\"275\" height=\"183\" \/><span style=\"font-size: 14pt;\"><em><strong><span style=\"font-family: tahoma, arial, helvetica, sans-serif; color: #000000;\">Antonio Lucio Vivaldi<br \/>\nVeneza (It\u00e1lia), 4\/3\/1678 &#8211; Viena (\u00c1ustria), 28\/7\/1741<\/span><\/strong><\/em><\/span><\/p>\n","protected":false},"excerpt":{"rendered":"<p>Antonio Vivaldi The Four Seasons Summer STORM III part B&amp;B project (bandura and button accordion) Antonio Lucio Vivaldi Veneza (It\u00e1lia), 4\/3\/1678 &#8211; Viena (\u00c1ustria), 28\/7\/1741<\/p>\n","protected":false},"author":5,"featured_media":4364,"comment_status":"open","ping_status":"open","sticky":false,"template":"","format":"standard","meta":{"_acf_changed":false,"jetpack_post_was_ever_published":false,"_jetpack_newsletter_access":"","_jetpack_dont_email_post_to_subs":false,"_jetpack_newsletter_tier_id":0,"_jetpack_memberships_contains_paywalled_content":false,"_jetpack_memberships_contains_paid_content":false,"footnotes":"","jetpack_publicize_message":"","jetpack_publicize_feature_enabled":true,"jetpack_social_post_already_shared":true,"jetpack_social_options":{"image_generator_settings":{"template":"highway","default_image_id":0,"font":"","enabled":false},"version":2}},"categories":[1],"tags":[],"class_list":["post-4363","post","type-post","status-publish","format-standard","has-post-thumbnail","hentry","category-sem-categoria"],"acf":[],"yoast_head":"<!-- This site is optimized with the Yoast SEO plugin v27.3 - https:\/\/yoast.com\/product\/yoast-seo-wordpress\/ -->\n<title>Cl\u00e1ssicos do Meio-Dia | Blog do Guelmann<\/title>\n<meta name=\"robots\" content=\"index, follow, max-snippet:-1, max-image-preview:large, max-video-preview:-1\" \/>\n<link rel=\"canonical\" href=\"https:\/\/gersonguelmann.com.br\/blog\/classicos-do-meio-dia-53\/\" \/>\n<meta property=\"og:locale\" content=\"pt_BR\" \/>\n<meta property=\"og:type\" content=\"article\" \/>\n<meta property=\"og:title\" content=\"Cl\u00e1ssicos do Meio-Dia | Blog do Guelmann\" \/>\n<meta property=\"og:description\" content=\"Antonio Vivaldi The Four Seasons Summer STORM III part B&amp;B project (bandura and button accordion) Antonio Lucio Vivaldi Veneza (It\u00e1lia), 4\/3\/1678 &#8211; Viena (\u00c1ustria), 28\/7\/1741\" \/>\n<meta property=\"og:url\" content=\"https:\/\/gersonguelmann.com.br\/blog\/classicos-do-meio-dia-53\/\" \/>\n<meta property=\"og:site_name\" content=\"Blog do Guelmann\" \/>\n<meta property=\"article:published_time\" content=\"2017-11-13T14:00:49+00:00\" \/>\n<meta property=\"og:image\" content=\"https:\/\/i0.wp.com\/gersonguelmann.com.br\/blog\/wp-content\/uploads\/2017\/11\/BB.jpg?fit=275%2C183&ssl=1\" \/>\n\t<meta property=\"og:image:width\" content=\"275\" \/>\n\t<meta property=\"og:image:height\" content=\"183\" \/>\n\t<meta property=\"og:image:type\" content=\"image\/jpeg\" \/>\n<meta name=\"author\" content=\"Gerson Guelmann\" \/>\n<meta name=\"twitter:card\" content=\"summary_large_image\" \/>\n<meta name=\"twitter:label1\" content=\"Escrito por\" \/>\n\t<meta name=\"twitter:data1\" content=\"Gerson Guelmann\" \/>\n<script type=\"application\/ld+json\" class=\"yoast-schema-graph\">{\"@context\":\"https:\\\/\\\/schema.org\",\"@graph\":[{\"@type\":\"Article\",\"@id\":\"https:\\\/\\\/gersonguelmann.com.br\\\/blog\\\/classicos-do-meio-dia-53\\\/#article\",\"isPartOf\":{\"@id\":\"https:\\\/\\\/gersonguelmann.com.br\\\/blog\\\/classicos-do-meio-dia-53\\\/\"},\"author\":{\"name\":\"Gerson Guelmann\",\"@id\":\"https:\\\/\\\/gersonguelmann.com.br\\\/blog\\\/#\\\/schema\\\/person\\\/87e70e2a786888082f941a482c90569e\"},\"headline\":\"Cl\u00e1ssicos do Meio-Dia\",\"datePublished\":\"2017-11-13T14:00:49+00:00\",\"mainEntityOfPage\":{\"@id\":\"https:\\\/\\\/gersonguelmann.com.br\\\/blog\\\/classicos-do-meio-dia-53\\\/\"},\"wordCount\":47,\"commentCount\":0,\"image\":{\"@id\":\"https:\\\/\\\/gersonguelmann.com.br\\\/blog\\\/classicos-do-meio-dia-53\\\/#primaryimage\"},\"thumbnailUrl\":\"https:\\\/\\\/i0.wp.com\\\/gersonguelmann.com.br\\\/blog\\\/wp-content\\\/uploads\\\/2017\\\/11\\\/BB.jpg?fit=275%2C183&ssl=1\",\"inLanguage\":\"pt-BR\",\"potentialAction\":[{\"@type\":\"CommentAction\",\"name\":\"Comment\",\"target\":[\"https:\\\/\\\/gersonguelmann.com.br\\\/blog\\\/classicos-do-meio-dia-53\\\/#respond\"]}]},{\"@type\":\"WebPage\",\"@id\":\"https:\\\/\\\/gersonguelmann.com.br\\\/blog\\\/classicos-do-meio-dia-53\\\/\",\"url\":\"https:\\\/\\\/gersonguelmann.com.br\\\/blog\\\/classicos-do-meio-dia-53\\\/\",\"name\":\"Cl\u00e1ssicos do Meio-Dia | Blog do Guelmann\",\"isPartOf\":{\"@id\":\"https:\\\/\\\/gersonguelmann.com.br\\\/blog\\\/#website\"},\"primaryImageOfPage\":{\"@id\":\"https:\\\/\\\/gersonguelmann.com.br\\\/blog\\\/classicos-do-meio-dia-53\\\/#primaryimage\"},\"image\":{\"@id\":\"https:\\\/\\\/gersonguelmann.com.br\\\/blog\\\/classicos-do-meio-dia-53\\\/#primaryimage\"},\"thumbnailUrl\":\"https:\\\/\\\/i0.wp.com\\\/gersonguelmann.com.br\\\/blog\\\/wp-content\\\/uploads\\\/2017\\\/11\\\/BB.jpg?fit=275%2C183&ssl=1\",\"datePublished\":\"2017-11-13T14:00:49+00:00\",\"author\":{\"@id\":\"https:\\\/\\\/gersonguelmann.com.br\\\/blog\\\/#\\\/schema\\\/person\\\/87e70e2a786888082f941a482c90569e\"},\"inLanguage\":\"pt-BR\",\"potentialAction\":[{\"@type\":\"ReadAction\",\"target\":[\"https:\\\/\\\/gersonguelmann.com.br\\\/blog\\\/classicos-do-meio-dia-53\\\/\"]}]},{\"@type\":\"ImageObject\",\"inLanguage\":\"pt-BR\",\"@id\":\"https:\\\/\\\/gersonguelmann.com.br\\\/blog\\\/classicos-do-meio-dia-53\\\/#primaryimage\",\"url\":\"https:\\\/\\\/i0.wp.com\\\/gersonguelmann.com.br\\\/blog\\\/wp-content\\\/uploads\\\/2017\\\/11\\\/BB.jpg?fit=275%2C183&ssl=1\",\"contentUrl\":\"https:\\\/\\\/i0.wp.com\\\/gersonguelmann.com.br\\\/blog\\\/wp-content\\\/uploads\\\/2017\\\/11\\\/BB.jpg?fit=275%2C183&ssl=1\",\"width\":275,\"height\":183},{\"@type\":\"WebSite\",\"@id\":\"https:\\\/\\\/gersonguelmann.com.br\\\/blog\\\/#website\",\"url\":\"https:\\\/\\\/gersonguelmann.com.br\\\/blog\\\/\",\"name\":\"Blog do Guelmann\",\"description\":\"Pitadas da sabedoria e do humor judaicos, assuntos do momento e um pouco das hist\u00f3rias que vivi e testemunhei.\",\"potentialAction\":[{\"@type\":\"SearchAction\",\"target\":{\"@type\":\"EntryPoint\",\"urlTemplate\":\"https:\\\/\\\/gersonguelmann.com.br\\\/blog\\\/?s={search_term_string}\"},\"query-input\":{\"@type\":\"PropertyValueSpecification\",\"valueRequired\":true,\"valueName\":\"search_term_string\"}}],\"inLanguage\":\"pt-BR\"},{\"@type\":\"Person\",\"@id\":\"https:\\\/\\\/gersonguelmann.com.br\\\/blog\\\/#\\\/schema\\\/person\\\/87e70e2a786888082f941a482c90569e\",\"name\":\"Gerson Guelmann\",\"image\":{\"@type\":\"ImageObject\",\"inLanguage\":\"pt-BR\",\"@id\":\"https:\\\/\\\/i0.wp.com\\\/gersonguelmann.com.br\\\/blog\\\/wp-content\\\/uploads\\\/2021\\\/08\\\/BLOG.jpeg?fit=96%2C96&ssl=1\",\"url\":\"https:\\\/\\\/i0.wp.com\\\/gersonguelmann.com.br\\\/blog\\\/wp-content\\\/uploads\\\/2021\\\/08\\\/BLOG.jpeg?fit=96%2C96&ssl=1\",\"contentUrl\":\"https:\\\/\\\/i0.wp.com\\\/gersonguelmann.com.br\\\/blog\\\/wp-content\\\/uploads\\\/2021\\\/08\\\/BLOG.jpeg?fit=96%2C96&ssl=1\",\"caption\":\"Gerson Guelmann\"},\"description\":\"Pitadas da sabedoria e do humor judaicos, assuntos do momento e um pouco das hist\u00f3rias que vivi e testemunhei.\"}]}<\/script>\n<!-- \/ Yoast SEO plugin. -->","yoast_head_json":{"title":"Cl\u00e1ssicos do Meio-Dia | Blog do Guelmann","robots":{"index":"index","follow":"follow","max-snippet":"max-snippet:-1","max-image-preview":"max-image-preview:large","max-video-preview":"max-video-preview:-1"},"canonical":"https:\/\/gersonguelmann.com.br\/blog\/classicos-do-meio-dia-53\/","og_locale":"pt_BR","og_type":"article","og_title":"Cl\u00e1ssicos do Meio-Dia | Blog do Guelmann","og_description":"Antonio Vivaldi The Four Seasons Summer STORM III part B&amp;B project (bandura and button accordion) Antonio Lucio Vivaldi Veneza (It\u00e1lia), 4\/3\/1678 &#8211; Viena (\u00c1ustria), 28\/7\/1741","og_url":"https:\/\/gersonguelmann.com.br\/blog\/classicos-do-meio-dia-53\/","og_site_name":"Blog do Guelmann","article_published_time":"2017-11-13T14:00:49+00:00","og_image":[{"width":275,"height":183,"url":"https:\/\/i0.wp.com\/gersonguelmann.com.br\/blog\/wp-content\/uploads\/2017\/11\/BB.jpg?fit=275%2C183&ssl=1","type":"image\/jpeg"}],"author":"Gerson Guelmann","twitter_card":"summary_large_image","twitter_misc":{"Escrito por":"Gerson Guelmann"},"schema":{"@context":"https:\/\/schema.org","@graph":[{"@type":"Article","@id":"https:\/\/gersonguelmann.com.br\/blog\/classicos-do-meio-dia-53\/#article","isPartOf":{"@id":"https:\/\/gersonguelmann.com.br\/blog\/classicos-do-meio-dia-53\/"},"author":{"name":"Gerson Guelmann","@id":"https:\/\/gersonguelmann.com.br\/blog\/#\/schema\/person\/87e70e2a786888082f941a482c90569e"},"headline":"Cl\u00e1ssicos do Meio-Dia","datePublished":"2017-11-13T14:00:49+00:00","mainEntityOfPage":{"@id":"https:\/\/gersonguelmann.com.br\/blog\/classicos-do-meio-dia-53\/"},"wordCount":47,"commentCount":0,"image":{"@id":"https:\/\/gersonguelmann.com.br\/blog\/classicos-do-meio-dia-53\/#primaryimage"},"thumbnailUrl":"https:\/\/i0.wp.com\/gersonguelmann.com.br\/blog\/wp-content\/uploads\/2017\/11\/BB.jpg?fit=275%2C183&ssl=1","inLanguage":"pt-BR","potentialAction":[{"@type":"CommentAction","name":"Comment","target":["https:\/\/gersonguelmann.com.br\/blog\/classicos-do-meio-dia-53\/#respond"]}]},{"@type":"WebPage","@id":"https:\/\/gersonguelmann.com.br\/blog\/classicos-do-meio-dia-53\/","url":"https:\/\/gersonguelmann.com.br\/blog\/classicos-do-meio-dia-53\/","name":"Cl\u00e1ssicos do Meio-Dia | Blog do Guelmann","isPartOf":{"@id":"https:\/\/gersonguelmann.com.br\/blog\/#website"},"primaryImageOfPage":{"@id":"https:\/\/gersonguelmann.com.br\/blog\/classicos-do-meio-dia-53\/#primaryimage"},"image":{"@id":"https:\/\/gersonguelmann.com.br\/blog\/classicos-do-meio-dia-53\/#primaryimage"},"thumbnailUrl":"https:\/\/i0.wp.com\/gersonguelmann.com.br\/blog\/wp-content\/uploads\/2017\/11\/BB.jpg?fit=275%2C183&ssl=1","datePublished":"2017-11-13T14:00:49+00:00","author":{"@id":"https:\/\/gersonguelmann.com.br\/blog\/#\/schema\/person\/87e70e2a786888082f941a482c90569e"},"inLanguage":"pt-BR","potentialAction":[{"@type":"ReadAction","target":["https:\/\/gersonguelmann.com.br\/blog\/classicos-do-meio-dia-53\/"]}]},{"@type":"ImageObject","inLanguage":"pt-BR","@id":"https:\/\/gersonguelmann.com.br\/blog\/classicos-do-meio-dia-53\/#primaryimage","url":"https:\/\/i0.wp.com\/gersonguelmann.com.br\/blog\/wp-content\/uploads\/2017\/11\/BB.jpg?fit=275%2C183&ssl=1","contentUrl":"https:\/\/i0.wp.com\/gersonguelmann.com.br\/blog\/wp-content\/uploads\/2017\/11\/BB.jpg?fit=275%2C183&ssl=1","width":275,"height":183},{"@type":"WebSite","@id":"https:\/\/gersonguelmann.com.br\/blog\/#website","url":"https:\/\/gersonguelmann.com.br\/blog\/","name":"Blog do Guelmann","description":"Pitadas da sabedoria e do humor judaicos, assuntos do momento e um pouco das hist\u00f3rias que vivi e testemunhei.","potentialAction":[{"@type":"SearchAction","target":{"@type":"EntryPoint","urlTemplate":"https:\/\/gersonguelmann.com.br\/blog\/?s={search_term_string}"},"query-input":{"@type":"PropertyValueSpecification","valueRequired":true,"valueName":"search_term_string"}}],"inLanguage":"pt-BR"},{"@type":"Person","@id":"https:\/\/gersonguelmann.com.br\/blog\/#\/schema\/person\/87e70e2a786888082f941a482c90569e","name":"Gerson Guelmann","image":{"@type":"ImageObject","inLanguage":"pt-BR","@id":"https:\/\/i0.wp.com\/gersonguelmann.com.br\/blog\/wp-content\/uploads\/2021\/08\/BLOG.jpeg?fit=96%2C96&ssl=1","url":"https:\/\/i0.wp.com\/gersonguelmann.com.br\/blog\/wp-content\/uploads\/2021\/08\/BLOG.jpeg?fit=96%2C96&ssl=1","contentUrl":"https:\/\/i0.wp.com\/gersonguelmann.com.br\/blog\/wp-content\/uploads\/2021\/08\/BLOG.jpeg?fit=96%2C96&ssl=1","caption":"Gerson Guelmann"},"description":"Pitadas da sabedoria e do humor judaicos, assuntos do momento e um pouco das hist\u00f3rias que vivi e testemunhei."}]}},"views":23,"jetpack_publicize_connections":[],"jetpack_featured_media_url":"https:\/\/i0.wp.com\/gersonguelmann.com.br\/blog\/wp-content\/uploads\/2017\/11\/BB.jpg?fit=275%2C183&ssl=1","jetpack_shortlink":"https:\/\/wp.me\/p96e7O-18n","jetpack-related-posts":[{"id":5882,"url":"https:\/\/gersonguelmann.com.br\/blog\/classicos-do-meio-dia-80\/","url_meta":{"origin":4363,"position":0},"title":"Cl\u00e1ssicos do Meio-Dia","author":"Gerson Guelmann","date":"20 de dezembro de 2017","format":false,"excerpt":"Antonio Lucio Vivaldi Veneza (It\u00e1lia), 4\/3\/1678 \u2013 Viena (\u00c1ustria), 28\/7\/1741 https:\/\/www.youtube.com\/watch?v=kOZYTJFXVhc \u00a0Concerto for Violin and Oboe in B flat major RV 364 Akademie f\u00fcr Alte Musik","rel":"","context":"Em &quot;Sem categoria&quot;","block_context":{"text":"Sem categoria","link":"https:\/\/gersonguelmann.com.br\/blog\/category\/sem-categoria\/"},"img":{"alt_text":"","src":"https:\/\/i0.wp.com\/gersonguelmann.com.br\/blog\/wp-content\/uploads\/2017\/12\/Vivaldi.jpg?resize=350%2C200&ssl=1","width":350,"height":200},"classes":[]},{"id":5082,"url":"https:\/\/gersonguelmann.com.br\/blog\/classicos-do-meio-dia-65\/","url_meta":{"origin":4363,"position":1},"title":"Cl\u00e1ssicos do Meio-Dia","author":"Gerson Guelmann","date":"1 de dezembro de 2017","format":false,"excerpt":"I Musici di Roma https:\/\/www.youtube.com\/watch?v=1YdT1tUw-Bk Antonio Vivaldi The Four Seasons in G Minor - Op. 8 No. 2, 315 \"L'estate\": III Presto tempo","rel":"","context":"Em &quot;Sem categoria&quot;","block_context":{"text":"Sem categoria","link":"https:\/\/gersonguelmann.com.br\/blog\/category\/sem-categoria\/"},"img":{"alt_text":"","src":"https:\/\/i0.wp.com\/gersonguelmann.com.br\/blog\/wp-content\/uploads\/2017\/11\/I-Musici-300x125.jpg?resize=350%2C200&ssl=1","width":350,"height":200},"classes":[]},{"id":9265,"url":"https:\/\/gersonguelmann.com.br\/blog\/mais-um-vivaldi-agora-a-capella\/","url_meta":{"origin":4363,"position":2},"title":"Mais Um Vivaldi, Agora A Capella","author":"Gerson Guelmann","date":"20 de fevereiro de 2021","format":false,"excerpt":"Foto: Yoksel Zok - Unsplash Para hoje, a \"Primavera\", da obra \"As Quatro Esta\u00e7\u00f5es\" de Vivaldi, interpretada pelo conjunto israelense Carmel-A-Capella. https:\/\/www.youtube.com\/watch?v=Uxs5O6hMBvg \u00a0","rel":"","context":"Em &quot;Sem categoria&quot;","block_context":{"text":"Sem categoria","link":"https:\/\/gersonguelmann.com.br\/blog\/category\/sem-categoria\/"},"img":{"alt_text":"","src":"https:\/\/i0.wp.com\/gersonguelmann.com.br\/blog\/wp-content\/uploads\/2018\/02\/yoksel-zok-4SZ646m4FAA-unsplash-scaled.jpg?fit=801%2C1200&ssl=1&resize=350%2C200","width":350,"height":200,"srcset":"https:\/\/i0.wp.com\/gersonguelmann.com.br\/blog\/wp-content\/uploads\/2018\/02\/yoksel-zok-4SZ646m4FAA-unsplash-scaled.jpg?fit=801%2C1200&ssl=1&resize=350%2C200 1x, https:\/\/i0.wp.com\/gersonguelmann.com.br\/blog\/wp-content\/uploads\/2018\/02\/yoksel-zok-4SZ646m4FAA-unsplash-scaled.jpg?fit=801%2C1200&ssl=1&resize=525%2C300 1.5x, https:\/\/i0.wp.com\/gersonguelmann.com.br\/blog\/wp-content\/uploads\/2018\/02\/yoksel-zok-4SZ646m4FAA-unsplash-scaled.jpg?fit=801%2C1200&ssl=1&resize=700%2C400 2x"},"classes":[]},{"id":7401,"url":"https:\/\/gersonguelmann.com.br\/blog\/em-dia-de-tempestade-em-curitiba-a-tormenta-de-vivaldi\/","url_meta":{"origin":4363,"position":3},"title":"Em Dia de Tempestade em Curitiba, A Tormenta, de Vivaldi","author":"Gerson Guelmann","date":"8 de janeiro de 2021","format":false,"excerpt":"Tivemos uma boa tempestade aqui em Curitiba, agora a tarde. Estamos em regime de racionamento de \u00e1gua h\u00e1 muitos meses e a cidade precisa de chuvas. Bom momento para ouvir o \"Ver\u00e3o\" de Vivaldi, parte da obra \"As Quatro Esta\u00e7\u00f5es\". Nesse trecho, o adagio retrata a tempestade que se aproxima\u2026","rel":"","context":"Em &quot;Sem categoria&quot;","block_context":{"text":"Sem categoria","link":"https:\/\/gersonguelmann.com.br\/blog\/category\/sem-categoria\/"},"img":{"alt_text":"","src":"https:\/\/i0.wp.com\/gersonguelmann.com.br\/blog\/wp-content\/uploads\/2018\/01\/AnyConv.com__TEMPESTADE.jpg?fit=750%2C500&ssl=1&resize=350%2C200","width":350,"height":200,"srcset":"https:\/\/i0.wp.com\/gersonguelmann.com.br\/blog\/wp-content\/uploads\/2018\/01\/AnyConv.com__TEMPESTADE.jpg?fit=750%2C500&ssl=1&resize=350%2C200 1x, https:\/\/i0.wp.com\/gersonguelmann.com.br\/blog\/wp-content\/uploads\/2018\/01\/AnyConv.com__TEMPESTADE.jpg?fit=750%2C500&ssl=1&resize=525%2C300 1.5x, https:\/\/i0.wp.com\/gersonguelmann.com.br\/blog\/wp-content\/uploads\/2018\/01\/AnyConv.com__TEMPESTADE.jpg?fit=750%2C500&ssl=1&resize=700%2C400 2x"},"classes":[]},{"id":13919,"url":"https:\/\/gersonguelmann.com.br\/blog\/santo-antonio-virgem-maria-na-mesma-estatua-seguram-menino-jesus\/","url_meta":{"origin":4363,"position":4},"title":"Santo Ant\u00f4nio e a Virgem Maria, na Mesma Est\u00e1tua, Seguram o Menino Jesus","author":"Gerson Guelmann","date":"13 de junho de 2018","format":false,"excerpt":"Na data em que se comemora o Dia de Santo Antonio, compartilho com meus amigos Cat\u00f3licos um v\u00eddeo da Igreja de Santo Antonio na cidade de Vakola, localizada no leste de Santa Cruz, na \u00cdndia. Essa \u00e9 uma das maiores Par\u00f3quias da Igreja Cat\u00f3lica na Arquidiocese de Mumbai, e foi\u2026","rel":"","context":"Em &quot;Sem categoria&quot;","block_context":{"text":"Sem categoria","link":"https:\/\/gersonguelmann.com.br\/blog\/category\/sem-categoria\/"},"img":{"alt_text":"","src":"https:\/\/i0.wp.com\/gersonguelmann.com.br\/blog\/wp-content\/uploads\/2018\/06\/34455639_468026283633717_2913166941239640064_n-1.jpg?fit=785%2C960&ssl=1&resize=350%2C200","width":350,"height":200,"srcset":"https:\/\/i0.wp.com\/gersonguelmann.com.br\/blog\/wp-content\/uploads\/2018\/06\/34455639_468026283633717_2913166941239640064_n-1.jpg?fit=785%2C960&ssl=1&resize=350%2C200 1x, https:\/\/i0.wp.com\/gersonguelmann.com.br\/blog\/wp-content\/uploads\/2018\/06\/34455639_468026283633717_2913166941239640064_n-1.jpg?fit=785%2C960&ssl=1&resize=525%2C300 1.5x, https:\/\/i0.wp.com\/gersonguelmann.com.br\/blog\/wp-content\/uploads\/2018\/06\/34455639_468026283633717_2913166941239640064_n-1.jpg?fit=785%2C960&ssl=1&resize=700%2C400 2x"},"classes":[]},{"id":152,"url":"https:\/\/gersonguelmann.com.br\/blog\/lembrancas-da-fazenda-guelmann-seu-antonio-a-sanfona-e-o-teixeirinha\/","url_meta":{"origin":4363,"position":5},"title":"Lembran\u00e7as da Fazenda Guelmann: &#8220;Seu&#8221; Ant\u00f4nio, a Sanfona e o Teixeirinha","author":"Gerson Guelmann","date":"24 de julho de 2023","format":false,"excerpt":"O Ant\u00f4nio Werpachowski foi um dos primeiros colaboradores do meu av\u00f4 Salom\u00e3o e come\u00e7ou a trabalhar com ele antes ainda de 1923, ano em que meu pai nasceu. Quando o vov\u00f4 transferiu a f\u00e1brica da rua 24 de Maio para o Port\u00e3o, construiu l\u00e1 algumas casas para Funcion\u00e1rios, sendo uma\u2026","rel":"","context":"Em &quot;Sem categoria&quot;","block_context":{"text":"Sem categoria","link":"https:\/\/gersonguelmann.com.br\/blog\/category\/sem-categoria\/"},"img":{"alt_text":"","src":"https:\/\/i0.wp.com\/gersonguelmann.com.br\/blog\/wp-content\/uploads\/2023\/07\/HojePR-3.jpg?fit=1120%2C712&ssl=1&resize=350%2C200","width":350,"height":200,"srcset":"https:\/\/i0.wp.com\/gersonguelmann.com.br\/blog\/wp-content\/uploads\/2023\/07\/HojePR-3.jpg?fit=1120%2C712&ssl=1&resize=350%2C200 1x, https:\/\/i0.wp.com\/gersonguelmann.com.br\/blog\/wp-content\/uploads\/2023\/07\/HojePR-3.jpg?fit=1120%2C712&ssl=1&resize=525%2C300 1.5x, https:\/\/i0.wp.com\/gersonguelmann.com.br\/blog\/wp-content\/uploads\/2023\/07\/HojePR-3.jpg?fit=1120%2C712&ssl=1&resize=700%2C400 2x, https:\/\/i0.wp.com\/gersonguelmann.com.br\/blog\/wp-content\/uploads\/2023\/07\/HojePR-3.jpg?fit=1120%2C712&ssl=1&resize=1050%2C600 3x"},"classes":[]}],"jetpack_sharing_enabled":true,"post_mailing_queue_ids":[],"_links":{"self":[{"href":"https:\/\/gersonguelmann.com.br\/blog\/wp-json\/wp\/v2\/posts\/4363","targetHints":{"allow":["GET"]}}],"collection":[{"href":"https:\/\/gersonguelmann.com.br\/blog\/wp-json\/wp\/v2\/posts"}],"about":[{"href":"https:\/\/gersonguelmann.com.br\/blog\/wp-json\/wp\/v2\/types\/post"}],"author":[{"embeddable":true,"href":"https:\/\/gersonguelmann.com.br\/blog\/wp-json\/wp\/v2\/users\/5"}],"replies":[{"embeddable":true,"href":"https:\/\/gersonguelmann.com.br\/blog\/wp-json\/wp\/v2\/comments?post=4363"}],"version-history":[{"count":0,"href":"https:\/\/gersonguelmann.com.br\/blog\/wp-json\/wp\/v2\/posts\/4363\/revisions"}],"wp:featuredmedia":[{"embeddable":true,"href":"https:\/\/gersonguelmann.com.br\/blog\/wp-json\/wp\/v2\/media\/4364"}],"wp:attachment":[{"href":"https:\/\/gersonguelmann.com.br\/blog\/wp-json\/wp\/v2\/media?parent=4363"}],"wp:term":[{"taxonomy":"category","embeddable":true,"href":"https:\/\/gersonguelmann.com.br\/blog\/wp-json\/wp\/v2\/categories?post=4363"},{"taxonomy":"post_tag","embeddable":true,"href":"https:\/\/gersonguelmann.com.br\/blog\/wp-json\/wp\/v2\/tags?post=4363"}],"curies":[{"name":"wp","href":"https:\/\/api.w.org\/{rel}","templated":true}]}}