    {"id":4426,"date":"2017-11-14T10:00:32","date_gmt":"2017-11-14T12:00:32","guid":{"rendered":"https:\/\/gersonguelmann.com.br\/blog\/?p=4426"},"modified":"2017-11-13T21:09:14","modified_gmt":"2017-11-13T23:09:14","slug":"o-que-deixou-saudade-em-curitiba","status":"publish","type":"post","link":"https:\/\/gersonguelmann.com.br\/blog\/o-que-deixou-saudade-em-curitiba\/","title":{"rendered":"O Que Deixou Saudade em Curitiba?"},"content":{"rendered":"<p><span style=\"font-family: tahoma, arial, helvetica, sans-serif; font-size: 14pt; color: #000000;\">Os Curitibanos come\u00e7aram a receber h\u00e1 poucos dias uma mensagem com o t\u00edtulo &#8220;Marcas do que se foi&#8221; e onde est\u00e3o relacionadas empresas, lojas, empreendimentos, lugares, etc., que n\u00e3o existem mais e deixaram saudades.<\/span><\/p>\n<p><span style=\"font-family: tahoma, arial, helvetica, sans-serif; font-size: 14pt; color: #000000;\">N\u00e3o sei quem elaborou, mas de\u00a0todas as listas desse tipo que j\u00e1 li, certamente esta \u00e9 a mais completa.<\/span><\/p>\n<p><span style=\"font-family: tahoma, arial, helvetica, sans-serif; font-size: 14pt; color: #000000;\">Se voc\u00ea lembrar de alguma que n\u00e3o est\u00e1 relacionada, mande no espa\u00e7o <em>&#8220;<strong>Deixe Seu Coment\u00e1rio<\/strong>&#8220;<\/em>. <\/span><\/p>\n<p><span style=\"font-family: tahoma, arial, helvetica, sans-serif; font-size: 14pt; color: #000000;\">Ap\u00f3s ter recebido todas, farei nova postagem citando as colabora\u00e7\u00f5es.<\/span><\/p>\n<p><span style=\"font-family: tahoma, arial, helvetica, sans-serif; font-size: 14pt; color: #000000;\">As marcas est\u00e3o em ordem alfab\u00e9tica:<\/span><\/p>\n<p><span style=\"font-family: tahoma, arial, helvetica, sans-serif; font-size: 14pt; color: #000000;\">Aeroanta | \u00c0 Jerusal\u00e9m | Amigomelo | Amn\u00e9sia | A Musical | A Nacional | \u00c2ncora Comercial | Angel&#8217;s Flight | Antisardina | A Paulistana Modas | Aquacenter Batel | Armaz\u00e9m do CD | Arno Iwersen | A Sombrinha de Ouro | Attilio Materiais de Constru\u00e7\u00e3o | aUffizi Galeria | Auto Escola Lima | Auto-Paran\u00e1 Ve\u00edculos | Bamerindus | Banestado | Beleve | Bavarium Park | Bebedouro | Bernardo &amp; Bruni | Bertelli J\u00f3ias | Best Sellers Club | Beto Lanches | Big Apple | Bigger Size | Billy Burger | Binoca | Bolachas Lucinda | Boneca do Igua\u00e7u | Bosca S.A. | Bruneti Discos | Boutique Badalo | Buttocks Jeans | Buggatti | Cachorr\u00e3o | Caf\u00e9 das Oito | Caf\u00e9 Jubileu | Caf\u00e9 do Estudante | Caf\u00e9 do Teatro | Caf\u00e9 Marumby | Camarim | Cal\u00e7ados Cinderela | Cal\u00e7ados Clark | Cal\u00e7ados Rikinho | Cantina Ves\u00favio | Casa Country | Casa Crystal | Casa das Fechaduras | Casa Feres | Casa Hil\u00fa | Casa Ling | Casa Nickel | Casa Roskamp | Casa William Sade | Casa Vermelha | Casas Lorusso | Casas 3 Coelhos | Cebel | Centro de Nata\u00e7\u00e3o Berek Kriger | Ch\u00e1cara Riviera | Chamonix | Charutaria Lima | Cheverny Modas | Chopp Centro | Churrascaria Cruzeiro | Churrascaria Pinheir\u00e3o | Churrascaria Tup\u00e3 | Cidadela | Cine Am\u00e9rica | Cine Arlequim | Cine Astor | Cine Avenida | Cine Condor | Cine Curitiba | Cine Excelsior | Cine Gl\u00f3ria | Cine Groff | Cine It\u00e1lia | Cine Lido | Cine Luz | Cine Marab\u00e1 | Cine Maraj\u00f3 | Cine Morgenau | Cinema 1 | Cine \u00d3pera | Cine Plaza | Cine Ribalta | Cine Ritz | Cine Rivoli | Cine S\u00e3o Jo\u00e3o | Cine Vit\u00f3ria | Circo Irm\u00e3os Queirolo | Circus Bar | CIT | Clisama | Club Papeete | Club 700 | Clube do Golfinho | Col\u00e9gio Cam\u00f5es | Col\u00e9gio Igua\u00e7u | Col\u00e9gio Metropolitano | Col\u00e9gio Terceiro Mil\u00eanio | Colorama | Cometa Lanches | Confeitaria Igua\u00e7u | Confeitaria Schaffer | Cons\u00f3rcio Garibaldi | Cons\u00f3rcio Nasser | Cora\u00e7\u00e3o Mel\u00e3o | Crystal Bingo | Curso Barddal | Decolores Tintas | D. Gon\u00e7avez Cal\u00e7ados | Di\u00e1rio do Paran\u00e1 | Digital Fotocomposi\u00e7\u00e3o | Dipave | Disapel | El Potato | Elvis Costella | Emilio Romani S.A. | Engenheiro dos Sandu\u00edches | \u00c9poca | Era S\u00f3 o que Faltava Bar | Escola Piper de Avia\u00e7\u00e3o | Espalhafato | Esta\u00e7\u00e3o Plaza Show | Farid Surugi S.A. | Farm\u00e1cias Minerva | Fedato Sports | Ferragens Hauer | Flash | Fornello Pizzaria | Foto Brasil | Free Amazon | Frisco | Gale\u00e3o Supermercados | Galeria de Arte Acaiaca | Galeria de Arte Cocaco | Galeria de Arte Ida e Anita | Galesis | Gato Preto | Geminni Publicidade | Gibiteca | Girassol Boutique | Guelmaison | Hamburg\u00e3o | Hermes Macedo | Holly Polly Brinquedos | Hotel Cl\u00edmax | Hotel Ouro Verde | Hotel Presidente | Impressora Paranaense | Ind\u00fastrias Todeschini | Ita Lustres | Itaim Ve\u00edculos | Jeanstock | Joalheria A P\u00e9rola | Joalheria Kopp | Jorge Rangel Joalheiros | Kiko Modas Infantil | Kingraf | Labyrinthe Motel | La Gondola | Lambateria Porto Seguro | L\u00e1 no Luhn Perfumaria | L\u00e1 no Pasqualle | Leninha | Lettage | Lima&#8217;s Hotel | Limpar | Livrarias Ghignone | livrarias Guerreiro | Loan Steak Salad Piano Bar | Loja Beleve | Loja Garcez | Loja Maison Blanche | Loja 444 da Bar\u00e3o | Lojas Az de Espadas | Lojas Guernieri | Lojas Madson | Lojas Mazer | Lojas Sacks | Lojas Super G | Lojas Tarob\u00e1 | Lojas Universal | Mahavius | Maison Blanche | Magazin Avenida | Malas Ika | Malas Pugsley | Malucelli da Visconde | Manhattan Club | Maria Chica | Mate Real | Mau Mau | Mc Johnson | Mega Hertz | Mendes Cal\u00e7ados | Mercadorama Demeterco | Metr\u00f4 | Metropol | Miloka | MIT | Modelar Shop Center | Moon Light | Moustache | M\u00f3veis Cimo | M\u00f3veis Guelmann | M\u00f3veis Oggi | M\u00f3veis Pinheiro | M.Rosenmann Joalheiros | Museu David Carneiro | Myat\u00e3 Supermercados | Natazzo | Noi Boutique | O Cirandeiro | Old Friends | Olsen Ve\u00edculos | \u00d3pera Prima | Orbram | Original Caf\u00e9 | OSS Publicidade | Padock | P\u00e3o Real | Panificadora Nossa Senhora Aparecida | Panny Lane Bar | Papelaria Rareli | Papelaria Santa Cruz | Papeete | Parque Castelo Branco | Parque Alvorada | P.A.Z. Publicidade | Pianos Essenfelder | Pizzaria Palazzo | Pizzaria Sav\u00f3ia | Playrama | Ponzio Discos | Porko Jones | Prosd\u00f3cimo | Quatro Bicos | R\u00e1dio Atalaia | R\u00e1dio Brasil 104 | R\u00e1dio Esta\u00e7\u00e3o Primeira | R\u00e1dio Cidade | R\u00e1dio Igua\u00e7u | Radio Guairac\u00e1 | Radio Marumbi | R\u00e1dio Tingui | Rave | Requi\u00e3o Papelarias | Pavema Ve\u00edculos | Pneutop | Posto Garoto | Rei do Disco | Renovar | Restaurante Cavalo Branco | Restaurante Dim Dom | Restaurante Espeto de Bacalhau | Restaurante Hummel-Hummel | Restaurante O Terra\u00e7o | Restaurante Jat\u00e3o | Restaurante Rio Branco | Restaurante Roda Viva | Restaurante San Remo | Restaurante Semente de Mostarda | Restaurante Sete Belo | Revepar | Revista Panorama | Revista Paran\u00e1 em P\u00e1ginas | Revistaria Mamute | Rodefer | Senff Supermercados | Shopping Champagnat |Shopping Mounif Tacla | Shopping Pinhais | Shopping Todeschini | Sindicate | Sir Laborat\u00f3rios | S\u00f3 Cal\u00e7as | Sociedade Beneficente dos Oper\u00e1rios do Batel | Sociedade Beneficente Protetora dos Oper\u00e1rios | Sociedade Semin\u00e1rio | Sorveteria Caramba | Sorveteria Globo | S. Picolli Ve\u00edculos | Stardust | Studio 1250 | Studio Moustache | Supermercado das Bandeiras | Supermercado Colet\u00e3o | Supermercado Merc\u00eas | Supermercados Parati | Suzy Lanches | Tapetec | Teatro de Bolso | Tecidos Urca | Telepar | Terpa Lipater | Tevepar | Tipiti | Toca da Raposa | Transparan\u00e1 | Trem Azul | Tropical V\u00eddeo | Umuarama Publicidade | Underground | Velha Adega | Verde Batel | Victo Johnson Publicidade | Vitrine | Voltz | Voupar | Windecker | Wings Discos | Whiskad\u00e3o | Zacharias Ve\u00edculos | Zollern J\u00f3ias | Z. Publicidade | Zuhause.<\/span><\/p>\n<p><img data-recalc-dims=\"1\" fetchpriority=\"high\" decoding=\"async\" data-attachment-id=\"4427\" data-permalink=\"https:\/\/gersonguelmann.com.br\/blog\/o-que-deixou-saudade-em-curitiba\/curitiba-antiga\/\" data-orig-file=\"https:\/\/i0.wp.com\/gersonguelmann.com.br\/blog\/wp-content\/uploads\/2017\/11\/Curitiba-Antiga.jpg?fit=270%2C187&amp;ssl=1\" data-orig-size=\"270,187\" data-comments-opened=\"1\" data-image-meta=\"{&quot;aperture&quot;:&quot;0&quot;,&quot;credit&quot;:&quot;&quot;,&quot;camera&quot;:&quot;&quot;,&quot;caption&quot;:&quot;&quot;,&quot;created_timestamp&quot;:&quot;0&quot;,&quot;copyright&quot;:&quot;&quot;,&quot;focal_length&quot;:&quot;0&quot;,&quot;iso&quot;:&quot;0&quot;,&quot;shutter_speed&quot;:&quot;0&quot;,&quot;title&quot;:&quot;&quot;,&quot;orientation&quot;:&quot;0&quot;}\" data-image-title=\"Curitiba Antiga\" data-image-description=\"\" data-image-caption=\"\" data-medium-file=\"https:\/\/i0.wp.com\/gersonguelmann.com.br\/blog\/wp-content\/uploads\/2017\/11\/Curitiba-Antiga.jpg?fit=270%2C187&amp;ssl=1\" data-large-file=\"https:\/\/i0.wp.com\/gersonguelmann.com.br\/blog\/wp-content\/uploads\/2017\/11\/Curitiba-Antiga.jpg?fit=270%2C187&amp;ssl=1\" class=\"size-full wp-image-4427 aligncenter\" src=\"https:\/\/i0.wp.com\/gersonguelmann.com.br\/blog\/wp-content\/uploads\/2017\/11\/Curitiba-Antiga.jpg?resize=270%2C187&#038;ssl=1\" alt=\"\" width=\"270\" height=\"187\" \/><\/p>\n","protected":false},"excerpt":{"rendered":"<p>Os Curitibanos come\u00e7aram a receber h\u00e1 poucos dias uma mensagem com o t\u00edtulo &#8220;Marcas do que se foi&#8221; e onde est\u00e3o relacionadas empresas, lojas, empreendimentos, lugares, etc., que n\u00e3o existem mais e deixaram saudades. N\u00e3o sei quem elaborou, mas de\u00a0todas as listas desse tipo que j\u00e1 li, certamente esta \u00e9 a mais completa. Se voc\u00ea [&hellip;]<\/p>\n","protected":false},"author":5,"featured_media":4427,"comment_status":"open","ping_status":"open","sticky":false,"template":"","format":"standard","meta":{"_acf_changed":false,"jetpack_post_was_ever_published":false,"_jetpack_newsletter_access":"","_jetpack_dont_email_post_to_subs":false,"_jetpack_newsletter_tier_id":0,"_jetpack_memberships_contains_paywalled_content":false,"_jetpack_memberships_contains_paid_content":false,"footnotes":"","jetpack_publicize_message":"","jetpack_publicize_feature_enabled":true,"jetpack_social_post_already_shared":true,"jetpack_social_options":{"image_generator_settings":{"template":"highway","default_image_id":0,"font":"","enabled":false},"version":2}},"categories":[1],"tags":[],"class_list":["post-4426","post","type-post","status-publish","format-standard","has-post-thumbnail","hentry","category-sem-categoria"],"acf":[],"yoast_head":"<!-- This site is optimized with the Yoast SEO plugin v27.3 - https:\/\/yoast.com\/product\/yoast-seo-wordpress\/ -->\n<title>O Que Deixou Saudade em Curitiba? | Blog do Guelmann<\/title>\n<meta name=\"robots\" content=\"index, follow, max-snippet:-1, max-image-preview:large, max-video-preview:-1\" \/>\n<link rel=\"canonical\" href=\"https:\/\/gersonguelmann.com.br\/blog\/o-que-deixou-saudade-em-curitiba\/\" \/>\n<meta property=\"og:locale\" content=\"pt_BR\" \/>\n<meta property=\"og:type\" content=\"article\" \/>\n<meta property=\"og:title\" content=\"O Que Deixou Saudade em Curitiba? | Blog do Guelmann\" \/>\n<meta property=\"og:description\" content=\"Os Curitibanos come\u00e7aram a receber h\u00e1 poucos dias uma mensagem com o t\u00edtulo &#8220;Marcas do que se foi&#8221; e onde est\u00e3o relacionadas empresas, lojas, empreendimentos, lugares, etc., que n\u00e3o existem mais e deixaram saudades. N\u00e3o sei quem elaborou, mas de\u00a0todas as listas desse tipo que j\u00e1 li, certamente esta \u00e9 a mais completa. Se voc\u00ea [&hellip;]\" \/>\n<meta property=\"og:url\" content=\"https:\/\/gersonguelmann.com.br\/blog\/o-que-deixou-saudade-em-curitiba\/\" \/>\n<meta property=\"og:site_name\" content=\"Blog do Guelmann\" \/>\n<meta property=\"article:published_time\" content=\"2017-11-14T12:00:32+00:00\" \/>\n<meta property=\"og:image\" content=\"https:\/\/i0.wp.com\/gersonguelmann.com.br\/blog\/wp-content\/uploads\/2017\/11\/Curitiba-Antiga.jpg?fit=270%2C187&ssl=1\" \/>\n\t<meta property=\"og:image:width\" content=\"270\" \/>\n\t<meta property=\"og:image:height\" content=\"187\" \/>\n\t<meta property=\"og:image:type\" content=\"image\/jpeg\" \/>\n<meta name=\"author\" content=\"Gerson Guelmann\" \/>\n<meta name=\"twitter:card\" content=\"summary_large_image\" \/>\n<meta name=\"twitter:label1\" content=\"Escrito por\" \/>\n\t<meta name=\"twitter:data1\" content=\"Gerson Guelmann\" \/>\n\t<meta name=\"twitter:label2\" content=\"Est. tempo de leitura\" \/>\n\t<meta name=\"twitter:data2\" content=\"4 minutos\" \/>\n<script type=\"application\/ld+json\" class=\"yoast-schema-graph\">{\"@context\":\"https:\\\/\\\/schema.org\",\"@graph\":[{\"@type\":\"Article\",\"@id\":\"https:\\\/\\\/gersonguelmann.com.br\\\/blog\\\/o-que-deixou-saudade-em-curitiba\\\/#article\",\"isPartOf\":{\"@id\":\"https:\\\/\\\/gersonguelmann.com.br\\\/blog\\\/o-que-deixou-saudade-em-curitiba\\\/\"},\"author\":{\"name\":\"Gerson Guelmann\",\"@id\":\"https:\\\/\\\/gersonguelmann.com.br\\\/blog\\\/#\\\/schema\\\/person\\\/87e70e2a786888082f941a482c90569e\"},\"headline\":\"O Que Deixou Saudade em Curitiba?\",\"datePublished\":\"2017-11-14T12:00:32+00:00\",\"mainEntityOfPage\":{\"@id\":\"https:\\\/\\\/gersonguelmann.com.br\\\/blog\\\/o-que-deixou-saudade-em-curitiba\\\/\"},\"wordCount\":864,\"commentCount\":100,\"image\":{\"@id\":\"https:\\\/\\\/gersonguelmann.com.br\\\/blog\\\/o-que-deixou-saudade-em-curitiba\\\/#primaryimage\"},\"thumbnailUrl\":\"https:\\\/\\\/i0.wp.com\\\/gersonguelmann.com.br\\\/blog\\\/wp-content\\\/uploads\\\/2017\\\/11\\\/Curitiba-Antiga.jpg?fit=270%2C187&ssl=1\",\"inLanguage\":\"pt-BR\",\"potentialAction\":[{\"@type\":\"CommentAction\",\"name\":\"Comment\",\"target\":[\"https:\\\/\\\/gersonguelmann.com.br\\\/blog\\\/o-que-deixou-saudade-em-curitiba\\\/#respond\"]}]},{\"@type\":\"WebPage\",\"@id\":\"https:\\\/\\\/gersonguelmann.com.br\\\/blog\\\/o-que-deixou-saudade-em-curitiba\\\/\",\"url\":\"https:\\\/\\\/gersonguelmann.com.br\\\/blog\\\/o-que-deixou-saudade-em-curitiba\\\/\",\"name\":\"O Que Deixou Saudade em Curitiba? | Blog do Guelmann\",\"isPartOf\":{\"@id\":\"https:\\\/\\\/gersonguelmann.com.br\\\/blog\\\/#website\"},\"primaryImageOfPage\":{\"@id\":\"https:\\\/\\\/gersonguelmann.com.br\\\/blog\\\/o-que-deixou-saudade-em-curitiba\\\/#primaryimage\"},\"image\":{\"@id\":\"https:\\\/\\\/gersonguelmann.com.br\\\/blog\\\/o-que-deixou-saudade-em-curitiba\\\/#primaryimage\"},\"thumbnailUrl\":\"https:\\\/\\\/i0.wp.com\\\/gersonguelmann.com.br\\\/blog\\\/wp-content\\\/uploads\\\/2017\\\/11\\\/Curitiba-Antiga.jpg?fit=270%2C187&ssl=1\",\"datePublished\":\"2017-11-14T12:00:32+00:00\",\"author\":{\"@id\":\"https:\\\/\\\/gersonguelmann.com.br\\\/blog\\\/#\\\/schema\\\/person\\\/87e70e2a786888082f941a482c90569e\"},\"inLanguage\":\"pt-BR\",\"potentialAction\":[{\"@type\":\"ReadAction\",\"target\":[\"https:\\\/\\\/gersonguelmann.com.br\\\/blog\\\/o-que-deixou-saudade-em-curitiba\\\/\"]}]},{\"@type\":\"ImageObject\",\"inLanguage\":\"pt-BR\",\"@id\":\"https:\\\/\\\/gersonguelmann.com.br\\\/blog\\\/o-que-deixou-saudade-em-curitiba\\\/#primaryimage\",\"url\":\"https:\\\/\\\/i0.wp.com\\\/gersonguelmann.com.br\\\/blog\\\/wp-content\\\/uploads\\\/2017\\\/11\\\/Curitiba-Antiga.jpg?fit=270%2C187&ssl=1\",\"contentUrl\":\"https:\\\/\\\/i0.wp.com\\\/gersonguelmann.com.br\\\/blog\\\/wp-content\\\/uploads\\\/2017\\\/11\\\/Curitiba-Antiga.jpg?fit=270%2C187&ssl=1\",\"width\":270,\"height\":187},{\"@type\":\"WebSite\",\"@id\":\"https:\\\/\\\/gersonguelmann.com.br\\\/blog\\\/#website\",\"url\":\"https:\\\/\\\/gersonguelmann.com.br\\\/blog\\\/\",\"name\":\"Blog do Guelmann\",\"description\":\"Pitadas da sabedoria e do humor judaicos, assuntos do momento e um pouco das hist\u00f3rias que vivi e testemunhei.\",\"potentialAction\":[{\"@type\":\"SearchAction\",\"target\":{\"@type\":\"EntryPoint\",\"urlTemplate\":\"https:\\\/\\\/gersonguelmann.com.br\\\/blog\\\/?s={search_term_string}\"},\"query-input\":{\"@type\":\"PropertyValueSpecification\",\"valueRequired\":true,\"valueName\":\"search_term_string\"}}],\"inLanguage\":\"pt-BR\"},{\"@type\":\"Person\",\"@id\":\"https:\\\/\\\/gersonguelmann.com.br\\\/blog\\\/#\\\/schema\\\/person\\\/87e70e2a786888082f941a482c90569e\",\"name\":\"Gerson Guelmann\",\"image\":{\"@type\":\"ImageObject\",\"inLanguage\":\"pt-BR\",\"@id\":\"https:\\\/\\\/i0.wp.com\\\/gersonguelmann.com.br\\\/blog\\\/wp-content\\\/uploads\\\/2021\\\/08\\\/BLOG.jpeg?fit=96%2C96&ssl=1\",\"url\":\"https:\\\/\\\/i0.wp.com\\\/gersonguelmann.com.br\\\/blog\\\/wp-content\\\/uploads\\\/2021\\\/08\\\/BLOG.jpeg?fit=96%2C96&ssl=1\",\"contentUrl\":\"https:\\\/\\\/i0.wp.com\\\/gersonguelmann.com.br\\\/blog\\\/wp-content\\\/uploads\\\/2021\\\/08\\\/BLOG.jpeg?fit=96%2C96&ssl=1\",\"caption\":\"Gerson Guelmann\"},\"description\":\"Pitadas da sabedoria e do humor judaicos, assuntos do momento e um pouco das hist\u00f3rias que vivi e testemunhei.\"}]}<\/script>\n<!-- \/ Yoast SEO plugin. -->","yoast_head_json":{"title":"O Que Deixou Saudade em Curitiba? | Blog do Guelmann","robots":{"index":"index","follow":"follow","max-snippet":"max-snippet:-1","max-image-preview":"max-image-preview:large","max-video-preview":"max-video-preview:-1"},"canonical":"https:\/\/gersonguelmann.com.br\/blog\/o-que-deixou-saudade-em-curitiba\/","og_locale":"pt_BR","og_type":"article","og_title":"O Que Deixou Saudade em Curitiba? | Blog do Guelmann","og_description":"Os Curitibanos come\u00e7aram a receber h\u00e1 poucos dias uma mensagem com o t\u00edtulo &#8220;Marcas do que se foi&#8221; e onde est\u00e3o relacionadas empresas, lojas, empreendimentos, lugares, etc., que n\u00e3o existem mais e deixaram saudades. N\u00e3o sei quem elaborou, mas de\u00a0todas as listas desse tipo que j\u00e1 li, certamente esta \u00e9 a mais completa. Se voc\u00ea [&hellip;]","og_url":"https:\/\/gersonguelmann.com.br\/blog\/o-que-deixou-saudade-em-curitiba\/","og_site_name":"Blog do Guelmann","article_published_time":"2017-11-14T12:00:32+00:00","og_image":[{"width":270,"height":187,"url":"https:\/\/i0.wp.com\/gersonguelmann.com.br\/blog\/wp-content\/uploads\/2017\/11\/Curitiba-Antiga.jpg?fit=270%2C187&ssl=1","type":"image\/jpeg"}],"author":"Gerson Guelmann","twitter_card":"summary_large_image","twitter_misc":{"Escrito por":"Gerson Guelmann","Est. tempo de leitura":"4 minutos"},"schema":{"@context":"https:\/\/schema.org","@graph":[{"@type":"Article","@id":"https:\/\/gersonguelmann.com.br\/blog\/o-que-deixou-saudade-em-curitiba\/#article","isPartOf":{"@id":"https:\/\/gersonguelmann.com.br\/blog\/o-que-deixou-saudade-em-curitiba\/"},"author":{"name":"Gerson Guelmann","@id":"https:\/\/gersonguelmann.com.br\/blog\/#\/schema\/person\/87e70e2a786888082f941a482c90569e"},"headline":"O Que Deixou Saudade em Curitiba?","datePublished":"2017-11-14T12:00:32+00:00","mainEntityOfPage":{"@id":"https:\/\/gersonguelmann.com.br\/blog\/o-que-deixou-saudade-em-curitiba\/"},"wordCount":864,"commentCount":100,"image":{"@id":"https:\/\/gersonguelmann.com.br\/blog\/o-que-deixou-saudade-em-curitiba\/#primaryimage"},"thumbnailUrl":"https:\/\/i0.wp.com\/gersonguelmann.com.br\/blog\/wp-content\/uploads\/2017\/11\/Curitiba-Antiga.jpg?fit=270%2C187&ssl=1","inLanguage":"pt-BR","potentialAction":[{"@type":"CommentAction","name":"Comment","target":["https:\/\/gersonguelmann.com.br\/blog\/o-que-deixou-saudade-em-curitiba\/#respond"]}]},{"@type":"WebPage","@id":"https:\/\/gersonguelmann.com.br\/blog\/o-que-deixou-saudade-em-curitiba\/","url":"https:\/\/gersonguelmann.com.br\/blog\/o-que-deixou-saudade-em-curitiba\/","name":"O Que Deixou Saudade em Curitiba? | Blog do Guelmann","isPartOf":{"@id":"https:\/\/gersonguelmann.com.br\/blog\/#website"},"primaryImageOfPage":{"@id":"https:\/\/gersonguelmann.com.br\/blog\/o-que-deixou-saudade-em-curitiba\/#primaryimage"},"image":{"@id":"https:\/\/gersonguelmann.com.br\/blog\/o-que-deixou-saudade-em-curitiba\/#primaryimage"},"thumbnailUrl":"https:\/\/i0.wp.com\/gersonguelmann.com.br\/blog\/wp-content\/uploads\/2017\/11\/Curitiba-Antiga.jpg?fit=270%2C187&ssl=1","datePublished":"2017-11-14T12:00:32+00:00","author":{"@id":"https:\/\/gersonguelmann.com.br\/blog\/#\/schema\/person\/87e70e2a786888082f941a482c90569e"},"inLanguage":"pt-BR","potentialAction":[{"@type":"ReadAction","target":["https:\/\/gersonguelmann.com.br\/blog\/o-que-deixou-saudade-em-curitiba\/"]}]},{"@type":"ImageObject","inLanguage":"pt-BR","@id":"https:\/\/gersonguelmann.com.br\/blog\/o-que-deixou-saudade-em-curitiba\/#primaryimage","url":"https:\/\/i0.wp.com\/gersonguelmann.com.br\/blog\/wp-content\/uploads\/2017\/11\/Curitiba-Antiga.jpg?fit=270%2C187&ssl=1","contentUrl":"https:\/\/i0.wp.com\/gersonguelmann.com.br\/blog\/wp-content\/uploads\/2017\/11\/Curitiba-Antiga.jpg?fit=270%2C187&ssl=1","width":270,"height":187},{"@type":"WebSite","@id":"https:\/\/gersonguelmann.com.br\/blog\/#website","url":"https:\/\/gersonguelmann.com.br\/blog\/","name":"Blog do Guelmann","description":"Pitadas da sabedoria e do humor judaicos, assuntos do momento e um pouco das hist\u00f3rias que vivi e testemunhei.","potentialAction":[{"@type":"SearchAction","target":{"@type":"EntryPoint","urlTemplate":"https:\/\/gersonguelmann.com.br\/blog\/?s={search_term_string}"},"query-input":{"@type":"PropertyValueSpecification","valueRequired":true,"valueName":"search_term_string"}}],"inLanguage":"pt-BR"},{"@type":"Person","@id":"https:\/\/gersonguelmann.com.br\/blog\/#\/schema\/person\/87e70e2a786888082f941a482c90569e","name":"Gerson Guelmann","image":{"@type":"ImageObject","inLanguage":"pt-BR","@id":"https:\/\/i0.wp.com\/gersonguelmann.com.br\/blog\/wp-content\/uploads\/2021\/08\/BLOG.jpeg?fit=96%2C96&ssl=1","url":"https:\/\/i0.wp.com\/gersonguelmann.com.br\/blog\/wp-content\/uploads\/2021\/08\/BLOG.jpeg?fit=96%2C96&ssl=1","contentUrl":"https:\/\/i0.wp.com\/gersonguelmann.com.br\/blog\/wp-content\/uploads\/2021\/08\/BLOG.jpeg?fit=96%2C96&ssl=1","caption":"Gerson Guelmann"},"description":"Pitadas da sabedoria e do humor judaicos, assuntos do momento e um pouco das hist\u00f3rias que vivi e testemunhei."}]}},"views":6650,"jetpack_publicize_connections":[],"jetpack_featured_media_url":"https:\/\/i0.wp.com\/gersonguelmann.com.br\/blog\/wp-content\/uploads\/2017\/11\/Curitiba-Antiga.jpg?fit=270%2C187&ssl=1","jetpack_shortlink":"https:\/\/wp.me\/p96e7O-19o","jetpack-related-posts":[{"id":12163,"url":"https:\/\/gersonguelmann.com.br\/blog\/das-10-marcas-mais-valiosas-da-america-latina-5-sao-brasileiras\/","url_meta":{"origin":4426,"position":0},"title":"Das 10 Marcas Mais Valiosas da Am\u00e9rica Latina, 5 S\u00e3o Brasileiras","author":"Gerson Guelmann","date":"27 de abril de 2018","format":false,"excerpt":"Mat\u00e9ria publicada hoje no site Terra: ECONOMIA As 10 marcas mais valiosas da Am\u00e9rica Latina (5 s\u00e3o brasileiras) Cervejarias, bancos, supermercados e at\u00e9 um canal de TV est\u00e3o na lista das empresas com maior valor na Am\u00e9rica Latina, segundo o relat\u00f3rio Brandz. BBC BRASIL.com 27 ABR201815h09 atualizado \u00e0s 15h53 Quatro\u2026","rel":"","context":"Em &quot;Sem categoria&quot;","block_context":{"text":"Sem categoria","link":"https:\/\/gersonguelmann.com.br\/blog\/category\/sem-categoria\/"},"img":{"alt_text":"","src":"https:\/\/i0.wp.com\/gersonguelmann.com.br\/blog\/wp-content\/uploads\/2018\/04\/Relat%C3%B3rio-Brandz.jpg?resize=350%2C200&ssl=1","width":350,"height":200},"classes":[]},{"id":1917,"url":"https:\/\/gersonguelmann.com.br\/blog\/onde-esta-o-povo-que-nao-se-manifesta\/","url_meta":{"origin":4426,"position":1},"title":"Onde Est\u00e1 o Povo, Que n\u00e3o se Manifesta?","author":"Gerson Guelmann","date":"22 de setembro de 2017","format":false,"excerpt":"N\u00f3s brasileiros temos que rever nossos conceitos acerca do que \u00e9 certo e errado, importante ou sup\u00e9rfluo. Costumamos questionar coisas relativamente insignificantes como a corrup\u00e7\u00e3o, o aumento nos pre\u00e7os dos combust\u00edveis, o caos no tr\u00e2nsito, o atendimento nos postos de sa\u00fade, as filas nos bancos e supermercados, todas coisas absolutamente\u2026","rel":"","context":"Em &quot;Sem categoria&quot;","block_context":{"text":"Sem categoria","link":"https:\/\/gersonguelmann.com.br\/blog\/category\/sem-categoria\/"},"img":{"alt_text":"","src":"https:\/\/i0.wp.com\/gersonguelmann.com.br\/blog\/wp-content\/uploads\/2017\/09\/Serenata-de-Amor-300x144.jpg?resize=350%2C200&ssl=1","width":350,"height":200},"classes":[]},{"id":18719,"url":"https:\/\/gersonguelmann.com.br\/blog\/azeite-de-oliva-veja-aqui-se-o-teu-preferido-nao-esta-batizado\/","url_meta":{"origin":4426,"position":2},"title":"Azeite de Oliva: Veja Aqui Se o Teu Preferido N\u00e3o Est\u00e1 &#8220;Batizado&#8221;","author":"Gerson Guelmann","date":"2 de outubro de 2019","format":false,"excerpt":"Aqui em casa usamos muito Azeite de Oliva. Ainda ontem coment\u00e1vamos que consumimos um frasco de 500ml por semana, o que, para uma fam\u00edlia de 4 pessoas, \u00e9 bastante. N\u00e3o temos uma s\u00f3 marca preferida: costumamos comprar a de melhor pre\u00e7o entre algumas conhecidas, mas sempre somos atra\u00eddos por ofertas\u2026","rel":"","context":"Em &quot;Sem categoria&quot;","block_context":{"text":"Sem categoria","link":"https:\/\/gersonguelmann.com.br\/blog\/category\/sem-categoria\/"},"img":{"alt_text":"","src":"https:\/\/i0.wp.com\/gersonguelmann.com.br\/blog\/wp-content\/uploads\/2019\/10\/%C3%93leo.jpg?fit=361%2C501&ssl=1&resize=350%2C200","width":350,"height":200},"classes":[]},{"id":18137,"url":"https:\/\/gersonguelmann.com.br\/blog\/para-todas-as-avos-e-avos\/","url_meta":{"origin":4426,"position":3},"title":"Para Todas as Av\u00f3s e Av\u00f4s","author":"Gerson Guelmann","date":"26 de agosto de 2019","format":false,"excerpt":"Texto do Dr. Enrique Orschanski, Pediatra especialista em Neonatologia, Professor e Escritor argentino: \"Nos \u00faltimos 50 anos, nosso estilo de vida familiar mudou drasticamente como resultado de um novo sistema de produ\u00e7\u00e3o. A inclus\u00e3o das mulheres no circuito de trabalho levou ambos os pais a sair de casa por longos\u2026","rel":"","context":"Em &quot;Sem categoria&quot;","block_context":{"text":"Sem categoria","link":"https:\/\/gersonguelmann.com.br\/blog\/category\/sem-categoria\/"},"img":{"alt_text":"","src":"https:\/\/i0.wp.com\/gersonguelmann.com.br\/blog\/wp-content\/uploads\/2019\/08\/Av%C3%B3s.jpg?fit=960%2C640&ssl=1&resize=350%2C200","width":350,"height":200,"srcset":"https:\/\/i0.wp.com\/gersonguelmann.com.br\/blog\/wp-content\/uploads\/2019\/08\/Av%C3%B3s.jpg?fit=960%2C640&ssl=1&resize=350%2C200 1x, https:\/\/i0.wp.com\/gersonguelmann.com.br\/blog\/wp-content\/uploads\/2019\/08\/Av%C3%B3s.jpg?fit=960%2C640&ssl=1&resize=525%2C300 1.5x, https:\/\/i0.wp.com\/gersonguelmann.com.br\/blog\/wp-content\/uploads\/2019\/08\/Av%C3%B3s.jpg?fit=960%2C640&ssl=1&resize=700%2C400 2x"},"classes":[]},{"id":13736,"url":"https:\/\/gersonguelmann.com.br\/blog\/o-ministerio-publico-adverte-todos-brasileiros-devem-reiniciar-os-roteadores\/","url_meta":{"origin":4426,"position":4},"title":"O Minist\u00e9rio P\u00fablico Adverte: Todos Brasileiros Devem Reiniciar os Roteadores","author":"Gerson Guelmann","date":"7 de junho de 2018","format":false,"excerpt":"Transcrevo mat\u00e9ria que que foi publicada hoje no site Olhar Digital: Minist\u00e9rio P\u00fablico pede para que todos brasileiros reiniciem os roteadores LUCAS CARVALHO \u00a007\/06\/2018 19H20 \u00a0 A Comiss\u00e3o de Prote\u00e7\u00e3o dos Dados Pessoais do Minist\u00e9rio P\u00fablico do Distrito Federal e Territ\u00f3rios (MPDFT) emitiu nesta quinta-feira, 7, uma recomenda\u00e7\u00e3o para todos\u2026","rel":"","context":"Em &quot;Sem categoria&quot;","block_context":{"text":"Sem categoria","link":"https:\/\/gersonguelmann.com.br\/blog\/category\/sem-categoria\/"},"img":{"alt_text":"","src":"https:\/\/i0.wp.com\/gersonguelmann.com.br\/blog\/wp-content\/uploads\/2018\/06\/07161328573345-t1200x480.jpg?fit=1200%2C480&ssl=1&resize=350%2C200","width":350,"height":200,"srcset":"https:\/\/i0.wp.com\/gersonguelmann.com.br\/blog\/wp-content\/uploads\/2018\/06\/07161328573345-t1200x480.jpg?fit=1200%2C480&ssl=1&resize=350%2C200 1x, https:\/\/i0.wp.com\/gersonguelmann.com.br\/blog\/wp-content\/uploads\/2018\/06\/07161328573345-t1200x480.jpg?fit=1200%2C480&ssl=1&resize=525%2C300 1.5x, https:\/\/i0.wp.com\/gersonguelmann.com.br\/blog\/wp-content\/uploads\/2018\/06\/07161328573345-t1200x480.jpg?fit=1200%2C480&ssl=1&resize=700%2C400 2x, https:\/\/i0.wp.com\/gersonguelmann.com.br\/blog\/wp-content\/uploads\/2018\/06\/07161328573345-t1200x480.jpg?fit=1200%2C480&ssl=1&resize=1050%2C600 3x"},"classes":[]},{"id":14497,"url":"https:\/\/gersonguelmann.com.br\/blog\/para-as-mulheres-que-estao-chegando-aos-60\/","url_meta":{"origin":4426,"position":5},"title":"Para As Mulheres Que Est\u00e3o Chegando Aos 60","author":"Gerson Guelmann","date":"6 de abril de 2019","format":false,"excerpt":"O texto abaixo, de Regina de Castro Pompeu, foi terceiro colocado no Pr\u00eamio Longevidade Bradesco em 2011: Ao completar sessenta anos, lembrei do filme \u201cDe repente 30\u201d, em que a adolescente, em seu anivers\u00e1rio, ansiosa por chegar logo \u00e0 idade adulta, formula um desejo e se v\u00ea repentinamente com trinta\u2026","rel":"","context":"Em &quot;Sem categoria&quot;","block_context":{"text":"Sem categoria","link":"https:\/\/gersonguelmann.com.br\/blog\/category\/sem-categoria\/"},"img":{"alt_text":"","src":"https:\/\/i0.wp.com\/gersonguelmann.com.br\/blog\/wp-content\/uploads\/2019\/04\/60.jpg?fit=750%2C500&ssl=1&resize=350%2C200","width":350,"height":200,"srcset":"https:\/\/i0.wp.com\/gersonguelmann.com.br\/blog\/wp-content\/uploads\/2019\/04\/60.jpg?fit=750%2C500&ssl=1&resize=350%2C200 1x, https:\/\/i0.wp.com\/gersonguelmann.com.br\/blog\/wp-content\/uploads\/2019\/04\/60.jpg?fit=750%2C500&ssl=1&resize=525%2C300 1.5x, https:\/\/i0.wp.com\/gersonguelmann.com.br\/blog\/wp-content\/uploads\/2019\/04\/60.jpg?fit=750%2C500&ssl=1&resize=700%2C400 2x"},"classes":[]}],"jetpack_sharing_enabled":true,"post_mailing_queue_ids":[],"_links":{"self":[{"href":"https:\/\/gersonguelmann.com.br\/blog\/wp-json\/wp\/v2\/posts\/4426","targetHints":{"allow":["GET"]}}],"collection":[{"href":"https:\/\/gersonguelmann.com.br\/blog\/wp-json\/wp\/v2\/posts"}],"about":[{"href":"https:\/\/gersonguelmann.com.br\/blog\/wp-json\/wp\/v2\/types\/post"}],"author":[{"embeddable":true,"href":"https:\/\/gersonguelmann.com.br\/blog\/wp-json\/wp\/v2\/users\/5"}],"replies":[{"embeddable":true,"href":"https:\/\/gersonguelmann.com.br\/blog\/wp-json\/wp\/v2\/comments?post=4426"}],"version-history":[{"count":0,"href":"https:\/\/gersonguelmann.com.br\/blog\/wp-json\/wp\/v2\/posts\/4426\/revisions"}],"wp:featuredmedia":[{"embeddable":true,"href":"https:\/\/gersonguelmann.com.br\/blog\/wp-json\/wp\/v2\/media\/4427"}],"wp:attachment":[{"href":"https:\/\/gersonguelmann.com.br\/blog\/wp-json\/wp\/v2\/media?parent=4426"}],"wp:term":[{"taxonomy":"category","embeddable":true,"href":"https:\/\/gersonguelmann.com.br\/blog\/wp-json\/wp\/v2\/categories?post=4426"},{"taxonomy":"post_tag","embeddable":true,"href":"https:\/\/gersonguelmann.com.br\/blog\/wp-json\/wp\/v2\/tags?post=4426"}],"curies":[{"name":"wp","href":"https:\/\/api.w.org\/{rel}","templated":true}]}}