    {"id":5862,"date":"2025-05-09T21:39:52","date_gmt":"2025-05-10T00:39:52","guid":{"rendered":"https:\/\/gersonguelmann.com.br\/blog\/?p=5862"},"modified":"2025-05-13T18:22:52","modified_gmt":"2025-05-13T21:22:52","slug":"sexta-do-humor-e-da-cultura-judaica-yankel-o-vadio","status":"publish","type":"post","link":"https:\/\/gersonguelmann.com.br\/blog\/sexta-do-humor-e-da-cultura-judaica-yankel-o-vadio\/","title":{"rendered":"Sexta do Humor e da Cultura Judaica &#8211; Yankel, o Vadio"},"content":{"rendered":"<p><span style=\"font-family: tahoma, arial, helvetica, sans-serif; font-size: 18pt; color: #000000;\"><em><strong>Yankel, o Vadio<\/strong><\/em><br \/>\nYankel era conhecido por sua ojeriza ao trabalho.<br \/>\nEmpregos ele teve muitos, mas para cada fun\u00e7\u00e3o havia uma raz\u00e3o para ficar pouco tempo:<br \/>\n* Tentou a Medicina, mas disse <em><strong>que n\u00e3o seria <\/strong><strong><em>&#8220;<\/em>paciente&#8221;<\/strong><\/em>;\u00a0<\/span><br \/>\n<span style=\"font-family: tahoma, arial, helvetica, sans-serif; font-size: 18pt; color: #000000;\">* Foi trabalhar em uma f\u00e1brica de suco de laranja mas achava <em><strong>que n\u00e3o era suficientemente <em>&#8220;<\/em>concentrado&#8221;<\/strong><\/em>;<br \/>\n* Pensou em ser m\u00fasico mas concluiu <em><strong>que n\u00e3o ia ganhar uma boa &#8220;nota&#8221;<\/strong><\/em>;<\/span><br \/>\n<span style=\"font-family: tahoma, arial, helvetica, sans-serif; font-size: 18pt; color: #000000;\"> * Conseguiu emprego em uma f\u00e1brica de sapatos mas achou <em><strong>que o trabalho n\u00e3o lhe &#8220;servia&#8221;<\/strong><\/em>;\u00a0<\/span><br \/>\n<span style=\"font-family: tahoma, arial, helvetica, sans-serif; font-size: 18pt; color: #000000;\">* Pescador profissional n\u00e3o deu certo porque <em><strong>n\u00e3o gostou do sal\u00e1rio &#8220;l\u00edquido&#8221;<\/strong><\/em>;<\/span><br \/>\n<span style=\"font-family: tahoma, arial, helvetica, sans-serif; font-size: 18pt; color: #000000;\">* O emprego na firma de limpeza de piscinas <em><strong>o deixava &#8220;esgotado&#8221;<\/strong><\/em>;<\/span><br \/>\n<span style=\"font-family: tahoma, arial, helvetica, sans-serif; font-size: 18pt; color: #000000;\">* No zool\u00f3gico colocaram-no para tratar as girafas mas achou <em><strong>que n\u00e3o estava \u00e0 sua &#8220;altura&#8221;<\/strong><\/em>;<\/span><br \/>\n<span style=\"font-family: tahoma, arial, helvetica, sans-serif; font-size: 18pt; color: #000000;\">* Quando lhe ofereceram um trabalho como eletricista, <em><strong>achou &#8220;chocante&#8221;<\/strong><\/em>;<\/span><br \/>\n<span style=\"font-family: tahoma, arial, helvetica, sans-serif; font-size: 18pt; color: #000000;\">* Na loja onde vendiam caf\u00e9 torrado na hora, <em><strong>o trabalho o deixou &#8220;mo\u00eddo&#8221;<\/strong><\/em>;<br \/>\nEnt\u00e3o ele se aposentou e concluiu que essa era a ocupa\u00e7\u00e3o perfeita.<\/span><\/p>\n<p dir=\"ltr\" data-placeholder=\"Tradu\u00e7\u00e3o\"><span style=\"font-size: 18pt; font-family: tahoma, arial, helvetica, sans-serif; color: #000000;\"><em><strong>Uma P\u00e9rola da Sabedoria Judaica<\/strong><\/em><\/span><br \/>\n<span style=\"font-size: 18pt; font-family: tahoma, arial, helvetica, sans-serif; color: #000000;\"><em><span lang=\"pt-BR\">\u2014 \u201cA verdade n\u00e3o morre nunca, mas vive como uma pessoa pobre.\u201d<\/span><span lang=\"pt\">\u00a0<\/span><\/em><\/span><\/p>\n<p><span style=\"font-size: 18pt; font-family: terminal, monaco, monospace;\"><span style=\"color: #000000; font-family: tahoma, arial, helvetica, sans-serif;\"><span style=\"font-size: 18pt;\"><em><strong>Frases dos Melhores Humoristas Judeus<br \/>\n<\/strong><\/em><\/span><strong><span style=\"font-size: 18pt;\">Alan King<\/span> <\/strong><em>(Irwin Alan Kniberg \u2013 Nova York, 26\/12\/1927 \u2013 Nova York, 9\/5\/2004)<strong><b><br \/>\n<\/b><\/strong>\u2014 \u201cSe os bancos confiam tanto nos clientes, porque eles acorrentam as canetas?\u201d<\/em><\/span><br \/>\n<\/span><\/p>\n<p><span style=\"font-size: 18pt; font-family: tahoma, arial, helvetica, sans-serif; color: #000000;\"><em><strong>As Terr\u00edveis Pragas Judaicas<br \/>\n<\/strong>\u2014 \u201cQue te cres\u00e7am mais duas m\u00e3os para poder alcan\u00e7ar todas as coceiras.\u201d<\/em><\/span><\/p>\n<p style=\"text-align: center;\"><img data-recalc-dims=\"1\" fetchpriority=\"high\" decoding=\"async\" data-attachment-id=\"25280\" data-permalink=\"https:\/\/gersonguelmann.com.br\/blog\/sexta-do-humor-e-da-cultura-judaica-yankel-o-vadio\/hojepr-390\/\" data-orig-file=\"https:\/\/i0.wp.com\/gersonguelmann.com.br\/blog\/wp-content\/uploads\/2025\/05\/HojePR-9.jpg?fit=600%2C591&amp;ssl=1\" data-orig-size=\"600,591\" data-comments-opened=\"1\" data-image-meta=\"{&quot;aperture&quot;:&quot;0&quot;,&quot;credit&quot;:&quot;&quot;,&quot;camera&quot;:&quot;&quot;,&quot;caption&quot;:&quot;&quot;,&quot;created_timestamp&quot;:&quot;0&quot;,&quot;copyright&quot;:&quot;&quot;,&quot;focal_length&quot;:&quot;0&quot;,&quot;iso&quot;:&quot;0&quot;,&quot;shutter_speed&quot;:&quot;0&quot;,&quot;title&quot;:&quot;&quot;,&quot;orientation&quot;:&quot;0&quot;}\" data-image-title=\"HojePR\" data-image-description=\"\" data-image-caption=\"\" data-medium-file=\"https:\/\/i0.wp.com\/gersonguelmann.com.br\/blog\/wp-content\/uploads\/2025\/05\/HojePR-9.jpg?fit=300%2C296&amp;ssl=1\" data-large-file=\"https:\/\/i0.wp.com\/gersonguelmann.com.br\/blog\/wp-content\/uploads\/2025\/05\/HojePR-9.jpg?fit=600%2C591&amp;ssl=1\" class=\"alignnone size-full wp-image-25280\" src=\"https:\/\/i0.wp.com\/gersonguelmann.com.br\/blog\/wp-content\/uploads\/2025\/05\/HojePR-9.jpg?resize=600%2C591&#038;ssl=1\" alt=\"\" width=\"600\" height=\"591\" srcset=\"https:\/\/i0.wp.com\/gersonguelmann.com.br\/blog\/wp-content\/uploads\/2025\/05\/HojePR-9.jpg?w=600&amp;ssl=1 600w, https:\/\/i0.wp.com\/gersonguelmann.com.br\/blog\/wp-content\/uploads\/2025\/05\/HojePR-9.jpg?resize=300%2C296&amp;ssl=1 300w, https:\/\/i0.wp.com\/gersonguelmann.com.br\/blog\/wp-content\/uploads\/2025\/05\/HojePR-9.jpg?resize=70%2C70&amp;ssl=1 70w\" sizes=\"(max-width: 600px) 100vw, 600px\" \/><br \/>\n<a href=\"https:\/\/www.cnnbrasil.com.br\/nacional\/sul\/rs\/grupo-e-suspeito-de-fazer-emprestimos-em-nome-de-pessoas-ja-mortas-no-rs\/\"><span style=\"color: #0000ff; font-size: 14pt;\"><em><strong>Foto: Unsplash<\/strong><\/em><\/span><\/a><\/p>\n<p style=\"text-align: center;\">\n","protected":false},"excerpt":{"rendered":"<p>Yankel, o Vadio Yankel era conhecido por sua ojeriza ao trabalho. Empregos ele teve muitos, mas para cada fun\u00e7\u00e3o havia uma raz\u00e3o para ficar pouco tempo: * Tentou a Medicina, mas disse que n\u00e3o seria &#8220;paciente&#8221;;\u00a0 * Foi trabalhar em uma f\u00e1brica de suco de laranja mas achava que n\u00e3o era suficientemente &#8220;concentrado&#8221;; * Pensou [&hellip;]<\/p>\n","protected":false},"author":5,"featured_media":25280,"comment_status":"open","ping_status":"open","sticky":false,"template":"","format":"standard","meta":{"_acf_changed":false,"jetpack_post_was_ever_published":false,"_jetpack_newsletter_access":"","_jetpack_dont_email_post_to_subs":false,"_jetpack_newsletter_tier_id":0,"_jetpack_memberships_contains_paywalled_content":false,"_jetpack_memberships_contains_paid_content":false,"footnotes":"","jetpack_publicize_message":"","jetpack_publicize_feature_enabled":true,"jetpack_social_post_already_shared":true,"jetpack_social_options":{"image_generator_settings":{"template":"highway","default_image_id":0,"font":"","enabled":false},"version":2}},"categories":[1],"tags":[],"class_list":["post-5862","post","type-post","status-publish","format-standard","has-post-thumbnail","hentry","category-sem-categoria"],"acf":[],"yoast_head":"<!-- This site is optimized with the Yoast SEO plugin v27.3 - https:\/\/yoast.com\/product\/yoast-seo-wordpress\/ -->\n<title>Sexta do Humor e da Cultura Judaica - Yankel, o Vadio | Blog do Guelmann<\/title>\n<meta name=\"robots\" content=\"index, follow, max-snippet:-1, max-image-preview:large, max-video-preview:-1\" \/>\n<link rel=\"canonical\" href=\"https:\/\/gersonguelmann.com.br\/blog\/sexta-do-humor-e-da-cultura-judaica-yankel-o-vadio\/\" \/>\n<meta property=\"og:locale\" content=\"pt_BR\" \/>\n<meta property=\"og:type\" content=\"article\" \/>\n<meta property=\"og:title\" content=\"Sexta do Humor e da Cultura Judaica - Yankel, o Vadio | Blog do Guelmann\" \/>\n<meta property=\"og:description\" content=\"Yankel, o Vadio Yankel era conhecido por sua ojeriza ao trabalho. Empregos ele teve muitos, mas para cada fun\u00e7\u00e3o havia uma raz\u00e3o para ficar pouco tempo: * Tentou a Medicina, mas disse que n\u00e3o seria &#8220;paciente&#8221;;\u00a0 * Foi trabalhar em uma f\u00e1brica de suco de laranja mas achava que n\u00e3o era suficientemente &#8220;concentrado&#8221;; * Pensou [&hellip;]\" \/>\n<meta property=\"og:url\" content=\"https:\/\/gersonguelmann.com.br\/blog\/sexta-do-humor-e-da-cultura-judaica-yankel-o-vadio\/\" \/>\n<meta property=\"og:site_name\" content=\"Blog do Guelmann\" \/>\n<meta property=\"article:published_time\" content=\"2025-05-10T00:39:52+00:00\" \/>\n<meta property=\"article:modified_time\" content=\"2025-05-13T21:22:52+00:00\" \/>\n<meta property=\"og:image\" content=\"https:\/\/gersonguelmann.com.br\/blog\/wp-content\/uploads\/2025\/05\/HojePR-9.jpg\" \/>\n\t<meta property=\"og:image:width\" content=\"600\" \/>\n\t<meta property=\"og:image:height\" content=\"591\" \/>\n\t<meta property=\"og:image:type\" content=\"image\/jpeg\" \/>\n<meta name=\"author\" content=\"Gerson Guelmann\" \/>\n<meta name=\"twitter:card\" content=\"summary_large_image\" \/>\n<meta name=\"twitter:label1\" content=\"Escrito por\" \/>\n\t<meta name=\"twitter:data1\" content=\"Gerson Guelmann\" \/>\n\t<meta name=\"twitter:label2\" content=\"Est. tempo de leitura\" \/>\n\t<meta name=\"twitter:data2\" content=\"2 minutos\" \/>\n<script type=\"application\/ld+json\" class=\"yoast-schema-graph\">{\"@context\":\"https:\\\/\\\/schema.org\",\"@graph\":[{\"@type\":\"Article\",\"@id\":\"https:\\\/\\\/gersonguelmann.com.br\\\/blog\\\/sexta-do-humor-e-da-cultura-judaica-yankel-o-vadio\\\/#article\",\"isPartOf\":{\"@id\":\"https:\\\/\\\/gersonguelmann.com.br\\\/blog\\\/sexta-do-humor-e-da-cultura-judaica-yankel-o-vadio\\\/\"},\"author\":{\"name\":\"Gerson Guelmann\",\"@id\":\"https:\\\/\\\/gersonguelmann.com.br\\\/blog\\\/#\\\/schema\\\/person\\\/87e70e2a786888082f941a482c90569e\"},\"headline\":\"Sexta do Humor e da Cultura Judaica &#8211; Yankel, o Vadio\",\"datePublished\":\"2025-05-10T00:39:52+00:00\",\"dateModified\":\"2025-05-13T21:22:52+00:00\",\"mainEntityOfPage\":{\"@id\":\"https:\\\/\\\/gersonguelmann.com.br\\\/blog\\\/sexta-do-humor-e-da-cultura-judaica-yankel-o-vadio\\\/\"},\"wordCount\":244,\"commentCount\":1,\"image\":{\"@id\":\"https:\\\/\\\/gersonguelmann.com.br\\\/blog\\\/sexta-do-humor-e-da-cultura-judaica-yankel-o-vadio\\\/#primaryimage\"},\"thumbnailUrl\":\"https:\\\/\\\/i0.wp.com\\\/gersonguelmann.com.br\\\/blog\\\/wp-content\\\/uploads\\\/2025\\\/05\\\/HojePR-9.jpg?fit=600%2C591&ssl=1\",\"inLanguage\":\"pt-BR\",\"potentialAction\":[{\"@type\":\"CommentAction\",\"name\":\"Comment\",\"target\":[\"https:\\\/\\\/gersonguelmann.com.br\\\/blog\\\/sexta-do-humor-e-da-cultura-judaica-yankel-o-vadio\\\/#respond\"]}]},{\"@type\":\"WebPage\",\"@id\":\"https:\\\/\\\/gersonguelmann.com.br\\\/blog\\\/sexta-do-humor-e-da-cultura-judaica-yankel-o-vadio\\\/\",\"url\":\"https:\\\/\\\/gersonguelmann.com.br\\\/blog\\\/sexta-do-humor-e-da-cultura-judaica-yankel-o-vadio\\\/\",\"name\":\"Sexta do Humor e da Cultura Judaica - Yankel, o Vadio | Blog do Guelmann\",\"isPartOf\":{\"@id\":\"https:\\\/\\\/gersonguelmann.com.br\\\/blog\\\/#website\"},\"primaryImageOfPage\":{\"@id\":\"https:\\\/\\\/gersonguelmann.com.br\\\/blog\\\/sexta-do-humor-e-da-cultura-judaica-yankel-o-vadio\\\/#primaryimage\"},\"image\":{\"@id\":\"https:\\\/\\\/gersonguelmann.com.br\\\/blog\\\/sexta-do-humor-e-da-cultura-judaica-yankel-o-vadio\\\/#primaryimage\"},\"thumbnailUrl\":\"https:\\\/\\\/i0.wp.com\\\/gersonguelmann.com.br\\\/blog\\\/wp-content\\\/uploads\\\/2025\\\/05\\\/HojePR-9.jpg?fit=600%2C591&ssl=1\",\"datePublished\":\"2025-05-10T00:39:52+00:00\",\"dateModified\":\"2025-05-13T21:22:52+00:00\",\"author\":{\"@id\":\"https:\\\/\\\/gersonguelmann.com.br\\\/blog\\\/#\\\/schema\\\/person\\\/87e70e2a786888082f941a482c90569e\"},\"inLanguage\":\"pt-BR\",\"potentialAction\":[{\"@type\":\"ReadAction\",\"target\":[\"https:\\\/\\\/gersonguelmann.com.br\\\/blog\\\/sexta-do-humor-e-da-cultura-judaica-yankel-o-vadio\\\/\"]}]},{\"@type\":\"ImageObject\",\"inLanguage\":\"pt-BR\",\"@id\":\"https:\\\/\\\/gersonguelmann.com.br\\\/blog\\\/sexta-do-humor-e-da-cultura-judaica-yankel-o-vadio\\\/#primaryimage\",\"url\":\"https:\\\/\\\/i0.wp.com\\\/gersonguelmann.com.br\\\/blog\\\/wp-content\\\/uploads\\\/2025\\\/05\\\/HojePR-9.jpg?fit=600%2C591&ssl=1\",\"contentUrl\":\"https:\\\/\\\/i0.wp.com\\\/gersonguelmann.com.br\\\/blog\\\/wp-content\\\/uploads\\\/2025\\\/05\\\/HojePR-9.jpg?fit=600%2C591&ssl=1\",\"width\":600,\"height\":591},{\"@type\":\"WebSite\",\"@id\":\"https:\\\/\\\/gersonguelmann.com.br\\\/blog\\\/#website\",\"url\":\"https:\\\/\\\/gersonguelmann.com.br\\\/blog\\\/\",\"name\":\"Blog do Guelmann\",\"description\":\"Pitadas da sabedoria e do humor judaicos, assuntos do momento e um pouco das hist\u00f3rias que vivi e testemunhei.\",\"potentialAction\":[{\"@type\":\"SearchAction\",\"target\":{\"@type\":\"EntryPoint\",\"urlTemplate\":\"https:\\\/\\\/gersonguelmann.com.br\\\/blog\\\/?s={search_term_string}\"},\"query-input\":{\"@type\":\"PropertyValueSpecification\",\"valueRequired\":true,\"valueName\":\"search_term_string\"}}],\"inLanguage\":\"pt-BR\"},{\"@type\":\"Person\",\"@id\":\"https:\\\/\\\/gersonguelmann.com.br\\\/blog\\\/#\\\/schema\\\/person\\\/87e70e2a786888082f941a482c90569e\",\"name\":\"Gerson Guelmann\",\"image\":{\"@type\":\"ImageObject\",\"inLanguage\":\"pt-BR\",\"@id\":\"https:\\\/\\\/i0.wp.com\\\/gersonguelmann.com.br\\\/blog\\\/wp-content\\\/uploads\\\/2021\\\/08\\\/BLOG.jpeg?fit=96%2C96&ssl=1\",\"url\":\"https:\\\/\\\/i0.wp.com\\\/gersonguelmann.com.br\\\/blog\\\/wp-content\\\/uploads\\\/2021\\\/08\\\/BLOG.jpeg?fit=96%2C96&ssl=1\",\"contentUrl\":\"https:\\\/\\\/i0.wp.com\\\/gersonguelmann.com.br\\\/blog\\\/wp-content\\\/uploads\\\/2021\\\/08\\\/BLOG.jpeg?fit=96%2C96&ssl=1\",\"caption\":\"Gerson Guelmann\"},\"description\":\"Pitadas da sabedoria e do humor judaicos, assuntos do momento e um pouco das hist\u00f3rias que vivi e testemunhei.\"}]}<\/script>\n<!-- \/ Yoast SEO plugin. -->","yoast_head_json":{"title":"Sexta do Humor e da Cultura Judaica - Yankel, o Vadio | Blog do Guelmann","robots":{"index":"index","follow":"follow","max-snippet":"max-snippet:-1","max-image-preview":"max-image-preview:large","max-video-preview":"max-video-preview:-1"},"canonical":"https:\/\/gersonguelmann.com.br\/blog\/sexta-do-humor-e-da-cultura-judaica-yankel-o-vadio\/","og_locale":"pt_BR","og_type":"article","og_title":"Sexta do Humor e da Cultura Judaica - Yankel, o Vadio | Blog do Guelmann","og_description":"Yankel, o Vadio Yankel era conhecido por sua ojeriza ao trabalho. Empregos ele teve muitos, mas para cada fun\u00e7\u00e3o havia uma raz\u00e3o para ficar pouco tempo: * Tentou a Medicina, mas disse que n\u00e3o seria &#8220;paciente&#8221;;\u00a0 * Foi trabalhar em uma f\u00e1brica de suco de laranja mas achava que n\u00e3o era suficientemente &#8220;concentrado&#8221;; * Pensou [&hellip;]","og_url":"https:\/\/gersonguelmann.com.br\/blog\/sexta-do-humor-e-da-cultura-judaica-yankel-o-vadio\/","og_site_name":"Blog do Guelmann","article_published_time":"2025-05-10T00:39:52+00:00","article_modified_time":"2025-05-13T21:22:52+00:00","og_image":[{"width":600,"height":591,"url":"https:\/\/gersonguelmann.com.br\/blog\/wp-content\/uploads\/2025\/05\/HojePR-9.jpg","type":"image\/jpeg"}],"author":"Gerson Guelmann","twitter_card":"summary_large_image","twitter_misc":{"Escrito por":"Gerson Guelmann","Est. tempo de leitura":"2 minutos"},"schema":{"@context":"https:\/\/schema.org","@graph":[{"@type":"Article","@id":"https:\/\/gersonguelmann.com.br\/blog\/sexta-do-humor-e-da-cultura-judaica-yankel-o-vadio\/#article","isPartOf":{"@id":"https:\/\/gersonguelmann.com.br\/blog\/sexta-do-humor-e-da-cultura-judaica-yankel-o-vadio\/"},"author":{"name":"Gerson Guelmann","@id":"https:\/\/gersonguelmann.com.br\/blog\/#\/schema\/person\/87e70e2a786888082f941a482c90569e"},"headline":"Sexta do Humor e da Cultura Judaica &#8211; Yankel, o Vadio","datePublished":"2025-05-10T00:39:52+00:00","dateModified":"2025-05-13T21:22:52+00:00","mainEntityOfPage":{"@id":"https:\/\/gersonguelmann.com.br\/blog\/sexta-do-humor-e-da-cultura-judaica-yankel-o-vadio\/"},"wordCount":244,"commentCount":1,"image":{"@id":"https:\/\/gersonguelmann.com.br\/blog\/sexta-do-humor-e-da-cultura-judaica-yankel-o-vadio\/#primaryimage"},"thumbnailUrl":"https:\/\/i0.wp.com\/gersonguelmann.com.br\/blog\/wp-content\/uploads\/2025\/05\/HojePR-9.jpg?fit=600%2C591&ssl=1","inLanguage":"pt-BR","potentialAction":[{"@type":"CommentAction","name":"Comment","target":["https:\/\/gersonguelmann.com.br\/blog\/sexta-do-humor-e-da-cultura-judaica-yankel-o-vadio\/#respond"]}]},{"@type":"WebPage","@id":"https:\/\/gersonguelmann.com.br\/blog\/sexta-do-humor-e-da-cultura-judaica-yankel-o-vadio\/","url":"https:\/\/gersonguelmann.com.br\/blog\/sexta-do-humor-e-da-cultura-judaica-yankel-o-vadio\/","name":"Sexta do Humor e da Cultura Judaica - Yankel, o Vadio | Blog do Guelmann","isPartOf":{"@id":"https:\/\/gersonguelmann.com.br\/blog\/#website"},"primaryImageOfPage":{"@id":"https:\/\/gersonguelmann.com.br\/blog\/sexta-do-humor-e-da-cultura-judaica-yankel-o-vadio\/#primaryimage"},"image":{"@id":"https:\/\/gersonguelmann.com.br\/blog\/sexta-do-humor-e-da-cultura-judaica-yankel-o-vadio\/#primaryimage"},"thumbnailUrl":"https:\/\/i0.wp.com\/gersonguelmann.com.br\/blog\/wp-content\/uploads\/2025\/05\/HojePR-9.jpg?fit=600%2C591&ssl=1","datePublished":"2025-05-10T00:39:52+00:00","dateModified":"2025-05-13T21:22:52+00:00","author":{"@id":"https:\/\/gersonguelmann.com.br\/blog\/#\/schema\/person\/87e70e2a786888082f941a482c90569e"},"inLanguage":"pt-BR","potentialAction":[{"@type":"ReadAction","target":["https:\/\/gersonguelmann.com.br\/blog\/sexta-do-humor-e-da-cultura-judaica-yankel-o-vadio\/"]}]},{"@type":"ImageObject","inLanguage":"pt-BR","@id":"https:\/\/gersonguelmann.com.br\/blog\/sexta-do-humor-e-da-cultura-judaica-yankel-o-vadio\/#primaryimage","url":"https:\/\/i0.wp.com\/gersonguelmann.com.br\/blog\/wp-content\/uploads\/2025\/05\/HojePR-9.jpg?fit=600%2C591&ssl=1","contentUrl":"https:\/\/i0.wp.com\/gersonguelmann.com.br\/blog\/wp-content\/uploads\/2025\/05\/HojePR-9.jpg?fit=600%2C591&ssl=1","width":600,"height":591},{"@type":"WebSite","@id":"https:\/\/gersonguelmann.com.br\/blog\/#website","url":"https:\/\/gersonguelmann.com.br\/blog\/","name":"Blog do Guelmann","description":"Pitadas da sabedoria e do humor judaicos, assuntos do momento e um pouco das hist\u00f3rias que vivi e testemunhei.","potentialAction":[{"@type":"SearchAction","target":{"@type":"EntryPoint","urlTemplate":"https:\/\/gersonguelmann.com.br\/blog\/?s={search_term_string}"},"query-input":{"@type":"PropertyValueSpecification","valueRequired":true,"valueName":"search_term_string"}}],"inLanguage":"pt-BR"},{"@type":"Person","@id":"https:\/\/gersonguelmann.com.br\/blog\/#\/schema\/person\/87e70e2a786888082f941a482c90569e","name":"Gerson Guelmann","image":{"@type":"ImageObject","inLanguage":"pt-BR","@id":"https:\/\/i0.wp.com\/gersonguelmann.com.br\/blog\/wp-content\/uploads\/2021\/08\/BLOG.jpeg?fit=96%2C96&ssl=1","url":"https:\/\/i0.wp.com\/gersonguelmann.com.br\/blog\/wp-content\/uploads\/2021\/08\/BLOG.jpeg?fit=96%2C96&ssl=1","contentUrl":"https:\/\/i0.wp.com\/gersonguelmann.com.br\/blog\/wp-content\/uploads\/2021\/08\/BLOG.jpeg?fit=96%2C96&ssl=1","caption":"Gerson Guelmann"},"description":"Pitadas da sabedoria e do humor judaicos, assuntos do momento e um pouco das hist\u00f3rias que vivi e testemunhei."}]}},"views":77,"jetpack_publicize_connections":[],"jetpack_featured_media_url":"https:\/\/i0.wp.com\/gersonguelmann.com.br\/blog\/wp-content\/uploads\/2025\/05\/HojePR-9.jpg?fit=600%2C591&ssl=1","jetpack_shortlink":"https:\/\/wp.me\/p96e7O-1wy","jetpack-related-posts":[{"id":26139,"url":"https:\/\/gersonguelmann.com.br\/blog\/tres-na-quarta-de-humor-judaico-45\/","url_meta":{"origin":5862,"position":0},"title":"Tr\u00eas na Quarta de Humor Judaico","author":"Gerson Guelmann","date":"16 de julho de 2025","format":false,"excerpt":"Um Atendimento de Arregalar os Olhos Chaim Yankel foi contratado para trabalhar em uma loja de roupas masculinas e ele, que n\u00e3o parava em nenhum emprego, estava esperan\u00e7oso de que, dessa vez, seria um trabalho que conseguiria manter. J\u00e1 no seu primeiro dia, viu uma senhora elegante, com cerca de\u2026","rel":"","context":"Em &quot;Sem categoria&quot;","block_context":{"text":"Sem categoria","link":"https:\/\/gersonguelmann.com.br\/blog\/category\/sem-categoria\/"},"img":{"alt_text":"","src":"https:\/\/i0.wp.com\/gersonguelmann.com.br\/blog\/wp-content\/uploads\/2025\/07\/REDUZIR-12.jpg?fit=640%2C400&ssl=1&resize=350%2C200","width":350,"height":200,"srcset":"https:\/\/i0.wp.com\/gersonguelmann.com.br\/blog\/wp-content\/uploads\/2025\/07\/REDUZIR-12.jpg?fit=640%2C400&ssl=1&resize=350%2C200 1x, https:\/\/i0.wp.com\/gersonguelmann.com.br\/blog\/wp-content\/uploads\/2025\/07\/REDUZIR-12.jpg?fit=640%2C400&ssl=1&resize=525%2C300 1.5x"},"classes":[]},{"id":26561,"url":"https:\/\/gersonguelmann.com.br\/blog\/tres-na-quarta-de-humor-judaico-72\/","url_meta":{"origin":5862,"position":1},"title":"Tr\u00eas na Quarta de Humor Judaico","author":"Gerson Guelmann","date":"21 de janeiro de 2026","format":false,"excerpt":"APRESENTA\u00c7\u00c3O MAL SUCEDIDA Abra\u00e3o, um judeu ortodoxo praticante, conheceu e se casou com uma mulher nativa americana e a levou para casa para conhecer sua m\u00e3e, Shoshana, tamb\u00e9m judia ortodoxa. Ao se apresentar a noiva disse que seu nome era \"Magaskawee\" mas a sogra poderia cham\u00e1-la de \"Mo\u00e7a Graciosa\", que\u2026","rel":"","context":"Em &quot;Sem categoria&quot;","block_context":{"text":"Sem categoria","link":"https:\/\/gersonguelmann.com.br\/blog\/category\/sem-categoria\/"},"img":{"alt_text":"","src":"https:\/\/i0.wp.com\/gersonguelmann.com.br\/blog\/wp-content\/uploads\/2026\/01\/HojePR-6.png?fit=1200%2C800&ssl=1&resize=350%2C200","width":350,"height":200,"srcset":"https:\/\/i0.wp.com\/gersonguelmann.com.br\/blog\/wp-content\/uploads\/2026\/01\/HojePR-6.png?fit=1200%2C800&ssl=1&resize=350%2C200 1x, https:\/\/i0.wp.com\/gersonguelmann.com.br\/blog\/wp-content\/uploads\/2026\/01\/HojePR-6.png?fit=1200%2C800&ssl=1&resize=525%2C300 1.5x, https:\/\/i0.wp.com\/gersonguelmann.com.br\/blog\/wp-content\/uploads\/2026\/01\/HojePR-6.png?fit=1200%2C800&ssl=1&resize=700%2C400 2x, https:\/\/i0.wp.com\/gersonguelmann.com.br\/blog\/wp-content\/uploads\/2026\/01\/HojePR-6.png?fit=1200%2C800&ssl=1&resize=1050%2C600 3x"},"classes":[]},{"id":25172,"url":"https:\/\/gersonguelmann.com.br\/blog\/tres-na-quarta-de-humor-judaico-31\/","url_meta":{"origin":5862,"position":2},"title":"Tr\u00eas na Quarta de Humor Judaico","author":"Gerson Guelmann","date":"26 de mar\u00e7o de 2025","format":false,"excerpt":"Uma D\u00favida Razo\u00e1vel Jack Feinstein era um famoso Advogado Criminalista, conhecido por criar estrat\u00e9gias criativas para influenciar os Jurados, mas naquele dia teria uma batalha dif\u00edcil, j\u00e1 que havia sido contratado para defender um homem acusado de assassinato, em um caso bastante rumoroso. Durante todo o processo tinham sido apresentadas\u2026","rel":"","context":"Em &quot;Sem categoria&quot;","block_context":{"text":"Sem categoria","link":"https:\/\/gersonguelmann.com.br\/blog\/category\/sem-categoria\/"},"img":{"alt_text":"","src":"https:\/\/i0.wp.com\/gersonguelmann.com.br\/blog\/wp-content\/uploads\/2025\/03\/HojePR-24.jpg?fit=600%2C400&ssl=1&resize=350%2C200","width":350,"height":200,"srcset":"https:\/\/i0.wp.com\/gersonguelmann.com.br\/blog\/wp-content\/uploads\/2025\/03\/HojePR-24.jpg?fit=600%2C400&ssl=1&resize=350%2C200 1x, https:\/\/i0.wp.com\/gersonguelmann.com.br\/blog\/wp-content\/uploads\/2025\/03\/HojePR-24.jpg?fit=600%2C400&ssl=1&resize=525%2C300 1.5x"},"classes":[]},{"id":7830,"url":"https:\/\/gersonguelmann.com.br\/blog\/jaco-o-homem-mais-famoso-do-mundo\/","url_meta":{"origin":5862,"position":3},"title":"Jac\u00f3, o Homem Mais Famoso do Mundo","author":"Gerson Guelmann","date":"17 de maio de 2023","format":false,"excerpt":"Jac\u00f3 conseguiu um novo emprego, estava indo bem no trabalho, e j\u00e1 na segunda semana, batendo papo com o patr\u00e3o, saiu-se com esta: - \"Chefe, eu conhe\u00e7o todas as pessoas no mundo\". Obviamente o chefe achou aquilo muito estranho e imaginou que o novo funcion\u00e1rio n\u00e3o era muito bom da\u2026","rel":"","context":"Em &quot;Sem categoria&quot;","block_context":{"text":"Sem categoria","link":"https:\/\/gersonguelmann.com.br\/blog\/category\/sem-categoria\/"},"img":{"alt_text":"","src":"https:\/\/i0.wp.com\/gersonguelmann.com.br\/blog\/wp-content\/uploads\/2018\/01\/Papa-1.jpg?resize=350%2C200&ssl=1","width":350,"height":200},"classes":[]},{"id":22461,"url":"https:\/\/gersonguelmann.com.br\/blog\/a-psiquiatria-no-humor-judaico\/","url_meta":{"origin":5862,"position":4},"title":"A Psiquiatria no Humor Judaico","author":"Gerson Guelmann","date":"3 de outubro de 2021","format":false,"excerpt":"O Maluco em Jerusal\u00e9m Em Jerusal\u00e9m um maluco foi internado num hosp\u00edcio e logo no primeiro dia conheceu outro interno, bem mais velho, como indicava sua longa barba branca. O mais velho perguntou ao mais novo: - \u201cQuem \u00e9 voc\u00ea?\u201d - \u201cEu sou o Messias\" - respondeu o mais novo.\u2026","rel":"","context":"Em &quot;Sem categoria&quot;","block_context":{"text":"Sem categoria","link":"https:\/\/gersonguelmann.com.br\/blog\/category\/sem-categoria\/"},"img":{"alt_text":"","src":"https:\/\/i0.wp.com\/gersonguelmann.com.br\/blog\/wp-content\/uploads\/2021\/10\/MEDICO-1-scaled.jpg?fit=801%2C1200&ssl=1&resize=350%2C200","width":350,"height":200,"srcset":"https:\/\/i0.wp.com\/gersonguelmann.com.br\/blog\/wp-content\/uploads\/2021\/10\/MEDICO-1-scaled.jpg?fit=801%2C1200&ssl=1&resize=350%2C200 1x, https:\/\/i0.wp.com\/gersonguelmann.com.br\/blog\/wp-content\/uploads\/2021\/10\/MEDICO-1-scaled.jpg?fit=801%2C1200&ssl=1&resize=525%2C300 1.5x, https:\/\/i0.wp.com\/gersonguelmann.com.br\/blog\/wp-content\/uploads\/2021\/10\/MEDICO-1-scaled.jpg?fit=801%2C1200&ssl=1&resize=700%2C400 2x"},"classes":[]},{"id":23916,"url":"https:\/\/gersonguelmann.com.br\/blog\/tres-na-quarta-de-humor-judaico-21\/","url_meta":{"origin":5862,"position":5},"title":"Tr\u00eas na Quarta de Humor Judaico","author":"Gerson Guelmann","date":"22 de janeiro de 2025","format":false,"excerpt":"A Longa Subida Berel, Schmerel e Chaim Yankel foram viajar juntos. Chegando na cidade de destino, decidiram gastar um pouco mais e alugaram uma enorme e luxuosa su\u00edte no topo de um hotel de 75 andares. Retornando depois de um longo dia de passeios e quase mortos de cansa\u00e7o, ficaram\u2026","rel":"","context":"Em &quot;Sem categoria&quot;","block_context":{"text":"Sem categoria","link":"https:\/\/gersonguelmann.com.br\/blog\/category\/sem-categoria\/"},"img":{"alt_text":"","src":"https:\/\/i0.wp.com\/gersonguelmann.com.br\/blog\/wp-content\/uploads\/2025\/01\/HojePR-13.jpg?fit=500%2C625&ssl=1&resize=350%2C200","width":350,"height":200},"classes":[]}],"jetpack_sharing_enabled":true,"post_mailing_queue_ids":[],"_links":{"self":[{"href":"https:\/\/gersonguelmann.com.br\/blog\/wp-json\/wp\/v2\/posts\/5862","targetHints":{"allow":["GET"]}}],"collection":[{"href":"https:\/\/gersonguelmann.com.br\/blog\/wp-json\/wp\/v2\/posts"}],"about":[{"href":"https:\/\/gersonguelmann.com.br\/blog\/wp-json\/wp\/v2\/types\/post"}],"author":[{"embeddable":true,"href":"https:\/\/gersonguelmann.com.br\/blog\/wp-json\/wp\/v2\/users\/5"}],"replies":[{"embeddable":true,"href":"https:\/\/gersonguelmann.com.br\/blog\/wp-json\/wp\/v2\/comments?post=5862"}],"version-history":[{"count":0,"href":"https:\/\/gersonguelmann.com.br\/blog\/wp-json\/wp\/v2\/posts\/5862\/revisions"}],"wp:featuredmedia":[{"embeddable":true,"href":"https:\/\/gersonguelmann.com.br\/blog\/wp-json\/wp\/v2\/media\/25280"}],"wp:attachment":[{"href":"https:\/\/gersonguelmann.com.br\/blog\/wp-json\/wp\/v2\/media?parent=5862"}],"wp:term":[{"taxonomy":"category","embeddable":true,"href":"https:\/\/gersonguelmann.com.br\/blog\/wp-json\/wp\/v2\/categories?post=5862"},{"taxonomy":"post_tag","embeddable":true,"href":"https:\/\/gersonguelmann.com.br\/blog\/wp-json\/wp\/v2\/tags?post=5862"}],"curies":[{"name":"wp","href":"https:\/\/api.w.org\/{rel}","templated":true}]}}