    {"id":6001,"date":"2025-05-05T18:12:49","date_gmt":"2025-05-05T21:12:49","guid":{"rendered":"https:\/\/gersonguelmann.com.br\/blog\/?p=6001"},"modified":"2025-05-05T22:07:55","modified_gmt":"2025-05-06T01:07:55","slug":"quem-dobrou-seu-paraquedas-hoje","status":"publish","type":"post","link":"https:\/\/gersonguelmann.com.br\/blog\/quem-dobrou-seu-paraquedas-hoje\/","title":{"rendered":"A Import\u00e2ncia dos Invis\u00edveis"},"content":{"rendered":"<p>&nbsp;<\/p>\n<p><span style=\"font-family: Arial, sans-serif;\"><span style=\"color: #000000;\"><span style=\"font-size: x-large;\">O subt\u00edtulo da minha coluna de hoje poderia ser: <\/span><\/span><em><span style=\"color: #000000;\"><span style=\"font-size: x-large;\">\u201c\u00c9 bom saber quem dobra teu paraquedas\u201d<\/span><\/span><\/em><span style=\"color: #000000;\"><span style=\"font-size: x-large;\"> \u2014 e voc\u00ea vai entender por qu\u00ea.<\/span><\/span><\/span><\/p>\n<p><span style=\"color: #000000;\"><span style=\"font-family: Arial, sans-serif;\"><span style=\"font-size: x-large;\">Como a gente sabe, a vida sempre nos mostra como dependemos de outras pessoas para nossa sobreviv\u00eancia \u2014 literal ou emocionalmente. O que acontece \u00e9 que, mesmo sem perceber, frequentemente nos defrontamos com her\u00f3is desconhecidos que salvam vidas sem que saibam disso. E muitas vezes seguimos em frente sem sequer distingui-los.<\/span><\/span><\/span><\/p>\n<p><span style=\"color: #000000;\"><span style=\"font-family: Arial, sans-serif;\"><span style=\"font-size: x-large;\">Ent\u00e3o, \u00e9 preciso exercitar a gratid\u00e3o \u2014 tanto a que se manifesta em gestos e palavras, como a que come\u00e7a dentro de n\u00f3s, com a consci\u00eancia.<\/span><\/span><\/span><\/p>\n<p><span style=\"color: #000000;\"><span style=\"font-family: Arial, sans-serif;\"><span style=\"font-size: x-large;\">Lembrei disso ao ler uma hist\u00f3ria real, relatada pelo capit\u00e3o Charles Plumb, piloto da Marinha norte-americana que combateu no Vietn\u00e3. Formado na Academia Naval de Annapolis, tornou-se piloto de ca\u00e7a e voou o F-4 Phantom em 74 miss\u00f5es de combate bem-sucedidas sobre o Vietn\u00e3. Na 75\u00aa, faltando cinco dias para o retorno para casa, foi abatido. Ap\u00f3s saltar de paraquedas, foi capturado, torturado e aprisionado em uma cela de 2,5 por 2,5 metros, onde passou 2.103 dias (quase seis anos) como prisioneiro de guerra em campos comunistas no Vietn\u00e3 do Norte.<\/span><\/span><\/span><\/p>\n<p><span style=\"color: #000000;\"><span style=\"font-family: Arial, sans-serif;\"><span style=\"font-size: x-large;\">Durante esse per\u00edodo, Plumb se destacou entre seus companheiros como especialista em comunica\u00e7\u00e3o clandestina e atuou por dois anos como capel\u00e3o no campo onde estava preso. Ap\u00f3s retornar aos Estados Unidos, tornou-se um dos palestrantes motivacionais mais requisitados, com mais de 5.000 apresenta\u00e7\u00f5es que revelam uma personalidade sincera, direta e bem-humorada.<\/span><\/span><\/span><\/p>\n<p><span style=\"color: #000000;\"><span style=\"font-family: Arial, sans-serif;\"><span style=\"font-size: x-large;\">Ele conta que, anos depois de retornar, jantava com a esposa num restaurante quando um homem o abordou:<br \/>\n\u2014 Ol\u00e1, voc\u00ea \u00e9 Charles Plumb, era piloto da Marinha e foi abatido no Vietn\u00e3, n\u00e3o \u00e9 mesmo?<br \/>\n\u2014 Sim. Como sabe? \u2014 perguntou Plumb.<br \/>\n\u2014 Nossa, eu servia naquele porta-avi\u00f5es, sempre o admirei. Era eu quem dobrava o seu paraquedas. Parece que funcionou bem, n\u00e3o \u00e9 verdade? \u2014 o senhor respondeu.<\/span><\/span><\/span><\/p>\n<p><span style=\"color: #000000;\"><span style=\"font-family: Arial, sans-serif;\"><span style=\"font-size: x-large;\">Plumb diz que quase ficou sem palavras com a surpresa. Com gratid\u00e3o e emo\u00e7\u00e3o, respondeu:<br \/>\n\u2014 Claro que funcionou\u2026 Caso contr\u00e1rio, eu n\u00e3o estaria aqui hoje!<\/span><\/span><\/span><\/p>\n<p><span style=\"color: #000000;\"><span style=\"font-family: Arial, sans-serif;\"><span style=\"font-size: x-large;\">Ele conta que, naquela noite, n\u00e3o conseguia dormir, pensando em quantas vezes viu aquele homem no porta-avi\u00f5es e nunca lhe deu nem um \u201cbom dia\u201d\u2026<br \/>\n\u2014 Eu era um piloto arrogante, e ele, um simples marinheiro \u2014 pensou, refletindo sobre as horas em que aquele homem trabalhou silenciosa e anonimamente, enrolando os fios de seda de tantos paraquedas, tendo nas m\u00e3os a vida de algu\u00e9m que sequer conhecia.<\/span><\/span><\/span><\/p>\n<p><span style=\"font-family: Arial, sans-serif;\"><span style=\"color: #000000;\"><span style=\"font-size: x-large;\">Desde ent\u00e3o, Plumb passou a abrir suas palestras com a mesma pergunta:<br \/>\n\u2014 <\/span><\/span><strong><span style=\"color: #000000;\"><span style=\"font-size: x-large;\">Quem dobrou o seu paraquedas hoje?<\/span><\/span><\/strong><\/span><\/p>\n<p><span style=\"color: #000000;\"><span style=\"font-family: Arial, sans-serif;\"><span style=\"font-size: x-large;\">Essa hist\u00f3ria faz a gente lembrar que, inevitavelmente, em algum momento precisaremos de algu\u00e9m que dobre nosso paraquedas \u2014 algu\u00e9m que nos sustente, nos apoie, mesmo sem aplauso, sem selfie, sem palco. E, \u00e9 claro, nos faz concluir que muitas vezes seremos essa pessoa para algu\u00e9m.<\/span><\/span><\/span><\/p>\n<p><em><span style=\"color: #000000;\"><span style=\"font-family: Arial, sans-serif;\"><span style=\"font-size: x-large;\"><span lang=\"pt-BR\">Ent\u00e3o\u2026 que a gente n\u00e3o se esque\u00e7a dos \u201cinvis\u00edveis\u201d da vida. Eles merecem mais que gratid\u00e3o silenciosa. Merecem reconhecimento, mesmo que seja um simples\u2026<br \/>\n<\/span><\/span><\/span><\/span><\/em><strong><span style=\"color: #000000;\"><span style=\"font-family: Arial, sans-serif;\"><span style=\"font-size: x-large;\"><span lang=\"pt-BR\">\u201cobrigado\u201d.<\/span><\/span><\/span><\/span><\/strong><\/p>\n<p style=\"text-align: center;\"><img data-recalc-dims=\"1\" fetchpriority=\"high\" decoding=\"async\" data-attachment-id=\"25267\" data-permalink=\"https:\/\/gersonguelmann.com.br\/blog\/quem-dobrou-seu-paraquedas-hoje\/hojepr-382\/\" data-orig-file=\"https:\/\/i0.wp.com\/gersonguelmann.com.br\/blog\/wp-content\/uploads\/2025\/05\/HojePR-3.jpg?fit=476%2C476&amp;ssl=1\" data-orig-size=\"476,476\" data-comments-opened=\"1\" data-image-meta=\"{&quot;aperture&quot;:&quot;0&quot;,&quot;credit&quot;:&quot;&quot;,&quot;camera&quot;:&quot;&quot;,&quot;caption&quot;:&quot;&quot;,&quot;created_timestamp&quot;:&quot;0&quot;,&quot;copyright&quot;:&quot;&quot;,&quot;focal_length&quot;:&quot;0&quot;,&quot;iso&quot;:&quot;0&quot;,&quot;shutter_speed&quot;:&quot;0&quot;,&quot;title&quot;:&quot;&quot;,&quot;orientation&quot;:&quot;1&quot;}\" data-image-title=\"HojePR\" data-image-description=\"\" data-image-caption=\"\" data-medium-file=\"https:\/\/i0.wp.com\/gersonguelmann.com.br\/blog\/wp-content\/uploads\/2025\/05\/HojePR-3.jpg?fit=300%2C300&amp;ssl=1\" data-large-file=\"https:\/\/i0.wp.com\/gersonguelmann.com.br\/blog\/wp-content\/uploads\/2025\/05\/HojePR-3.jpg?fit=476%2C476&amp;ssl=1\" class=\"alignnone size-full wp-image-25267\" src=\"https:\/\/i0.wp.com\/gersonguelmann.com.br\/blog\/wp-content\/uploads\/2025\/05\/HojePR-3.jpg?resize=476%2C476&#038;ssl=1\" alt=\"\" width=\"476\" height=\"476\" srcset=\"https:\/\/i0.wp.com\/gersonguelmann.com.br\/blog\/wp-content\/uploads\/2025\/05\/HojePR-3.jpg?w=476&amp;ssl=1 476w, https:\/\/i0.wp.com\/gersonguelmann.com.br\/blog\/wp-content\/uploads\/2025\/05\/HojePR-3.jpg?resize=300%2C300&amp;ssl=1 300w, https:\/\/i0.wp.com\/gersonguelmann.com.br\/blog\/wp-content\/uploads\/2025\/05\/HojePR-3.jpg?resize=150%2C150&amp;ssl=1 150w, https:\/\/i0.wp.com\/gersonguelmann.com.br\/blog\/wp-content\/uploads\/2025\/05\/HojePR-3.jpg?resize=70%2C70&amp;ssl=1 70w, https:\/\/i0.wp.com\/gersonguelmann.com.br\/blog\/wp-content\/uploads\/2025\/05\/HojePR-3.jpg?resize=127%2C127&amp;ssl=1 127w, https:\/\/i0.wp.com\/gersonguelmann.com.br\/blog\/wp-content\/uploads\/2025\/05\/HojePR-3.jpg?resize=125%2C125&amp;ssl=1 125w\" sizes=\"(max-width: 476px) 100vw, 476px\" \/><\/p>\n","protected":false},"excerpt":{"rendered":"<p>&nbsp; O subt\u00edtulo da minha coluna de hoje poderia ser: \u201c\u00c9 bom saber quem dobra teu paraquedas\u201d \u2014 e voc\u00ea vai entender por qu\u00ea. Como a gente sabe, a vida sempre nos mostra como dependemos de outras pessoas para nossa sobreviv\u00eancia \u2014 literal ou emocionalmente. O que acontece \u00e9 que, mesmo sem perceber, frequentemente nos [&hellip;]<\/p>\n","protected":false},"author":5,"featured_media":6002,"comment_status":"open","ping_status":"open","sticky":false,"template":"","format":"standard","meta":{"_acf_changed":false,"jetpack_post_was_ever_published":false,"_jetpack_newsletter_access":"","_jetpack_dont_email_post_to_subs":false,"_jetpack_newsletter_tier_id":0,"_jetpack_memberships_contains_paywalled_content":false,"_jetpack_memberships_contains_paid_content":false,"footnotes":"","jetpack_publicize_message":"","jetpack_publicize_feature_enabled":true,"jetpack_social_post_already_shared":true,"jetpack_social_options":{"image_generator_settings":{"template":"highway","default_image_id":0,"font":"","enabled":false},"version":2}},"categories":[1],"tags":[],"class_list":["post-6001","post","type-post","status-publish","format-standard","has-post-thumbnail","hentry","category-sem-categoria"],"acf":[],"yoast_head":"<!-- This site is optimized with the Yoast SEO plugin v27.3 - https:\/\/yoast.com\/product\/yoast-seo-wordpress\/ -->\n<title>A Import\u00e2ncia dos Invis\u00edveis | Blog do Guelmann<\/title>\n<meta name=\"robots\" content=\"index, follow, max-snippet:-1, max-image-preview:large, max-video-preview:-1\" \/>\n<link rel=\"canonical\" href=\"https:\/\/gersonguelmann.com.br\/blog\/quem-dobrou-seu-paraquedas-hoje\/\" \/>\n<meta property=\"og:locale\" content=\"pt_BR\" \/>\n<meta property=\"og:type\" content=\"article\" \/>\n<meta property=\"og:title\" content=\"A Import\u00e2ncia dos Invis\u00edveis | Blog do Guelmann\" \/>\n<meta property=\"og:description\" content=\"&nbsp; O subt\u00edtulo da minha coluna de hoje poderia ser: \u201c\u00c9 bom saber quem dobra teu paraquedas\u201d \u2014 e voc\u00ea vai entender por qu\u00ea. Como a gente sabe, a vida sempre nos mostra como dependemos de outras pessoas para nossa sobreviv\u00eancia \u2014 literal ou emocionalmente. O que acontece \u00e9 que, mesmo sem perceber, frequentemente nos [&hellip;]\" \/>\n<meta property=\"og:url\" content=\"https:\/\/gersonguelmann.com.br\/blog\/quem-dobrou-seu-paraquedas-hoje\/\" \/>\n<meta property=\"og:site_name\" content=\"Blog do Guelmann\" \/>\n<meta property=\"article:published_time\" content=\"2025-05-05T21:12:49+00:00\" \/>\n<meta property=\"article:modified_time\" content=\"2025-05-06T01:07:55+00:00\" \/>\n<meta property=\"og:image\" content=\"https:\/\/gersonguelmann.com.br\/blog\/wp-content\/uploads\/2017\/12\/Paraquedas.jpeg\" \/>\n\t<meta property=\"og:image:width\" content=\"940\" \/>\n\t<meta property=\"og:image:height\" content=\"627\" \/>\n\t<meta property=\"og:image:type\" content=\"image\/jpeg\" \/>\n<meta name=\"author\" content=\"Gerson Guelmann\" \/>\n<meta name=\"twitter:card\" content=\"summary_large_image\" \/>\n<meta name=\"twitter:label1\" content=\"Escrito por\" \/>\n\t<meta name=\"twitter:data1\" content=\"Gerson Guelmann\" \/>\n\t<meta name=\"twitter:label2\" content=\"Est. tempo de leitura\" \/>\n\t<meta name=\"twitter:data2\" content=\"4 minutos\" \/>\n<script type=\"application\/ld+json\" class=\"yoast-schema-graph\">{\"@context\":\"https:\\\/\\\/schema.org\",\"@graph\":[{\"@type\":\"Article\",\"@id\":\"https:\\\/\\\/gersonguelmann.com.br\\\/blog\\\/quem-dobrou-seu-paraquedas-hoje\\\/#article\",\"isPartOf\":{\"@id\":\"https:\\\/\\\/gersonguelmann.com.br\\\/blog\\\/quem-dobrou-seu-paraquedas-hoje\\\/\"},\"author\":{\"name\":\"Gerson Guelmann\",\"@id\":\"https:\\\/\\\/gersonguelmann.com.br\\\/blog\\\/#\\\/schema\\\/person\\\/87e70e2a786888082f941a482c90569e\"},\"headline\":\"A Import\u00e2ncia dos Invis\u00edveis\",\"datePublished\":\"2025-05-05T21:12:49+00:00\",\"dateModified\":\"2025-05-06T01:07:55+00:00\",\"mainEntityOfPage\":{\"@id\":\"https:\\\/\\\/gersonguelmann.com.br\\\/blog\\\/quem-dobrou-seu-paraquedas-hoje\\\/\"},\"wordCount\":516,\"commentCount\":0,\"image\":{\"@id\":\"https:\\\/\\\/gersonguelmann.com.br\\\/blog\\\/quem-dobrou-seu-paraquedas-hoje\\\/#primaryimage\"},\"thumbnailUrl\":\"https:\\\/\\\/i0.wp.com\\\/gersonguelmann.com.br\\\/blog\\\/wp-content\\\/uploads\\\/2017\\\/12\\\/Paraquedas.jpeg?fit=940%2C627&ssl=1\",\"inLanguage\":\"pt-BR\",\"potentialAction\":[{\"@type\":\"CommentAction\",\"name\":\"Comment\",\"target\":[\"https:\\\/\\\/gersonguelmann.com.br\\\/blog\\\/quem-dobrou-seu-paraquedas-hoje\\\/#respond\"]}]},{\"@type\":\"WebPage\",\"@id\":\"https:\\\/\\\/gersonguelmann.com.br\\\/blog\\\/quem-dobrou-seu-paraquedas-hoje\\\/\",\"url\":\"https:\\\/\\\/gersonguelmann.com.br\\\/blog\\\/quem-dobrou-seu-paraquedas-hoje\\\/\",\"name\":\"A Import\u00e2ncia dos Invis\u00edveis | Blog do Guelmann\",\"isPartOf\":{\"@id\":\"https:\\\/\\\/gersonguelmann.com.br\\\/blog\\\/#website\"},\"primaryImageOfPage\":{\"@id\":\"https:\\\/\\\/gersonguelmann.com.br\\\/blog\\\/quem-dobrou-seu-paraquedas-hoje\\\/#primaryimage\"},\"image\":{\"@id\":\"https:\\\/\\\/gersonguelmann.com.br\\\/blog\\\/quem-dobrou-seu-paraquedas-hoje\\\/#primaryimage\"},\"thumbnailUrl\":\"https:\\\/\\\/i0.wp.com\\\/gersonguelmann.com.br\\\/blog\\\/wp-content\\\/uploads\\\/2017\\\/12\\\/Paraquedas.jpeg?fit=940%2C627&ssl=1\",\"datePublished\":\"2025-05-05T21:12:49+00:00\",\"dateModified\":\"2025-05-06T01:07:55+00:00\",\"author\":{\"@id\":\"https:\\\/\\\/gersonguelmann.com.br\\\/blog\\\/#\\\/schema\\\/person\\\/87e70e2a786888082f941a482c90569e\"},\"inLanguage\":\"pt-BR\",\"potentialAction\":[{\"@type\":\"ReadAction\",\"target\":[\"https:\\\/\\\/gersonguelmann.com.br\\\/blog\\\/quem-dobrou-seu-paraquedas-hoje\\\/\"]}]},{\"@type\":\"ImageObject\",\"inLanguage\":\"pt-BR\",\"@id\":\"https:\\\/\\\/gersonguelmann.com.br\\\/blog\\\/quem-dobrou-seu-paraquedas-hoje\\\/#primaryimage\",\"url\":\"https:\\\/\\\/i0.wp.com\\\/gersonguelmann.com.br\\\/blog\\\/wp-content\\\/uploads\\\/2017\\\/12\\\/Paraquedas.jpeg?fit=940%2C627&ssl=1\",\"contentUrl\":\"https:\\\/\\\/i0.wp.com\\\/gersonguelmann.com.br\\\/blog\\\/wp-content\\\/uploads\\\/2017\\\/12\\\/Paraquedas.jpeg?fit=940%2C627&ssl=1\",\"width\":940,\"height\":627},{\"@type\":\"WebSite\",\"@id\":\"https:\\\/\\\/gersonguelmann.com.br\\\/blog\\\/#website\",\"url\":\"https:\\\/\\\/gersonguelmann.com.br\\\/blog\\\/\",\"name\":\"Blog do Guelmann\",\"description\":\"Pitadas da sabedoria e do humor judaicos, assuntos do momento e um pouco das hist\u00f3rias que vivi e testemunhei.\",\"potentialAction\":[{\"@type\":\"SearchAction\",\"target\":{\"@type\":\"EntryPoint\",\"urlTemplate\":\"https:\\\/\\\/gersonguelmann.com.br\\\/blog\\\/?s={search_term_string}\"},\"query-input\":{\"@type\":\"PropertyValueSpecification\",\"valueRequired\":true,\"valueName\":\"search_term_string\"}}],\"inLanguage\":\"pt-BR\"},{\"@type\":\"Person\",\"@id\":\"https:\\\/\\\/gersonguelmann.com.br\\\/blog\\\/#\\\/schema\\\/person\\\/87e70e2a786888082f941a482c90569e\",\"name\":\"Gerson Guelmann\",\"image\":{\"@type\":\"ImageObject\",\"inLanguage\":\"pt-BR\",\"@id\":\"https:\\\/\\\/i0.wp.com\\\/gersonguelmann.com.br\\\/blog\\\/wp-content\\\/uploads\\\/2021\\\/08\\\/BLOG.jpeg?fit=96%2C96&ssl=1\",\"url\":\"https:\\\/\\\/i0.wp.com\\\/gersonguelmann.com.br\\\/blog\\\/wp-content\\\/uploads\\\/2021\\\/08\\\/BLOG.jpeg?fit=96%2C96&ssl=1\",\"contentUrl\":\"https:\\\/\\\/i0.wp.com\\\/gersonguelmann.com.br\\\/blog\\\/wp-content\\\/uploads\\\/2021\\\/08\\\/BLOG.jpeg?fit=96%2C96&ssl=1\",\"caption\":\"Gerson Guelmann\"},\"description\":\"Pitadas da sabedoria e do humor judaicos, assuntos do momento e um pouco das hist\u00f3rias que vivi e testemunhei.\"}]}<\/script>\n<!-- \/ Yoast SEO plugin. -->","yoast_head_json":{"title":"A Import\u00e2ncia dos Invis\u00edveis | Blog do Guelmann","robots":{"index":"index","follow":"follow","max-snippet":"max-snippet:-1","max-image-preview":"max-image-preview:large","max-video-preview":"max-video-preview:-1"},"canonical":"https:\/\/gersonguelmann.com.br\/blog\/quem-dobrou-seu-paraquedas-hoje\/","og_locale":"pt_BR","og_type":"article","og_title":"A Import\u00e2ncia dos Invis\u00edveis | Blog do Guelmann","og_description":"&nbsp; O subt\u00edtulo da minha coluna de hoje poderia ser: \u201c\u00c9 bom saber quem dobra teu paraquedas\u201d \u2014 e voc\u00ea vai entender por qu\u00ea. Como a gente sabe, a vida sempre nos mostra como dependemos de outras pessoas para nossa sobreviv\u00eancia \u2014 literal ou emocionalmente. O que acontece \u00e9 que, mesmo sem perceber, frequentemente nos [&hellip;]","og_url":"https:\/\/gersonguelmann.com.br\/blog\/quem-dobrou-seu-paraquedas-hoje\/","og_site_name":"Blog do Guelmann","article_published_time":"2025-05-05T21:12:49+00:00","article_modified_time":"2025-05-06T01:07:55+00:00","og_image":[{"width":940,"height":627,"url":"https:\/\/gersonguelmann.com.br\/blog\/wp-content\/uploads\/2017\/12\/Paraquedas.jpeg","type":"image\/jpeg"}],"author":"Gerson Guelmann","twitter_card":"summary_large_image","twitter_misc":{"Escrito por":"Gerson Guelmann","Est. tempo de leitura":"4 minutos"},"schema":{"@context":"https:\/\/schema.org","@graph":[{"@type":"Article","@id":"https:\/\/gersonguelmann.com.br\/blog\/quem-dobrou-seu-paraquedas-hoje\/#article","isPartOf":{"@id":"https:\/\/gersonguelmann.com.br\/blog\/quem-dobrou-seu-paraquedas-hoje\/"},"author":{"name":"Gerson Guelmann","@id":"https:\/\/gersonguelmann.com.br\/blog\/#\/schema\/person\/87e70e2a786888082f941a482c90569e"},"headline":"A Import\u00e2ncia dos Invis\u00edveis","datePublished":"2025-05-05T21:12:49+00:00","dateModified":"2025-05-06T01:07:55+00:00","mainEntityOfPage":{"@id":"https:\/\/gersonguelmann.com.br\/blog\/quem-dobrou-seu-paraquedas-hoje\/"},"wordCount":516,"commentCount":0,"image":{"@id":"https:\/\/gersonguelmann.com.br\/blog\/quem-dobrou-seu-paraquedas-hoje\/#primaryimage"},"thumbnailUrl":"https:\/\/i0.wp.com\/gersonguelmann.com.br\/blog\/wp-content\/uploads\/2017\/12\/Paraquedas.jpeg?fit=940%2C627&ssl=1","inLanguage":"pt-BR","potentialAction":[{"@type":"CommentAction","name":"Comment","target":["https:\/\/gersonguelmann.com.br\/blog\/quem-dobrou-seu-paraquedas-hoje\/#respond"]}]},{"@type":"WebPage","@id":"https:\/\/gersonguelmann.com.br\/blog\/quem-dobrou-seu-paraquedas-hoje\/","url":"https:\/\/gersonguelmann.com.br\/blog\/quem-dobrou-seu-paraquedas-hoje\/","name":"A Import\u00e2ncia dos Invis\u00edveis | Blog do Guelmann","isPartOf":{"@id":"https:\/\/gersonguelmann.com.br\/blog\/#website"},"primaryImageOfPage":{"@id":"https:\/\/gersonguelmann.com.br\/blog\/quem-dobrou-seu-paraquedas-hoje\/#primaryimage"},"image":{"@id":"https:\/\/gersonguelmann.com.br\/blog\/quem-dobrou-seu-paraquedas-hoje\/#primaryimage"},"thumbnailUrl":"https:\/\/i0.wp.com\/gersonguelmann.com.br\/blog\/wp-content\/uploads\/2017\/12\/Paraquedas.jpeg?fit=940%2C627&ssl=1","datePublished":"2025-05-05T21:12:49+00:00","dateModified":"2025-05-06T01:07:55+00:00","author":{"@id":"https:\/\/gersonguelmann.com.br\/blog\/#\/schema\/person\/87e70e2a786888082f941a482c90569e"},"inLanguage":"pt-BR","potentialAction":[{"@type":"ReadAction","target":["https:\/\/gersonguelmann.com.br\/blog\/quem-dobrou-seu-paraquedas-hoje\/"]}]},{"@type":"ImageObject","inLanguage":"pt-BR","@id":"https:\/\/gersonguelmann.com.br\/blog\/quem-dobrou-seu-paraquedas-hoje\/#primaryimage","url":"https:\/\/i0.wp.com\/gersonguelmann.com.br\/blog\/wp-content\/uploads\/2017\/12\/Paraquedas.jpeg?fit=940%2C627&ssl=1","contentUrl":"https:\/\/i0.wp.com\/gersonguelmann.com.br\/blog\/wp-content\/uploads\/2017\/12\/Paraquedas.jpeg?fit=940%2C627&ssl=1","width":940,"height":627},{"@type":"WebSite","@id":"https:\/\/gersonguelmann.com.br\/blog\/#website","url":"https:\/\/gersonguelmann.com.br\/blog\/","name":"Blog do Guelmann","description":"Pitadas da sabedoria e do humor judaicos, assuntos do momento e um pouco das hist\u00f3rias que vivi e testemunhei.","potentialAction":[{"@type":"SearchAction","target":{"@type":"EntryPoint","urlTemplate":"https:\/\/gersonguelmann.com.br\/blog\/?s={search_term_string}"},"query-input":{"@type":"PropertyValueSpecification","valueRequired":true,"valueName":"search_term_string"}}],"inLanguage":"pt-BR"},{"@type":"Person","@id":"https:\/\/gersonguelmann.com.br\/blog\/#\/schema\/person\/87e70e2a786888082f941a482c90569e","name":"Gerson Guelmann","image":{"@type":"ImageObject","inLanguage":"pt-BR","@id":"https:\/\/i0.wp.com\/gersonguelmann.com.br\/blog\/wp-content\/uploads\/2021\/08\/BLOG.jpeg?fit=96%2C96&ssl=1","url":"https:\/\/i0.wp.com\/gersonguelmann.com.br\/blog\/wp-content\/uploads\/2021\/08\/BLOG.jpeg?fit=96%2C96&ssl=1","contentUrl":"https:\/\/i0.wp.com\/gersonguelmann.com.br\/blog\/wp-content\/uploads\/2021\/08\/BLOG.jpeg?fit=96%2C96&ssl=1","caption":"Gerson Guelmann"},"description":"Pitadas da sabedoria e do humor judaicos, assuntos do momento e um pouco das hist\u00f3rias que vivi e testemunhei."}]}},"views":240,"jetpack_publicize_connections":[],"jetpack_featured_media_url":"https:\/\/i0.wp.com\/gersonguelmann.com.br\/blog\/wp-content\/uploads\/2017\/12\/Paraquedas.jpeg?fit=940%2C627&ssl=1","jetpack_shortlink":"https:\/\/wp.me\/p96e7O-1yN","jetpack-related-posts":[{"id":8228,"url":"https:\/\/gersonguelmann.com.br\/blog\/ainda-ha-juizes-em-berlim-e-em-brasilia\/","url_meta":{"origin":6001,"position":0},"title":"Ainda H\u00e1 Ju\u00edzes em Berlim. E em Brasilia?","author":"Gerson Guelmann","date":"2 de outubro de 2023","format":false,"excerpt":"(Aten\u00e7\u00e3o: qualquer semelhan\u00e7a com fatos atuais n\u00e3o \u00e9 mera coincid\u00eancia). A express\u00e3o \"Ainda H\u00e1 Ju\u00edzes em Berlim\" vem do conto \"O Moleiro de Sans-Souci\", escrito por Fran\u00e7ois Andriex (1759-1833) que conta a hist\u00f3ria de um homem que vivia despreocupado da venda da farinha que produzia no moinho (\"sans-souci\" \u00e9 uma\u2026","rel":"","context":"Em &quot;Sem categoria&quot;","block_context":{"text":"Sem categoria","link":"https:\/\/gersonguelmann.com.br\/blog\/category\/sem-categoria\/"},"img":{"alt_text":"","src":"https:\/\/i0.wp.com\/gersonguelmann.com.br\/blog\/wp-content\/uploads\/2018\/02\/HojePR.jpg?fit=1200%2C925&ssl=1&resize=350%2C200","width":350,"height":200,"srcset":"https:\/\/i0.wp.com\/gersonguelmann.com.br\/blog\/wp-content\/uploads\/2018\/02\/HojePR.jpg?fit=1200%2C925&ssl=1&resize=350%2C200 1x, https:\/\/i0.wp.com\/gersonguelmann.com.br\/blog\/wp-content\/uploads\/2018\/02\/HojePR.jpg?fit=1200%2C925&ssl=1&resize=525%2C300 1.5x, https:\/\/i0.wp.com\/gersonguelmann.com.br\/blog\/wp-content\/uploads\/2018\/02\/HojePR.jpg?fit=1200%2C925&ssl=1&resize=700%2C400 2x, https:\/\/i0.wp.com\/gersonguelmann.com.br\/blog\/wp-content\/uploads\/2018\/02\/HojePR.jpg?fit=1200%2C925&ssl=1&resize=1050%2C600 3x"},"classes":[]},{"id":26415,"url":"https:\/\/gersonguelmann.com.br\/blog\/tres-na-quarta-de-humor-judaico-60\/","url_meta":{"origin":6001,"position":1},"title":"Tr\u00eas na Quarta de Humor Judaico","author":"Gerson Guelmann","date":"29 de outubro de 2025","format":false,"excerpt":"Aconselhamento Matrimonial O Rabino deu a um homem um conselho de casamento: que sua esposa ficasse encarregada das pequenas decis\u00f5es, e ele, das grandes.Depois de trinta anos, Saul, o marido, voltou ao Rabino reclamando:- Em trinta anos, n\u00e3o houve nenhuma grande decis\u00e3o! Ela simplesmente ignorou o seu conselho e n\u00e3o\u2026","rel":"","context":"Em &quot;Sem categoria&quot;","block_context":{"text":"Sem categoria","link":"https:\/\/gersonguelmann.com.br\/blog\/category\/sem-categoria\/"},"img":{"alt_text":"","src":"https:\/\/i0.wp.com\/gersonguelmann.com.br\/blog\/wp-content\/uploads\/2025\/10\/HojePR-15.jpg?fit=600%2C450&ssl=1&resize=350%2C200","width":350,"height":200,"srcset":"https:\/\/i0.wp.com\/gersonguelmann.com.br\/blog\/wp-content\/uploads\/2025\/10\/HojePR-15.jpg?fit=600%2C450&ssl=1&resize=350%2C200 1x, https:\/\/i0.wp.com\/gersonguelmann.com.br\/blog\/wp-content\/uploads\/2025\/10\/HojePR-15.jpg?fit=600%2C450&ssl=1&resize=525%2C300 1.5x"},"classes":[]},{"id":23090,"url":"https:\/\/gersonguelmann.com.br\/blog\/o-diretor-do-banco-e-o-engraxate\/","url_meta":{"origin":6001,"position":2},"title":"O Diretor do Banco e o Engraxate","author":"Gerson Guelmann","date":"26 de abril de 2023","format":false,"excerpt":"Todas as manh\u00e3s o CEO de um grande banco em Manhattan ia at\u00e9 a esquina onde um Engraxate atendia a clientela. O ritual era sempre o mesmo: ele sentava na cadeira, lia o Wall Street Journal e o homem fazia o seu trabalho, deixando os sapatos com uma apar\u00eancia brilhante.\u2026","rel":"","context":"Em &quot;Sem categoria&quot;","block_context":{"text":"Sem categoria","link":"https:\/\/gersonguelmann.com.br\/blog\/category\/sem-categoria\/"},"img":{"alt_text":"","src":"https:\/\/i0.wp.com\/gersonguelmann.com.br\/blog\/wp-content\/uploads\/2023\/04\/HojePR-5-scaled.jpg?fit=1200%2C950&ssl=1&resize=350%2C200","width":350,"height":200,"srcset":"https:\/\/i0.wp.com\/gersonguelmann.com.br\/blog\/wp-content\/uploads\/2023\/04\/HojePR-5-scaled.jpg?fit=1200%2C950&ssl=1&resize=350%2C200 1x, https:\/\/i0.wp.com\/gersonguelmann.com.br\/blog\/wp-content\/uploads\/2023\/04\/HojePR-5-scaled.jpg?fit=1200%2C950&ssl=1&resize=525%2C300 1.5x, https:\/\/i0.wp.com\/gersonguelmann.com.br\/blog\/wp-content\/uploads\/2023\/04\/HojePR-5-scaled.jpg?fit=1200%2C950&ssl=1&resize=700%2C400 2x, https:\/\/i0.wp.com\/gersonguelmann.com.br\/blog\/wp-content\/uploads\/2023\/04\/HojePR-5-scaled.jpg?fit=1200%2C950&ssl=1&resize=1050%2C600 3x"},"classes":[]},{"id":19183,"url":"https:\/\/gersonguelmann.com.br\/blog\/quem-nasce-em-governador-edison-lobao-o-que-e\/","url_meta":{"origin":6001,"position":3},"title":"Quem Nasce Em Governador Edison Lob\u00e3o, O Que \u00c9?","author":"Gerson Guelmann","date":"16 de novembro de 2019","format":false,"excerpt":"N\u00e3o nos queixemos da vida. Se temos nossas dificuldades e insatisfa\u00e7\u00f5es, devemos pensar nos menos favorecidos, como \u00e9 o caso, p.e.x, dos brasileiros que tiveram a infelicidade de nascer ou decidir morar no munic\u00edpio de Governador Edison Lob\u00e3o, no estado do Maranh\u00e3o. O tal munic\u00edpio foi criado em 1994 e\u2026","rel":"","context":"Em &quot;Sem categoria&quot;","block_context":{"text":"Sem categoria","link":"https:\/\/gersonguelmann.com.br\/blog\/category\/sem-categoria\/"},"img":{"alt_text":"","src":"https:\/\/i0.wp.com\/gersonguelmann.com.br\/blog\/wp-content\/uploads\/2019\/11\/Interroga%C3%A7%C3%A3o.jpg?fit=500%2C303&ssl=1&resize=350%2C200","width":350,"height":200},"classes":[]},{"id":14312,"url":"https:\/\/gersonguelmann.com.br\/blog\/quem-sao-os-malas-nos-teus-grupos-de-whatsapp\/","url_meta":{"origin":6001,"position":4},"title":"Quem S\u00e3o os Malas nos Teus Grupos de WhatsApp?","author":"Gerson Guelmann","date":"24 de abril de 2023","format":false,"excerpt":"O WhatsApp come\u00e7ou a ser usado em 2009 pelos usu\u00e1rios de iPhone e em 2010 nos smartphones Android, tornando-se o aplicativo de mensagens mais popular do mundo. Os \u00faltimos dados fornecidos pelo Facebook, propriet\u00e1rio do WhatsApp, s\u00e3o de julho de 2021, quando ele tinha mais de 2 bilh\u00f5es de usu\u00e1rios\u2026","rel":"","context":"Em &quot;Sem categoria&quot;","block_context":{"text":"Sem categoria","link":"https:\/\/gersonguelmann.com.br\/blog\/category\/sem-categoria\/"},"img":{"alt_text":"","src":"https:\/\/i0.wp.com\/gersonguelmann.com.br\/blog\/wp-content\/uploads\/2023\/04\/HojePR-4.jpg?fit=1170%2C780&ssl=1&resize=350%2C200","width":350,"height":200,"srcset":"https:\/\/i0.wp.com\/gersonguelmann.com.br\/blog\/wp-content\/uploads\/2023\/04\/HojePR-4.jpg?fit=1170%2C780&ssl=1&resize=350%2C200 1x, https:\/\/i0.wp.com\/gersonguelmann.com.br\/blog\/wp-content\/uploads\/2023\/04\/HojePR-4.jpg?fit=1170%2C780&ssl=1&resize=525%2C300 1.5x, https:\/\/i0.wp.com\/gersonguelmann.com.br\/blog\/wp-content\/uploads\/2023\/04\/HojePR-4.jpg?fit=1170%2C780&ssl=1&resize=700%2C400 2x, https:\/\/i0.wp.com\/gersonguelmann.com.br\/blog\/wp-content\/uploads\/2023\/04\/HojePR-4.jpg?fit=1170%2C780&ssl=1&resize=1050%2C600 3x"},"classes":[]},{"id":11742,"url":"https:\/\/gersonguelmann.com.br\/blog\/o-brasil-como-e-e-como-os-estrangeiros-acham-que-os-brasileiros-acham-que-e\/","url_meta":{"origin":6001,"position":5},"title":"O Brasil Como \u00c9 E Como Os Estrangeiros Acham Que os Brasileiros Acham Que \u00c9","author":"Gerson Guelmann","date":"17 de abril de 2018","format":false,"excerpt":"Imagem que circula fora do Brasil, naturalmente em tom de brincadeira, mostrando como o Brasil \u00e9 e como n\u00f3s brasileiros achamos que \u00e9.","rel":"","context":"Em &quot;Sem categoria&quot;","block_context":{"text":"Sem categoria","link":"https:\/\/gersonguelmann.com.br\/blog\/category\/sem-categoria\/"},"img":{"alt_text":"","src":"https:\/\/i0.wp.com\/gersonguelmann.com.br\/blog\/wp-content\/uploads\/2018\/04\/Brasil.jpg?fit=1200%2C661&ssl=1&resize=350%2C200","width":350,"height":200,"srcset":"https:\/\/i0.wp.com\/gersonguelmann.com.br\/blog\/wp-content\/uploads\/2018\/04\/Brasil.jpg?fit=1200%2C661&ssl=1&resize=350%2C200 1x, https:\/\/i0.wp.com\/gersonguelmann.com.br\/blog\/wp-content\/uploads\/2018\/04\/Brasil.jpg?fit=1200%2C661&ssl=1&resize=525%2C300 1.5x, https:\/\/i0.wp.com\/gersonguelmann.com.br\/blog\/wp-content\/uploads\/2018\/04\/Brasil.jpg?fit=1200%2C661&ssl=1&resize=700%2C400 2x, https:\/\/i0.wp.com\/gersonguelmann.com.br\/blog\/wp-content\/uploads\/2018\/04\/Brasil.jpg?fit=1200%2C661&ssl=1&resize=1050%2C600 3x"},"classes":[]}],"jetpack_sharing_enabled":true,"post_mailing_queue_ids":[],"_links":{"self":[{"href":"https:\/\/gersonguelmann.com.br\/blog\/wp-json\/wp\/v2\/posts\/6001","targetHints":{"allow":["GET"]}}],"collection":[{"href":"https:\/\/gersonguelmann.com.br\/blog\/wp-json\/wp\/v2\/posts"}],"about":[{"href":"https:\/\/gersonguelmann.com.br\/blog\/wp-json\/wp\/v2\/types\/post"}],"author":[{"embeddable":true,"href":"https:\/\/gersonguelmann.com.br\/blog\/wp-json\/wp\/v2\/users\/5"}],"replies":[{"embeddable":true,"href":"https:\/\/gersonguelmann.com.br\/blog\/wp-json\/wp\/v2\/comments?post=6001"}],"version-history":[{"count":0,"href":"https:\/\/gersonguelmann.com.br\/blog\/wp-json\/wp\/v2\/posts\/6001\/revisions"}],"wp:featuredmedia":[{"embeddable":true,"href":"https:\/\/gersonguelmann.com.br\/blog\/wp-json\/wp\/v2\/media\/6002"}],"wp:attachment":[{"href":"https:\/\/gersonguelmann.com.br\/blog\/wp-json\/wp\/v2\/media?parent=6001"}],"wp:term":[{"taxonomy":"category","embeddable":true,"href":"https:\/\/gersonguelmann.com.br\/blog\/wp-json\/wp\/v2\/categories?post=6001"},{"taxonomy":"post_tag","embeddable":true,"href":"https:\/\/gersonguelmann.com.br\/blog\/wp-json\/wp\/v2\/tags?post=6001"}],"curies":[{"name":"wp","href":"https:\/\/api.w.org\/{rel}","templated":true}]}}