    {"id":6102,"date":"2017-12-23T20:19:45","date_gmt":"2017-12-23T22:19:45","guid":{"rendered":"https:\/\/gersonguelmann.com.br\/blog\/desejo-para-2018\/"},"modified":"2017-12-23T20:22:11","modified_gmt":"2017-12-23T22:22:11","slug":"desejo-para-2018","status":"publish","type":"post","link":"https:\/\/gersonguelmann.com.br\/blog\/desejo-para-2018\/","title":{"rendered":"Desejo Para 2018"},"content":{"rendered":"<p>Por um ano novo em que todos os entrevistados sejam impedidos, ainda que \u00e0 custa de chineladas, de usar a express\u00e3o &#8220;gratificante&#8221;.&nbsp;<\/p>\n<p><a href=\"https:\/\/i0.wp.com\/gersonguelmann.com.br\/blog\/wp-content\/uploads\/2017\/12\/images1931142931.jpeg?ssl=1\"><img data-recalc-dims=\"1\" fetchpriority=\"high\" decoding=\"async\" data-attachment-id=\"6101\" data-permalink=\"https:\/\/gersonguelmann.com.br\/blog\/images1931142931\/\" data-orig-file=\"https:\/\/i0.wp.com\/gersonguelmann.com.br\/blog\/wp-content\/uploads\/2017\/12\/images1931142931.jpeg?fit=384%2C384&amp;ssl=1\" data-orig-size=\"384,384\" data-comments-opened=\"1\" data-image-meta=\"{&quot;aperture&quot;:&quot;0&quot;,&quot;credit&quot;:&quot;&quot;,&quot;camera&quot;:&quot;&quot;,&quot;caption&quot;:&quot;&quot;,&quot;created_timestamp&quot;:&quot;0&quot;,&quot;copyright&quot;:&quot;&quot;,&quot;focal_length&quot;:&quot;0&quot;,&quot;iso&quot;:&quot;0&quot;,&quot;shutter_speed&quot;:&quot;0&quot;,&quot;title&quot;:&quot;&quot;,&quot;orientation&quot;:&quot;0&quot;}\" data-image-title=\"images1931142931.jpeg\" data-image-description=\"\" data-image-caption=\"\" data-medium-file=\"https:\/\/i0.wp.com\/gersonguelmann.com.br\/blog\/wp-content\/uploads\/2017\/12\/images1931142931.jpeg?fit=300%2C300&amp;ssl=1\" data-large-file=\"https:\/\/i0.wp.com\/gersonguelmann.com.br\/blog\/wp-content\/uploads\/2017\/12\/images1931142931.jpeg?fit=384%2C384&amp;ssl=1\" src=\"https:\/\/i0.wp.com\/gersonguelmann.com.br\/blog\/wp-content\/uploads\/2017\/12\/images1931142931.jpeg?resize=384%2C384&#038;ssl=1\" alt=\"\" class=\"wp-image-6101 alignnone size-full\" width=\"384\" height=\"384\" srcset=\"https:\/\/i0.wp.com\/gersonguelmann.com.br\/blog\/wp-content\/uploads\/2017\/12\/images1931142931.jpeg?w=384&amp;ssl=1 384w, https:\/\/i0.wp.com\/gersonguelmann.com.br\/blog\/wp-content\/uploads\/2017\/12\/images1931142931.jpeg?resize=150%2C150&amp;ssl=1 150w, https:\/\/i0.wp.com\/gersonguelmann.com.br\/blog\/wp-content\/uploads\/2017\/12\/images1931142931.jpeg?resize=300%2C300&amp;ssl=1 300w, https:\/\/i0.wp.com\/gersonguelmann.com.br\/blog\/wp-content\/uploads\/2017\/12\/images1931142931.jpeg?resize=70%2C70&amp;ssl=1 70w, https:\/\/i0.wp.com\/gersonguelmann.com.br\/blog\/wp-content\/uploads\/2017\/12\/images1931142931.jpeg?resize=127%2C127&amp;ssl=1 127w, https:\/\/i0.wp.com\/gersonguelmann.com.br\/blog\/wp-content\/uploads\/2017\/12\/images1931142931.jpeg?resize=125%2C125&amp;ssl=1 125w\" sizes=\"(max-width: 384px) 100vw, 384px\" \/><\/a><\/p>\n","protected":false},"excerpt":{"rendered":"<p>Por um ano novo em que todos os entrevistados sejam impedidos, ainda que \u00e0 custa de chineladas, de usar a express\u00e3o &#8220;gratificante&#8221;.&nbsp;<\/p>\n","protected":false},"author":5,"featured_media":6103,"comment_status":"open","ping_status":"open","sticky":false,"template":"","format":"standard","meta":{"_acf_changed":false,"jetpack_post_was_ever_published":false,"_jetpack_newsletter_access":"","_jetpack_dont_email_post_to_subs":false,"_jetpack_newsletter_tier_id":0,"_jetpack_memberships_contains_paywalled_content":false,"_jetpack_memberships_contains_paid_content":false,"footnotes":"","jetpack_publicize_message":"","jetpack_publicize_feature_enabled":true,"jetpack_social_post_already_shared":true,"jetpack_social_options":{"image_generator_settings":{"template":"highway","default_image_id":0,"font":"","enabled":false},"version":2}},"categories":[1],"tags":[],"class_list":["post-6102","post","type-post","status-publish","format-standard","has-post-thumbnail","hentry","category-sem-categoria"],"acf":[],"yoast_head":"<!-- This site is optimized with the Yoast SEO plugin v27.3 - https:\/\/yoast.com\/product\/yoast-seo-wordpress\/ -->\n<title>Desejo Para 2018 | Blog do Guelmann<\/title>\n<meta name=\"robots\" content=\"index, follow, max-snippet:-1, max-image-preview:large, max-video-preview:-1\" \/>\n<link rel=\"canonical\" href=\"https:\/\/gersonguelmann.com.br\/blog\/desejo-para-2018\/\" \/>\n<meta property=\"og:locale\" content=\"pt_BR\" \/>\n<meta property=\"og:type\" content=\"article\" \/>\n<meta property=\"og:title\" content=\"Desejo Para 2018 | Blog do Guelmann\" \/>\n<meta property=\"og:description\" content=\"Por um ano novo em que todos os entrevistados sejam impedidos, ainda que \u00e0 custa de chineladas, de usar a express\u00e3o &#8220;gratificante&#8221;.&nbsp;\" \/>\n<meta property=\"og:url\" content=\"https:\/\/gersonguelmann.com.br\/blog\/desejo-para-2018\/\" \/>\n<meta property=\"og:site_name\" content=\"Blog do Guelmann\" \/>\n<meta property=\"article:published_time\" content=\"2017-12-23T22:19:45+00:00\" \/>\n<meta property=\"article:modified_time\" content=\"2017-12-23T22:22:11+00:00\" \/>\n<meta property=\"og:image\" content=\"https:\/\/i0.wp.com\/gersonguelmann.com.br\/blog\/wp-content\/uploads\/2017\/12\/images.jpeg?fit=384%2C384&ssl=1\" \/>\n\t<meta property=\"og:image:width\" content=\"384\" \/>\n\t<meta property=\"og:image:height\" content=\"384\" \/>\n\t<meta property=\"og:image:type\" content=\"image\/jpeg\" \/>\n<meta name=\"author\" content=\"Gerson Guelmann\" \/>\n<meta name=\"twitter:card\" content=\"summary_large_image\" \/>\n<meta name=\"twitter:label1\" content=\"Escrito por\" \/>\n\t<meta name=\"twitter:data1\" content=\"Gerson Guelmann\" \/>\n<script type=\"application\/ld+json\" class=\"yoast-schema-graph\">{\"@context\":\"https:\\\/\\\/schema.org\",\"@graph\":[{\"@type\":\"Article\",\"@id\":\"https:\\\/\\\/gersonguelmann.com.br\\\/blog\\\/desejo-para-2018\\\/#article\",\"isPartOf\":{\"@id\":\"https:\\\/\\\/gersonguelmann.com.br\\\/blog\\\/desejo-para-2018\\\/\"},\"author\":{\"name\":\"Gerson Guelmann\",\"@id\":\"https:\\\/\\\/gersonguelmann.com.br\\\/blog\\\/#\\\/schema\\\/person\\\/87e70e2a786888082f941a482c90569e\"},\"headline\":\"Desejo Para 2018\",\"datePublished\":\"2017-12-23T22:19:45+00:00\",\"dateModified\":\"2017-12-23T22:22:11+00:00\",\"mainEntityOfPage\":{\"@id\":\"https:\\\/\\\/gersonguelmann.com.br\\\/blog\\\/desejo-para-2018\\\/\"},\"wordCount\":25,\"commentCount\":0,\"image\":{\"@id\":\"https:\\\/\\\/gersonguelmann.com.br\\\/blog\\\/desejo-para-2018\\\/#primaryimage\"},\"thumbnailUrl\":\"https:\\\/\\\/i0.wp.com\\\/gersonguelmann.com.br\\\/blog\\\/wp-content\\\/uploads\\\/2017\\\/12\\\/images.jpeg?fit=384%2C384&ssl=1\",\"inLanguage\":\"pt-BR\",\"potentialAction\":[{\"@type\":\"CommentAction\",\"name\":\"Comment\",\"target\":[\"https:\\\/\\\/gersonguelmann.com.br\\\/blog\\\/desejo-para-2018\\\/#respond\"]}]},{\"@type\":\"WebPage\",\"@id\":\"https:\\\/\\\/gersonguelmann.com.br\\\/blog\\\/desejo-para-2018\\\/\",\"url\":\"https:\\\/\\\/gersonguelmann.com.br\\\/blog\\\/desejo-para-2018\\\/\",\"name\":\"Desejo Para 2018 | Blog do Guelmann\",\"isPartOf\":{\"@id\":\"https:\\\/\\\/gersonguelmann.com.br\\\/blog\\\/#website\"},\"primaryImageOfPage\":{\"@id\":\"https:\\\/\\\/gersonguelmann.com.br\\\/blog\\\/desejo-para-2018\\\/#primaryimage\"},\"image\":{\"@id\":\"https:\\\/\\\/gersonguelmann.com.br\\\/blog\\\/desejo-para-2018\\\/#primaryimage\"},\"thumbnailUrl\":\"https:\\\/\\\/i0.wp.com\\\/gersonguelmann.com.br\\\/blog\\\/wp-content\\\/uploads\\\/2017\\\/12\\\/images.jpeg?fit=384%2C384&ssl=1\",\"datePublished\":\"2017-12-23T22:19:45+00:00\",\"dateModified\":\"2017-12-23T22:22:11+00:00\",\"author\":{\"@id\":\"https:\\\/\\\/gersonguelmann.com.br\\\/blog\\\/#\\\/schema\\\/person\\\/87e70e2a786888082f941a482c90569e\"},\"inLanguage\":\"pt-BR\",\"potentialAction\":[{\"@type\":\"ReadAction\",\"target\":[\"https:\\\/\\\/gersonguelmann.com.br\\\/blog\\\/desejo-para-2018\\\/\"]}]},{\"@type\":\"ImageObject\",\"inLanguage\":\"pt-BR\",\"@id\":\"https:\\\/\\\/gersonguelmann.com.br\\\/blog\\\/desejo-para-2018\\\/#primaryimage\",\"url\":\"https:\\\/\\\/i0.wp.com\\\/gersonguelmann.com.br\\\/blog\\\/wp-content\\\/uploads\\\/2017\\\/12\\\/images.jpeg?fit=384%2C384&ssl=1\",\"contentUrl\":\"https:\\\/\\\/i0.wp.com\\\/gersonguelmann.com.br\\\/blog\\\/wp-content\\\/uploads\\\/2017\\\/12\\\/images.jpeg?fit=384%2C384&ssl=1\",\"width\":384,\"height\":384},{\"@type\":\"WebSite\",\"@id\":\"https:\\\/\\\/gersonguelmann.com.br\\\/blog\\\/#website\",\"url\":\"https:\\\/\\\/gersonguelmann.com.br\\\/blog\\\/\",\"name\":\"Blog do Guelmann\",\"description\":\"Pitadas da sabedoria e do humor judaicos, assuntos do momento e um pouco das hist\u00f3rias que vivi e testemunhei.\",\"potentialAction\":[{\"@type\":\"SearchAction\",\"target\":{\"@type\":\"EntryPoint\",\"urlTemplate\":\"https:\\\/\\\/gersonguelmann.com.br\\\/blog\\\/?s={search_term_string}\"},\"query-input\":{\"@type\":\"PropertyValueSpecification\",\"valueRequired\":true,\"valueName\":\"search_term_string\"}}],\"inLanguage\":\"pt-BR\"},{\"@type\":\"Person\",\"@id\":\"https:\\\/\\\/gersonguelmann.com.br\\\/blog\\\/#\\\/schema\\\/person\\\/87e70e2a786888082f941a482c90569e\",\"name\":\"Gerson Guelmann\",\"image\":{\"@type\":\"ImageObject\",\"inLanguage\":\"pt-BR\",\"@id\":\"https:\\\/\\\/i0.wp.com\\\/gersonguelmann.com.br\\\/blog\\\/wp-content\\\/uploads\\\/2021\\\/08\\\/BLOG.jpeg?fit=96%2C96&ssl=1\",\"url\":\"https:\\\/\\\/i0.wp.com\\\/gersonguelmann.com.br\\\/blog\\\/wp-content\\\/uploads\\\/2021\\\/08\\\/BLOG.jpeg?fit=96%2C96&ssl=1\",\"contentUrl\":\"https:\\\/\\\/i0.wp.com\\\/gersonguelmann.com.br\\\/blog\\\/wp-content\\\/uploads\\\/2021\\\/08\\\/BLOG.jpeg?fit=96%2C96&ssl=1\",\"caption\":\"Gerson Guelmann\"},\"description\":\"Pitadas da sabedoria e do humor judaicos, assuntos do momento e um pouco das hist\u00f3rias que vivi e testemunhei.\"}]}<\/script>\n<!-- \/ Yoast SEO plugin. -->","yoast_head_json":{"title":"Desejo Para 2018 | Blog do Guelmann","robots":{"index":"index","follow":"follow","max-snippet":"max-snippet:-1","max-image-preview":"max-image-preview:large","max-video-preview":"max-video-preview:-1"},"canonical":"https:\/\/gersonguelmann.com.br\/blog\/desejo-para-2018\/","og_locale":"pt_BR","og_type":"article","og_title":"Desejo Para 2018 | Blog do Guelmann","og_description":"Por um ano novo em que todos os entrevistados sejam impedidos, ainda que \u00e0 custa de chineladas, de usar a express\u00e3o &#8220;gratificante&#8221;.&nbsp;","og_url":"https:\/\/gersonguelmann.com.br\/blog\/desejo-para-2018\/","og_site_name":"Blog do Guelmann","article_published_time":"2017-12-23T22:19:45+00:00","article_modified_time":"2017-12-23T22:22:11+00:00","og_image":[{"width":384,"height":384,"url":"https:\/\/i0.wp.com\/gersonguelmann.com.br\/blog\/wp-content\/uploads\/2017\/12\/images.jpeg?fit=384%2C384&ssl=1","type":"image\/jpeg"}],"author":"Gerson Guelmann","twitter_card":"summary_large_image","twitter_misc":{"Escrito por":"Gerson Guelmann"},"schema":{"@context":"https:\/\/schema.org","@graph":[{"@type":"Article","@id":"https:\/\/gersonguelmann.com.br\/blog\/desejo-para-2018\/#article","isPartOf":{"@id":"https:\/\/gersonguelmann.com.br\/blog\/desejo-para-2018\/"},"author":{"name":"Gerson Guelmann","@id":"https:\/\/gersonguelmann.com.br\/blog\/#\/schema\/person\/87e70e2a786888082f941a482c90569e"},"headline":"Desejo Para 2018","datePublished":"2017-12-23T22:19:45+00:00","dateModified":"2017-12-23T22:22:11+00:00","mainEntityOfPage":{"@id":"https:\/\/gersonguelmann.com.br\/blog\/desejo-para-2018\/"},"wordCount":25,"commentCount":0,"image":{"@id":"https:\/\/gersonguelmann.com.br\/blog\/desejo-para-2018\/#primaryimage"},"thumbnailUrl":"https:\/\/i0.wp.com\/gersonguelmann.com.br\/blog\/wp-content\/uploads\/2017\/12\/images.jpeg?fit=384%2C384&ssl=1","inLanguage":"pt-BR","potentialAction":[{"@type":"CommentAction","name":"Comment","target":["https:\/\/gersonguelmann.com.br\/blog\/desejo-para-2018\/#respond"]}]},{"@type":"WebPage","@id":"https:\/\/gersonguelmann.com.br\/blog\/desejo-para-2018\/","url":"https:\/\/gersonguelmann.com.br\/blog\/desejo-para-2018\/","name":"Desejo Para 2018 | Blog do Guelmann","isPartOf":{"@id":"https:\/\/gersonguelmann.com.br\/blog\/#website"},"primaryImageOfPage":{"@id":"https:\/\/gersonguelmann.com.br\/blog\/desejo-para-2018\/#primaryimage"},"image":{"@id":"https:\/\/gersonguelmann.com.br\/blog\/desejo-para-2018\/#primaryimage"},"thumbnailUrl":"https:\/\/i0.wp.com\/gersonguelmann.com.br\/blog\/wp-content\/uploads\/2017\/12\/images.jpeg?fit=384%2C384&ssl=1","datePublished":"2017-12-23T22:19:45+00:00","dateModified":"2017-12-23T22:22:11+00:00","author":{"@id":"https:\/\/gersonguelmann.com.br\/blog\/#\/schema\/person\/87e70e2a786888082f941a482c90569e"},"inLanguage":"pt-BR","potentialAction":[{"@type":"ReadAction","target":["https:\/\/gersonguelmann.com.br\/blog\/desejo-para-2018\/"]}]},{"@type":"ImageObject","inLanguage":"pt-BR","@id":"https:\/\/gersonguelmann.com.br\/blog\/desejo-para-2018\/#primaryimage","url":"https:\/\/i0.wp.com\/gersonguelmann.com.br\/blog\/wp-content\/uploads\/2017\/12\/images.jpeg?fit=384%2C384&ssl=1","contentUrl":"https:\/\/i0.wp.com\/gersonguelmann.com.br\/blog\/wp-content\/uploads\/2017\/12\/images.jpeg?fit=384%2C384&ssl=1","width":384,"height":384},{"@type":"WebSite","@id":"https:\/\/gersonguelmann.com.br\/blog\/#website","url":"https:\/\/gersonguelmann.com.br\/blog\/","name":"Blog do Guelmann","description":"Pitadas da sabedoria e do humor judaicos, assuntos do momento e um pouco das hist\u00f3rias que vivi e testemunhei.","potentialAction":[{"@type":"SearchAction","target":{"@type":"EntryPoint","urlTemplate":"https:\/\/gersonguelmann.com.br\/blog\/?s={search_term_string}"},"query-input":{"@type":"PropertyValueSpecification","valueRequired":true,"valueName":"search_term_string"}}],"inLanguage":"pt-BR"},{"@type":"Person","@id":"https:\/\/gersonguelmann.com.br\/blog\/#\/schema\/person\/87e70e2a786888082f941a482c90569e","name":"Gerson Guelmann","image":{"@type":"ImageObject","inLanguage":"pt-BR","@id":"https:\/\/i0.wp.com\/gersonguelmann.com.br\/blog\/wp-content\/uploads\/2021\/08\/BLOG.jpeg?fit=96%2C96&ssl=1","url":"https:\/\/i0.wp.com\/gersonguelmann.com.br\/blog\/wp-content\/uploads\/2021\/08\/BLOG.jpeg?fit=96%2C96&ssl=1","contentUrl":"https:\/\/i0.wp.com\/gersonguelmann.com.br\/blog\/wp-content\/uploads\/2021\/08\/BLOG.jpeg?fit=96%2C96&ssl=1","caption":"Gerson Guelmann"},"description":"Pitadas da sabedoria e do humor judaicos, assuntos do momento e um pouco das hist\u00f3rias que vivi e testemunhei."}]}},"views":19,"jetpack_publicize_connections":[],"jetpack_featured_media_url":"https:\/\/i0.wp.com\/gersonguelmann.com.br\/blog\/wp-content\/uploads\/2017\/12\/images.jpeg?fit=384%2C384&ssl=1","jetpack_shortlink":"https:\/\/wp.me\/p96e7O-1Aq","jetpack-related-posts":[{"id":15680,"url":"https:\/\/gersonguelmann.com.br\/blog\/o-ano-que-vem-passou-ontem-la-em-casa\/","url_meta":{"origin":6102,"position":0},"title":"O Ano Que Vem Passou Ontem L\u00e1 Em Casa","author":"Gerson Guelmann","date":"6 de janeiro de 2019","format":false,"excerpt":"Recebi e compartilho, pela beleza da mensagem. O autor da poesia \u00e9 T\u00falio Borges, que estou conhecendo agora. Maravilha. \u00a0 \"O ano que vem passou ontem l\u00e1 em casa e disse que o futuro vai ser melhor. Disse que o presente \u00e9 bom, que \u00e9 tamb\u00e9m do\u00eddo, que o passado\u2026","rel":"","context":"Em &quot;Sem categoria&quot;","block_context":{"text":"Sem categoria","link":"https:\/\/gersonguelmann.com.br\/blog\/category\/sem-categoria\/"},"img":{"alt_text":"","src":"https:\/\/i0.wp.com\/gersonguelmann.com.br\/blog\/wp-content\/uploads\/2019\/01\/new-year.jpg?fit=500%2C750&ssl=1&resize=350%2C200","width":350,"height":200},"classes":[]},{"id":23596,"url":"https:\/\/gersonguelmann.com.br\/blog\/e-no-8o-dia-dus-criou-os-idosos\/","url_meta":{"origin":6102,"position":1},"title":"E no 8\u00ba Dia D&#8217;us Criou os Idosos","author":"Gerson Guelmann","date":"30 de setembro de 2024","format":false,"excerpt":"A cria\u00e7\u00e3o do mundo \u00e9 relatada no G\u00eanesis, o 1\u00ba livro da Tor\u00e1, o Pentateuco Judaico, assim como no Antigo Testamento da B\u00edblia Crist\u00e3. O cap\u00edtulo 1 diz que D'us fez tudo em seis dias (\"no princ\u00edpio, D'us criou os c\u00e9us e a terra; a\u00a0 terra era sem forma e\u2026","rel":"","context":"Em &quot;Sem categoria&quot;","block_context":{"text":"Sem categoria","link":"https:\/\/gersonguelmann.com.br\/blog\/category\/sem-categoria\/"},"img":{"alt_text":"","src":"https:\/\/i0.wp.com\/gersonguelmann.com.br\/blog\/wp-content\/uploads\/2024\/09\/HojePR-10-scaled.jpg?fit=1200%2C800&ssl=1&resize=350%2C200","width":350,"height":200,"srcset":"https:\/\/i0.wp.com\/gersonguelmann.com.br\/blog\/wp-content\/uploads\/2024\/09\/HojePR-10-scaled.jpg?fit=1200%2C800&ssl=1&resize=350%2C200 1x, https:\/\/i0.wp.com\/gersonguelmann.com.br\/blog\/wp-content\/uploads\/2024\/09\/HojePR-10-scaled.jpg?fit=1200%2C800&ssl=1&resize=525%2C300 1.5x, https:\/\/i0.wp.com\/gersonguelmann.com.br\/blog\/wp-content\/uploads\/2024\/09\/HojePR-10-scaled.jpg?fit=1200%2C800&ssl=1&resize=700%2C400 2x, https:\/\/i0.wp.com\/gersonguelmann.com.br\/blog\/wp-content\/uploads\/2024\/09\/HojePR-10-scaled.jpg?fit=1200%2C800&ssl=1&resize=1050%2C600 3x"},"classes":[]},{"id":3791,"url":"https:\/\/gersonguelmann.com.br\/blog\/o-d-us-de-albert-einstein-e-o-de-baruch-spinoza\/","url_meta":{"origin":6102,"position":2},"title":"O D-us de Albert Einstein e de Baruch Spinoza","author":"Gerson Guelmann","date":"20 de junho de 2022","format":false,"excerpt":"Baruch \"Benedictus\" Spinoza Amsterdam (Holanda), 24\/11\/1632 Haia (Holanda), 21\/2\/1677 Uma vez perguntaram a Einstein se ele acreditava em D-us.\u00a0 A resposta que ele deu foi: - \"Creio no D-us de Spinoza que se revela por si mesmo na harmonia de tudo o que existe\".\u00a0 Baruch Spinoza nasceu em Amsterdam, filho\u2026","rel":"","context":"Em &quot;Sem categoria&quot;","block_context":{"text":"Sem categoria","link":"https:\/\/gersonguelmann.com.br\/blog\/category\/sem-categoria\/"},"img":{"alt_text":"","src":"https:\/\/i0.wp.com\/gersonguelmann.com.br\/blog\/wp-content\/uploads\/2017\/10\/HojePR.jpg?fit=350%2C418&ssl=1&resize=350%2C200","width":350,"height":200},"classes":[]},{"id":13563,"url":"https:\/\/gersonguelmann.com.br\/blog\/ja-ouviu-falar-no-infocalypse-ele-pode-acontecer\/","url_meta":{"origin":6102,"position":3},"title":"J\u00e1 Ouviu Falar no &#8220;Infocalypse&#8221;? Ele Pode Acontecer!","author":"Gerson Guelmann","date":"1 de junho de 2018","format":false,"excerpt":"A mat\u00e9ria abaixo, publicada originalmente pelo site\u00a0BuzzFeed News, deveria ser lida por todas as pessoas que usam a internet e se preocupam com o futuro das comunica\u00e7\u00f5es, as rela\u00e7\u00f5es interpessoais e a qualidade das informa\u00e7\u00f5es: Ele previu a crise de not\u00edcias falsas de 2016. Agora est\u00e1 preocupado com um apocalipse\u2026","rel":"","context":"Em &quot;Sem categoria&quot;","block_context":{"text":"Sem categoria","link":"https:\/\/gersonguelmann.com.br\/blog\/category\/sem-categoria\/"},"img":{"alt_text":"","src":"https:\/\/i0.wp.com\/gersonguelmann.com.br\/blog\/wp-content\/uploads\/2018\/06\/download.jpg?resize=350%2C200&ssl=1","width":350,"height":200},"classes":[]},{"id":21692,"url":"https:\/\/gersonguelmann.com.br\/blog\/carta-do-avo-ao-neto\/","url_meta":{"origin":6102,"position":4},"title":"Carta do Av\u00f4 ao Neto","author":"Gerson Guelmann","date":"9 de dezembro de 2024","format":false,"excerpt":"Sou um contumaz garimpador da internet, onde gra\u00e7as aos tais \"algoritmos\" de vez em quando encontro algumas pedras preciosas. Assim como aconteceu com Borba Gato e os outros Bandeirantes, para cada esmeralda extra\u00edda me deparo com centenas de turmalinas sem valor. Mas a pesquisa \u00e9 sempre fascinante e enriquecedora, especialmente\u2026","rel":"","context":"Em &quot;Sem categoria&quot;","block_context":{"text":"Sem categoria","link":"https:\/\/gersonguelmann.com.br\/blog\/category\/sem-categoria\/"},"img":{"alt_text":"","src":"https:\/\/i0.wp.com\/gersonguelmann.com.br\/blog\/wp-content\/uploads\/2024\/12\/AMPLIAR-2.jpg?fit=1200%2C800&ssl=1&resize=350%2C200","width":350,"height":200,"srcset":"https:\/\/i0.wp.com\/gersonguelmann.com.br\/blog\/wp-content\/uploads\/2024\/12\/AMPLIAR-2.jpg?fit=1200%2C800&ssl=1&resize=350%2C200 1x, https:\/\/i0.wp.com\/gersonguelmann.com.br\/blog\/wp-content\/uploads\/2024\/12\/AMPLIAR-2.jpg?fit=1200%2C800&ssl=1&resize=525%2C300 1.5x, https:\/\/i0.wp.com\/gersonguelmann.com.br\/blog\/wp-content\/uploads\/2024\/12\/AMPLIAR-2.jpg?fit=1200%2C800&ssl=1&resize=700%2C400 2x, https:\/\/i0.wp.com\/gersonguelmann.com.br\/blog\/wp-content\/uploads\/2024\/12\/AMPLIAR-2.jpg?fit=1200%2C800&ssl=1&resize=1050%2C600 3x"},"classes":[]},{"id":16327,"url":"https:\/\/gersonguelmann.com.br\/blog\/ele-ajudou-a-esposa-a-morrer-veja-como-foi\/","url_meta":{"origin":6102,"position":5},"title":"Ele Ajudou a Esposa a Morrer. Veja Como Foi.","author":"Gerson Guelmann","date":"7 de abril de 2019","format":false,"excerpt":"Mat\u00e9ria publicada pelo jornal El Pa\u00eds traz \u00e0 tona a quest\u00e3o da eutan\u00e1sia e os chamados cuidados paliativos dispensados aos doentes sem perspectiva de cura. H\u00e1 filmes muito bons sobre o tema, e dos que assisti gosto muito de \"Mar Adentro\" e \"As Invas\u00f5es B\u00e1rbaras\". Segue o texto: EUTAN\u00c1SIA Idoso\u2026","rel":"","context":"Em &quot;Sem categoria&quot;","block_context":{"text":"Sem categoria","link":"https:\/\/gersonguelmann.com.br\/blog\/category\/sem-categoria\/"},"img":{"alt_text":"","src":"https:\/\/i0.wp.com\/gersonguelmann.com.br\/blog\/wp-content\/uploads\/2019\/04\/Eutanasia.jpg?fit=1200%2C863&ssl=1&resize=350%2C200","width":350,"height":200,"srcset":"https:\/\/i0.wp.com\/gersonguelmann.com.br\/blog\/wp-content\/uploads\/2019\/04\/Eutanasia.jpg?fit=1200%2C863&ssl=1&resize=350%2C200 1x, https:\/\/i0.wp.com\/gersonguelmann.com.br\/blog\/wp-content\/uploads\/2019\/04\/Eutanasia.jpg?fit=1200%2C863&ssl=1&resize=525%2C300 1.5x, https:\/\/i0.wp.com\/gersonguelmann.com.br\/blog\/wp-content\/uploads\/2019\/04\/Eutanasia.jpg?fit=1200%2C863&ssl=1&resize=700%2C400 2x, https:\/\/i0.wp.com\/gersonguelmann.com.br\/blog\/wp-content\/uploads\/2019\/04\/Eutanasia.jpg?fit=1200%2C863&ssl=1&resize=1050%2C600 3x"},"classes":[]}],"jetpack_sharing_enabled":true,"post_mailing_queue_ids":[],"_links":{"self":[{"href":"https:\/\/gersonguelmann.com.br\/blog\/wp-json\/wp\/v2\/posts\/6102","targetHints":{"allow":["GET"]}}],"collection":[{"href":"https:\/\/gersonguelmann.com.br\/blog\/wp-json\/wp\/v2\/posts"}],"about":[{"href":"https:\/\/gersonguelmann.com.br\/blog\/wp-json\/wp\/v2\/types\/post"}],"author":[{"embeddable":true,"href":"https:\/\/gersonguelmann.com.br\/blog\/wp-json\/wp\/v2\/users\/5"}],"replies":[{"embeddable":true,"href":"https:\/\/gersonguelmann.com.br\/blog\/wp-json\/wp\/v2\/comments?post=6102"}],"version-history":[{"count":0,"href":"https:\/\/gersonguelmann.com.br\/blog\/wp-json\/wp\/v2\/posts\/6102\/revisions"}],"wp:featuredmedia":[{"embeddable":true,"href":"https:\/\/gersonguelmann.com.br\/blog\/wp-json\/wp\/v2\/media\/6103"}],"wp:attachment":[{"href":"https:\/\/gersonguelmann.com.br\/blog\/wp-json\/wp\/v2\/media?parent=6102"}],"wp:term":[{"taxonomy":"category","embeddable":true,"href":"https:\/\/gersonguelmann.com.br\/blog\/wp-json\/wp\/v2\/categories?post=6102"},{"taxonomy":"post_tag","embeddable":true,"href":"https:\/\/gersonguelmann.com.br\/blog\/wp-json\/wp\/v2\/tags?post=6102"}],"curies":[{"name":"wp","href":"https:\/\/api.w.org\/{rel}","templated":true}]}}