    {"id":6169,"date":"2017-12-26T21:00:42","date_gmt":"2017-12-26T23:00:42","guid":{"rendered":"https:\/\/gersonguelmann.com.br\/blog\/?p=6169"},"modified":"2017-12-26T19:04:04","modified_gmt":"2017-12-26T21:04:04","slug":"nao-va-ficar-sem-whatsapp","status":"publish","type":"post","link":"https:\/\/gersonguelmann.com.br\/blog\/nao-va-ficar-sem-whatsapp\/","title":{"rendered":"N\u00e3o V\u00e1 Ficar sem WhatsApp&#8230;"},"content":{"rendered":"<p><span style=\"font-family: verdana, geneva, sans-serif; font-size: 14pt; color: #000000;\">Se o teu celular \u00e9 mais antigo voc\u00ea pode ficar sem WhatsApp a qualquer momento.<\/span><\/p>\n<p dir=\"ltr\"><span style=\"font-family: verdana, geneva, sans-serif; font-size: 14pt; color: #000000;\">Se ele for um modelo com Windows Phone ou BlackBerry o aplicativo deixar\u00e1 de receber suporte em algumas vers\u00f5es desses sistemas no pr\u00f3ximo dia 31.<\/span><\/p>\n<p dir=\"ltr\"><span style=\"font-family: verdana, geneva, sans-serif; font-size: 14pt; color: #000000;\">Isso significa que o desenvolvedor do WhatsApp n\u00e3o fornecer\u00e1 mais atualiza\u00e7\u00f5es e nem corre\u00e7\u00f5es de seguran\u00e7a.<\/span><\/p>\n<p dir=\"ltr\"><span style=\"font-family: verdana, geneva, sans-serif; font-size: 14pt; color: #000000;\">Os smartphones com Windows Phone 8.0, BlackBerry OS, BlackBerry 10 e Nokia S40 ser\u00e3o afetados e, segundo a empresa, alguns dos recursos poder\u00e3o parar de funcionar a qualquer momento. <\/span><\/p>\n<p dir=\"ltr\"><span style=\"font-family: verdana, geneva, sans-serif; font-size: 14pt; color: #000000;\">A recomenda\u00e7\u00e3o \u00e9 para que o sistema operacional seja atualizado ou o celular seja substitu\u00eddo por um modelo mais moderno.<\/span><\/p>\n<p dir=\"ltr\"><img data-recalc-dims=\"1\" fetchpriority=\"high\" decoding=\"async\" data-attachment-id=\"6170\" data-permalink=\"https:\/\/gersonguelmann.com.br\/blog\/nao-va-ficar-sem-whatsapp\/wa-6\/\" data-orig-file=\"https:\/\/i0.wp.com\/gersonguelmann.com.br\/blog\/wp-content\/uploads\/2017\/12\/WA-1.jpg?fit=960%2C576&amp;ssl=1\" data-orig-size=\"960,576\" data-comments-opened=\"1\" data-image-meta=\"{&quot;aperture&quot;:&quot;0&quot;,&quot;credit&quot;:&quot;&quot;,&quot;camera&quot;:&quot;&quot;,&quot;caption&quot;:&quot;&quot;,&quot;created_timestamp&quot;:&quot;0&quot;,&quot;copyright&quot;:&quot;&quot;,&quot;focal_length&quot;:&quot;0&quot;,&quot;iso&quot;:&quot;0&quot;,&quot;shutter_speed&quot;:&quot;0&quot;,&quot;title&quot;:&quot;&quot;,&quot;orientation&quot;:&quot;0&quot;}\" data-image-title=\"WA\" data-image-description=\"\" data-image-caption=\"\" data-medium-file=\"https:\/\/i0.wp.com\/gersonguelmann.com.br\/blog\/wp-content\/uploads\/2017\/12\/WA-1.jpg?fit=300%2C180&amp;ssl=1\" data-large-file=\"https:\/\/i0.wp.com\/gersonguelmann.com.br\/blog\/wp-content\/uploads\/2017\/12\/WA-1.jpg?fit=640%2C384&amp;ssl=1\" class=\"size-medium wp-image-6170 aligncenter\" src=\"https:\/\/i0.wp.com\/gersonguelmann.com.br\/blog\/wp-content\/uploads\/2017\/12\/WA-1.jpg?resize=300%2C180&#038;ssl=1\" alt=\"\" width=\"300\" height=\"180\" srcset=\"https:\/\/i0.wp.com\/gersonguelmann.com.br\/blog\/wp-content\/uploads\/2017\/12\/WA-1.jpg?resize=300%2C180&amp;ssl=1 300w, https:\/\/i0.wp.com\/gersonguelmann.com.br\/blog\/wp-content\/uploads\/2017\/12\/WA-1.jpg?resize=768%2C461&amp;ssl=1 768w, https:\/\/i0.wp.com\/gersonguelmann.com.br\/blog\/wp-content\/uploads\/2017\/12\/WA-1.jpg?w=960&amp;ssl=1 960w\" sizes=\"(max-width: 300px) 100vw, 300px\" \/><\/p>\n<p>&nbsp;<\/p>\n","protected":false},"excerpt":{"rendered":"<p>Se o teu celular \u00e9 mais antigo voc\u00ea pode ficar sem WhatsApp a qualquer momento. Se ele for um modelo com Windows Phone ou BlackBerry o aplicativo deixar\u00e1 de receber suporte em algumas vers\u00f5es desses sistemas no pr\u00f3ximo dia 31. Isso significa que o desenvolvedor do WhatsApp n\u00e3o fornecer\u00e1 mais atualiza\u00e7\u00f5es e nem corre\u00e7\u00f5es de [&hellip;]<\/p>\n","protected":false},"author":5,"featured_media":6170,"comment_status":"open","ping_status":"open","sticky":false,"template":"","format":"standard","meta":{"_acf_changed":false,"jetpack_post_was_ever_published":false,"_jetpack_newsletter_access":"","_jetpack_dont_email_post_to_subs":false,"_jetpack_newsletter_tier_id":0,"_jetpack_memberships_contains_paywalled_content":false,"_jetpack_memberships_contains_paid_content":false,"footnotes":"","jetpack_publicize_message":"","jetpack_publicize_feature_enabled":true,"jetpack_social_post_already_shared":true,"jetpack_social_options":{"image_generator_settings":{"template":"highway","default_image_id":0,"font":"","enabled":false},"version":2}},"categories":[1],"tags":[],"class_list":["post-6169","post","type-post","status-publish","format-standard","has-post-thumbnail","hentry","category-sem-categoria"],"acf":[],"yoast_head":"<!-- This site is optimized with the Yoast SEO plugin v27.3 - https:\/\/yoast.com\/product\/yoast-seo-wordpress\/ -->\n<title>N\u00e3o V\u00e1 Ficar sem WhatsApp... | Blog do Guelmann<\/title>\n<meta name=\"robots\" content=\"index, follow, max-snippet:-1, max-image-preview:large, max-video-preview:-1\" \/>\n<link rel=\"canonical\" href=\"https:\/\/gersonguelmann.com.br\/blog\/nao-va-ficar-sem-whatsapp\/\" \/>\n<meta property=\"og:locale\" content=\"pt_BR\" \/>\n<meta property=\"og:type\" content=\"article\" \/>\n<meta property=\"og:title\" content=\"N\u00e3o V\u00e1 Ficar sem WhatsApp... | Blog do Guelmann\" \/>\n<meta property=\"og:description\" content=\"Se o teu celular \u00e9 mais antigo voc\u00ea pode ficar sem WhatsApp a qualquer momento. Se ele for um modelo com Windows Phone ou BlackBerry o aplicativo deixar\u00e1 de receber suporte em algumas vers\u00f5es desses sistemas no pr\u00f3ximo dia 31. Isso significa que o desenvolvedor do WhatsApp n\u00e3o fornecer\u00e1 mais atualiza\u00e7\u00f5es e nem corre\u00e7\u00f5es de [&hellip;]\" \/>\n<meta property=\"og:url\" content=\"https:\/\/gersonguelmann.com.br\/blog\/nao-va-ficar-sem-whatsapp\/\" \/>\n<meta property=\"og:site_name\" content=\"Blog do Guelmann\" \/>\n<meta property=\"article:published_time\" content=\"2017-12-26T23:00:42+00:00\" \/>\n<meta property=\"og:image\" content=\"https:\/\/i0.wp.com\/gersonguelmann.com.br\/blog\/wp-content\/uploads\/2017\/12\/WA-1.jpg?fit=960%2C576&ssl=1\" \/>\n\t<meta property=\"og:image:width\" content=\"960\" \/>\n\t<meta property=\"og:image:height\" content=\"576\" \/>\n\t<meta property=\"og:image:type\" content=\"image\/jpeg\" \/>\n<meta name=\"author\" content=\"Gerson Guelmann\" \/>\n<meta name=\"twitter:card\" content=\"summary_large_image\" \/>\n<meta name=\"twitter:label1\" content=\"Escrito por\" \/>\n\t<meta name=\"twitter:data1\" content=\"Gerson Guelmann\" \/>\n\t<meta name=\"twitter:label2\" content=\"Est. tempo de leitura\" \/>\n\t<meta name=\"twitter:data2\" content=\"1 minuto\" \/>\n<script type=\"application\/ld+json\" class=\"yoast-schema-graph\">{\"@context\":\"https:\\\/\\\/schema.org\",\"@graph\":[{\"@type\":\"Article\",\"@id\":\"https:\\\/\\\/gersonguelmann.com.br\\\/blog\\\/nao-va-ficar-sem-whatsapp\\\/#article\",\"isPartOf\":{\"@id\":\"https:\\\/\\\/gersonguelmann.com.br\\\/blog\\\/nao-va-ficar-sem-whatsapp\\\/\"},\"author\":{\"name\":\"Gerson Guelmann\",\"@id\":\"https:\\\/\\\/gersonguelmann.com.br\\\/blog\\\/#\\\/schema\\\/person\\\/87e70e2a786888082f941a482c90569e\"},\"headline\":\"N\u00e3o V\u00e1 Ficar sem WhatsApp&#8230;\",\"datePublished\":\"2017-12-26T23:00:42+00:00\",\"mainEntityOfPage\":{\"@id\":\"https:\\\/\\\/gersonguelmann.com.br\\\/blog\\\/nao-va-ficar-sem-whatsapp\\\/\"},\"wordCount\":117,\"commentCount\":0,\"image\":{\"@id\":\"https:\\\/\\\/gersonguelmann.com.br\\\/blog\\\/nao-va-ficar-sem-whatsapp\\\/#primaryimage\"},\"thumbnailUrl\":\"https:\\\/\\\/i0.wp.com\\\/gersonguelmann.com.br\\\/blog\\\/wp-content\\\/uploads\\\/2017\\\/12\\\/WA-1.jpg?fit=960%2C576&ssl=1\",\"inLanguage\":\"pt-BR\",\"potentialAction\":[{\"@type\":\"CommentAction\",\"name\":\"Comment\",\"target\":[\"https:\\\/\\\/gersonguelmann.com.br\\\/blog\\\/nao-va-ficar-sem-whatsapp\\\/#respond\"]}]},{\"@type\":\"WebPage\",\"@id\":\"https:\\\/\\\/gersonguelmann.com.br\\\/blog\\\/nao-va-ficar-sem-whatsapp\\\/\",\"url\":\"https:\\\/\\\/gersonguelmann.com.br\\\/blog\\\/nao-va-ficar-sem-whatsapp\\\/\",\"name\":\"N\u00e3o V\u00e1 Ficar sem WhatsApp... | Blog do Guelmann\",\"isPartOf\":{\"@id\":\"https:\\\/\\\/gersonguelmann.com.br\\\/blog\\\/#website\"},\"primaryImageOfPage\":{\"@id\":\"https:\\\/\\\/gersonguelmann.com.br\\\/blog\\\/nao-va-ficar-sem-whatsapp\\\/#primaryimage\"},\"image\":{\"@id\":\"https:\\\/\\\/gersonguelmann.com.br\\\/blog\\\/nao-va-ficar-sem-whatsapp\\\/#primaryimage\"},\"thumbnailUrl\":\"https:\\\/\\\/i0.wp.com\\\/gersonguelmann.com.br\\\/blog\\\/wp-content\\\/uploads\\\/2017\\\/12\\\/WA-1.jpg?fit=960%2C576&ssl=1\",\"datePublished\":\"2017-12-26T23:00:42+00:00\",\"author\":{\"@id\":\"https:\\\/\\\/gersonguelmann.com.br\\\/blog\\\/#\\\/schema\\\/person\\\/87e70e2a786888082f941a482c90569e\"},\"inLanguage\":\"pt-BR\",\"potentialAction\":[{\"@type\":\"ReadAction\",\"target\":[\"https:\\\/\\\/gersonguelmann.com.br\\\/blog\\\/nao-va-ficar-sem-whatsapp\\\/\"]}]},{\"@type\":\"ImageObject\",\"inLanguage\":\"pt-BR\",\"@id\":\"https:\\\/\\\/gersonguelmann.com.br\\\/blog\\\/nao-va-ficar-sem-whatsapp\\\/#primaryimage\",\"url\":\"https:\\\/\\\/i0.wp.com\\\/gersonguelmann.com.br\\\/blog\\\/wp-content\\\/uploads\\\/2017\\\/12\\\/WA-1.jpg?fit=960%2C576&ssl=1\",\"contentUrl\":\"https:\\\/\\\/i0.wp.com\\\/gersonguelmann.com.br\\\/blog\\\/wp-content\\\/uploads\\\/2017\\\/12\\\/WA-1.jpg?fit=960%2C576&ssl=1\",\"width\":960,\"height\":576},{\"@type\":\"WebSite\",\"@id\":\"https:\\\/\\\/gersonguelmann.com.br\\\/blog\\\/#website\",\"url\":\"https:\\\/\\\/gersonguelmann.com.br\\\/blog\\\/\",\"name\":\"Blog do Guelmann\",\"description\":\"Pitadas da sabedoria e do humor judaicos, assuntos do momento e um pouco das hist\u00f3rias que vivi e testemunhei.\",\"potentialAction\":[{\"@type\":\"SearchAction\",\"target\":{\"@type\":\"EntryPoint\",\"urlTemplate\":\"https:\\\/\\\/gersonguelmann.com.br\\\/blog\\\/?s={search_term_string}\"},\"query-input\":{\"@type\":\"PropertyValueSpecification\",\"valueRequired\":true,\"valueName\":\"search_term_string\"}}],\"inLanguage\":\"pt-BR\"},{\"@type\":\"Person\",\"@id\":\"https:\\\/\\\/gersonguelmann.com.br\\\/blog\\\/#\\\/schema\\\/person\\\/87e70e2a786888082f941a482c90569e\",\"name\":\"Gerson Guelmann\",\"image\":{\"@type\":\"ImageObject\",\"inLanguage\":\"pt-BR\",\"@id\":\"https:\\\/\\\/i0.wp.com\\\/gersonguelmann.com.br\\\/blog\\\/wp-content\\\/uploads\\\/2021\\\/08\\\/BLOG.jpeg?fit=96%2C96&ssl=1\",\"url\":\"https:\\\/\\\/i0.wp.com\\\/gersonguelmann.com.br\\\/blog\\\/wp-content\\\/uploads\\\/2021\\\/08\\\/BLOG.jpeg?fit=96%2C96&ssl=1\",\"contentUrl\":\"https:\\\/\\\/i0.wp.com\\\/gersonguelmann.com.br\\\/blog\\\/wp-content\\\/uploads\\\/2021\\\/08\\\/BLOG.jpeg?fit=96%2C96&ssl=1\",\"caption\":\"Gerson Guelmann\"},\"description\":\"Pitadas da sabedoria e do humor judaicos, assuntos do momento e um pouco das hist\u00f3rias que vivi e testemunhei.\"}]}<\/script>\n<!-- \/ Yoast SEO plugin. -->","yoast_head_json":{"title":"N\u00e3o V\u00e1 Ficar sem WhatsApp... | Blog do Guelmann","robots":{"index":"index","follow":"follow","max-snippet":"max-snippet:-1","max-image-preview":"max-image-preview:large","max-video-preview":"max-video-preview:-1"},"canonical":"https:\/\/gersonguelmann.com.br\/blog\/nao-va-ficar-sem-whatsapp\/","og_locale":"pt_BR","og_type":"article","og_title":"N\u00e3o V\u00e1 Ficar sem WhatsApp... | Blog do Guelmann","og_description":"Se o teu celular \u00e9 mais antigo voc\u00ea pode ficar sem WhatsApp a qualquer momento. Se ele for um modelo com Windows Phone ou BlackBerry o aplicativo deixar\u00e1 de receber suporte em algumas vers\u00f5es desses sistemas no pr\u00f3ximo dia 31. Isso significa que o desenvolvedor do WhatsApp n\u00e3o fornecer\u00e1 mais atualiza\u00e7\u00f5es e nem corre\u00e7\u00f5es de [&hellip;]","og_url":"https:\/\/gersonguelmann.com.br\/blog\/nao-va-ficar-sem-whatsapp\/","og_site_name":"Blog do Guelmann","article_published_time":"2017-12-26T23:00:42+00:00","og_image":[{"width":960,"height":576,"url":"https:\/\/i0.wp.com\/gersonguelmann.com.br\/blog\/wp-content\/uploads\/2017\/12\/WA-1.jpg?fit=960%2C576&ssl=1","type":"image\/jpeg"}],"author":"Gerson Guelmann","twitter_card":"summary_large_image","twitter_misc":{"Escrito por":"Gerson Guelmann","Est. tempo de leitura":"1 minuto"},"schema":{"@context":"https:\/\/schema.org","@graph":[{"@type":"Article","@id":"https:\/\/gersonguelmann.com.br\/blog\/nao-va-ficar-sem-whatsapp\/#article","isPartOf":{"@id":"https:\/\/gersonguelmann.com.br\/blog\/nao-va-ficar-sem-whatsapp\/"},"author":{"name":"Gerson Guelmann","@id":"https:\/\/gersonguelmann.com.br\/blog\/#\/schema\/person\/87e70e2a786888082f941a482c90569e"},"headline":"N\u00e3o V\u00e1 Ficar sem WhatsApp&#8230;","datePublished":"2017-12-26T23:00:42+00:00","mainEntityOfPage":{"@id":"https:\/\/gersonguelmann.com.br\/blog\/nao-va-ficar-sem-whatsapp\/"},"wordCount":117,"commentCount":0,"image":{"@id":"https:\/\/gersonguelmann.com.br\/blog\/nao-va-ficar-sem-whatsapp\/#primaryimage"},"thumbnailUrl":"https:\/\/i0.wp.com\/gersonguelmann.com.br\/blog\/wp-content\/uploads\/2017\/12\/WA-1.jpg?fit=960%2C576&ssl=1","inLanguage":"pt-BR","potentialAction":[{"@type":"CommentAction","name":"Comment","target":["https:\/\/gersonguelmann.com.br\/blog\/nao-va-ficar-sem-whatsapp\/#respond"]}]},{"@type":"WebPage","@id":"https:\/\/gersonguelmann.com.br\/blog\/nao-va-ficar-sem-whatsapp\/","url":"https:\/\/gersonguelmann.com.br\/blog\/nao-va-ficar-sem-whatsapp\/","name":"N\u00e3o V\u00e1 Ficar sem WhatsApp... | Blog do Guelmann","isPartOf":{"@id":"https:\/\/gersonguelmann.com.br\/blog\/#website"},"primaryImageOfPage":{"@id":"https:\/\/gersonguelmann.com.br\/blog\/nao-va-ficar-sem-whatsapp\/#primaryimage"},"image":{"@id":"https:\/\/gersonguelmann.com.br\/blog\/nao-va-ficar-sem-whatsapp\/#primaryimage"},"thumbnailUrl":"https:\/\/i0.wp.com\/gersonguelmann.com.br\/blog\/wp-content\/uploads\/2017\/12\/WA-1.jpg?fit=960%2C576&ssl=1","datePublished":"2017-12-26T23:00:42+00:00","author":{"@id":"https:\/\/gersonguelmann.com.br\/blog\/#\/schema\/person\/87e70e2a786888082f941a482c90569e"},"inLanguage":"pt-BR","potentialAction":[{"@type":"ReadAction","target":["https:\/\/gersonguelmann.com.br\/blog\/nao-va-ficar-sem-whatsapp\/"]}]},{"@type":"ImageObject","inLanguage":"pt-BR","@id":"https:\/\/gersonguelmann.com.br\/blog\/nao-va-ficar-sem-whatsapp\/#primaryimage","url":"https:\/\/i0.wp.com\/gersonguelmann.com.br\/blog\/wp-content\/uploads\/2017\/12\/WA-1.jpg?fit=960%2C576&ssl=1","contentUrl":"https:\/\/i0.wp.com\/gersonguelmann.com.br\/blog\/wp-content\/uploads\/2017\/12\/WA-1.jpg?fit=960%2C576&ssl=1","width":960,"height":576},{"@type":"WebSite","@id":"https:\/\/gersonguelmann.com.br\/blog\/#website","url":"https:\/\/gersonguelmann.com.br\/blog\/","name":"Blog do Guelmann","description":"Pitadas da sabedoria e do humor judaicos, assuntos do momento e um pouco das hist\u00f3rias que vivi e testemunhei.","potentialAction":[{"@type":"SearchAction","target":{"@type":"EntryPoint","urlTemplate":"https:\/\/gersonguelmann.com.br\/blog\/?s={search_term_string}"},"query-input":{"@type":"PropertyValueSpecification","valueRequired":true,"valueName":"search_term_string"}}],"inLanguage":"pt-BR"},{"@type":"Person","@id":"https:\/\/gersonguelmann.com.br\/blog\/#\/schema\/person\/87e70e2a786888082f941a482c90569e","name":"Gerson Guelmann","image":{"@type":"ImageObject","inLanguage":"pt-BR","@id":"https:\/\/i0.wp.com\/gersonguelmann.com.br\/blog\/wp-content\/uploads\/2021\/08\/BLOG.jpeg?fit=96%2C96&ssl=1","url":"https:\/\/i0.wp.com\/gersonguelmann.com.br\/blog\/wp-content\/uploads\/2021\/08\/BLOG.jpeg?fit=96%2C96&ssl=1","contentUrl":"https:\/\/i0.wp.com\/gersonguelmann.com.br\/blog\/wp-content\/uploads\/2021\/08\/BLOG.jpeg?fit=96%2C96&ssl=1","caption":"Gerson Guelmann"},"description":"Pitadas da sabedoria e do humor judaicos, assuntos do momento e um pouco das hist\u00f3rias que vivi e testemunhei."}]}},"views":65,"jetpack_publicize_connections":[],"jetpack_featured_media_url":"https:\/\/i0.wp.com\/gersonguelmann.com.br\/blog\/wp-content\/uploads\/2017\/12\/WA-1.jpg?fit=960%2C576&ssl=1","jetpack_shortlink":"https:\/\/wp.me\/p96e7O-1Bv","jetpack-related-posts":[{"id":20628,"url":"https:\/\/gersonguelmann.com.br\/blog\/e-ruim-ficar-sem-whatsapp-ne\/","url_meta":{"origin":6169,"position":0},"title":"\u00c9 Ruim Ficar Sem WhatsApp, N\u00e9?","author":"Gerson Guelmann","date":"30 de dezembro de 2020","format":false,"excerpt":"Assim como todos os demais aplicativos que estamos habituados a usar, o WhatsApp \u00e9 atualizado constantemente (ali\u00e1s, no caso dele, as atualiza\u00e7\u00f5es s\u00e3o quase di\u00e1rias). Al\u00e9m disso, de vez em quando o WhatsApp retira o suporte \u00e0 alguns modelos mais antigos de smartphones.\u00a0 Isso aconteceu pela \u00faltima vez h\u00e1 exatamente\u2026","rel":"","context":"Em &quot;Sem categoria&quot;","block_context":{"text":"Sem categoria","link":"https:\/\/gersonguelmann.com.br\/blog\/category\/sem-categoria\/"},"img":{"alt_text":"","src":"https:\/\/i0.wp.com\/gersonguelmann.com.br\/blog\/wp-content\/uploads\/2020\/12\/WA.png?fit=720%2C720&ssl=1&resize=350%2C200","width":350,"height":200,"srcset":"https:\/\/i0.wp.com\/gersonguelmann.com.br\/blog\/wp-content\/uploads\/2020\/12\/WA.png?fit=720%2C720&ssl=1&resize=350%2C200 1x, https:\/\/i0.wp.com\/gersonguelmann.com.br\/blog\/wp-content\/uploads\/2020\/12\/WA.png?fit=720%2C720&ssl=1&resize=525%2C300 1.5x, https:\/\/i0.wp.com\/gersonguelmann.com.br\/blog\/wp-content\/uploads\/2020\/12\/WA.png?fit=720%2C720&ssl=1&resize=700%2C400 2x"},"classes":[]},{"id":15438,"url":"https:\/\/gersonguelmann.com.br\/blog\/whatsapp-veja-se-teu-celular-esta-na-lista\/","url_meta":{"origin":6169,"position":1},"title":"WhatsApp: Veja se Teu Celular Est\u00e1 na Lista","author":"Gerson Guelmann","date":"8 de dezembro de 2018","format":false,"excerpt":"Os desenvolvedores do WhatsApp acabam de informar que alguns modelos de aparelhos celulares est\u00e3o sendo inclu\u00eddos em uma esp\u00e9cie de \"lista negra\" e poder\u00e3o ter problemas para usar o\u00a0aplicativo a partir de 2019. O que ocorrer\u00e1 com esses celulares, na pr\u00e1tica, \u00e9 que os usu\u00e1rios n\u00e3o poder\u00e3o criar novas contas\u2026","rel":"","context":"Em &quot;Sem categoria&quot;","block_context":{"text":"Sem categoria","link":"https:\/\/gersonguelmann.com.br\/blog\/category\/sem-categoria\/"},"img":{"alt_text":"","src":"https:\/\/i0.wp.com\/gersonguelmann.com.br\/blog\/wp-content\/uploads\/2018\/12\/WA-2.jpg?resize=350%2C200&ssl=1","width":350,"height":200,"srcset":"https:\/\/i0.wp.com\/gersonguelmann.com.br\/blog\/wp-content\/uploads\/2018\/12\/WA-2.jpg?resize=350%2C200&ssl=1 1x, https:\/\/i0.wp.com\/gersonguelmann.com.br\/blog\/wp-content\/uploads\/2018\/12\/WA-2.jpg?resize=525%2C300&ssl=1 1.5x, https:\/\/i0.wp.com\/gersonguelmann.com.br\/blog\/wp-content\/uploads\/2018\/12\/WA-2.jpg?resize=700%2C400&ssl=1 2x, https:\/\/i0.wp.com\/gersonguelmann.com.br\/blog\/wp-content\/uploads\/2018\/12\/WA-2.jpg?resize=1050%2C600&ssl=1 3x"},"classes":[]},{"id":14372,"url":"https:\/\/gersonguelmann.com.br\/blog\/administrador-do-grupo-de-whatsapp-agora-tem-super-poderes\/","url_meta":{"origin":6169,"position":2},"title":"Administrador do Grupo de WhatsApp Agora Tem Super-Poderes","author":"Gerson Guelmann","date":"29 de junho de 2018","format":false,"excerpt":"Se voc\u00ea \u00e9 Administrador de um ou mais grupos de WhatsApp, a partir de hoje est\u00e1 ao teu dispor uma nova fun\u00e7\u00e3o. Primeiramente voc\u00ea precisa ter a \u00faltima vers\u00e3o do aplicativo - 2.18.201 -\u00a0que foi liberada hoje. Como faz sempre, o desenvolvedor do WhatsApp liberou a funcionalidade primeiro para quem\u2026","rel":"","context":"Em &quot;Sem categoria&quot;","block_context":{"text":"Sem categoria","link":"https:\/\/gersonguelmann.com.br\/blog\/category\/sem-categoria\/"},"img":{"alt_text":"","src":"https:\/\/i0.wp.com\/gersonguelmann.com.br\/blog\/wp-content\/uploads\/2018\/06\/WA.jpg?resize=350%2C200&ssl=1","width":350,"height":200},"classes":[]},{"id":18704,"url":"https:\/\/gersonguelmann.com.br\/blog\/whatsapp-veja-aqui-se-teu-celular-esta-na-lista-negra\/","url_meta":{"origin":6169,"position":3},"title":"WhatsApp: Veja Aqui Se Teu Celular Est\u00e1 na Lista Negra","author":"Gerson Guelmann","date":"1 de outubro de 2019","format":false,"excerpt":"Assim como j\u00e1 aconteceu antes, o WhatsApp est\u00e1 informando que mais alguns celulares ter\u00e3o o aplicativo suspenso. Como disse, n\u00e3o \u00e9 a primeira vez que isso ocorre e sempre que os desenvolvedores elaboram uma nova lista, percebe-se que s\u00e3o inclu\u00eddos apenas modelos antigos. Leia mat\u00e9ria do site TechTudo: WhatsApp vai\u2026","rel":"","context":"Em &quot;Sem categoria&quot;","block_context":{"text":"Sem categoria","link":"https:\/\/gersonguelmann.com.br\/blog\/category\/sem-categoria\/"},"img":{"alt_text":"","src":"https:\/\/i0.wp.com\/gersonguelmann.com.br\/blog\/wp-content\/uploads\/2019\/10\/whatsapp.jpg?fit=960%2C540&ssl=1&resize=350%2C200","width":350,"height":200,"srcset":"https:\/\/i0.wp.com\/gersonguelmann.com.br\/blog\/wp-content\/uploads\/2019\/10\/whatsapp.jpg?fit=960%2C540&ssl=1&resize=350%2C200 1x, https:\/\/i0.wp.com\/gersonguelmann.com.br\/blog\/wp-content\/uploads\/2019\/10\/whatsapp.jpg?fit=960%2C540&ssl=1&resize=525%2C300 1.5x, https:\/\/i0.wp.com\/gersonguelmann.com.br\/blog\/wp-content\/uploads\/2019\/10\/whatsapp.jpg?fit=960%2C540&ssl=1&resize=700%2C400 2x"},"classes":[]},{"id":11148,"url":"https:\/\/gersonguelmann.com.br\/blog\/whatsfake-ou-fakeapp\/","url_meta":{"origin":6169,"position":4},"title":"WhatsFake ou FakeApp?","author":"Gerson Guelmann","date":"2 de abril de 2018","format":false,"excerpt":"N\u00e3o sei quantos s\u00e3o os usu\u00e1rios do WhatsApp no mundo. H\u00e1 dois anos j\u00e1 eram mais de 1 bilh\u00e3o. N\u00e3o h\u00e1 como fugir dele. Para o bem e para o mal, ele veio para ficar. Pode ser uma arma a favor ou contra, depende de como queremos usar. Como qualquer\u2026","rel":"","context":"Em &quot;Sem categoria&quot;","block_context":{"text":"Sem categoria","link":"https:\/\/gersonguelmann.com.br\/blog\/category\/sem-categoria\/"},"img":{"alt_text":"","src":"https:\/\/i0.wp.com\/gersonguelmann.com.br\/blog\/wp-content\/uploads\/2018\/04\/Fake.png?resize=350%2C200&ssl=1","width":350,"height":200},"classes":[]},{"id":18149,"url":"https:\/\/gersonguelmann.com.br\/blog\/para-quem-e-do-tempo-em-que-a-conta-do-telefone-custava-caro\/","url_meta":{"origin":6169,"position":5},"title":"Para Quem \u00c9 do Tempo Em Que a Conta do Telefone Custava Caro","author":"Gerson Guelmann","date":"27 de agosto de 2019","format":false,"excerpt":"Texto de Fab\u00edola Sim\u00f5es publicado no excelente Blog Conti Outra: Sou filha de um tempo simples Sou filha de um tempo simples, em que a conta de telefone custava caro, e a gente escrevia cartas enormes para os amigos nas f\u00e9rias. As fotografias eram reveladas depois que o filme de\u2026","rel":"","context":"Em &quot;Sem categoria&quot;","block_context":{"text":"Sem categoria","link":"https:\/\/gersonguelmann.com.br\/blog\/category\/sem-categoria\/"},"img":{"alt_text":"","src":"https:\/\/i0.wp.com\/gersonguelmann.com.br\/blog\/wp-content\/uploads\/2019\/08\/Telefone.jpg?fit=750%2C500&ssl=1&resize=350%2C200","width":350,"height":200,"srcset":"https:\/\/i0.wp.com\/gersonguelmann.com.br\/blog\/wp-content\/uploads\/2019\/08\/Telefone.jpg?fit=750%2C500&ssl=1&resize=350%2C200 1x, https:\/\/i0.wp.com\/gersonguelmann.com.br\/blog\/wp-content\/uploads\/2019\/08\/Telefone.jpg?fit=750%2C500&ssl=1&resize=525%2C300 1.5x, https:\/\/i0.wp.com\/gersonguelmann.com.br\/blog\/wp-content\/uploads\/2019\/08\/Telefone.jpg?fit=750%2C500&ssl=1&resize=700%2C400 2x"},"classes":[]}],"jetpack_sharing_enabled":true,"post_mailing_queue_ids":[],"_links":{"self":[{"href":"https:\/\/gersonguelmann.com.br\/blog\/wp-json\/wp\/v2\/posts\/6169","targetHints":{"allow":["GET"]}}],"collection":[{"href":"https:\/\/gersonguelmann.com.br\/blog\/wp-json\/wp\/v2\/posts"}],"about":[{"href":"https:\/\/gersonguelmann.com.br\/blog\/wp-json\/wp\/v2\/types\/post"}],"author":[{"embeddable":true,"href":"https:\/\/gersonguelmann.com.br\/blog\/wp-json\/wp\/v2\/users\/5"}],"replies":[{"embeddable":true,"href":"https:\/\/gersonguelmann.com.br\/blog\/wp-json\/wp\/v2\/comments?post=6169"}],"version-history":[{"count":0,"href":"https:\/\/gersonguelmann.com.br\/blog\/wp-json\/wp\/v2\/posts\/6169\/revisions"}],"wp:featuredmedia":[{"embeddable":true,"href":"https:\/\/gersonguelmann.com.br\/blog\/wp-json\/wp\/v2\/media\/6170"}],"wp:attachment":[{"href":"https:\/\/gersonguelmann.com.br\/blog\/wp-json\/wp\/v2\/media?parent=6169"}],"wp:term":[{"taxonomy":"category","embeddable":true,"href":"https:\/\/gersonguelmann.com.br\/blog\/wp-json\/wp\/v2\/categories?post=6169"},{"taxonomy":"post_tag","embeddable":true,"href":"https:\/\/gersonguelmann.com.br\/blog\/wp-json\/wp\/v2\/tags?post=6169"}],"curies":[{"name":"wp","href":"https:\/\/api.w.org\/{rel}","templated":true}]}}