    {"id":6190,"date":"2017-12-27T13:00:34","date_gmt":"2017-12-27T15:00:34","guid":{"rendered":"https:\/\/gersonguelmann.com.br\/blog\/?p=6190"},"modified":"2017-12-27T12:51:48","modified_gmt":"2017-12-27T14:51:48","slug":"prova-sem-fiscalizacao-aqui-no-brasil","status":"publish","type":"post","link":"https:\/\/gersonguelmann.com.br\/blog\/prova-sem-fiscalizacao-aqui-no-brasil\/","title":{"rendered":"Prova Sem Fiscaliza\u00e7\u00e3o. Aqui no Brasil!"},"content":{"rendered":"<p><span style=\"font-family: verdana, geneva, sans-serif; font-size: 14pt; color: #000000;\">No dia 17 de novembro passado, a Escola Preparat\u00f3ria de Cadetes do Ex\u00e9rcito realizou uma experi\u00eancia que teve um efeito demonstrativo de enorme valor. <\/span><\/p>\n<p><span style=\"font-family: verdana, geneva, sans-serif; font-size: 14pt; color: #000000;\">Objetivando o desenvolvimento dos valores relacionados \u00e0 honestidade e disciplina, a Cadeira de L\u00edngua Portuguesa aplicou uma prova sem qualquer tipo de fiscaliza\u00e7\u00e3o.<\/span><\/p>\n<p><span style=\"font-family: verdana, geneva, sans-serif; font-size: 14pt; color: #000000;\">Os alunos submetidos ao teste s\u00e3o egressos de escolas de forma\u00e7\u00e3o do Ex\u00e9rcito que, assim como as demais institui\u00e7\u00f5es de ensino\u00a0<\/span><span style=\"font-family: verdana, geneva, sans-serif; font-size: 14pt; color: #000000;\">militar do Brasil, s\u00e3o conhecidas pelo excelente desempenho curricular dos alunos.<\/span><\/p>\n<p><span style=\"font-family: verdana, geneva, sans-serif; font-size: 14pt; color: #000000;\">A forma como a avalia\u00e7\u00e3o foi efetuada demonstra que os valores b\u00e1sicos de moral, \u00e9tica e civismo s\u00e3o absorvidos pelos jovens desde cedo.\u00a0 \u00a0<\/span><\/p>\n<p><span style=\"font-family: verdana, geneva, sans-serif; font-size: 14pt; color: #000000;\">Sem d\u00favida esse \u00e9 o pa\u00eds com o qual sonhamos.<\/span><\/p>\n<p style=\"text-align: center;\"><img data-recalc-dims=\"1\" fetchpriority=\"high\" decoding=\"async\" data-attachment-id=\"6191\" data-permalink=\"https:\/\/gersonguelmann.com.br\/blog\/prova-sem-fiscalizacao-aqui-no-brasil\/exercito\/\" data-orig-file=\"https:\/\/i0.wp.com\/gersonguelmann.com.br\/blog\/wp-content\/uploads\/2017\/12\/Ex%C3%A9rcito.jpg?fit=640%2C425&amp;ssl=1\" data-orig-size=\"640,425\" data-comments-opened=\"1\" data-image-meta=\"{&quot;aperture&quot;:&quot;8&quot;,&quot;credit&quot;:&quot;&quot;,&quot;camera&quot;:&quot;NIKON D90&quot;,&quot;caption&quot;:&quot;&quot;,&quot;created_timestamp&quot;:&quot;1510905932&quot;,&quot;copyright&quot;:&quot;&quot;,&quot;focal_length&quot;:&quot;35&quot;,&quot;iso&quot;:&quot;0&quot;,&quot;shutter_speed&quot;:&quot;0.016666666666667&quot;,&quot;title&quot;:&quot;&quot;,&quot;orientation&quot;:&quot;1&quot;}\" data-image-title=\"Ex\u00e9rcito\" data-image-description=\"\" data-image-caption=\"\" data-medium-file=\"https:\/\/i0.wp.com\/gersonguelmann.com.br\/blog\/wp-content\/uploads\/2017\/12\/Ex%C3%A9rcito.jpg?fit=300%2C199&amp;ssl=1\" data-large-file=\"https:\/\/i0.wp.com\/gersonguelmann.com.br\/blog\/wp-content\/uploads\/2017\/12\/Ex%C3%A9rcito.jpg?fit=640%2C425&amp;ssl=1\" class=\"alignnone size-medium wp-image-6191\" src=\"https:\/\/i0.wp.com\/gersonguelmann.com.br\/blog\/wp-content\/uploads\/2017\/12\/Ex%C3%A9rcito.jpg?resize=300%2C199&#038;ssl=1\" alt=\"\" width=\"300\" height=\"199\" srcset=\"https:\/\/i0.wp.com\/gersonguelmann.com.br\/blog\/wp-content\/uploads\/2017\/12\/Ex%C3%A9rcito.jpg?resize=300%2C199&amp;ssl=1 300w, https:\/\/i0.wp.com\/gersonguelmann.com.br\/blog\/wp-content\/uploads\/2017\/12\/Ex%C3%A9rcito.jpg?w=640&amp;ssl=1 640w\" sizes=\"(max-width: 300px) 100vw, 300px\" \/><\/p>\n","protected":false},"excerpt":{"rendered":"<p>No dia 17 de novembro passado, a Escola Preparat\u00f3ria de Cadetes do Ex\u00e9rcito realizou uma experi\u00eancia que teve um efeito demonstrativo de enorme valor. Objetivando o desenvolvimento dos valores relacionados \u00e0 honestidade e disciplina, a Cadeira de L\u00edngua Portuguesa aplicou uma prova sem qualquer tipo de fiscaliza\u00e7\u00e3o. Os alunos submetidos ao teste s\u00e3o egressos de [&hellip;]<\/p>\n","protected":false},"author":5,"featured_media":6191,"comment_status":"open","ping_status":"open","sticky":false,"template":"","format":"standard","meta":{"_acf_changed":false,"jetpack_post_was_ever_published":false,"_jetpack_newsletter_access":"","_jetpack_dont_email_post_to_subs":false,"_jetpack_newsletter_tier_id":0,"_jetpack_memberships_contains_paywalled_content":false,"_jetpack_memberships_contains_paid_content":false,"footnotes":"","jetpack_publicize_message":"","jetpack_publicize_feature_enabled":true,"jetpack_social_post_already_shared":true,"jetpack_social_options":{"image_generator_settings":{"template":"highway","default_image_id":0,"font":"","enabled":false},"version":2}},"categories":[1],"tags":[],"class_list":["post-6190","post","type-post","status-publish","format-standard","has-post-thumbnail","hentry","category-sem-categoria"],"acf":[],"yoast_head":"<!-- This site is optimized with the Yoast SEO plugin v27.3 - https:\/\/yoast.com\/product\/yoast-seo-wordpress\/ -->\n<title>Prova Sem Fiscaliza\u00e7\u00e3o. Aqui no Brasil! | Blog do Guelmann<\/title>\n<meta name=\"robots\" content=\"index, follow, max-snippet:-1, max-image-preview:large, max-video-preview:-1\" \/>\n<link rel=\"canonical\" href=\"https:\/\/gersonguelmann.com.br\/blog\/prova-sem-fiscalizacao-aqui-no-brasil\/\" \/>\n<meta property=\"og:locale\" content=\"pt_BR\" \/>\n<meta property=\"og:type\" content=\"article\" \/>\n<meta property=\"og:title\" content=\"Prova Sem Fiscaliza\u00e7\u00e3o. Aqui no Brasil! | Blog do Guelmann\" \/>\n<meta property=\"og:description\" content=\"No dia 17 de novembro passado, a Escola Preparat\u00f3ria de Cadetes do Ex\u00e9rcito realizou uma experi\u00eancia que teve um efeito demonstrativo de enorme valor. Objetivando o desenvolvimento dos valores relacionados \u00e0 honestidade e disciplina, a Cadeira de L\u00edngua Portuguesa aplicou uma prova sem qualquer tipo de fiscaliza\u00e7\u00e3o. Os alunos submetidos ao teste s\u00e3o egressos de [&hellip;]\" \/>\n<meta property=\"og:url\" content=\"https:\/\/gersonguelmann.com.br\/blog\/prova-sem-fiscalizacao-aqui-no-brasil\/\" \/>\n<meta property=\"og:site_name\" content=\"Blog do Guelmann\" \/>\n<meta property=\"article:published_time\" content=\"2017-12-27T15:00:34+00:00\" \/>\n<meta property=\"og:image\" content=\"https:\/\/i0.wp.com\/gersonguelmann.com.br\/blog\/wp-content\/uploads\/2017\/12\/Ex\u00e9rcito.jpg?fit=640%2C425&ssl=1\" \/>\n\t<meta property=\"og:image:width\" content=\"640\" \/>\n\t<meta property=\"og:image:height\" content=\"425\" \/>\n\t<meta property=\"og:image:type\" content=\"image\/jpeg\" \/>\n<meta name=\"author\" content=\"Gerson Guelmann\" \/>\n<meta name=\"twitter:card\" content=\"summary_large_image\" \/>\n<meta name=\"twitter:label1\" content=\"Escrito por\" \/>\n\t<meta name=\"twitter:data1\" content=\"Gerson Guelmann\" \/>\n\t<meta name=\"twitter:label2\" content=\"Est. tempo de leitura\" \/>\n\t<meta name=\"twitter:data2\" content=\"1 minuto\" \/>\n<script type=\"application\/ld+json\" class=\"yoast-schema-graph\">{\"@context\":\"https:\\\/\\\/schema.org\",\"@graph\":[{\"@type\":\"Article\",\"@id\":\"https:\\\/\\\/gersonguelmann.com.br\\\/blog\\\/prova-sem-fiscalizacao-aqui-no-brasil\\\/#article\",\"isPartOf\":{\"@id\":\"https:\\\/\\\/gersonguelmann.com.br\\\/blog\\\/prova-sem-fiscalizacao-aqui-no-brasil\\\/\"},\"author\":{\"name\":\"Gerson Guelmann\",\"@id\":\"https:\\\/\\\/gersonguelmann.com.br\\\/blog\\\/#\\\/schema\\\/person\\\/87e70e2a786888082f941a482c90569e\"},\"headline\":\"Prova Sem Fiscaliza\u00e7\u00e3o. Aqui no Brasil!\",\"datePublished\":\"2017-12-27T15:00:34+00:00\",\"mainEntityOfPage\":{\"@id\":\"https:\\\/\\\/gersonguelmann.com.br\\\/blog\\\/prova-sem-fiscalizacao-aqui-no-brasil\\\/\"},\"wordCount\":131,\"commentCount\":0,\"image\":{\"@id\":\"https:\\\/\\\/gersonguelmann.com.br\\\/blog\\\/prova-sem-fiscalizacao-aqui-no-brasil\\\/#primaryimage\"},\"thumbnailUrl\":\"https:\\\/\\\/i0.wp.com\\\/gersonguelmann.com.br\\\/blog\\\/wp-content\\\/uploads\\\/2017\\\/12\\\/Ex%C3%A9rcito.jpg?fit=640%2C425&ssl=1\",\"inLanguage\":\"pt-BR\",\"potentialAction\":[{\"@type\":\"CommentAction\",\"name\":\"Comment\",\"target\":[\"https:\\\/\\\/gersonguelmann.com.br\\\/blog\\\/prova-sem-fiscalizacao-aqui-no-brasil\\\/#respond\"]}]},{\"@type\":\"WebPage\",\"@id\":\"https:\\\/\\\/gersonguelmann.com.br\\\/blog\\\/prova-sem-fiscalizacao-aqui-no-brasil\\\/\",\"url\":\"https:\\\/\\\/gersonguelmann.com.br\\\/blog\\\/prova-sem-fiscalizacao-aqui-no-brasil\\\/\",\"name\":\"Prova Sem Fiscaliza\u00e7\u00e3o. Aqui no Brasil! | Blog do Guelmann\",\"isPartOf\":{\"@id\":\"https:\\\/\\\/gersonguelmann.com.br\\\/blog\\\/#website\"},\"primaryImageOfPage\":{\"@id\":\"https:\\\/\\\/gersonguelmann.com.br\\\/blog\\\/prova-sem-fiscalizacao-aqui-no-brasil\\\/#primaryimage\"},\"image\":{\"@id\":\"https:\\\/\\\/gersonguelmann.com.br\\\/blog\\\/prova-sem-fiscalizacao-aqui-no-brasil\\\/#primaryimage\"},\"thumbnailUrl\":\"https:\\\/\\\/i0.wp.com\\\/gersonguelmann.com.br\\\/blog\\\/wp-content\\\/uploads\\\/2017\\\/12\\\/Ex%C3%A9rcito.jpg?fit=640%2C425&ssl=1\",\"datePublished\":\"2017-12-27T15:00:34+00:00\",\"author\":{\"@id\":\"https:\\\/\\\/gersonguelmann.com.br\\\/blog\\\/#\\\/schema\\\/person\\\/87e70e2a786888082f941a482c90569e\"},\"inLanguage\":\"pt-BR\",\"potentialAction\":[{\"@type\":\"ReadAction\",\"target\":[\"https:\\\/\\\/gersonguelmann.com.br\\\/blog\\\/prova-sem-fiscalizacao-aqui-no-brasil\\\/\"]}]},{\"@type\":\"ImageObject\",\"inLanguage\":\"pt-BR\",\"@id\":\"https:\\\/\\\/gersonguelmann.com.br\\\/blog\\\/prova-sem-fiscalizacao-aqui-no-brasil\\\/#primaryimage\",\"url\":\"https:\\\/\\\/i0.wp.com\\\/gersonguelmann.com.br\\\/blog\\\/wp-content\\\/uploads\\\/2017\\\/12\\\/Ex%C3%A9rcito.jpg?fit=640%2C425&ssl=1\",\"contentUrl\":\"https:\\\/\\\/i0.wp.com\\\/gersonguelmann.com.br\\\/blog\\\/wp-content\\\/uploads\\\/2017\\\/12\\\/Ex%C3%A9rcito.jpg?fit=640%2C425&ssl=1\",\"width\":640,\"height\":425},{\"@type\":\"WebSite\",\"@id\":\"https:\\\/\\\/gersonguelmann.com.br\\\/blog\\\/#website\",\"url\":\"https:\\\/\\\/gersonguelmann.com.br\\\/blog\\\/\",\"name\":\"Blog do Guelmann\",\"description\":\"Pitadas da sabedoria e do humor judaicos, assuntos do momento e um pouco das hist\u00f3rias que vivi e testemunhei.\",\"potentialAction\":[{\"@type\":\"SearchAction\",\"target\":{\"@type\":\"EntryPoint\",\"urlTemplate\":\"https:\\\/\\\/gersonguelmann.com.br\\\/blog\\\/?s={search_term_string}\"},\"query-input\":{\"@type\":\"PropertyValueSpecification\",\"valueRequired\":true,\"valueName\":\"search_term_string\"}}],\"inLanguage\":\"pt-BR\"},{\"@type\":\"Person\",\"@id\":\"https:\\\/\\\/gersonguelmann.com.br\\\/blog\\\/#\\\/schema\\\/person\\\/87e70e2a786888082f941a482c90569e\",\"name\":\"Gerson Guelmann\",\"image\":{\"@type\":\"ImageObject\",\"inLanguage\":\"pt-BR\",\"@id\":\"https:\\\/\\\/i0.wp.com\\\/gersonguelmann.com.br\\\/blog\\\/wp-content\\\/uploads\\\/2021\\\/08\\\/BLOG.jpeg?fit=96%2C96&ssl=1\",\"url\":\"https:\\\/\\\/i0.wp.com\\\/gersonguelmann.com.br\\\/blog\\\/wp-content\\\/uploads\\\/2021\\\/08\\\/BLOG.jpeg?fit=96%2C96&ssl=1\",\"contentUrl\":\"https:\\\/\\\/i0.wp.com\\\/gersonguelmann.com.br\\\/blog\\\/wp-content\\\/uploads\\\/2021\\\/08\\\/BLOG.jpeg?fit=96%2C96&ssl=1\",\"caption\":\"Gerson Guelmann\"},\"description\":\"Pitadas da sabedoria e do humor judaicos, assuntos do momento e um pouco das hist\u00f3rias que vivi e testemunhei.\"}]}<\/script>\n<!-- \/ Yoast SEO plugin. -->","yoast_head_json":{"title":"Prova Sem Fiscaliza\u00e7\u00e3o. Aqui no Brasil! | Blog do Guelmann","robots":{"index":"index","follow":"follow","max-snippet":"max-snippet:-1","max-image-preview":"max-image-preview:large","max-video-preview":"max-video-preview:-1"},"canonical":"https:\/\/gersonguelmann.com.br\/blog\/prova-sem-fiscalizacao-aqui-no-brasil\/","og_locale":"pt_BR","og_type":"article","og_title":"Prova Sem Fiscaliza\u00e7\u00e3o. Aqui no Brasil! | Blog do Guelmann","og_description":"No dia 17 de novembro passado, a Escola Preparat\u00f3ria de Cadetes do Ex\u00e9rcito realizou uma experi\u00eancia que teve um efeito demonstrativo de enorme valor. Objetivando o desenvolvimento dos valores relacionados \u00e0 honestidade e disciplina, a Cadeira de L\u00edngua Portuguesa aplicou uma prova sem qualquer tipo de fiscaliza\u00e7\u00e3o. Os alunos submetidos ao teste s\u00e3o egressos de [&hellip;]","og_url":"https:\/\/gersonguelmann.com.br\/blog\/prova-sem-fiscalizacao-aqui-no-brasil\/","og_site_name":"Blog do Guelmann","article_published_time":"2017-12-27T15:00:34+00:00","og_image":[{"width":640,"height":425,"url":"https:\/\/i0.wp.com\/gersonguelmann.com.br\/blog\/wp-content\/uploads\/2017\/12\/Ex\u00e9rcito.jpg?fit=640%2C425&ssl=1","type":"image\/jpeg"}],"author":"Gerson Guelmann","twitter_card":"summary_large_image","twitter_misc":{"Escrito por":"Gerson Guelmann","Est. tempo de leitura":"1 minuto"},"schema":{"@context":"https:\/\/schema.org","@graph":[{"@type":"Article","@id":"https:\/\/gersonguelmann.com.br\/blog\/prova-sem-fiscalizacao-aqui-no-brasil\/#article","isPartOf":{"@id":"https:\/\/gersonguelmann.com.br\/blog\/prova-sem-fiscalizacao-aqui-no-brasil\/"},"author":{"name":"Gerson Guelmann","@id":"https:\/\/gersonguelmann.com.br\/blog\/#\/schema\/person\/87e70e2a786888082f941a482c90569e"},"headline":"Prova Sem Fiscaliza\u00e7\u00e3o. Aqui no Brasil!","datePublished":"2017-12-27T15:00:34+00:00","mainEntityOfPage":{"@id":"https:\/\/gersonguelmann.com.br\/blog\/prova-sem-fiscalizacao-aqui-no-brasil\/"},"wordCount":131,"commentCount":0,"image":{"@id":"https:\/\/gersonguelmann.com.br\/blog\/prova-sem-fiscalizacao-aqui-no-brasil\/#primaryimage"},"thumbnailUrl":"https:\/\/i0.wp.com\/gersonguelmann.com.br\/blog\/wp-content\/uploads\/2017\/12\/Ex%C3%A9rcito.jpg?fit=640%2C425&ssl=1","inLanguage":"pt-BR","potentialAction":[{"@type":"CommentAction","name":"Comment","target":["https:\/\/gersonguelmann.com.br\/blog\/prova-sem-fiscalizacao-aqui-no-brasil\/#respond"]}]},{"@type":"WebPage","@id":"https:\/\/gersonguelmann.com.br\/blog\/prova-sem-fiscalizacao-aqui-no-brasil\/","url":"https:\/\/gersonguelmann.com.br\/blog\/prova-sem-fiscalizacao-aqui-no-brasil\/","name":"Prova Sem Fiscaliza\u00e7\u00e3o. Aqui no Brasil! | Blog do Guelmann","isPartOf":{"@id":"https:\/\/gersonguelmann.com.br\/blog\/#website"},"primaryImageOfPage":{"@id":"https:\/\/gersonguelmann.com.br\/blog\/prova-sem-fiscalizacao-aqui-no-brasil\/#primaryimage"},"image":{"@id":"https:\/\/gersonguelmann.com.br\/blog\/prova-sem-fiscalizacao-aqui-no-brasil\/#primaryimage"},"thumbnailUrl":"https:\/\/i0.wp.com\/gersonguelmann.com.br\/blog\/wp-content\/uploads\/2017\/12\/Ex%C3%A9rcito.jpg?fit=640%2C425&ssl=1","datePublished":"2017-12-27T15:00:34+00:00","author":{"@id":"https:\/\/gersonguelmann.com.br\/blog\/#\/schema\/person\/87e70e2a786888082f941a482c90569e"},"inLanguage":"pt-BR","potentialAction":[{"@type":"ReadAction","target":["https:\/\/gersonguelmann.com.br\/blog\/prova-sem-fiscalizacao-aqui-no-brasil\/"]}]},{"@type":"ImageObject","inLanguage":"pt-BR","@id":"https:\/\/gersonguelmann.com.br\/blog\/prova-sem-fiscalizacao-aqui-no-brasil\/#primaryimage","url":"https:\/\/i0.wp.com\/gersonguelmann.com.br\/blog\/wp-content\/uploads\/2017\/12\/Ex%C3%A9rcito.jpg?fit=640%2C425&ssl=1","contentUrl":"https:\/\/i0.wp.com\/gersonguelmann.com.br\/blog\/wp-content\/uploads\/2017\/12\/Ex%C3%A9rcito.jpg?fit=640%2C425&ssl=1","width":640,"height":425},{"@type":"WebSite","@id":"https:\/\/gersonguelmann.com.br\/blog\/#website","url":"https:\/\/gersonguelmann.com.br\/blog\/","name":"Blog do Guelmann","description":"Pitadas da sabedoria e do humor judaicos, assuntos do momento e um pouco das hist\u00f3rias que vivi e testemunhei.","potentialAction":[{"@type":"SearchAction","target":{"@type":"EntryPoint","urlTemplate":"https:\/\/gersonguelmann.com.br\/blog\/?s={search_term_string}"},"query-input":{"@type":"PropertyValueSpecification","valueRequired":true,"valueName":"search_term_string"}}],"inLanguage":"pt-BR"},{"@type":"Person","@id":"https:\/\/gersonguelmann.com.br\/blog\/#\/schema\/person\/87e70e2a786888082f941a482c90569e","name":"Gerson Guelmann","image":{"@type":"ImageObject","inLanguage":"pt-BR","@id":"https:\/\/i0.wp.com\/gersonguelmann.com.br\/blog\/wp-content\/uploads\/2021\/08\/BLOG.jpeg?fit=96%2C96&ssl=1","url":"https:\/\/i0.wp.com\/gersonguelmann.com.br\/blog\/wp-content\/uploads\/2021\/08\/BLOG.jpeg?fit=96%2C96&ssl=1","contentUrl":"https:\/\/i0.wp.com\/gersonguelmann.com.br\/blog\/wp-content\/uploads\/2021\/08\/BLOG.jpeg?fit=96%2C96&ssl=1","caption":"Gerson Guelmann"},"description":"Pitadas da sabedoria e do humor judaicos, assuntos do momento e um pouco das hist\u00f3rias que vivi e testemunhei."}]}},"views":46,"jetpack_publicize_connections":[],"jetpack_featured_media_url":"https:\/\/i0.wp.com\/gersonguelmann.com.br\/blog\/wp-content\/uploads\/2017\/12\/Ex%C3%A9rcito.jpg?fit=640%2C425&ssl=1","jetpack_shortlink":"https:\/\/wp.me\/p96e7O-1BQ","jetpack-related-posts":[{"id":19117,"url":"https:\/\/gersonguelmann.com.br\/blog\/na-india-alunos-fizeram-prova-com-caixa-de-papelao-na-cabeca\/","url_meta":{"origin":6190,"position":0},"title":"Na \u00cdndia, Alunos Fizeram Prova Com Caixa de Papel\u00e3o na Cabe\u00e7a","author":"Gerson Guelmann","date":"5 de novembro de 2019","format":false,"excerpt":"Em tempos de \"bullying\" e dos cuidados com suas consequ\u00eancias, chama a aten\u00e7\u00e3o not\u00edcia publicada no site Yahoo! Not\u00edcias: Escola obriga alunos a fazerem prova com caixa de papel\u00e3o na cabe\u00e7a Reda\u00e7\u00e3o Not\u00edcias Yahoo Not\u00edcias 21 de outubro de 2019 Administrador diz que alunos 'consentiram' com a medida (Foto: Reprodu\u00e7\u00e3o\/Twitter\u2026","rel":"","context":"Em &quot;Sem categoria&quot;","block_context":{"text":"Sem categoria","link":"https:\/\/gersonguelmann.com.br\/blog\/category\/sem-categoria\/"},"img":{"alt_text":"","src":"https:\/\/i0.wp.com\/gersonguelmann.com.br\/blog\/wp-content\/uploads\/2019\/11\/Yahoo.jpg?fit=640%2C360&ssl=1&resize=350%2C200","width":350,"height":200,"srcset":"https:\/\/i0.wp.com\/gersonguelmann.com.br\/blog\/wp-content\/uploads\/2019\/11\/Yahoo.jpg?fit=640%2C360&ssl=1&resize=350%2C200 1x, https:\/\/i0.wp.com\/gersonguelmann.com.br\/blog\/wp-content\/uploads\/2019\/11\/Yahoo.jpg?fit=640%2C360&ssl=1&resize=525%2C300 1.5x"},"classes":[]},{"id":23519,"url":"https:\/\/gersonguelmann.com.br\/blog\/sexta-do-humor-e-da-cultura-judaica-o-marechal-russo-a-3a-guerra-mundial-e-o-exercito-de-israel\/","url_meta":{"origin":6190,"position":1},"title":"Sexta do Humor e da Cultura Judaica: O Marechal Russo, a 3\u00aa Guerra Mundial e o Ex\u00e9rcito de Israel","author":"Gerson Guelmann","date":"16 de agosto de 2024","format":false,"excerpt":"O Marechal Russo, a 3\u00aa Guerra Mundial e o Ex\u00e9rcito de Israel Na Escola Superior de Guerra da R\u00fassia, um velho e condecorado Marechal foi convidado a dar uma palestra aos jovens oficiais do ex\u00e9rcito vermelho. O tema em discuss\u00e3o era relacionado aos problemas decorrentes das amea\u00e7as estrangeiras e as\u2026","rel":"","context":"Em &quot;Sem categoria&quot;","block_context":{"text":"Sem categoria","link":"https:\/\/gersonguelmann.com.br\/blog\/category\/sem-categoria\/"},"img":{"alt_text":"","src":"https:\/\/i0.wp.com\/gersonguelmann.com.br\/blog\/wp-content\/uploads\/2024\/08\/HojePR-5-scaled.jpg?fit=1200%2C800&ssl=1&resize=350%2C200","width":350,"height":200,"srcset":"https:\/\/i0.wp.com\/gersonguelmann.com.br\/blog\/wp-content\/uploads\/2024\/08\/HojePR-5-scaled.jpg?fit=1200%2C800&ssl=1&resize=350%2C200 1x, https:\/\/i0.wp.com\/gersonguelmann.com.br\/blog\/wp-content\/uploads\/2024\/08\/HojePR-5-scaled.jpg?fit=1200%2C800&ssl=1&resize=525%2C300 1.5x, https:\/\/i0.wp.com\/gersonguelmann.com.br\/blog\/wp-content\/uploads\/2024\/08\/HojePR-5-scaled.jpg?fit=1200%2C800&ssl=1&resize=700%2C400 2x, https:\/\/i0.wp.com\/gersonguelmann.com.br\/blog\/wp-content\/uploads\/2024\/08\/HojePR-5-scaled.jpg?fit=1200%2C800&ssl=1&resize=1050%2C600 3x"},"classes":[]},{"id":132,"url":"https:\/\/gersonguelmann.com.br\/blog\/o-marechal-russo-a-3-guerra-mundial-e-o-exercito-de-israel\/","url_meta":{"origin":6190,"position":2},"title":"O Marechal Russo, a 3\u00aa Guerra Mundial e o Ex\u00e9rcito de Israel","author":"Gerson Guelmann","date":"19 de julho de 2022","format":false,"excerpt":"Na Escola Superior de Guerra da R\u00fassia, um velho e condecorado Marechal foi convidado a dar uma palestra aos jovens oficiais do ex\u00e9rcito vermelho. O tema em discuss\u00e3o era relacionado aos problemas decorrentes das amea\u00e7as estrangeiras e as estrat\u00e9gias que deveriam ser aplicadas em caso de um conflito. Aberta a\u2026","rel":"","context":"Em &quot;Sem categoria&quot;","block_context":{"text":"Sem categoria","link":"https:\/\/gersonguelmann.com.br\/blog\/category\/sem-categoria\/"},"img":{"alt_text":"","src":"https:\/\/i0.wp.com\/gersonguelmann.com.br\/blog\/wp-content\/uploads\/2022\/07\/RUSSIA.jpg?fit=1200%2C864&ssl=1&resize=350%2C200","width":350,"height":200,"srcset":"https:\/\/i0.wp.com\/gersonguelmann.com.br\/blog\/wp-content\/uploads\/2022\/07\/RUSSIA.jpg?fit=1200%2C864&ssl=1&resize=350%2C200 1x, https:\/\/i0.wp.com\/gersonguelmann.com.br\/blog\/wp-content\/uploads\/2022\/07\/RUSSIA.jpg?fit=1200%2C864&ssl=1&resize=525%2C300 1.5x, https:\/\/i0.wp.com\/gersonguelmann.com.br\/blog\/wp-content\/uploads\/2022\/07\/RUSSIA.jpg?fit=1200%2C864&ssl=1&resize=700%2C400 2x, https:\/\/i0.wp.com\/gersonguelmann.com.br\/blog\/wp-content\/uploads\/2022\/07\/RUSSIA.jpg?fit=1200%2C864&ssl=1&resize=1050%2C600 3x"},"classes":[]},{"id":4554,"url":"https:\/\/gersonguelmann.com.br\/blog\/nao-e-melhor-fechar-brasil-crianca-desmaia-de-fome-em-escola\/","url_meta":{"origin":6190,"position":3},"title":"N\u00e3o \u00e9 Melhor Fechar o Brasil? Crian\u00e7a Desmaia de Fome em Escola.","author":"Gerson Guelmann","date":"17 de novembro de 2017","format":false,"excerpt":"Na \u00faltima segunda-feira um menino de oito anos desmaiou de fome em uma escola do Cruzeiro, no Distrito Federal. A escola atende 250 crian\u00e7as\u00a0carentes que moram no Parano\u00e1 Parque e que todos os dias viajam 30 km para estudar. Para chegar na escola as 13h eles saem de casa as\u2026","rel":"","context":"Em &quot;Sem categoria&quot;","block_context":{"text":"Sem categoria","link":"https:\/\/gersonguelmann.com.br\/blog\/category\/sem-categoria\/"},"img":{"alt_text":"","src":"https:\/\/i0.wp.com\/gersonguelmann.com.br\/blog\/wp-content\/uploads\/2017\/11\/Mapa-Brasil.jpg?fit=1200%2C1072&ssl=1&resize=350%2C200","width":350,"height":200,"srcset":"https:\/\/i0.wp.com\/gersonguelmann.com.br\/blog\/wp-content\/uploads\/2017\/11\/Mapa-Brasil.jpg?fit=1200%2C1072&ssl=1&resize=350%2C200 1x, https:\/\/i0.wp.com\/gersonguelmann.com.br\/blog\/wp-content\/uploads\/2017\/11\/Mapa-Brasil.jpg?fit=1200%2C1072&ssl=1&resize=525%2C300 1.5x, https:\/\/i0.wp.com\/gersonguelmann.com.br\/blog\/wp-content\/uploads\/2017\/11\/Mapa-Brasil.jpg?fit=1200%2C1072&ssl=1&resize=700%2C400 2x, https:\/\/i0.wp.com\/gersonguelmann.com.br\/blog\/wp-content\/uploads\/2017\/11\/Mapa-Brasil.jpg?fit=1200%2C1072&ssl=1&resize=1050%2C600 3x"},"classes":[]},{"id":13165,"url":"https:\/\/gersonguelmann.com.br\/blog\/o-brasil-na-1a-guerra-mundial-1914-1918\/","url_meta":{"origin":6190,"position":4},"title":"O Brasil na 1\u00aa Guerra Mundial (1914-1918)","author":"Gerson Guelmann","date":"22 de maio de 2018","format":false,"excerpt":"Esta semana dois amigos me mandaram um texto extremamente interessante, que trata da participa\u00e7\u00e3o do Brasil na 1\u00aa Guerra Mundial. Na internet verifiquei que \u00e9 de autoria de Maria Tereza Mendes e foi publicado no Blog do Percival Puggina. Compartilho porque vale a pena conhecer a hist\u00f3ria: N\u00d3S TAMB\u00c9M TEMOS\u2026","rel":"","context":"Em &quot;Sem categoria&quot;","block_context":{"text":"Sem categoria","link":"https:\/\/gersonguelmann.com.br\/blog\/category\/sem-categoria\/"},"img":{"alt_text":"","src":"https:\/\/i0.wp.com\/gersonguelmann.com.br\/blog\/wp-content\/uploads\/2018\/05\/Placa.jpg?fit=1024%2C630&ssl=1&resize=350%2C200","width":350,"height":200,"srcset":"https:\/\/i0.wp.com\/gersonguelmann.com.br\/blog\/wp-content\/uploads\/2018\/05\/Placa.jpg?fit=1024%2C630&ssl=1&resize=350%2C200 1x, https:\/\/i0.wp.com\/gersonguelmann.com.br\/blog\/wp-content\/uploads\/2018\/05\/Placa.jpg?fit=1024%2C630&ssl=1&resize=525%2C300 1.5x, https:\/\/i0.wp.com\/gersonguelmann.com.br\/blog\/wp-content\/uploads\/2018\/05\/Placa.jpg?fit=1024%2C630&ssl=1&resize=700%2C400 2x"},"classes":[]},{"id":12484,"url":"https:\/\/gersonguelmann.com.br\/blog\/29-4-quando-os-alemaes-se-renderam-ao-brasil\/","url_meta":{"origin":6190,"position":5},"title":"29\/4: Quando os Alem\u00e3es se Renderam ao Brasil","author":"Gerson Guelmann","date":"4 de maio de 2018","format":false,"excerpt":"Texto muito interessante de fato hist\u00f3rico desconhecido por grande parte dos brasileiros: \"29 de abril, uma grande data ! Corria o ano de 1962 , um Oficial do Ex\u00e9rcito Brasileiro foi fazer interc\u00e2mbio na Alemanha com a Escola de Comando e Estado-Maior de l\u00e1. Os Oficiais alem\u00e3es convidaram o brasileiro\u2026","rel":"","context":"Em &quot;Sem categoria&quot;","block_context":{"text":"Sem categoria","link":"https:\/\/gersonguelmann.com.br\/blog\/category\/sem-categoria\/"},"img":{"alt_text":"","src":"https:\/\/i0.wp.com\/gersonguelmann.com.br\/blog\/wp-content\/uploads\/2018\/05\/1-193x300.jpg?resize=350%2C200&ssl=1","width":350,"height":200},"classes":[]}],"jetpack_sharing_enabled":true,"post_mailing_queue_ids":[],"_links":{"self":[{"href":"https:\/\/gersonguelmann.com.br\/blog\/wp-json\/wp\/v2\/posts\/6190","targetHints":{"allow":["GET"]}}],"collection":[{"href":"https:\/\/gersonguelmann.com.br\/blog\/wp-json\/wp\/v2\/posts"}],"about":[{"href":"https:\/\/gersonguelmann.com.br\/blog\/wp-json\/wp\/v2\/types\/post"}],"author":[{"embeddable":true,"href":"https:\/\/gersonguelmann.com.br\/blog\/wp-json\/wp\/v2\/users\/5"}],"replies":[{"embeddable":true,"href":"https:\/\/gersonguelmann.com.br\/blog\/wp-json\/wp\/v2\/comments?post=6190"}],"version-history":[{"count":0,"href":"https:\/\/gersonguelmann.com.br\/blog\/wp-json\/wp\/v2\/posts\/6190\/revisions"}],"wp:featuredmedia":[{"embeddable":true,"href":"https:\/\/gersonguelmann.com.br\/blog\/wp-json\/wp\/v2\/media\/6191"}],"wp:attachment":[{"href":"https:\/\/gersonguelmann.com.br\/blog\/wp-json\/wp\/v2\/media?parent=6190"}],"wp:term":[{"taxonomy":"category","embeddable":true,"href":"https:\/\/gersonguelmann.com.br\/blog\/wp-json\/wp\/v2\/categories?post=6190"},{"taxonomy":"post_tag","embeddable":true,"href":"https:\/\/gersonguelmann.com.br\/blog\/wp-json\/wp\/v2\/tags?post=6190"}],"curies":[{"name":"wp","href":"https:\/\/api.w.org\/{rel}","templated":true}]}}