    {"id":7849,"date":"2018-01-30T15:00:42","date_gmt":"2018-01-30T17:00:42","guid":{"rendered":"https:\/\/gersonguelmann.com.br\/blog\/?p=7849"},"modified":"2018-01-30T14:21:22","modified_gmt":"2018-01-30T16:21:22","slug":"o-mundo-amanha-assustador-ou-animador","status":"publish","type":"post","link":"https:\/\/gersonguelmann.com.br\/blog\/o-mundo-amanha-assustador-ou-animador\/","title":{"rendered":"O Mundo, Amanh\u00e3: Assustador ou Animador?"},"content":{"rendered":"<p style=\"text-align: center;\"><img data-recalc-dims=\"1\" fetchpriority=\"high\" decoding=\"async\" data-attachment-id=\"7851\" data-permalink=\"https:\/\/gersonguelmann.com.br\/blog\/o-mundo-amanha-assustador-ou-animador\/futuro\/\" data-orig-file=\"https:\/\/i0.wp.com\/gersonguelmann.com.br\/blog\/wp-content\/uploads\/2018\/01\/Futuro.jpg?fit=960%2C671&amp;ssl=1\" data-orig-size=\"960,671\" data-comments-opened=\"1\" data-image-meta=\"{&quot;aperture&quot;:&quot;0&quot;,&quot;credit&quot;:&quot;&quot;,&quot;camera&quot;:&quot;&quot;,&quot;caption&quot;:&quot;&quot;,&quot;created_timestamp&quot;:&quot;0&quot;,&quot;copyright&quot;:&quot;&quot;,&quot;focal_length&quot;:&quot;0&quot;,&quot;iso&quot;:&quot;0&quot;,&quot;shutter_speed&quot;:&quot;0&quot;,&quot;title&quot;:&quot;&quot;,&quot;orientation&quot;:&quot;0&quot;}\" data-image-title=\"Futuro\" data-image-description=\"\" data-image-caption=\"\" data-medium-file=\"https:\/\/i0.wp.com\/gersonguelmann.com.br\/blog\/wp-content\/uploads\/2018\/01\/Futuro.jpg?fit=300%2C210&amp;ssl=1\" data-large-file=\"https:\/\/i0.wp.com\/gersonguelmann.com.br\/blog\/wp-content\/uploads\/2018\/01\/Futuro.jpg?fit=640%2C447&amp;ssl=1\" class=\"alignnone size-medium wp-image-7851\" src=\"https:\/\/i0.wp.com\/gersonguelmann.com.br\/blog\/wp-content\/uploads\/2018\/01\/Futuro.jpg?resize=300%2C210&#038;ssl=1\" alt=\"\" width=\"300\" height=\"210\" srcset=\"https:\/\/i0.wp.com\/gersonguelmann.com.br\/blog\/wp-content\/uploads\/2018\/01\/Futuro.jpg?resize=300%2C210&amp;ssl=1 300w, https:\/\/i0.wp.com\/gersonguelmann.com.br\/blog\/wp-content\/uploads\/2018\/01\/Futuro.jpg?resize=768%2C537&amp;ssl=1 768w, https:\/\/i0.wp.com\/gersonguelmann.com.br\/blog\/wp-content\/uploads\/2018\/01\/Futuro.jpg?w=960&amp;ssl=1 960w\" sizes=\"(max-width: 300px) 100vw, 300px\" \/><\/p>\n<p><span style=\"font-family: verdana, geneva, sans-serif; font-size: 14pt; color: #000000;\">Acabou de ser publicado no YouTube um v\u00eddeo sobre a chamada &#8220;Quarta Revolu\u00e7\u00e3o Industrial&#8221;.<\/span><\/p>\n<p><span style=\"font-family: verdana, geneva, sans-serif; font-size: 14pt; color: #000000;\">Ele pretende ser uma s\u00edntese do que a tecnologia nos trar\u00e1 a curto prazo.<\/span><\/p>\n<p><span style=\"font-family: verdana, geneva, sans-serif; font-size: 14pt; color: #000000;\">Assisti-o algumas vezes e me parece que algumas informa\u00e7\u00f5es s\u00e3o um pouco assustadoras. <\/span><\/p>\n<p><span style=\"font-family: verdana, geneva, sans-serif; font-size: 14pt; color: #000000;\">N\u00e3o tenho conhecimento para avaliar se todos os pontos abordados t\u00eam fundamenta\u00e7\u00e3o cient\u00edfica, mas sem \u00favida \u00e9 um assunto intrigante.<\/span><\/p>\n<p><span class=\"embed-youtube\" style=\"text-align:center; display: block;\"><iframe class=\"youtube-player\" width=\"640\" height=\"360\" src=\"https:\/\/www.youtube.com\/embed\/5opFkXH68NY?version=3&#038;rel=1&#038;showsearch=0&#038;showinfo=1&#038;iv_load_policy=1&#038;fs=1&#038;hl=pt-BR&#038;autohide=2&#038;wmode=transparent\" allowfullscreen=\"true\" style=\"border:0;\" sandbox=\"allow-scripts allow-same-origin allow-popups allow-presentation allow-popups-to-escape-sandbox\"><\/iframe><\/span><\/p>\n<p>&nbsp;<\/p>\n","protected":false},"excerpt":{"rendered":"<p>Acabou de ser publicado no YouTube um v\u00eddeo sobre a chamada &#8220;Quarta Revolu\u00e7\u00e3o Industrial&#8221;. Ele pretende ser uma s\u00edntese do que a tecnologia nos trar\u00e1 a curto prazo. Assisti-o algumas vezes e me parece que algumas informa\u00e7\u00f5es s\u00e3o um pouco assustadoras. N\u00e3o tenho conhecimento para avaliar se todos os pontos abordados t\u00eam fundamenta\u00e7\u00e3o cient\u00edfica, mas [&hellip;]<\/p>\n","protected":false},"author":5,"featured_media":7851,"comment_status":"open","ping_status":"open","sticky":false,"template":"","format":"standard","meta":{"_acf_changed":false,"jetpack_post_was_ever_published":false,"_jetpack_newsletter_access":"","_jetpack_dont_email_post_to_subs":false,"_jetpack_newsletter_tier_id":0,"_jetpack_memberships_contains_paywalled_content":false,"_jetpack_memberships_contains_paid_content":false,"footnotes":"","jetpack_publicize_message":"","jetpack_publicize_feature_enabled":true,"jetpack_social_post_already_shared":true,"jetpack_social_options":{"image_generator_settings":{"template":"highway","default_image_id":0,"font":"","enabled":false},"version":2}},"categories":[1],"tags":[],"class_list":["post-7849","post","type-post","status-publish","format-standard","has-post-thumbnail","hentry","category-sem-categoria"],"acf":[],"yoast_head":"<!-- This site is optimized with the Yoast SEO plugin v27.3 - https:\/\/yoast.com\/product\/yoast-seo-wordpress\/ -->\n<title>O Mundo, Amanh\u00e3: Assustador ou Animador? | Blog do Guelmann<\/title>\n<meta name=\"robots\" content=\"index, follow, max-snippet:-1, max-image-preview:large, max-video-preview:-1\" \/>\n<link rel=\"canonical\" href=\"https:\/\/gersonguelmann.com.br\/blog\/o-mundo-amanha-assustador-ou-animador\/\" \/>\n<meta property=\"og:locale\" content=\"pt_BR\" \/>\n<meta property=\"og:type\" content=\"article\" \/>\n<meta property=\"og:title\" content=\"O Mundo, Amanh\u00e3: Assustador ou Animador? | Blog do Guelmann\" \/>\n<meta property=\"og:description\" content=\"Acabou de ser publicado no YouTube um v\u00eddeo sobre a chamada &#8220;Quarta Revolu\u00e7\u00e3o Industrial&#8221;. Ele pretende ser uma s\u00edntese do que a tecnologia nos trar\u00e1 a curto prazo. Assisti-o algumas vezes e me parece que algumas informa\u00e7\u00f5es s\u00e3o um pouco assustadoras. N\u00e3o tenho conhecimento para avaliar se todos os pontos abordados t\u00eam fundamenta\u00e7\u00e3o cient\u00edfica, mas [&hellip;]\" \/>\n<meta property=\"og:url\" content=\"https:\/\/gersonguelmann.com.br\/blog\/o-mundo-amanha-assustador-ou-animador\/\" \/>\n<meta property=\"og:site_name\" content=\"Blog do Guelmann\" \/>\n<meta property=\"article:published_time\" content=\"2018-01-30T17:00:42+00:00\" \/>\n<meta property=\"og:image\" content=\"https:\/\/i0.wp.com\/gersonguelmann.com.br\/blog\/wp-content\/uploads\/2018\/01\/Futuro.jpg?fit=960%2C671&ssl=1\" \/>\n\t<meta property=\"og:image:width\" content=\"960\" \/>\n\t<meta property=\"og:image:height\" content=\"671\" \/>\n\t<meta property=\"og:image:type\" content=\"image\/jpeg\" \/>\n<meta name=\"author\" content=\"Gerson Guelmann\" \/>\n<meta name=\"twitter:card\" content=\"summary_large_image\" \/>\n<meta name=\"twitter:label1\" content=\"Escrito por\" \/>\n\t<meta name=\"twitter:data1\" content=\"Gerson Guelmann\" \/>\n<script type=\"application\/ld+json\" class=\"yoast-schema-graph\">{\"@context\":\"https:\\\/\\\/schema.org\",\"@graph\":[{\"@type\":\"Article\",\"@id\":\"https:\\\/\\\/gersonguelmann.com.br\\\/blog\\\/o-mundo-amanha-assustador-ou-animador\\\/#article\",\"isPartOf\":{\"@id\":\"https:\\\/\\\/gersonguelmann.com.br\\\/blog\\\/o-mundo-amanha-assustador-ou-animador\\\/\"},\"author\":{\"name\":\"Gerson Guelmann\",\"@id\":\"https:\\\/\\\/gersonguelmann.com.br\\\/blog\\\/#\\\/schema\\\/person\\\/87e70e2a786888082f941a482c90569e\"},\"headline\":\"O Mundo, Amanh\u00e3: Assustador ou Animador?\",\"datePublished\":\"2018-01-30T17:00:42+00:00\",\"mainEntityOfPage\":{\"@id\":\"https:\\\/\\\/gersonguelmann.com.br\\\/blog\\\/o-mundo-amanha-assustador-ou-animador\\\/\"},\"wordCount\":84,\"commentCount\":0,\"image\":{\"@id\":\"https:\\\/\\\/gersonguelmann.com.br\\\/blog\\\/o-mundo-amanha-assustador-ou-animador\\\/#primaryimage\"},\"thumbnailUrl\":\"https:\\\/\\\/i0.wp.com\\\/gersonguelmann.com.br\\\/blog\\\/wp-content\\\/uploads\\\/2018\\\/01\\\/Futuro.jpg?fit=960%2C671&ssl=1\",\"inLanguage\":\"pt-BR\",\"potentialAction\":[{\"@type\":\"CommentAction\",\"name\":\"Comment\",\"target\":[\"https:\\\/\\\/gersonguelmann.com.br\\\/blog\\\/o-mundo-amanha-assustador-ou-animador\\\/#respond\"]}]},{\"@type\":\"WebPage\",\"@id\":\"https:\\\/\\\/gersonguelmann.com.br\\\/blog\\\/o-mundo-amanha-assustador-ou-animador\\\/\",\"url\":\"https:\\\/\\\/gersonguelmann.com.br\\\/blog\\\/o-mundo-amanha-assustador-ou-animador\\\/\",\"name\":\"O Mundo, Amanh\u00e3: Assustador ou Animador? | Blog do Guelmann\",\"isPartOf\":{\"@id\":\"https:\\\/\\\/gersonguelmann.com.br\\\/blog\\\/#website\"},\"primaryImageOfPage\":{\"@id\":\"https:\\\/\\\/gersonguelmann.com.br\\\/blog\\\/o-mundo-amanha-assustador-ou-animador\\\/#primaryimage\"},\"image\":{\"@id\":\"https:\\\/\\\/gersonguelmann.com.br\\\/blog\\\/o-mundo-amanha-assustador-ou-animador\\\/#primaryimage\"},\"thumbnailUrl\":\"https:\\\/\\\/i0.wp.com\\\/gersonguelmann.com.br\\\/blog\\\/wp-content\\\/uploads\\\/2018\\\/01\\\/Futuro.jpg?fit=960%2C671&ssl=1\",\"datePublished\":\"2018-01-30T17:00:42+00:00\",\"author\":{\"@id\":\"https:\\\/\\\/gersonguelmann.com.br\\\/blog\\\/#\\\/schema\\\/person\\\/87e70e2a786888082f941a482c90569e\"},\"inLanguage\":\"pt-BR\",\"potentialAction\":[{\"@type\":\"ReadAction\",\"target\":[\"https:\\\/\\\/gersonguelmann.com.br\\\/blog\\\/o-mundo-amanha-assustador-ou-animador\\\/\"]}]},{\"@type\":\"ImageObject\",\"inLanguage\":\"pt-BR\",\"@id\":\"https:\\\/\\\/gersonguelmann.com.br\\\/blog\\\/o-mundo-amanha-assustador-ou-animador\\\/#primaryimage\",\"url\":\"https:\\\/\\\/i0.wp.com\\\/gersonguelmann.com.br\\\/blog\\\/wp-content\\\/uploads\\\/2018\\\/01\\\/Futuro.jpg?fit=960%2C671&ssl=1\",\"contentUrl\":\"https:\\\/\\\/i0.wp.com\\\/gersonguelmann.com.br\\\/blog\\\/wp-content\\\/uploads\\\/2018\\\/01\\\/Futuro.jpg?fit=960%2C671&ssl=1\",\"width\":960,\"height\":671},{\"@type\":\"WebSite\",\"@id\":\"https:\\\/\\\/gersonguelmann.com.br\\\/blog\\\/#website\",\"url\":\"https:\\\/\\\/gersonguelmann.com.br\\\/blog\\\/\",\"name\":\"Blog do Guelmann\",\"description\":\"Pitadas da sabedoria e do humor judaicos, assuntos do momento e um pouco das hist\u00f3rias que vivi e testemunhei.\",\"potentialAction\":[{\"@type\":\"SearchAction\",\"target\":{\"@type\":\"EntryPoint\",\"urlTemplate\":\"https:\\\/\\\/gersonguelmann.com.br\\\/blog\\\/?s={search_term_string}\"},\"query-input\":{\"@type\":\"PropertyValueSpecification\",\"valueRequired\":true,\"valueName\":\"search_term_string\"}}],\"inLanguage\":\"pt-BR\"},{\"@type\":\"Person\",\"@id\":\"https:\\\/\\\/gersonguelmann.com.br\\\/blog\\\/#\\\/schema\\\/person\\\/87e70e2a786888082f941a482c90569e\",\"name\":\"Gerson Guelmann\",\"image\":{\"@type\":\"ImageObject\",\"inLanguage\":\"pt-BR\",\"@id\":\"https:\\\/\\\/i0.wp.com\\\/gersonguelmann.com.br\\\/blog\\\/wp-content\\\/uploads\\\/2021\\\/08\\\/BLOG.jpeg?fit=96%2C96&ssl=1\",\"url\":\"https:\\\/\\\/i0.wp.com\\\/gersonguelmann.com.br\\\/blog\\\/wp-content\\\/uploads\\\/2021\\\/08\\\/BLOG.jpeg?fit=96%2C96&ssl=1\",\"contentUrl\":\"https:\\\/\\\/i0.wp.com\\\/gersonguelmann.com.br\\\/blog\\\/wp-content\\\/uploads\\\/2021\\\/08\\\/BLOG.jpeg?fit=96%2C96&ssl=1\",\"caption\":\"Gerson Guelmann\"},\"description\":\"Pitadas da sabedoria e do humor judaicos, assuntos do momento e um pouco das hist\u00f3rias que vivi e testemunhei.\"}]}<\/script>\n<!-- \/ Yoast SEO plugin. -->","yoast_head_json":{"title":"O Mundo, Amanh\u00e3: Assustador ou Animador? | Blog do Guelmann","robots":{"index":"index","follow":"follow","max-snippet":"max-snippet:-1","max-image-preview":"max-image-preview:large","max-video-preview":"max-video-preview:-1"},"canonical":"https:\/\/gersonguelmann.com.br\/blog\/o-mundo-amanha-assustador-ou-animador\/","og_locale":"pt_BR","og_type":"article","og_title":"O Mundo, Amanh\u00e3: Assustador ou Animador? | Blog do Guelmann","og_description":"Acabou de ser publicado no YouTube um v\u00eddeo sobre a chamada &#8220;Quarta Revolu\u00e7\u00e3o Industrial&#8221;. Ele pretende ser uma s\u00edntese do que a tecnologia nos trar\u00e1 a curto prazo. Assisti-o algumas vezes e me parece que algumas informa\u00e7\u00f5es s\u00e3o um pouco assustadoras. N\u00e3o tenho conhecimento para avaliar se todos os pontos abordados t\u00eam fundamenta\u00e7\u00e3o cient\u00edfica, mas [&hellip;]","og_url":"https:\/\/gersonguelmann.com.br\/blog\/o-mundo-amanha-assustador-ou-animador\/","og_site_name":"Blog do Guelmann","article_published_time":"2018-01-30T17:00:42+00:00","og_image":[{"width":960,"height":671,"url":"https:\/\/i0.wp.com\/gersonguelmann.com.br\/blog\/wp-content\/uploads\/2018\/01\/Futuro.jpg?fit=960%2C671&ssl=1","type":"image\/jpeg"}],"author":"Gerson Guelmann","twitter_card":"summary_large_image","twitter_misc":{"Escrito por":"Gerson Guelmann"},"schema":{"@context":"https:\/\/schema.org","@graph":[{"@type":"Article","@id":"https:\/\/gersonguelmann.com.br\/blog\/o-mundo-amanha-assustador-ou-animador\/#article","isPartOf":{"@id":"https:\/\/gersonguelmann.com.br\/blog\/o-mundo-amanha-assustador-ou-animador\/"},"author":{"name":"Gerson Guelmann","@id":"https:\/\/gersonguelmann.com.br\/blog\/#\/schema\/person\/87e70e2a786888082f941a482c90569e"},"headline":"O Mundo, Amanh\u00e3: Assustador ou Animador?","datePublished":"2018-01-30T17:00:42+00:00","mainEntityOfPage":{"@id":"https:\/\/gersonguelmann.com.br\/blog\/o-mundo-amanha-assustador-ou-animador\/"},"wordCount":84,"commentCount":0,"image":{"@id":"https:\/\/gersonguelmann.com.br\/blog\/o-mundo-amanha-assustador-ou-animador\/#primaryimage"},"thumbnailUrl":"https:\/\/i0.wp.com\/gersonguelmann.com.br\/blog\/wp-content\/uploads\/2018\/01\/Futuro.jpg?fit=960%2C671&ssl=1","inLanguage":"pt-BR","potentialAction":[{"@type":"CommentAction","name":"Comment","target":["https:\/\/gersonguelmann.com.br\/blog\/o-mundo-amanha-assustador-ou-animador\/#respond"]}]},{"@type":"WebPage","@id":"https:\/\/gersonguelmann.com.br\/blog\/o-mundo-amanha-assustador-ou-animador\/","url":"https:\/\/gersonguelmann.com.br\/blog\/o-mundo-amanha-assustador-ou-animador\/","name":"O Mundo, Amanh\u00e3: Assustador ou Animador? | Blog do Guelmann","isPartOf":{"@id":"https:\/\/gersonguelmann.com.br\/blog\/#website"},"primaryImageOfPage":{"@id":"https:\/\/gersonguelmann.com.br\/blog\/o-mundo-amanha-assustador-ou-animador\/#primaryimage"},"image":{"@id":"https:\/\/gersonguelmann.com.br\/blog\/o-mundo-amanha-assustador-ou-animador\/#primaryimage"},"thumbnailUrl":"https:\/\/i0.wp.com\/gersonguelmann.com.br\/blog\/wp-content\/uploads\/2018\/01\/Futuro.jpg?fit=960%2C671&ssl=1","datePublished":"2018-01-30T17:00:42+00:00","author":{"@id":"https:\/\/gersonguelmann.com.br\/blog\/#\/schema\/person\/87e70e2a786888082f941a482c90569e"},"inLanguage":"pt-BR","potentialAction":[{"@type":"ReadAction","target":["https:\/\/gersonguelmann.com.br\/blog\/o-mundo-amanha-assustador-ou-animador\/"]}]},{"@type":"ImageObject","inLanguage":"pt-BR","@id":"https:\/\/gersonguelmann.com.br\/blog\/o-mundo-amanha-assustador-ou-animador\/#primaryimage","url":"https:\/\/i0.wp.com\/gersonguelmann.com.br\/blog\/wp-content\/uploads\/2018\/01\/Futuro.jpg?fit=960%2C671&ssl=1","contentUrl":"https:\/\/i0.wp.com\/gersonguelmann.com.br\/blog\/wp-content\/uploads\/2018\/01\/Futuro.jpg?fit=960%2C671&ssl=1","width":960,"height":671},{"@type":"WebSite","@id":"https:\/\/gersonguelmann.com.br\/blog\/#website","url":"https:\/\/gersonguelmann.com.br\/blog\/","name":"Blog do Guelmann","description":"Pitadas da sabedoria e do humor judaicos, assuntos do momento e um pouco das hist\u00f3rias que vivi e testemunhei.","potentialAction":[{"@type":"SearchAction","target":{"@type":"EntryPoint","urlTemplate":"https:\/\/gersonguelmann.com.br\/blog\/?s={search_term_string}"},"query-input":{"@type":"PropertyValueSpecification","valueRequired":true,"valueName":"search_term_string"}}],"inLanguage":"pt-BR"},{"@type":"Person","@id":"https:\/\/gersonguelmann.com.br\/blog\/#\/schema\/person\/87e70e2a786888082f941a482c90569e","name":"Gerson Guelmann","image":{"@type":"ImageObject","inLanguage":"pt-BR","@id":"https:\/\/i0.wp.com\/gersonguelmann.com.br\/blog\/wp-content\/uploads\/2021\/08\/BLOG.jpeg?fit=96%2C96&ssl=1","url":"https:\/\/i0.wp.com\/gersonguelmann.com.br\/blog\/wp-content\/uploads\/2021\/08\/BLOG.jpeg?fit=96%2C96&ssl=1","contentUrl":"https:\/\/i0.wp.com\/gersonguelmann.com.br\/blog\/wp-content\/uploads\/2021\/08\/BLOG.jpeg?fit=96%2C96&ssl=1","caption":"Gerson Guelmann"},"description":"Pitadas da sabedoria e do humor judaicos, assuntos do momento e um pouco das hist\u00f3rias que vivi e testemunhei."}]}},"views":81,"jetpack_publicize_connections":[],"jetpack_featured_media_url":"https:\/\/i0.wp.com\/gersonguelmann.com.br\/blog\/wp-content\/uploads\/2018\/01\/Futuro.jpg?fit=960%2C671&ssl=1","jetpack_shortlink":"https:\/\/wp.me\/p96e7O-22B","jetpack-related-posts":[{"id":17050,"url":"https:\/\/gersonguelmann.com.br\/blog\/mande-para-aquele-amigo-que-acha-que-sabe-assobiar\/","url_meta":{"origin":7849,"position":0},"title":"Mande Para Aquele Amigo Que Acha Que Sabe Assobiar","author":"Gerson Guelmann","date":"14 de junho de 2019","format":false,"excerpt":"Algumas pessoas t\u00eam habilidade para assobiar, \u00e9 verdade. E h\u00e1 aqueles que al\u00e9m de assobiar alto e de formas diferentes, s\u00e3o afinados. O m\u00fasico Roger Whittaker \u00e9 um desses. Al\u00e9m de ser cantor e compositor, \u00e9 conhecido por ser um excelente guitarrista e um extraordin\u00e1rio assobiador. Em um concerto ele\u2026","rel":"","context":"Em &quot;Sem categoria&quot;","block_context":{"text":"Sem categoria","link":"https:\/\/gersonguelmann.com.br\/blog\/category\/sem-categoria\/"},"img":{"alt_text":"","src":"https:\/\/i0.wp.com\/gersonguelmann.com.br\/blog\/wp-content\/uploads\/2019\/06\/whistling.jpg?fit=453%2C340&ssl=1&resize=350%2C200","width":350,"height":200},"classes":[]},{"id":14574,"url":"https:\/\/gersonguelmann.com.br\/blog\/depressao-aplicativo-de-celular-ajuda-no-tratamento\/","url_meta":{"origin":7849,"position":1},"title":"Depress\u00e3o: Aplicativo de Celular Ajuda no Tratamento","author":"Gerson Guelmann","date":"9 de julho de 2018","format":false,"excerpt":"Boa not\u00edcia, publicada no site Tecmundo, que compartilho com satisfa\u00e7\u00e3o: Medicina digital: app que trata depress\u00e3o \u00e9 aprovado para uso no Brasil POR\u00a0LEONARDO M\u00dcLLER\u00a0|\u00a0@leowmuller -\u00a0EM\u00a0SOFTWARE -\u00a0\u00a009 JUL 2018 \u2014 18H11 Um novo tratamento para depress\u00e3o foi aprovado pela Anvisa, a Ag\u00eancia Nacional de Vigil\u00e2ncia Sanit\u00e1ria. Diferente do que voc\u00ea poderia\u2026","rel":"","context":"Em &quot;Sem categoria&quot;","block_context":{"text":"Sem categoria","link":"https:\/\/gersonguelmann.com.br\/blog\/category\/sem-categoria\/"},"img":{"alt_text":"","src":"https:\/\/i0.wp.com\/gersonguelmann.com.br\/blog\/wp-content\/uploads\/2018\/07\/depression.jpg?fit=960%2C538&ssl=1&resize=350%2C200","width":350,"height":200,"srcset":"https:\/\/i0.wp.com\/gersonguelmann.com.br\/blog\/wp-content\/uploads\/2018\/07\/depression.jpg?fit=960%2C538&ssl=1&resize=350%2C200 1x, https:\/\/i0.wp.com\/gersonguelmann.com.br\/blog\/wp-content\/uploads\/2018\/07\/depression.jpg?fit=960%2C538&ssl=1&resize=525%2C300 1.5x, https:\/\/i0.wp.com\/gersonguelmann.com.br\/blog\/wp-content\/uploads\/2018\/07\/depression.jpg?fit=960%2C538&ssl=1&resize=700%2C400 2x"},"classes":[]},{"id":9103,"url":"https:\/\/gersonguelmann.com.br\/blog\/voce-dorme-de-lado-entao-precisa-de-um-travesseiro-assim\/","url_meta":{"origin":7849,"position":2},"title":"Voc\u00ea Dorme de Lado? Ent\u00e3o Precisa de Um Travesseiro Assim!","author":"Gerson Guelmann","date":"25 de fevereiro de 2018","format":false,"excerpt":"Minha filha Daniela, que mora em Malta, esteve em Curitiba h\u00e1 algumas semanas e me trouxe um presente fant\u00e1stico:\u00a0 - um travesseiro ortop\u00e9dico como esse da foto, fabricado na Alemanha, recomendado para pessoas que dormem de lado. N\u00e3o d\u00e1 para descrever a experi\u00eancia. Dormindo 70 anos com os travesseiros \"normais\",\u2026","rel":"","context":"Em &quot;Sem categoria&quot;","block_context":{"text":"Sem categoria","link":"https:\/\/gersonguelmann.com.br\/blog\/category\/sem-categoria\/"},"img":{"alt_text":"","src":"https:\/\/i0.wp.com\/gersonguelmann.com.br\/blog\/wp-content\/uploads\/2018\/02\/Travesseiro-1.jpg?fit=1200%2C1200&ssl=1&resize=350%2C200","width":350,"height":200,"srcset":"https:\/\/i0.wp.com\/gersonguelmann.com.br\/blog\/wp-content\/uploads\/2018\/02\/Travesseiro-1.jpg?fit=1200%2C1200&ssl=1&resize=350%2C200 1x, https:\/\/i0.wp.com\/gersonguelmann.com.br\/blog\/wp-content\/uploads\/2018\/02\/Travesseiro-1.jpg?fit=1200%2C1200&ssl=1&resize=525%2C300 1.5x, https:\/\/i0.wp.com\/gersonguelmann.com.br\/blog\/wp-content\/uploads\/2018\/02\/Travesseiro-1.jpg?fit=1200%2C1200&ssl=1&resize=700%2C400 2x, https:\/\/i0.wp.com\/gersonguelmann.com.br\/blog\/wp-content\/uploads\/2018\/02\/Travesseiro-1.jpg?fit=1200%2C1200&ssl=1&resize=1050%2C600 3x"},"classes":[]},{"id":21688,"url":"https:\/\/gersonguelmann.com.br\/blog\/como-voce-faz-para-escapar-de-conversas-interminaveis\/","url_meta":{"origin":7849,"position":3},"title":"Como Voc\u00ea Faz Para Escapar de Conversas Intermin\u00e1veis?","author":"Gerson Guelmann","date":"3 de mar\u00e7o de 2021","format":false,"excerpt":"Como a gente costuma dizer, QUEM NUNCA? Imposs\u00edvel algu\u00e9m jamais ter passado por uma situa\u00e7\u00e3o como essa: uma conversa que pode ter se originado por in\u00fameras raz\u00f5es, de repente deixa de ser interessante, vira um t\u00e9dio e voc\u00ea n\u00e3o sabe como escapar... Leia mat\u00e9ria sobre isso, publicada hoje no portal\u2026","rel":"","context":"Em &quot;Sem categoria&quot;","block_context":{"text":"Sem categoria","link":"https:\/\/gersonguelmann.com.br\/blog\/category\/sem-categoria\/"},"img":{"alt_text":"","src":"https:\/\/i0.wp.com\/gersonguelmann.com.br\/blog\/wp-content\/uploads\/2021\/03\/dreamstimefree_4712816-scaled.jpg?fit=1200%2C798&ssl=1&resize=350%2C200","width":350,"height":200,"srcset":"https:\/\/i0.wp.com\/gersonguelmann.com.br\/blog\/wp-content\/uploads\/2021\/03\/dreamstimefree_4712816-scaled.jpg?fit=1200%2C798&ssl=1&resize=350%2C200 1x, https:\/\/i0.wp.com\/gersonguelmann.com.br\/blog\/wp-content\/uploads\/2021\/03\/dreamstimefree_4712816-scaled.jpg?fit=1200%2C798&ssl=1&resize=525%2C300 1.5x, https:\/\/i0.wp.com\/gersonguelmann.com.br\/blog\/wp-content\/uploads\/2021\/03\/dreamstimefree_4712816-scaled.jpg?fit=1200%2C798&ssl=1&resize=700%2C400 2x, https:\/\/i0.wp.com\/gersonguelmann.com.br\/blog\/wp-content\/uploads\/2021\/03\/dreamstimefree_4712816-scaled.jpg?fit=1200%2C798&ssl=1&resize=1050%2C600 3x"},"classes":[]},{"id":12962,"url":"https:\/\/gersonguelmann.com.br\/blog\/grupos-de-whatsapp-agora-com-novidades\/","url_meta":{"origin":7849,"position":4},"title":"Grupos de WhatsApp Agora Com Novidades","author":"Gerson Guelmann","date":"15 de maio de 2018","format":false,"excerpt":"O aplicativo WhatsApp implantou hoje algumas facilidades voltadas aos Grupos. As novidades s\u00e3o as seguintes: Descri\u00e7\u00e3o do grupo:\u00a0a partir de agora ser\u00e1 poss\u00edvel adicionar um breve resumo com o prop\u00f3sito, as diretrizes ou os t\u00f3picos do grupo, para as pessoas vejam isso ao entrar em um grupo. \u00a0\u00a0 Controles de\u2026","rel":"","context":"Em &quot;Sem categoria&quot;","block_context":{"text":"Sem categoria","link":"https:\/\/gersonguelmann.com.br\/blog\/category\/sem-categoria\/"},"img":{"alt_text":"","src":"https:\/\/i0.wp.com\/gersonguelmann.com.br\/blog\/wp-content\/uploads\/2018\/05\/whatsapp-groups.jpg?fit=400%2C267&ssl=1&resize=350%2C200","width":350,"height":200},"classes":[]},{"id":20275,"url":"https:\/\/gersonguelmann.com.br\/blog\/pai-idiota-filho-idiota-aguardemos-o-neto\/","url_meta":{"origin":7849,"position":5},"title":"Pai Idiota, Filho Idiota. Aguardemos o Neto.","author":"Gerson Guelmann","date":"11 de dezembro de 2020","format":false,"excerpt":"Coisas que nos levam a pensar que algumas pessoas decidiram contrariar Darwin e ir na contram\u00e3o da Evolu\u00e7\u00e3o: qua., 9 de dezembro de 2020 Filho que matou pai com brincadeira de tapa na cara n\u00e3o ser\u00e1 autuado por homic\u00eddio A Justi\u00e7a brit\u00e2nica liberou um jovem das acusa\u00e7\u00f5es de homic\u00eddio culposo,\u2026","rel":"","context":"Em &quot;Sem categoria&quot;","block_context":{"text":"Sem categoria","link":"https:\/\/gersonguelmann.com.br\/blog\/category\/sem-categoria\/"},"img":{"alt_text":"","src":"https:\/\/i0.wp.com\/gersonguelmann.com.br\/blog\/wp-content\/uploads\/2020\/12\/PAI.jpg?fit=553%2C720&ssl=1&resize=350%2C200","width":350,"height":200,"srcset":"https:\/\/i0.wp.com\/gersonguelmann.com.br\/blog\/wp-content\/uploads\/2020\/12\/PAI.jpg?fit=553%2C720&ssl=1&resize=350%2C200 1x, https:\/\/i0.wp.com\/gersonguelmann.com.br\/blog\/wp-content\/uploads\/2020\/12\/PAI.jpg?fit=553%2C720&ssl=1&resize=525%2C300 1.5x"},"classes":[]}],"jetpack_sharing_enabled":true,"post_mailing_queue_ids":[],"_links":{"self":[{"href":"https:\/\/gersonguelmann.com.br\/blog\/wp-json\/wp\/v2\/posts\/7849","targetHints":{"allow":["GET"]}}],"collection":[{"href":"https:\/\/gersonguelmann.com.br\/blog\/wp-json\/wp\/v2\/posts"}],"about":[{"href":"https:\/\/gersonguelmann.com.br\/blog\/wp-json\/wp\/v2\/types\/post"}],"author":[{"embeddable":true,"href":"https:\/\/gersonguelmann.com.br\/blog\/wp-json\/wp\/v2\/users\/5"}],"replies":[{"embeddable":true,"href":"https:\/\/gersonguelmann.com.br\/blog\/wp-json\/wp\/v2\/comments?post=7849"}],"version-history":[{"count":0,"href":"https:\/\/gersonguelmann.com.br\/blog\/wp-json\/wp\/v2\/posts\/7849\/revisions"}],"wp:featuredmedia":[{"embeddable":true,"href":"https:\/\/gersonguelmann.com.br\/blog\/wp-json\/wp\/v2\/media\/7851"}],"wp:attachment":[{"href":"https:\/\/gersonguelmann.com.br\/blog\/wp-json\/wp\/v2\/media?parent=7849"}],"wp:term":[{"taxonomy":"category","embeddable":true,"href":"https:\/\/gersonguelmann.com.br\/blog\/wp-json\/wp\/v2\/categories?post=7849"},{"taxonomy":"post_tag","embeddable":true,"href":"https:\/\/gersonguelmann.com.br\/blog\/wp-json\/wp\/v2\/tags?post=7849"}],"curies":[{"name":"wp","href":"https:\/\/api.w.org\/{rel}","templated":true}]}}