    {"id":7856,"date":"2018-01-30T17:00:25","date_gmt":"2018-01-30T19:00:25","guid":{"rendered":"https:\/\/gersonguelmann.com.br\/blog\/?p=7856"},"modified":"2018-01-30T16:57:30","modified_gmt":"2018-01-30T18:57:30","slug":"vesperas-vladimir-maiakovski","status":"publish","type":"post","link":"https:\/\/gersonguelmann.com.br\/blog\/vesperas-vladimir-maiakovski\/","title":{"rendered":"V\u00e9speras &#8211; Vladimir Maiakovski"},"content":{"rendered":"<header>\n<p class=\"quote-title\" style=\"text-align: center;\"><span style=\"color: #000000;\"><em><strong><span style=\"font-family: verdana, geneva, sans-serif; font-size: 14pt;\">Garoto<\/span><\/strong><\/em><\/span><\/p>\n<p class=\"quote-author\" style=\"text-align: center;\"><em><span style=\"color: #000000;\"><span style=\"font-family: verdana, geneva, sans-serif; font-size: 14pt;\">Fui agraciado com o amor sem limites.<br \/>\n<\/span><span style=\"font-family: verdana, geneva, sans-serif; font-size: 14pt;\">Mas, quando garoto,<br \/>\n<\/span><span style=\"font-family: verdana, geneva, sans-serif; font-size: 14pt;\">a gente preocupada trabalhava<br \/>\n<\/span><span style=\"font-family: verdana, geneva, sans-serif; font-size: 14pt;\">e eu escapava<br \/>\n<\/span><span style=\"font-family: verdana, geneva, sans-serif; font-size: 14pt;\">para as margens do rio Rion<br \/>\n<\/span><span style=\"font-family: verdana, geneva, sans-serif; font-size: 14pt;\">e vagava sem fazer nada.<br \/>\n<\/span><span style=\"font-family: verdana, geneva, sans-serif; font-size: 14pt;\">Aborrecia-se minha m\u00e3e:<br \/>\n<\/span><span style=\"font-family: verdana, geneva, sans-serif; font-size: 14pt;\">&#8220;Garoto danado!&#8221;<br \/>\n<\/span><span style=\"font-family: verdana, geneva, sans-serif; font-size: 14pt;\">Meu pai me amea\u00e7ava com o cintur\u00e3o.<br \/>\n<\/span><span style=\"font-family: verdana, geneva, sans-serif; font-size: 14pt;\">Mas eu, com tr\u00eas rublos falsos,<br \/>\n<\/span><span style=\"font-family: verdana, geneva, sans-serif; font-size: 14pt;\">jogava com os soldados sob os muros.<br \/>\n<\/span><span style=\"font-family: verdana, geneva, sans-serif; font-size: 14pt;\">Sem o peso da camisa,<br \/>\n<\/span><span style=\"font-family: verdana, geneva, sans-serif; font-size: 14pt;\">sem o peso das botas,<br \/>\nd<\/span><span style=\"font-family: verdana, geneva, sans-serif; font-size: 14pt;\">e costas ou de barriga no ch\u00e3o,<br \/>\n<\/span><span style=\"font-family: verdana, geneva, sans-serif; font-size: 14pt;\">torrava-me ao sol de Kuta\u00eds<br \/>\n<\/span><\/span><\/em><span style=\"color: #000000; font-family: verdana, geneva, sans-serif; font-size: 14pt;\"><em>at\u00e9 sentir pontadas no cora\u00e7\u00e3o.<\/em><br \/>\n<em>O sol assombrava:<\/em><br \/>\n<em>&#8220;Daquele tamaninho<\/em><br \/>\n<em>e com um tal cora\u00e7\u00e3o!<\/em><br \/>\n<em>Vai partir-lhe a espinha!<\/em><br \/>\n<em>Como, ser\u00e1 que cabem<\/em><br \/>\n<em>nesse tico de gente<\/em><br \/>\n<em>o rio,<\/em><br \/>\n<em>o cora\u00e7\u00e3o,<\/em><br \/>\n<em>eu<\/em><br \/>\n<em>e cem quil\u00f4metros de montanhas?&#8221;<\/em><br \/>\n<\/span><\/p>\n<p style=\"text-align: center;\"><img data-recalc-dims=\"1\" fetchpriority=\"high\" decoding=\"async\" data-attachment-id=\"7857\" data-permalink=\"https:\/\/gersonguelmann.com.br\/blog\/vesperas-vladimir-maiakovski\/wn-3\/\" data-orig-file=\"https:\/\/i0.wp.com\/gersonguelmann.com.br\/blog\/wp-content\/uploads\/2018\/01\/WN.jpg?fit=259%2C194&amp;ssl=1\" data-orig-size=\"259,194\" data-comments-opened=\"1\" data-image-meta=\"{&quot;aperture&quot;:&quot;0&quot;,&quot;credit&quot;:&quot;&quot;,&quot;camera&quot;:&quot;&quot;,&quot;caption&quot;:&quot;&quot;,&quot;created_timestamp&quot;:&quot;0&quot;,&quot;copyright&quot;:&quot;&quot;,&quot;focal_length&quot;:&quot;0&quot;,&quot;iso&quot;:&quot;0&quot;,&quot;shutter_speed&quot;:&quot;0&quot;,&quot;title&quot;:&quot;&quot;,&quot;orientation&quot;:&quot;0&quot;}\" data-image-title=\"WN\" data-image-description=\"\" data-image-caption=\"\" data-medium-file=\"https:\/\/i0.wp.com\/gersonguelmann.com.br\/blog\/wp-content\/uploads\/2018\/01\/WN.jpg?fit=259%2C194&amp;ssl=1\" data-large-file=\"https:\/\/i0.wp.com\/gersonguelmann.com.br\/blog\/wp-content\/uploads\/2018\/01\/WN.jpg?fit=259%2C194&amp;ssl=1\" class=\"alignnone size-full wp-image-7857\" src=\"https:\/\/i0.wp.com\/gersonguelmann.com.br\/blog\/wp-content\/uploads\/2018\/01\/WN.jpg?resize=259%2C194&#038;ssl=1\" alt=\"\" width=\"259\" height=\"194\" \/><br \/>\n<span style=\"font-family: verdana, geneva, sans-serif; font-size: 14pt; color: #000000;\"><em><strong>Vladimir Maiakovski<\/strong><\/em><\/span><br \/>\n<span><em><b style=\"color: #000000; font-family: verdana, geneva, sans-serif; font-size: 14pt;\">Vladimir Vladimirovitch Maiakovski <\/b><br \/>\n<b style=\"color: #000000; font-family: verdana, geneva, sans-serif; font-size: 14pt;\">Baghdati (Imp\u00e9rio Russo), 19\/7\/1893<\/b><br \/>\n<b style=\"color: #000000; font-family: verdana, geneva, sans-serif; font-size: 14pt;\">Moscou (<\/b><span style=\"color: #000000; font-family: verdana, geneva, sans-serif;\"><span style=\"font-size: 18.6667px;\"><b>R\u00fassia<\/b><\/span><\/span><b style=\"color: #000000; font-family: verdana, geneva, sans-serif; font-size: 14pt;\">), 14\/4\/1930<\/b><\/em><\/span><\/p>\n<\/header>\n","protected":false},"excerpt":{"rendered":"<p>Garoto Fui agraciado com o amor sem limites. Mas, quando garoto, a gente preocupada trabalhava e eu escapava para as margens do rio Rion e vagava sem fazer nada. Aborrecia-se minha m\u00e3e: &#8220;Garoto danado!&#8221; Meu pai me amea\u00e7ava com o cintur\u00e3o. Mas eu, com tr\u00eas rublos falsos, jogava com os soldados sob os muros. Sem [&hellip;]<\/p>\n","protected":false},"author":5,"featured_media":7857,"comment_status":"open","ping_status":"open","sticky":false,"template":"","format":"standard","meta":{"_acf_changed":false,"jetpack_post_was_ever_published":false,"_jetpack_newsletter_access":"","_jetpack_dont_email_post_to_subs":false,"_jetpack_newsletter_tier_id":0,"_jetpack_memberships_contains_paywalled_content":false,"_jetpack_memberships_contains_paid_content":false,"footnotes":"","jetpack_publicize_message":"","jetpack_publicize_feature_enabled":true,"jetpack_social_post_already_shared":true,"jetpack_social_options":{"image_generator_settings":{"template":"highway","default_image_id":0,"font":"","enabled":false},"version":2}},"categories":[1],"tags":[],"class_list":["post-7856","post","type-post","status-publish","format-standard","has-post-thumbnail","hentry","category-sem-categoria"],"acf":[],"yoast_head":"<!-- This site is optimized with the Yoast SEO plugin v27.3 - https:\/\/yoast.com\/product\/yoast-seo-wordpress\/ -->\n<title>V\u00e9speras - Vladimir Maiakovski | Blog do Guelmann<\/title>\n<meta name=\"robots\" content=\"index, follow, max-snippet:-1, max-image-preview:large, max-video-preview:-1\" \/>\n<link rel=\"canonical\" href=\"https:\/\/gersonguelmann.com.br\/blog\/vesperas-vladimir-maiakovski\/\" \/>\n<meta property=\"og:locale\" content=\"pt_BR\" \/>\n<meta property=\"og:type\" content=\"article\" \/>\n<meta property=\"og:title\" content=\"V\u00e9speras - Vladimir Maiakovski | Blog do Guelmann\" \/>\n<meta property=\"og:description\" content=\"Garoto Fui agraciado com o amor sem limites. Mas, quando garoto, a gente preocupada trabalhava e eu escapava para as margens do rio Rion e vagava sem fazer nada. Aborrecia-se minha m\u00e3e: &#8220;Garoto danado!&#8221; Meu pai me amea\u00e7ava com o cintur\u00e3o. Mas eu, com tr\u00eas rublos falsos, jogava com os soldados sob os muros. Sem [&hellip;]\" \/>\n<meta property=\"og:url\" content=\"https:\/\/gersonguelmann.com.br\/blog\/vesperas-vladimir-maiakovski\/\" \/>\n<meta property=\"og:site_name\" content=\"Blog do Guelmann\" \/>\n<meta property=\"article:published_time\" content=\"2018-01-30T19:00:25+00:00\" \/>\n<meta property=\"og:image\" content=\"https:\/\/i0.wp.com\/gersonguelmann.com.br\/blog\/wp-content\/uploads\/2018\/01\/WN.jpg?fit=259%2C194&ssl=1\" \/>\n\t<meta property=\"og:image:width\" content=\"259\" \/>\n\t<meta property=\"og:image:height\" content=\"194\" \/>\n\t<meta property=\"og:image:type\" content=\"image\/jpeg\" \/>\n<meta name=\"author\" content=\"Gerson Guelmann\" \/>\n<meta name=\"twitter:card\" content=\"summary_large_image\" \/>\n<meta name=\"twitter:label1\" content=\"Escrito por\" \/>\n\t<meta name=\"twitter:data1\" content=\"Gerson Guelmann\" \/>\n\t<meta name=\"twitter:label2\" content=\"Est. tempo de leitura\" \/>\n\t<meta name=\"twitter:data2\" content=\"1 minuto\" \/>\n<script type=\"application\/ld+json\" class=\"yoast-schema-graph\">{\"@context\":\"https:\\\/\\\/schema.org\",\"@graph\":[{\"@type\":\"Article\",\"@id\":\"https:\\\/\\\/gersonguelmann.com.br\\\/blog\\\/vesperas-vladimir-maiakovski\\\/#article\",\"isPartOf\":{\"@id\":\"https:\\\/\\\/gersonguelmann.com.br\\\/blog\\\/vesperas-vladimir-maiakovski\\\/\"},\"author\":{\"name\":\"Gerson Guelmann\",\"@id\":\"https:\\\/\\\/gersonguelmann.com.br\\\/blog\\\/#\\\/schema\\\/person\\\/87e70e2a786888082f941a482c90569e\"},\"headline\":\"V\u00e9speras &#8211; Vladimir Maiakovski\",\"datePublished\":\"2018-01-30T19:00:25+00:00\",\"mainEntityOfPage\":{\"@id\":\"https:\\\/\\\/gersonguelmann.com.br\\\/blog\\\/vesperas-vladimir-maiakovski\\\/\"},\"wordCount\":141,\"commentCount\":0,\"image\":{\"@id\":\"https:\\\/\\\/gersonguelmann.com.br\\\/blog\\\/vesperas-vladimir-maiakovski\\\/#primaryimage\"},\"thumbnailUrl\":\"https:\\\/\\\/i0.wp.com\\\/gersonguelmann.com.br\\\/blog\\\/wp-content\\\/uploads\\\/2018\\\/01\\\/WN.jpg?fit=259%2C194&ssl=1\",\"inLanguage\":\"pt-BR\",\"potentialAction\":[{\"@type\":\"CommentAction\",\"name\":\"Comment\",\"target\":[\"https:\\\/\\\/gersonguelmann.com.br\\\/blog\\\/vesperas-vladimir-maiakovski\\\/#respond\"]}]},{\"@type\":\"WebPage\",\"@id\":\"https:\\\/\\\/gersonguelmann.com.br\\\/blog\\\/vesperas-vladimir-maiakovski\\\/\",\"url\":\"https:\\\/\\\/gersonguelmann.com.br\\\/blog\\\/vesperas-vladimir-maiakovski\\\/\",\"name\":\"V\u00e9speras - Vladimir Maiakovski | Blog do Guelmann\",\"isPartOf\":{\"@id\":\"https:\\\/\\\/gersonguelmann.com.br\\\/blog\\\/#website\"},\"primaryImageOfPage\":{\"@id\":\"https:\\\/\\\/gersonguelmann.com.br\\\/blog\\\/vesperas-vladimir-maiakovski\\\/#primaryimage\"},\"image\":{\"@id\":\"https:\\\/\\\/gersonguelmann.com.br\\\/blog\\\/vesperas-vladimir-maiakovski\\\/#primaryimage\"},\"thumbnailUrl\":\"https:\\\/\\\/i0.wp.com\\\/gersonguelmann.com.br\\\/blog\\\/wp-content\\\/uploads\\\/2018\\\/01\\\/WN.jpg?fit=259%2C194&ssl=1\",\"datePublished\":\"2018-01-30T19:00:25+00:00\",\"author\":{\"@id\":\"https:\\\/\\\/gersonguelmann.com.br\\\/blog\\\/#\\\/schema\\\/person\\\/87e70e2a786888082f941a482c90569e\"},\"inLanguage\":\"pt-BR\",\"potentialAction\":[{\"@type\":\"ReadAction\",\"target\":[\"https:\\\/\\\/gersonguelmann.com.br\\\/blog\\\/vesperas-vladimir-maiakovski\\\/\"]}]},{\"@type\":\"ImageObject\",\"inLanguage\":\"pt-BR\",\"@id\":\"https:\\\/\\\/gersonguelmann.com.br\\\/blog\\\/vesperas-vladimir-maiakovski\\\/#primaryimage\",\"url\":\"https:\\\/\\\/i0.wp.com\\\/gersonguelmann.com.br\\\/blog\\\/wp-content\\\/uploads\\\/2018\\\/01\\\/WN.jpg?fit=259%2C194&ssl=1\",\"contentUrl\":\"https:\\\/\\\/i0.wp.com\\\/gersonguelmann.com.br\\\/blog\\\/wp-content\\\/uploads\\\/2018\\\/01\\\/WN.jpg?fit=259%2C194&ssl=1\",\"width\":259,\"height\":194},{\"@type\":\"WebSite\",\"@id\":\"https:\\\/\\\/gersonguelmann.com.br\\\/blog\\\/#website\",\"url\":\"https:\\\/\\\/gersonguelmann.com.br\\\/blog\\\/\",\"name\":\"Blog do Guelmann\",\"description\":\"Pitadas da sabedoria e do humor judaicos, assuntos do momento e um pouco das hist\u00f3rias que vivi e testemunhei.\",\"potentialAction\":[{\"@type\":\"SearchAction\",\"target\":{\"@type\":\"EntryPoint\",\"urlTemplate\":\"https:\\\/\\\/gersonguelmann.com.br\\\/blog\\\/?s={search_term_string}\"},\"query-input\":{\"@type\":\"PropertyValueSpecification\",\"valueRequired\":true,\"valueName\":\"search_term_string\"}}],\"inLanguage\":\"pt-BR\"},{\"@type\":\"Person\",\"@id\":\"https:\\\/\\\/gersonguelmann.com.br\\\/blog\\\/#\\\/schema\\\/person\\\/87e70e2a786888082f941a482c90569e\",\"name\":\"Gerson Guelmann\",\"image\":{\"@type\":\"ImageObject\",\"inLanguage\":\"pt-BR\",\"@id\":\"https:\\\/\\\/i0.wp.com\\\/gersonguelmann.com.br\\\/blog\\\/wp-content\\\/uploads\\\/2021\\\/08\\\/BLOG.jpeg?fit=96%2C96&ssl=1\",\"url\":\"https:\\\/\\\/i0.wp.com\\\/gersonguelmann.com.br\\\/blog\\\/wp-content\\\/uploads\\\/2021\\\/08\\\/BLOG.jpeg?fit=96%2C96&ssl=1\",\"contentUrl\":\"https:\\\/\\\/i0.wp.com\\\/gersonguelmann.com.br\\\/blog\\\/wp-content\\\/uploads\\\/2021\\\/08\\\/BLOG.jpeg?fit=96%2C96&ssl=1\",\"caption\":\"Gerson Guelmann\"},\"description\":\"Pitadas da sabedoria e do humor judaicos, assuntos do momento e um pouco das hist\u00f3rias que vivi e testemunhei.\"}]}<\/script>\n<!-- \/ Yoast SEO plugin. -->","yoast_head_json":{"title":"V\u00e9speras - Vladimir Maiakovski | Blog do Guelmann","robots":{"index":"index","follow":"follow","max-snippet":"max-snippet:-1","max-image-preview":"max-image-preview:large","max-video-preview":"max-video-preview:-1"},"canonical":"https:\/\/gersonguelmann.com.br\/blog\/vesperas-vladimir-maiakovski\/","og_locale":"pt_BR","og_type":"article","og_title":"V\u00e9speras - Vladimir Maiakovski | Blog do Guelmann","og_description":"Garoto Fui agraciado com o amor sem limites. Mas, quando garoto, a gente preocupada trabalhava e eu escapava para as margens do rio Rion e vagava sem fazer nada. Aborrecia-se minha m\u00e3e: &#8220;Garoto danado!&#8221; Meu pai me amea\u00e7ava com o cintur\u00e3o. Mas eu, com tr\u00eas rublos falsos, jogava com os soldados sob os muros. Sem [&hellip;]","og_url":"https:\/\/gersonguelmann.com.br\/blog\/vesperas-vladimir-maiakovski\/","og_site_name":"Blog do Guelmann","article_published_time":"2018-01-30T19:00:25+00:00","og_image":[{"width":259,"height":194,"url":"https:\/\/i0.wp.com\/gersonguelmann.com.br\/blog\/wp-content\/uploads\/2018\/01\/WN.jpg?fit=259%2C194&ssl=1","type":"image\/jpeg"}],"author":"Gerson Guelmann","twitter_card":"summary_large_image","twitter_misc":{"Escrito por":"Gerson Guelmann","Est. tempo de leitura":"1 minuto"},"schema":{"@context":"https:\/\/schema.org","@graph":[{"@type":"Article","@id":"https:\/\/gersonguelmann.com.br\/blog\/vesperas-vladimir-maiakovski\/#article","isPartOf":{"@id":"https:\/\/gersonguelmann.com.br\/blog\/vesperas-vladimir-maiakovski\/"},"author":{"name":"Gerson Guelmann","@id":"https:\/\/gersonguelmann.com.br\/blog\/#\/schema\/person\/87e70e2a786888082f941a482c90569e"},"headline":"V\u00e9speras &#8211; Vladimir Maiakovski","datePublished":"2018-01-30T19:00:25+00:00","mainEntityOfPage":{"@id":"https:\/\/gersonguelmann.com.br\/blog\/vesperas-vladimir-maiakovski\/"},"wordCount":141,"commentCount":0,"image":{"@id":"https:\/\/gersonguelmann.com.br\/blog\/vesperas-vladimir-maiakovski\/#primaryimage"},"thumbnailUrl":"https:\/\/i0.wp.com\/gersonguelmann.com.br\/blog\/wp-content\/uploads\/2018\/01\/WN.jpg?fit=259%2C194&ssl=1","inLanguage":"pt-BR","potentialAction":[{"@type":"CommentAction","name":"Comment","target":["https:\/\/gersonguelmann.com.br\/blog\/vesperas-vladimir-maiakovski\/#respond"]}]},{"@type":"WebPage","@id":"https:\/\/gersonguelmann.com.br\/blog\/vesperas-vladimir-maiakovski\/","url":"https:\/\/gersonguelmann.com.br\/blog\/vesperas-vladimir-maiakovski\/","name":"V\u00e9speras - Vladimir Maiakovski | Blog do Guelmann","isPartOf":{"@id":"https:\/\/gersonguelmann.com.br\/blog\/#website"},"primaryImageOfPage":{"@id":"https:\/\/gersonguelmann.com.br\/blog\/vesperas-vladimir-maiakovski\/#primaryimage"},"image":{"@id":"https:\/\/gersonguelmann.com.br\/blog\/vesperas-vladimir-maiakovski\/#primaryimage"},"thumbnailUrl":"https:\/\/i0.wp.com\/gersonguelmann.com.br\/blog\/wp-content\/uploads\/2018\/01\/WN.jpg?fit=259%2C194&ssl=1","datePublished":"2018-01-30T19:00:25+00:00","author":{"@id":"https:\/\/gersonguelmann.com.br\/blog\/#\/schema\/person\/87e70e2a786888082f941a482c90569e"},"inLanguage":"pt-BR","potentialAction":[{"@type":"ReadAction","target":["https:\/\/gersonguelmann.com.br\/blog\/vesperas-vladimir-maiakovski\/"]}]},{"@type":"ImageObject","inLanguage":"pt-BR","@id":"https:\/\/gersonguelmann.com.br\/blog\/vesperas-vladimir-maiakovski\/#primaryimage","url":"https:\/\/i0.wp.com\/gersonguelmann.com.br\/blog\/wp-content\/uploads\/2018\/01\/WN.jpg?fit=259%2C194&ssl=1","contentUrl":"https:\/\/i0.wp.com\/gersonguelmann.com.br\/blog\/wp-content\/uploads\/2018\/01\/WN.jpg?fit=259%2C194&ssl=1","width":259,"height":194},{"@type":"WebSite","@id":"https:\/\/gersonguelmann.com.br\/blog\/#website","url":"https:\/\/gersonguelmann.com.br\/blog\/","name":"Blog do Guelmann","description":"Pitadas da sabedoria e do humor judaicos, assuntos do momento e um pouco das hist\u00f3rias que vivi e testemunhei.","potentialAction":[{"@type":"SearchAction","target":{"@type":"EntryPoint","urlTemplate":"https:\/\/gersonguelmann.com.br\/blog\/?s={search_term_string}"},"query-input":{"@type":"PropertyValueSpecification","valueRequired":true,"valueName":"search_term_string"}}],"inLanguage":"pt-BR"},{"@type":"Person","@id":"https:\/\/gersonguelmann.com.br\/blog\/#\/schema\/person\/87e70e2a786888082f941a482c90569e","name":"Gerson Guelmann","image":{"@type":"ImageObject","inLanguage":"pt-BR","@id":"https:\/\/i0.wp.com\/gersonguelmann.com.br\/blog\/wp-content\/uploads\/2021\/08\/BLOG.jpeg?fit=96%2C96&ssl=1","url":"https:\/\/i0.wp.com\/gersonguelmann.com.br\/blog\/wp-content\/uploads\/2021\/08\/BLOG.jpeg?fit=96%2C96&ssl=1","contentUrl":"https:\/\/i0.wp.com\/gersonguelmann.com.br\/blog\/wp-content\/uploads\/2021\/08\/BLOG.jpeg?fit=96%2C96&ssl=1","caption":"Gerson Guelmann"},"description":"Pitadas da sabedoria e do humor judaicos, assuntos do momento e um pouco das hist\u00f3rias que vivi e testemunhei."}]}},"views":39,"jetpack_publicize_connections":[],"jetpack_featured_media_url":"https:\/\/i0.wp.com\/gersonguelmann.com.br\/blog\/wp-content\/uploads\/2018\/01\/WN.jpg?fit=259%2C194&ssl=1","jetpack_shortlink":"https:\/\/wp.me\/p96e7O-22I","jetpack-related-posts":[{"id":2788,"url":"https:\/\/gersonguelmann.com.br\/blog\/os-garotos-lembram-disso\/","url_meta":{"origin":7856,"position":0},"title":"Os Garotos Lembram Disso?","author":"Gerson Guelmann","date":"12 de outubro de 2017","format":false,"excerpt":"Aproveitando a comemora\u00e7\u00e3o do Dia das Crian\u00e7as, um comercial produzido pela f\u00e1brica de chocolates Garoto que marcou \u00e9poca. \u00c9 de 1995 e o nome \u00e9 \"Garoto Apresenta Garotos\". Para assistir, clique aqui. \u00a0","rel":"","context":"Em &quot;Sem categoria&quot;","block_context":{"text":"Sem categoria","link":"https:\/\/gersonguelmann.com.br\/blog\/category\/sem-categoria\/"},"img":{"alt_text":"","src":"https:\/\/i0.wp.com\/gersonguelmann.com.br\/blog\/wp-content\/uploads\/2017\/10\/Crian%C3%A7as.jpg?fit=960%2C720&ssl=1&resize=350%2C200","width":350,"height":200,"srcset":"https:\/\/i0.wp.com\/gersonguelmann.com.br\/blog\/wp-content\/uploads\/2017\/10\/Crian%C3%A7as.jpg?fit=960%2C720&ssl=1&resize=350%2C200 1x, https:\/\/i0.wp.com\/gersonguelmann.com.br\/blog\/wp-content\/uploads\/2017\/10\/Crian%C3%A7as.jpg?fit=960%2C720&ssl=1&resize=525%2C300 1.5x, https:\/\/i0.wp.com\/gersonguelmann.com.br\/blog\/wp-content\/uploads\/2017\/10\/Crian%C3%A7as.jpg?fit=960%2C720&ssl=1&resize=700%2C400 2x"},"classes":[]},{"id":1917,"url":"https:\/\/gersonguelmann.com.br\/blog\/onde-esta-o-povo-que-nao-se-manifesta\/","url_meta":{"origin":7856,"position":1},"title":"Onde Est\u00e1 o Povo, Que n\u00e3o se Manifesta?","author":"Gerson Guelmann","date":"22 de setembro de 2017","format":false,"excerpt":"N\u00f3s brasileiros temos que rever nossos conceitos acerca do que \u00e9 certo e errado, importante ou sup\u00e9rfluo. Costumamos questionar coisas relativamente insignificantes como a corrup\u00e7\u00e3o, o aumento nos pre\u00e7os dos combust\u00edveis, o caos no tr\u00e2nsito, o atendimento nos postos de sa\u00fade, as filas nos bancos e supermercados, todas coisas absolutamente\u2026","rel":"","context":"Em &quot;Sem categoria&quot;","block_context":{"text":"Sem categoria","link":"https:\/\/gersonguelmann.com.br\/blog\/category\/sem-categoria\/"},"img":{"alt_text":"","src":"https:\/\/i0.wp.com\/gersonguelmann.com.br\/blog\/wp-content\/uploads\/2017\/09\/Serenata-de-Amor-300x144.jpg?resize=350%2C200&ssl=1","width":350,"height":200},"classes":[]},{"id":7418,"url":"https:\/\/gersonguelmann.com.br\/blog\/voce-lembra-paulo-maluf-e-o-vulcabras-752\/","url_meta":{"origin":7856,"position":2},"title":"Voc\u00ea Lembra? Paulo Maluf e o Vulcabr\u00e1s 752","author":"Gerson Guelmann","date":"22 de janeiro de 2018","format":false,"excerpt":"Em 1991 Paulo Maluf foi o garoto-propaganda da campanha do sapato Vulcabr\u00e1s 752. https:\/\/www.youtube.com\/watch?v=NTKdCj7JrC4","rel":"","context":"Em &quot;Sem categoria&quot;","block_context":{"text":"Sem categoria","link":"https:\/\/gersonguelmann.com.br\/blog\/category\/sem-categoria\/"},"img":{"alt_text":"","src":"https:\/\/i0.wp.com\/gersonguelmann.com.br\/blog\/wp-content\/uploads\/2018\/01\/Vulcabr%C3%A1s.jpg?fit=1200%2C799&ssl=1&resize=350%2C200","width":350,"height":200,"srcset":"https:\/\/i0.wp.com\/gersonguelmann.com.br\/blog\/wp-content\/uploads\/2018\/01\/Vulcabr%C3%A1s.jpg?fit=1200%2C799&ssl=1&resize=350%2C200 1x, https:\/\/i0.wp.com\/gersonguelmann.com.br\/blog\/wp-content\/uploads\/2018\/01\/Vulcabr%C3%A1s.jpg?fit=1200%2C799&ssl=1&resize=525%2C300 1.5x, https:\/\/i0.wp.com\/gersonguelmann.com.br\/blog\/wp-content\/uploads\/2018\/01\/Vulcabr%C3%A1s.jpg?fit=1200%2C799&ssl=1&resize=700%2C400 2x, https:\/\/i0.wp.com\/gersonguelmann.com.br\/blog\/wp-content\/uploads\/2018\/01\/Vulcabr%C3%A1s.jpg?fit=1200%2C799&ssl=1&resize=1050%2C600 3x"},"classes":[]},{"id":1306,"url":"https:\/\/gersonguelmann.com.br\/blog\/boa-musica-de-hoje-18\/","url_meta":{"origin":7856,"position":3},"title":"A Boa M\u00fasica de Hoje","author":"Gerson Guelmann","date":"31 de agosto de 2017","format":false,"excerpt":"Gente Humilde (Garoto) - Baden Powell","rel":"","context":"Em &quot;Sem categoria&quot;","block_context":{"text":"Sem categoria","link":"https:\/\/gersonguelmann.com.br\/blog\/category\/sem-categoria\/"},"img":{"alt_text":"","src":"https:\/\/i0.wp.com\/gersonguelmann.com.br\/blog\/wp-content\/uploads\/2017\/08\/BP.jpg?fit=1200%2C936&ssl=1&resize=350%2C200","width":350,"height":200,"srcset":"https:\/\/i0.wp.com\/gersonguelmann.com.br\/blog\/wp-content\/uploads\/2017\/08\/BP.jpg?fit=1200%2C936&ssl=1&resize=350%2C200 1x, https:\/\/i0.wp.com\/gersonguelmann.com.br\/blog\/wp-content\/uploads\/2017\/08\/BP.jpg?fit=1200%2C936&ssl=1&resize=525%2C300 1.5x, https:\/\/i0.wp.com\/gersonguelmann.com.br\/blog\/wp-content\/uploads\/2017\/08\/BP.jpg?fit=1200%2C936&ssl=1&resize=700%2C400 2x, https:\/\/i0.wp.com\/gersonguelmann.com.br\/blog\/wp-content\/uploads\/2017\/08\/BP.jpg?fit=1200%2C936&ssl=1&resize=1050%2C600 3x"},"classes":[]},{"id":3280,"url":"https:\/\/gersonguelmann.com.br\/blog\/voce-lembra-6\/","url_meta":{"origin":7856,"position":4},"title":"Voc\u00ea Lembra? (6)","author":"Gerson Guelmann","date":"21 de outubro de 2017","format":false,"excerpt":"https:\/\/www.youtube.com\/watch?v=K3ISt2ziLkI&feature=youtu.be Carlos Moreno,\u00a0o garoto-propaganda da Bombril durante 39 anos, foi muito conhecido no Brasil. Ele atuou nessa fun\u00e7\u00e3o desde 1978 e teve o contrato encerrado com a empresa em fevereiro deste ano. Estima-se que tenha feito aproximadamente 400 comerciais.\u00a0Esse v\u00eddeo \u00e9 um deles.\u00a0","rel":"","context":"Em &quot;Sem categoria&quot;","block_context":{"text":"Sem categoria","link":"https:\/\/gersonguelmann.com.br\/blog\/category\/sem-categoria\/"},"img":{"alt_text":"","src":"https:\/\/i0.wp.com\/gersonguelmann.com.br\/blog\/wp-content\/uploads\/2017\/10\/Bombril.jpg?fit=1200%2C1200&ssl=1&resize=350%2C200","width":350,"height":200,"srcset":"https:\/\/i0.wp.com\/gersonguelmann.com.br\/blog\/wp-content\/uploads\/2017\/10\/Bombril.jpg?fit=1200%2C1200&ssl=1&resize=350%2C200 1x, https:\/\/i0.wp.com\/gersonguelmann.com.br\/blog\/wp-content\/uploads\/2017\/10\/Bombril.jpg?fit=1200%2C1200&ssl=1&resize=525%2C300 1.5x, https:\/\/i0.wp.com\/gersonguelmann.com.br\/blog\/wp-content\/uploads\/2017\/10\/Bombril.jpg?fit=1200%2C1200&ssl=1&resize=700%2C400 2x, https:\/\/i0.wp.com\/gersonguelmann.com.br\/blog\/wp-content\/uploads\/2017\/10\/Bombril.jpg?fit=1200%2C1200&ssl=1&resize=1050%2C600 3x"},"classes":[]},{"id":12645,"url":"https:\/\/gersonguelmann.com.br\/blog\/que-nome-voce-da-para-isso\/","url_meta":{"origin":7856,"position":5},"title":"Que Nome Voc\u00ea D\u00e1 Para Isso?","author":"Gerson Guelmann","date":"8 de maio de 2018","format":false,"excerpt":"Publicado no site Metr\u00f3poles: Garoto de 13 anos acorda do coma antes de m\u00e9dicos desligarem aparelhos Os pais autorizaram o desligamento dos aparelhos e a doa\u00e7\u00e3o de seus \u00f3rg\u00e3os, que iriam ajudar cinco crian\u00e7as HELOISA CAIXETA 07\/05\/2018 21:17, atualizado em 07\/05\/2018 21:56\u00a0 \u00a0 Um menino de 13 anos que estava\u2026","rel":"","context":"Em &quot;Sem categoria&quot;","block_context":{"text":"Sem categoria","link":"https:\/\/gersonguelmann.com.br\/blog\/category\/sem-categoria\/"},"img":{"alt_text":"","src":"https:\/\/i0.wp.com\/gersonguelmann.com.br\/blog\/wp-content\/uploads\/2018\/05\/29664794_552666591782962_7328773434935077762_o-840x577.jpg?fit=840%2C577&ssl=1&resize=350%2C200","width":350,"height":200,"srcset":"https:\/\/i0.wp.com\/gersonguelmann.com.br\/blog\/wp-content\/uploads\/2018\/05\/29664794_552666591782962_7328773434935077762_o-840x577.jpg?fit=840%2C577&ssl=1&resize=350%2C200 1x, https:\/\/i0.wp.com\/gersonguelmann.com.br\/blog\/wp-content\/uploads\/2018\/05\/29664794_552666591782962_7328773434935077762_o-840x577.jpg?fit=840%2C577&ssl=1&resize=525%2C300 1.5x, https:\/\/i0.wp.com\/gersonguelmann.com.br\/blog\/wp-content\/uploads\/2018\/05\/29664794_552666591782962_7328773434935077762_o-840x577.jpg?fit=840%2C577&ssl=1&resize=700%2C400 2x"},"classes":[]}],"jetpack_sharing_enabled":true,"post_mailing_queue_ids":[],"_links":{"self":[{"href":"https:\/\/gersonguelmann.com.br\/blog\/wp-json\/wp\/v2\/posts\/7856","targetHints":{"allow":["GET"]}}],"collection":[{"href":"https:\/\/gersonguelmann.com.br\/blog\/wp-json\/wp\/v2\/posts"}],"about":[{"href":"https:\/\/gersonguelmann.com.br\/blog\/wp-json\/wp\/v2\/types\/post"}],"author":[{"embeddable":true,"href":"https:\/\/gersonguelmann.com.br\/blog\/wp-json\/wp\/v2\/users\/5"}],"replies":[{"embeddable":true,"href":"https:\/\/gersonguelmann.com.br\/blog\/wp-json\/wp\/v2\/comments?post=7856"}],"version-history":[{"count":0,"href":"https:\/\/gersonguelmann.com.br\/blog\/wp-json\/wp\/v2\/posts\/7856\/revisions"}],"wp:featuredmedia":[{"embeddable":true,"href":"https:\/\/gersonguelmann.com.br\/blog\/wp-json\/wp\/v2\/media\/7857"}],"wp:attachment":[{"href":"https:\/\/gersonguelmann.com.br\/blog\/wp-json\/wp\/v2\/media?parent=7856"}],"wp:term":[{"taxonomy":"category","embeddable":true,"href":"https:\/\/gersonguelmann.com.br\/blog\/wp-json\/wp\/v2\/categories?post=7856"},{"taxonomy":"post_tag","embeddable":true,"href":"https:\/\/gersonguelmann.com.br\/blog\/wp-json\/wp\/v2\/tags?post=7856"}],"curies":[{"name":"wp","href":"https:\/\/api.w.org\/{rel}","templated":true}]}}