    {"id":7860,"date":"2018-01-30T18:00:39","date_gmt":"2018-01-30T20:00:39","guid":{"rendered":"https:\/\/gersonguelmann.com.br\/blog\/?p=7860"},"modified":"2018-01-30T17:56:34","modified_gmt":"2018-01-30T19:56:34","slug":"conhece-o-anel-para-esportistas","status":"publish","type":"post","link":"https:\/\/gersonguelmann.com.br\/blog\/conhece-o-anel-para-esportistas\/","title":{"rendered":"Conhece o Anel Para Esportistas?"},"content":{"rendered":"<p><span style=\"font-family: verdana, geneva, sans-serif; font-size: 14pt; color: #000000;\">O meu dileto amigo Eduardo Mira, em sociedade com o\u00a0Fernando Mello, joalheiro com experi\u00eancia de 25 anos no mercado, criou a Sports Ring, uma empresa de base tecnol\u00f3gica\u00a0 especializada em joias personalizadas para esportistas. <\/span><\/p>\n<p><span style=\"font-family: verdana, geneva, sans-serif; font-size: 14pt; color: #000000;\">Sediada em Joinville (SC), a Sports Rings produz an\u00e9is comemorativos para triatletas, maratonistas, ultramaratonistas e corredores de rua em geral.\u00a0<\/span><\/p>\n<p><span style=\"font-family: verdana, geneva, sans-serif; font-size: 14pt; color: #000000;\">Operando desde 2017, a empresa agora est\u00e1 produzindo os an\u00e9is comemorativos para os nadadores certificados pela English Channel Swimming Association, entidade brit\u00e2nica que atesta a legitimidade da travessia do Canal da Mancha.<\/span><\/p>\n<p><span style=\"font-family: verdana, geneva, sans-serif; font-size: 14pt; color: #000000;\">A travessia a nado \u00e9 feita pelo Estreito de Dover, que tem 34 km de extens\u00e3o da costa sul da Inglaterra at\u00e9 a costa norte da Fran\u00e7a, e somente 1480 nadadores conseguiram completar a travessia desde 1875, quando o capit\u00e3o da Marinha Brit\u00e2nica Matthew Webb venceu o trecho ap\u00f3s nadar por quase 22 horas.<\/span><\/p>\n<p><span style=\"font-family: verdana, geneva, sans-serif; font-size: 14pt; color: #000000;\">Entre os brasileiros, apenas 25 nadadores venceram o desafio at\u00e9 hoje. O nadador curitibano Alexandre Kirilos foi o primeiro brasileiro a receber o anel comemorativo da Sports Ring por ter atravessado o Canal da Mancha em 13h18min no dia 20 de setembro de 2015.<\/span><\/p>\n<p><span style=\"font-family: verdana, geneva, sans-serif; font-size: 14pt; color: #000000;\">A joia, desenvolvida em tecnologia 3D, foi fundida em prata 925 e recebeu um banho de r\u00f3dio que protege a pe\u00e7a da oxida\u00e7\u00e3o. O design do anel leva a inscri\u00e7\u00e3o &#8220;English Channel&#8221; &#8211; o nome do Canal da Mancha em ingl\u00eas &#8211; e traz a representa\u00e7\u00e3o de um nadador entre o Castelo de Dover (Inglaterra) e o Farol de Gris Nez (Fran\u00e7a), os pontos de refer\u00eancia de partida e chegada dos nadadores. O anel ainda recebeu a grava\u00e7\u00e3o a laser do nome, data e o tempo total da travessia do nadador curitibano.<\/span><\/p>\n<p><span style=\"font-family: verdana, geneva, sans-serif; font-size: 14pt; color: #000000;\">Para conhecer os produtos da Sports Ring, <span style=\"color: #0000ff;\"><em><strong><a style=\"color: #0000ff;\" href=\"http:\/\/www.sportsring.com.br\">clique aqui<\/a><\/strong><\/em><\/span>.<\/span><\/p>\n<p style=\"text-align: center;\"><img data-recalc-dims=\"1\" fetchpriority=\"high\" decoding=\"async\" data-attachment-id=\"7866\" data-permalink=\"https:\/\/gersonguelmann.com.br\/blog\/conhece-o-anel-para-esportistas\/sr-8\/\" data-orig-file=\"https:\/\/i0.wp.com\/gersonguelmann.com.br\/blog\/wp-content\/uploads\/2018\/01\/SR-2.jpg?fit=468%2C363&amp;ssl=1\" data-orig-size=\"468,363\" data-comments-opened=\"1\" data-image-meta=\"{&quot;aperture&quot;:&quot;0&quot;,&quot;credit&quot;:&quot;&quot;,&quot;camera&quot;:&quot;&quot;,&quot;caption&quot;:&quot;&quot;,&quot;created_timestamp&quot;:&quot;0&quot;,&quot;copyright&quot;:&quot;&quot;,&quot;focal_length&quot;:&quot;0&quot;,&quot;iso&quot;:&quot;0&quot;,&quot;shutter_speed&quot;:&quot;0&quot;,&quot;title&quot;:&quot;&quot;,&quot;orientation&quot;:&quot;0&quot;}\" data-image-title=\"SR\" data-image-description=\"\" data-image-caption=\"\" data-medium-file=\"https:\/\/i0.wp.com\/gersonguelmann.com.br\/blog\/wp-content\/uploads\/2018\/01\/SR-2.jpg?fit=300%2C233&amp;ssl=1\" data-large-file=\"https:\/\/i0.wp.com\/gersonguelmann.com.br\/blog\/wp-content\/uploads\/2018\/01\/SR-2.jpg?fit=468%2C363&amp;ssl=1\" class=\"alignnone size-medium wp-image-7866\" src=\"https:\/\/i0.wp.com\/gersonguelmann.com.br\/blog\/wp-content\/uploads\/2018\/01\/SR-2.jpg?resize=300%2C233&#038;ssl=1\" alt=\"\" width=\"300\" height=\"233\" srcset=\"https:\/\/i0.wp.com\/gersonguelmann.com.br\/blog\/wp-content\/uploads\/2018\/01\/SR-2.jpg?resize=300%2C233&amp;ssl=1 300w, https:\/\/i0.wp.com\/gersonguelmann.com.br\/blog\/wp-content\/uploads\/2018\/01\/SR-2.jpg?w=468&amp;ssl=1 468w\" sizes=\"(max-width: 300px) 100vw, 300px\" \/><\/p>\n","protected":false},"excerpt":{"rendered":"<p>O meu dileto amigo Eduardo Mira, em sociedade com o\u00a0Fernando Mello, joalheiro com experi\u00eancia de 25 anos no mercado, criou a Sports Ring, uma empresa de base tecnol\u00f3gica\u00a0 especializada em joias personalizadas para esportistas. Sediada em Joinville (SC), a Sports Rings produz an\u00e9is comemorativos para triatletas, maratonistas, ultramaratonistas e corredores de rua em geral.\u00a0 Operando [&hellip;]<\/p>\n","protected":false},"author":5,"featured_media":7866,"comment_status":"open","ping_status":"open","sticky":false,"template":"","format":"standard","meta":{"_acf_changed":false,"jetpack_post_was_ever_published":false,"_jetpack_newsletter_access":"","_jetpack_dont_email_post_to_subs":false,"_jetpack_newsletter_tier_id":0,"_jetpack_memberships_contains_paywalled_content":false,"_jetpack_memberships_contains_paid_content":false,"footnotes":"","jetpack_publicize_message":"","jetpack_publicize_feature_enabled":true,"jetpack_social_post_already_shared":true,"jetpack_social_options":{"image_generator_settings":{"template":"highway","default_image_id":0,"font":"","enabled":false},"version":2}},"categories":[1],"tags":[],"class_list":["post-7860","post","type-post","status-publish","format-standard","has-post-thumbnail","hentry","category-sem-categoria"],"acf":[],"yoast_head":"<!-- This site is optimized with the Yoast SEO plugin v27.3 - https:\/\/yoast.com\/product\/yoast-seo-wordpress\/ -->\n<title>Conhece o Anel Para Esportistas? | Blog do Guelmann<\/title>\n<meta name=\"robots\" content=\"index, follow, max-snippet:-1, max-image-preview:large, max-video-preview:-1\" \/>\n<link rel=\"canonical\" href=\"https:\/\/gersonguelmann.com.br\/blog\/conhece-o-anel-para-esportistas\/\" \/>\n<meta property=\"og:locale\" content=\"pt_BR\" \/>\n<meta property=\"og:type\" content=\"article\" \/>\n<meta property=\"og:title\" content=\"Conhece o Anel Para Esportistas? | Blog do Guelmann\" \/>\n<meta property=\"og:description\" content=\"O meu dileto amigo Eduardo Mira, em sociedade com o\u00a0Fernando Mello, joalheiro com experi\u00eancia de 25 anos no mercado, criou a Sports Ring, uma empresa de base tecnol\u00f3gica\u00a0 especializada em joias personalizadas para esportistas. Sediada em Joinville (SC), a Sports Rings produz an\u00e9is comemorativos para triatletas, maratonistas, ultramaratonistas e corredores de rua em geral.\u00a0 Operando [&hellip;]\" \/>\n<meta property=\"og:url\" content=\"https:\/\/gersonguelmann.com.br\/blog\/conhece-o-anel-para-esportistas\/\" \/>\n<meta property=\"og:site_name\" content=\"Blog do Guelmann\" \/>\n<meta property=\"article:published_time\" content=\"2018-01-30T20:00:39+00:00\" \/>\n<meta property=\"og:image\" content=\"https:\/\/i0.wp.com\/gersonguelmann.com.br\/blog\/wp-content\/uploads\/2018\/01\/SR-2.jpg?fit=468%2C363&ssl=1\" \/>\n\t<meta property=\"og:image:width\" content=\"468\" \/>\n\t<meta property=\"og:image:height\" content=\"363\" \/>\n\t<meta property=\"og:image:type\" content=\"image\/jpeg\" \/>\n<meta name=\"author\" content=\"Gerson Guelmann\" \/>\n<meta name=\"twitter:card\" content=\"summary_large_image\" \/>\n<meta name=\"twitter:label1\" content=\"Escrito por\" \/>\n\t<meta name=\"twitter:data1\" content=\"Gerson Guelmann\" \/>\n\t<meta name=\"twitter:label2\" content=\"Est. tempo de leitura\" \/>\n\t<meta name=\"twitter:data2\" content=\"1 minuto\" \/>\n<script type=\"application\/ld+json\" class=\"yoast-schema-graph\">{\"@context\":\"https:\\\/\\\/schema.org\",\"@graph\":[{\"@type\":\"Article\",\"@id\":\"https:\\\/\\\/gersonguelmann.com.br\\\/blog\\\/conhece-o-anel-para-esportistas\\\/#article\",\"isPartOf\":{\"@id\":\"https:\\\/\\\/gersonguelmann.com.br\\\/blog\\\/conhece-o-anel-para-esportistas\\\/\"},\"author\":{\"name\":\"Gerson Guelmann\",\"@id\":\"https:\\\/\\\/gersonguelmann.com.br\\\/blog\\\/#\\\/schema\\\/person\\\/87e70e2a786888082f941a482c90569e\"},\"headline\":\"Conhece o Anel Para Esportistas?\",\"datePublished\":\"2018-01-30T20:00:39+00:00\",\"mainEntityOfPage\":{\"@id\":\"https:\\\/\\\/gersonguelmann.com.br\\\/blog\\\/conhece-o-anel-para-esportistas\\\/\"},\"wordCount\":300,\"commentCount\":0,\"image\":{\"@id\":\"https:\\\/\\\/gersonguelmann.com.br\\\/blog\\\/conhece-o-anel-para-esportistas\\\/#primaryimage\"},\"thumbnailUrl\":\"https:\\\/\\\/i0.wp.com\\\/gersonguelmann.com.br\\\/blog\\\/wp-content\\\/uploads\\\/2018\\\/01\\\/SR-2.jpg?fit=468%2C363&ssl=1\",\"inLanguage\":\"pt-BR\",\"potentialAction\":[{\"@type\":\"CommentAction\",\"name\":\"Comment\",\"target\":[\"https:\\\/\\\/gersonguelmann.com.br\\\/blog\\\/conhece-o-anel-para-esportistas\\\/#respond\"]}]},{\"@type\":\"WebPage\",\"@id\":\"https:\\\/\\\/gersonguelmann.com.br\\\/blog\\\/conhece-o-anel-para-esportistas\\\/\",\"url\":\"https:\\\/\\\/gersonguelmann.com.br\\\/blog\\\/conhece-o-anel-para-esportistas\\\/\",\"name\":\"Conhece o Anel Para Esportistas? | Blog do Guelmann\",\"isPartOf\":{\"@id\":\"https:\\\/\\\/gersonguelmann.com.br\\\/blog\\\/#website\"},\"primaryImageOfPage\":{\"@id\":\"https:\\\/\\\/gersonguelmann.com.br\\\/blog\\\/conhece-o-anel-para-esportistas\\\/#primaryimage\"},\"image\":{\"@id\":\"https:\\\/\\\/gersonguelmann.com.br\\\/blog\\\/conhece-o-anel-para-esportistas\\\/#primaryimage\"},\"thumbnailUrl\":\"https:\\\/\\\/i0.wp.com\\\/gersonguelmann.com.br\\\/blog\\\/wp-content\\\/uploads\\\/2018\\\/01\\\/SR-2.jpg?fit=468%2C363&ssl=1\",\"datePublished\":\"2018-01-30T20:00:39+00:00\",\"author\":{\"@id\":\"https:\\\/\\\/gersonguelmann.com.br\\\/blog\\\/#\\\/schema\\\/person\\\/87e70e2a786888082f941a482c90569e\"},\"inLanguage\":\"pt-BR\",\"potentialAction\":[{\"@type\":\"ReadAction\",\"target\":[\"https:\\\/\\\/gersonguelmann.com.br\\\/blog\\\/conhece-o-anel-para-esportistas\\\/\"]}]},{\"@type\":\"ImageObject\",\"inLanguage\":\"pt-BR\",\"@id\":\"https:\\\/\\\/gersonguelmann.com.br\\\/blog\\\/conhece-o-anel-para-esportistas\\\/#primaryimage\",\"url\":\"https:\\\/\\\/i0.wp.com\\\/gersonguelmann.com.br\\\/blog\\\/wp-content\\\/uploads\\\/2018\\\/01\\\/SR-2.jpg?fit=468%2C363&ssl=1\",\"contentUrl\":\"https:\\\/\\\/i0.wp.com\\\/gersonguelmann.com.br\\\/blog\\\/wp-content\\\/uploads\\\/2018\\\/01\\\/SR-2.jpg?fit=468%2C363&ssl=1\",\"width\":468,\"height\":363},{\"@type\":\"WebSite\",\"@id\":\"https:\\\/\\\/gersonguelmann.com.br\\\/blog\\\/#website\",\"url\":\"https:\\\/\\\/gersonguelmann.com.br\\\/blog\\\/\",\"name\":\"Blog do Guelmann\",\"description\":\"Pitadas da sabedoria e do humor judaicos, assuntos do momento e um pouco das hist\u00f3rias que vivi e testemunhei.\",\"potentialAction\":[{\"@type\":\"SearchAction\",\"target\":{\"@type\":\"EntryPoint\",\"urlTemplate\":\"https:\\\/\\\/gersonguelmann.com.br\\\/blog\\\/?s={search_term_string}\"},\"query-input\":{\"@type\":\"PropertyValueSpecification\",\"valueRequired\":true,\"valueName\":\"search_term_string\"}}],\"inLanguage\":\"pt-BR\"},{\"@type\":\"Person\",\"@id\":\"https:\\\/\\\/gersonguelmann.com.br\\\/blog\\\/#\\\/schema\\\/person\\\/87e70e2a786888082f941a482c90569e\",\"name\":\"Gerson Guelmann\",\"image\":{\"@type\":\"ImageObject\",\"inLanguage\":\"pt-BR\",\"@id\":\"https:\\\/\\\/i0.wp.com\\\/gersonguelmann.com.br\\\/blog\\\/wp-content\\\/uploads\\\/2021\\\/08\\\/BLOG.jpeg?fit=96%2C96&ssl=1\",\"url\":\"https:\\\/\\\/i0.wp.com\\\/gersonguelmann.com.br\\\/blog\\\/wp-content\\\/uploads\\\/2021\\\/08\\\/BLOG.jpeg?fit=96%2C96&ssl=1\",\"contentUrl\":\"https:\\\/\\\/i0.wp.com\\\/gersonguelmann.com.br\\\/blog\\\/wp-content\\\/uploads\\\/2021\\\/08\\\/BLOG.jpeg?fit=96%2C96&ssl=1\",\"caption\":\"Gerson Guelmann\"},\"description\":\"Pitadas da sabedoria e do humor judaicos, assuntos do momento e um pouco das hist\u00f3rias que vivi e testemunhei.\"}]}<\/script>\n<!-- \/ Yoast SEO plugin. -->","yoast_head_json":{"title":"Conhece o Anel Para Esportistas? | Blog do Guelmann","robots":{"index":"index","follow":"follow","max-snippet":"max-snippet:-1","max-image-preview":"max-image-preview:large","max-video-preview":"max-video-preview:-1"},"canonical":"https:\/\/gersonguelmann.com.br\/blog\/conhece-o-anel-para-esportistas\/","og_locale":"pt_BR","og_type":"article","og_title":"Conhece o Anel Para Esportistas? | Blog do Guelmann","og_description":"O meu dileto amigo Eduardo Mira, em sociedade com o\u00a0Fernando Mello, joalheiro com experi\u00eancia de 25 anos no mercado, criou a Sports Ring, uma empresa de base tecnol\u00f3gica\u00a0 especializada em joias personalizadas para esportistas. Sediada em Joinville (SC), a Sports Rings produz an\u00e9is comemorativos para triatletas, maratonistas, ultramaratonistas e corredores de rua em geral.\u00a0 Operando [&hellip;]","og_url":"https:\/\/gersonguelmann.com.br\/blog\/conhece-o-anel-para-esportistas\/","og_site_name":"Blog do Guelmann","article_published_time":"2018-01-30T20:00:39+00:00","og_image":[{"width":468,"height":363,"url":"https:\/\/i0.wp.com\/gersonguelmann.com.br\/blog\/wp-content\/uploads\/2018\/01\/SR-2.jpg?fit=468%2C363&ssl=1","type":"image\/jpeg"}],"author":"Gerson Guelmann","twitter_card":"summary_large_image","twitter_misc":{"Escrito por":"Gerson Guelmann","Est. tempo de leitura":"1 minuto"},"schema":{"@context":"https:\/\/schema.org","@graph":[{"@type":"Article","@id":"https:\/\/gersonguelmann.com.br\/blog\/conhece-o-anel-para-esportistas\/#article","isPartOf":{"@id":"https:\/\/gersonguelmann.com.br\/blog\/conhece-o-anel-para-esportistas\/"},"author":{"name":"Gerson Guelmann","@id":"https:\/\/gersonguelmann.com.br\/blog\/#\/schema\/person\/87e70e2a786888082f941a482c90569e"},"headline":"Conhece o Anel Para Esportistas?","datePublished":"2018-01-30T20:00:39+00:00","mainEntityOfPage":{"@id":"https:\/\/gersonguelmann.com.br\/blog\/conhece-o-anel-para-esportistas\/"},"wordCount":300,"commentCount":0,"image":{"@id":"https:\/\/gersonguelmann.com.br\/blog\/conhece-o-anel-para-esportistas\/#primaryimage"},"thumbnailUrl":"https:\/\/i0.wp.com\/gersonguelmann.com.br\/blog\/wp-content\/uploads\/2018\/01\/SR-2.jpg?fit=468%2C363&ssl=1","inLanguage":"pt-BR","potentialAction":[{"@type":"CommentAction","name":"Comment","target":["https:\/\/gersonguelmann.com.br\/blog\/conhece-o-anel-para-esportistas\/#respond"]}]},{"@type":"WebPage","@id":"https:\/\/gersonguelmann.com.br\/blog\/conhece-o-anel-para-esportistas\/","url":"https:\/\/gersonguelmann.com.br\/blog\/conhece-o-anel-para-esportistas\/","name":"Conhece o Anel Para Esportistas? | Blog do Guelmann","isPartOf":{"@id":"https:\/\/gersonguelmann.com.br\/blog\/#website"},"primaryImageOfPage":{"@id":"https:\/\/gersonguelmann.com.br\/blog\/conhece-o-anel-para-esportistas\/#primaryimage"},"image":{"@id":"https:\/\/gersonguelmann.com.br\/blog\/conhece-o-anel-para-esportistas\/#primaryimage"},"thumbnailUrl":"https:\/\/i0.wp.com\/gersonguelmann.com.br\/blog\/wp-content\/uploads\/2018\/01\/SR-2.jpg?fit=468%2C363&ssl=1","datePublished":"2018-01-30T20:00:39+00:00","author":{"@id":"https:\/\/gersonguelmann.com.br\/blog\/#\/schema\/person\/87e70e2a786888082f941a482c90569e"},"inLanguage":"pt-BR","potentialAction":[{"@type":"ReadAction","target":["https:\/\/gersonguelmann.com.br\/blog\/conhece-o-anel-para-esportistas\/"]}]},{"@type":"ImageObject","inLanguage":"pt-BR","@id":"https:\/\/gersonguelmann.com.br\/blog\/conhece-o-anel-para-esportistas\/#primaryimage","url":"https:\/\/i0.wp.com\/gersonguelmann.com.br\/blog\/wp-content\/uploads\/2018\/01\/SR-2.jpg?fit=468%2C363&ssl=1","contentUrl":"https:\/\/i0.wp.com\/gersonguelmann.com.br\/blog\/wp-content\/uploads\/2018\/01\/SR-2.jpg?fit=468%2C363&ssl=1","width":468,"height":363},{"@type":"WebSite","@id":"https:\/\/gersonguelmann.com.br\/blog\/#website","url":"https:\/\/gersonguelmann.com.br\/blog\/","name":"Blog do Guelmann","description":"Pitadas da sabedoria e do humor judaicos, assuntos do momento e um pouco das hist\u00f3rias que vivi e testemunhei.","potentialAction":[{"@type":"SearchAction","target":{"@type":"EntryPoint","urlTemplate":"https:\/\/gersonguelmann.com.br\/blog\/?s={search_term_string}"},"query-input":{"@type":"PropertyValueSpecification","valueRequired":true,"valueName":"search_term_string"}}],"inLanguage":"pt-BR"},{"@type":"Person","@id":"https:\/\/gersonguelmann.com.br\/blog\/#\/schema\/person\/87e70e2a786888082f941a482c90569e","name":"Gerson Guelmann","image":{"@type":"ImageObject","inLanguage":"pt-BR","@id":"https:\/\/i0.wp.com\/gersonguelmann.com.br\/blog\/wp-content\/uploads\/2021\/08\/BLOG.jpeg?fit=96%2C96&ssl=1","url":"https:\/\/i0.wp.com\/gersonguelmann.com.br\/blog\/wp-content\/uploads\/2021\/08\/BLOG.jpeg?fit=96%2C96&ssl=1","contentUrl":"https:\/\/i0.wp.com\/gersonguelmann.com.br\/blog\/wp-content\/uploads\/2021\/08\/BLOG.jpeg?fit=96%2C96&ssl=1","caption":"Gerson Guelmann"},"description":"Pitadas da sabedoria e do humor judaicos, assuntos do momento e um pouco das hist\u00f3rias que vivi e testemunhei."}]}},"views":48,"jetpack_publicize_connections":[],"jetpack_featured_media_url":"https:\/\/i0.wp.com\/gersonguelmann.com.br\/blog\/wp-content\/uploads\/2018\/01\/SR-2.jpg?fit=468%2C363&ssl=1","jetpack_shortlink":"https:\/\/wp.me\/p96e7O-22M","jetpack-related-posts":[{"id":15749,"url":"https:\/\/gersonguelmann.com.br\/blog\/na-travessia-de-pedestres-a-curitiba-desconhecida\/","url_meta":{"origin":7860,"position":0},"title":"Na Travessia de Pedestres, a Curitiba Desconhecida","author":"Gerson Guelmann","date":"16 de outubro de 2023","format":false,"excerpt":"N\u00f3s Curitibanos nos envaidecemos da educa\u00e7\u00e3o do povo e dos avan\u00e7os urban\u00edsticos da cidade. A educa\u00e7\u00e3o tem a ver com o am\u00e1lgama cultural da cidade, pois mesmo considerando que mais da metade da popula\u00e7\u00e3o n\u00e3o nasceu aqui, essa \u00e9 uma caracter\u00edstica bem presente. O orgulho da cidade se consolidou ap\u00f3s\u2026","rel":"","context":"Em &quot;Sem categoria&quot;","block_context":{"text":"Sem categoria","link":"https:\/\/gersonguelmann.com.br\/blog\/category\/sem-categoria\/"},"img":{"alt_text":"","src":"https:\/\/i0.wp.com\/gersonguelmann.com.br\/blog\/wp-content\/uploads\/2019\/01\/HojePR-scaled.jpg?fit=1200%2C801&ssl=1&resize=350%2C200","width":350,"height":200,"srcset":"https:\/\/i0.wp.com\/gersonguelmann.com.br\/blog\/wp-content\/uploads\/2019\/01\/HojePR-scaled.jpg?fit=1200%2C801&ssl=1&resize=350%2C200 1x, https:\/\/i0.wp.com\/gersonguelmann.com.br\/blog\/wp-content\/uploads\/2019\/01\/HojePR-scaled.jpg?fit=1200%2C801&ssl=1&resize=525%2C300 1.5x, https:\/\/i0.wp.com\/gersonguelmann.com.br\/blog\/wp-content\/uploads\/2019\/01\/HojePR-scaled.jpg?fit=1200%2C801&ssl=1&resize=700%2C400 2x, https:\/\/i0.wp.com\/gersonguelmann.com.br\/blog\/wp-content\/uploads\/2019\/01\/HojePR-scaled.jpg?fit=1200%2C801&ssl=1&resize=1050%2C600 3x"},"classes":[]},{"id":11049,"url":"https:\/\/gersonguelmann.com.br\/blog\/a-pascoa-crista-e-a-judaica-juntas\/","url_meta":{"origin":7860,"position":1},"title":"A P\u00e1scoa Crist\u00e3 e a Judaica, Juntas","author":"Gerson Guelmann","date":"30 de mar\u00e7o de 2018","format":false,"excerpt":"As duas P\u00e1scoas, a crist\u00e3 e a judaica, s\u00e3o sempre comemoradas em datas pr\u00f3ximas. A judaica come\u00e7a sempre no dia 14 do m\u00eas de Nissan e sua equival\u00eancia no calend\u00e1rio gregoriano faz com que seja comemorada entre os \u00faltimos dias de mar\u00e7o e meados de abril. A crist\u00e3 come\u00e7a\u00a0sempre no\u2026","rel":"","context":"Em &quot;Sem categoria&quot;","block_context":{"text":"Sem categoria","link":"https:\/\/gersonguelmann.com.br\/blog\/category\/sem-categoria\/"},"img":{"alt_text":"","src":"https:\/\/i0.wp.com\/gersonguelmann.com.br\/blog\/wp-content\/uploads\/2018\/03\/Matz%C3%A1-300x209.jpg?resize=350%2C200&ssl=1","width":350,"height":200},"classes":[]},{"id":10010,"url":"https:\/\/gersonguelmann.com.br\/blog\/eduardo-brogiollo-no-ferry-boat-do-guaruja\/","url_meta":{"origin":7860,"position":2},"title":"Eduardo Brogiollo no Ferry-Boat do Guaruj\u00e1","author":"Gerson Guelmann","date":"13 de mar\u00e7o de 2018","format":false,"excerpt":"Na 1\u00aa postagem que fiz sobre meu amigo Eduardo Brogiollo falei do quanto ele era bem humorado.\u00a0 Das tiradas dele, h\u00e1 uma que s\u00f3 a mente de um psicopata do bem, como ele, seria capaz de engendrar. No ferry-boat da travessia Santos-Guaruj\u00e1, ele fez o seguinte: - uma ocasi\u00e3o em\u2026","rel":"","context":"Em &quot;Sem categoria&quot;","block_context":{"text":"Sem categoria","link":"https:\/\/gersonguelmann.com.br\/blog\/category\/sem-categoria\/"},"img":{"alt_text":"","src":"https:\/\/i0.wp.com\/gersonguelmann.com.br\/blog\/wp-content\/uploads\/2018\/03\/ferry-boat.jpg?resize=350%2C200&ssl=1","width":350,"height":200},"classes":[]},{"id":1489,"url":"https:\/\/gersonguelmann.com.br\/blog\/o-funeral-da-tia-em-cuba\/","url_meta":{"origin":7860,"position":3},"title":"O Funeral da Tia em Cuba","author":"Gerson Guelmann","date":"29 de janeiro de 2024","format":false,"excerpt":"Uma fam\u00edlia cubana se surpreendeu quando chegou de Miami o caix\u00e3o com o cad\u00e1ver de uma tia muito querida, que havia mudado para os Estados Unidos fugindo da revolu\u00e7\u00e3o de Fidel Castro. O corpo estava t\u00e3o apertado dentro do caix\u00e3o que o rosto parecia estar colado no visor de vidro.\u2026","rel":"","context":"Em &quot;Sem categoria&quot;","block_context":{"text":"Sem categoria","link":"https:\/\/gersonguelmann.com.br\/blog\/category\/sem-categoria\/"},"img":{"alt_text":"","src":"https:\/\/i0.wp.com\/gersonguelmann.com.br\/blog\/wp-content\/uploads\/2017\/09\/Funeral.jpg?fit=960%2C720&ssl=1&resize=350%2C200","width":350,"height":200,"srcset":"https:\/\/i0.wp.com\/gersonguelmann.com.br\/blog\/wp-content\/uploads\/2017\/09\/Funeral.jpg?fit=960%2C720&ssl=1&resize=350%2C200 1x, https:\/\/i0.wp.com\/gersonguelmann.com.br\/blog\/wp-content\/uploads\/2017\/09\/Funeral.jpg?fit=960%2C720&ssl=1&resize=525%2C300 1.5x, https:\/\/i0.wp.com\/gersonguelmann.com.br\/blog\/wp-content\/uploads\/2017\/09\/Funeral.jpg?fit=960%2C720&ssl=1&resize=700%2C400 2x"},"classes":[]},{"id":5289,"url":"https:\/\/gersonguelmann.com.br\/blog\/ha-um-brasil-que-insiste-em-funcionar\/","url_meta":{"origin":7860,"position":4},"title":"H\u00e1 Um Brasil Que Insiste Em Funcionar","author":"Gerson Guelmann","date":"6 de dezembro de 2017","format":false,"excerpt":"Em meio a not\u00edcias de \"an\u00e9is de compromisso\" para obras super-faturadas, maus servi\u00e7os ou a absoluta falta deles, de vez em quando surgem not\u00edcias que nos trazem um pouco de alento. A Pol\u00edcia Rodovi\u00e1ria Federal est\u00e1 disponibilizando um servi\u00e7o extremamente \u00fatil: trata-se do\u00a0SINAL - Sistema Nacional de Alarmes, que possibilita\u2026","rel":"","context":"Em &quot;Sem categoria&quot;","block_context":{"text":"Sem categoria","link":"https:\/\/gersonguelmann.com.br\/blog\/category\/sem-categoria\/"},"img":{"alt_text":"","src":"https:\/\/i0.wp.com\/gersonguelmann.com.br\/blog\/wp-content\/uploads\/2017\/12\/Sinal.png?resize=350%2C200&ssl=1","width":350,"height":200},"classes":[]},{"id":1441,"url":"https:\/\/gersonguelmann.com.br\/blog\/rezando-para-o-senhor-dos-aneis-acredite-e-verdade-10\/","url_meta":{"origin":7860,"position":5},"title":"Rezando Para o Senhor dos An\u00e9is &#8211; Acredite, \u00e9 Verdade (10)","author":"Gerson Guelmann","date":"26 de abril de 2021","format":false,"excerpt":"Foto: DDP - Unsplash Uma senhora rezava diariamente para um boneco da saga \"Senhor dos An\u00e9is\", julgando tratar-se de imagem de Santo Ant\u00f4nio, do qual \u00e9 devota. O nome do personagem do filme \u00e9 \"Elrond\". Essa saiu n'O Estado de S\u00e3o Paulo de 03\/01\/2017","rel":"","context":"Em &quot;Sem categoria&quot;","block_context":{"text":"Sem categoria","link":"https:\/\/gersonguelmann.com.br\/blog\/category\/sem-categoria\/"},"img":{"alt_text":"","src":"https:\/\/i0.wp.com\/gersonguelmann.com.br\/blog\/wp-content\/uploads\/2017\/09\/SA-scaled.jpg?fit=1200%2C800&ssl=1&resize=350%2C200","width":350,"height":200,"srcset":"https:\/\/i0.wp.com\/gersonguelmann.com.br\/blog\/wp-content\/uploads\/2017\/09\/SA-scaled.jpg?fit=1200%2C800&ssl=1&resize=350%2C200 1x, https:\/\/i0.wp.com\/gersonguelmann.com.br\/blog\/wp-content\/uploads\/2017\/09\/SA-scaled.jpg?fit=1200%2C800&ssl=1&resize=525%2C300 1.5x, https:\/\/i0.wp.com\/gersonguelmann.com.br\/blog\/wp-content\/uploads\/2017\/09\/SA-scaled.jpg?fit=1200%2C800&ssl=1&resize=700%2C400 2x, https:\/\/i0.wp.com\/gersonguelmann.com.br\/blog\/wp-content\/uploads\/2017\/09\/SA-scaled.jpg?fit=1200%2C800&ssl=1&resize=1050%2C600 3x"},"classes":[]}],"jetpack_sharing_enabled":true,"post_mailing_queue_ids":[],"_links":{"self":[{"href":"https:\/\/gersonguelmann.com.br\/blog\/wp-json\/wp\/v2\/posts\/7860","targetHints":{"allow":["GET"]}}],"collection":[{"href":"https:\/\/gersonguelmann.com.br\/blog\/wp-json\/wp\/v2\/posts"}],"about":[{"href":"https:\/\/gersonguelmann.com.br\/blog\/wp-json\/wp\/v2\/types\/post"}],"author":[{"embeddable":true,"href":"https:\/\/gersonguelmann.com.br\/blog\/wp-json\/wp\/v2\/users\/5"}],"replies":[{"embeddable":true,"href":"https:\/\/gersonguelmann.com.br\/blog\/wp-json\/wp\/v2\/comments?post=7860"}],"version-history":[{"count":0,"href":"https:\/\/gersonguelmann.com.br\/blog\/wp-json\/wp\/v2\/posts\/7860\/revisions"}],"wp:featuredmedia":[{"embeddable":true,"href":"https:\/\/gersonguelmann.com.br\/blog\/wp-json\/wp\/v2\/media\/7866"}],"wp:attachment":[{"href":"https:\/\/gersonguelmann.com.br\/blog\/wp-json\/wp\/v2\/media?parent=7860"}],"wp:term":[{"taxonomy":"category","embeddable":true,"href":"https:\/\/gersonguelmann.com.br\/blog\/wp-json\/wp\/v2\/categories?post=7860"},{"taxonomy":"post_tag","embeddable":true,"href":"https:\/\/gersonguelmann.com.br\/blog\/wp-json\/wp\/v2\/tags?post=7860"}],"curies":[{"name":"wp","href":"https:\/\/api.w.org\/{rel}","templated":true}]}}