    {"id":7889,"date":"2018-01-31T13:00:32","date_gmt":"2018-01-31T15:00:32","guid":{"rendered":"https:\/\/gersonguelmann.com.br\/blog\/?p=7889"},"modified":"2018-01-30T22:33:53","modified_gmt":"2018-01-31T00:33:53","slug":"um-paranaense-na-camara-italiana","status":"publish","type":"post","link":"https:\/\/gersonguelmann.com.br\/blog\/um-paranaense-na-camara-italiana\/","title":{"rendered":"Um Paranaense na C\u00e2mara Italiana"},"content":{"rendered":"<p><span style=\"font-family: verdana, geneva, sans-serif; font-size: 14pt; color: #000000;\">O curitibano Walter Petruzziello \u00e9 candidato a Deputado nas elei\u00e7\u00f5es para o Parlamento italiano em 4 de mar\u00e7o pr\u00f3ximo.<\/span><\/p>\n<div class=\"_4bl9\">\n<div class=\"_3-8w\">\n<div id=\"id_5a710d3a0ea081154709005\" class=\"text_exposed_root text_exposed\"><span class=\"text_exposed_show\" style=\"font-family: verdana, geneva, sans-serif; font-size: 14pt; color: #000000;\">Walter Antonio Petruzziello nasceu em Pratola Serra \u2013 (AV) It\u00e1lia aos 02 de janeiro de 1952 e imigrou com seus pais para o Brasil em janeiro de 1954<\/span><\/div>\n<div class=\"text_exposed_root text_exposed\"><span class=\"text_exposed_show\" style=\"font-family: verdana, geneva, sans-serif; font-size: 14pt; color: #000000;\"><br \/>\n\u00c9 Formado em Economia Pol\u00edtica e Direito, com especializa\u00e7\u00e3o em Direito Comercial pela Universidade de Turin.<\/p>\n<p>Foi respons\u00e1vel direto pela instala\u00e7\u00e3o de dezenas de empresas italianas no Brasil.<\/p>\n<p>Assessor Jur\u00eddico do Consulado Geral da It\u00e1lia em Curitiba h\u00e1 mais de 25 anos.<\/p>\n<p>Exerceu o Cargo Institucional de Presidente do \u201cComitato degli Italiani all\u2019 Estero\u201d (COMITES) Circunscri\u00e7\u00e3o do Paran\u00e1 e Santa Catarina de 1997 a 2004, quando foi o \u00fanico representante do Brasil reeleito para o \u201cConsiglio Generale degli Italiani all\u2019 Estero\u201d (C.G.I.E.), em cuja institui\u00e7\u00e3o o Brasil ocupa 04 das 94 cadeiras \u201d.<br \/>\nNo C.G.I.E. apresentou e foi defensor de v\u00e1rias sugest\u00f5es em benef\u00edcios da comunidade italiana, como:<br \/>\n&#8211; lei que concedeu a cidadania aos descendentes de pessoas nascidas no Imp\u00e9rio Austro-Hungaro (Trentinos);<br \/>\n&#8211; Direito \u00e0 cidadania para filhos de m\u00e3e italiana, nascidos antes de 1948;<br \/>\n&#8211; Defendeu o seguro sa\u00fade para os italianos necessitados e residentes no exterior;<br \/>\n&#8211; Defendeu a lei que deu o direito de voto para os italianos no exterior e foi o \u00fanico Conselheiro do C.G.I.E. presente no Parlamento quando da aprova\u00e7\u00e3o da lei.<\/p>\n<p>Em 1994, recebeu, com firma do Presidente Scalfaro a Comenda com o Grau de \u201cCavaliere della Repubblica Italiana.\u201d<br \/>\nEm 2002, recebeu, com firma do Presidente Ciampi, a \u201cOrdine della Stella della Solidariet\u00e0 Italiana\u201d com o grau de \u201cGrande Ufficiale\u201d .<br \/>\nEm 2006 recebeu no Rio de Janeiro o Grau de \u201cComendador\u201d da Soberana Ordem da Fraterna Integra\u00e7\u00e3o \u00cdtalo-Brasileira.<br \/>\n\u00c9 cidad\u00e3o Honor\u00e1rio de Curitiba e Personalidade \u00cdtalo-Brasileira do Paran\u00e1.<\/p>\n<p>Em 2006 foi o candidato mais votado no Brasil para as elei\u00e7\u00f5es parlamentares italianas, ficando na supl\u00eancia.<\/p>\n<p>Em 2011 foi eleito presidente da Associa\u00e7\u00e3o Giuseppe Garibaldi em Curitiba, uma importante associa\u00e7\u00e3o do Estado do Paran\u00e1.<\/p>\n<p>Professor de Economia Pol\u00edtica, na Pontif\u00edcia Universidade Cat\u00f3lica do Paran\u00e1 e Procurador do Munic\u00edpio de Curitiba.<\/p>\n<p>Duas vezes 1\u00ba Vice Presidente da C\u00e2mara Italo-Brasileira de Com\u00e9rcio e Industria de Curitiba.<\/p>\n<p>\u00c9 autor de diversos artigos sobre Economia Brasileira e Mundial publicados nos principais Jornais do Paran\u00e1 e escreveu v\u00e1rios artigos para Revista Insieme sobre temas de interesse da coletividade \u00edtalo-brasileira.<\/span><\/div>\n<div style=\"text-align: center;\"><img data-recalc-dims=\"1\" fetchpriority=\"high\" decoding=\"async\" data-attachment-id=\"7890\" data-permalink=\"https:\/\/gersonguelmann.com.br\/blog\/um-paranaense-na-camara-italiana\/walter\/\" data-orig-file=\"https:\/\/i0.wp.com\/gersonguelmann.com.br\/blog\/wp-content\/uploads\/2018\/01\/Walter.png?fit=800%2C800&amp;ssl=1\" data-orig-size=\"800,800\" data-comments-opened=\"1\" data-image-meta=\"{&quot;aperture&quot;:&quot;0&quot;,&quot;credit&quot;:&quot;&quot;,&quot;camera&quot;:&quot;&quot;,&quot;caption&quot;:&quot;&quot;,&quot;created_timestamp&quot;:&quot;0&quot;,&quot;copyright&quot;:&quot;&quot;,&quot;focal_length&quot;:&quot;0&quot;,&quot;iso&quot;:&quot;0&quot;,&quot;shutter_speed&quot;:&quot;0&quot;,&quot;title&quot;:&quot;&quot;,&quot;orientation&quot;:&quot;0&quot;}\" data-image-title=\"Walter\" data-image-description=\"\" data-image-caption=\"\" data-medium-file=\"https:\/\/i0.wp.com\/gersonguelmann.com.br\/blog\/wp-content\/uploads\/2018\/01\/Walter.png?fit=300%2C300&amp;ssl=1\" data-large-file=\"https:\/\/i0.wp.com\/gersonguelmann.com.br\/blog\/wp-content\/uploads\/2018\/01\/Walter.png?fit=640%2C640&amp;ssl=1\" class=\"alignnone size-medium wp-image-7890\" src=\"https:\/\/i0.wp.com\/gersonguelmann.com.br\/blog\/wp-content\/uploads\/2018\/01\/Walter.png?resize=300%2C300&#038;ssl=1\" alt=\"\" width=\"300\" height=\"300\" srcset=\"https:\/\/i0.wp.com\/gersonguelmann.com.br\/blog\/wp-content\/uploads\/2018\/01\/Walter.png?resize=300%2C300&amp;ssl=1 300w, https:\/\/i0.wp.com\/gersonguelmann.com.br\/blog\/wp-content\/uploads\/2018\/01\/Walter.png?resize=150%2C150&amp;ssl=1 150w, https:\/\/i0.wp.com\/gersonguelmann.com.br\/blog\/wp-content\/uploads\/2018\/01\/Walter.png?resize=768%2C768&amp;ssl=1 768w, https:\/\/i0.wp.com\/gersonguelmann.com.br\/blog\/wp-content\/uploads\/2018\/01\/Walter.png?resize=70%2C70&amp;ssl=1 70w, https:\/\/i0.wp.com\/gersonguelmann.com.br\/blog\/wp-content\/uploads\/2018\/01\/Walter.png?resize=127%2C127&amp;ssl=1 127w, https:\/\/i0.wp.com\/gersonguelmann.com.br\/blog\/wp-content\/uploads\/2018\/01\/Walter.png?resize=476%2C476&amp;ssl=1 476w, https:\/\/i0.wp.com\/gersonguelmann.com.br\/blog\/wp-content\/uploads\/2018\/01\/Walter.png?resize=125%2C125&amp;ssl=1 125w, https:\/\/i0.wp.com\/gersonguelmann.com.br\/blog\/wp-content\/uploads\/2018\/01\/Walter.png?w=800&amp;ssl=1 800w\" sizes=\"(max-width: 300px) 100vw, 300px\" \/><\/div>\n<div style=\"text-align: center;\"><\/div>\n<\/div>\n<\/div>\n","protected":false},"excerpt":{"rendered":"<p>O curitibano Walter Petruzziello \u00e9 candidato a Deputado nas elei\u00e7\u00f5es para o Parlamento italiano em 4 de mar\u00e7o pr\u00f3ximo. Walter Antonio Petruzziello nasceu em Pratola Serra \u2013 (AV) It\u00e1lia aos 02 de janeiro de 1952 e imigrou com seus pais para o Brasil em janeiro de 1954 \u00c9 Formado em Economia Pol\u00edtica e Direito, com [&hellip;]<\/p>\n","protected":false},"author":5,"featured_media":7890,"comment_status":"open","ping_status":"open","sticky":false,"template":"","format":"standard","meta":{"_acf_changed":false,"jetpack_post_was_ever_published":false,"_jetpack_newsletter_access":"","_jetpack_dont_email_post_to_subs":false,"_jetpack_newsletter_tier_id":0,"_jetpack_memberships_contains_paywalled_content":false,"_jetpack_memberships_contains_paid_content":false,"footnotes":"","jetpack_publicize_message":"","jetpack_publicize_feature_enabled":true,"jetpack_social_post_already_shared":true,"jetpack_social_options":{"image_generator_settings":{"template":"highway","default_image_id":0,"font":"","enabled":false},"version":2}},"categories":[1],"tags":[],"class_list":["post-7889","post","type-post","status-publish","format-standard","has-post-thumbnail","hentry","category-sem-categoria"],"acf":[],"yoast_head":"<!-- This site is optimized with the Yoast SEO plugin v27.3 - https:\/\/yoast.com\/product\/yoast-seo-wordpress\/ -->\n<title>Um Paranaense na C\u00e2mara Italiana | Blog do Guelmann<\/title>\n<meta name=\"robots\" content=\"index, follow, max-snippet:-1, max-image-preview:large, max-video-preview:-1\" \/>\n<link rel=\"canonical\" href=\"https:\/\/gersonguelmann.com.br\/blog\/um-paranaense-na-camara-italiana\/\" \/>\n<meta property=\"og:locale\" content=\"pt_BR\" \/>\n<meta property=\"og:type\" content=\"article\" \/>\n<meta property=\"og:title\" content=\"Um Paranaense na C\u00e2mara Italiana | Blog do Guelmann\" \/>\n<meta property=\"og:description\" content=\"O curitibano Walter Petruzziello \u00e9 candidato a Deputado nas elei\u00e7\u00f5es para o Parlamento italiano em 4 de mar\u00e7o pr\u00f3ximo. Walter Antonio Petruzziello nasceu em Pratola Serra \u2013 (AV) It\u00e1lia aos 02 de janeiro de 1952 e imigrou com seus pais para o Brasil em janeiro de 1954 \u00c9 Formado em Economia Pol\u00edtica e Direito, com [&hellip;]\" \/>\n<meta property=\"og:url\" content=\"https:\/\/gersonguelmann.com.br\/blog\/um-paranaense-na-camara-italiana\/\" \/>\n<meta property=\"og:site_name\" content=\"Blog do Guelmann\" \/>\n<meta property=\"article:published_time\" content=\"2018-01-31T15:00:32+00:00\" \/>\n<meta property=\"og:image\" content=\"https:\/\/i0.wp.com\/gersonguelmann.com.br\/blog\/wp-content\/uploads\/2018\/01\/Walter.png?fit=800%2C800&ssl=1\" \/>\n\t<meta property=\"og:image:width\" content=\"800\" \/>\n\t<meta property=\"og:image:height\" content=\"800\" \/>\n\t<meta property=\"og:image:type\" content=\"image\/png\" \/>\n<meta name=\"author\" content=\"Gerson Guelmann\" \/>\n<meta name=\"twitter:card\" content=\"summary_large_image\" \/>\n<meta name=\"twitter:label1\" content=\"Escrito por\" \/>\n\t<meta name=\"twitter:data1\" content=\"Gerson Guelmann\" \/>\n\t<meta name=\"twitter:label2\" content=\"Est. tempo de leitura\" \/>\n\t<meta name=\"twitter:data2\" content=\"2 minutos\" \/>\n<script type=\"application\/ld+json\" class=\"yoast-schema-graph\">{\"@context\":\"https:\\\/\\\/schema.org\",\"@graph\":[{\"@type\":\"Article\",\"@id\":\"https:\\\/\\\/gersonguelmann.com.br\\\/blog\\\/um-paranaense-na-camara-italiana\\\/#article\",\"isPartOf\":{\"@id\":\"https:\\\/\\\/gersonguelmann.com.br\\\/blog\\\/um-paranaense-na-camara-italiana\\\/\"},\"author\":{\"name\":\"Gerson Guelmann\",\"@id\":\"https:\\\/\\\/gersonguelmann.com.br\\\/blog\\\/#\\\/schema\\\/person\\\/87e70e2a786888082f941a482c90569e\"},\"headline\":\"Um Paranaense na C\u00e2mara Italiana\",\"datePublished\":\"2018-01-31T15:00:32+00:00\",\"mainEntityOfPage\":{\"@id\":\"https:\\\/\\\/gersonguelmann.com.br\\\/blog\\\/um-paranaense-na-camara-italiana\\\/\"},\"wordCount\":413,\"commentCount\":1,\"image\":{\"@id\":\"https:\\\/\\\/gersonguelmann.com.br\\\/blog\\\/um-paranaense-na-camara-italiana\\\/#primaryimage\"},\"thumbnailUrl\":\"https:\\\/\\\/i0.wp.com\\\/gersonguelmann.com.br\\\/blog\\\/wp-content\\\/uploads\\\/2018\\\/01\\\/Walter.png?fit=800%2C800&ssl=1\",\"inLanguage\":\"pt-BR\",\"potentialAction\":[{\"@type\":\"CommentAction\",\"name\":\"Comment\",\"target\":[\"https:\\\/\\\/gersonguelmann.com.br\\\/blog\\\/um-paranaense-na-camara-italiana\\\/#respond\"]}]},{\"@type\":\"WebPage\",\"@id\":\"https:\\\/\\\/gersonguelmann.com.br\\\/blog\\\/um-paranaense-na-camara-italiana\\\/\",\"url\":\"https:\\\/\\\/gersonguelmann.com.br\\\/blog\\\/um-paranaense-na-camara-italiana\\\/\",\"name\":\"Um Paranaense na C\u00e2mara Italiana | Blog do Guelmann\",\"isPartOf\":{\"@id\":\"https:\\\/\\\/gersonguelmann.com.br\\\/blog\\\/#website\"},\"primaryImageOfPage\":{\"@id\":\"https:\\\/\\\/gersonguelmann.com.br\\\/blog\\\/um-paranaense-na-camara-italiana\\\/#primaryimage\"},\"image\":{\"@id\":\"https:\\\/\\\/gersonguelmann.com.br\\\/blog\\\/um-paranaense-na-camara-italiana\\\/#primaryimage\"},\"thumbnailUrl\":\"https:\\\/\\\/i0.wp.com\\\/gersonguelmann.com.br\\\/blog\\\/wp-content\\\/uploads\\\/2018\\\/01\\\/Walter.png?fit=800%2C800&ssl=1\",\"datePublished\":\"2018-01-31T15:00:32+00:00\",\"author\":{\"@id\":\"https:\\\/\\\/gersonguelmann.com.br\\\/blog\\\/#\\\/schema\\\/person\\\/87e70e2a786888082f941a482c90569e\"},\"inLanguage\":\"pt-BR\",\"potentialAction\":[{\"@type\":\"ReadAction\",\"target\":[\"https:\\\/\\\/gersonguelmann.com.br\\\/blog\\\/um-paranaense-na-camara-italiana\\\/\"]}]},{\"@type\":\"ImageObject\",\"inLanguage\":\"pt-BR\",\"@id\":\"https:\\\/\\\/gersonguelmann.com.br\\\/blog\\\/um-paranaense-na-camara-italiana\\\/#primaryimage\",\"url\":\"https:\\\/\\\/i0.wp.com\\\/gersonguelmann.com.br\\\/blog\\\/wp-content\\\/uploads\\\/2018\\\/01\\\/Walter.png?fit=800%2C800&ssl=1\",\"contentUrl\":\"https:\\\/\\\/i0.wp.com\\\/gersonguelmann.com.br\\\/blog\\\/wp-content\\\/uploads\\\/2018\\\/01\\\/Walter.png?fit=800%2C800&ssl=1\",\"width\":800,\"height\":800},{\"@type\":\"WebSite\",\"@id\":\"https:\\\/\\\/gersonguelmann.com.br\\\/blog\\\/#website\",\"url\":\"https:\\\/\\\/gersonguelmann.com.br\\\/blog\\\/\",\"name\":\"Blog do Guelmann\",\"description\":\"Pitadas da sabedoria e do humor judaicos, assuntos do momento e um pouco das hist\u00f3rias que vivi e testemunhei.\",\"potentialAction\":[{\"@type\":\"SearchAction\",\"target\":{\"@type\":\"EntryPoint\",\"urlTemplate\":\"https:\\\/\\\/gersonguelmann.com.br\\\/blog\\\/?s={search_term_string}\"},\"query-input\":{\"@type\":\"PropertyValueSpecification\",\"valueRequired\":true,\"valueName\":\"search_term_string\"}}],\"inLanguage\":\"pt-BR\"},{\"@type\":\"Person\",\"@id\":\"https:\\\/\\\/gersonguelmann.com.br\\\/blog\\\/#\\\/schema\\\/person\\\/87e70e2a786888082f941a482c90569e\",\"name\":\"Gerson Guelmann\",\"image\":{\"@type\":\"ImageObject\",\"inLanguage\":\"pt-BR\",\"@id\":\"https:\\\/\\\/i0.wp.com\\\/gersonguelmann.com.br\\\/blog\\\/wp-content\\\/uploads\\\/2021\\\/08\\\/BLOG.jpeg?fit=96%2C96&ssl=1\",\"url\":\"https:\\\/\\\/i0.wp.com\\\/gersonguelmann.com.br\\\/blog\\\/wp-content\\\/uploads\\\/2021\\\/08\\\/BLOG.jpeg?fit=96%2C96&ssl=1\",\"contentUrl\":\"https:\\\/\\\/i0.wp.com\\\/gersonguelmann.com.br\\\/blog\\\/wp-content\\\/uploads\\\/2021\\\/08\\\/BLOG.jpeg?fit=96%2C96&ssl=1\",\"caption\":\"Gerson Guelmann\"},\"description\":\"Pitadas da sabedoria e do humor judaicos, assuntos do momento e um pouco das hist\u00f3rias que vivi e testemunhei.\"}]}<\/script>\n<!-- \/ Yoast SEO plugin. -->","yoast_head_json":{"title":"Um Paranaense na C\u00e2mara Italiana | Blog do Guelmann","robots":{"index":"index","follow":"follow","max-snippet":"max-snippet:-1","max-image-preview":"max-image-preview:large","max-video-preview":"max-video-preview:-1"},"canonical":"https:\/\/gersonguelmann.com.br\/blog\/um-paranaense-na-camara-italiana\/","og_locale":"pt_BR","og_type":"article","og_title":"Um Paranaense na C\u00e2mara Italiana | Blog do Guelmann","og_description":"O curitibano Walter Petruzziello \u00e9 candidato a Deputado nas elei\u00e7\u00f5es para o Parlamento italiano em 4 de mar\u00e7o pr\u00f3ximo. Walter Antonio Petruzziello nasceu em Pratola Serra \u2013 (AV) It\u00e1lia aos 02 de janeiro de 1952 e imigrou com seus pais para o Brasil em janeiro de 1954 \u00c9 Formado em Economia Pol\u00edtica e Direito, com [&hellip;]","og_url":"https:\/\/gersonguelmann.com.br\/blog\/um-paranaense-na-camara-italiana\/","og_site_name":"Blog do Guelmann","article_published_time":"2018-01-31T15:00:32+00:00","og_image":[{"width":800,"height":800,"url":"https:\/\/i0.wp.com\/gersonguelmann.com.br\/blog\/wp-content\/uploads\/2018\/01\/Walter.png?fit=800%2C800&ssl=1","type":"image\/png"}],"author":"Gerson Guelmann","twitter_card":"summary_large_image","twitter_misc":{"Escrito por":"Gerson Guelmann","Est. tempo de leitura":"2 minutos"},"schema":{"@context":"https:\/\/schema.org","@graph":[{"@type":"Article","@id":"https:\/\/gersonguelmann.com.br\/blog\/um-paranaense-na-camara-italiana\/#article","isPartOf":{"@id":"https:\/\/gersonguelmann.com.br\/blog\/um-paranaense-na-camara-italiana\/"},"author":{"name":"Gerson Guelmann","@id":"https:\/\/gersonguelmann.com.br\/blog\/#\/schema\/person\/87e70e2a786888082f941a482c90569e"},"headline":"Um Paranaense na C\u00e2mara Italiana","datePublished":"2018-01-31T15:00:32+00:00","mainEntityOfPage":{"@id":"https:\/\/gersonguelmann.com.br\/blog\/um-paranaense-na-camara-italiana\/"},"wordCount":413,"commentCount":1,"image":{"@id":"https:\/\/gersonguelmann.com.br\/blog\/um-paranaense-na-camara-italiana\/#primaryimage"},"thumbnailUrl":"https:\/\/i0.wp.com\/gersonguelmann.com.br\/blog\/wp-content\/uploads\/2018\/01\/Walter.png?fit=800%2C800&ssl=1","inLanguage":"pt-BR","potentialAction":[{"@type":"CommentAction","name":"Comment","target":["https:\/\/gersonguelmann.com.br\/blog\/um-paranaense-na-camara-italiana\/#respond"]}]},{"@type":"WebPage","@id":"https:\/\/gersonguelmann.com.br\/blog\/um-paranaense-na-camara-italiana\/","url":"https:\/\/gersonguelmann.com.br\/blog\/um-paranaense-na-camara-italiana\/","name":"Um Paranaense na C\u00e2mara Italiana | Blog do Guelmann","isPartOf":{"@id":"https:\/\/gersonguelmann.com.br\/blog\/#website"},"primaryImageOfPage":{"@id":"https:\/\/gersonguelmann.com.br\/blog\/um-paranaense-na-camara-italiana\/#primaryimage"},"image":{"@id":"https:\/\/gersonguelmann.com.br\/blog\/um-paranaense-na-camara-italiana\/#primaryimage"},"thumbnailUrl":"https:\/\/i0.wp.com\/gersonguelmann.com.br\/blog\/wp-content\/uploads\/2018\/01\/Walter.png?fit=800%2C800&ssl=1","datePublished":"2018-01-31T15:00:32+00:00","author":{"@id":"https:\/\/gersonguelmann.com.br\/blog\/#\/schema\/person\/87e70e2a786888082f941a482c90569e"},"inLanguage":"pt-BR","potentialAction":[{"@type":"ReadAction","target":["https:\/\/gersonguelmann.com.br\/blog\/um-paranaense-na-camara-italiana\/"]}]},{"@type":"ImageObject","inLanguage":"pt-BR","@id":"https:\/\/gersonguelmann.com.br\/blog\/um-paranaense-na-camara-italiana\/#primaryimage","url":"https:\/\/i0.wp.com\/gersonguelmann.com.br\/blog\/wp-content\/uploads\/2018\/01\/Walter.png?fit=800%2C800&ssl=1","contentUrl":"https:\/\/i0.wp.com\/gersonguelmann.com.br\/blog\/wp-content\/uploads\/2018\/01\/Walter.png?fit=800%2C800&ssl=1","width":800,"height":800},{"@type":"WebSite","@id":"https:\/\/gersonguelmann.com.br\/blog\/#website","url":"https:\/\/gersonguelmann.com.br\/blog\/","name":"Blog do Guelmann","description":"Pitadas da sabedoria e do humor judaicos, assuntos do momento e um pouco das hist\u00f3rias que vivi e testemunhei.","potentialAction":[{"@type":"SearchAction","target":{"@type":"EntryPoint","urlTemplate":"https:\/\/gersonguelmann.com.br\/blog\/?s={search_term_string}"},"query-input":{"@type":"PropertyValueSpecification","valueRequired":true,"valueName":"search_term_string"}}],"inLanguage":"pt-BR"},{"@type":"Person","@id":"https:\/\/gersonguelmann.com.br\/blog\/#\/schema\/person\/87e70e2a786888082f941a482c90569e","name":"Gerson Guelmann","image":{"@type":"ImageObject","inLanguage":"pt-BR","@id":"https:\/\/i0.wp.com\/gersonguelmann.com.br\/blog\/wp-content\/uploads\/2021\/08\/BLOG.jpeg?fit=96%2C96&ssl=1","url":"https:\/\/i0.wp.com\/gersonguelmann.com.br\/blog\/wp-content\/uploads\/2021\/08\/BLOG.jpeg?fit=96%2C96&ssl=1","contentUrl":"https:\/\/i0.wp.com\/gersonguelmann.com.br\/blog\/wp-content\/uploads\/2021\/08\/BLOG.jpeg?fit=96%2C96&ssl=1","caption":"Gerson Guelmann"},"description":"Pitadas da sabedoria e do humor judaicos, assuntos do momento e um pouco das hist\u00f3rias que vivi e testemunhei."}]}},"views":83,"jetpack_publicize_connections":[],"jetpack_featured_media_url":"https:\/\/i0.wp.com\/gersonguelmann.com.br\/blog\/wp-content\/uploads\/2018\/01\/Walter.png?fit=800%2C800&ssl=1","jetpack_shortlink":"https:\/\/wp.me\/p96e7O-23f","jetpack-related-posts":[{"id":8673,"url":"https:\/\/gersonguelmann.com.br\/blog\/quem-e-walter-petruzziello-candidato-ao-parlamento-italiano\/","url_meta":{"origin":7889,"position":0},"title":"Quem \u00c9 Walter Petruzziello, Candidato ao Parlamento Italiano","author":"Gerson Guelmann","date":"16 de fevereiro de 2018","format":false,"excerpt":"Candidato a deputado ao Parlamento Italiano em 2018, Walter Petruzziello conta um pouco de sua hist\u00f3ria e suas principais propostas. A Am\u00e9rica Latina possui o direito de eleger 6 representantes ao Parlamento da It\u00e1lia, sendo 2 senadores e 4 deputados. Se voc\u00ea \u00e9 cidad\u00e3o italiano, lembre que os envelopes com\u2026","rel":"","context":"Em &quot;Sem categoria&quot;","block_context":{"text":"Sem categoria","link":"https:\/\/gersonguelmann.com.br\/blog\/category\/sem-categoria\/"},"img":{"alt_text":"","src":"https:\/\/i0.wp.com\/gersonguelmann.com.br\/blog\/wp-content\/uploads\/2018\/02\/WP-1.jpg?fit=851%2C315&ssl=1&resize=350%2C200","width":350,"height":200,"srcset":"https:\/\/i0.wp.com\/gersonguelmann.com.br\/blog\/wp-content\/uploads\/2018\/02\/WP-1.jpg?fit=851%2C315&ssl=1&resize=350%2C200 1x, https:\/\/i0.wp.com\/gersonguelmann.com.br\/blog\/wp-content\/uploads\/2018\/02\/WP-1.jpg?fit=851%2C315&ssl=1&resize=525%2C300 1.5x, https:\/\/i0.wp.com\/gersonguelmann.com.br\/blog\/wp-content\/uploads\/2018\/02\/WP-1.jpg?fit=851%2C315&ssl=1&resize=700%2C400 2x"},"classes":[]},{"id":17599,"url":"https:\/\/gersonguelmann.com.br\/blog\/para-analisar-embaixadores-brasileiros-nos-eua-nos-ultimos-30-anos\/","url_meta":{"origin":7889,"position":1},"title":"Para Analisar: Embaixadores Brasileiros nos EUA nos \u00daltimos 30 Anos","author":"Gerson Guelmann","date":"19 de julho de 2019","format":false,"excerpt":"Em meio \u00e0 celeuma criada pela indica\u00e7\u00e3o do filho do Presidente Bolsonaro para a Embaixada do Brasil junto ao governo norte-americano, recebi a lista dos diplomatas que ocuparam aquele cargo nos \u00faltimos 30 anos. N\u00e3o est\u00e1 em discuss\u00e3o a linha ideol\u00f3gica dos Embaixadores mencionados, sendo natural supor que eles fossem\u2026","rel":"","context":"Em &quot;Sem categoria&quot;","block_context":{"text":"Sem categoria","link":"https:\/\/gersonguelmann.com.br\/blog\/category\/sem-categoria\/"},"img":{"alt_text":"","src":"https:\/\/i0.wp.com\/gersonguelmann.com.br\/blog\/wp-content\/uploads\/2019\/07\/Embaixada.jpg?fit=1200%2C803&ssl=1&resize=350%2C200","width":350,"height":200,"srcset":"https:\/\/i0.wp.com\/gersonguelmann.com.br\/blog\/wp-content\/uploads\/2019\/07\/Embaixada.jpg?fit=1200%2C803&ssl=1&resize=350%2C200 1x, https:\/\/i0.wp.com\/gersonguelmann.com.br\/blog\/wp-content\/uploads\/2019\/07\/Embaixada.jpg?fit=1200%2C803&ssl=1&resize=525%2C300 1.5x, https:\/\/i0.wp.com\/gersonguelmann.com.br\/blog\/wp-content\/uploads\/2019\/07\/Embaixada.jpg?fit=1200%2C803&ssl=1&resize=700%2C400 2x, https:\/\/i0.wp.com\/gersonguelmann.com.br\/blog\/wp-content\/uploads\/2019\/07\/Embaixada.jpg?fit=1200%2C803&ssl=1&resize=1050%2C600 3x"},"classes":[]},{"id":8255,"url":"https:\/\/gersonguelmann.com.br\/blog\/propostas-de-walter-petruzziello-para-o-parlamento-italiano\/","url_meta":{"origin":7889,"position":2},"title":"Propostas de Walter Petruzziello Para o Parlamento Italiano","author":"Gerson Guelmann","date":"6 de fevereiro de 2018","format":false,"excerpt":"Se voc\u00ea \u00e9 cidad\u00e3o italiano, n\u00e3o esque\u00e7a: as elei\u00e7\u00f5es para o Parlamento ser\u00e3o dia 4\/3. Ajude a eleger Walter Petruzziello Deputado!","rel":"","context":"Em &quot;Sem categoria&quot;","block_context":{"text":"Sem categoria","link":"https:\/\/gersonguelmann.com.br\/blog\/category\/sem-categoria\/"},"img":{"alt_text":"","src":"https:\/\/i0.wp.com\/gersonguelmann.com.br\/blog\/wp-content\/uploads\/2018\/02\/Propostas.jpg?fit=676%2C960&ssl=1&resize=350%2C200","width":350,"height":200,"srcset":"https:\/\/i0.wp.com\/gersonguelmann.com.br\/blog\/wp-content\/uploads\/2018\/02\/Propostas.jpg?fit=676%2C960&ssl=1&resize=350%2C200 1x, https:\/\/i0.wp.com\/gersonguelmann.com.br\/blog\/wp-content\/uploads\/2018\/02\/Propostas.jpg?fit=676%2C960&ssl=1&resize=525%2C300 1.5x"},"classes":[]},{"id":7698,"url":"https:\/\/gersonguelmann.com.br\/blog\/nao-espere-ate-outubro-para-votar-se-voce-e-italiano\/","url_meta":{"origin":7889,"position":3},"title":"N\u00e3o Espere at\u00e9 Outubro Para Votar (Se Voc\u00ea \u00c9 Italiano)","author":"Gerson Guelmann","date":"26 de janeiro de 2018","format":false,"excerpt":"As elei\u00e7\u00f5es aqui no Brasil ser\u00e3o em 7\/10, mas se voc\u00ea tem a cidadania italiana n\u00e3o precisa esperar at\u00e9 l\u00e1. Os\u00a0cidad\u00e3os italianos\u00a0que moram no\u00a0exterior\u00a0poder\u00e3o votar nos seus representantes na C\u00e2mara dos Deputados e no Senado da Rep\u00fablica nas elei\u00e7\u00f5es de 4\/3. Quero pedir aos meus amigos que est\u00e3o habilitados que\u2026","rel":"","context":"Em &quot;Sem categoria&quot;","block_context":{"text":"Sem categoria","link":"https:\/\/gersonguelmann.com.br\/blog\/category\/sem-categoria\/"},"img":{"alt_text":"","src":"https:\/\/i0.wp.com\/gersonguelmann.com.br\/blog\/wp-content\/uploads\/2018\/01\/WP.jpg?fit=828%2C472&ssl=1&resize=350%2C200","width":350,"height":200,"srcset":"https:\/\/i0.wp.com\/gersonguelmann.com.br\/blog\/wp-content\/uploads\/2018\/01\/WP.jpg?fit=828%2C472&ssl=1&resize=350%2C200 1x, https:\/\/i0.wp.com\/gersonguelmann.com.br\/blog\/wp-content\/uploads\/2018\/01\/WP.jpg?fit=828%2C472&ssl=1&resize=525%2C300 1.5x, https:\/\/i0.wp.com\/gersonguelmann.com.br\/blog\/wp-content\/uploads\/2018\/01\/WP.jpg?fit=828%2C472&ssl=1&resize=700%2C400 2x"},"classes":[]},{"id":8773,"url":"https:\/\/gersonguelmann.com.br\/blog\/cidadao-italiano-teu-voto-e-indispensavel\/","url_meta":{"origin":7889,"position":4},"title":"Cidad\u00e3o Italiano: Teu Voto \u00e9 Indispens\u00e1vel!","author":"Gerson Guelmann","date":"19 de fevereiro de 2018","format":false,"excerpt":"Se voc\u00ea \u00e9 cidad\u00e3o italiano, precisa saber que o voto na pr\u00f3xima elei\u00e7\u00e3o n\u00e3o \u00e9 obrigat\u00f3rio, mas \u00e9 indispens\u00e1vel eleger Walter Petruzziello como Deputado. O Walter \u00e9 um Curitibano nascido na It\u00e1lia e a presen\u00e7a dele no Parlamento representar\u00e1 um refor\u00e7o extraordin\u00e1rio ao trabalho que executa h\u00e1 muitos anos na\u2026","rel":"","context":"Em &quot;Sem categoria&quot;","block_context":{"text":"Sem categoria","link":"https:\/\/gersonguelmann.com.br\/blog\/category\/sem-categoria\/"},"img":{"alt_text":"","src":"https:\/\/i0.wp.com\/gersonguelmann.com.br\/blog\/wp-content\/uploads\/2018\/02\/WP.png?fit=828%2C472&ssl=1&resize=350%2C200","width":350,"height":200,"srcset":"https:\/\/i0.wp.com\/gersonguelmann.com.br\/blog\/wp-content\/uploads\/2018\/02\/WP.png?fit=828%2C472&ssl=1&resize=350%2C200 1x, https:\/\/i0.wp.com\/gersonguelmann.com.br\/blog\/wp-content\/uploads\/2018\/02\/WP.png?fit=828%2C472&ssl=1&resize=525%2C300 1.5x, https:\/\/i0.wp.com\/gersonguelmann.com.br\/blog\/wp-content\/uploads\/2018\/02\/WP.png?fit=828%2C472&ssl=1&resize=700%2C400 2x"},"classes":[]},{"id":19662,"url":"https:\/\/gersonguelmann.com.br\/blog\/de-vez-em-quando-o-rio-de-janeiro-volta-a-ser-o-rio-de-janeiro\/","url_meta":{"origin":7889,"position":5},"title":"De vez em quando o Rio de Janeiro volta a ser o Rio de Janeiro","author":"Gerson Guelmann","date":"10 de janeiro de 2020","format":false,"excerpt":"J\u00e1 escrevi muito sobre o Rio de Janeiro. Cheguei a dizer que a outrora Cidade Maravilhosa hoje \u00e9 o s\u00edmbolo de tudo o que existe de pior na administra\u00e7\u00e3o brasileira. Em um determinado dia de setembro do ano passado, p.ex., o estado tinha 4 ex-governadores na cadeia, n\u00e3o esquecendo que\u2026","rel":"","context":"Em &quot;Sem categoria&quot;","block_context":{"text":"Sem categoria","link":"https:\/\/gersonguelmann.com.br\/blog\/category\/sem-categoria\/"},"img":{"alt_text":"","src":"https:\/\/i0.wp.com\/gersonguelmann.com.br\/blog\/wp-content\/uploads\/2020\/01\/RJ-1.jpg?fit=1200%2C799&ssl=1&resize=350%2C200","width":350,"height":200,"srcset":"https:\/\/i0.wp.com\/gersonguelmann.com.br\/blog\/wp-content\/uploads\/2020\/01\/RJ-1.jpg?fit=1200%2C799&ssl=1&resize=350%2C200 1x, https:\/\/i0.wp.com\/gersonguelmann.com.br\/blog\/wp-content\/uploads\/2020\/01\/RJ-1.jpg?fit=1200%2C799&ssl=1&resize=525%2C300 1.5x, https:\/\/i0.wp.com\/gersonguelmann.com.br\/blog\/wp-content\/uploads\/2020\/01\/RJ-1.jpg?fit=1200%2C799&ssl=1&resize=700%2C400 2x, https:\/\/i0.wp.com\/gersonguelmann.com.br\/blog\/wp-content\/uploads\/2020\/01\/RJ-1.jpg?fit=1200%2C799&ssl=1&resize=1050%2C600 3x"},"classes":[]}],"jetpack_sharing_enabled":true,"post_mailing_queue_ids":[],"_links":{"self":[{"href":"https:\/\/gersonguelmann.com.br\/blog\/wp-json\/wp\/v2\/posts\/7889","targetHints":{"allow":["GET"]}}],"collection":[{"href":"https:\/\/gersonguelmann.com.br\/blog\/wp-json\/wp\/v2\/posts"}],"about":[{"href":"https:\/\/gersonguelmann.com.br\/blog\/wp-json\/wp\/v2\/types\/post"}],"author":[{"embeddable":true,"href":"https:\/\/gersonguelmann.com.br\/blog\/wp-json\/wp\/v2\/users\/5"}],"replies":[{"embeddable":true,"href":"https:\/\/gersonguelmann.com.br\/blog\/wp-json\/wp\/v2\/comments?post=7889"}],"version-history":[{"count":0,"href":"https:\/\/gersonguelmann.com.br\/blog\/wp-json\/wp\/v2\/posts\/7889\/revisions"}],"wp:featuredmedia":[{"embeddable":true,"href":"https:\/\/gersonguelmann.com.br\/blog\/wp-json\/wp\/v2\/media\/7890"}],"wp:attachment":[{"href":"https:\/\/gersonguelmann.com.br\/blog\/wp-json\/wp\/v2\/media?parent=7889"}],"wp:term":[{"taxonomy":"category","embeddable":true,"href":"https:\/\/gersonguelmann.com.br\/blog\/wp-json\/wp\/v2\/categories?post=7889"},{"taxonomy":"post_tag","embeddable":true,"href":"https:\/\/gersonguelmann.com.br\/blog\/wp-json\/wp\/v2\/tags?post=7889"}],"curies":[{"name":"wp","href":"https:\/\/api.w.org\/{rel}","templated":true}]}}