    {"id":7898,"date":"2018-01-31T14:00:26","date_gmt":"2018-01-31T16:00:26","guid":{"rendered":"https:\/\/gersonguelmann.com.br\/blog\/?p=7898"},"modified":"2018-01-31T11:50:52","modified_gmt":"2018-01-31T13:50:52","slug":"veja-onde-fui-roubado","status":"publish","type":"post","link":"https:\/\/gersonguelmann.com.br\/blog\/veja-onde-fui-roubado\/","title":{"rendered":"Veja Onde Fui Roubado!"},"content":{"rendered":"<p style=\"text-align: center;\"><img data-recalc-dims=\"1\" fetchpriority=\"high\" decoding=\"async\" data-attachment-id=\"7899\" data-permalink=\"https:\/\/gersonguelmann.com.br\/blog\/veja-onde-fui-roubado\/roubo\/\" data-orig-file=\"https:\/\/i0.wp.com\/gersonguelmann.com.br\/blog\/wp-content\/uploads\/2018\/01\/Roubo.jpg?fit=960%2C640&amp;ssl=1\" data-orig-size=\"960,640\" data-comments-opened=\"1\" data-image-meta=\"{&quot;aperture&quot;:&quot;0&quot;,&quot;credit&quot;:&quot;&quot;,&quot;camera&quot;:&quot;&quot;,&quot;caption&quot;:&quot;&quot;,&quot;created_timestamp&quot;:&quot;0&quot;,&quot;copyright&quot;:&quot;&quot;,&quot;focal_length&quot;:&quot;0&quot;,&quot;iso&quot;:&quot;0&quot;,&quot;shutter_speed&quot;:&quot;0&quot;,&quot;title&quot;:&quot;&quot;,&quot;orientation&quot;:&quot;0&quot;}\" data-image-title=\"Roubo\" data-image-description=\"\" data-image-caption=\"\" data-medium-file=\"https:\/\/i0.wp.com\/gersonguelmann.com.br\/blog\/wp-content\/uploads\/2018\/01\/Roubo.jpg?fit=300%2C200&amp;ssl=1\" data-large-file=\"https:\/\/i0.wp.com\/gersonguelmann.com.br\/blog\/wp-content\/uploads\/2018\/01\/Roubo.jpg?fit=640%2C427&amp;ssl=1\" class=\"alignnone size-medium wp-image-7899\" src=\"https:\/\/i0.wp.com\/gersonguelmann.com.br\/blog\/wp-content\/uploads\/2018\/01\/Roubo.jpg?resize=300%2C200&#038;ssl=1\" alt=\"\" width=\"300\" height=\"200\" srcset=\"https:\/\/i0.wp.com\/gersonguelmann.com.br\/blog\/wp-content\/uploads\/2018\/01\/Roubo.jpg?resize=300%2C200&amp;ssl=1 300w, https:\/\/i0.wp.com\/gersonguelmann.com.br\/blog\/wp-content\/uploads\/2018\/01\/Roubo.jpg?resize=768%2C512&amp;ssl=1 768w, https:\/\/i0.wp.com\/gersonguelmann.com.br\/blog\/wp-content\/uploads\/2018\/01\/Roubo.jpg?resize=750%2C500&amp;ssl=1 750w, https:\/\/i0.wp.com\/gersonguelmann.com.br\/blog\/wp-content\/uploads\/2018\/01\/Roubo.jpg?w=960&amp;ssl=1 960w\" sizes=\"(max-width: 300px) 100vw, 300px\" \/><\/p>\n<p><span style=\"font-family: verdana, geneva, sans-serif; font-size: 14pt; color: #000000;\">Duas realidades dos dias hoje:<\/span><\/p>\n<p><span style=\"font-family: verdana, geneva, sans-serif; font-size: 14pt; color: #000000;\">1\u00aa &#8211; a inseguran\u00e7a nos grandes centros est\u00e1 presente 24h por dia, em todos os lugares: e<\/span><\/p>\n<p><span style=\"font-family: verdana, geneva, sans-serif; font-size: 14pt; color: #000000;\">2\u00aa &#8211; a internet nos oferece recursos para aumentar o n\u00edvel de prote\u00e7\u00e3o e de ajuda m\u00fatua.<\/span><\/p>\n<p><span style=\"font-family: verdana, geneva, sans-serif; font-size: 14pt; color: #000000;\">Sugiro assistir o v\u00eddeo abaixo e compartilhar em tuas pr\u00f3prias redes. <\/span><\/p>\n<p><span style=\"font-family: verdana, geneva, sans-serif; font-size: 14pt; color: #000000;\">Trata-se de um aplicativo que pode ajudar a prevenir e remediar situa\u00e7\u00f5es de furtos e roubos.<\/span><\/p>\n<p><span class=\"embed-youtube\" style=\"text-align:center; display: block;\"><iframe class=\"youtube-player\" width=\"640\" height=\"360\" src=\"https:\/\/www.youtube.com\/embed\/uXh3jhIrscI?version=3&#038;rel=1&#038;showsearch=0&#038;showinfo=1&#038;iv_load_policy=1&#038;fs=1&#038;hl=pt-BR&#038;autohide=2&#038;wmode=transparent\" allowfullscreen=\"true\" style=\"border:0;\" sandbox=\"allow-scripts allow-same-origin allow-popups allow-presentation allow-popups-to-escape-sandbox\"><\/iframe><\/span><\/p>\n<p>&nbsp;<\/p>\n<p>&nbsp;<\/p>\n","protected":false},"excerpt":{"rendered":"<p>Duas realidades dos dias hoje: 1\u00aa &#8211; a inseguran\u00e7a nos grandes centros est\u00e1 presente 24h por dia, em todos os lugares: e 2\u00aa &#8211; a internet nos oferece recursos para aumentar o n\u00edvel de prote\u00e7\u00e3o e de ajuda m\u00fatua. Sugiro assistir o v\u00eddeo abaixo e compartilhar em tuas pr\u00f3prias redes. Trata-se de um aplicativo que [&hellip;]<\/p>\n","protected":false},"author":5,"featured_media":7899,"comment_status":"open","ping_status":"open","sticky":false,"template":"","format":"standard","meta":{"_acf_changed":false,"jetpack_post_was_ever_published":false,"_jetpack_newsletter_access":"","_jetpack_dont_email_post_to_subs":false,"_jetpack_newsletter_tier_id":0,"_jetpack_memberships_contains_paywalled_content":false,"_jetpack_memberships_contains_paid_content":false,"footnotes":"","jetpack_publicize_message":"","jetpack_publicize_feature_enabled":true,"jetpack_social_post_already_shared":true,"jetpack_social_options":{"image_generator_settings":{"template":"highway","default_image_id":0,"font":"","enabled":false},"version":2}},"categories":[1],"tags":[],"class_list":["post-7898","post","type-post","status-publish","format-standard","has-post-thumbnail","hentry","category-sem-categoria"],"acf":[],"yoast_head":"<!-- This site is optimized with the Yoast SEO plugin v27.3 - https:\/\/yoast.com\/product\/yoast-seo-wordpress\/ -->\n<title>Veja Onde Fui Roubado! | Blog do Guelmann<\/title>\n<meta name=\"robots\" content=\"index, follow, max-snippet:-1, max-image-preview:large, max-video-preview:-1\" \/>\n<link rel=\"canonical\" href=\"https:\/\/gersonguelmann.com.br\/blog\/veja-onde-fui-roubado\/\" \/>\n<meta property=\"og:locale\" content=\"pt_BR\" \/>\n<meta property=\"og:type\" content=\"article\" \/>\n<meta property=\"og:title\" content=\"Veja Onde Fui Roubado! | Blog do Guelmann\" \/>\n<meta property=\"og:description\" content=\"Duas realidades dos dias hoje: 1\u00aa &#8211; a inseguran\u00e7a nos grandes centros est\u00e1 presente 24h por dia, em todos os lugares: e 2\u00aa &#8211; a internet nos oferece recursos para aumentar o n\u00edvel de prote\u00e7\u00e3o e de ajuda m\u00fatua. Sugiro assistir o v\u00eddeo abaixo e compartilhar em tuas pr\u00f3prias redes. Trata-se de um aplicativo que [&hellip;]\" \/>\n<meta property=\"og:url\" content=\"https:\/\/gersonguelmann.com.br\/blog\/veja-onde-fui-roubado\/\" \/>\n<meta property=\"og:site_name\" content=\"Blog do Guelmann\" \/>\n<meta property=\"article:published_time\" content=\"2018-01-31T16:00:26+00:00\" \/>\n<meta property=\"og:image\" content=\"https:\/\/i0.wp.com\/gersonguelmann.com.br\/blog\/wp-content\/uploads\/2018\/01\/Roubo.jpg?fit=960%2C640&ssl=1\" \/>\n\t<meta property=\"og:image:width\" content=\"960\" \/>\n\t<meta property=\"og:image:height\" content=\"640\" \/>\n\t<meta property=\"og:image:type\" content=\"image\/jpeg\" \/>\n<meta name=\"author\" content=\"Gerson Guelmann\" \/>\n<meta name=\"twitter:card\" content=\"summary_large_image\" \/>\n<meta name=\"twitter:label1\" content=\"Escrito por\" \/>\n\t<meta name=\"twitter:data1\" content=\"Gerson Guelmann\" \/>\n<script type=\"application\/ld+json\" class=\"yoast-schema-graph\">{\"@context\":\"https:\\\/\\\/schema.org\",\"@graph\":[{\"@type\":\"Article\",\"@id\":\"https:\\\/\\\/gersonguelmann.com.br\\\/blog\\\/veja-onde-fui-roubado\\\/#article\",\"isPartOf\":{\"@id\":\"https:\\\/\\\/gersonguelmann.com.br\\\/blog\\\/veja-onde-fui-roubado\\\/\"},\"author\":{\"name\":\"Gerson Guelmann\",\"@id\":\"https:\\\/\\\/gersonguelmann.com.br\\\/blog\\\/#\\\/schema\\\/person\\\/87e70e2a786888082f941a482c90569e\"},\"headline\":\"Veja Onde Fui Roubado!\",\"datePublished\":\"2018-01-31T16:00:26+00:00\",\"mainEntityOfPage\":{\"@id\":\"https:\\\/\\\/gersonguelmann.com.br\\\/blog\\\/veja-onde-fui-roubado\\\/\"},\"wordCount\":85,\"commentCount\":0,\"image\":{\"@id\":\"https:\\\/\\\/gersonguelmann.com.br\\\/blog\\\/veja-onde-fui-roubado\\\/#primaryimage\"},\"thumbnailUrl\":\"https:\\\/\\\/i0.wp.com\\\/gersonguelmann.com.br\\\/blog\\\/wp-content\\\/uploads\\\/2018\\\/01\\\/Roubo.jpg?fit=960%2C640&ssl=1\",\"inLanguage\":\"pt-BR\",\"potentialAction\":[{\"@type\":\"CommentAction\",\"name\":\"Comment\",\"target\":[\"https:\\\/\\\/gersonguelmann.com.br\\\/blog\\\/veja-onde-fui-roubado\\\/#respond\"]}]},{\"@type\":\"WebPage\",\"@id\":\"https:\\\/\\\/gersonguelmann.com.br\\\/blog\\\/veja-onde-fui-roubado\\\/\",\"url\":\"https:\\\/\\\/gersonguelmann.com.br\\\/blog\\\/veja-onde-fui-roubado\\\/\",\"name\":\"Veja Onde Fui Roubado! | Blog do Guelmann\",\"isPartOf\":{\"@id\":\"https:\\\/\\\/gersonguelmann.com.br\\\/blog\\\/#website\"},\"primaryImageOfPage\":{\"@id\":\"https:\\\/\\\/gersonguelmann.com.br\\\/blog\\\/veja-onde-fui-roubado\\\/#primaryimage\"},\"image\":{\"@id\":\"https:\\\/\\\/gersonguelmann.com.br\\\/blog\\\/veja-onde-fui-roubado\\\/#primaryimage\"},\"thumbnailUrl\":\"https:\\\/\\\/i0.wp.com\\\/gersonguelmann.com.br\\\/blog\\\/wp-content\\\/uploads\\\/2018\\\/01\\\/Roubo.jpg?fit=960%2C640&ssl=1\",\"datePublished\":\"2018-01-31T16:00:26+00:00\",\"author\":{\"@id\":\"https:\\\/\\\/gersonguelmann.com.br\\\/blog\\\/#\\\/schema\\\/person\\\/87e70e2a786888082f941a482c90569e\"},\"inLanguage\":\"pt-BR\",\"potentialAction\":[{\"@type\":\"ReadAction\",\"target\":[\"https:\\\/\\\/gersonguelmann.com.br\\\/blog\\\/veja-onde-fui-roubado\\\/\"]}]},{\"@type\":\"ImageObject\",\"inLanguage\":\"pt-BR\",\"@id\":\"https:\\\/\\\/gersonguelmann.com.br\\\/blog\\\/veja-onde-fui-roubado\\\/#primaryimage\",\"url\":\"https:\\\/\\\/i0.wp.com\\\/gersonguelmann.com.br\\\/blog\\\/wp-content\\\/uploads\\\/2018\\\/01\\\/Roubo.jpg?fit=960%2C640&ssl=1\",\"contentUrl\":\"https:\\\/\\\/i0.wp.com\\\/gersonguelmann.com.br\\\/blog\\\/wp-content\\\/uploads\\\/2018\\\/01\\\/Roubo.jpg?fit=960%2C640&ssl=1\",\"width\":960,\"height\":640},{\"@type\":\"WebSite\",\"@id\":\"https:\\\/\\\/gersonguelmann.com.br\\\/blog\\\/#website\",\"url\":\"https:\\\/\\\/gersonguelmann.com.br\\\/blog\\\/\",\"name\":\"Blog do Guelmann\",\"description\":\"Pitadas da sabedoria e do humor judaicos, assuntos do momento e um pouco das hist\u00f3rias que vivi e testemunhei.\",\"potentialAction\":[{\"@type\":\"SearchAction\",\"target\":{\"@type\":\"EntryPoint\",\"urlTemplate\":\"https:\\\/\\\/gersonguelmann.com.br\\\/blog\\\/?s={search_term_string}\"},\"query-input\":{\"@type\":\"PropertyValueSpecification\",\"valueRequired\":true,\"valueName\":\"search_term_string\"}}],\"inLanguage\":\"pt-BR\"},{\"@type\":\"Person\",\"@id\":\"https:\\\/\\\/gersonguelmann.com.br\\\/blog\\\/#\\\/schema\\\/person\\\/87e70e2a786888082f941a482c90569e\",\"name\":\"Gerson Guelmann\",\"image\":{\"@type\":\"ImageObject\",\"inLanguage\":\"pt-BR\",\"@id\":\"https:\\\/\\\/i0.wp.com\\\/gersonguelmann.com.br\\\/blog\\\/wp-content\\\/uploads\\\/2021\\\/08\\\/BLOG.jpeg?fit=96%2C96&ssl=1\",\"url\":\"https:\\\/\\\/i0.wp.com\\\/gersonguelmann.com.br\\\/blog\\\/wp-content\\\/uploads\\\/2021\\\/08\\\/BLOG.jpeg?fit=96%2C96&ssl=1\",\"contentUrl\":\"https:\\\/\\\/i0.wp.com\\\/gersonguelmann.com.br\\\/blog\\\/wp-content\\\/uploads\\\/2021\\\/08\\\/BLOG.jpeg?fit=96%2C96&ssl=1\",\"caption\":\"Gerson Guelmann\"},\"description\":\"Pitadas da sabedoria e do humor judaicos, assuntos do momento e um pouco das hist\u00f3rias que vivi e testemunhei.\"}]}<\/script>\n<!-- \/ Yoast SEO plugin. -->","yoast_head_json":{"title":"Veja Onde Fui Roubado! | Blog do Guelmann","robots":{"index":"index","follow":"follow","max-snippet":"max-snippet:-1","max-image-preview":"max-image-preview:large","max-video-preview":"max-video-preview:-1"},"canonical":"https:\/\/gersonguelmann.com.br\/blog\/veja-onde-fui-roubado\/","og_locale":"pt_BR","og_type":"article","og_title":"Veja Onde Fui Roubado! | Blog do Guelmann","og_description":"Duas realidades dos dias hoje: 1\u00aa &#8211; a inseguran\u00e7a nos grandes centros est\u00e1 presente 24h por dia, em todos os lugares: e 2\u00aa &#8211; a internet nos oferece recursos para aumentar o n\u00edvel de prote\u00e7\u00e3o e de ajuda m\u00fatua. Sugiro assistir o v\u00eddeo abaixo e compartilhar em tuas pr\u00f3prias redes. Trata-se de um aplicativo que [&hellip;]","og_url":"https:\/\/gersonguelmann.com.br\/blog\/veja-onde-fui-roubado\/","og_site_name":"Blog do Guelmann","article_published_time":"2018-01-31T16:00:26+00:00","og_image":[{"width":960,"height":640,"url":"https:\/\/i0.wp.com\/gersonguelmann.com.br\/blog\/wp-content\/uploads\/2018\/01\/Roubo.jpg?fit=960%2C640&ssl=1","type":"image\/jpeg"}],"author":"Gerson Guelmann","twitter_card":"summary_large_image","twitter_misc":{"Escrito por":"Gerson Guelmann"},"schema":{"@context":"https:\/\/schema.org","@graph":[{"@type":"Article","@id":"https:\/\/gersonguelmann.com.br\/blog\/veja-onde-fui-roubado\/#article","isPartOf":{"@id":"https:\/\/gersonguelmann.com.br\/blog\/veja-onde-fui-roubado\/"},"author":{"name":"Gerson Guelmann","@id":"https:\/\/gersonguelmann.com.br\/blog\/#\/schema\/person\/87e70e2a786888082f941a482c90569e"},"headline":"Veja Onde Fui Roubado!","datePublished":"2018-01-31T16:00:26+00:00","mainEntityOfPage":{"@id":"https:\/\/gersonguelmann.com.br\/blog\/veja-onde-fui-roubado\/"},"wordCount":85,"commentCount":0,"image":{"@id":"https:\/\/gersonguelmann.com.br\/blog\/veja-onde-fui-roubado\/#primaryimage"},"thumbnailUrl":"https:\/\/i0.wp.com\/gersonguelmann.com.br\/blog\/wp-content\/uploads\/2018\/01\/Roubo.jpg?fit=960%2C640&ssl=1","inLanguage":"pt-BR","potentialAction":[{"@type":"CommentAction","name":"Comment","target":["https:\/\/gersonguelmann.com.br\/blog\/veja-onde-fui-roubado\/#respond"]}]},{"@type":"WebPage","@id":"https:\/\/gersonguelmann.com.br\/blog\/veja-onde-fui-roubado\/","url":"https:\/\/gersonguelmann.com.br\/blog\/veja-onde-fui-roubado\/","name":"Veja Onde Fui Roubado! | Blog do Guelmann","isPartOf":{"@id":"https:\/\/gersonguelmann.com.br\/blog\/#website"},"primaryImageOfPage":{"@id":"https:\/\/gersonguelmann.com.br\/blog\/veja-onde-fui-roubado\/#primaryimage"},"image":{"@id":"https:\/\/gersonguelmann.com.br\/blog\/veja-onde-fui-roubado\/#primaryimage"},"thumbnailUrl":"https:\/\/i0.wp.com\/gersonguelmann.com.br\/blog\/wp-content\/uploads\/2018\/01\/Roubo.jpg?fit=960%2C640&ssl=1","datePublished":"2018-01-31T16:00:26+00:00","author":{"@id":"https:\/\/gersonguelmann.com.br\/blog\/#\/schema\/person\/87e70e2a786888082f941a482c90569e"},"inLanguage":"pt-BR","potentialAction":[{"@type":"ReadAction","target":["https:\/\/gersonguelmann.com.br\/blog\/veja-onde-fui-roubado\/"]}]},{"@type":"ImageObject","inLanguage":"pt-BR","@id":"https:\/\/gersonguelmann.com.br\/blog\/veja-onde-fui-roubado\/#primaryimage","url":"https:\/\/i0.wp.com\/gersonguelmann.com.br\/blog\/wp-content\/uploads\/2018\/01\/Roubo.jpg?fit=960%2C640&ssl=1","contentUrl":"https:\/\/i0.wp.com\/gersonguelmann.com.br\/blog\/wp-content\/uploads\/2018\/01\/Roubo.jpg?fit=960%2C640&ssl=1","width":960,"height":640},{"@type":"WebSite","@id":"https:\/\/gersonguelmann.com.br\/blog\/#website","url":"https:\/\/gersonguelmann.com.br\/blog\/","name":"Blog do Guelmann","description":"Pitadas da sabedoria e do humor judaicos, assuntos do momento e um pouco das hist\u00f3rias que vivi e testemunhei.","potentialAction":[{"@type":"SearchAction","target":{"@type":"EntryPoint","urlTemplate":"https:\/\/gersonguelmann.com.br\/blog\/?s={search_term_string}"},"query-input":{"@type":"PropertyValueSpecification","valueRequired":true,"valueName":"search_term_string"}}],"inLanguage":"pt-BR"},{"@type":"Person","@id":"https:\/\/gersonguelmann.com.br\/blog\/#\/schema\/person\/87e70e2a786888082f941a482c90569e","name":"Gerson Guelmann","image":{"@type":"ImageObject","inLanguage":"pt-BR","@id":"https:\/\/i0.wp.com\/gersonguelmann.com.br\/blog\/wp-content\/uploads\/2021\/08\/BLOG.jpeg?fit=96%2C96&ssl=1","url":"https:\/\/i0.wp.com\/gersonguelmann.com.br\/blog\/wp-content\/uploads\/2021\/08\/BLOG.jpeg?fit=96%2C96&ssl=1","contentUrl":"https:\/\/i0.wp.com\/gersonguelmann.com.br\/blog\/wp-content\/uploads\/2021\/08\/BLOG.jpeg?fit=96%2C96&ssl=1","caption":"Gerson Guelmann"},"description":"Pitadas da sabedoria e do humor judaicos, assuntos do momento e um pouco das hist\u00f3rias que vivi e testemunhei."}]}},"views":72,"jetpack_publicize_connections":[],"jetpack_featured_media_url":"https:\/\/i0.wp.com\/gersonguelmann.com.br\/blog\/wp-content\/uploads\/2018\/01\/Roubo.jpg?fit=960%2C640&ssl=1","jetpack_shortlink":"https:\/\/wp.me\/p96e7O-23o","jetpack-related-posts":[{"id":19290,"url":"https:\/\/gersonguelmann.com.br\/blog\/quando-o-rabino-sobel-zl-nos-abriu-as-portas-de-sua-casa\/","url_meta":{"origin":7898,"position":0},"title":"Quando o Rabino Sobel z&#8221;l (\u00b9) Nos Abriu as Portas de Sua Casa","author":"Gerson Guelmann","date":"24 de novembro de 2019","format":false,"excerpt":"\"A miss\u00e3o do judeu n\u00e3o \u00e9 tornar o mundo mais judaico. A miss\u00e3o do judeu \u00e9 tornar o mundo mais humano.\u201d (Henry I. Sobel) Os judeus brasileiros receberam com grande tristeza a not\u00edcia do falecimento do Rabino Henry Sobel, ocorrido na \u00faltima 6\u00aa feira. Imediatamente veio \u00e0 minha lembran\u00e7a a\u2026","rel":"","context":"Em &quot;Sem categoria&quot;","block_context":{"text":"Sem categoria","link":"https:\/\/gersonguelmann.com.br\/blog\/category\/sem-categoria\/"},"img":{"alt_text":"","src":"https:\/\/i0.wp.com\/gersonguelmann.com.br\/blog\/wp-content\/uploads\/2019\/11\/Henry-Sobel-1.jpg?fit=678%2C452&ssl=1&resize=350%2C200","width":350,"height":200,"srcset":"https:\/\/i0.wp.com\/gersonguelmann.com.br\/blog\/wp-content\/uploads\/2019\/11\/Henry-Sobel-1.jpg?fit=678%2C452&ssl=1&resize=350%2C200 1x, https:\/\/i0.wp.com\/gersonguelmann.com.br\/blog\/wp-content\/uploads\/2019\/11\/Henry-Sobel-1.jpg?fit=678%2C452&ssl=1&resize=525%2C300 1.5x"},"classes":[]},{"id":2367,"url":"https:\/\/gersonguelmann.com.br\/blog\/nos-terraqueos-nao-somos-nada-alem-de-um-palido-ponto-azul\/","url_meta":{"origin":7898,"position":1},"title":"N\u00f3s, Terr\u00e1queos, N\u00e3o Somos Nada Al\u00e9m de Um P\u00e1lido Ponto Azul","author":"Gerson Guelmann","date":"3 de julho de 2023","format":false,"excerpt":"N\u00e3o se espante com o t\u00edtulo desta minha coluna. Poderia substituir por \"N\u00f3s Habitantes da Terra N\u00e3o Estamos Com Essa Bola Toda\"; seria um eufemismo, apenas, e voc\u00ea logo entender\u00e1 porque. \"Um P\u00e1lido Ponto Azul\" \u00e9 o nome do livro de Carl Sagan, not\u00e1vel astrof\u00edsico, cosm\u00f3logo e escritor judeu falecido\u2026","rel":"","context":"Em &quot;Sem categoria&quot;","block_context":{"text":"Sem categoria","link":"https:\/\/gersonguelmann.com.br\/blog\/category\/sem-categoria\/"},"img":{"alt_text":"","src":"https:\/\/i0.wp.com\/gersonguelmann.com.br\/blog\/wp-content\/uploads\/2017\/10\/Planeta-1.jpg?fit=476%2C476&ssl=1&resize=350%2C200","width":350,"height":200},"classes":[]},{"id":17599,"url":"https:\/\/gersonguelmann.com.br\/blog\/para-analisar-embaixadores-brasileiros-nos-eua-nos-ultimos-30-anos\/","url_meta":{"origin":7898,"position":2},"title":"Para Analisar: Embaixadores Brasileiros nos EUA nos \u00daltimos 30 Anos","author":"Gerson Guelmann","date":"19 de julho de 2019","format":false,"excerpt":"Em meio \u00e0 celeuma criada pela indica\u00e7\u00e3o do filho do Presidente Bolsonaro para a Embaixada do Brasil junto ao governo norte-americano, recebi a lista dos diplomatas que ocuparam aquele cargo nos \u00faltimos 30 anos. N\u00e3o est\u00e1 em discuss\u00e3o a linha ideol\u00f3gica dos Embaixadores mencionados, sendo natural supor que eles fossem\u2026","rel":"","context":"Em &quot;Sem categoria&quot;","block_context":{"text":"Sem categoria","link":"https:\/\/gersonguelmann.com.br\/blog\/category\/sem-categoria\/"},"img":{"alt_text":"","src":"https:\/\/i0.wp.com\/gersonguelmann.com.br\/blog\/wp-content\/uploads\/2019\/07\/Embaixada.jpg?fit=1200%2C803&ssl=1&resize=350%2C200","width":350,"height":200,"srcset":"https:\/\/i0.wp.com\/gersonguelmann.com.br\/blog\/wp-content\/uploads\/2019\/07\/Embaixada.jpg?fit=1200%2C803&ssl=1&resize=350%2C200 1x, https:\/\/i0.wp.com\/gersonguelmann.com.br\/blog\/wp-content\/uploads\/2019\/07\/Embaixada.jpg?fit=1200%2C803&ssl=1&resize=525%2C300 1.5x, https:\/\/i0.wp.com\/gersonguelmann.com.br\/blog\/wp-content\/uploads\/2019\/07\/Embaixada.jpg?fit=1200%2C803&ssl=1&resize=700%2C400 2x, https:\/\/i0.wp.com\/gersonguelmann.com.br\/blog\/wp-content\/uploads\/2019\/07\/Embaixada.jpg?fit=1200%2C803&ssl=1&resize=1050%2C600 3x"},"classes":[]},{"id":23090,"url":"https:\/\/gersonguelmann.com.br\/blog\/o-diretor-do-banco-e-o-engraxate\/","url_meta":{"origin":7898,"position":3},"title":"O Diretor do Banco e o Engraxate","author":"Gerson Guelmann","date":"26 de abril de 2023","format":false,"excerpt":"Todas as manh\u00e3s o CEO de um grande banco em Manhattan ia at\u00e9 a esquina onde um Engraxate atendia a clientela. O ritual era sempre o mesmo: ele sentava na cadeira, lia o Wall Street Journal e o homem fazia o seu trabalho, deixando os sapatos com uma apar\u00eancia brilhante.\u2026","rel":"","context":"Em &quot;Sem categoria&quot;","block_context":{"text":"Sem categoria","link":"https:\/\/gersonguelmann.com.br\/blog\/category\/sem-categoria\/"},"img":{"alt_text":"","src":"https:\/\/i0.wp.com\/gersonguelmann.com.br\/blog\/wp-content\/uploads\/2023\/04\/HojePR-5-scaled.jpg?fit=1200%2C950&ssl=1&resize=350%2C200","width":350,"height":200,"srcset":"https:\/\/i0.wp.com\/gersonguelmann.com.br\/blog\/wp-content\/uploads\/2023\/04\/HojePR-5-scaled.jpg?fit=1200%2C950&ssl=1&resize=350%2C200 1x, https:\/\/i0.wp.com\/gersonguelmann.com.br\/blog\/wp-content\/uploads\/2023\/04\/HojePR-5-scaled.jpg?fit=1200%2C950&ssl=1&resize=525%2C300 1.5x, https:\/\/i0.wp.com\/gersonguelmann.com.br\/blog\/wp-content\/uploads\/2023\/04\/HojePR-5-scaled.jpg?fit=1200%2C950&ssl=1&resize=700%2C400 2x, https:\/\/i0.wp.com\/gersonguelmann.com.br\/blog\/wp-content\/uploads\/2023\/04\/HojePR-5-scaled.jpg?fit=1200%2C950&ssl=1&resize=1050%2C600 3x"},"classes":[]},{"id":10032,"url":"https:\/\/gersonguelmann.com.br\/blog\/os-maiores-arrependimentos-da-vida\/","url_meta":{"origin":7898,"position":4},"title":"Os Maiores Arrependimentos da Vida","author":"Gerson Guelmann","date":"2 de setembro de 2024","format":false,"excerpt":"Nas minhas andan\u00e7as pela Internet encontrei algo que me pareceu extremamente interessante e tem tudo a ver com o fato de que, com a ajuda de D'us, em 67 dias chegarei aos 77 anos. Mas ainda que o t\u00edtulo induza a pensar que o assunto \u00e9 mais apropriado aos idosos,\u2026","rel":"","context":"Em &quot;Sem categoria&quot;","block_context":{"text":"Sem categoria","link":"https:\/\/gersonguelmann.com.br\/blog\/category\/sem-categoria\/"},"img":{"alt_text":"","src":"https:\/\/i0.wp.com\/gersonguelmann.com.br\/blog\/wp-content\/uploads\/2024\/09\/HojePR-scaled.jpg?fit=800%2C1200&ssl=1&resize=350%2C200","width":350,"height":200,"srcset":"https:\/\/i0.wp.com\/gersonguelmann.com.br\/blog\/wp-content\/uploads\/2024\/09\/HojePR-scaled.jpg?fit=800%2C1200&ssl=1&resize=350%2C200 1x, https:\/\/i0.wp.com\/gersonguelmann.com.br\/blog\/wp-content\/uploads\/2024\/09\/HojePR-scaled.jpg?fit=800%2C1200&ssl=1&resize=525%2C300 1.5x, https:\/\/i0.wp.com\/gersonguelmann.com.br\/blog\/wp-content\/uploads\/2024\/09\/HojePR-scaled.jpg?fit=800%2C1200&ssl=1&resize=700%2C400 2x"},"classes":[]},{"id":23300,"url":"https:\/\/gersonguelmann.com.br\/blog\/nos-judeus-somos-assim\/","url_meta":{"origin":7898,"position":5},"title":"N\u00f3s Judeus Somos Assim","author":"Gerson Guelmann","date":"23 de outubro de 2023","format":false,"excerpt":"Foto: Pexels Nestes dias em que os Judeus e muitas outras pessoas sofrem com os acontecimentos em Israel, compartilho a poesia \"Os Judeus\" de Yehuda Amichai. S\u00e3o palavras de alento em tempos de dor e que trazem a certeza de que Israel e os Judeus ser\u00e3o eternos. No passado, exilados\u2026","rel":"","context":"Em &quot;Sem categoria&quot;","block_context":{"text":"Sem categoria","link":"https:\/\/gersonguelmann.com.br\/blog\/category\/sem-categoria\/"},"img":{"alt_text":"","src":"https:\/\/i0.wp.com\/gersonguelmann.com.br\/blog\/wp-content\/uploads\/2023\/10\/BLOG-scaled.jpeg?fit=1200%2C800&ssl=1&resize=350%2C200","width":350,"height":200,"srcset":"https:\/\/i0.wp.com\/gersonguelmann.com.br\/blog\/wp-content\/uploads\/2023\/10\/BLOG-scaled.jpeg?fit=1200%2C800&ssl=1&resize=350%2C200 1x, https:\/\/i0.wp.com\/gersonguelmann.com.br\/blog\/wp-content\/uploads\/2023\/10\/BLOG-scaled.jpeg?fit=1200%2C800&ssl=1&resize=525%2C300 1.5x, https:\/\/i0.wp.com\/gersonguelmann.com.br\/blog\/wp-content\/uploads\/2023\/10\/BLOG-scaled.jpeg?fit=1200%2C800&ssl=1&resize=700%2C400 2x, https:\/\/i0.wp.com\/gersonguelmann.com.br\/blog\/wp-content\/uploads\/2023\/10\/BLOG-scaled.jpeg?fit=1200%2C800&ssl=1&resize=1050%2C600 3x"},"classes":[]}],"jetpack_sharing_enabled":true,"post_mailing_queue_ids":[],"_links":{"self":[{"href":"https:\/\/gersonguelmann.com.br\/blog\/wp-json\/wp\/v2\/posts\/7898","targetHints":{"allow":["GET"]}}],"collection":[{"href":"https:\/\/gersonguelmann.com.br\/blog\/wp-json\/wp\/v2\/posts"}],"about":[{"href":"https:\/\/gersonguelmann.com.br\/blog\/wp-json\/wp\/v2\/types\/post"}],"author":[{"embeddable":true,"href":"https:\/\/gersonguelmann.com.br\/blog\/wp-json\/wp\/v2\/users\/5"}],"replies":[{"embeddable":true,"href":"https:\/\/gersonguelmann.com.br\/blog\/wp-json\/wp\/v2\/comments?post=7898"}],"version-history":[{"count":0,"href":"https:\/\/gersonguelmann.com.br\/blog\/wp-json\/wp\/v2\/posts\/7898\/revisions"}],"wp:featuredmedia":[{"embeddable":true,"href":"https:\/\/gersonguelmann.com.br\/blog\/wp-json\/wp\/v2\/media\/7899"}],"wp:attachment":[{"href":"https:\/\/gersonguelmann.com.br\/blog\/wp-json\/wp\/v2\/media?parent=7898"}],"wp:term":[{"taxonomy":"category","embeddable":true,"href":"https:\/\/gersonguelmann.com.br\/blog\/wp-json\/wp\/v2\/categories?post=7898"},{"taxonomy":"post_tag","embeddable":true,"href":"https:\/\/gersonguelmann.com.br\/blog\/wp-json\/wp\/v2\/tags?post=7898"}],"curies":[{"name":"wp","href":"https:\/\/api.w.org\/{rel}","templated":true}]}}