    {"id":7906,"date":"2018-01-31T16:00:19","date_gmt":"2018-01-31T18:00:19","guid":{"rendered":"https:\/\/gersonguelmann.com.br\/blog\/?p=7906"},"modified":"2018-01-31T16:24:18","modified_gmt":"2018-01-31T18:24:18","slug":"duas-cidades-dois-exemplos","status":"publish","type":"post","link":"https:\/\/gersonguelmann.com.br\/blog\/duas-cidades-dois-exemplos\/","title":{"rendered":"Duas Cidades, Dois Exemplos"},"content":{"rendered":"<p><span style=\"font-family: verdana, geneva, sans-serif; font-size: 14pt; color: #000000;\">No Paran\u00e1, not\u00edcias de situa\u00e7\u00f5es totalmente opostas:<\/span><\/p>\n<p><span style=\"font-family: verdana, geneva, sans-serif; font-size: 14pt; color: #000000;\">&#8211; a Prefeitura de\u00a0Santa Tereza do Oeste comprou um carro de luxo para uso do Prefeito, ao custo de R$ 185 mil. As especifica\u00e7\u00f5es da licita\u00e7\u00e3o mencionavam a exig\u00eancia de teto solar, dentre outros equipamentos. Em 2017 o munic\u00edpio gastou R$ 167.720,36 em obras e instala\u00e7\u00f5es em unidades de sa\u00fade.<\/span><\/p>\n<p><span style=\"font-family: verdana, geneva, sans-serif; font-size: 14pt; color: #000000;\">&#8211; a Prefeitura de Irati suspendeu pelo 3\u00b0 ano consecutivo o repasse de verbas para o Carnaval de rua. Detalhe importante: o Prefeito que assumiu em 2017 manteve a decis\u00e3o adotada pelo antecessor e agora fez mais uma vez a op\u00e7\u00e3o de repassar os recursos para \u00e1reas mais importantes.<\/span><\/p>\n<p><img data-recalc-dims=\"1\" fetchpriority=\"high\" decoding=\"async\" data-attachment-id=\"7908\" data-permalink=\"https:\/\/gersonguelmann.com.br\/blog\/duas-cidades-dois-exemplos\/duas-cidades\/\" data-orig-file=\"https:\/\/i0.wp.com\/gersonguelmann.com.br\/blog\/wp-content\/uploads\/2018\/01\/Duas-cidades.png?fit=814%2C720&amp;ssl=1\" data-orig-size=\"814,720\" data-comments-opened=\"1\" data-image-meta=\"{&quot;aperture&quot;:&quot;0&quot;,&quot;credit&quot;:&quot;&quot;,&quot;camera&quot;:&quot;&quot;,&quot;caption&quot;:&quot;&quot;,&quot;created_timestamp&quot;:&quot;0&quot;,&quot;copyright&quot;:&quot;&quot;,&quot;focal_length&quot;:&quot;0&quot;,&quot;iso&quot;:&quot;0&quot;,&quot;shutter_speed&quot;:&quot;0&quot;,&quot;title&quot;:&quot;&quot;,&quot;orientation&quot;:&quot;0&quot;}\" data-image-title=\"Duas cidades\" data-image-description=\"\" data-image-caption=\"\" data-medium-file=\"https:\/\/i0.wp.com\/gersonguelmann.com.br\/blog\/wp-content\/uploads\/2018\/01\/Duas-cidades.png?fit=300%2C265&amp;ssl=1\" data-large-file=\"https:\/\/i0.wp.com\/gersonguelmann.com.br\/blog\/wp-content\/uploads\/2018\/01\/Duas-cidades.png?fit=640%2C566&amp;ssl=1\" class=\"size-medium wp-image-7908 aligncenter\" src=\"https:\/\/i0.wp.com\/gersonguelmann.com.br\/blog\/wp-content\/uploads\/2018\/01\/Duas-cidades.png?resize=300%2C265&#038;ssl=1\" alt=\"\" width=\"300\" height=\"265\" srcset=\"https:\/\/i0.wp.com\/gersonguelmann.com.br\/blog\/wp-content\/uploads\/2018\/01\/Duas-cidades.png?resize=300%2C265&amp;ssl=1 300w, https:\/\/i0.wp.com\/gersonguelmann.com.br\/blog\/wp-content\/uploads\/2018\/01\/Duas-cidades.png?resize=768%2C679&amp;ssl=1 768w, https:\/\/i0.wp.com\/gersonguelmann.com.br\/blog\/wp-content\/uploads\/2018\/01\/Duas-cidades.png?w=814&amp;ssl=1 814w\" sizes=\"(max-width: 300px) 100vw, 300px\" \/><\/p>\n","protected":false},"excerpt":{"rendered":"<p>No Paran\u00e1, not\u00edcias de situa\u00e7\u00f5es totalmente opostas: &#8211; a Prefeitura de\u00a0Santa Tereza do Oeste comprou um carro de luxo para uso do Prefeito, ao custo de R$ 185 mil. As especifica\u00e7\u00f5es da licita\u00e7\u00e3o mencionavam a exig\u00eancia de teto solar, dentre outros equipamentos. Em 2017 o munic\u00edpio gastou R$ 167.720,36 em obras e instala\u00e7\u00f5es em unidades [&hellip;]<\/p>\n","protected":false},"author":5,"featured_media":7908,"comment_status":"open","ping_status":"open","sticky":false,"template":"","format":"standard","meta":{"_acf_changed":false,"jetpack_post_was_ever_published":false,"_jetpack_newsletter_access":"","_jetpack_dont_email_post_to_subs":false,"_jetpack_newsletter_tier_id":0,"_jetpack_memberships_contains_paywalled_content":false,"_jetpack_memberships_contains_paid_content":false,"footnotes":"","jetpack_publicize_message":"","jetpack_publicize_feature_enabled":true,"jetpack_social_post_already_shared":true,"jetpack_social_options":{"image_generator_settings":{"template":"highway","default_image_id":0,"font":"","enabled":false},"version":2}},"categories":[1],"tags":[],"class_list":["post-7906","post","type-post","status-publish","format-standard","has-post-thumbnail","hentry","category-sem-categoria"],"acf":[],"yoast_head":"<!-- This site is optimized with the Yoast SEO plugin v27.3 - https:\/\/yoast.com\/product\/yoast-seo-wordpress\/ -->\n<title>Duas Cidades, Dois Exemplos | Blog do Guelmann<\/title>\n<meta name=\"robots\" content=\"index, follow, max-snippet:-1, max-image-preview:large, max-video-preview:-1\" \/>\n<link rel=\"canonical\" href=\"https:\/\/gersonguelmann.com.br\/blog\/duas-cidades-dois-exemplos\/\" \/>\n<meta property=\"og:locale\" content=\"pt_BR\" \/>\n<meta property=\"og:type\" content=\"article\" \/>\n<meta property=\"og:title\" content=\"Duas Cidades, Dois Exemplos | Blog do Guelmann\" \/>\n<meta property=\"og:description\" content=\"No Paran\u00e1, not\u00edcias de situa\u00e7\u00f5es totalmente opostas: &#8211; a Prefeitura de\u00a0Santa Tereza do Oeste comprou um carro de luxo para uso do Prefeito, ao custo de R$ 185 mil. As especifica\u00e7\u00f5es da licita\u00e7\u00e3o mencionavam a exig\u00eancia de teto solar, dentre outros equipamentos. Em 2017 o munic\u00edpio gastou R$ 167.720,36 em obras e instala\u00e7\u00f5es em unidades [&hellip;]\" \/>\n<meta property=\"og:url\" content=\"https:\/\/gersonguelmann.com.br\/blog\/duas-cidades-dois-exemplos\/\" \/>\n<meta property=\"og:site_name\" content=\"Blog do Guelmann\" \/>\n<meta property=\"article:published_time\" content=\"2018-01-31T18:00:19+00:00\" \/>\n<meta property=\"article:modified_time\" content=\"2018-01-31T18:24:18+00:00\" \/>\n<meta property=\"og:image\" content=\"https:\/\/i0.wp.com\/gersonguelmann.com.br\/blog\/wp-content\/uploads\/2018\/01\/Duas-cidades.png?fit=814%2C720&ssl=1\" \/>\n\t<meta property=\"og:image:width\" content=\"814\" \/>\n\t<meta property=\"og:image:height\" content=\"720\" \/>\n\t<meta property=\"og:image:type\" content=\"image\/png\" \/>\n<meta name=\"author\" content=\"Gerson Guelmann\" \/>\n<meta name=\"twitter:card\" content=\"summary_large_image\" \/>\n<meta name=\"twitter:label1\" content=\"Escrito por\" \/>\n\t<meta name=\"twitter:data1\" content=\"Gerson Guelmann\" \/>\n\t<meta name=\"twitter:label2\" content=\"Est. tempo de leitura\" \/>\n\t<meta name=\"twitter:data2\" content=\"1 minuto\" \/>\n<script type=\"application\/ld+json\" class=\"yoast-schema-graph\">{\"@context\":\"https:\\\/\\\/schema.org\",\"@graph\":[{\"@type\":\"Article\",\"@id\":\"https:\\\/\\\/gersonguelmann.com.br\\\/blog\\\/duas-cidades-dois-exemplos\\\/#article\",\"isPartOf\":{\"@id\":\"https:\\\/\\\/gersonguelmann.com.br\\\/blog\\\/duas-cidades-dois-exemplos\\\/\"},\"author\":{\"name\":\"Gerson Guelmann\",\"@id\":\"https:\\\/\\\/gersonguelmann.com.br\\\/blog\\\/#\\\/schema\\\/person\\\/87e70e2a786888082f941a482c90569e\"},\"headline\":\"Duas Cidades, Dois Exemplos\",\"datePublished\":\"2018-01-31T18:00:19+00:00\",\"dateModified\":\"2018-01-31T18:24:18+00:00\",\"mainEntityOfPage\":{\"@id\":\"https:\\\/\\\/gersonguelmann.com.br\\\/blog\\\/duas-cidades-dois-exemplos\\\/\"},\"wordCount\":116,\"commentCount\":0,\"image\":{\"@id\":\"https:\\\/\\\/gersonguelmann.com.br\\\/blog\\\/duas-cidades-dois-exemplos\\\/#primaryimage\"},\"thumbnailUrl\":\"https:\\\/\\\/i0.wp.com\\\/gersonguelmann.com.br\\\/blog\\\/wp-content\\\/uploads\\\/2018\\\/01\\\/Duas-cidades.png?fit=814%2C720&ssl=1\",\"inLanguage\":\"pt-BR\",\"potentialAction\":[{\"@type\":\"CommentAction\",\"name\":\"Comment\",\"target\":[\"https:\\\/\\\/gersonguelmann.com.br\\\/blog\\\/duas-cidades-dois-exemplos\\\/#respond\"]}]},{\"@type\":\"WebPage\",\"@id\":\"https:\\\/\\\/gersonguelmann.com.br\\\/blog\\\/duas-cidades-dois-exemplos\\\/\",\"url\":\"https:\\\/\\\/gersonguelmann.com.br\\\/blog\\\/duas-cidades-dois-exemplos\\\/\",\"name\":\"Duas Cidades, Dois Exemplos | Blog do Guelmann\",\"isPartOf\":{\"@id\":\"https:\\\/\\\/gersonguelmann.com.br\\\/blog\\\/#website\"},\"primaryImageOfPage\":{\"@id\":\"https:\\\/\\\/gersonguelmann.com.br\\\/blog\\\/duas-cidades-dois-exemplos\\\/#primaryimage\"},\"image\":{\"@id\":\"https:\\\/\\\/gersonguelmann.com.br\\\/blog\\\/duas-cidades-dois-exemplos\\\/#primaryimage\"},\"thumbnailUrl\":\"https:\\\/\\\/i0.wp.com\\\/gersonguelmann.com.br\\\/blog\\\/wp-content\\\/uploads\\\/2018\\\/01\\\/Duas-cidades.png?fit=814%2C720&ssl=1\",\"datePublished\":\"2018-01-31T18:00:19+00:00\",\"dateModified\":\"2018-01-31T18:24:18+00:00\",\"author\":{\"@id\":\"https:\\\/\\\/gersonguelmann.com.br\\\/blog\\\/#\\\/schema\\\/person\\\/87e70e2a786888082f941a482c90569e\"},\"inLanguage\":\"pt-BR\",\"potentialAction\":[{\"@type\":\"ReadAction\",\"target\":[\"https:\\\/\\\/gersonguelmann.com.br\\\/blog\\\/duas-cidades-dois-exemplos\\\/\"]}]},{\"@type\":\"ImageObject\",\"inLanguage\":\"pt-BR\",\"@id\":\"https:\\\/\\\/gersonguelmann.com.br\\\/blog\\\/duas-cidades-dois-exemplos\\\/#primaryimage\",\"url\":\"https:\\\/\\\/i0.wp.com\\\/gersonguelmann.com.br\\\/blog\\\/wp-content\\\/uploads\\\/2018\\\/01\\\/Duas-cidades.png?fit=814%2C720&ssl=1\",\"contentUrl\":\"https:\\\/\\\/i0.wp.com\\\/gersonguelmann.com.br\\\/blog\\\/wp-content\\\/uploads\\\/2018\\\/01\\\/Duas-cidades.png?fit=814%2C720&ssl=1\",\"width\":814,\"height\":720},{\"@type\":\"WebSite\",\"@id\":\"https:\\\/\\\/gersonguelmann.com.br\\\/blog\\\/#website\",\"url\":\"https:\\\/\\\/gersonguelmann.com.br\\\/blog\\\/\",\"name\":\"Blog do Guelmann\",\"description\":\"Pitadas da sabedoria e do humor judaicos, assuntos do momento e um pouco das hist\u00f3rias que vivi e testemunhei.\",\"potentialAction\":[{\"@type\":\"SearchAction\",\"target\":{\"@type\":\"EntryPoint\",\"urlTemplate\":\"https:\\\/\\\/gersonguelmann.com.br\\\/blog\\\/?s={search_term_string}\"},\"query-input\":{\"@type\":\"PropertyValueSpecification\",\"valueRequired\":true,\"valueName\":\"search_term_string\"}}],\"inLanguage\":\"pt-BR\"},{\"@type\":\"Person\",\"@id\":\"https:\\\/\\\/gersonguelmann.com.br\\\/blog\\\/#\\\/schema\\\/person\\\/87e70e2a786888082f941a482c90569e\",\"name\":\"Gerson Guelmann\",\"image\":{\"@type\":\"ImageObject\",\"inLanguage\":\"pt-BR\",\"@id\":\"https:\\\/\\\/i0.wp.com\\\/gersonguelmann.com.br\\\/blog\\\/wp-content\\\/uploads\\\/2021\\\/08\\\/BLOG.jpeg?fit=96%2C96&ssl=1\",\"url\":\"https:\\\/\\\/i0.wp.com\\\/gersonguelmann.com.br\\\/blog\\\/wp-content\\\/uploads\\\/2021\\\/08\\\/BLOG.jpeg?fit=96%2C96&ssl=1\",\"contentUrl\":\"https:\\\/\\\/i0.wp.com\\\/gersonguelmann.com.br\\\/blog\\\/wp-content\\\/uploads\\\/2021\\\/08\\\/BLOG.jpeg?fit=96%2C96&ssl=1\",\"caption\":\"Gerson Guelmann\"},\"description\":\"Pitadas da sabedoria e do humor judaicos, assuntos do momento e um pouco das hist\u00f3rias que vivi e testemunhei.\"}]}<\/script>\n<!-- \/ Yoast SEO plugin. -->","yoast_head_json":{"title":"Duas Cidades, Dois Exemplos | Blog do Guelmann","robots":{"index":"index","follow":"follow","max-snippet":"max-snippet:-1","max-image-preview":"max-image-preview:large","max-video-preview":"max-video-preview:-1"},"canonical":"https:\/\/gersonguelmann.com.br\/blog\/duas-cidades-dois-exemplos\/","og_locale":"pt_BR","og_type":"article","og_title":"Duas Cidades, Dois Exemplos | Blog do Guelmann","og_description":"No Paran\u00e1, not\u00edcias de situa\u00e7\u00f5es totalmente opostas: &#8211; a Prefeitura de\u00a0Santa Tereza do Oeste comprou um carro de luxo para uso do Prefeito, ao custo de R$ 185 mil. As especifica\u00e7\u00f5es da licita\u00e7\u00e3o mencionavam a exig\u00eancia de teto solar, dentre outros equipamentos. Em 2017 o munic\u00edpio gastou R$ 167.720,36 em obras e instala\u00e7\u00f5es em unidades [&hellip;]","og_url":"https:\/\/gersonguelmann.com.br\/blog\/duas-cidades-dois-exemplos\/","og_site_name":"Blog do Guelmann","article_published_time":"2018-01-31T18:00:19+00:00","article_modified_time":"2018-01-31T18:24:18+00:00","og_image":[{"width":814,"height":720,"url":"https:\/\/i0.wp.com\/gersonguelmann.com.br\/blog\/wp-content\/uploads\/2018\/01\/Duas-cidades.png?fit=814%2C720&ssl=1","type":"image\/png"}],"author":"Gerson Guelmann","twitter_card":"summary_large_image","twitter_misc":{"Escrito por":"Gerson Guelmann","Est. tempo de leitura":"1 minuto"},"schema":{"@context":"https:\/\/schema.org","@graph":[{"@type":"Article","@id":"https:\/\/gersonguelmann.com.br\/blog\/duas-cidades-dois-exemplos\/#article","isPartOf":{"@id":"https:\/\/gersonguelmann.com.br\/blog\/duas-cidades-dois-exemplos\/"},"author":{"name":"Gerson Guelmann","@id":"https:\/\/gersonguelmann.com.br\/blog\/#\/schema\/person\/87e70e2a786888082f941a482c90569e"},"headline":"Duas Cidades, Dois Exemplos","datePublished":"2018-01-31T18:00:19+00:00","dateModified":"2018-01-31T18:24:18+00:00","mainEntityOfPage":{"@id":"https:\/\/gersonguelmann.com.br\/blog\/duas-cidades-dois-exemplos\/"},"wordCount":116,"commentCount":0,"image":{"@id":"https:\/\/gersonguelmann.com.br\/blog\/duas-cidades-dois-exemplos\/#primaryimage"},"thumbnailUrl":"https:\/\/i0.wp.com\/gersonguelmann.com.br\/blog\/wp-content\/uploads\/2018\/01\/Duas-cidades.png?fit=814%2C720&ssl=1","inLanguage":"pt-BR","potentialAction":[{"@type":"CommentAction","name":"Comment","target":["https:\/\/gersonguelmann.com.br\/blog\/duas-cidades-dois-exemplos\/#respond"]}]},{"@type":"WebPage","@id":"https:\/\/gersonguelmann.com.br\/blog\/duas-cidades-dois-exemplos\/","url":"https:\/\/gersonguelmann.com.br\/blog\/duas-cidades-dois-exemplos\/","name":"Duas Cidades, Dois Exemplos | Blog do Guelmann","isPartOf":{"@id":"https:\/\/gersonguelmann.com.br\/blog\/#website"},"primaryImageOfPage":{"@id":"https:\/\/gersonguelmann.com.br\/blog\/duas-cidades-dois-exemplos\/#primaryimage"},"image":{"@id":"https:\/\/gersonguelmann.com.br\/blog\/duas-cidades-dois-exemplos\/#primaryimage"},"thumbnailUrl":"https:\/\/i0.wp.com\/gersonguelmann.com.br\/blog\/wp-content\/uploads\/2018\/01\/Duas-cidades.png?fit=814%2C720&ssl=1","datePublished":"2018-01-31T18:00:19+00:00","dateModified":"2018-01-31T18:24:18+00:00","author":{"@id":"https:\/\/gersonguelmann.com.br\/blog\/#\/schema\/person\/87e70e2a786888082f941a482c90569e"},"inLanguage":"pt-BR","potentialAction":[{"@type":"ReadAction","target":["https:\/\/gersonguelmann.com.br\/blog\/duas-cidades-dois-exemplos\/"]}]},{"@type":"ImageObject","inLanguage":"pt-BR","@id":"https:\/\/gersonguelmann.com.br\/blog\/duas-cidades-dois-exemplos\/#primaryimage","url":"https:\/\/i0.wp.com\/gersonguelmann.com.br\/blog\/wp-content\/uploads\/2018\/01\/Duas-cidades.png?fit=814%2C720&ssl=1","contentUrl":"https:\/\/i0.wp.com\/gersonguelmann.com.br\/blog\/wp-content\/uploads\/2018\/01\/Duas-cidades.png?fit=814%2C720&ssl=1","width":814,"height":720},{"@type":"WebSite","@id":"https:\/\/gersonguelmann.com.br\/blog\/#website","url":"https:\/\/gersonguelmann.com.br\/blog\/","name":"Blog do Guelmann","description":"Pitadas da sabedoria e do humor judaicos, assuntos do momento e um pouco das hist\u00f3rias que vivi e testemunhei.","potentialAction":[{"@type":"SearchAction","target":{"@type":"EntryPoint","urlTemplate":"https:\/\/gersonguelmann.com.br\/blog\/?s={search_term_string}"},"query-input":{"@type":"PropertyValueSpecification","valueRequired":true,"valueName":"search_term_string"}}],"inLanguage":"pt-BR"},{"@type":"Person","@id":"https:\/\/gersonguelmann.com.br\/blog\/#\/schema\/person\/87e70e2a786888082f941a482c90569e","name":"Gerson Guelmann","image":{"@type":"ImageObject","inLanguage":"pt-BR","@id":"https:\/\/i0.wp.com\/gersonguelmann.com.br\/blog\/wp-content\/uploads\/2021\/08\/BLOG.jpeg?fit=96%2C96&ssl=1","url":"https:\/\/i0.wp.com\/gersonguelmann.com.br\/blog\/wp-content\/uploads\/2021\/08\/BLOG.jpeg?fit=96%2C96&ssl=1","contentUrl":"https:\/\/i0.wp.com\/gersonguelmann.com.br\/blog\/wp-content\/uploads\/2021\/08\/BLOG.jpeg?fit=96%2C96&ssl=1","caption":"Gerson Guelmann"},"description":"Pitadas da sabedoria e do humor judaicos, assuntos do momento e um pouco das hist\u00f3rias que vivi e testemunhei."}]}},"views":31,"jetpack_publicize_connections":[],"jetpack_featured_media_url":"https:\/\/i0.wp.com\/gersonguelmann.com.br\/blog\/wp-content\/uploads\/2018\/01\/Duas-cidades.png?fit=814%2C720&ssl=1","jetpack_shortlink":"https:\/\/wp.me\/p96e7O-23w","jetpack-related-posts":[{"id":2364,"url":"https:\/\/gersonguelmann.com.br\/blog\/jaime-lerner-assina-projeto-do-centro-novo-de-sao-paulo\/","url_meta":{"origin":7906,"position":0},"title":"Jaime Lerner Assina Projeto do Centro Novo de S\u00e3o Paulo","author":"Gerson Guelmann","date":"3 de outubro de 2017","format":false,"excerpt":"Copio abaixo, com satisfa\u00e7\u00e3o, mat\u00e9ria publicada ontem pelo jornal Gazeta do Povo de Curitiba, no caderno Haus. Fa\u00e7o a transcri\u00e7\u00e3o integral em raz\u00e3o da dificuldade que eventualmente poder\u00e1 haver para acessar o link, postado ao final. Ao entregar projeto inovador para SP, Lerner provoca: \u201cCuritiba pode retomar todas as conquistas\u2026","rel":"","context":"Em &quot;Sem categoria&quot;","block_context":{"text":"Sem categoria","link":"https:\/\/gersonguelmann.com.br\/blog\/category\/sem-categoria\/"},"img":{"alt_text":"","src":"https:\/\/i0.wp.com\/gersonguelmann.com.br\/blog\/wp-content\/uploads\/2017\/10\/Haus.jpg?fit=800%2C408&ssl=1&resize=350%2C200","width":350,"height":200,"srcset":"https:\/\/i0.wp.com\/gersonguelmann.com.br\/blog\/wp-content\/uploads\/2017\/10\/Haus.jpg?fit=800%2C408&ssl=1&resize=350%2C200 1x, https:\/\/i0.wp.com\/gersonguelmann.com.br\/blog\/wp-content\/uploads\/2017\/10\/Haus.jpg?fit=800%2C408&ssl=1&resize=525%2C300 1.5x, https:\/\/i0.wp.com\/gersonguelmann.com.br\/blog\/wp-content\/uploads\/2017\/10\/Haus.jpg?fit=800%2C408&ssl=1&resize=700%2C400 2x"},"classes":[]},{"id":17459,"url":"https:\/\/gersonguelmann.com.br\/blog\/o-jaime-lerner-e-o-elefante-do-circo-sarrasani\/","url_meta":{"origin":7906,"position":1},"title":"O Jaime Lerner e o Elefante do Circo Sarrasani","author":"Gerson Guelmann","date":"13 de julho de 2019","format":false,"excerpt":"A pol\u00eamica que surgiu nas \u00faltimas horas envolvendo a poss\u00edvel indica\u00e7\u00e3o de Eduardo Bolsonaro para a Embaixada do Brasil em Washington me fez lembrar de um epis\u00f3dio muito engra\u00e7ado que aconteceu na \u00faltima gest\u00e3o do Jaime Lerner \u00e0 frente da Prefeitura de Curitiba. A lembran\u00e7a veio por associa\u00e7\u00e3o de ideias,\u2026","rel":"","context":"Em &quot;Sem categoria&quot;","block_context":{"text":"Sem categoria","link":"https:\/\/gersonguelmann.com.br\/blog\/category\/sem-categoria\/"},"img":{"alt_text":"","src":"https:\/\/i0.wp.com\/gersonguelmann.com.br\/blog\/wp-content\/uploads\/2019\/07\/Circo-Sarrasani.jpg?fit=1000%2C562&ssl=1&resize=350%2C200","width":350,"height":200,"srcset":"https:\/\/i0.wp.com\/gersonguelmann.com.br\/blog\/wp-content\/uploads\/2019\/07\/Circo-Sarrasani.jpg?fit=1000%2C562&ssl=1&resize=350%2C200 1x, https:\/\/i0.wp.com\/gersonguelmann.com.br\/blog\/wp-content\/uploads\/2019\/07\/Circo-Sarrasani.jpg?fit=1000%2C562&ssl=1&resize=525%2C300 1.5x, https:\/\/i0.wp.com\/gersonguelmann.com.br\/blog\/wp-content\/uploads\/2019\/07\/Circo-Sarrasani.jpg?fit=1000%2C562&ssl=1&resize=700%2C400 2x"},"classes":[]},{"id":26326,"url":"https:\/\/gersonguelmann.com.br\/blog\/quando-o-jaime-lerner-mandou-pagar-o-enterro-do-leminski\/","url_meta":{"origin":7906,"position":2},"title":"Quando o Jaime Lerner Mandou Pagar o Enterro do Leminski","author":"Gerson Guelmann","date":"8 de setembro de 2025","format":false,"excerpt":"J\u00e1 escrevi sobre a conversa que tive com Jaime Lerner quando ele me convidou para integrar a equipe que assumiria a Prefeitura de Curitiba em 1\u00ba de janeiro de 1989. Quando pedi tempo para pensar, a resposta veio r\u00e1pida: \u201cquem havia pressionado para que ele concorresse n\u00e3o tinha direito de\u2026","rel":"","context":"Em &quot;Sem categoria&quot;","block_context":{"text":"Sem categoria","link":"https:\/\/gersonguelmann.com.br\/blog\/category\/sem-categoria\/"},"img":{"alt_text":"","src":"https:\/\/i0.wp.com\/gersonguelmann.com.br\/blog\/wp-content\/uploads\/2025\/09\/HojePR-4.jpg?fit=1080%2C1080&ssl=1&resize=350%2C200","width":350,"height":200,"srcset":"https:\/\/i0.wp.com\/gersonguelmann.com.br\/blog\/wp-content\/uploads\/2025\/09\/HojePR-4.jpg?fit=1080%2C1080&ssl=1&resize=350%2C200 1x, https:\/\/i0.wp.com\/gersonguelmann.com.br\/blog\/wp-content\/uploads\/2025\/09\/HojePR-4.jpg?fit=1080%2C1080&ssl=1&resize=525%2C300 1.5x, https:\/\/i0.wp.com\/gersonguelmann.com.br\/blog\/wp-content\/uploads\/2025\/09\/HojePR-4.jpg?fit=1080%2C1080&ssl=1&resize=700%2C400 2x, https:\/\/i0.wp.com\/gersonguelmann.com.br\/blog\/wp-content\/uploads\/2025\/09\/HojePR-4.jpg?fit=1080%2C1080&ssl=1&resize=1050%2C600 3x"},"classes":[]},{"id":22255,"url":"https:\/\/gersonguelmann.com.br\/blog\/jaime-lerner-e-o-olho-dagua\/","url_meta":{"origin":7906,"position":3},"title":"Jaime Lerner e o Olho D&#8217;\u00e1gua","author":"Gerson Guelmann","date":"28 de outubro de 2024","format":false,"excerpt":"Em todos os mandatos de Prefeito o Jaime Lerner contou com a colabora\u00e7\u00e3o do Engenheiro Dr. Dario Lopes dos Santos, servidor de carreira. Esse grande homem prestou servi\u00e7os extraordin\u00e1rios \u00e0 Cidade e ao Estado e empresta seu nome a uma importante avenida de Curitiba. O Dr. Dario era uma pessoa\u2026","rel":"","context":"Em &quot;Sem categoria&quot;","block_context":{"text":"Sem categoria","link":"https:\/\/gersonguelmann.com.br\/blog\/category\/sem-categoria\/"},"img":{"alt_text":"","src":"https:\/\/i0.wp.com\/gersonguelmann.com.br\/blog\/wp-content\/uploads\/2021\/06\/BALDE.jpg?fit=1024%2C692&ssl=1&resize=350%2C200","width":350,"height":200,"srcset":"https:\/\/i0.wp.com\/gersonguelmann.com.br\/blog\/wp-content\/uploads\/2021\/06\/BALDE.jpg?fit=1024%2C692&ssl=1&resize=350%2C200 1x, https:\/\/i0.wp.com\/gersonguelmann.com.br\/blog\/wp-content\/uploads\/2021\/06\/BALDE.jpg?fit=1024%2C692&ssl=1&resize=525%2C300 1.5x, https:\/\/i0.wp.com\/gersonguelmann.com.br\/blog\/wp-content\/uploads\/2021\/06\/BALDE.jpg?fit=1024%2C692&ssl=1&resize=700%2C400 2x"},"classes":[]},{"id":8303,"url":"https:\/\/gersonguelmann.com.br\/blog\/o-cemiterio-israelita-e-meu-avo\/","url_meta":{"origin":7906,"position":4},"title":"O Cemit\u00e9rio Israelita e Meu Av\u00f4","author":"Gerson Guelmann","date":"8 de fevereiro de 2018","format":false,"excerpt":"Como fa\u00e7o todos os anos desde a morte de meus pais e irm\u00e3s, ontem fui ao Cemit\u00e9rio Israelita da \u00c1gua Verde, para visitar seus t\u00famulos. Desde o tr\u00e1gico acidente em 1965 jamais deixei de ir l\u00e1 no dia 7\/2, a n\u00e3o ser nos anos em que data caiu em um\u2026","rel":"","context":"Em &quot;Sem categoria&quot;","block_context":{"text":"Sem categoria","link":"https:\/\/gersonguelmann.com.br\/blog\/category\/sem-categoria\/"},"img":{"alt_text":"","src":"https:\/\/i0.wp.com\/gersonguelmann.com.br\/blog\/wp-content\/uploads\/2018\/02\/Cemit%C3%A9rio-Bispo.jpg?fit=849%2C1200&ssl=1&resize=350%2C200","width":350,"height":200,"srcset":"https:\/\/i0.wp.com\/gersonguelmann.com.br\/blog\/wp-content\/uploads\/2018\/02\/Cemit%C3%A9rio-Bispo.jpg?fit=849%2C1200&ssl=1&resize=350%2C200 1x, https:\/\/i0.wp.com\/gersonguelmann.com.br\/blog\/wp-content\/uploads\/2018\/02\/Cemit%C3%A9rio-Bispo.jpg?fit=849%2C1200&ssl=1&resize=525%2C300 1.5x, https:\/\/i0.wp.com\/gersonguelmann.com.br\/blog\/wp-content\/uploads\/2018\/02\/Cemit%C3%A9rio-Bispo.jpg?fit=849%2C1200&ssl=1&resize=700%2C400 2x"},"classes":[]},{"id":22239,"url":"https:\/\/gersonguelmann.com.br\/blog\/o-paiol-do-jaime-lerner\/","url_meta":{"origin":7906,"position":5},"title":"O Paiol do Jaime Lerner","author":"Gerson Guelmann","date":"29 de maio de 2021","format":false,"excerpt":"\"No portugu\u00eas bem claro: Puta orgulho de conhecer, conversar e at\u00e9 uma vez dan\u00e7ar quadrilha na ch\u00e1cara dos Schulman com esta intelig\u00eancia rara e simpatia maravilhosa. Ficar\u00e1 marcado para sempre. Quando meus parentes de fora vinham para Curitiba, n\u00e3o tinha nada para mostrar; depois do Jaime, n\u00e3o dava tempo de\u2026","rel":"","context":"Em &quot;Sem categoria&quot;","block_context":{"text":"Sem categoria","link":"https:\/\/gersonguelmann.com.br\/blog\/category\/sem-categoria\/"},"img":{"alt_text":"","src":"https:\/\/i0.wp.com\/gersonguelmann.com.br\/blog\/wp-content\/uploads\/2021\/05\/PAIOL-1.jpg?fit=1200%2C839&ssl=1&resize=350%2C200","width":350,"height":200,"srcset":"https:\/\/i0.wp.com\/gersonguelmann.com.br\/blog\/wp-content\/uploads\/2021\/05\/PAIOL-1.jpg?fit=1200%2C839&ssl=1&resize=350%2C200 1x, https:\/\/i0.wp.com\/gersonguelmann.com.br\/blog\/wp-content\/uploads\/2021\/05\/PAIOL-1.jpg?fit=1200%2C839&ssl=1&resize=525%2C300 1.5x, https:\/\/i0.wp.com\/gersonguelmann.com.br\/blog\/wp-content\/uploads\/2021\/05\/PAIOL-1.jpg?fit=1200%2C839&ssl=1&resize=700%2C400 2x, https:\/\/i0.wp.com\/gersonguelmann.com.br\/blog\/wp-content\/uploads\/2021\/05\/PAIOL-1.jpg?fit=1200%2C839&ssl=1&resize=1050%2C600 3x"},"classes":[]}],"jetpack_sharing_enabled":true,"post_mailing_queue_ids":[],"_links":{"self":[{"href":"https:\/\/gersonguelmann.com.br\/blog\/wp-json\/wp\/v2\/posts\/7906","targetHints":{"allow":["GET"]}}],"collection":[{"href":"https:\/\/gersonguelmann.com.br\/blog\/wp-json\/wp\/v2\/posts"}],"about":[{"href":"https:\/\/gersonguelmann.com.br\/blog\/wp-json\/wp\/v2\/types\/post"}],"author":[{"embeddable":true,"href":"https:\/\/gersonguelmann.com.br\/blog\/wp-json\/wp\/v2\/users\/5"}],"replies":[{"embeddable":true,"href":"https:\/\/gersonguelmann.com.br\/blog\/wp-json\/wp\/v2\/comments?post=7906"}],"version-history":[{"count":0,"href":"https:\/\/gersonguelmann.com.br\/blog\/wp-json\/wp\/v2\/posts\/7906\/revisions"}],"wp:featuredmedia":[{"embeddable":true,"href":"https:\/\/gersonguelmann.com.br\/blog\/wp-json\/wp\/v2\/media\/7908"}],"wp:attachment":[{"href":"https:\/\/gersonguelmann.com.br\/blog\/wp-json\/wp\/v2\/media?parent=7906"}],"wp:term":[{"taxonomy":"category","embeddable":true,"href":"https:\/\/gersonguelmann.com.br\/blog\/wp-json\/wp\/v2\/categories?post=7906"},{"taxonomy":"post_tag","embeddable":true,"href":"https:\/\/gersonguelmann.com.br\/blog\/wp-json\/wp\/v2\/tags?post=7906"}],"curies":[{"name":"wp","href":"https:\/\/api.w.org\/{rel}","templated":true}]}}