    {"id":7911,"date":"2018-01-31T17:00:07","date_gmt":"2018-01-31T19:00:07","guid":{"rendered":"https:\/\/gersonguelmann.com.br\/blog\/?p=7911"},"modified":"2018-01-31T15:34:05","modified_gmt":"2018-01-31T17:34:05","slug":"vesperas-emily-dickinson","status":"publish","type":"post","link":"https:\/\/gersonguelmann.com.br\/blog\/vesperas-emily-dickinson\/","title":{"rendered":"V\u00e9speras &#8211; Emily Dickinson"},"content":{"rendered":"<p style=\"text-align: center;\"><span style=\"font-family: verdana, geneva, sans-serif; font-size: 14pt; color: #000000;\"><em><strong>Tempo &amp; Eternidade<\/strong><\/em><\/span><\/p>\n<p style=\"text-align: center;\"><em><span style=\"font-family: verdana, geneva, sans-serif; font-size: 14pt; color: #000000;\">Dizem que o tempo ameniza<\/span><\/em><br \/>\n<em><span style=\"font-family: verdana, geneva, sans-serif; font-size: 14pt; color: #000000;\">Isto \u00e9 faltar com a verdade<\/span><\/em><br \/>\n<em><span style=\"font-family: verdana, geneva, sans-serif; font-size: 14pt; color: #000000;\">Dor real se fortalece<\/span><\/em><br \/>\n<em><span style=\"font-family: verdana, geneva, sans-serif; font-size: 14pt; color: #000000;\">Como os m\u00fasculos, com a idade<\/span><\/em><\/p>\n<p><em><span style=\"font-family: verdana, geneva, sans-serif; font-size: 14pt; color: #000000;\">\u00c9 um teste no sofrimento<\/span><\/em><br \/>\n<em><span style=\"font-family: verdana, geneva, sans-serif; font-size: 14pt; color: #000000;\">Mas n\u00e3o o debelaria<\/span><\/em><br \/>\n<em><span style=\"font-family: verdana, geneva, sans-serif; font-size: 14pt; color: #000000;\">Se o tempo fosse rem\u00e9dio<\/span><\/em><br \/>\n<em><span style=\"font-family: verdana, geneva, sans-serif; font-size: 14pt; color: #000000;\">Nenhum mal existiria<\/span><\/em><\/p>\n<p style=\"text-align: center;\"><img data-recalc-dims=\"1\" fetchpriority=\"high\" decoding=\"async\" data-attachment-id=\"7912\" data-permalink=\"https:\/\/gersonguelmann.com.br\/blog\/vesperas-emily-dickinson\/ed-2\/\" data-orig-file=\"https:\/\/i0.wp.com\/gersonguelmann.com.br\/blog\/wp-content\/uploads\/2018\/01\/ED-1.jpg?fit=275%2C183&amp;ssl=1\" data-orig-size=\"275,183\" data-comments-opened=\"1\" data-image-meta=\"{&quot;aperture&quot;:&quot;0&quot;,&quot;credit&quot;:&quot;&quot;,&quot;camera&quot;:&quot;&quot;,&quot;caption&quot;:&quot;&quot;,&quot;created_timestamp&quot;:&quot;0&quot;,&quot;copyright&quot;:&quot;&quot;,&quot;focal_length&quot;:&quot;0&quot;,&quot;iso&quot;:&quot;0&quot;,&quot;shutter_speed&quot;:&quot;0&quot;,&quot;title&quot;:&quot;&quot;,&quot;orientation&quot;:&quot;0&quot;}\" data-image-title=\"ED\" data-image-description=\"\" data-image-caption=\"\" data-medium-file=\"https:\/\/i0.wp.com\/gersonguelmann.com.br\/blog\/wp-content\/uploads\/2018\/01\/ED-1.jpg?fit=275%2C183&amp;ssl=1\" data-large-file=\"https:\/\/i0.wp.com\/gersonguelmann.com.br\/blog\/wp-content\/uploads\/2018\/01\/ED-1.jpg?fit=275%2C183&amp;ssl=1\" class=\"alignnone size-full wp-image-7912\" src=\"https:\/\/i0.wp.com\/gersonguelmann.com.br\/blog\/wp-content\/uploads\/2018\/01\/ED-1.jpg?resize=275%2C183&#038;ssl=1\" alt=\"\" width=\"275\" height=\"183\" \/><br \/>\n<span style=\"font-family: verdana, geneva, sans-serif; font-size: 14pt; color: #000000;\"><em><strong>Emily Dickinson<\/strong><\/em><\/span><br \/>\n<span style=\"font-family: verdana, geneva, sans-serif; font-size: 14pt; color: #000000;\"><em><strong>Emilly Elizabeth Dickinson<\/strong><\/em><\/span><br \/>\n<span style=\"font-family: verdana, geneva, sans-serif; font-size: 14pt; color: #000000;\"><em><strong>Amherst (USA), 10\/12\/1830 &#8211; 15\/5\/1886<\/strong><\/em><\/span><\/p>\n<p style=\"text-align: center;\">\n","protected":false},"excerpt":{"rendered":"<p>Tempo &amp; Eternidade Dizem que o tempo ameniza Isto \u00e9 faltar com a verdade Dor real se fortalece Como os m\u00fasculos, com a idade \u00c9 um teste no sofrimento Mas n\u00e3o o debelaria Se o tempo fosse rem\u00e9dio Nenhum mal existiria Emily Dickinson Emilly Elizabeth Dickinson Amherst (USA), 10\/12\/1830 &#8211; 15\/5\/1886<\/p>\n","protected":false},"author":5,"featured_media":7912,"comment_status":"open","ping_status":"open","sticky":false,"template":"","format":"standard","meta":{"_acf_changed":false,"jetpack_post_was_ever_published":false,"_jetpack_newsletter_access":"","_jetpack_dont_email_post_to_subs":false,"_jetpack_newsletter_tier_id":0,"_jetpack_memberships_contains_paywalled_content":false,"_jetpack_memberships_contains_paid_content":false,"footnotes":"","jetpack_publicize_message":"","jetpack_publicize_feature_enabled":true,"jetpack_social_post_already_shared":true,"jetpack_social_options":{"image_generator_settings":{"template":"highway","default_image_id":0,"font":"","enabled":false},"version":2}},"categories":[1],"tags":[],"class_list":["post-7911","post","type-post","status-publish","format-standard","has-post-thumbnail","hentry","category-sem-categoria"],"acf":[],"yoast_head":"<!-- This site is optimized with the Yoast SEO plugin v27.3 - https:\/\/yoast.com\/product\/yoast-seo-wordpress\/ -->\n<title>V\u00e9speras - Emily Dickinson | Blog do Guelmann<\/title>\n<meta name=\"robots\" content=\"index, follow, max-snippet:-1, max-image-preview:large, max-video-preview:-1\" \/>\n<link rel=\"canonical\" href=\"https:\/\/gersonguelmann.com.br\/blog\/vesperas-emily-dickinson\/\" \/>\n<meta property=\"og:locale\" content=\"pt_BR\" \/>\n<meta property=\"og:type\" content=\"article\" \/>\n<meta property=\"og:title\" content=\"V\u00e9speras - Emily Dickinson | Blog do Guelmann\" \/>\n<meta property=\"og:description\" content=\"Tempo &amp; Eternidade Dizem que o tempo ameniza Isto \u00e9 faltar com a verdade Dor real se fortalece Como os m\u00fasculos, com a idade \u00c9 um teste no sofrimento Mas n\u00e3o o debelaria Se o tempo fosse rem\u00e9dio Nenhum mal existiria Emily Dickinson Emilly Elizabeth Dickinson Amherst (USA), 10\/12\/1830 &#8211; 15\/5\/1886\" \/>\n<meta property=\"og:url\" content=\"https:\/\/gersonguelmann.com.br\/blog\/vesperas-emily-dickinson\/\" \/>\n<meta property=\"og:site_name\" content=\"Blog do Guelmann\" \/>\n<meta property=\"article:published_time\" content=\"2018-01-31T19:00:07+00:00\" \/>\n<meta property=\"og:image\" content=\"https:\/\/i0.wp.com\/gersonguelmann.com.br\/blog\/wp-content\/uploads\/2018\/01\/ED-1.jpg?fit=275%2C183&ssl=1\" \/>\n\t<meta property=\"og:image:width\" content=\"275\" \/>\n\t<meta property=\"og:image:height\" content=\"183\" \/>\n\t<meta property=\"og:image:type\" content=\"image\/jpeg\" \/>\n<meta name=\"author\" content=\"Gerson Guelmann\" \/>\n<meta name=\"twitter:card\" content=\"summary_large_image\" \/>\n<meta name=\"twitter:label1\" content=\"Escrito por\" \/>\n\t<meta name=\"twitter:data1\" content=\"Gerson Guelmann\" \/>\n<script type=\"application\/ld+json\" class=\"yoast-schema-graph\">{\"@context\":\"https:\\\/\\\/schema.org\",\"@graph\":[{\"@type\":\"Article\",\"@id\":\"https:\\\/\\\/gersonguelmann.com.br\\\/blog\\\/vesperas-emily-dickinson\\\/#article\",\"isPartOf\":{\"@id\":\"https:\\\/\\\/gersonguelmann.com.br\\\/blog\\\/vesperas-emily-dickinson\\\/\"},\"author\":{\"name\":\"Gerson Guelmann\",\"@id\":\"https:\\\/\\\/gersonguelmann.com.br\\\/blog\\\/#\\\/schema\\\/person\\\/87e70e2a786888082f941a482c90569e\"},\"headline\":\"V\u00e9speras &#8211; Emily Dickinson\",\"datePublished\":\"2018-01-31T19:00:07+00:00\",\"mainEntityOfPage\":{\"@id\":\"https:\\\/\\\/gersonguelmann.com.br\\\/blog\\\/vesperas-emily-dickinson\\\/\"},\"wordCount\":55,\"commentCount\":0,\"image\":{\"@id\":\"https:\\\/\\\/gersonguelmann.com.br\\\/blog\\\/vesperas-emily-dickinson\\\/#primaryimage\"},\"thumbnailUrl\":\"https:\\\/\\\/i0.wp.com\\\/gersonguelmann.com.br\\\/blog\\\/wp-content\\\/uploads\\\/2018\\\/01\\\/ED-1.jpg?fit=275%2C183&ssl=1\",\"inLanguage\":\"pt-BR\",\"potentialAction\":[{\"@type\":\"CommentAction\",\"name\":\"Comment\",\"target\":[\"https:\\\/\\\/gersonguelmann.com.br\\\/blog\\\/vesperas-emily-dickinson\\\/#respond\"]}]},{\"@type\":\"WebPage\",\"@id\":\"https:\\\/\\\/gersonguelmann.com.br\\\/blog\\\/vesperas-emily-dickinson\\\/\",\"url\":\"https:\\\/\\\/gersonguelmann.com.br\\\/blog\\\/vesperas-emily-dickinson\\\/\",\"name\":\"V\u00e9speras - Emily Dickinson | Blog do Guelmann\",\"isPartOf\":{\"@id\":\"https:\\\/\\\/gersonguelmann.com.br\\\/blog\\\/#website\"},\"primaryImageOfPage\":{\"@id\":\"https:\\\/\\\/gersonguelmann.com.br\\\/blog\\\/vesperas-emily-dickinson\\\/#primaryimage\"},\"image\":{\"@id\":\"https:\\\/\\\/gersonguelmann.com.br\\\/blog\\\/vesperas-emily-dickinson\\\/#primaryimage\"},\"thumbnailUrl\":\"https:\\\/\\\/i0.wp.com\\\/gersonguelmann.com.br\\\/blog\\\/wp-content\\\/uploads\\\/2018\\\/01\\\/ED-1.jpg?fit=275%2C183&ssl=1\",\"datePublished\":\"2018-01-31T19:00:07+00:00\",\"author\":{\"@id\":\"https:\\\/\\\/gersonguelmann.com.br\\\/blog\\\/#\\\/schema\\\/person\\\/87e70e2a786888082f941a482c90569e\"},\"inLanguage\":\"pt-BR\",\"potentialAction\":[{\"@type\":\"ReadAction\",\"target\":[\"https:\\\/\\\/gersonguelmann.com.br\\\/blog\\\/vesperas-emily-dickinson\\\/\"]}]},{\"@type\":\"ImageObject\",\"inLanguage\":\"pt-BR\",\"@id\":\"https:\\\/\\\/gersonguelmann.com.br\\\/blog\\\/vesperas-emily-dickinson\\\/#primaryimage\",\"url\":\"https:\\\/\\\/i0.wp.com\\\/gersonguelmann.com.br\\\/blog\\\/wp-content\\\/uploads\\\/2018\\\/01\\\/ED-1.jpg?fit=275%2C183&ssl=1\",\"contentUrl\":\"https:\\\/\\\/i0.wp.com\\\/gersonguelmann.com.br\\\/blog\\\/wp-content\\\/uploads\\\/2018\\\/01\\\/ED-1.jpg?fit=275%2C183&ssl=1\",\"width\":275,\"height\":183},{\"@type\":\"WebSite\",\"@id\":\"https:\\\/\\\/gersonguelmann.com.br\\\/blog\\\/#website\",\"url\":\"https:\\\/\\\/gersonguelmann.com.br\\\/blog\\\/\",\"name\":\"Blog do Guelmann\",\"description\":\"Pitadas da sabedoria e do humor judaicos, assuntos do momento e um pouco das hist\u00f3rias que vivi e testemunhei.\",\"potentialAction\":[{\"@type\":\"SearchAction\",\"target\":{\"@type\":\"EntryPoint\",\"urlTemplate\":\"https:\\\/\\\/gersonguelmann.com.br\\\/blog\\\/?s={search_term_string}\"},\"query-input\":{\"@type\":\"PropertyValueSpecification\",\"valueRequired\":true,\"valueName\":\"search_term_string\"}}],\"inLanguage\":\"pt-BR\"},{\"@type\":\"Person\",\"@id\":\"https:\\\/\\\/gersonguelmann.com.br\\\/blog\\\/#\\\/schema\\\/person\\\/87e70e2a786888082f941a482c90569e\",\"name\":\"Gerson Guelmann\",\"image\":{\"@type\":\"ImageObject\",\"inLanguage\":\"pt-BR\",\"@id\":\"https:\\\/\\\/i0.wp.com\\\/gersonguelmann.com.br\\\/blog\\\/wp-content\\\/uploads\\\/2021\\\/08\\\/BLOG.jpeg?fit=96%2C96&ssl=1\",\"url\":\"https:\\\/\\\/i0.wp.com\\\/gersonguelmann.com.br\\\/blog\\\/wp-content\\\/uploads\\\/2021\\\/08\\\/BLOG.jpeg?fit=96%2C96&ssl=1\",\"contentUrl\":\"https:\\\/\\\/i0.wp.com\\\/gersonguelmann.com.br\\\/blog\\\/wp-content\\\/uploads\\\/2021\\\/08\\\/BLOG.jpeg?fit=96%2C96&ssl=1\",\"caption\":\"Gerson Guelmann\"},\"description\":\"Pitadas da sabedoria e do humor judaicos, assuntos do momento e um pouco das hist\u00f3rias que vivi e testemunhei.\"}]}<\/script>\n<!-- \/ Yoast SEO plugin. -->","yoast_head_json":{"title":"V\u00e9speras - Emily Dickinson | Blog do Guelmann","robots":{"index":"index","follow":"follow","max-snippet":"max-snippet:-1","max-image-preview":"max-image-preview:large","max-video-preview":"max-video-preview:-1"},"canonical":"https:\/\/gersonguelmann.com.br\/blog\/vesperas-emily-dickinson\/","og_locale":"pt_BR","og_type":"article","og_title":"V\u00e9speras - Emily Dickinson | Blog do Guelmann","og_description":"Tempo &amp; Eternidade Dizem que o tempo ameniza Isto \u00e9 faltar com a verdade Dor real se fortalece Como os m\u00fasculos, com a idade \u00c9 um teste no sofrimento Mas n\u00e3o o debelaria Se o tempo fosse rem\u00e9dio Nenhum mal existiria Emily Dickinson Emilly Elizabeth Dickinson Amherst (USA), 10\/12\/1830 &#8211; 15\/5\/1886","og_url":"https:\/\/gersonguelmann.com.br\/blog\/vesperas-emily-dickinson\/","og_site_name":"Blog do Guelmann","article_published_time":"2018-01-31T19:00:07+00:00","og_image":[{"width":275,"height":183,"url":"https:\/\/i0.wp.com\/gersonguelmann.com.br\/blog\/wp-content\/uploads\/2018\/01\/ED-1.jpg?fit=275%2C183&ssl=1","type":"image\/jpeg"}],"author":"Gerson Guelmann","twitter_card":"summary_large_image","twitter_misc":{"Escrito por":"Gerson Guelmann"},"schema":{"@context":"https:\/\/schema.org","@graph":[{"@type":"Article","@id":"https:\/\/gersonguelmann.com.br\/blog\/vesperas-emily-dickinson\/#article","isPartOf":{"@id":"https:\/\/gersonguelmann.com.br\/blog\/vesperas-emily-dickinson\/"},"author":{"name":"Gerson Guelmann","@id":"https:\/\/gersonguelmann.com.br\/blog\/#\/schema\/person\/87e70e2a786888082f941a482c90569e"},"headline":"V\u00e9speras &#8211; Emily Dickinson","datePublished":"2018-01-31T19:00:07+00:00","mainEntityOfPage":{"@id":"https:\/\/gersonguelmann.com.br\/blog\/vesperas-emily-dickinson\/"},"wordCount":55,"commentCount":0,"image":{"@id":"https:\/\/gersonguelmann.com.br\/blog\/vesperas-emily-dickinson\/#primaryimage"},"thumbnailUrl":"https:\/\/i0.wp.com\/gersonguelmann.com.br\/blog\/wp-content\/uploads\/2018\/01\/ED-1.jpg?fit=275%2C183&ssl=1","inLanguage":"pt-BR","potentialAction":[{"@type":"CommentAction","name":"Comment","target":["https:\/\/gersonguelmann.com.br\/blog\/vesperas-emily-dickinson\/#respond"]}]},{"@type":"WebPage","@id":"https:\/\/gersonguelmann.com.br\/blog\/vesperas-emily-dickinson\/","url":"https:\/\/gersonguelmann.com.br\/blog\/vesperas-emily-dickinson\/","name":"V\u00e9speras - Emily Dickinson | Blog do Guelmann","isPartOf":{"@id":"https:\/\/gersonguelmann.com.br\/blog\/#website"},"primaryImageOfPage":{"@id":"https:\/\/gersonguelmann.com.br\/blog\/vesperas-emily-dickinson\/#primaryimage"},"image":{"@id":"https:\/\/gersonguelmann.com.br\/blog\/vesperas-emily-dickinson\/#primaryimage"},"thumbnailUrl":"https:\/\/i0.wp.com\/gersonguelmann.com.br\/blog\/wp-content\/uploads\/2018\/01\/ED-1.jpg?fit=275%2C183&ssl=1","datePublished":"2018-01-31T19:00:07+00:00","author":{"@id":"https:\/\/gersonguelmann.com.br\/blog\/#\/schema\/person\/87e70e2a786888082f941a482c90569e"},"inLanguage":"pt-BR","potentialAction":[{"@type":"ReadAction","target":["https:\/\/gersonguelmann.com.br\/blog\/vesperas-emily-dickinson\/"]}]},{"@type":"ImageObject","inLanguage":"pt-BR","@id":"https:\/\/gersonguelmann.com.br\/blog\/vesperas-emily-dickinson\/#primaryimage","url":"https:\/\/i0.wp.com\/gersonguelmann.com.br\/blog\/wp-content\/uploads\/2018\/01\/ED-1.jpg?fit=275%2C183&ssl=1","contentUrl":"https:\/\/i0.wp.com\/gersonguelmann.com.br\/blog\/wp-content\/uploads\/2018\/01\/ED-1.jpg?fit=275%2C183&ssl=1","width":275,"height":183},{"@type":"WebSite","@id":"https:\/\/gersonguelmann.com.br\/blog\/#website","url":"https:\/\/gersonguelmann.com.br\/blog\/","name":"Blog do Guelmann","description":"Pitadas da sabedoria e do humor judaicos, assuntos do momento e um pouco das hist\u00f3rias que vivi e testemunhei.","potentialAction":[{"@type":"SearchAction","target":{"@type":"EntryPoint","urlTemplate":"https:\/\/gersonguelmann.com.br\/blog\/?s={search_term_string}"},"query-input":{"@type":"PropertyValueSpecification","valueRequired":true,"valueName":"search_term_string"}}],"inLanguage":"pt-BR"},{"@type":"Person","@id":"https:\/\/gersonguelmann.com.br\/blog\/#\/schema\/person\/87e70e2a786888082f941a482c90569e","name":"Gerson Guelmann","image":{"@type":"ImageObject","inLanguage":"pt-BR","@id":"https:\/\/i0.wp.com\/gersonguelmann.com.br\/blog\/wp-content\/uploads\/2021\/08\/BLOG.jpeg?fit=96%2C96&ssl=1","url":"https:\/\/i0.wp.com\/gersonguelmann.com.br\/blog\/wp-content\/uploads\/2021\/08\/BLOG.jpeg?fit=96%2C96&ssl=1","contentUrl":"https:\/\/i0.wp.com\/gersonguelmann.com.br\/blog\/wp-content\/uploads\/2021\/08\/BLOG.jpeg?fit=96%2C96&ssl=1","caption":"Gerson Guelmann"},"description":"Pitadas da sabedoria e do humor judaicos, assuntos do momento e um pouco das hist\u00f3rias que vivi e testemunhei."}]}},"views":74,"jetpack_publicize_connections":[],"jetpack_featured_media_url":"https:\/\/i0.wp.com\/gersonguelmann.com.br\/blog\/wp-content\/uploads\/2018\/01\/ED-1.jpg?fit=275%2C183&ssl=1","jetpack_shortlink":"https:\/\/wp.me\/p96e7O-23B","jetpack-related-posts":[{"id":10483,"url":"https:\/\/gersonguelmann.com.br\/blog\/o-tempo-henry-van-dyke\/","url_meta":{"origin":7911,"position":0},"title":"O Tempo &#8211; Henry van Dyke","author":"Gerson Guelmann","date":"20 de mar\u00e7o de 2018","format":false,"excerpt":"O Tempo O tempo \u00e9 muito lento para os que esperam Muito r\u00e1pido para os que t\u00eam medo Muito longo para os que lamentam Muito curto para os que festejam Mas, para os que amam, o tempo \u00e9 eterno. Henry van Dyke Jr. Germantown (EUA), 10\/11\/1852 Princeton (EUA), 10\/4\/1933","rel":"","context":"Em &quot;Sem categoria&quot;","block_context":{"text":"Sem categoria","link":"https:\/\/gersonguelmann.com.br\/blog\/category\/sem-categoria\/"},"img":{"alt_text":"","src":"https:\/\/i0.wp.com\/gersonguelmann.com.br\/blog\/wp-content\/uploads\/2018\/03\/HVD.jpg?resize=350%2C200&ssl=1","width":350,"height":200},"classes":[]},{"id":8879,"url":"https:\/\/gersonguelmann.com.br\/blog\/o-tempo-do-verbo-e-essa-gente-vota\/","url_meta":{"origin":7911,"position":1},"title":"O Tempo do Verbo &#8211; E Essa Gente Vota!","author":"Gerson Guelmann","date":"21 de fevereiro de 2018","format":false,"excerpt":"De duas, uma: ou o cara \u00e9 vidente e est\u00e1 antecipando o que acontecer\u00e1, ou precisa voltar para a escola.\u00a0","rel":"","context":"Em &quot;Sem categoria&quot;","block_context":{"text":"Sem categoria","link":"https:\/\/gersonguelmann.com.br\/blog\/category\/sem-categoria\/"},"img":{"alt_text":"","src":"https:\/\/i0.wp.com\/gersonguelmann.com.br\/blog\/wp-content\/uploads\/2018\/02\/Portugueis-1.jpg?fit=480%2C394&ssl=1&resize=350%2C200","width":350,"height":200},"classes":[]},{"id":9503,"url":"https:\/\/gersonguelmann.com.br\/blog\/o-whatsapp-vai-te-dar-mais-tempo\/","url_meta":{"origin":7911,"position":2},"title":"O WhatsApp Vai Te Dar Mais Tempo","author":"Gerson Guelmann","date":"3 de mar\u00e7o de 2018","format":false,"excerpt":"Acho que todos est\u00e3o usando o recurso que permite apagar, at\u00e9 7 minutos depois, as mensagens enviadas pelo\u00a0WhatsApp. Essa facilidade foi implantada em novembro e de l\u00e1 para c\u00e1 tornou-se popular, mas muitas pessoas acham que seria preciso mais tempo. Agora o aplicativo vai aumentar o tempo para uma hora\u2026","rel":"","context":"Em &quot;Sem categoria&quot;","block_context":{"text":"Sem categoria","link":"https:\/\/gersonguelmann.com.br\/blog\/category\/sem-categoria\/"},"img":{"alt_text":"","src":"https:\/\/i0.wp.com\/gersonguelmann.com.br\/blog\/wp-content\/uploads\/2018\/03\/WA.jpg?fit=510%2C340&ssl=1&resize=350%2C200","width":350,"height":200},"classes":[]},{"id":4609,"url":"https:\/\/gersonguelmann.com.br\/blog\/vida-e-mais-importante-que-o-tempo\/","url_meta":{"origin":7911,"position":3},"title":"A Vida \u00e9 Mais Importante Que o Tempo","author":"Gerson Guelmann","date":"29 de dezembro de 2020","format":false,"excerpt":"Em 2016 o Banco Itau fez uma campanha de final de ano destacando a import\u00e2ncia da conex\u00e3o entre as gera\u00e7\u00f5es. O comercial mostrava a necessidade de se viver cada momento sem preocupa\u00e7\u00e3o com a passagem do tempo. Essa mensagem continua valendo. https:\/\/www.youtube.com\/watch?v=XQ8IEWO250E","rel":"","context":"Em &quot;Sem categoria&quot;","block_context":{"text":"Sem categoria","link":"https:\/\/gersonguelmann.com.br\/blog\/category\/sem-categoria\/"},"img":{"alt_text":"","src":"https:\/\/i0.wp.com\/gersonguelmann.com.br\/blog\/wp-content\/uploads\/2017\/11\/AnyConv.com__TEMPO.jpg?fit=960%2C540&ssl=1&resize=350%2C200","width":350,"height":200,"srcset":"https:\/\/i0.wp.com\/gersonguelmann.com.br\/blog\/wp-content\/uploads\/2017\/11\/AnyConv.com__TEMPO.jpg?fit=960%2C540&ssl=1&resize=350%2C200 1x, https:\/\/i0.wp.com\/gersonguelmann.com.br\/blog\/wp-content\/uploads\/2017\/11\/AnyConv.com__TEMPO.jpg?fit=960%2C540&ssl=1&resize=525%2C300 1.5x, https:\/\/i0.wp.com\/gersonguelmann.com.br\/blog\/wp-content\/uploads\/2017\/11\/AnyConv.com__TEMPO.jpg?fit=960%2C540&ssl=1&resize=700%2C400 2x"},"classes":[]},{"id":22839,"url":"https:\/\/gersonguelmann.com.br\/blog\/metodo-judaico-para-passar-o-tempo-no-trem\/","url_meta":{"origin":7911,"position":4},"title":"M\u00e9todo Judaico Para Passar o Tempo no Trem","author":"Gerson Guelmann","date":"5 de maio de 2022","format":false,"excerpt":"Numa longa viagem de trem um passageiro observou com espanto que do outro lado do corredor, um velho que usava o solid\u00e9u caracter\u00edstico dos judeus repetia um mesmo padr\u00e3o: - ele viajava em p\u00e9 boa parte do tempo, murmurando algumas palavras para si mesmo, eventualmente sorrindo e muitas vezes levantando\u2026","rel":"","context":"Em &quot;Sem categoria&quot;","block_context":{"text":"Sem categoria","link":"https:\/\/gersonguelmann.com.br\/blog\/category\/sem-categoria\/"},"img":{"alt_text":"","src":"https:\/\/i0.wp.com\/gersonguelmann.com.br\/blog\/wp-content\/uploads\/2022\/05\/TREM-scaled.jpg?fit=1200%2C800&ssl=1&resize=350%2C200","width":350,"height":200,"srcset":"https:\/\/i0.wp.com\/gersonguelmann.com.br\/blog\/wp-content\/uploads\/2022\/05\/TREM-scaled.jpg?fit=1200%2C800&ssl=1&resize=350%2C200 1x, https:\/\/i0.wp.com\/gersonguelmann.com.br\/blog\/wp-content\/uploads\/2022\/05\/TREM-scaled.jpg?fit=1200%2C800&ssl=1&resize=525%2C300 1.5x, https:\/\/i0.wp.com\/gersonguelmann.com.br\/blog\/wp-content\/uploads\/2022\/05\/TREM-scaled.jpg?fit=1200%2C800&ssl=1&resize=700%2C400 2x, https:\/\/i0.wp.com\/gersonguelmann.com.br\/blog\/wp-content\/uploads\/2022\/05\/TREM-scaled.jpg?fit=1200%2C800&ssl=1&resize=1050%2C600 3x"},"classes":[]},{"id":12623,"url":"https:\/\/gersonguelmann.com.br\/blog\/em-quanto-tempo-voce-montava-o-cubo-magico\/","url_meta":{"origin":7911,"position":5},"title":"Em Quanto Tempo Voc\u00ea Montava o Cubo M\u00e1gico?","author":"Gerson Guelmann","date":"7 de maio de 2018","format":false,"excerpt":"O Cubo M\u00e1gico, ou Cubo de Rubik, nome dado em homenagem ao inventor, foi criado e se popularizou na d\u00e9cada de 70. Foi uma febre que se espalhou por todo o mundo e at\u00e9 hoje \u00e9 objeto de competi\u00e7\u00f5es. Parece que o recorde mundial \u00e9 um pouco menos de 5\".\u2026","rel":"","context":"Em &quot;Sem categoria&quot;","block_context":{"text":"Sem categoria","link":"https:\/\/gersonguelmann.com.br\/blog\/category\/sem-categoria\/"},"img":{"alt_text":"","src":"https:\/\/i0.wp.com\/gersonguelmann.com.br\/blog\/wp-content\/uploads\/2018\/05\/images-2.jpg?resize=350%2C200&ssl=1","width":350,"height":200},"classes":[]}],"jetpack_sharing_enabled":true,"post_mailing_queue_ids":[],"_links":{"self":[{"href":"https:\/\/gersonguelmann.com.br\/blog\/wp-json\/wp\/v2\/posts\/7911","targetHints":{"allow":["GET"]}}],"collection":[{"href":"https:\/\/gersonguelmann.com.br\/blog\/wp-json\/wp\/v2\/posts"}],"about":[{"href":"https:\/\/gersonguelmann.com.br\/blog\/wp-json\/wp\/v2\/types\/post"}],"author":[{"embeddable":true,"href":"https:\/\/gersonguelmann.com.br\/blog\/wp-json\/wp\/v2\/users\/5"}],"replies":[{"embeddable":true,"href":"https:\/\/gersonguelmann.com.br\/blog\/wp-json\/wp\/v2\/comments?post=7911"}],"version-history":[{"count":0,"href":"https:\/\/gersonguelmann.com.br\/blog\/wp-json\/wp\/v2\/posts\/7911\/revisions"}],"wp:featuredmedia":[{"embeddable":true,"href":"https:\/\/gersonguelmann.com.br\/blog\/wp-json\/wp\/v2\/media\/7912"}],"wp:attachment":[{"href":"https:\/\/gersonguelmann.com.br\/blog\/wp-json\/wp\/v2\/media?parent=7911"}],"wp:term":[{"taxonomy":"category","embeddable":true,"href":"https:\/\/gersonguelmann.com.br\/blog\/wp-json\/wp\/v2\/categories?post=7911"},{"taxonomy":"post_tag","embeddable":true,"href":"https:\/\/gersonguelmann.com.br\/blog\/wp-json\/wp\/v2\/tags?post=7911"}],"curies":[{"name":"wp","href":"https:\/\/api.w.org\/{rel}","templated":true}]}}