    {"id":7914,"date":"2018-01-31T18:00:19","date_gmt":"2018-01-31T20:00:19","guid":{"rendered":"https:\/\/gersonguelmann.com.br\/blog\/?p=7914"},"modified":"2018-02-01T13:25:27","modified_gmt":"2018-02-01T15:25:27","slug":"filhos-talentosos-pais-orgulhosos","status":"publish","type":"post","link":"https:\/\/gersonguelmann.com.br\/blog\/filhos-talentosos-pais-orgulhosos\/","title":{"rendered":"Filhos Talentosos, Pais Orgulhosos"},"content":{"rendered":"<p style=\"text-align: center;\"><img data-recalc-dims=\"1\" fetchpriority=\"high\" decoding=\"async\" data-attachment-id=\"7915\" data-permalink=\"https:\/\/gersonguelmann.com.br\/blog\/filhos-talentosos-pais-orgulhosos\/any-guelmann\/\" data-orig-file=\"https:\/\/i0.wp.com\/gersonguelmann.com.br\/blog\/wp-content\/uploads\/2018\/01\/Any-Guelmann.jpg?fit=768%2C768&amp;ssl=1\" data-orig-size=\"768,768\" data-comments-opened=\"1\" data-image-meta=\"{&quot;aperture&quot;:&quot;2.2&quot;,&quot;credit&quot;:&quot;&quot;,&quot;camera&quot;:&quot;iPhone 7&quot;,&quot;caption&quot;:&quot;&quot;,&quot;created_timestamp&quot;:&quot;1507636147&quot;,&quot;copyright&quot;:&quot;&quot;,&quot;focal_length&quot;:&quot;2.87&quot;,&quot;iso&quot;:&quot;250&quot;,&quot;shutter_speed&quot;:&quot;0.025&quot;,&quot;title&quot;:&quot;&quot;,&quot;orientation&quot;:&quot;1&quot;}\" data-image-title=\"Any-Guelmann\" data-image-description=\"\" data-image-caption=\"\" data-medium-file=\"https:\/\/i0.wp.com\/gersonguelmann.com.br\/blog\/wp-content\/uploads\/2018\/01\/Any-Guelmann.jpg?fit=300%2C300&amp;ssl=1\" data-large-file=\"https:\/\/i0.wp.com\/gersonguelmann.com.br\/blog\/wp-content\/uploads\/2018\/01\/Any-Guelmann.jpg?fit=640%2C640&amp;ssl=1\" class=\"alignnone size-medium wp-image-7915\" src=\"https:\/\/i0.wp.com\/gersonguelmann.com.br\/blog\/wp-content\/uploads\/2018\/01\/Any-Guelmann.jpg?resize=300%2C300&#038;ssl=1\" alt=\"\" width=\"300\" height=\"300\" srcset=\"https:\/\/i0.wp.com\/gersonguelmann.com.br\/blog\/wp-content\/uploads\/2018\/01\/Any-Guelmann.jpg?resize=300%2C300&amp;ssl=1 300w, https:\/\/i0.wp.com\/gersonguelmann.com.br\/blog\/wp-content\/uploads\/2018\/01\/Any-Guelmann.jpg?resize=150%2C150&amp;ssl=1 150w, https:\/\/i0.wp.com\/gersonguelmann.com.br\/blog\/wp-content\/uploads\/2018\/01\/Any-Guelmann.jpg?w=768&amp;ssl=1 768w, https:\/\/i0.wp.com\/gersonguelmann.com.br\/blog\/wp-content\/uploads\/2018\/01\/Any-Guelmann.jpg?resize=70%2C70&amp;ssl=1 70w, https:\/\/i0.wp.com\/gersonguelmann.com.br\/blog\/wp-content\/uploads\/2018\/01\/Any-Guelmann.jpg?resize=127%2C127&amp;ssl=1 127w, https:\/\/i0.wp.com\/gersonguelmann.com.br\/blog\/wp-content\/uploads\/2018\/01\/Any-Guelmann.jpg?resize=476%2C476&amp;ssl=1 476w, https:\/\/i0.wp.com\/gersonguelmann.com.br\/blog\/wp-content\/uploads\/2018\/01\/Any-Guelmann.jpg?resize=125%2C125&amp;ssl=1 125w\" sizes=\"(max-width: 300px) 100vw, 300px\" \/><\/p>\n<p><span style=\"font-family: verdana, geneva, sans-serif; font-size: 14pt; color: #000000;\">Tenho um enorme orgulho de meus seis filhos, os quatro naturais e os dois que ganhei no 2\u00b0 casamento.<\/span><\/p>\n<p><span style=\"font-family: verdana, geneva, sans-serif; font-size: 14pt; color: #000000;\">Eles s\u00e3o diferentes entre si (felizmente), mas s\u00e3o iguais em muitas coisas (felizmente, tamb\u00e9m).<\/span><\/p>\n<p><span style=\"font-family: verdana, geneva, sans-serif; font-size: 14pt; color: #000000;\">Uma das coisas em comum \u00e9 a obstina\u00e7\u00e3o com que se atiram naquilo que querem fazer. Isso \u00e9 mais evidente nos mais velhos, por uma raz\u00e3o natural.<\/span><\/p>\n<p><span style=\"font-family: verdana, geneva, sans-serif; font-size: 14pt; color: #000000;\">A mais velha, Any, que mora em Seattle, tem a veia art\u00edstica que herdou da m\u00e3e e da av\u00f3. <\/span><\/p>\n<p><span style=\"font-family: verdana, geneva, sans-serif; font-size: 14pt; color: #000000;\">Ela foi entrevistada pelo The Potters Cast, o maior podcast para a comunidade de Ceramistas, com milhares de assinantes.\u00a0Ele \u00e9 voltado para a profissionaliza\u00e7\u00e3o, assim como um guia sobre os caminhos que os iniciantes devem seguir para tornarem-se artistas profissionais. <\/span><\/p>\n<p><span style=\"font-family: verdana, geneva, sans-serif; font-size: 14pt; color: #000000;\">Nesse podcast a Any falou especificamente sobre o Etsy, empresa na qual trabalhou durante sete anos, detalhando a experi\u00eancia dentro da companhia. <\/span><\/p>\n<p><span style=\"font-family: verdana, geneva, sans-serif; font-size: 14pt; color: #000000;\">Ela conversou tamb\u00e9m sobre a mudan\u00e7a para Seattle depois de quase 10 anos em Nova York e a atividade como ceramista em tempo integral.<\/span><\/p>\n<p><span style=\"font-family: verdana, geneva, sans-serif; font-size: 14pt; color: #000000;\">O podcast \u00e9 longo e muito t\u00e9cnico, mas o pai coruja recomenda que escutem o in\u00edcio e o final.\u00a0<\/span><span style=\"font-family: verdana, geneva, sans-serif; font-size: 14pt; color: #000000;\">E depois visitem o site ou conhe\u00e7am o perfil dela no Instagram. <\/span><\/p>\n<p><span style=\"font-family: verdana, geneva, sans-serif; font-size: 14pt; color: #000000;\">Todos os links est\u00e3o abaixo.<\/span><\/p>\n<p><span style=\"font-family: verdana, geneva, sans-serif; font-size: 14pt;\"><span style=\"color: #000000;\">Para ouvir o podcast,<\/span><span style=\"color: #0000ff;\"> <strong><a style=\"color: #0000ff;\" href=\"http:\/\/thepotterscast.com\/392\">clique aqui<\/a><\/strong><\/span>;<\/span><\/p>\n<p><span style=\"font-family: verdana, geneva, sans-serif; font-size: 14pt;\"><span style=\"color: #000000;\">Para acessar o site,<\/span> <span style=\"color: #0000ff;\"><strong><a style=\"color: #0000ff;\" href=\"http:\/\/www.guelmann.com\">clique aqui<\/a><\/strong><\/span>; <span style=\"color: #000000;\">e<\/span><\/span><\/p>\n<p><span style=\"font-family: verdana, geneva, sans-serif; font-size: 14pt;\"><span style=\"color: #000000;\">Para ver o Instagram,<\/span> <strong><a href=\"http:\/\/Instagram.com\/anyguelmann\">clique aqui<\/a><\/strong>.\u00a0<\/span><\/p>\n<p style=\"text-align: center;\"><img data-recalc-dims=\"1\" decoding=\"async\" data-attachment-id=\"7916\" data-permalink=\"https:\/\/gersonguelmann.com.br\/blog\/filhos-talentosos-pais-orgulhosos\/chaleira\/\" data-orig-file=\"https:\/\/i0.wp.com\/gersonguelmann.com.br\/blog\/wp-content\/uploads\/2018\/01\/Chaleira.jpg?fit=750%2C750&amp;ssl=1\" data-orig-size=\"750,750\" data-comments-opened=\"1\" data-image-meta=\"{&quot;aperture&quot;:&quot;0&quot;,&quot;credit&quot;:&quot;&quot;,&quot;camera&quot;:&quot;&quot;,&quot;caption&quot;:&quot;&quot;,&quot;created_timestamp&quot;:&quot;1513365729&quot;,&quot;copyright&quot;:&quot;&quot;,&quot;focal_length&quot;:&quot;0&quot;,&quot;iso&quot;:&quot;0&quot;,&quot;shutter_speed&quot;:&quot;0&quot;,&quot;title&quot;:&quot;&quot;,&quot;orientation&quot;:&quot;0&quot;}\" data-image-title=\"Chaleira\" data-image-description=\"\" data-image-caption=\"\" data-medium-file=\"https:\/\/i0.wp.com\/gersonguelmann.com.br\/blog\/wp-content\/uploads\/2018\/01\/Chaleira.jpg?fit=300%2C300&amp;ssl=1\" data-large-file=\"https:\/\/i0.wp.com\/gersonguelmann.com.br\/blog\/wp-content\/uploads\/2018\/01\/Chaleira.jpg?fit=640%2C640&amp;ssl=1\" class=\"alignnone size-medium wp-image-7916\" src=\"https:\/\/i0.wp.com\/gersonguelmann.com.br\/blog\/wp-content\/uploads\/2018\/01\/Chaleira.jpg?resize=300%2C300&#038;ssl=1\" alt=\"\" width=\"300\" height=\"300\" srcset=\"https:\/\/i0.wp.com\/gersonguelmann.com.br\/blog\/wp-content\/uploads\/2018\/01\/Chaleira.jpg?resize=300%2C300&amp;ssl=1 300w, https:\/\/i0.wp.com\/gersonguelmann.com.br\/blog\/wp-content\/uploads\/2018\/01\/Chaleira.jpg?resize=150%2C150&amp;ssl=1 150w, https:\/\/i0.wp.com\/gersonguelmann.com.br\/blog\/wp-content\/uploads\/2018\/01\/Chaleira.jpg?resize=70%2C70&amp;ssl=1 70w, https:\/\/i0.wp.com\/gersonguelmann.com.br\/blog\/wp-content\/uploads\/2018\/01\/Chaleira.jpg?resize=127%2C127&amp;ssl=1 127w, https:\/\/i0.wp.com\/gersonguelmann.com.br\/blog\/wp-content\/uploads\/2018\/01\/Chaleira.jpg?resize=476%2C476&amp;ssl=1 476w, https:\/\/i0.wp.com\/gersonguelmann.com.br\/blog\/wp-content\/uploads\/2018\/01\/Chaleira.jpg?resize=125%2C125&amp;ssl=1 125w, https:\/\/i0.wp.com\/gersonguelmann.com.br\/blog\/wp-content\/uploads\/2018\/01\/Chaleira.jpg?w=750&amp;ssl=1 750w\" sizes=\"(max-width: 300px) 100vw, 300px\" \/><\/p>\n<p>&nbsp;<\/p>\n<p>&nbsp;<\/p>\n<p>&nbsp;<\/p>\n","protected":false},"excerpt":{"rendered":"<p>Tenho um enorme orgulho de meus seis filhos, os quatro naturais e os dois que ganhei no 2\u00b0 casamento. Eles s\u00e3o diferentes entre si (felizmente), mas s\u00e3o iguais em muitas coisas (felizmente, tamb\u00e9m). Uma das coisas em comum \u00e9 a obstina\u00e7\u00e3o com que se atiram naquilo que querem fazer. Isso \u00e9 mais evidente nos mais [&hellip;]<\/p>\n","protected":false},"author":5,"featured_media":7915,"comment_status":"open","ping_status":"open","sticky":false,"template":"","format":"standard","meta":{"_acf_changed":false,"jetpack_post_was_ever_published":false,"_jetpack_newsletter_access":"","_jetpack_dont_email_post_to_subs":false,"_jetpack_newsletter_tier_id":0,"_jetpack_memberships_contains_paywalled_content":false,"_jetpack_memberships_contains_paid_content":false,"footnotes":"","jetpack_publicize_message":"","jetpack_publicize_feature_enabled":true,"jetpack_social_post_already_shared":true,"jetpack_social_options":{"image_generator_settings":{"template":"highway","default_image_id":0,"font":"","enabled":false},"version":2}},"categories":[1],"tags":[],"class_list":["post-7914","post","type-post","status-publish","format-standard","has-post-thumbnail","hentry","category-sem-categoria"],"acf":[],"yoast_head":"<!-- This site is optimized with the Yoast SEO plugin v27.3 - https:\/\/yoast.com\/product\/yoast-seo-wordpress\/ -->\n<title>Filhos Talentosos, Pais Orgulhosos | Blog do Guelmann<\/title>\n<meta name=\"robots\" content=\"index, follow, max-snippet:-1, max-image-preview:large, max-video-preview:-1\" \/>\n<link rel=\"canonical\" href=\"https:\/\/gersonguelmann.com.br\/blog\/filhos-talentosos-pais-orgulhosos\/\" \/>\n<meta property=\"og:locale\" content=\"pt_BR\" \/>\n<meta property=\"og:type\" content=\"article\" \/>\n<meta property=\"og:title\" content=\"Filhos Talentosos, Pais Orgulhosos | Blog do Guelmann\" \/>\n<meta property=\"og:description\" content=\"Tenho um enorme orgulho de meus seis filhos, os quatro naturais e os dois que ganhei no 2\u00b0 casamento. Eles s\u00e3o diferentes entre si (felizmente), mas s\u00e3o iguais em muitas coisas (felizmente, tamb\u00e9m). Uma das coisas em comum \u00e9 a obstina\u00e7\u00e3o com que se atiram naquilo que querem fazer. Isso \u00e9 mais evidente nos mais [&hellip;]\" \/>\n<meta property=\"og:url\" content=\"https:\/\/gersonguelmann.com.br\/blog\/filhos-talentosos-pais-orgulhosos\/\" \/>\n<meta property=\"og:site_name\" content=\"Blog do Guelmann\" \/>\n<meta property=\"article:published_time\" content=\"2018-01-31T20:00:19+00:00\" \/>\n<meta property=\"article:modified_time\" content=\"2018-02-01T15:25:27+00:00\" \/>\n<meta property=\"og:image\" content=\"https:\/\/i0.wp.com\/gersonguelmann.com.br\/blog\/wp-content\/uploads\/2018\/01\/Any-Guelmann.jpg?fit=768%2C768&ssl=1\" \/>\n\t<meta property=\"og:image:width\" content=\"768\" \/>\n\t<meta property=\"og:image:height\" content=\"768\" \/>\n\t<meta property=\"og:image:type\" content=\"image\/jpeg\" \/>\n<meta name=\"author\" content=\"Gerson Guelmann\" \/>\n<meta name=\"twitter:card\" content=\"summary_large_image\" \/>\n<meta name=\"twitter:label1\" content=\"Escrito por\" \/>\n\t<meta name=\"twitter:data1\" content=\"Gerson Guelmann\" \/>\n\t<meta name=\"twitter:label2\" content=\"Est. tempo de leitura\" \/>\n\t<meta name=\"twitter:data2\" content=\"1 minuto\" \/>\n<script type=\"application\/ld+json\" class=\"yoast-schema-graph\">{\"@context\":\"https:\\\/\\\/schema.org\",\"@graph\":[{\"@type\":\"Article\",\"@id\":\"https:\\\/\\\/gersonguelmann.com.br\\\/blog\\\/filhos-talentosos-pais-orgulhosos\\\/#article\",\"isPartOf\":{\"@id\":\"https:\\\/\\\/gersonguelmann.com.br\\\/blog\\\/filhos-talentosos-pais-orgulhosos\\\/\"},\"author\":{\"name\":\"Gerson Guelmann\",\"@id\":\"https:\\\/\\\/gersonguelmann.com.br\\\/blog\\\/#\\\/schema\\\/person\\\/87e70e2a786888082f941a482c90569e\"},\"headline\":\"Filhos Talentosos, Pais Orgulhosos\",\"datePublished\":\"2018-01-31T20:00:19+00:00\",\"dateModified\":\"2018-02-01T15:25:27+00:00\",\"mainEntityOfPage\":{\"@id\":\"https:\\\/\\\/gersonguelmann.com.br\\\/blog\\\/filhos-talentosos-pais-orgulhosos\\\/\"},\"wordCount\":237,\"commentCount\":0,\"image\":{\"@id\":\"https:\\\/\\\/gersonguelmann.com.br\\\/blog\\\/filhos-talentosos-pais-orgulhosos\\\/#primaryimage\"},\"thumbnailUrl\":\"https:\\\/\\\/i0.wp.com\\\/gersonguelmann.com.br\\\/blog\\\/wp-content\\\/uploads\\\/2018\\\/01\\\/Any-Guelmann.jpg?fit=768%2C768&ssl=1\",\"inLanguage\":\"pt-BR\",\"potentialAction\":[{\"@type\":\"CommentAction\",\"name\":\"Comment\",\"target\":[\"https:\\\/\\\/gersonguelmann.com.br\\\/blog\\\/filhos-talentosos-pais-orgulhosos\\\/#respond\"]}]},{\"@type\":\"WebPage\",\"@id\":\"https:\\\/\\\/gersonguelmann.com.br\\\/blog\\\/filhos-talentosos-pais-orgulhosos\\\/\",\"url\":\"https:\\\/\\\/gersonguelmann.com.br\\\/blog\\\/filhos-talentosos-pais-orgulhosos\\\/\",\"name\":\"Filhos Talentosos, Pais Orgulhosos | Blog do Guelmann\",\"isPartOf\":{\"@id\":\"https:\\\/\\\/gersonguelmann.com.br\\\/blog\\\/#website\"},\"primaryImageOfPage\":{\"@id\":\"https:\\\/\\\/gersonguelmann.com.br\\\/blog\\\/filhos-talentosos-pais-orgulhosos\\\/#primaryimage\"},\"image\":{\"@id\":\"https:\\\/\\\/gersonguelmann.com.br\\\/blog\\\/filhos-talentosos-pais-orgulhosos\\\/#primaryimage\"},\"thumbnailUrl\":\"https:\\\/\\\/i0.wp.com\\\/gersonguelmann.com.br\\\/blog\\\/wp-content\\\/uploads\\\/2018\\\/01\\\/Any-Guelmann.jpg?fit=768%2C768&ssl=1\",\"datePublished\":\"2018-01-31T20:00:19+00:00\",\"dateModified\":\"2018-02-01T15:25:27+00:00\",\"author\":{\"@id\":\"https:\\\/\\\/gersonguelmann.com.br\\\/blog\\\/#\\\/schema\\\/person\\\/87e70e2a786888082f941a482c90569e\"},\"inLanguage\":\"pt-BR\",\"potentialAction\":[{\"@type\":\"ReadAction\",\"target\":[\"https:\\\/\\\/gersonguelmann.com.br\\\/blog\\\/filhos-talentosos-pais-orgulhosos\\\/\"]}]},{\"@type\":\"ImageObject\",\"inLanguage\":\"pt-BR\",\"@id\":\"https:\\\/\\\/gersonguelmann.com.br\\\/blog\\\/filhos-talentosos-pais-orgulhosos\\\/#primaryimage\",\"url\":\"https:\\\/\\\/i0.wp.com\\\/gersonguelmann.com.br\\\/blog\\\/wp-content\\\/uploads\\\/2018\\\/01\\\/Any-Guelmann.jpg?fit=768%2C768&ssl=1\",\"contentUrl\":\"https:\\\/\\\/i0.wp.com\\\/gersonguelmann.com.br\\\/blog\\\/wp-content\\\/uploads\\\/2018\\\/01\\\/Any-Guelmann.jpg?fit=768%2C768&ssl=1\",\"width\":768,\"height\":768},{\"@type\":\"WebSite\",\"@id\":\"https:\\\/\\\/gersonguelmann.com.br\\\/blog\\\/#website\",\"url\":\"https:\\\/\\\/gersonguelmann.com.br\\\/blog\\\/\",\"name\":\"Blog do Guelmann\",\"description\":\"Pitadas da sabedoria e do humor judaicos, assuntos do momento e um pouco das hist\u00f3rias que vivi e testemunhei.\",\"potentialAction\":[{\"@type\":\"SearchAction\",\"target\":{\"@type\":\"EntryPoint\",\"urlTemplate\":\"https:\\\/\\\/gersonguelmann.com.br\\\/blog\\\/?s={search_term_string}\"},\"query-input\":{\"@type\":\"PropertyValueSpecification\",\"valueRequired\":true,\"valueName\":\"search_term_string\"}}],\"inLanguage\":\"pt-BR\"},{\"@type\":\"Person\",\"@id\":\"https:\\\/\\\/gersonguelmann.com.br\\\/blog\\\/#\\\/schema\\\/person\\\/87e70e2a786888082f941a482c90569e\",\"name\":\"Gerson Guelmann\",\"image\":{\"@type\":\"ImageObject\",\"inLanguage\":\"pt-BR\",\"@id\":\"https:\\\/\\\/i0.wp.com\\\/gersonguelmann.com.br\\\/blog\\\/wp-content\\\/uploads\\\/2021\\\/08\\\/BLOG.jpeg?fit=96%2C96&ssl=1\",\"url\":\"https:\\\/\\\/i0.wp.com\\\/gersonguelmann.com.br\\\/blog\\\/wp-content\\\/uploads\\\/2021\\\/08\\\/BLOG.jpeg?fit=96%2C96&ssl=1\",\"contentUrl\":\"https:\\\/\\\/i0.wp.com\\\/gersonguelmann.com.br\\\/blog\\\/wp-content\\\/uploads\\\/2021\\\/08\\\/BLOG.jpeg?fit=96%2C96&ssl=1\",\"caption\":\"Gerson Guelmann\"},\"description\":\"Pitadas da sabedoria e do humor judaicos, assuntos do momento e um pouco das hist\u00f3rias que vivi e testemunhei.\"}]}<\/script>\n<!-- \/ Yoast SEO plugin. -->","yoast_head_json":{"title":"Filhos Talentosos, Pais Orgulhosos | Blog do Guelmann","robots":{"index":"index","follow":"follow","max-snippet":"max-snippet:-1","max-image-preview":"max-image-preview:large","max-video-preview":"max-video-preview:-1"},"canonical":"https:\/\/gersonguelmann.com.br\/blog\/filhos-talentosos-pais-orgulhosos\/","og_locale":"pt_BR","og_type":"article","og_title":"Filhos Talentosos, Pais Orgulhosos | Blog do Guelmann","og_description":"Tenho um enorme orgulho de meus seis filhos, os quatro naturais e os dois que ganhei no 2\u00b0 casamento. Eles s\u00e3o diferentes entre si (felizmente), mas s\u00e3o iguais em muitas coisas (felizmente, tamb\u00e9m). Uma das coisas em comum \u00e9 a obstina\u00e7\u00e3o com que se atiram naquilo que querem fazer. Isso \u00e9 mais evidente nos mais [&hellip;]","og_url":"https:\/\/gersonguelmann.com.br\/blog\/filhos-talentosos-pais-orgulhosos\/","og_site_name":"Blog do Guelmann","article_published_time":"2018-01-31T20:00:19+00:00","article_modified_time":"2018-02-01T15:25:27+00:00","og_image":[{"width":768,"height":768,"url":"https:\/\/i0.wp.com\/gersonguelmann.com.br\/blog\/wp-content\/uploads\/2018\/01\/Any-Guelmann.jpg?fit=768%2C768&ssl=1","type":"image\/jpeg"}],"author":"Gerson Guelmann","twitter_card":"summary_large_image","twitter_misc":{"Escrito por":"Gerson Guelmann","Est. tempo de leitura":"1 minuto"},"schema":{"@context":"https:\/\/schema.org","@graph":[{"@type":"Article","@id":"https:\/\/gersonguelmann.com.br\/blog\/filhos-talentosos-pais-orgulhosos\/#article","isPartOf":{"@id":"https:\/\/gersonguelmann.com.br\/blog\/filhos-talentosos-pais-orgulhosos\/"},"author":{"name":"Gerson Guelmann","@id":"https:\/\/gersonguelmann.com.br\/blog\/#\/schema\/person\/87e70e2a786888082f941a482c90569e"},"headline":"Filhos Talentosos, Pais Orgulhosos","datePublished":"2018-01-31T20:00:19+00:00","dateModified":"2018-02-01T15:25:27+00:00","mainEntityOfPage":{"@id":"https:\/\/gersonguelmann.com.br\/blog\/filhos-talentosos-pais-orgulhosos\/"},"wordCount":237,"commentCount":0,"image":{"@id":"https:\/\/gersonguelmann.com.br\/blog\/filhos-talentosos-pais-orgulhosos\/#primaryimage"},"thumbnailUrl":"https:\/\/i0.wp.com\/gersonguelmann.com.br\/blog\/wp-content\/uploads\/2018\/01\/Any-Guelmann.jpg?fit=768%2C768&ssl=1","inLanguage":"pt-BR","potentialAction":[{"@type":"CommentAction","name":"Comment","target":["https:\/\/gersonguelmann.com.br\/blog\/filhos-talentosos-pais-orgulhosos\/#respond"]}]},{"@type":"WebPage","@id":"https:\/\/gersonguelmann.com.br\/blog\/filhos-talentosos-pais-orgulhosos\/","url":"https:\/\/gersonguelmann.com.br\/blog\/filhos-talentosos-pais-orgulhosos\/","name":"Filhos Talentosos, Pais Orgulhosos | Blog do Guelmann","isPartOf":{"@id":"https:\/\/gersonguelmann.com.br\/blog\/#website"},"primaryImageOfPage":{"@id":"https:\/\/gersonguelmann.com.br\/blog\/filhos-talentosos-pais-orgulhosos\/#primaryimage"},"image":{"@id":"https:\/\/gersonguelmann.com.br\/blog\/filhos-talentosos-pais-orgulhosos\/#primaryimage"},"thumbnailUrl":"https:\/\/i0.wp.com\/gersonguelmann.com.br\/blog\/wp-content\/uploads\/2018\/01\/Any-Guelmann.jpg?fit=768%2C768&ssl=1","datePublished":"2018-01-31T20:00:19+00:00","dateModified":"2018-02-01T15:25:27+00:00","author":{"@id":"https:\/\/gersonguelmann.com.br\/blog\/#\/schema\/person\/87e70e2a786888082f941a482c90569e"},"inLanguage":"pt-BR","potentialAction":[{"@type":"ReadAction","target":["https:\/\/gersonguelmann.com.br\/blog\/filhos-talentosos-pais-orgulhosos\/"]}]},{"@type":"ImageObject","inLanguage":"pt-BR","@id":"https:\/\/gersonguelmann.com.br\/blog\/filhos-talentosos-pais-orgulhosos\/#primaryimage","url":"https:\/\/i0.wp.com\/gersonguelmann.com.br\/blog\/wp-content\/uploads\/2018\/01\/Any-Guelmann.jpg?fit=768%2C768&ssl=1","contentUrl":"https:\/\/i0.wp.com\/gersonguelmann.com.br\/blog\/wp-content\/uploads\/2018\/01\/Any-Guelmann.jpg?fit=768%2C768&ssl=1","width":768,"height":768},{"@type":"WebSite","@id":"https:\/\/gersonguelmann.com.br\/blog\/#website","url":"https:\/\/gersonguelmann.com.br\/blog\/","name":"Blog do Guelmann","description":"Pitadas da sabedoria e do humor judaicos, assuntos do momento e um pouco das hist\u00f3rias que vivi e testemunhei.","potentialAction":[{"@type":"SearchAction","target":{"@type":"EntryPoint","urlTemplate":"https:\/\/gersonguelmann.com.br\/blog\/?s={search_term_string}"},"query-input":{"@type":"PropertyValueSpecification","valueRequired":true,"valueName":"search_term_string"}}],"inLanguage":"pt-BR"},{"@type":"Person","@id":"https:\/\/gersonguelmann.com.br\/blog\/#\/schema\/person\/87e70e2a786888082f941a482c90569e","name":"Gerson Guelmann","image":{"@type":"ImageObject","inLanguage":"pt-BR","@id":"https:\/\/i0.wp.com\/gersonguelmann.com.br\/blog\/wp-content\/uploads\/2021\/08\/BLOG.jpeg?fit=96%2C96&ssl=1","url":"https:\/\/i0.wp.com\/gersonguelmann.com.br\/blog\/wp-content\/uploads\/2021\/08\/BLOG.jpeg?fit=96%2C96&ssl=1","contentUrl":"https:\/\/i0.wp.com\/gersonguelmann.com.br\/blog\/wp-content\/uploads\/2021\/08\/BLOG.jpeg?fit=96%2C96&ssl=1","caption":"Gerson Guelmann"},"description":"Pitadas da sabedoria e do humor judaicos, assuntos do momento e um pouco das hist\u00f3rias que vivi e testemunhei."}]}},"views":93,"jetpack_publicize_connections":[],"jetpack_featured_media_url":"https:\/\/i0.wp.com\/gersonguelmann.com.br\/blog\/wp-content\/uploads\/2018\/01\/Any-Guelmann.jpg?fit=768%2C768&ssl=1","jetpack_shortlink":"https:\/\/wp.me\/p96e7O-23E","jetpack-related-posts":[{"id":13088,"url":"https:\/\/gersonguelmann.com.br\/blog\/outra-da-filha-que-felizmente-nao-puxou-por-mim\/","url_meta":{"origin":7914,"position":0},"title":"Outra da Filha Que Felizmente N\u00e3o Puxou Por Mim","author":"Gerson Guelmann","date":"19 de maio de 2018","format":false,"excerpt":"J\u00e1 falei aqui sobre minha filha mais velha, a Any, que mora em Seattle, nos Estados Unidos.\u00a0J\u00e1 disse tamb\u00e9m que ela vem de uma linhagem de mulheres com voca\u00e7\u00e3o art\u00edstica, pelo lado materno. A Any est\u00e1 se dedicando profissionalmente \u00e0 uma antiga paix\u00e3o, a Cer\u00e2mica. Mod\u00e9stia n\u00e3o existe quando a\u2026","rel":"","context":"Em &quot;Sem categoria&quot;","block_context":{"text":"Sem categoria","link":"https:\/\/gersonguelmann.com.br\/blog\/category\/sem-categoria\/"},"img":{"alt_text":"","src":"https:\/\/i0.wp.com\/gersonguelmann.com.br\/blog\/wp-content\/uploads\/2018\/05\/Any1.jpg?fit=1196%2C1200&ssl=1&resize=350%2C200","width":350,"height":200,"srcset":"https:\/\/i0.wp.com\/gersonguelmann.com.br\/blog\/wp-content\/uploads\/2018\/05\/Any1.jpg?fit=1196%2C1200&ssl=1&resize=350%2C200 1x, https:\/\/i0.wp.com\/gersonguelmann.com.br\/blog\/wp-content\/uploads\/2018\/05\/Any1.jpg?fit=1196%2C1200&ssl=1&resize=525%2C300 1.5x, https:\/\/i0.wp.com\/gersonguelmann.com.br\/blog\/wp-content\/uploads\/2018\/05\/Any1.jpg?fit=1196%2C1200&ssl=1&resize=700%2C400 2x, https:\/\/i0.wp.com\/gersonguelmann.com.br\/blog\/wp-content\/uploads\/2018\/05\/Any1.jpg?fit=1196%2C1200&ssl=1&resize=1050%2C600 3x"},"classes":[]},{"id":1544,"url":"https:\/\/gersonguelmann.com.br\/blog\/mulheres-judias-e-homens-judeus-segundo-elas\/","url_meta":{"origin":7914,"position":1},"title":"Mulheres Judias e Homens Judeus (Segundo Elas)","author":"Gerson Guelmann","date":"11 de janeiro de 2023","format":false,"excerpt":"Mulheres judias carregam as crian\u00e7as, carregam dificuldades, carregam m\u00e1goas, mas t\u00eam felicidade, amor e alegria. Elas sorriem quando na realidade gostariam de gritar, cantam quando querem chorar, choram quando est\u00e3o felizes e riem quando est\u00e3o nervosas. Elas esperam ansiosas uma amiga telefonar para dizer que chegou em casa em seguran\u00e7a\u2026","rel":"","context":"Em &quot;Sem categoria&quot;","block_context":{"text":"Sem categoria","link":"https:\/\/gersonguelmann.com.br\/blog\/category\/sem-categoria\/"},"img":{"alt_text":"","src":"https:\/\/i0.wp.com\/gersonguelmann.com.br\/blog\/wp-content\/uploads\/2017\/09\/Homem-e-mulher.jpg?fit=750%2C500&ssl=1&resize=350%2C200","width":350,"height":200,"srcset":"https:\/\/i0.wp.com\/gersonguelmann.com.br\/blog\/wp-content\/uploads\/2017\/09\/Homem-e-mulher.jpg?fit=750%2C500&ssl=1&resize=350%2C200 1x, https:\/\/i0.wp.com\/gersonguelmann.com.br\/blog\/wp-content\/uploads\/2017\/09\/Homem-e-mulher.jpg?fit=750%2C500&ssl=1&resize=525%2C300 1.5x, https:\/\/i0.wp.com\/gersonguelmann.com.br\/blog\/wp-content\/uploads\/2017\/09\/Homem-e-mulher.jpg?fit=750%2C500&ssl=1&resize=700%2C400 2x"},"classes":[]},{"id":10032,"url":"https:\/\/gersonguelmann.com.br\/blog\/os-maiores-arrependimentos-da-vida\/","url_meta":{"origin":7914,"position":2},"title":"Os Maiores Arrependimentos da Vida","author":"Gerson Guelmann","date":"2 de setembro de 2024","format":false,"excerpt":"Nas minhas andan\u00e7as pela Internet encontrei algo que me pareceu extremamente interessante e tem tudo a ver com o fato de que, com a ajuda de D'us, em 67 dias chegarei aos 77 anos. Mas ainda que o t\u00edtulo induza a pensar que o assunto \u00e9 mais apropriado aos idosos,\u2026","rel":"","context":"Em &quot;Sem categoria&quot;","block_context":{"text":"Sem categoria","link":"https:\/\/gersonguelmann.com.br\/blog\/category\/sem-categoria\/"},"img":{"alt_text":"","src":"https:\/\/i0.wp.com\/gersonguelmann.com.br\/blog\/wp-content\/uploads\/2024\/09\/HojePR-scaled.jpg?fit=800%2C1200&ssl=1&resize=350%2C200","width":350,"height":200,"srcset":"https:\/\/i0.wp.com\/gersonguelmann.com.br\/blog\/wp-content\/uploads\/2024\/09\/HojePR-scaled.jpg?fit=800%2C1200&ssl=1&resize=350%2C200 1x, https:\/\/i0.wp.com\/gersonguelmann.com.br\/blog\/wp-content\/uploads\/2024\/09\/HojePR-scaled.jpg?fit=800%2C1200&ssl=1&resize=525%2C300 1.5x, https:\/\/i0.wp.com\/gersonguelmann.com.br\/blog\/wp-content\/uploads\/2024\/09\/HojePR-scaled.jpg?fit=800%2C1200&ssl=1&resize=700%2C400 2x"},"classes":[]},{"id":18137,"url":"https:\/\/gersonguelmann.com.br\/blog\/para-todas-as-avos-e-avos\/","url_meta":{"origin":7914,"position":3},"title":"Para Todas as Av\u00f3s e Av\u00f4s","author":"Gerson Guelmann","date":"26 de agosto de 2019","format":false,"excerpt":"Texto do Dr. Enrique Orschanski, Pediatra especialista em Neonatologia, Professor e Escritor argentino: \"Nos \u00faltimos 50 anos, nosso estilo de vida familiar mudou drasticamente como resultado de um novo sistema de produ\u00e7\u00e3o. A inclus\u00e3o das mulheres no circuito de trabalho levou ambos os pais a sair de casa por longos\u2026","rel":"","context":"Em &quot;Sem categoria&quot;","block_context":{"text":"Sem categoria","link":"https:\/\/gersonguelmann.com.br\/blog\/category\/sem-categoria\/"},"img":{"alt_text":"","src":"https:\/\/i0.wp.com\/gersonguelmann.com.br\/blog\/wp-content\/uploads\/2019\/08\/Av%C3%B3s.jpg?fit=960%2C640&ssl=1&resize=350%2C200","width":350,"height":200,"srcset":"https:\/\/i0.wp.com\/gersonguelmann.com.br\/blog\/wp-content\/uploads\/2019\/08\/Av%C3%B3s.jpg?fit=960%2C640&ssl=1&resize=350%2C200 1x, https:\/\/i0.wp.com\/gersonguelmann.com.br\/blog\/wp-content\/uploads\/2019\/08\/Av%C3%B3s.jpg?fit=960%2C640&ssl=1&resize=525%2C300 1.5x, https:\/\/i0.wp.com\/gersonguelmann.com.br\/blog\/wp-content\/uploads\/2019\/08\/Av%C3%B3s.jpg?fit=960%2C640&ssl=1&resize=700%2C400 2x"},"classes":[]},{"id":21847,"url":"https:\/\/gersonguelmann.com.br\/blog\/os-maiores-arrependimentos-da-vida-13-e-14\/","url_meta":{"origin":7914,"position":4},"title":"Os Maiores Arrependimentos da Vida &#8211; 13 e 14","author":"Gerson Guelmann","date":"24 de mar\u00e7o de 2021","format":false,"excerpt":"Vamos l\u00e1? Ap\u00f3s a interrup\u00e7\u00e3o de ontem, mais dois t\u00f3picos da s\u00e9rie: 13. Ter ensinado meus filhos a fazer mais coisas. As crian\u00e7as amam seus pais e adoram fazer coisas com eles. E n\u00e3o precisa ser um per\u00edodo de f\u00e9rias no Four Seasons. Pode ser varrer as folhas, aprender a\u2026","rel":"","context":"Em &quot;Sem categoria&quot;","block_context":{"text":"Sem categoria","link":"https:\/\/gersonguelmann.com.br\/blog\/category\/sem-categoria\/"},"img":{"alt_text":"","src":"https:\/\/i0.wp.com\/gersonguelmann.com.br\/blog\/wp-content\/uploads\/2021\/03\/grave-15623_1920.jpg?fit=1200%2C805&ssl=1&resize=350%2C200","width":350,"height":200,"srcset":"https:\/\/i0.wp.com\/gersonguelmann.com.br\/blog\/wp-content\/uploads\/2021\/03\/grave-15623_1920.jpg?fit=1200%2C805&ssl=1&resize=350%2C200 1x, https:\/\/i0.wp.com\/gersonguelmann.com.br\/blog\/wp-content\/uploads\/2021\/03\/grave-15623_1920.jpg?fit=1200%2C805&ssl=1&resize=525%2C300 1.5x, https:\/\/i0.wp.com\/gersonguelmann.com.br\/blog\/wp-content\/uploads\/2021\/03\/grave-15623_1920.jpg?fit=1200%2C805&ssl=1&resize=700%2C400 2x, https:\/\/i0.wp.com\/gersonguelmann.com.br\/blog\/wp-content\/uploads\/2021\/03\/grave-15623_1920.jpg?fit=1200%2C805&ssl=1&resize=1050%2C600 3x"},"classes":[]},{"id":16155,"url":"https:\/\/gersonguelmann.com.br\/blog\/os-filhos-perdidos-nos-quartos\/","url_meta":{"origin":7914,"position":5},"title":"Os Filhos Perdidos nos Quartos&#8230;","author":"Gerson Guelmann","date":"15 de mar\u00e7o de 2019","format":false,"excerpt":"Cassiana Tardivo \u00e9 uma Psicopedagoga paulista que atua h\u00e1 mais de 20 anos em Educa\u00e7\u00e3o, trabalhando especialmente em orienta\u00e7\u00e3o educacional \u00e0 crian\u00e7as, adolescentes e pais. Ela mant\u00e9m um Blog, onde em 2016 publicou um artigo que interessa a todos que t\u00eam filhos pequenos e adolescentes. O texto foi largamente difundido\u2026","rel":"","context":"Em &quot;Sem categoria&quot;","block_context":{"text":"Sem categoria","link":"https:\/\/gersonguelmann.com.br\/blog\/category\/sem-categoria\/"},"img":{"alt_text":"","src":"https:\/\/i0.wp.com\/gersonguelmann.com.br\/blog\/wp-content\/uploads\/2019\/03\/Child.jpg?fit=960%2C682&ssl=1&resize=350%2C200","width":350,"height":200,"srcset":"https:\/\/i0.wp.com\/gersonguelmann.com.br\/blog\/wp-content\/uploads\/2019\/03\/Child.jpg?fit=960%2C682&ssl=1&resize=350%2C200 1x, https:\/\/i0.wp.com\/gersonguelmann.com.br\/blog\/wp-content\/uploads\/2019\/03\/Child.jpg?fit=960%2C682&ssl=1&resize=525%2C300 1.5x, https:\/\/i0.wp.com\/gersonguelmann.com.br\/blog\/wp-content\/uploads\/2019\/03\/Child.jpg?fit=960%2C682&ssl=1&resize=700%2C400 2x"},"classes":[]}],"jetpack_sharing_enabled":true,"post_mailing_queue_ids":[],"_links":{"self":[{"href":"https:\/\/gersonguelmann.com.br\/blog\/wp-json\/wp\/v2\/posts\/7914","targetHints":{"allow":["GET"]}}],"collection":[{"href":"https:\/\/gersonguelmann.com.br\/blog\/wp-json\/wp\/v2\/posts"}],"about":[{"href":"https:\/\/gersonguelmann.com.br\/blog\/wp-json\/wp\/v2\/types\/post"}],"author":[{"embeddable":true,"href":"https:\/\/gersonguelmann.com.br\/blog\/wp-json\/wp\/v2\/users\/5"}],"replies":[{"embeddable":true,"href":"https:\/\/gersonguelmann.com.br\/blog\/wp-json\/wp\/v2\/comments?post=7914"}],"version-history":[{"count":0,"href":"https:\/\/gersonguelmann.com.br\/blog\/wp-json\/wp\/v2\/posts\/7914\/revisions"}],"wp:featuredmedia":[{"embeddable":true,"href":"https:\/\/gersonguelmann.com.br\/blog\/wp-json\/wp\/v2\/media\/7915"}],"wp:attachment":[{"href":"https:\/\/gersonguelmann.com.br\/blog\/wp-json\/wp\/v2\/media?parent=7914"}],"wp:term":[{"taxonomy":"category","embeddable":true,"href":"https:\/\/gersonguelmann.com.br\/blog\/wp-json\/wp\/v2\/categories?post=7914"},{"taxonomy":"post_tag","embeddable":true,"href":"https:\/\/gersonguelmann.com.br\/blog\/wp-json\/wp\/v2\/tags?post=7914"}],"curies":[{"name":"wp","href":"https:\/\/api.w.org\/{rel}","templated":true}]}}