    {"id":7933,"date":"2018-01-31T22:00:37","date_gmt":"2018-02-01T00:00:37","guid":{"rendered":"https:\/\/gersonguelmann.com.br\/blog\/?p=7933"},"modified":"2018-01-31T23:25:25","modified_gmt":"2018-02-01T01:25:25","slug":"no-funeral-do-rei-seguranca-israelense","status":"publish","type":"post","link":"https:\/\/gersonguelmann.com.br\/blog\/no-funeral-do-rei-seguranca-israelense\/","title":{"rendered":"No Funeral do Rei, a Seguran\u00e7a Israelense"},"content":{"rendered":"<div class=\"art-action-wrp\"><span style=\"font-family: verdana, geneva, sans-serif; font-size: 14pt; color: #000000;\">Foi revelado h\u00e1 poucos dias que em outubro passado o sistema israelense de defesa contra Drones chamado \u201cRed Sky-2\u201d foi usado pela 1\u00aa vez, durante os funerais do Rei da Tail\u00e2ndia.<\/p>\n<p><\/span><\/div>\n<div><\/div>\n<div class=\"art-action-wrp\"><span style=\"font-family: verdana, geneva, sans-serif; font-size: 14pt; color: #000000;\">Desenvolvido pela fabricante de armas IMI Systems, o equipamento foi adquirido especialmente para proteger os participantes das cerim\u00f4nias em homenagem ao Rei Bhumibol Adulyadej e foi operado pela For\u00e7a A\u00e9rea Tailandesa.<\/p>\n<p><\/span><\/div>\n<div><\/div>\n<div><span style=\"font-family: verdana, geneva, sans-serif; font-size: 14pt; color: #000000;\">O enterro foi assistido por mais de 250 mil pessoas e contou com a presen\u00e7a de delega\u00e7\u00f5es de 42 pa\u00edses diferentes.\u00a0No decorrer do funeral o sistema neutralizou duas tentativas de acionamento de Drones, as quais foram imediatamente neutralizadas.<\/p>\n<p><\/span><\/div>\n<div><\/div>\n<div><span style=\"font-family: verdana, geneva, sans-serif; font-size: 14pt; color: #000000;\">O equipamento combina o uso de um radar desenvolvido pela Israel Aerospace Industries, com alcance de 3 a 5 quil\u00f4metros com um r\u00e1dio misturador de frequ\u00eancias da companhia MCTECH Technology.<\/p>\n<p><\/span><\/div>\n<div><\/div>\n<div><span style=\"font-family: verdana, geneva, sans-serif; font-size: 14pt; color: #000000;\">O Red Sky-2 tamb\u00e9m incorpora uma c\u00e2mera eletro-\u00f3ptica que identifica ataques e permite que um soldado lance m\u00edsseis para interceptar os Drones.<\/span><\/div>\n<div><\/div>\n<div class=\"calc-Article art-content\">\n<div style=\"text-align: center;\"><img data-recalc-dims=\"1\" fetchpriority=\"high\" decoding=\"async\" data-attachment-id=\"7934\" data-permalink=\"https:\/\/gersonguelmann.com.br\/blog\/no-funeral-do-rei-seguranca-israelense\/drone-4\/\" data-orig-file=\"https:\/\/i0.wp.com\/gersonguelmann.com.br\/blog\/wp-content\/uploads\/2018\/01\/Drone.jpg?fit=590%2C582&amp;ssl=1\" data-orig-size=\"590,582\" data-comments-opened=\"1\" data-image-meta=\"{&quot;aperture&quot;:&quot;0&quot;,&quot;credit&quot;:&quot;&quot;,&quot;camera&quot;:&quot;&quot;,&quot;caption&quot;:&quot;&quot;,&quot;created_timestamp&quot;:&quot;0&quot;,&quot;copyright&quot;:&quot;&quot;,&quot;focal_length&quot;:&quot;0&quot;,&quot;iso&quot;:&quot;0&quot;,&quot;shutter_speed&quot;:&quot;0&quot;,&quot;title&quot;:&quot;&quot;,&quot;orientation&quot;:&quot;0&quot;}\" data-image-title=\"Drone\" data-image-description=\"\" data-image-caption=\"\" data-medium-file=\"https:\/\/i0.wp.com\/gersonguelmann.com.br\/blog\/wp-content\/uploads\/2018\/01\/Drone.jpg?fit=300%2C296&amp;ssl=1\" data-large-file=\"https:\/\/i0.wp.com\/gersonguelmann.com.br\/blog\/wp-content\/uploads\/2018\/01\/Drone.jpg?fit=590%2C582&amp;ssl=1\" class=\"alignnone size-medium wp-image-7934 aligncenter\" src=\"https:\/\/i0.wp.com\/gersonguelmann.com.br\/blog\/wp-content\/uploads\/2018\/01\/Drone.jpg?resize=300%2C296&#038;ssl=1\" alt=\"\" width=\"300\" height=\"296\" srcset=\"https:\/\/i0.wp.com\/gersonguelmann.com.br\/blog\/wp-content\/uploads\/2018\/01\/Drone.jpg?resize=300%2C296&amp;ssl=1 300w, https:\/\/i0.wp.com\/gersonguelmann.com.br\/blog\/wp-content\/uploads\/2018\/01\/Drone.jpg?resize=70%2C70&amp;ssl=1 70w, https:\/\/i0.wp.com\/gersonguelmann.com.br\/blog\/wp-content\/uploads\/2018\/01\/Drone.jpg?w=590&amp;ssl=1 590w\" sizes=\"(max-width: 300px) 100vw, 300px\" \/><span style=\"font-family: verdana, geneva, sans-serif; font-size: 8pt; color: #000000;\"><em><strong>IMI Systems&#8217; Red Sky system. Photo: PR<\/strong><\/em><\/span><\/div>\n<\/div>\n<div style=\"text-align: center;\"><\/div>\n","protected":false},"excerpt":{"rendered":"<p>Foi revelado h\u00e1 poucos dias que em outubro passado o sistema israelense de defesa contra Drones chamado \u201cRed Sky-2\u201d foi usado pela 1\u00aa vez, durante os funerais do Rei da Tail\u00e2ndia. Desenvolvido pela fabricante de armas IMI Systems, o equipamento foi adquirido especialmente para proteger os participantes das cerim\u00f4nias em homenagem ao Rei Bhumibol Adulyadej [&hellip;]<\/p>\n","protected":false},"author":5,"featured_media":7934,"comment_status":"open","ping_status":"open","sticky":false,"template":"","format":"standard","meta":{"_acf_changed":false,"jetpack_post_was_ever_published":false,"_jetpack_newsletter_access":"","_jetpack_dont_email_post_to_subs":false,"_jetpack_newsletter_tier_id":0,"_jetpack_memberships_contains_paywalled_content":false,"_jetpack_memberships_contains_paid_content":false,"footnotes":"","jetpack_publicize_message":"","jetpack_publicize_feature_enabled":true,"jetpack_social_post_already_shared":true,"jetpack_social_options":{"image_generator_settings":{"template":"highway","default_image_id":0,"font":"","enabled":false},"version":2}},"categories":[1],"tags":[],"class_list":["post-7933","post","type-post","status-publish","format-standard","has-post-thumbnail","hentry","category-sem-categoria"],"acf":[],"yoast_head":"<!-- This site is optimized with the Yoast SEO plugin v27.3 - https:\/\/yoast.com\/product\/yoast-seo-wordpress\/ -->\n<title>No Funeral do Rei, a Seguran\u00e7a Israelense | Blog do Guelmann<\/title>\n<meta name=\"robots\" content=\"index, follow, max-snippet:-1, max-image-preview:large, max-video-preview:-1\" \/>\n<link rel=\"canonical\" href=\"https:\/\/gersonguelmann.com.br\/blog\/no-funeral-do-rei-seguranca-israelense\/\" \/>\n<meta property=\"og:locale\" content=\"pt_BR\" \/>\n<meta property=\"og:type\" content=\"article\" \/>\n<meta property=\"og:title\" content=\"No Funeral do Rei, a Seguran\u00e7a Israelense | Blog do Guelmann\" \/>\n<meta property=\"og:description\" content=\"Foi revelado h\u00e1 poucos dias que em outubro passado o sistema israelense de defesa contra Drones chamado \u201cRed Sky-2\u201d foi usado pela 1\u00aa vez, durante os funerais do Rei da Tail\u00e2ndia. Desenvolvido pela fabricante de armas IMI Systems, o equipamento foi adquirido especialmente para proteger os participantes das cerim\u00f4nias em homenagem ao Rei Bhumibol Adulyadej [&hellip;]\" \/>\n<meta property=\"og:url\" content=\"https:\/\/gersonguelmann.com.br\/blog\/no-funeral-do-rei-seguranca-israelense\/\" \/>\n<meta property=\"og:site_name\" content=\"Blog do Guelmann\" \/>\n<meta property=\"article:published_time\" content=\"2018-02-01T00:00:37+00:00\" \/>\n<meta property=\"article:modified_time\" content=\"2018-02-01T01:25:25+00:00\" \/>\n<meta property=\"og:image\" content=\"https:\/\/i0.wp.com\/gersonguelmann.com.br\/blog\/wp-content\/uploads\/2018\/01\/Drone.jpg?fit=590%2C582&ssl=1\" \/>\n\t<meta property=\"og:image:width\" content=\"590\" \/>\n\t<meta property=\"og:image:height\" content=\"582\" \/>\n\t<meta property=\"og:image:type\" content=\"image\/jpeg\" \/>\n<meta name=\"author\" content=\"Gerson Guelmann\" \/>\n<meta name=\"twitter:card\" content=\"summary_large_image\" \/>\n<meta name=\"twitter:label1\" content=\"Escrito por\" \/>\n\t<meta name=\"twitter:data1\" content=\"Gerson Guelmann\" \/>\n\t<meta name=\"twitter:label2\" content=\"Est. tempo de leitura\" \/>\n\t<meta name=\"twitter:data2\" content=\"1 minuto\" \/>\n<script type=\"application\/ld+json\" class=\"yoast-schema-graph\">{\"@context\":\"https:\\\/\\\/schema.org\",\"@graph\":[{\"@type\":\"Article\",\"@id\":\"https:\\\/\\\/gersonguelmann.com.br\\\/blog\\\/no-funeral-do-rei-seguranca-israelense\\\/#article\",\"isPartOf\":{\"@id\":\"https:\\\/\\\/gersonguelmann.com.br\\\/blog\\\/no-funeral-do-rei-seguranca-israelense\\\/\"},\"author\":{\"name\":\"Gerson Guelmann\",\"@id\":\"https:\\\/\\\/gersonguelmann.com.br\\\/blog\\\/#\\\/schema\\\/person\\\/87e70e2a786888082f941a482c90569e\"},\"headline\":\"No Funeral do Rei, a Seguran\u00e7a Israelense\",\"datePublished\":\"2018-02-01T00:00:37+00:00\",\"dateModified\":\"2018-02-01T01:25:25+00:00\",\"mainEntityOfPage\":{\"@id\":\"https:\\\/\\\/gersonguelmann.com.br\\\/blog\\\/no-funeral-do-rei-seguranca-israelense\\\/\"},\"wordCount\":177,\"commentCount\":0,\"image\":{\"@id\":\"https:\\\/\\\/gersonguelmann.com.br\\\/blog\\\/no-funeral-do-rei-seguranca-israelense\\\/#primaryimage\"},\"thumbnailUrl\":\"https:\\\/\\\/i0.wp.com\\\/gersonguelmann.com.br\\\/blog\\\/wp-content\\\/uploads\\\/2018\\\/01\\\/Drone.jpg?fit=590%2C582&ssl=1\",\"inLanguage\":\"pt-BR\",\"potentialAction\":[{\"@type\":\"CommentAction\",\"name\":\"Comment\",\"target\":[\"https:\\\/\\\/gersonguelmann.com.br\\\/blog\\\/no-funeral-do-rei-seguranca-israelense\\\/#respond\"]}]},{\"@type\":\"WebPage\",\"@id\":\"https:\\\/\\\/gersonguelmann.com.br\\\/blog\\\/no-funeral-do-rei-seguranca-israelense\\\/\",\"url\":\"https:\\\/\\\/gersonguelmann.com.br\\\/blog\\\/no-funeral-do-rei-seguranca-israelense\\\/\",\"name\":\"No Funeral do Rei, a Seguran\u00e7a Israelense | Blog do Guelmann\",\"isPartOf\":{\"@id\":\"https:\\\/\\\/gersonguelmann.com.br\\\/blog\\\/#website\"},\"primaryImageOfPage\":{\"@id\":\"https:\\\/\\\/gersonguelmann.com.br\\\/blog\\\/no-funeral-do-rei-seguranca-israelense\\\/#primaryimage\"},\"image\":{\"@id\":\"https:\\\/\\\/gersonguelmann.com.br\\\/blog\\\/no-funeral-do-rei-seguranca-israelense\\\/#primaryimage\"},\"thumbnailUrl\":\"https:\\\/\\\/i0.wp.com\\\/gersonguelmann.com.br\\\/blog\\\/wp-content\\\/uploads\\\/2018\\\/01\\\/Drone.jpg?fit=590%2C582&ssl=1\",\"datePublished\":\"2018-02-01T00:00:37+00:00\",\"dateModified\":\"2018-02-01T01:25:25+00:00\",\"author\":{\"@id\":\"https:\\\/\\\/gersonguelmann.com.br\\\/blog\\\/#\\\/schema\\\/person\\\/87e70e2a786888082f941a482c90569e\"},\"inLanguage\":\"pt-BR\",\"potentialAction\":[{\"@type\":\"ReadAction\",\"target\":[\"https:\\\/\\\/gersonguelmann.com.br\\\/blog\\\/no-funeral-do-rei-seguranca-israelense\\\/\"]}]},{\"@type\":\"ImageObject\",\"inLanguage\":\"pt-BR\",\"@id\":\"https:\\\/\\\/gersonguelmann.com.br\\\/blog\\\/no-funeral-do-rei-seguranca-israelense\\\/#primaryimage\",\"url\":\"https:\\\/\\\/i0.wp.com\\\/gersonguelmann.com.br\\\/blog\\\/wp-content\\\/uploads\\\/2018\\\/01\\\/Drone.jpg?fit=590%2C582&ssl=1\",\"contentUrl\":\"https:\\\/\\\/i0.wp.com\\\/gersonguelmann.com.br\\\/blog\\\/wp-content\\\/uploads\\\/2018\\\/01\\\/Drone.jpg?fit=590%2C582&ssl=1\",\"width\":590,\"height\":582},{\"@type\":\"WebSite\",\"@id\":\"https:\\\/\\\/gersonguelmann.com.br\\\/blog\\\/#website\",\"url\":\"https:\\\/\\\/gersonguelmann.com.br\\\/blog\\\/\",\"name\":\"Blog do Guelmann\",\"description\":\"Pitadas da sabedoria e do humor judaicos, assuntos do momento e um pouco das hist\u00f3rias que vivi e testemunhei.\",\"potentialAction\":[{\"@type\":\"SearchAction\",\"target\":{\"@type\":\"EntryPoint\",\"urlTemplate\":\"https:\\\/\\\/gersonguelmann.com.br\\\/blog\\\/?s={search_term_string}\"},\"query-input\":{\"@type\":\"PropertyValueSpecification\",\"valueRequired\":true,\"valueName\":\"search_term_string\"}}],\"inLanguage\":\"pt-BR\"},{\"@type\":\"Person\",\"@id\":\"https:\\\/\\\/gersonguelmann.com.br\\\/blog\\\/#\\\/schema\\\/person\\\/87e70e2a786888082f941a482c90569e\",\"name\":\"Gerson Guelmann\",\"image\":{\"@type\":\"ImageObject\",\"inLanguage\":\"pt-BR\",\"@id\":\"https:\\\/\\\/i0.wp.com\\\/gersonguelmann.com.br\\\/blog\\\/wp-content\\\/uploads\\\/2021\\\/08\\\/BLOG.jpeg?fit=96%2C96&ssl=1\",\"url\":\"https:\\\/\\\/i0.wp.com\\\/gersonguelmann.com.br\\\/blog\\\/wp-content\\\/uploads\\\/2021\\\/08\\\/BLOG.jpeg?fit=96%2C96&ssl=1\",\"contentUrl\":\"https:\\\/\\\/i0.wp.com\\\/gersonguelmann.com.br\\\/blog\\\/wp-content\\\/uploads\\\/2021\\\/08\\\/BLOG.jpeg?fit=96%2C96&ssl=1\",\"caption\":\"Gerson Guelmann\"},\"description\":\"Pitadas da sabedoria e do humor judaicos, assuntos do momento e um pouco das hist\u00f3rias que vivi e testemunhei.\"}]}<\/script>\n<!-- \/ Yoast SEO plugin. -->","yoast_head_json":{"title":"No Funeral do Rei, a Seguran\u00e7a Israelense | Blog do Guelmann","robots":{"index":"index","follow":"follow","max-snippet":"max-snippet:-1","max-image-preview":"max-image-preview:large","max-video-preview":"max-video-preview:-1"},"canonical":"https:\/\/gersonguelmann.com.br\/blog\/no-funeral-do-rei-seguranca-israelense\/","og_locale":"pt_BR","og_type":"article","og_title":"No Funeral do Rei, a Seguran\u00e7a Israelense | Blog do Guelmann","og_description":"Foi revelado h\u00e1 poucos dias que em outubro passado o sistema israelense de defesa contra Drones chamado \u201cRed Sky-2\u201d foi usado pela 1\u00aa vez, durante os funerais do Rei da Tail\u00e2ndia. Desenvolvido pela fabricante de armas IMI Systems, o equipamento foi adquirido especialmente para proteger os participantes das cerim\u00f4nias em homenagem ao Rei Bhumibol Adulyadej [&hellip;]","og_url":"https:\/\/gersonguelmann.com.br\/blog\/no-funeral-do-rei-seguranca-israelense\/","og_site_name":"Blog do Guelmann","article_published_time":"2018-02-01T00:00:37+00:00","article_modified_time":"2018-02-01T01:25:25+00:00","og_image":[{"width":590,"height":582,"url":"https:\/\/i0.wp.com\/gersonguelmann.com.br\/blog\/wp-content\/uploads\/2018\/01\/Drone.jpg?fit=590%2C582&ssl=1","type":"image\/jpeg"}],"author":"Gerson Guelmann","twitter_card":"summary_large_image","twitter_misc":{"Escrito por":"Gerson Guelmann","Est. tempo de leitura":"1 minuto"},"schema":{"@context":"https:\/\/schema.org","@graph":[{"@type":"Article","@id":"https:\/\/gersonguelmann.com.br\/blog\/no-funeral-do-rei-seguranca-israelense\/#article","isPartOf":{"@id":"https:\/\/gersonguelmann.com.br\/blog\/no-funeral-do-rei-seguranca-israelense\/"},"author":{"name":"Gerson Guelmann","@id":"https:\/\/gersonguelmann.com.br\/blog\/#\/schema\/person\/87e70e2a786888082f941a482c90569e"},"headline":"No Funeral do Rei, a Seguran\u00e7a Israelense","datePublished":"2018-02-01T00:00:37+00:00","dateModified":"2018-02-01T01:25:25+00:00","mainEntityOfPage":{"@id":"https:\/\/gersonguelmann.com.br\/blog\/no-funeral-do-rei-seguranca-israelense\/"},"wordCount":177,"commentCount":0,"image":{"@id":"https:\/\/gersonguelmann.com.br\/blog\/no-funeral-do-rei-seguranca-israelense\/#primaryimage"},"thumbnailUrl":"https:\/\/i0.wp.com\/gersonguelmann.com.br\/blog\/wp-content\/uploads\/2018\/01\/Drone.jpg?fit=590%2C582&ssl=1","inLanguage":"pt-BR","potentialAction":[{"@type":"CommentAction","name":"Comment","target":["https:\/\/gersonguelmann.com.br\/blog\/no-funeral-do-rei-seguranca-israelense\/#respond"]}]},{"@type":"WebPage","@id":"https:\/\/gersonguelmann.com.br\/blog\/no-funeral-do-rei-seguranca-israelense\/","url":"https:\/\/gersonguelmann.com.br\/blog\/no-funeral-do-rei-seguranca-israelense\/","name":"No Funeral do Rei, a Seguran\u00e7a Israelense | Blog do Guelmann","isPartOf":{"@id":"https:\/\/gersonguelmann.com.br\/blog\/#website"},"primaryImageOfPage":{"@id":"https:\/\/gersonguelmann.com.br\/blog\/no-funeral-do-rei-seguranca-israelense\/#primaryimage"},"image":{"@id":"https:\/\/gersonguelmann.com.br\/blog\/no-funeral-do-rei-seguranca-israelense\/#primaryimage"},"thumbnailUrl":"https:\/\/i0.wp.com\/gersonguelmann.com.br\/blog\/wp-content\/uploads\/2018\/01\/Drone.jpg?fit=590%2C582&ssl=1","datePublished":"2018-02-01T00:00:37+00:00","dateModified":"2018-02-01T01:25:25+00:00","author":{"@id":"https:\/\/gersonguelmann.com.br\/blog\/#\/schema\/person\/87e70e2a786888082f941a482c90569e"},"inLanguage":"pt-BR","potentialAction":[{"@type":"ReadAction","target":["https:\/\/gersonguelmann.com.br\/blog\/no-funeral-do-rei-seguranca-israelense\/"]}]},{"@type":"ImageObject","inLanguage":"pt-BR","@id":"https:\/\/gersonguelmann.com.br\/blog\/no-funeral-do-rei-seguranca-israelense\/#primaryimage","url":"https:\/\/i0.wp.com\/gersonguelmann.com.br\/blog\/wp-content\/uploads\/2018\/01\/Drone.jpg?fit=590%2C582&ssl=1","contentUrl":"https:\/\/i0.wp.com\/gersonguelmann.com.br\/blog\/wp-content\/uploads\/2018\/01\/Drone.jpg?fit=590%2C582&ssl=1","width":590,"height":582},{"@type":"WebSite","@id":"https:\/\/gersonguelmann.com.br\/blog\/#website","url":"https:\/\/gersonguelmann.com.br\/blog\/","name":"Blog do Guelmann","description":"Pitadas da sabedoria e do humor judaicos, assuntos do momento e um pouco das hist\u00f3rias que vivi e testemunhei.","potentialAction":[{"@type":"SearchAction","target":{"@type":"EntryPoint","urlTemplate":"https:\/\/gersonguelmann.com.br\/blog\/?s={search_term_string}"},"query-input":{"@type":"PropertyValueSpecification","valueRequired":true,"valueName":"search_term_string"}}],"inLanguage":"pt-BR"},{"@type":"Person","@id":"https:\/\/gersonguelmann.com.br\/blog\/#\/schema\/person\/87e70e2a786888082f941a482c90569e","name":"Gerson Guelmann","image":{"@type":"ImageObject","inLanguage":"pt-BR","@id":"https:\/\/i0.wp.com\/gersonguelmann.com.br\/blog\/wp-content\/uploads\/2021\/08\/BLOG.jpeg?fit=96%2C96&ssl=1","url":"https:\/\/i0.wp.com\/gersonguelmann.com.br\/blog\/wp-content\/uploads\/2021\/08\/BLOG.jpeg?fit=96%2C96&ssl=1","contentUrl":"https:\/\/i0.wp.com\/gersonguelmann.com.br\/blog\/wp-content\/uploads\/2021\/08\/BLOG.jpeg?fit=96%2C96&ssl=1","caption":"Gerson Guelmann"},"description":"Pitadas da sabedoria e do humor judaicos, assuntos do momento e um pouco das hist\u00f3rias que vivi e testemunhei."}]}},"views":55,"jetpack_publicize_connections":[],"jetpack_featured_media_url":"https:\/\/i0.wp.com\/gersonguelmann.com.br\/blog\/wp-content\/uploads\/2018\/01\/Drone.jpg?fit=590%2C582&ssl=1","jetpack_shortlink":"https:\/\/wp.me\/p96e7O-23X","jetpack-related-posts":[{"id":11879,"url":"https:\/\/gersonguelmann.com.br\/blog\/natalie-portman-recusa-premio-israelense\/","url_meta":{"origin":7933,"position":0},"title":"Natalie Portman Recusa Pr\u00eamio Israelense","author":"Gerson Guelmann","date":"20 de abril de 2018","format":false,"excerpt":"A atriz israelense\u00a0Natalie Portman abriu m\u00e3o de receber pr\u00eamio de U$ 1 milh\u00e3o concedido pela\u00a0Genesis Prize Foundation. A premia\u00e7\u00e3o, que seria realizada em 28 de junho, foi cancelada.\u00a0 O pr\u00eamio foi institu\u00eddo em 2013 e j\u00e1 foram concedidos a\u00a0Michael R. Bloomberg (2014), Michael Douglas (2015), Itzhak Perlman (2016), e Anish\u2026","rel":"","context":"Em &quot;Sem categoria&quot;","block_context":{"text":"Sem categoria","link":"https:\/\/gersonguelmann.com.br\/blog\/category\/sem-categoria\/"},"img":{"alt_text":"","src":"https:\/\/i0.wp.com\/gersonguelmann.com.br\/blog\/wp-content\/uploads\/2018\/04\/NP.jpg?resize=350%2C200&ssl=1","width":350,"height":200},"classes":[]},{"id":13961,"url":"https:\/\/gersonguelmann.com.br\/blog\/em-negocio-de-u-118-bilhao-israel-arrendara-drones-para-a-alemanha\/","url_meta":{"origin":7933,"position":1},"title":"Em Neg\u00f3cio de U$ 1,18 Bilh\u00e3o, Israel Arrendar\u00e1 Drones Para a Alemanha","author":"Gerson Guelmann","date":"14 de junho de 2018","format":false,"excerpt":"O site\u00a0World Israel News informou hoje que foi conclu\u00eddo um acordo atrav\u00e9s do qual a Alemanha arrendar\u00e1 drones de Israel. O comit\u00ea or\u00e7ament\u00e1rio do Bundestag, parlamento alem\u00e3o, aprovou um plano de desembolso de U$ 1,18 bilh\u00e3o no prazo de 9 anos, atrav\u00e9s do qual a\u00a0Israel Aerospace Industries (IAI) fornecer\u00e1 mediante\u2026","rel":"","context":"Em &quot;Sem categoria&quot;","block_context":{"text":"Sem categoria","link":"https:\/\/gersonguelmann.com.br\/blog\/category\/sem-categoria\/"},"img":{"alt_text":"","src":"https:\/\/i0.wp.com\/gersonguelmann.com.br\/blog\/wp-content\/uploads\/2018\/06\/F071008tba14-e1528983255873-635x400.jpg?fit=635%2C400&ssl=1&resize=350%2C200","width":350,"height":200,"srcset":"https:\/\/i0.wp.com\/gersonguelmann.com.br\/blog\/wp-content\/uploads\/2018\/06\/F071008tba14-e1528983255873-635x400.jpg?fit=635%2C400&ssl=1&resize=350%2C200 1x, https:\/\/i0.wp.com\/gersonguelmann.com.br\/blog\/wp-content\/uploads\/2018\/06\/F071008tba14-e1528983255873-635x400.jpg?fit=635%2C400&ssl=1&resize=525%2C300 1.5x"},"classes":[]},{"id":15954,"url":"https:\/\/gersonguelmann.com.br\/blog\/israel-na-lua-assista-o-lancamento-do-foguete\/","url_meta":{"origin":7933,"position":2},"title":"Israel na Lua &#8211; Assista o Lan\u00e7amento do Foguete","author":"Gerson Guelmann","date":"21 de fevereiro de 2019","format":false,"excerpt":"As\u00a022h45 de hoje, hor\u00e1rio de Bras\u00edlia (03h45 em Jerusal\u00e9m) um foguete Falcon 9 ser\u00e1 lan\u00e7ado em Cabo Canaveral com uma nave de constru\u00e7\u00e3o israelense. Batizada de Beresheet, o nome em hebraico do livro G\u00eanesis da B\u00edblia, a sonda foi constru\u00edda pela empresa SpaceIL de\u00a0Israel, com investimentos liderados pelo bilion\u00e1rio sul-africano\u2026","rel":"","context":"Em &quot;Sem categoria&quot;","block_context":{"text":"Sem categoria","link":"https:\/\/gersonguelmann.com.br\/blog\/category\/sem-categoria\/"},"img":{"alt_text":"","src":"https:\/\/i0.wp.com\/gersonguelmann.com.br\/blog\/wp-content\/uploads\/2019\/02\/Beresheet.jpg?fit=620%2C620&ssl=1&resize=350%2C200","width":350,"height":200,"srcset":"https:\/\/i0.wp.com\/gersonguelmann.com.br\/blog\/wp-content\/uploads\/2019\/02\/Beresheet.jpg?fit=620%2C620&ssl=1&resize=350%2C200 1x, https:\/\/i0.wp.com\/gersonguelmann.com.br\/blog\/wp-content\/uploads\/2019\/02\/Beresheet.jpg?fit=620%2C620&ssl=1&resize=525%2C300 1.5x"},"classes":[]},{"id":1764,"url":"https:\/\/gersonguelmann.com.br\/blog\/a-decepcao-do-rei-do-baiao\/","url_meta":{"origin":7933,"position":3},"title":"A Decep\u00e7\u00e3o do Rei do Bai\u00e3o","author":"Gerson Guelmann","date":"6 de novembro de 2023","format":false,"excerpt":"Poucos artistas souberam compreender, traduzir em sentimentos e cantar a alma do nordestino brasileiro como Luiz Gonzaga. Mais conhecido como Gonzag\u00e3o, ele nasceu em 1912 em Exu, Pernambuco, e morreu em 1989, aos 76 anos. Considerado o Rei do Bai\u00e3o, deixou uma obra com mais de 500 m\u00fasicas, marcada pela\u2026","rel":"","context":"Em &quot;Sem categoria&quot;","block_context":{"text":"Sem categoria","link":"https:\/\/gersonguelmann.com.br\/blog\/category\/sem-categoria\/"},"img":{"alt_text":"","src":"https:\/\/i0.wp.com\/gersonguelmann.com.br\/blog\/wp-content\/uploads\/2023\/11\/HojePR.jpg?fit=1187%2C1200&ssl=1&resize=350%2C200","width":350,"height":200,"srcset":"https:\/\/i0.wp.com\/gersonguelmann.com.br\/blog\/wp-content\/uploads\/2023\/11\/HojePR.jpg?fit=1187%2C1200&ssl=1&resize=350%2C200 1x, https:\/\/i0.wp.com\/gersonguelmann.com.br\/blog\/wp-content\/uploads\/2023\/11\/HojePR.jpg?fit=1187%2C1200&ssl=1&resize=525%2C300 1.5x, https:\/\/i0.wp.com\/gersonguelmann.com.br\/blog\/wp-content\/uploads\/2023\/11\/HojePR.jpg?fit=1187%2C1200&ssl=1&resize=700%2C400 2x, https:\/\/i0.wp.com\/gersonguelmann.com.br\/blog\/wp-content\/uploads\/2023\/11\/HojePR.jpg?fit=1187%2C1200&ssl=1&resize=1050%2C600 3x"},"classes":[]},{"id":22895,"url":"https:\/\/gersonguelmann.com.br\/blog\/tres-na-quarta-o-ladrao-e-o-encontro-com-o-rei-david\/","url_meta":{"origin":7933,"position":4},"title":"Tr\u00eas na Quarta de Humor Judaico","author":"Gerson Guelmann","date":"11 de setembro de 2024","format":false,"excerpt":"O Ladr\u00e3o e o Encontro com o Rei David Um ladr\u00e3o invadiu uma casa durante a noite. Depois de ter pulado a janela, apontou a lanterna ao redor, procurando objetos de valor, quando uma voz no escuro disse: - \"O Rei David sabe que voc\u00ea est\u00e1 aqui\". Apesar de acostumado\u2026","rel":"","context":"Em &quot;Sem categoria&quot;","block_context":{"text":"Sem categoria","link":"https:\/\/gersonguelmann.com.br\/blog\/category\/sem-categoria\/"},"img":{"alt_text":"","src":"https:\/\/i0.wp.com\/gersonguelmann.com.br\/blog\/wp-content\/uploads\/2022\/06\/LADRAO-scaled.jpg?fit=1200%2C800&ssl=1&resize=350%2C200","width":350,"height":200,"srcset":"https:\/\/i0.wp.com\/gersonguelmann.com.br\/blog\/wp-content\/uploads\/2022\/06\/LADRAO-scaled.jpg?fit=1200%2C800&ssl=1&resize=350%2C200 1x, https:\/\/i0.wp.com\/gersonguelmann.com.br\/blog\/wp-content\/uploads\/2022\/06\/LADRAO-scaled.jpg?fit=1200%2C800&ssl=1&resize=525%2C300 1.5x, https:\/\/i0.wp.com\/gersonguelmann.com.br\/blog\/wp-content\/uploads\/2022\/06\/LADRAO-scaled.jpg?fit=1200%2C800&ssl=1&resize=700%2C400 2x, https:\/\/i0.wp.com\/gersonguelmann.com.br\/blog\/wp-content\/uploads\/2022\/06\/LADRAO-scaled.jpg?fit=1200%2C800&ssl=1&resize=1050%2C600 3x"},"classes":[]},{"id":12736,"url":"https:\/\/gersonguelmann.com.br\/blog\/israel-destruiu-a-infraestrutura-militar-do-ira-na-siria\/","url_meta":{"origin":7933,"position":5},"title":"Israel Destruiu a Infraestrutura Militar do Ir\u00e3 na Siria","author":"Gerson Guelmann","date":"10 de maio de 2018","format":false,"excerpt":"Informa\u00e7\u00f5es do portal Menorah Brasil: TODA A INFRAESTRUTURA MILITAR DO IR\u00c3 NA S\u00cdRIA FOI DESTRU\u00cdDA maio 10, 2018\u00a0Jos\u00e9 Roitberg\u00a0 por Jos\u00e9 Roitberg M\u00edssil iraniano Fateh-313, de emprego r\u00e1pido com alcance de 500 km, do sul de Damasco poderia atingir at\u00e9 o Canal de Suez. \u00a0 As for\u00e7as de defesa de\u2026","rel":"","context":"Em &quot;Sem categoria&quot;","block_context":{"text":"Sem categoria","link":"https:\/\/gersonguelmann.com.br\/blog\/category\/sem-categoria\/"},"img":{"alt_text":"","src":"https:\/\/i0.wp.com\/gersonguelmann.com.br\/blog\/wp-content\/uploads\/2018\/05\/1-3.jpg?fit=678%2C381&ssl=1&resize=350%2C200","width":350,"height":200,"srcset":"https:\/\/i0.wp.com\/gersonguelmann.com.br\/blog\/wp-content\/uploads\/2018\/05\/1-3.jpg?fit=678%2C381&ssl=1&resize=350%2C200 1x, https:\/\/i0.wp.com\/gersonguelmann.com.br\/blog\/wp-content\/uploads\/2018\/05\/1-3.jpg?fit=678%2C381&ssl=1&resize=525%2C300 1.5x"},"classes":[]}],"jetpack_sharing_enabled":true,"post_mailing_queue_ids":[],"_links":{"self":[{"href":"https:\/\/gersonguelmann.com.br\/blog\/wp-json\/wp\/v2\/posts\/7933","targetHints":{"allow":["GET"]}}],"collection":[{"href":"https:\/\/gersonguelmann.com.br\/blog\/wp-json\/wp\/v2\/posts"}],"about":[{"href":"https:\/\/gersonguelmann.com.br\/blog\/wp-json\/wp\/v2\/types\/post"}],"author":[{"embeddable":true,"href":"https:\/\/gersonguelmann.com.br\/blog\/wp-json\/wp\/v2\/users\/5"}],"replies":[{"embeddable":true,"href":"https:\/\/gersonguelmann.com.br\/blog\/wp-json\/wp\/v2\/comments?post=7933"}],"version-history":[{"count":0,"href":"https:\/\/gersonguelmann.com.br\/blog\/wp-json\/wp\/v2\/posts\/7933\/revisions"}],"wp:featuredmedia":[{"embeddable":true,"href":"https:\/\/gersonguelmann.com.br\/blog\/wp-json\/wp\/v2\/media\/7934"}],"wp:attachment":[{"href":"https:\/\/gersonguelmann.com.br\/blog\/wp-json\/wp\/v2\/media?parent=7933"}],"wp:term":[{"taxonomy":"category","embeddable":true,"href":"https:\/\/gersonguelmann.com.br\/blog\/wp-json\/wp\/v2\/categories?post=7933"},{"taxonomy":"post_tag","embeddable":true,"href":"https:\/\/gersonguelmann.com.br\/blog\/wp-json\/wp\/v2\/tags?post=7933"}],"curies":[{"name":"wp","href":"https:\/\/api.w.org\/{rel}","templated":true}]}}