    {"id":7959,"date":"2018-02-01T13:00:29","date_gmt":"2018-02-01T15:00:29","guid":{"rendered":"https:\/\/gersonguelmann.com.br\/blog\/?p=7959"},"modified":"2018-02-01T13:23:01","modified_gmt":"2018-02-01T15:23:01","slug":"primatas-nao-merecem-titulo-de-eleitor","status":"publish","type":"post","link":"https:\/\/gersonguelmann.com.br\/blog\/primatas-nao-merecem-titulo-de-eleitor\/","title":{"rendered":"Primatas Que N\u00e3o Merecem T\u00edtulo de Eleitor"},"content":{"rendered":"<p><img data-recalc-dims=\"1\" fetchpriority=\"high\" decoding=\"async\" data-attachment-id=\"7960\" data-permalink=\"https:\/\/gersonguelmann.com.br\/blog\/primatas-nao-merecem-titulo-de-eleitor\/primatas-2\/\" data-orig-file=\"https:\/\/i0.wp.com\/gersonguelmann.com.br\/blog\/wp-content\/uploads\/2018\/02\/Primatas-2.jpg?fit=225%2C225&amp;ssl=1\" data-orig-size=\"225,225\" data-comments-opened=\"1\" data-image-meta=\"{&quot;aperture&quot;:&quot;0&quot;,&quot;credit&quot;:&quot;&quot;,&quot;camera&quot;:&quot;&quot;,&quot;caption&quot;:&quot;&quot;,&quot;created_timestamp&quot;:&quot;0&quot;,&quot;copyright&quot;:&quot;&quot;,&quot;focal_length&quot;:&quot;0&quot;,&quot;iso&quot;:&quot;0&quot;,&quot;shutter_speed&quot;:&quot;0&quot;,&quot;title&quot;:&quot;&quot;,&quot;orientation&quot;:&quot;0&quot;}\" data-image-title=\"Primatas-2\" data-image-description=\"\" data-image-caption=\"\" data-medium-file=\"https:\/\/i0.wp.com\/gersonguelmann.com.br\/blog\/wp-content\/uploads\/2018\/02\/Primatas-2.jpg?fit=225%2C225&amp;ssl=1\" data-large-file=\"https:\/\/i0.wp.com\/gersonguelmann.com.br\/blog\/wp-content\/uploads\/2018\/02\/Primatas-2.jpg?fit=225%2C225&amp;ssl=1\" class=\"size-full wp-image-7960 aligncenter\" src=\"https:\/\/i0.wp.com\/gersonguelmann.com.br\/blog\/wp-content\/uploads\/2018\/02\/Primatas-2.jpg?resize=225%2C225&#038;ssl=1\" alt=\"\" width=\"225\" height=\"225\" srcset=\"https:\/\/i0.wp.com\/gersonguelmann.com.br\/blog\/wp-content\/uploads\/2018\/02\/Primatas-2.jpg?w=225&amp;ssl=1 225w, https:\/\/i0.wp.com\/gersonguelmann.com.br\/blog\/wp-content\/uploads\/2018\/02\/Primatas-2.jpg?resize=150%2C150&amp;ssl=1 150w, https:\/\/i0.wp.com\/gersonguelmann.com.br\/blog\/wp-content\/uploads\/2018\/02\/Primatas-2.jpg?resize=70%2C70&amp;ssl=1 70w, https:\/\/i0.wp.com\/gersonguelmann.com.br\/blog\/wp-content\/uploads\/2018\/02\/Primatas-2.jpg?resize=127%2C127&amp;ssl=1 127w, https:\/\/i0.wp.com\/gersonguelmann.com.br\/blog\/wp-content\/uploads\/2018\/02\/Primatas-2.jpg?resize=125%2C125&amp;ssl=1 125w\" sizes=\"(max-width: 225px) 100vw, 225px\" \/><\/p>\n<p><span style=\"font-family: verdana, geneva, sans-serif; font-size: 14pt; color: #000000;\">Ouvindo todos os dias que alguns humanos (humanos?) est\u00e3o matando macacos por consider\u00e1-los respons\u00e1veis pelo surto de febre amarela, concluo que os Primatas que t\u00eam t\u00edtulo de eleitor precisam ser reavaliados.<\/span><\/p>\n<p style=\"text-align: center;\">\u00a0<img data-recalc-dims=\"1\" decoding=\"async\" data-attachment-id=\"7962\" data-permalink=\"https:\/\/gersonguelmann.com.br\/blog\/primatas-nao-merecem-titulo-de-eleitor\/primatas-1\/\" data-orig-file=\"https:\/\/i0.wp.com\/gersonguelmann.com.br\/blog\/wp-content\/uploads\/2018\/02\/Primatas-1.jpg?fit=278%2C181&amp;ssl=1\" data-orig-size=\"278,181\" data-comments-opened=\"1\" data-image-meta=\"{&quot;aperture&quot;:&quot;0&quot;,&quot;credit&quot;:&quot;&quot;,&quot;camera&quot;:&quot;&quot;,&quot;caption&quot;:&quot;&quot;,&quot;created_timestamp&quot;:&quot;0&quot;,&quot;copyright&quot;:&quot;&quot;,&quot;focal_length&quot;:&quot;0&quot;,&quot;iso&quot;:&quot;0&quot;,&quot;shutter_speed&quot;:&quot;0&quot;,&quot;title&quot;:&quot;&quot;,&quot;orientation&quot;:&quot;0&quot;}\" data-image-title=\"Primatas-1\" data-image-description=\"\" data-image-caption=\"\" data-medium-file=\"https:\/\/i0.wp.com\/gersonguelmann.com.br\/blog\/wp-content\/uploads\/2018\/02\/Primatas-1.jpg?fit=278%2C181&amp;ssl=1\" data-large-file=\"https:\/\/i0.wp.com\/gersonguelmann.com.br\/blog\/wp-content\/uploads\/2018\/02\/Primatas-1.jpg?fit=278%2C181&amp;ssl=1\" class=\"alignnone size-full wp-image-7962\" src=\"https:\/\/i0.wp.com\/gersonguelmann.com.br\/blog\/wp-content\/uploads\/2018\/02\/Primatas-1.jpg?resize=278%2C181&#038;ssl=1\" alt=\"\" width=\"278\" height=\"181\" \/><\/p>\n","protected":false},"excerpt":{"rendered":"<p>Ouvindo todos os dias que alguns humanos (humanos?) est\u00e3o matando macacos por consider\u00e1-los respons\u00e1veis pelo surto de febre amarela, concluo que os Primatas que t\u00eam t\u00edtulo de eleitor precisam ser reavaliados. \u00a0<\/p>\n","protected":false},"author":5,"featured_media":7962,"comment_status":"open","ping_status":"open","sticky":false,"template":"","format":"standard","meta":{"_acf_changed":false,"jetpack_post_was_ever_published":false,"_jetpack_newsletter_access":"","_jetpack_dont_email_post_to_subs":false,"_jetpack_newsletter_tier_id":0,"_jetpack_memberships_contains_paywalled_content":false,"_jetpack_memberships_contains_paid_content":false,"footnotes":"","jetpack_publicize_message":"","jetpack_publicize_feature_enabled":true,"jetpack_social_post_already_shared":true,"jetpack_social_options":{"image_generator_settings":{"template":"highway","default_image_id":0,"font":"","enabled":false},"version":2}},"categories":[1],"tags":[],"class_list":["post-7959","post","type-post","status-publish","format-standard","has-post-thumbnail","hentry","category-sem-categoria"],"acf":[],"yoast_head":"<!-- This site is optimized with the Yoast SEO plugin v27.3 - https:\/\/yoast.com\/product\/yoast-seo-wordpress\/ -->\n<title>Primatas Que N\u00e3o Merecem T\u00edtulo de Eleitor | Blog do Guelmann<\/title>\n<meta name=\"robots\" content=\"index, follow, max-snippet:-1, max-image-preview:large, max-video-preview:-1\" \/>\n<link rel=\"canonical\" href=\"https:\/\/gersonguelmann.com.br\/blog\/primatas-nao-merecem-titulo-de-eleitor\/\" \/>\n<meta property=\"og:locale\" content=\"pt_BR\" \/>\n<meta property=\"og:type\" content=\"article\" \/>\n<meta property=\"og:title\" content=\"Primatas Que N\u00e3o Merecem T\u00edtulo de Eleitor | Blog do Guelmann\" \/>\n<meta property=\"og:description\" content=\"Ouvindo todos os dias que alguns humanos (humanos?) est\u00e3o matando macacos por consider\u00e1-los respons\u00e1veis pelo surto de febre amarela, concluo que os Primatas que t\u00eam t\u00edtulo de eleitor precisam ser reavaliados. \u00a0\" \/>\n<meta property=\"og:url\" content=\"https:\/\/gersonguelmann.com.br\/blog\/primatas-nao-merecem-titulo-de-eleitor\/\" \/>\n<meta property=\"og:site_name\" content=\"Blog do Guelmann\" \/>\n<meta property=\"article:published_time\" content=\"2018-02-01T15:00:29+00:00\" \/>\n<meta property=\"article:modified_time\" content=\"2018-02-01T15:23:01+00:00\" \/>\n<meta property=\"og:image\" content=\"https:\/\/i0.wp.com\/gersonguelmann.com.br\/blog\/wp-content\/uploads\/2018\/02\/Primatas-1.jpg?fit=278%2C181&ssl=1\" \/>\n\t<meta property=\"og:image:width\" content=\"278\" \/>\n\t<meta property=\"og:image:height\" content=\"181\" \/>\n\t<meta property=\"og:image:type\" content=\"image\/jpeg\" \/>\n<meta name=\"author\" content=\"Gerson Guelmann\" \/>\n<meta name=\"twitter:card\" content=\"summary_large_image\" \/>\n<meta name=\"twitter:label1\" content=\"Escrito por\" \/>\n\t<meta name=\"twitter:data1\" content=\"Gerson Guelmann\" \/>\n<script type=\"application\/ld+json\" class=\"yoast-schema-graph\">{\"@context\":\"https:\\\/\\\/schema.org\",\"@graph\":[{\"@type\":\"Article\",\"@id\":\"https:\\\/\\\/gersonguelmann.com.br\\\/blog\\\/primatas-nao-merecem-titulo-de-eleitor\\\/#article\",\"isPartOf\":{\"@id\":\"https:\\\/\\\/gersonguelmann.com.br\\\/blog\\\/primatas-nao-merecem-titulo-de-eleitor\\\/\"},\"author\":{\"name\":\"Gerson Guelmann\",\"@id\":\"https:\\\/\\\/gersonguelmann.com.br\\\/blog\\\/#\\\/schema\\\/person\\\/87e70e2a786888082f941a482c90569e\"},\"headline\":\"Primatas Que N\u00e3o Merecem T\u00edtulo de Eleitor\",\"datePublished\":\"2018-02-01T15:00:29+00:00\",\"dateModified\":\"2018-02-01T15:23:01+00:00\",\"mainEntityOfPage\":{\"@id\":\"https:\\\/\\\/gersonguelmann.com.br\\\/blog\\\/primatas-nao-merecem-titulo-de-eleitor\\\/\"},\"wordCount\":45,\"commentCount\":0,\"image\":{\"@id\":\"https:\\\/\\\/gersonguelmann.com.br\\\/blog\\\/primatas-nao-merecem-titulo-de-eleitor\\\/#primaryimage\"},\"thumbnailUrl\":\"https:\\\/\\\/i0.wp.com\\\/gersonguelmann.com.br\\\/blog\\\/wp-content\\\/uploads\\\/2018\\\/02\\\/Primatas-1.jpg?fit=278%2C181&ssl=1\",\"inLanguage\":\"pt-BR\",\"potentialAction\":[{\"@type\":\"CommentAction\",\"name\":\"Comment\",\"target\":[\"https:\\\/\\\/gersonguelmann.com.br\\\/blog\\\/primatas-nao-merecem-titulo-de-eleitor\\\/#respond\"]}]},{\"@type\":\"WebPage\",\"@id\":\"https:\\\/\\\/gersonguelmann.com.br\\\/blog\\\/primatas-nao-merecem-titulo-de-eleitor\\\/\",\"url\":\"https:\\\/\\\/gersonguelmann.com.br\\\/blog\\\/primatas-nao-merecem-titulo-de-eleitor\\\/\",\"name\":\"Primatas Que N\u00e3o Merecem T\u00edtulo de Eleitor | Blog do Guelmann\",\"isPartOf\":{\"@id\":\"https:\\\/\\\/gersonguelmann.com.br\\\/blog\\\/#website\"},\"primaryImageOfPage\":{\"@id\":\"https:\\\/\\\/gersonguelmann.com.br\\\/blog\\\/primatas-nao-merecem-titulo-de-eleitor\\\/#primaryimage\"},\"image\":{\"@id\":\"https:\\\/\\\/gersonguelmann.com.br\\\/blog\\\/primatas-nao-merecem-titulo-de-eleitor\\\/#primaryimage\"},\"thumbnailUrl\":\"https:\\\/\\\/i0.wp.com\\\/gersonguelmann.com.br\\\/blog\\\/wp-content\\\/uploads\\\/2018\\\/02\\\/Primatas-1.jpg?fit=278%2C181&ssl=1\",\"datePublished\":\"2018-02-01T15:00:29+00:00\",\"dateModified\":\"2018-02-01T15:23:01+00:00\",\"author\":{\"@id\":\"https:\\\/\\\/gersonguelmann.com.br\\\/blog\\\/#\\\/schema\\\/person\\\/87e70e2a786888082f941a482c90569e\"},\"inLanguage\":\"pt-BR\",\"potentialAction\":[{\"@type\":\"ReadAction\",\"target\":[\"https:\\\/\\\/gersonguelmann.com.br\\\/blog\\\/primatas-nao-merecem-titulo-de-eleitor\\\/\"]}]},{\"@type\":\"ImageObject\",\"inLanguage\":\"pt-BR\",\"@id\":\"https:\\\/\\\/gersonguelmann.com.br\\\/blog\\\/primatas-nao-merecem-titulo-de-eleitor\\\/#primaryimage\",\"url\":\"https:\\\/\\\/i0.wp.com\\\/gersonguelmann.com.br\\\/blog\\\/wp-content\\\/uploads\\\/2018\\\/02\\\/Primatas-1.jpg?fit=278%2C181&ssl=1\",\"contentUrl\":\"https:\\\/\\\/i0.wp.com\\\/gersonguelmann.com.br\\\/blog\\\/wp-content\\\/uploads\\\/2018\\\/02\\\/Primatas-1.jpg?fit=278%2C181&ssl=1\",\"width\":278,\"height\":181},{\"@type\":\"WebSite\",\"@id\":\"https:\\\/\\\/gersonguelmann.com.br\\\/blog\\\/#website\",\"url\":\"https:\\\/\\\/gersonguelmann.com.br\\\/blog\\\/\",\"name\":\"Blog do Guelmann\",\"description\":\"Pitadas da sabedoria e do humor judaicos, assuntos do momento e um pouco das hist\u00f3rias que vivi e testemunhei.\",\"potentialAction\":[{\"@type\":\"SearchAction\",\"target\":{\"@type\":\"EntryPoint\",\"urlTemplate\":\"https:\\\/\\\/gersonguelmann.com.br\\\/blog\\\/?s={search_term_string}\"},\"query-input\":{\"@type\":\"PropertyValueSpecification\",\"valueRequired\":true,\"valueName\":\"search_term_string\"}}],\"inLanguage\":\"pt-BR\"},{\"@type\":\"Person\",\"@id\":\"https:\\\/\\\/gersonguelmann.com.br\\\/blog\\\/#\\\/schema\\\/person\\\/87e70e2a786888082f941a482c90569e\",\"name\":\"Gerson Guelmann\",\"image\":{\"@type\":\"ImageObject\",\"inLanguage\":\"pt-BR\",\"@id\":\"https:\\\/\\\/i0.wp.com\\\/gersonguelmann.com.br\\\/blog\\\/wp-content\\\/uploads\\\/2021\\\/08\\\/BLOG.jpeg?fit=96%2C96&ssl=1\",\"url\":\"https:\\\/\\\/i0.wp.com\\\/gersonguelmann.com.br\\\/blog\\\/wp-content\\\/uploads\\\/2021\\\/08\\\/BLOG.jpeg?fit=96%2C96&ssl=1\",\"contentUrl\":\"https:\\\/\\\/i0.wp.com\\\/gersonguelmann.com.br\\\/blog\\\/wp-content\\\/uploads\\\/2021\\\/08\\\/BLOG.jpeg?fit=96%2C96&ssl=1\",\"caption\":\"Gerson Guelmann\"},\"description\":\"Pitadas da sabedoria e do humor judaicos, assuntos do momento e um pouco das hist\u00f3rias que vivi e testemunhei.\"}]}<\/script>\n<!-- \/ Yoast SEO plugin. -->","yoast_head_json":{"title":"Primatas Que N\u00e3o Merecem T\u00edtulo de Eleitor | Blog do Guelmann","robots":{"index":"index","follow":"follow","max-snippet":"max-snippet:-1","max-image-preview":"max-image-preview:large","max-video-preview":"max-video-preview:-1"},"canonical":"https:\/\/gersonguelmann.com.br\/blog\/primatas-nao-merecem-titulo-de-eleitor\/","og_locale":"pt_BR","og_type":"article","og_title":"Primatas Que N\u00e3o Merecem T\u00edtulo de Eleitor | Blog do Guelmann","og_description":"Ouvindo todos os dias que alguns humanos (humanos?) est\u00e3o matando macacos por consider\u00e1-los respons\u00e1veis pelo surto de febre amarela, concluo que os Primatas que t\u00eam t\u00edtulo de eleitor precisam ser reavaliados. \u00a0","og_url":"https:\/\/gersonguelmann.com.br\/blog\/primatas-nao-merecem-titulo-de-eleitor\/","og_site_name":"Blog do Guelmann","article_published_time":"2018-02-01T15:00:29+00:00","article_modified_time":"2018-02-01T15:23:01+00:00","og_image":[{"width":278,"height":181,"url":"https:\/\/i0.wp.com\/gersonguelmann.com.br\/blog\/wp-content\/uploads\/2018\/02\/Primatas-1.jpg?fit=278%2C181&ssl=1","type":"image\/jpeg"}],"author":"Gerson Guelmann","twitter_card":"summary_large_image","twitter_misc":{"Escrito por":"Gerson Guelmann"},"schema":{"@context":"https:\/\/schema.org","@graph":[{"@type":"Article","@id":"https:\/\/gersonguelmann.com.br\/blog\/primatas-nao-merecem-titulo-de-eleitor\/#article","isPartOf":{"@id":"https:\/\/gersonguelmann.com.br\/blog\/primatas-nao-merecem-titulo-de-eleitor\/"},"author":{"name":"Gerson Guelmann","@id":"https:\/\/gersonguelmann.com.br\/blog\/#\/schema\/person\/87e70e2a786888082f941a482c90569e"},"headline":"Primatas Que N\u00e3o Merecem T\u00edtulo de Eleitor","datePublished":"2018-02-01T15:00:29+00:00","dateModified":"2018-02-01T15:23:01+00:00","mainEntityOfPage":{"@id":"https:\/\/gersonguelmann.com.br\/blog\/primatas-nao-merecem-titulo-de-eleitor\/"},"wordCount":45,"commentCount":0,"image":{"@id":"https:\/\/gersonguelmann.com.br\/blog\/primatas-nao-merecem-titulo-de-eleitor\/#primaryimage"},"thumbnailUrl":"https:\/\/i0.wp.com\/gersonguelmann.com.br\/blog\/wp-content\/uploads\/2018\/02\/Primatas-1.jpg?fit=278%2C181&ssl=1","inLanguage":"pt-BR","potentialAction":[{"@type":"CommentAction","name":"Comment","target":["https:\/\/gersonguelmann.com.br\/blog\/primatas-nao-merecem-titulo-de-eleitor\/#respond"]}]},{"@type":"WebPage","@id":"https:\/\/gersonguelmann.com.br\/blog\/primatas-nao-merecem-titulo-de-eleitor\/","url":"https:\/\/gersonguelmann.com.br\/blog\/primatas-nao-merecem-titulo-de-eleitor\/","name":"Primatas Que N\u00e3o Merecem T\u00edtulo de Eleitor | Blog do Guelmann","isPartOf":{"@id":"https:\/\/gersonguelmann.com.br\/blog\/#website"},"primaryImageOfPage":{"@id":"https:\/\/gersonguelmann.com.br\/blog\/primatas-nao-merecem-titulo-de-eleitor\/#primaryimage"},"image":{"@id":"https:\/\/gersonguelmann.com.br\/blog\/primatas-nao-merecem-titulo-de-eleitor\/#primaryimage"},"thumbnailUrl":"https:\/\/i0.wp.com\/gersonguelmann.com.br\/blog\/wp-content\/uploads\/2018\/02\/Primatas-1.jpg?fit=278%2C181&ssl=1","datePublished":"2018-02-01T15:00:29+00:00","dateModified":"2018-02-01T15:23:01+00:00","author":{"@id":"https:\/\/gersonguelmann.com.br\/blog\/#\/schema\/person\/87e70e2a786888082f941a482c90569e"},"inLanguage":"pt-BR","potentialAction":[{"@type":"ReadAction","target":["https:\/\/gersonguelmann.com.br\/blog\/primatas-nao-merecem-titulo-de-eleitor\/"]}]},{"@type":"ImageObject","inLanguage":"pt-BR","@id":"https:\/\/gersonguelmann.com.br\/blog\/primatas-nao-merecem-titulo-de-eleitor\/#primaryimage","url":"https:\/\/i0.wp.com\/gersonguelmann.com.br\/blog\/wp-content\/uploads\/2018\/02\/Primatas-1.jpg?fit=278%2C181&ssl=1","contentUrl":"https:\/\/i0.wp.com\/gersonguelmann.com.br\/blog\/wp-content\/uploads\/2018\/02\/Primatas-1.jpg?fit=278%2C181&ssl=1","width":278,"height":181},{"@type":"WebSite","@id":"https:\/\/gersonguelmann.com.br\/blog\/#website","url":"https:\/\/gersonguelmann.com.br\/blog\/","name":"Blog do Guelmann","description":"Pitadas da sabedoria e do humor judaicos, assuntos do momento e um pouco das hist\u00f3rias que vivi e testemunhei.","potentialAction":[{"@type":"SearchAction","target":{"@type":"EntryPoint","urlTemplate":"https:\/\/gersonguelmann.com.br\/blog\/?s={search_term_string}"},"query-input":{"@type":"PropertyValueSpecification","valueRequired":true,"valueName":"search_term_string"}}],"inLanguage":"pt-BR"},{"@type":"Person","@id":"https:\/\/gersonguelmann.com.br\/blog\/#\/schema\/person\/87e70e2a786888082f941a482c90569e","name":"Gerson Guelmann","image":{"@type":"ImageObject","inLanguage":"pt-BR","@id":"https:\/\/i0.wp.com\/gersonguelmann.com.br\/blog\/wp-content\/uploads\/2021\/08\/BLOG.jpeg?fit=96%2C96&ssl=1","url":"https:\/\/i0.wp.com\/gersonguelmann.com.br\/blog\/wp-content\/uploads\/2021\/08\/BLOG.jpeg?fit=96%2C96&ssl=1","contentUrl":"https:\/\/i0.wp.com\/gersonguelmann.com.br\/blog\/wp-content\/uploads\/2021\/08\/BLOG.jpeg?fit=96%2C96&ssl=1","caption":"Gerson Guelmann"},"description":"Pitadas da sabedoria e do humor judaicos, assuntos do momento e um pouco das hist\u00f3rias que vivi e testemunhei."}]}},"views":54,"jetpack_publicize_connections":[],"jetpack_featured_media_url":"https:\/\/i0.wp.com\/gersonguelmann.com.br\/blog\/wp-content\/uploads\/2018\/02\/Primatas-1.jpg?fit=278%2C181&ssl=1","jetpack_shortlink":"https:\/\/wp.me\/p96e7O-24n","jetpack-related-posts":[{"id":721,"url":"https:\/\/gersonguelmann.com.br\/blog\/eyma-eyma-el\/","url_meta":{"origin":7959,"position":0},"title":"Eyma-eyma-el","author":"Gerson Guelmann","date":"3 de agosto de 2017","format":false,"excerpt":"Minutos atr\u00e1s, 'estava eu posto em sossego', esperando o Jornal da Globo para a dose noturna de desgra\u00e7as, quando o Eymael - aquele - me apareceu assim, do nada. Felizmente n\u00e3o tomo rem\u00e9dios para dormir, mas confesso que essa apari\u00e7\u00e3o me trouxe o temor da ins\u00f4nia. Fui pesquisar e descobri\u2026","rel":"","context":"Em &quot;Sem categoria&quot;","block_context":{"text":"Sem categoria","link":"https:\/\/gersonguelmann.com.br\/blog\/category\/sem-categoria\/"},"img":{"alt_text":"","src":"","width":0,"height":0},"classes":[]},{"id":6853,"url":"https:\/\/gersonguelmann.com.br\/blog\/ora-direis-ver-estrelas-e-essa-gente-vota\/","url_meta":{"origin":7959,"position":1},"title":"Ora (Direis) Ver Estrelas &#8211; E Essa Gente Vota!","author":"Gerson Guelmann","date":"11 de janeiro de 2018","format":false,"excerpt":"Essa sem d\u00favida merecia o t\u00edtulo remetendo \u00e0 Olavo Bilac. Na prova, o futuro eleitor assim se manifestou: -\u00a0\"As estrelas servem para esclarecer a noite e n\u00e3o existem estrelas de dia porque o calor do sol queimaria elas\". O coment\u00e1rio do colecionar de estultices veio assim: -\u00a0(\"Hum... Desconfio que vai\u2026","rel":"","context":"Em &quot;Sem categoria&quot;","block_context":{"text":"Sem categoria","link":"https:\/\/gersonguelmann.com.br\/blog\/category\/sem-categoria\/"},"img":{"alt_text":"","src":"https:\/\/i0.wp.com\/gersonguelmann.com.br\/blog\/wp-content\/uploads\/2018\/01\/C%C3%A9u.jpg?fit=960%2C506&ssl=1&resize=350%2C200","width":350,"height":200,"srcset":"https:\/\/i0.wp.com\/gersonguelmann.com.br\/blog\/wp-content\/uploads\/2018\/01\/C%C3%A9u.jpg?fit=960%2C506&ssl=1&resize=350%2C200 1x, https:\/\/i0.wp.com\/gersonguelmann.com.br\/blog\/wp-content\/uploads\/2018\/01\/C%C3%A9u.jpg?fit=960%2C506&ssl=1&resize=525%2C300 1.5x, https:\/\/i0.wp.com\/gersonguelmann.com.br\/blog\/wp-content\/uploads\/2018\/01\/C%C3%A9u.jpg?fit=960%2C506&ssl=1&resize=700%2C400 2x"},"classes":[]},{"id":14741,"url":"https:\/\/gersonguelmann.com.br\/blog\/afinal-de-contas-de-onde-saiu-o-bolsonaro\/","url_meta":{"origin":7959,"position":2},"title":"Afinal de Contas, De Onde Saiu o Bolsonaro?","author":"Gerson Guelmann","date":"17 de outubro de 2018","format":false,"excerpt":"H\u00e1 dois dias o Brasil inteiro comenta sobre a participa\u00e7\u00e3o do Senador eleito Cid Gomes em evento do PT em Fortaleza, quando, ignorando a condi\u00e7\u00e3o de convidado, ele teve a coragem de propor que o partido fizesse um \"mea culpa\" pelos erros cometidos e que resultaram nos fracos resultados obtidos\u2026","rel":"","context":"Em &quot;Sem categoria&quot;","block_context":{"text":"Sem categoria","link":"https:\/\/gersonguelmann.com.br\/blog\/category\/sem-categoria\/"},"img":{"alt_text":"","src":"https:\/\/i0.wp.com\/gersonguelmann.com.br\/blog\/wp-content\/uploads\/2018\/10\/download.jpg?resize=350%2C200&ssl=1","width":350,"height":200},"classes":[]},{"id":13895,"url":"https:\/\/gersonguelmann.com.br\/blog\/bolsonaro-e-ciro-gomes-ganharam-com-a-greve-dos-caminhoneiros-veja-porque\/","url_meta":{"origin":7959,"position":3},"title":"Bolsonaro e Ciro Gomes Ganharam Com a Greve dos Caminhoneiros. Veja Porque.","author":"Gerson Guelmann","date":"12 de junho de 2018","format":false,"excerpt":"Minha comadre Cila Schulman fez uma \u00f3tima an\u00e1lise do panorama pol\u00edtico p\u00f3s-greve dos caminhoneiros, \u00e0 luz da pesquisa DataFolha divulgada no \u00faltimo domingo. Em entrevista \u00e0 rede CBN, ela opinou sobre as raz\u00f5es pelas quais Bolsonaro e Ciro Gomes cresceram no cen\u00e1rio. O site da CBN publicou: \"Especialista em marketing\u2026","rel":"","context":"Em &quot;Sem categoria&quot;","block_context":{"text":"Sem categoria","link":"https:\/\/gersonguelmann.com.br\/blog\/category\/sem-categoria\/"},"img":{"alt_text":"","src":"https:\/\/i0.wp.com\/gersonguelmann.com.br\/blog\/wp-content\/uploads\/2018\/06\/ViewImage.jpg?resize=350%2C200&ssl=1","width":350,"height":200},"classes":[]},{"id":7631,"url":"https:\/\/gersonguelmann.com.br\/blog\/porque-d-us-nao-foi-homenageado-pelas-universidades\/","url_meta":{"origin":7959,"position":4},"title":"Porque D-us n\u00e3o foi homenageado pelas universidades?","author":"Gerson Guelmann","date":"26 de janeiro de 2018","format":false,"excerpt":"A explica\u00e7\u00e3o judaica para o fato de D-us n\u00e3o ter recebido o t\u00edtulo de Doutor Honoris Causa em nenhuma Universidade: - Ele teve apenas uma grande publica\u00e7\u00e3o; - Seu trabalho foi escrito em hebraico, numa pedra, sem refer\u00eancias, n\u00e3o foi publicado em revista acad\u00eamica e h\u00e1 d\u00favidas de que tenha\u2026","rel":"","context":"Em &quot;Sem categoria&quot;","block_context":{"text":"Sem categoria","link":"https:\/\/gersonguelmann.com.br\/blog\/category\/sem-categoria\/"},"img":{"alt_text":"","src":"https:\/\/i0.wp.com\/gersonguelmann.com.br\/blog\/wp-content\/uploads\/2018\/01\/Universidade.jpg?fit=750%2C500&ssl=1&resize=350%2C200","width":350,"height":200,"srcset":"https:\/\/i0.wp.com\/gersonguelmann.com.br\/blog\/wp-content\/uploads\/2018\/01\/Universidade.jpg?fit=750%2C500&ssl=1&resize=350%2C200 1x, https:\/\/i0.wp.com\/gersonguelmann.com.br\/blog\/wp-content\/uploads\/2018\/01\/Universidade.jpg?fit=750%2C500&ssl=1&resize=525%2C300 1.5x, https:\/\/i0.wp.com\/gersonguelmann.com.br\/blog\/wp-content\/uploads\/2018\/01\/Universidade.jpg?fit=750%2C500&ssl=1&resize=700%2C400 2x"},"classes":[]},{"id":11496,"url":"https:\/\/gersonguelmann.com.br\/blog\/a-importancia-do-voto-para-o-fortalecimento-da-democracia\/","url_meta":{"origin":7959,"position":5},"title":"A Import\u00e2ncia do Voto Para o Fortalecimento da Democracia","author":"Gerson Guelmann","date":"11 de abril de 2018","format":false,"excerpt":"No pr\u00f3ximo dia 16, das 19 as 22h, a OAB-PR promover\u00e1 em sua sede algumas palestras relacionadas as elei\u00e7\u00f5es de 2018. Os palestrantes ser\u00e3o:\u00a0 * Prof. Dr. Emerson Urizzi Cervi \"Os votos nulos, brancos e absten\u00e7\u00f5es nas elei\u00e7\u00f5es e a representatividade\". * Dra. Carlos Karpstein \"As dificuldades da participa\u00e7\u00e3o feminina\u2026","rel":"","context":"Em &quot;Sem categoria&quot;","block_context":{"text":"Sem categoria","link":"https:\/\/gersonguelmann.com.br\/blog\/category\/sem-categoria\/"},"img":{"alt_text":"","src":"https:\/\/i0.wp.com\/gersonguelmann.com.br\/blog\/wp-content\/uploads\/2018\/04\/Palestra.jpg?fit=600%2C889&ssl=1&resize=350%2C200","width":350,"height":200,"srcset":"https:\/\/i0.wp.com\/gersonguelmann.com.br\/blog\/wp-content\/uploads\/2018\/04\/Palestra.jpg?fit=600%2C889&ssl=1&resize=350%2C200 1x, https:\/\/i0.wp.com\/gersonguelmann.com.br\/blog\/wp-content\/uploads\/2018\/04\/Palestra.jpg?fit=600%2C889&ssl=1&resize=525%2C300 1.5x"},"classes":[]}],"jetpack_sharing_enabled":true,"post_mailing_queue_ids":[],"_links":{"self":[{"href":"https:\/\/gersonguelmann.com.br\/blog\/wp-json\/wp\/v2\/posts\/7959","targetHints":{"allow":["GET"]}}],"collection":[{"href":"https:\/\/gersonguelmann.com.br\/blog\/wp-json\/wp\/v2\/posts"}],"about":[{"href":"https:\/\/gersonguelmann.com.br\/blog\/wp-json\/wp\/v2\/types\/post"}],"author":[{"embeddable":true,"href":"https:\/\/gersonguelmann.com.br\/blog\/wp-json\/wp\/v2\/users\/5"}],"replies":[{"embeddable":true,"href":"https:\/\/gersonguelmann.com.br\/blog\/wp-json\/wp\/v2\/comments?post=7959"}],"version-history":[{"count":0,"href":"https:\/\/gersonguelmann.com.br\/blog\/wp-json\/wp\/v2\/posts\/7959\/revisions"}],"wp:featuredmedia":[{"embeddable":true,"href":"https:\/\/gersonguelmann.com.br\/blog\/wp-json\/wp\/v2\/media\/7962"}],"wp:attachment":[{"href":"https:\/\/gersonguelmann.com.br\/blog\/wp-json\/wp\/v2\/media?parent=7959"}],"wp:term":[{"taxonomy":"category","embeddable":true,"href":"https:\/\/gersonguelmann.com.br\/blog\/wp-json\/wp\/v2\/categories?post=7959"},{"taxonomy":"post_tag","embeddable":true,"href":"https:\/\/gersonguelmann.com.br\/blog\/wp-json\/wp\/v2\/tags?post=7959"}],"curies":[{"name":"wp","href":"https:\/\/api.w.org\/{rel}","templated":true}]}}