    {"id":7967,"date":"2018-02-01T14:00:13","date_gmt":"2018-02-01T16:00:13","guid":{"rendered":"https:\/\/gersonguelmann.com.br\/blog\/?p=7967"},"modified":"2018-02-01T13:45:17","modified_gmt":"2018-02-01T15:45:17","slug":"maconha-refrigerada-so-faltava-essa","status":"publish","type":"post","link":"https:\/\/gersonguelmann.com.br\/blog\/maconha-refrigerada-so-faltava-essa\/","title":{"rendered":"Maconha Refrigerada: S\u00f3 Faltava Essa"},"content":{"rendered":"<div class=\"mc-column content-text active-extra-styles active-capital-letter\" data-block-type=\"unstyled\" data-block-weight=\"31\" data-block-id=\"2\">\n<p data-track-category=\"Link no Texto\" data-track-links=\"\"><img data-recalc-dims=\"1\" fetchpriority=\"high\" decoding=\"async\" data-attachment-id=\"7969\" data-permalink=\"https:\/\/gersonguelmann.com.br\/blog\/maconha-refrigerada-so-faltava-essa\/54595c194d752b02c305ee6e\/\" data-orig-file=\"https:\/\/i0.wp.com\/gersonguelmann.com.br\/blog\/wp-content\/uploads\/2018\/02\/54595c194d752b02c305ee6e.jpg?fit=800%2C600&amp;ssl=1\" data-orig-size=\"800,600\" data-comments-opened=\"1\" data-image-meta=\"{&quot;aperture&quot;:&quot;0&quot;,&quot;credit&quot;:&quot;&quot;,&quot;camera&quot;:&quot;&quot;,&quot;caption&quot;:&quot;&quot;,&quot;created_timestamp&quot;:&quot;0&quot;,&quot;copyright&quot;:&quot;&quot;,&quot;focal_length&quot;:&quot;0&quot;,&quot;iso&quot;:&quot;0&quot;,&quot;shutter_speed&quot;:&quot;0&quot;,&quot;title&quot;:&quot;&quot;,&quot;orientation&quot;:&quot;0&quot;}\" data-image-title=\"54595c194d752b02c305ee6e\" data-image-description=\"\" data-image-caption=\"\" data-medium-file=\"https:\/\/i0.wp.com\/gersonguelmann.com.br\/blog\/wp-content\/uploads\/2018\/02\/54595c194d752b02c305ee6e.jpg?fit=300%2C225&amp;ssl=1\" data-large-file=\"https:\/\/i0.wp.com\/gersonguelmann.com.br\/blog\/wp-content\/uploads\/2018\/02\/54595c194d752b02c305ee6e.jpg?fit=640%2C480&amp;ssl=1\" class=\"size-medium wp-image-7969 aligncenter\" src=\"https:\/\/i0.wp.com\/gersonguelmann.com.br\/blog\/wp-content\/uploads\/2018\/02\/54595c194d752b02c305ee6e.jpg?resize=300%2C225&#038;ssl=1\" alt=\"\" width=\"300\" height=\"225\" srcset=\"https:\/\/i0.wp.com\/gersonguelmann.com.br\/blog\/wp-content\/uploads\/2018\/02\/54595c194d752b02c305ee6e.jpg?resize=300%2C225&amp;ssl=1 300w, https:\/\/i0.wp.com\/gersonguelmann.com.br\/blog\/wp-content\/uploads\/2018\/02\/54595c194d752b02c305ee6e.jpg?resize=768%2C576&amp;ssl=1 768w, https:\/\/i0.wp.com\/gersonguelmann.com.br\/blog\/wp-content\/uploads\/2018\/02\/54595c194d752b02c305ee6e.jpg?w=800&amp;ssl=1 800w\" sizes=\"(max-width: 300px) 100vw, 300px\" \/><\/p>\n<p class=\"content-text__container theme-color-primary-first-letter\" data-track-category=\"Link no Texto\" data-track-links=\"\"><span style=\"font-family: verdana, geneva, sans-serif; font-size: 14pt; color: #000000;\">H\u00e1 poucos dias a Pol\u00edcia Rodovi\u00e1ria Federal (PRF) apreendeu 2,5 toneladas de maconha em Gua\u00edra, no oeste do Paran\u00e1.<\/span><\/p>\n<p class=\"content-text__container theme-color-primary-first-letter\" data-track-category=\"Link no Texto\" data-track-links=\"\"><span style=\"font-family: verdana, geneva, sans-serif; font-size: 14pt; color: #000000;\">Detalhe: a droga estava escondida em um caminh\u00e3o frigor\u00edfico.<\/span><\/p>\n<p class=\"content-text__container theme-color-primary-first-letter\" data-track-category=\"Link no Texto\" data-track-links=\"\"><span style=\"font-family: verdana, geneva, sans-serif; font-size: 14pt; color: #000000;\">Segundo a pol\u00edcia, o motorista deu informa\u00e7\u00f5es desencontradas durante a abordagem, o que levou os agentes a aprofundar a vistoria.<\/span><\/p>\n<p class=\"content-text__container theme-color-primary-first-letter\" data-track-category=\"Link no Texto\" data-track-links=\"\"><span style=\"font-family: verdana, geneva, sans-serif; font-size: 14pt; color: #000000;\">Pronto: n\u00e3o falta mais nada.<\/span><\/p>\n<p><span class=\"embed-youtube\" style=\"text-align:center; display: block;\"><iframe class=\"youtube-player\" width=\"640\" height=\"360\" src=\"https:\/\/www.youtube.com\/embed\/UBRdgiHSkek?version=3&#038;rel=1&#038;showsearch=0&#038;showinfo=1&#038;iv_load_policy=1&#038;fs=1&#038;hl=pt-BR&#038;autohide=2&#038;wmode=transparent\" allowfullscreen=\"true\" style=\"border:0;\" sandbox=\"allow-scripts allow-same-origin allow-popups allow-presentation allow-popups-to-escape-sandbox\"><\/iframe><\/span><\/p>\n<\/div>\n","protected":false},"excerpt":{"rendered":"<p>H\u00e1 poucos dias a Pol\u00edcia Rodovi\u00e1ria Federal (PRF) apreendeu 2,5 toneladas de maconha em Gua\u00edra, no oeste do Paran\u00e1. Detalhe: a droga estava escondida em um caminh\u00e3o frigor\u00edfico. Segundo a pol\u00edcia, o motorista deu informa\u00e7\u00f5es desencontradas durante a abordagem, o que levou os agentes a aprofundar a vistoria. Pronto: n\u00e3o falta mais nada.<\/p>\n","protected":false},"author":5,"featured_media":7969,"comment_status":"open","ping_status":"open","sticky":false,"template":"","format":"standard","meta":{"_acf_changed":false,"jetpack_post_was_ever_published":false,"_jetpack_newsletter_access":"","_jetpack_dont_email_post_to_subs":false,"_jetpack_newsletter_tier_id":0,"_jetpack_memberships_contains_paywalled_content":false,"_jetpack_memberships_contains_paid_content":false,"footnotes":"","jetpack_publicize_message":"","jetpack_publicize_feature_enabled":true,"jetpack_social_post_already_shared":true,"jetpack_social_options":{"image_generator_settings":{"template":"highway","default_image_id":0,"font":"","enabled":false},"version":2}},"categories":[1],"tags":[],"class_list":["post-7967","post","type-post","status-publish","format-standard","has-post-thumbnail","hentry","category-sem-categoria"],"acf":[],"yoast_head":"<!-- This site is optimized with the Yoast SEO plugin v27.3 - https:\/\/yoast.com\/product\/yoast-seo-wordpress\/ -->\n<title>Maconha Refrigerada: S\u00f3 Faltava Essa | Blog do Guelmann<\/title>\n<meta name=\"robots\" content=\"index, follow, max-snippet:-1, max-image-preview:large, max-video-preview:-1\" \/>\n<link rel=\"canonical\" href=\"https:\/\/gersonguelmann.com.br\/blog\/maconha-refrigerada-so-faltava-essa\/\" \/>\n<meta property=\"og:locale\" content=\"pt_BR\" \/>\n<meta property=\"og:type\" content=\"article\" \/>\n<meta property=\"og:title\" content=\"Maconha Refrigerada: S\u00f3 Faltava Essa | Blog do Guelmann\" \/>\n<meta property=\"og:description\" content=\"H\u00e1 poucos dias a Pol\u00edcia Rodovi\u00e1ria Federal (PRF) apreendeu 2,5 toneladas de maconha em Gua\u00edra, no oeste do Paran\u00e1. Detalhe: a droga estava escondida em um caminh\u00e3o frigor\u00edfico. Segundo a pol\u00edcia, o motorista deu informa\u00e7\u00f5es desencontradas durante a abordagem, o que levou os agentes a aprofundar a vistoria. Pronto: n\u00e3o falta mais nada.\" \/>\n<meta property=\"og:url\" content=\"https:\/\/gersonguelmann.com.br\/blog\/maconha-refrigerada-so-faltava-essa\/\" \/>\n<meta property=\"og:site_name\" content=\"Blog do Guelmann\" \/>\n<meta property=\"article:published_time\" content=\"2018-02-01T16:00:13+00:00\" \/>\n<meta property=\"og:image\" content=\"https:\/\/i0.wp.com\/gersonguelmann.com.br\/blog\/wp-content\/uploads\/2018\/02\/54595c194d752b02c305ee6e.jpg?fit=800%2C600&ssl=1\" \/>\n\t<meta property=\"og:image:width\" content=\"800\" \/>\n\t<meta property=\"og:image:height\" content=\"600\" \/>\n\t<meta property=\"og:image:type\" content=\"image\/jpeg\" \/>\n<meta name=\"author\" content=\"Gerson Guelmann\" \/>\n<meta name=\"twitter:card\" content=\"summary_large_image\" \/>\n<meta name=\"twitter:label1\" content=\"Escrito por\" \/>\n\t<meta name=\"twitter:data1\" content=\"Gerson Guelmann\" \/>\n<script type=\"application\/ld+json\" class=\"yoast-schema-graph\">{\"@context\":\"https:\\\/\\\/schema.org\",\"@graph\":[{\"@type\":\"Article\",\"@id\":\"https:\\\/\\\/gersonguelmann.com.br\\\/blog\\\/maconha-refrigerada-so-faltava-essa\\\/#article\",\"isPartOf\":{\"@id\":\"https:\\\/\\\/gersonguelmann.com.br\\\/blog\\\/maconha-refrigerada-so-faltava-essa\\\/\"},\"author\":{\"name\":\"Gerson Guelmann\",\"@id\":\"https:\\\/\\\/gersonguelmann.com.br\\\/blog\\\/#\\\/schema\\\/person\\\/87e70e2a786888082f941a482c90569e\"},\"headline\":\"Maconha Refrigerada: S\u00f3 Faltava Essa\",\"datePublished\":\"2018-02-01T16:00:13+00:00\",\"mainEntityOfPage\":{\"@id\":\"https:\\\/\\\/gersonguelmann.com.br\\\/blog\\\/maconha-refrigerada-so-faltava-essa\\\/\"},\"wordCount\":72,\"commentCount\":0,\"image\":{\"@id\":\"https:\\\/\\\/gersonguelmann.com.br\\\/blog\\\/maconha-refrigerada-so-faltava-essa\\\/#primaryimage\"},\"thumbnailUrl\":\"https:\\\/\\\/i0.wp.com\\\/gersonguelmann.com.br\\\/blog\\\/wp-content\\\/uploads\\\/2018\\\/02\\\/54595c194d752b02c305ee6e.jpg?fit=800%2C600&ssl=1\",\"inLanguage\":\"pt-BR\",\"potentialAction\":[{\"@type\":\"CommentAction\",\"name\":\"Comment\",\"target\":[\"https:\\\/\\\/gersonguelmann.com.br\\\/blog\\\/maconha-refrigerada-so-faltava-essa\\\/#respond\"]}]},{\"@type\":\"WebPage\",\"@id\":\"https:\\\/\\\/gersonguelmann.com.br\\\/blog\\\/maconha-refrigerada-so-faltava-essa\\\/\",\"url\":\"https:\\\/\\\/gersonguelmann.com.br\\\/blog\\\/maconha-refrigerada-so-faltava-essa\\\/\",\"name\":\"Maconha Refrigerada: S\u00f3 Faltava Essa | Blog do Guelmann\",\"isPartOf\":{\"@id\":\"https:\\\/\\\/gersonguelmann.com.br\\\/blog\\\/#website\"},\"primaryImageOfPage\":{\"@id\":\"https:\\\/\\\/gersonguelmann.com.br\\\/blog\\\/maconha-refrigerada-so-faltava-essa\\\/#primaryimage\"},\"image\":{\"@id\":\"https:\\\/\\\/gersonguelmann.com.br\\\/blog\\\/maconha-refrigerada-so-faltava-essa\\\/#primaryimage\"},\"thumbnailUrl\":\"https:\\\/\\\/i0.wp.com\\\/gersonguelmann.com.br\\\/blog\\\/wp-content\\\/uploads\\\/2018\\\/02\\\/54595c194d752b02c305ee6e.jpg?fit=800%2C600&ssl=1\",\"datePublished\":\"2018-02-01T16:00:13+00:00\",\"author\":{\"@id\":\"https:\\\/\\\/gersonguelmann.com.br\\\/blog\\\/#\\\/schema\\\/person\\\/87e70e2a786888082f941a482c90569e\"},\"inLanguage\":\"pt-BR\",\"potentialAction\":[{\"@type\":\"ReadAction\",\"target\":[\"https:\\\/\\\/gersonguelmann.com.br\\\/blog\\\/maconha-refrigerada-so-faltava-essa\\\/\"]}]},{\"@type\":\"ImageObject\",\"inLanguage\":\"pt-BR\",\"@id\":\"https:\\\/\\\/gersonguelmann.com.br\\\/blog\\\/maconha-refrigerada-so-faltava-essa\\\/#primaryimage\",\"url\":\"https:\\\/\\\/i0.wp.com\\\/gersonguelmann.com.br\\\/blog\\\/wp-content\\\/uploads\\\/2018\\\/02\\\/54595c194d752b02c305ee6e.jpg?fit=800%2C600&ssl=1\",\"contentUrl\":\"https:\\\/\\\/i0.wp.com\\\/gersonguelmann.com.br\\\/blog\\\/wp-content\\\/uploads\\\/2018\\\/02\\\/54595c194d752b02c305ee6e.jpg?fit=800%2C600&ssl=1\",\"width\":800,\"height\":600},{\"@type\":\"WebSite\",\"@id\":\"https:\\\/\\\/gersonguelmann.com.br\\\/blog\\\/#website\",\"url\":\"https:\\\/\\\/gersonguelmann.com.br\\\/blog\\\/\",\"name\":\"Blog do Guelmann\",\"description\":\"Pitadas da sabedoria e do humor judaicos, assuntos do momento e um pouco das hist\u00f3rias que vivi e testemunhei.\",\"potentialAction\":[{\"@type\":\"SearchAction\",\"target\":{\"@type\":\"EntryPoint\",\"urlTemplate\":\"https:\\\/\\\/gersonguelmann.com.br\\\/blog\\\/?s={search_term_string}\"},\"query-input\":{\"@type\":\"PropertyValueSpecification\",\"valueRequired\":true,\"valueName\":\"search_term_string\"}}],\"inLanguage\":\"pt-BR\"},{\"@type\":\"Person\",\"@id\":\"https:\\\/\\\/gersonguelmann.com.br\\\/blog\\\/#\\\/schema\\\/person\\\/87e70e2a786888082f941a482c90569e\",\"name\":\"Gerson Guelmann\",\"image\":{\"@type\":\"ImageObject\",\"inLanguage\":\"pt-BR\",\"@id\":\"https:\\\/\\\/i0.wp.com\\\/gersonguelmann.com.br\\\/blog\\\/wp-content\\\/uploads\\\/2021\\\/08\\\/BLOG.jpeg?fit=96%2C96&ssl=1\",\"url\":\"https:\\\/\\\/i0.wp.com\\\/gersonguelmann.com.br\\\/blog\\\/wp-content\\\/uploads\\\/2021\\\/08\\\/BLOG.jpeg?fit=96%2C96&ssl=1\",\"contentUrl\":\"https:\\\/\\\/i0.wp.com\\\/gersonguelmann.com.br\\\/blog\\\/wp-content\\\/uploads\\\/2021\\\/08\\\/BLOG.jpeg?fit=96%2C96&ssl=1\",\"caption\":\"Gerson Guelmann\"},\"description\":\"Pitadas da sabedoria e do humor judaicos, assuntos do momento e um pouco das hist\u00f3rias que vivi e testemunhei.\"}]}<\/script>\n<!-- \/ Yoast SEO plugin. -->","yoast_head_json":{"title":"Maconha Refrigerada: S\u00f3 Faltava Essa | Blog do Guelmann","robots":{"index":"index","follow":"follow","max-snippet":"max-snippet:-1","max-image-preview":"max-image-preview:large","max-video-preview":"max-video-preview:-1"},"canonical":"https:\/\/gersonguelmann.com.br\/blog\/maconha-refrigerada-so-faltava-essa\/","og_locale":"pt_BR","og_type":"article","og_title":"Maconha Refrigerada: S\u00f3 Faltava Essa | Blog do Guelmann","og_description":"H\u00e1 poucos dias a Pol\u00edcia Rodovi\u00e1ria Federal (PRF) apreendeu 2,5 toneladas de maconha em Gua\u00edra, no oeste do Paran\u00e1. Detalhe: a droga estava escondida em um caminh\u00e3o frigor\u00edfico. Segundo a pol\u00edcia, o motorista deu informa\u00e7\u00f5es desencontradas durante a abordagem, o que levou os agentes a aprofundar a vistoria. Pronto: n\u00e3o falta mais nada.","og_url":"https:\/\/gersonguelmann.com.br\/blog\/maconha-refrigerada-so-faltava-essa\/","og_site_name":"Blog do Guelmann","article_published_time":"2018-02-01T16:00:13+00:00","og_image":[{"width":800,"height":600,"url":"https:\/\/i0.wp.com\/gersonguelmann.com.br\/blog\/wp-content\/uploads\/2018\/02\/54595c194d752b02c305ee6e.jpg?fit=800%2C600&ssl=1","type":"image\/jpeg"}],"author":"Gerson Guelmann","twitter_card":"summary_large_image","twitter_misc":{"Escrito por":"Gerson Guelmann"},"schema":{"@context":"https:\/\/schema.org","@graph":[{"@type":"Article","@id":"https:\/\/gersonguelmann.com.br\/blog\/maconha-refrigerada-so-faltava-essa\/#article","isPartOf":{"@id":"https:\/\/gersonguelmann.com.br\/blog\/maconha-refrigerada-so-faltava-essa\/"},"author":{"name":"Gerson Guelmann","@id":"https:\/\/gersonguelmann.com.br\/blog\/#\/schema\/person\/87e70e2a786888082f941a482c90569e"},"headline":"Maconha Refrigerada: S\u00f3 Faltava Essa","datePublished":"2018-02-01T16:00:13+00:00","mainEntityOfPage":{"@id":"https:\/\/gersonguelmann.com.br\/blog\/maconha-refrigerada-so-faltava-essa\/"},"wordCount":72,"commentCount":0,"image":{"@id":"https:\/\/gersonguelmann.com.br\/blog\/maconha-refrigerada-so-faltava-essa\/#primaryimage"},"thumbnailUrl":"https:\/\/i0.wp.com\/gersonguelmann.com.br\/blog\/wp-content\/uploads\/2018\/02\/54595c194d752b02c305ee6e.jpg?fit=800%2C600&ssl=1","inLanguage":"pt-BR","potentialAction":[{"@type":"CommentAction","name":"Comment","target":["https:\/\/gersonguelmann.com.br\/blog\/maconha-refrigerada-so-faltava-essa\/#respond"]}]},{"@type":"WebPage","@id":"https:\/\/gersonguelmann.com.br\/blog\/maconha-refrigerada-so-faltava-essa\/","url":"https:\/\/gersonguelmann.com.br\/blog\/maconha-refrigerada-so-faltava-essa\/","name":"Maconha Refrigerada: S\u00f3 Faltava Essa | Blog do Guelmann","isPartOf":{"@id":"https:\/\/gersonguelmann.com.br\/blog\/#website"},"primaryImageOfPage":{"@id":"https:\/\/gersonguelmann.com.br\/blog\/maconha-refrigerada-so-faltava-essa\/#primaryimage"},"image":{"@id":"https:\/\/gersonguelmann.com.br\/blog\/maconha-refrigerada-so-faltava-essa\/#primaryimage"},"thumbnailUrl":"https:\/\/i0.wp.com\/gersonguelmann.com.br\/blog\/wp-content\/uploads\/2018\/02\/54595c194d752b02c305ee6e.jpg?fit=800%2C600&ssl=1","datePublished":"2018-02-01T16:00:13+00:00","author":{"@id":"https:\/\/gersonguelmann.com.br\/blog\/#\/schema\/person\/87e70e2a786888082f941a482c90569e"},"inLanguage":"pt-BR","potentialAction":[{"@type":"ReadAction","target":["https:\/\/gersonguelmann.com.br\/blog\/maconha-refrigerada-so-faltava-essa\/"]}]},{"@type":"ImageObject","inLanguage":"pt-BR","@id":"https:\/\/gersonguelmann.com.br\/blog\/maconha-refrigerada-so-faltava-essa\/#primaryimage","url":"https:\/\/i0.wp.com\/gersonguelmann.com.br\/blog\/wp-content\/uploads\/2018\/02\/54595c194d752b02c305ee6e.jpg?fit=800%2C600&ssl=1","contentUrl":"https:\/\/i0.wp.com\/gersonguelmann.com.br\/blog\/wp-content\/uploads\/2018\/02\/54595c194d752b02c305ee6e.jpg?fit=800%2C600&ssl=1","width":800,"height":600},{"@type":"WebSite","@id":"https:\/\/gersonguelmann.com.br\/blog\/#website","url":"https:\/\/gersonguelmann.com.br\/blog\/","name":"Blog do Guelmann","description":"Pitadas da sabedoria e do humor judaicos, assuntos do momento e um pouco das hist\u00f3rias que vivi e testemunhei.","potentialAction":[{"@type":"SearchAction","target":{"@type":"EntryPoint","urlTemplate":"https:\/\/gersonguelmann.com.br\/blog\/?s={search_term_string}"},"query-input":{"@type":"PropertyValueSpecification","valueRequired":true,"valueName":"search_term_string"}}],"inLanguage":"pt-BR"},{"@type":"Person","@id":"https:\/\/gersonguelmann.com.br\/blog\/#\/schema\/person\/87e70e2a786888082f941a482c90569e","name":"Gerson Guelmann","image":{"@type":"ImageObject","inLanguage":"pt-BR","@id":"https:\/\/i0.wp.com\/gersonguelmann.com.br\/blog\/wp-content\/uploads\/2021\/08\/BLOG.jpeg?fit=96%2C96&ssl=1","url":"https:\/\/i0.wp.com\/gersonguelmann.com.br\/blog\/wp-content\/uploads\/2021\/08\/BLOG.jpeg?fit=96%2C96&ssl=1","contentUrl":"https:\/\/i0.wp.com\/gersonguelmann.com.br\/blog\/wp-content\/uploads\/2021\/08\/BLOG.jpeg?fit=96%2C96&ssl=1","caption":"Gerson Guelmann"},"description":"Pitadas da sabedoria e do humor judaicos, assuntos do momento e um pouco das hist\u00f3rias que vivi e testemunhei."}]}},"views":48,"jetpack_publicize_connections":[],"jetpack_featured_media_url":"https:\/\/i0.wp.com\/gersonguelmann.com.br\/blog\/wp-content\/uploads\/2018\/02\/54595c194d752b02c305ee6e.jpg?fit=800%2C600&ssl=1","jetpack_shortlink":"https:\/\/wp.me\/p96e7O-24v","jetpack-related-posts":[{"id":19604,"url":"https:\/\/gersonguelmann.com.br\/blog\/meus-amigos-velhinhos-vamos-aderir-a-maconha\/","url_meta":{"origin":7967,"position":0},"title":"Meus Amigos Velhinhos, Vamos Aderir \u00e0 Maconha!","author":"Gerson Guelmann","date":"4 de janeiro de 2020","format":false,"excerpt":"N\u00e3o se surpreenda e nem se assuste com o t\u00edtulo. A mat\u00e9ria que vou compartilhar j\u00e1 tem mais de 3 anos, mas achei interessante postar aqui para que os meus amigos idosos saibam que de acordo com estudo realizado nos Estados Unidos, os velhinhos que usam maconha tomam menos rem\u00e9dios.\u2026","rel":"","context":"Em &quot;Sem categoria&quot;","block_context":{"text":"Sem categoria","link":"https:\/\/gersonguelmann.com.br\/blog\/category\/sem-categoria\/"},"img":{"alt_text":"","src":"https:\/\/i0.wp.com\/gersonguelmann.com.br\/blog\/wp-content\/uploads\/2020\/01\/Maconha.jpeg?fit=480%2C720&ssl=1&resize=350%2C200","width":350,"height":200},"classes":[]},{"id":18914,"url":"https:\/\/gersonguelmann.com.br\/blog\/a-cesta-basica-do-nelson-motta-tem-maconha-ha-55-anos-2\/","url_meta":{"origin":7967,"position":1},"title":"A Cesta B\u00e1sica do Nelson Motta Tem Maconha. H\u00e1 55 Anos.","author":"Gerson Guelmann","date":"18 de outubro de 2019","format":false,"excerpt":"O produtor, escritor e cr\u00edtico musical Nelson Motta disse h\u00e1 poucos dias, em entrevista ao Jornal O Globo, que fuma maconha todos os dias, h\u00e1 55 anos. N\u00f2 depoimento, al\u00e9m dessa informa\u00e7\u00e3o, que \u00e9 de transcendental import\u00e2ncia (n\u00e3o tem como n\u00e3o ser ir\u00f4nico), ele fala da situa\u00e7\u00e3o pol\u00edtica do pa\u00eds\u2026","rel":"","context":"Em &quot;Sem categoria&quot;","block_context":{"text":"Sem categoria","link":"https:\/\/gersonguelmann.com.br\/blog\/category\/sem-categoria\/"},"img":{"alt_text":"","src":"https:\/\/i0.wp.com\/gersonguelmann.com.br\/blog\/wp-content\/uploads\/2019\/10\/Maconha.jpg?fit=1200%2C800&ssl=1&resize=350%2C200","width":350,"height":200,"srcset":"https:\/\/i0.wp.com\/gersonguelmann.com.br\/blog\/wp-content\/uploads\/2019\/10\/Maconha.jpg?fit=1200%2C800&ssl=1&resize=350%2C200 1x, https:\/\/i0.wp.com\/gersonguelmann.com.br\/blog\/wp-content\/uploads\/2019\/10\/Maconha.jpg?fit=1200%2C800&ssl=1&resize=525%2C300 1.5x, https:\/\/i0.wp.com\/gersonguelmann.com.br\/blog\/wp-content\/uploads\/2019\/10\/Maconha.jpg?fit=1200%2C800&ssl=1&resize=700%2C400 2x, https:\/\/i0.wp.com\/gersonguelmann.com.br\/blog\/wp-content\/uploads\/2019\/10\/Maconha.jpg?fit=1200%2C800&ssl=1&resize=1050%2C600 3x"},"classes":[]},{"id":6672,"url":"https:\/\/gersonguelmann.com.br\/blog\/maconha-em-clinica-de-reabilitacao-o-brasileiro-merece-ser-estudado\/","url_meta":{"origin":7967,"position":2},"title":"Maconha em Cl\u00ednica de Reabilita\u00e7\u00e3o: o Brasileiro Merece Ser Estudado","author":"Gerson Guelmann","date":"8 de janeiro de 2018","format":false,"excerpt":"Foto: G1\/Paran\u00e1 Ontem, na cidade de Londrina (PR), os Bombeiros foram chamados para atender emerg\u00eancia em um centro\u00a0para tratamento e reabilita\u00e7\u00e3o psicossocial onde supostamente deveriam estar internados dependentes qu\u00edmicos. Ao chegar no local eles encontraram uma estrutura altamente organizada de cultivo e processamento de maconha. Os respons\u00e1veis fugiram. O produto\u2026","rel":"","context":"Em &quot;Sem categoria&quot;","block_context":{"text":"Sem categoria","link":"https:\/\/gersonguelmann.com.br\/blog\/category\/sem-categoria\/"},"img":{"alt_text":"","src":"https:\/\/i0.wp.com\/gersonguelmann.com.br\/blog\/wp-content\/uploads\/2018\/01\/Maconha.jpg?fit=640%2C853&ssl=1&resize=350%2C200","width":350,"height":200,"srcset":"https:\/\/i0.wp.com\/gersonguelmann.com.br\/blog\/wp-content\/uploads\/2018\/01\/Maconha.jpg?fit=640%2C853&ssl=1&resize=350%2C200 1x, https:\/\/i0.wp.com\/gersonguelmann.com.br\/blog\/wp-content\/uploads\/2018\/01\/Maconha.jpg?fit=640%2C853&ssl=1&resize=525%2C300 1.5x"},"classes":[]},{"id":12975,"url":"https:\/\/gersonguelmann.com.br\/blog\/fumavam-maconha-em-transmissao-ao-vivo-foram-presos-ao-vivo\/","url_meta":{"origin":7967,"position":3},"title":"Fumavam Maconha Em Transmiss\u00e3o Ao Vivo. Foram Presos Ao Vivo.","author":"Gerson Guelmann","date":"16 de maio de 2018","format":false,"excerpt":"Foto: Metr\u00f3poles Quando voc\u00ea acha que j\u00e1 viu de tudo, aparece essa mat\u00e9ria no site Metr\u00f3poles: Jovens usam maconha, fazem transmiss\u00e3o na web e acabam presos ao vivo O maior de 19 anos era monitorado pela PCDF, por meio das redes sociais, em virtude de postagens relacionadas a uma gangue\u2026","rel":"","context":"Em &quot;Sem categoria&quot;","block_context":{"text":"Sem categoria","link":"https:\/\/gersonguelmann.com.br\/blog\/category\/sem-categoria\/"},"img":{"alt_text":"","src":"https:\/\/i0.wp.com\/gersonguelmann.com.br\/blog\/wp-content\/uploads\/2018\/05\/maconheiros.jpg?fit=840%2C568&ssl=1&resize=350%2C200","width":350,"height":200,"srcset":"https:\/\/i0.wp.com\/gersonguelmann.com.br\/blog\/wp-content\/uploads\/2018\/05\/maconheiros.jpg?fit=840%2C568&ssl=1&resize=350%2C200 1x, https:\/\/i0.wp.com\/gersonguelmann.com.br\/blog\/wp-content\/uploads\/2018\/05\/maconheiros.jpg?fit=840%2C568&ssl=1&resize=525%2C300 1.5x, https:\/\/i0.wp.com\/gersonguelmann.com.br\/blog\/wp-content\/uploads\/2018\/05\/maconheiros.jpg?fit=840%2C568&ssl=1&resize=700%2C400 2x"},"classes":[]},{"id":16608,"url":"https:\/\/gersonguelmann.com.br\/blog\/tratando-alzheimer-com-cannabis-maconha-medicinal\/","url_meta":{"origin":7967,"position":4},"title":"Tratando Alzheimer com Cannabis (Maconha) Medicinal","author":"Gerson Guelmann","date":"10 de maio de 2019","format":false,"excerpt":"Tem sido relativamente comum a divulga\u00e7\u00e3o de casos de tratamentos m\u00e9dicos com a utiliza\u00e7\u00e3o de Cannabis Medicinal. \u00c9 fato conhecido que ela responde positivamente e alivia sintomas de uma s\u00e9rie de problemas de sa\u00fade. O v\u00eddeo abaixo foi postado h\u00e1 poucos dias no YouTube e impressiona. O texto publicado \u00e9\u2026","rel":"","context":"Em &quot;Sem categoria&quot;","block_context":{"text":"Sem categoria","link":"https:\/\/gersonguelmann.com.br\/blog\/category\/sem-categoria\/"},"img":{"alt_text":"","src":"https:\/\/i0.wp.com\/gersonguelmann.com.br\/blog\/wp-content\/uploads\/2019\/05\/Cannabis.jpg?fit=500%2C647&ssl=1&resize=350%2C200","width":350,"height":200},"classes":[]},{"id":23075,"url":"https:\/\/gersonguelmann.com.br\/blog\/comol-testar-o-coracao-de-uma-mae-judia\/","url_meta":{"origin":7967,"position":5},"title":"Como Testar o Cora\u00e7\u00e3o de Uma M\u00e3e Judia","author":"Gerson Guelmann","date":"12 de abril de 2023","format":false,"excerpt":"D\u00aa Rebeca estava passando pelo quarto do filho, Aron, e ficou surpresa quando viu a cama bem arrumada, nenhuma roupa jogada no ch\u00e3o, os livros todos na estante, o computador desligado, enfim, um quadro totalmente diferente do que costumava ver. Olhando mais de perto ela viu um envelope apoiado no\u2026","rel":"","context":"Em &quot;Sem categoria&quot;","block_context":{"text":"Sem categoria","link":"https:\/\/gersonguelmann.com.br\/blog\/category\/sem-categoria\/"},"img":{"alt_text":"","src":"https:\/\/i0.wp.com\/gersonguelmann.com.br\/blog\/wp-content\/uploads\/2023\/04\/HojePR-2.jpg?fit=764%2C955&ssl=1&resize=350%2C200","width":350,"height":200,"srcset":"https:\/\/i0.wp.com\/gersonguelmann.com.br\/blog\/wp-content\/uploads\/2023\/04\/HojePR-2.jpg?fit=764%2C955&ssl=1&resize=350%2C200 1x, https:\/\/i0.wp.com\/gersonguelmann.com.br\/blog\/wp-content\/uploads\/2023\/04\/HojePR-2.jpg?fit=764%2C955&ssl=1&resize=525%2C300 1.5x, https:\/\/i0.wp.com\/gersonguelmann.com.br\/blog\/wp-content\/uploads\/2023\/04\/HojePR-2.jpg?fit=764%2C955&ssl=1&resize=700%2C400 2x"},"classes":[]}],"jetpack_sharing_enabled":true,"post_mailing_queue_ids":[],"_links":{"self":[{"href":"https:\/\/gersonguelmann.com.br\/blog\/wp-json\/wp\/v2\/posts\/7967","targetHints":{"allow":["GET"]}}],"collection":[{"href":"https:\/\/gersonguelmann.com.br\/blog\/wp-json\/wp\/v2\/posts"}],"about":[{"href":"https:\/\/gersonguelmann.com.br\/blog\/wp-json\/wp\/v2\/types\/post"}],"author":[{"embeddable":true,"href":"https:\/\/gersonguelmann.com.br\/blog\/wp-json\/wp\/v2\/users\/5"}],"replies":[{"embeddable":true,"href":"https:\/\/gersonguelmann.com.br\/blog\/wp-json\/wp\/v2\/comments?post=7967"}],"version-history":[{"count":0,"href":"https:\/\/gersonguelmann.com.br\/blog\/wp-json\/wp\/v2\/posts\/7967\/revisions"}],"wp:featuredmedia":[{"embeddable":true,"href":"https:\/\/gersonguelmann.com.br\/blog\/wp-json\/wp\/v2\/media\/7969"}],"wp:attachment":[{"href":"https:\/\/gersonguelmann.com.br\/blog\/wp-json\/wp\/v2\/media?parent=7967"}],"wp:term":[{"taxonomy":"category","embeddable":true,"href":"https:\/\/gersonguelmann.com.br\/blog\/wp-json\/wp\/v2\/categories?post=7967"},{"taxonomy":"post_tag","embeddable":true,"href":"https:\/\/gersonguelmann.com.br\/blog\/wp-json\/wp\/v2\/tags?post=7967"}],"curies":[{"name":"wp","href":"https:\/\/api.w.org\/{rel}","templated":true}]}}