    {"id":7985,"date":"2018-02-01T16:00:57","date_gmt":"2018-02-01T18:00:57","guid":{"rendered":"https:\/\/gersonguelmann.com.br\/blog\/?p=7985"},"modified":"2018-02-01T16:52:29","modified_gmt":"2018-02-01T18:52:29","slug":"jaime-lerner-no-palanque-em-maringa","status":"publish","type":"post","link":"https:\/\/gersonguelmann.com.br\/blog\/jaime-lerner-no-palanque-em-maringa\/","title":{"rendered":"Jaime Lerner no Palanque em Maring\u00e1"},"content":{"rendered":"<p><span style=\"font-family: verdana, geneva, sans-serif; font-size: 14pt; color: #000000;\">Quando era Governador, o Jaime Lerner foi participar de um evento em Maring\u00e1. N\u00e3o lembro se era com\u00edcio ou inaugura\u00e7\u00e3o.<\/span><\/p>\n<p><span style=\"font-family: verdana, geneva, sans-serif; font-size: 14pt; color: #000000;\">Como \u00e9 a praxe nesses casos ele foi o \u00faltimo a falar e, tamb\u00e9m como de costume, estava cercado pelos pol\u00edticos e autoridades locais, todos querendo aparecer nas imagens.<\/span><\/p>\n<p><span style=\"font-family: verdana, geneva, sans-serif; font-size: 14pt; color: #000000;\">De vez em quando um personagem da cidade que estava mais pr\u00f3ximo dizia alguma coisa no ouvido do Jaime. Isso se repetiu algumas vezes, a ponto de n\u00f3s, auxiliares dele, ficarmos curiosos.<\/span><\/p>\n<p><span style=\"font-family: verdana, geneva, sans-serif; font-size: 14pt; color: #000000;\">Terminado o evento, perguntamos o que o cidad\u00e3o tanto queria.<\/span><\/p>\n<p><span style=\"font-family: verdana, geneva, sans-serif; font-size: 14pt; color: #000000;\">O Jaime esclareceu. O sujeito cochichava:<\/span><br \/>\n<em><span style=\"font-family: verdana, geneva, sans-serif; font-size: 14pt; color: #000000;\">&#8211; &#8220;Fale de mim.&#8221;<\/span><\/em><\/p>\n<p><img data-recalc-dims=\"1\" decoding=\"async\" data-attachment-id=\"7986\" data-permalink=\"https:\/\/gersonguelmann.com.br\/blog\/jaime-lerner-no-palanque-em-maringa\/palanque\/\" data-orig-file=\"https:\/\/i0.wp.com\/gersonguelmann.com.br\/blog\/wp-content\/uploads\/2018\/02\/Palanque.jpg?fit=318%2C159&amp;ssl=1\" data-orig-size=\"318,159\" data-comments-opened=\"1\" data-image-meta=\"{&quot;aperture&quot;:&quot;0&quot;,&quot;credit&quot;:&quot;&quot;,&quot;camera&quot;:&quot;&quot;,&quot;caption&quot;:&quot;&quot;,&quot;created_timestamp&quot;:&quot;0&quot;,&quot;copyright&quot;:&quot;&quot;,&quot;focal_length&quot;:&quot;0&quot;,&quot;iso&quot;:&quot;0&quot;,&quot;shutter_speed&quot;:&quot;0&quot;,&quot;title&quot;:&quot;&quot;,&quot;orientation&quot;:&quot;0&quot;}\" data-image-title=\"Palanque\" data-image-description=\"\" data-image-caption=\"\" data-medium-file=\"https:\/\/i0.wp.com\/gersonguelmann.com.br\/blog\/wp-content\/uploads\/2018\/02\/Palanque.jpg?fit=300%2C150&amp;ssl=1\" data-large-file=\"https:\/\/i0.wp.com\/gersonguelmann.com.br\/blog\/wp-content\/uploads\/2018\/02\/Palanque.jpg?fit=318%2C159&amp;ssl=1\" class=\"size-medium wp-image-7986 aligncenter\" src=\"https:\/\/i0.wp.com\/gersonguelmann.com.br\/blog\/wp-content\/uploads\/2018\/02\/Palanque.jpg?resize=300%2C150&#038;ssl=1\" alt=\"\" width=\"300\" height=\"150\" srcset=\"https:\/\/i0.wp.com\/gersonguelmann.com.br\/blog\/wp-content\/uploads\/2018\/02\/Palanque.jpg?resize=300%2C150&amp;ssl=1 300w, https:\/\/i0.wp.com\/gersonguelmann.com.br\/blog\/wp-content\/uploads\/2018\/02\/Palanque.jpg?w=318&amp;ssl=1 318w\" sizes=\"(max-width: 300px) 100vw, 300px\" \/><\/p>\n<p>&nbsp;<\/p>\n<p>&nbsp;<\/p>\n","protected":false},"excerpt":{"rendered":"<p>Quando era Governador, o Jaime Lerner foi participar de um evento em Maring\u00e1. N\u00e3o lembro se era com\u00edcio ou inaugura\u00e7\u00e3o. Como \u00e9 a praxe nesses casos ele foi o \u00faltimo a falar e, tamb\u00e9m como de costume, estava cercado pelos pol\u00edticos e autoridades locais, todos querendo aparecer nas imagens. De vez em quando um personagem [&hellip;]<\/p>\n","protected":false},"author":5,"featured_media":7986,"comment_status":"open","ping_status":"open","sticky":false,"template":"","format":"standard","meta":{"_acf_changed":false,"jetpack_post_was_ever_published":false,"_jetpack_newsletter_access":"","_jetpack_dont_email_post_to_subs":false,"_jetpack_newsletter_tier_id":0,"_jetpack_memberships_contains_paywalled_content":false,"_jetpack_memberships_contains_paid_content":false,"footnotes":"","jetpack_publicize_message":"","jetpack_publicize_feature_enabled":true,"jetpack_social_post_already_shared":true,"jetpack_social_options":{"image_generator_settings":{"template":"highway","default_image_id":0,"font":"","enabled":false},"version":2}},"categories":[1],"tags":[],"class_list":["post-7985","post","type-post","status-publish","format-standard","has-post-thumbnail","hentry","category-sem-categoria"],"acf":[],"yoast_head":"<!-- This site is optimized with the Yoast SEO plugin v27.3 - https:\/\/yoast.com\/product\/yoast-seo-wordpress\/ -->\n<title>Jaime Lerner no Palanque em Maring\u00e1 | Blog do Guelmann<\/title>\n<meta name=\"robots\" content=\"index, follow, max-snippet:-1, max-image-preview:large, max-video-preview:-1\" \/>\n<link rel=\"canonical\" href=\"https:\/\/gersonguelmann.com.br\/blog\/jaime-lerner-no-palanque-em-maringa\/\" \/>\n<meta property=\"og:locale\" content=\"pt_BR\" \/>\n<meta property=\"og:type\" content=\"article\" \/>\n<meta property=\"og:title\" content=\"Jaime Lerner no Palanque em Maring\u00e1 | Blog do Guelmann\" \/>\n<meta property=\"og:description\" content=\"Quando era Governador, o Jaime Lerner foi participar de um evento em Maring\u00e1. N\u00e3o lembro se era com\u00edcio ou inaugura\u00e7\u00e3o. Como \u00e9 a praxe nesses casos ele foi o \u00faltimo a falar e, tamb\u00e9m como de costume, estava cercado pelos pol\u00edticos e autoridades locais, todos querendo aparecer nas imagens. De vez em quando um personagem [&hellip;]\" \/>\n<meta property=\"og:url\" content=\"https:\/\/gersonguelmann.com.br\/blog\/jaime-lerner-no-palanque-em-maringa\/\" \/>\n<meta property=\"og:site_name\" content=\"Blog do Guelmann\" \/>\n<meta property=\"article:published_time\" content=\"2018-02-01T18:00:57+00:00\" \/>\n<meta property=\"article:modified_time\" content=\"2018-02-01T18:52:29+00:00\" \/>\n<meta property=\"og:image\" content=\"https:\/\/i0.wp.com\/gersonguelmann.com.br\/blog\/wp-content\/uploads\/2018\/02\/Palanque.jpg?fit=318%2C159&ssl=1\" \/>\n\t<meta property=\"og:image:width\" content=\"318\" \/>\n\t<meta property=\"og:image:height\" content=\"159\" \/>\n\t<meta property=\"og:image:type\" content=\"image\/jpeg\" \/>\n<meta name=\"author\" content=\"Gerson Guelmann\" \/>\n<meta name=\"twitter:card\" content=\"summary_large_image\" \/>\n<meta name=\"twitter:label1\" content=\"Escrito por\" \/>\n\t<meta name=\"twitter:data1\" content=\"Gerson Guelmann\" \/>\n\t<meta name=\"twitter:label2\" content=\"Est. tempo de leitura\" \/>\n\t<meta name=\"twitter:data2\" content=\"1 minuto\" \/>\n<script type=\"application\/ld+json\" class=\"yoast-schema-graph\">{\"@context\":\"https:\\\/\\\/schema.org\",\"@graph\":[{\"@type\":\"Article\",\"@id\":\"https:\\\/\\\/gersonguelmann.com.br\\\/blog\\\/jaime-lerner-no-palanque-em-maringa\\\/#article\",\"isPartOf\":{\"@id\":\"https:\\\/\\\/gersonguelmann.com.br\\\/blog\\\/jaime-lerner-no-palanque-em-maringa\\\/\"},\"author\":{\"name\":\"Gerson Guelmann\",\"@id\":\"https:\\\/\\\/gersonguelmann.com.br\\\/blog\\\/#\\\/schema\\\/person\\\/87e70e2a786888082f941a482c90569e\"},\"headline\":\"Jaime Lerner no Palanque em Maring\u00e1\",\"datePublished\":\"2018-02-01T18:00:57+00:00\",\"dateModified\":\"2018-02-01T18:52:29+00:00\",\"mainEntityOfPage\":{\"@id\":\"https:\\\/\\\/gersonguelmann.com.br\\\/blog\\\/jaime-lerner-no-palanque-em-maringa\\\/\"},\"wordCount\":116,\"commentCount\":0,\"image\":{\"@id\":\"https:\\\/\\\/gersonguelmann.com.br\\\/blog\\\/jaime-lerner-no-palanque-em-maringa\\\/#primaryimage\"},\"thumbnailUrl\":\"https:\\\/\\\/i0.wp.com\\\/gersonguelmann.com.br\\\/blog\\\/wp-content\\\/uploads\\\/2018\\\/02\\\/Palanque.jpg?fit=318%2C159&ssl=1\",\"inLanguage\":\"pt-BR\",\"potentialAction\":[{\"@type\":\"CommentAction\",\"name\":\"Comment\",\"target\":[\"https:\\\/\\\/gersonguelmann.com.br\\\/blog\\\/jaime-lerner-no-palanque-em-maringa\\\/#respond\"]}]},{\"@type\":\"WebPage\",\"@id\":\"https:\\\/\\\/gersonguelmann.com.br\\\/blog\\\/jaime-lerner-no-palanque-em-maringa\\\/\",\"url\":\"https:\\\/\\\/gersonguelmann.com.br\\\/blog\\\/jaime-lerner-no-palanque-em-maringa\\\/\",\"name\":\"Jaime Lerner no Palanque em Maring\u00e1 | Blog do Guelmann\",\"isPartOf\":{\"@id\":\"https:\\\/\\\/gersonguelmann.com.br\\\/blog\\\/#website\"},\"primaryImageOfPage\":{\"@id\":\"https:\\\/\\\/gersonguelmann.com.br\\\/blog\\\/jaime-lerner-no-palanque-em-maringa\\\/#primaryimage\"},\"image\":{\"@id\":\"https:\\\/\\\/gersonguelmann.com.br\\\/blog\\\/jaime-lerner-no-palanque-em-maringa\\\/#primaryimage\"},\"thumbnailUrl\":\"https:\\\/\\\/i0.wp.com\\\/gersonguelmann.com.br\\\/blog\\\/wp-content\\\/uploads\\\/2018\\\/02\\\/Palanque.jpg?fit=318%2C159&ssl=1\",\"datePublished\":\"2018-02-01T18:00:57+00:00\",\"dateModified\":\"2018-02-01T18:52:29+00:00\",\"author\":{\"@id\":\"https:\\\/\\\/gersonguelmann.com.br\\\/blog\\\/#\\\/schema\\\/person\\\/87e70e2a786888082f941a482c90569e\"},\"inLanguage\":\"pt-BR\",\"potentialAction\":[{\"@type\":\"ReadAction\",\"target\":[\"https:\\\/\\\/gersonguelmann.com.br\\\/blog\\\/jaime-lerner-no-palanque-em-maringa\\\/\"]}]},{\"@type\":\"ImageObject\",\"inLanguage\":\"pt-BR\",\"@id\":\"https:\\\/\\\/gersonguelmann.com.br\\\/blog\\\/jaime-lerner-no-palanque-em-maringa\\\/#primaryimage\",\"url\":\"https:\\\/\\\/i0.wp.com\\\/gersonguelmann.com.br\\\/blog\\\/wp-content\\\/uploads\\\/2018\\\/02\\\/Palanque.jpg?fit=318%2C159&ssl=1\",\"contentUrl\":\"https:\\\/\\\/i0.wp.com\\\/gersonguelmann.com.br\\\/blog\\\/wp-content\\\/uploads\\\/2018\\\/02\\\/Palanque.jpg?fit=318%2C159&ssl=1\",\"width\":318,\"height\":159},{\"@type\":\"WebSite\",\"@id\":\"https:\\\/\\\/gersonguelmann.com.br\\\/blog\\\/#website\",\"url\":\"https:\\\/\\\/gersonguelmann.com.br\\\/blog\\\/\",\"name\":\"Blog do Guelmann\",\"description\":\"Pitadas da sabedoria e do humor judaicos, assuntos do momento e um pouco das hist\u00f3rias que vivi e testemunhei.\",\"potentialAction\":[{\"@type\":\"SearchAction\",\"target\":{\"@type\":\"EntryPoint\",\"urlTemplate\":\"https:\\\/\\\/gersonguelmann.com.br\\\/blog\\\/?s={search_term_string}\"},\"query-input\":{\"@type\":\"PropertyValueSpecification\",\"valueRequired\":true,\"valueName\":\"search_term_string\"}}],\"inLanguage\":\"pt-BR\"},{\"@type\":\"Person\",\"@id\":\"https:\\\/\\\/gersonguelmann.com.br\\\/blog\\\/#\\\/schema\\\/person\\\/87e70e2a786888082f941a482c90569e\",\"name\":\"Gerson Guelmann\",\"image\":{\"@type\":\"ImageObject\",\"inLanguage\":\"pt-BR\",\"@id\":\"https:\\\/\\\/i0.wp.com\\\/gersonguelmann.com.br\\\/blog\\\/wp-content\\\/uploads\\\/2021\\\/08\\\/BLOG.jpeg?fit=96%2C96&ssl=1\",\"url\":\"https:\\\/\\\/i0.wp.com\\\/gersonguelmann.com.br\\\/blog\\\/wp-content\\\/uploads\\\/2021\\\/08\\\/BLOG.jpeg?fit=96%2C96&ssl=1\",\"contentUrl\":\"https:\\\/\\\/i0.wp.com\\\/gersonguelmann.com.br\\\/blog\\\/wp-content\\\/uploads\\\/2021\\\/08\\\/BLOG.jpeg?fit=96%2C96&ssl=1\",\"caption\":\"Gerson Guelmann\"},\"description\":\"Pitadas da sabedoria e do humor judaicos, assuntos do momento e um pouco das hist\u00f3rias que vivi e testemunhei.\"}]}<\/script>\n<!-- \/ Yoast SEO plugin. -->","yoast_head_json":{"title":"Jaime Lerner no Palanque em Maring\u00e1 | Blog do Guelmann","robots":{"index":"index","follow":"follow","max-snippet":"max-snippet:-1","max-image-preview":"max-image-preview:large","max-video-preview":"max-video-preview:-1"},"canonical":"https:\/\/gersonguelmann.com.br\/blog\/jaime-lerner-no-palanque-em-maringa\/","og_locale":"pt_BR","og_type":"article","og_title":"Jaime Lerner no Palanque em Maring\u00e1 | Blog do Guelmann","og_description":"Quando era Governador, o Jaime Lerner foi participar de um evento em Maring\u00e1. N\u00e3o lembro se era com\u00edcio ou inaugura\u00e7\u00e3o. Como \u00e9 a praxe nesses casos ele foi o \u00faltimo a falar e, tamb\u00e9m como de costume, estava cercado pelos pol\u00edticos e autoridades locais, todos querendo aparecer nas imagens. De vez em quando um personagem [&hellip;]","og_url":"https:\/\/gersonguelmann.com.br\/blog\/jaime-lerner-no-palanque-em-maringa\/","og_site_name":"Blog do Guelmann","article_published_time":"2018-02-01T18:00:57+00:00","article_modified_time":"2018-02-01T18:52:29+00:00","og_image":[{"width":318,"height":159,"url":"https:\/\/i0.wp.com\/gersonguelmann.com.br\/blog\/wp-content\/uploads\/2018\/02\/Palanque.jpg?fit=318%2C159&ssl=1","type":"image\/jpeg"}],"author":"Gerson Guelmann","twitter_card":"summary_large_image","twitter_misc":{"Escrito por":"Gerson Guelmann","Est. tempo de leitura":"1 minuto"},"schema":{"@context":"https:\/\/schema.org","@graph":[{"@type":"Article","@id":"https:\/\/gersonguelmann.com.br\/blog\/jaime-lerner-no-palanque-em-maringa\/#article","isPartOf":{"@id":"https:\/\/gersonguelmann.com.br\/blog\/jaime-lerner-no-palanque-em-maringa\/"},"author":{"name":"Gerson Guelmann","@id":"https:\/\/gersonguelmann.com.br\/blog\/#\/schema\/person\/87e70e2a786888082f941a482c90569e"},"headline":"Jaime Lerner no Palanque em Maring\u00e1","datePublished":"2018-02-01T18:00:57+00:00","dateModified":"2018-02-01T18:52:29+00:00","mainEntityOfPage":{"@id":"https:\/\/gersonguelmann.com.br\/blog\/jaime-lerner-no-palanque-em-maringa\/"},"wordCount":116,"commentCount":0,"image":{"@id":"https:\/\/gersonguelmann.com.br\/blog\/jaime-lerner-no-palanque-em-maringa\/#primaryimage"},"thumbnailUrl":"https:\/\/i0.wp.com\/gersonguelmann.com.br\/blog\/wp-content\/uploads\/2018\/02\/Palanque.jpg?fit=318%2C159&ssl=1","inLanguage":"pt-BR","potentialAction":[{"@type":"CommentAction","name":"Comment","target":["https:\/\/gersonguelmann.com.br\/blog\/jaime-lerner-no-palanque-em-maringa\/#respond"]}]},{"@type":"WebPage","@id":"https:\/\/gersonguelmann.com.br\/blog\/jaime-lerner-no-palanque-em-maringa\/","url":"https:\/\/gersonguelmann.com.br\/blog\/jaime-lerner-no-palanque-em-maringa\/","name":"Jaime Lerner no Palanque em Maring\u00e1 | Blog do Guelmann","isPartOf":{"@id":"https:\/\/gersonguelmann.com.br\/blog\/#website"},"primaryImageOfPage":{"@id":"https:\/\/gersonguelmann.com.br\/blog\/jaime-lerner-no-palanque-em-maringa\/#primaryimage"},"image":{"@id":"https:\/\/gersonguelmann.com.br\/blog\/jaime-lerner-no-palanque-em-maringa\/#primaryimage"},"thumbnailUrl":"https:\/\/i0.wp.com\/gersonguelmann.com.br\/blog\/wp-content\/uploads\/2018\/02\/Palanque.jpg?fit=318%2C159&ssl=1","datePublished":"2018-02-01T18:00:57+00:00","dateModified":"2018-02-01T18:52:29+00:00","author":{"@id":"https:\/\/gersonguelmann.com.br\/blog\/#\/schema\/person\/87e70e2a786888082f941a482c90569e"},"inLanguage":"pt-BR","potentialAction":[{"@type":"ReadAction","target":["https:\/\/gersonguelmann.com.br\/blog\/jaime-lerner-no-palanque-em-maringa\/"]}]},{"@type":"ImageObject","inLanguage":"pt-BR","@id":"https:\/\/gersonguelmann.com.br\/blog\/jaime-lerner-no-palanque-em-maringa\/#primaryimage","url":"https:\/\/i0.wp.com\/gersonguelmann.com.br\/blog\/wp-content\/uploads\/2018\/02\/Palanque.jpg?fit=318%2C159&ssl=1","contentUrl":"https:\/\/i0.wp.com\/gersonguelmann.com.br\/blog\/wp-content\/uploads\/2018\/02\/Palanque.jpg?fit=318%2C159&ssl=1","width":318,"height":159},{"@type":"WebSite","@id":"https:\/\/gersonguelmann.com.br\/blog\/#website","url":"https:\/\/gersonguelmann.com.br\/blog\/","name":"Blog do Guelmann","description":"Pitadas da sabedoria e do humor judaicos, assuntos do momento e um pouco das hist\u00f3rias que vivi e testemunhei.","potentialAction":[{"@type":"SearchAction","target":{"@type":"EntryPoint","urlTemplate":"https:\/\/gersonguelmann.com.br\/blog\/?s={search_term_string}"},"query-input":{"@type":"PropertyValueSpecification","valueRequired":true,"valueName":"search_term_string"}}],"inLanguage":"pt-BR"},{"@type":"Person","@id":"https:\/\/gersonguelmann.com.br\/blog\/#\/schema\/person\/87e70e2a786888082f941a482c90569e","name":"Gerson Guelmann","image":{"@type":"ImageObject","inLanguage":"pt-BR","@id":"https:\/\/i0.wp.com\/gersonguelmann.com.br\/blog\/wp-content\/uploads\/2021\/08\/BLOG.jpeg?fit=96%2C96&ssl=1","url":"https:\/\/i0.wp.com\/gersonguelmann.com.br\/blog\/wp-content\/uploads\/2021\/08\/BLOG.jpeg?fit=96%2C96&ssl=1","contentUrl":"https:\/\/i0.wp.com\/gersonguelmann.com.br\/blog\/wp-content\/uploads\/2021\/08\/BLOG.jpeg?fit=96%2C96&ssl=1","caption":"Gerson Guelmann"},"description":"Pitadas da sabedoria e do humor judaicos, assuntos do momento e um pouco das hist\u00f3rias que vivi e testemunhei."}]}},"views":62,"jetpack_publicize_connections":[],"jetpack_featured_media_url":"https:\/\/i0.wp.com\/gersonguelmann.com.br\/blog\/wp-content\/uploads\/2018\/02\/Palanque.jpg?fit=318%2C159&ssl=1","jetpack_shortlink":"https:\/\/wp.me\/p96e7O-24N","jetpack-related-posts":[{"id":21741,"url":"https:\/\/gersonguelmann.com.br\/blog\/o-jaime-lerner-e-o-soldado-na-porta\/","url_meta":{"origin":7985,"position":0},"title":"O Jaime Lerner e o Soldado na Porta","author":"Gerson Guelmann","date":"5 de junho de 2021","format":false,"excerpt":"Observa\u00e7\u00e3o: este artigo foi escrito originalmente em 11\/3\/2021, antes do falecimento do Jaime Lerner. Fiz algumas altera\u00e7\u00f5es no texto e estou republicando-o. Se voc\u00ea digitar \"JAIME LERNER\" na caixa de pesquisa aqui no lado direito do Blog, encontrar\u00e1 muitas publica\u00e7\u00f5es sobre ele. Agora, ainda muito impactado por seu desaparecimento, me\u2026","rel":"","context":"Em &quot;Sem categoria&quot;","block_context":{"text":"Sem categoria","link":"https:\/\/gersonguelmann.com.br\/blog\/category\/sem-categoria\/"},"img":{"alt_text":"","src":"https:\/\/i0.wp.com\/gersonguelmann.com.br\/blog\/wp-content\/uploads\/2021\/03\/HOTEL.jpg?fit=638%2C429&ssl=1&resize=350%2C200","width":350,"height":200,"srcset":"https:\/\/i0.wp.com\/gersonguelmann.com.br\/blog\/wp-content\/uploads\/2021\/03\/HOTEL.jpg?fit=638%2C429&ssl=1&resize=350%2C200 1x, https:\/\/i0.wp.com\/gersonguelmann.com.br\/blog\/wp-content\/uploads\/2021\/03\/HOTEL.jpg?fit=638%2C429&ssl=1&resize=525%2C300 1.5x"},"classes":[]},{"id":26087,"url":"https:\/\/gersonguelmann.com.br\/blog\/o-almoco-de-da-ruth-cardoso-e-o-camarao-que-jaime-lerner-nao-engoliu\/","url_meta":{"origin":7985,"position":1},"title":"O Almo\u00e7o de D\u00aa Ruth Cardoso e o Camar\u00e3o que Jaime Lerner N\u00e3o Engoliu","author":"Gerson Guelmann","date":"23 de junho de 2025","format":false,"excerpt":"N\u00e3o h\u00e1 carreira pol\u00edtica que escape de um trope\u00e7o aqui e outro acol\u00e1 \u2014 e isso vale para o Brasil e para o mundo. Desde sempre, os pol\u00edticos contribuem com gafes que, quando cometidas em p\u00fablico, fazem seus assessores suarem frio e as plateias rirem \u2014 se n\u00e3o abertamente, ao\u2026","rel":"","context":"Em &quot;Sem categoria&quot;","block_context":{"text":"Sem categoria","link":"https:\/\/gersonguelmann.com.br\/blog\/category\/sem-categoria\/"},"img":{"alt_text":"","src":"https:\/\/i0.wp.com\/gersonguelmann.com.br\/blog\/wp-content\/uploads\/2025\/06\/HojePR-40.jpg?fit=600%2C400&ssl=1&resize=350%2C200","width":350,"height":200,"srcset":"https:\/\/i0.wp.com\/gersonguelmann.com.br\/blog\/wp-content\/uploads\/2025\/06\/HojePR-40.jpg?fit=600%2C400&ssl=1&resize=350%2C200 1x, https:\/\/i0.wp.com\/gersonguelmann.com.br\/blog\/wp-content\/uploads\/2025\/06\/HojePR-40.jpg?fit=600%2C400&ssl=1&resize=525%2C300 1.5x"},"classes":[]},{"id":295,"url":"https:\/\/gersonguelmann.com.br\/blog\/o-jaime-lerner-e-o-taxodium-distichum\/","url_meta":{"origin":7985,"position":2},"title":"O Jaime Lerner z&#8217;l e o Taxodium Distichum","author":"Gerson Guelmann","date":"29 de maio de 2023","format":false,"excerpt":"O \u00faltimo s\u00e1bado marcou o 2\u00ba anivers\u00e1rio da partida do Jaime Lerner z'l (*), que nos deixou em 27 de maio de 2021, aos 83 anos e depois de uma vida intensa que o deixou marcado na hist\u00f3ria como um dos homens p\u00fablicos mais not\u00e1veis do Brasil. Renomado Urbanista, Arquiteto\u2026","rel":"","context":"Em &quot;Sem categoria&quot;","block_context":{"text":"Sem categoria","link":"https:\/\/gersonguelmann.com.br\/blog\/category\/sem-categoria\/"},"img":{"alt_text":"","src":"https:\/\/i0.wp.com\/gersonguelmann.com.br\/blog\/wp-content\/uploads\/2017\/02\/HojePR.jpg?fit=450%2C600&ssl=1&resize=350%2C200","width":350,"height":200},"classes":[]},{"id":23446,"url":"https:\/\/gersonguelmann.com.br\/blog\/monsieur-le-consul-a-curityba-e-a-bronca-do-jaime-lerner\/","url_meta":{"origin":7985,"position":3},"title":"Monsieur le Consul \u00e0 Curityba e a Bronca do Jaime Lerner","author":"Gerson Guelmann","date":"10 de junho de 2024","format":false,"excerpt":"Nas \u00faltimas semanas muitos Curitibanos compartilharam o v\u00eddeo da m\u00fasica \"Monsieur le Consul \u00e0 Curityba\", at\u00e9 ent\u00e3o desconhecida pela maioria. Eu mesmo o recebi muitas vezes e a todos respondi que j\u00e1 a conhecia, expliquei de onde, mas omiti um fato:- ela foi a raz\u00e3o de ter levado a \u00fanica\u2026","rel":"","context":"Em &quot;Sem categoria&quot;","block_context":{"text":"Sem categoria","link":"https:\/\/gersonguelmann.com.br\/blog\/category\/sem-categoria\/"},"img":{"alt_text":"","src":"https:\/\/i0.wp.com\/gersonguelmann.com.br\/blog\/wp-content\/uploads\/2024\/06\/HojePR-3.jpg?fit=720%2C511&ssl=1&resize=350%2C200","width":350,"height":200,"srcset":"https:\/\/i0.wp.com\/gersonguelmann.com.br\/blog\/wp-content\/uploads\/2024\/06\/HojePR-3.jpg?fit=720%2C511&ssl=1&resize=350%2C200 1x, https:\/\/i0.wp.com\/gersonguelmann.com.br\/blog\/wp-content\/uploads\/2024\/06\/HojePR-3.jpg?fit=720%2C511&ssl=1&resize=525%2C300 1.5x, https:\/\/i0.wp.com\/gersonguelmann.com.br\/blog\/wp-content\/uploads\/2024\/06\/HojePR-3.jpg?fit=720%2C511&ssl=1&resize=700%2C400 2x"},"classes":[]},{"id":162,"url":"https:\/\/gersonguelmann.com.br\/blog\/o-urbanista-amigo-do-jaime-lerner-a-lombada-e-a-lambada\/","url_meta":{"origin":7985,"position":4},"title":"O Urbanista Amigo do Jaime Lerner, a Lombada e a Lambada","author":"Gerson Guelmann","date":"2 de dezembro de 2024","format":false,"excerpt":"Em 1992, j\u00e1 no final do 3\u00ba e \u00faltimo mandato na Prefeitura, o Jaime Lerner recebeu a visita de um grande amigo, o tamb\u00e9m arquiteto Allan Jacobs. Allan \u00e9 professor em\u00e9rito de Planejamento Urbano e Regional na Faculdade de Design Ambiental da Universidade de Berkeley, na Calif\u00f3rnia, e se D'us\u2026","rel":"","context":"Em &quot;Sem categoria&quot;","block_context":{"text":"Sem categoria","link":"https:\/\/gersonguelmann.com.br\/blog\/category\/sem-categoria\/"},"img":{"alt_text":"","src":"https:\/\/i0.wp.com\/gersonguelmann.com.br\/blog\/wp-content\/uploads\/2021\/07\/LOMBADA.jpg?fit=1000%2C563&ssl=1&resize=350%2C200","width":350,"height":200,"srcset":"https:\/\/i0.wp.com\/gersonguelmann.com.br\/blog\/wp-content\/uploads\/2021\/07\/LOMBADA.jpg?fit=1000%2C563&ssl=1&resize=350%2C200 1x, https:\/\/i0.wp.com\/gersonguelmann.com.br\/blog\/wp-content\/uploads\/2021\/07\/LOMBADA.jpg?fit=1000%2C563&ssl=1&resize=525%2C300 1.5x, https:\/\/i0.wp.com\/gersonguelmann.com.br\/blog\/wp-content\/uploads\/2021\/07\/LOMBADA.jpg?fit=1000%2C563&ssl=1&resize=700%2C400 2x"},"classes":[]},{"id":17548,"url":"https:\/\/gersonguelmann.com.br\/blog\/jaime-lerner-a-greve-de-servidores-e-a-campainha\/","url_meta":{"origin":7985,"position":5},"title":"Jaime Lerner, a Greve de Servidores e a Campainha","author":"Gerson Guelmann","date":"24 de junho de 2024","format":false,"excerpt":"Os Curitibanos t\u00eam saudade do Jaime Lerner. A gente percebe isso nas conversas, nas m\u00eddias, em todos os lugares. O assunto \u00e9 sempre o mesmo: a Curitiba de antes e depois dele. N\u00e3o \u00e9 exagero dizer que h\u00e1 uma certa nostalgia de Jaime Lerner. Claro que h\u00e1 uma gera\u00e7\u00e3o inteira\u2026","rel":"","context":"Em &quot;Sem categoria&quot;","block_context":{"text":"Sem categoria","link":"https:\/\/gersonguelmann.com.br\/blog\/category\/sem-categoria\/"},"img":{"alt_text":"","src":"https:\/\/i0.wp.com\/gersonguelmann.com.br\/blog\/wp-content\/uploads\/2024\/06\/HojePR-12.jpg?fit=1200%2C900&ssl=1&resize=350%2C200","width":350,"height":200,"srcset":"https:\/\/i0.wp.com\/gersonguelmann.com.br\/blog\/wp-content\/uploads\/2024\/06\/HojePR-12.jpg?fit=1200%2C900&ssl=1&resize=350%2C200 1x, https:\/\/i0.wp.com\/gersonguelmann.com.br\/blog\/wp-content\/uploads\/2024\/06\/HojePR-12.jpg?fit=1200%2C900&ssl=1&resize=525%2C300 1.5x, https:\/\/i0.wp.com\/gersonguelmann.com.br\/blog\/wp-content\/uploads\/2024\/06\/HojePR-12.jpg?fit=1200%2C900&ssl=1&resize=700%2C400 2x, https:\/\/i0.wp.com\/gersonguelmann.com.br\/blog\/wp-content\/uploads\/2024\/06\/HojePR-12.jpg?fit=1200%2C900&ssl=1&resize=1050%2C600 3x"},"classes":[]}],"jetpack_sharing_enabled":true,"post_mailing_queue_ids":[],"_links":{"self":[{"href":"https:\/\/gersonguelmann.com.br\/blog\/wp-json\/wp\/v2\/posts\/7985","targetHints":{"allow":["GET"]}}],"collection":[{"href":"https:\/\/gersonguelmann.com.br\/blog\/wp-json\/wp\/v2\/posts"}],"about":[{"href":"https:\/\/gersonguelmann.com.br\/blog\/wp-json\/wp\/v2\/types\/post"}],"author":[{"embeddable":true,"href":"https:\/\/gersonguelmann.com.br\/blog\/wp-json\/wp\/v2\/users\/5"}],"replies":[{"embeddable":true,"href":"https:\/\/gersonguelmann.com.br\/blog\/wp-json\/wp\/v2\/comments?post=7985"}],"version-history":[{"count":0,"href":"https:\/\/gersonguelmann.com.br\/blog\/wp-json\/wp\/v2\/posts\/7985\/revisions"}],"wp:featuredmedia":[{"embeddable":true,"href":"https:\/\/gersonguelmann.com.br\/blog\/wp-json\/wp\/v2\/media\/7986"}],"wp:attachment":[{"href":"https:\/\/gersonguelmann.com.br\/blog\/wp-json\/wp\/v2\/media?parent=7985"}],"wp:term":[{"taxonomy":"category","embeddable":true,"href":"https:\/\/gersonguelmann.com.br\/blog\/wp-json\/wp\/v2\/categories?post=7985"},{"taxonomy":"post_tag","embeddable":true,"href":"https:\/\/gersonguelmann.com.br\/blog\/wp-json\/wp\/v2\/tags?post=7985"}],"curies":[{"name":"wp","href":"https:\/\/api.w.org\/{rel}","templated":true}]}}