    {"id":7988,"date":"2018-02-01T17:00:59","date_gmt":"2018-02-01T19:00:59","guid":{"rendered":"https:\/\/gersonguelmann.com.br\/blog\/?p=7988"},"modified":"2018-02-01T17:15:01","modified_gmt":"2018-02-01T19:15:01","slug":"vesperas-ariano-suassuna","status":"publish","type":"post","link":"https:\/\/gersonguelmann.com.br\/blog\/vesperas-ariano-suassuna\/","title":{"rendered":"V\u00e9speras &#8211; Ariano Suassuna"},"content":{"rendered":"<p style=\"text-align: center;\"><span style=\"font-family: verdana, geneva, sans-serif; font-size: 14pt; color: #000000;\"><em><b>A mulher e o reino<\/b><\/em><\/span><\/p>\n<p><span style=\"font-family: verdana, geneva, sans-serif; font-size: 14pt; color: #000000;\">Oh! Rom\u00e3 do pomar, relva esmeralda<\/span><br \/>\n<span style=\"font-family: verdana, geneva, sans-serif; font-size: 14pt; color: #000000;\">Olhos de ouro e azul, minha alaz\u00e3\u00a0<\/span><br \/>\n<span style=\"font-family: verdana, geneva, sans-serif; font-size: 14pt; color: #000000;\">\u00c1ria em forma de sol, fruto de prata<\/span><br \/>\n<span style=\"font-family: verdana, geneva, sans-serif; font-size: 14pt; color: #000000;\">Meu ch\u00e3o, meu anel , cor do amanh\u00e3<\/span><\/p>\n<p><span style=\"font-family: verdana, geneva, sans-serif; font-size: 14pt; color: #000000;\">Oh! Meu sangue, meu sono e dor, coragem<\/span><br \/>\n<span style=\"font-family: verdana, geneva, sans-serif; font-size: 14pt; color: #000000;\">Meu candeeiro aceso da miragem<\/span><br \/>\n<span style=\"font-family: verdana, geneva, sans-serif; font-size: 14pt; color: #000000;\">Meu mito e meu poder, minha mulher<\/span><\/p>\n<p><span style=\"font-family: verdana, geneva, sans-serif; font-size: 14pt; color: #000000;\">Dizem que tudo passa e o tempo duro<\/span><br \/>\n<span style=\"font-family: verdana, geneva, sans-serif; font-size: 14pt; color: #000000;\">tudo esfarela<\/span><br \/>\n<span style=\"font-family: verdana, geneva, sans-serif; font-size: 14pt; color: #000000;\">O sangue h\u00e1 de morrer<\/span><\/p>\n<p><span style=\"font-family: verdana, geneva, sans-serif; font-size: 14pt; color: #000000;\">Mas quando a luz me diz que esse ouro puro se acaba p\u00f4r finar e corromper<\/span><br \/>\n<span style=\"font-family: verdana, geneva, sans-serif; font-size: 14pt; color: #000000;\">Meu sangue ferve contra a v\u00e3 raz\u00e3o<\/span><br \/>\n<span style=\"font-family: verdana, geneva, sans-serif; font-size: 14pt; color: #000000;\">E h\u00e1 de pulsar o amor na escurid\u00e3o<\/span><\/p>\n<p style=\"text-align: center;\"><img data-recalc-dims=\"1\" fetchpriority=\"high\" decoding=\"async\" data-attachment-id=\"7989\" data-permalink=\"https:\/\/gersonguelmann.com.br\/blog\/vesperas-ariano-suassuna\/as-5\/\" data-orig-file=\"https:\/\/i0.wp.com\/gersonguelmann.com.br\/blog\/wp-content\/uploads\/2018\/02\/AS.jpg?fit=278%2C181&amp;ssl=1\" data-orig-size=\"278,181\" data-comments-opened=\"1\" data-image-meta=\"{&quot;aperture&quot;:&quot;0&quot;,&quot;credit&quot;:&quot;&quot;,&quot;camera&quot;:&quot;&quot;,&quot;caption&quot;:&quot;&quot;,&quot;created_timestamp&quot;:&quot;0&quot;,&quot;copyright&quot;:&quot;&quot;,&quot;focal_length&quot;:&quot;0&quot;,&quot;iso&quot;:&quot;0&quot;,&quot;shutter_speed&quot;:&quot;0&quot;,&quot;title&quot;:&quot;&quot;,&quot;orientation&quot;:&quot;0&quot;}\" data-image-title=\"AS\" data-image-description=\"\" data-image-caption=\"\" data-medium-file=\"https:\/\/i0.wp.com\/gersonguelmann.com.br\/blog\/wp-content\/uploads\/2018\/02\/AS.jpg?fit=278%2C181&amp;ssl=1\" data-large-file=\"https:\/\/i0.wp.com\/gersonguelmann.com.br\/blog\/wp-content\/uploads\/2018\/02\/AS.jpg?fit=278%2C181&amp;ssl=1\" class=\"alignnone size-full wp-image-7989\" src=\"https:\/\/i0.wp.com\/gersonguelmann.com.br\/blog\/wp-content\/uploads\/2018\/02\/AS.jpg?resize=278%2C181&#038;ssl=1\" alt=\"\" width=\"278\" height=\"181\" \/><br \/>\n<span style=\"font-family: verdana, geneva, sans-serif; font-size: 14pt;\"><strong><em>Ariano Vilar Suassuna<br \/>\nCidade da Parahyba (PB),\u00a016\/6\/1927<br \/>\nRecife (PE), 23\/7\/2014<\/em><\/strong><\/span><\/p>\n","protected":false},"excerpt":{"rendered":"<p>A mulher e o reino Oh! Rom\u00e3 do pomar, relva esmeralda Olhos de ouro e azul, minha alaz\u00e3\u00a0 \u00c1ria em forma de sol, fruto de prata Meu ch\u00e3o, meu anel , cor do amanh\u00e3 Oh! Meu sangue, meu sono e dor, coragem Meu candeeiro aceso da miragem Meu mito e meu poder, minha mulher Dizem [&hellip;]<\/p>\n","protected":false},"author":5,"featured_media":7989,"comment_status":"open","ping_status":"open","sticky":false,"template":"","format":"standard","meta":{"_acf_changed":false,"jetpack_post_was_ever_published":false,"_jetpack_newsletter_access":"","_jetpack_dont_email_post_to_subs":false,"_jetpack_newsletter_tier_id":0,"_jetpack_memberships_contains_paywalled_content":false,"_jetpack_memberships_contains_paid_content":false,"footnotes":"","jetpack_publicize_message":"","jetpack_publicize_feature_enabled":true,"jetpack_social_post_already_shared":true,"jetpack_social_options":{"image_generator_settings":{"template":"highway","default_image_id":0,"font":"","enabled":false},"version":2}},"categories":[1],"tags":[],"class_list":["post-7988","post","type-post","status-publish","format-standard","has-post-thumbnail","hentry","category-sem-categoria"],"acf":[],"yoast_head":"<!-- This site is optimized with the Yoast SEO plugin v27.3 - https:\/\/yoast.com\/product\/yoast-seo-wordpress\/ -->\n<title>V\u00e9speras - Ariano Suassuna | Blog do Guelmann<\/title>\n<meta name=\"robots\" content=\"index, follow, max-snippet:-1, max-image-preview:large, max-video-preview:-1\" \/>\n<link rel=\"canonical\" href=\"https:\/\/gersonguelmann.com.br\/blog\/vesperas-ariano-suassuna\/\" \/>\n<meta property=\"og:locale\" content=\"pt_BR\" \/>\n<meta property=\"og:type\" content=\"article\" \/>\n<meta property=\"og:title\" content=\"V\u00e9speras - Ariano Suassuna | Blog do Guelmann\" \/>\n<meta property=\"og:description\" content=\"A mulher e o reino Oh! Rom\u00e3 do pomar, relva esmeralda Olhos de ouro e azul, minha alaz\u00e3\u00a0 \u00c1ria em forma de sol, fruto de prata Meu ch\u00e3o, meu anel , cor do amanh\u00e3 Oh! Meu sangue, meu sono e dor, coragem Meu candeeiro aceso da miragem Meu mito e meu poder, minha mulher Dizem [&hellip;]\" \/>\n<meta property=\"og:url\" content=\"https:\/\/gersonguelmann.com.br\/blog\/vesperas-ariano-suassuna\/\" \/>\n<meta property=\"og:site_name\" content=\"Blog do Guelmann\" \/>\n<meta property=\"article:published_time\" content=\"2018-02-01T19:00:59+00:00\" \/>\n<meta property=\"article:modified_time\" content=\"2018-02-01T19:15:01+00:00\" \/>\n<meta property=\"og:image\" content=\"https:\/\/i0.wp.com\/gersonguelmann.com.br\/blog\/wp-content\/uploads\/2018\/02\/AS.jpg?fit=278%2C181&ssl=1\" \/>\n\t<meta property=\"og:image:width\" content=\"278\" \/>\n\t<meta property=\"og:image:height\" content=\"181\" \/>\n\t<meta property=\"og:image:type\" content=\"image\/jpeg\" \/>\n<meta name=\"author\" content=\"Gerson Guelmann\" \/>\n<meta name=\"twitter:card\" content=\"summary_large_image\" \/>\n<meta name=\"twitter:label1\" content=\"Escrito por\" \/>\n\t<meta name=\"twitter:data1\" content=\"Gerson Guelmann\" \/>\n\t<meta name=\"twitter:label2\" content=\"Est. tempo de leitura\" \/>\n\t<meta name=\"twitter:data2\" content=\"1 minuto\" \/>\n<script type=\"application\/ld+json\" class=\"yoast-schema-graph\">{\"@context\":\"https:\\\/\\\/schema.org\",\"@graph\":[{\"@type\":\"Article\",\"@id\":\"https:\\\/\\\/gersonguelmann.com.br\\\/blog\\\/vesperas-ariano-suassuna\\\/#article\",\"isPartOf\":{\"@id\":\"https:\\\/\\\/gersonguelmann.com.br\\\/blog\\\/vesperas-ariano-suassuna\\\/\"},\"author\":{\"name\":\"Gerson Guelmann\",\"@id\":\"https:\\\/\\\/gersonguelmann.com.br\\\/blog\\\/#\\\/schema\\\/person\\\/87e70e2a786888082f941a482c90569e\"},\"headline\":\"V\u00e9speras &#8211; Ariano Suassuna\",\"datePublished\":\"2018-02-01T19:00:59+00:00\",\"dateModified\":\"2018-02-01T19:15:01+00:00\",\"mainEntityOfPage\":{\"@id\":\"https:\\\/\\\/gersonguelmann.com.br\\\/blog\\\/vesperas-ariano-suassuna\\\/\"},\"wordCount\":117,\"commentCount\":0,\"image\":{\"@id\":\"https:\\\/\\\/gersonguelmann.com.br\\\/blog\\\/vesperas-ariano-suassuna\\\/#primaryimage\"},\"thumbnailUrl\":\"https:\\\/\\\/i0.wp.com\\\/gersonguelmann.com.br\\\/blog\\\/wp-content\\\/uploads\\\/2018\\\/02\\\/AS.jpg?fit=278%2C181&ssl=1\",\"inLanguage\":\"pt-BR\",\"potentialAction\":[{\"@type\":\"CommentAction\",\"name\":\"Comment\",\"target\":[\"https:\\\/\\\/gersonguelmann.com.br\\\/blog\\\/vesperas-ariano-suassuna\\\/#respond\"]}]},{\"@type\":\"WebPage\",\"@id\":\"https:\\\/\\\/gersonguelmann.com.br\\\/blog\\\/vesperas-ariano-suassuna\\\/\",\"url\":\"https:\\\/\\\/gersonguelmann.com.br\\\/blog\\\/vesperas-ariano-suassuna\\\/\",\"name\":\"V\u00e9speras - Ariano Suassuna | Blog do Guelmann\",\"isPartOf\":{\"@id\":\"https:\\\/\\\/gersonguelmann.com.br\\\/blog\\\/#website\"},\"primaryImageOfPage\":{\"@id\":\"https:\\\/\\\/gersonguelmann.com.br\\\/blog\\\/vesperas-ariano-suassuna\\\/#primaryimage\"},\"image\":{\"@id\":\"https:\\\/\\\/gersonguelmann.com.br\\\/blog\\\/vesperas-ariano-suassuna\\\/#primaryimage\"},\"thumbnailUrl\":\"https:\\\/\\\/i0.wp.com\\\/gersonguelmann.com.br\\\/blog\\\/wp-content\\\/uploads\\\/2018\\\/02\\\/AS.jpg?fit=278%2C181&ssl=1\",\"datePublished\":\"2018-02-01T19:00:59+00:00\",\"dateModified\":\"2018-02-01T19:15:01+00:00\",\"author\":{\"@id\":\"https:\\\/\\\/gersonguelmann.com.br\\\/blog\\\/#\\\/schema\\\/person\\\/87e70e2a786888082f941a482c90569e\"},\"inLanguage\":\"pt-BR\",\"potentialAction\":[{\"@type\":\"ReadAction\",\"target\":[\"https:\\\/\\\/gersonguelmann.com.br\\\/blog\\\/vesperas-ariano-suassuna\\\/\"]}]},{\"@type\":\"ImageObject\",\"inLanguage\":\"pt-BR\",\"@id\":\"https:\\\/\\\/gersonguelmann.com.br\\\/blog\\\/vesperas-ariano-suassuna\\\/#primaryimage\",\"url\":\"https:\\\/\\\/i0.wp.com\\\/gersonguelmann.com.br\\\/blog\\\/wp-content\\\/uploads\\\/2018\\\/02\\\/AS.jpg?fit=278%2C181&ssl=1\",\"contentUrl\":\"https:\\\/\\\/i0.wp.com\\\/gersonguelmann.com.br\\\/blog\\\/wp-content\\\/uploads\\\/2018\\\/02\\\/AS.jpg?fit=278%2C181&ssl=1\",\"width\":278,\"height\":181},{\"@type\":\"WebSite\",\"@id\":\"https:\\\/\\\/gersonguelmann.com.br\\\/blog\\\/#website\",\"url\":\"https:\\\/\\\/gersonguelmann.com.br\\\/blog\\\/\",\"name\":\"Blog do Guelmann\",\"description\":\"Pitadas da sabedoria e do humor judaicos, assuntos do momento e um pouco das hist\u00f3rias que vivi e testemunhei.\",\"potentialAction\":[{\"@type\":\"SearchAction\",\"target\":{\"@type\":\"EntryPoint\",\"urlTemplate\":\"https:\\\/\\\/gersonguelmann.com.br\\\/blog\\\/?s={search_term_string}\"},\"query-input\":{\"@type\":\"PropertyValueSpecification\",\"valueRequired\":true,\"valueName\":\"search_term_string\"}}],\"inLanguage\":\"pt-BR\"},{\"@type\":\"Person\",\"@id\":\"https:\\\/\\\/gersonguelmann.com.br\\\/blog\\\/#\\\/schema\\\/person\\\/87e70e2a786888082f941a482c90569e\",\"name\":\"Gerson Guelmann\",\"image\":{\"@type\":\"ImageObject\",\"inLanguage\":\"pt-BR\",\"@id\":\"https:\\\/\\\/i0.wp.com\\\/gersonguelmann.com.br\\\/blog\\\/wp-content\\\/uploads\\\/2021\\\/08\\\/BLOG.jpeg?fit=96%2C96&ssl=1\",\"url\":\"https:\\\/\\\/i0.wp.com\\\/gersonguelmann.com.br\\\/blog\\\/wp-content\\\/uploads\\\/2021\\\/08\\\/BLOG.jpeg?fit=96%2C96&ssl=1\",\"contentUrl\":\"https:\\\/\\\/i0.wp.com\\\/gersonguelmann.com.br\\\/blog\\\/wp-content\\\/uploads\\\/2021\\\/08\\\/BLOG.jpeg?fit=96%2C96&ssl=1\",\"caption\":\"Gerson Guelmann\"},\"description\":\"Pitadas da sabedoria e do humor judaicos, assuntos do momento e um pouco das hist\u00f3rias que vivi e testemunhei.\"}]}<\/script>\n<!-- \/ Yoast SEO plugin. -->","yoast_head_json":{"title":"V\u00e9speras - Ariano Suassuna | Blog do Guelmann","robots":{"index":"index","follow":"follow","max-snippet":"max-snippet:-1","max-image-preview":"max-image-preview:large","max-video-preview":"max-video-preview:-1"},"canonical":"https:\/\/gersonguelmann.com.br\/blog\/vesperas-ariano-suassuna\/","og_locale":"pt_BR","og_type":"article","og_title":"V\u00e9speras - Ariano Suassuna | Blog do Guelmann","og_description":"A mulher e o reino Oh! Rom\u00e3 do pomar, relva esmeralda Olhos de ouro e azul, minha alaz\u00e3\u00a0 \u00c1ria em forma de sol, fruto de prata Meu ch\u00e3o, meu anel , cor do amanh\u00e3 Oh! Meu sangue, meu sono e dor, coragem Meu candeeiro aceso da miragem Meu mito e meu poder, minha mulher Dizem [&hellip;]","og_url":"https:\/\/gersonguelmann.com.br\/blog\/vesperas-ariano-suassuna\/","og_site_name":"Blog do Guelmann","article_published_time":"2018-02-01T19:00:59+00:00","article_modified_time":"2018-02-01T19:15:01+00:00","og_image":[{"width":278,"height":181,"url":"https:\/\/i0.wp.com\/gersonguelmann.com.br\/blog\/wp-content\/uploads\/2018\/02\/AS.jpg?fit=278%2C181&ssl=1","type":"image\/jpeg"}],"author":"Gerson Guelmann","twitter_card":"summary_large_image","twitter_misc":{"Escrito por":"Gerson Guelmann","Est. tempo de leitura":"1 minuto"},"schema":{"@context":"https:\/\/schema.org","@graph":[{"@type":"Article","@id":"https:\/\/gersonguelmann.com.br\/blog\/vesperas-ariano-suassuna\/#article","isPartOf":{"@id":"https:\/\/gersonguelmann.com.br\/blog\/vesperas-ariano-suassuna\/"},"author":{"name":"Gerson Guelmann","@id":"https:\/\/gersonguelmann.com.br\/blog\/#\/schema\/person\/87e70e2a786888082f941a482c90569e"},"headline":"V\u00e9speras &#8211; Ariano Suassuna","datePublished":"2018-02-01T19:00:59+00:00","dateModified":"2018-02-01T19:15:01+00:00","mainEntityOfPage":{"@id":"https:\/\/gersonguelmann.com.br\/blog\/vesperas-ariano-suassuna\/"},"wordCount":117,"commentCount":0,"image":{"@id":"https:\/\/gersonguelmann.com.br\/blog\/vesperas-ariano-suassuna\/#primaryimage"},"thumbnailUrl":"https:\/\/i0.wp.com\/gersonguelmann.com.br\/blog\/wp-content\/uploads\/2018\/02\/AS.jpg?fit=278%2C181&ssl=1","inLanguage":"pt-BR","potentialAction":[{"@type":"CommentAction","name":"Comment","target":["https:\/\/gersonguelmann.com.br\/blog\/vesperas-ariano-suassuna\/#respond"]}]},{"@type":"WebPage","@id":"https:\/\/gersonguelmann.com.br\/blog\/vesperas-ariano-suassuna\/","url":"https:\/\/gersonguelmann.com.br\/blog\/vesperas-ariano-suassuna\/","name":"V\u00e9speras - Ariano Suassuna | Blog do Guelmann","isPartOf":{"@id":"https:\/\/gersonguelmann.com.br\/blog\/#website"},"primaryImageOfPage":{"@id":"https:\/\/gersonguelmann.com.br\/blog\/vesperas-ariano-suassuna\/#primaryimage"},"image":{"@id":"https:\/\/gersonguelmann.com.br\/blog\/vesperas-ariano-suassuna\/#primaryimage"},"thumbnailUrl":"https:\/\/i0.wp.com\/gersonguelmann.com.br\/blog\/wp-content\/uploads\/2018\/02\/AS.jpg?fit=278%2C181&ssl=1","datePublished":"2018-02-01T19:00:59+00:00","dateModified":"2018-02-01T19:15:01+00:00","author":{"@id":"https:\/\/gersonguelmann.com.br\/blog\/#\/schema\/person\/87e70e2a786888082f941a482c90569e"},"inLanguage":"pt-BR","potentialAction":[{"@type":"ReadAction","target":["https:\/\/gersonguelmann.com.br\/blog\/vesperas-ariano-suassuna\/"]}]},{"@type":"ImageObject","inLanguage":"pt-BR","@id":"https:\/\/gersonguelmann.com.br\/blog\/vesperas-ariano-suassuna\/#primaryimage","url":"https:\/\/i0.wp.com\/gersonguelmann.com.br\/blog\/wp-content\/uploads\/2018\/02\/AS.jpg?fit=278%2C181&ssl=1","contentUrl":"https:\/\/i0.wp.com\/gersonguelmann.com.br\/blog\/wp-content\/uploads\/2018\/02\/AS.jpg?fit=278%2C181&ssl=1","width":278,"height":181},{"@type":"WebSite","@id":"https:\/\/gersonguelmann.com.br\/blog\/#website","url":"https:\/\/gersonguelmann.com.br\/blog\/","name":"Blog do Guelmann","description":"Pitadas da sabedoria e do humor judaicos, assuntos do momento e um pouco das hist\u00f3rias que vivi e testemunhei.","potentialAction":[{"@type":"SearchAction","target":{"@type":"EntryPoint","urlTemplate":"https:\/\/gersonguelmann.com.br\/blog\/?s={search_term_string}"},"query-input":{"@type":"PropertyValueSpecification","valueRequired":true,"valueName":"search_term_string"}}],"inLanguage":"pt-BR"},{"@type":"Person","@id":"https:\/\/gersonguelmann.com.br\/blog\/#\/schema\/person\/87e70e2a786888082f941a482c90569e","name":"Gerson Guelmann","image":{"@type":"ImageObject","inLanguage":"pt-BR","@id":"https:\/\/i0.wp.com\/gersonguelmann.com.br\/blog\/wp-content\/uploads\/2021\/08\/BLOG.jpeg?fit=96%2C96&ssl=1","url":"https:\/\/i0.wp.com\/gersonguelmann.com.br\/blog\/wp-content\/uploads\/2021\/08\/BLOG.jpeg?fit=96%2C96&ssl=1","contentUrl":"https:\/\/i0.wp.com\/gersonguelmann.com.br\/blog\/wp-content\/uploads\/2021\/08\/BLOG.jpeg?fit=96%2C96&ssl=1","caption":"Gerson Guelmann"},"description":"Pitadas da sabedoria e do humor judaicos, assuntos do momento e um pouco das hist\u00f3rias que vivi e testemunhei."}]}},"views":75,"jetpack_publicize_connections":[],"jetpack_featured_media_url":"https:\/\/i0.wp.com\/gersonguelmann.com.br\/blog\/wp-content\/uploads\/2018\/02\/AS.jpg?fit=278%2C181&ssl=1","jetpack_shortlink":"https:\/\/wp.me\/p96e7O-24Q","jetpack-related-posts":[{"id":9164,"url":"https:\/\/gersonguelmann.com.br\/blog\/reflexoes-do-meu-pai\/","url_meta":{"origin":7988,"position":0},"title":"Reflex\u00f5es do Meu Pai","author":"Gerson Guelmann","date":"26 de fevereiro de 2018","format":false,"excerpt":"(Texto de autoria desconhecida) REFLEX\u00d5ES DO MEU PAI Meu pai tinha muitos problemas. N\u00e3o estava dormindo e se sentia exausto. Andava\u00a0 irritado, mau humorado e amargo. Estava sempre doente, at\u00e9 que, de repente, ele mudou. A situa\u00e7\u00e3o era a mesma, mas era diferente. Um dia, minha m\u00e3e disse: - \"Amor,\u2026","rel":"","context":"Em &quot;Sem categoria&quot;","block_context":{"text":"Sem categoria","link":"https:\/\/gersonguelmann.com.br\/blog\/category\/sem-categoria\/"},"img":{"alt_text":"","src":"https:\/\/i0.wp.com\/gersonguelmann.com.br\/blog\/wp-content\/uploads\/2018\/02\/Pai-1.jpg?fit=960%2C566&ssl=1&resize=350%2C200","width":350,"height":200,"srcset":"https:\/\/i0.wp.com\/gersonguelmann.com.br\/blog\/wp-content\/uploads\/2018\/02\/Pai-1.jpg?fit=960%2C566&ssl=1&resize=350%2C200 1x, https:\/\/i0.wp.com\/gersonguelmann.com.br\/blog\/wp-content\/uploads\/2018\/02\/Pai-1.jpg?fit=960%2C566&ssl=1&resize=525%2C300 1.5x, https:\/\/i0.wp.com\/gersonguelmann.com.br\/blog\/wp-content\/uploads\/2018\/02\/Pai-1.jpg?fit=960%2C566&ssl=1&resize=700%2C400 2x"},"classes":[]},{"id":16662,"url":"https:\/\/gersonguelmann.com.br\/blog\/onde-andara-aquele-medico-de-antigamente\/","url_meta":{"origin":7988,"position":1},"title":"Onde Andar\u00e1 Aquele M\u00e9dico de Antigamente?","author":"Gerson Guelmann","date":"27 de fevereiro de 2023","format":false,"excerpt":"Compartilho texto de autoria de Tatiana Bruscky, m\u00e9dica de Recife (PE). A publica\u00e7\u00e3o mais antiga que encontrei \u00e9 de 2009. Como meus leitores s\u00e3o na maioria da faixa dos \"enta\" sei que muitos o apreciar\u00e3o. Um detalhe que agrega para que a gente possa conhecer um pouco mais sobre ela,\u2026","rel":"","context":"Em &quot;Sem categoria&quot;","block_context":{"text":"Sem categoria","link":"https:\/\/gersonguelmann.com.br\/blog\/category\/sem-categoria\/"},"img":{"alt_text":"","src":"https:\/\/i0.wp.com\/gersonguelmann.com.br\/blog\/wp-content\/uploads\/2017\/06\/M%C3%A9dico.jpg?fit=1200%2C887&ssl=1&resize=350%2C200","width":350,"height":200,"srcset":"https:\/\/i0.wp.com\/gersonguelmann.com.br\/blog\/wp-content\/uploads\/2017\/06\/M%C3%A9dico.jpg?fit=1200%2C887&ssl=1&resize=350%2C200 1x, https:\/\/i0.wp.com\/gersonguelmann.com.br\/blog\/wp-content\/uploads\/2017\/06\/M%C3%A9dico.jpg?fit=1200%2C887&ssl=1&resize=525%2C300 1.5x, https:\/\/i0.wp.com\/gersonguelmann.com.br\/blog\/wp-content\/uploads\/2017\/06\/M%C3%A9dico.jpg?fit=1200%2C887&ssl=1&resize=700%2C400 2x, https:\/\/i0.wp.com\/gersonguelmann.com.br\/blog\/wp-content\/uploads\/2017\/06\/M%C3%A9dico.jpg?fit=1200%2C887&ssl=1&resize=1050%2C600 3x"},"classes":[]},{"id":1899,"url":"https:\/\/gersonguelmann.com.br\/blog\/pacientes-judeus-no-psicanalista\/","url_meta":{"origin":7988,"position":2},"title":"Pacientes Judeus no Psicanalista","author":"Gerson Guelmann","date":"12 de dezembro de 2020","format":false,"excerpt":"Paciente n\u00b0 1 - \"Doutor, eu cresci com o olhar do meu pai, o modo de falar do meu pai, o jeito do meu pai, as opini\u00f5es do meu pai e o desprezo da minha m\u00e3e por meu pai.\" Paciente n\u00b0 2 - \"Doutor, minha fam\u00edlia era t\u00e3o pobre que\u2026","rel":"","context":"Em &quot;Sem categoria&quot;","block_context":{"text":"Sem categoria","link":"https:\/\/gersonguelmann.com.br\/blog\/category\/sem-categoria\/"},"img":{"alt_text":"","src":"https:\/\/i0.wp.com\/gersonguelmann.com.br\/blog\/wp-content\/uploads\/2017\/09\/Quarto.jpg?resize=350%2C200&ssl=1","width":350,"height":200},"classes":[]},{"id":9220,"url":"https:\/\/gersonguelmann.com.br\/blog\/funeral-blues-w-h-auden\/","url_meta":{"origin":7988,"position":3},"title":"Funeral Blues &#8211; W. H. Auden","author":"Gerson Guelmann","date":"27 de fevereiro de 2018","format":false,"excerpt":"Funeral Blues Parem todos os rel\u00f3gios, desliguem o telefone,\u00a0 Evitem o latido do c\u00e3o com um osso suculento,\u00a0 Silenciem os pianos e com tambores lentos\u00a0 Tragam o caix\u00e3o, deixem que o luto chore.\u00a0 Deixem que os avi\u00f5es voem em c\u00edrculos altos\u00a0 Riscando no c\u00e9u a mensagem: Ele Est\u00e1 Morto,\u00a0 Ponham\u2026","rel":"","context":"Em &quot;Sem categoria&quot;","block_context":{"text":"Sem categoria","link":"https:\/\/gersonguelmann.com.br\/blog\/category\/sem-categoria\/"},"img":{"alt_text":"","src":"https:\/\/i0.wp.com\/gersonguelmann.com.br\/blog\/wp-content\/uploads\/2018\/02\/WHA.jpg?resize=350%2C200&ssl=1","width":350,"height":200},"classes":[]},{"id":7275,"url":"https:\/\/gersonguelmann.com.br\/blog\/vesperas-e-e-cummings\/","url_meta":{"origin":7988,"position":4},"title":"V\u00e9speras &#8211; E.E. Cummings","author":"Gerson Guelmann","date":"18 de janeiro de 2018","format":false,"excerpt":"Carrego Seu Cora\u00e7\u00e3o Carrego seu cora\u00e7\u00e3o comigo Eu o carrego no meu cora\u00e7\u00e3o Nunca estou sem ele Onde eu for, voc\u00ea vai, minha querida N\u00e3o temo o destino Voc\u00ea \u00e9 meu destino, meu doce N\u00e3o quero o mundo pois, beleza Voc\u00ea \u00e9 meu mundo, minha verdade Eis o segredo que\u2026","rel":"","context":"Em &quot;Sem categoria&quot;","block_context":{"text":"Sem categoria","link":"https:\/\/gersonguelmann.com.br\/blog\/category\/sem-categoria\/"},"img":{"alt_text":"","src":"https:\/\/i0.wp.com\/gersonguelmann.com.br\/blog\/wp-content\/uploads\/2018\/01\/EEC-300x168.jpg?resize=350%2C200&ssl=1","width":350,"height":200},"classes":[]},{"id":12114,"url":"https:\/\/gersonguelmann.com.br\/blog\/sinais-de-envelhecimento-pode-rir-mas-repasse\/","url_meta":{"origin":7988,"position":5},"title":"Sinais de Envelhecimento (Pode Rir, Mas Repasse)","author":"Gerson Guelmann","date":"26 de abril de 2018","format":false,"excerpt":"Sinais de envelhecimento, descritos por uma senhora j\u00e1 na melhor idade: \u00a0 \"Depois de visitar uma amiga de passagem pela cidade, estava saindo do hotel onde ela se hospedou, e a caminho do estacionamento, comecei a procurar as chaves do meu carro. \u00a0 Elas n\u00e3o estavam na minha bolsa. Voltei\u2026","rel":"","context":"Em &quot;Sem categoria&quot;","block_context":{"text":"Sem categoria","link":"https:\/\/gersonguelmann.com.br\/blog\/category\/sem-categoria\/"},"img":{"alt_text":"","src":"https:\/\/i0.wp.com\/gersonguelmann.com.br\/blog\/wp-content\/uploads\/2018\/04\/park-lot-1.jpg?fit=1200%2C816&ssl=1&resize=350%2C200","width":350,"height":200,"srcset":"https:\/\/i0.wp.com\/gersonguelmann.com.br\/blog\/wp-content\/uploads\/2018\/04\/park-lot-1.jpg?fit=1200%2C816&ssl=1&resize=350%2C200 1x, https:\/\/i0.wp.com\/gersonguelmann.com.br\/blog\/wp-content\/uploads\/2018\/04\/park-lot-1.jpg?fit=1200%2C816&ssl=1&resize=525%2C300 1.5x, https:\/\/i0.wp.com\/gersonguelmann.com.br\/blog\/wp-content\/uploads\/2018\/04\/park-lot-1.jpg?fit=1200%2C816&ssl=1&resize=700%2C400 2x, https:\/\/i0.wp.com\/gersonguelmann.com.br\/blog\/wp-content\/uploads\/2018\/04\/park-lot-1.jpg?fit=1200%2C816&ssl=1&resize=1050%2C600 3x"},"classes":[]}],"jetpack_sharing_enabled":true,"post_mailing_queue_ids":[],"_links":{"self":[{"href":"https:\/\/gersonguelmann.com.br\/blog\/wp-json\/wp\/v2\/posts\/7988","targetHints":{"allow":["GET"]}}],"collection":[{"href":"https:\/\/gersonguelmann.com.br\/blog\/wp-json\/wp\/v2\/posts"}],"about":[{"href":"https:\/\/gersonguelmann.com.br\/blog\/wp-json\/wp\/v2\/types\/post"}],"author":[{"embeddable":true,"href":"https:\/\/gersonguelmann.com.br\/blog\/wp-json\/wp\/v2\/users\/5"}],"replies":[{"embeddable":true,"href":"https:\/\/gersonguelmann.com.br\/blog\/wp-json\/wp\/v2\/comments?post=7988"}],"version-history":[{"count":0,"href":"https:\/\/gersonguelmann.com.br\/blog\/wp-json\/wp\/v2\/posts\/7988\/revisions"}],"wp:featuredmedia":[{"embeddable":true,"href":"https:\/\/gersonguelmann.com.br\/blog\/wp-json\/wp\/v2\/media\/7989"}],"wp:attachment":[{"href":"https:\/\/gersonguelmann.com.br\/blog\/wp-json\/wp\/v2\/media?parent=7988"}],"wp:term":[{"taxonomy":"category","embeddable":true,"href":"https:\/\/gersonguelmann.com.br\/blog\/wp-json\/wp\/v2\/categories?post=7988"},{"taxonomy":"post_tag","embeddable":true,"href":"https:\/\/gersonguelmann.com.br\/blog\/wp-json\/wp\/v2\/tags?post=7988"}],"curies":[{"name":"wp","href":"https:\/\/api.w.org\/{rel}","templated":true}]}}