    {"id":7999,"date":"2018-02-01T19:00:11","date_gmt":"2018-02-01T21:00:11","guid":{"rendered":"https:\/\/gersonguelmann.com.br\/blog\/?p=7999"},"modified":"2018-02-01T18:26:44","modified_gmt":"2018-02-01T20:26:44","slug":"antiguidades-de-familia","status":"publish","type":"post","link":"https:\/\/gersonguelmann.com.br\/blog\/antiguidades-de-familia\/","title":{"rendered":"Antiguidades de Fam\u00edlia"},"content":{"rendered":"<p><span style=\"font-family: verdana, geneva, sans-serif; font-size: 14pt; color: #000000;\">Recebi e compartilho c\u00f3pia de an\u00fancio da f\u00e1brica de M\u00f3veis Guelmann.<\/span><\/p>\n<p><span style=\"font-family: verdana, geneva, sans-serif; font-size: 14pt; color: #000000;\">Infelizmente n\u00e3o tenho a data, mas como o endere\u00e7o \u00e9 o da R. 24 de Maio, acredito ser da d\u00e9cada de 1940<\/span>.<\/p>\n<p><img data-recalc-dims=\"1\" fetchpriority=\"high\" decoding=\"async\" data-attachment-id=\"8000\" data-permalink=\"https:\/\/gersonguelmann.com.br\/blog\/antiguidades-de-familia\/moveis-guelmann\/\" data-orig-file=\"https:\/\/i0.wp.com\/gersonguelmann.com.br\/blog\/wp-content\/uploads\/2018\/02\/M%C3%B3veis-Guelmann.jpg?fit=780%2C1040&amp;ssl=1\" data-orig-size=\"780,1040\" data-comments-opened=\"1\" data-image-meta=\"{&quot;aperture&quot;:&quot;0&quot;,&quot;credit&quot;:&quot;&quot;,&quot;camera&quot;:&quot;&quot;,&quot;caption&quot;:&quot;&quot;,&quot;created_timestamp&quot;:&quot;0&quot;,&quot;copyright&quot;:&quot;&quot;,&quot;focal_length&quot;:&quot;0&quot;,&quot;iso&quot;:&quot;0&quot;,&quot;shutter_speed&quot;:&quot;0&quot;,&quot;title&quot;:&quot;&quot;,&quot;orientation&quot;:&quot;1&quot;}\" data-image-title=\"M\u00f3veis Guelmann\" data-image-description=\"\" data-image-caption=\"\" data-medium-file=\"https:\/\/i0.wp.com\/gersonguelmann.com.br\/blog\/wp-content\/uploads\/2018\/02\/M%C3%B3veis-Guelmann.jpg?fit=225%2C300&amp;ssl=1\" data-large-file=\"https:\/\/i0.wp.com\/gersonguelmann.com.br\/blog\/wp-content\/uploads\/2018\/02\/M%C3%B3veis-Guelmann.jpg?fit=640%2C853&amp;ssl=1\" class=\"size-medium wp-image-8000 aligncenter\" src=\"https:\/\/i0.wp.com\/gersonguelmann.com.br\/blog\/wp-content\/uploads\/2018\/02\/M%C3%B3veis-Guelmann.jpg?resize=225%2C300&#038;ssl=1\" alt=\"\" width=\"225\" height=\"300\" srcset=\"https:\/\/i0.wp.com\/gersonguelmann.com.br\/blog\/wp-content\/uploads\/2018\/02\/M%C3%B3veis-Guelmann.jpg?resize=225%2C300&amp;ssl=1 225w, https:\/\/i0.wp.com\/gersonguelmann.com.br\/blog\/wp-content\/uploads\/2018\/02\/M%C3%B3veis-Guelmann.jpg?resize=768%2C1024&amp;ssl=1 768w, https:\/\/i0.wp.com\/gersonguelmann.com.br\/blog\/wp-content\/uploads\/2018\/02\/M%C3%B3veis-Guelmann.jpg?w=780&amp;ssl=1 780w\" sizes=\"(max-width: 225px) 100vw, 225px\" \/><\/p>\n","protected":false},"excerpt":{"rendered":"<p>Recebi e compartilho c\u00f3pia de an\u00fancio da f\u00e1brica de M\u00f3veis Guelmann. Infelizmente n\u00e3o tenho a data, mas como o endere\u00e7o \u00e9 o da R. 24 de Maio, acredito ser da d\u00e9cada de 1940.<\/p>\n","protected":false},"author":5,"featured_media":8000,"comment_status":"open","ping_status":"open","sticky":false,"template":"","format":"standard","meta":{"_acf_changed":false,"jetpack_post_was_ever_published":false,"_jetpack_newsletter_access":"","_jetpack_dont_email_post_to_subs":false,"_jetpack_newsletter_tier_id":0,"_jetpack_memberships_contains_paywalled_content":false,"_jetpack_memberships_contains_paid_content":false,"footnotes":"","jetpack_publicize_message":"","jetpack_publicize_feature_enabled":true,"jetpack_social_post_already_shared":true,"jetpack_social_options":{"image_generator_settings":{"template":"highway","default_image_id":0,"font":"","enabled":false},"version":2}},"categories":[1],"tags":[],"class_list":["post-7999","post","type-post","status-publish","format-standard","has-post-thumbnail","hentry","category-sem-categoria"],"acf":[],"yoast_head":"<!-- This site is optimized with the Yoast SEO plugin v27.3 - https:\/\/yoast.com\/product\/yoast-seo-wordpress\/ -->\n<title>Antiguidades de Fam\u00edlia | Blog do Guelmann<\/title>\n<meta name=\"robots\" content=\"index, follow, max-snippet:-1, max-image-preview:large, max-video-preview:-1\" \/>\n<link rel=\"canonical\" href=\"https:\/\/gersonguelmann.com.br\/blog\/antiguidades-de-familia\/\" \/>\n<meta property=\"og:locale\" content=\"pt_BR\" \/>\n<meta property=\"og:type\" content=\"article\" \/>\n<meta property=\"og:title\" content=\"Antiguidades de Fam\u00edlia | Blog do Guelmann\" \/>\n<meta property=\"og:description\" content=\"Recebi e compartilho c\u00f3pia de an\u00fancio da f\u00e1brica de M\u00f3veis Guelmann. Infelizmente n\u00e3o tenho a data, mas como o endere\u00e7o \u00e9 o da R. 24 de Maio, acredito ser da d\u00e9cada de 1940.\" \/>\n<meta property=\"og:url\" content=\"https:\/\/gersonguelmann.com.br\/blog\/antiguidades-de-familia\/\" \/>\n<meta property=\"og:site_name\" content=\"Blog do Guelmann\" \/>\n<meta property=\"article:published_time\" content=\"2018-02-01T21:00:11+00:00\" \/>\n<meta property=\"og:image\" content=\"https:\/\/i0.wp.com\/gersonguelmann.com.br\/blog\/wp-content\/uploads\/2018\/02\/M\u00f3veis-Guelmann.jpg?fit=780%2C1040&ssl=1\" \/>\n\t<meta property=\"og:image:width\" content=\"780\" \/>\n\t<meta property=\"og:image:height\" content=\"1040\" \/>\n\t<meta property=\"og:image:type\" content=\"image\/jpeg\" \/>\n<meta name=\"author\" content=\"Gerson Guelmann\" \/>\n<meta name=\"twitter:card\" content=\"summary_large_image\" \/>\n<meta name=\"twitter:label1\" content=\"Escrito por\" \/>\n\t<meta name=\"twitter:data1\" content=\"Gerson Guelmann\" \/>\n<script type=\"application\/ld+json\" class=\"yoast-schema-graph\">{\"@context\":\"https:\\\/\\\/schema.org\",\"@graph\":[{\"@type\":\"Article\",\"@id\":\"https:\\\/\\\/gersonguelmann.com.br\\\/blog\\\/antiguidades-de-familia\\\/#article\",\"isPartOf\":{\"@id\":\"https:\\\/\\\/gersonguelmann.com.br\\\/blog\\\/antiguidades-de-familia\\\/\"},\"author\":{\"name\":\"Gerson Guelmann\",\"@id\":\"https:\\\/\\\/gersonguelmann.com.br\\\/blog\\\/#\\\/schema\\\/person\\\/87e70e2a786888082f941a482c90569e\"},\"headline\":\"Antiguidades de Fam\u00edlia\",\"datePublished\":\"2018-02-01T21:00:11+00:00\",\"mainEntityOfPage\":{\"@id\":\"https:\\\/\\\/gersonguelmann.com.br\\\/blog\\\/antiguidades-de-familia\\\/\"},\"wordCount\":41,\"commentCount\":0,\"image\":{\"@id\":\"https:\\\/\\\/gersonguelmann.com.br\\\/blog\\\/antiguidades-de-familia\\\/#primaryimage\"},\"thumbnailUrl\":\"https:\\\/\\\/i0.wp.com\\\/gersonguelmann.com.br\\\/blog\\\/wp-content\\\/uploads\\\/2018\\\/02\\\/M%C3%B3veis-Guelmann.jpg?fit=780%2C1040&ssl=1\",\"inLanguage\":\"pt-BR\",\"potentialAction\":[{\"@type\":\"CommentAction\",\"name\":\"Comment\",\"target\":[\"https:\\\/\\\/gersonguelmann.com.br\\\/blog\\\/antiguidades-de-familia\\\/#respond\"]}]},{\"@type\":\"WebPage\",\"@id\":\"https:\\\/\\\/gersonguelmann.com.br\\\/blog\\\/antiguidades-de-familia\\\/\",\"url\":\"https:\\\/\\\/gersonguelmann.com.br\\\/blog\\\/antiguidades-de-familia\\\/\",\"name\":\"Antiguidades de Fam\u00edlia | Blog do Guelmann\",\"isPartOf\":{\"@id\":\"https:\\\/\\\/gersonguelmann.com.br\\\/blog\\\/#website\"},\"primaryImageOfPage\":{\"@id\":\"https:\\\/\\\/gersonguelmann.com.br\\\/blog\\\/antiguidades-de-familia\\\/#primaryimage\"},\"image\":{\"@id\":\"https:\\\/\\\/gersonguelmann.com.br\\\/blog\\\/antiguidades-de-familia\\\/#primaryimage\"},\"thumbnailUrl\":\"https:\\\/\\\/i0.wp.com\\\/gersonguelmann.com.br\\\/blog\\\/wp-content\\\/uploads\\\/2018\\\/02\\\/M%C3%B3veis-Guelmann.jpg?fit=780%2C1040&ssl=1\",\"datePublished\":\"2018-02-01T21:00:11+00:00\",\"author\":{\"@id\":\"https:\\\/\\\/gersonguelmann.com.br\\\/blog\\\/#\\\/schema\\\/person\\\/87e70e2a786888082f941a482c90569e\"},\"inLanguage\":\"pt-BR\",\"potentialAction\":[{\"@type\":\"ReadAction\",\"target\":[\"https:\\\/\\\/gersonguelmann.com.br\\\/blog\\\/antiguidades-de-familia\\\/\"]}]},{\"@type\":\"ImageObject\",\"inLanguage\":\"pt-BR\",\"@id\":\"https:\\\/\\\/gersonguelmann.com.br\\\/blog\\\/antiguidades-de-familia\\\/#primaryimage\",\"url\":\"https:\\\/\\\/i0.wp.com\\\/gersonguelmann.com.br\\\/blog\\\/wp-content\\\/uploads\\\/2018\\\/02\\\/M%C3%B3veis-Guelmann.jpg?fit=780%2C1040&ssl=1\",\"contentUrl\":\"https:\\\/\\\/i0.wp.com\\\/gersonguelmann.com.br\\\/blog\\\/wp-content\\\/uploads\\\/2018\\\/02\\\/M%C3%B3veis-Guelmann.jpg?fit=780%2C1040&ssl=1\",\"width\":780,\"height\":1040},{\"@type\":\"WebSite\",\"@id\":\"https:\\\/\\\/gersonguelmann.com.br\\\/blog\\\/#website\",\"url\":\"https:\\\/\\\/gersonguelmann.com.br\\\/blog\\\/\",\"name\":\"Blog do Guelmann\",\"description\":\"Pitadas da sabedoria e do humor judaicos, assuntos do momento e um pouco das hist\u00f3rias que vivi e testemunhei.\",\"potentialAction\":[{\"@type\":\"SearchAction\",\"target\":{\"@type\":\"EntryPoint\",\"urlTemplate\":\"https:\\\/\\\/gersonguelmann.com.br\\\/blog\\\/?s={search_term_string}\"},\"query-input\":{\"@type\":\"PropertyValueSpecification\",\"valueRequired\":true,\"valueName\":\"search_term_string\"}}],\"inLanguage\":\"pt-BR\"},{\"@type\":\"Person\",\"@id\":\"https:\\\/\\\/gersonguelmann.com.br\\\/blog\\\/#\\\/schema\\\/person\\\/87e70e2a786888082f941a482c90569e\",\"name\":\"Gerson Guelmann\",\"image\":{\"@type\":\"ImageObject\",\"inLanguage\":\"pt-BR\",\"@id\":\"https:\\\/\\\/i0.wp.com\\\/gersonguelmann.com.br\\\/blog\\\/wp-content\\\/uploads\\\/2021\\\/08\\\/BLOG.jpeg?fit=96%2C96&ssl=1\",\"url\":\"https:\\\/\\\/i0.wp.com\\\/gersonguelmann.com.br\\\/blog\\\/wp-content\\\/uploads\\\/2021\\\/08\\\/BLOG.jpeg?fit=96%2C96&ssl=1\",\"contentUrl\":\"https:\\\/\\\/i0.wp.com\\\/gersonguelmann.com.br\\\/blog\\\/wp-content\\\/uploads\\\/2021\\\/08\\\/BLOG.jpeg?fit=96%2C96&ssl=1\",\"caption\":\"Gerson Guelmann\"},\"description\":\"Pitadas da sabedoria e do humor judaicos, assuntos do momento e um pouco das hist\u00f3rias que vivi e testemunhei.\"}]}<\/script>\n<!-- \/ Yoast SEO plugin. -->","yoast_head_json":{"title":"Antiguidades de Fam\u00edlia | Blog do Guelmann","robots":{"index":"index","follow":"follow","max-snippet":"max-snippet:-1","max-image-preview":"max-image-preview:large","max-video-preview":"max-video-preview:-1"},"canonical":"https:\/\/gersonguelmann.com.br\/blog\/antiguidades-de-familia\/","og_locale":"pt_BR","og_type":"article","og_title":"Antiguidades de Fam\u00edlia | Blog do Guelmann","og_description":"Recebi e compartilho c\u00f3pia de an\u00fancio da f\u00e1brica de M\u00f3veis Guelmann. Infelizmente n\u00e3o tenho a data, mas como o endere\u00e7o \u00e9 o da R. 24 de Maio, acredito ser da d\u00e9cada de 1940.","og_url":"https:\/\/gersonguelmann.com.br\/blog\/antiguidades-de-familia\/","og_site_name":"Blog do Guelmann","article_published_time":"2018-02-01T21:00:11+00:00","og_image":[{"width":780,"height":1040,"url":"https:\/\/i0.wp.com\/gersonguelmann.com.br\/blog\/wp-content\/uploads\/2018\/02\/M\u00f3veis-Guelmann.jpg?fit=780%2C1040&ssl=1","type":"image\/jpeg"}],"author":"Gerson Guelmann","twitter_card":"summary_large_image","twitter_misc":{"Escrito por":"Gerson Guelmann"},"schema":{"@context":"https:\/\/schema.org","@graph":[{"@type":"Article","@id":"https:\/\/gersonguelmann.com.br\/blog\/antiguidades-de-familia\/#article","isPartOf":{"@id":"https:\/\/gersonguelmann.com.br\/blog\/antiguidades-de-familia\/"},"author":{"name":"Gerson Guelmann","@id":"https:\/\/gersonguelmann.com.br\/blog\/#\/schema\/person\/87e70e2a786888082f941a482c90569e"},"headline":"Antiguidades de Fam\u00edlia","datePublished":"2018-02-01T21:00:11+00:00","mainEntityOfPage":{"@id":"https:\/\/gersonguelmann.com.br\/blog\/antiguidades-de-familia\/"},"wordCount":41,"commentCount":0,"image":{"@id":"https:\/\/gersonguelmann.com.br\/blog\/antiguidades-de-familia\/#primaryimage"},"thumbnailUrl":"https:\/\/i0.wp.com\/gersonguelmann.com.br\/blog\/wp-content\/uploads\/2018\/02\/M%C3%B3veis-Guelmann.jpg?fit=780%2C1040&ssl=1","inLanguage":"pt-BR","potentialAction":[{"@type":"CommentAction","name":"Comment","target":["https:\/\/gersonguelmann.com.br\/blog\/antiguidades-de-familia\/#respond"]}]},{"@type":"WebPage","@id":"https:\/\/gersonguelmann.com.br\/blog\/antiguidades-de-familia\/","url":"https:\/\/gersonguelmann.com.br\/blog\/antiguidades-de-familia\/","name":"Antiguidades de Fam\u00edlia | Blog do Guelmann","isPartOf":{"@id":"https:\/\/gersonguelmann.com.br\/blog\/#website"},"primaryImageOfPage":{"@id":"https:\/\/gersonguelmann.com.br\/blog\/antiguidades-de-familia\/#primaryimage"},"image":{"@id":"https:\/\/gersonguelmann.com.br\/blog\/antiguidades-de-familia\/#primaryimage"},"thumbnailUrl":"https:\/\/i0.wp.com\/gersonguelmann.com.br\/blog\/wp-content\/uploads\/2018\/02\/M%C3%B3veis-Guelmann.jpg?fit=780%2C1040&ssl=1","datePublished":"2018-02-01T21:00:11+00:00","author":{"@id":"https:\/\/gersonguelmann.com.br\/blog\/#\/schema\/person\/87e70e2a786888082f941a482c90569e"},"inLanguage":"pt-BR","potentialAction":[{"@type":"ReadAction","target":["https:\/\/gersonguelmann.com.br\/blog\/antiguidades-de-familia\/"]}]},{"@type":"ImageObject","inLanguage":"pt-BR","@id":"https:\/\/gersonguelmann.com.br\/blog\/antiguidades-de-familia\/#primaryimage","url":"https:\/\/i0.wp.com\/gersonguelmann.com.br\/blog\/wp-content\/uploads\/2018\/02\/M%C3%B3veis-Guelmann.jpg?fit=780%2C1040&ssl=1","contentUrl":"https:\/\/i0.wp.com\/gersonguelmann.com.br\/blog\/wp-content\/uploads\/2018\/02\/M%C3%B3veis-Guelmann.jpg?fit=780%2C1040&ssl=1","width":780,"height":1040},{"@type":"WebSite","@id":"https:\/\/gersonguelmann.com.br\/blog\/#website","url":"https:\/\/gersonguelmann.com.br\/blog\/","name":"Blog do Guelmann","description":"Pitadas da sabedoria e do humor judaicos, assuntos do momento e um pouco das hist\u00f3rias que vivi e testemunhei.","potentialAction":[{"@type":"SearchAction","target":{"@type":"EntryPoint","urlTemplate":"https:\/\/gersonguelmann.com.br\/blog\/?s={search_term_string}"},"query-input":{"@type":"PropertyValueSpecification","valueRequired":true,"valueName":"search_term_string"}}],"inLanguage":"pt-BR"},{"@type":"Person","@id":"https:\/\/gersonguelmann.com.br\/blog\/#\/schema\/person\/87e70e2a786888082f941a482c90569e","name":"Gerson Guelmann","image":{"@type":"ImageObject","inLanguage":"pt-BR","@id":"https:\/\/i0.wp.com\/gersonguelmann.com.br\/blog\/wp-content\/uploads\/2021\/08\/BLOG.jpeg?fit=96%2C96&ssl=1","url":"https:\/\/i0.wp.com\/gersonguelmann.com.br\/blog\/wp-content\/uploads\/2021\/08\/BLOG.jpeg?fit=96%2C96&ssl=1","contentUrl":"https:\/\/i0.wp.com\/gersonguelmann.com.br\/blog\/wp-content\/uploads\/2021\/08\/BLOG.jpeg?fit=96%2C96&ssl=1","caption":"Gerson Guelmann"},"description":"Pitadas da sabedoria e do humor judaicos, assuntos do momento e um pouco das hist\u00f3rias que vivi e testemunhei."}]}},"views":33,"jetpack_publicize_connections":[],"jetpack_featured_media_url":"https:\/\/i0.wp.com\/gersonguelmann.com.br\/blog\/wp-content\/uploads\/2018\/02\/M%C3%B3veis-Guelmann.jpg?fit=780%2C1040&ssl=1","jetpack_shortlink":"https:\/\/wp.me\/p96e7O-251","jetpack-related-posts":[{"id":13527,"url":"https:\/\/gersonguelmann.com.br\/blog\/aqui-esta-o-verdadeiro-dono-de-os-donos-de-curitiba\/","url_meta":{"origin":7999,"position":0},"title":"Aqui Est\u00e1 o Verdadeiro Dono de &#8220;Os Donos de Curitiba&#8221;","author":"Gerson Guelmann","date":"31 de maio de 2018","format":false,"excerpt":"Ao longo dos \u00faltimos dias recebi 17 mensagens de WhatsApp (contadas agora) com o texto \"Os Donos de Curitiba\". Todas elas s\u00e3o iguais e atribuem a autoria \u00e0 mesma pessoa, j\u00e1 falecida. O texto \u00e9 \u00f3timo e pensei em compartilh\u00e1-lo, mas n\u00e3o deu tempo. Quando fosse fazer isso iria pesquisar,\u2026","rel":"","context":"Em &quot;Sem categoria&quot;","block_context":{"text":"Sem categoria","link":"https:\/\/gersonguelmann.com.br\/blog\/category\/sem-categoria\/"},"img":{"alt_text":"","src":"https:\/\/i0.wp.com\/gersonguelmann.com.br\/blog\/wp-content\/uploads\/2018\/05\/dantem22.png?fit=1200%2C863&ssl=1&resize=350%2C200","width":350,"height":200,"srcset":"https:\/\/i0.wp.com\/gersonguelmann.com.br\/blog\/wp-content\/uploads\/2018\/05\/dantem22.png?fit=1200%2C863&ssl=1&resize=350%2C200 1x, https:\/\/i0.wp.com\/gersonguelmann.com.br\/blog\/wp-content\/uploads\/2018\/05\/dantem22.png?fit=1200%2C863&ssl=1&resize=525%2C300 1.5x, https:\/\/i0.wp.com\/gersonguelmann.com.br\/blog\/wp-content\/uploads\/2018\/05\/dantem22.png?fit=1200%2C863&ssl=1&resize=700%2C400 2x, https:\/\/i0.wp.com\/gersonguelmann.com.br\/blog\/wp-content\/uploads\/2018\/05\/dantem22.png?fit=1200%2C863&ssl=1&resize=1050%2C600 3x"},"classes":[]},{"id":20505,"url":"https:\/\/gersonguelmann.com.br\/blog\/o-stf-quer-furar-a-fila-da-vacina\/","url_meta":{"origin":7999,"position":1},"title":"O STF Quer Furar a Fila da Vacina","author":"Gerson Guelmann","date":"23 de dezembro de 2020","format":false,"excerpt":"A gente j\u00e1 n\u00e3o se surpreende com nada, mas de vez em quando esse nosso Brasilz\u00e3o ainda oferece raz\u00f5es para testar nossa capacidade de indigna\u00e7\u00e3o. A de hoje \u00e9 o que aparenta ser uma tentativa da nossa Suprema Corte de Justi\u00e7a garantir a vacina contra o Coronavirus antes de\u00a0 todo\u2026","rel":"","context":"Em &quot;Sem categoria&quot;","block_context":{"text":"Sem categoria","link":"https:\/\/gersonguelmann.com.br\/blog\/category\/sem-categoria\/"},"img":{"alt_text":"","src":"https:\/\/i0.wp.com\/gersonguelmann.com.br\/blog\/wp-content\/uploads\/2020\/12\/VACINA.png?fit=960%2C640&ssl=1&resize=350%2C200","width":350,"height":200,"srcset":"https:\/\/i0.wp.com\/gersonguelmann.com.br\/blog\/wp-content\/uploads\/2020\/12\/VACINA.png?fit=960%2C640&ssl=1&resize=350%2C200 1x, https:\/\/i0.wp.com\/gersonguelmann.com.br\/blog\/wp-content\/uploads\/2020\/12\/VACINA.png?fit=960%2C640&ssl=1&resize=525%2C300 1.5x, https:\/\/i0.wp.com\/gersonguelmann.com.br\/blog\/wp-content\/uploads\/2020\/12\/VACINA.png?fit=960%2C640&ssl=1&resize=700%2C400 2x"},"classes":[]},{"id":21907,"url":"https:\/\/gersonguelmann.com.br\/blog\/vacinas-no-dia-da-mentira-a-verdade\/","url_meta":{"origin":7999,"position":2},"title":"Vacinas: no Dia da Mentira, a Verdade","author":"Gerson Guelmann","date":"1 de abril de 2021","format":false,"excerpt":"O que aconteceria se o Governo brasileiro tivesse aceitado em Agosto de 2020 a proposta de compra da vacina da Pfizer?\u00a0 Em artigo publicado na revista Veja, o Dr. Salmo Raskin estabelece uma \"linha do tempo\" sobre as negocia\u00e7\u00f5es do governo brasileiro para aquisi\u00e7\u00e3o desse medicamento. Antes, para quem n\u00e3o\u2026","rel":"","context":"Em &quot;Sem categoria&quot;","block_context":{"text":"Sem categoria","link":"https:\/\/gersonguelmann.com.br\/blog\/category\/sem-categoria\/"},"img":{"alt_text":"","src":"https:\/\/i0.wp.com\/gersonguelmann.com.br\/blog\/wp-content\/uploads\/2021\/04\/covid-19-vaccine-5902833_1920.jpg?fit=1200%2C675&ssl=1&resize=350%2C200","width":350,"height":200,"srcset":"https:\/\/i0.wp.com\/gersonguelmann.com.br\/blog\/wp-content\/uploads\/2021\/04\/covid-19-vaccine-5902833_1920.jpg?fit=1200%2C675&ssl=1&resize=350%2C200 1x, https:\/\/i0.wp.com\/gersonguelmann.com.br\/blog\/wp-content\/uploads\/2021\/04\/covid-19-vaccine-5902833_1920.jpg?fit=1200%2C675&ssl=1&resize=525%2C300 1.5x, https:\/\/i0.wp.com\/gersonguelmann.com.br\/blog\/wp-content\/uploads\/2021\/04\/covid-19-vaccine-5902833_1920.jpg?fit=1200%2C675&ssl=1&resize=700%2C400 2x, https:\/\/i0.wp.com\/gersonguelmann.com.br\/blog\/wp-content\/uploads\/2021\/04\/covid-19-vaccine-5902833_1920.jpg?fit=1200%2C675&ssl=1&resize=1050%2C600 3x"},"classes":[]},{"id":14432,"url":"https:\/\/gersonguelmann.com.br\/blog\/mario-sergio-cortella-o-segredo-da-vida-e-as-vacas\/","url_meta":{"origin":7999,"position":3},"title":"M\u00e1rio Sergio Cortella, O Segredo da Vida e as Vacas","author":"Gerson Guelmann","date":"2 de julho de 2018","format":false,"excerpt":"Mat\u00e9ria publicada pelo\u00a0Marcelo Tas na revista Crescer em 17\/8\/2015: O segredo da vida Por Marcelo Tas\u00a0- atualizada em 17\/08\/2015 17h19 Desde jovem, ganho a vida fazendo perguntas. Primeiro como rep\u00f3rter, depois entrevistador e cutucador de d\u00favidas em v\u00e1rias m\u00eddias. Acredito piamente que o ponto mais importante na vida do ser\u2026","rel":"","context":"Em &quot;Sem categoria&quot;","block_context":{"text":"Sem categoria","link":"https:\/\/gersonguelmann.com.br\/blog\/category\/sem-categoria\/"},"img":{"alt_text":"","src":"https:\/\/i0.wp.com\/gersonguelmann.com.br\/blog\/wp-content\/uploads\/2018\/07\/Leite.jpg?fit=960%2C637&ssl=1&resize=350%2C200","width":350,"height":200,"srcset":"https:\/\/i0.wp.com\/gersonguelmann.com.br\/blog\/wp-content\/uploads\/2018\/07\/Leite.jpg?fit=960%2C637&ssl=1&resize=350%2C200 1x, https:\/\/i0.wp.com\/gersonguelmann.com.br\/blog\/wp-content\/uploads\/2018\/07\/Leite.jpg?fit=960%2C637&ssl=1&resize=525%2C300 1.5x, https:\/\/i0.wp.com\/gersonguelmann.com.br\/blog\/wp-content\/uploads\/2018\/07\/Leite.jpg?fit=960%2C637&ssl=1&resize=700%2C400 2x"},"classes":[]},{"id":14789,"url":"https:\/\/gersonguelmann.com.br\/blog\/o-melhor-espumante-da-america-latina-e-brasileiro\/","url_meta":{"origin":7999,"position":4},"title":"O Melhor Espumante da Am\u00e9rica Latina \u00e9 Brasileiro","author":"Gerson Guelmann","date":"19 de outubro de 2018","format":false,"excerpt":"A not\u00edcia \u00e9 de tr\u00eas meses atr\u00e1s, mas vale publicar. Saiu no G1\/Economia em 10\/7\/2018: Concurso mais importante da Am\u00e9rica Latina premia espumante brasileiro Refer\u00eancia dos vinhos da Am\u00e9rica Latina no mundo, o concurso premiou amostras de vinhos tintos e brancos, espumantes, destilados e piscos. Por France Presse 10\/07\/2018 11h54\u00a0\u00a0Atualizado\u2026","rel":"","context":"Em &quot;Sem categoria&quot;","block_context":{"text":"Sem categoria","link":"https:\/\/gersonguelmann.com.br\/blog\/category\/sem-categoria\/"},"img":{"alt_text":"","src":"https:\/\/i0.wp.com\/gersonguelmann.com.br\/blog\/wp-content\/uploads\/2018\/10\/Garibaldi.jpg?fit=1000%2C1000&ssl=1&resize=350%2C200","width":350,"height":200,"srcset":"https:\/\/i0.wp.com\/gersonguelmann.com.br\/blog\/wp-content\/uploads\/2018\/10\/Garibaldi.jpg?fit=1000%2C1000&ssl=1&resize=350%2C200 1x, https:\/\/i0.wp.com\/gersonguelmann.com.br\/blog\/wp-content\/uploads\/2018\/10\/Garibaldi.jpg?fit=1000%2C1000&ssl=1&resize=525%2C300 1.5x, https:\/\/i0.wp.com\/gersonguelmann.com.br\/blog\/wp-content\/uploads\/2018\/10\/Garibaldi.jpg?fit=1000%2C1000&ssl=1&resize=700%2C400 2x"},"classes":[]},{"id":21702,"url":"https:\/\/gersonguelmann.com.br\/blog\/o-que-brasil-e-tanzania-tem-em-comum\/","url_meta":{"origin":7999,"position":5},"title":"O Que Brasil e Tanz\u00e2nia T\u00eam em Comum?","author":"Gerson Guelmann","date":"4 de mar\u00e7o de 2021","format":false,"excerpt":"Estranhou a pergunta? N\u00e3o \u00e9 nem preciso responder, s\u00f3 digo que somos iguais em algo que vai al\u00e9m das cores das bandeiras. Basta ler a mat\u00e9ria da CNN: L\u00edder da Tanz\u00e2nia diz que \u201cDeus proteger\u00e1\u201d contra a Covid-19 e despreza vacinas \"Voc\u00ea reza enquanto cultiva milho e batatas, para que\u2026","rel":"","context":"Em &quot;Sem categoria&quot;","block_context":{"text":"Sem categoria","link":"https:\/\/gersonguelmann.com.br\/blog\/category\/sem-categoria\/"},"img":{"alt_text":"","src":"https:\/\/i0.wp.com\/gersonguelmann.com.br\/blog\/wp-content\/uploads\/2021\/03\/BANDEIRA.jpg?fit=1200%2C1200&ssl=1&resize=350%2C200","width":350,"height":200,"srcset":"https:\/\/i0.wp.com\/gersonguelmann.com.br\/blog\/wp-content\/uploads\/2021\/03\/BANDEIRA.jpg?fit=1200%2C1200&ssl=1&resize=350%2C200 1x, https:\/\/i0.wp.com\/gersonguelmann.com.br\/blog\/wp-content\/uploads\/2021\/03\/BANDEIRA.jpg?fit=1200%2C1200&ssl=1&resize=525%2C300 1.5x, https:\/\/i0.wp.com\/gersonguelmann.com.br\/blog\/wp-content\/uploads\/2021\/03\/BANDEIRA.jpg?fit=1200%2C1200&ssl=1&resize=700%2C400 2x, https:\/\/i0.wp.com\/gersonguelmann.com.br\/blog\/wp-content\/uploads\/2021\/03\/BANDEIRA.jpg?fit=1200%2C1200&ssl=1&resize=1050%2C600 3x"},"classes":[]}],"jetpack_sharing_enabled":true,"post_mailing_queue_ids":[],"_links":{"self":[{"href":"https:\/\/gersonguelmann.com.br\/blog\/wp-json\/wp\/v2\/posts\/7999","targetHints":{"allow":["GET"]}}],"collection":[{"href":"https:\/\/gersonguelmann.com.br\/blog\/wp-json\/wp\/v2\/posts"}],"about":[{"href":"https:\/\/gersonguelmann.com.br\/blog\/wp-json\/wp\/v2\/types\/post"}],"author":[{"embeddable":true,"href":"https:\/\/gersonguelmann.com.br\/blog\/wp-json\/wp\/v2\/users\/5"}],"replies":[{"embeddable":true,"href":"https:\/\/gersonguelmann.com.br\/blog\/wp-json\/wp\/v2\/comments?post=7999"}],"version-history":[{"count":0,"href":"https:\/\/gersonguelmann.com.br\/blog\/wp-json\/wp\/v2\/posts\/7999\/revisions"}],"wp:featuredmedia":[{"embeddable":true,"href":"https:\/\/gersonguelmann.com.br\/blog\/wp-json\/wp\/v2\/media\/8000"}],"wp:attachment":[{"href":"https:\/\/gersonguelmann.com.br\/blog\/wp-json\/wp\/v2\/media?parent=7999"}],"wp:term":[{"taxonomy":"category","embeddable":true,"href":"https:\/\/gersonguelmann.com.br\/blog\/wp-json\/wp\/v2\/categories?post=7999"},{"taxonomy":"post_tag","embeddable":true,"href":"https:\/\/gersonguelmann.com.br\/blog\/wp-json\/wp\/v2\/tags?post=7999"}],"curies":[{"name":"wp","href":"https:\/\/api.w.org\/{rel}","templated":true}]}}