    {"id":8035,"date":"2018-02-02T16:00:14","date_gmt":"2018-02-02T18:00:14","guid":{"rendered":"https:\/\/gersonguelmann.com.br\/blog\/?p=8035"},"modified":"2018-02-02T16:04:29","modified_gmt":"2018-02-02T18:04:29","slug":"europeus-x-italianos-pandego","status":"publish","type":"post","link":"https:\/\/gersonguelmann.com.br\/blog\/europeus-x-italianos-pandego\/","title":{"rendered":"Europeus X Italianos (P\u00e2ndego)"},"content":{"rendered":"<p><img data-recalc-dims=\"1\" fetchpriority=\"high\" decoding=\"async\" data-attachment-id=\"8036\" data-permalink=\"https:\/\/gersonguelmann.com.br\/blog\/europeus-x-italianos-pandego\/italia\/\" data-orig-file=\"https:\/\/i0.wp.com\/gersonguelmann.com.br\/blog\/wp-content\/uploads\/2018\/02\/It%C3%A1lia.jpeg?fit=867%2C650&amp;ssl=1\" data-orig-size=\"867,650\" data-comments-opened=\"1\" data-image-meta=\"{&quot;aperture&quot;:&quot;0&quot;,&quot;credit&quot;:&quot;&quot;,&quot;camera&quot;:&quot;&quot;,&quot;caption&quot;:&quot;&quot;,&quot;created_timestamp&quot;:&quot;0&quot;,&quot;copyright&quot;:&quot;&quot;,&quot;focal_length&quot;:&quot;0&quot;,&quot;iso&quot;:&quot;0&quot;,&quot;shutter_speed&quot;:&quot;0&quot;,&quot;title&quot;:&quot;&quot;,&quot;orientation&quot;:&quot;0&quot;}\" data-image-title=\"It\u00e1lia\" data-image-description=\"\" data-image-caption=\"\" data-medium-file=\"https:\/\/i0.wp.com\/gersonguelmann.com.br\/blog\/wp-content\/uploads\/2018\/02\/It%C3%A1lia.jpeg?fit=300%2C225&amp;ssl=1\" data-large-file=\"https:\/\/i0.wp.com\/gersonguelmann.com.br\/blog\/wp-content\/uploads\/2018\/02\/It%C3%A1lia.jpeg?fit=640%2C480&amp;ssl=1\" class=\"size-medium wp-image-8036 aligncenter\" src=\"https:\/\/i0.wp.com\/gersonguelmann.com.br\/blog\/wp-content\/uploads\/2018\/02\/It%C3%A1lia.jpeg?resize=300%2C225&#038;ssl=1\" alt=\"\" width=\"300\" height=\"225\" srcset=\"https:\/\/i0.wp.com\/gersonguelmann.com.br\/blog\/wp-content\/uploads\/2018\/02\/It%C3%A1lia.jpeg?resize=300%2C225&amp;ssl=1 300w, https:\/\/i0.wp.com\/gersonguelmann.com.br\/blog\/wp-content\/uploads\/2018\/02\/It%C3%A1lia.jpeg?resize=768%2C576&amp;ssl=1 768w, https:\/\/i0.wp.com\/gersonguelmann.com.br\/blog\/wp-content\/uploads\/2018\/02\/It%C3%A1lia.jpeg?w=867&amp;ssl=1 867w\" sizes=\"(max-width: 300px) 100vw, 300px\" \/><\/p>\n<p><span style=\"font-family: verdana, geneva, sans-serif; font-size: 14pt; color: #000000;\">A apresenta\u00e7\u00e3o do v\u00eddeo informa que ele \u00e9 destinado aos que pensam que os Italianos tem o mesmo comportamento dos demais Europeus.<\/span><\/p>\n<p><span class=\"embed-youtube\" style=\"text-align:center; display: block;\"><iframe class=\"youtube-player\" width=\"640\" height=\"360\" src=\"https:\/\/www.youtube.com\/embed\/7UyOwHV8hgc?version=3&#038;rel=1&#038;showsearch=0&#038;showinfo=1&#038;iv_load_policy=1&#038;fs=1&#038;hl=pt-BR&#038;autohide=2&#038;wmode=transparent\" allowfullscreen=\"true\" style=\"border:0;\" sandbox=\"allow-scripts allow-same-origin allow-popups allow-presentation allow-popups-to-escape-sandbox\"><\/iframe><\/span><\/p>\n<p>&nbsp;<\/p>\n","protected":false},"excerpt":{"rendered":"<p>A apresenta\u00e7\u00e3o do v\u00eddeo informa que ele \u00e9 destinado aos que pensam que os Italianos tem o mesmo comportamento dos demais Europeus. &nbsp;<\/p>\n","protected":false},"author":5,"featured_media":8036,"comment_status":"open","ping_status":"open","sticky":false,"template":"","format":"standard","meta":{"_acf_changed":false,"jetpack_post_was_ever_published":false,"_jetpack_newsletter_access":"","_jetpack_dont_email_post_to_subs":false,"_jetpack_newsletter_tier_id":0,"_jetpack_memberships_contains_paywalled_content":false,"_jetpack_memberships_contains_paid_content":false,"footnotes":"","jetpack_publicize_message":"","jetpack_publicize_feature_enabled":true,"jetpack_social_post_already_shared":true,"jetpack_social_options":{"image_generator_settings":{"template":"highway","default_image_id":0,"font":"","enabled":false},"version":2}},"categories":[1],"tags":[],"class_list":["post-8035","post","type-post","status-publish","format-standard","has-post-thumbnail","hentry","category-sem-categoria"],"acf":[],"yoast_head":"<!-- This site is optimized with the Yoast SEO plugin v27.3 - https:\/\/yoast.com\/product\/yoast-seo-wordpress\/ -->\n<title>Europeus X Italianos (P\u00e2ndego) | Blog do Guelmann<\/title>\n<meta name=\"robots\" content=\"index, follow, max-snippet:-1, max-image-preview:large, max-video-preview:-1\" \/>\n<link rel=\"canonical\" href=\"https:\/\/gersonguelmann.com.br\/blog\/europeus-x-italianos-pandego\/\" \/>\n<meta property=\"og:locale\" content=\"pt_BR\" \/>\n<meta property=\"og:type\" content=\"article\" \/>\n<meta property=\"og:title\" content=\"Europeus X Italianos (P\u00e2ndego) | Blog do Guelmann\" \/>\n<meta property=\"og:description\" content=\"A apresenta\u00e7\u00e3o do v\u00eddeo informa que ele \u00e9 destinado aos que pensam que os Italianos tem o mesmo comportamento dos demais Europeus. &nbsp;\" \/>\n<meta property=\"og:url\" content=\"https:\/\/gersonguelmann.com.br\/blog\/europeus-x-italianos-pandego\/\" \/>\n<meta property=\"og:site_name\" content=\"Blog do Guelmann\" \/>\n<meta property=\"article:published_time\" content=\"2018-02-02T18:00:14+00:00\" \/>\n<meta property=\"article:modified_time\" content=\"2018-02-02T18:04:29+00:00\" \/>\n<meta property=\"og:image\" content=\"https:\/\/i0.wp.com\/gersonguelmann.com.br\/blog\/wp-content\/uploads\/2018\/02\/It\u00e1lia.jpeg?fit=867%2C650&ssl=1\" \/>\n\t<meta property=\"og:image:width\" content=\"867\" \/>\n\t<meta property=\"og:image:height\" content=\"650\" \/>\n\t<meta property=\"og:image:type\" content=\"image\/jpeg\" \/>\n<meta name=\"author\" content=\"Gerson Guelmann\" \/>\n<meta name=\"twitter:card\" content=\"summary_large_image\" \/>\n<meta name=\"twitter:label1\" content=\"Escrito por\" \/>\n\t<meta name=\"twitter:data1\" content=\"Gerson Guelmann\" \/>\n<script type=\"application\/ld+json\" class=\"yoast-schema-graph\">{\"@context\":\"https:\\\/\\\/schema.org\",\"@graph\":[{\"@type\":\"Article\",\"@id\":\"https:\\\/\\\/gersonguelmann.com.br\\\/blog\\\/europeus-x-italianos-pandego\\\/#article\",\"isPartOf\":{\"@id\":\"https:\\\/\\\/gersonguelmann.com.br\\\/blog\\\/europeus-x-italianos-pandego\\\/\"},\"author\":{\"name\":\"Gerson Guelmann\",\"@id\":\"https:\\\/\\\/gersonguelmann.com.br\\\/blog\\\/#\\\/schema\\\/person\\\/87e70e2a786888082f941a482c90569e\"},\"headline\":\"Europeus X Italianos (P\u00e2ndego)\",\"datePublished\":\"2018-02-02T18:00:14+00:00\",\"dateModified\":\"2018-02-02T18:04:29+00:00\",\"mainEntityOfPage\":{\"@id\":\"https:\\\/\\\/gersonguelmann.com.br\\\/blog\\\/europeus-x-italianos-pandego\\\/\"},\"wordCount\":37,\"commentCount\":0,\"image\":{\"@id\":\"https:\\\/\\\/gersonguelmann.com.br\\\/blog\\\/europeus-x-italianos-pandego\\\/#primaryimage\"},\"thumbnailUrl\":\"https:\\\/\\\/i0.wp.com\\\/gersonguelmann.com.br\\\/blog\\\/wp-content\\\/uploads\\\/2018\\\/02\\\/It%C3%A1lia.jpeg?fit=867%2C650&ssl=1\",\"inLanguage\":\"pt-BR\",\"potentialAction\":[{\"@type\":\"CommentAction\",\"name\":\"Comment\",\"target\":[\"https:\\\/\\\/gersonguelmann.com.br\\\/blog\\\/europeus-x-italianos-pandego\\\/#respond\"]}]},{\"@type\":\"WebPage\",\"@id\":\"https:\\\/\\\/gersonguelmann.com.br\\\/blog\\\/europeus-x-italianos-pandego\\\/\",\"url\":\"https:\\\/\\\/gersonguelmann.com.br\\\/blog\\\/europeus-x-italianos-pandego\\\/\",\"name\":\"Europeus X Italianos (P\u00e2ndego) | Blog do Guelmann\",\"isPartOf\":{\"@id\":\"https:\\\/\\\/gersonguelmann.com.br\\\/blog\\\/#website\"},\"primaryImageOfPage\":{\"@id\":\"https:\\\/\\\/gersonguelmann.com.br\\\/blog\\\/europeus-x-italianos-pandego\\\/#primaryimage\"},\"image\":{\"@id\":\"https:\\\/\\\/gersonguelmann.com.br\\\/blog\\\/europeus-x-italianos-pandego\\\/#primaryimage\"},\"thumbnailUrl\":\"https:\\\/\\\/i0.wp.com\\\/gersonguelmann.com.br\\\/blog\\\/wp-content\\\/uploads\\\/2018\\\/02\\\/It%C3%A1lia.jpeg?fit=867%2C650&ssl=1\",\"datePublished\":\"2018-02-02T18:00:14+00:00\",\"dateModified\":\"2018-02-02T18:04:29+00:00\",\"author\":{\"@id\":\"https:\\\/\\\/gersonguelmann.com.br\\\/blog\\\/#\\\/schema\\\/person\\\/87e70e2a786888082f941a482c90569e\"},\"inLanguage\":\"pt-BR\",\"potentialAction\":[{\"@type\":\"ReadAction\",\"target\":[\"https:\\\/\\\/gersonguelmann.com.br\\\/blog\\\/europeus-x-italianos-pandego\\\/\"]}]},{\"@type\":\"ImageObject\",\"inLanguage\":\"pt-BR\",\"@id\":\"https:\\\/\\\/gersonguelmann.com.br\\\/blog\\\/europeus-x-italianos-pandego\\\/#primaryimage\",\"url\":\"https:\\\/\\\/i0.wp.com\\\/gersonguelmann.com.br\\\/blog\\\/wp-content\\\/uploads\\\/2018\\\/02\\\/It%C3%A1lia.jpeg?fit=867%2C650&ssl=1\",\"contentUrl\":\"https:\\\/\\\/i0.wp.com\\\/gersonguelmann.com.br\\\/blog\\\/wp-content\\\/uploads\\\/2018\\\/02\\\/It%C3%A1lia.jpeg?fit=867%2C650&ssl=1\",\"width\":867,\"height\":650},{\"@type\":\"WebSite\",\"@id\":\"https:\\\/\\\/gersonguelmann.com.br\\\/blog\\\/#website\",\"url\":\"https:\\\/\\\/gersonguelmann.com.br\\\/blog\\\/\",\"name\":\"Blog do Guelmann\",\"description\":\"Pitadas da sabedoria e do humor judaicos, assuntos do momento e um pouco das hist\u00f3rias que vivi e testemunhei.\",\"potentialAction\":[{\"@type\":\"SearchAction\",\"target\":{\"@type\":\"EntryPoint\",\"urlTemplate\":\"https:\\\/\\\/gersonguelmann.com.br\\\/blog\\\/?s={search_term_string}\"},\"query-input\":{\"@type\":\"PropertyValueSpecification\",\"valueRequired\":true,\"valueName\":\"search_term_string\"}}],\"inLanguage\":\"pt-BR\"},{\"@type\":\"Person\",\"@id\":\"https:\\\/\\\/gersonguelmann.com.br\\\/blog\\\/#\\\/schema\\\/person\\\/87e70e2a786888082f941a482c90569e\",\"name\":\"Gerson Guelmann\",\"image\":{\"@type\":\"ImageObject\",\"inLanguage\":\"pt-BR\",\"@id\":\"https:\\\/\\\/i0.wp.com\\\/gersonguelmann.com.br\\\/blog\\\/wp-content\\\/uploads\\\/2021\\\/08\\\/BLOG.jpeg?fit=96%2C96&ssl=1\",\"url\":\"https:\\\/\\\/i0.wp.com\\\/gersonguelmann.com.br\\\/blog\\\/wp-content\\\/uploads\\\/2021\\\/08\\\/BLOG.jpeg?fit=96%2C96&ssl=1\",\"contentUrl\":\"https:\\\/\\\/i0.wp.com\\\/gersonguelmann.com.br\\\/blog\\\/wp-content\\\/uploads\\\/2021\\\/08\\\/BLOG.jpeg?fit=96%2C96&ssl=1\",\"caption\":\"Gerson Guelmann\"},\"description\":\"Pitadas da sabedoria e do humor judaicos, assuntos do momento e um pouco das hist\u00f3rias que vivi e testemunhei.\"}]}<\/script>\n<!-- \/ Yoast SEO plugin. -->","yoast_head_json":{"title":"Europeus X Italianos (P\u00e2ndego) | Blog do Guelmann","robots":{"index":"index","follow":"follow","max-snippet":"max-snippet:-1","max-image-preview":"max-image-preview:large","max-video-preview":"max-video-preview:-1"},"canonical":"https:\/\/gersonguelmann.com.br\/blog\/europeus-x-italianos-pandego\/","og_locale":"pt_BR","og_type":"article","og_title":"Europeus X Italianos (P\u00e2ndego) | Blog do Guelmann","og_description":"A apresenta\u00e7\u00e3o do v\u00eddeo informa que ele \u00e9 destinado aos que pensam que os Italianos tem o mesmo comportamento dos demais Europeus. &nbsp;","og_url":"https:\/\/gersonguelmann.com.br\/blog\/europeus-x-italianos-pandego\/","og_site_name":"Blog do Guelmann","article_published_time":"2018-02-02T18:00:14+00:00","article_modified_time":"2018-02-02T18:04:29+00:00","og_image":[{"width":867,"height":650,"url":"https:\/\/i0.wp.com\/gersonguelmann.com.br\/blog\/wp-content\/uploads\/2018\/02\/It\u00e1lia.jpeg?fit=867%2C650&ssl=1","type":"image\/jpeg"}],"author":"Gerson Guelmann","twitter_card":"summary_large_image","twitter_misc":{"Escrito por":"Gerson Guelmann"},"schema":{"@context":"https:\/\/schema.org","@graph":[{"@type":"Article","@id":"https:\/\/gersonguelmann.com.br\/blog\/europeus-x-italianos-pandego\/#article","isPartOf":{"@id":"https:\/\/gersonguelmann.com.br\/blog\/europeus-x-italianos-pandego\/"},"author":{"name":"Gerson Guelmann","@id":"https:\/\/gersonguelmann.com.br\/blog\/#\/schema\/person\/87e70e2a786888082f941a482c90569e"},"headline":"Europeus X Italianos (P\u00e2ndego)","datePublished":"2018-02-02T18:00:14+00:00","dateModified":"2018-02-02T18:04:29+00:00","mainEntityOfPage":{"@id":"https:\/\/gersonguelmann.com.br\/blog\/europeus-x-italianos-pandego\/"},"wordCount":37,"commentCount":0,"image":{"@id":"https:\/\/gersonguelmann.com.br\/blog\/europeus-x-italianos-pandego\/#primaryimage"},"thumbnailUrl":"https:\/\/i0.wp.com\/gersonguelmann.com.br\/blog\/wp-content\/uploads\/2018\/02\/It%C3%A1lia.jpeg?fit=867%2C650&ssl=1","inLanguage":"pt-BR","potentialAction":[{"@type":"CommentAction","name":"Comment","target":["https:\/\/gersonguelmann.com.br\/blog\/europeus-x-italianos-pandego\/#respond"]}]},{"@type":"WebPage","@id":"https:\/\/gersonguelmann.com.br\/blog\/europeus-x-italianos-pandego\/","url":"https:\/\/gersonguelmann.com.br\/blog\/europeus-x-italianos-pandego\/","name":"Europeus X Italianos (P\u00e2ndego) | Blog do Guelmann","isPartOf":{"@id":"https:\/\/gersonguelmann.com.br\/blog\/#website"},"primaryImageOfPage":{"@id":"https:\/\/gersonguelmann.com.br\/blog\/europeus-x-italianos-pandego\/#primaryimage"},"image":{"@id":"https:\/\/gersonguelmann.com.br\/blog\/europeus-x-italianos-pandego\/#primaryimage"},"thumbnailUrl":"https:\/\/i0.wp.com\/gersonguelmann.com.br\/blog\/wp-content\/uploads\/2018\/02\/It%C3%A1lia.jpeg?fit=867%2C650&ssl=1","datePublished":"2018-02-02T18:00:14+00:00","dateModified":"2018-02-02T18:04:29+00:00","author":{"@id":"https:\/\/gersonguelmann.com.br\/blog\/#\/schema\/person\/87e70e2a786888082f941a482c90569e"},"inLanguage":"pt-BR","potentialAction":[{"@type":"ReadAction","target":["https:\/\/gersonguelmann.com.br\/blog\/europeus-x-italianos-pandego\/"]}]},{"@type":"ImageObject","inLanguage":"pt-BR","@id":"https:\/\/gersonguelmann.com.br\/blog\/europeus-x-italianos-pandego\/#primaryimage","url":"https:\/\/i0.wp.com\/gersonguelmann.com.br\/blog\/wp-content\/uploads\/2018\/02\/It%C3%A1lia.jpeg?fit=867%2C650&ssl=1","contentUrl":"https:\/\/i0.wp.com\/gersonguelmann.com.br\/blog\/wp-content\/uploads\/2018\/02\/It%C3%A1lia.jpeg?fit=867%2C650&ssl=1","width":867,"height":650},{"@type":"WebSite","@id":"https:\/\/gersonguelmann.com.br\/blog\/#website","url":"https:\/\/gersonguelmann.com.br\/blog\/","name":"Blog do Guelmann","description":"Pitadas da sabedoria e do humor judaicos, assuntos do momento e um pouco das hist\u00f3rias que vivi e testemunhei.","potentialAction":[{"@type":"SearchAction","target":{"@type":"EntryPoint","urlTemplate":"https:\/\/gersonguelmann.com.br\/blog\/?s={search_term_string}"},"query-input":{"@type":"PropertyValueSpecification","valueRequired":true,"valueName":"search_term_string"}}],"inLanguage":"pt-BR"},{"@type":"Person","@id":"https:\/\/gersonguelmann.com.br\/blog\/#\/schema\/person\/87e70e2a786888082f941a482c90569e","name":"Gerson Guelmann","image":{"@type":"ImageObject","inLanguage":"pt-BR","@id":"https:\/\/i0.wp.com\/gersonguelmann.com.br\/blog\/wp-content\/uploads\/2021\/08\/BLOG.jpeg?fit=96%2C96&ssl=1","url":"https:\/\/i0.wp.com\/gersonguelmann.com.br\/blog\/wp-content\/uploads\/2021\/08\/BLOG.jpeg?fit=96%2C96&ssl=1","contentUrl":"https:\/\/i0.wp.com\/gersonguelmann.com.br\/blog\/wp-content\/uploads\/2021\/08\/BLOG.jpeg?fit=96%2C96&ssl=1","caption":"Gerson Guelmann"},"description":"Pitadas da sabedoria e do humor judaicos, assuntos do momento e um pouco das hist\u00f3rias que vivi e testemunhei."}]}},"views":53,"jetpack_publicize_connections":[],"jetpack_featured_media_url":"https:\/\/i0.wp.com\/gersonguelmann.com.br\/blog\/wp-content\/uploads\/2018\/02\/It%C3%A1lia.jpeg?fit=867%2C650&ssl=1","jetpack_shortlink":"https:\/\/wp.me\/p96e7O-25B","jetpack-related-posts":[{"id":13459,"url":"https:\/\/gersonguelmann.com.br\/blog\/morreu-alberto-mieli-um-dos-ultimos-sobreviventes-italianos-de-auschwitz\/","url_meta":{"origin":8035,"position":0},"title":"Morreu Alberto Mieli, Um dos \u00daltimos Sobreviventes Italianos de Auschwitz","author":"Gerson Guelmann","date":"29 de maio de 2018","format":false,"excerpt":"Do site TERRA: MUNDO Morre um dos \u00faltimos sobreviventes italianos de Auschwitz Alberto Mieli tinha 92 anos e escreveu livro sobre o campo 29 MAI2018 15h18 -\u00a0atualizado \u00e0s 15h42 Aberto Mieli, um dos \u00faltimos sobreviventes italianos do campo de concentra\u00e7\u00e3o nazista de Auschwitz, morreu em Roma. Morre Alberto Mieli, um\u2026","rel":"","context":"Em &quot;Sem categoria&quot;","block_context":{"text":"Sem categoria","link":"https:\/\/gersonguelmann.com.br\/blog\/category\/sem-categoria\/"},"img":{"alt_text":"","src":"https:\/\/i0.wp.com\/gersonguelmann.com.br\/blog\/wp-content\/uploads\/2018\/05\/AM.jpg?fit=620%2C413&ssl=1&resize=350%2C200","width":350,"height":200,"srcset":"https:\/\/i0.wp.com\/gersonguelmann.com.br\/blog\/wp-content\/uploads\/2018\/05\/AM.jpg?fit=620%2C413&ssl=1&resize=350%2C200 1x, https:\/\/i0.wp.com\/gersonguelmann.com.br\/blog\/wp-content\/uploads\/2018\/05\/AM.jpg?fit=620%2C413&ssl=1&resize=525%2C300 1.5x"},"classes":[]},{"id":8502,"url":"https:\/\/gersonguelmann.com.br\/blog\/cidadao-italiano-nao-esqueca\/","url_meta":{"origin":8035,"position":1},"title":"Cidad\u00e3o Italiano, N\u00e3o Esque\u00e7a!","author":"Gerson Guelmann","date":"13 de fevereiro de 2018","format":false,"excerpt":"Lembrando os cidad\u00e3os italianos que dia 4\/3 teremos as elei\u00e7\u00f5es para o Parlamento. Walter Petruzziello \u00e9 candidato a Deputado, com uma plataforma inovadora e voltada ao atendimento dos anseios da comunidade italiana no estrangeiro. Clique na imagem abaixo para ser direcionado para a p\u00e1gina do Facebook.","rel":"","context":"Em &quot;Sem categoria&quot;","block_context":{"text":"Sem categoria","link":"https:\/\/gersonguelmann.com.br\/blog\/category\/sem-categoria\/"},"img":{"alt_text":"","src":"https:\/\/i0.wp.com\/gersonguelmann.com.br\/blog\/wp-content\/uploads\/2018\/02\/WP.jpg?fit=960%2C365&ssl=1&resize=350%2C200","width":350,"height":200,"srcset":"https:\/\/i0.wp.com\/gersonguelmann.com.br\/blog\/wp-content\/uploads\/2018\/02\/WP.jpg?fit=960%2C365&ssl=1&resize=350%2C200 1x, https:\/\/i0.wp.com\/gersonguelmann.com.br\/blog\/wp-content\/uploads\/2018\/02\/WP.jpg?fit=960%2C365&ssl=1&resize=525%2C300 1.5x, https:\/\/i0.wp.com\/gersonguelmann.com.br\/blog\/wp-content\/uploads\/2018\/02\/WP.jpg?fit=960%2C365&ssl=1&resize=700%2C400 2x"},"classes":[]},{"id":7698,"url":"https:\/\/gersonguelmann.com.br\/blog\/nao-espere-ate-outubro-para-votar-se-voce-e-italiano\/","url_meta":{"origin":8035,"position":2},"title":"N\u00e3o Espere at\u00e9 Outubro Para Votar (Se Voc\u00ea \u00c9 Italiano)","author":"Gerson Guelmann","date":"26 de janeiro de 2018","format":false,"excerpt":"As elei\u00e7\u00f5es aqui no Brasil ser\u00e3o em 7\/10, mas se voc\u00ea tem a cidadania italiana n\u00e3o precisa esperar at\u00e9 l\u00e1. Os\u00a0cidad\u00e3os italianos\u00a0que moram no\u00a0exterior\u00a0poder\u00e3o votar nos seus representantes na C\u00e2mara dos Deputados e no Senado da Rep\u00fablica nas elei\u00e7\u00f5es de 4\/3. Quero pedir aos meus amigos que est\u00e3o habilitados que\u2026","rel":"","context":"Em &quot;Sem categoria&quot;","block_context":{"text":"Sem categoria","link":"https:\/\/gersonguelmann.com.br\/blog\/category\/sem-categoria\/"},"img":{"alt_text":"","src":"https:\/\/i0.wp.com\/gersonguelmann.com.br\/blog\/wp-content\/uploads\/2018\/01\/WP.jpg?fit=828%2C472&ssl=1&resize=350%2C200","width":350,"height":200,"srcset":"https:\/\/i0.wp.com\/gersonguelmann.com.br\/blog\/wp-content\/uploads\/2018\/01\/WP.jpg?fit=828%2C472&ssl=1&resize=350%2C200 1x, https:\/\/i0.wp.com\/gersonguelmann.com.br\/blog\/wp-content\/uploads\/2018\/01\/WP.jpg?fit=828%2C472&ssl=1&resize=525%2C300 1.5x, https:\/\/i0.wp.com\/gersonguelmann.com.br\/blog\/wp-content\/uploads\/2018\/01\/WP.jpg?fit=828%2C472&ssl=1&resize=700%2C400 2x"},"classes":[]},{"id":2881,"url":"https:\/\/gersonguelmann.com.br\/blog\/o-ministerio-da-saude-adverte\/","url_meta":{"origin":8035,"position":3},"title":"O Minist\u00e9rio da Sa\u00fade Adverte","author":"Gerson Guelmann","date":"14 de outubro de 2017","format":false,"excerpt":"(Livre adapta\u00e7\u00e3o de anedota do humor judaico, sob a responsabilidade do Blogueiro) Fato 1: Os japoneses comem poucos alimentos gordurosos e sofrem menos ataques card\u00edacos do que os portugueses e brasileiros. Fato 2: Os japoneses tomam pouco vinho tinto\u00a0e sofrem menos ataques card\u00edacos do que os portugueses e brasileiros.\u00a0 Fato\u2026","rel":"","context":"Em &quot;Sem categoria&quot;","block_context":{"text":"Sem categoria","link":"https:\/\/gersonguelmann.com.br\/blog\/category\/sem-categoria\/"},"img":{"alt_text":"","src":"https:\/\/i0.wp.com\/gersonguelmann.com.br\/blog\/wp-content\/uploads\/2017\/10\/Minist%C3%A9rio.jpg?fit=500%2C340&ssl=1&resize=350%2C200","width":350,"height":200},"classes":[]},{"id":8773,"url":"https:\/\/gersonguelmann.com.br\/blog\/cidadao-italiano-teu-voto-e-indispensavel\/","url_meta":{"origin":8035,"position":4},"title":"Cidad\u00e3o Italiano: Teu Voto \u00e9 Indispens\u00e1vel!","author":"Gerson Guelmann","date":"19 de fevereiro de 2018","format":false,"excerpt":"Se voc\u00ea \u00e9 cidad\u00e3o italiano, precisa saber que o voto na pr\u00f3xima elei\u00e7\u00e3o n\u00e3o \u00e9 obrigat\u00f3rio, mas \u00e9 indispens\u00e1vel eleger Walter Petruzziello como Deputado. O Walter \u00e9 um Curitibano nascido na It\u00e1lia e a presen\u00e7a dele no Parlamento representar\u00e1 um refor\u00e7o extraordin\u00e1rio ao trabalho que executa h\u00e1 muitos anos na\u2026","rel":"","context":"Em &quot;Sem categoria&quot;","block_context":{"text":"Sem categoria","link":"https:\/\/gersonguelmann.com.br\/blog\/category\/sem-categoria\/"},"img":{"alt_text":"","src":"https:\/\/i0.wp.com\/gersonguelmann.com.br\/blog\/wp-content\/uploads\/2018\/02\/WP.png?fit=828%2C472&ssl=1&resize=350%2C200","width":350,"height":200,"srcset":"https:\/\/i0.wp.com\/gersonguelmann.com.br\/blog\/wp-content\/uploads\/2018\/02\/WP.png?fit=828%2C472&ssl=1&resize=350%2C200 1x, https:\/\/i0.wp.com\/gersonguelmann.com.br\/blog\/wp-content\/uploads\/2018\/02\/WP.png?fit=828%2C472&ssl=1&resize=525%2C300 1.5x, https:\/\/i0.wp.com\/gersonguelmann.com.br\/blog\/wp-content\/uploads\/2018\/02\/WP.png?fit=828%2C472&ssl=1&resize=700%2C400 2x"},"classes":[]},{"id":5360,"url":"https:\/\/gersonguelmann.com.br\/blog\/como-europa-esta-crescendo\/","url_meta":{"origin":8035,"position":5},"title":"Como a Europa Est\u00e1 Crescendo?","author":"Gerson Guelmann","date":"8 de dezembro de 2017","format":false,"excerpt":"O Index da publica\u00e7\u00e3o inglesa The Spectator est\u00e1 anunciado o crescimento do PIB dos pa\u00edses europeus em 2017: Irlanda - 4,1 Pol\u00f4nia - 3,8 Hungria - 3,2 Pa\u00edses Baixos - 3,1 Espanha - 3,1 Su\u00e9cia - 3,1 Portugal - 2,5 \u00c1ustria - 2,3 Alemanha - 2,0 Gr\u00e9cia - 1,8 R\u00fassia\u2026","rel":"","context":"Em &quot;Sem categoria&quot;","block_context":{"text":"Sem categoria","link":"https:\/\/gersonguelmann.com.br\/blog\/category\/sem-categoria\/"},"img":{"alt_text":"","src":"https:\/\/i0.wp.com\/gersonguelmann.com.br\/blog\/wp-content\/uploads\/2017\/12\/Mapa.jpg?resize=350%2C200&ssl=1","width":350,"height":200},"classes":[]}],"jetpack_sharing_enabled":true,"post_mailing_queue_ids":[],"_links":{"self":[{"href":"https:\/\/gersonguelmann.com.br\/blog\/wp-json\/wp\/v2\/posts\/8035","targetHints":{"allow":["GET"]}}],"collection":[{"href":"https:\/\/gersonguelmann.com.br\/blog\/wp-json\/wp\/v2\/posts"}],"about":[{"href":"https:\/\/gersonguelmann.com.br\/blog\/wp-json\/wp\/v2\/types\/post"}],"author":[{"embeddable":true,"href":"https:\/\/gersonguelmann.com.br\/blog\/wp-json\/wp\/v2\/users\/5"}],"replies":[{"embeddable":true,"href":"https:\/\/gersonguelmann.com.br\/blog\/wp-json\/wp\/v2\/comments?post=8035"}],"version-history":[{"count":0,"href":"https:\/\/gersonguelmann.com.br\/blog\/wp-json\/wp\/v2\/posts\/8035\/revisions"}],"wp:featuredmedia":[{"embeddable":true,"href":"https:\/\/gersonguelmann.com.br\/blog\/wp-json\/wp\/v2\/media\/8036"}],"wp:attachment":[{"href":"https:\/\/gersonguelmann.com.br\/blog\/wp-json\/wp\/v2\/media?parent=8035"}],"wp:term":[{"taxonomy":"category","embeddable":true,"href":"https:\/\/gersonguelmann.com.br\/blog\/wp-json\/wp\/v2\/categories?post=8035"},{"taxonomy":"post_tag","embeddable":true,"href":"https:\/\/gersonguelmann.com.br\/blog\/wp-json\/wp\/v2\/tags?post=8035"}],"curies":[{"name":"wp","href":"https:\/\/api.w.org\/{rel}","templated":true}]}}