    {"id":8057,"date":"2018-02-03T10:00:52","date_gmt":"2018-02-03T12:00:52","guid":{"rendered":"https:\/\/gersonguelmann.com.br\/blog\/?p=8057"},"modified":"2018-02-03T10:10:31","modified_gmt":"2018-02-03T12:10:31","slug":"o-brasil-que-eu-quero","status":"publish","type":"post","link":"https:\/\/gersonguelmann.com.br\/blog\/o-brasil-que-eu-quero\/","title":{"rendered":"O Brasil Que Eu Quero"},"content":{"rendered":"<p style=\"text-align: center;\"><img data-recalc-dims=\"1\" decoding=\"async\" data-attachment-id=\"8059\" data-permalink=\"https:\/\/gersonguelmann.com.br\/blog\/o-brasil-que-eu-quero\/sal\/\" data-orig-file=\"https:\/\/i0.wp.com\/gersonguelmann.com.br\/blog\/wp-content\/uploads\/2018\/02\/Sal.jpg?fit=940%2C376&amp;ssl=1\" data-orig-size=\"940,376\" data-comments-opened=\"1\" data-image-meta=\"{&quot;aperture&quot;:&quot;0&quot;,&quot;credit&quot;:&quot;&quot;,&quot;camera&quot;:&quot;&quot;,&quot;caption&quot;:&quot;&quot;,&quot;created_timestamp&quot;:&quot;0&quot;,&quot;copyright&quot;:&quot;&quot;,&quot;focal_length&quot;:&quot;0&quot;,&quot;iso&quot;:&quot;0&quot;,&quot;shutter_speed&quot;:&quot;0&quot;,&quot;title&quot;:&quot;&quot;,&quot;orientation&quot;:&quot;0&quot;}\" data-image-title=\"Sal\" data-image-description=\"\" data-image-caption=\"\" data-medium-file=\"https:\/\/i0.wp.com\/gersonguelmann.com.br\/blog\/wp-content\/uploads\/2018\/02\/Sal.jpg?fit=300%2C120&amp;ssl=1\" data-large-file=\"https:\/\/i0.wp.com\/gersonguelmann.com.br\/blog\/wp-content\/uploads\/2018\/02\/Sal.jpg?fit=640%2C256&amp;ssl=1\" class=\"alignnone size-medium wp-image-8059\" src=\"https:\/\/i0.wp.com\/gersonguelmann.com.br\/blog\/wp-content\/uploads\/2018\/02\/Sal.jpg?resize=300%2C120&#038;ssl=1\" alt=\"\" width=\"300\" height=\"120\" srcset=\"https:\/\/i0.wp.com\/gersonguelmann.com.br\/blog\/wp-content\/uploads\/2018\/02\/Sal.jpg?resize=300%2C120&amp;ssl=1 300w, https:\/\/i0.wp.com\/gersonguelmann.com.br\/blog\/wp-content\/uploads\/2018\/02\/Sal.jpg?resize=768%2C307&amp;ssl=1 768w, https:\/\/i0.wp.com\/gersonguelmann.com.br\/blog\/wp-content\/uploads\/2018\/02\/Sal.jpg?w=940&amp;ssl=1 940w\" sizes=\"(max-width: 300px) 100vw, 300px\" \/><\/p>\n<p>Na esteira do pedido que a Globo est\u00e1 fazendo para que os espectadores enviem os v\u00eddeos com o que desejam para o Brasil, esta paranaense de Guarapuava fez um pedido sensacional.<\/p>\n<p><span class=\"embed-youtube\" style=\"text-align:center; display: block;\"><iframe class=\"youtube-player\" width=\"640\" height=\"360\" src=\"https:\/\/www.youtube.com\/embed\/_tf5wG7YgnU?version=3&#038;rel=1&#038;showsearch=0&#038;showinfo=1&#038;iv_load_policy=1&#038;fs=1&#038;hl=pt-BR&#038;autohide=2&#038;wmode=transparent\" allowfullscreen=\"true\" style=\"border:0;\" sandbox=\"allow-scripts allow-same-origin allow-popups allow-presentation allow-popups-to-escape-sandbox\"><\/iframe><\/span><\/p>\n","protected":false},"excerpt":{"rendered":"<p>Na esteira do pedido que a Globo est\u00e1 fazendo para que os espectadores enviem os v\u00eddeos com o que desejam para o Brasil, esta paranaense de Guarapuava fez um pedido sensacional.<\/p>\n","protected":false},"author":5,"featured_media":8059,"comment_status":"open","ping_status":"open","sticky":false,"template":"","format":"standard","meta":{"_acf_changed":false,"jetpack_post_was_ever_published":false,"_jetpack_newsletter_access":"","_jetpack_dont_email_post_to_subs":false,"_jetpack_newsletter_tier_id":0,"_jetpack_memberships_contains_paywalled_content":false,"_jetpack_memberships_contains_paid_content":false,"footnotes":"","jetpack_publicize_message":"","jetpack_publicize_feature_enabled":true,"jetpack_social_post_already_shared":true,"jetpack_social_options":{"image_generator_settings":{"template":"highway","default_image_id":0,"font":"","enabled":false},"version":2}},"categories":[1],"tags":[],"class_list":["post-8057","post","type-post","status-publish","format-standard","has-post-thumbnail","hentry","category-sem-categoria"],"acf":[],"yoast_head":"<!-- This site is optimized with the Yoast SEO plugin v27.3 - https:\/\/yoast.com\/product\/yoast-seo-wordpress\/ -->\n<title>O Brasil Que Eu Quero | Blog do Guelmann<\/title>\n<meta name=\"robots\" content=\"index, follow, max-snippet:-1, max-image-preview:large, max-video-preview:-1\" \/>\n<link rel=\"canonical\" href=\"https:\/\/gersonguelmann.com.br\/blog\/o-brasil-que-eu-quero\/\" \/>\n<meta property=\"og:locale\" content=\"pt_BR\" \/>\n<meta property=\"og:type\" content=\"article\" \/>\n<meta property=\"og:title\" content=\"O Brasil Que Eu Quero | Blog do Guelmann\" \/>\n<meta property=\"og:description\" content=\"Na esteira do pedido que a Globo est\u00e1 fazendo para que os espectadores enviem os v\u00eddeos com o que desejam para o Brasil, esta paranaense de Guarapuava fez um pedido sensacional.\" \/>\n<meta property=\"og:url\" content=\"https:\/\/gersonguelmann.com.br\/blog\/o-brasil-que-eu-quero\/\" \/>\n<meta property=\"og:site_name\" content=\"Blog do Guelmann\" \/>\n<meta property=\"article:published_time\" content=\"2018-02-03T12:00:52+00:00\" \/>\n<meta property=\"article:modified_time\" content=\"2018-02-03T12:10:31+00:00\" \/>\n<meta property=\"og:image\" content=\"https:\/\/i0.wp.com\/gersonguelmann.com.br\/blog\/wp-content\/uploads\/2018\/02\/Sal.jpg?fit=940%2C376&ssl=1\" \/>\n\t<meta property=\"og:image:width\" content=\"940\" \/>\n\t<meta property=\"og:image:height\" content=\"376\" \/>\n\t<meta property=\"og:image:type\" content=\"image\/jpeg\" \/>\n<meta name=\"author\" content=\"Gerson Guelmann\" \/>\n<meta name=\"twitter:card\" content=\"summary_large_image\" \/>\n<meta name=\"twitter:label1\" content=\"Escrito por\" \/>\n\t<meta name=\"twitter:data1\" content=\"Gerson Guelmann\" \/>\n<script type=\"application\/ld+json\" class=\"yoast-schema-graph\">{\"@context\":\"https:\\\/\\\/schema.org\",\"@graph\":[{\"@type\":\"Article\",\"@id\":\"https:\\\/\\\/gersonguelmann.com.br\\\/blog\\\/o-brasil-que-eu-quero\\\/#article\",\"isPartOf\":{\"@id\":\"https:\\\/\\\/gersonguelmann.com.br\\\/blog\\\/o-brasil-que-eu-quero\\\/\"},\"author\":{\"name\":\"Gerson Guelmann\",\"@id\":\"https:\\\/\\\/gersonguelmann.com.br\\\/blog\\\/#\\\/schema\\\/person\\\/87e70e2a786888082f941a482c90569e\"},\"headline\":\"O Brasil Que Eu Quero\",\"datePublished\":\"2018-02-03T12:00:52+00:00\",\"dateModified\":\"2018-02-03T12:10:31+00:00\",\"mainEntityOfPage\":{\"@id\":\"https:\\\/\\\/gersonguelmann.com.br\\\/blog\\\/o-brasil-que-eu-quero\\\/\"},\"wordCount\":43,\"commentCount\":0,\"image\":{\"@id\":\"https:\\\/\\\/gersonguelmann.com.br\\\/blog\\\/o-brasil-que-eu-quero\\\/#primaryimage\"},\"thumbnailUrl\":\"https:\\\/\\\/i0.wp.com\\\/gersonguelmann.com.br\\\/blog\\\/wp-content\\\/uploads\\\/2018\\\/02\\\/Sal.jpg?fit=940%2C376&ssl=1\",\"inLanguage\":\"pt-BR\",\"potentialAction\":[{\"@type\":\"CommentAction\",\"name\":\"Comment\",\"target\":[\"https:\\\/\\\/gersonguelmann.com.br\\\/blog\\\/o-brasil-que-eu-quero\\\/#respond\"]}]},{\"@type\":\"WebPage\",\"@id\":\"https:\\\/\\\/gersonguelmann.com.br\\\/blog\\\/o-brasil-que-eu-quero\\\/\",\"url\":\"https:\\\/\\\/gersonguelmann.com.br\\\/blog\\\/o-brasil-que-eu-quero\\\/\",\"name\":\"O Brasil Que Eu Quero | Blog do Guelmann\",\"isPartOf\":{\"@id\":\"https:\\\/\\\/gersonguelmann.com.br\\\/blog\\\/#website\"},\"primaryImageOfPage\":{\"@id\":\"https:\\\/\\\/gersonguelmann.com.br\\\/blog\\\/o-brasil-que-eu-quero\\\/#primaryimage\"},\"image\":{\"@id\":\"https:\\\/\\\/gersonguelmann.com.br\\\/blog\\\/o-brasil-que-eu-quero\\\/#primaryimage\"},\"thumbnailUrl\":\"https:\\\/\\\/i0.wp.com\\\/gersonguelmann.com.br\\\/blog\\\/wp-content\\\/uploads\\\/2018\\\/02\\\/Sal.jpg?fit=940%2C376&ssl=1\",\"datePublished\":\"2018-02-03T12:00:52+00:00\",\"dateModified\":\"2018-02-03T12:10:31+00:00\",\"author\":{\"@id\":\"https:\\\/\\\/gersonguelmann.com.br\\\/blog\\\/#\\\/schema\\\/person\\\/87e70e2a786888082f941a482c90569e\"},\"inLanguage\":\"pt-BR\",\"potentialAction\":[{\"@type\":\"ReadAction\",\"target\":[\"https:\\\/\\\/gersonguelmann.com.br\\\/blog\\\/o-brasil-que-eu-quero\\\/\"]}]},{\"@type\":\"ImageObject\",\"inLanguage\":\"pt-BR\",\"@id\":\"https:\\\/\\\/gersonguelmann.com.br\\\/blog\\\/o-brasil-que-eu-quero\\\/#primaryimage\",\"url\":\"https:\\\/\\\/i0.wp.com\\\/gersonguelmann.com.br\\\/blog\\\/wp-content\\\/uploads\\\/2018\\\/02\\\/Sal.jpg?fit=940%2C376&ssl=1\",\"contentUrl\":\"https:\\\/\\\/i0.wp.com\\\/gersonguelmann.com.br\\\/blog\\\/wp-content\\\/uploads\\\/2018\\\/02\\\/Sal.jpg?fit=940%2C376&ssl=1\",\"width\":940,\"height\":376},{\"@type\":\"WebSite\",\"@id\":\"https:\\\/\\\/gersonguelmann.com.br\\\/blog\\\/#website\",\"url\":\"https:\\\/\\\/gersonguelmann.com.br\\\/blog\\\/\",\"name\":\"Blog do Guelmann\",\"description\":\"Pitadas da sabedoria e do humor judaicos, assuntos do momento e um pouco das hist\u00f3rias que vivi e testemunhei.\",\"potentialAction\":[{\"@type\":\"SearchAction\",\"target\":{\"@type\":\"EntryPoint\",\"urlTemplate\":\"https:\\\/\\\/gersonguelmann.com.br\\\/blog\\\/?s={search_term_string}\"},\"query-input\":{\"@type\":\"PropertyValueSpecification\",\"valueRequired\":true,\"valueName\":\"search_term_string\"}}],\"inLanguage\":\"pt-BR\"},{\"@type\":\"Person\",\"@id\":\"https:\\\/\\\/gersonguelmann.com.br\\\/blog\\\/#\\\/schema\\\/person\\\/87e70e2a786888082f941a482c90569e\",\"name\":\"Gerson Guelmann\",\"image\":{\"@type\":\"ImageObject\",\"inLanguage\":\"pt-BR\",\"@id\":\"https:\\\/\\\/i0.wp.com\\\/gersonguelmann.com.br\\\/blog\\\/wp-content\\\/uploads\\\/2021\\\/08\\\/BLOG.jpeg?fit=96%2C96&ssl=1\",\"url\":\"https:\\\/\\\/i0.wp.com\\\/gersonguelmann.com.br\\\/blog\\\/wp-content\\\/uploads\\\/2021\\\/08\\\/BLOG.jpeg?fit=96%2C96&ssl=1\",\"contentUrl\":\"https:\\\/\\\/i0.wp.com\\\/gersonguelmann.com.br\\\/blog\\\/wp-content\\\/uploads\\\/2021\\\/08\\\/BLOG.jpeg?fit=96%2C96&ssl=1\",\"caption\":\"Gerson Guelmann\"},\"description\":\"Pitadas da sabedoria e do humor judaicos, assuntos do momento e um pouco das hist\u00f3rias que vivi e testemunhei.\"}]}<\/script>\n<!-- \/ Yoast SEO plugin. -->","yoast_head_json":{"title":"O Brasil Que Eu Quero | Blog do Guelmann","robots":{"index":"index","follow":"follow","max-snippet":"max-snippet:-1","max-image-preview":"max-image-preview:large","max-video-preview":"max-video-preview:-1"},"canonical":"https:\/\/gersonguelmann.com.br\/blog\/o-brasil-que-eu-quero\/","og_locale":"pt_BR","og_type":"article","og_title":"O Brasil Que Eu Quero | Blog do Guelmann","og_description":"Na esteira do pedido que a Globo est\u00e1 fazendo para que os espectadores enviem os v\u00eddeos com o que desejam para o Brasil, esta paranaense de Guarapuava fez um pedido sensacional.","og_url":"https:\/\/gersonguelmann.com.br\/blog\/o-brasil-que-eu-quero\/","og_site_name":"Blog do Guelmann","article_published_time":"2018-02-03T12:00:52+00:00","article_modified_time":"2018-02-03T12:10:31+00:00","og_image":[{"width":940,"height":376,"url":"https:\/\/i0.wp.com\/gersonguelmann.com.br\/blog\/wp-content\/uploads\/2018\/02\/Sal.jpg?fit=940%2C376&ssl=1","type":"image\/jpeg"}],"author":"Gerson Guelmann","twitter_card":"summary_large_image","twitter_misc":{"Escrito por":"Gerson Guelmann"},"schema":{"@context":"https:\/\/schema.org","@graph":[{"@type":"Article","@id":"https:\/\/gersonguelmann.com.br\/blog\/o-brasil-que-eu-quero\/#article","isPartOf":{"@id":"https:\/\/gersonguelmann.com.br\/blog\/o-brasil-que-eu-quero\/"},"author":{"name":"Gerson Guelmann","@id":"https:\/\/gersonguelmann.com.br\/blog\/#\/schema\/person\/87e70e2a786888082f941a482c90569e"},"headline":"O Brasil Que Eu Quero","datePublished":"2018-02-03T12:00:52+00:00","dateModified":"2018-02-03T12:10:31+00:00","mainEntityOfPage":{"@id":"https:\/\/gersonguelmann.com.br\/blog\/o-brasil-que-eu-quero\/"},"wordCount":43,"commentCount":0,"image":{"@id":"https:\/\/gersonguelmann.com.br\/blog\/o-brasil-que-eu-quero\/#primaryimage"},"thumbnailUrl":"https:\/\/i0.wp.com\/gersonguelmann.com.br\/blog\/wp-content\/uploads\/2018\/02\/Sal.jpg?fit=940%2C376&ssl=1","inLanguage":"pt-BR","potentialAction":[{"@type":"CommentAction","name":"Comment","target":["https:\/\/gersonguelmann.com.br\/blog\/o-brasil-que-eu-quero\/#respond"]}]},{"@type":"WebPage","@id":"https:\/\/gersonguelmann.com.br\/blog\/o-brasil-que-eu-quero\/","url":"https:\/\/gersonguelmann.com.br\/blog\/o-brasil-que-eu-quero\/","name":"O Brasil Que Eu Quero | Blog do Guelmann","isPartOf":{"@id":"https:\/\/gersonguelmann.com.br\/blog\/#website"},"primaryImageOfPage":{"@id":"https:\/\/gersonguelmann.com.br\/blog\/o-brasil-que-eu-quero\/#primaryimage"},"image":{"@id":"https:\/\/gersonguelmann.com.br\/blog\/o-brasil-que-eu-quero\/#primaryimage"},"thumbnailUrl":"https:\/\/i0.wp.com\/gersonguelmann.com.br\/blog\/wp-content\/uploads\/2018\/02\/Sal.jpg?fit=940%2C376&ssl=1","datePublished":"2018-02-03T12:00:52+00:00","dateModified":"2018-02-03T12:10:31+00:00","author":{"@id":"https:\/\/gersonguelmann.com.br\/blog\/#\/schema\/person\/87e70e2a786888082f941a482c90569e"},"inLanguage":"pt-BR","potentialAction":[{"@type":"ReadAction","target":["https:\/\/gersonguelmann.com.br\/blog\/o-brasil-que-eu-quero\/"]}]},{"@type":"ImageObject","inLanguage":"pt-BR","@id":"https:\/\/gersonguelmann.com.br\/blog\/o-brasil-que-eu-quero\/#primaryimage","url":"https:\/\/i0.wp.com\/gersonguelmann.com.br\/blog\/wp-content\/uploads\/2018\/02\/Sal.jpg?fit=940%2C376&ssl=1","contentUrl":"https:\/\/i0.wp.com\/gersonguelmann.com.br\/blog\/wp-content\/uploads\/2018\/02\/Sal.jpg?fit=940%2C376&ssl=1","width":940,"height":376},{"@type":"WebSite","@id":"https:\/\/gersonguelmann.com.br\/blog\/#website","url":"https:\/\/gersonguelmann.com.br\/blog\/","name":"Blog do Guelmann","description":"Pitadas da sabedoria e do humor judaicos, assuntos do momento e um pouco das hist\u00f3rias que vivi e testemunhei.","potentialAction":[{"@type":"SearchAction","target":{"@type":"EntryPoint","urlTemplate":"https:\/\/gersonguelmann.com.br\/blog\/?s={search_term_string}"},"query-input":{"@type":"PropertyValueSpecification","valueRequired":true,"valueName":"search_term_string"}}],"inLanguage":"pt-BR"},{"@type":"Person","@id":"https:\/\/gersonguelmann.com.br\/blog\/#\/schema\/person\/87e70e2a786888082f941a482c90569e","name":"Gerson Guelmann","image":{"@type":"ImageObject","inLanguage":"pt-BR","@id":"https:\/\/i0.wp.com\/gersonguelmann.com.br\/blog\/wp-content\/uploads\/2021\/08\/BLOG.jpeg?fit=96%2C96&ssl=1","url":"https:\/\/i0.wp.com\/gersonguelmann.com.br\/blog\/wp-content\/uploads\/2021\/08\/BLOG.jpeg?fit=96%2C96&ssl=1","contentUrl":"https:\/\/i0.wp.com\/gersonguelmann.com.br\/blog\/wp-content\/uploads\/2021\/08\/BLOG.jpeg?fit=96%2C96&ssl=1","caption":"Gerson Guelmann"},"description":"Pitadas da sabedoria e do humor judaicos, assuntos do momento e um pouco das hist\u00f3rias que vivi e testemunhei."}]}},"views":33,"jetpack_publicize_connections":[],"jetpack_featured_media_url":"https:\/\/i0.wp.com\/gersonguelmann.com.br\/blog\/wp-content\/uploads\/2018\/02\/Sal.jpg?fit=940%2C376&ssl=1","jetpack_shortlink":"https:\/\/wp.me\/p96e7O-25X","jetpack-related-posts":[{"id":4015,"url":"https:\/\/gersonguelmann.com.br\/blog\/parem-brasil-que-eu-quero-descer\/","url_meta":{"origin":8057,"position":0},"title":"Parem o Brasil Que Eu Quero Descer!","author":"Gerson Guelmann","date":"4 de novembro de 2017","format":false,"excerpt":"N\u00e3o, n\u00f3s ainda n\u00e3o vimos tudo em mat\u00e9ria de imoralidade. O deputado federal Andr\u00e9 Amaral do PMDB da Para\u00edba, pediu que a C\u00e2mara pagasse os custos de uma viagem a Portugal, para assistir a um campeonato de kart. N\u00e3o, repito, n\u00e3o \u00e9 brincadeira. A competi\u00e7\u00e3o come\u00e7ou hoje e ir\u00e1 durar\u2026","rel":"","context":"Em &quot;Sem categoria&quot;","block_context":{"text":"Sem categoria","link":"https:\/\/gersonguelmann.com.br\/blog\/category\/sem-categoria\/"},"img":{"alt_text":"","src":"https:\/\/i0.wp.com\/gersonguelmann.com.br\/blog\/wp-content\/uploads\/2017\/11\/Kart.jpg?fit=960%2C640&ssl=1&resize=350%2C200","width":350,"height":200,"srcset":"https:\/\/i0.wp.com\/gersonguelmann.com.br\/blog\/wp-content\/uploads\/2017\/11\/Kart.jpg?fit=960%2C640&ssl=1&resize=350%2C200 1x, https:\/\/i0.wp.com\/gersonguelmann.com.br\/blog\/wp-content\/uploads\/2017\/11\/Kart.jpg?fit=960%2C640&ssl=1&resize=525%2C300 1.5x, https:\/\/i0.wp.com\/gersonguelmann.com.br\/blog\/wp-content\/uploads\/2017\/11\/Kart.jpg?fit=960%2C640&ssl=1&resize=700%2C400 2x"},"classes":[]},{"id":14369,"url":"https:\/\/gersonguelmann.com.br\/blog\/alexandre-de-moraes-nega-pedido-de-lula\/","url_meta":{"origin":8057,"position":1},"title":"Alexandre de Moraes Nega Pedido de Lula","author":"Gerson Guelmann","date":"29 de junho de 2018","format":false,"excerpt":"Acabou de sair n\u00b4O Antagonista: Alexandre de Moraes rejeita pedido de Lula Brasil\u00a029.06.18 17:50 Alexandre de Moraes acaba de rejeitar o recurso da defesa de Lula para modificar a decis\u00e3o de Edson Fachin, que enviou ao plen\u00e1rio o pedido de liberdade do presidi\u00e1rio. Moraes tamb\u00e9m n\u00e3o quis saber de reencaminhar\u2026","rel":"","context":"Em &quot;Sem categoria&quot;","block_context":{"text":"Sem categoria","link":"https:\/\/gersonguelmann.com.br\/blog\/category\/sem-categoria\/"},"img":{"alt_text":"","src":"https:\/\/i0.wp.com\/gersonguelmann.com.br\/blog\/wp-content\/uploads\/2018\/06\/N%C3%A3o.png?resize=350%2C200&ssl=1","width":350,"height":200},"classes":[]},{"id":11627,"url":"https:\/\/gersonguelmann.com.br\/blog\/sabe-aquela-historia-bandido-se-da-bem-no-brasil\/","url_meta":{"origin":8057,"position":2},"title":"Sabe Aquela Hist\u00f3ria de Bandido Que Se D\u00e1 Bem no Brasil?","author":"Gerson Guelmann","date":"14 de abril de 2018","format":false,"excerpt":"J\u00e1 assistiu aqueles filmes onde o bandido, ap\u00f3s\u00a0matar algu\u00e9m ou pegar a grana do roubo, foge para o Brasil?\u00a0 Pois \u00e9, de vez em quando isso acontece na vida real. Foi assim, por exemplo, com\u00a0Ronald Biggs, o brit\u00e2nico que fez o famoso assalto ao trem pagador entre Glasgow e Londres\u2026","rel":"","context":"Em &quot;Sem categoria&quot;","block_context":{"text":"Sem categoria","link":"https:\/\/gersonguelmann.com.br\/blog\/category\/sem-categoria\/"},"img":{"alt_text":"","src":"https:\/\/i0.wp.com\/gersonguelmann.com.br\/blog\/wp-content\/uploads\/2018\/04\/download-8.jpg?resize=350%2C200&ssl=1","width":350,"height":200},"classes":[]},{"id":14880,"url":"https:\/\/gersonguelmann.com.br\/blog\/ha-um-brasil-que-insiste-em-funcionar-10\/","url_meta":{"origin":8057,"position":3},"title":"H\u00e1 Um Brasil Que Insiste Em Funcionar (10)","author":"Gerson Guelmann","date":"26 de outubro de 2018","format":false,"excerpt":"Mais uma dessas coisas que a gente desconhece e que nos trazem um pouco de alegria em meio ao desencanto com a situa\u00e7\u00e3o do nosso Brasil: Escola do Tocantins \u00e9 \u201cMelhor Edif\u00edcio Educacional\u201d do mundo A Fazenda Canuan\u00e3, em Formoso do Araguaia, foi reconhecida pela premia\u00e7\u00e3o Building of the Year\u2026","rel":"","context":"Em &quot;Sem categoria&quot;","block_context":{"text":"Sem categoria","link":"https:\/\/gersonguelmann.com.br\/blog\/category\/sem-categoria\/"},"img":{"alt_text":"","src":"https:\/\/i0.wp.com\/gersonguelmann.com.br\/blog\/wp-content\/uploads\/2018\/10\/Canuan%C3%A3-1.jpg?fit=1200%2C799&ssl=1&resize=350%2C200","width":350,"height":200,"srcset":"https:\/\/i0.wp.com\/gersonguelmann.com.br\/blog\/wp-content\/uploads\/2018\/10\/Canuan%C3%A3-1.jpg?fit=1200%2C799&ssl=1&resize=350%2C200 1x, https:\/\/i0.wp.com\/gersonguelmann.com.br\/blog\/wp-content\/uploads\/2018\/10\/Canuan%C3%A3-1.jpg?fit=1200%2C799&ssl=1&resize=525%2C300 1.5x, https:\/\/i0.wp.com\/gersonguelmann.com.br\/blog\/wp-content\/uploads\/2018\/10\/Canuan%C3%A3-1.jpg?fit=1200%2C799&ssl=1&resize=700%2C400 2x, https:\/\/i0.wp.com\/gersonguelmann.com.br\/blog\/wp-content\/uploads\/2018\/10\/Canuan%C3%A3-1.jpg?fit=1200%2C799&ssl=1&resize=1050%2C600 3x"},"classes":[]},{"id":609,"url":"https:\/\/gersonguelmann.com.br\/blog\/escolha-de-salomao\/","url_meta":{"origin":8057,"position":4},"title":"A Escolha de Salom\u00e3o","author":"Gerson Guelmann","date":"27 de julho de 2017","format":false,"excerpt":"Pelo lado paterno, minha av\u00f3 Sofia tinha 5 irm\u00e3os. Os nomes \u201caportuguesados\u201d eram Clara e Mira, das mulheres, e Isaac, David e Salom\u00e3o, dos homens. Na sa\u00edda da R\u00fassia minha av\u00f3, a tia Clara e o tio Isaac vieram para o Brasil. Mira, David e Salom\u00e3o foram para os EUA.\u2026","rel":"","context":"Em &quot;Sem categoria&quot;","block_context":{"text":"Sem categoria","link":"https:\/\/gersonguelmann.com.br\/blog\/category\/sem-categoria\/"},"img":{"alt_text":"","src":"https:\/\/i0.wp.com\/gersonguelmann.com.br\/blog\/wp-content\/uploads\/2017\/07\/Navio-300x219.jpg?resize=350%2C200&ssl=1","width":350,"height":200},"classes":[]},{"id":11281,"url":"https:\/\/gersonguelmann.com.br\/blog\/urgente-advogados-entram-com-pedido-para-evitar-prisao-de-lula\/","url_meta":{"origin":8057,"position":5},"title":"Urgente: Advogados Entram Com Pedido Para Evitar Pris\u00e3o de Lula","author":"Gerson Guelmann","date":"5 de abril de 2018","format":false,"excerpt":"Advogados entram com pedido de liminar no STF para evitar pris\u00e3o de Lula Kakay cria rede de 150 profissionais para auxiliar processo do ex-presidente BRAS\u00cdLIA - O advogado Ant\u00f4nio Carlos de Almeida Castro, conhecido como\u00a0Kakay, entrou nesta quinta-feira com um pedido de\u00a0liminar\u00a0no Supremo Tribunal Federal (STF) para evitar a pris\u00e3o\u2026","rel":"","context":"Em &quot;Sem categoria&quot;","block_context":{"text":"Sem categoria","link":"https:\/\/gersonguelmann.com.br\/blog\/category\/sem-categoria\/"},"img":{"alt_text":"","src":"https:\/\/i0.wp.com\/gersonguelmann.com.br\/blog\/wp-content\/uploads\/2018\/04\/Lula.jpg?fit=699%2C420&ssl=1&resize=350%2C200","width":350,"height":200,"srcset":"https:\/\/i0.wp.com\/gersonguelmann.com.br\/blog\/wp-content\/uploads\/2018\/04\/Lula.jpg?fit=699%2C420&ssl=1&resize=350%2C200 1x, https:\/\/i0.wp.com\/gersonguelmann.com.br\/blog\/wp-content\/uploads\/2018\/04\/Lula.jpg?fit=699%2C420&ssl=1&resize=525%2C300 1.5x"},"classes":[]}],"jetpack_sharing_enabled":true,"post_mailing_queue_ids":[],"_links":{"self":[{"href":"https:\/\/gersonguelmann.com.br\/blog\/wp-json\/wp\/v2\/posts\/8057","targetHints":{"allow":["GET"]}}],"collection":[{"href":"https:\/\/gersonguelmann.com.br\/blog\/wp-json\/wp\/v2\/posts"}],"about":[{"href":"https:\/\/gersonguelmann.com.br\/blog\/wp-json\/wp\/v2\/types\/post"}],"author":[{"embeddable":true,"href":"https:\/\/gersonguelmann.com.br\/blog\/wp-json\/wp\/v2\/users\/5"}],"replies":[{"embeddable":true,"href":"https:\/\/gersonguelmann.com.br\/blog\/wp-json\/wp\/v2\/comments?post=8057"}],"version-history":[{"count":0,"href":"https:\/\/gersonguelmann.com.br\/blog\/wp-json\/wp\/v2\/posts\/8057\/revisions"}],"wp:featuredmedia":[{"embeddable":true,"href":"https:\/\/gersonguelmann.com.br\/blog\/wp-json\/wp\/v2\/media\/8059"}],"wp:attachment":[{"href":"https:\/\/gersonguelmann.com.br\/blog\/wp-json\/wp\/v2\/media?parent=8057"}],"wp:term":[{"taxonomy":"category","embeddable":true,"href":"https:\/\/gersonguelmann.com.br\/blog\/wp-json\/wp\/v2\/categories?post=8057"},{"taxonomy":"post_tag","embeddable":true,"href":"https:\/\/gersonguelmann.com.br\/blog\/wp-json\/wp\/v2\/tags?post=8057"}],"curies":[{"name":"wp","href":"https:\/\/api.w.org\/{rel}","templated":true}]}}