    {"id":8073,"date":"2018-02-03T13:00:05","date_gmt":"2018-02-03T15:00:05","guid":{"rendered":"https:\/\/gersonguelmann.com.br\/blog\/?p=8073"},"modified":"2018-02-02T22:02:33","modified_gmt":"2018-02-03T00:02:33","slug":"curitiba-e-maringa-entre-as-10-melhores","status":"publish","type":"post","link":"https:\/\/gersonguelmann.com.br\/blog\/curitiba-e-maringa-entre-as-10-melhores\/","title":{"rendered":"Curitiba e Maring\u00e1 entre as 10 Melhores"},"content":{"rendered":"<p style=\"text-align: center;\"><img data-recalc-dims=\"1\" fetchpriority=\"high\" decoding=\"async\" data-attachment-id=\"8074\" data-permalink=\"https:\/\/gersonguelmann.com.br\/blog\/curitiba-e-maringa-entre-as-10-melhores\/curitiba-9\/\" data-orig-file=\"https:\/\/i0.wp.com\/gersonguelmann.com.br\/blog\/wp-content\/uploads\/2018\/02\/Curitiba-2.jpg?fit=276%2C182&amp;ssl=1\" data-orig-size=\"276,182\" data-comments-opened=\"1\" data-image-meta=\"{&quot;aperture&quot;:&quot;0&quot;,&quot;credit&quot;:&quot;&quot;,&quot;camera&quot;:&quot;&quot;,&quot;caption&quot;:&quot;&quot;,&quot;created_timestamp&quot;:&quot;0&quot;,&quot;copyright&quot;:&quot;&quot;,&quot;focal_length&quot;:&quot;0&quot;,&quot;iso&quot;:&quot;0&quot;,&quot;shutter_speed&quot;:&quot;0&quot;,&quot;title&quot;:&quot;&quot;,&quot;orientation&quot;:&quot;0&quot;}\" data-image-title=\"Curitiba\" data-image-description=\"\" data-image-caption=\"\" data-medium-file=\"https:\/\/i0.wp.com\/gersonguelmann.com.br\/blog\/wp-content\/uploads\/2018\/02\/Curitiba-2.jpg?fit=276%2C182&amp;ssl=1\" data-large-file=\"https:\/\/i0.wp.com\/gersonguelmann.com.br\/blog\/wp-content\/uploads\/2018\/02\/Curitiba-2.jpg?fit=276%2C182&amp;ssl=1\" class=\"alignnone size-full wp-image-8074\" src=\"https:\/\/i0.wp.com\/gersonguelmann.com.br\/blog\/wp-content\/uploads\/2018\/02\/Curitiba-2.jpg?resize=276%2C182&#038;ssl=1\" alt=\"\" width=\"276\" height=\"182\" \/><\/p>\n<p>No ranking das 10 melhores cidades grandes do pa\u00eds de 2017 organizado pela consultoria Macroplan apenas duas n\u00e3o est\u00e3o no estado de S\u00e3o Paulo: Maring\u00e1, apontada em 1\u00b0 lugar, e Curitiba, a \u00fanica capital, que aparece em 9\u00b0.<\/p>\n<p>O estudo na realidade abrange as 100 maiores cidades, que respondem por 39% da popula\u00e7\u00e3o brasileira, 50% do PIB e 54% dos empregos com carteira assinada.<\/p>\n<p>Entre os piores munic\u00edpios com maior popula\u00e7\u00e3o, aparecem Ananindeua (PA), Belford Roxo (RJ) e Macap\u00e1 (AP).<\/p>\n<p style=\"text-align: center;\"><img data-recalc-dims=\"1\" decoding=\"async\" data-attachment-id=\"8075\" data-permalink=\"https:\/\/gersonguelmann.com.br\/blog\/curitiba-e-maringa-entre-as-10-melhores\/maringa\/\" data-orig-file=\"https:\/\/i0.wp.com\/gersonguelmann.com.br\/blog\/wp-content\/uploads\/2018\/02\/Maring%C3%A1.jpg?fit=275%2C183&amp;ssl=1\" data-orig-size=\"275,183\" data-comments-opened=\"1\" data-image-meta=\"{&quot;aperture&quot;:&quot;0&quot;,&quot;credit&quot;:&quot;&quot;,&quot;camera&quot;:&quot;&quot;,&quot;caption&quot;:&quot;&quot;,&quot;created_timestamp&quot;:&quot;0&quot;,&quot;copyright&quot;:&quot;&quot;,&quot;focal_length&quot;:&quot;0&quot;,&quot;iso&quot;:&quot;0&quot;,&quot;shutter_speed&quot;:&quot;0&quot;,&quot;title&quot;:&quot;&quot;,&quot;orientation&quot;:&quot;0&quot;}\" data-image-title=\"Maring\u00e1\" data-image-description=\"\" data-image-caption=\"\" data-medium-file=\"https:\/\/i0.wp.com\/gersonguelmann.com.br\/blog\/wp-content\/uploads\/2018\/02\/Maring%C3%A1.jpg?fit=275%2C183&amp;ssl=1\" data-large-file=\"https:\/\/i0.wp.com\/gersonguelmann.com.br\/blog\/wp-content\/uploads\/2018\/02\/Maring%C3%A1.jpg?fit=275%2C183&amp;ssl=1\" class=\"alignnone size-full wp-image-8075\" src=\"https:\/\/i0.wp.com\/gersonguelmann.com.br\/blog\/wp-content\/uploads\/2018\/02\/Maring%C3%A1.jpg?resize=275%2C183&#038;ssl=1\" alt=\"\" width=\"275\" height=\"183\" \/><\/p>\n<p><span class=\"embed-youtube\" style=\"text-align:center; display: block;\"><iframe class=\"youtube-player\" width=\"640\" height=\"360\" src=\"https:\/\/www.youtube.com\/embed\/pJrFnWB-2C0?version=3&#038;rel=1&#038;showsearch=0&#038;showinfo=1&#038;iv_load_policy=1&#038;fs=1&#038;hl=pt-BR&#038;autohide=2&#038;wmode=transparent\" allowfullscreen=\"true\" style=\"border:0;\" sandbox=\"allow-scripts allow-same-origin allow-popups allow-presentation allow-popups-to-escape-sandbox\"><\/iframe><\/span><\/p>\n","protected":false},"excerpt":{"rendered":"<p>No ranking das 10 melhores cidades grandes do pa\u00eds de 2017 organizado pela consultoria Macroplan apenas duas n\u00e3o est\u00e3o no estado de S\u00e3o Paulo: Maring\u00e1, apontada em 1\u00b0 lugar, e Curitiba, a \u00fanica capital, que aparece em 9\u00b0. O estudo na realidade abrange as 100 maiores cidades, que respondem por 39% da popula\u00e7\u00e3o brasileira, 50% [&hellip;]<\/p>\n","protected":false},"author":5,"featured_media":8074,"comment_status":"open","ping_status":"open","sticky":false,"template":"","format":"standard","meta":{"_acf_changed":false,"jetpack_post_was_ever_published":false,"_jetpack_newsletter_access":"","_jetpack_dont_email_post_to_subs":false,"_jetpack_newsletter_tier_id":0,"_jetpack_memberships_contains_paywalled_content":false,"_jetpack_memberships_contains_paid_content":false,"footnotes":"","jetpack_publicize_message":"","jetpack_publicize_feature_enabled":true,"jetpack_social_post_already_shared":true,"jetpack_social_options":{"image_generator_settings":{"template":"highway","default_image_id":0,"font":"","enabled":false},"version":2}},"categories":[1],"tags":[],"class_list":["post-8073","post","type-post","status-publish","format-standard","has-post-thumbnail","hentry","category-sem-categoria"],"acf":[],"yoast_head":"<!-- This site is optimized with the Yoast SEO plugin v27.3 - https:\/\/yoast.com\/product\/yoast-seo-wordpress\/ -->\n<title>Curitiba e Maring\u00e1 entre as 10 Melhores | Blog do Guelmann<\/title>\n<meta name=\"robots\" content=\"index, follow, max-snippet:-1, max-image-preview:large, max-video-preview:-1\" \/>\n<link rel=\"canonical\" href=\"https:\/\/gersonguelmann.com.br\/blog\/curitiba-e-maringa-entre-as-10-melhores\/\" \/>\n<meta property=\"og:locale\" content=\"pt_BR\" \/>\n<meta property=\"og:type\" content=\"article\" \/>\n<meta property=\"og:title\" content=\"Curitiba e Maring\u00e1 entre as 10 Melhores | Blog do Guelmann\" \/>\n<meta property=\"og:description\" content=\"No ranking das 10 melhores cidades grandes do pa\u00eds de 2017 organizado pela consultoria Macroplan apenas duas n\u00e3o est\u00e3o no estado de S\u00e3o Paulo: Maring\u00e1, apontada em 1\u00b0 lugar, e Curitiba, a \u00fanica capital, que aparece em 9\u00b0. O estudo na realidade abrange as 100 maiores cidades, que respondem por 39% da popula\u00e7\u00e3o brasileira, 50% [&hellip;]\" \/>\n<meta property=\"og:url\" content=\"https:\/\/gersonguelmann.com.br\/blog\/curitiba-e-maringa-entre-as-10-melhores\/\" \/>\n<meta property=\"og:site_name\" content=\"Blog do Guelmann\" \/>\n<meta property=\"article:published_time\" content=\"2018-02-03T15:00:05+00:00\" \/>\n<meta property=\"og:image\" content=\"https:\/\/i0.wp.com\/gersonguelmann.com.br\/blog\/wp-content\/uploads\/2018\/02\/Curitiba-2.jpg?fit=276%2C182&ssl=1\" \/>\n\t<meta property=\"og:image:width\" content=\"276\" \/>\n\t<meta property=\"og:image:height\" content=\"182\" \/>\n\t<meta property=\"og:image:type\" content=\"image\/jpeg\" \/>\n<meta name=\"author\" content=\"Gerson Guelmann\" \/>\n<meta name=\"twitter:card\" content=\"summary_large_image\" \/>\n<meta name=\"twitter:label1\" content=\"Escrito por\" \/>\n\t<meta name=\"twitter:data1\" content=\"Gerson Guelmann\" \/>\n<script type=\"application\/ld+json\" class=\"yoast-schema-graph\">{\"@context\":\"https:\\\/\\\/schema.org\",\"@graph\":[{\"@type\":\"Article\",\"@id\":\"https:\\\/\\\/gersonguelmann.com.br\\\/blog\\\/curitiba-e-maringa-entre-as-10-melhores\\\/#article\",\"isPartOf\":{\"@id\":\"https:\\\/\\\/gersonguelmann.com.br\\\/blog\\\/curitiba-e-maringa-entre-as-10-melhores\\\/\"},\"author\":{\"name\":\"Gerson Guelmann\",\"@id\":\"https:\\\/\\\/gersonguelmann.com.br\\\/blog\\\/#\\\/schema\\\/person\\\/87e70e2a786888082f941a482c90569e\"},\"headline\":\"Curitiba e Maring\u00e1 entre as 10 Melhores\",\"datePublished\":\"2018-02-03T15:00:05+00:00\",\"mainEntityOfPage\":{\"@id\":\"https:\\\/\\\/gersonguelmann.com.br\\\/blog\\\/curitiba-e-maringa-entre-as-10-melhores\\\/\"},\"wordCount\":93,\"commentCount\":0,\"image\":{\"@id\":\"https:\\\/\\\/gersonguelmann.com.br\\\/blog\\\/curitiba-e-maringa-entre-as-10-melhores\\\/#primaryimage\"},\"thumbnailUrl\":\"https:\\\/\\\/i0.wp.com\\\/gersonguelmann.com.br\\\/blog\\\/wp-content\\\/uploads\\\/2018\\\/02\\\/Curitiba-2.jpg?fit=276%2C182&ssl=1\",\"inLanguage\":\"pt-BR\",\"potentialAction\":[{\"@type\":\"CommentAction\",\"name\":\"Comment\",\"target\":[\"https:\\\/\\\/gersonguelmann.com.br\\\/blog\\\/curitiba-e-maringa-entre-as-10-melhores\\\/#respond\"]}]},{\"@type\":\"WebPage\",\"@id\":\"https:\\\/\\\/gersonguelmann.com.br\\\/blog\\\/curitiba-e-maringa-entre-as-10-melhores\\\/\",\"url\":\"https:\\\/\\\/gersonguelmann.com.br\\\/blog\\\/curitiba-e-maringa-entre-as-10-melhores\\\/\",\"name\":\"Curitiba e Maring\u00e1 entre as 10 Melhores | Blog do Guelmann\",\"isPartOf\":{\"@id\":\"https:\\\/\\\/gersonguelmann.com.br\\\/blog\\\/#website\"},\"primaryImageOfPage\":{\"@id\":\"https:\\\/\\\/gersonguelmann.com.br\\\/blog\\\/curitiba-e-maringa-entre-as-10-melhores\\\/#primaryimage\"},\"image\":{\"@id\":\"https:\\\/\\\/gersonguelmann.com.br\\\/blog\\\/curitiba-e-maringa-entre-as-10-melhores\\\/#primaryimage\"},\"thumbnailUrl\":\"https:\\\/\\\/i0.wp.com\\\/gersonguelmann.com.br\\\/blog\\\/wp-content\\\/uploads\\\/2018\\\/02\\\/Curitiba-2.jpg?fit=276%2C182&ssl=1\",\"datePublished\":\"2018-02-03T15:00:05+00:00\",\"author\":{\"@id\":\"https:\\\/\\\/gersonguelmann.com.br\\\/blog\\\/#\\\/schema\\\/person\\\/87e70e2a786888082f941a482c90569e\"},\"inLanguage\":\"pt-BR\",\"potentialAction\":[{\"@type\":\"ReadAction\",\"target\":[\"https:\\\/\\\/gersonguelmann.com.br\\\/blog\\\/curitiba-e-maringa-entre-as-10-melhores\\\/\"]}]},{\"@type\":\"ImageObject\",\"inLanguage\":\"pt-BR\",\"@id\":\"https:\\\/\\\/gersonguelmann.com.br\\\/blog\\\/curitiba-e-maringa-entre-as-10-melhores\\\/#primaryimage\",\"url\":\"https:\\\/\\\/i0.wp.com\\\/gersonguelmann.com.br\\\/blog\\\/wp-content\\\/uploads\\\/2018\\\/02\\\/Curitiba-2.jpg?fit=276%2C182&ssl=1\",\"contentUrl\":\"https:\\\/\\\/i0.wp.com\\\/gersonguelmann.com.br\\\/blog\\\/wp-content\\\/uploads\\\/2018\\\/02\\\/Curitiba-2.jpg?fit=276%2C182&ssl=1\",\"width\":276,\"height\":182},{\"@type\":\"WebSite\",\"@id\":\"https:\\\/\\\/gersonguelmann.com.br\\\/blog\\\/#website\",\"url\":\"https:\\\/\\\/gersonguelmann.com.br\\\/blog\\\/\",\"name\":\"Blog do Guelmann\",\"description\":\"Pitadas da sabedoria e do humor judaicos, assuntos do momento e um pouco das hist\u00f3rias que vivi e testemunhei.\",\"potentialAction\":[{\"@type\":\"SearchAction\",\"target\":{\"@type\":\"EntryPoint\",\"urlTemplate\":\"https:\\\/\\\/gersonguelmann.com.br\\\/blog\\\/?s={search_term_string}\"},\"query-input\":{\"@type\":\"PropertyValueSpecification\",\"valueRequired\":true,\"valueName\":\"search_term_string\"}}],\"inLanguage\":\"pt-BR\"},{\"@type\":\"Person\",\"@id\":\"https:\\\/\\\/gersonguelmann.com.br\\\/blog\\\/#\\\/schema\\\/person\\\/87e70e2a786888082f941a482c90569e\",\"name\":\"Gerson Guelmann\",\"image\":{\"@type\":\"ImageObject\",\"inLanguage\":\"pt-BR\",\"@id\":\"https:\\\/\\\/i0.wp.com\\\/gersonguelmann.com.br\\\/blog\\\/wp-content\\\/uploads\\\/2021\\\/08\\\/BLOG.jpeg?fit=96%2C96&ssl=1\",\"url\":\"https:\\\/\\\/i0.wp.com\\\/gersonguelmann.com.br\\\/blog\\\/wp-content\\\/uploads\\\/2021\\\/08\\\/BLOG.jpeg?fit=96%2C96&ssl=1\",\"contentUrl\":\"https:\\\/\\\/i0.wp.com\\\/gersonguelmann.com.br\\\/blog\\\/wp-content\\\/uploads\\\/2021\\\/08\\\/BLOG.jpeg?fit=96%2C96&ssl=1\",\"caption\":\"Gerson Guelmann\"},\"description\":\"Pitadas da sabedoria e do humor judaicos, assuntos do momento e um pouco das hist\u00f3rias que vivi e testemunhei.\"}]}<\/script>\n<!-- \/ Yoast SEO plugin. -->","yoast_head_json":{"title":"Curitiba e Maring\u00e1 entre as 10 Melhores | Blog do Guelmann","robots":{"index":"index","follow":"follow","max-snippet":"max-snippet:-1","max-image-preview":"max-image-preview:large","max-video-preview":"max-video-preview:-1"},"canonical":"https:\/\/gersonguelmann.com.br\/blog\/curitiba-e-maringa-entre-as-10-melhores\/","og_locale":"pt_BR","og_type":"article","og_title":"Curitiba e Maring\u00e1 entre as 10 Melhores | Blog do Guelmann","og_description":"No ranking das 10 melhores cidades grandes do pa\u00eds de 2017 organizado pela consultoria Macroplan apenas duas n\u00e3o est\u00e3o no estado de S\u00e3o Paulo: Maring\u00e1, apontada em 1\u00b0 lugar, e Curitiba, a \u00fanica capital, que aparece em 9\u00b0. O estudo na realidade abrange as 100 maiores cidades, que respondem por 39% da popula\u00e7\u00e3o brasileira, 50% [&hellip;]","og_url":"https:\/\/gersonguelmann.com.br\/blog\/curitiba-e-maringa-entre-as-10-melhores\/","og_site_name":"Blog do Guelmann","article_published_time":"2018-02-03T15:00:05+00:00","og_image":[{"width":276,"height":182,"url":"https:\/\/i0.wp.com\/gersonguelmann.com.br\/blog\/wp-content\/uploads\/2018\/02\/Curitiba-2.jpg?fit=276%2C182&ssl=1","type":"image\/jpeg"}],"author":"Gerson Guelmann","twitter_card":"summary_large_image","twitter_misc":{"Escrito por":"Gerson Guelmann"},"schema":{"@context":"https:\/\/schema.org","@graph":[{"@type":"Article","@id":"https:\/\/gersonguelmann.com.br\/blog\/curitiba-e-maringa-entre-as-10-melhores\/#article","isPartOf":{"@id":"https:\/\/gersonguelmann.com.br\/blog\/curitiba-e-maringa-entre-as-10-melhores\/"},"author":{"name":"Gerson Guelmann","@id":"https:\/\/gersonguelmann.com.br\/blog\/#\/schema\/person\/87e70e2a786888082f941a482c90569e"},"headline":"Curitiba e Maring\u00e1 entre as 10 Melhores","datePublished":"2018-02-03T15:00:05+00:00","mainEntityOfPage":{"@id":"https:\/\/gersonguelmann.com.br\/blog\/curitiba-e-maringa-entre-as-10-melhores\/"},"wordCount":93,"commentCount":0,"image":{"@id":"https:\/\/gersonguelmann.com.br\/blog\/curitiba-e-maringa-entre-as-10-melhores\/#primaryimage"},"thumbnailUrl":"https:\/\/i0.wp.com\/gersonguelmann.com.br\/blog\/wp-content\/uploads\/2018\/02\/Curitiba-2.jpg?fit=276%2C182&ssl=1","inLanguage":"pt-BR","potentialAction":[{"@type":"CommentAction","name":"Comment","target":["https:\/\/gersonguelmann.com.br\/blog\/curitiba-e-maringa-entre-as-10-melhores\/#respond"]}]},{"@type":"WebPage","@id":"https:\/\/gersonguelmann.com.br\/blog\/curitiba-e-maringa-entre-as-10-melhores\/","url":"https:\/\/gersonguelmann.com.br\/blog\/curitiba-e-maringa-entre-as-10-melhores\/","name":"Curitiba e Maring\u00e1 entre as 10 Melhores | Blog do Guelmann","isPartOf":{"@id":"https:\/\/gersonguelmann.com.br\/blog\/#website"},"primaryImageOfPage":{"@id":"https:\/\/gersonguelmann.com.br\/blog\/curitiba-e-maringa-entre-as-10-melhores\/#primaryimage"},"image":{"@id":"https:\/\/gersonguelmann.com.br\/blog\/curitiba-e-maringa-entre-as-10-melhores\/#primaryimage"},"thumbnailUrl":"https:\/\/i0.wp.com\/gersonguelmann.com.br\/blog\/wp-content\/uploads\/2018\/02\/Curitiba-2.jpg?fit=276%2C182&ssl=1","datePublished":"2018-02-03T15:00:05+00:00","author":{"@id":"https:\/\/gersonguelmann.com.br\/blog\/#\/schema\/person\/87e70e2a786888082f941a482c90569e"},"inLanguage":"pt-BR","potentialAction":[{"@type":"ReadAction","target":["https:\/\/gersonguelmann.com.br\/blog\/curitiba-e-maringa-entre-as-10-melhores\/"]}]},{"@type":"ImageObject","inLanguage":"pt-BR","@id":"https:\/\/gersonguelmann.com.br\/blog\/curitiba-e-maringa-entre-as-10-melhores\/#primaryimage","url":"https:\/\/i0.wp.com\/gersonguelmann.com.br\/blog\/wp-content\/uploads\/2018\/02\/Curitiba-2.jpg?fit=276%2C182&ssl=1","contentUrl":"https:\/\/i0.wp.com\/gersonguelmann.com.br\/blog\/wp-content\/uploads\/2018\/02\/Curitiba-2.jpg?fit=276%2C182&ssl=1","width":276,"height":182},{"@type":"WebSite","@id":"https:\/\/gersonguelmann.com.br\/blog\/#website","url":"https:\/\/gersonguelmann.com.br\/blog\/","name":"Blog do Guelmann","description":"Pitadas da sabedoria e do humor judaicos, assuntos do momento e um pouco das hist\u00f3rias que vivi e testemunhei.","potentialAction":[{"@type":"SearchAction","target":{"@type":"EntryPoint","urlTemplate":"https:\/\/gersonguelmann.com.br\/blog\/?s={search_term_string}"},"query-input":{"@type":"PropertyValueSpecification","valueRequired":true,"valueName":"search_term_string"}}],"inLanguage":"pt-BR"},{"@type":"Person","@id":"https:\/\/gersonguelmann.com.br\/blog\/#\/schema\/person\/87e70e2a786888082f941a482c90569e","name":"Gerson Guelmann","image":{"@type":"ImageObject","inLanguage":"pt-BR","@id":"https:\/\/i0.wp.com\/gersonguelmann.com.br\/blog\/wp-content\/uploads\/2021\/08\/BLOG.jpeg?fit=96%2C96&ssl=1","url":"https:\/\/i0.wp.com\/gersonguelmann.com.br\/blog\/wp-content\/uploads\/2021\/08\/BLOG.jpeg?fit=96%2C96&ssl=1","contentUrl":"https:\/\/i0.wp.com\/gersonguelmann.com.br\/blog\/wp-content\/uploads\/2021\/08\/BLOG.jpeg?fit=96%2C96&ssl=1","caption":"Gerson Guelmann"},"description":"Pitadas da sabedoria e do humor judaicos, assuntos do momento e um pouco das hist\u00f3rias que vivi e testemunhei."}]}},"views":24,"jetpack_publicize_connections":[],"jetpack_featured_media_url":"https:\/\/i0.wp.com\/gersonguelmann.com.br\/blog\/wp-content\/uploads\/2018\/02\/Curitiba-2.jpg?fit=276%2C182&ssl=1","jetpack_shortlink":"https:\/\/wp.me\/p96e7O-26d","jetpack-related-posts":[{"id":21411,"url":"https:\/\/gersonguelmann.com.br\/blog\/maringa-e-a-1a-cidade-do-brasil-curitiba-e-a-7\/","url_meta":{"origin":8073,"position":0},"title":"Maring\u00e1 \u00e9 a 1\u00aa Cidade do Brasil; Curitiba \u00e9 a 7\u00aa","author":"Gerson Guelmann","date":"13 de fevereiro de 2021","format":false,"excerpt":"Definitivamente as capitais n\u00e3o s\u00e3o os melhores lugares para se viver no Brasil. O rec\u00e9m publicado \u00cdndice de Desafios da Gest\u00e3o Municipal, elaborado pela consultoria Macroplan, classificou as 100 maiores cidades do Brasil segundo quesitos como educa\u00e7\u00e3o, saneamento, sa\u00fade e seguran\u00e7a. No que se refere \u00e0s capitais, nas 10 primeiras\u2026","rel":"","context":"Em &quot;Sem categoria&quot;","block_context":{"text":"Sem categoria","link":"https:\/\/gersonguelmann.com.br\/blog\/category\/sem-categoria\/"},"img":{"alt_text":"","src":"https:\/\/i0.wp.com\/gersonguelmann.com.br\/blog\/wp-content\/uploads\/2021\/02\/COLAGEM-1-1-scaled.jpg?fit=1200%2C1200&ssl=1&resize=350%2C200","width":350,"height":200,"srcset":"https:\/\/i0.wp.com\/gersonguelmann.com.br\/blog\/wp-content\/uploads\/2021\/02\/COLAGEM-1-1-scaled.jpg?fit=1200%2C1200&ssl=1&resize=350%2C200 1x, https:\/\/i0.wp.com\/gersonguelmann.com.br\/blog\/wp-content\/uploads\/2021\/02\/COLAGEM-1-1-scaled.jpg?fit=1200%2C1200&ssl=1&resize=525%2C300 1.5x, https:\/\/i0.wp.com\/gersonguelmann.com.br\/blog\/wp-content\/uploads\/2021\/02\/COLAGEM-1-1-scaled.jpg?fit=1200%2C1200&ssl=1&resize=700%2C400 2x, https:\/\/i0.wp.com\/gersonguelmann.com.br\/blog\/wp-content\/uploads\/2021\/02\/COLAGEM-1-1-scaled.jpg?fit=1200%2C1200&ssl=1&resize=1050%2C600 3x"},"classes":[]},{"id":16804,"url":"https:\/\/gersonguelmann.com.br\/blog\/exposicao-inedita-no-brasil-celebra-italia-com-arte-em-seda\/","url_meta":{"origin":8073,"position":1},"title":"Exposi\u00e7\u00e3o In\u00e9dita no Brasil Celebra It\u00e1lia Com Arte em Seda","author":"Gerson Guelmann","date":"29 de maio de 2019","format":false,"excerpt":"Andre Brik Foto: Camila Cornelsen Diferentes facetas da It\u00e1lia retratadas com muita arte num suporte inusitado: len\u00e7os de seda, tamb\u00e9m chamados de \u201cfoulards\u201d. \u00c9 isto que traz ao Mia Cara a exposi\u00e7\u00e3o 2.8 Seta-Re, que chega ao Brasil ap\u00f3s ter sido apresentada em cidades italianas. Em Curitiba, a mostra fica\u2026","rel":"","context":"Em &quot;Sem categoria&quot;","block_context":{"text":"Sem categoria","link":"https:\/\/gersonguelmann.com.br\/blog\/category\/sem-categoria\/"},"img":{"alt_text":"","src":"https:\/\/i0.wp.com\/gersonguelmann.com.br\/blog\/wp-content\/uploads\/2019\/05\/AB1.jpg?fit=1024%2C1017&ssl=1&resize=350%2C200","width":350,"height":200,"srcset":"https:\/\/i0.wp.com\/gersonguelmann.com.br\/blog\/wp-content\/uploads\/2019\/05\/AB1.jpg?fit=1024%2C1017&ssl=1&resize=350%2C200 1x, https:\/\/i0.wp.com\/gersonguelmann.com.br\/blog\/wp-content\/uploads\/2019\/05\/AB1.jpg?fit=1024%2C1017&ssl=1&resize=525%2C300 1.5x, https:\/\/i0.wp.com\/gersonguelmann.com.br\/blog\/wp-content\/uploads\/2019\/05\/AB1.jpg?fit=1024%2C1017&ssl=1&resize=700%2C400 2x"},"classes":[]},{"id":7985,"url":"https:\/\/gersonguelmann.com.br\/blog\/jaime-lerner-no-palanque-em-maringa\/","url_meta":{"origin":8073,"position":2},"title":"Jaime Lerner no Palanque em Maring\u00e1","author":"Gerson Guelmann","date":"1 de fevereiro de 2018","format":false,"excerpt":"Quando era Governador, o Jaime Lerner foi participar de um evento em Maring\u00e1. N\u00e3o lembro se era com\u00edcio ou inaugura\u00e7\u00e3o. Como \u00e9 a praxe nesses casos ele foi o \u00faltimo a falar e, tamb\u00e9m como de costume, estava cercado pelos pol\u00edticos e autoridades locais, todos querendo aparecer nas imagens. De\u2026","rel":"","context":"Em &quot;Sem categoria&quot;","block_context":{"text":"Sem categoria","link":"https:\/\/gersonguelmann.com.br\/blog\/category\/sem-categoria\/"},"img":{"alt_text":"","src":"https:\/\/i0.wp.com\/gersonguelmann.com.br\/blog\/wp-content\/uploads\/2018\/02\/Palanque-300x150.jpg?resize=350%2C200&ssl=1","width":350,"height":200},"classes":[]},{"id":15066,"url":"https:\/\/gersonguelmann.com.br\/blog\/fuja-desse-grupo-de-whatsapp\/","url_meta":{"origin":8073,"position":3},"title":"Fuja Desse Grupo de WhatsApp","author":"Gerson Guelmann","date":"6 de novembro de 2018","format":false,"excerpt":"Desde o in\u00edcio do Blog tenho compartilhado artigos e informa\u00e7\u00f5es diversas sobre a seguran\u00e7a no tr\u00e2nsito.\u00a0 Sou amplamente favor\u00e1vel ao uso de mensagens criativas e de impacto para conscientizar motoristas e a popula\u00e7\u00e3o em geral para os riscos da condu\u00e7\u00e3o imprudente de ve\u00edculos.\u00a0 Hoje estou publicando v\u00eddeo produzido pela ag\u00eancia\u00a0Gpac\u2026","rel":"","context":"Em &quot;Sem categoria&quot;","block_context":{"text":"Sem categoria","link":"https:\/\/gersonguelmann.com.br\/blog\/category\/sem-categoria\/"},"img":{"alt_text":"","src":"https:\/\/i0.wp.com\/gersonguelmann.com.br\/blog\/wp-content\/uploads\/2018\/11\/Horror-1-300x168.jpg?resize=350%2C200&ssl=1","width":350,"height":200},"classes":[]},{"id":6379,"url":"https:\/\/gersonguelmann.com.br\/blog\/cadeirinhas-de-bebe-e-fogos-de-artificio-tem-algo-em-comum\/","url_meta":{"origin":8073,"position":4},"title":"Cadeirinhas de Beb\u00ea e Fogos de Artif\u00edcio T\u00eam Algo em Comum","author":"Gerson Guelmann","date":"2 de janeiro de 2018","format":false,"excerpt":"Not\u00edcias de Curitiba que n\u00e3o devem ser muito diferentes de outras cidades me remetem \u00e0 uma conclus\u00e3o: 1 - somente na virada do ano 19 pessoas deram entrada no Hospital Universit\u00e1rio Evang\u00e9lico de Curitiba com ferimentos causados por fogos de artif\u00edcio. O hospital \u00e9 refer\u00eancia em atendimentos a queimados no\u2026","rel":"","context":"Em &quot;Sem categoria&quot;","block_context":{"text":"Sem categoria","link":"https:\/\/gersonguelmann.com.br\/blog\/category\/sem-categoria\/"},"img":{"alt_text":"","src":"https:\/\/i0.wp.com\/gersonguelmann.com.br\/blog\/wp-content\/uploads\/2018\/01\/Beb%C3%AA.jpg?fit=1200%2C746&ssl=1&resize=350%2C200","width":350,"height":200,"srcset":"https:\/\/i0.wp.com\/gersonguelmann.com.br\/blog\/wp-content\/uploads\/2018\/01\/Beb%C3%AA.jpg?fit=1200%2C746&ssl=1&resize=350%2C200 1x, https:\/\/i0.wp.com\/gersonguelmann.com.br\/blog\/wp-content\/uploads\/2018\/01\/Beb%C3%AA.jpg?fit=1200%2C746&ssl=1&resize=525%2C300 1.5x, https:\/\/i0.wp.com\/gersonguelmann.com.br\/blog\/wp-content\/uploads\/2018\/01\/Beb%C3%AA.jpg?fit=1200%2C746&ssl=1&resize=700%2C400 2x, https:\/\/i0.wp.com\/gersonguelmann.com.br\/blog\/wp-content\/uploads\/2018\/01\/Beb%C3%AA.jpg?fit=1200%2C746&ssl=1&resize=1050%2C600 3x"},"classes":[]},{"id":8429,"url":"https:\/\/gersonguelmann.com.br\/blog\/preparem-se-para-a-revolta-o-carnaval-de-curitiba-foi-cancelado\/","url_meta":{"origin":8073,"position":5},"title":"Preparem-se Para a Revolta: O Carnaval de Curitiba Foi Cancelado","author":"Gerson Guelmann","date":"6 de fevereiro de 2021","format":false,"excerpt":"O Governo do Paran\u00e1 cancelou, dias atr\u00e1s, todas as festas de Carnaval no estado, em raz\u00e3o da pandemia. Pois ent\u00e3o, estejam preparados. Em breve a carnavalesca popula\u00e7\u00e3o Curitibana mostrar\u00e1 seu inconformismo diante da suspens\u00e3o do evento que \u00e9 conhecido pela grandiosidade e entusiasmada participa\u00e7\u00e3o da popula\u00e7\u00e3o. N\u00e3o estranhem se os\u2026","rel":"","context":"Em &quot;Sem categoria&quot;","block_context":{"text":"Sem categoria","link":"https:\/\/gersonguelmann.com.br\/blog\/category\/sem-categoria\/"},"img":{"alt_text":"","src":"https:\/\/i0.wp.com\/gersonguelmann.com.br\/blog\/wp-content\/uploads\/2018\/02\/Carnaval-3.jpg?fit=1200%2C801&ssl=1&resize=350%2C200","width":350,"height":200,"srcset":"https:\/\/i0.wp.com\/gersonguelmann.com.br\/blog\/wp-content\/uploads\/2018\/02\/Carnaval-3.jpg?fit=1200%2C801&ssl=1&resize=350%2C200 1x, https:\/\/i0.wp.com\/gersonguelmann.com.br\/blog\/wp-content\/uploads\/2018\/02\/Carnaval-3.jpg?fit=1200%2C801&ssl=1&resize=525%2C300 1.5x, https:\/\/i0.wp.com\/gersonguelmann.com.br\/blog\/wp-content\/uploads\/2018\/02\/Carnaval-3.jpg?fit=1200%2C801&ssl=1&resize=700%2C400 2x, https:\/\/i0.wp.com\/gersonguelmann.com.br\/blog\/wp-content\/uploads\/2018\/02\/Carnaval-3.jpg?fit=1200%2C801&ssl=1&resize=1050%2C600 3x"},"classes":[]}],"jetpack_sharing_enabled":true,"post_mailing_queue_ids":[],"_links":{"self":[{"href":"https:\/\/gersonguelmann.com.br\/blog\/wp-json\/wp\/v2\/posts\/8073","targetHints":{"allow":["GET"]}}],"collection":[{"href":"https:\/\/gersonguelmann.com.br\/blog\/wp-json\/wp\/v2\/posts"}],"about":[{"href":"https:\/\/gersonguelmann.com.br\/blog\/wp-json\/wp\/v2\/types\/post"}],"author":[{"embeddable":true,"href":"https:\/\/gersonguelmann.com.br\/blog\/wp-json\/wp\/v2\/users\/5"}],"replies":[{"embeddable":true,"href":"https:\/\/gersonguelmann.com.br\/blog\/wp-json\/wp\/v2\/comments?post=8073"}],"version-history":[{"count":0,"href":"https:\/\/gersonguelmann.com.br\/blog\/wp-json\/wp\/v2\/posts\/8073\/revisions"}],"wp:featuredmedia":[{"embeddable":true,"href":"https:\/\/gersonguelmann.com.br\/blog\/wp-json\/wp\/v2\/media\/8074"}],"wp:attachment":[{"href":"https:\/\/gersonguelmann.com.br\/blog\/wp-json\/wp\/v2\/media?parent=8073"}],"wp:term":[{"taxonomy":"category","embeddable":true,"href":"https:\/\/gersonguelmann.com.br\/blog\/wp-json\/wp\/v2\/categories?post=8073"},{"taxonomy":"post_tag","embeddable":true,"href":"https:\/\/gersonguelmann.com.br\/blog\/wp-json\/wp\/v2\/tags?post=8073"}],"curies":[{"name":"wp","href":"https:\/\/api.w.org\/{rel}","templated":true}]}}