    {"id":8082,"date":"2018-02-03T15:00:25","date_gmt":"2018-02-03T17:00:25","guid":{"rendered":"https:\/\/gersonguelmann.com.br\/blog\/?p=8082"},"modified":"2018-02-03T15:16:55","modified_gmt":"2018-02-03T17:16:55","slug":"o-celso-nascimento-e-meu-curriculo","status":"publish","type":"post","link":"https:\/\/gersonguelmann.com.br\/blog\/o-celso-nascimento-e-meu-curriculo\/","title":{"rendered":"O Celso Nascimento e Meu Curr\u00edculo"},"content":{"rendered":"<p><img data-recalc-dims=\"1\" fetchpriority=\"high\" decoding=\"async\" data-attachment-id=\"8085\" data-permalink=\"https:\/\/gersonguelmann.com.br\/blog\/o-celso-nascimento-e-meu-curriculo\/cn-2\/\" data-orig-file=\"https:\/\/i0.wp.com\/gersonguelmann.com.br\/blog\/wp-content\/uploads\/2018\/02\/CN-1.jpg?fit=275%2C183&amp;ssl=1\" data-orig-size=\"275,183\" data-comments-opened=\"1\" data-image-meta=\"{&quot;aperture&quot;:&quot;0&quot;,&quot;credit&quot;:&quot;&quot;,&quot;camera&quot;:&quot;&quot;,&quot;caption&quot;:&quot;&quot;,&quot;created_timestamp&quot;:&quot;0&quot;,&quot;copyright&quot;:&quot;&quot;,&quot;focal_length&quot;:&quot;0&quot;,&quot;iso&quot;:&quot;0&quot;,&quot;shutter_speed&quot;:&quot;0&quot;,&quot;title&quot;:&quot;&quot;,&quot;orientation&quot;:&quot;0&quot;}\" data-image-title=\"CN\" data-image-description=\"\" data-image-caption=\"\" data-medium-file=\"https:\/\/i0.wp.com\/gersonguelmann.com.br\/blog\/wp-content\/uploads\/2018\/02\/CN-1.jpg?fit=275%2C183&amp;ssl=1\" data-large-file=\"https:\/\/i0.wp.com\/gersonguelmann.com.br\/blog\/wp-content\/uploads\/2018\/02\/CN-1.jpg?fit=275%2C183&amp;ssl=1\" class=\"size-full wp-image-8085 aligncenter\" src=\"https:\/\/i0.wp.com\/gersonguelmann.com.br\/blog\/wp-content\/uploads\/2018\/02\/CN-1.jpg?resize=275%2C183&#038;ssl=1\" alt=\"\" width=\"275\" height=\"183\" \/><\/p>\n<p><span style=\"font-family: verdana, geneva, sans-serif; font-size: 14pt; color: #000000;\">O Celso Nascimento n\u00e3o \u00e9 apenas um dos maiores jornalistas do Paran\u00e1, \u00e9 um dos mais brilhantes e respeitados profissionais de imprensa do Brasil.<\/span><\/p>\n<p><span style=\"font-family: verdana, geneva, sans-serif; font-size: 14pt; color: #000000;\">Hoje a edi\u00e7\u00e3o semanal impressa do jornal Gazeta do Povo publicou a \u00faltima coluna dele, encerrando um ciclo de 52 anos. \u00c9 isso mesmo, 52 anos.<\/span><\/p>\n<p><span style=\"font-family: verdana, geneva, sans-serif; font-size: 14pt; color: #000000;\">H\u00e1 alguns meses o Celso nos brindou com um novo projeto: o <strong>Contraponto<\/strong>, um Blog que explodiu e cresceu de forma estupenda, tendo chegado dias atr\u00e1s ao impressionante n\u00famero de 25.000 visualiza\u00e7\u00f5es di\u00e1rias.<\/span><\/p>\n<p><span style=\"font-family: verdana, geneva, sans-serif; font-size: 14pt; color: #000000;\">Eu, que sou um aprendiz de blogueiro, conhe\u00e7o a import\u00e2ncia desse feito. <\/span><\/p>\n<p><span style=\"font-family: verdana, geneva, sans-serif; font-size: 14pt; color: #000000;\">N\u00e3o sei se existe um ranking, mas tenho certeza de que em termos regionais ele j\u00e1 um campe\u00e3o. Acredito que mesmo nacionalmente nosso Celso deve ter &#8220;passado a perna&#8221; em muitas outras estrelas da constela\u00e7\u00e3o jornal\u00edstica cibern\u00e9tica.\u00a0 \u00a0<\/span><\/p>\n<p><span style=\"font-family: verdana, geneva, sans-serif; font-size: 14pt; color: #000000;\">Ao final desse meu texto de homenagem deixarei o link da postagem que o Celso fez no Contraponto de hoje sobre a despedida do jornal.<\/span><\/p>\n<p><span style=\"font-family: verdana, geneva, sans-serif; font-size: 14pt; color: #000000;\">Antes quero dizer que h\u00e1 muitos anos coloquei em meu curr\u00edculo que desfruto da amizade dele. Ah, e quero pedir que ele n\u00e3o reclame da foto, ela guarda um simbolismo enorme (<em>e nela voc\u00ea est\u00e1 mais bonito do que \u00e9, Celso).\u00a0<\/em><\/span><\/p>\n<p><span style=\"font-family: verdana, geneva, sans-serif; font-size: 14pt; color: #000000;\">Longa vida \u00e0 voc\u00ea, \u00e0 querid\u00edssima amiga Regina e ao Contraponto!<\/span><\/p>\n<p><span style=\"font-family: verdana, geneva, sans-serif; font-size: 14pt; color: #000000;\">Para ler a \u00faltima coluna impressa do Celso Nascimento, <strong><span style=\"color: #000080;\"><a style=\"color: #000080;\" href=\"https:\/\/contraponto.jor.br\/era-uma-vez-gazeta-do-povo\/\">clique aqui<\/a><\/span><\/strong>.<\/span><\/p>\n","protected":false},"excerpt":{"rendered":"<p>O Celso Nascimento n\u00e3o \u00e9 apenas um dos maiores jornalistas do Paran\u00e1, \u00e9 um dos mais brilhantes e respeitados profissionais de imprensa do Brasil. Hoje a edi\u00e7\u00e3o semanal impressa do jornal Gazeta do Povo publicou a \u00faltima coluna dele, encerrando um ciclo de 52 anos. \u00c9 isso mesmo, 52 anos. H\u00e1 alguns meses o Celso [&hellip;]<\/p>\n","protected":false},"author":5,"featured_media":8085,"comment_status":"open","ping_status":"open","sticky":false,"template":"","format":"standard","meta":{"_acf_changed":false,"jetpack_post_was_ever_published":false,"_jetpack_newsletter_access":"","_jetpack_dont_email_post_to_subs":false,"_jetpack_newsletter_tier_id":0,"_jetpack_memberships_contains_paywalled_content":false,"_jetpack_memberships_contains_paid_content":false,"footnotes":"","jetpack_publicize_message":"","jetpack_publicize_feature_enabled":true,"jetpack_social_post_already_shared":true,"jetpack_social_options":{"image_generator_settings":{"template":"highway","default_image_id":0,"font":"","enabled":false},"version":2}},"categories":[1],"tags":[],"class_list":["post-8082","post","type-post","status-publish","format-standard","has-post-thumbnail","hentry","category-sem-categoria"],"acf":[],"yoast_head":"<!-- This site is optimized with the Yoast SEO plugin v27.3 - https:\/\/yoast.com\/product\/yoast-seo-wordpress\/ -->\n<title>O Celso Nascimento e Meu Curr\u00edculo | Blog do Guelmann<\/title>\n<meta name=\"robots\" content=\"index, follow, max-snippet:-1, max-image-preview:large, max-video-preview:-1\" \/>\n<link rel=\"canonical\" href=\"https:\/\/gersonguelmann.com.br\/blog\/o-celso-nascimento-e-meu-curriculo\/\" \/>\n<meta property=\"og:locale\" content=\"pt_BR\" \/>\n<meta property=\"og:type\" content=\"article\" \/>\n<meta property=\"og:title\" content=\"O Celso Nascimento e Meu Curr\u00edculo | Blog do Guelmann\" \/>\n<meta property=\"og:description\" content=\"O Celso Nascimento n\u00e3o \u00e9 apenas um dos maiores jornalistas do Paran\u00e1, \u00e9 um dos mais brilhantes e respeitados profissionais de imprensa do Brasil. Hoje a edi\u00e7\u00e3o semanal impressa do jornal Gazeta do Povo publicou a \u00faltima coluna dele, encerrando um ciclo de 52 anos. \u00c9 isso mesmo, 52 anos. H\u00e1 alguns meses o Celso [&hellip;]\" \/>\n<meta property=\"og:url\" content=\"https:\/\/gersonguelmann.com.br\/blog\/o-celso-nascimento-e-meu-curriculo\/\" \/>\n<meta property=\"og:site_name\" content=\"Blog do Guelmann\" \/>\n<meta property=\"article:published_time\" content=\"2018-02-03T17:00:25+00:00\" \/>\n<meta property=\"article:modified_time\" content=\"2018-02-03T17:16:55+00:00\" \/>\n<meta property=\"og:image\" content=\"https:\/\/i0.wp.com\/gersonguelmann.com.br\/blog\/wp-content\/uploads\/2018\/02\/CN-1.jpg?fit=275%2C183&ssl=1\" \/>\n\t<meta property=\"og:image:width\" content=\"275\" \/>\n\t<meta property=\"og:image:height\" content=\"183\" \/>\n\t<meta property=\"og:image:type\" content=\"image\/jpeg\" \/>\n<meta name=\"author\" content=\"Gerson Guelmann\" \/>\n<meta name=\"twitter:card\" content=\"summary_large_image\" \/>\n<meta name=\"twitter:label1\" content=\"Escrito por\" \/>\n\t<meta name=\"twitter:data1\" content=\"Gerson Guelmann\" \/>\n\t<meta name=\"twitter:label2\" content=\"Est. tempo de leitura\" \/>\n\t<meta name=\"twitter:data2\" content=\"1 minuto\" \/>\n<script type=\"application\/ld+json\" class=\"yoast-schema-graph\">{\"@context\":\"https:\\\/\\\/schema.org\",\"@graph\":[{\"@type\":\"Article\",\"@id\":\"https:\\\/\\\/gersonguelmann.com.br\\\/blog\\\/o-celso-nascimento-e-meu-curriculo\\\/#article\",\"isPartOf\":{\"@id\":\"https:\\\/\\\/gersonguelmann.com.br\\\/blog\\\/o-celso-nascimento-e-meu-curriculo\\\/\"},\"author\":{\"name\":\"Gerson Guelmann\",\"@id\":\"https:\\\/\\\/gersonguelmann.com.br\\\/blog\\\/#\\\/schema\\\/person\\\/87e70e2a786888082f941a482c90569e\"},\"headline\":\"O Celso Nascimento e Meu Curr\u00edculo\",\"datePublished\":\"2018-02-03T17:00:25+00:00\",\"dateModified\":\"2018-02-03T17:16:55+00:00\",\"mainEntityOfPage\":{\"@id\":\"https:\\\/\\\/gersonguelmann.com.br\\\/blog\\\/o-celso-nascimento-e-meu-curriculo\\\/\"},\"wordCount\":234,\"commentCount\":0,\"image\":{\"@id\":\"https:\\\/\\\/gersonguelmann.com.br\\\/blog\\\/o-celso-nascimento-e-meu-curriculo\\\/#primaryimage\"},\"thumbnailUrl\":\"https:\\\/\\\/i0.wp.com\\\/gersonguelmann.com.br\\\/blog\\\/wp-content\\\/uploads\\\/2018\\\/02\\\/CN-1.jpg?fit=275%2C183&ssl=1\",\"inLanguage\":\"pt-BR\",\"potentialAction\":[{\"@type\":\"CommentAction\",\"name\":\"Comment\",\"target\":[\"https:\\\/\\\/gersonguelmann.com.br\\\/blog\\\/o-celso-nascimento-e-meu-curriculo\\\/#respond\"]}]},{\"@type\":\"WebPage\",\"@id\":\"https:\\\/\\\/gersonguelmann.com.br\\\/blog\\\/o-celso-nascimento-e-meu-curriculo\\\/\",\"url\":\"https:\\\/\\\/gersonguelmann.com.br\\\/blog\\\/o-celso-nascimento-e-meu-curriculo\\\/\",\"name\":\"O Celso Nascimento e Meu Curr\u00edculo | Blog do Guelmann\",\"isPartOf\":{\"@id\":\"https:\\\/\\\/gersonguelmann.com.br\\\/blog\\\/#website\"},\"primaryImageOfPage\":{\"@id\":\"https:\\\/\\\/gersonguelmann.com.br\\\/blog\\\/o-celso-nascimento-e-meu-curriculo\\\/#primaryimage\"},\"image\":{\"@id\":\"https:\\\/\\\/gersonguelmann.com.br\\\/blog\\\/o-celso-nascimento-e-meu-curriculo\\\/#primaryimage\"},\"thumbnailUrl\":\"https:\\\/\\\/i0.wp.com\\\/gersonguelmann.com.br\\\/blog\\\/wp-content\\\/uploads\\\/2018\\\/02\\\/CN-1.jpg?fit=275%2C183&ssl=1\",\"datePublished\":\"2018-02-03T17:00:25+00:00\",\"dateModified\":\"2018-02-03T17:16:55+00:00\",\"author\":{\"@id\":\"https:\\\/\\\/gersonguelmann.com.br\\\/blog\\\/#\\\/schema\\\/person\\\/87e70e2a786888082f941a482c90569e\"},\"inLanguage\":\"pt-BR\",\"potentialAction\":[{\"@type\":\"ReadAction\",\"target\":[\"https:\\\/\\\/gersonguelmann.com.br\\\/blog\\\/o-celso-nascimento-e-meu-curriculo\\\/\"]}]},{\"@type\":\"ImageObject\",\"inLanguage\":\"pt-BR\",\"@id\":\"https:\\\/\\\/gersonguelmann.com.br\\\/blog\\\/o-celso-nascimento-e-meu-curriculo\\\/#primaryimage\",\"url\":\"https:\\\/\\\/i0.wp.com\\\/gersonguelmann.com.br\\\/blog\\\/wp-content\\\/uploads\\\/2018\\\/02\\\/CN-1.jpg?fit=275%2C183&ssl=1\",\"contentUrl\":\"https:\\\/\\\/i0.wp.com\\\/gersonguelmann.com.br\\\/blog\\\/wp-content\\\/uploads\\\/2018\\\/02\\\/CN-1.jpg?fit=275%2C183&ssl=1\",\"width\":275,\"height\":183},{\"@type\":\"WebSite\",\"@id\":\"https:\\\/\\\/gersonguelmann.com.br\\\/blog\\\/#website\",\"url\":\"https:\\\/\\\/gersonguelmann.com.br\\\/blog\\\/\",\"name\":\"Blog do Guelmann\",\"description\":\"Pitadas da sabedoria e do humor judaicos, assuntos do momento e um pouco das hist\u00f3rias que vivi e testemunhei.\",\"potentialAction\":[{\"@type\":\"SearchAction\",\"target\":{\"@type\":\"EntryPoint\",\"urlTemplate\":\"https:\\\/\\\/gersonguelmann.com.br\\\/blog\\\/?s={search_term_string}\"},\"query-input\":{\"@type\":\"PropertyValueSpecification\",\"valueRequired\":true,\"valueName\":\"search_term_string\"}}],\"inLanguage\":\"pt-BR\"},{\"@type\":\"Person\",\"@id\":\"https:\\\/\\\/gersonguelmann.com.br\\\/blog\\\/#\\\/schema\\\/person\\\/87e70e2a786888082f941a482c90569e\",\"name\":\"Gerson Guelmann\",\"image\":{\"@type\":\"ImageObject\",\"inLanguage\":\"pt-BR\",\"@id\":\"https:\\\/\\\/i0.wp.com\\\/gersonguelmann.com.br\\\/blog\\\/wp-content\\\/uploads\\\/2021\\\/08\\\/BLOG.jpeg?fit=96%2C96&ssl=1\",\"url\":\"https:\\\/\\\/i0.wp.com\\\/gersonguelmann.com.br\\\/blog\\\/wp-content\\\/uploads\\\/2021\\\/08\\\/BLOG.jpeg?fit=96%2C96&ssl=1\",\"contentUrl\":\"https:\\\/\\\/i0.wp.com\\\/gersonguelmann.com.br\\\/blog\\\/wp-content\\\/uploads\\\/2021\\\/08\\\/BLOG.jpeg?fit=96%2C96&ssl=1\",\"caption\":\"Gerson Guelmann\"},\"description\":\"Pitadas da sabedoria e do humor judaicos, assuntos do momento e um pouco das hist\u00f3rias que vivi e testemunhei.\"}]}<\/script>\n<!-- \/ Yoast SEO plugin. -->","yoast_head_json":{"title":"O Celso Nascimento e Meu Curr\u00edculo | Blog do Guelmann","robots":{"index":"index","follow":"follow","max-snippet":"max-snippet:-1","max-image-preview":"max-image-preview:large","max-video-preview":"max-video-preview:-1"},"canonical":"https:\/\/gersonguelmann.com.br\/blog\/o-celso-nascimento-e-meu-curriculo\/","og_locale":"pt_BR","og_type":"article","og_title":"O Celso Nascimento e Meu Curr\u00edculo | Blog do Guelmann","og_description":"O Celso Nascimento n\u00e3o \u00e9 apenas um dos maiores jornalistas do Paran\u00e1, \u00e9 um dos mais brilhantes e respeitados profissionais de imprensa do Brasil. Hoje a edi\u00e7\u00e3o semanal impressa do jornal Gazeta do Povo publicou a \u00faltima coluna dele, encerrando um ciclo de 52 anos. \u00c9 isso mesmo, 52 anos. H\u00e1 alguns meses o Celso [&hellip;]","og_url":"https:\/\/gersonguelmann.com.br\/blog\/o-celso-nascimento-e-meu-curriculo\/","og_site_name":"Blog do Guelmann","article_published_time":"2018-02-03T17:00:25+00:00","article_modified_time":"2018-02-03T17:16:55+00:00","og_image":[{"width":275,"height":183,"url":"https:\/\/i0.wp.com\/gersonguelmann.com.br\/blog\/wp-content\/uploads\/2018\/02\/CN-1.jpg?fit=275%2C183&ssl=1","type":"image\/jpeg"}],"author":"Gerson Guelmann","twitter_card":"summary_large_image","twitter_misc":{"Escrito por":"Gerson Guelmann","Est. tempo de leitura":"1 minuto"},"schema":{"@context":"https:\/\/schema.org","@graph":[{"@type":"Article","@id":"https:\/\/gersonguelmann.com.br\/blog\/o-celso-nascimento-e-meu-curriculo\/#article","isPartOf":{"@id":"https:\/\/gersonguelmann.com.br\/blog\/o-celso-nascimento-e-meu-curriculo\/"},"author":{"name":"Gerson Guelmann","@id":"https:\/\/gersonguelmann.com.br\/blog\/#\/schema\/person\/87e70e2a786888082f941a482c90569e"},"headline":"O Celso Nascimento e Meu Curr\u00edculo","datePublished":"2018-02-03T17:00:25+00:00","dateModified":"2018-02-03T17:16:55+00:00","mainEntityOfPage":{"@id":"https:\/\/gersonguelmann.com.br\/blog\/o-celso-nascimento-e-meu-curriculo\/"},"wordCount":234,"commentCount":0,"image":{"@id":"https:\/\/gersonguelmann.com.br\/blog\/o-celso-nascimento-e-meu-curriculo\/#primaryimage"},"thumbnailUrl":"https:\/\/i0.wp.com\/gersonguelmann.com.br\/blog\/wp-content\/uploads\/2018\/02\/CN-1.jpg?fit=275%2C183&ssl=1","inLanguage":"pt-BR","potentialAction":[{"@type":"CommentAction","name":"Comment","target":["https:\/\/gersonguelmann.com.br\/blog\/o-celso-nascimento-e-meu-curriculo\/#respond"]}]},{"@type":"WebPage","@id":"https:\/\/gersonguelmann.com.br\/blog\/o-celso-nascimento-e-meu-curriculo\/","url":"https:\/\/gersonguelmann.com.br\/blog\/o-celso-nascimento-e-meu-curriculo\/","name":"O Celso Nascimento e Meu Curr\u00edculo | Blog do Guelmann","isPartOf":{"@id":"https:\/\/gersonguelmann.com.br\/blog\/#website"},"primaryImageOfPage":{"@id":"https:\/\/gersonguelmann.com.br\/blog\/o-celso-nascimento-e-meu-curriculo\/#primaryimage"},"image":{"@id":"https:\/\/gersonguelmann.com.br\/blog\/o-celso-nascimento-e-meu-curriculo\/#primaryimage"},"thumbnailUrl":"https:\/\/i0.wp.com\/gersonguelmann.com.br\/blog\/wp-content\/uploads\/2018\/02\/CN-1.jpg?fit=275%2C183&ssl=1","datePublished":"2018-02-03T17:00:25+00:00","dateModified":"2018-02-03T17:16:55+00:00","author":{"@id":"https:\/\/gersonguelmann.com.br\/blog\/#\/schema\/person\/87e70e2a786888082f941a482c90569e"},"inLanguage":"pt-BR","potentialAction":[{"@type":"ReadAction","target":["https:\/\/gersonguelmann.com.br\/blog\/o-celso-nascimento-e-meu-curriculo\/"]}]},{"@type":"ImageObject","inLanguage":"pt-BR","@id":"https:\/\/gersonguelmann.com.br\/blog\/o-celso-nascimento-e-meu-curriculo\/#primaryimage","url":"https:\/\/i0.wp.com\/gersonguelmann.com.br\/blog\/wp-content\/uploads\/2018\/02\/CN-1.jpg?fit=275%2C183&ssl=1","contentUrl":"https:\/\/i0.wp.com\/gersonguelmann.com.br\/blog\/wp-content\/uploads\/2018\/02\/CN-1.jpg?fit=275%2C183&ssl=1","width":275,"height":183},{"@type":"WebSite","@id":"https:\/\/gersonguelmann.com.br\/blog\/#website","url":"https:\/\/gersonguelmann.com.br\/blog\/","name":"Blog do Guelmann","description":"Pitadas da sabedoria e do humor judaicos, assuntos do momento e um pouco das hist\u00f3rias que vivi e testemunhei.","potentialAction":[{"@type":"SearchAction","target":{"@type":"EntryPoint","urlTemplate":"https:\/\/gersonguelmann.com.br\/blog\/?s={search_term_string}"},"query-input":{"@type":"PropertyValueSpecification","valueRequired":true,"valueName":"search_term_string"}}],"inLanguage":"pt-BR"},{"@type":"Person","@id":"https:\/\/gersonguelmann.com.br\/blog\/#\/schema\/person\/87e70e2a786888082f941a482c90569e","name":"Gerson Guelmann","image":{"@type":"ImageObject","inLanguage":"pt-BR","@id":"https:\/\/i0.wp.com\/gersonguelmann.com.br\/blog\/wp-content\/uploads\/2021\/08\/BLOG.jpeg?fit=96%2C96&ssl=1","url":"https:\/\/i0.wp.com\/gersonguelmann.com.br\/blog\/wp-content\/uploads\/2021\/08\/BLOG.jpeg?fit=96%2C96&ssl=1","contentUrl":"https:\/\/i0.wp.com\/gersonguelmann.com.br\/blog\/wp-content\/uploads\/2021\/08\/BLOG.jpeg?fit=96%2C96&ssl=1","caption":"Gerson Guelmann"},"description":"Pitadas da sabedoria e do humor judaicos, assuntos do momento e um pouco das hist\u00f3rias que vivi e testemunhei."}]}},"views":77,"jetpack_publicize_connections":[],"jetpack_featured_media_url":"https:\/\/i0.wp.com\/gersonguelmann.com.br\/blog\/wp-content\/uploads\/2018\/02\/CN-1.jpg?fit=275%2C183&ssl=1","jetpack_shortlink":"https:\/\/wp.me\/p96e7O-26m","jetpack-related-posts":[{"id":603,"url":"https:\/\/gersonguelmann.com.br\/blog\/padre-quevedo-afirma-celso-nascimento-no-ecziste\/","url_meta":{"origin":8082,"position":0},"title":"Padre Quevedo afirma: Celso Nascimento &#8220;Non Ecziste!&#8221;","author":"Gerson Guelmann","date":"27 de julho de 2017","format":false,"excerpt":"E quando voc\u00ea acha que nada mais pode te emocionar em mat\u00e9ria de generosidade, v\u00eam o Celso Nascimento e te deixa tonto de alegria: \u00a0 http:\/\/contraponto.jor.br\/ \u00a0 \u00c9 s\u00f3 clicar, estamos a direita!","rel":"","context":"Em &quot;Sem categoria&quot;","block_context":{"text":"Sem categoria","link":"https:\/\/gersonguelmann.com.br\/blog\/category\/sem-categoria\/"},"img":{"alt_text":"","src":"https:\/\/i0.wp.com\/gersonguelmann.com.br\/blog\/wp-content\/uploads\/2017\/07\/ContraPonto.png?resize=350%2C200&ssl=1","width":350,"height":200},"classes":[]},{"id":11328,"url":"https:\/\/gersonguelmann.com.br\/blog\/entendi-que-voce-e-um-juiz-de-merda\/","url_meta":{"origin":8082,"position":1},"title":"Entendi Que Voc\u00ea \u00e9 Um Juiz de Merda","author":"Gerson Guelmann","date":"4 de abril de 2022","format":false,"excerpt":"Pe\u00e7o perd\u00e3o pela frase, mas ela n\u00e3o \u00e9 minha. Foi dita ao ent\u00e3o ministro Celso de Mello pelo jurista Saulo Ramos, falecido em 2013, que foi consultor jur\u00eddico e Ministro da Justi\u00e7a do governo de Jos\u00e9 Sarney e foi inclu\u00edda por ele no livro \u201cC\u00f3digo da Vida\u201d, que escreveu em\u2026","rel":"","context":"Em &quot;Sem categoria&quot;","block_context":{"text":"Sem categoria","link":"https:\/\/gersonguelmann.com.br\/blog\/category\/sem-categoria\/"},"img":{"alt_text":"","src":"https:\/\/i0.wp.com\/gersonguelmann.com.br\/blog\/wp-content\/uploads\/2018\/04\/STF-1.jpg?fit=1200%2C800&ssl=1&resize=350%2C200","width":350,"height":200,"srcset":"https:\/\/i0.wp.com\/gersonguelmann.com.br\/blog\/wp-content\/uploads\/2018\/04\/STF-1.jpg?fit=1200%2C800&ssl=1&resize=350%2C200 1x, https:\/\/i0.wp.com\/gersonguelmann.com.br\/blog\/wp-content\/uploads\/2018\/04\/STF-1.jpg?fit=1200%2C800&ssl=1&resize=525%2C300 1.5x, https:\/\/i0.wp.com\/gersonguelmann.com.br\/blog\/wp-content\/uploads\/2018\/04\/STF-1.jpg?fit=1200%2C800&ssl=1&resize=700%2C400 2x, https:\/\/i0.wp.com\/gersonguelmann.com.br\/blog\/wp-content\/uploads\/2018\/04\/STF-1.jpg?fit=1200%2C800&ssl=1&resize=1050%2C600 3x"},"classes":[]},{"id":14773,"url":"https:\/\/gersonguelmann.com.br\/blog\/bebedores-de-vinho-gostarao\/","url_meta":{"origin":8082,"position":2},"title":"Bebedores de Vinho Gostar\u00e3o","author":"Gerson Guelmann","date":"18 de outubro de 2018","format":false,"excerpt":"Celso Cruz (Brocoi\u00f3), que mant\u00e9m um Blog riqu\u00edssimo em cultura brasileira, publicou uma poesia que dedico aos amigos que apreciam bons vinhos: MATUTO EVOLU\u00cdDO Oxente! Quem foi que disse Que matuto n\u00e3o tem bom gosto Pois eu j\u00e1 acho o oposto Pois vejam o meu vizinho Ele \u00e9 entendido em\u2026","rel":"","context":"Em &quot;Sem categoria&quot;","block_context":{"text":"Sem categoria","link":"https:\/\/gersonguelmann.com.br\/blog\/category\/sem-categoria\/"},"img":{"alt_text":"","src":"https:\/\/i0.wp.com\/gersonguelmann.com.br\/blog\/wp-content\/uploads\/2018\/10\/Uvas-e-Vihos-300x166.jpg?resize=350%2C200&ssl=1","width":350,"height":200},"classes":[]},{"id":18169,"url":"https:\/\/gersonguelmann.com.br\/blog\/no-momento-do-nascimento-ela-sorriu-para-o-pai-nao-e-uma-maravilha\/","url_meta":{"origin":8082,"position":3},"title":"No Momento do Nascimento, Ela Sorriu Para o Pai. N\u00e3o \u00e9 Uma Maravilha?","author":"Gerson Guelmann","date":"29 de agosto de 2019","format":false,"excerpt":"Gosto muito de um site chamado S\u00f3Not\u00edciaBoa. Acho que nem precisaria explicar a raz\u00e3o, j\u00e1 que o nome diz tudo, mas \u00e9 bom saber que nos dias de hoje algu\u00e9m est\u00e1 se dedicando-se a garimpar not\u00edcias positivas, porque o mundo est\u00e1 precisando disso. Veja essa, por exemplo: Filha sorri para\u2026","rel":"","context":"Em &quot;Sem categoria&quot;","block_context":{"text":"Sem categoria","link":"https:\/\/gersonguelmann.com.br\/blog\/category\/sem-categoria\/"},"img":{"alt_text":"","src":"https:\/\/i0.wp.com\/gersonguelmann.com.br\/blog\/wp-content\/uploads\/2019\/08\/Pai-e-filha.jpg?fit=800%2C560&ssl=1&resize=350%2C200","width":350,"height":200,"srcset":"https:\/\/i0.wp.com\/gersonguelmann.com.br\/blog\/wp-content\/uploads\/2019\/08\/Pai-e-filha.jpg?fit=800%2C560&ssl=1&resize=350%2C200 1x, https:\/\/i0.wp.com\/gersonguelmann.com.br\/blog\/wp-content\/uploads\/2019\/08\/Pai-e-filha.jpg?fit=800%2C560&ssl=1&resize=525%2C300 1.5x, https:\/\/i0.wp.com\/gersonguelmann.com.br\/blog\/wp-content\/uploads\/2019\/08\/Pai-e-filha.jpg?fit=800%2C560&ssl=1&resize=700%2C400 2x"},"classes":[]},{"id":10727,"url":"https:\/\/gersonguelmann.com.br\/blog\/momento-magico-nascimento-do-elefante\/","url_meta":{"origin":8082,"position":4},"title":"Momento M\u00e1gico: Nascimento do Elefante","author":"Gerson Guelmann","date":"24 de mar\u00e7o de 2018","format":false,"excerpt":"Imagine voc\u00ea estar em um saf\u00e1ri na \u00c1frica do Sul, desses que s\u00e3o feitos por turistas de todo mundo que v\u00e3o para aquele pa\u00eds. O passeio em si j\u00e1 deve ser maravilhoso, pela oportunidade de ver os animais selvagens em seu habitat natural, certo? Agora, se por uma coincid\u00eancia not\u00e1vel\u2026","rel":"","context":"Em &quot;Sem categoria&quot;","block_context":{"text":"Sem categoria","link":"https:\/\/gersonguelmann.com.br\/blog\/category\/sem-categoria\/"},"img":{"alt_text":"","src":"https:\/\/i0.wp.com\/gersonguelmann.com.br\/blog\/wp-content\/uploads\/2018\/03\/elephant-2923917__340.jpg?fit=510%2C340&ssl=1&resize=350%2C200","width":350,"height":200},"classes":[]},{"id":10062,"url":"https:\/\/gersonguelmann.com.br\/blog\/a-morte-de-stephen-hawking-e-outros-genios\/","url_meta":{"origin":8082,"position":5},"title":"A Morte de Stephen Hawking e Outros G\u00eanios","author":"Gerson Guelmann","date":"14 de mar\u00e7o de 2018","format":false,"excerpt":"O site Pragmatismo Pol\u00edtico revelou algumas coincid\u00eancias interessantes: - o f\u00edsico brit\u00e2nico Stephen Hawking, um dos g\u00eanios da humanidade, faleceu hoje, 14 de mar\u00e7o, aos 76 anos.\u00a0 Ele nasceu em\u00a08 de janeiro de 1942, no mesmo dia do anivers\u00e1rio de 300 anos da morte\u00a0 de Galileu Galilei. As outras coincid\u00eancias\u2026","rel":"","context":"Em &quot;Sem categoria&quot;","block_context":{"text":"Sem categoria","link":"https:\/\/gersonguelmann.com.br\/blog\/category\/sem-categoria\/"},"img":{"alt_text":"","src":"https:\/\/i0.wp.com\/gersonguelmann.com.br\/blog\/wp-content\/uploads\/2018\/03\/einstein-hawking.jpg?fit=670%2C400&ssl=1&resize=350%2C200","width":350,"height":200,"srcset":"https:\/\/i0.wp.com\/gersonguelmann.com.br\/blog\/wp-content\/uploads\/2018\/03\/einstein-hawking.jpg?fit=670%2C400&ssl=1&resize=350%2C200 1x, https:\/\/i0.wp.com\/gersonguelmann.com.br\/blog\/wp-content\/uploads\/2018\/03\/einstein-hawking.jpg?fit=670%2C400&ssl=1&resize=525%2C300 1.5x"},"classes":[]}],"jetpack_sharing_enabled":true,"post_mailing_queue_ids":[],"_links":{"self":[{"href":"https:\/\/gersonguelmann.com.br\/blog\/wp-json\/wp\/v2\/posts\/8082","targetHints":{"allow":["GET"]}}],"collection":[{"href":"https:\/\/gersonguelmann.com.br\/blog\/wp-json\/wp\/v2\/posts"}],"about":[{"href":"https:\/\/gersonguelmann.com.br\/blog\/wp-json\/wp\/v2\/types\/post"}],"author":[{"embeddable":true,"href":"https:\/\/gersonguelmann.com.br\/blog\/wp-json\/wp\/v2\/users\/5"}],"replies":[{"embeddable":true,"href":"https:\/\/gersonguelmann.com.br\/blog\/wp-json\/wp\/v2\/comments?post=8082"}],"version-history":[{"count":0,"href":"https:\/\/gersonguelmann.com.br\/blog\/wp-json\/wp\/v2\/posts\/8082\/revisions"}],"wp:featuredmedia":[{"embeddable":true,"href":"https:\/\/gersonguelmann.com.br\/blog\/wp-json\/wp\/v2\/media\/8085"}],"wp:attachment":[{"href":"https:\/\/gersonguelmann.com.br\/blog\/wp-json\/wp\/v2\/media?parent=8082"}],"wp:term":[{"taxonomy":"category","embeddable":true,"href":"https:\/\/gersonguelmann.com.br\/blog\/wp-json\/wp\/v2\/categories?post=8082"},{"taxonomy":"post_tag","embeddable":true,"href":"https:\/\/gersonguelmann.com.br\/blog\/wp-json\/wp\/v2\/tags?post=8082"}],"curies":[{"name":"wp","href":"https:\/\/api.w.org\/{rel}","templated":true}]}}