    {"id":8088,"date":"2018-02-03T17:00:57","date_gmt":"2018-02-03T19:00:57","guid":{"rendered":"https:\/\/gersonguelmann.com.br\/blog\/?p=8088"},"modified":"2018-02-03T16:53:12","modified_gmt":"2018-02-03T18:53:12","slug":"vesperas-rubem-alves","status":"publish","type":"post","link":"https:\/\/gersonguelmann.com.br\/blog\/vesperas-rubem-alves\/","title":{"rendered":"V\u00e9speras &#8211; Rubem Alves"},"content":{"rendered":"<p style=\"text-align: center;\"><strong><em><span style=\"font-family: verdana, geneva, sans-serif; font-size: 14pt; color: #000000;\">Mais Que Prazer<\/span><\/em><\/strong><\/p>\n<p style=\"text-align: center;\"><em><span style=\"font-family: verdana, geneva, sans-serif; font-size: 14pt; color: #000000;\">Era prazer? Era.<\/span><\/em><br \/>\n<em><span style=\"font-family: verdana, geneva, sans-serif; font-size: 14pt; color: #000000;\">Mas era mais que prazer. Era alegria.<\/span><\/em><br \/>\n<em><span style=\"font-family: verdana, geneva, sans-serif; font-size: 14pt; color: #000000;\">A diferen\u00e7a? O prazer s\u00f3 existe no momento.<\/span><\/em><br \/>\n<em><span style=\"font-family: verdana, geneva, sans-serif; font-size: 14pt; color: #000000;\">A alegria \u00e9 aquilo que existe s\u00f3 pela lembran\u00e7a.<\/span><\/em><br \/>\n<em><span style=\"font-family: verdana, geneva, sans-serif; font-size: 14pt; color: #000000;\">O prazer \u00e9 \u00fanico, n\u00e3o se repete.<\/span><\/em><br \/>\n<em><span style=\"font-family: verdana, geneva, sans-serif; font-size: 14pt; color: #000000;\">Aquele que foi, j\u00e1 foi. Outro ser\u00e1 outro.<\/span><\/em><br \/>\n<em><span style=\"font-family: verdana, geneva, sans-serif; font-size: 14pt; color: #000000;\">Mas a alegria se repete sempre.<\/span><\/em><br \/>\n<em><span style=\"font-family: verdana, geneva, sans-serif; font-size: 14pt; color: #000000;\">Basta lembrar.<\/span><\/em><\/p>\n<p style=\"text-align: center;\"><img data-recalc-dims=\"1\" fetchpriority=\"high\" decoding=\"async\" data-attachment-id=\"8089\" data-permalink=\"https:\/\/gersonguelmann.com.br\/blog\/vesperas-rubem-alves\/ra-3\/\" data-orig-file=\"https:\/\/i0.wp.com\/gersonguelmann.com.br\/blog\/wp-content\/uploads\/2018\/02\/RA.jpg?fit=275%2C183&amp;ssl=1\" data-orig-size=\"275,183\" data-comments-opened=\"1\" data-image-meta=\"{&quot;aperture&quot;:&quot;0&quot;,&quot;credit&quot;:&quot;&quot;,&quot;camera&quot;:&quot;&quot;,&quot;caption&quot;:&quot;&quot;,&quot;created_timestamp&quot;:&quot;0&quot;,&quot;copyright&quot;:&quot;&quot;,&quot;focal_length&quot;:&quot;0&quot;,&quot;iso&quot;:&quot;0&quot;,&quot;shutter_speed&quot;:&quot;0&quot;,&quot;title&quot;:&quot;&quot;,&quot;orientation&quot;:&quot;0&quot;}\" data-image-title=\"RA\" data-image-description=\"\" data-image-caption=\"\" data-medium-file=\"https:\/\/i0.wp.com\/gersonguelmann.com.br\/blog\/wp-content\/uploads\/2018\/02\/RA.jpg?fit=275%2C183&amp;ssl=1\" data-large-file=\"https:\/\/i0.wp.com\/gersonguelmann.com.br\/blog\/wp-content\/uploads\/2018\/02\/RA.jpg?fit=275%2C183&amp;ssl=1\" class=\"alignnone size-full wp-image-8089\" src=\"https:\/\/i0.wp.com\/gersonguelmann.com.br\/blog\/wp-content\/uploads\/2018\/02\/RA.jpg?resize=275%2C183&#038;ssl=1\" alt=\"\" width=\"275\" height=\"183\" \/><br \/>\n<span style=\"font-family: verdana, geneva, sans-serif; font-size: 14pt; color: #000000;\"><em><strong>Rubem Alves<\/strong><\/em><\/span><br \/>\n<span style=\"font-family: verdana, geneva, sans-serif; font-size: 14pt; color: #000000;\"><em><strong>Rubem Azevedo Alves<br \/>\nBoa Esperan\u00e7a (MG), 15\/9\/1933<\/strong><\/em><\/span><br \/>\n<span style=\"font-family: verdana, geneva, sans-serif; font-size: 14pt; color: #000000;\"><em><strong>Campinas (SP), 19\/7\/2014<\/strong><\/em><\/span><\/p>\n","protected":false},"excerpt":{"rendered":"<p>Mais Que Prazer Era prazer? Era. Mas era mais que prazer. Era alegria. A diferen\u00e7a? O prazer s\u00f3 existe no momento. A alegria \u00e9 aquilo que existe s\u00f3 pela lembran\u00e7a. O prazer \u00e9 \u00fanico, n\u00e3o se repete. Aquele que foi, j\u00e1 foi. Outro ser\u00e1 outro. Mas a alegria se repete sempre. Basta lembrar. Rubem Alves [&hellip;]<\/p>\n","protected":false},"author":5,"featured_media":8089,"comment_status":"open","ping_status":"open","sticky":false,"template":"","format":"standard","meta":{"_acf_changed":false,"jetpack_post_was_ever_published":false,"_jetpack_newsletter_access":"","_jetpack_dont_email_post_to_subs":false,"_jetpack_newsletter_tier_id":0,"_jetpack_memberships_contains_paywalled_content":false,"_jetpack_memberships_contains_paid_content":false,"footnotes":"","jetpack_publicize_message":"","jetpack_publicize_feature_enabled":true,"jetpack_social_post_already_shared":true,"jetpack_social_options":{"image_generator_settings":{"template":"highway","default_image_id":0,"font":"","enabled":false},"version":2}},"categories":[1],"tags":[],"class_list":["post-8088","post","type-post","status-publish","format-standard","has-post-thumbnail","hentry","category-sem-categoria"],"acf":[],"yoast_head":"<!-- This site is optimized with the Yoast SEO plugin v27.3 - https:\/\/yoast.com\/product\/yoast-seo-wordpress\/ -->\n<title>V\u00e9speras - Rubem Alves | Blog do Guelmann<\/title>\n<meta name=\"robots\" content=\"index, follow, max-snippet:-1, max-image-preview:large, max-video-preview:-1\" \/>\n<link rel=\"canonical\" href=\"https:\/\/gersonguelmann.com.br\/blog\/vesperas-rubem-alves\/\" \/>\n<meta property=\"og:locale\" content=\"pt_BR\" \/>\n<meta property=\"og:type\" content=\"article\" \/>\n<meta property=\"og:title\" content=\"V\u00e9speras - Rubem Alves | Blog do Guelmann\" \/>\n<meta property=\"og:description\" content=\"Mais Que Prazer Era prazer? Era. Mas era mais que prazer. Era alegria. A diferen\u00e7a? O prazer s\u00f3 existe no momento. A alegria \u00e9 aquilo que existe s\u00f3 pela lembran\u00e7a. O prazer \u00e9 \u00fanico, n\u00e3o se repete. Aquele que foi, j\u00e1 foi. Outro ser\u00e1 outro. Mas a alegria se repete sempre. Basta lembrar. Rubem Alves [&hellip;]\" \/>\n<meta property=\"og:url\" content=\"https:\/\/gersonguelmann.com.br\/blog\/vesperas-rubem-alves\/\" \/>\n<meta property=\"og:site_name\" content=\"Blog do Guelmann\" \/>\n<meta property=\"article:published_time\" content=\"2018-02-03T19:00:57+00:00\" \/>\n<meta property=\"og:image\" content=\"https:\/\/i0.wp.com\/gersonguelmann.com.br\/blog\/wp-content\/uploads\/2018\/02\/RA.jpg?fit=275%2C183&ssl=1\" \/>\n\t<meta property=\"og:image:width\" content=\"275\" \/>\n\t<meta property=\"og:image:height\" content=\"183\" \/>\n\t<meta property=\"og:image:type\" content=\"image\/jpeg\" \/>\n<meta name=\"author\" content=\"Gerson Guelmann\" \/>\n<meta name=\"twitter:card\" content=\"summary_large_image\" \/>\n<meta name=\"twitter:label1\" content=\"Escrito por\" \/>\n\t<meta name=\"twitter:data1\" content=\"Gerson Guelmann\" \/>\n<script type=\"application\/ld+json\" class=\"yoast-schema-graph\">{\"@context\":\"https:\\\/\\\/schema.org\",\"@graph\":[{\"@type\":\"Article\",\"@id\":\"https:\\\/\\\/gersonguelmann.com.br\\\/blog\\\/vesperas-rubem-alves\\\/#article\",\"isPartOf\":{\"@id\":\"https:\\\/\\\/gersonguelmann.com.br\\\/blog\\\/vesperas-rubem-alves\\\/\"},\"author\":{\"name\":\"Gerson Guelmann\",\"@id\":\"https:\\\/\\\/gersonguelmann.com.br\\\/blog\\\/#\\\/schema\\\/person\\\/87e70e2a786888082f941a482c90569e\"},\"headline\":\"V\u00e9speras &#8211; Rubem Alves\",\"datePublished\":\"2018-02-03T19:00:57+00:00\",\"mainEntityOfPage\":{\"@id\":\"https:\\\/\\\/gersonguelmann.com.br\\\/blog\\\/vesperas-rubem-alves\\\/\"},\"wordCount\":70,\"commentCount\":0,\"image\":{\"@id\":\"https:\\\/\\\/gersonguelmann.com.br\\\/blog\\\/vesperas-rubem-alves\\\/#primaryimage\"},\"thumbnailUrl\":\"https:\\\/\\\/i0.wp.com\\\/gersonguelmann.com.br\\\/blog\\\/wp-content\\\/uploads\\\/2018\\\/02\\\/RA.jpg?fit=275%2C183&ssl=1\",\"inLanguage\":\"pt-BR\",\"potentialAction\":[{\"@type\":\"CommentAction\",\"name\":\"Comment\",\"target\":[\"https:\\\/\\\/gersonguelmann.com.br\\\/blog\\\/vesperas-rubem-alves\\\/#respond\"]}]},{\"@type\":\"WebPage\",\"@id\":\"https:\\\/\\\/gersonguelmann.com.br\\\/blog\\\/vesperas-rubem-alves\\\/\",\"url\":\"https:\\\/\\\/gersonguelmann.com.br\\\/blog\\\/vesperas-rubem-alves\\\/\",\"name\":\"V\u00e9speras - Rubem Alves | Blog do Guelmann\",\"isPartOf\":{\"@id\":\"https:\\\/\\\/gersonguelmann.com.br\\\/blog\\\/#website\"},\"primaryImageOfPage\":{\"@id\":\"https:\\\/\\\/gersonguelmann.com.br\\\/blog\\\/vesperas-rubem-alves\\\/#primaryimage\"},\"image\":{\"@id\":\"https:\\\/\\\/gersonguelmann.com.br\\\/blog\\\/vesperas-rubem-alves\\\/#primaryimage\"},\"thumbnailUrl\":\"https:\\\/\\\/i0.wp.com\\\/gersonguelmann.com.br\\\/blog\\\/wp-content\\\/uploads\\\/2018\\\/02\\\/RA.jpg?fit=275%2C183&ssl=1\",\"datePublished\":\"2018-02-03T19:00:57+00:00\",\"author\":{\"@id\":\"https:\\\/\\\/gersonguelmann.com.br\\\/blog\\\/#\\\/schema\\\/person\\\/87e70e2a786888082f941a482c90569e\"},\"inLanguage\":\"pt-BR\",\"potentialAction\":[{\"@type\":\"ReadAction\",\"target\":[\"https:\\\/\\\/gersonguelmann.com.br\\\/blog\\\/vesperas-rubem-alves\\\/\"]}]},{\"@type\":\"ImageObject\",\"inLanguage\":\"pt-BR\",\"@id\":\"https:\\\/\\\/gersonguelmann.com.br\\\/blog\\\/vesperas-rubem-alves\\\/#primaryimage\",\"url\":\"https:\\\/\\\/i0.wp.com\\\/gersonguelmann.com.br\\\/blog\\\/wp-content\\\/uploads\\\/2018\\\/02\\\/RA.jpg?fit=275%2C183&ssl=1\",\"contentUrl\":\"https:\\\/\\\/i0.wp.com\\\/gersonguelmann.com.br\\\/blog\\\/wp-content\\\/uploads\\\/2018\\\/02\\\/RA.jpg?fit=275%2C183&ssl=1\",\"width\":275,\"height\":183},{\"@type\":\"WebSite\",\"@id\":\"https:\\\/\\\/gersonguelmann.com.br\\\/blog\\\/#website\",\"url\":\"https:\\\/\\\/gersonguelmann.com.br\\\/blog\\\/\",\"name\":\"Blog do Guelmann\",\"description\":\"Pitadas da sabedoria e do humor judaicos, assuntos do momento e um pouco das hist\u00f3rias que vivi e testemunhei.\",\"potentialAction\":[{\"@type\":\"SearchAction\",\"target\":{\"@type\":\"EntryPoint\",\"urlTemplate\":\"https:\\\/\\\/gersonguelmann.com.br\\\/blog\\\/?s={search_term_string}\"},\"query-input\":{\"@type\":\"PropertyValueSpecification\",\"valueRequired\":true,\"valueName\":\"search_term_string\"}}],\"inLanguage\":\"pt-BR\"},{\"@type\":\"Person\",\"@id\":\"https:\\\/\\\/gersonguelmann.com.br\\\/blog\\\/#\\\/schema\\\/person\\\/87e70e2a786888082f941a482c90569e\",\"name\":\"Gerson Guelmann\",\"image\":{\"@type\":\"ImageObject\",\"inLanguage\":\"pt-BR\",\"@id\":\"https:\\\/\\\/i0.wp.com\\\/gersonguelmann.com.br\\\/blog\\\/wp-content\\\/uploads\\\/2021\\\/08\\\/BLOG.jpeg?fit=96%2C96&ssl=1\",\"url\":\"https:\\\/\\\/i0.wp.com\\\/gersonguelmann.com.br\\\/blog\\\/wp-content\\\/uploads\\\/2021\\\/08\\\/BLOG.jpeg?fit=96%2C96&ssl=1\",\"contentUrl\":\"https:\\\/\\\/i0.wp.com\\\/gersonguelmann.com.br\\\/blog\\\/wp-content\\\/uploads\\\/2021\\\/08\\\/BLOG.jpeg?fit=96%2C96&ssl=1\",\"caption\":\"Gerson Guelmann\"},\"description\":\"Pitadas da sabedoria e do humor judaicos, assuntos do momento e um pouco das hist\u00f3rias que vivi e testemunhei.\"}]}<\/script>\n<!-- \/ Yoast SEO plugin. -->","yoast_head_json":{"title":"V\u00e9speras - Rubem Alves | Blog do Guelmann","robots":{"index":"index","follow":"follow","max-snippet":"max-snippet:-1","max-image-preview":"max-image-preview:large","max-video-preview":"max-video-preview:-1"},"canonical":"https:\/\/gersonguelmann.com.br\/blog\/vesperas-rubem-alves\/","og_locale":"pt_BR","og_type":"article","og_title":"V\u00e9speras - Rubem Alves | Blog do Guelmann","og_description":"Mais Que Prazer Era prazer? Era. Mas era mais que prazer. Era alegria. A diferen\u00e7a? O prazer s\u00f3 existe no momento. A alegria \u00e9 aquilo que existe s\u00f3 pela lembran\u00e7a. O prazer \u00e9 \u00fanico, n\u00e3o se repete. Aquele que foi, j\u00e1 foi. Outro ser\u00e1 outro. Mas a alegria se repete sempre. Basta lembrar. Rubem Alves [&hellip;]","og_url":"https:\/\/gersonguelmann.com.br\/blog\/vesperas-rubem-alves\/","og_site_name":"Blog do Guelmann","article_published_time":"2018-02-03T19:00:57+00:00","og_image":[{"width":275,"height":183,"url":"https:\/\/i0.wp.com\/gersonguelmann.com.br\/blog\/wp-content\/uploads\/2018\/02\/RA.jpg?fit=275%2C183&ssl=1","type":"image\/jpeg"}],"author":"Gerson Guelmann","twitter_card":"summary_large_image","twitter_misc":{"Escrito por":"Gerson Guelmann"},"schema":{"@context":"https:\/\/schema.org","@graph":[{"@type":"Article","@id":"https:\/\/gersonguelmann.com.br\/blog\/vesperas-rubem-alves\/#article","isPartOf":{"@id":"https:\/\/gersonguelmann.com.br\/blog\/vesperas-rubem-alves\/"},"author":{"name":"Gerson Guelmann","@id":"https:\/\/gersonguelmann.com.br\/blog\/#\/schema\/person\/87e70e2a786888082f941a482c90569e"},"headline":"V\u00e9speras &#8211; Rubem Alves","datePublished":"2018-02-03T19:00:57+00:00","mainEntityOfPage":{"@id":"https:\/\/gersonguelmann.com.br\/blog\/vesperas-rubem-alves\/"},"wordCount":70,"commentCount":0,"image":{"@id":"https:\/\/gersonguelmann.com.br\/blog\/vesperas-rubem-alves\/#primaryimage"},"thumbnailUrl":"https:\/\/i0.wp.com\/gersonguelmann.com.br\/blog\/wp-content\/uploads\/2018\/02\/RA.jpg?fit=275%2C183&ssl=1","inLanguage":"pt-BR","potentialAction":[{"@type":"CommentAction","name":"Comment","target":["https:\/\/gersonguelmann.com.br\/blog\/vesperas-rubem-alves\/#respond"]}]},{"@type":"WebPage","@id":"https:\/\/gersonguelmann.com.br\/blog\/vesperas-rubem-alves\/","url":"https:\/\/gersonguelmann.com.br\/blog\/vesperas-rubem-alves\/","name":"V\u00e9speras - Rubem Alves | Blog do Guelmann","isPartOf":{"@id":"https:\/\/gersonguelmann.com.br\/blog\/#website"},"primaryImageOfPage":{"@id":"https:\/\/gersonguelmann.com.br\/blog\/vesperas-rubem-alves\/#primaryimage"},"image":{"@id":"https:\/\/gersonguelmann.com.br\/blog\/vesperas-rubem-alves\/#primaryimage"},"thumbnailUrl":"https:\/\/i0.wp.com\/gersonguelmann.com.br\/blog\/wp-content\/uploads\/2018\/02\/RA.jpg?fit=275%2C183&ssl=1","datePublished":"2018-02-03T19:00:57+00:00","author":{"@id":"https:\/\/gersonguelmann.com.br\/blog\/#\/schema\/person\/87e70e2a786888082f941a482c90569e"},"inLanguage":"pt-BR","potentialAction":[{"@type":"ReadAction","target":["https:\/\/gersonguelmann.com.br\/blog\/vesperas-rubem-alves\/"]}]},{"@type":"ImageObject","inLanguage":"pt-BR","@id":"https:\/\/gersonguelmann.com.br\/blog\/vesperas-rubem-alves\/#primaryimage","url":"https:\/\/i0.wp.com\/gersonguelmann.com.br\/blog\/wp-content\/uploads\/2018\/02\/RA.jpg?fit=275%2C183&ssl=1","contentUrl":"https:\/\/i0.wp.com\/gersonguelmann.com.br\/blog\/wp-content\/uploads\/2018\/02\/RA.jpg?fit=275%2C183&ssl=1","width":275,"height":183},{"@type":"WebSite","@id":"https:\/\/gersonguelmann.com.br\/blog\/#website","url":"https:\/\/gersonguelmann.com.br\/blog\/","name":"Blog do Guelmann","description":"Pitadas da sabedoria e do humor judaicos, assuntos do momento e um pouco das hist\u00f3rias que vivi e testemunhei.","potentialAction":[{"@type":"SearchAction","target":{"@type":"EntryPoint","urlTemplate":"https:\/\/gersonguelmann.com.br\/blog\/?s={search_term_string}"},"query-input":{"@type":"PropertyValueSpecification","valueRequired":true,"valueName":"search_term_string"}}],"inLanguage":"pt-BR"},{"@type":"Person","@id":"https:\/\/gersonguelmann.com.br\/blog\/#\/schema\/person\/87e70e2a786888082f941a482c90569e","name":"Gerson Guelmann","image":{"@type":"ImageObject","inLanguage":"pt-BR","@id":"https:\/\/i0.wp.com\/gersonguelmann.com.br\/blog\/wp-content\/uploads\/2021\/08\/BLOG.jpeg?fit=96%2C96&ssl=1","url":"https:\/\/i0.wp.com\/gersonguelmann.com.br\/blog\/wp-content\/uploads\/2021\/08\/BLOG.jpeg?fit=96%2C96&ssl=1","contentUrl":"https:\/\/i0.wp.com\/gersonguelmann.com.br\/blog\/wp-content\/uploads\/2021\/08\/BLOG.jpeg?fit=96%2C96&ssl=1","caption":"Gerson Guelmann"},"description":"Pitadas da sabedoria e do humor judaicos, assuntos do momento e um pouco das hist\u00f3rias que vivi e testemunhei."}]}},"views":26,"jetpack_publicize_connections":[],"jetpack_featured_media_url":"https:\/\/i0.wp.com\/gersonguelmann.com.br\/blog\/wp-content\/uploads\/2018\/02\/RA.jpg?fit=275%2C183&ssl=1","jetpack_shortlink":"https:\/\/wp.me\/p96e7O-26s","jetpack-related-posts":[{"id":214,"url":"https:\/\/gersonguelmann.com.br\/blog\/sexo-e-trabalho-ou-prazer\/","url_meta":{"origin":8088,"position":0},"title":"Discuss\u00e3o Teol\u00f3gica: Sexo \u00c9 Trabalho ou Prazer?","author":"Gerson Guelmann","date":"31 de janeiro de 2021","format":false,"excerpt":"Um homem queria saber se ter rela\u00e7\u00f5es sexuais no dia de descanso determinado pelas religi\u00f5es \u00e9 pecado, porque n\u00e3o tinha certeza se isso seria considerado trabalho ou prazer. Decidiu falar com um Padre e pedir a opini\u00e3o dele sobre a quest\u00e3o. Ap\u00f3s consultar a B\u00edblia, ele disse: - \"Meu filho,\u2026","rel":"","context":"Em &quot;Sem categoria&quot;","block_context":{"text":"Sem categoria","link":"https:\/\/gersonguelmann.com.br\/blog\/category\/sem-categoria\/"},"img":{"alt_text":"","src":"https:\/\/i0.wp.com\/gersonguelmann.com.br\/blog\/wp-content\/uploads\/2018\/02\/DUVIDA-scaled.jpg?fit=800%2C1200&ssl=1&resize=350%2C200","width":350,"height":200,"srcset":"https:\/\/i0.wp.com\/gersonguelmann.com.br\/blog\/wp-content\/uploads\/2018\/02\/DUVIDA-scaled.jpg?fit=800%2C1200&ssl=1&resize=350%2C200 1x, https:\/\/i0.wp.com\/gersonguelmann.com.br\/blog\/wp-content\/uploads\/2018\/02\/DUVIDA-scaled.jpg?fit=800%2C1200&ssl=1&resize=525%2C300 1.5x, https:\/\/i0.wp.com\/gersonguelmann.com.br\/blog\/wp-content\/uploads\/2018\/02\/DUVIDA-scaled.jpg?fit=800%2C1200&ssl=1&resize=700%2C400 2x"},"classes":[]},{"id":14214,"url":"https:\/\/gersonguelmann.com.br\/blog\/antecipando-o-prazer-das-ferias-com-sexo-no-aviao\/","url_meta":{"origin":8088,"position":1},"title":"Antecipando o Prazer das F\u00e9rias Com Sexo no Avi\u00e3o","author":"Gerson Guelmann","date":"22 de junho de 2018","format":false,"excerpt":"O jornal Daily Mail publicou mat\u00e9ria sobre fato pitoresco que aconteceu no in\u00edcio da semana. Passageiros de um voo dos Estados Unidos para o M\u00e9xico ficaram surpresos quando perceberam que um casal estava transando nas poltronas localizadas duas fileiras atr\u00e1s de onde estavam. A cena foi gravada pelos pais de\u2026","rel":"","context":"Em &quot;Sem categoria&quot;","block_context":{"text":"Sem categoria","link":"https:\/\/gersonguelmann.com.br\/blog\/category\/sem-categoria\/"},"img":{"alt_text":"","src":"https:\/\/i0.wp.com\/gersonguelmann.com.br\/blog\/wp-content\/uploads\/2018\/06\/M%C3%A9xico.jpeg?fit=960%2C484&ssl=1&resize=350%2C200","width":350,"height":200,"srcset":"https:\/\/i0.wp.com\/gersonguelmann.com.br\/blog\/wp-content\/uploads\/2018\/06\/M%C3%A9xico.jpeg?fit=960%2C484&ssl=1&resize=350%2C200 1x, https:\/\/i0.wp.com\/gersonguelmann.com.br\/blog\/wp-content\/uploads\/2018\/06\/M%C3%A9xico.jpeg?fit=960%2C484&ssl=1&resize=525%2C300 1.5x, https:\/\/i0.wp.com\/gersonguelmann.com.br\/blog\/wp-content\/uploads\/2018\/06\/M%C3%A9xico.jpeg?fit=960%2C484&ssl=1&resize=700%2C400 2x"},"classes":[]},{"id":21464,"url":"https:\/\/gersonguelmann.com.br\/blog\/rondo-veneziano-prazer-em-conhecer\/","url_meta":{"origin":8088,"position":2},"title":"Rond\u00f3 Veneziano, Prazer em Conhecer","author":"Gerson Guelmann","date":"15 de fevereiro de 2021","format":false,"excerpt":"Se voc\u00ea n\u00e3o conhece, tenho certeza de que ap\u00f3s ouvir justificar\u00e1 o t\u00edtulo. Rond\u00f3 Veneziano \u00e9 o nome de uma orquestra de c\u00e2mara fundada na It\u00e1lia em 1979, especializada em m\u00fasica barroca. Ela toca com instrumentos originais, adicionados de sintetizador, baixo e bateria, sob a reg\u00eancia do Maestro Gian Piero\u2026","rel":"","context":"Em &quot;Sem categoria&quot;","block_context":{"text":"Sem categoria","link":"https:\/\/gersonguelmann.com.br\/blog\/category\/sem-categoria\/"},"img":{"alt_text":"","src":"https:\/\/i0.wp.com\/gersonguelmann.com.br\/blog\/wp-content\/uploads\/2021\/02\/RV.jpg?fit=600%2C447&ssl=1&resize=350%2C200","width":350,"height":200,"srcset":"https:\/\/i0.wp.com\/gersonguelmann.com.br\/blog\/wp-content\/uploads\/2021\/02\/RV.jpg?fit=600%2C447&ssl=1&resize=350%2C200 1x, https:\/\/i0.wp.com\/gersonguelmann.com.br\/blog\/wp-content\/uploads\/2021\/02\/RV.jpg?fit=600%2C447&ssl=1&resize=525%2C300 1.5x"},"classes":[]},{"id":108,"url":"https:\/\/gersonguelmann.com.br\/blog\/para-variar-uma-piada-que-nao-e-de-judeu\/","url_meta":{"origin":8088,"position":3},"title":"Para variar, uma piada que n\u00e3o \u00e9 de judeu","author":"Gerson Guelmann","date":"7 de julho de 2017","format":false,"excerpt":"Eu estava fazendo compras em um supermercado e uma velhinha vinha atr\u00e1s de mim. Percebi que na realidade ela estava me seguindo pelos corredores e g\u00f4ndolas, empurrando seu carrinho j\u00e1 quase cheio, mas sempre sorrindo.Se eu parava para pegar algum produto, ela tamb\u00e9m parava e sorria, era uma gra\u00e7a! Na\u2026","rel":"","context":"Em &quot;Sem categoria&quot;","block_context":{"text":"Sem categoria","link":"https:\/\/gersonguelmann.com.br\/blog\/category\/sem-categoria\/"},"img":{"alt_text":"","src":"https:\/\/i0.wp.com\/gersonguelmann.com.br\/blog\/wp-content\/uploads\/2017\/07\/idosa-2Bno-2Bsupermercado.jpg?fit=680%2C365&ssl=1&resize=350%2C200","width":350,"height":200,"srcset":"https:\/\/i0.wp.com\/gersonguelmann.com.br\/blog\/wp-content\/uploads\/2017\/07\/idosa-2Bno-2Bsupermercado.jpg?fit=680%2C365&ssl=1&resize=350%2C200 1x, https:\/\/i0.wp.com\/gersonguelmann.com.br\/blog\/wp-content\/uploads\/2017\/07\/idosa-2Bno-2Bsupermercado.jpg?fit=680%2C365&ssl=1&resize=525%2C300 1.5x"},"classes":[]},{"id":11511,"url":"https:\/\/gersonguelmann.com.br\/blog\/muito-prazer-gleisi-lula-hoffmann\/","url_meta":{"origin":8088,"position":4},"title":"Muito Prazer, Gleisi Lula Hoffmann","author":"Gerson Guelmann","date":"11 de abril de 2018","format":false,"excerpt":"A senadora pelo Paran\u00e1, Gleisi Hoffmann, requereu do presidente do Senado Federal a inclus\u00e3o da palavra \"Lula\" em seu nome parlamentar, solicitando a devida altera\u00e7\u00e3o no painel do Plen\u00e1rio. A partir de agora o nome dela dever\u00e1 aparecer como \"Gleisi Lula Hoffmann\". Parece que outros parlamentares j\u00e1 fizeram ou far\u00e3o\u2026","rel":"","context":"Em &quot;Sem categoria&quot;","block_context":{"text":"Sem categoria","link":"https:\/\/gersonguelmann.com.br\/blog\/category\/sem-categoria\/"},"img":{"alt_text":"","src":"https:\/\/i0.wp.com\/gersonguelmann.com.br\/blog\/wp-content\/uploads\/2018\/04\/unnamed.jpg?fit=675%2C1200&ssl=1&resize=350%2C200","width":350,"height":200,"srcset":"https:\/\/i0.wp.com\/gersonguelmann.com.br\/blog\/wp-content\/uploads\/2018\/04\/unnamed.jpg?fit=675%2C1200&ssl=1&resize=350%2C200 1x, https:\/\/i0.wp.com\/gersonguelmann.com.br\/blog\/wp-content\/uploads\/2018\/04\/unnamed.jpg?fit=675%2C1200&ssl=1&resize=525%2C300 1.5x"},"classes":[]},{"id":26458,"url":"https:\/\/gersonguelmann.com.br\/blog\/sexta-do-humor-e-da-cultura-judaica-10\/","url_meta":{"origin":8088,"position":5},"title":"Sexta do Humor e da Cultura Judaica &#8211; A Discuss\u00e3o na Escola Rab\u00ednica","author":"Gerson Guelmann","date":"28 de novembro de 2025","format":false,"excerpt":"A Discuss\u00e3o na Escola Rab\u00ednica Os alunos que estavam estudando e discutindo a Torah\u00b9 na maior yeshiv\u00e1 \u2014 a escola rab\u00ednica \u2014 de Israel se assustaram quando o burburinho foi interrompido pelo Grande Rabino, que bateu a m\u00e3o na mesa e disse: - Meus queridos, eu proponho uma quest\u00e3o. Em\u2026","rel":"","context":"Em &quot;Sem categoria&quot;","block_context":{"text":"Sem categoria","link":"https:\/\/gersonguelmann.com.br\/blog\/category\/sem-categoria\/"},"img":{"alt_text":"","src":"https:\/\/i0.wp.com\/gersonguelmann.com.br\/blog\/wp-content\/uploads\/2025\/11\/HojePR-13.jpg?fit=1024%2C687&ssl=1&resize=350%2C200","width":350,"height":200,"srcset":"https:\/\/i0.wp.com\/gersonguelmann.com.br\/blog\/wp-content\/uploads\/2025\/11\/HojePR-13.jpg?fit=1024%2C687&ssl=1&resize=350%2C200 1x, https:\/\/i0.wp.com\/gersonguelmann.com.br\/blog\/wp-content\/uploads\/2025\/11\/HojePR-13.jpg?fit=1024%2C687&ssl=1&resize=525%2C300 1.5x, https:\/\/i0.wp.com\/gersonguelmann.com.br\/blog\/wp-content\/uploads\/2025\/11\/HojePR-13.jpg?fit=1024%2C687&ssl=1&resize=700%2C400 2x"},"classes":[]}],"jetpack_sharing_enabled":true,"post_mailing_queue_ids":[],"_links":{"self":[{"href":"https:\/\/gersonguelmann.com.br\/blog\/wp-json\/wp\/v2\/posts\/8088","targetHints":{"allow":["GET"]}}],"collection":[{"href":"https:\/\/gersonguelmann.com.br\/blog\/wp-json\/wp\/v2\/posts"}],"about":[{"href":"https:\/\/gersonguelmann.com.br\/blog\/wp-json\/wp\/v2\/types\/post"}],"author":[{"embeddable":true,"href":"https:\/\/gersonguelmann.com.br\/blog\/wp-json\/wp\/v2\/users\/5"}],"replies":[{"embeddable":true,"href":"https:\/\/gersonguelmann.com.br\/blog\/wp-json\/wp\/v2\/comments?post=8088"}],"version-history":[{"count":0,"href":"https:\/\/gersonguelmann.com.br\/blog\/wp-json\/wp\/v2\/posts\/8088\/revisions"}],"wp:featuredmedia":[{"embeddable":true,"href":"https:\/\/gersonguelmann.com.br\/blog\/wp-json\/wp\/v2\/media\/8089"}],"wp:attachment":[{"href":"https:\/\/gersonguelmann.com.br\/blog\/wp-json\/wp\/v2\/media?parent=8088"}],"wp:term":[{"taxonomy":"category","embeddable":true,"href":"https:\/\/gersonguelmann.com.br\/blog\/wp-json\/wp\/v2\/categories?post=8088"},{"taxonomy":"post_tag","embeddable":true,"href":"https:\/\/gersonguelmann.com.br\/blog\/wp-json\/wp\/v2\/tags?post=8088"}],"curies":[{"name":"wp","href":"https:\/\/api.w.org\/{rel}","templated":true}]}}