    {"id":8091,"date":"2018-02-03T18:00:39","date_gmt":"2018-02-03T20:00:39","guid":{"rendered":"https:\/\/gersonguelmann.com.br\/blog\/?p=8091"},"modified":"2018-02-03T18:10:57","modified_gmt":"2018-02-03T20:10:57","slug":"israel-leva-luz-do-sol-agua-energia-para-africa","status":"publish","type":"post","link":"https:\/\/gersonguelmann.com.br\/blog\/israel-leva-luz-do-sol-agua-energia-para-africa\/","title":{"rendered":"Israel Leva Luz do Sol, \u00c1gua e Energia Para a \u00c1frica"},"content":{"rendered":"<p dir=\"ltr\" style=\"text-align: center;\" data-placeholder=\"Tradu\u00e7\u00e3o\"><img data-recalc-dims=\"1\" decoding=\"async\" data-attachment-id=\"8092\" data-permalink=\"https:\/\/gersonguelmann.com.br\/blog\/israel-leva-luz-do-sol-agua-energia-para-africa\/ia-2\/\" data-orig-file=\"https:\/\/i0.wp.com\/gersonguelmann.com.br\/blog\/wp-content\/uploads\/2018\/02\/IA.png?fit=372%2C136&amp;ssl=1\" data-orig-size=\"372,136\" data-comments-opened=\"1\" data-image-meta=\"{&quot;aperture&quot;:&quot;0&quot;,&quot;credit&quot;:&quot;&quot;,&quot;camera&quot;:&quot;&quot;,&quot;caption&quot;:&quot;&quot;,&quot;created_timestamp&quot;:&quot;0&quot;,&quot;copyright&quot;:&quot;&quot;,&quot;focal_length&quot;:&quot;0&quot;,&quot;iso&quot;:&quot;0&quot;,&quot;shutter_speed&quot;:&quot;0&quot;,&quot;title&quot;:&quot;&quot;,&quot;orientation&quot;:&quot;0&quot;}\" data-image-title=\"IA\" data-image-description=\"\" data-image-caption=\"\" data-medium-file=\"https:\/\/i0.wp.com\/gersonguelmann.com.br\/blog\/wp-content\/uploads\/2018\/02\/IA.png?fit=300%2C110&amp;ssl=1\" data-large-file=\"https:\/\/i0.wp.com\/gersonguelmann.com.br\/blog\/wp-content\/uploads\/2018\/02\/IA.png?fit=372%2C136&amp;ssl=1\" class=\"alignnone size-medium wp-image-8092\" src=\"https:\/\/i0.wp.com\/gersonguelmann.com.br\/blog\/wp-content\/uploads\/2018\/02\/IA.png?resize=300%2C110&#038;ssl=1\" alt=\"\" width=\"300\" height=\"110\" srcset=\"https:\/\/i0.wp.com\/gersonguelmann.com.br\/blog\/wp-content\/uploads\/2018\/02\/IA.png?resize=300%2C110&amp;ssl=1 300w, https:\/\/i0.wp.com\/gersonguelmann.com.br\/blog\/wp-content\/uploads\/2018\/02\/IA.png?w=372&amp;ssl=1 372w\" sizes=\"(max-width: 300px) 100vw, 300px\" \/><\/p>\n<p id=\"tw-target-text\" class=\"tw-data-text tw-ta tw-text-small\" dir=\"ltr\" data-placeholder=\"Tradu\u00e7\u00e3o\"><span lang=\"pt\" style=\"font-family: verdana, geneva, sans-serif; font-size: 14pt; color: #000000;\">A \u00e1gua que falta para muitos pa\u00edses da \u00c1frica est\u00e1 l\u00e1: ela n\u00e3o \u00e9 bombeada das profundezas por falta de eletricidade.<\/span><\/p>\n<p class=\"tw-data-text tw-ta tw-text-small\" dir=\"ltr\" data-placeholder=\"Tradu\u00e7\u00e3o\"><span lang=\"pt\" style=\"font-family: verdana, geneva, sans-serif; font-size: 14pt; color: #000000;\"> A falta de energia tamb\u00e9m impossibilita que onde existe \u00e1gua ela chegue at\u00e9 as planta\u00e7\u00f5es que ajudariam a matar a fome das popula\u00e7\u00f5es. <\/span><\/p>\n<p class=\"tw-data-text tw-ta tw-text-small\" dir=\"ltr\" data-placeholder=\"Tradu\u00e7\u00e3o\"><span lang=\"pt\" style=\"font-family: verdana, geneva, sans-serif; font-size: 14pt; color: #000000;\">Pelas mesmas raz\u00f5es as escolas n\u00e3o podem funcionar a noite, impedindo que a educa\u00e7\u00e3o fa\u00e7a a verdadeira transforma\u00e7\u00e3o que os pa\u00edses necessitam.<\/span><\/p>\n<p class=\"tw-data-text tw-ta tw-text-small\" dir=\"ltr\" data-placeholder=\"Tradu\u00e7\u00e3o\"><span lang=\"pt\" style=\"font-family: verdana, geneva, sans-serif; font-size: 14pt; color: #000000;\">A ONG Innovation: Africa criada por israelenses atua fortemente para levar solu\u00e7\u00f5es e conhecimento para as popula\u00e7\u00f5es que vivem em aldeias rurais africanas. <\/span><\/p>\n<p class=\"tw-data-text tw-ta tw-text-small\" dir=\"ltr\" data-placeholder=\"Tradu\u00e7\u00e3o\"><span lang=\"pt\" style=\"font-family: verdana, geneva, sans-serif; font-size: 14pt; color: #000000;\">As comunidades de oito pa\u00edses africanos onde a ONG atua passaram a dispor de energia solar para bombear \u00e1gua limpa e energia el\u00e9trica para escolas, orfanatos e cl\u00ednicas m\u00e9dicas, com luz e refrigera\u00e7\u00e3o para armazenar vacinas e medicamentos.<\/span><\/p>\n<p dir=\"ltr\" data-placeholder=\"Tradu\u00e7\u00e3o\"><span style=\"font-family: verdana, geneva, sans-serif; font-size: 14pt; color: #000000;\">Para conhecer e ajudar a Innovation: Africa, <span style=\"color: #000080;\"><em><strong><a style=\"color: #000080;\" href=\"https:\/\/www.innoafrica.org\/index.html\">clique aqui<\/a><\/strong><\/em><\/span>.<\/span><\/p>\n<p><span class=\"embed-youtube\" style=\"text-align:center; display: block;\"><iframe class=\"youtube-player\" width=\"640\" height=\"360\" src=\"https:\/\/www.youtube.com\/embed\/hAYSyAy00AQ?version=3&#038;rel=1&#038;showsearch=0&#038;showinfo=1&#038;iv_load_policy=1&#038;fs=1&#038;hl=pt-BR&#038;autohide=2&#038;wmode=transparent\" allowfullscreen=\"true\" style=\"border:0;\" sandbox=\"allow-scripts allow-same-origin allow-popups allow-presentation allow-popups-to-escape-sandbox\"><\/iframe><\/span><\/p>\n<p dir=\"ltr\" data-placeholder=\"Tradu\u00e7\u00e3o\">\n","protected":false},"excerpt":{"rendered":"<p>A \u00e1gua que falta para muitos pa\u00edses da \u00c1frica est\u00e1 l\u00e1: ela n\u00e3o \u00e9 bombeada das profundezas por falta de eletricidade. A falta de energia tamb\u00e9m impossibilita que onde existe \u00e1gua ela chegue at\u00e9 as planta\u00e7\u00f5es que ajudariam a matar a fome das popula\u00e7\u00f5es. Pelas mesmas raz\u00f5es as escolas n\u00e3o podem funcionar a noite, impedindo [&hellip;]<\/p>\n","protected":false},"author":5,"featured_media":8092,"comment_status":"open","ping_status":"open","sticky":false,"template":"","format":"standard","meta":{"_acf_changed":false,"jetpack_post_was_ever_published":false,"_jetpack_newsletter_access":"","_jetpack_dont_email_post_to_subs":false,"_jetpack_newsletter_tier_id":0,"_jetpack_memberships_contains_paywalled_content":false,"_jetpack_memberships_contains_paid_content":false,"footnotes":"","jetpack_publicize_message":"","jetpack_publicize_feature_enabled":true,"jetpack_social_post_already_shared":true,"jetpack_social_options":{"image_generator_settings":{"template":"highway","default_image_id":0,"font":"","enabled":false},"version":2}},"categories":[1],"tags":[],"class_list":["post-8091","post","type-post","status-publish","format-standard","has-post-thumbnail","hentry","category-sem-categoria"],"acf":[],"yoast_head":"<!-- This site is optimized with the Yoast SEO plugin v27.3 - https:\/\/yoast.com\/product\/yoast-seo-wordpress\/ -->\n<title>Israel Leva Luz do Sol, \u00c1gua e Energia Para a \u00c1frica | Blog do Guelmann<\/title>\n<meta name=\"robots\" content=\"index, follow, max-snippet:-1, max-image-preview:large, max-video-preview:-1\" \/>\n<link rel=\"canonical\" href=\"https:\/\/gersonguelmann.com.br\/blog\/israel-leva-luz-do-sol-agua-energia-para-africa\/\" \/>\n<meta property=\"og:locale\" content=\"pt_BR\" \/>\n<meta property=\"og:type\" content=\"article\" \/>\n<meta property=\"og:title\" content=\"Israel Leva Luz do Sol, \u00c1gua e Energia Para a \u00c1frica | Blog do Guelmann\" \/>\n<meta property=\"og:description\" content=\"A \u00e1gua que falta para muitos pa\u00edses da \u00c1frica est\u00e1 l\u00e1: ela n\u00e3o \u00e9 bombeada das profundezas por falta de eletricidade. A falta de energia tamb\u00e9m impossibilita que onde existe \u00e1gua ela chegue at\u00e9 as planta\u00e7\u00f5es que ajudariam a matar a fome das popula\u00e7\u00f5es. Pelas mesmas raz\u00f5es as escolas n\u00e3o podem funcionar a noite, impedindo [&hellip;]\" \/>\n<meta property=\"og:url\" content=\"https:\/\/gersonguelmann.com.br\/blog\/israel-leva-luz-do-sol-agua-energia-para-africa\/\" \/>\n<meta property=\"og:site_name\" content=\"Blog do Guelmann\" \/>\n<meta property=\"article:published_time\" content=\"2018-02-03T20:00:39+00:00\" \/>\n<meta property=\"article:modified_time\" content=\"2018-02-03T20:10:57+00:00\" \/>\n<meta property=\"og:image\" content=\"https:\/\/i0.wp.com\/gersonguelmann.com.br\/blog\/wp-content\/uploads\/2018\/02\/IA.png?fit=372%2C136&ssl=1\" \/>\n\t<meta property=\"og:image:width\" content=\"372\" \/>\n\t<meta property=\"og:image:height\" content=\"136\" \/>\n\t<meta property=\"og:image:type\" content=\"image\/png\" \/>\n<meta name=\"author\" content=\"Gerson Guelmann\" \/>\n<meta name=\"twitter:card\" content=\"summary_large_image\" \/>\n<meta name=\"twitter:label1\" content=\"Escrito por\" \/>\n\t<meta name=\"twitter:data1\" content=\"Gerson Guelmann\" \/>\n\t<meta name=\"twitter:label2\" content=\"Est. tempo de leitura\" \/>\n\t<meta name=\"twitter:data2\" content=\"1 minuto\" \/>\n<script type=\"application\/ld+json\" class=\"yoast-schema-graph\">{\"@context\":\"https:\\\/\\\/schema.org\",\"@graph\":[{\"@type\":\"Article\",\"@id\":\"https:\\\/\\\/gersonguelmann.com.br\\\/blog\\\/israel-leva-luz-do-sol-agua-energia-para-africa\\\/#article\",\"isPartOf\":{\"@id\":\"https:\\\/\\\/gersonguelmann.com.br\\\/blog\\\/israel-leva-luz-do-sol-agua-energia-para-africa\\\/\"},\"author\":{\"name\":\"Gerson Guelmann\",\"@id\":\"https:\\\/\\\/gersonguelmann.com.br\\\/blog\\\/#\\\/schema\\\/person\\\/87e70e2a786888082f941a482c90569e\"},\"headline\":\"Israel Leva Luz do Sol, \u00c1gua e Energia Para a \u00c1frica\",\"datePublished\":\"2018-02-03T20:00:39+00:00\",\"dateModified\":\"2018-02-03T20:10:57+00:00\",\"mainEntityOfPage\":{\"@id\":\"https:\\\/\\\/gersonguelmann.com.br\\\/blog\\\/israel-leva-luz-do-sol-agua-energia-para-africa\\\/\"},\"wordCount\":169,\"commentCount\":1,\"image\":{\"@id\":\"https:\\\/\\\/gersonguelmann.com.br\\\/blog\\\/israel-leva-luz-do-sol-agua-energia-para-africa\\\/#primaryimage\"},\"thumbnailUrl\":\"https:\\\/\\\/i0.wp.com\\\/gersonguelmann.com.br\\\/blog\\\/wp-content\\\/uploads\\\/2018\\\/02\\\/IA.png?fit=372%2C136&ssl=1\",\"inLanguage\":\"pt-BR\",\"potentialAction\":[{\"@type\":\"CommentAction\",\"name\":\"Comment\",\"target\":[\"https:\\\/\\\/gersonguelmann.com.br\\\/blog\\\/israel-leva-luz-do-sol-agua-energia-para-africa\\\/#respond\"]}]},{\"@type\":\"WebPage\",\"@id\":\"https:\\\/\\\/gersonguelmann.com.br\\\/blog\\\/israel-leva-luz-do-sol-agua-energia-para-africa\\\/\",\"url\":\"https:\\\/\\\/gersonguelmann.com.br\\\/blog\\\/israel-leva-luz-do-sol-agua-energia-para-africa\\\/\",\"name\":\"Israel Leva Luz do Sol, \u00c1gua e Energia Para a \u00c1frica | Blog do Guelmann\",\"isPartOf\":{\"@id\":\"https:\\\/\\\/gersonguelmann.com.br\\\/blog\\\/#website\"},\"primaryImageOfPage\":{\"@id\":\"https:\\\/\\\/gersonguelmann.com.br\\\/blog\\\/israel-leva-luz-do-sol-agua-energia-para-africa\\\/#primaryimage\"},\"image\":{\"@id\":\"https:\\\/\\\/gersonguelmann.com.br\\\/blog\\\/israel-leva-luz-do-sol-agua-energia-para-africa\\\/#primaryimage\"},\"thumbnailUrl\":\"https:\\\/\\\/i0.wp.com\\\/gersonguelmann.com.br\\\/blog\\\/wp-content\\\/uploads\\\/2018\\\/02\\\/IA.png?fit=372%2C136&ssl=1\",\"datePublished\":\"2018-02-03T20:00:39+00:00\",\"dateModified\":\"2018-02-03T20:10:57+00:00\",\"author\":{\"@id\":\"https:\\\/\\\/gersonguelmann.com.br\\\/blog\\\/#\\\/schema\\\/person\\\/87e70e2a786888082f941a482c90569e\"},\"inLanguage\":\"pt-BR\",\"potentialAction\":[{\"@type\":\"ReadAction\",\"target\":[\"https:\\\/\\\/gersonguelmann.com.br\\\/blog\\\/israel-leva-luz-do-sol-agua-energia-para-africa\\\/\"]}]},{\"@type\":\"ImageObject\",\"inLanguage\":\"pt-BR\",\"@id\":\"https:\\\/\\\/gersonguelmann.com.br\\\/blog\\\/israel-leva-luz-do-sol-agua-energia-para-africa\\\/#primaryimage\",\"url\":\"https:\\\/\\\/i0.wp.com\\\/gersonguelmann.com.br\\\/blog\\\/wp-content\\\/uploads\\\/2018\\\/02\\\/IA.png?fit=372%2C136&ssl=1\",\"contentUrl\":\"https:\\\/\\\/i0.wp.com\\\/gersonguelmann.com.br\\\/blog\\\/wp-content\\\/uploads\\\/2018\\\/02\\\/IA.png?fit=372%2C136&ssl=1\",\"width\":372,\"height\":136},{\"@type\":\"WebSite\",\"@id\":\"https:\\\/\\\/gersonguelmann.com.br\\\/blog\\\/#website\",\"url\":\"https:\\\/\\\/gersonguelmann.com.br\\\/blog\\\/\",\"name\":\"Blog do Guelmann\",\"description\":\"Pitadas da sabedoria e do humor judaicos, assuntos do momento e um pouco das hist\u00f3rias que vivi e testemunhei.\",\"potentialAction\":[{\"@type\":\"SearchAction\",\"target\":{\"@type\":\"EntryPoint\",\"urlTemplate\":\"https:\\\/\\\/gersonguelmann.com.br\\\/blog\\\/?s={search_term_string}\"},\"query-input\":{\"@type\":\"PropertyValueSpecification\",\"valueRequired\":true,\"valueName\":\"search_term_string\"}}],\"inLanguage\":\"pt-BR\"},{\"@type\":\"Person\",\"@id\":\"https:\\\/\\\/gersonguelmann.com.br\\\/blog\\\/#\\\/schema\\\/person\\\/87e70e2a786888082f941a482c90569e\",\"name\":\"Gerson Guelmann\",\"image\":{\"@type\":\"ImageObject\",\"inLanguage\":\"pt-BR\",\"@id\":\"https:\\\/\\\/i0.wp.com\\\/gersonguelmann.com.br\\\/blog\\\/wp-content\\\/uploads\\\/2021\\\/08\\\/BLOG.jpeg?fit=96%2C96&ssl=1\",\"url\":\"https:\\\/\\\/i0.wp.com\\\/gersonguelmann.com.br\\\/blog\\\/wp-content\\\/uploads\\\/2021\\\/08\\\/BLOG.jpeg?fit=96%2C96&ssl=1\",\"contentUrl\":\"https:\\\/\\\/i0.wp.com\\\/gersonguelmann.com.br\\\/blog\\\/wp-content\\\/uploads\\\/2021\\\/08\\\/BLOG.jpeg?fit=96%2C96&ssl=1\",\"caption\":\"Gerson Guelmann\"},\"description\":\"Pitadas da sabedoria e do humor judaicos, assuntos do momento e um pouco das hist\u00f3rias que vivi e testemunhei.\"}]}<\/script>\n<!-- \/ Yoast SEO plugin. -->","yoast_head_json":{"title":"Israel Leva Luz do Sol, \u00c1gua e Energia Para a \u00c1frica | Blog do Guelmann","robots":{"index":"index","follow":"follow","max-snippet":"max-snippet:-1","max-image-preview":"max-image-preview:large","max-video-preview":"max-video-preview:-1"},"canonical":"https:\/\/gersonguelmann.com.br\/blog\/israel-leva-luz-do-sol-agua-energia-para-africa\/","og_locale":"pt_BR","og_type":"article","og_title":"Israel Leva Luz do Sol, \u00c1gua e Energia Para a \u00c1frica | Blog do Guelmann","og_description":"A \u00e1gua que falta para muitos pa\u00edses da \u00c1frica est\u00e1 l\u00e1: ela n\u00e3o \u00e9 bombeada das profundezas por falta de eletricidade. A falta de energia tamb\u00e9m impossibilita que onde existe \u00e1gua ela chegue at\u00e9 as planta\u00e7\u00f5es que ajudariam a matar a fome das popula\u00e7\u00f5es. Pelas mesmas raz\u00f5es as escolas n\u00e3o podem funcionar a noite, impedindo [&hellip;]","og_url":"https:\/\/gersonguelmann.com.br\/blog\/israel-leva-luz-do-sol-agua-energia-para-africa\/","og_site_name":"Blog do Guelmann","article_published_time":"2018-02-03T20:00:39+00:00","article_modified_time":"2018-02-03T20:10:57+00:00","og_image":[{"width":372,"height":136,"url":"https:\/\/i0.wp.com\/gersonguelmann.com.br\/blog\/wp-content\/uploads\/2018\/02\/IA.png?fit=372%2C136&ssl=1","type":"image\/png"}],"author":"Gerson Guelmann","twitter_card":"summary_large_image","twitter_misc":{"Escrito por":"Gerson Guelmann","Est. tempo de leitura":"1 minuto"},"schema":{"@context":"https:\/\/schema.org","@graph":[{"@type":"Article","@id":"https:\/\/gersonguelmann.com.br\/blog\/israel-leva-luz-do-sol-agua-energia-para-africa\/#article","isPartOf":{"@id":"https:\/\/gersonguelmann.com.br\/blog\/israel-leva-luz-do-sol-agua-energia-para-africa\/"},"author":{"name":"Gerson Guelmann","@id":"https:\/\/gersonguelmann.com.br\/blog\/#\/schema\/person\/87e70e2a786888082f941a482c90569e"},"headline":"Israel Leva Luz do Sol, \u00c1gua e Energia Para a \u00c1frica","datePublished":"2018-02-03T20:00:39+00:00","dateModified":"2018-02-03T20:10:57+00:00","mainEntityOfPage":{"@id":"https:\/\/gersonguelmann.com.br\/blog\/israel-leva-luz-do-sol-agua-energia-para-africa\/"},"wordCount":169,"commentCount":1,"image":{"@id":"https:\/\/gersonguelmann.com.br\/blog\/israel-leva-luz-do-sol-agua-energia-para-africa\/#primaryimage"},"thumbnailUrl":"https:\/\/i0.wp.com\/gersonguelmann.com.br\/blog\/wp-content\/uploads\/2018\/02\/IA.png?fit=372%2C136&ssl=1","inLanguage":"pt-BR","potentialAction":[{"@type":"CommentAction","name":"Comment","target":["https:\/\/gersonguelmann.com.br\/blog\/israel-leva-luz-do-sol-agua-energia-para-africa\/#respond"]}]},{"@type":"WebPage","@id":"https:\/\/gersonguelmann.com.br\/blog\/israel-leva-luz-do-sol-agua-energia-para-africa\/","url":"https:\/\/gersonguelmann.com.br\/blog\/israel-leva-luz-do-sol-agua-energia-para-africa\/","name":"Israel Leva Luz do Sol, \u00c1gua e Energia Para a \u00c1frica | Blog do Guelmann","isPartOf":{"@id":"https:\/\/gersonguelmann.com.br\/blog\/#website"},"primaryImageOfPage":{"@id":"https:\/\/gersonguelmann.com.br\/blog\/israel-leva-luz-do-sol-agua-energia-para-africa\/#primaryimage"},"image":{"@id":"https:\/\/gersonguelmann.com.br\/blog\/israel-leva-luz-do-sol-agua-energia-para-africa\/#primaryimage"},"thumbnailUrl":"https:\/\/i0.wp.com\/gersonguelmann.com.br\/blog\/wp-content\/uploads\/2018\/02\/IA.png?fit=372%2C136&ssl=1","datePublished":"2018-02-03T20:00:39+00:00","dateModified":"2018-02-03T20:10:57+00:00","author":{"@id":"https:\/\/gersonguelmann.com.br\/blog\/#\/schema\/person\/87e70e2a786888082f941a482c90569e"},"inLanguage":"pt-BR","potentialAction":[{"@type":"ReadAction","target":["https:\/\/gersonguelmann.com.br\/blog\/israel-leva-luz-do-sol-agua-energia-para-africa\/"]}]},{"@type":"ImageObject","inLanguage":"pt-BR","@id":"https:\/\/gersonguelmann.com.br\/blog\/israel-leva-luz-do-sol-agua-energia-para-africa\/#primaryimage","url":"https:\/\/i0.wp.com\/gersonguelmann.com.br\/blog\/wp-content\/uploads\/2018\/02\/IA.png?fit=372%2C136&ssl=1","contentUrl":"https:\/\/i0.wp.com\/gersonguelmann.com.br\/blog\/wp-content\/uploads\/2018\/02\/IA.png?fit=372%2C136&ssl=1","width":372,"height":136},{"@type":"WebSite","@id":"https:\/\/gersonguelmann.com.br\/blog\/#website","url":"https:\/\/gersonguelmann.com.br\/blog\/","name":"Blog do Guelmann","description":"Pitadas da sabedoria e do humor judaicos, assuntos do momento e um pouco das hist\u00f3rias que vivi e testemunhei.","potentialAction":[{"@type":"SearchAction","target":{"@type":"EntryPoint","urlTemplate":"https:\/\/gersonguelmann.com.br\/blog\/?s={search_term_string}"},"query-input":{"@type":"PropertyValueSpecification","valueRequired":true,"valueName":"search_term_string"}}],"inLanguage":"pt-BR"},{"@type":"Person","@id":"https:\/\/gersonguelmann.com.br\/blog\/#\/schema\/person\/87e70e2a786888082f941a482c90569e","name":"Gerson Guelmann","image":{"@type":"ImageObject","inLanguage":"pt-BR","@id":"https:\/\/i0.wp.com\/gersonguelmann.com.br\/blog\/wp-content\/uploads\/2021\/08\/BLOG.jpeg?fit=96%2C96&ssl=1","url":"https:\/\/i0.wp.com\/gersonguelmann.com.br\/blog\/wp-content\/uploads\/2021\/08\/BLOG.jpeg?fit=96%2C96&ssl=1","contentUrl":"https:\/\/i0.wp.com\/gersonguelmann.com.br\/blog\/wp-content\/uploads\/2021\/08\/BLOG.jpeg?fit=96%2C96&ssl=1","caption":"Gerson Guelmann"},"description":"Pitadas da sabedoria e do humor judaicos, assuntos do momento e um pouco das hist\u00f3rias que vivi e testemunhei."}]}},"views":37,"jetpack_publicize_connections":[],"jetpack_featured_media_url":"https:\/\/i0.wp.com\/gersonguelmann.com.br\/blog\/wp-content\/uploads\/2018\/02\/IA.png?fit=372%2C136&ssl=1","jetpack_shortlink":"https:\/\/wp.me\/p96e7O-26v","jetpack-related-posts":[{"id":15276,"url":"https:\/\/gersonguelmann.com.br\/blog\/no-nordeste-do-brasil-seca-fome-pobreza-em-israel-metade-da-producao-agricola-e-de-agua-de-reuso\/","url_meta":{"origin":8091,"position":0},"title":"No Nordeste do Brasil, Sede, Fome e Pobreza. Em Israel, Metade da Produ\u00e7\u00e3o Agr\u00edcola \u00e9 de \u00c1gua de Reuso.","author":"Gerson Guelmann","date":"24 de novembro de 2018","format":false,"excerpt":"Acabo de ouvir no notici\u00e1rio que em Alagoas a crise da falta de \u00e1gua no sert\u00e3o est\u00e1 for\u00e7ando o governo a retomar a opera\u00e7\u00e3o dos caminh\u00f5es-pipa para abastecer os munic\u00edpios que est\u00e3o com decreto de emerg\u00eancia. A situa\u00e7\u00e3o que se repete desde sempre \u00e9 uma das mais cru\u00e9is e vergonhosas\u2026","rel":"","context":"Em &quot;Sem categoria&quot;","block_context":{"text":"Sem categoria","link":"https:\/\/gersonguelmann.com.br\/blog\/category\/sem-categoria\/"},"img":{"alt_text":"","src":"https:\/\/i0.wp.com\/gersonguelmann.com.br\/blog\/wp-content\/uploads\/2018\/11\/IMG_5783-1.jpg?fit=1200%2C674&ssl=1&resize=350%2C200","width":350,"height":200,"srcset":"https:\/\/i0.wp.com\/gersonguelmann.com.br\/blog\/wp-content\/uploads\/2018\/11\/IMG_5783-1.jpg?fit=1200%2C674&ssl=1&resize=350%2C200 1x, https:\/\/i0.wp.com\/gersonguelmann.com.br\/blog\/wp-content\/uploads\/2018\/11\/IMG_5783-1.jpg?fit=1200%2C674&ssl=1&resize=525%2C300 1.5x, https:\/\/i0.wp.com\/gersonguelmann.com.br\/blog\/wp-content\/uploads\/2018\/11\/IMG_5783-1.jpg?fit=1200%2C674&ssl=1&resize=700%2C400 2x, https:\/\/i0.wp.com\/gersonguelmann.com.br\/blog\/wp-content\/uploads\/2018\/11\/IMG_5783-1.jpg?fit=1200%2C674&ssl=1&resize=1050%2C600 3x"},"classes":[]},{"id":11005,"url":"https:\/\/gersonguelmann.com.br\/blog\/na-bahia-deputado-diz-que-assembleia-uma-bosta-na-agua\/","url_meta":{"origin":8091,"position":1},"title":"Na Bahia, Deputado Diz Que Assembl\u00e9ia \u00e9 &#8220;Uma Bosta na \u00c1gua&#8221;","author":"Gerson Guelmann","date":"28 de mar\u00e7o de 2018","format":false,"excerpt":"Recebi e compartilho, pelo inusitado...\u00a0 O Deputado Estadual Targino Machado ocupou a tribuna da Assembl\u00e9ia Legislativa, da Bahia para criticar a falta de produtividade do legislativo. Em tom de ironia mas sem deixar de dar o recado, ele comentou sobre deputados que s\u00e3o faltosos contumazes, perguntando se estariam em mot\u00e9is.\u2026","rel":"","context":"Em &quot;Sem categoria&quot;","block_context":{"text":"Sem categoria","link":"https:\/\/gersonguelmann.com.br\/blog\/category\/sem-categoria\/"},"img":{"alt_text":"","src":"https:\/\/i0.wp.com\/gersonguelmann.com.br\/blog\/wp-content\/uploads\/2018\/03\/Rede.jpg?resize=350%2C200&ssl=1","width":350,"height":200},"classes":[]},{"id":8466,"url":"https:\/\/gersonguelmann.com.br\/blog\/quando-nao-da-para-abrir-garrafa-dagua-voce-desiste\/","url_meta":{"origin":8091,"position":2},"title":"Quando N\u00e3o D\u00e1 Para Abrir a Garrafa d&#8217;\u00c1gua, Voc\u00ea Desiste?","author":"Gerson Guelmann","date":"12 de fevereiro de 2018","format":false,"excerpt":"N\u00e3o \u00e9 incomum a gente pegar uma garrafa de \u00e1gua e ter dificuldade para abrir, n\u00e3o? Pensando nisso a\u00a0Water Project, uma ONG voltada \u00e0 execu\u00e7\u00e3o de projetos para solucionar a falta de \u00e1gua em comunidades da \u00c1frica subsaariana, fez uma a\u00e7\u00e3o extremamente criativa antes da exibi\u00e7\u00e3o de um filme em\u2026","rel":"","context":"Em &quot;Sem categoria&quot;","block_context":{"text":"Sem categoria","link":"https:\/\/gersonguelmann.com.br\/blog\/category\/sem-categoria\/"},"img":{"alt_text":"","src":"https:\/\/i0.wp.com\/gersonguelmann.com.br\/blog\/wp-content\/uploads\/2018\/02\/%C3%81gua.jpeg?fit=940%2C627&ssl=1&resize=350%2C200","width":350,"height":200,"srcset":"https:\/\/i0.wp.com\/gersonguelmann.com.br\/blog\/wp-content\/uploads\/2018\/02\/%C3%81gua.jpeg?fit=940%2C627&ssl=1&resize=350%2C200 1x, https:\/\/i0.wp.com\/gersonguelmann.com.br\/blog\/wp-content\/uploads\/2018\/02\/%C3%81gua.jpeg?fit=940%2C627&ssl=1&resize=525%2C300 1.5x, https:\/\/i0.wp.com\/gersonguelmann.com.br\/blog\/wp-content\/uploads\/2018\/02\/%C3%81gua.jpeg?fit=940%2C627&ssl=1&resize=700%2C400 2x"},"classes":[]},{"id":22554,"url":"https:\/\/gersonguelmann.com.br\/blog\/pilulas-de-humor-judaico-40\/","url_meta":{"origin":8091,"position":3},"title":"P\u00edlulas de Humor Judaico (40)","author":"Gerson Guelmann","date":"11 de dezembro de 2021","format":false,"excerpt":"O Terrorista e o Comerciante Judeu Um terrorista do Taleb\u00e3 em fuga, desesperado por \u00e1gua, caminhava com muita dificuldade pelo deserto afeg\u00e3o quando avistou algo ao longe. Na esperan\u00e7a de encontrar \u00e1gua, arrastou-se em dire\u00e7\u00e3o \u00e0 miragem e encontrou um velhinho judeu em uma esp\u00e9cie de barraca improvisada... Vendendo gravatas.\u2026","rel":"","context":"Em &quot;Sem categoria&quot;","block_context":{"text":"Sem categoria","link":"https:\/\/gersonguelmann.com.br\/blog\/category\/sem-categoria\/"},"img":{"alt_text":"","src":"https:\/\/i0.wp.com\/gersonguelmann.com.br\/blog\/wp-content\/uploads\/2021\/12\/BENGALA.jpeg?fit=798%2C1200&ssl=1&resize=350%2C200","width":350,"height":200,"srcset":"https:\/\/i0.wp.com\/gersonguelmann.com.br\/blog\/wp-content\/uploads\/2021\/12\/BENGALA.jpeg?fit=798%2C1200&ssl=1&resize=350%2C200 1x, https:\/\/i0.wp.com\/gersonguelmann.com.br\/blog\/wp-content\/uploads\/2021\/12\/BENGALA.jpeg?fit=798%2C1200&ssl=1&resize=525%2C300 1.5x, https:\/\/i0.wp.com\/gersonguelmann.com.br\/blog\/wp-content\/uploads\/2021\/12\/BENGALA.jpeg?fit=798%2C1200&ssl=1&resize=700%2C400 2x"},"classes":[]},{"id":26526,"url":"https:\/\/gersonguelmann.com.br\/blog\/sexta-do-humor-e-da-cultura-judaica-quando-falta-inteligencia-nenhuma-mare-e-boa\/","url_meta":{"origin":8091,"position":4},"title":"Sexta do Humor e da Cultura Judaica &#8211; Quando Falta Intelig\u00eancia, Nenhuma Mar\u00e9 \u00e9 Boa","author":"Gerson Guelmann","date":"9 de janeiro de 2026","format":false,"excerpt":"Quando Falta Intelig\u00eancia, Nenhuma Mar\u00e9 \u00e9 Boa Morris era um solteir\u00e3o meio desligado; em uma avalia\u00e7\u00e3o generosa, dava para dizer que o c\u00e9rebro dele tirava folga nos dias \u00fateis. Seu ganha-p\u00e3o e \u00fanica atividade resumia-se a passar dez horas por dia, seis dias por semana, em p\u00e9 em sua barraca\u2026","rel":"","context":"Em &quot;Sem categoria&quot;","block_context":{"text":"Sem categoria","link":"https:\/\/gersonguelmann.com.br\/blog\/category\/sem-categoria\/"},"img":{"alt_text":"","src":"https:\/\/i0.wp.com\/gersonguelmann.com.br\/blog\/wp-content\/uploads\/2026\/01\/HojePR-3.jpg?fit=596%2C400&ssl=1&resize=350%2C200","width":350,"height":200,"srcset":"https:\/\/i0.wp.com\/gersonguelmann.com.br\/blog\/wp-content\/uploads\/2026\/01\/HojePR-3.jpg?fit=596%2C400&ssl=1&resize=350%2C200 1x, https:\/\/i0.wp.com\/gersonguelmann.com.br\/blog\/wp-content\/uploads\/2026\/01\/HojePR-3.jpg?fit=596%2C400&ssl=1&resize=525%2C300 1.5x"},"classes":[]},{"id":16761,"url":"https:\/\/gersonguelmann.com.br\/blog\/esta-na-praia-reste-atencao-o-afogamento-nao-se-parece-com-afogamento\/","url_meta":{"origin":8091,"position":5},"title":"Est\u00e1 na Praia? Preste Aten\u00e7\u00e3o: o Afogamento N\u00e3o Se Parece Com Afogamento","author":"Gerson Guelmann","date":"16 de janeiro de 2023","format":false,"excerpt":"O t\u00edtulo impressiona e pode at\u00e9 chocar, mas o alerta \u00e9 extremamente importante, especialmente para quem frequenta as praias apenas na chamada \"temporada\". O autor do texto abaixo \u00e9 Mario Vittone, um Consultor de Riscos Mar\u00edtimos que se aposentou da Guarda Costeira dos EUA ap\u00f3s 22 anos de servi\u00e7os. Ele\u2026","rel":"","context":"Em &quot;Sem categoria&quot;","block_context":{"text":"Sem categoria","link":"https:\/\/gersonguelmann.com.br\/blog\/category\/sem-categoria\/"},"img":{"alt_text":"","src":"https:\/\/i0.wp.com\/gersonguelmann.com.br\/blog\/wp-content\/uploads\/2019\/05\/drowning-200x300.jpg?resize=350%2C200&ssl=1","width":350,"height":200},"classes":[]}],"jetpack_sharing_enabled":true,"post_mailing_queue_ids":[],"_links":{"self":[{"href":"https:\/\/gersonguelmann.com.br\/blog\/wp-json\/wp\/v2\/posts\/8091","targetHints":{"allow":["GET"]}}],"collection":[{"href":"https:\/\/gersonguelmann.com.br\/blog\/wp-json\/wp\/v2\/posts"}],"about":[{"href":"https:\/\/gersonguelmann.com.br\/blog\/wp-json\/wp\/v2\/types\/post"}],"author":[{"embeddable":true,"href":"https:\/\/gersonguelmann.com.br\/blog\/wp-json\/wp\/v2\/users\/5"}],"replies":[{"embeddable":true,"href":"https:\/\/gersonguelmann.com.br\/blog\/wp-json\/wp\/v2\/comments?post=8091"}],"version-history":[{"count":0,"href":"https:\/\/gersonguelmann.com.br\/blog\/wp-json\/wp\/v2\/posts\/8091\/revisions"}],"wp:featuredmedia":[{"embeddable":true,"href":"https:\/\/gersonguelmann.com.br\/blog\/wp-json\/wp\/v2\/media\/8092"}],"wp:attachment":[{"href":"https:\/\/gersonguelmann.com.br\/blog\/wp-json\/wp\/v2\/media?parent=8091"}],"wp:term":[{"taxonomy":"category","embeddable":true,"href":"https:\/\/gersonguelmann.com.br\/blog\/wp-json\/wp\/v2\/categories?post=8091"},{"taxonomy":"post_tag","embeddable":true,"href":"https:\/\/gersonguelmann.com.br\/blog\/wp-json\/wp\/v2\/tags?post=8091"}],"curies":[{"name":"wp","href":"https:\/\/api.w.org\/{rel}","templated":true}]}}